{"id":162575,"date":"2022-06-10T14:24:00","date_gmt":"2022-06-10T14:24:00","guid":{"rendered":"https:\/\/www.one.org\/fr\/leconomie-mondiale-na-pas-fait-cela-depuis-80-ans\/"},"modified":"2024-04-23T12:33:22","modified_gmt":"2024-04-23T12:33:22","slug":"ondes-de-choc-leconomie-mondiale-na-pas-fait-cela-depuis-80-ans","status":"publish","type":"post","link":"https:\/\/www.one.org\/fr\/actualites\/ondes-de-choc-leconomie-mondiale-na-pas-fait-cela-depuis-80-ans\/","title":{"rendered":"L&#8217;\u00e9conomie mondiale n&#8217;a pas fait cela depuis 80 ans"},"content":{"rendered":"<p><em>Cette semaine<\/em><em>, dans Ondes de Choc : des c&eacute;r&eacute;ales vol&eacute;es &agrave; destination de l&rsquo;Afrique, l&rsquo;impact de la pollution sur les infections de COVID-19, les signaux d&rsquo;alarme &eacute;conomiques, et plus encore.<\/em><\/p>\n<h2><strong>ACTUALIT&Eacute;S<\/strong><\/h2>\n<p><strong>A lire absolument : <\/strong>Saviez-vous que l&rsquo;&eacute;radication de la faim dans le monde pourrait co&ucirc;ter moiti&eacute; moins que ce que nous avons d&eacute;pens&eacute; en nourriture pour animaux l&rsquo;ann&eacute;e derni&egrave;re ? Pour comprendre les causes, effets et solutions &agrave; la crise alimentaire, <a href=\"https:\/\/www.one.org\/africa\/explore-food-security\/\">consultez<\/a> notre nouvelle analyse des donn&eacute;es.<\/p>\n<p><strong>5 &eacute;tapes pour en finir avec la pand&eacute;mie : <\/strong>Nous en avons eu marre d&rsquo;attendre que les dirigeants mondiaux proposent un plan pour mettre fin &agrave; la pand&eacute;mie. Nous avons donc r&eacute;dig&eacute; le n&ocirc;tre. <a href=\"https:\/\/www.one.org\/international\/policy\/this-way-out-a-five-point-plan-to-end-the-pandemic\/\">Lisez-le ici<\/a>.<\/p>\n<p><strong>La situation s&rsquo;aggrave : <\/strong>La Banque Mondiale a <a href=\"https:\/\/www.banquemondiale.org\/fr\/news\/press-release\/2022\/06\/07\/stagflation-risk-rises-amid-sharp-slowdown-in-growth-energy-markets\">baiss&eacute;<\/a> ses projections de croissance &eacute;conomique et a pr&eacute;venu que les choses pourraient encore empirer. La croissance de l&rsquo;&eacute;conomie mondiale est d&eacute;sormais pr&eacute;vue &agrave; 2,9 % cette ann&eacute;e &ndash; au lieu des 4,1 % initiaux -, contre 5,7 % en 2021. Il s&rsquo;agirait de la <a href=\"https:\/\/twitter.com\/David_McNair\/status\/1534617823221370881?s=20&amp;t=XGd5czphiUrU1HC1zrBB_w\">plus forte d&eacute;c&eacute;l&eacute;ration<\/a> d&rsquo;une reprise post-r&eacute;cession en 80 ans. La banque attribue ce ralentissement &agrave; la pand&eacute;mie et &agrave; la guerre en Ukraine. Les pays &agrave; revenu faible seront les plus durement touch&eacute;s, et leur croissance restera probablement inf&eacute;rieure de plus de 5 % aux projections ant&eacute;rieures &agrave; la pand&eacute;mie. L&rsquo;&eacute;conomie mondiale pourrait entrer dans &laquo; une p&eacute;riode prolong&eacute;e de faible croissance et d&rsquo;inflation &eacute;lev&eacute;e &raquo;, c&rsquo;est-&agrave;-dire de stagflation, pr&eacute;vient la banque.<\/p>\n<p><strong>L&rsquo;illusion de choix : <\/strong>Le gouvernement am&eacute;ricain a <a href=\"https:\/\/www.nytimes.com\/2022\/06\/05\/world\/africa\/ukraine-grain-russia-sales.html\">pr&eacute;venu<\/a> les pays africains que la Russie pourrait tenter de leur vendre du bl&eacute; ukrainien vol&eacute; d&rsquo;une valeur de 100 millions de dollars. Au moins trois navires russes transportant du bl&eacute; vol&eacute; ont &eacute;t&eacute; identifi&eacute;s et devraient se diriger vers des pays confront&eacute;s &agrave; de graves crises alimentaires. La majorit&eacute; des quelque 150 millions de personnes <a href=\"https:\/\/www.ipcinfo.org\/ipcinfo-website\/ipc-dashboard\/en\/\">qui ont un besoin urgent d&rsquo;aide alimentaire <\/a>se trouvent en Afrique. Entre-temps, les conditions climatiques extr&ecirc;mes, la guerre en Ukraine et la pand&eacute;mie de Covid-19 ont provoqu&eacute; une <a href=\"https:\/\/www.nationalgeographic.com\/environment\/article\/global-food-crisis-looms-as-fertilizer-supplies-dwindle?loggedin=true\">p&eacute;nurie mondiale<\/a> d&rsquo;engrais. C&rsquo;est dans ce contexte que le Pr&eacute;sident s&eacute;n&eacute;galais et pr&eacute;sident en exercice de l&rsquo;Union Africaine, Macky Sall, a rencontr&eacute; le Pr&eacute;sident russe Vladimir Poutine et a apparemment <a href=\"https:\/\/www.lemonde.fr\/afrique\/article\/2022\/06\/04\/vladimir-poutine-promet-de-faciliter-l-exportation-du-ble-ukrainien-vers-l-afrique_6128899_3212.html\">exag&eacute;r&eacute; le soutien<\/a> de l&rsquo;Afrique aux actions de la Russie en Ukraine. Cette rencontre a constitu&eacute; un nouvel avertissement aux gouvernements europ&eacute;ens et nord-am&eacute;ricains concernant leur faible soutien aux pays africains, en particulier apr&egrave;s l&rsquo;&eacute;go&iuml;sme dont a fait preuve l&rsquo;Occident dans sa qu&ecirc;te de vaccins et de profits pendant la pand&eacute;mie.<\/p>\n<p><strong>L&rsquo;air que nous respirons :<\/strong> Des niveaux de <a href=\"https:\/\/www.theguardian.com\/world\/2022\/jun\/04\/severe-covid-cases-more-likely-in-highly-polluted-areas\">pollution atmosph&eacute;rique<\/a> plus &eacute;lev&eacute;s pourraient jouer un r&ocirc;le dans la s&eacute;v&eacute;rit&eacute; des sympt&ocirc;mes du Covid-19. La probabilit&eacute; d&rsquo;admission en soins intensifs et de mortalit&eacute; a augment&eacute; de mani&egrave;re significative dans les zones pr&eacute;sentant des niveaux &eacute;lev&eacute;s de dioxyde d&rsquo;azote, un gaz polluant. Ce gaz est &eacute;mis par la combustion de carburants fossiles et emp&ecirc;che les poumons de transf&eacute;rer l&rsquo;oxyg&egrave;ne au sang. La vaccination contre le Covid-19 continue de fournir une protection plus importante contre les sympt&ocirc;mes graves, selon une analyse, qui sugg&egrave;re que <a href=\"https:\/\/www.lavoixdunord.fr\/1188015\/article\/2022-06-02\/covid-19-plus-des-deux-tiers-de-la-population-mondiale-dispose-d-anticorps\">deux tiers<\/a> de la population mondiale avaient des anticorps contre le virus en f&eacute;vrier 2021.<\/p>\n<p><strong>Un peu juste : <\/strong>Oxfam propose une <a href=\"https:\/\/www.oxfam.org\/fr\/publications\/lheure-des-comptes\">approche innovante<\/a> du financement des catastrophes climatiques pour la COP27 : des r&eacute;parations obligatoires de la part des pays qui ont le plus contribu&eacute; au changement climatique. Selon Oxfam, les r&eacute;ponses humanitaires des Nations unies aux ph&eacute;nom&egrave;nes m&eacute;t&eacute;orologiques extr&ecirc;mes ont connu un <a href=\"https:\/\/www.oxfam.org\/fr\/publications\/lheure-des-comptes\">d&eacute;ficit<\/a> de financement allant jusqu&rsquo;&agrave; 33 milliards de dollars au cours des cinq derni&egrave;res ann&eacute;es. Seuls 54 % des fonds requis ont &eacute;t&eacute; fournis, alors que les besoins de financement ont &eacute;t&eacute; multipli&eacute;s par huit. Parall&egrave;lement, des militants africains ont plaid&eacute; pour un <a href=\"https:\/\/nation.africa\/africa\/news\/african-activists-urge-phasing-out-of-fossil-fuels-3839922\">trait&eacute; de non-prolif&eacute;ration<\/a> des combustibles fossiles lors de la conf&eacute;rence 50+ de Stockholm la semaine derni&egrave;re, exhortant les pays africains &agrave; se tourner vers les &eacute;nergies renouvelables pour leur d&eacute;veloppement.<\/p>\n<p><strong>L&rsquo;(in)Action climatique : <\/strong>Les ministres du climat du G7 se sont r&eacute;cemment <a href=\"https:\/\/www.france24.com\/fr\/info-en-continu\/20220527-le-g7-s-engage-pour-d%C3%A9carboner-son-%C3%A9lectricit%C3%A9-et-cesser-les-subventions-aux-%C3%A9nergies-fossiles-%C3%A0-l-%C3%A9tranger\">engag&eacute;s<\/a> &agrave; cesser les subventions aux &eacute;nergies fossiles &agrave; l&rsquo;&eacute;tranger, <a href=\"https:\/\/lesactualites.news\/technologie-et-science\/laissons-lafrique-exploiter-ses-reserves-de-gaz-naturel-dit-mary-robinson-gaz\/\">une d&eacute;cision qui ne fait pas l&rsquo;unanimit&eacute;<\/a>, m&ecirc;me pour un ancien envoy&eacute; sp&eacute;cial des Nations unies pour le climat. Les ministres ont &eacute;galement convenu de l&rsquo;augmentation du soutien financier aux pays les plus d&eacute;favoris&eacute;s qui souhaitent passer aux &eacute;nergies vertes. Pendant ce temps, les pays riches n&rsquo;ont toujours pas respect&eacute; leur engagement pris il y a 13 ans de fournir 100 milliards de dollars aux pays en d&eacute;veloppement pour lutter contre les effets du changement climatique. L&rsquo;Allemagne et le Canada ont &eacute;t&eacute; charg&eacute;s de travailler sur un &laquo; plan de livraison de 100 milliards de dollars &raquo;.<\/p>\n<p><strong>Un constat alarmant :<\/strong> Les femmes enceintes atteintes du Covid-19 &eacute;taient <a href=\"https:\/\/www.devex.com\/news\/study-in-african-nations-finds-covid-19-increased-death-in-pregnancy-103396\">2,4 fois plus susceptibles<\/a> de n&eacute;cessiter des soins intensifs et deux fois plus susceptibles de mourir, que des femmes qui ne pr&eacute;sentaient pas de grossesse, selon une nouvelle &eacute;tude men&eacute;e dans six pays africains. La grossesse est consid&eacute;r&eacute;e comme un &eacute;tat d&rsquo;immunod&eacute;pression, ce qui rend les vaccinations particuli&egrave;rement importantes pour les futures m&egrave;res. Le risque de d&eacute;c&egrave;s des femmes enceintes atteintes par le virus &eacute;tait cinq fois plus &eacute;lev&eacute; que celui des femmes enceintes en bonne sant&eacute;. Ce chiffre &eacute;tait sup&eacute;rieur &agrave; celui d&rsquo;&eacute;tudes similaires men&eacute;es dans d&rsquo;autres r&eacute;gions, soulignant les risques engendr&eacute;s par la faiblesse des syst&egrave;mes de sant&eacute; dans de nombreux pays africains.<\/p>\n<p><strong>Les largesses du lobbying : <\/strong>La Banque Africaine du D&eacute;veloppement cherche &agrave; <a href=\"https:\/\/www.theafricareport.com\/209942\/afdb-lobbies-us-for-funding-boost-as-africa-struggles-with-multitude-of-crises\/\">se faire remarquer<\/a> &agrave; Washington D.C. pour obtenir un plus grand soutien financier du Congr&egrave;s am&eacute;ricain. La banque esp&egrave;re lever 24 milliards de dollars cette ann&eacute;e. Les &Eacute;tats-Unis sont leur deuxi&egrave;me plus grand actionnaire et le seul &agrave; avoir un si&egrave;ge au conseil d&rsquo;administration, mais la BAfD reste l&rsquo;une des rares institutions r&eacute;gionales sans bureau &agrave; Washington. N&eacute;anmoins, 380 millions de dollars d&rsquo;engagements am&eacute;ricains n&rsquo;ont finalement pas &eacute;t&eacute; vers&eacute;s au cours des ann&eacute;es pr&eacute;c&eacute;dentes. L&rsquo;ancienne administratrice adjointe de l&rsquo;USAID, Jennifer Mack, devenue lobbyiste, affirme vouloir sensibiliser le public aux projets de la BAfD et &agrave; leur importance.<\/p>\n<p><strong>Rat&eacute;, le coche :<\/strong> Le Nig&eacute;ria a <a href=\"https:\/\/www.agenceecofin.com\/finances-publiques\/0606-98405-le-nigeria-renonce-a-emettre-un-eurobond-de-950-millions-du-fait-de-conditions-de-marche-defavorables#:~:text=Le%20Nigeria%20a%20renonc%C3%A9%20%C3%A0,Zainab%20Ahmed%2C%20le%204%20juin.\">renonc&eacute;<\/a> &agrave; l&rsquo;&eacute;mission d&rsquo;un eurobond apr&egrave;s avoir manqu&eacute; la fen&ecirc;tre d&rsquo;opportunit&eacute; d&rsquo;approbation, le gouvernement ayant attendu que les prix du march&eacute; soient bas. Ce projet avait pour but de financer le d&eacute;ficit budg&eacute;taire, qui devrait d&eacute;passer <a href=\"https:\/\/www.agenceecofin.com\/finances-publiques\/0606-98405-le-nigeria-renonce-a-emettre-un-eurobond-de-950-millions-du-fait-de-conditions-de-marche-defavorables#:~:text=Le%20Nigeria%20a%20renonc%C3%A9%20%C3%A0,Zainab%20Ahmed%2C%20le%204%20juin.\">7 300 milliards<\/a> de dollars nig&eacute;rians. La dette du Nigeria devrait atteindre <a href=\"https:\/\/guardian.ng\/news\/nigerias-public-debt-set-to-peak-at-n45tn-in-2022\/\">45 000 milliards<\/a> de dollars nig&eacute;rians en 2022.<\/p>\n<p><strong>La fronti&egrave;re du commerce :<\/strong> Le commerce intracontinental doit &ecirc;tre <a href=\"https:\/\/news.123hindinews.com\/afcfta-border-hurdles-dampen-free-trade-deal-expectations-more-latest-news\/\">renforc&eacute;<\/a> par des mesures politiques aux niveaux national et continental pour cibler les barri&egrave;res tarifaires et non tarifaires, selon la r&eacute;cente enqu&ecirc;te sur les entreprises de la Zone de libre-&eacute;change continentale africaine (AfCFTA). Les probl&egrave;mes frontaliers, notamment les frais non autoris&eacute;s, les proc&eacute;dures douani&egrave;res et les frais suppl&eacute;mentaires, continuent d&rsquo;entraver le commerce du secteur priv&eacute; en Afrique, malgr&eacute; l&rsquo;adoption de l&rsquo;AfCFTA en janvier 2021. Le commerce intracontinental devrait <a href=\"https:\/\/news.123hindinews.com\/afcfta-border-hurdles-dampen-free-trade-deal-expectations-more-latest-news\/\">plus que doubler<\/a> pour atteindre 33 % une fois la lib&eacute;ralisation tarifaire mise en &oelig;uvre.<\/p>\n<p><strong>Changements graduels radicaux <\/strong>: Lors d&rsquo;un &eacute;v&eacute;nement du Pandemic Action Network, David McNair de ONE a encourag&eacute; les d&eacute;fenseurs et les militants &agrave; faire attention &agrave; leurs pr&eacute;suppositions et aux histoires qu&rsquo;ils racontent s&rsquo;ils veulent cr&eacute;er la volont&eacute; politique n&eacute;cessaire pour faire face aux crises de notre &eacute;poque. David a d&eacute;clar&eacute; : &laquo; <em>Nous devons penser en termes de changements graduels radicaux. Une vision radicale, mais avec des &eacute;tapes sp&eacute;cifiques. Il est important de raconter une histoire plus vaste&hellip; Aujourd&rsquo;hui, nous crions &agrave; l&rsquo;indignation<\/em> &raquo;, mais nous devons raconter des histoires pour &ecirc;tre en accord avec des valeurs. &#128165; Si vous avez manqu&eacute; l&rsquo;&eacute;v&eacute;nement, <a href=\"https:\/\/us02web.zoom.us\/rec\/share\/tel98how1dhy7OBR_n3xD-12jcr-mxswIfOgKzhcB9OvjhXwTs_cQIsT8f9ci9je.YIASj2AaDwTCtYVS?startTime=1654613755000\">l&rsquo;enregistrement est ici<\/a> (code d&rsquo;acc&egrave;s : 6MR8O2P#).<\/p>\n<h2><strong>L&rsquo;&Eacute;QUIPE DE ONE EN ACTION :&nbsp;<\/strong><\/h2>\n<ul>\n<li>Olawunmi Oala-Busari de ONE parle de l&rsquo;ins&eacute;curit&eacute; alimentaire &agrave; <a href=\"https:\/\/www.youtube.com\/watch?v=v-tKSF0Ib6g\">SABC News<\/a> et <a href=\"https:\/\/www.youtube.com\/watch?v=OH42NXBkVPw\">eNCA<\/a> en Afrique du Sud.<\/li>\n<li>David McNair de ONE parle de la crise alimentaire mondiale &agrave; <a href=\"https:\/\/youtu.be\/bn47TwyezYk\">ABC News<\/a> en Australie.<\/li>\n<li>Nous dirigeons-nous vers une r&eacute;cession mondiale ? David McNair nous donne son point de vue dans <a href=\"https:\/\/twitter.com\/David_McNair\/status\/1534617823221370881?s=20&amp;t=XGd5czphiUrU1HC1zrBB_w\">ce fil Twitter<\/a>.<\/li>\n<li>ONE s&rsquo;est associ&eacute; &agrave; <a href=\"https:\/\/www.youtube.com\/watch?v=8OLbnpv0HM8\">NowThis<\/a> pour mettre en lumi&egrave;re l&rsquo;impact du COVID-19 sur le personnel de sant&eacute; au Nigeria.<\/li>\n<li>D&eacute;couvrez comment ONE en France a <a href=\"https:\/\/twitter.com\/ONE_Fr\/status\/1533490167377436672\">mobilis&eacute;<\/a> les citoyennes et les citoyens pour demander &agrave; Emmanuel Macron de s&rsquo;attaquer aux in&eacute;galit&eacute;s mondiales dans le cadre de la campagne #GenerAction.<\/li>\n<\/ul>\n<h2><strong>LES CHIFFRES :<\/strong><\/h2>\n<ul>\n<li><strong>23 % : <\/strong><a href=\"https:\/\/www.nytimes.com\/2022\/06\/03\/world\/europe\/russia-africa-grain.html\">l&rsquo;augmentation<\/a> des prix des denr&eacute;es alimentaires par rapport &agrave; l&rsquo;ann&eacute;e derni&egrave;re, attribu&eacute;e &agrave; la guerre en Ukraine.<\/li>\n<li><strong>45 millions : <\/strong>le nombre de personnes suppl&eacute;mentaires <a href=\"https:\/\/www.one.org\/africa\/explore-food-security\/\">souffrant<\/a> de la faim dans le monde depuis l&rsquo;invasion de l&rsquo;Ukraine par la Russie.<\/li>\n<li><strong>2 : <\/strong>le nombre de pays africains (Afrique du Sud et B&eacute;nin) qui fournissent des informations budg&eacute;taires <a href=\"https:\/\/www.internationalbudget.org\/open-budget-survey\/rankings\">suffisantes<\/a> &agrave; leurs citoyens.<\/li>\n<\/ul>\n<div class=\"buffer\"><\/div>","protected":false},"excerpt":{"rendered":"<p>Cette semaine, dans Ondes de Choc : des c&eacute;r&eacute;ales vol&eacute;es &agrave; destination de l&rsquo;Afrique, l&rsquo;impact de la pollution sur les infections de COVID-19, les signaux d&rsquo;alarme &eacute;conomiques, et plus encore. ACTUALIT&Eacute;S A lire absolument : Saviez-vous que l&rsquo;&eacute;radication de la faim dans le monde pourrait co&ucirc;ter moiti&eacute; moins que ce que nous avons d&eacute;pens&eacute; en [&hellip;]<\/p>\n","protected":false},"author":0,"featured_media":162917,"comment_status":"open","ping_status":"open","sticky":false,"template":"","format":"standard","meta":{"_acf_changed":false,"_relevanssi_hide_post":"","_relevanssi_hide_content":"","_relevanssi_pin_for_all":"","_relevanssi_pin_keywords":"","_relevanssi_unpin_keywords":"","_relevanssi_related_keywords":"","_relevanssi_related_include_ids":"","_relevanssi_related_exclude_ids":"","_relevanssi_related_no_append":"","_relevanssi_related_not_related":"","_relevanssi_related_posts":"164801,164384,164396,163756,163706,163644","_relevanssi_noindex_reason":"","footnotes":""},"categories":[91,34],"tags":[],"topic":[86],"contributor":[33],"one_content_audience":[],"one_content_type":[],"one_content_tone":[],"class_list":["post-162575","post","type-post","status-publish","format-standard","has-post-thumbnail","hentry","category-donnees","category-one","topic-ondes-de-choc","contributor-one-france"],"acf":[],"yoast_head":"<!-- This site is optimized with the Yoast SEO Premium plugin v27.1 (Yoast SEO v27.1.1) - https:\/\/yoast.com\/product\/yoast-seo-premium-wordpress\/ -->\n<title>L&#039;\u00e9conomie mondiale n&#039;a pas fait cela depuis 80 ans - ONE.org France<\/title>\n<meta name=\"description\" content=\"Des c\u00e9r\u00e9ales vol\u00e9es \u00e0 destination de l&#039;Afrique, l\u2019impact de la pollution sur les infections de COVID-19, les signaux d&#039;alarme \u00e9conomiques, et plus encore.\" \/>\n<meta name=\"robots\" content=\"index, follow, max-snippet:-1, max-image-preview:large, max-video-preview:-1\" \/>\n<link rel=\"canonical\" href=\"https:\/\/www.one.org\/fr\/actualites\/ondes-de-choc-leconomie-mondiale-na-pas-fait-cela-depuis-80-ans\/\" \/>\n<meta property=\"og:locale\" content=\"fr_FR\" \/>\n<meta property=\"og:type\" content=\"article\" \/>\n<meta property=\"og:title\" content=\"L&#039;\u00e9conomie mondiale n&#039;a pas fait cela depuis 80 ans\" \/>\n<meta property=\"og:description\" content=\"Des c\u00e9r\u00e9ales vol\u00e9es \u00e0 destination de l&#039;Afrique, l\u2019impact de la pollution sur les infections de COVID-19, les signaux d&#039;alarme \u00e9conomiques, et plus encore.\" \/>\n<meta property=\"og:url\" content=\"https:\/\/www.one.org\/fr\/actualites\/ondes-de-choc-leconomie-mondiale-na-pas-fait-cela-depuis-80-ans\/\" \/>\n<meta property=\"og:site_name\" content=\"ONE.org France\" \/>\n<meta property=\"article:publisher\" content=\"https:\/\/www.facebook.com\/ONE.Fr\" \/>\n<meta property=\"article:published_time\" content=\"2022-06-10T14:24:00+00:00\" \/>\n<meta property=\"article:modified_time\" content=\"2024-04-23T12:33:22+00:00\" \/>\n<meta property=\"og:image\" content=\"https:\/\/www.one.org\/fr\/wp-content\/uploads\/sites\/4\/2022\/06\/Aftershock_2021_FeaturedImage_1200x1200_en_005.jpg\" \/>\n\t<meta property=\"og:image:width\" content=\"1201\" \/>\n\t<meta property=\"og:image:height\" content=\"1201\" \/>\n\t<meta property=\"og:image:type\" content=\"image\/jpeg\" \/>\n<meta name=\"twitter:card\" content=\"summary_large_image\" \/>\n<meta name=\"twitter:creator\" content=\"@one_fr\" \/>\n<meta name=\"twitter:site\" content=\"@one_fr\" \/>\n<meta name=\"twitter:label1\" content=\"Est. reading time\" \/>\n\t<meta name=\"twitter:data1\" content=\"7 minutes\" \/>\n<script type=\"application\/ld+json\" class=\"yoast-schema-graph\">{\"@context\":\"https:\/\/schema.org\",\"@graph\":[{\"@type\":\"Article\",\"@id\":\"https:\/\/www.one.org\/fr\/actualites\/ondes-de-choc-leconomie-mondiale-na-pas-fait-cela-depuis-80-ans\/#article\",\"isPartOf\":{\"@id\":\"https:\/\/www.one.org\/fr\/actualites\/ondes-de-choc-leconomie-mondiale-na-pas-fait-cela-depuis-80-ans\/\"},\"author\":{\"name\":\"\",\"@id\":\"\"},\"headline\":\"L&#8217;\u00e9conomie mondiale n&#8217;a pas fait cela depuis 80 ans\",\"datePublished\":\"2022-06-10T14:24:00+00:00\",\"dateModified\":\"2024-04-23T12:33:22+00:00\",\"mainEntityOfPage\":{\"@id\":\"https:\/\/www.one.org\/fr\/actualites\/ondes-de-choc-leconomie-mondiale-na-pas-fait-cela-depuis-80-ans\/\"},\"wordCount\":1915,\"commentCount\":0,\"image\":{\"@id\":\"https:\/\/www.one.org\/fr\/actualites\/ondes-de-choc-leconomie-mondiale-na-pas-fait-cela-depuis-80-ans\/#primaryimage\"},\"thumbnailUrl\":\"https:\/\/www.one.org\/fr\/wp-content\/uploads\/sites\/4\/2022\/06\/Aftershock_2021_FeaturedImage_1200x1200_en_005.jpg\",\"articleSection\":[\"Donn\u00e9es\",\"ONE\"],\"inLanguage\":\"fr-FR\",\"potentialAction\":[{\"@type\":\"CommentAction\",\"name\":\"Comment\",\"target\":[\"https:\/\/www.one.org\/fr\/actualites\/ondes-de-choc-leconomie-mondiale-na-pas-fait-cela-depuis-80-ans\/#respond\"]}]},{\"@type\":\"WebPage\",\"@id\":\"https:\/\/www.one.org\/fr\/actualites\/ondes-de-choc-leconomie-mondiale-na-pas-fait-cela-depuis-80-ans\/\",\"url\":\"https:\/\/www.one.org\/fr\/actualites\/ondes-de-choc-leconomie-mondiale-na-pas-fait-cela-depuis-80-ans\/\",\"name\":\"L'\u00e9conomie mondiale n'a pas fait cela depuis 80 ans - ONE.org France\",\"isPartOf\":{\"@id\":\"https:\/\/www.one.org\/fr\/#website\"},\"primaryImageOfPage\":{\"@id\":\"https:\/\/www.one.org\/fr\/actualites\/ondes-de-choc-leconomie-mondiale-na-pas-fait-cela-depuis-80-ans\/#primaryimage\"},\"image\":{\"@id\":\"https:\/\/www.one.org\/fr\/actualites\/ondes-de-choc-leconomie-mondiale-na-pas-fait-cela-depuis-80-ans\/#primaryimage\"},\"thumbnailUrl\":\"https:\/\/www.one.org\/fr\/wp-content\/uploads\/sites\/4\/2022\/06\/Aftershock_2021_FeaturedImage_1200x1200_en_005.jpg\",\"datePublished\":\"2022-06-10T14:24:00+00:00\",\"dateModified\":\"2024-04-23T12:33:22+00:00\",\"author\":{\"@id\":\"\"},\"description\":\"Des c\u00e9r\u00e9ales vol\u00e9es \u00e0 destination de l'Afrique, l\u2019impact de la pollution sur les infections de COVID-19, les signaux d'alarme \u00e9conomiques, et plus encore.\",\"breadcrumb\":{\"@id\":\"https:\/\/www.one.org\/fr\/actualites\/ondes-de-choc-leconomie-mondiale-na-pas-fait-cela-depuis-80-ans\/#breadcrumb\"},\"inLanguage\":\"fr-FR\",\"potentialAction\":[{\"@type\":\"ReadAction\",\"target\":[\"https:\/\/www.one.org\/fr\/actualites\/ondes-de-choc-leconomie-mondiale-na-pas-fait-cela-depuis-80-ans\/\"]}]},{\"@type\":\"ImageObject\",\"inLanguage\":\"fr-FR\",\"@id\":\"https:\/\/www.one.org\/fr\/actualites\/ondes-de-choc-leconomie-mondiale-na-pas-fait-cela-depuis-80-ans\/#primaryimage\",\"url\":\"https:\/\/www.one.org\/fr\/wp-content\/uploads\/sites\/4\/2022\/06\/Aftershock_2021_FeaturedImage_1200x1200_en_005.jpg\",\"contentUrl\":\"https:\/\/www.one.org\/fr\/wp-content\/uploads\/sites\/4\/2022\/06\/Aftershock_2021_FeaturedImage_1200x1200_en_005.jpg\",\"width\":1201,\"height\":1201},{\"@type\":\"BreadcrumbList\",\"@id\":\"https:\/\/www.one.org\/fr\/actualites\/ondes-de-choc-leconomie-mondiale-na-pas-fait-cela-depuis-80-ans\/#breadcrumb\",\"itemListElement\":[{\"@type\":\"ListItem\",\"position\":1,\"name\":\"Home\",\"item\":\"https:\/\/www.one.org\/fr\/\"},{\"@type\":\"ListItem\",\"position\":2,\"name\":\"L&#8217;\u00e9conomie mondiale n&#8217;a pas fait cela depuis 80 ans\"}]},{\"@type\":\"WebSite\",\"@id\":\"https:\/\/www.one.org\/fr\/#website\",\"url\":\"https:\/\/www.one.org\/fr\/\",\"name\":\"ONE.org\",\"description\":\"Cr\u00e9er des opportunit\u00e9s \u00e9conomiques et am\u00e9liorer la sant\u00e9 en Afrique\",\"potentialAction\":[{\"@type\":\"SearchAction\",\"target\":{\"@type\":\"EntryPoint\",\"urlTemplate\":\"https:\/\/www.one.org\/fr\/?s={search_term_string}\"},\"query-input\":{\"@type\":\"PropertyValueSpecification\",\"valueRequired\":true,\"valueName\":\"search_term_string\"}}],\"inLanguage\":\"fr-FR\"}]}<\/script>\n<!-- \/ Yoast SEO Premium plugin. -->","yoast_head_json":{"title":"L'\u00e9conomie mondiale n'a pas fait cela depuis 80 ans - ONE.org France","description":"Des c\u00e9r\u00e9ales vol\u00e9es \u00e0 destination de l'Afrique, l\u2019impact de la pollution sur les infections de COVID-19, les signaux d'alarme \u00e9conomiques, et plus encore.","robots":{"index":"index","follow":"follow","max-snippet":"max-snippet:-1","max-image-preview":"max-image-preview:large","max-video-preview":"max-video-preview:-1"},"canonical":"https:\/\/www.one.org\/fr\/actualites\/ondes-de-choc-leconomie-mondiale-na-pas-fait-cela-depuis-80-ans\/","og_locale":"fr_FR","og_type":"article","og_title":"L'\u00e9conomie mondiale n'a pas fait cela depuis 80 ans","og_description":"Des c\u00e9r\u00e9ales vol\u00e9es \u00e0 destination de l'Afrique, l\u2019impact de la pollution sur les infections de COVID-19, les signaux d'alarme \u00e9conomiques, et plus encore.","og_url":"https:\/\/www.one.org\/fr\/actualites\/ondes-de-choc-leconomie-mondiale-na-pas-fait-cela-depuis-80-ans\/","og_site_name":"ONE.org France","article_publisher":"https:\/\/www.facebook.com\/ONE.Fr","article_published_time":"2022-06-10T14:24:00+00:00","article_modified_time":"2024-04-23T12:33:22+00:00","og_image":[{"width":1201,"height":1201,"url":"https:\/\/www.one.org\/fr\/wp-content\/uploads\/sites\/4\/2022\/06\/Aftershock_2021_FeaturedImage_1200x1200_en_005.jpg","type":"image\/jpeg"}],"twitter_card":"summary_large_image","twitter_creator":"@one_fr","twitter_site":"@one_fr","twitter_misc":{"Est. reading time":"7 minutes"},"schema":{"@context":"https:\/\/schema.org","@graph":[{"@type":"Article","@id":"https:\/\/www.one.org\/fr\/actualites\/ondes-de-choc-leconomie-mondiale-na-pas-fait-cela-depuis-80-ans\/#article","isPartOf":{"@id":"https:\/\/www.one.org\/fr\/actualites\/ondes-de-choc-leconomie-mondiale-na-pas-fait-cela-depuis-80-ans\/"},"author":{"name":"","@id":""},"headline":"L&#8217;\u00e9conomie mondiale n&#8217;a pas fait cela depuis 80 ans","datePublished":"2022-06-10T14:24:00+00:00","dateModified":"2024-04-23T12:33:22+00:00","mainEntityOfPage":{"@id":"https:\/\/www.one.org\/fr\/actualites\/ondes-de-choc-leconomie-mondiale-na-pas-fait-cela-depuis-80-ans\/"},"wordCount":1915,"commentCount":0,"image":{"@id":"https:\/\/www.one.org\/fr\/actualites\/ondes-de-choc-leconomie-mondiale-na-pas-fait-cela-depuis-80-ans\/#primaryimage"},"thumbnailUrl":"https:\/\/www.one.org\/fr\/wp-content\/uploads\/sites\/4\/2022\/06\/Aftershock_2021_FeaturedImage_1200x1200_en_005.jpg","articleSection":["Donn\u00e9es","ONE"],"inLanguage":"fr-FR","potentialAction":[{"@type":"CommentAction","name":"Comment","target":["https:\/\/www.one.org\/fr\/actualites\/ondes-de-choc-leconomie-mondiale-na-pas-fait-cela-depuis-80-ans\/#respond"]}]},{"@type":"WebPage","@id":"https:\/\/www.one.org\/fr\/actualites\/ondes-de-choc-leconomie-mondiale-na-pas-fait-cela-depuis-80-ans\/","url":"https:\/\/www.one.org\/fr\/actualites\/ondes-de-choc-leconomie-mondiale-na-pas-fait-cela-depuis-80-ans\/","name":"L'\u00e9conomie mondiale n'a pas fait cela depuis 80 ans - ONE.org France","isPartOf":{"@id":"https:\/\/www.one.org\/fr\/#website"},"primaryImageOfPage":{"@id":"https:\/\/www.one.org\/fr\/actualites\/ondes-de-choc-leconomie-mondiale-na-pas-fait-cela-depuis-80-ans\/#primaryimage"},"image":{"@id":"https:\/\/www.one.org\/fr\/actualites\/ondes-de-choc-leconomie-mondiale-na-pas-fait-cela-depuis-80-ans\/#primaryimage"},"thumbnailUrl":"https:\/\/www.one.org\/fr\/wp-content\/uploads\/sites\/4\/2022\/06\/Aftershock_2021_FeaturedImage_1200x1200_en_005.jpg","datePublished":"2022-06-10T14:24:00+00:00","dateModified":"2024-04-23T12:33:22+00:00","author":{"@id":""},"description":"Des c\u00e9r\u00e9ales vol\u00e9es \u00e0 destination de l'Afrique, l\u2019impact de la pollution sur les infections de COVID-19, les signaux d'alarme \u00e9conomiques, et plus encore.","breadcrumb":{"@id":"https:\/\/www.one.org\/fr\/actualites\/ondes-de-choc-leconomie-mondiale-na-pas-fait-cela-depuis-80-ans\/#breadcrumb"},"inLanguage":"fr-FR","potentialAction":[{"@type":"ReadAction","target":["https:\/\/www.one.org\/fr\/actualites\/ondes-de-choc-leconomie-mondiale-na-pas-fait-cela-depuis-80-ans\/"]}]},{"@type":"ImageObject","inLanguage":"fr-FR","@id":"https:\/\/www.one.org\/fr\/actualites\/ondes-de-choc-leconomie-mondiale-na-pas-fait-cela-depuis-80-ans\/#primaryimage","url":"https:\/\/www.one.org\/fr\/wp-content\/uploads\/sites\/4\/2022\/06\/Aftershock_2021_FeaturedImage_1200x1200_en_005.jpg","contentUrl":"https:\/\/www.one.org\/fr\/wp-content\/uploads\/sites\/4\/2022\/06\/Aftershock_2021_FeaturedImage_1200x1200_en_005.jpg","width":1201,"height":1201},{"@type":"BreadcrumbList","@id":"https:\/\/www.one.org\/fr\/actualites\/ondes-de-choc-leconomie-mondiale-na-pas-fait-cela-depuis-80-ans\/#breadcrumb","itemListElement":[{"@type":"ListItem","position":1,"name":"Home","item":"https:\/\/www.one.org\/fr\/"},{"@type":"ListItem","position":2,"name":"L&#8217;\u00e9conomie mondiale n&#8217;a pas fait cela depuis 80 ans"}]},{"@type":"WebSite","@id":"https:\/\/www.one.org\/fr\/#website","url":"https:\/\/www.one.org\/fr\/","name":"ONE.org","description":"Cr\u00e9er des opportunit\u00e9s \u00e9conomiques et am\u00e9liorer la sant\u00e9 en Afrique","potentialAction":[{"@type":"SearchAction","target":{"@type":"EntryPoint","urlTemplate":"https:\/\/www.one.org\/fr\/?s={search_term_string}"},"query-input":{"@type":"PropertyValueSpecification","valueRequired":true,"valueName":"search_term_string"}}],"inLanguage":"fr-FR"}]}},"distributor_meta":false,"distributor_terms":false,"distributor_media":false,"distributor_original_site_name":"ONE.org France","distributor_original_site_url":"https:\/\/www.one.org\/fr","push-errors":false,"_links":{"self":[{"href":"https:\/\/www.one.org\/fr\/wp-json\/wp\/v2\/posts\/162575","targetHints":{"allow":["GET"]}}],"collection":[{"href":"https:\/\/www.one.org\/fr\/wp-json\/wp\/v2\/posts"}],"about":[{"href":"https:\/\/www.one.org\/fr\/wp-json\/wp\/v2\/types\/post"}],"replies":[{"embeddable":true,"href":"https:\/\/www.one.org\/fr\/wp-json\/wp\/v2\/comments?post=162575"}],"version-history":[{"count":0,"href":"https:\/\/www.one.org\/fr\/wp-json\/wp\/v2\/posts\/162575\/revisions"}],"wp:featuredmedia":[{"embeddable":true,"href":"https:\/\/www.one.org\/fr\/wp-json\/wp\/v2\/media\/162917"}],"wp:attachment":[{"href":"https:\/\/www.one.org\/fr\/wp-json\/wp\/v2\/media?parent=162575"}],"wp:term":[{"taxonomy":"category","embeddable":true,"href":"https:\/\/www.one.org\/fr\/wp-json\/wp\/v2\/categories?post=162575"},{"taxonomy":"post_tag","embeddable":true,"href":"https:\/\/www.one.org\/fr\/wp-json\/wp\/v2\/tags?post=162575"},{"taxonomy":"topic","embeddable":true,"href":"https:\/\/www.one.org\/fr\/wp-json\/wp\/v2\/topic?post=162575"},{"taxonomy":"contributor","embeddable":true,"href":"https:\/\/www.one.org\/fr\/wp-json\/wp\/v2\/contributor?post=162575"},{"taxonomy":"one_content_audience","embeddable":true,"href":"https:\/\/www.one.org\/fr\/wp-json\/wp\/v2\/one_content_audience?post=162575"},{"taxonomy":"one_content_type","embeddable":true,"href":"https:\/\/www.one.org\/fr\/wp-json\/wp\/v2\/one_content_type?post=162575"},{"taxonomy":"one_content_tone","embeddable":true,"href":"https:\/\/www.one.org\/fr\/wp-json\/wp\/v2\/one_content_tone?post=162575"}],"curies":[{"name":"wp","href":"https:\/\/api.w.org\/{rel}","templated":true}]}}