{"id":162574,"date":"2022-06-08T08:24:49","date_gmt":"2022-06-08T08:24:49","guid":{"rendered":"https:\/\/www.one.org\/fr\/ou-finissent-nos-dechets-tour-du-monde-des-decharges-et-des-inegalites\/"},"modified":"2024-04-23T12:33:24","modified_gmt":"2024-04-23T12:33:24","slug":"episode-30","status":"publish","type":"post","link":"https:\/\/www.one.org\/fr\/actualites\/episode-30\/","title":{"rendered":"O\u00f9 finissent nos d\u00e9chets ? Tour du monde des d\u00e9charges et des in\u00e9galit\u00e9s"},"content":{"rendered":"\n<p>Des chiffonniers du Caire aux d\u00e9charges de Madagascar, la g\u00e9ographe B\u00e9n\u00e9dicte Florin nous embarque pour un tour du monde des in\u00e9galit\u00e9s li\u00e9es \u00e0 nos d\u00e9chets, qui voyagent sans doute plus que nous.<\/p>\n\n\n\n<figure style=\"aspect-ratio: 100 \/ 152;\" class=\"wp-block-embed is-type-rich is-provider-spotify wp-block-embed-spotify wp-embed-aspect-21-9 wp-has-aspect-ratio has-aspect-ratio is-ratio--portrait\"><div class=\"wp-block-embed__wrapper\">\n<iframe title=\"Spotify Embed: O\u00f9 finissent nos d\u00e9chets? Tour du monde des d\u00e9charges et des in\u00e9galit\u00e9s\" style=\"border-radius: 12px\" width=\"100%\" height=\"152\" frameborder=\"0\" allowfullscreen allow=\"autoplay; clipboard-write; encrypted-media; fullscreen; picture-in-picture\" loading=\"lazy\" src=\"https:\/\/open.spotify.com\/embed\/episode\/0wjVxXwEJCsv01LLtW60LZ?si=ca9729af80db40df&#038;utm_source=oembed\"><\/iframe>\n<\/div><\/figure>\n\n\n\n<iframe frameborder=\"0\" height=\"175\" src=\"https:\/\/embed.podcasts.apple.com\/us\/podcast\/o%C3%B9-finissent-nos-d%C3%A9chets-tour-du-monde-des-d%C3%A9charges\/id1672049378?i=1000599765924\"><\/iframe>\n\n\n\n<ul class=\"wp-block-list\">\n<li><a href=\"https:\/\/oneworldpodcast.lepodcast.fr\/ou-finissent-nos-dechets-tour-du-monde-des-decharges-et-des-inegalites\" target=\"_blank\" rel=\"noreferrer noopener\">Ecouter sur lepodcast<\/a><\/li>\n\n\n\n<li><a href=\"https:\/\/podcasts.apple.com\/fr\/podcast\/o%C3%B9-finissent-nos-d%C3%A9chets-tour-du-monde-des-d%C3%A9charges\/id1672049378?i=1000599765924\" target=\"_blank\" rel=\"noreferrer noopener\">Ecouter sur iTunes<\/a><\/li>\n<\/ul>\n<div class=\"buffer\"><\/div>","protected":false},"excerpt":{"rendered":"<p>Des chiffonniers du Caire aux d\u00e9charges de Madagascar, la g\u00e9ographe B\u00e9n\u00e9dicte Florin nous embarque pour un tour du monde des in\u00e9galit\u00e9s li\u00e9es \u00e0 nos d\u00e9chets, qui voyagent sans doute plus que nous.<\/p>\n","protected":false},"author":0,"featured_media":165204,"comment_status":"open","ping_status":"open","sticky":false,"template":"","format":"standard","meta":{"_acf_changed":false,"_relevanssi_hide_post":"","_relevanssi_hide_content":"","_relevanssi_pin_for_all":"","_relevanssi_pin_keywords":"","_relevanssi_unpin_keywords":"","_relevanssi_related_keywords":"","_relevanssi_related_include_ids":"","_relevanssi_related_exclude_ids":"","_relevanssi_related_no_append":"","_relevanssi_related_not_related":"","_relevanssi_related_posts":"164396,163756,163706,163644,163639,163579","_relevanssi_noindex_reason":"","footnotes":""},"categories":[77],"tags":[],"topic":[39],"contributor":[33],"one_content_audience":[],"one_content_type":[],"one_content_tone":[],"class_list":["post-162574","post","type-post","status-publish","format-standard","has-post-thumbnail","hentry","category-podcast","topic-changement-climatique","contributor-one-france"],"acf":[],"yoast_head":"<!-- This site is optimized with the Yoast SEO Premium plugin v27.1 (Yoast SEO v27.1.1) - https:\/\/yoast.com\/product\/yoast-seo-premium-wordpress\/ -->\n<title>O\u00f9 finissent nos d\u00e9chets ? Tour du monde des d\u00e9charges et des in\u00e9galit\u00e9s - ONE.org France<\/title>\n<meta name=\"description\" content=\"La g\u00e9ographe B\u00e9n\u00e9dicte Florin nous embarque pour un tour du monde des in\u00e9galit\u00e9s li\u00e9es \u00e0 nos d\u00e9chets, qui voyagent sans doute plus que nous.\" \/>\n<meta name=\"robots\" content=\"index, follow, max-snippet:-1, max-image-preview:large, max-video-preview:-1\" \/>\n<link rel=\"canonical\" href=\"https:\/\/www.one.org\/fr\/actualites\/episode-30\/\" \/>\n<meta property=\"og:locale\" content=\"fr_FR\" \/>\n<meta property=\"og:type\" content=\"article\" \/>\n<meta property=\"og:title\" content=\"O\u00f9 finissent nos d\u00e9chets ? Tour du monde des d\u00e9charges et des in\u00e9galit\u00e9s\" \/>\n<meta property=\"og:description\" content=\"La g\u00e9ographe B\u00e9n\u00e9dicte Florin nous embarque pour un tour du monde des in\u00e9galit\u00e9s li\u00e9es \u00e0 nos d\u00e9chets, qui voyagent sans doute plus que nous.\" \/>\n<meta property=\"og:url\" content=\"https:\/\/www.one.org\/fr\/actualites\/episode-30\/\" \/>\n<meta property=\"og:site_name\" content=\"ONE.org France\" \/>\n<meta property=\"article:publisher\" content=\"https:\/\/www.facebook.com\/ONE.Fr\" \/>\n<meta property=\"article:published_time\" content=\"2022-06-08T08:24:49+00:00\" \/>\n<meta property=\"article:modified_time\" content=\"2024-04-23T12:33:24+00:00\" \/>\n<meta property=\"og:image\" content=\"https:\/\/www.one.org\/fr\/wp-content\/uploads\/sites\/4\/2022\/06\/Podcast-Benedicte-Florin.png\" \/>\n\t<meta property=\"og:image:width\" content=\"1074\" \/>\n\t<meta property=\"og:image:height\" content=\"1080\" \/>\n\t<meta property=\"og:image:type\" content=\"image\/png\" \/>\n<meta name=\"twitter:card\" content=\"summary_large_image\" \/>\n<meta name=\"twitter:creator\" content=\"@one_fr\" \/>\n<meta name=\"twitter:site\" content=\"@one_fr\" \/>\n<meta name=\"twitter:label1\" content=\"Est. reading time\" \/>\n\t<meta name=\"twitter:data1\" content=\"1 minute\" \/>\n<script type=\"application\/ld+json\" class=\"yoast-schema-graph\">{\"@context\":\"https:\/\/schema.org\",\"@graph\":[{\"@type\":\"Article\",\"@id\":\"https:\/\/www.one.org\/fr\/actualites\/episode-30\/#article\",\"isPartOf\":{\"@id\":\"https:\/\/www.one.org\/fr\/actualites\/episode-30\/\"},\"author\":{\"name\":\"\",\"@id\":\"\"},\"headline\":\"O\u00f9 finissent nos d\u00e9chets ? Tour du monde des d\u00e9charges et des in\u00e9galit\u00e9s\",\"datePublished\":\"2022-06-08T08:24:49+00:00\",\"dateModified\":\"2024-04-23T12:33:24+00:00\",\"mainEntityOfPage\":{\"@id\":\"https:\/\/www.one.org\/fr\/actualites\/episode-30\/\"},\"wordCount\":74,\"commentCount\":0,\"image\":{\"@id\":\"https:\/\/www.one.org\/fr\/actualites\/episode-30\/#primaryimage\"},\"thumbnailUrl\":\"https:\/\/www.one.org\/fr\/wp-content\/uploads\/sites\/4\/2022\/06\/Podcast-Benedicte-Florin.png\",\"articleSection\":[\"Podcast\"],\"inLanguage\":\"fr-FR\",\"potentialAction\":[{\"@type\":\"CommentAction\",\"name\":\"Comment\",\"target\":[\"https:\/\/www.one.org\/fr\/actualites\/episode-30\/#respond\"]}]},{\"@type\":\"WebPage\",\"@id\":\"https:\/\/www.one.org\/fr\/actualites\/episode-30\/\",\"url\":\"https:\/\/www.one.org\/fr\/actualites\/episode-30\/\",\"name\":\"O\u00f9 finissent nos d\u00e9chets ? Tour du monde des d\u00e9charges et des in\u00e9galit\u00e9s - ONE.org France\",\"isPartOf\":{\"@id\":\"https:\/\/www.one.org\/fr\/#website\"},\"primaryImageOfPage\":{\"@id\":\"https:\/\/www.one.org\/fr\/actualites\/episode-30\/#primaryimage\"},\"image\":{\"@id\":\"https:\/\/www.one.org\/fr\/actualites\/episode-30\/#primaryimage\"},\"thumbnailUrl\":\"https:\/\/www.one.org\/fr\/wp-content\/uploads\/sites\/4\/2022\/06\/Podcast-Benedicte-Florin.png\",\"datePublished\":\"2022-06-08T08:24:49+00:00\",\"dateModified\":\"2024-04-23T12:33:24+00:00\",\"author\":{\"@id\":\"\"},\"description\":\"La g\u00e9ographe B\u00e9n\u00e9dicte Florin nous embarque pour un tour du monde des in\u00e9galit\u00e9s li\u00e9es \u00e0 nos d\u00e9chets, qui voyagent sans doute plus que nous.\",\"breadcrumb\":{\"@id\":\"https:\/\/www.one.org\/fr\/actualites\/episode-30\/#breadcrumb\"},\"inLanguage\":\"fr-FR\",\"potentialAction\":[{\"@type\":\"ReadAction\",\"target\":[\"https:\/\/www.one.org\/fr\/actualites\/episode-30\/\"]}]},{\"@type\":\"ImageObject\",\"inLanguage\":\"fr-FR\",\"@id\":\"https:\/\/www.one.org\/fr\/actualites\/episode-30\/#primaryimage\",\"url\":\"https:\/\/www.one.org\/fr\/wp-content\/uploads\/sites\/4\/2022\/06\/Podcast-Benedicte-Florin.png\",\"contentUrl\":\"https:\/\/www.one.org\/fr\/wp-content\/uploads\/sites\/4\/2022\/06\/Podcast-Benedicte-Florin.png\",\"width\":1074,\"height\":1080},{\"@type\":\"BreadcrumbList\",\"@id\":\"https:\/\/www.one.org\/fr\/actualites\/episode-30\/#breadcrumb\",\"itemListElement\":[{\"@type\":\"ListItem\",\"position\":1,\"name\":\"Home\",\"item\":\"https:\/\/www.one.org\/fr\/\"},{\"@type\":\"ListItem\",\"position\":2,\"name\":\"O\u00f9 finissent nos d\u00e9chets ? Tour du monde des d\u00e9charges et des in\u00e9galit\u00e9s\"}]},{\"@type\":\"WebSite\",\"@id\":\"https:\/\/www.one.org\/fr\/#website\",\"url\":\"https:\/\/www.one.org\/fr\/\",\"name\":\"ONE.org\",\"description\":\"Cr\u00e9er des opportunit\u00e9s \u00e9conomiques et am\u00e9liorer la sant\u00e9 en Afrique\",\"potentialAction\":[{\"@type\":\"SearchAction\",\"target\":{\"@type\":\"EntryPoint\",\"urlTemplate\":\"https:\/\/www.one.org\/fr\/?s={search_term_string}\"},\"query-input\":{\"@type\":\"PropertyValueSpecification\",\"valueRequired\":true,\"valueName\":\"search_term_string\"}}],\"inLanguage\":\"fr-FR\"}]}<\/script>\n<!-- \/ Yoast SEO Premium plugin. -->","yoast_head_json":{"title":"O\u00f9 finissent nos d\u00e9chets ? Tour du monde des d\u00e9charges et des in\u00e9galit\u00e9s - ONE.org France","description":"La g\u00e9ographe B\u00e9n\u00e9dicte Florin nous embarque pour un tour du monde des in\u00e9galit\u00e9s li\u00e9es \u00e0 nos d\u00e9chets, qui voyagent sans doute plus que nous.","robots":{"index":"index","follow":"follow","max-snippet":"max-snippet:-1","max-image-preview":"max-image-preview:large","max-video-preview":"max-video-preview:-1"},"canonical":"https:\/\/www.one.org\/fr\/actualites\/episode-30\/","og_locale":"fr_FR","og_type":"article","og_title":"O\u00f9 finissent nos d\u00e9chets ? Tour du monde des d\u00e9charges et des in\u00e9galit\u00e9s","og_description":"La g\u00e9ographe B\u00e9n\u00e9dicte Florin nous embarque pour un tour du monde des in\u00e9galit\u00e9s li\u00e9es \u00e0 nos d\u00e9chets, qui voyagent sans doute plus que nous.","og_url":"https:\/\/www.one.org\/fr\/actualites\/episode-30\/","og_site_name":"ONE.org France","article_publisher":"https:\/\/www.facebook.com\/ONE.Fr","article_published_time":"2022-06-08T08:24:49+00:00","article_modified_time":"2024-04-23T12:33:24+00:00","og_image":[{"width":1074,"height":1080,"url":"https:\/\/www.one.org\/fr\/wp-content\/uploads\/sites\/4\/2022\/06\/Podcast-Benedicte-Florin.png","type":"image\/png"}],"twitter_card":"summary_large_image","twitter_creator":"@one_fr","twitter_site":"@one_fr","twitter_misc":{"Est. reading time":"1 minute"},"schema":{"@context":"https:\/\/schema.org","@graph":[{"@type":"Article","@id":"https:\/\/www.one.org\/fr\/actualites\/episode-30\/#article","isPartOf":{"@id":"https:\/\/www.one.org\/fr\/actualites\/episode-30\/"},"author":{"name":"","@id":""},"headline":"O\u00f9 finissent nos d\u00e9chets ? Tour du monde des d\u00e9charges et des in\u00e9galit\u00e9s","datePublished":"2022-06-08T08:24:49+00:00","dateModified":"2024-04-23T12:33:24+00:00","mainEntityOfPage":{"@id":"https:\/\/www.one.org\/fr\/actualites\/episode-30\/"},"wordCount":74,"commentCount":0,"image":{"@id":"https:\/\/www.one.org\/fr\/actualites\/episode-30\/#primaryimage"},"thumbnailUrl":"https:\/\/www.one.org\/fr\/wp-content\/uploads\/sites\/4\/2022\/06\/Podcast-Benedicte-Florin.png","articleSection":["Podcast"],"inLanguage":"fr-FR","potentialAction":[{"@type":"CommentAction","name":"Comment","target":["https:\/\/www.one.org\/fr\/actualites\/episode-30\/#respond"]}]},{"@type":"WebPage","@id":"https:\/\/www.one.org\/fr\/actualites\/episode-30\/","url":"https:\/\/www.one.org\/fr\/actualites\/episode-30\/","name":"O\u00f9 finissent nos d\u00e9chets ? Tour du monde des d\u00e9charges et des in\u00e9galit\u00e9s - ONE.org France","isPartOf":{"@id":"https:\/\/www.one.org\/fr\/#website"},"primaryImageOfPage":{"@id":"https:\/\/www.one.org\/fr\/actualites\/episode-30\/#primaryimage"},"image":{"@id":"https:\/\/www.one.org\/fr\/actualites\/episode-30\/#primaryimage"},"thumbnailUrl":"https:\/\/www.one.org\/fr\/wp-content\/uploads\/sites\/4\/2022\/06\/Podcast-Benedicte-Florin.png","datePublished":"2022-06-08T08:24:49+00:00","dateModified":"2024-04-23T12:33:24+00:00","author":{"@id":""},"description":"La g\u00e9ographe B\u00e9n\u00e9dicte Florin nous embarque pour un tour du monde des in\u00e9galit\u00e9s li\u00e9es \u00e0 nos d\u00e9chets, qui voyagent sans doute plus que nous.","breadcrumb":{"@id":"https:\/\/www.one.org\/fr\/actualites\/episode-30\/#breadcrumb"},"inLanguage":"fr-FR","potentialAction":[{"@type":"ReadAction","target":["https:\/\/www.one.org\/fr\/actualites\/episode-30\/"]}]},{"@type":"ImageObject","inLanguage":"fr-FR","@id":"https:\/\/www.one.org\/fr\/actualites\/episode-30\/#primaryimage","url":"https:\/\/www.one.org\/fr\/wp-content\/uploads\/sites\/4\/2022\/06\/Podcast-Benedicte-Florin.png","contentUrl":"https:\/\/www.one.org\/fr\/wp-content\/uploads\/sites\/4\/2022\/06\/Podcast-Benedicte-Florin.png","width":1074,"height":1080},{"@type":"BreadcrumbList","@id":"https:\/\/www.one.org\/fr\/actualites\/episode-30\/#breadcrumb","itemListElement":[{"@type":"ListItem","position":1,"name":"Home","item":"https:\/\/www.one.org\/fr\/"},{"@type":"ListItem","position":2,"name":"O\u00f9 finissent nos d\u00e9chets ? Tour du monde des d\u00e9charges et des in\u00e9galit\u00e9s"}]},{"@type":"WebSite","@id":"https:\/\/www.one.org\/fr\/#website","url":"https:\/\/www.one.org\/fr\/","name":"ONE.org","description":"Cr\u00e9er des opportunit\u00e9s \u00e9conomiques et am\u00e9liorer la sant\u00e9 en Afrique","potentialAction":[{"@type":"SearchAction","target":{"@type":"EntryPoint","urlTemplate":"https:\/\/www.one.org\/fr\/?s={search_term_string}"},"query-input":{"@type":"PropertyValueSpecification","valueRequired":true,"valueName":"search_term_string"}}],"inLanguage":"fr-FR"}]}},"distributor_meta":false,"distributor_terms":false,"distributor_media":false,"distributor_original_site_name":"ONE.org France","distributor_original_site_url":"https:\/\/www.one.org\/fr","push-errors":false,"_links":{"self":[{"href":"https:\/\/www.one.org\/fr\/wp-json\/wp\/v2\/posts\/162574","targetHints":{"allow":["GET"]}}],"collection":[{"href":"https:\/\/www.one.org\/fr\/wp-json\/wp\/v2\/posts"}],"about":[{"href":"https:\/\/www.one.org\/fr\/wp-json\/wp\/v2\/types\/post"}],"replies":[{"embeddable":true,"href":"https:\/\/www.one.org\/fr\/wp-json\/wp\/v2\/comments?post=162574"}],"version-history":[{"count":0,"href":"https:\/\/www.one.org\/fr\/wp-json\/wp\/v2\/posts\/162574\/revisions"}],"wp:featuredmedia":[{"embeddable":true,"href":"https:\/\/www.one.org\/fr\/wp-json\/wp\/v2\/media\/165204"}],"wp:attachment":[{"href":"https:\/\/www.one.org\/fr\/wp-json\/wp\/v2\/media?parent=162574"}],"wp:term":[{"taxonomy":"category","embeddable":true,"href":"https:\/\/www.one.org\/fr\/wp-json\/wp\/v2\/categories?post=162574"},{"taxonomy":"post_tag","embeddable":true,"href":"https:\/\/www.one.org\/fr\/wp-json\/wp\/v2\/tags?post=162574"},{"taxonomy":"topic","embeddable":true,"href":"https:\/\/www.one.org\/fr\/wp-json\/wp\/v2\/topic?post=162574"},{"taxonomy":"contributor","embeddable":true,"href":"https:\/\/www.one.org\/fr\/wp-json\/wp\/v2\/contributor?post=162574"},{"taxonomy":"one_content_audience","embeddable":true,"href":"https:\/\/www.one.org\/fr\/wp-json\/wp\/v2\/one_content_audience?post=162574"},{"taxonomy":"one_content_type","embeddable":true,"href":"https:\/\/www.one.org\/fr\/wp-json\/wp\/v2\/one_content_type?post=162574"},{"taxonomy":"one_content_tone","embeddable":true,"href":"https:\/\/www.one.org\/fr\/wp-json\/wp\/v2\/one_content_tone?post=162574"}],"curies":[{"name":"wp","href":"https:\/\/api.w.org\/{rel}","templated":true}]}}