{"id":162569,"date":"2022-05-20T08:30:52","date_gmt":"2022-05-20T08:30:52","guid":{"rendered":"https:\/\/www.one.org\/fr\/la-situation-actuelle-est-la-pire-que-nous-ayons-jamais-vue\/"},"modified":"2024-04-23T12:33:29","modified_gmt":"2024-04-23T12:33:29","slug":"la-situation-actuelle-est-la-pire-que-nous-ayons-jamais-vue","status":"publish","type":"post","link":"https:\/\/www.one.org\/fr\/actualites\/la-situation-actuelle-est-la-pire-que-nous-ayons-jamais-vue\/","title":{"rendered":"La situation actuelle est la pire que nous ayons jamais vue"},"content":{"rendered":"<p><i><span style=\"font-weight: 400\">Cette semaine<\/span><\/i><i><span style=\"font-weight: 400\">, dans Ondes de Choc : une inqui\u00e9tante augmentation de la pauvret\u00e9 dans le monde, la hausse de l\u2019ins\u00e9curit\u00e9 alimentaire, une plan\u00e8te qui br\u00fble, et plus encore.<\/span><\/i><\/p>\n<p><strong>ACTUALIT\u00c9S <\/strong><\/p>\n<p><strong>Le pauvre h\u00e9ritage du COVID-19 :<\/strong> La pand\u00e9mie a plong\u00e9 <a href=\"https:\/\/reliefweb.int\/report\/world\/economic-report-africaera-2021-addressing-poverty-and-vulnerability-africa-during-covid-19-pandemic\">55 millions<\/a> de personnes dans la pauvret\u00e9 en 2020. C\u2019est plus que le nombre total de personnes tomb\u00e9es dans la pauvret\u00e9 depuis 1999. Rien qu\u2019en Afrique, 58 millions de personnes suppl\u00e9mentaires pourraient bient\u00f4t sombrer dans la mis\u00e8re, et les femmes sont plus susceptibles d\u2019\u00eatre touch\u00e9es par ce fl\u00e9au.<\/p>\n<p><strong>Tourn\u00e9 vers l\u2019avenir :<\/strong> Lors de la Conf\u00e9rence des ministres africains des finances, de la planification et du d\u00e9veloppement \u00e9conomique (CoM2022) de cette ann\u00e9e, le Pr\u00e9sident Sall du S\u00e9n\u00e9gal a appel\u00e9 \u00e0 l\u2019adoption d\u2019une vision africaine unie afin de <a href=\"https:\/\/www.ghanabusinessnews.com\/2022\/05\/17\/renegotiation-of-current-multilateral-system-needed-to-boost-africas-recovery-and-growth-macky-sall\/\">restructurer<\/a> le syst\u00e8me international. Les discussions de la conf\u00e9rence ont port\u00e9 sur <a href=\"https:\/\/twitter.com\/ONEAftershocks\/status\/1525176098249744385\">trois d\u00e9fis structurels<\/a> pour le d\u00e9veloppement de l\u2019Afrique : assurer la redistribution des DTS aux pays les plus pauvres, garantir une plus grande influence de l\u2019Afrique dans la refonte de l\u2019architecture \u00e9conomique mondiale, et renforcer le r\u00f4le de l\u2019Afrique dans la refonte des m\u00e9canismes de financement et de r\u00e9solution de la dette. Les ministres ont demand\u00e9 au FMI de relever les limites d\u2019acc\u00e8s au <a href=\"https:\/\/www.uneca.org\/fr\/stories\/l%E2%80%99afrique-a-besoin-de-r%C3%A9ponses-%C3%A0-plusieurs-niveaux-pour-acc%C3%A9l%C3%A9rer-la-relance-apr%C3%A8s-les-chocs\">financement d\u2019urgence<\/a> pour les pays pauvres et de prolonger de deux ans l\u2019Initiative de suspension du service de la dette. Avec insolence, ils ont invit\u00e9 les pays donateurs \u00e0 suivre l\u2019exemple de la Chine en mati\u00e8re de recyclage des DTS \u2013 le pays s\u2019est engag\u00e9 \u00e0 consacrer 25 % de son allocation \u00e0 l\u2019Afrique. L\u2019adversaire g\u00e9opolitique de la Chine, les \u00c9tats-Unis, s\u2019est engag\u00e9 pour sa part \u00e0 verser\u2026 0 %.<\/p>\n<p><strong>Mode crise enclench\u00e9 :<\/strong> Le co\u00fbt annuel de <a href=\"https:\/\/www.sciencedirect.com\/science\/article\/pii\/S0306919221001299#:~:text=Ending%20hunger%20by%202030%20is,agriculture%2C%20food%20and%20rural%20development.\">l\u2019\u00e9radication de la faim<\/a> dans le monde est estim\u00e9 entre 39 et 50 milliards de dollars pour les 8 prochaines ann\u00e9es, ce qui permettrait de sortir environ 900 millions de personnes de la famine. Le march\u00e9 mondial des aliments pour animaux de compagnie est quant \u00e0 lui \u00e9valu\u00e9 \u00e0 plus de <a href=\"https:\/\/www.fortunebusinessinsights.com\/industry-reports\/pet-food-market-100554\">deux fois<\/a> le montant n\u00e9cessaire pour sauver les <a href=\"https:\/\/www.un.org\/fr\/chronicle\/article\/chaque-jour-25-000-personnes-meurent-de-faim\">25 000 personnes<\/a> qui meurent de faim chaque jour. Par ailleurs, le gouverneur de la Banque du Royaume-Uni a qualifi\u00e9 d\u2019<a href=\"https:\/\/www.theguardian.com\/business\/2022\/may\/16\/apocalyptic-food-prices-will-be-disastrous-for-worlds-poor-says-bank-governor\">\u201capocalyptique\u201d<\/a> la hausse rapide des prix des denr\u00e9es alimentaires. L\u2019inflation a ainsi atteint <a href=\"https:\/\/allafrica.com\/stories\/202205170009.html\">17,2 %<\/a> au Nigeria ce mois-ci. En r\u00e9ponse aux chocs mondiaux, l\u2019\u00e9conomiste Vera Songwe a appel\u00e9 \u00e0 la r\u00e9silience par une <a href=\"https:\/\/www.uneca.org\/sites\/default\/files\/com\/2022\/Newsletter1_Com2022.pdf\">protection sociale<\/a> accrue lors de la CoM2022. Plusieurs IFI ont lanc\u00e9 un \u201c<a href=\"https:\/\/home.treasury.gov\/system\/files\/136\/IFI_Action_Plan.pdf\">Plan d\u2019action pour lutter contre l\u2019ins\u00e9curit\u00e9 alimentaire<\/a>\u201d afin d\u2019augmenter les ressources et intensifier leur travail sur la s\u00e9curit\u00e9 alimentaire et l\u2019agriculture pour faire face \u00e0 la crise. La Banque mondiale a annonc\u00e9 <a href=\"https:\/\/www.worldbank.org\/en\/news\/press-release\/2022\/05\/18\/world-bank-announces-planned-actions-for-global-food-crisis-response\">12 milliards de dollars<\/a> de nouveaux financements \u2013 plus 18,7 milliards de dollars de fonds existants pr\u00eats \u00e0 \u00eatre utilis\u00e9s \u2013 pour lutter contre cette situation inqui\u00e9tante.<\/p>\n<p><strong>Ca devient chaud :<\/strong> L\u2019Inde a <a href=\"https:\/\/www.latribune.fr\/economie\/international\/le-g7-tire-la-sonnette-d-alarme-sur-les-risques-de-crise-alimentaire-mondiale-917871.html\">interdit<\/a> les exportations de bl\u00e9 dans un contexte de canicule et de hausse des prix des denr\u00e9es alimentaires. Les temp\u00e9ratures en Inde ont atteint un record de <a href=\"https:\/\/www.bfmtv.com\/international\/nous-vivons-en-enfer-l-inde-et-le-pakistan-confrontees-a-une-canicule-extreme-manquent-d-eau-et-d-electricite_AN-202205170579.html\">54\u00b0C en mai<\/a>, avec une baisse de la production agricole de 50% dans certaines r\u00e9gions. Les <a href=\"https:\/\/www.washingtonpost.com\/opinions\/2022\/05\/17\/haboob-dust-storm-iowa-food-prices\/\">crises convergentes<\/a> du changement climatique, de la pand\u00e9mie de COVID-19 et de la guerre en Ukraine continuent de provoquer des p\u00e9nuries de biens de premi\u00e8re n\u00e9cessit\u00e9 dans le monde. De plus, les scientifiques continuent de mettre en garde contre de futures <a href=\"https:\/\/www.bloomberg.com\/opinion\/articles\/2022-05-16\/zoonotic-spillover-is-one-of-the-greatest-threats-humanity-is-facing?utm_source=Airfinity&amp;utm_campaign=d571fbbc91-EMAIL_CAMPAIGN_2022_05_13_12_11_COPY_01&amp;utm_medium=email&amp;utm_term=0_41a531e556-d571fbbc91-512610833\">pand\u00e9mies<\/a> provoqu\u00e9es par le changement climatique du fait de l\u2019augmentation de contact entre esp\u00e8ces animales et humains, favorisant ainsi le risque de transmissions virales de nouvelles maladies.<\/p>\n<p><strong>M\u00eame visage, plus gros probl\u00e8mes :<\/strong> Dimanche, les membres du Parlement somalien <a href=\"https:\/\/fr.allafrica.com\/stories\/202205150016.html\">ont reconduit <\/a>l\u2019ancien Pr\u00e9sident Hassan Sheikh Mohamud \u00e0 ce poste, qu\u2019il avait pr\u00e9c\u00e9demment occup\u00e9 de 2012 \u00e0 2017. Le pr\u00e9sident Mohamud devra faire face \u00e0 l\u2019augmentation d\u2019attaques violentes du groupe al-Shabab, li\u00e9 \u00e0 Al-Qa\u00efda, et \u00e0 une s\u00e9cheresse d\u00e9vastatrice. Pour aider le gouvernement somalien \u00e0 lutter contre le terrorisme, le pr\u00e9sident Biden a annonc\u00e9 le renouvellement de la <a href=\"https:\/\/fr.allafrica.com\/stories\/202205170095.html\">pr\u00e9sence militaire<\/a> am\u00e9ricaine avec 500 soldats red\u00e9ploy\u00e9s. Entre-temps, la pire s\u00e9cheresse qu\u2019ait connue la Corne de l\u2019Afrique depuis 40 ans a d\u00e9j\u00e0 provoqu\u00e9 le d\u00e9placement d\u2019un <a href=\"https:\/\/reliefweb.int\/report\/somalia\/look-drought-crisis-somalia-and-kenya\">demi-million<\/a> de personnes, et 14 millions de personnes en Somalie, en \u00c9thiopie et au Kenya sont au bord de la famine.<\/p>\n<p><strong>Un coup de th\u00e9\u00e2tre : <\/strong>Les \u00c9tats-Unis veulent exclure la Chine de la proposition de d\u00e9rogation \u00e0 l\u2019accord sur les ADPIC actuellement examin\u00e9e par l\u2019Organisation Mondiale du Commerce, dans le cadre de la <a href=\"https:\/\/www.bloomberg.com\/news\/articles\/2022-05-16\/us-china-spat-may-spoil-global-deal-for-a-vaccine-patent-waiver?sref=0klsF1YE\">lutte commerciale<\/a> que se livrent les deux pays. En tant que seul pays en voie de d\u00e9veloppement \u00e0 avoir export\u00e9 plus de 10 % de ses vaccins, les \u00c9tats-Unis soutiennent que la Chine devrait \u00eatre exclue de toute d\u00e9rogation en mati\u00e8re de propri\u00e9t\u00e9 intellectuelle et ne sont pas satisfaits de la suggestion \u00e9mise par la Chine de se retirer volontairement. La proposition actuelle sur les ADPIC doit \u00eatre adopt\u00e9e \u00e0 l\u2019unanimit\u00e9 par les 164 membres de l\u2019OMC et la prochaine r\u00e9union de l\u2019organisation se tiendra du 12 au 15 juin. Entre-temps, <a href=\"https:\/\/www.ft.com\/content\/8627f8ed-6976-4d2f-9cdd-837e5e309213\">les dirigeants africains demandent \u00e0 Gavi<\/a>, l\u2019organisation charg\u00e9e de l\u2019approvisionnement en vaccins pour le programme Covax, de se procurer au moins 30 % de vaccins produits en Afrique.<\/p>\n<p><strong>Un progr\u00e8s (lent) : <\/strong>Un total de <a href=\"https:\/\/www.whitehouse.gov\/briefing-room\/statements-releases\/2022\/05\/12\/2nd-global-covid-19-summit-commitments\/\">3,1 milliards de dollars<\/a> de nouveaux financements a \u00e9t\u00e9 promis lors du sommet mondial sur la pand\u00e9mie de COVID-19 de la semaine derni\u00e8re. Les Etats-Unis ont annonc\u00e9 leur intention d\u2019inclure 11 licences <a href=\"https:\/\/www.science.org\/content\/article\/pretty-big-deal-u-s-makes-covid-19-technologies-available-use-developing-countries\">suppl\u00e9mentaires<\/a> pour des technologies m\u00e9dicales COVID-19 dans une communaut\u00e9 de brevets afin de faciliter l\u2019acc\u00e8s aux vaccins, tests et traitements pour les pays \u00e0 revenus faibles et interm\u00e9diaires. Les licences comprennent une <a href=\"https:\/\/www.whitehouse.gov\/briefing-room\/speeches-remarks\/2022\/05\/12\/remarks-by-president-biden-at-the-global-covid-19-summit\/\">prot\u00e9ine<\/a> de pointe cl\u00e9 utilis\u00e9e dans la fabrication des vaccins. Pourtant, comme <a href=\"https:\/\/www.one.org\/us\/press\/one-reacts-to-the-second-global-covid-summit\/\">l\u2019a dit<\/a> Gayle Smith, directrice g\u00e9n\u00e9rale de ONE, \u201cil y a une diff\u00e9rence entre faire plus et faire assez\u201d. Lors du sommet, les pays ont convenu de cr\u00e9er un fonds de pr\u00e9paration \u00e0 la pand\u00e9mie, dot\u00e9 d\u2019environ 715 millions de dollars de nouveaux financements, et pr\u00e8s de 2,5 milliards de dollars ont \u00e9t\u00e9 engag\u00e9s pour apporter une r\u00e9ponse mondiale \u00e0 la pand\u00e9mie. Si l\u2019on suppose que ces 2,5 milliards de dollars sont de nouveaux financements, cela porterait le total des fonds collect\u00e9s \u00e0 seulement 23 % de ce qui est n\u00e9cessaire pour faire face \u00e0 l\u2019\u00e9pid\u00e9mie.<\/p>\n<p><strong>Les montagnes russes de la r\u00e9infection : <\/strong>La plupart des gens seront infect\u00e9s par le COVID-19 <a href=\"https:\/\/www.nytimes.com\/2022\/05\/16\/health\/covid-reinfection.html\">plusieurs fois<\/a> par an si les protocoles actuels de gestion de la pand\u00e9mie se poursuivent, pr\u00e9viennent les experts de sant\u00e9. Si les vaccins restent efficaces contre les maladies graves, ces derniers mettent en garde contre les espoirs initiaux d\u2019une immunit\u00e9 durable, qui pourrait ne pas \u00eatre possible. Contrairement \u00e0 la grippe, le virus du COVID-19 semble capable de circuler largement tout au long de l\u2019ann\u00e9e, et chaque variant Omicron a \u00e9t\u00e9 capable d\u2019attaquer les d\u00e9fenses immunitaires jusqu\u2019\u00e0 pr\u00e9sent. Cela signifie une augmentation potentielle de Covid long, et les experts sugg\u00e8rent que des mises \u00e0 jour fr\u00e9quentes des vaccins seront n\u00e9cessaires pour combattre les nouveaux variants de COVID-19.<\/p>\n<p><strong>Il faut des actes, pas seulement des paroles : <\/strong>Ces deux derniers jours, les ministres du d\u00e9veloppement du G7 se sont r\u00e9unis \u00e0 Berlin pour discuter des principaux d\u00e9fis dans le contexte du d\u00e9veloppement. Il en est ressorti un discours fort : le G7 veut financer l\u2019acc\u00e9l\u00e9rateur ACT et mettre un accent particulier sur le dernier kilom\u00e8tre de la livraison, et \u00e9galement augmenter les capacit\u00e9s de production de vaccins sur le continent africain. Elles s\u2019engagent en faveur d\u2019une politique de d\u00e9veloppement f\u00e9ministe qui n\u00e9cessite des actions concr\u00e8tes. Le climat a \u00e9galement fait l\u2019objet de nombreux discours \u2013 g\u00e9n\u00e9ralement bons. Mais il manque des objectifs concrets et financiers, notamment en ce qui concerne Loss &amp; Damage. Suite \u00e0 l\u2019appel des chefs d\u2019\u00c9tat et de gouvernement, une alliance pour la s\u00e9curit\u00e9 alimentaire a \u00e9t\u00e9 cr\u00e9\u00e9e afin de soutenir les pays pauvres. L\u2019id\u00e9e d\u2019une alliance contre la faim semble g\u00e9niale, mais elle soul\u00e8ve aussi de nombreuses questions. Y a-t-il quelque chose de mesurable ou seulement du vieux vin dans de nouvelles outres ? Le G7 tient-il sa promesse de ne pas imposer de restrictions \u00e0 l\u2019exportation de denr\u00e9es alimentaires dans ses pays ? Et comment le G7 s\u2019assure-t-il que les c\u00e9r\u00e9ales en provenance d\u2019Ukraine parviennent l\u00e0 o\u00f9 elles sont r\u00e9ellement n\u00e9cessaires ? Le langage sur la dette et le cadre commun est \u00e9galement plut\u00f4t pauvre : ils veulent le mettre en \u0153uvre avec succ\u00e8s \u2013 mais n\u2019abordent pas les d\u00e9fis auxquels le cadre est confront\u00e9.<\/p>\n<p><strong>L\u2019\u00c9QUIPE DE ONE EN ACTION :\u00a0<\/strong><\/p>\n<ul>\n<li>ONE a particip\u00e9 \u00e0 une <a href=\"https:\/\/carnegieendowment.org\/2022\/05\/18\/how-african-countries-can-navigate-turbulent-global-economy-event-7880\">table ronde<\/a> sur la fa\u00e7on dont les pays africains peuvent naviguer dans une \u00e9conomie mondiale turbulente.<\/li>\n<li>David McNair de ONE, a analys\u00e9 les causes de la <a href=\"https:\/\/twitter.com\/David_McNair\/status\/1527087484982681602?s=20&amp;t=5JA7CtJJArNXel_woZFEBg\">crise alimentaire<\/a> mondiale.<\/li>\n<\/ul>\n<p><strong>LES CHIFFRES :<\/strong><\/p>\n<ul>\n<li><strong>13,6 millions :<\/strong> Le nombre d\u2019enfants souffrant de <a href=\"https:\/\/news.un.org\/fr\/story\/2022\/05\/1120132\">malnutrition s\u00e9v\u00e8re<\/a> dans le monde, \u00e0 l\u2019origine d\u2019un d\u00e9c\u00e8s sur cinq chez les enfants de moins de cinq ans.<\/li>\n<li><strong>11 % :<\/strong> Le pourcentage de produits agricoles africains commercialis\u00e9s sur le continent.<\/li>\n<\/ul>\n<div class=\"buffer\"><\/div>","protected":false},"excerpt":{"rendered":"<p>Cette semaine, dans Ondes de Choc : une inqui\u00e9tante augmentation de la pauvret\u00e9 dans le monde, la hausse de l\u2019ins\u00e9curit\u00e9 alimentaire, une plan\u00e8te qui br\u00fble, et plus encore. ACTUALIT\u00c9S Le pauvre h\u00e9ritage du COVID-19 : La pand\u00e9mie a plong\u00e9 55 millions de personnes dans la pauvret\u00e9 en 2020. C\u2019est plus que le nombre total de [&hellip;]<\/p>\n","protected":false},"author":0,"featured_media":162929,"comment_status":"open","ping_status":"open","sticky":false,"template":"","format":"standard","meta":{"_acf_changed":false,"_relevanssi_hide_post":"","_relevanssi_hide_content":"","_relevanssi_pin_for_all":"","_relevanssi_pin_keywords":"","_relevanssi_unpin_keywords":"","_relevanssi_related_keywords":"","_relevanssi_related_include_ids":"","_relevanssi_related_exclude_ids":"","_relevanssi_related_no_append":"","_relevanssi_related_not_related":"","_relevanssi_related_posts":"165045,165022,164979,164901,164801,164384","_relevanssi_noindex_reason":"","footnotes":""},"categories":[68],"tags":[],"topic":[86],"contributor":[33],"one_content_audience":[],"one_content_type":[],"one_content_tone":[],"class_list":["post-162569","post","type-post","status-publish","format-standard","has-post-thumbnail","hentry","category-analyse","topic-ondes-de-choc","contributor-one-france"],"acf":[],"yoast_head":"<!-- This site is optimized with the Yoast SEO Premium plugin v27.1 (Yoast SEO v27.1.1) - https:\/\/yoast.com\/product\/yoast-seo-premium-wordpress\/ -->\n<title>La situation actuelle est la pire que nous ayons jamais vue - ONE.org France<\/title>\n<meta name=\"description\" content=\"Une inqui\u00e9tante augmentation de la pauvret\u00e9 dans le monde, la hausse de l\u2019ins\u00e9curit\u00e9 alimentaire, une plan\u00e8te qui br\u00fble, et plus encore.\" \/>\n<meta name=\"robots\" content=\"index, follow, max-snippet:-1, max-image-preview:large, max-video-preview:-1\" \/>\n<link rel=\"canonical\" href=\"https:\/\/www.one.org\/fr\/actualites\/la-situation-actuelle-est-la-pire-que-nous-ayons-jamais-vue\/\" \/>\n<meta property=\"og:locale\" content=\"fr_FR\" \/>\n<meta property=\"og:type\" content=\"article\" \/>\n<meta property=\"og:title\" content=\"La situation actuelle est la pire que nous ayons jamais vue\" \/>\n<meta property=\"og:description\" content=\"Une inqui\u00e9tante augmentation de la pauvret\u00e9 dans le monde, la hausse de l\u2019ins\u00e9curit\u00e9 alimentaire, une plan\u00e8te qui br\u00fble, et plus encore.\" \/>\n<meta property=\"og:url\" content=\"https:\/\/www.one.org\/fr\/actualites\/la-situation-actuelle-est-la-pire-que-nous-ayons-jamais-vue\/\" \/>\n<meta property=\"og:site_name\" content=\"ONE.org France\" \/>\n<meta property=\"article:publisher\" content=\"https:\/\/www.facebook.com\/ONE.Fr\" \/>\n<meta property=\"article:published_time\" content=\"2022-05-20T08:30:52+00:00\" \/>\n<meta property=\"article:modified_time\" content=\"2024-04-23T12:33:29+00:00\" \/>\n<meta property=\"og:image\" content=\"https:\/\/www.one.org\/fr\/wp-content\/uploads\/sites\/4\/2022\/05\/Aftershock_2021_FeaturedImage_1200x1200_en_006.jpg\" \/>\n\t<meta property=\"og:image:width\" content=\"1201\" \/>\n\t<meta property=\"og:image:height\" content=\"1201\" \/>\n\t<meta property=\"og:image:type\" content=\"image\/jpeg\" \/>\n<meta name=\"twitter:card\" content=\"summary_large_image\" \/>\n<meta name=\"twitter:creator\" content=\"@one_fr\" \/>\n<meta name=\"twitter:site\" content=\"@one_fr\" \/>\n<meta name=\"twitter:label1\" content=\"Est. reading time\" \/>\n\t<meta name=\"twitter:data1\" content=\"8 minutes\" \/>\n<script type=\"application\/ld+json\" class=\"yoast-schema-graph\">{\"@context\":\"https:\/\/schema.org\",\"@graph\":[{\"@type\":\"Article\",\"@id\":\"https:\/\/www.one.org\/fr\/actualites\/la-situation-actuelle-est-la-pire-que-nous-ayons-jamais-vue\/#article\",\"isPartOf\":{\"@id\":\"https:\/\/www.one.org\/fr\/actualites\/la-situation-actuelle-est-la-pire-que-nous-ayons-jamais-vue\/\"},\"author\":{\"name\":\"\",\"@id\":\"\"},\"headline\":\"La situation actuelle est la pire que nous ayons jamais vue\",\"datePublished\":\"2022-05-20T08:30:52+00:00\",\"dateModified\":\"2024-04-23T12:33:29+00:00\",\"mainEntityOfPage\":{\"@id\":\"https:\/\/www.one.org\/fr\/actualites\/la-situation-actuelle-est-la-pire-que-nous-ayons-jamais-vue\/\"},\"wordCount\":1600,\"commentCount\":0,\"image\":{\"@id\":\"https:\/\/www.one.org\/fr\/actualites\/la-situation-actuelle-est-la-pire-que-nous-ayons-jamais-vue\/#primaryimage\"},\"thumbnailUrl\":\"https:\/\/www.one.org\/fr\/wp-content\/uploads\/sites\/4\/2022\/05\/Aftershock_2021_FeaturedImage_1200x1200_en_006.jpg\",\"articleSection\":[\"Analyse\"],\"inLanguage\":\"fr-FR\",\"potentialAction\":[{\"@type\":\"CommentAction\",\"name\":\"Comment\",\"target\":[\"https:\/\/www.one.org\/fr\/actualites\/la-situation-actuelle-est-la-pire-que-nous-ayons-jamais-vue\/#respond\"]}]},{\"@type\":\"WebPage\",\"@id\":\"https:\/\/www.one.org\/fr\/actualites\/la-situation-actuelle-est-la-pire-que-nous-ayons-jamais-vue\/\",\"url\":\"https:\/\/www.one.org\/fr\/actualites\/la-situation-actuelle-est-la-pire-que-nous-ayons-jamais-vue\/\",\"name\":\"La situation actuelle est la pire que nous ayons jamais vue - ONE.org France\",\"isPartOf\":{\"@id\":\"https:\/\/www.one.org\/fr\/#website\"},\"primaryImageOfPage\":{\"@id\":\"https:\/\/www.one.org\/fr\/actualites\/la-situation-actuelle-est-la-pire-que-nous-ayons-jamais-vue\/#primaryimage\"},\"image\":{\"@id\":\"https:\/\/www.one.org\/fr\/actualites\/la-situation-actuelle-est-la-pire-que-nous-ayons-jamais-vue\/#primaryimage\"},\"thumbnailUrl\":\"https:\/\/www.one.org\/fr\/wp-content\/uploads\/sites\/4\/2022\/05\/Aftershock_2021_FeaturedImage_1200x1200_en_006.jpg\",\"datePublished\":\"2022-05-20T08:30:52+00:00\",\"dateModified\":\"2024-04-23T12:33:29+00:00\",\"author\":{\"@id\":\"\"},\"description\":\"Une inqui\u00e9tante augmentation de la pauvret\u00e9 dans le monde, la hausse de l\u2019ins\u00e9curit\u00e9 alimentaire, une plan\u00e8te qui br\u00fble, et plus encore.\",\"breadcrumb\":{\"@id\":\"https:\/\/www.one.org\/fr\/actualites\/la-situation-actuelle-est-la-pire-que-nous-ayons-jamais-vue\/#breadcrumb\"},\"inLanguage\":\"fr-FR\",\"potentialAction\":[{\"@type\":\"ReadAction\",\"target\":[\"https:\/\/www.one.org\/fr\/actualites\/la-situation-actuelle-est-la-pire-que-nous-ayons-jamais-vue\/\"]}]},{\"@type\":\"ImageObject\",\"inLanguage\":\"fr-FR\",\"@id\":\"https:\/\/www.one.org\/fr\/actualites\/la-situation-actuelle-est-la-pire-que-nous-ayons-jamais-vue\/#primaryimage\",\"url\":\"https:\/\/www.one.org\/fr\/wp-content\/uploads\/sites\/4\/2022\/05\/Aftershock_2021_FeaturedImage_1200x1200_en_006.jpg\",\"contentUrl\":\"https:\/\/www.one.org\/fr\/wp-content\/uploads\/sites\/4\/2022\/05\/Aftershock_2021_FeaturedImage_1200x1200_en_006.jpg\",\"width\":1201,\"height\":1201},{\"@type\":\"BreadcrumbList\",\"@id\":\"https:\/\/www.one.org\/fr\/actualites\/la-situation-actuelle-est-la-pire-que-nous-ayons-jamais-vue\/#breadcrumb\",\"itemListElement\":[{\"@type\":\"ListItem\",\"position\":1,\"name\":\"Home\",\"item\":\"https:\/\/www.one.org\/fr\/\"},{\"@type\":\"ListItem\",\"position\":2,\"name\":\"La situation actuelle est la pire que nous ayons jamais vue\"}]},{\"@type\":\"WebSite\",\"@id\":\"https:\/\/www.one.org\/fr\/#website\",\"url\":\"https:\/\/www.one.org\/fr\/\",\"name\":\"ONE.org\",\"description\":\"Cr\u00e9er des opportunit\u00e9s \u00e9conomiques et am\u00e9liorer la sant\u00e9 en Afrique\",\"potentialAction\":[{\"@type\":\"SearchAction\",\"target\":{\"@type\":\"EntryPoint\",\"urlTemplate\":\"https:\/\/www.one.org\/fr\/?s={search_term_string}\"},\"query-input\":{\"@type\":\"PropertyValueSpecification\",\"valueRequired\":true,\"valueName\":\"search_term_string\"}}],\"inLanguage\":\"fr-FR\"}]}<\/script>\n<!-- \/ Yoast SEO Premium plugin. -->","yoast_head_json":{"title":"La situation actuelle est la pire que nous ayons jamais vue - ONE.org France","description":"Une inqui\u00e9tante augmentation de la pauvret\u00e9 dans le monde, la hausse de l\u2019ins\u00e9curit\u00e9 alimentaire, une plan\u00e8te qui br\u00fble, et plus encore.","robots":{"index":"index","follow":"follow","max-snippet":"max-snippet:-1","max-image-preview":"max-image-preview:large","max-video-preview":"max-video-preview:-1"},"canonical":"https:\/\/www.one.org\/fr\/actualites\/la-situation-actuelle-est-la-pire-que-nous-ayons-jamais-vue\/","og_locale":"fr_FR","og_type":"article","og_title":"La situation actuelle est la pire que nous ayons jamais vue","og_description":"Une inqui\u00e9tante augmentation de la pauvret\u00e9 dans le monde, la hausse de l\u2019ins\u00e9curit\u00e9 alimentaire, une plan\u00e8te qui br\u00fble, et plus encore.","og_url":"https:\/\/www.one.org\/fr\/actualites\/la-situation-actuelle-est-la-pire-que-nous-ayons-jamais-vue\/","og_site_name":"ONE.org France","article_publisher":"https:\/\/www.facebook.com\/ONE.Fr","article_published_time":"2022-05-20T08:30:52+00:00","article_modified_time":"2024-04-23T12:33:29+00:00","og_image":[{"width":1201,"height":1201,"url":"https:\/\/www.one.org\/fr\/wp-content\/uploads\/sites\/4\/2022\/05\/Aftershock_2021_FeaturedImage_1200x1200_en_006.jpg","type":"image\/jpeg"}],"twitter_card":"summary_large_image","twitter_creator":"@one_fr","twitter_site":"@one_fr","twitter_misc":{"Est. reading time":"8 minutes"},"schema":{"@context":"https:\/\/schema.org","@graph":[{"@type":"Article","@id":"https:\/\/www.one.org\/fr\/actualites\/la-situation-actuelle-est-la-pire-que-nous-ayons-jamais-vue\/#article","isPartOf":{"@id":"https:\/\/www.one.org\/fr\/actualites\/la-situation-actuelle-est-la-pire-que-nous-ayons-jamais-vue\/"},"author":{"name":"","@id":""},"headline":"La situation actuelle est la pire que nous ayons jamais vue","datePublished":"2022-05-20T08:30:52+00:00","dateModified":"2024-04-23T12:33:29+00:00","mainEntityOfPage":{"@id":"https:\/\/www.one.org\/fr\/actualites\/la-situation-actuelle-est-la-pire-que-nous-ayons-jamais-vue\/"},"wordCount":1600,"commentCount":0,"image":{"@id":"https:\/\/www.one.org\/fr\/actualites\/la-situation-actuelle-est-la-pire-que-nous-ayons-jamais-vue\/#primaryimage"},"thumbnailUrl":"https:\/\/www.one.org\/fr\/wp-content\/uploads\/sites\/4\/2022\/05\/Aftershock_2021_FeaturedImage_1200x1200_en_006.jpg","articleSection":["Analyse"],"inLanguage":"fr-FR","potentialAction":[{"@type":"CommentAction","name":"Comment","target":["https:\/\/www.one.org\/fr\/actualites\/la-situation-actuelle-est-la-pire-que-nous-ayons-jamais-vue\/#respond"]}]},{"@type":"WebPage","@id":"https:\/\/www.one.org\/fr\/actualites\/la-situation-actuelle-est-la-pire-que-nous-ayons-jamais-vue\/","url":"https:\/\/www.one.org\/fr\/actualites\/la-situation-actuelle-est-la-pire-que-nous-ayons-jamais-vue\/","name":"La situation actuelle est la pire que nous ayons jamais vue - ONE.org France","isPartOf":{"@id":"https:\/\/www.one.org\/fr\/#website"},"primaryImageOfPage":{"@id":"https:\/\/www.one.org\/fr\/actualites\/la-situation-actuelle-est-la-pire-que-nous-ayons-jamais-vue\/#primaryimage"},"image":{"@id":"https:\/\/www.one.org\/fr\/actualites\/la-situation-actuelle-est-la-pire-que-nous-ayons-jamais-vue\/#primaryimage"},"thumbnailUrl":"https:\/\/www.one.org\/fr\/wp-content\/uploads\/sites\/4\/2022\/05\/Aftershock_2021_FeaturedImage_1200x1200_en_006.jpg","datePublished":"2022-05-20T08:30:52+00:00","dateModified":"2024-04-23T12:33:29+00:00","author":{"@id":""},"description":"Une inqui\u00e9tante augmentation de la pauvret\u00e9 dans le monde, la hausse de l\u2019ins\u00e9curit\u00e9 alimentaire, une plan\u00e8te qui br\u00fble, et plus encore.","breadcrumb":{"@id":"https:\/\/www.one.org\/fr\/actualites\/la-situation-actuelle-est-la-pire-que-nous-ayons-jamais-vue\/#breadcrumb"},"inLanguage":"fr-FR","potentialAction":[{"@type":"ReadAction","target":["https:\/\/www.one.org\/fr\/actualites\/la-situation-actuelle-est-la-pire-que-nous-ayons-jamais-vue\/"]}]},{"@type":"ImageObject","inLanguage":"fr-FR","@id":"https:\/\/www.one.org\/fr\/actualites\/la-situation-actuelle-est-la-pire-que-nous-ayons-jamais-vue\/#primaryimage","url":"https:\/\/www.one.org\/fr\/wp-content\/uploads\/sites\/4\/2022\/05\/Aftershock_2021_FeaturedImage_1200x1200_en_006.jpg","contentUrl":"https:\/\/www.one.org\/fr\/wp-content\/uploads\/sites\/4\/2022\/05\/Aftershock_2021_FeaturedImage_1200x1200_en_006.jpg","width":1201,"height":1201},{"@type":"BreadcrumbList","@id":"https:\/\/www.one.org\/fr\/actualites\/la-situation-actuelle-est-la-pire-que-nous-ayons-jamais-vue\/#breadcrumb","itemListElement":[{"@type":"ListItem","position":1,"name":"Home","item":"https:\/\/www.one.org\/fr\/"},{"@type":"ListItem","position":2,"name":"La situation actuelle est la pire que nous ayons jamais vue"}]},{"@type":"WebSite","@id":"https:\/\/www.one.org\/fr\/#website","url":"https:\/\/www.one.org\/fr\/","name":"ONE.org","description":"Cr\u00e9er des opportunit\u00e9s \u00e9conomiques et am\u00e9liorer la sant\u00e9 en Afrique","potentialAction":[{"@type":"SearchAction","target":{"@type":"EntryPoint","urlTemplate":"https:\/\/www.one.org\/fr\/?s={search_term_string}"},"query-input":{"@type":"PropertyValueSpecification","valueRequired":true,"valueName":"search_term_string"}}],"inLanguage":"fr-FR"}]}},"distributor_meta":false,"distributor_terms":false,"distributor_media":false,"distributor_original_site_name":"ONE.org France","distributor_original_site_url":"https:\/\/www.one.org\/fr","push-errors":false,"_links":{"self":[{"href":"https:\/\/www.one.org\/fr\/wp-json\/wp\/v2\/posts\/162569","targetHints":{"allow":["GET"]}}],"collection":[{"href":"https:\/\/www.one.org\/fr\/wp-json\/wp\/v2\/posts"}],"about":[{"href":"https:\/\/www.one.org\/fr\/wp-json\/wp\/v2\/types\/post"}],"replies":[{"embeddable":true,"href":"https:\/\/www.one.org\/fr\/wp-json\/wp\/v2\/comments?post=162569"}],"version-history":[{"count":0,"href":"https:\/\/www.one.org\/fr\/wp-json\/wp\/v2\/posts\/162569\/revisions"}],"wp:featuredmedia":[{"embeddable":true,"href":"https:\/\/www.one.org\/fr\/wp-json\/wp\/v2\/media\/162929"}],"wp:attachment":[{"href":"https:\/\/www.one.org\/fr\/wp-json\/wp\/v2\/media?parent=162569"}],"wp:term":[{"taxonomy":"category","embeddable":true,"href":"https:\/\/www.one.org\/fr\/wp-json\/wp\/v2\/categories?post=162569"},{"taxonomy":"post_tag","embeddable":true,"href":"https:\/\/www.one.org\/fr\/wp-json\/wp\/v2\/tags?post=162569"},{"taxonomy":"topic","embeddable":true,"href":"https:\/\/www.one.org\/fr\/wp-json\/wp\/v2\/topic?post=162569"},{"taxonomy":"contributor","embeddable":true,"href":"https:\/\/www.one.org\/fr\/wp-json\/wp\/v2\/contributor?post=162569"},{"taxonomy":"one_content_audience","embeddable":true,"href":"https:\/\/www.one.org\/fr\/wp-json\/wp\/v2\/one_content_audience?post=162569"},{"taxonomy":"one_content_type","embeddable":true,"href":"https:\/\/www.one.org\/fr\/wp-json\/wp\/v2\/one_content_type?post=162569"},{"taxonomy":"one_content_tone","embeddable":true,"href":"https:\/\/www.one.org\/fr\/wp-json\/wp\/v2\/one_content_tone?post=162569"}],"curies":[{"name":"wp","href":"https:\/\/api.w.org\/{rel}","templated":true}]}}