{"id":162567,"date":"2022-05-12T06:09:23","date_gmt":"2022-05-12T06:09:23","guid":{"rendered":"https:\/\/www.one.org\/fr\/des-milliards-manquants-avant-le-sommet-mondial-sur-le-covid-19\/"},"modified":"2024-04-23T12:33:35","modified_gmt":"2024-04-23T12:33:35","slug":"ondes-de-choc-des-milliards-manquants","status":"publish","type":"post","link":"https:\/\/www.one.org\/fr\/actualites\/ondes-de-choc-des-milliards-manquants\/","title":{"rendered":"Des milliards manquants avant le sommet mondial sur le COVID-19"},"content":{"rendered":"<p><i><span style=\"font-weight: 400\">Aujourd&rsquo;hui, jeudi 12 mai, le Belize, l&rsquo;Allemagne, l&rsquo;Indon&eacute;sie, le S&eacute;n&eacute;gal et les &Eacute;tats-Unis accueillent conjointement le deuxi&egrave;me sommet mondial sur le COVID-19. Dans cette &eacute;dition sp&eacute;ciale, nous mettons en lumi&egrave;re ses principaux enjeux. Spoiler : le monde souhaite en finir avec le COVID-19, mais le virus est loin d&rsquo;en avoir fini avec nous.<\/span><\/i><\/p>\n<p><strong>ACTUALIT&Eacute;S :<\/strong><\/p>\n<p><strong>Discrimination vaccinale :<\/strong> Le sommet mondial sur le COVID-19 se d&eacute;roule dans un contexte d&rsquo;in&eacute;galit&eacute; persistante en mati&egrave;re de vaccination et de menace permanente de mutation du virus en un variant encore plus dangereux. Seuls 4 % des 11,7 milliards de vaccins contre le COVID-19 administr&eacute;s dans le monde <a href=\"https:\/\/www.one.org\/africa\/issues\/covid-19-tracker\/explore-vaccines\/#0\">l&rsquo;ont &eacute;t&eacute; en Afrique<\/a>. Sur pr&egrave;s d&rsquo;1,3 milliard d&rsquo;Africains, seul 1 sur 6 est <a href=\"https:\/\/www.one.org\/africa\/issues\/covid-19-tracker\/explore-vaccines\/#3\">enti&egrave;rement vaccin&eacute;<\/a>, souvent avec des vaccins sans ARN <a href=\"https:\/\/www.bloomberg.com\/news\/articles\/2021-12-17\/sinopharm-j-j-sputnik-shots-weaken-against-omicron-study-sees#:~:text=Covid%2D19%20shots%20made%20by,variant%27s%20vaccine%2Devading%20abilities%20mount.\">jug&eacute;s moins efficaces<\/a> contre le variant Omicron. Quatorze pays africains ont un taux de vaccination inf&eacute;rieur &agrave; 10 % ; au Burundi et en RDC, il est inf&eacute;rieur &agrave; 1 %. Les pays riches, en revanche, ont atteint <a href=\"https:\/\/www.one.org\/africa\/issues\/covid-19-tracker\/explore-vaccines\/#1\">l&rsquo;objectif de vaccination<\/a> de 70 % fix&eacute; par l&rsquo;OMS. Pendant ce temps, l&rsquo;Afrique du Sud est sur le point de conna&icirc;tre <a href=\"https:\/\/www.bloomberg.com\/news\/articles\/2022-05-05\/south-africa-records-highest-positivity-rate-yet-of-fifth-wave\">sa cinqui&egrave;me vague de la pand&eacute;mie<\/a>, et le nombre officiel de d&eacute;c&egrave;s aux &Eacute;tats-Unis approche le chiffre <a href=\"https:\/\/www.washingtonpost.com\/nation\/2022\/05\/07\/one-million-covid-deaths-families\/\">alarmant d&rsquo;un million<\/a>.<\/p>\n<p><img decoding=\"async\" loading=\"lazy\" class=\"aligncenter size-large wp-image-158608\" src=\"https:\/\/cdn.one.org\/fr\/wp-content\/uploads\/2022\/05\/13060205\/ondes-de-choc-640x412.png\" alt=\"\" width=\"593\" height=\"382\"><\/p>\n<p><strong>De belles paroles et peu d&rsquo;action :<\/strong> Heureusement, les vaccins ne sont pas les seuls outils disponibles pour lutter contre la pand&eacute;mie : les antiviraux, comme ceux d&eacute;velopp&eacute;s par Pfizer et Merck, peuvent &ecirc;tre une v&eacute;ritable bou&eacute;e de sauvetage pour les patients atteints du COVID-19. De plus, ils sont relativement <a href=\"https:\/\/www.nature.com\/articles\/d41586-022-00220-5\">faciles et peu co&ucirc;teux<\/a> &agrave; administrer dans les pays &agrave; faible revenu. Or, comme pour les vaccins, les pays riches ont achet&eacute; la quasi-totalit&eacute; de l&rsquo;approvisionnement initial en m&eacute;dicaments, ne laissant presque rien aux pays pauvres, o&ugrave; ils sont pourtant encore plus n&eacute;cessaires au vu des faibles taux de vaccination. Les pays riches <a href=\"https:\/\/launchandscalefaster.org\/covid-19\/therapeutics\">se sont ainsi accapar&eacute;<\/a>s 98,7 % de l&rsquo;approvisionnement en Paxlovid de Pfizer et 65,9 % du molnupiravir de Merck. Les &Eacute;tats-Unis ont d&eacute;sormais <a href=\"https:\/\/www.nytimes.com\/2022\/04\/26\/us\/politics\/paxlovid-test-to-treat.html\">un exc&eacute;dent<\/a> de Paxlovid. Pfizer et Merck ont conclu des accords avec le Medicines Patent Pool (Communaut&eacute; de brevets pour les m&eacute;dicaments) afin de fournir des versions g&eacute;n&eacute;riques de leurs m&eacute;dicaments dans respectivement <a href=\"https:\/\/medicinespatentpool.org\/news-publications-post\/35-generic-manufacturers-sign-agreements-with-mpp-to-produce-low-cost-generic-versions-of-pfizers-oral-covid-19-treatment-nirmatrelvir-in-combination-with-ritonavir-for-supply-in-95-low-and\">95<\/a> et <a href=\"https:\/\/www.merck.com\/news\/the-medicines-patent-pool-mpp-and-merck-enter-into-license-agreement-for-molnupiravir-an-investigational-oral-antiviral-covid-19-medicine-to-increase-broad-access-in-low-and-middle-income-countri\/\">105<\/a> pays. Mais les pays africains ne <a href=\"https:\/\/www.nytimes.com\/2022\/05\/08\/us\/politics\/covid-pills-global-aids-hiv.html?referringSource=articleShare\">les recevront probablement<\/a> pas avant 2023, et les accords <a href=\"https:\/\/www.nytimes.com\/2022\/05\/08\/us\/politics\/covid-pills-global-aids-hiv.html?referringSource=articleShare\">excluent<\/a> de nombreux pays &agrave; revenu interm&eacute;diaire.<\/p>\n<p><strong>Test de patience :<\/strong> <a href=\"https:\/\/twitter.com\/ACTAccelerator\/status\/1518498365582970880\">Seuls 21,5 %<\/a> des quelque 6 milliards de tests COVID r&eacute;alis&eacute;s dans le monde l&rsquo;ont &eacute;t&eacute; dans des pays &agrave; revenu faible et interm&eacute;diaire, o&ugrave; vit pourtant la moiti&eacute; de la population mondiale. Plus de 60 % <a href=\"https:\/\/www.finddx.org\/covid-19\/test-tracker\/\">ont &eacute;t&eacute; utilis&eacute;s<\/a> dans des pays &agrave; haut revenu. Ces tests sont pourtant essentiels pour suivre et combattre le virus. Le nouveau plan strat&eacute;gique de l&rsquo;Acc&eacute;l&eacute;rateur ACT a mis au point des tests pilotes pr&ecirc;ts &agrave; &ecirc;tre lanc&eacute;s dans 20 pays, mais le manque de financement <a href=\"https:\/\/www.nytimes.com\/2022\/05\/08\/us\/politics\/covid-pills-global-aids-hiv.html?referringSource=articleShare\">entrave les progr&egrave;s.<\/a> &#129318; &#65039;D&rsquo;apr&egrave;s de nouvelles estimations de l&rsquo;OMS, la surmortalit&eacute;, soit le nombre total de d&eacute;c&egrave;s associ&eacute;s directement ou indirectement &agrave; la pand&eacute;mie de COVID-19 &eacute;tait <a href=\"https:\/\/www.who.int\/fr\/news\/item\/05-05-2022-14.9-million-excess-deaths-were-associated-with-the-covid-19-pandemic-in-2020-and-2021\">d&rsquo;environ 15 millions<\/a>, soit <a href=\"https:\/\/twitter.com\/WHO\/status\/1522195970825535488?s=20&amp;t=UAyaVZI0UjPDnlZGzt4Mig\">pr&egrave;s de trois fois<\/a> le chiffre annonc&eacute; par les statistiques officielles.<\/p>\n<p><strong>Mind the gap :<\/strong> Malgr&eacute; les diff&eacute;rentes crises, il manque toujours <a href=\"https:\/\/www.who.int\/publications\/m\/item\/access-to-covid-19-tools-tracker\">&nbsp;14,89 milliards de dollars<\/a> au financement de la r&eacute;ponse internationale au COVID-19. &#128064; Jusqu&rsquo;&agrave; pr&eacute;sent, 3,91 milliards de dollars ont &eacute;t&eacute; vers&eacute;s pour les vaccins, traitements et tests afin d&rsquo;apporter une r&eacute;ponse au COVID-19 dans les pays &agrave; revenu faible et interm&eacute;diaire. Ce montant comprend <a href=\"https:\/\/www.who.int\/publications\/m\/item\/access-to-covid-19-tools-tracker\">1,96 milliard de dollars provenant du tracker ACT-A<\/a>, 1,7 milliard de dollars <a href=\"https:\/\/www.gavi.org\/fr\/actualites\/media-room\/dirigeants-mondiaux-sengagent-verser-48-milliards-dollars-us-pour-terrasser-covid\">promis<\/a> par les gouvernements donateurs lors du sommet COVAX du 8 avril, ainsi que des contributions bilat&eacute;rales pour le soutien &agrave; la livraison.<\/p>\n<p><img decoding=\"async\" loading=\"lazy\" class=\"aligncenter size-large wp-image-158609\" src=\"https:\/\/cdn.one.org\/fr\/wp-content\/uploads\/2022\/05\/13060252\/ondes-de-choc-2-640x410.png\" alt=\"\" width=\"593\" height=\"380\"><\/p>\n<p><strong>Des promesses recycl&eacute;es : <\/strong>Sur le plan &eacute;conomique, les promesses de recyclage de DTS ont atteint 60% de leur <a href=\"https:\/\/www.reuters.com\/article\/us-france-africa-summit-idAFKCN2CZ0YT\">objectif de 100 milliards de dollars<\/a>, et certains pays comme la Chine et l&rsquo;Allemagne <a href=\"https:\/\/www.one.org\/international\/issues\/pandemic-response-report-cards\/\">ont atteint leurs cibles<\/a>. Pendant ce temps, les &Eacute;tats-Unis restent bloqu&eacute;s &agrave; z&eacute;ro &ndash; et il semble que cela va durer car <a href=\"https:\/\/www.nytimes.com\/2022\/05\/09\/us\/politics\/biden-covd-aid.html?smid=tw-nytimes&amp;smtyp=cur\">le Congr&egrave;s am&eacute;ricain<\/a> n&rsquo;a pas r&eacute;ussi &agrave; adopter une nouvelle enveloppe budg&eacute;taire afin d&rsquo;apporter <a href=\"https:\/\/www.whitehouse.gov\/briefing-room\/statements-releases\/2022\/05\/09\/statement-by-president-joe-biden-on-funding-for-covid-19-and-ukraine\/\">une r&eacute;ponse internationale au COVID-19<\/a>, laissant le <a href=\"https:\/\/www.voanews.com\/a\/us-to-bring-no-pandemic-funds-to-global-covid-19-summit-\/6560297.html\">Pr&eacute;sident Biden les mains vides<\/a> pour le sommet du 12 mai.<\/p>\n<p><img decoding=\"async\" loading=\"lazy\" class=\"aligncenter size-large wp-image-158610\" src=\"https:\/\/cdn.one.org\/fr\/wp-content\/uploads\/2022\/05\/13060352\/ondes-de-choc-3-640x410.png\" alt=\"\" width=\"593\" height=\"380\"><\/p>\n<p><strong>Une d&eacute;rogation lente :<\/strong> La saga l&eacute;thargique visant &agrave; obtenir une d&eacute;rogation ADPIC significative se poursuit&hellip;tr&egrave;s lentement. &#128012; L&rsquo;OMC et ses membres ont pris 18 mois &agrave; examiner une proposition urgente de d&eacute;rogation &agrave; l&rsquo;ADPIC propos&eacute;e par l&rsquo;Inde et l&rsquo;Afrique du Sud en octobre 2020. C&rsquo;est &agrave; peu pr&egrave;s &agrave; ce m&ecirc;me moment que les pays riches finalisaient leurs accords d&rsquo;achat anticip&eacute; afin d&rsquo;acheter l&rsquo;approvisionnement mondial en vaccins contre le COVID-19. La semaine derni&egrave;re, un projet de proposition de d&eacute;rogation aux ADPIC &ndash; qu&rsquo;une coalition de 170 groupes a qualifi&eacute; <a href=\"https:\/\/tradejusticeedfund.org\/wp-content\/uploads\/USTR_TRIPSWaiverCounterproposalLetter_050922.pdf\">d&rsquo;insuffisant et de fastidieux<\/a> &agrave; cause des barri&egrave;res de propri&eacute;t&eacute; intellectuelle et de l&rsquo;exclusion des tests et traitements &ndash; a &eacute;t&eacute; pr&eacute;sent&eacute; &agrave; l&rsquo;ensemble des membres de l&rsquo;OMC.<a href=\"https:\/\/twitter.com\/ashleighfurlong\/status\/1522619273247608838\"> Il a re&ccedil;u une r&eacute;ponse ti&egrave;de<\/a>, aucun pays ne semblant vouloir s&rsquo;approprier la proposition.<\/p>\n<p><strong>Tous les syst&egrave;mes sont en panne : <\/strong>Le COVID-19 a durement touch&eacute; <a href=\"https:\/\/gh.bmj.com\/content\/6\/12\/e007179\">les secteurs de la sant&eacute; des pays africains<\/a>. Si certaines perturbations caus&eacute;es par la pand&eacute;mie sont similaires &agrave; celles d&rsquo;autres r&eacute;gions du monde, il existe des diff&eacute;rences syst&eacute;miques entre les pays : les d&eacute;penses de sant&eacute; par habitant se situent <a href=\"https:\/\/www.un.org\/africarenewal\/fr\/magazine\/octobre-2020\/financement-public-de-la-sant%C3%A9-en-afrique-15-dun-%C3%A9l%C3%A9phant-nest-pas-15-dun\">entre 8 et 129 dollars dans les pays africains<\/a>, contre 4 000 dollars dans les pays &agrave; haut revenu, en partie &agrave; cause du faible PIB et des imp&ocirc;ts. Cela s&rsquo;est traduit par une mauvaise pr&eacute;paration &agrave; la pand&eacute;mie, des ressources et des &eacute;quipements insuffisants, ainsi qu&rsquo;une capacit&eacute; de d&eacute;pistage limit&eacute;e, <a href=\"https:\/\/gh.bmj.com\/content\/6\/12\/e007179\">qui ont &eacute;branl&eacute; les r&eacute;ponses de ces pays au COVID-19<\/a>. La <a href=\"https:\/\/www.afro.who.int\/fr\/news\/la-pandemie-de-covid-19-aggrave-les-lacunes-en-matiere-de-vaccination-systematique-en-afrique\">diminution des vaccinations syst&eacute;matiques<\/a> (ainsi que celles contre le COVID-19) fait partie des nombreuses cons&eacute;quences de la pand&eacute;mie, avec une augmentation de <a href=\"https:\/\/www.afro.who.int\/fr\/news\/les-epidemies-des-maladies-evitables-par-la-vaccination-sont-en-hausse-en-afrique\">400 % des cas de rougeole<\/a> en Afrique. La baisse des recettes publiques rendra encore plus difficile pour les pays &agrave; faible revenu de renforcer leurs syst&egrave;mes de sant&eacute; afin de combattre l&rsquo;&eacute;pid&eacute;mie et se pr&eacute;parer &agrave; la prochaine. Les DTS, s&rsquo;ils sont r&eacute;affect&eacute;s aux pays dans le besoin, pourraient contribuer &agrave; combler cette lacune.<\/p>\n<p><strong>L&rsquo;&Eacute;QUIPE DE ONE EN ACTION :&nbsp;<\/strong><\/p>\n<ul>\n<li>La directrice g&eacute;n&eacute;rale de ONE, Gayle Smith, <a href=\"https:\/\/www.one.org\/international\/press\/activists-challenge-world-leaders-to-tackle-converging-crises-at-upcoming-global-summits\/\">met au d&eacute;fi les dirigeants mondiaux<\/a> de faire preuve d&rsquo;audace et d&rsquo;un leadership d&eacute;termin&eacute; dans la mise en place d&rsquo;une strat&eacute;gie coh&eacute;rente pour mettre fin &agrave; la pand&eacute;mie.<\/li>\n<\/ul>\n<p><strong>LES CHIFFRES :<\/strong><\/p>\n<ul>\n<li><strong>94 % :<\/strong> C&rsquo;est la part des ventes de l&rsquo;antiviral Paxlovid <a href=\"https:\/\/launchandscalefaster.org\/covid-19\/therapeutics\">achet&eacute;e par les pays &agrave; haut revenu<\/a> &agrave; ce jour.<\/li>\n<li><strong>2,7 fois :<\/strong> Le nombre de doses de vaccin achet&eacute;es par les pays &agrave; haut revenu <a href=\"https:\/\/launchandscalefaster.org\/covid-19\/vaccinepurchases\">par rapport au programme COVAX<\/a>.<\/li>\n<li><strong>7,7 millions :<\/strong> C&rsquo;est le nombre d&rsquo;enfants africains qui n&rsquo;auront pas re&ccedil;u leur vaccin contre la dipht&eacute;rie, le t&eacute;tanos et la coqueluche (DTC-1) en 2020. Cela <a href=\"https:\/\/www.afro.who.int\/fr\/news\/la-pandemie-de-covid-19-aggrave-les-lacunes-en-matiere-de-vaccination-systematique-en-afrique\">repr&eacute;sente 45 % des chiffres enregistr&eacute;s &agrave; l&rsquo;&eacute;chelle mondiale.<\/a><\/li>\n<li><strong>96 % <\/strong>: C&rsquo;est la part des recettes du Nigeria <a href=\"https:\/\/nairametrics.com\/2022\/05\/05\/nigeria-spends-96-of-its-revenue-on-debt-servicing-in-2021-worst-on-record\/\">consacr&eacute;e au service de la dette <\/a>en 2021, &eacute;tablissant un nouveau &ndash; triste &ndash; record pour le pays.<\/li>\n<\/ul>\n<div class=\"buffer\"><\/div>","protected":false},"excerpt":{"rendered":"<p>Aujourd&rsquo;hui, jeudi 12 mai, le Belize, l&rsquo;Allemagne, l&rsquo;Indon&eacute;sie, le S&eacute;n&eacute;gal et les &Eacute;tats-Unis accueillent conjointement le deuxi&egrave;me sommet mondial sur le COVID-19. Dans cette &eacute;dition sp&eacute;ciale, nous mettons en lumi&egrave;re ses principaux enjeux. Spoiler : le monde souhaite en finir avec le COVID-19, mais le virus est loin d&rsquo;en avoir fini avec nous. ACTUALIT&Eacute;S : [&hellip;]<\/p>\n","protected":false},"author":0,"featured_media":162935,"comment_status":"open","ping_status":"open","sticky":false,"template":"","format":"standard","meta":{"_acf_changed":false,"_relevanssi_hide_post":"","_relevanssi_hide_content":"","_relevanssi_pin_for_all":"","_relevanssi_pin_keywords":"","_relevanssi_unpin_keywords":"","_relevanssi_related_keywords":"","_relevanssi_related_include_ids":"","_relevanssi_related_exclude_ids":"","_relevanssi_related_no_append":"","_relevanssi_related_not_related":"","_relevanssi_related_posts":"","_relevanssi_noindex_reason":"","footnotes":""},"categories":[34],"tags":[],"topic":[],"contributor":[33],"one_content_audience":[],"one_content_type":[],"one_content_tone":[],"class_list":["post-162567","post","type-post","status-publish","format-standard","has-post-thumbnail","hentry","category-one","contributor-one-france"],"acf":[],"yoast_head":"<!-- This site is optimized with the Yoast SEO Premium plugin v27.1 (Yoast SEO v27.1.1) - https:\/\/yoast.com\/product\/yoast-seo-premium-wordpress\/ -->\n<title>Des milliards manquants avant le sommet mondial sur le COVID-19 - ONE.org France<\/title>\n<meta name=\"description\" content=\"Cette semaine dans Ondes de choc : le monde souhaite en finir avec le COVID-19, mais le virus est loin d&#039;en avoir fini avec nous.\" \/>\n<meta name=\"robots\" content=\"index, follow, max-snippet:-1, max-image-preview:large, max-video-preview:-1\" \/>\n<link rel=\"canonical\" href=\"https:\/\/www.one.org\/fr\/actualites\/ondes-de-choc-des-milliards-manquants\/\" \/>\n<meta property=\"og:locale\" content=\"fr_FR\" \/>\n<meta property=\"og:type\" content=\"article\" \/>\n<meta property=\"og:title\" content=\"Des milliards manquants avant le sommet mondial sur le COVID-19\" \/>\n<meta property=\"og:description\" content=\"Cette semaine dans Ondes de choc : le monde souhaite en finir avec le COVID-19, mais le virus est loin d&#039;en avoir fini avec nous.\" \/>\n<meta property=\"og:url\" content=\"https:\/\/www.one.org\/fr\/actualites\/ondes-de-choc-des-milliards-manquants\/\" \/>\n<meta property=\"og:site_name\" content=\"ONE.org France\" \/>\n<meta property=\"article:publisher\" content=\"https:\/\/www.facebook.com\/ONE.Fr\" \/>\n<meta property=\"article:published_time\" content=\"2022-05-12T06:09:23+00:00\" \/>\n<meta property=\"article:modified_time\" content=\"2024-04-23T12:33:35+00:00\" \/>\n<meta property=\"og:image\" content=\"https:\/\/www.one.org\/fr\/wp-content\/uploads\/sites\/4\/2022\/05\/Aftershock_2021_FeaturedImage_1200x1200_en_4-1.jpg\" \/>\n\t<meta property=\"og:image:width\" content=\"1201\" \/>\n\t<meta property=\"og:image:height\" content=\"1201\" \/>\n\t<meta property=\"og:image:type\" content=\"image\/jpeg\" \/>\n<meta name=\"twitter:card\" content=\"summary_large_image\" \/>\n<meta name=\"twitter:creator\" content=\"@one_fr\" \/>\n<meta name=\"twitter:site\" content=\"@one_fr\" \/>\n<meta name=\"twitter:label1\" content=\"Est. reading time\" \/>\n\t<meta name=\"twitter:data1\" content=\"7 minutes\" \/>\n<script type=\"application\/ld+json\" class=\"yoast-schema-graph\">{\"@context\":\"https:\/\/schema.org\",\"@graph\":[{\"@type\":\"Article\",\"@id\":\"https:\/\/www.one.org\/fr\/actualites\/ondes-de-choc-des-milliards-manquants\/#article\",\"isPartOf\":{\"@id\":\"https:\/\/www.one.org\/fr\/actualites\/ondes-de-choc-des-milliards-manquants\/\"},\"author\":{\"name\":\"\",\"@id\":\"\"},\"headline\":\"Des milliards manquants avant le sommet mondial sur le COVID-19\",\"datePublished\":\"2022-05-12T06:09:23+00:00\",\"dateModified\":\"2024-04-23T12:33:35+00:00\",\"mainEntityOfPage\":{\"@id\":\"https:\/\/www.one.org\/fr\/actualites\/ondes-de-choc-des-milliards-manquants\/\"},\"wordCount\":1508,\"commentCount\":0,\"image\":{\"@id\":\"https:\/\/www.one.org\/fr\/actualites\/ondes-de-choc-des-milliards-manquants\/#primaryimage\"},\"thumbnailUrl\":\"https:\/\/www.one.org\/fr\/wp-content\/uploads\/sites\/4\/2022\/05\/Aftershock_2021_FeaturedImage_1200x1200_en_4-1.jpg\",\"articleSection\":[\"ONE\"],\"inLanguage\":\"fr-FR\",\"potentialAction\":[{\"@type\":\"CommentAction\",\"name\":\"Comment\",\"target\":[\"https:\/\/www.one.org\/fr\/actualites\/ondes-de-choc-des-milliards-manquants\/#respond\"]}]},{\"@type\":\"WebPage\",\"@id\":\"https:\/\/www.one.org\/fr\/actualites\/ondes-de-choc-des-milliards-manquants\/\",\"url\":\"https:\/\/www.one.org\/fr\/actualites\/ondes-de-choc-des-milliards-manquants\/\",\"name\":\"Des milliards manquants avant le sommet mondial sur le COVID-19 - ONE.org France\",\"isPartOf\":{\"@id\":\"https:\/\/www.one.org\/fr\/#website\"},\"primaryImageOfPage\":{\"@id\":\"https:\/\/www.one.org\/fr\/actualites\/ondes-de-choc-des-milliards-manquants\/#primaryimage\"},\"image\":{\"@id\":\"https:\/\/www.one.org\/fr\/actualites\/ondes-de-choc-des-milliards-manquants\/#primaryimage\"},\"thumbnailUrl\":\"https:\/\/www.one.org\/fr\/wp-content\/uploads\/sites\/4\/2022\/05\/Aftershock_2021_FeaturedImage_1200x1200_en_4-1.jpg\",\"datePublished\":\"2022-05-12T06:09:23+00:00\",\"dateModified\":\"2024-04-23T12:33:35+00:00\",\"author\":{\"@id\":\"\"},\"description\":\"Cette semaine dans Ondes de choc : le monde souhaite en finir avec le COVID-19, mais le virus est loin d'en avoir fini avec nous.\",\"breadcrumb\":{\"@id\":\"https:\/\/www.one.org\/fr\/actualites\/ondes-de-choc-des-milliards-manquants\/#breadcrumb\"},\"inLanguage\":\"fr-FR\",\"potentialAction\":[{\"@type\":\"ReadAction\",\"target\":[\"https:\/\/www.one.org\/fr\/actualites\/ondes-de-choc-des-milliards-manquants\/\"]}]},{\"@type\":\"ImageObject\",\"inLanguage\":\"fr-FR\",\"@id\":\"https:\/\/www.one.org\/fr\/actualites\/ondes-de-choc-des-milliards-manquants\/#primaryimage\",\"url\":\"https:\/\/www.one.org\/fr\/wp-content\/uploads\/sites\/4\/2022\/05\/Aftershock_2021_FeaturedImage_1200x1200_en_4-1.jpg\",\"contentUrl\":\"https:\/\/www.one.org\/fr\/wp-content\/uploads\/sites\/4\/2022\/05\/Aftershock_2021_FeaturedImage_1200x1200_en_4-1.jpg\",\"width\":1201,\"height\":1201},{\"@type\":\"BreadcrumbList\",\"@id\":\"https:\/\/www.one.org\/fr\/actualites\/ondes-de-choc-des-milliards-manquants\/#breadcrumb\",\"itemListElement\":[{\"@type\":\"ListItem\",\"position\":1,\"name\":\"Home\",\"item\":\"https:\/\/www.one.org\/fr\/\"},{\"@type\":\"ListItem\",\"position\":2,\"name\":\"Des milliards manquants avant le sommet mondial sur le COVID-19\"}]},{\"@type\":\"WebSite\",\"@id\":\"https:\/\/www.one.org\/fr\/#website\",\"url\":\"https:\/\/www.one.org\/fr\/\",\"name\":\"ONE.org\",\"description\":\"Cr\u00e9er des opportunit\u00e9s \u00e9conomiques et am\u00e9liorer la sant\u00e9 en Afrique\",\"potentialAction\":[{\"@type\":\"SearchAction\",\"target\":{\"@type\":\"EntryPoint\",\"urlTemplate\":\"https:\/\/www.one.org\/fr\/?s={search_term_string}\"},\"query-input\":{\"@type\":\"PropertyValueSpecification\",\"valueRequired\":true,\"valueName\":\"search_term_string\"}}],\"inLanguage\":\"fr-FR\"}]}<\/script>\n<!-- \/ Yoast SEO Premium plugin. -->","yoast_head_json":{"title":"Des milliards manquants avant le sommet mondial sur le COVID-19 - ONE.org France","description":"Cette semaine dans Ondes de choc : le monde souhaite en finir avec le COVID-19, mais le virus est loin d'en avoir fini avec nous.","robots":{"index":"index","follow":"follow","max-snippet":"max-snippet:-1","max-image-preview":"max-image-preview:large","max-video-preview":"max-video-preview:-1"},"canonical":"https:\/\/www.one.org\/fr\/actualites\/ondes-de-choc-des-milliards-manquants\/","og_locale":"fr_FR","og_type":"article","og_title":"Des milliards manquants avant le sommet mondial sur le COVID-19","og_description":"Cette semaine dans Ondes de choc : le monde souhaite en finir avec le COVID-19, mais le virus est loin d'en avoir fini avec nous.","og_url":"https:\/\/www.one.org\/fr\/actualites\/ondes-de-choc-des-milliards-manquants\/","og_site_name":"ONE.org France","article_publisher":"https:\/\/www.facebook.com\/ONE.Fr","article_published_time":"2022-05-12T06:09:23+00:00","article_modified_time":"2024-04-23T12:33:35+00:00","og_image":[{"width":1201,"height":1201,"url":"https:\/\/www.one.org\/fr\/wp-content\/uploads\/sites\/4\/2022\/05\/Aftershock_2021_FeaturedImage_1200x1200_en_4-1.jpg","type":"image\/jpeg"}],"twitter_card":"summary_large_image","twitter_creator":"@one_fr","twitter_site":"@one_fr","twitter_misc":{"Est. reading time":"7 minutes"},"schema":{"@context":"https:\/\/schema.org","@graph":[{"@type":"Article","@id":"https:\/\/www.one.org\/fr\/actualites\/ondes-de-choc-des-milliards-manquants\/#article","isPartOf":{"@id":"https:\/\/www.one.org\/fr\/actualites\/ondes-de-choc-des-milliards-manquants\/"},"author":{"name":"","@id":""},"headline":"Des milliards manquants avant le sommet mondial sur le COVID-19","datePublished":"2022-05-12T06:09:23+00:00","dateModified":"2024-04-23T12:33:35+00:00","mainEntityOfPage":{"@id":"https:\/\/www.one.org\/fr\/actualites\/ondes-de-choc-des-milliards-manquants\/"},"wordCount":1508,"commentCount":0,"image":{"@id":"https:\/\/www.one.org\/fr\/actualites\/ondes-de-choc-des-milliards-manquants\/#primaryimage"},"thumbnailUrl":"https:\/\/www.one.org\/fr\/wp-content\/uploads\/sites\/4\/2022\/05\/Aftershock_2021_FeaturedImage_1200x1200_en_4-1.jpg","articleSection":["ONE"],"inLanguage":"fr-FR","potentialAction":[{"@type":"CommentAction","name":"Comment","target":["https:\/\/www.one.org\/fr\/actualites\/ondes-de-choc-des-milliards-manquants\/#respond"]}]},{"@type":"WebPage","@id":"https:\/\/www.one.org\/fr\/actualites\/ondes-de-choc-des-milliards-manquants\/","url":"https:\/\/www.one.org\/fr\/actualites\/ondes-de-choc-des-milliards-manquants\/","name":"Des milliards manquants avant le sommet mondial sur le COVID-19 - ONE.org France","isPartOf":{"@id":"https:\/\/www.one.org\/fr\/#website"},"primaryImageOfPage":{"@id":"https:\/\/www.one.org\/fr\/actualites\/ondes-de-choc-des-milliards-manquants\/#primaryimage"},"image":{"@id":"https:\/\/www.one.org\/fr\/actualites\/ondes-de-choc-des-milliards-manquants\/#primaryimage"},"thumbnailUrl":"https:\/\/www.one.org\/fr\/wp-content\/uploads\/sites\/4\/2022\/05\/Aftershock_2021_FeaturedImage_1200x1200_en_4-1.jpg","datePublished":"2022-05-12T06:09:23+00:00","dateModified":"2024-04-23T12:33:35+00:00","author":{"@id":""},"description":"Cette semaine dans Ondes de choc : le monde souhaite en finir avec le COVID-19, mais le virus est loin d'en avoir fini avec nous.","breadcrumb":{"@id":"https:\/\/www.one.org\/fr\/actualites\/ondes-de-choc-des-milliards-manquants\/#breadcrumb"},"inLanguage":"fr-FR","potentialAction":[{"@type":"ReadAction","target":["https:\/\/www.one.org\/fr\/actualites\/ondes-de-choc-des-milliards-manquants\/"]}]},{"@type":"ImageObject","inLanguage":"fr-FR","@id":"https:\/\/www.one.org\/fr\/actualites\/ondes-de-choc-des-milliards-manquants\/#primaryimage","url":"https:\/\/www.one.org\/fr\/wp-content\/uploads\/sites\/4\/2022\/05\/Aftershock_2021_FeaturedImage_1200x1200_en_4-1.jpg","contentUrl":"https:\/\/www.one.org\/fr\/wp-content\/uploads\/sites\/4\/2022\/05\/Aftershock_2021_FeaturedImage_1200x1200_en_4-1.jpg","width":1201,"height":1201},{"@type":"BreadcrumbList","@id":"https:\/\/www.one.org\/fr\/actualites\/ondes-de-choc-des-milliards-manquants\/#breadcrumb","itemListElement":[{"@type":"ListItem","position":1,"name":"Home","item":"https:\/\/www.one.org\/fr\/"},{"@type":"ListItem","position":2,"name":"Des milliards manquants avant le sommet mondial sur le COVID-19"}]},{"@type":"WebSite","@id":"https:\/\/www.one.org\/fr\/#website","url":"https:\/\/www.one.org\/fr\/","name":"ONE.org","description":"Cr\u00e9er des opportunit\u00e9s \u00e9conomiques et am\u00e9liorer la sant\u00e9 en Afrique","potentialAction":[{"@type":"SearchAction","target":{"@type":"EntryPoint","urlTemplate":"https:\/\/www.one.org\/fr\/?s={search_term_string}"},"query-input":{"@type":"PropertyValueSpecification","valueRequired":true,"valueName":"search_term_string"}}],"inLanguage":"fr-FR"}]}},"distributor_meta":false,"distributor_terms":false,"distributor_media":false,"distributor_original_site_name":"ONE.org France","distributor_original_site_url":"https:\/\/www.one.org\/fr","push-errors":false,"_links":{"self":[{"href":"https:\/\/www.one.org\/fr\/wp-json\/wp\/v2\/posts\/162567","targetHints":{"allow":["GET"]}}],"collection":[{"href":"https:\/\/www.one.org\/fr\/wp-json\/wp\/v2\/posts"}],"about":[{"href":"https:\/\/www.one.org\/fr\/wp-json\/wp\/v2\/types\/post"}],"replies":[{"embeddable":true,"href":"https:\/\/www.one.org\/fr\/wp-json\/wp\/v2\/comments?post=162567"}],"version-history":[{"count":0,"href":"https:\/\/www.one.org\/fr\/wp-json\/wp\/v2\/posts\/162567\/revisions"}],"wp:featuredmedia":[{"embeddable":true,"href":"https:\/\/www.one.org\/fr\/wp-json\/wp\/v2\/media\/162935"}],"wp:attachment":[{"href":"https:\/\/www.one.org\/fr\/wp-json\/wp\/v2\/media?parent=162567"}],"wp:term":[{"taxonomy":"category","embeddable":true,"href":"https:\/\/www.one.org\/fr\/wp-json\/wp\/v2\/categories?post=162567"},{"taxonomy":"post_tag","embeddable":true,"href":"https:\/\/www.one.org\/fr\/wp-json\/wp\/v2\/tags?post=162567"},{"taxonomy":"topic","embeddable":true,"href":"https:\/\/www.one.org\/fr\/wp-json\/wp\/v2\/topic?post=162567"},{"taxonomy":"contributor","embeddable":true,"href":"https:\/\/www.one.org\/fr\/wp-json\/wp\/v2\/contributor?post=162567"},{"taxonomy":"one_content_audience","embeddable":true,"href":"https:\/\/www.one.org\/fr\/wp-json\/wp\/v2\/one_content_audience?post=162567"},{"taxonomy":"one_content_type","embeddable":true,"href":"https:\/\/www.one.org\/fr\/wp-json\/wp\/v2\/one_content_type?post=162567"},{"taxonomy":"one_content_tone","embeddable":true,"href":"https:\/\/www.one.org\/fr\/wp-json\/wp\/v2\/one_content_tone?post=162567"}],"curies":[{"name":"wp","href":"https:\/\/api.w.org\/{rel}","templated":true}]}}