{"id":162566,"date":"2022-05-12T08:28:39","date_gmt":"2022-05-12T08:28:39","guid":{"rendered":"https:\/\/www.one.org\/fr\/generaction-reecrivons-notre-avenir\/"},"modified":"2024-04-23T12:33:33","modified_gmt":"2024-04-23T12:33:33","slug":"generaction-reecrivons-avenir","status":"publish","type":"post","link":"https:\/\/www.one.org\/fr\/actualites\/generaction-reecrivons-avenir\/","title":{"rendered":"G\u00e9n\u00e9rAction &#8211; R\u00e9\u00e9crivons notre avenir"},"content":{"rendered":"<p>Nous vivons un moment qui va marquer notre g\u00e9n\u00e9ration. Les conflits ainsi que les crises du COVID-19 et du d\u00e9r\u00e8glement climatique menacent notre avenir, notre s\u00e9curit\u00e9 et nos espoirs de progr\u00e8s et d\u2019\u00e9galit\u00e9. Sans action, des millions de personnes seront confront\u00e9es \u00e0 l\u2019extr\u00eame pauvret\u00e9 et \u00e0 la faim. Des millions d\u2019autres continueront \u00e0 se voir refuser l\u2019acc\u00e8s aux soins de sant\u00e9 de base, tels que les vaccins et les m\u00e9dicaments, mettant ainsi des vies en danger alors que certaines de ces maladies sont \u00e9vitables et traitables.<\/p>\n<p><strong>Nous pouvons faire bouger les lignes<\/strong><\/p>\n<p>Mais nous pouvons agir. Nous refusons de nous laisser abattre par ces crises et les injustices multiples qui en r\u00e9sultent. Nous sommes convaincu\u00b7e\u00b7s de pouvoir reconstruire un monde meilleur, un monde dans lequel personne n\u2019est exclu\u00b7e.<\/p>\n<p>Nous sommes aux c\u00f4t\u00e9s des agents de sant\u00e9, des b\u00e9n\u00e9voles, des militants et des entrepreneurs qui agissent pour leur avenir. Celles et ceux qui fournissent des services essentiels et font pression pour faire bouger les lignes dans leurs communaut\u00e9s et leurs pays. Les actes en disent plus long que les paroles.<\/p>\n<p>Nous pouvons toutes et tous jouer un r\u00f4le dans ce combat, mais il est urgent que nos dirigeantes et dirigeants agissent. Il est temps pour eux de tirer les le\u00e7ons de ces deux derni\u00e8res ann\u00e9es et de se pr\u00e9parer au futur.<\/p>\n<p><strong>Toutes les routes m\u00e8nent au G7<\/strong><\/p>\n<p>Les activistes de ONE \u00e0 travers le monde porteront notre message dans diff\u00e9rentes villes \u00e0 l\u2019approche du Sommet du G7, qui se tiendra du 26 au 28 juin en Allemagne. Cette tourn\u00e9e d\u2019actions permettra de sensibiliser le public et sera diffus\u00e9e sur nos r\u00e9seaux sociaux.<\/p>\n<p>Que demandons-nous exactement aux dirigeant\u00b7e\u00b7s ?<\/p>\n<ol>\n<li><strong> Lutter contre l\u2019impact \u00e9conomique de la crise sanitaire, du r\u00e9chauffement climatique et de la guerre en Ukraine :<\/strong><\/li>\n<\/ol>\n<ul>\n<li>Respecter de toute urgence l\u2019engagement de verser au moins 100 milliards de dollars de <a href=\"https:\/\/www.youtube.com\/watch?v=o2C3FSpt0i0\">droits de tirage sp\u00e9ciaux<\/a>.<\/li>\n<li>Faire en sorte que l\u2019all\u00e8gement de la dette fonctionne pour tous les pays qui en ont besoin.<\/li>\n<\/ul>\n<ol start=\"2\">\n<li><strong> Garantir un acc\u00e8s \u00e9quitable aux outils m\u00e9dicaux de lutte contre le COVID-19 pour l\u2019ensemble des populations :<\/strong><\/li>\n<\/ol>\n<ul>\n<li>Financer int\u00e9gralement les efforts destin\u00e9s au d\u00e9veloppement de vaccins, traitements et tests visant \u00e0 r\u00e9duire l\u2019impact du COVID-19 dans les pays \u00e0 revenu faible et interm\u00e9diaire de la tranche inf\u00e9rieure.<\/li>\n<li>Soutenir une d\u00e9rogation temporaire aux accords ADPIC et s\u2019assurer qu\u2019aucun accord conclu n\u2019inclut de nouvelles restrictions ou ne compromette les flexibilit\u00e9s existantes des droits de propri\u00e9t\u00e9 intellectuelle.<\/li>\n<\/ul>\n<ol start=\"3\">\n<li><strong> Soutenir le Fonds Mondial dans sa lutte contre les maladies actuelles et futures :<\/strong><\/li>\n<\/ol>\n<ul>\n<li>Financer int\u00e9gralement la contribution du G7 au Fonds Mondial de lutte contre le sida, la tuberculose et le paludisme. Pour la France, cela signifie augmenter de 30% notre contribution au Fonds pour atteindre 1,685 milliard d\u2019euros.<\/li>\n<\/ul>\n<ol start=\"4\">\n<li><strong> Soutenir les pays africains face \u00e0 l\u2019ins\u00e9curit\u00e9 alimentaire et \u00e0 la crise climatique<\/strong><\/li>\n<\/ol>\n<ul>\n<li>S\u2019engager \u00e0 fournir 100 milliards de dollars de financements annuels pour le climat aux pays \u00e0 revenu faible et interm\u00e9diaire.<\/li>\n<li>Financer int\u00e9gralement le Programme Alimentaire Mondial et les autres appels humanitaires de l\u2019ONU pour r\u00e9pondre \u00e0 la crise alimentaire.<\/li>\n<li>S\u2019engager \u00e0 ne pas interdire les exportations sur les principaux produits de base.<\/li>\n<li>Renforcer le soutien \u00e9conomique aux pays africains sous la forme d\u2019all\u00e8gements de la dette, de Droits de Tirage Sp\u00e9ciaux et d\u2019aide au d\u00e9veloppement additionnelle.<\/li>\n<\/ul>\n<p><a href=\"https:\/\/www.one.org\/fr\/policy\/\">Retrouvez toutes nos recommandations adress\u00e9es au G7 ici.<\/a><\/p>\n<p>Nous demandons \u00e0 nos dirigeantes et nos dirigeants de rejoindre G\u00e9n\u00e9rAction et d\u2019\u00e9crire une nouvelle page de l\u2019histoire. Parce que le seul v\u00e9ritable antidote \u00e0 la crise est l\u2019action.<\/p>\n<p><strong>R\u00e9\u00e9crivons notre avenir \u2013 <a href=\"https:\/\/www.one.org\/fr\/agir\/rejoignez-notre-combat\/\">rejoignez ONE <\/a><\/strong><strong>d\u00e8s<\/strong><strong> maintenant<\/strong><strong>.<\/strong><\/p>\n<div class=\"buffer\"><\/div>","protected":false},"excerpt":{"rendered":"<p>Nous vivons un moment qui va marquer notre g\u00e9n\u00e9ration. Les conflits ainsi que les crises du COVID-19 et du d\u00e9r\u00e8glement climatique menacent notre avenir, notre s\u00e9curit\u00e9 et nos espoirs de progr\u00e8s et d\u2019\u00e9galit\u00e9. Sans action, des millions de personnes seront confront\u00e9es \u00e0 l\u2019extr\u00eame pauvret\u00e9 et \u00e0 la faim. Des millions d\u2019autres continueront \u00e0 se voir [&hellip;]<\/p>\n","protected":false},"author":0,"featured_media":162933,"comment_status":"open","ping_status":"open","sticky":false,"template":"","format":"standard","meta":{"_acf_changed":false,"_relevanssi_hide_post":"","_relevanssi_hide_content":"","_relevanssi_pin_for_all":"","_relevanssi_pin_keywords":"","_relevanssi_unpin_keywords":"","_relevanssi_related_keywords":"","_relevanssi_related_include_ids":"","_relevanssi_related_exclude_ids":"","_relevanssi_related_no_append":"","_relevanssi_related_not_related":"","_relevanssi_related_posts":"164801,164396,163756,163706,163644,163579","_relevanssi_noindex_reason":"","footnotes":""},"categories":[34],"tags":[],"topic":[39,42],"contributor":[33],"one_content_audience":[],"one_content_type":[],"one_content_tone":[],"class_list":["post-162566","post","type-post","status-publish","format-standard","has-post-thumbnail","hentry","category-one","topic-changement-climatique","topic-covid-19","contributor-one-france"],"acf":[],"yoast_head":"<!-- This site is optimized with the Yoast SEO Premium plugin v27.1 (Yoast SEO v27.1.1) - https:\/\/yoast.com\/product\/yoast-seo-premium-wordpress\/ -->\n<title>G\u00e9n\u00e9rAction - R\u00e9\u00e9crivons notre avenir - ONE.org France<\/title>\n<meta name=\"description\" content=\"Ensemble, nous pouvons r\u00e9soudre les crises des conflits, du COVID-19 et du changement climatique et r\u00e9\u00e9crire l&#039;avenir. Rejoignez G\u00e9n\u00e9rAction.\" \/>\n<meta name=\"robots\" content=\"index, follow, max-snippet:-1, max-image-preview:large, max-video-preview:-1\" \/>\n<link rel=\"canonical\" href=\"https:\/\/www.one.org\/fr\/actualites\/generaction-reecrivons-avenir\/\" \/>\n<meta property=\"og:locale\" content=\"fr_FR\" \/>\n<meta property=\"og:type\" content=\"article\" \/>\n<meta property=\"og:title\" content=\"G\u00e9n\u00e9rAction - R\u00e9\u00e9crivons notre avenir\" \/>\n<meta property=\"og:description\" content=\"Ensemble, nous pouvons r\u00e9soudre les crises des conflits, du COVID-19 et du changement climatique et r\u00e9\u00e9crire l&#039;avenir. Rejoignez G\u00e9n\u00e9rAction.\" \/>\n<meta property=\"og:url\" content=\"https:\/\/www.one.org\/fr\/actualites\/generaction-reecrivons-avenir\/\" \/>\n<meta property=\"og:site_name\" content=\"ONE.org France\" \/>\n<meta property=\"article:publisher\" content=\"https:\/\/www.facebook.com\/ONE.Fr\" \/>\n<meta property=\"article:published_time\" content=\"2022-05-12T08:28:39+00:00\" \/>\n<meta property=\"article:modified_time\" content=\"2024-04-23T12:33:33+00:00\" \/>\n<meta property=\"og:image\" content=\"https:\/\/www.one.org\/fr\/wp-content\/uploads\/sites\/4\/2022\/05\/FR.png\" \/>\n\t<meta property=\"og:image:width\" content=\"1080\" \/>\n\t<meta property=\"og:image:height\" content=\"1080\" \/>\n\t<meta property=\"og:image:type\" content=\"image\/png\" \/>\n<meta name=\"twitter:card\" content=\"summary_large_image\" \/>\n<meta name=\"twitter:creator\" content=\"@one_fr\" \/>\n<meta name=\"twitter:site\" content=\"@one_fr\" \/>\n<meta name=\"twitter:label1\" content=\"Est. reading time\" \/>\n\t<meta name=\"twitter:data1\" content=\"3 minutes\" \/>\n<script type=\"application\/ld+json\" class=\"yoast-schema-graph\">{\"@context\":\"https:\/\/schema.org\",\"@graph\":[{\"@type\":\"Article\",\"@id\":\"https:\/\/www.one.org\/fr\/actualites\/generaction-reecrivons-avenir\/#article\",\"isPartOf\":{\"@id\":\"https:\/\/www.one.org\/fr\/actualites\/generaction-reecrivons-avenir\/\"},\"author\":{\"name\":\"\",\"@id\":\"\"},\"headline\":\"G\u00e9n\u00e9rAction &#8211; R\u00e9\u00e9crivons notre avenir\",\"datePublished\":\"2022-05-12T08:28:39+00:00\",\"dateModified\":\"2024-04-23T12:33:33+00:00\",\"mainEntityOfPage\":{\"@id\":\"https:\/\/www.one.org\/fr\/actualites\/generaction-reecrivons-avenir\/\"},\"wordCount\":654,\"commentCount\":0,\"image\":{\"@id\":\"https:\/\/www.one.org\/fr\/actualites\/generaction-reecrivons-avenir\/#primaryimage\"},\"thumbnailUrl\":\"https:\/\/www.one.org\/fr\/wp-content\/uploads\/sites\/4\/2022\/05\/FR.png\",\"articleSection\":[\"ONE\"],\"inLanguage\":\"fr-FR\",\"potentialAction\":[{\"@type\":\"CommentAction\",\"name\":\"Comment\",\"target\":[\"https:\/\/www.one.org\/fr\/actualites\/generaction-reecrivons-avenir\/#respond\"]}]},{\"@type\":\"WebPage\",\"@id\":\"https:\/\/www.one.org\/fr\/actualites\/generaction-reecrivons-avenir\/\",\"url\":\"https:\/\/www.one.org\/fr\/actualites\/generaction-reecrivons-avenir\/\",\"name\":\"G\u00e9n\u00e9rAction - R\u00e9\u00e9crivons notre avenir - ONE.org France\",\"isPartOf\":{\"@id\":\"https:\/\/www.one.org\/fr\/#website\"},\"primaryImageOfPage\":{\"@id\":\"https:\/\/www.one.org\/fr\/actualites\/generaction-reecrivons-avenir\/#primaryimage\"},\"image\":{\"@id\":\"https:\/\/www.one.org\/fr\/actualites\/generaction-reecrivons-avenir\/#primaryimage\"},\"thumbnailUrl\":\"https:\/\/www.one.org\/fr\/wp-content\/uploads\/sites\/4\/2022\/05\/FR.png\",\"datePublished\":\"2022-05-12T08:28:39+00:00\",\"dateModified\":\"2024-04-23T12:33:33+00:00\",\"author\":{\"@id\":\"\"},\"description\":\"Ensemble, nous pouvons r\u00e9soudre les crises des conflits, du COVID-19 et du changement climatique et r\u00e9\u00e9crire l'avenir. Rejoignez G\u00e9n\u00e9rAction.\",\"breadcrumb\":{\"@id\":\"https:\/\/www.one.org\/fr\/actualites\/generaction-reecrivons-avenir\/#breadcrumb\"},\"inLanguage\":\"fr-FR\",\"potentialAction\":[{\"@type\":\"ReadAction\",\"target\":[\"https:\/\/www.one.org\/fr\/actualites\/generaction-reecrivons-avenir\/\"]}]},{\"@type\":\"ImageObject\",\"inLanguage\":\"fr-FR\",\"@id\":\"https:\/\/www.one.org\/fr\/actualites\/generaction-reecrivons-avenir\/#primaryimage\",\"url\":\"https:\/\/www.one.org\/fr\/wp-content\/uploads\/sites\/4\/2022\/05\/FR.png\",\"contentUrl\":\"https:\/\/www.one.org\/fr\/wp-content\/uploads\/sites\/4\/2022\/05\/FR.png\",\"width\":1080,\"height\":1080},{\"@type\":\"BreadcrumbList\",\"@id\":\"https:\/\/www.one.org\/fr\/actualites\/generaction-reecrivons-avenir\/#breadcrumb\",\"itemListElement\":[{\"@type\":\"ListItem\",\"position\":1,\"name\":\"Home\",\"item\":\"https:\/\/www.one.org\/fr\/\"},{\"@type\":\"ListItem\",\"position\":2,\"name\":\"G\u00e9n\u00e9rAction &#8211; R\u00e9\u00e9crivons notre avenir\"}]},{\"@type\":\"WebSite\",\"@id\":\"https:\/\/www.one.org\/fr\/#website\",\"url\":\"https:\/\/www.one.org\/fr\/\",\"name\":\"ONE.org\",\"description\":\"Cr\u00e9er des opportunit\u00e9s \u00e9conomiques et am\u00e9liorer la sant\u00e9 en Afrique\",\"potentialAction\":[{\"@type\":\"SearchAction\",\"target\":{\"@type\":\"EntryPoint\",\"urlTemplate\":\"https:\/\/www.one.org\/fr\/?s={search_term_string}\"},\"query-input\":{\"@type\":\"PropertyValueSpecification\",\"valueRequired\":true,\"valueName\":\"search_term_string\"}}],\"inLanguage\":\"fr-FR\"}]}<\/script>\n<!-- \/ Yoast SEO Premium plugin. -->","yoast_head_json":{"title":"G\u00e9n\u00e9rAction - R\u00e9\u00e9crivons notre avenir - ONE.org France","description":"Ensemble, nous pouvons r\u00e9soudre les crises des conflits, du COVID-19 et du changement climatique et r\u00e9\u00e9crire l'avenir. Rejoignez G\u00e9n\u00e9rAction.","robots":{"index":"index","follow":"follow","max-snippet":"max-snippet:-1","max-image-preview":"max-image-preview:large","max-video-preview":"max-video-preview:-1"},"canonical":"https:\/\/www.one.org\/fr\/actualites\/generaction-reecrivons-avenir\/","og_locale":"fr_FR","og_type":"article","og_title":"G\u00e9n\u00e9rAction - R\u00e9\u00e9crivons notre avenir","og_description":"Ensemble, nous pouvons r\u00e9soudre les crises des conflits, du COVID-19 et du changement climatique et r\u00e9\u00e9crire l'avenir. Rejoignez G\u00e9n\u00e9rAction.","og_url":"https:\/\/www.one.org\/fr\/actualites\/generaction-reecrivons-avenir\/","og_site_name":"ONE.org France","article_publisher":"https:\/\/www.facebook.com\/ONE.Fr","article_published_time":"2022-05-12T08:28:39+00:00","article_modified_time":"2024-04-23T12:33:33+00:00","og_image":[{"width":1080,"height":1080,"url":"https:\/\/www.one.org\/fr\/wp-content\/uploads\/sites\/4\/2022\/05\/FR.png","type":"image\/png"}],"twitter_card":"summary_large_image","twitter_creator":"@one_fr","twitter_site":"@one_fr","twitter_misc":{"Est. reading time":"3 minutes"},"schema":{"@context":"https:\/\/schema.org","@graph":[{"@type":"Article","@id":"https:\/\/www.one.org\/fr\/actualites\/generaction-reecrivons-avenir\/#article","isPartOf":{"@id":"https:\/\/www.one.org\/fr\/actualites\/generaction-reecrivons-avenir\/"},"author":{"name":"","@id":""},"headline":"G\u00e9n\u00e9rAction &#8211; R\u00e9\u00e9crivons notre avenir","datePublished":"2022-05-12T08:28:39+00:00","dateModified":"2024-04-23T12:33:33+00:00","mainEntityOfPage":{"@id":"https:\/\/www.one.org\/fr\/actualites\/generaction-reecrivons-avenir\/"},"wordCount":654,"commentCount":0,"image":{"@id":"https:\/\/www.one.org\/fr\/actualites\/generaction-reecrivons-avenir\/#primaryimage"},"thumbnailUrl":"https:\/\/www.one.org\/fr\/wp-content\/uploads\/sites\/4\/2022\/05\/FR.png","articleSection":["ONE"],"inLanguage":"fr-FR","potentialAction":[{"@type":"CommentAction","name":"Comment","target":["https:\/\/www.one.org\/fr\/actualites\/generaction-reecrivons-avenir\/#respond"]}]},{"@type":"WebPage","@id":"https:\/\/www.one.org\/fr\/actualites\/generaction-reecrivons-avenir\/","url":"https:\/\/www.one.org\/fr\/actualites\/generaction-reecrivons-avenir\/","name":"G\u00e9n\u00e9rAction - R\u00e9\u00e9crivons notre avenir - ONE.org France","isPartOf":{"@id":"https:\/\/www.one.org\/fr\/#website"},"primaryImageOfPage":{"@id":"https:\/\/www.one.org\/fr\/actualites\/generaction-reecrivons-avenir\/#primaryimage"},"image":{"@id":"https:\/\/www.one.org\/fr\/actualites\/generaction-reecrivons-avenir\/#primaryimage"},"thumbnailUrl":"https:\/\/www.one.org\/fr\/wp-content\/uploads\/sites\/4\/2022\/05\/FR.png","datePublished":"2022-05-12T08:28:39+00:00","dateModified":"2024-04-23T12:33:33+00:00","author":{"@id":""},"description":"Ensemble, nous pouvons r\u00e9soudre les crises des conflits, du COVID-19 et du changement climatique et r\u00e9\u00e9crire l'avenir. Rejoignez G\u00e9n\u00e9rAction.","breadcrumb":{"@id":"https:\/\/www.one.org\/fr\/actualites\/generaction-reecrivons-avenir\/#breadcrumb"},"inLanguage":"fr-FR","potentialAction":[{"@type":"ReadAction","target":["https:\/\/www.one.org\/fr\/actualites\/generaction-reecrivons-avenir\/"]}]},{"@type":"ImageObject","inLanguage":"fr-FR","@id":"https:\/\/www.one.org\/fr\/actualites\/generaction-reecrivons-avenir\/#primaryimage","url":"https:\/\/www.one.org\/fr\/wp-content\/uploads\/sites\/4\/2022\/05\/FR.png","contentUrl":"https:\/\/www.one.org\/fr\/wp-content\/uploads\/sites\/4\/2022\/05\/FR.png","width":1080,"height":1080},{"@type":"BreadcrumbList","@id":"https:\/\/www.one.org\/fr\/actualites\/generaction-reecrivons-avenir\/#breadcrumb","itemListElement":[{"@type":"ListItem","position":1,"name":"Home","item":"https:\/\/www.one.org\/fr\/"},{"@type":"ListItem","position":2,"name":"G\u00e9n\u00e9rAction &#8211; R\u00e9\u00e9crivons notre avenir"}]},{"@type":"WebSite","@id":"https:\/\/www.one.org\/fr\/#website","url":"https:\/\/www.one.org\/fr\/","name":"ONE.org","description":"Cr\u00e9er des opportunit\u00e9s \u00e9conomiques et am\u00e9liorer la sant\u00e9 en Afrique","potentialAction":[{"@type":"SearchAction","target":{"@type":"EntryPoint","urlTemplate":"https:\/\/www.one.org\/fr\/?s={search_term_string}"},"query-input":{"@type":"PropertyValueSpecification","valueRequired":true,"valueName":"search_term_string"}}],"inLanguage":"fr-FR"}]}},"distributor_meta":false,"distributor_terms":false,"distributor_media":false,"distributor_original_site_name":"ONE.org France","distributor_original_site_url":"https:\/\/www.one.org\/fr","push-errors":false,"_links":{"self":[{"href":"https:\/\/www.one.org\/fr\/wp-json\/wp\/v2\/posts\/162566","targetHints":{"allow":["GET"]}}],"collection":[{"href":"https:\/\/www.one.org\/fr\/wp-json\/wp\/v2\/posts"}],"about":[{"href":"https:\/\/www.one.org\/fr\/wp-json\/wp\/v2\/types\/post"}],"replies":[{"embeddable":true,"href":"https:\/\/www.one.org\/fr\/wp-json\/wp\/v2\/comments?post=162566"}],"version-history":[{"count":0,"href":"https:\/\/www.one.org\/fr\/wp-json\/wp\/v2\/posts\/162566\/revisions"}],"wp:featuredmedia":[{"embeddable":true,"href":"https:\/\/www.one.org\/fr\/wp-json\/wp\/v2\/media\/162933"}],"wp:attachment":[{"href":"https:\/\/www.one.org\/fr\/wp-json\/wp\/v2\/media?parent=162566"}],"wp:term":[{"taxonomy":"category","embeddable":true,"href":"https:\/\/www.one.org\/fr\/wp-json\/wp\/v2\/categories?post=162566"},{"taxonomy":"post_tag","embeddable":true,"href":"https:\/\/www.one.org\/fr\/wp-json\/wp\/v2\/tags?post=162566"},{"taxonomy":"topic","embeddable":true,"href":"https:\/\/www.one.org\/fr\/wp-json\/wp\/v2\/topic?post=162566"},{"taxonomy":"contributor","embeddable":true,"href":"https:\/\/www.one.org\/fr\/wp-json\/wp\/v2\/contributor?post=162566"},{"taxonomy":"one_content_audience","embeddable":true,"href":"https:\/\/www.one.org\/fr\/wp-json\/wp\/v2\/one_content_audience?post=162566"},{"taxonomy":"one_content_type","embeddable":true,"href":"https:\/\/www.one.org\/fr\/wp-json\/wp\/v2\/one_content_type?post=162566"},{"taxonomy":"one_content_tone","embeddable":true,"href":"https:\/\/www.one.org\/fr\/wp-json\/wp\/v2\/one_content_tone?post=162566"}],"curies":[{"name":"wp","href":"https:\/\/api.w.org\/{rel}","templated":true}]}}