{"id":162564,"date":"2022-05-07T09:15:49","date_gmt":"2022-05-07T09:15:49","guid":{"rendered":"https:\/\/www.one.org\/fr\/lafrique-cherche-a-creer-ses-propres-vaccins-contre-le-covid-19\/"},"modified":"2023-11-06T16:49:17","modified_gmt":"2023-11-06T16:49:17","slug":"ondes-de-choc-afrique-propres-vaccins-covid-19","status":"publish","type":"post","link":"https:\/\/www.one.org\/fr\/actualites\/ondes-de-choc-afrique-propres-vaccins-covid-19\/","title":{"rendered":"L&#8217;Afrique cherche \u00e0 cr\u00e9er ses propres vaccins contre le COVID-19"},"content":{"rendered":"<p><i><span style=\"font-weight: 400\">Cette semaine<\/span><\/i><i><span style=\"font-weight: 400\">, dans Ondes de Choc : les progr&egrave;s r&eacute;alis&eacute;s en mati&egrave;re de d&eacute;rogation aux ADPIC, la temp&ecirc;te &eacute;conomique mondiale qui se pr&eacute;pare, les efforts d&eacute;ploy&eacute;s pour cr&eacute;er un vaccin africain contre le COVID-19.<\/span><\/i><\/p>\n<h2><b>ACTUALIT&Eacute;S<\/b><\/h2>\n<p><b>Un ADPIC lent : <\/b><span style=\"font-weight: 400\">Un projet de <\/span><a href=\"https:\/\/www.wto.org\/french\/news_f\/news22_f\/trip_03may22_f.htm\"><span style=\"font-weight: 400\">compromis sur la d&eacute;rogation aux accords d&rsquo;ADPIC<\/span><\/a><span style=\"font-weight: 400\"> pour les vaccins contre le COVID-19 est (enfin) soumis &agrave; l&rsquo;examen des 164 membres de l&rsquo;OMC, apr&egrave;s une impasse de plus d&rsquo;un an &#9203;. Bien qu&rsquo;il ait &eacute;t&eacute; annonc&eacute; comme un accord entre l&rsquo;UE, l&rsquo;Inde, l&rsquo;Afrique du Sud et les &Eacute;tats-Unis, <\/span><a href=\"https:\/\/twitter.com\/ashleighfurlong\/status\/1521444373984067586\"><span style=\"font-weight: 400\">seule l&rsquo;UE a indiqu&eacute; publiquement son soutien<\/span><\/a><span style=\"font-weight: 400\">. Ce projet exclut cependant d&rsquo;importants outils de lutte contre les pand&eacute;mies, comme les traitements et les tests. &#129318;&#127998;<\/span><\/p>\n<p><b>Panne de pouvoir mondiale :<\/b><span style=\"font-weight: 400\"> La monnaie chinoise a <\/span><a href=\"https:\/\/www.ft.com\/content\/046b0ad5-8838-4d7a-b073-f43f1efa2866?shareType=nongift\"><span style=\"font-weight: 400\">chut&eacute; par rapport au dollar am&eacute;ricain<\/span><\/a><span style=\"font-weight: 400\"> ces derni&egrave;res semaines, durement touch&eacute;e par les confinements &agrave; r&eacute;p&eacute;tition, la guerre en Ukraine et le durcissement de la politique mon&eacute;taire am&eacute;ricaine. Cette situation a d&eacute;j&agrave; <\/span><a href=\"https:\/\/www.ft.com\/content\/046b0ad5-8838-4d7a-b073-f43f1efa2866?shareType=nongift\"><span style=\"font-weight: 400\">des r&eacute;percussions sur d&rsquo;autres pays<\/span><\/a><span style=\"font-weight: 400\"> : les devises de l&rsquo;Afrique du Sud et du Chili ont perdu presque tous les gains engrang&eacute;s cette ann&eacute;e. Aux &Eacute;tats-Unis, les taux d&rsquo;inflation les <\/span><a href=\"https:\/\/www.lefigaro.fr\/conjoncture\/etats-unis-le-taux-a-5-ans-superieur-au-30-ans-une-premiere-depuis-2006-20220328#:~:text=Le%20taux%20%C3%A0%20trois%20ans,plus%20le%20rendement%20est%20bas.\"><span style=\"font-weight: 400\">plus &eacute;lev&eacute;s depuis plus de 30 ans<\/span><\/a><span style=\"font-weight: 400\"> entra&icirc;nent des hausses des taux d&rsquo;int&eacute;r&ecirc;t. Ces derniers ont toujours eu <\/span><a href=\"https:\/\/www.nytimes.com\/2022\/04\/28\/opinion\/fed-inflation-interest-rates-third-world-debt.html?partner=slack&amp;smid=sl-share\"><span style=\"font-weight: 400\">un impact n&eacute;gatif, imm&eacute;diat et durable<\/span><\/a><span style=\"font-weight: 400\"> sur la valeur des devises et la croissance des march&eacute;s &eacute;mergents.&nbsp;<\/span><\/p>\n<p><b>Des probl&egrave;mes en vue :<\/b><span style=\"font-weight: 400\"> Le COVID-19 &eacute;volue &ldquo;<\/span><a href=\"https:\/\/www.washingtonpost.com\/health\/2022\/05\/01\/coronavirus-more-mutations\/?utm_campaign=covid19&amp;utm_medium=email&amp;utm_source=email\"><span style=\"font-weight: 400\">&agrave; un rythme assez rapide<\/span><\/a><span style=\"font-weight: 400\">&ldquo;, ce qui pousse les experts &agrave; mettre en garde contre un <\/span><a href=\"https:\/\/www.washingtonpost.com\/health\/2022\/05\/01\/coronavirus-more-mutations\/\"><span style=\"font-weight: 400\">risque de variants plus mortels<\/span><\/a><span style=\"font-weight: 400\">. Les regards se tournent <\/span><a href=\"https:\/\/www.lexpress.fr\/actualite\/societe\/sante\/covid-19-l-emergence-de-variants-tres-transmissibles-en-afrique-du-sud-a-de-quoi-nous-preoccuper_2172862.html\"><span style=\"font-weight: 400\">vers l&rsquo;Afrique du Sud<\/span><\/a><span style=\"font-weight: 400\">, car deux sous-variants d&rsquo;Omicron, BA.4 et BA.5, <\/span><span style=\"font-weight: 400\">pourraient r&eacute;infecter des personnes d&eacute;j&agrave; immunis&eacute;es<\/span><span style=\"font-weight: 400\">. Malgr&eacute; tout, les vaccins continuent de prot&eacute;ger contre les infections graves et sont une n&eacute;cessit&eacute; contre un virus d&eacute;sormais <\/span><a href=\"https:\/\/twitter.com\/DrTomFrieden\/status\/1521269643159097346\"><span style=\"font-weight: 400\">plus contagieux que la rougeole<\/span><\/a><span style=\"font-weight: 400\">.&nbsp;<\/span><\/p>\n<p><b>Des virus et des humains : <\/b><span style=\"font-weight: 400\">Le changement climatique pourrait augmenter la probabilit&eacute; d&rsquo;apparition de <\/span><a href=\"https:\/\/www.lexpress.fr\/actualite\/sciences\/pourquoi-la-probabilite-de-connaitre-une-nouvelle-pandemie-comme-le-covid-19-pourrait-doubler_2156840.html\"><span style=\"font-weight: 400\">nouvelles &eacute;pid&eacute;mies<\/span><\/a><span style=\"font-weight: 400\">. Les recherches montrent qu&rsquo;un r&eacute;chauffement de 2&deg;C entra&icirc;nerait la migration de plus de 3000 esp&egrave;ces de mammif&egrave;res, ce qui augmenterait les risques de pand&eacute;mies en Afrique &eacute;quatoriale, en Inde, en Chine du Sud et en Asie du Sud-Est. Bill Gates appelle donc &agrave; la cr&eacute;ation d&rsquo;une <\/span><a href=\"https:\/\/lesactualites.news\/affaires\/bill-gates-dit-quune-equipe-de-surveillance-mondiale-est-necessaire-pour-detecter-les-menaces-de-pandemie\/\"><span style=\"font-weight: 400\">&eacute;quipe mondiale de surveillance des pand&eacute;mies<\/span><\/a><span style=\"font-weight: 400\"> pour suivre la menace de maladies futures, pour un co&ucirc;t d&rsquo;un milliard de dollars par an. Pendant ce temps en Afrique,<\/span><a href=\"https:\/\/www.afro.who.int\/fr\/news\/les-epidemies-des-maladies-evitables-par-la-vaccination-sont-en-hausse-en-afrique\"><span style=\"font-weight: 400\"> les cas de rougeole, polio et fi&egrave;vre jaune<\/span><\/a><span style=\"font-weight: 400\"> augmentent, et <\/span><a href=\"https:\/\/reliefweb.int\/report\/democratic-republic-congo\/rapport-de-situation-de-l-pid-mie-de-la-maladie-virus-ebola-2\"><span style=\"font-weight: 400\">Ebola a refait surface<\/span><\/a><span style=\"font-weight: 400\"> en RDC.&nbsp;<\/span><\/p>\n<p><b>R&eacute;solu &agrave; sauver les profits :<\/b><span style=\"font-weight: 400\"> Des scientifiques en &Eacute;gypte, au Ghana et en Ouganda contournent les restrictions li&eacute;es aux brevets pour <\/span><a href=\"https:\/\/african.business\/2022\/05\/agribusiness-manufacturing\/uganda-builds-one-of-the-worlds-first-home-made-covid-vaccines\/\"><span style=\"font-weight: 400\">d&eacute;velopper leurs propres vaccins contre le COVID-19<\/span><\/a><span style=\"font-weight: 400\">. Les droits de propri&eacute;t&eacute; intellectuelle constituent <\/span><a href=\"https:\/\/news.un.org\/fr\/story\/2022\/02\/1114172\"><span style=\"font-weight: 400\">un obstacle majeur<\/span><\/a><span style=\"font-weight: 400\"> &agrave; la production de vaccins en Afrique et est un facteur cl&eacute; de l&rsquo;in&eacute;galit&eacute; d&rsquo;acc&egrave;s aux outils de lutte contre le COVID. La semaine derni&egrave;re, les actionnaires de Moderna ont <\/span><a href=\"https:\/\/www.reuters.com\/business\/healthcare-pharmaceuticals\/who-says-pandemic-justifies-leaders-pitch-moderna-meeting-2022-04-28\/\"><span style=\"font-weight: 400\">vot&eacute; contre une r&eacute;solution<\/span><\/a><span style=\"font-weight: 400\"> propos&eacute;e par Oxfam visant &agrave; <\/span><a href=\"https:\/\/www.sec.gov\/Archives\/edgar\/data\/1682852\/000130817922000041\/lmrna2022_def14a.htm\"><span style=\"font-weight: 400\">&eacute;tudier la faisabilit&eacute; d&rsquo;un transfert de technologie<\/span><\/a><span style=\"font-weight: 400\"> de son vaccin contre le COVID-19 vers les pays &agrave; revenu faible ou interm&eacute;diaire. La soci&eacute;t&eacute; a engrang&eacute; pr&egrave;s de <\/span><a href=\"https:\/\/www.latribune.fr\/bourse\/la-bourse-en-continu\/moderna-bpa-triple-au-1er-trimestre-916482.html\"><span style=\"font-weight: 400\">5,9 milliards de dollars<\/span><\/a><span style=\"font-weight: 400\"> de revenus gr&acirc;ce &agrave; son vaccin au premier trimestre 2022, contre 1,7 milliard de dollars l&rsquo;ann&eacute;e pr&eacute;c&eacute;dente.<\/span><\/p>\n<p><b>D&eacute;pendance :<\/b><span style=\"font-weight: 400\"> Le plan d&rsquo;autonomisation de l&rsquo;Afrique du Sud est <\/span><a href=\"https:\/\/fr.africanews.com\/2022\/05\/03\/covid-19-la-premiere-usine-africaine-de-vaccins-risque-de-fermer\/\/\"><span style=\"font-weight: 400\">min&eacute; par les cons&eacute;quences des in&eacute;galit&eacute;<\/span><\/a><span style=\"font-weight: 400\">s d&rsquo;acc&egrave;s aux vaccins. L&rsquo;usine de fabrication locale de vaccins contre le COVID-19 Aspen <\/span><a href=\"https:\/\/fr.africanews.com\/2022\/05\/03\/covid-19-la-premiere-usine-africaine-de-vaccins-risque-de-fermer\/\"><span style=\"font-weight: 400\">risque de fermer<\/span><\/a><span style=\"font-weight: 400\"> car les co&ucirc;ts sont trop &eacute;lev&eacute;s et la demande trop faible. Il est important de noter que cette situation survient apr&egrave;s que la production de J&amp;J en Afrique du Sud ait davantage favoris&eacute; les exportations vers l&rsquo;Europe, obligeant les pays africains &agrave; trouver un approvisionnement ailleurs.<\/span><\/p>\n<p><b>La gloire du gaz :<\/b><span style=\"font-weight: 400\"> L&rsquo;Afrique pourrait devenir le <\/span><a href=\"https:\/\/www.bloomberg.com\/news\/articles\/2022-05-02\/eu-plans-to-court-africa-to-help-replace-russian-gas-imports\"><span style=\"font-weight: 400\">principal fournisseur de gaz de l&rsquo;UE<\/span><\/a><span style=\"font-weight: 400\"> et l&rsquo;Allemagne a d&eacute;j&agrave; annonc&eacute; qu&rsquo;elle &eacute;tait pr&ecirc;te &agrave; <\/span><a href=\"https:\/\/www.challenges.fr\/monde\/l-allemagne-prete-a-soutenir-l-embargo-europeen-sur-le-petrole-russe-dit-le-ministre-de-l-economie_811631\"><span style=\"font-weight: 400\">renoncer imm&eacute;diatement au p&eacute;trole russe<\/span><\/a><span style=\"font-weight: 400\">. Cela pourrait amener le continent &agrave; exploiter les r&eacute;serves de gaz naturel liqu&eacute;fi&eacute; (GNL) actuellement inutilis&eacute;es au Nigeria, au S&eacute;n&eacute;gal et en Angola. L&rsquo;UE souhaite prendre ses distances avec la Russie et s&rsquo;approvisionne &eacute;galement en Azerba&iuml;djan, en &Eacute;gypte, en Isra&euml;l, au Japon, au Qatar, en Cor&eacute;e du Sud et aux &Eacute;tats-Unis. La d&eacute;pendance au GNL est une <\/span><a href=\"https:\/\/thehill.com\/opinion\/energy-environment\/3271511-lng-exports-will-add-to-climate-change\/https:\/\/thehill.com\/opinion\/energy-environment\/3271511-lng-exports-will-add-to-climate-change\/\"><span style=\"font-weight: 400\">mauvaise nouvelle pour la plan&egrave;te<\/span><\/a><span style=\"font-weight: 400\"> compte tenu de<\/span><a href=\"https:\/\/www.connaissancedesenergies.org\/afp\/ce-quil-faut-retenir-du-dernier-rapport-des-experts-du-giec-publie-ce-lundi-220404\"><span style=\"font-weight: 400\"> l&rsquo;appel du GIEC<\/span><\/a> <span style=\"font-weight: 400\">&agrave; r&eacute;duire drastiquement les &eacute;missions de gaz &agrave; effet de serre dans les trois prochaines ann&eacute;es.<\/span><span style=\"font-weight: 400\">&nbsp;<\/span><\/p>\n<p><b>De l&rsquo;engrais pour la r&eacute;flexion :<\/b><span style=\"font-weight: 400\"> La guerre en Ukraine continue d&rsquo;avoir un impact consid&eacute;rable sur <\/span><a href=\"https:\/\/www.bloomberg.com\/news\/articles\/2022-05-01\/farmers-are-struggling-to-keep-up-food-supply-as-fertilizer-prices-surge\"><span style=\"font-weight: 400\">l&rsquo;approvisionnement en engrais<\/span><\/a><span style=\"font-weight: 400\">, ce qui pourrait entra&icirc;ner une baisse consid&eacute;rable du rendement des cultures. Les r&eacute;coltes de riz et de ma&iuml;s en Afrique de l&rsquo;Ouest devraient diminuer d&rsquo;un tiers, et le Br&eacute;sil risque une baisse de 14 %. Cette situation s&rsquo;ajoute &agrave; une ins&eacute;curit&eacute; alimentaire accrue d&eacute;clench&eacute;e par la perturbation <\/span><a href=\"https:\/\/www.one.org\/africa\/issues\/covid-19-tracker\/explore-ukraine\/#1\"><span style=\"font-weight: 400\">des approvisionnements mondiaux en bl&eacute;, en ma&iuml;s et en huile de cuisson<\/span><\/a><span style=\"font-weight: 400\">, qui a fait <\/span><a href=\"https:\/\/theconversation.com\/war-in-ukraine-is-pushing-global-acute-hunger-to-the-highest-level-in-this-century-181414\"><span style=\"font-weight: 400\">augmenter de 44 %<\/span><\/a><span style=\"font-weight: 400\"> les co&ucirc;ts du Programme Alimentaire Mondial. Les s&eacute;cheresses dans la Corne de l&rsquo;Afrique risquent de provoquer la famine de <\/span><a href=\"https:\/\/www.ft.com\/content\/081ac952-48a0-4f67-a597-16b4a98921ba\"><span style=\"font-weight: 400\">20 millions de personnes<\/span><\/a><span style=\"font-weight: 400\">. En &Eacute;thiopie, la pire s&eacute;cheresse depuis 40 ans continue de provoquer une forte augmentation de la malnutrition aigu&euml;. Un h&ocirc;pital de la ville de Gode a admis ce mois-ci <\/span><a href=\"https:\/\/theconversation.com\/war-in-ukraine-is-pushing-global-acute-hunger-to-the-highest-level-in-this-century-181414\"><span style=\"font-weight: 400\">presque autant<\/span><\/a><span style=\"font-weight: 400\"> d&rsquo;enfants souffrant de malnutrition qu&rsquo;au cours de toute l&rsquo;ann&eacute;e 2021. Les &Eacute;tats-Unis pr&eacute;sideront une <\/span><a href=\"https:\/\/apnews.com\/article\/russia-ukraine-europe-middle-east-united-nations-antony-blinken-127fbd70a221df6bedcc2ddcf6676cd2\"><span style=\"font-weight: 400\">r&eacute;union du Conseil de S&eacute;curit&eacute; des Nations Unies<\/span><\/a><span style=\"font-weight: 400\"> le 19 mai pour discuter d&rsquo;une r&eacute;ponse mondiale &agrave; la crise alimentaire.<\/span><\/p>\n<p><b>Probl&egrave;mes de salaires :<\/b><span style=\"font-weight: 400\"> Le salaire minimum au Kenya a <\/span><a href=\"https:\/\/www.lemonde.fr\/afrique\/article\/2022\/05\/02\/face-a-l-inflation-le-kenya-augmente-le-salaire-minimum_6124422_3212.html\"><span style=\"font-weight: 400\">augment&eacute; de 12 %<\/span><\/a><span style=\"font-weight: 400\"> apr&egrave;s trois ans de campagne des syndicats &ndash; une victoire, mais loin des 24 % souhait&eacute;s par la principale organisation syndicale du pays. L&rsquo;inflation qui atteint son plus haut niveau <\/span><a href=\"https:\/\/www.lemonde.fr\/afrique\/article\/2022\/05\/02\/face-a-l-inflation-le-kenya-augmente-le-salaire-minimum_6124422_3212.html\"><span style=\"font-weight: 400\">depuis sept mois<\/span><\/a><span style=\"font-weight: 400\"> et la flamb&eacute;e du co&ucirc;t de la vie frappent durement les moyens de subsistance, ce que le pr&eacute;sident Kenyatta a attribu&eacute; au COVID-19 et &agrave; la guerre en Ukraine. Pendant ce temps, <\/span><a href=\"https:\/\/www.thecitizen.co.tz\/tanzania\/news\/national\/why-tanzania-workers-waited-for-this-may-day-3800572\"><span style=\"font-weight: 400\">les fonctionnaires tanzaniens<\/span><\/a><span style=\"font-weight: 400\"> devraient enfin percevoir l&rsquo;augmentation de salaire qu&rsquo;ils attendent depuis six ans. Bien que le montant d&eacute;finitif n&rsquo;ait pas encore &eacute;t&eacute; annonc&eacute;, la Pr&eacute;sidente Samia <\/span><a href=\"https:\/\/africa24tv.com\/tanzanie-la-presidente-samia-promet-une-hausse-des-salaires-et-une-reduction-dimpots\/\"><span style=\"font-weight: 400\">s&rsquo;est engag&eacute;e &agrave; augmenter les r&eacute;mun&eacute;rations<\/span><\/a><span style=\"font-weight: 400\"> lors du discours du 1er mai.<\/span><\/p>\n<h2><b>L&rsquo;&Eacute;QUIPE DE ONE EN ACTION :&nbsp;<\/b><\/h2>\n<ul>\n<li style=\"font-weight: 400\"><span style=\"font-weight: 400\">Nous abordons l&rsquo;actualit&eacute; avec humour dans <\/span><a href=\"https:\/\/twitter.com\/ONEAftershocks\/status\/1522223366027067397?utm_campaign=covid19&amp;utm_medium=email&amp;utm_source=email\"><span style=\"font-weight: 400\">la vid&eacute;o d&rsquo;Aftershocks News cette semaine<\/span><\/a><span style=\"font-weight: 400\">.<\/span><\/li>\n<li style=\"font-weight: 400\"><span style=\"font-weight: 400\">Quel que soit le vainqueur de l&rsquo;&eacute;lection pr&eacute;sidentielle du mois d&rsquo;ao&ucirc;t au Kenya, il devra imm&eacute;diatement g&eacute;rer la dette galopante du pays et l&rsquo;ins&eacute;curit&eacute; alimentaire croissante. Retrouvez <\/span><a href=\"https:\/\/www.one.org\/africa\/blog\/kenya-election-debt-food-insecurity\/?ak_proof=1&amp;akid=.10572979.PyrGhU&amp;rd=1&amp;t=67&amp;utm_campaign=covid19&amp;utm_medium=email&amp;utm_source=email\"><span style=\"font-weight: 400\">ici<\/span><\/a><span style=\"font-weight: 400\"> l&rsquo;article de Rasna Warah.<\/span><\/li>\n<li style=\"font-weight: 400\"><span style=\"font-weight: 400\">David McNair de ONE analyse le d&eacute;bat &eacute;mergent <\/span><a href=\"https:\/\/twitter.com\/David_McNair\/status\/1519790980664242176?s=20&amp;t=B2EdfV1O9wp6U_ANupwEBA\"><span style=\"font-weight: 400\">sur la r&eacute;forme des institutions de Bretton Woods<\/span><\/a><span style=\"font-weight: 400\">.<\/span><\/li>\n<\/ul>\n<h2><b>LES CHIFFRES :<\/b><\/h2>\n<ul>\n<li style=\"font-weight: 400\"><b>39,3 % : <\/b><span style=\"font-weight: 400\">C&rsquo;est le taux de ch&ocirc;mage <\/span><a href=\"https:\/\/businesstech.co.za\/news\/business\/581710\/south-africas-unemployment-rate-is-heading-to-40\/\"><span style=\"font-weight: 400\">pr&eacute;visionnel de l&rsquo;Afrique du Sud en 2030<\/span><\/a><span style=\"font-weight: 400\">, alors que son taux de ch&ocirc;mage global et celui des jeunes sont les plus &eacute;lev&eacute;s au monde (35,3 %).&nbsp;<\/span><\/li>\n<li style=\"font-weight: 400\"><b>26 milliards de dollars :<\/b><span style=\"font-weight: 400\"> Ce sont les b&eacute;n&eacute;fices de Pfizer li&eacute;s aux<\/span><span style=\"font-weight: 400\"> ventes de son vaccin contre le COVID-19 au<\/span> <a href=\"https:\/\/www.lefigaro.fr\/societes\/le-chiffre-d-affaires-de-pfizer-bondit-a-25-7-milliards-de-dollars-au-1er-trimestre-20220503\"><span style=\"font-weight: 400\">premier trimestre 2022<\/span><\/a><span style=\"font-weight: 400\">.<\/span><\/li>\n<li><b>1 sur 4 : <\/b><span style=\"font-weight: 400\">C&rsquo;est le nombre de personnes <\/span><a href=\"https:\/\/twitter.com\/ONEAftershocks\/status\/1521877145223581702\"><span style=\"font-weight: 400\">souffrant de la faim en Afrique<\/span><\/a><span style=\"font-weight: 400\">.<\/span><\/li>\n<\/ul>\n<h4><em><a href=\"https:\/\/www.one.org\/fr\/nos-combats\/ondes-de-choc\/\">Inscrivez-vous<\/a> pour recevoir Ondes de choc<span style=\"text-decoration: underline\">,<\/span> notre newsletter hebdomadaire pour suivre l&rsquo;impact r&eacute;el du COVID-19 en Afrique. Nous vous proposons des analyses pointues, succinctes et r&eacute;fl&eacute;chies de la part des experts de ONE.<\/em><\/h4>\n<div class=\"buffer\"><\/div>","protected":false},"excerpt":{"rendered":"<p>Cette semaine, dans Ondes de Choc : les progr&egrave;s r&eacute;alis&eacute;s en mati&egrave;re de d&eacute;rogation aux ADPIC, la temp&ecirc;te &eacute;conomique mondiale qui se pr&eacute;pare, les efforts d&eacute;ploy&eacute;s pour cr&eacute;er un vaccin africain contre le COVID-19. ACTUALIT&Eacute;S Un ADPIC lent : Un projet de compromis sur la d&eacute;rogation aux accords d&rsquo;ADPIC pour les vaccins contre le COVID-19 [&hellip;]<\/p>\n","protected":false},"author":24,"featured_media":162939,"comment_status":"open","ping_status":"open","sticky":false,"template":"","format":"standard","meta":{"_acf_changed":false,"_relevanssi_hide_post":"","_relevanssi_hide_content":"","_relevanssi_pin_for_all":"","_relevanssi_pin_keywords":"","_relevanssi_unpin_keywords":"","_relevanssi_related_keywords":"","_relevanssi_related_include_ids":"","_relevanssi_related_exclude_ids":"","_relevanssi_related_no_append":"","_relevanssi_related_not_related":"","_relevanssi_related_posts":"164801,164384,164396,163756,163706,163644","_relevanssi_noindex_reason":"","footnotes":""},"categories":[68],"tags":[],"topic":[86],"contributor":[33],"one_content_audience":[],"one_content_type":[],"one_content_tone":[],"class_list":["post-162564","post","type-post","status-publish","format-standard","has-post-thumbnail","hentry","category-analyse","topic-ondes-de-choc","contributor-one-france"],"acf":[],"yoast_head":"<!-- This site is optimized with the Yoast SEO Premium plugin v27.1 (Yoast SEO v27.1.1) - https:\/\/yoast.com\/product\/yoast-seo-premium-wordpress\/ -->\n<title>L&#039;Afrique cherche \u00e0 cr\u00e9er ses propres vaccins contre le COVID-19 - ONE.org France<\/title>\n<meta name=\"description\" content=\"Cette semaine, dans Ondes de Choc : la temp\u00eate \u00e9conomique mondiale qui se pr\u00e9pare, les efforts d\u00e9ploy\u00e9s pour cr\u00e9er un vaccin africain contre le COVID-19.\" \/>\n<meta name=\"robots\" content=\"index, follow, max-snippet:-1, max-image-preview:large, max-video-preview:-1\" \/>\n<link rel=\"canonical\" href=\"https:\/\/www.one.org\/fr\/actualites\/ondes-de-choc-afrique-propres-vaccins-covid-19\/\" \/>\n<meta property=\"og:locale\" content=\"fr_FR\" \/>\n<meta property=\"og:type\" content=\"article\" \/>\n<meta property=\"og:title\" content=\"L&#039;Afrique cherche \u00e0 cr\u00e9er ses propres vaccins contre le COVID-19\" \/>\n<meta property=\"og:description\" content=\"Cette semaine, dans Ondes de Choc : la temp\u00eate \u00e9conomique mondiale qui se pr\u00e9pare, les efforts d\u00e9ploy\u00e9s pour cr\u00e9er un vaccin africain contre le COVID-19.\" \/>\n<meta property=\"og:url\" content=\"https:\/\/www.one.org\/fr\/actualites\/ondes-de-choc-afrique-propres-vaccins-covid-19\/\" \/>\n<meta property=\"og:site_name\" content=\"ONE.org France\" \/>\n<meta property=\"article:publisher\" content=\"https:\/\/www.facebook.com\/ONE.Fr\" \/>\n<meta property=\"article:published_time\" content=\"2022-05-07T09:15:49+00:00\" \/>\n<meta property=\"article:modified_time\" content=\"2023-11-06T16:49:17+00:00\" \/>\n<meta property=\"og:image\" content=\"https:\/\/www.one.org\/fr\/wp-content\/uploads\/sites\/4\/2022\/05\/Aftershock_2021_FeaturedImage_1200x1200_en_003-640x640-1.jpeg\" \/>\n\t<meta property=\"og:image:width\" content=\"640\" \/>\n\t<meta property=\"og:image:height\" content=\"640\" \/>\n\t<meta property=\"og:image:type\" content=\"image\/jpeg\" \/>\n<meta name=\"author\" content=\"Dana Khalil\" \/>\n<meta name=\"twitter:card\" content=\"summary_large_image\" \/>\n<meta name=\"twitter:creator\" content=\"@one_fr\" \/>\n<meta name=\"twitter:site\" content=\"@one_fr\" \/>\n<meta name=\"twitter:label1\" content=\"Written by\" \/>\n\t<meta name=\"twitter:data1\" content=\"Dana Khalil\" \/>\n\t<meta name=\"twitter:label2\" content=\"Est. reading time\" \/>\n\t<meta name=\"twitter:data2\" content=\"6 minutes\" \/>\n<script type=\"application\/ld+json\" class=\"yoast-schema-graph\">{\"@context\":\"https:\/\/schema.org\",\"@graph\":[{\"@type\":\"Article\",\"@id\":\"https:\/\/www.one.org\/fr\/actualites\/ondes-de-choc-afrique-propres-vaccins-covid-19\/#article\",\"isPartOf\":{\"@id\":\"https:\/\/www.one.org\/fr\/actualites\/ondes-de-choc-afrique-propres-vaccins-covid-19\/\"},\"author\":{\"name\":\"Dana Khalil\",\"@id\":\"https:\/\/www.one.org\/fr\/#\/schema\/person\/cf1f30f9800f0592ec3d61940be82003\"},\"headline\":\"L&#8217;Afrique cherche \u00e0 cr\u00e9er ses propres vaccins contre le COVID-19\",\"datePublished\":\"2022-05-07T09:15:49+00:00\",\"dateModified\":\"2023-11-06T16:49:17+00:00\",\"mainEntityOfPage\":{\"@id\":\"https:\/\/www.one.org\/fr\/actualites\/ondes-de-choc-afrique-propres-vaccins-covid-19\/\"},\"wordCount\":1618,\"commentCount\":0,\"image\":{\"@id\":\"https:\/\/www.one.org\/fr\/actualites\/ondes-de-choc-afrique-propres-vaccins-covid-19\/#primaryimage\"},\"thumbnailUrl\":\"https:\/\/www.one.org\/fr\/wp-content\/uploads\/sites\/4\/2022\/05\/Aftershock_2021_FeaturedImage_1200x1200_en_003-640x640-1.jpeg\",\"articleSection\":[\"Analyse\"],\"inLanguage\":\"fr-FR\",\"potentialAction\":[{\"@type\":\"CommentAction\",\"name\":\"Comment\",\"target\":[\"https:\/\/www.one.org\/fr\/actualites\/ondes-de-choc-afrique-propres-vaccins-covid-19\/#respond\"]}]},{\"@type\":\"WebPage\",\"@id\":\"https:\/\/www.one.org\/fr\/actualites\/ondes-de-choc-afrique-propres-vaccins-covid-19\/\",\"url\":\"https:\/\/www.one.org\/fr\/actualites\/ondes-de-choc-afrique-propres-vaccins-covid-19\/\",\"name\":\"L'Afrique cherche \u00e0 cr\u00e9er ses propres vaccins contre le COVID-19 - ONE.org France\",\"isPartOf\":{\"@id\":\"https:\/\/www.one.org\/fr\/#website\"},\"primaryImageOfPage\":{\"@id\":\"https:\/\/www.one.org\/fr\/actualites\/ondes-de-choc-afrique-propres-vaccins-covid-19\/#primaryimage\"},\"image\":{\"@id\":\"https:\/\/www.one.org\/fr\/actualites\/ondes-de-choc-afrique-propres-vaccins-covid-19\/#primaryimage\"},\"thumbnailUrl\":\"https:\/\/www.one.org\/fr\/wp-content\/uploads\/sites\/4\/2022\/05\/Aftershock_2021_FeaturedImage_1200x1200_en_003-640x640-1.jpeg\",\"datePublished\":\"2022-05-07T09:15:49+00:00\",\"dateModified\":\"2023-11-06T16:49:17+00:00\",\"author\":{\"@id\":\"https:\/\/www.one.org\/fr\/#\/schema\/person\/cf1f30f9800f0592ec3d61940be82003\"},\"description\":\"Cette semaine, dans Ondes de Choc : la temp\u00eate \u00e9conomique mondiale qui se pr\u00e9pare, les efforts d\u00e9ploy\u00e9s pour cr\u00e9er un vaccin africain contre le COVID-19.\",\"breadcrumb\":{\"@id\":\"https:\/\/www.one.org\/fr\/actualites\/ondes-de-choc-afrique-propres-vaccins-covid-19\/#breadcrumb\"},\"inLanguage\":\"fr-FR\",\"potentialAction\":[{\"@type\":\"ReadAction\",\"target\":[\"https:\/\/www.one.org\/fr\/actualites\/ondes-de-choc-afrique-propres-vaccins-covid-19\/\"]}]},{\"@type\":\"ImageObject\",\"inLanguage\":\"fr-FR\",\"@id\":\"https:\/\/www.one.org\/fr\/actualites\/ondes-de-choc-afrique-propres-vaccins-covid-19\/#primaryimage\",\"url\":\"https:\/\/www.one.org\/fr\/wp-content\/uploads\/sites\/4\/2022\/05\/Aftershock_2021_FeaturedImage_1200x1200_en_003-640x640-1.jpeg\",\"contentUrl\":\"https:\/\/www.one.org\/fr\/wp-content\/uploads\/sites\/4\/2022\/05\/Aftershock_2021_FeaturedImage_1200x1200_en_003-640x640-1.jpeg\",\"width\":640,\"height\":640},{\"@type\":\"BreadcrumbList\",\"@id\":\"https:\/\/www.one.org\/fr\/actualites\/ondes-de-choc-afrique-propres-vaccins-covid-19\/#breadcrumb\",\"itemListElement\":[{\"@type\":\"ListItem\",\"position\":1,\"name\":\"Home\",\"item\":\"https:\/\/www.one.org\/fr\/\"},{\"@type\":\"ListItem\",\"position\":2,\"name\":\"L&#8217;Afrique cherche \u00e0 cr\u00e9er ses propres vaccins contre le COVID-19\"}]},{\"@type\":\"WebSite\",\"@id\":\"https:\/\/www.one.org\/fr\/#website\",\"url\":\"https:\/\/www.one.org\/fr\/\",\"name\":\"ONE.org\",\"description\":\"Cr\u00e9er des opportunit\u00e9s \u00e9conomiques et am\u00e9liorer la sant\u00e9 en Afrique\",\"potentialAction\":[{\"@type\":\"SearchAction\",\"target\":{\"@type\":\"EntryPoint\",\"urlTemplate\":\"https:\/\/www.one.org\/fr\/?s={search_term_string}\"},\"query-input\":{\"@type\":\"PropertyValueSpecification\",\"valueRequired\":true,\"valueName\":\"search_term_string\"}}],\"inLanguage\":\"fr-FR\"},{\"@type\":\"Person\",\"@id\":\"https:\/\/www.one.org\/fr\/#\/schema\/person\/cf1f30f9800f0592ec3d61940be82003\",\"name\":\"Dana Khalil\",\"image\":{\"@type\":\"ImageObject\",\"inLanguage\":\"fr-FR\",\"@id\":\"https:\/\/www.one.org\/fr\/#\/schema\/person\/image\/\",\"url\":\"https:\/\/secure.gravatar.com\/avatar\/b0da536f00ccefadcc7aae4e64855977a5249adb1ac04162a69474e53a8d4c40?s=96&d=mm&r=g\",\"contentUrl\":\"https:\/\/secure.gravatar.com\/avatar\/b0da536f00ccefadcc7aae4e64855977a5249adb1ac04162a69474e53a8d4c40?s=96&d=mm&r=g\",\"caption\":\"Dana Khalil\"},\"url\":\"https:\/\/www.one.org\/fr\/actualites\/author\/danakhalil\/\"}]}<\/script>\n<!-- \/ Yoast SEO Premium plugin. -->","yoast_head_json":{"title":"L'Afrique cherche \u00e0 cr\u00e9er ses propres vaccins contre le COVID-19 - ONE.org France","description":"Cette semaine, dans Ondes de Choc : la temp\u00eate \u00e9conomique mondiale qui se pr\u00e9pare, les efforts d\u00e9ploy\u00e9s pour cr\u00e9er un vaccin africain contre le COVID-19.","robots":{"index":"index","follow":"follow","max-snippet":"max-snippet:-1","max-image-preview":"max-image-preview:large","max-video-preview":"max-video-preview:-1"},"canonical":"https:\/\/www.one.org\/fr\/actualites\/ondes-de-choc-afrique-propres-vaccins-covid-19\/","og_locale":"fr_FR","og_type":"article","og_title":"L'Afrique cherche \u00e0 cr\u00e9er ses propres vaccins contre le COVID-19","og_description":"Cette semaine, dans Ondes de Choc : la temp\u00eate \u00e9conomique mondiale qui se pr\u00e9pare, les efforts d\u00e9ploy\u00e9s pour cr\u00e9er un vaccin africain contre le COVID-19.","og_url":"https:\/\/www.one.org\/fr\/actualites\/ondes-de-choc-afrique-propres-vaccins-covid-19\/","og_site_name":"ONE.org France","article_publisher":"https:\/\/www.facebook.com\/ONE.Fr","article_published_time":"2022-05-07T09:15:49+00:00","article_modified_time":"2023-11-06T16:49:17+00:00","og_image":[{"width":640,"height":640,"url":"https:\/\/www.one.org\/fr\/wp-content\/uploads\/sites\/4\/2022\/05\/Aftershock_2021_FeaturedImage_1200x1200_en_003-640x640-1.jpeg","type":"image\/jpeg"}],"author":"Dana Khalil","twitter_card":"summary_large_image","twitter_creator":"@one_fr","twitter_site":"@one_fr","twitter_misc":{"Written by":"Dana Khalil","Est. reading time":"6 minutes"},"schema":{"@context":"https:\/\/schema.org","@graph":[{"@type":"Article","@id":"https:\/\/www.one.org\/fr\/actualites\/ondes-de-choc-afrique-propres-vaccins-covid-19\/#article","isPartOf":{"@id":"https:\/\/www.one.org\/fr\/actualites\/ondes-de-choc-afrique-propres-vaccins-covid-19\/"},"author":{"name":"Dana Khalil","@id":"https:\/\/www.one.org\/fr\/#\/schema\/person\/cf1f30f9800f0592ec3d61940be82003"},"headline":"L&#8217;Afrique cherche \u00e0 cr\u00e9er ses propres vaccins contre le COVID-19","datePublished":"2022-05-07T09:15:49+00:00","dateModified":"2023-11-06T16:49:17+00:00","mainEntityOfPage":{"@id":"https:\/\/www.one.org\/fr\/actualites\/ondes-de-choc-afrique-propres-vaccins-covid-19\/"},"wordCount":1618,"commentCount":0,"image":{"@id":"https:\/\/www.one.org\/fr\/actualites\/ondes-de-choc-afrique-propres-vaccins-covid-19\/#primaryimage"},"thumbnailUrl":"https:\/\/www.one.org\/fr\/wp-content\/uploads\/sites\/4\/2022\/05\/Aftershock_2021_FeaturedImage_1200x1200_en_003-640x640-1.jpeg","articleSection":["Analyse"],"inLanguage":"fr-FR","potentialAction":[{"@type":"CommentAction","name":"Comment","target":["https:\/\/www.one.org\/fr\/actualites\/ondes-de-choc-afrique-propres-vaccins-covid-19\/#respond"]}]},{"@type":"WebPage","@id":"https:\/\/www.one.org\/fr\/actualites\/ondes-de-choc-afrique-propres-vaccins-covid-19\/","url":"https:\/\/www.one.org\/fr\/actualites\/ondes-de-choc-afrique-propres-vaccins-covid-19\/","name":"L'Afrique cherche \u00e0 cr\u00e9er ses propres vaccins contre le COVID-19 - ONE.org France","isPartOf":{"@id":"https:\/\/www.one.org\/fr\/#website"},"primaryImageOfPage":{"@id":"https:\/\/www.one.org\/fr\/actualites\/ondes-de-choc-afrique-propres-vaccins-covid-19\/#primaryimage"},"image":{"@id":"https:\/\/www.one.org\/fr\/actualites\/ondes-de-choc-afrique-propres-vaccins-covid-19\/#primaryimage"},"thumbnailUrl":"https:\/\/www.one.org\/fr\/wp-content\/uploads\/sites\/4\/2022\/05\/Aftershock_2021_FeaturedImage_1200x1200_en_003-640x640-1.jpeg","datePublished":"2022-05-07T09:15:49+00:00","dateModified":"2023-11-06T16:49:17+00:00","author":{"@id":"https:\/\/www.one.org\/fr\/#\/schema\/person\/cf1f30f9800f0592ec3d61940be82003"},"description":"Cette semaine, dans Ondes de Choc : la temp\u00eate \u00e9conomique mondiale qui se pr\u00e9pare, les efforts d\u00e9ploy\u00e9s pour cr\u00e9er un vaccin africain contre le COVID-19.","breadcrumb":{"@id":"https:\/\/www.one.org\/fr\/actualites\/ondes-de-choc-afrique-propres-vaccins-covid-19\/#breadcrumb"},"inLanguage":"fr-FR","potentialAction":[{"@type":"ReadAction","target":["https:\/\/www.one.org\/fr\/actualites\/ondes-de-choc-afrique-propres-vaccins-covid-19\/"]}]},{"@type":"ImageObject","inLanguage":"fr-FR","@id":"https:\/\/www.one.org\/fr\/actualites\/ondes-de-choc-afrique-propres-vaccins-covid-19\/#primaryimage","url":"https:\/\/www.one.org\/fr\/wp-content\/uploads\/sites\/4\/2022\/05\/Aftershock_2021_FeaturedImage_1200x1200_en_003-640x640-1.jpeg","contentUrl":"https:\/\/www.one.org\/fr\/wp-content\/uploads\/sites\/4\/2022\/05\/Aftershock_2021_FeaturedImage_1200x1200_en_003-640x640-1.jpeg","width":640,"height":640},{"@type":"BreadcrumbList","@id":"https:\/\/www.one.org\/fr\/actualites\/ondes-de-choc-afrique-propres-vaccins-covid-19\/#breadcrumb","itemListElement":[{"@type":"ListItem","position":1,"name":"Home","item":"https:\/\/www.one.org\/fr\/"},{"@type":"ListItem","position":2,"name":"L&#8217;Afrique cherche \u00e0 cr\u00e9er ses propres vaccins contre le COVID-19"}]},{"@type":"WebSite","@id":"https:\/\/www.one.org\/fr\/#website","url":"https:\/\/www.one.org\/fr\/","name":"ONE.org","description":"Cr\u00e9er des opportunit\u00e9s \u00e9conomiques et am\u00e9liorer la sant\u00e9 en Afrique","potentialAction":[{"@type":"SearchAction","target":{"@type":"EntryPoint","urlTemplate":"https:\/\/www.one.org\/fr\/?s={search_term_string}"},"query-input":{"@type":"PropertyValueSpecification","valueRequired":true,"valueName":"search_term_string"}}],"inLanguage":"fr-FR"},{"@type":"Person","@id":"https:\/\/www.one.org\/fr\/#\/schema\/person\/cf1f30f9800f0592ec3d61940be82003","name":"Dana Khalil","image":{"@type":"ImageObject","inLanguage":"fr-FR","@id":"https:\/\/www.one.org\/fr\/#\/schema\/person\/image\/","url":"https:\/\/secure.gravatar.com\/avatar\/b0da536f00ccefadcc7aae4e64855977a5249adb1ac04162a69474e53a8d4c40?s=96&d=mm&r=g","contentUrl":"https:\/\/secure.gravatar.com\/avatar\/b0da536f00ccefadcc7aae4e64855977a5249adb1ac04162a69474e53a8d4c40?s=96&d=mm&r=g","caption":"Dana Khalil"},"url":"https:\/\/www.one.org\/fr\/actualites\/author\/danakhalil\/"}]}},"distributor_meta":false,"distributor_terms":false,"distributor_media":false,"distributor_original_site_name":"ONE.org France","distributor_original_site_url":"https:\/\/www.one.org\/fr","push-errors":false,"_links":{"self":[{"href":"https:\/\/www.one.org\/fr\/wp-json\/wp\/v2\/posts\/162564","targetHints":{"allow":["GET"]}}],"collection":[{"href":"https:\/\/www.one.org\/fr\/wp-json\/wp\/v2\/posts"}],"about":[{"href":"https:\/\/www.one.org\/fr\/wp-json\/wp\/v2\/types\/post"}],"author":[{"embeddable":true,"href":"https:\/\/www.one.org\/fr\/wp-json\/wp\/v2\/users\/24"}],"replies":[{"embeddable":true,"href":"https:\/\/www.one.org\/fr\/wp-json\/wp\/v2\/comments?post=162564"}],"version-history":[{"count":0,"href":"https:\/\/www.one.org\/fr\/wp-json\/wp\/v2\/posts\/162564\/revisions"}],"wp:featuredmedia":[{"embeddable":true,"href":"https:\/\/www.one.org\/fr\/wp-json\/wp\/v2\/media\/162939"}],"wp:attachment":[{"href":"https:\/\/www.one.org\/fr\/wp-json\/wp\/v2\/media?parent=162564"}],"wp:term":[{"taxonomy":"category","embeddable":true,"href":"https:\/\/www.one.org\/fr\/wp-json\/wp\/v2\/categories?post=162564"},{"taxonomy":"post_tag","embeddable":true,"href":"https:\/\/www.one.org\/fr\/wp-json\/wp\/v2\/tags?post=162564"},{"taxonomy":"topic","embeddable":true,"href":"https:\/\/www.one.org\/fr\/wp-json\/wp\/v2\/topic?post=162564"},{"taxonomy":"contributor","embeddable":true,"href":"https:\/\/www.one.org\/fr\/wp-json\/wp\/v2\/contributor?post=162564"},{"taxonomy":"one_content_audience","embeddable":true,"href":"https:\/\/www.one.org\/fr\/wp-json\/wp\/v2\/one_content_audience?post=162564"},{"taxonomy":"one_content_type","embeddable":true,"href":"https:\/\/www.one.org\/fr\/wp-json\/wp\/v2\/one_content_type?post=162564"},{"taxonomy":"one_content_tone","embeddable":true,"href":"https:\/\/www.one.org\/fr\/wp-json\/wp\/v2\/one_content_tone?post=162564"}],"curies":[{"name":"wp","href":"https:\/\/api.w.org\/{rel}","templated":true}]}}