{"id":162559,"date":"2022-04-21T12:01:38","date_gmt":"2022-04-21T12:01:38","guid":{"rendered":"https:\/\/www.one.org\/fr\/inversons-la-tendance-retour-sur-5-mois-de-mobilisation\/"},"modified":"2023-11-06T16:43:12","modified_gmt":"2023-11-06T16:43:12","slug":"inversons-la-tendance-recap","status":"publish","type":"post","link":"https:\/\/www.one.org\/fr\/actualites\/inversons-la-tendance-recap\/","title":{"rendered":"Inversons La Tendance : Retour sur 5 mois de mobilisation"},"content":{"rendered":"<p><em>Ce billet de blog a &eacute;t&eacute; r&eacute;dig&eacute; par Alice, Ana&iuml;s, Cassandra, Emma, Eva et Yacine, jeunes Ambassadrices et Ambassadeur de ONE et a &eacute;t&eacute; mis &agrave; jour le 29 juin 2022. Photo &copy; Julie Glassberg&nbsp;<\/em><\/p>\n<p><span style=\"font-weight: 400\">Le 9 f&eacute;vrier dernier, nous lancions une grande campagne de mobilisation, intitul&eacute;e <\/span><a href=\"https:\/\/www.one.org\/onevotefr\/\"><span style=\"font-weight: 400\">Inversons La Tendance<\/span><\/a><span style=\"font-weight: 400\">, en vue de l&rsquo;&eacute;lection pr&eacute;sidentielle. Notre but ? Recevoir des engagements concrets de la part des candidates et candidats en mati&egrave;re de lutte contre l&rsquo;extr&ecirc;me pauvret&eacute; et les in&eacute;galit&eacute;s mondiales, en les poussant &agrave; aller plus loin que ce qui est propos&eacute; dans <\/span><a href=\"https:\/\/www.one.org\/onevotefr\/en-finir-avec-lextreme-pauvrete-les-candidates-et-candidats-nous-repondent\/\"><span style=\"font-weight: 400\">dans leur programme respectif<\/span><\/a><span style=\"font-weight: 400\">.<\/span><\/p>\n<p><span style=\"font-weight: 400\">Sur un ton humoristique, nous avons renvoy&eacute; les candidates et candidats &agrave; leur look des ann&eacute;es 90 pour mettre en avant un fait beaucoup plus s&eacute;rieux : si la mode et la culture des ann&eacute;es 90 font leur grand retour aujourd&rsquo;hui, <\/span><a href=\"https:\/\/www.one.org\/fr\/blog\/extreme-pauvrete-et-elections-presidentielles\/\"><span style=\"font-weight: 400\">l&rsquo;extr&ecirc;me pauvret&eacute; dans le monde est en hausse<\/span><\/a><span style=\"font-weight: 400\"> pour la premi&egrave;re fois depuis cette d&eacute;cennie.<\/span><\/p>\n<p><img decoding=\"async\" loading=\"lazy\" class=\"aligncenter size-large wp-image-158507\" src=\"https:\/\/cdn.one.org\/fr\/wp-content\/uploads\/2022\/04\/21112419\/OVFR_FB-header_v2-640x281.jpg\" alt=\"\" width=\"593\" height=\"261\"><\/p>\n<p><span style=\"font-weight: 400\">Pour atteindre notre objectif, une seule possibilit&eacute; : <\/span><b>se faire entendre par tous les moyens possibles pour inciter les candidates et candidats &agrave; nous r&eacute;pondre<\/b><span style=\"font-weight: 400\"> ! &Agrave; seulement quelques jours du second tour de l&rsquo;&eacute;lection pr&eacute;sidentielle, apr&egrave;s deux mois intenses de mobilisation, nos jeunes Ambassadeurs et Ambassadrices reviennent sur les diff&eacute;rentes actions qu&rsquo;ils et elles ont men&eacute;es &agrave; nos c&ocirc;t&eacute;s dans le cadre de cette campagne.&nbsp;<\/span><\/p>\n<h3><b>Une mobilisation sur les r&eacute;seaux sociaux<\/b><\/h3>\n<p><span style=\"font-weight: 400\">Tout au long de la campagne Inversons La Tendance, les jeunes Ambassadeurs et Ambassadrices se sont mobilis&eacute;&middot;e&middot;s pour mener de nombreuses actions, notamment sur les r&eacute;seaux sociaux. Je suis Eva, jeune Ambassadrice depuis janvier 2022 et je vais vous parler des diff&eacute;rentes actions que nous avons men&eacute;es en ligne.&nbsp;<\/span><\/p>\n<p><span style=\"font-weight: 400\">D&egrave;s le d&eacute;but de la campagne, nous avons grandement relay&eacute; la p&eacute;tition de ONE sur nos r&eacute;seaux respectifs. Par la suite, afin d&rsquo;interpeller les candidat&middot;e&middot;s et de leur demander de s&rsquo;engager &agrave; mettre fin aux in&eacute;galit&eacute;s mondiales, un suivi sur le site de<\/span><a href=\"https:\/\/www.one.org\/onevotefr\/agir\/suivi\/\"> <span style=\"font-weight: 400\">one.org<\/span><\/a><span style=\"font-weight: 400\"> a &eacute;t&eacute; mis en place pour recenser les propositions des candidat&middot;e&middot;s sur ce sujet. Des mails ou des tweets pr&eacute;-r&eacute;dig&eacute;s ont &eacute;t&eacute; cr&eacute;&eacute;s pour que n&rsquo;importe qui puisse encourager le ou la candidat&middot;e de son choix &agrave; prendre position.&nbsp;<\/span><\/p>\n<p><span style=\"font-weight: 400\">En parall&egrave;le, <\/span><b>nous avons &eacute;t&eacute; tr&egrave;s pr&eacute;sent&middot;e&middot;s sur Twitter ou encore Instagram <\/b><span style=\"font-weight: 400\">afin d&rsquo;inciter les candidat&middot;e&middot;s &agrave; nous faire part de leurs engagements pr&eacute;cis concernant chacune des 3 grandes demandes de ONE : mettre fin &agrave; la pand&eacute;mie sur le court terme, soutenir la relance des pays africains sur le moyen terme et agir d&rsquo;&eacute;gal &agrave; &eacute;gal en tant que v&eacute;ritable partenaire du continent africain sur le long terme. Certains candidats ont vu nos messages ou nous ont m&ecirc;me r&eacute;pondu ! <\/span><b>Au total, 6 candidat&middot;e&middot;s nous ont r&eacute;pondu personnellement et 1 parti a r&eacute;pondu au nom de son candidat. <\/b><span style=\"font-weight: 400\">Pour en savoir plus, <\/span><a href=\"https:\/\/www.one.org\/onevotefr\/comparateur\/\"><span style=\"font-weight: 400\">lisez leurs propositions d&eacute;taill&eacute;es ici<\/span><\/a><span style=\"font-weight: 400\">.<\/span><\/p>\n<blockquote class=\"twitter-tweet\" data-width=\"550\" data-dnt=\"true\">\n<p lang=\"fr\" dir=\"ltr\">Cher&middot;&egrave;re&middot;s candidat&middot;e&middot;s, une solution pour &eacute;viter ce genre de situation : r&eacute;pondre &agrave; l&rsquo;appel de <a href=\"https:\/\/twitter.com\/ONE_Fr?ref_src=twsrc%5Etfw\">@ONE_Fr<\/a> et des <a href=\"https:\/\/twitter.com\/hashtag\/ONEActivits?src=hash&amp;ref_src=twsrc%5Etfw\">#ONEActivits<\/a>. <a href=\"https:\/\/twitter.com\/ChTaubira?ref_src=twsrc%5Etfw\">@ChTaubira<\/a>, <a href=\"https:\/\/twitter.com\/EmmanuelMacron?ref_src=twsrc%5Etfw\">@EmmanuelMacron<\/a>, <a href=\"https:\/\/twitter.com\/yjadot?ref_src=twsrc%5Etfw\">@yjadot<\/a>, <a href=\"https:\/\/twitter.com\/Fabien_Roussel?ref_src=twsrc%5Etfw\">@Fabien_Roussel<\/a>, <a href=\"https:\/\/twitter.com\/Anne_Hidalgo?ref_src=twsrc%5Etfw\">@Anne_Hidalgo<\/a>, <a href=\"https:\/\/twitter.com\/JLMelenchon?ref_src=twsrc%5Etfw\">@JLMelenchon<\/a>, <a href=\"https:\/\/twitter.com\/marinelepen?ref_src=twsrc%5Etfw\">@marinelepen<\/a>, <a href=\"https:\/\/twitter.com\/ZemmourEric?ref_src=twsrc%5Etfw\">@ZemmourEric<\/a>, <a href=\"https:\/\/twitter.com\/vpecresse?ref_src=twsrc%5Etfw\">@vpecresse<\/a> nous attendons vos propositions <a href=\"https:\/\/t.co\/3u0QsMBFGU\">https:\/\/t.co\/3u0QsMBFGU<\/a><\/p>\n<p>&mdash; Romane Mika (@romane_mika) <a href=\"https:\/\/twitter.com\/romane_mika\/status\/1492132483478999047?ref_src=twsrc%5Etfw\">February 11, 2022<\/a><\/p><\/blockquote>\n<p><span style=\"font-weight: 400\">Notre mobilisation a, je pense, port&eacute; ses fruits puisque les candidat&middot;e&middot;s qui souhaitent r&eacute;ellement s&rsquo;engager et prendre parti contre les in&eacute;galit&eacute;s mondiales nous ont fait part de leurs r&eacute;ponses. A quelques jours du second tour de l&rsquo;&eacute;lection pr&eacute;sidentielle ce 24 avril, Marine Le Pen ne nous a pas r&eacute;pondu alors qu&rsquo;Emmanuel Macron nous a fait part de ses propositions.<\/span><\/p>\n<p><span style=\"font-weight: 400\">Mais notre mobilisation ne s&rsquo;est pas arr&ecirc;t&eacute;e l&agrave;. Instagram a notamment &eacute;t&eacute; le th&eacute;&acirc;tre de diverses op&eacute;rations : alors qu&rsquo;un <\/span><a href=\"https:\/\/www.instagram.com\/ar\/916987615644074\"><span style=\"font-weight: 400\">nouveau filtre ONE<\/span><\/a><span style=\"font-weight: 400\"> &eacute;tait cr&eacute;&eacute;, nous ramenant aux looks des ann&eacute;es 90, d&rsquo;autres jeunes Ambassadeur&middot;rice&middot;s d&eacute;marraient un live avec Najat Vallaud-Belkacem, notre directrice France. J&rsquo;ai d&rsquo;ailleurs eu l&rsquo;opportunit&eacute; de participer &agrave; l&rsquo;un d&rsquo;entre eux et j&rsquo;ai trouv&eacute; l&rsquo;exercice tr&egrave;s instructif. Par ce format, <\/span><b>nous pouvons jouer un r&ocirc;le actif en tant que jeunes Ambassadeur&middot;rice&middot;s dans le d&eacute;roul&eacute; de la campagne et dans la diffusion des combats de ONE.<\/b><span style=\"font-weight: 400\"> Ces lives nous ont permis d&rsquo;interroger Najat sur la campagne Inversons La Tendance, sur les &eacute;v&egrave;nements et actions li&eacute;s &agrave; celle-ci, ainsi que sur ONE en g&eacute;n&eacute;ral.<\/span><\/p>\n<p><span style=\"font-weight: 400\">La fin de l&rsquo;&eacute;lection pr&eacute;sidentielle ne signifie pas la fin de nos actions sur les r&eacute;seaux sociaux, bien au contraire. Nous continuerons &agrave; partager du contenu et &agrave; agir en ligne tant que l&rsquo;extr&ecirc;me pauvret&eacute; et les in&eacute;galit&eacute;s mondiales persisteront !<\/span><\/p>\n<h3><b>Prise de parole dans les m&eacute;dias<\/b><\/h3>\n<p><span style=\"font-weight: 400\">Je suis Ana&iuml;s et, en tant que jeune Ambassadrice de ONE, j&rsquo;ai eu l&rsquo;honneur de pouvoir repr&eacute;senter l&rsquo;ONG en donnant une interview dans <\/span><i><span style=\"font-weight: 400\">Midi Libre<\/span><\/i><span style=\"font-weight: 400\">, un journal local dont le si&egrave;ge est &agrave; Montpellier, &agrave; l&rsquo;occasion du lancement conjoint de la campagne Inversons La Tendance et de la promotion 2022 des jeunes Ambassadeurs et Ambassadrices de ONE.&nbsp;<\/span><\/p>\n<p><span style=\"font-weight: 400\">&Eacute;tant de nature timide, j&rsquo;&eacute;tais plut&ocirc;t nerveuse, <\/span><b>mais j&rsquo;ai senti que ONE nous fait vraiment confiance et donne une autonomie pour nous exprimer.<\/b><span style=\"font-weight: 400\"> De plus, il y a g&eacute;n&eacute;ralement un grand engouement de la part des journalistes de r&eacute;aliser ce genre d&rsquo;interview, preuve de l&rsquo;int&eacute;r&ecirc;t qui est port&eacute; &agrave; notre r&ocirc;le de jeunes Ambassadeurs et Ambassadrices, et plus largement &agrave; l&rsquo;ONG et les combats qu&rsquo;elle d&eacute;fend.<\/span><\/p>\n<p><span style=\"font-weight: 400\">Cette interview m&rsquo;a amen&eacute;e &agrave; parler de moi, mes valeurs, mon parcours, un exercice plus difficile qu&rsquo;on ne le croit, surtout lorsqu&rsquo;on n&rsquo;est pas habitu&eacute; &agrave; se mettre en avant ! En amont de l&rsquo;interview, j&rsquo;ai pu b&eacute;n&eacute;ficier d&rsquo;un entra&icirc;nement avec l&rsquo;&eacute;quipe de ONE qui nous soutient et reste tr&egrave;s &agrave; l&rsquo;&eacute;coute. Tout cela m&rsquo;a permis d&rsquo;approfondir mes comp&eacute;tences en communication.<\/span><\/p>\n<p><span style=\"font-weight: 400\">L&rsquo;interview s&rsquo;est bien pass&eacute;e, cela a &eacute;t&eacute; une exp&eacute;rience motivante et enrichissante. Mais je ne suis pas l&agrave; seule &agrave; m&rsquo;y &ecirc;tre adonn&eacute;e : <\/span><b>une vingtaine d&rsquo;interviews ont &eacute;t&eacute; r&eacute;alis&eacute;es par mes camarades dans toute la France<\/b><span style=\"font-weight: 400\">, que ce soit pour la presse, la radio, la t&eacute;l&eacute;vision ou m&ecirc;me sur Twitch ! Nous avons &eacute;galement pu r&eacute;diger et signer <\/span><a href=\"https:\/\/www.liberation.fr\/forums\/jeunesse-qui-espere-recherche-candidat-solidaire-20220317_W7AS5JKRMRHIHGBU75EHMCGYLE\/?redirected=1&amp;redirected=1\"><span style=\"font-weight: 400\">une tribune publi&eacute;e dans le journal <\/span><i><span style=\"font-weight: 400\">Lib&eacute;ration<\/span><\/i><\/a><span style=\"font-weight: 400\">.<\/span><\/p>\n<p><span style=\"font-weight: 400\">Ces interventions dans les m&eacute;dias nous donnent l&rsquo;opportunit&eacute; de faire conna&icirc;tre l&rsquo;ONG et nos diff&eacute;rentes actions, et peut-&ecirc;tre m&ecirc;me d&rsquo;attirer d&rsquo;autres jeunes Ambassadeurs et Ambassadrices pour l&rsquo;an prochain !<\/span><\/p>\n<h3><b>Enregistrement de vid&eacute;os explicatives<\/b><\/h3>\n<p><span style=\"font-weight: 400\">Moi c&rsquo;est Cassandra et, pour ma part, j&rsquo;ai pu participer &agrave; l&rsquo;enregistrement d&rsquo;une s&eacute;rie de vid&eacute;os portant sur certains sujets techniques, comme <\/span><a href=\"https:\/\/youtu.be\/o2C3FSpt0i0\"><span style=\"font-weight: 400\">les droits de tirage sp&eacute;ciaux<\/span><\/a><span style=\"font-weight: 400\"> ou <\/span><a href=\"https:\/\/youtu.be\/HK--yGie_QI\"><span style=\"font-weight: 400\">la taxe sur les transactions financi&egrave;res<\/span><\/a><span style=\"font-weight: 400\"> (oui, &ecirc;tre jeune Ambassadrice, c&rsquo;est aussi savoir parler de sujets moins dr&ocirc;les et complexes !).<\/span><\/p>\n<p><span style=\"font-weight: 400\">On a &eacute;galement r&eacute;alis&eacute; une vid&eacute;o pr&eacute;sentant <\/span><a href=\"https:\/\/youtu.be\/fvvprzkxK_g\"><span style=\"font-weight: 400\">les diff&eacute;rents outils de mobilisation<\/span><\/a><span style=\"font-weight: 400\"> disponibles sur le site de notre campagne Inversons La Tendance.<\/span><\/p>\n<p><span style=\"font-weight: 400\">Explicatives, ces vid&eacute;os ont &eacute;t&eacute; l&rsquo;occasion &agrave; la fois de vulgariser des concepts techniques tr&egrave;s souvent m&eacute;connus du grand public mais aussi d&rsquo;attirer l&rsquo;attention de chacun et chacune sur des r&eacute;alit&eacute;s ignor&eacute;es. En mettant en avant ces sujets d&egrave;s le d&eacute;but de notre campagne, nous souhaitions amener plus de personnes &agrave; s&rsquo;engager &agrave; nos c&ocirc;t&eacute;s !&nbsp;<\/span><\/p>\n<p><span style=\"font-weight: 400\">Cette activit&eacute;, &agrave; laquelle je me suis pr&ecirc;t&eacute;e pour la premi&egrave;re fois, m&rsquo;a permis de vaincre ma peur de l&rsquo;exposition tout en remplissant une partie de mon r&ocirc;le de jeune Ambassadrice : celui d&rsquo;&ecirc;tre porte-parole de ONE aupr&egrave;s du grand public.<\/span><\/p>\n<h3><b>Une mobilisation active sur le terrain<\/b><\/h3>\n<p><span style=\"font-weight: 400\">La campagne Inversons La Tendance, c&rsquo;est &eacute;galement une campagne de terrain. Dans plusieurs villes de France, les jeunes Ambassadeurs et Ambassadrices de ONE ont pu mener des actions concr&egrave;tes pour sensibiliser et mobiliser l&rsquo;opinion publique sur l&rsquo;extr&ecirc;me pauvret&eacute; et les in&eacute;galit&eacute;s mondiales.<\/span><\/p>\n<p><span style=\"font-weight: 400\">Pour sensibiliser les candidates et candidats &agrave; l&rsquo;&eacute;lection pr&eacute;sidentielle, certaines et certains d&rsquo;entre nous ont <\/span><b>coll&eacute; des affiches devant leur QG respectif pour rendre la n&eacute;cessit&eacute; de la solidarit&eacute; internationale plus visible<\/b><span style=\"font-weight: 400\">. Ces affiches ont &eacute;galement &eacute;t&eacute; coll&eacute;es partout &agrave; Paris ! D&rsquo;autres activistes ont &eacute;galement &eacute;t&eacute; &agrave; la rencontre des passants et passantes &agrave; Place d&rsquo;Italie &agrave; Paris, o&ugrave; nous avions affich&eacute; des effigies des candidates et candidats habill&eacute;&middot;e&middot;s &agrave; la mode des ann&eacute;es 90, tandis que d&rsquo;autres &eacute;taient pr&eacute;sent&middot;e&middot;s au <\/span><a href=\"https:\/\/twitter.com\/MaglioccoAnais\/status\/1503797211095879680\"><span style=\"font-weight: 400\">meeting du Pacte du Pouvoir de Vivre &agrave; Vaulx-en-Velin<\/span><\/a><span style=\"font-weight: 400\"> ou au <\/span><a href=\"https:\/\/twitter.com\/aryabln\/status\/1500478031663710209\"><span style=\"font-weight: 400\">Train pour l&rsquo;&Eacute;galit&eacute; &agrave; Strasbourg<\/span><\/a><span style=\"font-weight: 400\">.<\/span><\/p>\n<p><img decoding=\"async\" loading=\"lazy\" class=\"aligncenter wp-image-158508\" src=\"https:\/\/cdn.one.org\/fr\/wp-content\/uploads\/2022\/04\/21112906\/PHOTO-2022-03-28-16-53-33-1-640x480.jpg\" alt=\"\" width=\"522\" height=\"392\"><\/p>\n<p><span style=\"font-weight: 400\">Je m&rsquo;appelle Alice et en tant que jeune Ambassadrice, j&rsquo;ai, pour ma part, particip&eacute; &agrave; une action lumineuse &agrave; Paris. Avec 10 autres jeunes Ambassadeurs et Ambassadrices, nous nous sommes r&eacute;uni&middot;e&middot;s sur la place de la R&eacute;publique afin de brandir un message : #InversonsLaTendance. Cette action &eacute;tait le fruit d&rsquo;un travail d&rsquo;&eacute;quipe des membres de ONE pour cr&eacute;er ce message lumineux et le brandir, ensemble, sur l&rsquo;une des places les plus fr&eacute;quent&eacute;es de Paris. La photographe Julie Glassberg a immortalis&eacute; ce moment, qui nous a permis d&rsquo;interpeller les candidat&middot;e&middot;s, de sensibiliser les passant&middot;e&middot;s ainsi que de montrer qu&rsquo;<\/span><b>une lueur d&rsquo;espoir existe pour le future et qu&rsquo;&agrave; plusieurs, on peut transformer cette lueur en grande lumi&egrave;re.<\/b><span style=\"font-weight: 400\"> C&rsquo;est le genre de moments que ONE sait cr&eacute;er et que ONE continuera de faire pour mobiliser tout le monde sur la question de la solidarit&eacute; internationale !<\/span><\/p>\n<blockquote class=\"twitter-tweet\" data-width=\"550\" data-dnt=\"true\">\n<p lang=\"fr\" dir=\"ltr\">Nos jeunes Ambassadeur&middot;rice&middot;s se sont mobilis&eacute;&middot;e&middot;s place de la R&eacute;publique cette semaine pour porter brillamment ce message : <a href=\"https:\/\/twitter.com\/hashtag\/InversonsLaTendance?src=hash&amp;ref_src=twsrc%5Etfw\">#InversonsLaTendance<\/a><\/p>\n<p>Vous aussi, rejoignez-nous et interpellez les candidat&middot;e&middot;s &agrave; la pr&eacute;sidentielle &#10145;&#65039; <a href=\"https:\/\/t.co\/jBrh64TeXb\">https:\/\/t.co\/jBrh64TeXb<\/a><\/p>\n<p>&copy; Julie Glassberg <a href=\"https:\/\/t.co\/CTqL7ls3Gi\">pic.twitter.com\/CTqL7ls3Gi<\/a><\/p>\n<p>&mdash; ONE France (@ONE_Fr) <a href=\"https:\/\/twitter.com\/ONE_Fr\/status\/1507319131565027333?ref_src=twsrc%5Etfw\">March 25, 2022<\/a><\/p><\/blockquote>\n<h3><b>Des rendez-vous plaidoyer dans plusieurs villes de France<\/b><\/h3>\n<p><span style=\"font-weight: 400\">Moi, c&rsquo;est Emma, et je vais vous parler des diff&eacute;rents rendez-vous avec les municipalit&eacute;s organis&eacute;s dans la continuit&eacute; de notre plaidoyer pour la d&eacute;fense des droits de toutes et tous. Les jeunes Ambassadeurs et Ambassadrices de ONE &agrave; Reims, Strasbourg, Lyon ou encore Rennes se sont d&eacute;plac&eacute;&middot;e&middot;s pour sensibiliser les maires ou leurs adjoint&middot;e&middot;s au combat men&eacute; par ONE, ses actions pass&eacute;es, pr&eacute;sentes et futures, le tout dans un contexte de pr&eacute;-&eacute;lection pr&eacute;sidentielle. Notre but ? Amener les &eacute;lus locaux &agrave; faire remonter nos demandes aupr&egrave;s de leur parti politique.<\/span><\/p>\n<blockquote class=\"twitter-tweet\" data-width=\"550\" data-dnt=\"true\">\n<p lang=\"fr\" dir=\"ltr\">Combattre les in&eacute;galit&eacute;s en <a href=\"https:\/\/twitter.com\/hashtag\/Sante?src=hash&amp;ref_src=twsrc%5Etfw\">#Sante<\/a>, permettre l&#8217;acc&egrave;s aux <a href=\"https:\/\/twitter.com\/hashtag\/vaccins?src=hash&amp;ref_src=twsrc%5Etfw\">#vaccins<\/a> et notamment contre le <a href=\"https:\/\/twitter.com\/hashtag\/COVID19?src=hash&amp;ref_src=twsrc%5Etfw\">#COVID19<\/a> en <a href=\"https:\/\/twitter.com\/hashtag\/Afrique?src=hash&amp;ref_src=twsrc%5Etfw\">#Afrique<\/a> par solidarit&eacute; d&#8217;abord et nous prot&eacute;ger tous des nouveaux variants, des valeurs en commun entre <a href=\"https:\/\/twitter.com\/ONE_Fr?ref_src=twsrc%5Etfw\">@ONE_Fr<\/a> et le conseil municipal <a href=\"https:\/\/twitter.com\/hashtag\/Rennes?src=hash&amp;ref_src=twsrc%5Etfw\">#Rennes<\/a> <a href=\"https:\/\/twitter.com\/f_boukhenoufa?ref_src=twsrc%5Etfw\">@f_boukhenoufa<\/a> <a href=\"https:\/\/twitter.com\/nathalieappere?ref_src=twsrc%5Etfw\">@nathalieappere<\/a> <a href=\"https:\/\/t.co\/4jOxyXdoMK\">https:\/\/t.co\/4jOxyXdoMK<\/a><\/p>\n<p>&mdash; Yannick Nadesan (@ynadesan) <a href=\"https:\/\/twitter.com\/ynadesan\/status\/1510269456475475975?ref_src=twsrc%5Etfw\">April 2, 2022<\/a><\/p><\/blockquote>\n<p><span style=\"font-weight: 400\">Lors de nos actions d&rsquo;affichage devant les QG des partis politiques &agrave; Paris, nous avons &eacute;galement attir&eacute; l&rsquo;attention des &eacute;quipes de campagne et avons pu &eacute;changer avec eux pour inciter leur candidat ou candidate &agrave; nous r&eacute;pondre.<\/span><\/p>\n<p><span style=\"font-weight: 400\">Ces premiers contacts ont &eacute;t&eacute; l&rsquo;occasion d&rsquo;&eacute;tablir des liens avec les repr&eacute;sentants des municipalit&eacute;s qui nous ont propos&eacute; de participer &agrave; de prochains &eacute;v&eacute;nements, comme la possibilit&eacute; de tenir un stand &agrave; des festivals ou des &eacute;v&eacute;nements au sein du Parlement Europ&eacute;en.&nbsp;<\/span><\/p>\n<p><span style=\"font-weight: 400\">Nous avons &eacute;galement d&eacute;couvert d&rsquo;autres associations communales pr&eacute;sentes sur le terrain qui partagent une ou plusieurs des luttes de ONE. De quoi &eacute;tendre notre r&eacute;seau et faire encore plus entendre notre voix !&nbsp;<\/span><\/p>\n<h3><b>Forum Lib&eacute;ration : une journ&eacute;e sp&eacute;ciale avec les porte-paroles des candidat&middot;e&middot;s<\/b><\/h3>\n<p><span style=\"font-weight: 400\">Le 22 mars dernier, les jeunes Ambassadeurs et Ambassadrices ont eu l&rsquo;opportunit&eacute; de participer &agrave; une <\/span><a href=\"https:\/\/www.one.org\/fr\/blog\/monde-solidaire-lextreme-urgence-les-candidats-repondent\/\"><span style=\"font-weight: 400\">journ&eacute;e sp&eacute;ciale co-organis&eacute;e par ONE et le journal Lib&eacute;ration<\/span><\/a><span style=\"font-weight: 400\">. Ce forum a &eacute;t&eacute; l&rsquo;occasion de permettre aux jeunes de s&rsquo;exprimer et de demander directement aux porte-paroles des candidats &agrave; la pr&eacute;sidentielle des projets et solutions concr&egrave;tes qui r&eacute;pondront &agrave; leurs ambitions et permettront de vrais changements. S&rsquo;ils sont &agrave; court d&rsquo;id&eacute;es, heureusement ONE est l&agrave; pour en proposer !<\/span><\/p>\n<p><span style=\"font-weight: 400\">Moi c&rsquo;est Yacine, jeune Ambassadeur et passionn&eacute; de d&eacute;veloppement international. Lors du Forum Lib&eacute;ration, j&rsquo;ai eu la chance de parler en compagnie de mes camarades &agrave; ces porte-paroles.<\/span><\/p>\n<p><span style=\"font-weight: 400\">Pendant que certain&middot;e&middot;s montaient sur sc&egrave;ne pour pr&eacute;senter <\/span><a href=\"https:\/\/make.org\/FR\/consultation\/stop-pauvrete\/results\"><span style=\"font-weight: 400\">les r&eacute;sultats de notre consultation citoyenne men&eacute;e avec Make.org<\/span><\/a><span style=\"font-weight: 400\">, d&rsquo;autres ont pu interroger des citoyens et citoyennes dans la rue pour conna&icirc;tre leur opinion sur ce sujet qui nous concerne tous : la solidarit&eacute; internationale. Regardez ci-dessous !<\/span><\/p>\n<blockquote class=\"instagram-media\" data-instgrm-captioned data-instgrm-permalink=\"https:\/\/www.instagram.com\/tv\/Cb5l4nyl2Q0\/?utm_source=ig_embed&amp;utm_campaign=loading\" data-instgrm-version=\"14\" style=\"background:#FFF;border:0;border-radius:3px;margin: 1px;max-width:593px;min-width:326px;padding:0;width:99.375%;width:-webkit-calc(100% - 2px);width:calc(100% - 2px)\">\n<div style=\"padding:16px\"> <a href=\"https:\/\/www.instagram.com\/tv\/Cb5l4nyl2Q0\/?utm_source=ig_embed&amp;utm_campaign=loading\" style=\"background:#FFFFFF;line-height:0;padding:0 0;text-align:center;text-decoration:none;width:100%\" target=\"_blank\" rel=\"noopener\"><\/p>\n<div style=\"flex-direction: row;align-items: center\">\n<div style=\"background-color: #F4F4F4;border-radius: 50%;flex-grow: 0;height: 40px;margin-right: 14px;width: 40px\"><\/div>\n<div style=\"flex-direction: column;flex-grow: 1;justify-content: center\">\n<div style=\"background-color: #F4F4F4;border-radius: 4px;flex-grow: 0;height: 14px;margin-bottom: 6px;width: 100px\"><\/div>\n<div style=\"background-color: #F4F4F4;border-radius: 4px;flex-grow: 0;height: 14px;width: 60px\"><\/div>\n<\/div>\n<\/div>\n<div style=\"padding: 19% 0\"><\/div>\n<div style=\"height:50px;margin:0 auto 12px;width:50px\"><\/div>\n<div style=\"padding-top: 8px\">\n<div style=\"color:#3897f0;font-family:Arial,sans-serif;font-size:14px;font-style:normal;font-weight:550;line-height:18px\">View this post on Instagram<\/div>\n<\/div>\n<div style=\"padding: 12.5% 0\"><\/div>\n<div style=\"flex-direction: row;margin-bottom: 14px;align-items: center\">\n<div>\n<div style=\"background-color: #F4F4F4;border-radius: 50%;height: 12.5px;width: 12.5px\"><\/div>\n<div style=\"background-color: #F4F4F4;height: 12.5px;width: 12.5px;flex-grow: 0;margin-right: 14px;margin-left: 2px\"><\/div>\n<div style=\"background-color: #F4F4F4;border-radius: 50%;height: 12.5px;width: 12.5px\"><\/div>\n<\/div>\n<div style=\"margin-left: 8px\">\n<div style=\"background-color: #F4F4F4;border-radius: 50%;flex-grow: 0;height: 20px;width: 20px\"><\/div>\n<div style=\"width: 0;height: 0;border-top: 2px solid transparent;border-left: 6px solid #f4f4f4;border-bottom: 2px solid transparent\"><\/div>\n<\/div>\n<div style=\"margin-left: auto\">\n<div style=\"width: 0px;border-top: 8px solid #F4F4F4;border-right: 8px solid transparent\"><\/div>\n<div style=\"background-color: #F4F4F4;flex-grow: 0;height: 12px;width: 16px\"><\/div>\n<div style=\"width: 0;height: 0;border-top: 8px solid #F4F4F4;border-left: 8px solid transparent\"><\/div>\n<\/div>\n<\/div>\n<div style=\"flex-direction: column;flex-grow: 1;justify-content: center;margin-bottom: 24px\">\n<div style=\"background-color: #F4F4F4;border-radius: 4px;flex-grow: 0;height: 14px;margin-bottom: 6px;width: 224px\"><\/div>\n<div style=\"background-color: #F4F4F4;border-radius: 4px;flex-grow: 0;height: 14px;width: 144px\"><\/div>\n<\/div>\n<p><\/a><\/p>\n<p style=\"color:#c9c8cd;font-family:Arial,sans-serif;font-size:14px;line-height:17px;margin-bottom:0;margin-top:8px;overflow:hidden;padding:8px 0 7px;text-align:center\"><a href=\"https:\/\/www.instagram.com\/tv\/Cb5l4nyl2Q0\/?utm_source=ig_embed&amp;utm_campaign=loading\" style=\"color:#c9c8cd;font-family:Arial,sans-serif;font-size:14px;font-style:normal;font-weight:normal;line-height:17px;text-decoration:none\" target=\"_blank\" rel=\"noopener\">A post shared by ONE France (@onefrance_ong)<\/a><\/p>\n<\/div>\n<\/blockquote>\n<p><span style=\"font-weight: 400\">Finalement, cette journ&eacute;e a-t-elle &eacute;t&eacute; b&eacute;n&eacute;fique ? Oui, car nous avons pu rencontrer ces porte-paroles, les questionner, &eacute;changer &agrave; travers des d&eacute;bats mais surtout entendre leurs propositions concr&egrave;tes pour combattre les in&eacute;galit&eacute;s mondiales.&nbsp;<\/span><\/p>\n<p><span style=\"font-weight: 400\">Quel que soit le r&eacute;sultat du second tour, nous resterons attentifs aux mesures mises en place, ou non, et nous attendons que le ou la prochain&middot;e Pr&eacute;sident&middot;e fasse de ce sujet un &eacute;l&eacute;ment-phare de son quinquennat.<\/span><\/p>\n<p><strong>Pour en savoir plus sur les annonces faites pendant cette journ&eacute;e, vous pouvez <a href=\"https:\/\/www.one.org\/fr\/blog\/forum-libe\/\">lire cet article<\/a> ou regarder la vid&eacute;o ci-dessous.<\/strong><\/p>\n<h3><b>Partenariat avec des influenceuses<\/b><\/h3>\n<p><span style=\"font-weight: 400\">Tout au long de la campagne, nous avons men&eacute; un partenariat avec des influenceuses mode et &ldquo;upcycling&rdquo; (concept visant &agrave; utiliser de vieux v&ecirc;tements ou &agrave; racheter des v&ecirc;tements de seconde-main afin de les transformer en de nouvelles pi&egrave;ces). Quel rapport entre la mode et l&rsquo;extr&ecirc;me pauvret&eacute; vous demandez-vous ? Cette vid&eacute;o vous explique tout !<\/span><\/p>\n<p><span style=\"font-weight: 400\">Notre jeune Ambassadrice Cassandra raconte son exp&eacute;rience : &ldquo;Pour commencer, accompagn&eacute;e de mes camarades et d&rsquo;influenceuses, nous avons fait le tour de friperies parisiennes &agrave; la recherche de v&ecirc;tements dont le style rappelait celui des ann&eacute;es 90. Cette journ&eacute;e &eacute;tait assez fun, il faut le reconna&icirc;tre !<\/span><\/p>\n<p><span style=\"font-weight: 400\">Nous avons s&eacute;lectionn&eacute; plusieurs v&ecirc;tements qui ont ensuite &eacute;t&eacute; r&eacute;utilis&eacute;s, transform&eacute;s et customis&eacute;s dans le but de confectionner des tenues un brin vintage pour la collection sign&eacute;e ONE.<\/span><\/p>\n<p><span style=\"font-weight: 400\">Faisant &eacute;cho aux ann&eacute;es 90 et s&rsquo;inscrivant dans la continuit&eacute; de notre campagne, cette collection a &eacute;t&eacute; pr&eacute;sent&eacute;e <\/span><a href=\"https:\/\/www.youtube.com\/watch?v=CR5uZVyE9Mk\"><b>le 6 mai lors d&rsquo;un d&eacute;fil&eacute; engag&eacute; <\/b><\/a><span style=\"font-weight: 400\">&agrave; l&rsquo;occasion nous avons jou&eacute;, avec d&rsquo;autres jeunes Ambassadeurs et Ambassadrices, les mannequins. Apr&egrave;s tout, ONE le vaut bien !<\/span><\/p>\n<div id=\"attachment_159956\" style=\"width: 405px\" class=\"wp-caption aligncenter\"><img decoding=\"async\" aria-describedby=\"caption-attachment-159956\" loading=\"lazy\" class=\"wp-image-159956\" src=\"https:\/\/cdn.one.org\/fr\/wp-content\/uploads\/2022\/04\/29090403\/Upcycling-Jglassberg-004-1-640x427.jpg\" alt=\"\" width=\"395\" height=\"264\"><\/p>\n<p id=\"caption-attachment-159956\" class=\"wp-caption-text\">Julie Glassberg pour ONE<\/p>\n<\/div>\n<div id=\"attachment_159957\" style=\"width: 407px\" class=\"wp-caption aligncenter\"><img decoding=\"async\" aria-describedby=\"caption-attachment-159957\" loading=\"lazy\" class=\"wp-image-159957\" src=\"https:\/\/cdn.one.org\/fr\/wp-content\/uploads\/2022\/04\/29090424\/Upcycling-Jglassberg-008-1-640x427.jpg\" alt=\"\" width=\"397\" height=\"265\"><\/p>\n<p id=\"caption-attachment-159957\" class=\"wp-caption-text\">Julie Glassberg pour ONE<\/p>\n<\/div>\n<div id=\"attachment_159958\" style=\"width: 406px\" class=\"wp-caption aligncenter\"><img decoding=\"async\" aria-describedby=\"caption-attachment-159958\" loading=\"lazy\" class=\"wp-image-159958\" src=\"https:\/\/cdn.one.org\/fr\/wp-content\/uploads\/2022\/04\/29090445\/Upcycling-Jglassberg-010-640x427.jpg\" alt=\"\" width=\"396\" height=\"264\"><\/p>\n<p id=\"caption-attachment-159958\" class=\"wp-caption-text\">Julie Glassberg pour ONE<\/p>\n<\/div>\n<p>Nous avons pu donner une seconde vie &agrave; ces v&ecirc;tements gr&acirc;ce &agrave; un <a href=\"https:\/\/www.leboncoin.fr\/profil\/eeb1d365-ee73-4ec3-990f-666f9ee2434f\">partenariat avec leboncoin<\/a>. Les pi&egrave;ces sont disponibles gratuitement et en exclusivit&eacute; pendant un mois.<\/p>\n<h3><b>Et maintenant ?<\/b><\/h3>\n<p><span style=\"font-weight: 400\">Vous le devinez, nous avons &eacute;t&eacute; visibles sur tous les fronts ces deux derniers mois ! Mais notre travail ne s&rsquo;arr&ecirc;te &eacute;videmment pas l&agrave;. Une fois le nouveau gouvernement mis en place, nous continuerons &agrave; nous mobiliser pour nous assurer que ce dernier soit &agrave; la hauteur des d&eacute;fis mondiaux auxquels nous faisons face aujourd&rsquo;hui. Lutte contre l&rsquo;extr&ecirc;me pauvret&eacute;, r&eacute;duction des in&eacute;galit&eacute;s, acc&egrave;s aux soins de sant&eacute;, &eacute;galit&eacute; femmes-hommes, lutte contre le d&eacute;r&egrave;glement climatique, transparence fiscale, acc&egrave;s &agrave; l&rsquo;&eacute;ducation&hellip; <\/span><b>Le gouvernement nous entendra sur de nombreux sujets ces 5 prochaines ann&eacute;es !<\/b><span style=\"font-weight: 400\"> Si nous souhaitons atteindre les Objectifs de d&eacute;veloppement durable (ODD), fix&eacute;s par l&rsquo;ONU, d&rsquo;ici 2030, nous n&rsquo;avons plus une minute &agrave; perdre.<\/span><\/p>\n<p><span style=\"font-weight: 400\">Notre campagne Inversons La Tendance passera &eacute;galement en phase l&eacute;gislatives dans les prochaines semaines : nos jeunes Ambassadeurs et Ambassadrices iront &agrave; la rencontre des 577 d&eacute;put&eacute;&middot;e&middot;s nouvellement &eacute;lu&middot;e&middot;s,pour leur demander de s&rsquo;engager pendant leur mandat &agrave; d&eacute;fendre la solidarit&eacute; internationale. <\/span><b>Objectif : qu&rsquo;au moins la moiti&eacute; de l&rsquo;Assembl&eacute;e nationale rejoigne notre combat !<\/b><\/p>\n<h3><b>Suivez-nous sur <\/b><a href=\"http:\/\/twitter.com\/ONE_Fr\"><b>Twitter<\/b><\/a><b>, <\/b><a href=\"http:\/\/instagram.com\/onefrance_ong\/\"><b>Instagram<\/b> <\/a><b>et <\/b><a href=\"http:\/\/facebook.com\/ONE.Fr\"><b>Facebook<\/b><\/a><b> pour ne rien manquer de nos prochaines actions !<\/b><\/h3>\n<div class=\"buffer\"><\/div>","protected":false},"excerpt":{"rendered":"<p>Ce billet de blog a &eacute;t&eacute; r&eacute;dig&eacute; par Alice, Ana&iuml;s, Cassandra, Emma, Eva et Yacine, jeunes Ambassadrices et Ambassadeur de ONE et a &eacute;t&eacute; mis &agrave; jour le 29 juin 2022. Photo &copy; Julie Glassberg&nbsp; Le 9 f&eacute;vrier dernier, nous lancions une grande campagne de mobilisation, intitul&eacute;e Inversons La Tendance, en vue de l&rsquo;&eacute;lection pr&eacute;sidentielle. [&hellip;]<\/p>\n","protected":false},"author":24,"featured_media":162951,"comment_status":"open","ping_status":"open","sticky":false,"template":"","format":"standard","meta":{"_acf_changed":false,"_relevanssi_hide_post":"","_relevanssi_hide_content":"","_relevanssi_pin_for_all":"","_relevanssi_pin_keywords":"","_relevanssi_unpin_keywords":"","_relevanssi_related_keywords":"","_relevanssi_related_include_ids":"","_relevanssi_related_exclude_ids":"","_relevanssi_related_no_append":"","_relevanssi_related_not_related":"","_relevanssi_related_posts":"164801,164384,164396,163756,163706,163644","_relevanssi_noindex_reason":"","footnotes":""},"categories":[34],"tags":[],"topic":[41,87,48,47],"contributor":[49],"one_content_audience":[],"one_content_type":[],"one_content_tone":[],"class_list":["post-162559","post","type-post","status-publish","format-standard","has-post-thumbnail","hentry","category-one","topic-aide-au-developpement","topic-election-presidentielle-aide-au-developpement","topic-jeunes-ambassadeurrices-de-one","topic-que-font-nos-membres","contributor-jeunes-ambassadeur-rice-s-de-one"],"acf":[],"yoast_head":"<!-- This site is optimized with the Yoast SEO Premium plugin v27.1 (Yoast SEO v27.1.1) - https:\/\/yoast.com\/product\/yoast-seo-premium-wordpress\/ -->\n<title>Inversons La Tendance : Retour sur 5 mois de mobilisation - ONE.org France<\/title>\n<meta name=\"description\" content=\"Notre ONG ONE a men\u00e9 pendant deux mois une campagne de mobilisation \u00e0 l&#039;\u00e9gard des candidat\u00b7e\u00b7s \u00e0 l&#039;\u00e9lection pr\u00e9sidentielle. Lisez notre blog r\u00e9capitulatif.\" \/>\n<meta name=\"robots\" content=\"index, follow, max-snippet:-1, max-image-preview:large, max-video-preview:-1\" \/>\n<link rel=\"canonical\" href=\"https:\/\/www.one.org\/fr\/actualites\/inversons-la-tendance-recap\/\" \/>\n<meta property=\"og:locale\" content=\"fr_FR\" \/>\n<meta property=\"og:type\" content=\"article\" \/>\n<meta property=\"og:title\" content=\"Inversons La Tendance : Retour sur 5 mois de mobilisation\" \/>\n<meta property=\"og:description\" content=\"Notre ONG ONE a men\u00e9 pendant deux mois une campagne de mobilisation \u00e0 l&#039;\u00e9gard des candidat\u00b7e\u00b7s \u00e0 l&#039;\u00e9lection pr\u00e9sidentielle. Lisez notre blog r\u00e9capitulatif.\" \/>\n<meta property=\"og:url\" content=\"https:\/\/www.one.org\/fr\/actualites\/inversons-la-tendance-recap\/\" \/>\n<meta property=\"og:site_name\" content=\"ONE.org France\" \/>\n<meta property=\"article:publisher\" content=\"https:\/\/www.facebook.com\/ONE.Fr\" \/>\n<meta property=\"article:published_time\" content=\"2022-04-21T12:01:38+00:00\" \/>\n<meta property=\"article:modified_time\" content=\"2023-11-06T16:43:12+00:00\" \/>\n<meta property=\"og:image\" content=\"https:\/\/www.one.org\/fr\/wp-content\/uploads\/sites\/4\/2022\/04\/Tendance-Repu-WEB-JGlassberg006.jpg\" \/>\n\t<meta property=\"og:image:width\" content=\"1600\" \/>\n\t<meta property=\"og:image:height\" content=\"1067\" \/>\n\t<meta property=\"og:image:type\" content=\"image\/jpeg\" \/>\n<meta name=\"author\" content=\"Dana Khalil\" \/>\n<meta name=\"twitter:card\" content=\"summary_large_image\" \/>\n<meta name=\"twitter:creator\" content=\"@one_fr\" \/>\n<meta name=\"twitter:site\" content=\"@one_fr\" \/>\n<meta name=\"twitter:label1\" content=\"Written by\" \/>\n\t<meta name=\"twitter:data1\" content=\"Dana Khalil\" \/>\n\t<meta name=\"twitter:label2\" content=\"Est. reading time\" \/>\n\t<meta name=\"twitter:data2\" content=\"11 minutes\" \/>\n<script type=\"application\/ld+json\" class=\"yoast-schema-graph\">{\"@context\":\"https:\/\/schema.org\",\"@graph\":[{\"@type\":\"Article\",\"@id\":\"https:\/\/www.one.org\/fr\/actualites\/inversons-la-tendance-recap\/#article\",\"isPartOf\":{\"@id\":\"https:\/\/www.one.org\/fr\/actualites\/inversons-la-tendance-recap\/\"},\"author\":{\"name\":\"Dana Khalil\",\"@id\":\"https:\/\/www.one.org\/fr\/#\/schema\/person\/cf1f30f9800f0592ec3d61940be82003\"},\"headline\":\"Inversons La Tendance : Retour sur 5 mois de mobilisation\",\"datePublished\":\"2022-04-21T12:01:38+00:00\",\"dateModified\":\"2023-11-06T16:43:12+00:00\",\"mainEntityOfPage\":{\"@id\":\"https:\/\/www.one.org\/fr\/actualites\/inversons-la-tendance-recap\/\"},\"wordCount\":3394,\"commentCount\":0,\"image\":{\"@id\":\"https:\/\/www.one.org\/fr\/actualites\/inversons-la-tendance-recap\/#primaryimage\"},\"thumbnailUrl\":\"https:\/\/www.one.org\/fr\/wp-content\/uploads\/sites\/4\/2022\/04\/Tendance-Repu-WEB-JGlassberg006.jpg\",\"articleSection\":[\"ONE\"],\"inLanguage\":\"fr-FR\",\"potentialAction\":[{\"@type\":\"CommentAction\",\"name\":\"Comment\",\"target\":[\"https:\/\/www.one.org\/fr\/actualites\/inversons-la-tendance-recap\/#respond\"]}]},{\"@type\":\"WebPage\",\"@id\":\"https:\/\/www.one.org\/fr\/actualites\/inversons-la-tendance-recap\/\",\"url\":\"https:\/\/www.one.org\/fr\/actualites\/inversons-la-tendance-recap\/\",\"name\":\"Inversons La Tendance : Retour sur 5 mois de mobilisation - ONE.org France\",\"isPartOf\":{\"@id\":\"https:\/\/www.one.org\/fr\/#website\"},\"primaryImageOfPage\":{\"@id\":\"https:\/\/www.one.org\/fr\/actualites\/inversons-la-tendance-recap\/#primaryimage\"},\"image\":{\"@id\":\"https:\/\/www.one.org\/fr\/actualites\/inversons-la-tendance-recap\/#primaryimage\"},\"thumbnailUrl\":\"https:\/\/www.one.org\/fr\/wp-content\/uploads\/sites\/4\/2022\/04\/Tendance-Repu-WEB-JGlassberg006.jpg\",\"datePublished\":\"2022-04-21T12:01:38+00:00\",\"dateModified\":\"2023-11-06T16:43:12+00:00\",\"author\":{\"@id\":\"https:\/\/www.one.org\/fr\/#\/schema\/person\/cf1f30f9800f0592ec3d61940be82003\"},\"description\":\"Notre ONG ONE a men\u00e9 pendant deux mois une campagne de mobilisation \u00e0 l'\u00e9gard des candidat\u00b7e\u00b7s \u00e0 l'\u00e9lection pr\u00e9sidentielle. Lisez notre blog r\u00e9capitulatif.\",\"breadcrumb\":{\"@id\":\"https:\/\/www.one.org\/fr\/actualites\/inversons-la-tendance-recap\/#breadcrumb\"},\"inLanguage\":\"fr-FR\",\"potentialAction\":[{\"@type\":\"ReadAction\",\"target\":[\"https:\/\/www.one.org\/fr\/actualites\/inversons-la-tendance-recap\/\"]}]},{\"@type\":\"ImageObject\",\"inLanguage\":\"fr-FR\",\"@id\":\"https:\/\/www.one.org\/fr\/actualites\/inversons-la-tendance-recap\/#primaryimage\",\"url\":\"https:\/\/www.one.org\/fr\/wp-content\/uploads\/sites\/4\/2022\/04\/Tendance-Repu-WEB-JGlassberg006.jpg\",\"contentUrl\":\"https:\/\/www.one.org\/fr\/wp-content\/uploads\/sites\/4\/2022\/04\/Tendance-Repu-WEB-JGlassberg006.jpg\",\"width\":1600,\"height\":1067},{\"@type\":\"BreadcrumbList\",\"@id\":\"https:\/\/www.one.org\/fr\/actualites\/inversons-la-tendance-recap\/#breadcrumb\",\"itemListElement\":[{\"@type\":\"ListItem\",\"position\":1,\"name\":\"Home\",\"item\":\"https:\/\/www.one.org\/fr\/\"},{\"@type\":\"ListItem\",\"position\":2,\"name\":\"Inversons La Tendance : Retour sur 5 mois de mobilisation\"}]},{\"@type\":\"WebSite\",\"@id\":\"https:\/\/www.one.org\/fr\/#website\",\"url\":\"https:\/\/www.one.org\/fr\/\",\"name\":\"ONE.org\",\"description\":\"Cr\u00e9er des opportunit\u00e9s \u00e9conomiques et am\u00e9liorer la sant\u00e9 en Afrique\",\"potentialAction\":[{\"@type\":\"SearchAction\",\"target\":{\"@type\":\"EntryPoint\",\"urlTemplate\":\"https:\/\/www.one.org\/fr\/?s={search_term_string}\"},\"query-input\":{\"@type\":\"PropertyValueSpecification\",\"valueRequired\":true,\"valueName\":\"search_term_string\"}}],\"inLanguage\":\"fr-FR\"},{\"@type\":\"Person\",\"@id\":\"https:\/\/www.one.org\/fr\/#\/schema\/person\/cf1f30f9800f0592ec3d61940be82003\",\"name\":\"Dana Khalil\",\"image\":{\"@type\":\"ImageObject\",\"inLanguage\":\"fr-FR\",\"@id\":\"https:\/\/www.one.org\/fr\/#\/schema\/person\/image\/\",\"url\":\"https:\/\/secure.gravatar.com\/avatar\/b0da536f00ccefadcc7aae4e64855977a5249adb1ac04162a69474e53a8d4c40?s=96&d=mm&r=g\",\"contentUrl\":\"https:\/\/secure.gravatar.com\/avatar\/b0da536f00ccefadcc7aae4e64855977a5249adb1ac04162a69474e53a8d4c40?s=96&d=mm&r=g\",\"caption\":\"Dana Khalil\"},\"url\":\"https:\/\/www.one.org\/fr\/actualites\/author\/danakhalil\/\"}]}<\/script>\n<!-- \/ Yoast SEO Premium plugin. -->","yoast_head_json":{"title":"Inversons La Tendance : Retour sur 5 mois de mobilisation - ONE.org France","description":"Notre ONG ONE a men\u00e9 pendant deux mois une campagne de mobilisation \u00e0 l'\u00e9gard des candidat\u00b7e\u00b7s \u00e0 l'\u00e9lection pr\u00e9sidentielle. Lisez notre blog r\u00e9capitulatif.","robots":{"index":"index","follow":"follow","max-snippet":"max-snippet:-1","max-image-preview":"max-image-preview:large","max-video-preview":"max-video-preview:-1"},"canonical":"https:\/\/www.one.org\/fr\/actualites\/inversons-la-tendance-recap\/","og_locale":"fr_FR","og_type":"article","og_title":"Inversons La Tendance : Retour sur 5 mois de mobilisation","og_description":"Notre ONG ONE a men\u00e9 pendant deux mois une campagne de mobilisation \u00e0 l'\u00e9gard des candidat\u00b7e\u00b7s \u00e0 l'\u00e9lection pr\u00e9sidentielle. Lisez notre blog r\u00e9capitulatif.","og_url":"https:\/\/www.one.org\/fr\/actualites\/inversons-la-tendance-recap\/","og_site_name":"ONE.org France","article_publisher":"https:\/\/www.facebook.com\/ONE.Fr","article_published_time":"2022-04-21T12:01:38+00:00","article_modified_time":"2023-11-06T16:43:12+00:00","og_image":[{"width":1600,"height":1067,"url":"https:\/\/www.one.org\/fr\/wp-content\/uploads\/sites\/4\/2022\/04\/Tendance-Repu-WEB-JGlassberg006.jpg","type":"image\/jpeg"}],"author":"Dana Khalil","twitter_card":"summary_large_image","twitter_creator":"@one_fr","twitter_site":"@one_fr","twitter_misc":{"Written by":"Dana Khalil","Est. reading time":"11 minutes"},"schema":{"@context":"https:\/\/schema.org","@graph":[{"@type":"Article","@id":"https:\/\/www.one.org\/fr\/actualites\/inversons-la-tendance-recap\/#article","isPartOf":{"@id":"https:\/\/www.one.org\/fr\/actualites\/inversons-la-tendance-recap\/"},"author":{"name":"Dana Khalil","@id":"https:\/\/www.one.org\/fr\/#\/schema\/person\/cf1f30f9800f0592ec3d61940be82003"},"headline":"Inversons La Tendance : Retour sur 5 mois de mobilisation","datePublished":"2022-04-21T12:01:38+00:00","dateModified":"2023-11-06T16:43:12+00:00","mainEntityOfPage":{"@id":"https:\/\/www.one.org\/fr\/actualites\/inversons-la-tendance-recap\/"},"wordCount":3394,"commentCount":0,"image":{"@id":"https:\/\/www.one.org\/fr\/actualites\/inversons-la-tendance-recap\/#primaryimage"},"thumbnailUrl":"https:\/\/www.one.org\/fr\/wp-content\/uploads\/sites\/4\/2022\/04\/Tendance-Repu-WEB-JGlassberg006.jpg","articleSection":["ONE"],"inLanguage":"fr-FR","potentialAction":[{"@type":"CommentAction","name":"Comment","target":["https:\/\/www.one.org\/fr\/actualites\/inversons-la-tendance-recap\/#respond"]}]},{"@type":"WebPage","@id":"https:\/\/www.one.org\/fr\/actualites\/inversons-la-tendance-recap\/","url":"https:\/\/www.one.org\/fr\/actualites\/inversons-la-tendance-recap\/","name":"Inversons La Tendance : Retour sur 5 mois de mobilisation - ONE.org France","isPartOf":{"@id":"https:\/\/www.one.org\/fr\/#website"},"primaryImageOfPage":{"@id":"https:\/\/www.one.org\/fr\/actualites\/inversons-la-tendance-recap\/#primaryimage"},"image":{"@id":"https:\/\/www.one.org\/fr\/actualites\/inversons-la-tendance-recap\/#primaryimage"},"thumbnailUrl":"https:\/\/www.one.org\/fr\/wp-content\/uploads\/sites\/4\/2022\/04\/Tendance-Repu-WEB-JGlassberg006.jpg","datePublished":"2022-04-21T12:01:38+00:00","dateModified":"2023-11-06T16:43:12+00:00","author":{"@id":"https:\/\/www.one.org\/fr\/#\/schema\/person\/cf1f30f9800f0592ec3d61940be82003"},"description":"Notre ONG ONE a men\u00e9 pendant deux mois une campagne de mobilisation \u00e0 l'\u00e9gard des candidat\u00b7e\u00b7s \u00e0 l'\u00e9lection pr\u00e9sidentielle. Lisez notre blog r\u00e9capitulatif.","breadcrumb":{"@id":"https:\/\/www.one.org\/fr\/actualites\/inversons-la-tendance-recap\/#breadcrumb"},"inLanguage":"fr-FR","potentialAction":[{"@type":"ReadAction","target":["https:\/\/www.one.org\/fr\/actualites\/inversons-la-tendance-recap\/"]}]},{"@type":"ImageObject","inLanguage":"fr-FR","@id":"https:\/\/www.one.org\/fr\/actualites\/inversons-la-tendance-recap\/#primaryimage","url":"https:\/\/www.one.org\/fr\/wp-content\/uploads\/sites\/4\/2022\/04\/Tendance-Repu-WEB-JGlassberg006.jpg","contentUrl":"https:\/\/www.one.org\/fr\/wp-content\/uploads\/sites\/4\/2022\/04\/Tendance-Repu-WEB-JGlassberg006.jpg","width":1600,"height":1067},{"@type":"BreadcrumbList","@id":"https:\/\/www.one.org\/fr\/actualites\/inversons-la-tendance-recap\/#breadcrumb","itemListElement":[{"@type":"ListItem","position":1,"name":"Home","item":"https:\/\/www.one.org\/fr\/"},{"@type":"ListItem","position":2,"name":"Inversons La Tendance : Retour sur 5 mois de mobilisation"}]},{"@type":"WebSite","@id":"https:\/\/www.one.org\/fr\/#website","url":"https:\/\/www.one.org\/fr\/","name":"ONE.org","description":"Cr\u00e9er des opportunit\u00e9s \u00e9conomiques et am\u00e9liorer la sant\u00e9 en Afrique","potentialAction":[{"@type":"SearchAction","target":{"@type":"EntryPoint","urlTemplate":"https:\/\/www.one.org\/fr\/?s={search_term_string}"},"query-input":{"@type":"PropertyValueSpecification","valueRequired":true,"valueName":"search_term_string"}}],"inLanguage":"fr-FR"},{"@type":"Person","@id":"https:\/\/www.one.org\/fr\/#\/schema\/person\/cf1f30f9800f0592ec3d61940be82003","name":"Dana Khalil","image":{"@type":"ImageObject","inLanguage":"fr-FR","@id":"https:\/\/www.one.org\/fr\/#\/schema\/person\/image\/","url":"https:\/\/secure.gravatar.com\/avatar\/b0da536f00ccefadcc7aae4e64855977a5249adb1ac04162a69474e53a8d4c40?s=96&d=mm&r=g","contentUrl":"https:\/\/secure.gravatar.com\/avatar\/b0da536f00ccefadcc7aae4e64855977a5249adb1ac04162a69474e53a8d4c40?s=96&d=mm&r=g","caption":"Dana Khalil"},"url":"https:\/\/www.one.org\/fr\/actualites\/author\/danakhalil\/"}]}},"distributor_meta":false,"distributor_terms":false,"distributor_media":false,"distributor_original_site_name":"ONE.org France","distributor_original_site_url":"https:\/\/www.one.org\/fr","push-errors":false,"_links":{"self":[{"href":"https:\/\/www.one.org\/fr\/wp-json\/wp\/v2\/posts\/162559","targetHints":{"allow":["GET"]}}],"collection":[{"href":"https:\/\/www.one.org\/fr\/wp-json\/wp\/v2\/posts"}],"about":[{"href":"https:\/\/www.one.org\/fr\/wp-json\/wp\/v2\/types\/post"}],"author":[{"embeddable":true,"href":"https:\/\/www.one.org\/fr\/wp-json\/wp\/v2\/users\/24"}],"replies":[{"embeddable":true,"href":"https:\/\/www.one.org\/fr\/wp-json\/wp\/v2\/comments?post=162559"}],"version-history":[{"count":0,"href":"https:\/\/www.one.org\/fr\/wp-json\/wp\/v2\/posts\/162559\/revisions"}],"wp:featuredmedia":[{"embeddable":true,"href":"https:\/\/www.one.org\/fr\/wp-json\/wp\/v2\/media\/162951"}],"wp:attachment":[{"href":"https:\/\/www.one.org\/fr\/wp-json\/wp\/v2\/media?parent=162559"}],"wp:term":[{"taxonomy":"category","embeddable":true,"href":"https:\/\/www.one.org\/fr\/wp-json\/wp\/v2\/categories?post=162559"},{"taxonomy":"post_tag","embeddable":true,"href":"https:\/\/www.one.org\/fr\/wp-json\/wp\/v2\/tags?post=162559"},{"taxonomy":"topic","embeddable":true,"href":"https:\/\/www.one.org\/fr\/wp-json\/wp\/v2\/topic?post=162559"},{"taxonomy":"contributor","embeddable":true,"href":"https:\/\/www.one.org\/fr\/wp-json\/wp\/v2\/contributor?post=162559"},{"taxonomy":"one_content_audience","embeddable":true,"href":"https:\/\/www.one.org\/fr\/wp-json\/wp\/v2\/one_content_audience?post=162559"},{"taxonomy":"one_content_type","embeddable":true,"href":"https:\/\/www.one.org\/fr\/wp-json\/wp\/v2\/one_content_type?post=162559"},{"taxonomy":"one_content_tone","embeddable":true,"href":"https:\/\/www.one.org\/fr\/wp-json\/wp\/v2\/one_content_tone?post=162559"}],"curies":[{"name":"wp","href":"https:\/\/api.w.org\/{rel}","templated":true}]}}