{"id":162552,"date":"2022-04-08T08:48:40","date_gmt":"2022-04-08T08:48:40","guid":{"rendered":"https:\/\/www.one.org\/fr\/les-crises-economiques-alimentaires-et-politiques-en-afrique-causees-par-poutine\/"},"modified":"2024-04-23T12:33:56","modified_gmt":"2024-04-23T12:33:56","slug":"ondes-de-choc-les-crises-economiques-alimentaires-et-politiques-en-afrique-causees-par-poutine","status":"publish","type":"post","link":"https:\/\/www.one.org\/fr\/actualites\/ondes-de-choc-les-crises-economiques-alimentaires-et-politiques-en-afrique-causees-par-poutine\/","title":{"rendered":"Les crises \u00e9conomiques, alimentaires et politiques en Afrique caus\u00e9es par Poutine"},"content":{"rendered":"<p>Cette semaine, dans Ondes de Choc, des crises convergentes : l\u2019impact du changement climatique, de la pand\u00e9mie et de la guerre en Ukraine sur l\u2019Afrique et la s\u00e9curit\u00e9 alimentaire mondiale.<\/p>\n<h2>ACTUALIT<strong>\u00c9S<\/strong><\/h2>\n<p><strong>\u26a0\ufe0fAlerte alimentaire\u26a0\ufe0f : <\/strong><a href=\"https:\/\/www.nytimes.com\/2022\/04\/01\/world\/africa\/food-crisis-africa-drought-ukraine.html\">13 millions de personnes<\/a> en Afrique de l\u2019Est sont d\u00e9j\u00e0 menac\u00e9es de faim s\u00e9v\u00e8re en raison d\u2019une s\u00e9cheresse historique et la hausse des prix des c\u00e9r\u00e9ales, des engrais et du carburant r\u00e9sultant de la guerre en Ukraine risque d\u2019exacerber un probl\u00e8me d\u00e9j\u00e0 grave. <a href=\"https:\/\/information.tv5monde.com\/afrique\/kenya-penurie-de-carburant-et-files-d-attente-dans-les-stations-service-451580\">Une p\u00e9nurie de gaz<\/a> persiste dans certaines r\u00e9gions du Kenya malgr\u00e9 les interventions du gouvernement. Le co\u00fbt du bl\u00e9 a <a href=\"https:\/\/www.one.org\/africa\/issues\/covid-19-tracker\/explore-ukraine\/\">augment\u00e9 de 80 %<\/a> au cours des six derniers mois, entra\u00eenant un <a href=\"https:\/\/www.fao.org\/agroecology\/database\/detail\/fr\/c\/1492682\/#:~:text=La%20crise%20alimentaire%20imm%C3%A9diate%20d%C3%A9clench%C3%A9e,contraints%20de%20fuir%20leur%20foyer.\">quasi-doublement du prix du pain<\/a> au Soudan. L\u2019inflation alimentaire m\u00e9diane en Afrique est de 10,6 %. Les prix des engrais <a href=\"https:\/\/thedocs.worldbank.org\/en\/doc\/5d903e848db1d1b83e0ec8f744e55570-0350012021\/related\/CMO-Pink-Sheet-April-2022.pdf\">ont plus que doubl\u00e9<\/a> dans les pays \u00e0 revenu faible ou interm\u00e9diaire au cours de l\u2019ann\u00e9e pass\u00e9e, ce qui pourrait avoir une incidence sur les rendements agricoles de cette ann\u00e9e. Nous avons rassembl\u00e9 les derni\u00e8res donn\u00e9es sur l\u2019impact de la guerre russe en Ukraine sur l\u2019Afrique dans notre dernier <a href=\"https:\/\/www.one.org\/africa\/issues\/covid-19-tracker\/explore-ukraine\/\">Data Dive<\/a> en anglais.<\/p>\n<p><strong>D\u00e9veloppement \u00e0 l\u2019arr\u00eat : <\/strong>L\u2019invasion de l\u2019Ukraine par la Russie pourrait <a href=\"https:\/\/unctad.org\/fr\/news\/lonu-voit-une-deterioration-des-perspectives-de-croissance-mondiale-en-2022-en-raison-de-la\">r\u00e9duire la croissance mondiale de 1 %<\/a> et faire <a href=\"https:\/\/www.one.org\/africa\/issues\/covid-19-tracker\/explore-debt\/\">grimper le service de la dette<\/a> des pays \u00e0 faible et moyen revenu pour atteindre 310 milliards de dollars en 2022. Cela aggravera la crise de la dette en Afrique, d\u00e9j\u00e0 exacerb\u00e9e par la pand\u00e9mie, et, selon les Nations unies, entra\u00eenera des cons\u00e9quences financi\u00e8res qui pourraient pousser certains pays \u00e0 faible revenu <a href=\"https:\/\/unctad.org\/fr\/news\/lonu-voit-une-deterioration-des-perspectives-de-croissance-mondiale-en-2022-en-raison-de-la\">\u201cdans une spirale descendante d\u2019insolvabilit\u00e9, de r\u00e9cession et d\u2019arr\u00eat du d\u00e9veloppement\u201d<\/a>. En r\u00e9action, Afreximbank a annonc\u00e9 l\u2019octroi de <a href=\"https:\/\/www.afreximbank.com\/afreximbank-launches-4-billion-us-dollar-ukraine-crisis-adjustment-trade-financing-programme-for-africa-ukafpa\/\">4 milliards de dollars<\/a> pour aider les pays africains \u00e0 faire face \u00e0 la hausse des prix \u00e0 l\u2019importation et \u00e0 stabiliser les recettes d\u2019exportation des produits de base ; \u00e0 lui seul, le <a href=\"https:\/\/african.business\/2022\/03\/trade-investment\/kenya-will-lose-100m-but-i-support-sanctions-says-odinga\/\">Kenya pourrait perdre 100 millions de dollars<\/a> de recettes d\u2019exportation en raison des sanctions impos\u00e9es \u00e0 la Russie. Le gouvernement fran\u00e7ais a lanc\u00e9 une nouvelle initiative en faveur de la s\u00e9curit\u00e9 alimentaire, baptis\u00e9e FARM. \u00c0 deux semaines des r\u00e9unions de printemps du FMI et de la Banque mondiale, le moment est venu pour les gouvernements de faire de nouvelles promesses financi\u00e8res sur les droits de tirage sp\u00e9ciaux pour aider les pays africains \u00e0 faire face \u00e0 la crise.<\/p>\n<p><strong>Massacre au Mali :<\/strong> Des mercenaires soutenus par la Russie et appartenant au groupe Wagner, affili\u00e9 \u00e0 Poutine, ont \u00e9t\u00e9 impliqu\u00e9s dans le <a href=\"https:\/\/twitter.com\/nicolashaque\/status\/1510227119800033281?s=11&amp;t=DJfl5Qzraots9HCGI1laow\">massacre pr\u00e9sum\u00e9 de 200 personnes au Mali<\/a>. Le gouvernement malien a qualifi\u00e9 les victimes de \u201cterroristes\u201d. Mais des <a href=\"https:\/\/www.theguardian.com\/world\/2022\/apr\/02\/mali-military-operation-in-sahel-kills-more-than-200-says-army\">rapports contradictoires<\/a> sugg\u00e8rent que des civils ont \u00e9t\u00e9 tu\u00e9s, ce qui aggrave le r\u00e9cent <a href=\"https:\/\/www.hrw.org\/fr\/news\/2022\/03\/15\/mali-nouvelle-vague-dexecutions-de-civils\">pic d\u2019ex\u00e9cutions sommaires<\/a> perp\u00e9tr\u00e9es par les forces gouvernementales au Mali. La Russie est le principal fournisseur d\u2019armes de nombreux pays africains \u2013 l\u2019Alg\u00e9rie, le Soudan du Sud, l\u2019Angola et l\u2019Ouganda re\u00e7oivent plus de la moiti\u00e9 de leurs armes nationales de la Russie \u2013 et elle a conclu des accords de coop\u00e9ration militaire avec <a href=\"https:\/\/www.theafricareport.com\/187546\/russia-africa-how-the-kremlin-places-its-pawns-for-arms-sales-mercenaries-agents-of-influence\/?utm_source=newsletter_tar_daily&amp;utm_campaign=newsletter_tar_daily_04_04_2022&amp;utm_medium=email&amp;utm_content=edito_full_story\">plus de la moiti\u00e9 du continent<\/a>. Le Kremlin aurait \u00e9galement eu recours \u00e0 des campagnes de d\u00e9sinformation \u00e0 des des fins d\u2019influence politique dans 12 pays et s\u2019est assur\u00e9 l\u2019acc\u00e8s \u00e0 des ressources naturelles dans de nombreuses r\u00e9gions. Cette d\u00e9sinformation comprendrait de fausses informations selon lesquelles les vaccins COVID-19 occidentaux provoqueraient des crises cardiaques.<\/p>\n<p><strong>S.O.S. climat :<\/strong> Les pays doivent, <a href=\"https:\/\/news.un.org\/fr\/story\/2022\/04\/1117622\">\u201cmaintenant ou jamais\u201d<\/a>, prendre des mesures pour emp\u00eacher les cons\u00e9quences irr\u00e9versibles du changement climatique, a averti le GIEC dans son dernier rapport sur le climat. \u23f3 <a href=\"https:\/\/www.ipcc.ch\/site\/assets\/uploads\/2022\/04\/IPCC-AR6-WG-III-PressRelease-French.pdf\">Il nous reste 3 ans pour pour stopper l\u2019augmentation des \u00e9missions mondiales si nous voulons limiter le r\u00e9chauffement de la plan\u00e8te \u00e0 1,5\u00b0C.<\/a> C\u2019est une fen\u00eatre tr\u00e8s mince, et les pays n\u2019ont jusqu\u2019\u00e0 pr\u00e9sent pas r\u00e9ussi \u00e0 faire les changements n\u00e9cessaires. Les pays pauvres, qui ont le moins contribu\u00e9 \u00e0 la crise climatique mais qui en supporteront l\u2019essentiel des cons\u00e9quences, demandent un soutien financier pour r\u00e9duire leurs \u00e9missions et s\u2019adapter aux cons\u00e9quences du changement climatique. Mais les 100 milliards de dollars par an que les pays riches se sont engag\u00e9s \u00e0 verser aux pays pauvres ne se sont toujours pas mat\u00e9rialis\u00e9s. Limiter le r\u00e9chauffement de la plan\u00e8te \u00e0 2\u00b0C <a href=\"https:\/\/www.weforum.org\/agenda\/2022\/04\/ipcc-report-2022-key-takeaways\/\">co\u00fbterait moins cher que les subventions actuelles<\/a> aux industries \u00e0 forte intensit\u00e9 de carbone. Pour ne pas d\u00e9sesp\u00e9rer totalement, voici quelques bonnes nouvelles: 200 millions de dollars ont \u00e9t\u00e9 promis pour <a href=\"https:\/\/www.afrik21.africa\/en\/africa-200m-for-farmers-adaptation-to-climate-change\/\">aider les petits exploitants agricoles africains<\/a> \u00e0 s\u2019adapter au changement climatique et 150 millions de dollars ont \u00e9t\u00e9 collect\u00e9s pour <a href=\"https:\/\/www.theafricareport.com\/188924\/south-africas-rhinos-get-a-boost-from-new-wildlife-conservation-bond\/\">prot\u00e9ger les rhinoc\u00e9ros<\/a> d\u2019Afrique du Sud.<\/p>\n<p><strong>Allemagne 1 \u2013 \u00c9tats-Unis 0 :<\/strong> L\u2019Allemagne co-organise cette semaine <a href=\"https:\/\/www.gavi.org\/fr\/le-sommet-terrasser-la-covid-des-maintenant\">le sommet COVAX<\/a>, qui vise \u00e0 <a href=\"https:\/\/www.gavi.org\/sites\/default\/files\/covid\/covax\/Gavi-COVAX-AMC-2022-Summit-Priorities.pdf\">r\u00e9unir 3,8 milliards de dollars<\/a> pour financer l\u2019acc\u00e8s aux vaccins des pays pauvres et la pr\u00e9paration aux prochaines pand\u00e9mies, alors que le monde doit faire face \u00e0 1,5 million de nouveaux cas de COVID-19 chaque semaine. L\u2019administration <a href=\"https:\/\/www.politico.com\/news\/2022\/04\/05\/joe-biden-covid-summit-postponed-00023173\">Biden a quant \u00e0 elle report\u00e9 le sommet sur le COVID-19<\/a> qu\u2019elle avait promis d\u2019organiser, et les efforts pour que le Congr\u00e8s am\u00e9ricain approuve une nouvelle contribution financi\u00e8re pour lutter contre la pand\u00e9mie dans le monde sont au point mort. En parall\u00e8le, un nouvel index, \u00e9tabli par Christian Aid et l\u2019Alliance populaire pour les vaccins, souligne qu\u2019 <a href=\"https:\/\/www.christianaid.org.uk\/news\/vaccine-inequity-down-rich-countries-policies\">\u201caucun grand pays riche n\u2019en fait suffisamment\u201d<\/a> pour promouvoir l\u2019\u00e9quit\u00e9 vaccinale dans le monde. Assistera-t-on \u00e0 un retournement de situation au sommet COVAX ?<\/p>\n<p><strong>Lib\u00e9rez les brevets :<\/strong> Le Botswana est devenu <a href=\"https:\/\/www.voanews.com\/a\/botswana-approves-texas-made-covid-vaccine-manufacturing-plant\/6506456.html\">le premier pays africain \u00e0 approuver le Corbevax<\/a>, un vaccin COVID-19 sans brevet d\u00e9velopp\u00e9 aux \u00c9tats-Unis. Le Corbevax est actuellement utilis\u00e9 au Bangladesh, en Inde et en Indon\u00e9sie. En outre, NantWorks, une soci\u00e9t\u00e9 am\u00e9ricaine de biotechnologie fond\u00e9e par le milliardaire d\u2019origine sud-africaine Patrick Soon-Shiong, a annonc\u00e9 la construction d\u2019une usine de fabrication au Botswana qui produira des vaccins et des m\u00e9dicaments contre le cancer d\u00e8s 2026. \u2728<\/p>\n<p><strong>Artisane du changement:<\/strong> La pr\u00e9sidente de la Tanzanie, Samia Suluhu Hassan, n\u2019est en poste <a href=\"https:\/\/www.bloomberg.com\/news\/newsletters\/2022-04-01\/next-africa-tanzania-courts-investors-in-break-from-the-past?cmpid=BBD040122_AFRICA&amp;utm_medium=email&amp;utm_source=newsletter&amp;utm_term=220401&amp;utm_campaign=africa\">que depuis un an<\/a>, mais elle a d\u00e9j\u00e0 reconstruit la relation du pays avec le FMI, s\u00e9curis\u00e9s 10 milliards de dollars d\u2019investissements priv\u00e9s et acc\u00e9l\u00e9r\u00e9 la campagne de vaccination COVID-19 dans le pays. Le pr\u00e9c\u00e9dent pr\u00e9sident du pays, John Magufuli, qui <a href=\"https:\/\/www.one.org\/africa\/blog\/tanzania-president-samia-suluhu-hassan-2\/\">avait ni\u00e9 la propagation locale du COVID-19<\/a>, est d\u00e9c\u00e9d\u00e9 l\u2019ann\u00e9e derni\u00e8re des suites d\u2019une insuffisance cardiaque, apr\u00e8s avoir pr\u00e9conis\u00e9 la pri\u00e8re et l\u2019utilisation de vapeur infus\u00e9e aux herbes \u00e0 la place des vaccins pour lutter contre le COVID-19. Seulement <a href=\"https:\/\/www.one.org\/africa\/issues\/covid-19-tracker\/explore-country\/?country=TZA\">5 % de la population est enti\u00e8rement vaccin\u00e9e<\/a>, et plus de 75 % des stocks de vaccins disponibles ont d\u00e9j\u00e0 \u00e9t\u00e9 utilis\u00e9s.<\/p>\n<p><strong>Une nouvelle vague en Afrique ?<\/strong> La hausse des cas en Europe pourrait \u00eatre un signe avant-coureur, car les pays africains suivent la lev\u00e9e des mesures de lutte contre le COVID-19. <a href=\"https:\/\/www.one.org\/africa\/issues\/covid-19-tracker\/explore-vaccines\/#3\">Seule 15,3 % de la population africaine est enti\u00e8rement vaccin\u00e9e<\/a>, mais la plupart des pays ont <a href=\"https:\/\/allafrica.com\/stories\/202204010001.html\">abandonn\u00e9 les mesures<\/a> sanitaires pr\u00e9ventives telles que la distanciation sociale, les masques et les jauges dans les espaces publics. L\u2019Allemagne a enregistr\u00e9 le nombre de cas quotidiens le <a href=\"https:\/\/ourworldindata.org\/explorers\/coronavirus-data-explorer?zoomToSelection=true&amp;time=2020-03-01..latest&amp;facet=none&amp;pickerSort=asc&amp;pickerMetric=location&amp;Metric=Confirmed+cases&amp;Interval=7-day+rolling+average&amp;Relative+to+Population=false&amp;Color+by+test+positivity=false&amp;country=GBR~DEU~FRA~USA\">plus \u00e9lev\u00e9 de son histoire<\/a>, avec une moyenne de pr\u00e8s de 257 000 cas sur 7 jours . La France a enregistr\u00e9 <a href=\"https:\/\/www.lefigaro.fr\/sciences\/covid-19-l-allemagne-renonce-a-lever-l-obligation-d-isolement-en-cas-d-infection-20220406\">plus de 160 000 cas<\/a>. En mars, <a href=\"https:\/\/www.afro.who.int\/fr\/news\/les-pays-africains-allegent-les-mesures-de-prevention-de-la-covid-19\">seuls 27 % des pays d\u2019Afrique<\/a> ont atteint les taux de d\u00e9pistage recommand\u00e9s par l\u2019OMS, ce qui rend plus difficile l\u2019interpr\u00e9tation des faibles niveaux de cas dans toute l\u2019Afrique.<\/p>\n<h2><strong>L\u2019\u00c9QUIPE DE ONE EN ACTION :\u00a0<\/strong><\/h2>\n<ul>\n<li>Les pages pays du tracker COVID-19 de ONE Africa contiennent d\u00e9sormais des <a href=\"https:\/\/www.one.org\/africa\/issues\/covid-19-tracker\/explore-country\/?country=NGA#food-security-topic\">donn\u00e9es d\u00e9taill\u00e9es sur la s\u00e9curit\u00e9 alimentaire<\/a>.<\/li>\n<li>#MythorVax, la campagne contre les fake news de ONE en Afrique est arriv\u00e9e <a href=\"https:\/\/www.one.org\/africa\/blog\/myth-or-vax-covid-19-vaccine-hesitancy-africa\/\">sur TikTok<\/a>.<\/li>\n<li>D\u00e9couvrez notre ?<a href=\"https:\/\/twitter.com\/ONE_Fr\/status\/1511992179819888640\"> nouvelle vid\u00e9o<\/a> ? satirique et p\u00e9dagogique sur les in\u00e9galit\u00e9s d\u2019acc\u00e8s aux vaccins!<\/li>\n<\/ul>\n<h2><strong>LES CHIFFRES :<\/strong><\/h2>\n<ul>\n<li>881,8 millions : c\u2019est le nombre de personnes <a href=\"https:\/\/hungermap.wfp.org\/\">dans le monde qui n\u2019ont pas assez \u00e0 manger<\/a>. 38% sont en Afrique.<\/li>\n<li>285 milliards de dollars : le<a href=\"https:\/\/www.one.org\/africa\/issues\/covid-19-tracker\/explore-debt\/\"> co\u00fbt de la reprise<\/a> post-pand\u00e9mie en Afrique d\u2019ici \u00e0 2025, qui sera probablement exacerb\u00e9 par les r\u00e9percussions de l\u2019invasion de l\u2019Ukraine par la Russie.<\/li>\n<li>43: c\u2019est le nombre de mesures efficaces et accessibles <a href=\"https:\/\/www.weforum.org\/agenda\/2022\/04\/ipcc-report-2022-key-takeaways\/\">pour rester en dessous d\u2019un r\u00e9chauffement plan\u00e9taire de 1,5\u00b0C.<\/a><\/li>\n<\/ul>\n<h4><em><a href=\"https:\/\/www.one.org\/fr\/nos-combats\/ondes-de-choc\/\">Inscrivez-vous<\/a> pour recevoir Ondes de choc<span style=\"text-decoration: underline\">,<\/span> notre nouvelle newsletter hebdomadaire pour suivre l\u2019impact r\u00e9el du COVID-19 en Afrique. Nous vous proposons des analyses pointues, succinctes et r\u00e9fl\u00e9chies de la part des experts de ONE.<\/em><\/h4>\n<div class=\"buffer\"><\/div>","protected":false},"excerpt":{"rendered":"<p>Cette semaine, dans Ondes de Choc, des crises convergentes : l\u2019impact du changement climatique, de la pand\u00e9mie et de la guerre en Ukraine sur l\u2019Afrique et la s\u00e9curit\u00e9 alimentaire mondiale. ACTUALIT\u00c9S \u26a0\ufe0fAlerte alimentaire\u26a0\ufe0f : 13 millions de personnes en Afrique de l\u2019Est sont d\u00e9j\u00e0 menac\u00e9es de faim s\u00e9v\u00e8re en raison d\u2019une s\u00e9cheresse historique et la [&hellip;]<\/p>\n","protected":false},"author":0,"featured_media":162965,"comment_status":"open","ping_status":"open","sticky":false,"template":"","format":"standard","meta":{"_acf_changed":false,"_relevanssi_hide_post":"","_relevanssi_hide_content":"","_relevanssi_pin_for_all":"","_relevanssi_pin_keywords":"","_relevanssi_unpin_keywords":"","_relevanssi_related_keywords":"","_relevanssi_related_include_ids":"","_relevanssi_related_exclude_ids":"","_relevanssi_related_no_append":"","_relevanssi_related_not_related":"","_relevanssi_related_posts":"164801,164384,164396,163756,163706,163644","_relevanssi_noindex_reason":"","footnotes":""},"categories":[34],"tags":[],"topic":[86],"contributor":[33],"one_content_audience":[],"one_content_type":[],"one_content_tone":[],"class_list":["post-162552","post","type-post","status-publish","format-standard","has-post-thumbnail","hentry","category-one","topic-ondes-de-choc","contributor-one-france"],"acf":[],"yoast_head":"<!-- This site is optimized with the Yoast SEO Premium plugin v27.1 (Yoast SEO v27.1.1) - https:\/\/yoast.com\/product\/yoast-seo-premium-wordpress\/ -->\n<title>Les crises \u00e9conomiques, alimentaires et politiques en Afrique caus\u00e9es par Poutine - ONE.org France<\/title>\n<meta name=\"description\" content=\"L&#039;impact du changement climatique, de la pand\u00e9mie et de la guerre en Ukraine sur l&#039;Afrique et la s\u00e9curit\u00e9 alimentaire mondiale.\" \/>\n<meta name=\"robots\" content=\"index, follow, max-snippet:-1, max-image-preview:large, max-video-preview:-1\" \/>\n<link rel=\"canonical\" href=\"https:\/\/www.one.org\/fr\/actualites\/ondes-de-choc-les-crises-economiques-alimentaires-et-politiques-en-afrique-causees-par-poutine\/\" \/>\n<meta property=\"og:locale\" content=\"fr_FR\" \/>\n<meta property=\"og:type\" content=\"article\" \/>\n<meta property=\"og:title\" content=\"Les crises \u00e9conomiques, alimentaires et politiques en Afrique caus\u00e9es par Poutine\" \/>\n<meta property=\"og:description\" content=\"L&#039;impact du changement climatique, de la pand\u00e9mie et de la guerre en Ukraine sur l&#039;Afrique et la s\u00e9curit\u00e9 alimentaire mondiale.\" \/>\n<meta property=\"og:url\" content=\"https:\/\/www.one.org\/fr\/actualites\/ondes-de-choc-les-crises-economiques-alimentaires-et-politiques-en-afrique-causees-par-poutine\/\" \/>\n<meta property=\"og:site_name\" content=\"ONE.org France\" \/>\n<meta property=\"article:publisher\" content=\"https:\/\/www.facebook.com\/ONE.Fr\" \/>\n<meta property=\"article:published_time\" content=\"2022-04-08T08:48:40+00:00\" \/>\n<meta property=\"article:modified_time\" content=\"2024-04-23T12:33:56+00:00\" \/>\n<meta property=\"og:image\" content=\"https:\/\/www.one.org\/fr\/wp-content\/uploads\/sites\/4\/2022\/04\/Aftershock_2021_FeaturedImage_1200x1200_en_003-640x640-1.jpeg\" \/>\n\t<meta property=\"og:image:width\" content=\"640\" \/>\n\t<meta property=\"og:image:height\" content=\"640\" \/>\n\t<meta property=\"og:image:type\" content=\"image\/jpeg\" \/>\n<meta name=\"twitter:card\" content=\"summary_large_image\" \/>\n<meta name=\"twitter:creator\" content=\"@one_fr\" \/>\n<meta name=\"twitter:site\" content=\"@one_fr\" \/>\n<meta name=\"twitter:label1\" content=\"Est. reading time\" \/>\n\t<meta name=\"twitter:data1\" content=\"6 minutes\" \/>\n<script type=\"application\/ld+json\" class=\"yoast-schema-graph\">{\"@context\":\"https:\/\/schema.org\",\"@graph\":[{\"@type\":\"Article\",\"@id\":\"https:\/\/www.one.org\/fr\/actualites\/ondes-de-choc-les-crises-economiques-alimentaires-et-politiques-en-afrique-causees-par-poutine\/#article\",\"isPartOf\":{\"@id\":\"https:\/\/www.one.org\/fr\/actualites\/ondes-de-choc-les-crises-economiques-alimentaires-et-politiques-en-afrique-causees-par-poutine\/\"},\"author\":{\"name\":\"\",\"@id\":\"\"},\"headline\":\"Les crises \u00e9conomiques, alimentaires et politiques en Afrique caus\u00e9es par Poutine\",\"datePublished\":\"2022-04-08T08:48:40+00:00\",\"dateModified\":\"2024-04-23T12:33:56+00:00\",\"mainEntityOfPage\":{\"@id\":\"https:\/\/www.one.org\/fr\/actualites\/ondes-de-choc-les-crises-economiques-alimentaires-et-politiques-en-afrique-causees-par-poutine\/\"},\"wordCount\":1494,\"commentCount\":0,\"image\":{\"@id\":\"https:\/\/www.one.org\/fr\/actualites\/ondes-de-choc-les-crises-economiques-alimentaires-et-politiques-en-afrique-causees-par-poutine\/#primaryimage\"},\"thumbnailUrl\":\"https:\/\/www.one.org\/fr\/wp-content\/uploads\/sites\/4\/2022\/04\/Aftershock_2021_FeaturedImage_1200x1200_en_003-640x640-1.jpeg\",\"articleSection\":[\"ONE\"],\"inLanguage\":\"fr-FR\",\"potentialAction\":[{\"@type\":\"CommentAction\",\"name\":\"Comment\",\"target\":[\"https:\/\/www.one.org\/fr\/actualites\/ondes-de-choc-les-crises-economiques-alimentaires-et-politiques-en-afrique-causees-par-poutine\/#respond\"]}]},{\"@type\":\"WebPage\",\"@id\":\"https:\/\/www.one.org\/fr\/actualites\/ondes-de-choc-les-crises-economiques-alimentaires-et-politiques-en-afrique-causees-par-poutine\/\",\"url\":\"https:\/\/www.one.org\/fr\/actualites\/ondes-de-choc-les-crises-economiques-alimentaires-et-politiques-en-afrique-causees-par-poutine\/\",\"name\":\"Les crises \u00e9conomiques, alimentaires et politiques en Afrique caus\u00e9es par Poutine - ONE.org France\",\"isPartOf\":{\"@id\":\"https:\/\/www.one.org\/fr\/#website\"},\"primaryImageOfPage\":{\"@id\":\"https:\/\/www.one.org\/fr\/actualites\/ondes-de-choc-les-crises-economiques-alimentaires-et-politiques-en-afrique-causees-par-poutine\/#primaryimage\"},\"image\":{\"@id\":\"https:\/\/www.one.org\/fr\/actualites\/ondes-de-choc-les-crises-economiques-alimentaires-et-politiques-en-afrique-causees-par-poutine\/#primaryimage\"},\"thumbnailUrl\":\"https:\/\/www.one.org\/fr\/wp-content\/uploads\/sites\/4\/2022\/04\/Aftershock_2021_FeaturedImage_1200x1200_en_003-640x640-1.jpeg\",\"datePublished\":\"2022-04-08T08:48:40+00:00\",\"dateModified\":\"2024-04-23T12:33:56+00:00\",\"author\":{\"@id\":\"\"},\"description\":\"L'impact du changement climatique, de la pand\u00e9mie et de la guerre en Ukraine sur l'Afrique et la s\u00e9curit\u00e9 alimentaire mondiale.\",\"breadcrumb\":{\"@id\":\"https:\/\/www.one.org\/fr\/actualites\/ondes-de-choc-les-crises-economiques-alimentaires-et-politiques-en-afrique-causees-par-poutine\/#breadcrumb\"},\"inLanguage\":\"fr-FR\",\"potentialAction\":[{\"@type\":\"ReadAction\",\"target\":[\"https:\/\/www.one.org\/fr\/actualites\/ondes-de-choc-les-crises-economiques-alimentaires-et-politiques-en-afrique-causees-par-poutine\/\"]}]},{\"@type\":\"ImageObject\",\"inLanguage\":\"fr-FR\",\"@id\":\"https:\/\/www.one.org\/fr\/actualites\/ondes-de-choc-les-crises-economiques-alimentaires-et-politiques-en-afrique-causees-par-poutine\/#primaryimage\",\"url\":\"https:\/\/www.one.org\/fr\/wp-content\/uploads\/sites\/4\/2022\/04\/Aftershock_2021_FeaturedImage_1200x1200_en_003-640x640-1.jpeg\",\"contentUrl\":\"https:\/\/www.one.org\/fr\/wp-content\/uploads\/sites\/4\/2022\/04\/Aftershock_2021_FeaturedImage_1200x1200_en_003-640x640-1.jpeg\",\"width\":640,\"height\":640},{\"@type\":\"BreadcrumbList\",\"@id\":\"https:\/\/www.one.org\/fr\/actualites\/ondes-de-choc-les-crises-economiques-alimentaires-et-politiques-en-afrique-causees-par-poutine\/#breadcrumb\",\"itemListElement\":[{\"@type\":\"ListItem\",\"position\":1,\"name\":\"Home\",\"item\":\"https:\/\/www.one.org\/fr\/\"},{\"@type\":\"ListItem\",\"position\":2,\"name\":\"Les crises \u00e9conomiques, alimentaires et politiques en Afrique caus\u00e9es par Poutine\"}]},{\"@type\":\"WebSite\",\"@id\":\"https:\/\/www.one.org\/fr\/#website\",\"url\":\"https:\/\/www.one.org\/fr\/\",\"name\":\"ONE.org\",\"description\":\"Cr\u00e9er des opportunit\u00e9s \u00e9conomiques et am\u00e9liorer la sant\u00e9 en Afrique\",\"potentialAction\":[{\"@type\":\"SearchAction\",\"target\":{\"@type\":\"EntryPoint\",\"urlTemplate\":\"https:\/\/www.one.org\/fr\/?s={search_term_string}\"},\"query-input\":{\"@type\":\"PropertyValueSpecification\",\"valueRequired\":true,\"valueName\":\"search_term_string\"}}],\"inLanguage\":\"fr-FR\"}]}<\/script>\n<!-- \/ Yoast SEO Premium plugin. -->","yoast_head_json":{"title":"Les crises \u00e9conomiques, alimentaires et politiques en Afrique caus\u00e9es par Poutine - ONE.org France","description":"L'impact du changement climatique, de la pand\u00e9mie et de la guerre en Ukraine sur l'Afrique et la s\u00e9curit\u00e9 alimentaire mondiale.","robots":{"index":"index","follow":"follow","max-snippet":"max-snippet:-1","max-image-preview":"max-image-preview:large","max-video-preview":"max-video-preview:-1"},"canonical":"https:\/\/www.one.org\/fr\/actualites\/ondes-de-choc-les-crises-economiques-alimentaires-et-politiques-en-afrique-causees-par-poutine\/","og_locale":"fr_FR","og_type":"article","og_title":"Les crises \u00e9conomiques, alimentaires et politiques en Afrique caus\u00e9es par Poutine","og_description":"L'impact du changement climatique, de la pand\u00e9mie et de la guerre en Ukraine sur l'Afrique et la s\u00e9curit\u00e9 alimentaire mondiale.","og_url":"https:\/\/www.one.org\/fr\/actualites\/ondes-de-choc-les-crises-economiques-alimentaires-et-politiques-en-afrique-causees-par-poutine\/","og_site_name":"ONE.org France","article_publisher":"https:\/\/www.facebook.com\/ONE.Fr","article_published_time":"2022-04-08T08:48:40+00:00","article_modified_time":"2024-04-23T12:33:56+00:00","og_image":[{"width":640,"height":640,"url":"https:\/\/www.one.org\/fr\/wp-content\/uploads\/sites\/4\/2022\/04\/Aftershock_2021_FeaturedImage_1200x1200_en_003-640x640-1.jpeg","type":"image\/jpeg"}],"twitter_card":"summary_large_image","twitter_creator":"@one_fr","twitter_site":"@one_fr","twitter_misc":{"Est. reading time":"6 minutes"},"schema":{"@context":"https:\/\/schema.org","@graph":[{"@type":"Article","@id":"https:\/\/www.one.org\/fr\/actualites\/ondes-de-choc-les-crises-economiques-alimentaires-et-politiques-en-afrique-causees-par-poutine\/#article","isPartOf":{"@id":"https:\/\/www.one.org\/fr\/actualites\/ondes-de-choc-les-crises-economiques-alimentaires-et-politiques-en-afrique-causees-par-poutine\/"},"author":{"name":"","@id":""},"headline":"Les crises \u00e9conomiques, alimentaires et politiques en Afrique caus\u00e9es par Poutine","datePublished":"2022-04-08T08:48:40+00:00","dateModified":"2024-04-23T12:33:56+00:00","mainEntityOfPage":{"@id":"https:\/\/www.one.org\/fr\/actualites\/ondes-de-choc-les-crises-economiques-alimentaires-et-politiques-en-afrique-causees-par-poutine\/"},"wordCount":1494,"commentCount":0,"image":{"@id":"https:\/\/www.one.org\/fr\/actualites\/ondes-de-choc-les-crises-economiques-alimentaires-et-politiques-en-afrique-causees-par-poutine\/#primaryimage"},"thumbnailUrl":"https:\/\/www.one.org\/fr\/wp-content\/uploads\/sites\/4\/2022\/04\/Aftershock_2021_FeaturedImage_1200x1200_en_003-640x640-1.jpeg","articleSection":["ONE"],"inLanguage":"fr-FR","potentialAction":[{"@type":"CommentAction","name":"Comment","target":["https:\/\/www.one.org\/fr\/actualites\/ondes-de-choc-les-crises-economiques-alimentaires-et-politiques-en-afrique-causees-par-poutine\/#respond"]}]},{"@type":"WebPage","@id":"https:\/\/www.one.org\/fr\/actualites\/ondes-de-choc-les-crises-economiques-alimentaires-et-politiques-en-afrique-causees-par-poutine\/","url":"https:\/\/www.one.org\/fr\/actualites\/ondes-de-choc-les-crises-economiques-alimentaires-et-politiques-en-afrique-causees-par-poutine\/","name":"Les crises \u00e9conomiques, alimentaires et politiques en Afrique caus\u00e9es par Poutine - ONE.org France","isPartOf":{"@id":"https:\/\/www.one.org\/fr\/#website"},"primaryImageOfPage":{"@id":"https:\/\/www.one.org\/fr\/actualites\/ondes-de-choc-les-crises-economiques-alimentaires-et-politiques-en-afrique-causees-par-poutine\/#primaryimage"},"image":{"@id":"https:\/\/www.one.org\/fr\/actualites\/ondes-de-choc-les-crises-economiques-alimentaires-et-politiques-en-afrique-causees-par-poutine\/#primaryimage"},"thumbnailUrl":"https:\/\/www.one.org\/fr\/wp-content\/uploads\/sites\/4\/2022\/04\/Aftershock_2021_FeaturedImage_1200x1200_en_003-640x640-1.jpeg","datePublished":"2022-04-08T08:48:40+00:00","dateModified":"2024-04-23T12:33:56+00:00","author":{"@id":""},"description":"L'impact du changement climatique, de la pand\u00e9mie et de la guerre en Ukraine sur l'Afrique et la s\u00e9curit\u00e9 alimentaire mondiale.","breadcrumb":{"@id":"https:\/\/www.one.org\/fr\/actualites\/ondes-de-choc-les-crises-economiques-alimentaires-et-politiques-en-afrique-causees-par-poutine\/#breadcrumb"},"inLanguage":"fr-FR","potentialAction":[{"@type":"ReadAction","target":["https:\/\/www.one.org\/fr\/actualites\/ondes-de-choc-les-crises-economiques-alimentaires-et-politiques-en-afrique-causees-par-poutine\/"]}]},{"@type":"ImageObject","inLanguage":"fr-FR","@id":"https:\/\/www.one.org\/fr\/actualites\/ondes-de-choc-les-crises-economiques-alimentaires-et-politiques-en-afrique-causees-par-poutine\/#primaryimage","url":"https:\/\/www.one.org\/fr\/wp-content\/uploads\/sites\/4\/2022\/04\/Aftershock_2021_FeaturedImage_1200x1200_en_003-640x640-1.jpeg","contentUrl":"https:\/\/www.one.org\/fr\/wp-content\/uploads\/sites\/4\/2022\/04\/Aftershock_2021_FeaturedImage_1200x1200_en_003-640x640-1.jpeg","width":640,"height":640},{"@type":"BreadcrumbList","@id":"https:\/\/www.one.org\/fr\/actualites\/ondes-de-choc-les-crises-economiques-alimentaires-et-politiques-en-afrique-causees-par-poutine\/#breadcrumb","itemListElement":[{"@type":"ListItem","position":1,"name":"Home","item":"https:\/\/www.one.org\/fr\/"},{"@type":"ListItem","position":2,"name":"Les crises \u00e9conomiques, alimentaires et politiques en Afrique caus\u00e9es par Poutine"}]},{"@type":"WebSite","@id":"https:\/\/www.one.org\/fr\/#website","url":"https:\/\/www.one.org\/fr\/","name":"ONE.org","description":"Cr\u00e9er des opportunit\u00e9s \u00e9conomiques et am\u00e9liorer la sant\u00e9 en Afrique","potentialAction":[{"@type":"SearchAction","target":{"@type":"EntryPoint","urlTemplate":"https:\/\/www.one.org\/fr\/?s={search_term_string}"},"query-input":{"@type":"PropertyValueSpecification","valueRequired":true,"valueName":"search_term_string"}}],"inLanguage":"fr-FR"}]}},"distributor_meta":false,"distributor_terms":false,"distributor_media":false,"distributor_original_site_name":"ONE.org France","distributor_original_site_url":"https:\/\/www.one.org\/fr","push-errors":false,"_links":{"self":[{"href":"https:\/\/www.one.org\/fr\/wp-json\/wp\/v2\/posts\/162552","targetHints":{"allow":["GET"]}}],"collection":[{"href":"https:\/\/www.one.org\/fr\/wp-json\/wp\/v2\/posts"}],"about":[{"href":"https:\/\/www.one.org\/fr\/wp-json\/wp\/v2\/types\/post"}],"replies":[{"embeddable":true,"href":"https:\/\/www.one.org\/fr\/wp-json\/wp\/v2\/comments?post=162552"}],"version-history":[{"count":0,"href":"https:\/\/www.one.org\/fr\/wp-json\/wp\/v2\/posts\/162552\/revisions"}],"wp:featuredmedia":[{"embeddable":true,"href":"https:\/\/www.one.org\/fr\/wp-json\/wp\/v2\/media\/162965"}],"wp:attachment":[{"href":"https:\/\/www.one.org\/fr\/wp-json\/wp\/v2\/media?parent=162552"}],"wp:term":[{"taxonomy":"category","embeddable":true,"href":"https:\/\/www.one.org\/fr\/wp-json\/wp\/v2\/categories?post=162552"},{"taxonomy":"post_tag","embeddable":true,"href":"https:\/\/www.one.org\/fr\/wp-json\/wp\/v2\/tags?post=162552"},{"taxonomy":"topic","embeddable":true,"href":"https:\/\/www.one.org\/fr\/wp-json\/wp\/v2\/topic?post=162552"},{"taxonomy":"contributor","embeddable":true,"href":"https:\/\/www.one.org\/fr\/wp-json\/wp\/v2\/contributor?post=162552"},{"taxonomy":"one_content_audience","embeddable":true,"href":"https:\/\/www.one.org\/fr\/wp-json\/wp\/v2\/one_content_audience?post=162552"},{"taxonomy":"one_content_type","embeddable":true,"href":"https:\/\/www.one.org\/fr\/wp-json\/wp\/v2\/one_content_type?post=162552"},{"taxonomy":"one_content_tone","embeddable":true,"href":"https:\/\/www.one.org\/fr\/wp-json\/wp\/v2\/one_content_tone?post=162552"}],"curies":[{"name":"wp","href":"https:\/\/api.w.org\/{rel}","templated":true}]}}