{"id":162550,"date":"2022-04-01T08:48:59","date_gmt":"2022-04-01T08:48:59","guid":{"rendered":"https:\/\/www.one.org\/fr\/forum-libe-les-annonces-des-candidat%c2%b7e%c2%b7s-en-faveur-de-la-solidarite-internationale\/"},"modified":"2024-04-23T12:33:59","modified_gmt":"2024-04-23T12:33:59","slug":"forum-libe","status":"publish","type":"post","link":"https:\/\/www.one.org\/fr\/actualites\/forum-libe\/","title":{"rendered":"Forum Lib\u00e9 : Les annonces des candidat\u00b7e\u00b7s en faveur de la solidarit\u00e9 internationale"},"content":{"rendered":"<p><span style=\"font-weight: 400\">Le 22 mars dernier, nous avons organis&eacute; une journ&eacute;e sp&eacute;ciale en partenariat avec le journal Lib&eacute;ration, au th&eacute;&acirc;tre du Rond-Point &agrave; Paris, <\/span><span style=\"font-weight: 400\">pour interpeller les candidates et les candidats &agrave; la pr&eacute;sidentielle sur le retour de l&rsquo;extr&ecirc;me pauvret&eacute; dans le monde et ses cons&eacute;quences. <\/span><span style=\"font-weight: 400\">Comment continuer de lutter contre la pand&eacute;mie partout sur la plan&egrave;te&thinsp;? Comment anticiper les crises mondiales, &agrave; commencer par le changement climatique qui nous fragilise collectivement et p&egrave;se sur les pays les plus pauvres&thinsp;? Comment r&eacute;duire les in&eacute;galit&eacute;s mondiales ?<\/span><\/p>\n<p><span style=\"font-weight: 400\">Avec ce forum, nous avons voulu offrir aux candidat&middot;e&middot;s et leurs porte-paroles l&rsquo;opportunit&eacute;, pour la premi&egrave;re fois dans cette campagne pr&eacute;sidentielle, d&rsquo;apporter des r&eacute;ponses concr&egrave;tes &agrave; ces questions et de pr&eacute;senter leur vision du r&ocirc;le que la France devrait jouer dans la r&eacute;ponse globale &agrave; l&rsquo;extr&ecirc;me urgence.<\/span><\/p>\n<p><span style=\"font-weight: 400\">Plus de 400 personnes nous ont rejointes tout au long de la journ&eacute;e. D&eacute;couvrez ci-dessous un r&eacute;sum&eacute; des diff&eacute;rentes tables rondes et prises de parole des repr&eacute;sentant&middot;e&middot;s des candidat&middot;e&middot;s !<\/span><\/p>\n<p><strong>Retrouvez en vid&eacute;o un r&eacute;sum&eacute; de la journ&eacute;e en deux minutes :<\/strong><\/p>\n<h3>Tables rondes et d&eacute;cryptages<\/h3>\n<p><span style=\"font-weight: 400\">Au cours de cette journ&eacute;e, nous avons &eacute;galement accueilli des expert&middot;e&middot;s et intellectuel&middot;le&middot;s qui sont intervenu&middot;e&middot;s pour apporter leur &eacute;clairage et d&eacute;crypter les d&eacute;fis auxquels nous sommes confront&eacute;&middot;e&middot;s. R&eacute;chauffement climatique, poids de la dette, s&eacute;curit&eacute; alimentaire&hellip; ils et elles ont abord&eacute; les nombreux th&egrave;mes qui caract&eacute;risent le retour de l&rsquo;extr&ecirc;me pauvret&eacute;.<\/span><\/p>\n<p><span style=\"font-weight: 400\">Pour la premi&egrave;re table ronde, intitul&eacute;e &ldquo;Face aux d&eacute;sordres du monde : la France solidaire ?&rdquo;, nous avons re&ccedil;u <\/span><b>Bertrand Badie<\/b><span style=\"font-weight: 400\">, historien et professeur &eacute;m&eacute;rite des universit&eacute;s &agrave; Sciences Po, <\/span><b>Bertrand Badr&eacute;<\/b><span style=\"font-weight: 400\">, fondateur du fonds d&rsquo;investissement Blue Like an Orange sustainable Capital, et <\/span><b>Najat Vallaud-Belkacem<\/b><span style=\"font-weight: 400\">, directrice France de ONE. Ils ont abord&eacute; la solidarit&eacute; internationale en France et les menaces alimentaires, sanitaires et climatiques auxquelles le monde fait face aujourd&rsquo;hui. Comme l&rsquo;a r&eacute;sum&eacute; Bertrand Badie, &ldquo;face &agrave; une menace collective, il est important d&rsquo;avoir une r&eacute;ponse collective&hellip; Il est important de consid&eacute;rer que l&rsquo;int&eacute;r&ecirc;t national ne s&rsquo;accomplit que s&rsquo;il se soumet &agrave; l&rsquo;int&eacute;r&ecirc;t global.&rdquo;<\/span><\/p>\n<div id=\"attachment_158363\" style=\"width: 610px\" class=\"wp-caption aligncenter\"><img decoding=\"async\" aria-describedby=\"caption-attachment-158363\" loading=\"lazy\" class=\"wp-image-158363\" src=\"https:\/\/cdn.one.org\/fr\/wp-content\/uploads\/2022\/03\/29170426\/FORUM-LIBE_ONE_Monde-solidaire_l-extreme-urgence_22-03-22_GCC_044-640x427.jpg\" alt=\"\" width=\"600\" height=\"400\"><\/p>\n<p id=\"caption-attachment-158363\" class=\"wp-caption-text\">&copy; Giovanni Cittadini Cesi<\/p>\n<\/div>\n<p><span style=\"font-weight: 400\">Dans la deuxi&egrave;me table ronde intitul&eacute;e &ldquo;<\/span><span style=\"font-weight: 400\">Ni hasard, ni fatalit&eacute; : aux sources des in&eacute;galit&eacute;s mondiales&rdquo;, <\/span><b>Carole Coupez<\/b><span style=\"font-weight: 400\">, administratrice chez Coordination SUD, <\/span><b>Fran&ccedil;ois Gemenne<\/b><span style=\"font-weight: 400\">, professeur en g&eacute;opolitique &agrave; Sciences Po et l&rsquo;ULB, et <\/span><b>German Velasquez<\/b><span style=\"font-weight: 400\">, conseiller au South Centre ont parl&eacute; des acteurs de la soci&eacute;t&eacute; civile et de l&rsquo;aide au d&eacute;veloppement, de la gestion internationale de la crise du COVID-19 et l&rsquo;&eacute;quit&eacute; vaccinale, du r&eacute;chauffement climatique et de la responsabilit&eacute; des entreprises.<\/span><\/p>\n<blockquote class=\"twitter-tweet\" data-width=\"550\" data-dnt=\"true\">\n<p lang=\"fr\" dir=\"ltr\">&#8220;Ceux qui ont le plus de moyens pour agir, ceux qui portent la plus lourde responsabilit&eacute; dans le probl&egrave;me du changement climatique sont aussi ceux qui ont le moins d&#8217;int&eacute;r&ecirc;ts directs &agrave; agir car ils seront proportionnellement moins touch&eacute;s que les autres.&#8221; &ndash;<a href=\"https:\/\/twitter.com\/Gemenne?ref_src=twsrc%5Etfw\">@Gemenne<\/a> au <a href=\"https:\/\/twitter.com\/hashtag\/ForumLib%C3%A9?src=hash&amp;ref_src=twsrc%5Etfw\">#ForumLib&eacute;<\/a> <a href=\"https:\/\/t.co\/XlRVVkUXEH\">pic.twitter.com\/XlRVVkUXEH<\/a><\/p>\n<p>&mdash; ONE France (@ONE_Fr) <a href=\"https:\/\/twitter.com\/ONE_Fr\/status\/1506269529579606031?ref_src=twsrc%5Etfw\">March 22, 2022<\/a><\/p><\/blockquote>\n<p><span style=\"font-weight: 400\">Enfin, la troisi&egrave;me table ronde, intitul&eacute;e &ldquo;R&eacute;parer et pr&eacute;parer : place &agrave; l&rsquo;action pour en finir avec l&rsquo;extr&ecirc;me pauvret&eacute;&rdquo; a rassembl&eacute; <\/span><b>Elise Huillery<\/b><span style=\"font-weight: 400\">, professeure des universit&eacute;s &agrave; Paris Dauphine, <\/span><b>Jean-Pierre Olivier de Sardan<\/b><span style=\"font-weight: 400\">, anthropologue, et <\/span><b>Lison Rehbinder<\/b><span style=\"font-weight: 400\">, charg&eacute;e de plaidoyer au CCFD &ndash; Terre Solidaire. Ils et elles ont &eacute;voqu&eacute; des actions concr&egrave;tes pour lutter contre les in&eacute;galit&eacute;s. Ils ont &eacute;galement &eacute;voqu&eacute; la colonisation et son impact sur les ressources locales, l&rsquo;aide publique au d&eacute;veloppement, les syst&egrave;mes d&rsquo;&eacute;ducation africains et la transparence fiscale.<\/span><\/p>\n<div id=\"attachment_158362\" style=\"width: 604px\" class=\"wp-caption aligncenter\"><img decoding=\"async\" aria-describedby=\"caption-attachment-158362\" loading=\"lazy\" class=\"wp-image-158362\" src=\"https:\/\/cdn.one.org\/fr\/wp-content\/uploads\/2022\/03\/29165957\/FORUM-LIBE_ONE_Monde-solidaire_l-extreme-urgence_22-03-22_GCC_196-640x427.jpg\" alt=\"\" width=\"594\" height=\"396\"><\/p>\n<p id=\"caption-attachment-158362\" class=\"wp-caption-text\">&copy; Giovanni Cittadini Cesi<\/p>\n<\/div>\n<h3>Des engagements concrets<\/h3>\n<p><span style=\"font-weight: 400\">Nous avons &eacute;galement re&ccedil;u, tout au long de la journ&eacute;e, les porte-paroles de six candidates et candidats qui ont r&eacute;pondu aux questions de nos jeunes Ambassadeurs et Ambassadrices, de Lib&eacute;ration et de Ma&eacute; Kurkjian, responsable plaidoyer de ONE en France.<\/span><\/p>\n<p><span style=\"font-weight: 400\">Nous les avons notamment interrog&eacute;&middot;e&middot;s sur les solutions concr&egrave;tes que chaque candidat&middot;e compte apporter pour pallier aux in&eacute;galit&eacute;s mondiales s&rsquo;il ou elle est &eacute;lu&middot;e Pr&eacute;sident&middot;e de la R&eacute;publique. Face &agrave; ces questions, divers engagements ont &eacute;t&eacute; pris par les diff&eacute;rents partis pour lutter contre l&rsquo;extr&ecirc;me pauvret&eacute; et les d&eacute;fis mondiaux.<\/span><\/p>\n<ul>\n<li style=\"font-weight: 400\"><b>Delphine Batho<\/b><span style=\"font-weight: 400\">, porte-parole de <\/span><b>Yannick Jadot<\/b><span style=\"font-weight: 400\">, a indiqu&eacute; que le candidat avait chang&eacute; son programme et s&rsquo;engage d&eacute;sormais &agrave; atteindre les 0,7% du revenu national brut d&eacute;di&eacute; &agrave; l&rsquo;aide publique en d&eacute;veloppement d&rsquo;ici 2025 et &agrave; r&eacute;allouer la totalit&eacute; des droits de tirage sp&eacute;ciaux que la France a re&ccedil;us de la part du FMI aux pays les plus vuln&eacute;rables avant 2023.<\/span><\/li>\n<li style=\"font-weight: 400\"><b>Herv&eacute; Berville<\/b><span style=\"font-weight: 400\">, porte-parole d&rsquo;<\/span><b>Emmanuel Macron<\/b><span style=\"font-weight: 400\">, s&rsquo;est engag&eacute; &agrave; augmenter la part de&nbsp; l&rsquo;aide publique au d&eacute;veloppement allou&eacute;e &agrave; l&rsquo;Afrique et &agrave; allouer les ressources de la taxe sur les transactions financi&egrave;res &agrave; la lutte contre les in&eacute;galit&eacute;s mondiales.&nbsp;<\/span><\/li>\n<li style=\"font-weight: 400\"><b>Fran&ccedil;ois Jay<\/b><span style=\"font-weight: 400\">, porte-parole de <\/span><b>Val&eacute;rie P&eacute;cresse<\/b><span style=\"font-weight: 400\">, s&rsquo;est quant &agrave; lui engag&eacute; &agrave; augmenter la transparence des multinationales au niveau mondial &agrave; travers un reporting pays par pays public pour lutter contre les flux financiers illicites.<\/span><\/li>\n<li><b>Pierre Laurent<\/b><span style=\"font-weight: 400\">, le porte-parole de <\/span><b>Fabien Roussel<\/b><span style=\"font-weight: 400\">, s&rsquo;est engag&eacute; &agrave; verser les 930 millions d&rsquo;euros n&eacute;cessaires &agrave; la lutte mondiale contre la pand&eacute;mie pour 2022, et a d&eacute;clar&eacute; qu&rsquo;il faut aller encore plus loin dans le soutien des fonds verticaux.<\/span><\/li>\n<li style=\"font-weight: 400\"><b>Dominique Potier<\/b><span style=\"font-weight: 400\">, porte-parole d&rsquo;<\/span><b>Anne Hidalgo<\/b><span style=\"font-weight: 400\">, a indiqu&eacute; qu&rsquo;elle s&rsquo;engagerait &agrave; faire participer le secteur priv&eacute; aux initiatives mondiales de suspension de la dette et sugg&eacute;rera une r&eacute;forme des agences de notation financi&egrave;re.&nbsp;&nbsp;<\/span><\/li>\n<li style=\"font-weight: 400\"><span style=\"font-weight: 400\"><b>Aur&eacute;lie Trouv&eacute;<\/b>, porte-parole de <b>Jean-Luc M&eacute;lenchon<\/b>, s&rsquo;est engag&eacute;e &agrave; respecter l&rsquo;objectif inscrit dans la derni&egrave;re loi sur le d&eacute;veloppement d&rsquo;atteindre les 0,7% du revenu national brut pour l&rsquo;aide publique au d&eacute;veloppement en 2025, ainsi que d&rsquo;allouer 50% de notre aide aux pays les plus pauvres, 85% aux projets qui promeuvent l&rsquo;&eacute;galit&eacute; entre les femmes et les hommes, et 50% aux secteurs sociaux.<\/span><\/li>\n<\/ul>\n<p><span style=\"font-weight: 400\">Retrouvez l&rsquo;int&eacute;gralit&eacute; du forum en deux parties ci-dessous :<\/span><\/p>\n<p><strong>Il ne reste que quelques jours pour interpeller les candidates et les candidats ! <a href=\"https:\/\/act.one.org\/survey\/onevotefr-petition\/\">Signez notre p&eacute;tition<\/a> pour leur demander de clarifier leur programme et de nous faire part de leurs propositions d&eacute;taill&eacute;es par &eacute;crit avant le premier tour.<\/strong><\/p>\n<p><strong>Nous vous informerons lorsque nous aurons une r&eacute;ponse de la part des candidates et des candidats. <a href=\"https:\/\/www.one.org\/onevotefr\/comparateur\/\">Vous pourrez retrouver leurs r&eacute;ponses ainsi que notre analyse ici<\/a>.<\/strong><\/p>\n<p>&nbsp;<\/p>\n<div class=\"buffer\"><\/div>","protected":false},"excerpt":{"rendered":"<p>Le 22 mars dernier, nous avons organis&eacute; une journ&eacute;e sp&eacute;ciale en partenariat avec le journal Lib&eacute;ration, au th&eacute;&acirc;tre du Rond-Point &agrave; Paris, pour interpeller les candidates et les candidats &agrave; la pr&eacute;sidentielle sur le retour de l&rsquo;extr&ecirc;me pauvret&eacute; dans le monde et ses cons&eacute;quences. Comment continuer de lutter contre la pand&eacute;mie partout sur la plan&egrave;te&thinsp;? [&hellip;]<\/p>\n","protected":false},"author":0,"featured_media":162969,"comment_status":"open","ping_status":"open","sticky":false,"template":"","format":"standard","meta":{"_acf_changed":false,"_relevanssi_hide_post":"","_relevanssi_hide_content":"","_relevanssi_pin_for_all":"","_relevanssi_pin_keywords":"","_relevanssi_unpin_keywords":"","_relevanssi_related_keywords":"","_relevanssi_related_include_ids":"","_relevanssi_related_exclude_ids":"","_relevanssi_related_no_append":"","_relevanssi_related_not_related":"","_relevanssi_related_posts":"164801,164384,164396,163756,163706,163644","_relevanssi_noindex_reason":"","footnotes":""},"categories":[34],"tags":[],"topic":[41,87],"contributor":[43,62],"one_content_audience":[],"one_content_type":[],"one_content_tone":[],"class_list":["post-162550","post","type-post","status-publish","format-standard","has-post-thumbnail","hentry","category-one","topic-aide-au-developpement","topic-election-presidentielle-aide-au-developpement","contributor-dana-khalil","contributor-marie-bellanger"],"acf":[],"yoast_head":"<!-- This site is optimized with the Yoast SEO Premium plugin v27.1 (Yoast SEO v27.1.1) - https:\/\/yoast.com\/product\/yoast-seo-premium-wordpress\/ -->\n<title>Forum Lib\u00e9 : Les annonces des candidat\u00b7e\u00b7s en faveur de la solidarit\u00e9 internationale - ONE.org France<\/title>\n<meta name=\"description\" content=\"Retrouvez le r\u00e9sum\u00e9 de notre journ\u00e9e sp\u00e9ciale qui s&#039;est tenue le 22 mars, en partenariat avec le journal Lib\u00e9ration.\" \/>\n<meta name=\"robots\" content=\"index, follow, max-snippet:-1, max-image-preview:large, max-video-preview:-1\" \/>\n<link rel=\"canonical\" href=\"https:\/\/www.one.org\/fr\/actualites\/forum-libe\/\" \/>\n<meta property=\"og:locale\" content=\"fr_FR\" \/>\n<meta property=\"og:type\" content=\"article\" \/>\n<meta property=\"og:title\" content=\"Forum Lib\u00e9 : Les annonces des candidat\u00b7e\u00b7s en faveur de la solidarit\u00e9 internationale\" \/>\n<meta property=\"og:description\" content=\"Retrouvez le r\u00e9sum\u00e9 de notre journ\u00e9e sp\u00e9ciale qui s&#039;est tenue le 22 mars, en partenariat avec le journal Lib\u00e9ration.\" \/>\n<meta property=\"og:url\" content=\"https:\/\/www.one.org\/fr\/actualites\/forum-libe\/\" \/>\n<meta property=\"og:site_name\" content=\"ONE.org France\" \/>\n<meta property=\"article:publisher\" content=\"https:\/\/www.facebook.com\/ONE.Fr\" \/>\n<meta property=\"article:published_time\" content=\"2022-04-01T08:48:59+00:00\" \/>\n<meta property=\"article:modified_time\" content=\"2024-04-23T12:33:59+00:00\" \/>\n<meta property=\"og:image\" content=\"https:\/\/www.one.org\/fr\/wp-content\/uploads\/sites\/4\/2022\/04\/featured-forum.png\" \/>\n\t<meta property=\"og:image:width\" content=\"1200\" \/>\n\t<meta property=\"og:image:height\" content=\"1200\" \/>\n\t<meta property=\"og:image:type\" content=\"image\/png\" \/>\n<meta name=\"twitter:card\" content=\"summary_large_image\" \/>\n<meta name=\"twitter:creator\" content=\"@one_fr\" \/>\n<meta name=\"twitter:site\" content=\"@one_fr\" \/>\n<meta name=\"twitter:label1\" content=\"Est. reading time\" \/>\n\t<meta name=\"twitter:data1\" content=\"5 minutes\" \/>\n<script type=\"application\/ld+json\" class=\"yoast-schema-graph\">{\"@context\":\"https:\/\/schema.org\",\"@graph\":[{\"@type\":\"Article\",\"@id\":\"https:\/\/www.one.org\/fr\/actualites\/forum-libe\/#article\",\"isPartOf\":{\"@id\":\"https:\/\/www.one.org\/fr\/actualites\/forum-libe\/\"},\"author\":{\"name\":\"\",\"@id\":\"\"},\"headline\":\"Forum Lib\u00e9 : Les annonces des candidat\u00b7e\u00b7s en faveur de la solidarit\u00e9 internationale\",\"datePublished\":\"2022-04-01T08:48:59+00:00\",\"dateModified\":\"2024-04-23T12:33:59+00:00\",\"mainEntityOfPage\":{\"@id\":\"https:\/\/www.one.org\/fr\/actualites\/forum-libe\/\"},\"wordCount\":1420,\"commentCount\":0,\"image\":{\"@id\":\"https:\/\/www.one.org\/fr\/actualites\/forum-libe\/#primaryimage\"},\"thumbnailUrl\":\"https:\/\/www.one.org\/fr\/wp-content\/uploads\/sites\/4\/2022\/04\/featured-forum.png\",\"articleSection\":[\"ONE\"],\"inLanguage\":\"fr-FR\",\"potentialAction\":[{\"@type\":\"CommentAction\",\"name\":\"Comment\",\"target\":[\"https:\/\/www.one.org\/fr\/actualites\/forum-libe\/#respond\"]}]},{\"@type\":\"WebPage\",\"@id\":\"https:\/\/www.one.org\/fr\/actualites\/forum-libe\/\",\"url\":\"https:\/\/www.one.org\/fr\/actualites\/forum-libe\/\",\"name\":\"Forum Lib\u00e9 : Les annonces des candidat\u00b7e\u00b7s en faveur de la solidarit\u00e9 internationale - ONE.org France\",\"isPartOf\":{\"@id\":\"https:\/\/www.one.org\/fr\/#website\"},\"primaryImageOfPage\":{\"@id\":\"https:\/\/www.one.org\/fr\/actualites\/forum-libe\/#primaryimage\"},\"image\":{\"@id\":\"https:\/\/www.one.org\/fr\/actualites\/forum-libe\/#primaryimage\"},\"thumbnailUrl\":\"https:\/\/www.one.org\/fr\/wp-content\/uploads\/sites\/4\/2022\/04\/featured-forum.png\",\"datePublished\":\"2022-04-01T08:48:59+00:00\",\"dateModified\":\"2024-04-23T12:33:59+00:00\",\"author\":{\"@id\":\"\"},\"description\":\"Retrouvez le r\u00e9sum\u00e9 de notre journ\u00e9e sp\u00e9ciale qui s'est tenue le 22 mars, en partenariat avec le journal Lib\u00e9ration.\",\"breadcrumb\":{\"@id\":\"https:\/\/www.one.org\/fr\/actualites\/forum-libe\/#breadcrumb\"},\"inLanguage\":\"fr-FR\",\"potentialAction\":[{\"@type\":\"ReadAction\",\"target\":[\"https:\/\/www.one.org\/fr\/actualites\/forum-libe\/\"]}]},{\"@type\":\"ImageObject\",\"inLanguage\":\"fr-FR\",\"@id\":\"https:\/\/www.one.org\/fr\/actualites\/forum-libe\/#primaryimage\",\"url\":\"https:\/\/www.one.org\/fr\/wp-content\/uploads\/sites\/4\/2022\/04\/featured-forum.png\",\"contentUrl\":\"https:\/\/www.one.org\/fr\/wp-content\/uploads\/sites\/4\/2022\/04\/featured-forum.png\",\"width\":1200,\"height\":1200},{\"@type\":\"BreadcrumbList\",\"@id\":\"https:\/\/www.one.org\/fr\/actualites\/forum-libe\/#breadcrumb\",\"itemListElement\":[{\"@type\":\"ListItem\",\"position\":1,\"name\":\"Home\",\"item\":\"https:\/\/www.one.org\/fr\/\"},{\"@type\":\"ListItem\",\"position\":2,\"name\":\"Forum Lib\u00e9 : Les annonces des candidat\u00b7e\u00b7s en faveur de la solidarit\u00e9 internationale\"}]},{\"@type\":\"WebSite\",\"@id\":\"https:\/\/www.one.org\/fr\/#website\",\"url\":\"https:\/\/www.one.org\/fr\/\",\"name\":\"ONE.org\",\"description\":\"Cr\u00e9er des opportunit\u00e9s \u00e9conomiques et am\u00e9liorer la sant\u00e9 en Afrique\",\"potentialAction\":[{\"@type\":\"SearchAction\",\"target\":{\"@type\":\"EntryPoint\",\"urlTemplate\":\"https:\/\/www.one.org\/fr\/?s={search_term_string}\"},\"query-input\":{\"@type\":\"PropertyValueSpecification\",\"valueRequired\":true,\"valueName\":\"search_term_string\"}}],\"inLanguage\":\"fr-FR\"}]}<\/script>\n<!-- \/ Yoast SEO Premium plugin. -->","yoast_head_json":{"title":"Forum Lib\u00e9 : Les annonces des candidat\u00b7e\u00b7s en faveur de la solidarit\u00e9 internationale - ONE.org France","description":"Retrouvez le r\u00e9sum\u00e9 de notre journ\u00e9e sp\u00e9ciale qui s'est tenue le 22 mars, en partenariat avec le journal Lib\u00e9ration.","robots":{"index":"index","follow":"follow","max-snippet":"max-snippet:-1","max-image-preview":"max-image-preview:large","max-video-preview":"max-video-preview:-1"},"canonical":"https:\/\/www.one.org\/fr\/actualites\/forum-libe\/","og_locale":"fr_FR","og_type":"article","og_title":"Forum Lib\u00e9 : Les annonces des candidat\u00b7e\u00b7s en faveur de la solidarit\u00e9 internationale","og_description":"Retrouvez le r\u00e9sum\u00e9 de notre journ\u00e9e sp\u00e9ciale qui s'est tenue le 22 mars, en partenariat avec le journal Lib\u00e9ration.","og_url":"https:\/\/www.one.org\/fr\/actualites\/forum-libe\/","og_site_name":"ONE.org France","article_publisher":"https:\/\/www.facebook.com\/ONE.Fr","article_published_time":"2022-04-01T08:48:59+00:00","article_modified_time":"2024-04-23T12:33:59+00:00","og_image":[{"width":1200,"height":1200,"url":"https:\/\/www.one.org\/fr\/wp-content\/uploads\/sites\/4\/2022\/04\/featured-forum.png","type":"image\/png"}],"twitter_card":"summary_large_image","twitter_creator":"@one_fr","twitter_site":"@one_fr","twitter_misc":{"Est. reading time":"5 minutes"},"schema":{"@context":"https:\/\/schema.org","@graph":[{"@type":"Article","@id":"https:\/\/www.one.org\/fr\/actualites\/forum-libe\/#article","isPartOf":{"@id":"https:\/\/www.one.org\/fr\/actualites\/forum-libe\/"},"author":{"name":"","@id":""},"headline":"Forum Lib\u00e9 : Les annonces des candidat\u00b7e\u00b7s en faveur de la solidarit\u00e9 internationale","datePublished":"2022-04-01T08:48:59+00:00","dateModified":"2024-04-23T12:33:59+00:00","mainEntityOfPage":{"@id":"https:\/\/www.one.org\/fr\/actualites\/forum-libe\/"},"wordCount":1420,"commentCount":0,"image":{"@id":"https:\/\/www.one.org\/fr\/actualites\/forum-libe\/#primaryimage"},"thumbnailUrl":"https:\/\/www.one.org\/fr\/wp-content\/uploads\/sites\/4\/2022\/04\/featured-forum.png","articleSection":["ONE"],"inLanguage":"fr-FR","potentialAction":[{"@type":"CommentAction","name":"Comment","target":["https:\/\/www.one.org\/fr\/actualites\/forum-libe\/#respond"]}]},{"@type":"WebPage","@id":"https:\/\/www.one.org\/fr\/actualites\/forum-libe\/","url":"https:\/\/www.one.org\/fr\/actualites\/forum-libe\/","name":"Forum Lib\u00e9 : Les annonces des candidat\u00b7e\u00b7s en faveur de la solidarit\u00e9 internationale - ONE.org France","isPartOf":{"@id":"https:\/\/www.one.org\/fr\/#website"},"primaryImageOfPage":{"@id":"https:\/\/www.one.org\/fr\/actualites\/forum-libe\/#primaryimage"},"image":{"@id":"https:\/\/www.one.org\/fr\/actualites\/forum-libe\/#primaryimage"},"thumbnailUrl":"https:\/\/www.one.org\/fr\/wp-content\/uploads\/sites\/4\/2022\/04\/featured-forum.png","datePublished":"2022-04-01T08:48:59+00:00","dateModified":"2024-04-23T12:33:59+00:00","author":{"@id":""},"description":"Retrouvez le r\u00e9sum\u00e9 de notre journ\u00e9e sp\u00e9ciale qui s'est tenue le 22 mars, en partenariat avec le journal Lib\u00e9ration.","breadcrumb":{"@id":"https:\/\/www.one.org\/fr\/actualites\/forum-libe\/#breadcrumb"},"inLanguage":"fr-FR","potentialAction":[{"@type":"ReadAction","target":["https:\/\/www.one.org\/fr\/actualites\/forum-libe\/"]}]},{"@type":"ImageObject","inLanguage":"fr-FR","@id":"https:\/\/www.one.org\/fr\/actualites\/forum-libe\/#primaryimage","url":"https:\/\/www.one.org\/fr\/wp-content\/uploads\/sites\/4\/2022\/04\/featured-forum.png","contentUrl":"https:\/\/www.one.org\/fr\/wp-content\/uploads\/sites\/4\/2022\/04\/featured-forum.png","width":1200,"height":1200},{"@type":"BreadcrumbList","@id":"https:\/\/www.one.org\/fr\/actualites\/forum-libe\/#breadcrumb","itemListElement":[{"@type":"ListItem","position":1,"name":"Home","item":"https:\/\/www.one.org\/fr\/"},{"@type":"ListItem","position":2,"name":"Forum Lib\u00e9 : Les annonces des candidat\u00b7e\u00b7s en faveur de la solidarit\u00e9 internationale"}]},{"@type":"WebSite","@id":"https:\/\/www.one.org\/fr\/#website","url":"https:\/\/www.one.org\/fr\/","name":"ONE.org","description":"Cr\u00e9er des opportunit\u00e9s \u00e9conomiques et am\u00e9liorer la sant\u00e9 en Afrique","potentialAction":[{"@type":"SearchAction","target":{"@type":"EntryPoint","urlTemplate":"https:\/\/www.one.org\/fr\/?s={search_term_string}"},"query-input":{"@type":"PropertyValueSpecification","valueRequired":true,"valueName":"search_term_string"}}],"inLanguage":"fr-FR"}]}},"distributor_meta":false,"distributor_terms":false,"distributor_media":false,"distributor_original_site_name":"ONE.org France","distributor_original_site_url":"https:\/\/www.one.org\/fr","push-errors":false,"_links":{"self":[{"href":"https:\/\/www.one.org\/fr\/wp-json\/wp\/v2\/posts\/162550","targetHints":{"allow":["GET"]}}],"collection":[{"href":"https:\/\/www.one.org\/fr\/wp-json\/wp\/v2\/posts"}],"about":[{"href":"https:\/\/www.one.org\/fr\/wp-json\/wp\/v2\/types\/post"}],"replies":[{"embeddable":true,"href":"https:\/\/www.one.org\/fr\/wp-json\/wp\/v2\/comments?post=162550"}],"version-history":[{"count":0,"href":"https:\/\/www.one.org\/fr\/wp-json\/wp\/v2\/posts\/162550\/revisions"}],"wp:featuredmedia":[{"embeddable":true,"href":"https:\/\/www.one.org\/fr\/wp-json\/wp\/v2\/media\/162969"}],"wp:attachment":[{"href":"https:\/\/www.one.org\/fr\/wp-json\/wp\/v2\/media?parent=162550"}],"wp:term":[{"taxonomy":"category","embeddable":true,"href":"https:\/\/www.one.org\/fr\/wp-json\/wp\/v2\/categories?post=162550"},{"taxonomy":"post_tag","embeddable":true,"href":"https:\/\/www.one.org\/fr\/wp-json\/wp\/v2\/tags?post=162550"},{"taxonomy":"topic","embeddable":true,"href":"https:\/\/www.one.org\/fr\/wp-json\/wp\/v2\/topic?post=162550"},{"taxonomy":"contributor","embeddable":true,"href":"https:\/\/www.one.org\/fr\/wp-json\/wp\/v2\/contributor?post=162550"},{"taxonomy":"one_content_audience","embeddable":true,"href":"https:\/\/www.one.org\/fr\/wp-json\/wp\/v2\/one_content_audience?post=162550"},{"taxonomy":"one_content_type","embeddable":true,"href":"https:\/\/www.one.org\/fr\/wp-json\/wp\/v2\/one_content_type?post=162550"},{"taxonomy":"one_content_tone","embeddable":true,"href":"https:\/\/www.one.org\/fr\/wp-json\/wp\/v2\/one_content_tone?post=162550"}],"curies":[{"name":"wp","href":"https:\/\/api.w.org\/{rel}","templated":true}]}}