{"id":162547,"date":"2022-03-23T10:56:30","date_gmt":"2022-03-23T10:56:30","guid":{"rendered":"https:\/\/www.one.org\/fr\/lafrique-va-payer-le-prix-fort-de-la-guerre-en-ukraine\/"},"modified":"2024-04-23T12:34:05","modified_gmt":"2024-04-23T12:34:05","slug":"lafrique-va-payer-le-prix-fort-de-la-guerre-en-ukraine","status":"publish","type":"post","link":"https:\/\/www.one.org\/fr\/actualites\/lafrique-va-payer-le-prix-fort-de-la-guerre-en-ukraine\/","title":{"rendered":"L\u2019Afrique va payer le prix fort de la guerre en Ukraine"},"content":{"rendered":"<p><em>Cette tribune a &eacute;t&eacute; initialement publi&eacute;e par <a href=\"https:\/\/www.nouvelobs.com\/tribunes\/20220318.OBS55865\/najat-vallaud-belkacem-l-afrique-va-payer-le-prix-fort-de-la-guerre-en-ukraine.html#\">L&rsquo;Obs<\/a> le 18 mars 2022.<\/em><\/p>\n<p>Les cons&eacute;quences de la guerre de Vladimir Poutine en Ukraine font d&eacute;j&agrave; partie de notre quotidien. Si ce conflit a soud&eacute; notre continent dans son refus d&rsquo;une guerre d&rsquo;agression &agrave; ses fronti&egrave;res, il soumet &eacute;galement les pays europ&eacute;ens &agrave; des cons&eacute;quences dont nous commen&ccedil;ons &agrave; peine &agrave; mesurer l&rsquo;ampleur. La guerre a d&rsquo;ores et d&eacute;j&agrave; jet&eacute; sur les routes de l&rsquo;exil plus de 3&nbsp;millions de r&eacute;fugi&eacute;s. Pr&egrave;s de 8&nbsp;millions de personnes seront victimes directes de la crise humanitaire qui s&rsquo;annonce dans ce pays. L&rsquo;isolement &eacute;conomique de la Russie va d&eacute;stabiliser les march&eacute;s des mati&egrave;res premi&egrave;res, qui repr&eacute;sentent 60&nbsp;% de ses exportations. Le prix du carburant &agrave; la pompe atteint d&eacute;j&agrave; des records. La volatilit&eacute; des prix risque d&rsquo;accro&icirc;tre l&rsquo;inflation que nous subissons depuis 2021. L&rsquo;inqui&eacute;tude sur le pouvoir d&rsquo;achat est venue percuter l&rsquo;&eacute;lection pr&eacute;sidentielle. Les perspectives de croissance sont revues &agrave; la baisse.<\/p>\n<h2 class=\"article__content-heading\">Flamb&eacute;e des prix agricoles<\/h2>\n<p>Mais ces cons&eacute;quences, d&eacute;j&agrave; pr&eacute;occupantes, ne se limitent pas &agrave; l&rsquo;Europe. Ce serait une grave erreur de faire preuve de myopie face au conflit, de ne regarder l&rsquo;avenir qu&rsquo;&agrave; nos pieds ou sur le court terme. D&eacute;j&agrave; fragilis&eacute;s depuis deux ans par la pand&eacute;mie dont ils ne sont toujours pas relev&eacute;s, et par les retards et les rat&eacute;s de la campagne mondiale de vaccination, les pays les plus vuln&eacute;rables, au premier rang desquels ceux d&rsquo;Afrique, vont en effet payer le prix fort de la guerre en Ukraine.<\/p>\n<p>Ils se trouvent aujourd&rsquo;hui expos&eacute;s &agrave; un risque majeur de crise alimentaire, car la guerre fait rage au sein du grenier &agrave; bl&eacute; du monde. La Russie et l&rsquo;Ukraine fournissent &agrave; eux seuls un tiers du bl&eacute; et 24&nbsp;% de l&rsquo;orge au niveau mondial. La Russie d&eacute;tient plus de terres agricoles que l&rsquo;ensemble des pays d&rsquo;Europe r&eacute;unis et l&rsquo;Ukraine dispose des terres arables les plus importantes d&rsquo;Europe. Or les zones agricoles frapp&eacute;es par la guerre vont non seulement conna&icirc;tre une chute de leur production, mais la fermeture des ports de Marioupol et d&rsquo;Odessa et l&rsquo;isolement de la Russie vont &eacute;galement stopper brutalement les exportations.<\/p>\n<h2 class=\"article__content-heading\">Risque de famine<\/h2>\n<p>Des ruptures d&rsquo;approvisionnement et des p&eacute;nuries sont &agrave; craindre. Et comme si cela ne suffisait pas, le rench&eacute;rissement du co&ucirc;t des engrais agricoles, qui ont pour ingr&eacute;dient la potasse dont la Russie est le troisi&egrave;me exportateur mondial, va r&eacute;duire le rendement des productions domestiques. Autre effet en cascade sur le co&ucirc;t de l&rsquo;alimentation&nbsp;: en raison de la fin des exportations d&rsquo;huile de tournesol en provenance d&rsquo;Ukraine, qui assurait 46&nbsp;% de la production mondiale, le co&ucirc;t de l&rsquo;huile de palme flambe, alors qu&rsquo;il s&rsquo;agit d&rsquo;un ingr&eacute;dient de base pour l&rsquo;alimentation en Afrique de l&rsquo;Ouest.<\/p>\n<p>La guerre en Ukraine va amplifier les risques de famine, qui menace pourtant d&eacute;j&agrave; 44&nbsp;millions de personnes &agrave; travers le monde. Elle va aussi affaiblir les capacit&eacute;s de r&eacute;ponse du Programme alimentaire mondial, dont la moiti&eacute; du bl&eacute; qu&rsquo;il distribue en r&eacute;ponse aux crises humanitaires provient d&rsquo;Ukraine. Le risque d&rsquo;&eacute;meutes de la faim ou de r&eacute;voltes face &agrave; l&rsquo;explosion du co&ucirc;t de la vie, qui sont de puissants facteurs de d&eacute;stabilisation politique au sein des pays fragiles, est aujourd&rsquo;hui bel et bien devant nous.<\/p>\n<p>On peut de m&ecirc;me craindre une nouvelle aggravation de la crise de la dette au sein de pays africains d&eacute;j&agrave; surendett&eacute;s, comme on l&rsquo;a d&eacute;j&agrave; constat&eacute; durant l&rsquo;&eacute;pid&eacute;mie de Covid. L&rsquo;inflation va en effet r&eacute;duire leurs revenus et leurs marges de man&oelig;uvre, et l&rsquo;aversion au risque des march&eacute;s financiers en p&eacute;riode de crise risque d&rsquo;augmenter les co&ucirc;ts d&rsquo;emprunt, au d&eacute;triment de l&rsquo;essor de pays &eacute;mergents ou en d&eacute;veloppement.<\/p>\n<p>Face &agrave; cette situation, le risque d&rsquo;une baisse des d&eacute;penses d&rsquo;aide publique au d&eacute;veloppement en direction des pays d&rsquo;Afrique est paradoxalement bien r&eacute;el. D&rsquo;abord, parce que certains pays donateurs europ&eacute;ens vont avoir tendance &agrave; se replier sur leurs propres difficult&eacute;s. Ensuite, parce que l&rsquo;Ukraine, qui a re&ccedil;u 1,1&nbsp;milliard de dollars de soutien en&nbsp;2019, va l&eacute;gitimement avoir besoin d&rsquo;importants investissements pour sa reconstruction. Enfin, parce que la prise en compte des d&eacute;penses d&rsquo;accueil des r&eacute;fugi&eacute;s sur leur propre territoire parmi les d&eacute;penses d&rsquo;aide au d&eacute;veloppement risque de fragiliser l&rsquo;effort r&eacute;el des donateurs en direction des pays les plus pauvres, comme on l&rsquo;a d&eacute;j&agrave; constat&eacute; en&nbsp;2015-2016 lors de l&rsquo;arriv&eacute;e de r&eacute;fugi&eacute;s syriens.<\/p>\n<h2 class=\"article__content-heading\">Soutien aux pays pauvres<\/h2>\n<p>Il est donc urgent de prendre conscience de la gravit&eacute; de la crise dans laquelle Vladimir Poutine a plong&eacute; non seulement l&rsquo;Europe, mais &eacute;galement de nombreuses populations vuln&eacute;rables &agrave; travers le monde. Nous ne pouvons pas rester sans r&eacute;agir face au d&eacute;veloppement de crises alimentaires, aux risques d&rsquo;instabilit&eacute; politique, voire &agrave; la r&eacute;surgence de la pand&eacute;mie de Covid-19, au sein de pays fragiles laiss&eacute;s seuls pour faire face aux cons&eacute;quences &eacute;conomiques et sociales de ce conflit lointain. Les pays de l&rsquo;Union europ&eacute;enne, du G7 et du G20 doivent prendre des mesures contre toutes les cons&eacute;quences de la guerre en Ukraine, en limitant les embargos sur les exportations alimentaires, en allouant le plus rapidement possible la totalit&eacute; de leurs droits de tirage sp&eacute;ciaux du FMI au soutien de l&rsquo;&eacute;conomie des pays &agrave; revenu faible ou interm&eacute;diaire, et en s&rsquo;engageant &agrave; augmenter les niveaux d&rsquo;aide publique au d&eacute;veloppement pr&eacute;alablement &eacute;tablis pour d&eacute;gager des ressources additionnelles pour faire face &agrave; cette crise.<\/p>\n<p>Nous devons aussi, comme nous l&rsquo;avons fait au d&eacute;but de la pand&eacute;mie Covid-19, cr&eacute;er un m&eacute;canisme international de solidarit&eacute; pour lutter contre l&rsquo;ins&eacute;curit&eacute; alimentaire et les famines engendr&eacute;es par cette crise, un m&eacute;canisme qui permette de lutter contre l&rsquo;augmentation des prix et qui pr&eacute;voie le partage de nos stocks alimentaires exc&eacute;dentaires avec ceux qui en ont le plus besoin.<\/p>\n<p>Sans un nouvel &eacute;lan de solidarit&eacute; &agrave; l&rsquo;&eacute;gard des pays d&rsquo;Afrique, l&rsquo;influence europ&eacute;enne ne manquera pas de reculer dans une r&eacute;gion du monde qui s&rsquo;est r&eacute;cemment sentie laiss&eacute;e pour compte de la campagne vaccinale mondiale contre la pand&eacute;mie. Gardons en m&eacute;moire que la moiti&eacute; des pays qui se sont abstenus de condamner la Russie &agrave; l&rsquo;Assembl&eacute;e g&eacute;n&eacute;rale de l&rsquo;ONU &eacute;taient africains.<\/p>\n<div class=\"article-page__body-content sirius-style\">\n<p>Quand la faim devient un enjeu g&eacute;opolitique, c&rsquo;est &agrave; l&rsquo;aune de leurs d&eacute;cisions pour pr&eacute;venir les difficult&eacute;s futures, et non &agrave; leur seule capacit&eacute; de r&eacute;action face aux &eacute;v&egrave;nements pass&eacute;s, que l&rsquo;on mesure si nos dirigeants ont acquis la stature d&rsquo;hommes d&rsquo;Etat.<\/p>\n<\/div>\n<div class=\"buffer\"><\/div>","protected":false},"excerpt":{"rendered":"<p>Cette tribune a &eacute;t&eacute; initialement publi&eacute;e par L&rsquo;Obs le 18 mars 2022. Les cons&eacute;quences de la guerre de Vladimir Poutine en Ukraine font d&eacute;j&agrave; partie de notre quotidien. Si ce conflit a soud&eacute; notre continent dans son refus d&rsquo;une guerre d&rsquo;agression &agrave; ses fronti&egrave;res, il soumet &eacute;galement les pays europ&eacute;ens &agrave; des cons&eacute;quences dont nous [&hellip;]<\/p>\n","protected":false},"author":0,"featured_media":162975,"comment_status":"open","ping_status":"open","sticky":false,"template":"","format":"standard","meta":{"_acf_changed":false,"_relevanssi_hide_post":"","_relevanssi_hide_content":"","_relevanssi_pin_for_all":"","_relevanssi_pin_keywords":"","_relevanssi_unpin_keywords":"","_relevanssi_related_keywords":"","_relevanssi_related_include_ids":"","_relevanssi_related_exclude_ids":"","_relevanssi_related_no_append":"","_relevanssi_related_not_related":"","_relevanssi_related_posts":"","_relevanssi_noindex_reason":"","footnotes":""},"categories":[82],"tags":[],"topic":[],"contributor":[33],"one_content_audience":[],"one_content_type":[],"one_content_tone":[],"class_list":["post-162547","post","type-post","status-publish","format-standard","has-post-thumbnail","hentry","category-opinion","contributor-one-france"],"acf":[],"yoast_head":"<!-- This site is optimized with the Yoast SEO Premium plugin v27.1 (Yoast SEO v27.1.1) - https:\/\/yoast.com\/product\/yoast-seo-premium-wordpress\/ -->\n<title>L\u2019Afrique va payer le prix fort de la guerre en Ukraine - ONE.org France<\/title>\n<meta name=\"description\" content=\"Najat Vallaud-Belkacem alerte sur la famine qui s\u2019annonce sur le continent africain du fait de l\u2019interruption des approvisionnements en c\u00e9r\u00e9ales venant d\u2019Ukraine et de Russie.\" \/>\n<meta name=\"robots\" content=\"index, follow, max-snippet:-1, max-image-preview:large, max-video-preview:-1\" \/>\n<link rel=\"canonical\" href=\"https:\/\/www.one.org\/fr\/actualites\/lafrique-va-payer-le-prix-fort-de-la-guerre-en-ukraine\/\" \/>\n<meta property=\"og:locale\" content=\"fr_FR\" \/>\n<meta property=\"og:type\" content=\"article\" \/>\n<meta property=\"og:title\" content=\"L\u2019Afrique va payer le prix fort de la guerre en Ukraine\" \/>\n<meta property=\"og:description\" content=\"Najat Vallaud-Belkacem alerte sur la famine qui s\u2019annonce sur le continent africain du fait de l\u2019interruption des approvisionnements en c\u00e9r\u00e9ales venant d\u2019Ukraine et de Russie.\" \/>\n<meta property=\"og:url\" content=\"https:\/\/www.one.org\/fr\/actualites\/lafrique-va-payer-le-prix-fort-de-la-guerre-en-ukraine\/\" \/>\n<meta property=\"og:site_name\" content=\"ONE.org France\" \/>\n<meta property=\"article:publisher\" content=\"https:\/\/www.facebook.com\/ONE.Fr\" \/>\n<meta property=\"article:published_time\" content=\"2022-03-23T10:56:30+00:00\" \/>\n<meta property=\"article:modified_time\" content=\"2024-04-23T12:34:05+00:00\" \/>\n<meta property=\"og:image\" content=\"https:\/\/www.one.org\/fr\/wp-content\/uploads\/sites\/4\/2022\/03\/1200x1200_Sorting-beans_14121835-scaled-1.jpeg\" \/>\n\t<meta property=\"og:image:width\" content=\"2560\" \/>\n\t<meta property=\"og:image:height\" content=\"2560\" \/>\n\t<meta property=\"og:image:type\" content=\"image\/jpeg\" \/>\n<meta name=\"twitter:card\" content=\"summary_large_image\" \/>\n<meta name=\"twitter:creator\" content=\"@one_fr\" \/>\n<meta name=\"twitter:site\" content=\"@one_fr\" \/>\n<meta name=\"twitter:label1\" content=\"Est. reading time\" \/>\n\t<meta name=\"twitter:data1\" content=\"7 minutes\" \/>\n<script type=\"application\/ld+json\" class=\"yoast-schema-graph\">{\"@context\":\"https:\/\/schema.org\",\"@graph\":[{\"@type\":\"Article\",\"@id\":\"https:\/\/www.one.org\/fr\/actualites\/lafrique-va-payer-le-prix-fort-de-la-guerre-en-ukraine\/#article\",\"isPartOf\":{\"@id\":\"https:\/\/www.one.org\/fr\/actualites\/lafrique-va-payer-le-prix-fort-de-la-guerre-en-ukraine\/\"},\"author\":{\"name\":\"\",\"@id\":\"\"},\"headline\":\"L\u2019Afrique va payer le prix fort de la guerre en Ukraine\",\"datePublished\":\"2022-03-23T10:56:30+00:00\",\"dateModified\":\"2024-04-23T12:34:05+00:00\",\"mainEntityOfPage\":{\"@id\":\"https:\/\/www.one.org\/fr\/actualites\/lafrique-va-payer-le-prix-fort-de-la-guerre-en-ukraine\/\"},\"wordCount\":1490,\"commentCount\":0,\"image\":{\"@id\":\"https:\/\/www.one.org\/fr\/actualites\/lafrique-va-payer-le-prix-fort-de-la-guerre-en-ukraine\/#primaryimage\"},\"thumbnailUrl\":\"https:\/\/www.one.org\/fr\/wp-content\/uploads\/sites\/4\/2022\/03\/1200x1200_Sorting-beans_14121835-scaled-1.jpeg\",\"articleSection\":[\"Opinion\"],\"inLanguage\":\"fr-FR\",\"potentialAction\":[{\"@type\":\"CommentAction\",\"name\":\"Comment\",\"target\":[\"https:\/\/www.one.org\/fr\/actualites\/lafrique-va-payer-le-prix-fort-de-la-guerre-en-ukraine\/#respond\"]}]},{\"@type\":\"WebPage\",\"@id\":\"https:\/\/www.one.org\/fr\/actualites\/lafrique-va-payer-le-prix-fort-de-la-guerre-en-ukraine\/\",\"url\":\"https:\/\/www.one.org\/fr\/actualites\/lafrique-va-payer-le-prix-fort-de-la-guerre-en-ukraine\/\",\"name\":\"L\u2019Afrique va payer le prix fort de la guerre en Ukraine - ONE.org France\",\"isPartOf\":{\"@id\":\"https:\/\/www.one.org\/fr\/#website\"},\"primaryImageOfPage\":{\"@id\":\"https:\/\/www.one.org\/fr\/actualites\/lafrique-va-payer-le-prix-fort-de-la-guerre-en-ukraine\/#primaryimage\"},\"image\":{\"@id\":\"https:\/\/www.one.org\/fr\/actualites\/lafrique-va-payer-le-prix-fort-de-la-guerre-en-ukraine\/#primaryimage\"},\"thumbnailUrl\":\"https:\/\/www.one.org\/fr\/wp-content\/uploads\/sites\/4\/2022\/03\/1200x1200_Sorting-beans_14121835-scaled-1.jpeg\",\"datePublished\":\"2022-03-23T10:56:30+00:00\",\"dateModified\":\"2024-04-23T12:34:05+00:00\",\"author\":{\"@id\":\"\"},\"description\":\"Najat Vallaud-Belkacem alerte sur la famine qui s\u2019annonce sur le continent africain du fait de l\u2019interruption des approvisionnements en c\u00e9r\u00e9ales venant d\u2019Ukraine et de Russie.\",\"breadcrumb\":{\"@id\":\"https:\/\/www.one.org\/fr\/actualites\/lafrique-va-payer-le-prix-fort-de-la-guerre-en-ukraine\/#breadcrumb\"},\"inLanguage\":\"fr-FR\",\"potentialAction\":[{\"@type\":\"ReadAction\",\"target\":[\"https:\/\/www.one.org\/fr\/actualites\/lafrique-va-payer-le-prix-fort-de-la-guerre-en-ukraine\/\"]}]},{\"@type\":\"ImageObject\",\"inLanguage\":\"fr-FR\",\"@id\":\"https:\/\/www.one.org\/fr\/actualites\/lafrique-va-payer-le-prix-fort-de-la-guerre-en-ukraine\/#primaryimage\",\"url\":\"https:\/\/www.one.org\/fr\/wp-content\/uploads\/sites\/4\/2022\/03\/1200x1200_Sorting-beans_14121835-scaled-1.jpeg\",\"contentUrl\":\"https:\/\/www.one.org\/fr\/wp-content\/uploads\/sites\/4\/2022\/03\/1200x1200_Sorting-beans_14121835-scaled-1.jpeg\",\"width\":2560,\"height\":2560},{\"@type\":\"BreadcrumbList\",\"@id\":\"https:\/\/www.one.org\/fr\/actualites\/lafrique-va-payer-le-prix-fort-de-la-guerre-en-ukraine\/#breadcrumb\",\"itemListElement\":[{\"@type\":\"ListItem\",\"position\":1,\"name\":\"Home\",\"item\":\"https:\/\/www.one.org\/fr\/\"},{\"@type\":\"ListItem\",\"position\":2,\"name\":\"L\u2019Afrique va payer le prix fort de la guerre en Ukraine\"}]},{\"@type\":\"WebSite\",\"@id\":\"https:\/\/www.one.org\/fr\/#website\",\"url\":\"https:\/\/www.one.org\/fr\/\",\"name\":\"ONE.org\",\"description\":\"Cr\u00e9er des opportunit\u00e9s \u00e9conomiques et am\u00e9liorer la sant\u00e9 en Afrique\",\"potentialAction\":[{\"@type\":\"SearchAction\",\"target\":{\"@type\":\"EntryPoint\",\"urlTemplate\":\"https:\/\/www.one.org\/fr\/?s={search_term_string}\"},\"query-input\":{\"@type\":\"PropertyValueSpecification\",\"valueRequired\":true,\"valueName\":\"search_term_string\"}}],\"inLanguage\":\"fr-FR\"}]}<\/script>\n<!-- \/ Yoast SEO Premium plugin. -->","yoast_head_json":{"title":"L\u2019Afrique va payer le prix fort de la guerre en Ukraine - ONE.org France","description":"Najat Vallaud-Belkacem alerte sur la famine qui s\u2019annonce sur le continent africain du fait de l\u2019interruption des approvisionnements en c\u00e9r\u00e9ales venant d\u2019Ukraine et de Russie.","robots":{"index":"index","follow":"follow","max-snippet":"max-snippet:-1","max-image-preview":"max-image-preview:large","max-video-preview":"max-video-preview:-1"},"canonical":"https:\/\/www.one.org\/fr\/actualites\/lafrique-va-payer-le-prix-fort-de-la-guerre-en-ukraine\/","og_locale":"fr_FR","og_type":"article","og_title":"L\u2019Afrique va payer le prix fort de la guerre en Ukraine","og_description":"Najat Vallaud-Belkacem alerte sur la famine qui s\u2019annonce sur le continent africain du fait de l\u2019interruption des approvisionnements en c\u00e9r\u00e9ales venant d\u2019Ukraine et de Russie.","og_url":"https:\/\/www.one.org\/fr\/actualites\/lafrique-va-payer-le-prix-fort-de-la-guerre-en-ukraine\/","og_site_name":"ONE.org France","article_publisher":"https:\/\/www.facebook.com\/ONE.Fr","article_published_time":"2022-03-23T10:56:30+00:00","article_modified_time":"2024-04-23T12:34:05+00:00","og_image":[{"width":2560,"height":2560,"url":"https:\/\/www.one.org\/fr\/wp-content\/uploads\/sites\/4\/2022\/03\/1200x1200_Sorting-beans_14121835-scaled-1.jpeg","type":"image\/jpeg"}],"twitter_card":"summary_large_image","twitter_creator":"@one_fr","twitter_site":"@one_fr","twitter_misc":{"Est. reading time":"7 minutes"},"schema":{"@context":"https:\/\/schema.org","@graph":[{"@type":"Article","@id":"https:\/\/www.one.org\/fr\/actualites\/lafrique-va-payer-le-prix-fort-de-la-guerre-en-ukraine\/#article","isPartOf":{"@id":"https:\/\/www.one.org\/fr\/actualites\/lafrique-va-payer-le-prix-fort-de-la-guerre-en-ukraine\/"},"author":{"name":"","@id":""},"headline":"L\u2019Afrique va payer le prix fort de la guerre en Ukraine","datePublished":"2022-03-23T10:56:30+00:00","dateModified":"2024-04-23T12:34:05+00:00","mainEntityOfPage":{"@id":"https:\/\/www.one.org\/fr\/actualites\/lafrique-va-payer-le-prix-fort-de-la-guerre-en-ukraine\/"},"wordCount":1490,"commentCount":0,"image":{"@id":"https:\/\/www.one.org\/fr\/actualites\/lafrique-va-payer-le-prix-fort-de-la-guerre-en-ukraine\/#primaryimage"},"thumbnailUrl":"https:\/\/www.one.org\/fr\/wp-content\/uploads\/sites\/4\/2022\/03\/1200x1200_Sorting-beans_14121835-scaled-1.jpeg","articleSection":["Opinion"],"inLanguage":"fr-FR","potentialAction":[{"@type":"CommentAction","name":"Comment","target":["https:\/\/www.one.org\/fr\/actualites\/lafrique-va-payer-le-prix-fort-de-la-guerre-en-ukraine\/#respond"]}]},{"@type":"WebPage","@id":"https:\/\/www.one.org\/fr\/actualites\/lafrique-va-payer-le-prix-fort-de-la-guerre-en-ukraine\/","url":"https:\/\/www.one.org\/fr\/actualites\/lafrique-va-payer-le-prix-fort-de-la-guerre-en-ukraine\/","name":"L\u2019Afrique va payer le prix fort de la guerre en Ukraine - ONE.org France","isPartOf":{"@id":"https:\/\/www.one.org\/fr\/#website"},"primaryImageOfPage":{"@id":"https:\/\/www.one.org\/fr\/actualites\/lafrique-va-payer-le-prix-fort-de-la-guerre-en-ukraine\/#primaryimage"},"image":{"@id":"https:\/\/www.one.org\/fr\/actualites\/lafrique-va-payer-le-prix-fort-de-la-guerre-en-ukraine\/#primaryimage"},"thumbnailUrl":"https:\/\/www.one.org\/fr\/wp-content\/uploads\/sites\/4\/2022\/03\/1200x1200_Sorting-beans_14121835-scaled-1.jpeg","datePublished":"2022-03-23T10:56:30+00:00","dateModified":"2024-04-23T12:34:05+00:00","author":{"@id":""},"description":"Najat Vallaud-Belkacem alerte sur la famine qui s\u2019annonce sur le continent africain du fait de l\u2019interruption des approvisionnements en c\u00e9r\u00e9ales venant d\u2019Ukraine et de Russie.","breadcrumb":{"@id":"https:\/\/www.one.org\/fr\/actualites\/lafrique-va-payer-le-prix-fort-de-la-guerre-en-ukraine\/#breadcrumb"},"inLanguage":"fr-FR","potentialAction":[{"@type":"ReadAction","target":["https:\/\/www.one.org\/fr\/actualites\/lafrique-va-payer-le-prix-fort-de-la-guerre-en-ukraine\/"]}]},{"@type":"ImageObject","inLanguage":"fr-FR","@id":"https:\/\/www.one.org\/fr\/actualites\/lafrique-va-payer-le-prix-fort-de-la-guerre-en-ukraine\/#primaryimage","url":"https:\/\/www.one.org\/fr\/wp-content\/uploads\/sites\/4\/2022\/03\/1200x1200_Sorting-beans_14121835-scaled-1.jpeg","contentUrl":"https:\/\/www.one.org\/fr\/wp-content\/uploads\/sites\/4\/2022\/03\/1200x1200_Sorting-beans_14121835-scaled-1.jpeg","width":2560,"height":2560},{"@type":"BreadcrumbList","@id":"https:\/\/www.one.org\/fr\/actualites\/lafrique-va-payer-le-prix-fort-de-la-guerre-en-ukraine\/#breadcrumb","itemListElement":[{"@type":"ListItem","position":1,"name":"Home","item":"https:\/\/www.one.org\/fr\/"},{"@type":"ListItem","position":2,"name":"L\u2019Afrique va payer le prix fort de la guerre en Ukraine"}]},{"@type":"WebSite","@id":"https:\/\/www.one.org\/fr\/#website","url":"https:\/\/www.one.org\/fr\/","name":"ONE.org","description":"Cr\u00e9er des opportunit\u00e9s \u00e9conomiques et am\u00e9liorer la sant\u00e9 en Afrique","potentialAction":[{"@type":"SearchAction","target":{"@type":"EntryPoint","urlTemplate":"https:\/\/www.one.org\/fr\/?s={search_term_string}"},"query-input":{"@type":"PropertyValueSpecification","valueRequired":true,"valueName":"search_term_string"}}],"inLanguage":"fr-FR"}]}},"distributor_meta":false,"distributor_terms":false,"distributor_media":false,"distributor_original_site_name":"ONE.org France","distributor_original_site_url":"https:\/\/www.one.org\/fr","push-errors":false,"_links":{"self":[{"href":"https:\/\/www.one.org\/fr\/wp-json\/wp\/v2\/posts\/162547","targetHints":{"allow":["GET"]}}],"collection":[{"href":"https:\/\/www.one.org\/fr\/wp-json\/wp\/v2\/posts"}],"about":[{"href":"https:\/\/www.one.org\/fr\/wp-json\/wp\/v2\/types\/post"}],"replies":[{"embeddable":true,"href":"https:\/\/www.one.org\/fr\/wp-json\/wp\/v2\/comments?post=162547"}],"version-history":[{"count":0,"href":"https:\/\/www.one.org\/fr\/wp-json\/wp\/v2\/posts\/162547\/revisions"}],"wp:featuredmedia":[{"embeddable":true,"href":"https:\/\/www.one.org\/fr\/wp-json\/wp\/v2\/media\/162975"}],"wp:attachment":[{"href":"https:\/\/www.one.org\/fr\/wp-json\/wp\/v2\/media?parent=162547"}],"wp:term":[{"taxonomy":"category","embeddable":true,"href":"https:\/\/www.one.org\/fr\/wp-json\/wp\/v2\/categories?post=162547"},{"taxonomy":"post_tag","embeddable":true,"href":"https:\/\/www.one.org\/fr\/wp-json\/wp\/v2\/tags?post=162547"},{"taxonomy":"topic","embeddable":true,"href":"https:\/\/www.one.org\/fr\/wp-json\/wp\/v2\/topic?post=162547"},{"taxonomy":"contributor","embeddable":true,"href":"https:\/\/www.one.org\/fr\/wp-json\/wp\/v2\/contributor?post=162547"},{"taxonomy":"one_content_audience","embeddable":true,"href":"https:\/\/www.one.org\/fr\/wp-json\/wp\/v2\/one_content_audience?post=162547"},{"taxonomy":"one_content_type","embeddable":true,"href":"https:\/\/www.one.org\/fr\/wp-json\/wp\/v2\/one_content_type?post=162547"},{"taxonomy":"one_content_tone","embeddable":true,"href":"https:\/\/www.one.org\/fr\/wp-json\/wp\/v2\/one_content_tone?post=162547"}],"curies":[{"name":"wp","href":"https:\/\/api.w.org\/{rel}","templated":true}]}}