{"id":162545,"date":"2022-03-18T09:13:54","date_gmt":"2022-03-18T09:13:54","guid":{"rendered":"https:\/\/www.one.org\/fr\/jeunesse-qui-espere-recherche-candidat-solidaire\/"},"modified":"2024-04-23T12:34:08","modified_gmt":"2024-04-23T12:34:08","slug":"jeunesse-qui-espere-recherche-candidat-solidaire","status":"publish","type":"post","link":"https:\/\/www.one.org\/fr\/actualites\/jeunesse-qui-espere-recherche-candidat-solidaire\/","title":{"rendered":"Jeunesse qui esp\u00e8re recherche candidat solidaire"},"content":{"rendered":"<p><em>Tribune r&eacute;dig&eacute;e par les jeunes Ambassadeurs et Ambassadrices de ONE en France et publi&eacute;e par <a href=\"https:\/\/www.liberation.fr\/forums\/jeunesse-qui-espere-recherche-candidat-solidaire-20220317_W7AS5JKRMRHIHGBU75EHMCGYLE\/\">Lib&eacute;ration <\/a>le 17 mars 2022<\/em><\/p>\n<div>\n<p class=\"article_link\">Ch&egrave;re candidate, cher candidat,<\/p>\n<p class=\"article_link\">Nous, jeunes fran&ccedil;aises et fran&ccedil;ais, vous appelons &agrave; enfin vous prononcer sur votre vision du r&ocirc;le de la France sur la sc&egrave;ne de la solidarit&eacute; internationale. En ce temps d&rsquo;incertitudes, de violences, de crises sanitaires, &eacute;conomiques, &eacute;cologiques et sociales&thinsp;; l&rsquo;exigence de l&rsquo;entraide et de la solidarit&eacute; est imp&eacute;rative. Les crises sont mondiales et d&eacute;passent nos fronti&egrave;res. La solidarit&eacute; internationale doit &ecirc;tre une r&eacute;ponse aux enjeux g&eacute;opolitiques. Ne laissons plus personne de c&ocirc;t&eacute;.<\/p>\n<p>On l&rsquo;a dit d&eacute;sint&eacute;ress&eacute;e et abstentionniste, la jeunesse fran&ccedil;aise, au contraire, a une pleine conscience des enjeux de son si&egrave;cle et sait avec acuit&eacute; que son avenir se joue maintenant. L&rsquo;engagement de notre g&eacute;n&eacute;ration ne se limite pas aux urnes&thinsp;: appels sur les r&eacute;seaux sociaux, grandes manifestations pour des causes mondiales, boycotts, engagements citoyens&hellip; La jeunesse se mobilise bel et bien et elle le fait pour un monde et un futur plus juste, o&ugrave; chacun peut vivre une vie digne et pleine d&rsquo;opportunit&eacute;s. Si les candidat&middot;e&middot;s &agrave; l&rsquo;&eacute;lection pr&eacute;sidentielle attendent notre vote, alors ils devront traduire nos aspirations dans leurs programmes. Nous avons une voix, saurez-vous l&rsquo;&eacute;couter&thinsp;?<\/p>\n<h3 class=\"heading__StyledHeading-sc-5jxglz-0 hUIKEL\">Persistance du manque de solidarit&eacute; mondiale<\/h3>\n<p class=\"article_link\">Le monde est de plus en plus in&eacute;galitaire et pour la premi&egrave;re fois depuis les ann&eacute;es 90, l&rsquo;extr&ecirc;me pauvret&eacute; augmente. L&rsquo;Afrique, qui concentre plus de 60% des individus &laquo;extr&ecirc;mement pauvres&raquo;, se pr&eacute;sente comme le continent le plus vuln&eacute;rable &eacute;conomiquement et socialement. A la pauvret&eacute; s&rsquo;ajoute la crise sanitaire. Si le Covid-19 frappe le monde entier sans distinction, la r&eacute;ponse &agrave; la pand&eacute;mie est, elle, bien in&eacute;gale et li&eacute;e &agrave; la richesse des pays. Ces in&eacute;galit&eacute;s augmentent une fois de plus le ch&ocirc;mage, la pauvret&eacute; et la criminalit&eacute; de ces pays fragiles, tout en diminuant l&rsquo;acc&egrave;s &agrave; l&rsquo;&eacute;ducation. L&rsquo;arriv&eacute;e des vaccins a continu&eacute; d&rsquo;exacerber les in&eacute;galit&eacute;s mondiales : seule 18% de la population africaine est vaccin&eacute;e. La pand&eacute;mie d&eacute;montre la persistance du manque de solidarit&eacute; mondiale face &agrave; la triple peine sociale, &eacute;conomique et sanitaire que vit l&rsquo;Afrique.<\/p>\n<p>Les crises doivent interroger notre fonctionnement et nos actions. Nous, jeunes fran&ccedil;aises et fran&ccedil;ais, sommes convaincus qu&rsquo;&oelig;uvrer pour un monde meilleur l&agrave;-bas, c&rsquo;est construire un monde meilleur ici. Les cinq prochaines ann&eacute;es doivent &eacute;tablir un monde plus juste et &eacute;galitaire o&ugrave; l&rsquo;extr&ecirc;me pauvret&eacute; et les maladies &eacute;vitables sont en voie de dispara&icirc;tre.<\/p>\n<p class=\"article_link\">Nous demandons aux candidat&middot;e&middot;s en priorit&eacute;&thinsp;: d&rsquo;abord de mettre fin &agrave; la pand&eacute;mie partout sur la plan&egrave;te, puis de soutenir la relance des pays africains et d&rsquo;agir d&rsquo;&eacute;gal &agrave; &eacute;gal en tant que v&eacute;ritable partenaire du continent africain.<\/p>\n<p class=\"article_link\">Candidate, candidat, il n&rsquo;est plus possible de penser le futur de notre pays sans se soucier de ce qu&rsquo;il se passe dans le reste du monde. Il est de votre responsabilit&eacute; d&rsquo;agir. Il ne s&rsquo;agit pas de charit&eacute;, mais de justice.<\/p>\n<\/div>\n<div class=\"buffer\"><\/div>","protected":false},"excerpt":{"rendered":"<p>Tribune r&eacute;dig&eacute;e par les jeunes Ambassadeurs et Ambassadrices de ONE en France et publi&eacute;e par Lib&eacute;ration le 17 mars 2022 Ch&egrave;re candidate, cher candidat, Nous, jeunes fran&ccedil;aises et fran&ccedil;ais, vous appelons &agrave; enfin vous prononcer sur votre vision du r&ocirc;le de la France sur la sc&egrave;ne de la solidarit&eacute; internationale. En ce temps d&rsquo;incertitudes, de [&hellip;]<\/p>\n","protected":false},"author":0,"featured_media":162979,"comment_status":"open","ping_status":"open","sticky":false,"template":"","format":"standard","meta":{"_acf_changed":false,"_relevanssi_hide_post":"","_relevanssi_hide_content":"","_relevanssi_pin_for_all":"","_relevanssi_pin_keywords":"","_relevanssi_unpin_keywords":"","_relevanssi_related_keywords":"","_relevanssi_related_include_ids":"","_relevanssi_related_exclude_ids":"","_relevanssi_related_no_append":"","_relevanssi_related_not_related":"","_relevanssi_related_posts":"","_relevanssi_noindex_reason":"","footnotes":""},"categories":[76],"tags":[],"topic":[48,47],"contributor":[49],"one_content_audience":[],"one_content_type":[],"one_content_tone":[],"class_list":["post-162545","post","type-post","status-publish","format-standard","has-post-thumbnail","hentry","category-campagnes","topic-jeunes-ambassadeurrices-de-one","topic-que-font-nos-membres","contributor-jeunes-ambassadeur-rice-s-de-one"],"acf":[],"yoast_head":"<!-- This site is optimized with the Yoast SEO Premium plugin v27.1 (Yoast SEO v27.1.1) - https:\/\/yoast.com\/product\/yoast-seo-premium-wordpress\/ -->\n<title>Jeunesse qui esp\u00e8re recherche candidat solidaire - ONE.org France<\/title>\n<meta name=\"description\" content=\"75 jeunes engag\u00e9s dans lutte contre l\u2019extr\u00eame pauvret\u00e9 prennent la plume pour interpeller les candidats \u00e0 la pr\u00e9sidentielle.\" \/>\n<meta name=\"robots\" content=\"index, follow, max-snippet:-1, max-image-preview:large, max-video-preview:-1\" \/>\n<link rel=\"canonical\" href=\"https:\/\/www.one.org\/fr\/actualites\/jeunesse-qui-espere-recherche-candidat-solidaire\/\" \/>\n<meta property=\"og:locale\" content=\"fr_FR\" \/>\n<meta property=\"og:type\" content=\"article\" \/>\n<meta property=\"og:title\" content=\"Jeunesse qui esp\u00e8re recherche candidat solidaire\" \/>\n<meta property=\"og:description\" content=\"75 jeunes engag\u00e9s dans lutte contre l\u2019extr\u00eame pauvret\u00e9 prennent la plume pour interpeller les candidats \u00e0 la pr\u00e9sidentielle.\" \/>\n<meta property=\"og:url\" content=\"https:\/\/www.one.org\/fr\/actualites\/jeunesse-qui-espere-recherche-candidat-solidaire\/\" \/>\n<meta property=\"og:site_name\" content=\"ONE.org France\" \/>\n<meta property=\"article:publisher\" content=\"https:\/\/www.facebook.com\/ONE.Fr\" \/>\n<meta property=\"article:published_time\" content=\"2022-03-18T09:13:54+00:00\" \/>\n<meta property=\"article:modified_time\" content=\"2024-04-23T12:34:08+00:00\" \/>\n<meta property=\"og:image\" content=\"https:\/\/www.one.org\/fr\/wp-content\/uploads\/sites\/4\/2022\/03\/Youth-Ambassadors-2022-France-2.jpg\" \/>\n\t<meta property=\"og:image:width\" content=\"945\" \/>\n\t<meta property=\"og:image:height\" content=\"756\" \/>\n\t<meta property=\"og:image:type\" content=\"image\/jpeg\" \/>\n<meta name=\"twitter:card\" content=\"summary_large_image\" \/>\n<meta name=\"twitter:creator\" content=\"@one_fr\" \/>\n<meta name=\"twitter:site\" content=\"@one_fr\" \/>\n<meta name=\"twitter:label1\" content=\"Est. reading time\" \/>\n\t<meta name=\"twitter:data1\" content=\"3 minutes\" \/>\n<script type=\"application\/ld+json\" class=\"yoast-schema-graph\">{\"@context\":\"https:\/\/schema.org\",\"@graph\":[{\"@type\":\"Article\",\"@id\":\"https:\/\/www.one.org\/fr\/actualites\/jeunesse-qui-espere-recherche-candidat-solidaire\/#article\",\"isPartOf\":{\"@id\":\"https:\/\/www.one.org\/fr\/actualites\/jeunesse-qui-espere-recherche-candidat-solidaire\/\"},\"author\":{\"name\":\"\",\"@id\":\"\"},\"headline\":\"Jeunesse qui esp\u00e8re recherche candidat solidaire\",\"datePublished\":\"2022-03-18T09:13:54+00:00\",\"dateModified\":\"2024-04-23T12:34:08+00:00\",\"mainEntityOfPage\":{\"@id\":\"https:\/\/www.one.org\/fr\/actualites\/jeunesse-qui-espere-recherche-candidat-solidaire\/\"},\"wordCount\":687,\"commentCount\":0,\"image\":{\"@id\":\"https:\/\/www.one.org\/fr\/actualites\/jeunesse-qui-espere-recherche-candidat-solidaire\/#primaryimage\"},\"thumbnailUrl\":\"https:\/\/www.one.org\/fr\/wp-content\/uploads\/sites\/4\/2022\/03\/Youth-Ambassadors-2022-France-2.jpg\",\"articleSection\":[\"Campagnes\"],\"inLanguage\":\"fr-FR\",\"potentialAction\":[{\"@type\":\"CommentAction\",\"name\":\"Comment\",\"target\":[\"https:\/\/www.one.org\/fr\/actualites\/jeunesse-qui-espere-recherche-candidat-solidaire\/#respond\"]}]},{\"@type\":\"WebPage\",\"@id\":\"https:\/\/www.one.org\/fr\/actualites\/jeunesse-qui-espere-recherche-candidat-solidaire\/\",\"url\":\"https:\/\/www.one.org\/fr\/actualites\/jeunesse-qui-espere-recherche-candidat-solidaire\/\",\"name\":\"Jeunesse qui esp\u00e8re recherche candidat solidaire - ONE.org France\",\"isPartOf\":{\"@id\":\"https:\/\/www.one.org\/fr\/#website\"},\"primaryImageOfPage\":{\"@id\":\"https:\/\/www.one.org\/fr\/actualites\/jeunesse-qui-espere-recherche-candidat-solidaire\/#primaryimage\"},\"image\":{\"@id\":\"https:\/\/www.one.org\/fr\/actualites\/jeunesse-qui-espere-recherche-candidat-solidaire\/#primaryimage\"},\"thumbnailUrl\":\"https:\/\/www.one.org\/fr\/wp-content\/uploads\/sites\/4\/2022\/03\/Youth-Ambassadors-2022-France-2.jpg\",\"datePublished\":\"2022-03-18T09:13:54+00:00\",\"dateModified\":\"2024-04-23T12:34:08+00:00\",\"author\":{\"@id\":\"\"},\"description\":\"75 jeunes engag\u00e9s dans lutte contre l\u2019extr\u00eame pauvret\u00e9 prennent la plume pour interpeller les candidats \u00e0 la pr\u00e9sidentielle.\",\"breadcrumb\":{\"@id\":\"https:\/\/www.one.org\/fr\/actualites\/jeunesse-qui-espere-recherche-candidat-solidaire\/#breadcrumb\"},\"inLanguage\":\"fr-FR\",\"potentialAction\":[{\"@type\":\"ReadAction\",\"target\":[\"https:\/\/www.one.org\/fr\/actualites\/jeunesse-qui-espere-recherche-candidat-solidaire\/\"]}]},{\"@type\":\"ImageObject\",\"inLanguage\":\"fr-FR\",\"@id\":\"https:\/\/www.one.org\/fr\/actualites\/jeunesse-qui-espere-recherche-candidat-solidaire\/#primaryimage\",\"url\":\"https:\/\/www.one.org\/fr\/wp-content\/uploads\/sites\/4\/2022\/03\/Youth-Ambassadors-2022-France-2.jpg\",\"contentUrl\":\"https:\/\/www.one.org\/fr\/wp-content\/uploads\/sites\/4\/2022\/03\/Youth-Ambassadors-2022-France-2.jpg\",\"width\":945,\"height\":756},{\"@type\":\"BreadcrumbList\",\"@id\":\"https:\/\/www.one.org\/fr\/actualites\/jeunesse-qui-espere-recherche-candidat-solidaire\/#breadcrumb\",\"itemListElement\":[{\"@type\":\"ListItem\",\"position\":1,\"name\":\"Home\",\"item\":\"https:\/\/www.one.org\/fr\/\"},{\"@type\":\"ListItem\",\"position\":2,\"name\":\"Jeunesse qui esp\u00e8re recherche candidat solidaire\"}]},{\"@type\":\"WebSite\",\"@id\":\"https:\/\/www.one.org\/fr\/#website\",\"url\":\"https:\/\/www.one.org\/fr\/\",\"name\":\"ONE.org\",\"description\":\"Cr\u00e9er des opportunit\u00e9s \u00e9conomiques et am\u00e9liorer la sant\u00e9 en Afrique\",\"potentialAction\":[{\"@type\":\"SearchAction\",\"target\":{\"@type\":\"EntryPoint\",\"urlTemplate\":\"https:\/\/www.one.org\/fr\/?s={search_term_string}\"},\"query-input\":{\"@type\":\"PropertyValueSpecification\",\"valueRequired\":true,\"valueName\":\"search_term_string\"}}],\"inLanguage\":\"fr-FR\"}]}<\/script>\n<!-- \/ Yoast SEO Premium plugin. -->","yoast_head_json":{"title":"Jeunesse qui esp\u00e8re recherche candidat solidaire - ONE.org France","description":"75 jeunes engag\u00e9s dans lutte contre l\u2019extr\u00eame pauvret\u00e9 prennent la plume pour interpeller les candidats \u00e0 la pr\u00e9sidentielle.","robots":{"index":"index","follow":"follow","max-snippet":"max-snippet:-1","max-image-preview":"max-image-preview:large","max-video-preview":"max-video-preview:-1"},"canonical":"https:\/\/www.one.org\/fr\/actualites\/jeunesse-qui-espere-recherche-candidat-solidaire\/","og_locale":"fr_FR","og_type":"article","og_title":"Jeunesse qui esp\u00e8re recherche candidat solidaire","og_description":"75 jeunes engag\u00e9s dans lutte contre l\u2019extr\u00eame pauvret\u00e9 prennent la plume pour interpeller les candidats \u00e0 la pr\u00e9sidentielle.","og_url":"https:\/\/www.one.org\/fr\/actualites\/jeunesse-qui-espere-recherche-candidat-solidaire\/","og_site_name":"ONE.org France","article_publisher":"https:\/\/www.facebook.com\/ONE.Fr","article_published_time":"2022-03-18T09:13:54+00:00","article_modified_time":"2024-04-23T12:34:08+00:00","og_image":[{"width":945,"height":756,"url":"https:\/\/www.one.org\/fr\/wp-content\/uploads\/sites\/4\/2022\/03\/Youth-Ambassadors-2022-France-2.jpg","type":"image\/jpeg"}],"twitter_card":"summary_large_image","twitter_creator":"@one_fr","twitter_site":"@one_fr","twitter_misc":{"Est. reading time":"3 minutes"},"schema":{"@context":"https:\/\/schema.org","@graph":[{"@type":"Article","@id":"https:\/\/www.one.org\/fr\/actualites\/jeunesse-qui-espere-recherche-candidat-solidaire\/#article","isPartOf":{"@id":"https:\/\/www.one.org\/fr\/actualites\/jeunesse-qui-espere-recherche-candidat-solidaire\/"},"author":{"name":"","@id":""},"headline":"Jeunesse qui esp\u00e8re recherche candidat solidaire","datePublished":"2022-03-18T09:13:54+00:00","dateModified":"2024-04-23T12:34:08+00:00","mainEntityOfPage":{"@id":"https:\/\/www.one.org\/fr\/actualites\/jeunesse-qui-espere-recherche-candidat-solidaire\/"},"wordCount":687,"commentCount":0,"image":{"@id":"https:\/\/www.one.org\/fr\/actualites\/jeunesse-qui-espere-recherche-candidat-solidaire\/#primaryimage"},"thumbnailUrl":"https:\/\/www.one.org\/fr\/wp-content\/uploads\/sites\/4\/2022\/03\/Youth-Ambassadors-2022-France-2.jpg","articleSection":["Campagnes"],"inLanguage":"fr-FR","potentialAction":[{"@type":"CommentAction","name":"Comment","target":["https:\/\/www.one.org\/fr\/actualites\/jeunesse-qui-espere-recherche-candidat-solidaire\/#respond"]}]},{"@type":"WebPage","@id":"https:\/\/www.one.org\/fr\/actualites\/jeunesse-qui-espere-recherche-candidat-solidaire\/","url":"https:\/\/www.one.org\/fr\/actualites\/jeunesse-qui-espere-recherche-candidat-solidaire\/","name":"Jeunesse qui esp\u00e8re recherche candidat solidaire - ONE.org France","isPartOf":{"@id":"https:\/\/www.one.org\/fr\/#website"},"primaryImageOfPage":{"@id":"https:\/\/www.one.org\/fr\/actualites\/jeunesse-qui-espere-recherche-candidat-solidaire\/#primaryimage"},"image":{"@id":"https:\/\/www.one.org\/fr\/actualites\/jeunesse-qui-espere-recherche-candidat-solidaire\/#primaryimage"},"thumbnailUrl":"https:\/\/www.one.org\/fr\/wp-content\/uploads\/sites\/4\/2022\/03\/Youth-Ambassadors-2022-France-2.jpg","datePublished":"2022-03-18T09:13:54+00:00","dateModified":"2024-04-23T12:34:08+00:00","author":{"@id":""},"description":"75 jeunes engag\u00e9s dans lutte contre l\u2019extr\u00eame pauvret\u00e9 prennent la plume pour interpeller les candidats \u00e0 la pr\u00e9sidentielle.","breadcrumb":{"@id":"https:\/\/www.one.org\/fr\/actualites\/jeunesse-qui-espere-recherche-candidat-solidaire\/#breadcrumb"},"inLanguage":"fr-FR","potentialAction":[{"@type":"ReadAction","target":["https:\/\/www.one.org\/fr\/actualites\/jeunesse-qui-espere-recherche-candidat-solidaire\/"]}]},{"@type":"ImageObject","inLanguage":"fr-FR","@id":"https:\/\/www.one.org\/fr\/actualites\/jeunesse-qui-espere-recherche-candidat-solidaire\/#primaryimage","url":"https:\/\/www.one.org\/fr\/wp-content\/uploads\/sites\/4\/2022\/03\/Youth-Ambassadors-2022-France-2.jpg","contentUrl":"https:\/\/www.one.org\/fr\/wp-content\/uploads\/sites\/4\/2022\/03\/Youth-Ambassadors-2022-France-2.jpg","width":945,"height":756},{"@type":"BreadcrumbList","@id":"https:\/\/www.one.org\/fr\/actualites\/jeunesse-qui-espere-recherche-candidat-solidaire\/#breadcrumb","itemListElement":[{"@type":"ListItem","position":1,"name":"Home","item":"https:\/\/www.one.org\/fr\/"},{"@type":"ListItem","position":2,"name":"Jeunesse qui esp\u00e8re recherche candidat solidaire"}]},{"@type":"WebSite","@id":"https:\/\/www.one.org\/fr\/#website","url":"https:\/\/www.one.org\/fr\/","name":"ONE.org","description":"Cr\u00e9er des opportunit\u00e9s \u00e9conomiques et am\u00e9liorer la sant\u00e9 en Afrique","potentialAction":[{"@type":"SearchAction","target":{"@type":"EntryPoint","urlTemplate":"https:\/\/www.one.org\/fr\/?s={search_term_string}"},"query-input":{"@type":"PropertyValueSpecification","valueRequired":true,"valueName":"search_term_string"}}],"inLanguage":"fr-FR"}]}},"distributor_meta":false,"distributor_terms":false,"distributor_media":false,"distributor_original_site_name":"ONE.org France","distributor_original_site_url":"https:\/\/www.one.org\/fr","push-errors":false,"_links":{"self":[{"href":"https:\/\/www.one.org\/fr\/wp-json\/wp\/v2\/posts\/162545","targetHints":{"allow":["GET"]}}],"collection":[{"href":"https:\/\/www.one.org\/fr\/wp-json\/wp\/v2\/posts"}],"about":[{"href":"https:\/\/www.one.org\/fr\/wp-json\/wp\/v2\/types\/post"}],"replies":[{"embeddable":true,"href":"https:\/\/www.one.org\/fr\/wp-json\/wp\/v2\/comments?post=162545"}],"version-history":[{"count":0,"href":"https:\/\/www.one.org\/fr\/wp-json\/wp\/v2\/posts\/162545\/revisions"}],"wp:featuredmedia":[{"embeddable":true,"href":"https:\/\/www.one.org\/fr\/wp-json\/wp\/v2\/media\/162979"}],"wp:attachment":[{"href":"https:\/\/www.one.org\/fr\/wp-json\/wp\/v2\/media?parent=162545"}],"wp:term":[{"taxonomy":"category","embeddable":true,"href":"https:\/\/www.one.org\/fr\/wp-json\/wp\/v2\/categories?post=162545"},{"taxonomy":"post_tag","embeddable":true,"href":"https:\/\/www.one.org\/fr\/wp-json\/wp\/v2\/tags?post=162545"},{"taxonomy":"topic","embeddable":true,"href":"https:\/\/www.one.org\/fr\/wp-json\/wp\/v2\/topic?post=162545"},{"taxonomy":"contributor","embeddable":true,"href":"https:\/\/www.one.org\/fr\/wp-json\/wp\/v2\/contributor?post=162545"},{"taxonomy":"one_content_audience","embeddable":true,"href":"https:\/\/www.one.org\/fr\/wp-json\/wp\/v2\/one_content_audience?post=162545"},{"taxonomy":"one_content_type","embeddable":true,"href":"https:\/\/www.one.org\/fr\/wp-json\/wp\/v2\/one_content_type?post=162545"},{"taxonomy":"one_content_tone","embeddable":true,"href":"https:\/\/www.one.org\/fr\/wp-json\/wp\/v2\/one_content_tone?post=162545"}],"curies":[{"name":"wp","href":"https:\/\/api.w.org\/{rel}","templated":true}]}}