{"id":162541,"date":"2022-03-09T16:44:57","date_gmt":"2022-03-09T16:44:57","guid":{"rendered":"https:\/\/www.one.org\/fr\/monde-solidaire-lextreme-urgence-les-candidats-repondent\/"},"modified":"2024-04-23T12:34:12","modified_gmt":"2024-04-23T12:34:12","slug":"monde-solidaire-lextreme-urgence-les-candidats-repondent","status":"publish","type":"post","link":"https:\/\/www.one.org\/fr\/actualites\/monde-solidaire-lextreme-urgence-les-candidats-repondent\/","title":{"rendered":"Monde solidaire : l\u2019extr\u00eame urgence ? Les candidats r\u00e9pondent"},"content":{"rendered":"<p><em>Cet article a &eacute;t&eacute; initialement publi&eacute; par <a href=\"https:\/\/www.liberation.fr\/plus\/monde-solidaire-lextreme-urgence-les-candidats-repondent-20220305_YHGRSL35MFA77CAQLDGFMOMHHE\/?redirected=1\">Lib&eacute;ration<\/a> le 5 mars 2022<\/em><\/p>\n<p>Le 22 mars, Lib&eacute;ration et l&rsquo;ONG ONE organisent une journ&eacute;e sp&eacute;ciale pour interpeller les candidats &agrave; la pr&eacute;sidentielle sur le retour de l&rsquo;extr&ecirc;me pauvret&eacute; partout sur la plan&egrave;te et ses cons&eacute;quences. Au programme&#8239;: r&eacute;chauffement climatique, poids de la dette, s&eacute;curit&eacute; alimentaire&hellip; Rendez-vous au th&eacute;&acirc;tre du Rond-Point d&egrave;s 9 heures.<\/p>\n<p>Partout, l&rsquo;extr&ecirc;me pauvret&eacute; revient, aggrav&eacute;e par la pand&eacute;mie. Tandis que la fortune des 10 milliardaires les plus riches de la plan&egrave;te a doubl&eacute; durant la crise sanitaire selon Oxfam, environ 10% de la population mondiale vit avec moins de 1,90 dollar par jour. Au d&eacute;but de la pand&eacute;mie, la Banque mondiale estimait que 150 millions de personnes suppl&eacute;mentaires pourraient passer sous le seuil de pauvret&eacute;, une augmentation de pr&egrave;s de 20 % !<\/p>\n<p>Afin de d&eacute;crypter et r&eacute;fl&eacute;chir &agrave; la nouvelle donne internationale,<em>&nbsp;Lib&eacute;ration,&nbsp;<\/em>en partenariat avec l&rsquo;ONG ONE,&nbsp;<a href=\"https:\/\/www.liberation.fr\/dossier\/monde-solidaire-l-extreme-urgence\/\" target=\"_blank\" rel=\"noopener\">lance une journ&eacute;e sp&eacute;ciale<\/a>&nbsp;pour interpeller les principaux candidats &agrave; l&rsquo;&eacute;lection pr&eacute;sidentielle ou leur porte-parole, si le sujet ne fait pas office de priorit&eacute;. Les uns apr&egrave;s les autres, les pr&eacute;tendants pour la course &agrave; l&rsquo;Elys&eacute;e r&eacute;pondent aux questions de la r&eacute;daction et de l&rsquo;association.<\/p>\n<p>Comment continuer de lutter contre la pand&eacute;mie partout sur la plan&egrave;te&thinsp;? Comment anticiper les crises mondiales, &agrave; commencer par le changement climatique qui nous fragilise collectivement et p&egrave;se sur les pays les plus pauvres&thinsp;? Quelles solutions nous reste-t-il &agrave; imaginer pour assurer une r&eacute;elle s&eacute;curit&eacute; mondiale (sanitaire, alimentaire, migratoire&hellip;) et mettre fin aux in&eacute;galit&eacute;s et aux dysfonctionnements qui nous en emp&ecirc;chent aujourd&rsquo;hui (lutte contre l&rsquo;&eacute;vasion fiscale, poids de la dette des pays pauvres, gouvernance mondiale plus juste)&thinsp;? Ces face-&agrave;-face seront entrecoup&eacute;s d&rsquo;expert&middot;e&middot;s et d&rsquo;intellectuel&middot;le&middot;s qui viendront d&eacute;crypter les d&eacute;fis qui nous attendent.<\/p>\n<h2>Programme :<\/h2>\n<p><span data-sheets-value=\"{&quot;1&quot;:2,&quot;2&quot;:&quot;9h15-9h30 : Mot d'ouverturen&#10145;&#65039; @najatvb, Directrice de ONE Francen&#10145;&#65039; @ASchwartzbrod, Directrice adjointe de la r&eacute;daction chez @libe n&#10145;&#65039; @ribes_jm, Directeur du Th&eacute;&acirc;tre du @RondPointParis&quot;}\" data-sheets-userformat='{\"2\":1049505,\"3\":{\"1\":0},\"8\":{\"1\":[{\"1\":2,\"2\":0,\"5\":{\"1\":2,\"2\":0}},{\"1\":0,\"2\":0,\"3\":3},{\"1\":1,\"2\":0,\"4\":1}]},\"10\":1,\"11\":4,\"12\":0,\"23\":1}'><strong>9h15-9h30 : Mot d&rsquo;ouverture<\/strong>, avec Najat Vallaud-Belkacem, directrice France de l&rsquo;ONG ONE, Alexandra Schwartzbrod, Directrice adjointe de la r&eacute;daction chez Lib&eacute;ration et Jean-Michel Ribes, Directeur du Th&eacute;&acirc;tre du Rond-Point.<\/span><\/p>\n<p><span data-sheets-value='{\"1\":2,\"2\":\"9h30-10h30 : La France solidaire face aux d&eacute;sordes du monde ?rnrn&#10145;&#65039; @BadieBertrand, Professeur &eacute;m&eacute;rite &agrave; @sciencespo rn&#10145;&#65039; @najatvb, Directrice de ONE Francern&#10145;&#65039; @BertrandBadre, Fondateur du fonds @BlaOSustainCap\"}' data-sheets-userformat='{\"2\":1049505,\"3\":{\"1\":0},\"8\":{\"1\":[{\"1\":2,\"2\":0,\"5\":{\"1\":2,\"2\":0}},{\"1\":0,\"2\":0,\"3\":3},{\"1\":1,\"2\":0,\"4\":1}]},\"10\":1,\"11\":4,\"12\":0,\"23\":1}'><strong>9h30-10h30<\/strong> : <strong>&laquo; Face aux d&eacute;sordres du monde : la France solidaire ? &raquo;<\/strong>, avec Najat Vallaud-Belkacem, directrice France de l&rsquo;ONG ONE, Bertrand BADIE, professeur &eacute;m&eacute;rite des universit&eacute;s &agrave; Sciences Po et Bertrand Badr&eacute;, fondateur du fonds d&rsquo;investissement Blue like an Orange Sustainable Capital.<\/span><\/p>\n<p><strong>10h30-11h10 <\/strong>: Grand oral, avec <strong>Anne Hidalgo<\/strong>, candidate du Parti Socialiste, ou son\/sa porte-parole.<\/p>\n<p><span data-sheets-value=\"{&quot;1&quot;:2,&quot;2&quot;:&quot;11h10-11h50 : Grand oralnn&#10145;&#65039; @yjadot, candidat d'@EELV, ou son\/sa porte-parole.&quot;}\" data-sheets-userformat='{\"2\":1049505,\"3\":{\"1\":0},\"8\":{\"1\":[{\"1\":2,\"2\":0,\"5\":{\"1\":2,\"2\":0}},{\"1\":0,\"2\":0,\"3\":3},{\"1\":1,\"2\":0,\"4\":1}]},\"10\":1,\"11\":4,\"12\":0,\"23\":1}'><strong>11h10-11h50<\/strong> : Grand oral, avec <strong>Yannick Jadot<\/strong>, candidat d&rsquo;Europe Ecologie Les Verts, ou son\/sa porte-parole.<\/span><\/p>\n<p><span data-sheets-value='{\"1\":2,\"2\":\"11h50-12h30 : Grand oralnn&#10145;&#65039; @JLMelenchon, candidat de la @FranceInsoumise, ou son\/sa porte-parole.\"}' data-sheets-userformat='{\"2\":1049505,\"3\":{\"1\":0},\"8\":{\"1\":[{\"1\":2,\"2\":0,\"5\":{\"1\":2,\"2\":0}},{\"1\":0,\"2\":0,\"3\":3},{\"1\":1,\"2\":0,\"4\":1}]},\"10\":1,\"11\":4,\"12\":0,\"23\":1}'><strong>11h50-12h30<\/strong> : Grand oral, avec <strong>Jean-Luc M&eacute;lenchon<\/strong>, candidat de la France Insoumise, ou son\/sa porte-parole.<\/span><\/p>\n<p><em>12h30-13h30 : Pause d&eacute;jeuner<\/em><\/p>\n<p><span data-sheets-value=\"{&quot;1&quot;:2,&quot;2&quot;:&quot;13h30-14h10 : Grand oralnn&#10145;&#65039; @EmmanuelMacron, candidat d'@enmarchefr, ou son\/sa porte-parole.&quot;}\" data-sheets-userformat='{\"2\":1049505,\"3\":{\"1\":0},\"8\":{\"1\":[{\"1\":2,\"2\":0,\"5\":{\"1\":2,\"2\":0}},{\"1\":0,\"2\":0,\"3\":3},{\"1\":1,\"2\":0,\"4\":1}]},\"10\":1,\"11\":4,\"12\":0,\"23\":1}'><strong>13h30-14h10<\/strong> : Grand oral, avec <strong>Emmanuel Macron<\/strong>, candidat de La R&eacute;publique en Marche, ou son\/sa porte-parole.<\/span><\/p>\n<p><span data-sheets-value='{\"1\":2,\"2\":\"14h10-14h55 : Ni hasard, ni fatalit&eacute; : aux sources des in&eacute;galit&eacute;s mondiales.nn&#10145;&#65039; @CaroleCoupez, Administratrice de @coordinationsud n&#10145;&#65039; Fran&ccedil;ois @Gemenne, Professeur en g&eacute;opolitique &agrave; @SciencePoULBn&#10145;&#65039; @scgva2011, Conseiller sp&eacute;cial au @South_Centre\"}' data-sheets-userformat='{\"2\":1049505,\"3\":{\"1\":0},\"8\":{\"1\":[{\"1\":2,\"2\":0,\"5\":{\"1\":2,\"2\":0}},{\"1\":0,\"2\":0,\"3\":3},{\"1\":1,\"2\":0,\"4\":1}]},\"10\":1,\"11\":4,\"12\":0,\"23\":1}'><strong>14h10-14h55<\/strong> : <strong>&laquo; Ni hasard, ni fatalit&eacute; :&nbsp;aux sources des in&eacute;galit&eacute;s mondiales &raquo;<\/strong>, avec Carole Coupez, administratrice de Coordination Sud, German Velasquez, conseiller sp&eacute;cial au South Centre et Fran&ccedil;ois Gemenne, professeur en g&eacute;opolitique de l&rsquo;environnement &agrave; Sciences Po et &agrave; l&rsquo;Universit&eacute; libre de Bruxelles.<\/span><\/p>\n<p><span data-sheets-value='{\"1\":2,\"2\":\"14h55-15h35 : Grand oralnn&#10145;&#65039; @Fabien_Roussel, candidat du @PCF, ou son\/sa porte-parole.\"}' data-sheets-userformat='{\"2\":1049505,\"3\":{\"1\":0},\"8\":{\"1\":[{\"1\":2,\"2\":0,\"5\":{\"1\":2,\"2\":0}},{\"1\":0,\"2\":0,\"3\":3},{\"1\":1,\"2\":0,\"4\":1}]},\"10\":1,\"11\":4,\"12\":0,\"23\":1}'><strong>14h55-15h35<\/strong> : Grand oral, avec <strong>Fabien Roussel<\/strong>, candidat du Parti Communiste, ou son\/sa porte-parole.<\/span><\/p>\n<p><span data-sheets-value='{\"1\":2,\"2\":\"15h35-16h15 : Grand oralnn&#10145;&#65039; @vpecresse, candidate @lesRepublicains, ou son\/sa porte-parole.\"}' data-sheets-userformat='{\"2\":1049505,\"3\":{\"1\":0},\"8\":{\"1\":[{\"1\":2,\"2\":0,\"5\":{\"1\":2,\"2\":0}},{\"1\":0,\"2\":0,\"3\":3},{\"1\":1,\"2\":0,\"4\":1}]},\"10\":1,\"11\":4,\"12\":0,\"23\":1}'><strong>15h35-16h15<\/strong> : Grand oral, avec <strong>Val&eacute;rie Pecresse<\/strong>, candidate Les R&eacute;publicains, ou son\/sa porte-parole.<\/span><\/p>\n<p><span data-sheets-value=\"{&quot;1&quot;:2,&quot;2&quot;:&quot;16h15-17h : R&eacute;parer et pr&eacute;parer : Place &agrave; l'action pour en finir avec l'extr&ecirc;me pauvret&eacute;.rnrn&#10145;&#65039; Elise Huillery, Professeure des universit&eacute;s &agrave; @Paris_Dauphine rn&#10145;&#65039; Jean-Pierre Olivier de Sardan, anthropologue&quot;}\" data-sheets-userformat='{\"2\":1049505,\"3\":{\"1\":0},\"8\":{\"1\":[{\"1\":2,\"2\":0,\"5\":{\"1\":2,\"2\":0}},{\"1\":0,\"2\":0,\"3\":3},{\"1\":1,\"2\":0,\"4\":1}]},\"10\":1,\"11\":4,\"12\":0,\"23\":1}'><strong>16h15-17h<\/strong> : <strong>&laquo; R&eacute;parer et pr&eacute;parer : place &agrave; l&rsquo;action pour en finir avec l&rsquo;extr&ecirc;me pauvret&eacute; &raquo;<\/strong>, avec Jean-Pierre Olivier de Sardan, anthropologue, et Elise Huillery, professeure des universit&eacute;s &agrave; Paris Dauphine &ndash; PSL<\/span>.<\/p>\n<p>Entr&eacute;e libre sur r&eacute;servation sur&nbsp;<a href=\"https:\/\/theatredurondpoint.fr\/spectacle\/forum-libe-\/\" target=\"_blank\" rel=\"noopener\">theatredurondpoint.fr<\/a> ou en direct sur la <a href=\"https:\/\/www.facebook.com\/ONE.Fr\">page Facebook de ONE<\/a>.<\/p>\n<p>Programme complet ci-dessous :<\/p>\n<p><img decoding=\"async\" loading=\"lazy\" class=\"aligncenter size-large wp-image-158291\" src=\"https:\/\/cdn.one.org\/fr\/wp-content\/uploads\/2022\/03\/18085754\/FORUM-ONE-Format-WEB_SUITE24-640x360.jpg\" alt=\"\" width=\"593\" height=\"334\"><\/p>\n<p><em>Vous retrouverez &eacute;galement plus d&rsquo;informations sur notre <a href=\"https:\/\/www.facebook.com\/events\/639487780671071\/\">&eacute;v&egrave;nement Facebook<\/a>.<\/em><\/p>\n<div class=\"buffer\"><\/div>","protected":false},"excerpt":{"rendered":"<p>Cet article a &eacute;t&eacute; initialement publi&eacute; par Lib&eacute;ration le 5 mars 2022 Le 22 mars, Lib&eacute;ration et l&rsquo;ONG ONE organisent une journ&eacute;e sp&eacute;ciale pour interpeller les candidats &agrave; la pr&eacute;sidentielle sur le retour de l&rsquo;extr&ecirc;me pauvret&eacute; partout sur la plan&egrave;te et ses cons&eacute;quences. Au programme&#8239;: r&eacute;chauffement climatique, poids de la dette, s&eacute;curit&eacute; alimentaire&hellip; Rendez-vous au [&hellip;]<\/p>\n","protected":false},"author":0,"featured_media":162985,"comment_status":"open","ping_status":"open","sticky":false,"template":"","format":"standard","meta":{"_acf_changed":false,"_relevanssi_hide_post":"","_relevanssi_hide_content":"","_relevanssi_pin_for_all":"","_relevanssi_pin_keywords":"","_relevanssi_unpin_keywords":"","_relevanssi_related_keywords":"","_relevanssi_related_include_ids":"","_relevanssi_related_exclude_ids":"","_relevanssi_related_no_append":"","_relevanssi_related_not_related":"","_relevanssi_related_posts":"","_relevanssi_noindex_reason":"","footnotes":""},"categories":[34],"tags":[],"topic":[41,87],"contributor":[33],"one_content_audience":[],"one_content_type":[],"one_content_tone":[],"class_list":["post-162541","post","type-post","status-publish","format-standard","has-post-thumbnail","hentry","category-one","topic-aide-au-developpement","topic-election-presidentielle-aide-au-developpement","contributor-one-france"],"acf":[],"yoast_head":"<!-- This site is optimized with the Yoast SEO Premium plugin v27.1 (Yoast SEO v27.1.1) - https:\/\/yoast.com\/product\/yoast-seo-premium-wordpress\/ -->\n<title>Monde solidaire : l\u2019extr\u00eame urgence ? Les candidats r\u00e9pondent - ONE.org France<\/title>\n<meta name=\"description\" content=\"Le 22 mars, Lib\u00e9ration et l\u2019ONG ONE organisent une journ\u00e9e sp\u00e9ciale pour interpeller les candidats \u00e0 la pr\u00e9sidentielle sur le retour de l\u2019extr\u00eame pauvret\u00e9 partout sur la plan\u00e8te et ses cons\u00e9quences.\" \/>\n<meta name=\"robots\" content=\"index, follow, max-snippet:-1, max-image-preview:large, max-video-preview:-1\" \/>\n<link rel=\"canonical\" href=\"https:\/\/www.one.org\/fr\/actualites\/monde-solidaire-lextreme-urgence-les-candidats-repondent\/\" \/>\n<meta property=\"og:locale\" content=\"fr_FR\" \/>\n<meta property=\"og:type\" content=\"article\" \/>\n<meta property=\"og:title\" content=\"Monde solidaire : l\u2019extr\u00eame urgence ? Les candidats r\u00e9pondent\" \/>\n<meta property=\"og:description\" content=\"Le 22 mars, Lib\u00e9ration et l\u2019ONG ONE organisent une journ\u00e9e sp\u00e9ciale pour interpeller les candidats \u00e0 la pr\u00e9sidentielle sur le retour de l\u2019extr\u00eame pauvret\u00e9 partout sur la plan\u00e8te et ses cons\u00e9quences.\" \/>\n<meta property=\"og:url\" content=\"https:\/\/www.one.org\/fr\/actualites\/monde-solidaire-lextreme-urgence-les-candidats-repondent\/\" \/>\n<meta property=\"og:site_name\" content=\"ONE.org France\" \/>\n<meta property=\"article:publisher\" content=\"https:\/\/www.facebook.com\/ONE.Fr\" \/>\n<meta property=\"article:published_time\" content=\"2022-03-09T16:44:57+00:00\" \/>\n<meta property=\"article:modified_time\" content=\"2024-04-23T12:34:12+00:00\" \/>\n<meta property=\"og:image\" content=\"https:\/\/www.one.org\/fr\/wp-content\/uploads\/sites\/4\/2022\/03\/Libe-featured.png\" \/>\n\t<meta property=\"og:image:width\" content=\"1200\" \/>\n\t<meta property=\"og:image:height\" content=\"1200\" \/>\n\t<meta property=\"og:image:type\" content=\"image\/png\" \/>\n<meta name=\"twitter:card\" content=\"summary_large_image\" \/>\n<meta name=\"twitter:creator\" content=\"@one_fr\" \/>\n<meta name=\"twitter:site\" content=\"@one_fr\" \/>\n<meta name=\"twitter:label1\" content=\"Est. reading time\" \/>\n\t<meta name=\"twitter:data1\" content=\"4 minutes\" \/>\n<script type=\"application\/ld+json\" class=\"yoast-schema-graph\">{\"@context\":\"https:\/\/schema.org\",\"@graph\":[{\"@type\":\"Article\",\"@id\":\"https:\/\/www.one.org\/fr\/actualites\/monde-solidaire-lextreme-urgence-les-candidats-repondent\/#article\",\"isPartOf\":{\"@id\":\"https:\/\/www.one.org\/fr\/actualites\/monde-solidaire-lextreme-urgence-les-candidats-repondent\/\"},\"author\":{\"name\":\"\",\"@id\":\"\"},\"headline\":\"Monde solidaire : l\u2019extr\u00eame urgence ? Les candidats r\u00e9pondent\",\"datePublished\":\"2022-03-09T16:44:57+00:00\",\"dateModified\":\"2024-04-23T12:34:12+00:00\",\"mainEntityOfPage\":{\"@id\":\"https:\/\/www.one.org\/fr\/actualites\/monde-solidaire-lextreme-urgence-les-candidats-repondent\/\"},\"wordCount\":787,\"commentCount\":0,\"image\":{\"@id\":\"https:\/\/www.one.org\/fr\/actualites\/monde-solidaire-lextreme-urgence-les-candidats-repondent\/#primaryimage\"},\"thumbnailUrl\":\"https:\/\/www.one.org\/fr\/wp-content\/uploads\/sites\/4\/2022\/03\/Libe-featured.png\",\"articleSection\":[\"ONE\"],\"inLanguage\":\"fr-FR\",\"potentialAction\":[{\"@type\":\"CommentAction\",\"name\":\"Comment\",\"target\":[\"https:\/\/www.one.org\/fr\/actualites\/monde-solidaire-lextreme-urgence-les-candidats-repondent\/#respond\"]}]},{\"@type\":\"WebPage\",\"@id\":\"https:\/\/www.one.org\/fr\/actualites\/monde-solidaire-lextreme-urgence-les-candidats-repondent\/\",\"url\":\"https:\/\/www.one.org\/fr\/actualites\/monde-solidaire-lextreme-urgence-les-candidats-repondent\/\",\"name\":\"Monde solidaire : l\u2019extr\u00eame urgence ? Les candidats r\u00e9pondent - ONE.org France\",\"isPartOf\":{\"@id\":\"https:\/\/www.one.org\/fr\/#website\"},\"primaryImageOfPage\":{\"@id\":\"https:\/\/www.one.org\/fr\/actualites\/monde-solidaire-lextreme-urgence-les-candidats-repondent\/#primaryimage\"},\"image\":{\"@id\":\"https:\/\/www.one.org\/fr\/actualites\/monde-solidaire-lextreme-urgence-les-candidats-repondent\/#primaryimage\"},\"thumbnailUrl\":\"https:\/\/www.one.org\/fr\/wp-content\/uploads\/sites\/4\/2022\/03\/Libe-featured.png\",\"datePublished\":\"2022-03-09T16:44:57+00:00\",\"dateModified\":\"2024-04-23T12:34:12+00:00\",\"author\":{\"@id\":\"\"},\"description\":\"Le 22 mars, Lib\u00e9ration et l\u2019ONG ONE organisent une journ\u00e9e sp\u00e9ciale pour interpeller les candidats \u00e0 la pr\u00e9sidentielle sur le retour de l\u2019extr\u00eame pauvret\u00e9 partout sur la plan\u00e8te et ses cons\u00e9quences.\",\"breadcrumb\":{\"@id\":\"https:\/\/www.one.org\/fr\/actualites\/monde-solidaire-lextreme-urgence-les-candidats-repondent\/#breadcrumb\"},\"inLanguage\":\"fr-FR\",\"potentialAction\":[{\"@type\":\"ReadAction\",\"target\":[\"https:\/\/www.one.org\/fr\/actualites\/monde-solidaire-lextreme-urgence-les-candidats-repondent\/\"]}]},{\"@type\":\"ImageObject\",\"inLanguage\":\"fr-FR\",\"@id\":\"https:\/\/www.one.org\/fr\/actualites\/monde-solidaire-lextreme-urgence-les-candidats-repondent\/#primaryimage\",\"url\":\"https:\/\/www.one.org\/fr\/wp-content\/uploads\/sites\/4\/2022\/03\/Libe-featured.png\",\"contentUrl\":\"https:\/\/www.one.org\/fr\/wp-content\/uploads\/sites\/4\/2022\/03\/Libe-featured.png\",\"width\":1200,\"height\":1200},{\"@type\":\"BreadcrumbList\",\"@id\":\"https:\/\/www.one.org\/fr\/actualites\/monde-solidaire-lextreme-urgence-les-candidats-repondent\/#breadcrumb\",\"itemListElement\":[{\"@type\":\"ListItem\",\"position\":1,\"name\":\"Home\",\"item\":\"https:\/\/www.one.org\/fr\/\"},{\"@type\":\"ListItem\",\"position\":2,\"name\":\"Monde solidaire : l\u2019extr\u00eame urgence ? Les candidats r\u00e9pondent\"}]},{\"@type\":\"WebSite\",\"@id\":\"https:\/\/www.one.org\/fr\/#website\",\"url\":\"https:\/\/www.one.org\/fr\/\",\"name\":\"ONE.org\",\"description\":\"Cr\u00e9er des opportunit\u00e9s \u00e9conomiques et am\u00e9liorer la sant\u00e9 en Afrique\",\"potentialAction\":[{\"@type\":\"SearchAction\",\"target\":{\"@type\":\"EntryPoint\",\"urlTemplate\":\"https:\/\/www.one.org\/fr\/?s={search_term_string}\"},\"query-input\":{\"@type\":\"PropertyValueSpecification\",\"valueRequired\":true,\"valueName\":\"search_term_string\"}}],\"inLanguage\":\"fr-FR\"}]}<\/script>\n<!-- \/ Yoast SEO Premium plugin. -->","yoast_head_json":{"title":"Monde solidaire : l\u2019extr\u00eame urgence ? Les candidats r\u00e9pondent - ONE.org France","description":"Le 22 mars, Lib\u00e9ration et l\u2019ONG ONE organisent une journ\u00e9e sp\u00e9ciale pour interpeller les candidats \u00e0 la pr\u00e9sidentielle sur le retour de l\u2019extr\u00eame pauvret\u00e9 partout sur la plan\u00e8te et ses cons\u00e9quences.","robots":{"index":"index","follow":"follow","max-snippet":"max-snippet:-1","max-image-preview":"max-image-preview:large","max-video-preview":"max-video-preview:-1"},"canonical":"https:\/\/www.one.org\/fr\/actualites\/monde-solidaire-lextreme-urgence-les-candidats-repondent\/","og_locale":"fr_FR","og_type":"article","og_title":"Monde solidaire : l\u2019extr\u00eame urgence ? Les candidats r\u00e9pondent","og_description":"Le 22 mars, Lib\u00e9ration et l\u2019ONG ONE organisent une journ\u00e9e sp\u00e9ciale pour interpeller les candidats \u00e0 la pr\u00e9sidentielle sur le retour de l\u2019extr\u00eame pauvret\u00e9 partout sur la plan\u00e8te et ses cons\u00e9quences.","og_url":"https:\/\/www.one.org\/fr\/actualites\/monde-solidaire-lextreme-urgence-les-candidats-repondent\/","og_site_name":"ONE.org France","article_publisher":"https:\/\/www.facebook.com\/ONE.Fr","article_published_time":"2022-03-09T16:44:57+00:00","article_modified_time":"2024-04-23T12:34:12+00:00","og_image":[{"width":1200,"height":1200,"url":"https:\/\/www.one.org\/fr\/wp-content\/uploads\/sites\/4\/2022\/03\/Libe-featured.png","type":"image\/png"}],"twitter_card":"summary_large_image","twitter_creator":"@one_fr","twitter_site":"@one_fr","twitter_misc":{"Est. reading time":"4 minutes"},"schema":{"@context":"https:\/\/schema.org","@graph":[{"@type":"Article","@id":"https:\/\/www.one.org\/fr\/actualites\/monde-solidaire-lextreme-urgence-les-candidats-repondent\/#article","isPartOf":{"@id":"https:\/\/www.one.org\/fr\/actualites\/monde-solidaire-lextreme-urgence-les-candidats-repondent\/"},"author":{"name":"","@id":""},"headline":"Monde solidaire : l\u2019extr\u00eame urgence ? Les candidats r\u00e9pondent","datePublished":"2022-03-09T16:44:57+00:00","dateModified":"2024-04-23T12:34:12+00:00","mainEntityOfPage":{"@id":"https:\/\/www.one.org\/fr\/actualites\/monde-solidaire-lextreme-urgence-les-candidats-repondent\/"},"wordCount":787,"commentCount":0,"image":{"@id":"https:\/\/www.one.org\/fr\/actualites\/monde-solidaire-lextreme-urgence-les-candidats-repondent\/#primaryimage"},"thumbnailUrl":"https:\/\/www.one.org\/fr\/wp-content\/uploads\/sites\/4\/2022\/03\/Libe-featured.png","articleSection":["ONE"],"inLanguage":"fr-FR","potentialAction":[{"@type":"CommentAction","name":"Comment","target":["https:\/\/www.one.org\/fr\/actualites\/monde-solidaire-lextreme-urgence-les-candidats-repondent\/#respond"]}]},{"@type":"WebPage","@id":"https:\/\/www.one.org\/fr\/actualites\/monde-solidaire-lextreme-urgence-les-candidats-repondent\/","url":"https:\/\/www.one.org\/fr\/actualites\/monde-solidaire-lextreme-urgence-les-candidats-repondent\/","name":"Monde solidaire : l\u2019extr\u00eame urgence ? Les candidats r\u00e9pondent - ONE.org France","isPartOf":{"@id":"https:\/\/www.one.org\/fr\/#website"},"primaryImageOfPage":{"@id":"https:\/\/www.one.org\/fr\/actualites\/monde-solidaire-lextreme-urgence-les-candidats-repondent\/#primaryimage"},"image":{"@id":"https:\/\/www.one.org\/fr\/actualites\/monde-solidaire-lextreme-urgence-les-candidats-repondent\/#primaryimage"},"thumbnailUrl":"https:\/\/www.one.org\/fr\/wp-content\/uploads\/sites\/4\/2022\/03\/Libe-featured.png","datePublished":"2022-03-09T16:44:57+00:00","dateModified":"2024-04-23T12:34:12+00:00","author":{"@id":""},"description":"Le 22 mars, Lib\u00e9ration et l\u2019ONG ONE organisent une journ\u00e9e sp\u00e9ciale pour interpeller les candidats \u00e0 la pr\u00e9sidentielle sur le retour de l\u2019extr\u00eame pauvret\u00e9 partout sur la plan\u00e8te et ses cons\u00e9quences.","breadcrumb":{"@id":"https:\/\/www.one.org\/fr\/actualites\/monde-solidaire-lextreme-urgence-les-candidats-repondent\/#breadcrumb"},"inLanguage":"fr-FR","potentialAction":[{"@type":"ReadAction","target":["https:\/\/www.one.org\/fr\/actualites\/monde-solidaire-lextreme-urgence-les-candidats-repondent\/"]}]},{"@type":"ImageObject","inLanguage":"fr-FR","@id":"https:\/\/www.one.org\/fr\/actualites\/monde-solidaire-lextreme-urgence-les-candidats-repondent\/#primaryimage","url":"https:\/\/www.one.org\/fr\/wp-content\/uploads\/sites\/4\/2022\/03\/Libe-featured.png","contentUrl":"https:\/\/www.one.org\/fr\/wp-content\/uploads\/sites\/4\/2022\/03\/Libe-featured.png","width":1200,"height":1200},{"@type":"BreadcrumbList","@id":"https:\/\/www.one.org\/fr\/actualites\/monde-solidaire-lextreme-urgence-les-candidats-repondent\/#breadcrumb","itemListElement":[{"@type":"ListItem","position":1,"name":"Home","item":"https:\/\/www.one.org\/fr\/"},{"@type":"ListItem","position":2,"name":"Monde solidaire : l\u2019extr\u00eame urgence ? Les candidats r\u00e9pondent"}]},{"@type":"WebSite","@id":"https:\/\/www.one.org\/fr\/#website","url":"https:\/\/www.one.org\/fr\/","name":"ONE.org","description":"Cr\u00e9er des opportunit\u00e9s \u00e9conomiques et am\u00e9liorer la sant\u00e9 en Afrique","potentialAction":[{"@type":"SearchAction","target":{"@type":"EntryPoint","urlTemplate":"https:\/\/www.one.org\/fr\/?s={search_term_string}"},"query-input":{"@type":"PropertyValueSpecification","valueRequired":true,"valueName":"search_term_string"}}],"inLanguage":"fr-FR"}]}},"distributor_meta":false,"distributor_terms":false,"distributor_media":false,"distributor_original_site_name":"ONE.org France","distributor_original_site_url":"https:\/\/www.one.org\/fr","push-errors":false,"_links":{"self":[{"href":"https:\/\/www.one.org\/fr\/wp-json\/wp\/v2\/posts\/162541","targetHints":{"allow":["GET"]}}],"collection":[{"href":"https:\/\/www.one.org\/fr\/wp-json\/wp\/v2\/posts"}],"about":[{"href":"https:\/\/www.one.org\/fr\/wp-json\/wp\/v2\/types\/post"}],"replies":[{"embeddable":true,"href":"https:\/\/www.one.org\/fr\/wp-json\/wp\/v2\/comments?post=162541"}],"version-history":[{"count":0,"href":"https:\/\/www.one.org\/fr\/wp-json\/wp\/v2\/posts\/162541\/revisions"}],"wp:featuredmedia":[{"embeddable":true,"href":"https:\/\/www.one.org\/fr\/wp-json\/wp\/v2\/media\/162985"}],"wp:attachment":[{"href":"https:\/\/www.one.org\/fr\/wp-json\/wp\/v2\/media?parent=162541"}],"wp:term":[{"taxonomy":"category","embeddable":true,"href":"https:\/\/www.one.org\/fr\/wp-json\/wp\/v2\/categories?post=162541"},{"taxonomy":"post_tag","embeddable":true,"href":"https:\/\/www.one.org\/fr\/wp-json\/wp\/v2\/tags?post=162541"},{"taxonomy":"topic","embeddable":true,"href":"https:\/\/www.one.org\/fr\/wp-json\/wp\/v2\/topic?post=162541"},{"taxonomy":"contributor","embeddable":true,"href":"https:\/\/www.one.org\/fr\/wp-json\/wp\/v2\/contributor?post=162541"},{"taxonomy":"one_content_audience","embeddable":true,"href":"https:\/\/www.one.org\/fr\/wp-json\/wp\/v2\/one_content_audience?post=162541"},{"taxonomy":"one_content_type","embeddable":true,"href":"https:\/\/www.one.org\/fr\/wp-json\/wp\/v2\/one_content_type?post=162541"},{"taxonomy":"one_content_tone","embeddable":true,"href":"https:\/\/www.one.org\/fr\/wp-json\/wp\/v2\/one_content_tone?post=162541"}],"curies":[{"name":"wp","href":"https:\/\/api.w.org\/{rel}","templated":true}]}}