{"id":162538,"date":"2022-02-25T09:31:03","date_gmt":"2022-02-25T09:31:03","guid":{"rendered":"https:\/\/www.one.org\/fr\/la-guerre-en-ukraine-aura-aussi-des-consequences-en-afrique\/"},"modified":"2024-04-23T12:34:19","modified_gmt":"2024-04-23T12:34:19","slug":"ondes-de-choc-ukraine-afrique","status":"publish","type":"post","link":"https:\/\/www.one.org\/fr\/actualites\/ondes-de-choc-ukraine-afrique\/","title":{"rendered":"La guerre en Ukraine aura aussi des cons\u00e9quences en Afrique"},"content":{"rendered":"<p><i><span style=\"font-weight: 400\">Cette semaine<\/span><\/i><i><span style=\"font-weight: 400\">, dans Ondes de Choc: l&rsquo;impact de la guerre en Ukraine sur les prix des denr&eacute;es alimentaires (et sur le commerce du gaz en Tanzanie), la suspension des doses de COVID-19 en Afrique et comment s&rsquo;est termin&eacute; le sommet UA\/UE.<\/span><\/i><\/p>\n<h3>ACTUALIT<strong>&Eacute;S<\/strong><\/h3>\n<p><strong>Ricochets : <\/strong><a href=\"https:\/\/www.franceculture.fr\/emissions\/la-question-du-jour\/quels-risques-fait-peser-la-crise-ukrainienne-sur-les-marches-agricoles\">L&rsquo;agression russe contre l&rsquo;Ukraine<\/a> devrait avoir un impact important sur les prix des denr&eacute;es alimentaires dans les pays &agrave; faible revenu. La Russie et l&rsquo;Ukraine <a href=\"https:\/\/www.lefigaro.fr\/flash-eco\/le-ble-continue-d-augmenter-a-cause-de-la-crise-russo-ukrainienne-20220223\">fournissent plus d&rsquo;un quart de l&rsquo;approvisionnement mondial en bl&eacute;.<\/a> 43% du bl&eacute; consomm&eacute; en Libye vient d&rsquo;Ukraine. Au-del&agrave; des inqui&eacute;tudes li&eacute;es &agrave; l&rsquo;approvisionnement, une hausse des prix pourrait entra&icirc;ner des conflits et des violences. Le Kenya a d&eacute;nonc&eacute; l&rsquo;agression russe pour <a href=\"https:\/\/www.theguardian.com\/world\/video\/2022\/feb\/22\/kenyas-enoy-to-un-cites-colonial-past-as-he-condemns-russian-move-into-ukraine-video\">ses connotations coloniales<\/a> et pour son <a href=\"https:\/\/twitter.com\/kenyamissionun\/status\/1495963864004976645?s=21\">atteinte &agrave; la paix et &agrave; la s&eacute;curit&eacute; internationales<\/a>, &agrave; un moment o&ugrave; <a href=\"https:\/\/twitter.com\/adam_tooze\/status\/1495771541400735746?s=20&amp;t=U5M4FTD0OHmDgZzBTIVV1w\">l&rsquo;impact sanitaire et &eacute;conomique<\/a> de la pand&eacute;mie frappe d&eacute;j&agrave; durement les pays &agrave; faible revenu.<\/p>\n<p><strong>Guerre et commerce : <\/strong>En attendant, le conflit pourrait changer la donne pour les pays africains producteurs de p&eacute;trole et de gaz, dont <a href=\"https:\/\/www.theafricareport.com\/178985\/tanzania-president-samia-says-russia-ukraine-tension-an-opportunity-for-gas-sales\/?utm_source=mailing_tar&amp;utm_campaign=promo_exclu__tar_article_title_nigeria_tinubu_22_02_2022&amp;utm_medium=email&amp;utm_content=non_subs_nl_tarhttps:\/\/www.theafricareport.com\/178985\/tanzania-president-samia-says-russia-ukraine-tension-an-opportunity-for-gas-sales\/?utm_source=mailing_tar&amp;utm_campaign=promo_exclu__tar_article_title_nigeria_tinubu_22_02_2022&amp;utm_medium=email&amp;utm_content=non_subs_nl_tar\">la Tanzanie<\/a>. La volont&eacute; des Europ&eacute;ens <a href=\"https:\/\/www.latribune.fr\/entreprises-finance\/industrie\/energie-environnement\/tensions-en-ukraine-comment-l-europe-peut-se-passer-du-gaz-russe-cet-hiver-904193.html\">de trouver des alternatives au gaz russe<\/a> (qui repr&eacute;sente 35 % de leur approvisionnement) les pousse &agrave; se tourner vers les march&eacute;s africains. En 2016 d&eacute;j&agrave;, le FMI avait signal&eacute; que la Tanzanie pourrait devenir <a href=\"https:\/\/www.imf.org\/external\/pubs\/ft\/scr\/2016\/cr16254.pdf\">l&rsquo;un des plus grands exportateurs de gaz<\/a> au monde gr&acirc;ce &agrave; ses r&eacute;serves estim&eacute;es &agrave; 57 000 milliards de pieds cubes.<\/p>\n<p><strong>Une bonne dose de gaspillage : <\/strong>Le centre de contr&ocirc;le et de pr&eacute;vention des maladies en Afrique (CDC) a demand&eacute; la <a href=\"https:\/\/www-politico-com.cdn.ampproject.org\/c\/s\/www.politico.com\/news\/2022\/02\/22\/africa-asks-covid-vaccine-donation-pause-00010667?_amp=true\">suspension des dons de doses<\/a> en raison des difficult&eacute;s persistantes en mati&egrave;re de logistique et d&rsquo;administration des vaccins. Cette ann&eacute;e, le CDC Afrique a soulign&eacute; les probl&egrave;mes li&eacute;s aux <a href=\"https:\/\/africacdc.org\/news-item\/declaration-conjointe-sur-les-dons-de-vaccins-contre-la-covid-19-aux-pays-africains\/\">doses proches de la date d&rsquo;expiration<\/a>, au manque d&rsquo;infrastructures et aux difficult&eacute;s li&eacute;es &agrave; la r&eacute;ticence &agrave; l&rsquo;&eacute;gard des vaccins. Tant que l&rsquo;on ne trouvera pas les <a href=\"https:\/\/www.gavi.org\/fr\/actualites\/media-room\/dirigeants-mondiaux-lancent-nouvel-appel-faveur-vaccination-covid-19\">1,6 milliard de dollars n&eacute;cessaires<\/a> pour administrer les doses avec succ&egrave;s, une partie des dons seront gaspill&eacute;s. Ce n&rsquo;est pas tout : l&rsquo;acc&egrave;s limit&eacute; aux tests signifie &eacute;galement que <a href=\"https:\/\/www.washingtonpost.com\/world\/2022\/02\/18\/africa-covid-cases-number-study\/\">l&rsquo;Afrique n&rsquo;a probablement pas &eacute;t&eacute; &eacute;pargn&eacute;e<\/a> par le pire de la pand&eacute;mie, contrairement &agrave; ce que les donn&eacute;es officielles indiquent ! Les &eacute;tudes les plus r&eacute;centes montrent des <a href=\"https:\/\/www.medrxiv.org\/content\/10.1101\/2022.02.14.22270934v1\">diff&eacute;rences significatives entre les cas r&eacute;els et les cas d&eacute;clar&eacute;s<\/a> sur le continent, ainsi que des preuves d&rsquo;un <a href=\"https:\/\/blogs.worldbank.org\/africacan\/could-covid-19-deaths-kenya-be-higher-official-records\">taux de mortalit&eacute; beaucoup plus &eacute;lev&eacute;<\/a> que les chiffres officiels au Kenya.<\/p>\n<p><strong>Titre : <\/strong>BioNTech d&eacute;clare qu&rsquo;elle <a href=\"https:\/\/www.reuters.com\/legal\/government\/biontech-says-it-wont-challenge-vaccine-copying-africa-2022-02-16\/\">n&rsquo;a pas l&rsquo;intention de poursuivre en justice les scientifiques africains<\/a> qui reproduisent son vaccin. Dans la lign&eacute;e de ses BioNtainers r&eacute;cemment annonc&eacute;s (qui, selon eux, int&eacute;g&egrave;reront du personnel form&eacute; localement), BioNTech affirme que son objectif est de &ldquo;veiller activement &agrave; ce que sa technologie soit disponible sur tous les continents&rdquo;. Cette annonce est la bienvenue, mais il y a encore quelques d&eacute;tails &agrave; r&eacute;gler : Le PDG Ugur Sahin n&rsquo;a pas totalement exclu l&rsquo;existence d&rsquo;une violation de brevet, et la soci&eacute;t&eacute; partenaire du vaccin de BioNTech, Pfizer, n&rsquo;a pas suivi l&rsquo;exemple de l&rsquo;entreprise allemande. Pour l&rsquo;instant, <a href=\"https:\/\/www.lexpress.fr\/actualite\/societe\/sante\/covid-19-comment-une-biotech-sud-africaine-est-parvenue-a-copier-le-vaccin-de-moderna_2168480.html\">seul le vaccin Moderna a &eacute;t&eacute; copi&eacute;<\/a> avec succ&egrave;s. En fin de compte, la vaccination reste essentielle, m&ecirc;me si certains pays pensent entrer dans <a href=\"https:\/\/www.francetvinfo.fr\/sante\/maladie\/coronavirus\/covid-19-on-est-au-debut-d-une-nouvelle-ere-se-felicite-jean-francois-delfraissy_4965498.html\">&nbsp;&ldquo;une nouvelle &egrave;re&rdquo;<\/a> de la pand&eacute;mie.<\/p>\n<p><strong>Montrer l&rsquo;exemple :<\/strong> La soci&eacute;t&eacute; pharmaceutique sud-africaine Afrigen est <a href=\"https:\/\/theconversation.com\/how-trying-to-copy-a-covid-vaccine-changes-the-outlook-for-african-countries-177172\">le leader<\/a> que nous attendions. Non seulement elle va partager ses connaissances pour <a href=\"https:\/\/www.bloomberg.com\/opinion\/articles\/2022-02-14\/vaccine-makers-must-help-the-world-prepare-for-the-next-pandemic\">soutenir la formation<\/a> au Br&eacute;sil et en Argentine, mais elle travaille d&eacute;j&agrave; sur un vaccin &agrave; ARNm plus pratique (lire : accessible) <a href=\"https:\/\/www.reuters.com\/world\/africa\/world-first-safricas-afrigen-makes-mrna-covid-vaccine-using-moderna-data-2022-02-03\/\">qui ne n&eacute;cessite pas de stockage <\/a>&agrave; des temp&eacute;ratures extr&ecirc;mement basses &#129321;. Outre l&rsquo;Afrique du Sud, l&rsquo;&Eacute;gypte, le Kenya, le Nigeria, le S&eacute;n&eacute;gal et la Tunisie sont &eacute;galement sur le point <a href=\"https:\/\/www.voaafrique.com\/a\/six-pays-africains-auront-leur-propre-production-de-vaccin-arnm\/6447386.html\">d&rsquo;obtenir la technologie n&eacute;cessaire<\/a> pour d&eacute;velopper leurs propres vaccins &agrave; ARNm. De plus, si le vaccin d&rsquo;Afrigen est &eacute;quivalent &agrave; celui de Moderna, les essais cliniques &agrave; long terme ne seront pas n&eacute;cessaires.<\/p>\n<p><strong>A la prochaine : <\/strong>Le r&eacute;sultat du sommet UA-UE de la semaine derni&egrave;re &ndash; la premi&egrave;re r&eacute;union de ce type depuis 2017 &ndash; est mitig&eacute;. <a href=\"https:\/\/www.lefigaro.fr\/conjoncture\/sommet-ue-ua-l-europe-et-l-afrique-forment-le-voeu-d-un-nouveau-depart-20220218#:~:text=Conjoncture-,Sommet%20UE%2DUA%3A%20l'Europe%20et%20l'Afrique,v%C5%93u%20d'un%20nouveau%20d%C3%A9part&amp;text=%C3%80%20commencer%20par%20ces%20150,r%C3%A9seaux%20num%C3%A9riques%20et%20l'%C3%A9nergie.\">L&rsquo;UE a engag&eacute;<\/a> 100 millions d&rsquo;euros pour soutenir l&rsquo;Agence africaine des m&eacute;dicaments sur 5 ans, 500 millions d&rsquo;euros de la Banque europ&eacute;enne d&rsquo;investissement pour renforcer les syst&egrave;mes de sant&eacute;, 425 millions d&rsquo;euros sur un paquet de livraison de vaccins, et 150 milliards d&rsquo;euros pour soutenir le continent africain en mati&egrave;re de sant&eacute;, de transports et d&rsquo;&eacute;ducation. L&rsquo;UE a cependant &eacute;lud&eacute; plusieurs questions urgentes, notamment la d&eacute;rogation en mati&egrave;re de propri&eacute;t&eacute; intellectuelle pour les vaccins et traitements COVID-19 (<a href=\"https:\/\/www.euractiv.fr\/section\/l-europe-dans-le-monde\/news\/sommet-ue-ua-de-grandes-promesses-sur-la-sante-mais-pas-de-levee-des-brevet-des-vaccins\/\">que l&rsquo;UE bloque activement<\/a>), les investissements dans les capacit&eacute;s de production de vaccins en Afrique et la r&eacute;allocation des droits de tirage sp&eacute;ciaux du FMI. <a href=\"https:\/\/www.devex.com\/news\/the-eu-s-summit-of-magical-thinking-on-africa-102661?access_key=&amp;utm_source=nl_newswire&amp;utm_term=article&amp;utm_content=text&amp;mkt_tok=Njg1LUtCTC03NjUAAAGCuyHi7l0tv10r1UDIRuz2AREh2Cjs5Hy0TtgfIyqIShdIjh4Dp09pGxGAILfv0U-QN7O37QETgOAVn7vC4qXmc1hRsTVJaeeG1aR_60ubtZ7aFVk\">L&rsquo;UE a promis une solution<\/a> pour le transfert de technologie d&rsquo;ici au printemps (ce qui nous am&egrave;nerait, sauf erreur de notre part, &agrave; deux ans et demi apr&egrave;s le d&eacute;but de la pand&eacute;mie). Quoi qu&rsquo;il en soit, les dirigeants africains se demandent<a href=\"https:\/\/www.rfi.fr\/en\/africa\/20220218-au-eu-summit-interview-africa-needs-to-find-its-own-way-ngo-director-says\"> un avenir fait de partenariats<\/a> et non de d&eacute;pendance.<\/p>\n<h3>L&rsquo;&Eacute;QUIPE DE ONE EN ACTION<\/h3>\n<ul>\n<li>Notre r&eacute;action aux r&eacute;sultats du <a href=\"https:\/\/www.one.org\/fr\/press\/reaction-sommet-union-africaine-union-europeenne\/\">&nbsp;sommet UA\/UE<\/a> et Explorez tout ce qui concerne les DTS gr&acirc;ce &agrave; <a href=\"https:\/\/www.one.org\/africa\/issues\/covid-19-tracker\/explore-sdrs\/\">notre derni&egrave;re analyse de donn&eacute;es<\/a> de l&rsquo;outil de suivi de l&rsquo;impact du COVID-19 en Afrique de ONE.<\/li>\n<\/ul>\n<h3>LES CHIFFRES<\/h3>\n<ul>\n<li><strong>87 % des femmes<\/strong> en Afrique devraient gagner <a href=\"https:\/\/data.unwomen.org\/features\/poverty-deepens-women-and-girls-according-latest-projections\">moins de 5,50 dollars par jour<\/a> en 2022.<\/li>\n<li><strong>40 %<\/strong> des 100 milliards de dollars de DTS promis pour les pays &agrave; faible revenu <a href=\"https:\/\/twitter.com\/adam_tooze\/status\/1495756442242109442?s=20&amp;t=U5M4FTD0OHmDgZzBTIVV1w\">manquent toujours &agrave; l&rsquo;appel<\/a>, les pays du G20 ne trouvant pas d&rsquo;accord pour redistribuer leurs 290 milliards de dollars de DTS.<\/li>\n<li><strong>Seuls 25 %<\/strong> des doses de Moderna sont all&eacute;s <a href=\"https:\/\/www.modernatx.com\/sites\/default\/files\/content_documents\/Moderna%20Statement%20on%20Government%20Funding%20%28Feb%202022%29.pdf\">aux pays &agrave; faible revenu<\/a>.<\/li>\n<\/ul>\n<h4><em><a href=\"https:\/\/www.one.org\/fr\/nos-combats\/ondes-de-choc\/\">Inscrivez-vous<\/a> pour recevoir Ondes de choc<span style=\"text-decoration: underline\">,<\/span> notre nouvelle newsletter hebdomadaire pour suivre l&rsquo;impact r&eacute;el du COVID-19 en Afrique. Nous vous proposons des analyses pointues, succinctes et r&eacute;fl&eacute;chies de la part des experts de ONE.<\/em><\/h4>\n<div class=\"buffer\"><\/div>","protected":false},"excerpt":{"rendered":"<p>Cette semaine, dans Ondes de Choc: l&rsquo;impact de la guerre en Ukraine sur les prix des denr&eacute;es alimentaires (et sur le commerce du gaz en Tanzanie), la suspension des doses de COVID-19 en Afrique et comment s&rsquo;est termin&eacute; le sommet UA\/UE. ACTUALIT&Eacute;S Ricochets : L&rsquo;agression russe contre l&rsquo;Ukraine devrait avoir un impact important sur les [&hellip;]<\/p>\n","protected":false},"author":0,"featured_media":162993,"comment_status":"open","ping_status":"open","sticky":false,"template":"","format":"standard","meta":{"_acf_changed":false,"_relevanssi_hide_post":"","_relevanssi_hide_content":"","_relevanssi_pin_for_all":"","_relevanssi_pin_keywords":"","_relevanssi_unpin_keywords":"","_relevanssi_related_keywords":"","_relevanssi_related_include_ids":"","_relevanssi_related_exclude_ids":"","_relevanssi_related_no_append":"","_relevanssi_related_not_related":"","_relevanssi_related_posts":"164801,164384,164396,163756,163706,163644","_relevanssi_noindex_reason":"","footnotes":""},"categories":[34],"tags":[],"topic":[86],"contributor":[33],"one_content_audience":[],"one_content_type":[],"one_content_tone":[],"class_list":["post-162538","post","type-post","status-publish","format-standard","has-post-thumbnail","hentry","category-one","topic-ondes-de-choc","contributor-one-france"],"acf":[],"yoast_head":"<!-- This site is optimized with the Yoast SEO Premium plugin v27.1 (Yoast SEO v27.1.1) - https:\/\/yoast.com\/product\/yoast-seo-premium-wordpress\/ -->\n<title>La guerre en Ukraine aura aussi des cons\u00e9quences en Afrique - ONE.org France<\/title>\n<meta name=\"description\" content=\"Cette semaine, dans Ondes de Choc: l\u2019impact de la guerre en Ukraine sur les prix des denr\u00e9es alimentaires, et plus encore.\" \/>\n<meta name=\"robots\" content=\"index, follow, max-snippet:-1, max-image-preview:large, max-video-preview:-1\" \/>\n<link rel=\"canonical\" href=\"https:\/\/www.one.org\/fr\/actualites\/ondes-de-choc-ukraine-afrique\/\" \/>\n<meta property=\"og:locale\" content=\"fr_FR\" \/>\n<meta property=\"og:type\" content=\"article\" \/>\n<meta property=\"og:title\" content=\"La guerre en Ukraine aura aussi des cons\u00e9quences en Afrique\" \/>\n<meta property=\"og:description\" content=\"Cette semaine, dans Ondes de Choc: l\u2019impact de la guerre en Ukraine sur les prix des denr\u00e9es alimentaires, et plus encore.\" \/>\n<meta property=\"og:url\" content=\"https:\/\/www.one.org\/fr\/actualites\/ondes-de-choc-ukraine-afrique\/\" \/>\n<meta property=\"og:site_name\" content=\"ONE.org France\" \/>\n<meta property=\"article:publisher\" content=\"https:\/\/www.facebook.com\/ONE.Fr\" \/>\n<meta property=\"article:published_time\" content=\"2022-02-25T09:31:03+00:00\" \/>\n<meta property=\"article:modified_time\" content=\"2024-04-23T12:34:19+00:00\" \/>\n<meta property=\"og:image\" content=\"https:\/\/www.one.org\/fr\/wp-content\/uploads\/sites\/4\/2022\/02\/Aftershock_2021_FeaturedImage_1200x1200_en_002.jpg\" \/>\n\t<meta property=\"og:image:width\" content=\"1201\" \/>\n\t<meta property=\"og:image:height\" content=\"1201\" \/>\n\t<meta property=\"og:image:type\" content=\"image\/jpeg\" \/>\n<meta name=\"twitter:card\" content=\"summary_large_image\" \/>\n<meta name=\"twitter:creator\" content=\"@one_fr\" \/>\n<meta name=\"twitter:site\" content=\"@one_fr\" \/>\n<meta name=\"twitter:label1\" content=\"Est. reading time\" \/>\n\t<meta name=\"twitter:data1\" content=\"5 minutes\" \/>\n<script type=\"application\/ld+json\" class=\"yoast-schema-graph\">{\"@context\":\"https:\/\/schema.org\",\"@graph\":[{\"@type\":\"Article\",\"@id\":\"https:\/\/www.one.org\/fr\/actualites\/ondes-de-choc-ukraine-afrique\/#article\",\"isPartOf\":{\"@id\":\"https:\/\/www.one.org\/fr\/actualites\/ondes-de-choc-ukraine-afrique\/\"},\"author\":{\"name\":\"\",\"@id\":\"\"},\"headline\":\"La guerre en Ukraine aura aussi des cons\u00e9quences en Afrique\",\"datePublished\":\"2022-02-25T09:31:03+00:00\",\"dateModified\":\"2024-04-23T12:34:19+00:00\",\"mainEntityOfPage\":{\"@id\":\"https:\/\/www.one.org\/fr\/actualites\/ondes-de-choc-ukraine-afrique\/\"},\"wordCount\":1276,\"commentCount\":0,\"image\":{\"@id\":\"https:\/\/www.one.org\/fr\/actualites\/ondes-de-choc-ukraine-afrique\/#primaryimage\"},\"thumbnailUrl\":\"https:\/\/www.one.org\/fr\/wp-content\/uploads\/sites\/4\/2022\/02\/Aftershock_2021_FeaturedImage_1200x1200_en_002.jpg\",\"articleSection\":[\"ONE\"],\"inLanguage\":\"fr-FR\",\"potentialAction\":[{\"@type\":\"CommentAction\",\"name\":\"Comment\",\"target\":[\"https:\/\/www.one.org\/fr\/actualites\/ondes-de-choc-ukraine-afrique\/#respond\"]}]},{\"@type\":\"WebPage\",\"@id\":\"https:\/\/www.one.org\/fr\/actualites\/ondes-de-choc-ukraine-afrique\/\",\"url\":\"https:\/\/www.one.org\/fr\/actualites\/ondes-de-choc-ukraine-afrique\/\",\"name\":\"La guerre en Ukraine aura aussi des cons\u00e9quences en Afrique - ONE.org France\",\"isPartOf\":{\"@id\":\"https:\/\/www.one.org\/fr\/#website\"},\"primaryImageOfPage\":{\"@id\":\"https:\/\/www.one.org\/fr\/actualites\/ondes-de-choc-ukraine-afrique\/#primaryimage\"},\"image\":{\"@id\":\"https:\/\/www.one.org\/fr\/actualites\/ondes-de-choc-ukraine-afrique\/#primaryimage\"},\"thumbnailUrl\":\"https:\/\/www.one.org\/fr\/wp-content\/uploads\/sites\/4\/2022\/02\/Aftershock_2021_FeaturedImage_1200x1200_en_002.jpg\",\"datePublished\":\"2022-02-25T09:31:03+00:00\",\"dateModified\":\"2024-04-23T12:34:19+00:00\",\"author\":{\"@id\":\"\"},\"description\":\"Cette semaine, dans Ondes de Choc: l\u2019impact de la guerre en Ukraine sur les prix des denr\u00e9es alimentaires, et plus encore.\",\"breadcrumb\":{\"@id\":\"https:\/\/www.one.org\/fr\/actualites\/ondes-de-choc-ukraine-afrique\/#breadcrumb\"},\"inLanguage\":\"fr-FR\",\"potentialAction\":[{\"@type\":\"ReadAction\",\"target\":[\"https:\/\/www.one.org\/fr\/actualites\/ondes-de-choc-ukraine-afrique\/\"]}]},{\"@type\":\"ImageObject\",\"inLanguage\":\"fr-FR\",\"@id\":\"https:\/\/www.one.org\/fr\/actualites\/ondes-de-choc-ukraine-afrique\/#primaryimage\",\"url\":\"https:\/\/www.one.org\/fr\/wp-content\/uploads\/sites\/4\/2022\/02\/Aftershock_2021_FeaturedImage_1200x1200_en_002.jpg\",\"contentUrl\":\"https:\/\/www.one.org\/fr\/wp-content\/uploads\/sites\/4\/2022\/02\/Aftershock_2021_FeaturedImage_1200x1200_en_002.jpg\",\"width\":1201,\"height\":1201},{\"@type\":\"BreadcrumbList\",\"@id\":\"https:\/\/www.one.org\/fr\/actualites\/ondes-de-choc-ukraine-afrique\/#breadcrumb\",\"itemListElement\":[{\"@type\":\"ListItem\",\"position\":1,\"name\":\"Home\",\"item\":\"https:\/\/www.one.org\/fr\/\"},{\"@type\":\"ListItem\",\"position\":2,\"name\":\"La guerre en Ukraine aura aussi des cons\u00e9quences en Afrique\"}]},{\"@type\":\"WebSite\",\"@id\":\"https:\/\/www.one.org\/fr\/#website\",\"url\":\"https:\/\/www.one.org\/fr\/\",\"name\":\"ONE.org\",\"description\":\"Cr\u00e9er des opportunit\u00e9s \u00e9conomiques et am\u00e9liorer la sant\u00e9 en Afrique\",\"potentialAction\":[{\"@type\":\"SearchAction\",\"target\":{\"@type\":\"EntryPoint\",\"urlTemplate\":\"https:\/\/www.one.org\/fr\/?s={search_term_string}\"},\"query-input\":{\"@type\":\"PropertyValueSpecification\",\"valueRequired\":true,\"valueName\":\"search_term_string\"}}],\"inLanguage\":\"fr-FR\"}]}<\/script>\n<!-- \/ Yoast SEO Premium plugin. -->","yoast_head_json":{"title":"La guerre en Ukraine aura aussi des cons\u00e9quences en Afrique - ONE.org France","description":"Cette semaine, dans Ondes de Choc: l\u2019impact de la guerre en Ukraine sur les prix des denr\u00e9es alimentaires, et plus encore.","robots":{"index":"index","follow":"follow","max-snippet":"max-snippet:-1","max-image-preview":"max-image-preview:large","max-video-preview":"max-video-preview:-1"},"canonical":"https:\/\/www.one.org\/fr\/actualites\/ondes-de-choc-ukraine-afrique\/","og_locale":"fr_FR","og_type":"article","og_title":"La guerre en Ukraine aura aussi des cons\u00e9quences en Afrique","og_description":"Cette semaine, dans Ondes de Choc: l\u2019impact de la guerre en Ukraine sur les prix des denr\u00e9es alimentaires, et plus encore.","og_url":"https:\/\/www.one.org\/fr\/actualites\/ondes-de-choc-ukraine-afrique\/","og_site_name":"ONE.org France","article_publisher":"https:\/\/www.facebook.com\/ONE.Fr","article_published_time":"2022-02-25T09:31:03+00:00","article_modified_time":"2024-04-23T12:34:19+00:00","og_image":[{"width":1201,"height":1201,"url":"https:\/\/www.one.org\/fr\/wp-content\/uploads\/sites\/4\/2022\/02\/Aftershock_2021_FeaturedImage_1200x1200_en_002.jpg","type":"image\/jpeg"}],"twitter_card":"summary_large_image","twitter_creator":"@one_fr","twitter_site":"@one_fr","twitter_misc":{"Est. reading time":"5 minutes"},"schema":{"@context":"https:\/\/schema.org","@graph":[{"@type":"Article","@id":"https:\/\/www.one.org\/fr\/actualites\/ondes-de-choc-ukraine-afrique\/#article","isPartOf":{"@id":"https:\/\/www.one.org\/fr\/actualites\/ondes-de-choc-ukraine-afrique\/"},"author":{"name":"","@id":""},"headline":"La guerre en Ukraine aura aussi des cons\u00e9quences en Afrique","datePublished":"2022-02-25T09:31:03+00:00","dateModified":"2024-04-23T12:34:19+00:00","mainEntityOfPage":{"@id":"https:\/\/www.one.org\/fr\/actualites\/ondes-de-choc-ukraine-afrique\/"},"wordCount":1276,"commentCount":0,"image":{"@id":"https:\/\/www.one.org\/fr\/actualites\/ondes-de-choc-ukraine-afrique\/#primaryimage"},"thumbnailUrl":"https:\/\/www.one.org\/fr\/wp-content\/uploads\/sites\/4\/2022\/02\/Aftershock_2021_FeaturedImage_1200x1200_en_002.jpg","articleSection":["ONE"],"inLanguage":"fr-FR","potentialAction":[{"@type":"CommentAction","name":"Comment","target":["https:\/\/www.one.org\/fr\/actualites\/ondes-de-choc-ukraine-afrique\/#respond"]}]},{"@type":"WebPage","@id":"https:\/\/www.one.org\/fr\/actualites\/ondes-de-choc-ukraine-afrique\/","url":"https:\/\/www.one.org\/fr\/actualites\/ondes-de-choc-ukraine-afrique\/","name":"La guerre en Ukraine aura aussi des cons\u00e9quences en Afrique - ONE.org France","isPartOf":{"@id":"https:\/\/www.one.org\/fr\/#website"},"primaryImageOfPage":{"@id":"https:\/\/www.one.org\/fr\/actualites\/ondes-de-choc-ukraine-afrique\/#primaryimage"},"image":{"@id":"https:\/\/www.one.org\/fr\/actualites\/ondes-de-choc-ukraine-afrique\/#primaryimage"},"thumbnailUrl":"https:\/\/www.one.org\/fr\/wp-content\/uploads\/sites\/4\/2022\/02\/Aftershock_2021_FeaturedImage_1200x1200_en_002.jpg","datePublished":"2022-02-25T09:31:03+00:00","dateModified":"2024-04-23T12:34:19+00:00","author":{"@id":""},"description":"Cette semaine, dans Ondes de Choc: l\u2019impact de la guerre en Ukraine sur les prix des denr\u00e9es alimentaires, et plus encore.","breadcrumb":{"@id":"https:\/\/www.one.org\/fr\/actualites\/ondes-de-choc-ukraine-afrique\/#breadcrumb"},"inLanguage":"fr-FR","potentialAction":[{"@type":"ReadAction","target":["https:\/\/www.one.org\/fr\/actualites\/ondes-de-choc-ukraine-afrique\/"]}]},{"@type":"ImageObject","inLanguage":"fr-FR","@id":"https:\/\/www.one.org\/fr\/actualites\/ondes-de-choc-ukraine-afrique\/#primaryimage","url":"https:\/\/www.one.org\/fr\/wp-content\/uploads\/sites\/4\/2022\/02\/Aftershock_2021_FeaturedImage_1200x1200_en_002.jpg","contentUrl":"https:\/\/www.one.org\/fr\/wp-content\/uploads\/sites\/4\/2022\/02\/Aftershock_2021_FeaturedImage_1200x1200_en_002.jpg","width":1201,"height":1201},{"@type":"BreadcrumbList","@id":"https:\/\/www.one.org\/fr\/actualites\/ondes-de-choc-ukraine-afrique\/#breadcrumb","itemListElement":[{"@type":"ListItem","position":1,"name":"Home","item":"https:\/\/www.one.org\/fr\/"},{"@type":"ListItem","position":2,"name":"La guerre en Ukraine aura aussi des cons\u00e9quences en Afrique"}]},{"@type":"WebSite","@id":"https:\/\/www.one.org\/fr\/#website","url":"https:\/\/www.one.org\/fr\/","name":"ONE.org","description":"Cr\u00e9er des opportunit\u00e9s \u00e9conomiques et am\u00e9liorer la sant\u00e9 en Afrique","potentialAction":[{"@type":"SearchAction","target":{"@type":"EntryPoint","urlTemplate":"https:\/\/www.one.org\/fr\/?s={search_term_string}"},"query-input":{"@type":"PropertyValueSpecification","valueRequired":true,"valueName":"search_term_string"}}],"inLanguage":"fr-FR"}]}},"distributor_meta":false,"distributor_terms":false,"distributor_media":false,"distributor_original_site_name":"ONE.org France","distributor_original_site_url":"https:\/\/www.one.org\/fr","push-errors":false,"_links":{"self":[{"href":"https:\/\/www.one.org\/fr\/wp-json\/wp\/v2\/posts\/162538","targetHints":{"allow":["GET"]}}],"collection":[{"href":"https:\/\/www.one.org\/fr\/wp-json\/wp\/v2\/posts"}],"about":[{"href":"https:\/\/www.one.org\/fr\/wp-json\/wp\/v2\/types\/post"}],"replies":[{"embeddable":true,"href":"https:\/\/www.one.org\/fr\/wp-json\/wp\/v2\/comments?post=162538"}],"version-history":[{"count":0,"href":"https:\/\/www.one.org\/fr\/wp-json\/wp\/v2\/posts\/162538\/revisions"}],"wp:featuredmedia":[{"embeddable":true,"href":"https:\/\/www.one.org\/fr\/wp-json\/wp\/v2\/media\/162993"}],"wp:attachment":[{"href":"https:\/\/www.one.org\/fr\/wp-json\/wp\/v2\/media?parent=162538"}],"wp:term":[{"taxonomy":"category","embeddable":true,"href":"https:\/\/www.one.org\/fr\/wp-json\/wp\/v2\/categories?post=162538"},{"taxonomy":"post_tag","embeddable":true,"href":"https:\/\/www.one.org\/fr\/wp-json\/wp\/v2\/tags?post=162538"},{"taxonomy":"topic","embeddable":true,"href":"https:\/\/www.one.org\/fr\/wp-json\/wp\/v2\/topic?post=162538"},{"taxonomy":"contributor","embeddable":true,"href":"https:\/\/www.one.org\/fr\/wp-json\/wp\/v2\/contributor?post=162538"},{"taxonomy":"one_content_audience","embeddable":true,"href":"https:\/\/www.one.org\/fr\/wp-json\/wp\/v2\/one_content_audience?post=162538"},{"taxonomy":"one_content_type","embeddable":true,"href":"https:\/\/www.one.org\/fr\/wp-json\/wp\/v2\/one_content_type?post=162538"},{"taxonomy":"one_content_tone","embeddable":true,"href":"https:\/\/www.one.org\/fr\/wp-json\/wp\/v2\/one_content_tone?post=162538"}],"curies":[{"name":"wp","href":"https:\/\/api.w.org\/{rel}","templated":true}]}}