{"id":162532,"date":"2022-02-09T15:15:12","date_gmt":"2022-02-09T15:15:12","guid":{"rendered":"https:\/\/www.one.org\/fr\/extreme-pauvrete-et-elections-presidentielles-quels-enjeux\/"},"modified":"2024-04-23T12:34:31","modified_gmt":"2024-04-23T12:34:31","slug":"extreme-pauvrete-et-elections-presidentielles","status":"publish","type":"post","link":"https:\/\/www.one.org\/fr\/actualites\/extreme-pauvrete-et-elections-presidentielles\/","title":{"rendered":"Extr\u00eame pauvret\u00e9 et \u00e9lections pr\u00e9sidentielles, quels enjeux ?"},"content":{"rendered":"<h2><strong>Les cons&eacute;quences de la pand&eacute;mie sur la pauvret&eacute;<\/strong><\/h2>\n<p>Pour la premi&egrave;re fois depuis les ann&eacute;es 1990, l&rsquo;extr&ecirc;me pauvret&eacute; augmente dans le monde.<\/p>\n<p>Selon la Banque mondiale, les cons&eacute;quences de la pand&eacute;mie auraient fait basculer plus de 153 millions de personnes suppl&eacute;mentaires dans l&rsquo;extr&ecirc;me pauvret&eacute;, soit une augmentation de pr&egrave;s de 22% par rapport au niveau pr&eacute;-pand&eacute;mie. Ce sont ainsi plus de 800 millions de personnes qui vivent aujourd&rsquo;hui avec moins de 1,90 dollar par jour.<\/p>\n<p>En avril, les &eacute;lections pr&eacute;sidentielles en France seront un moment cl&eacute; pour repenser nos engagements en mati&egrave;re d&rsquo;aide au d&eacute;veloppement et de solidarit&eacute; internationale, dont l&rsquo;impact sur les pays pauvres est d&rsquo;une grande port&eacute;e.<\/p>\n<p>Contribuer &agrave; un monde meilleur l&agrave;-bas, c&rsquo;est aussi participer &agrave; la construction d&rsquo;un monde meilleur ici.<\/p>\n<p>Gr&acirc;ce &agrave; notre mobilisation et &agrave; celle de nos soutiens, nous avons pu obtenir de r&eacute;elles avanc&eacute;es en mati&egrave;re de lutte contre l&rsquo;extr&ecirc;me pauvret&eacute; pendant le quinquennat d&rsquo;Emmanuel Macron : <a href=\"https:\/\/www.one.org\/fr\/nos-victoires\/g7-2019-des-progres-pas-des-promesses\/\">engagement sur l&rsquo;&eacute;galit&eacute; entre les femmes et les hommes lors du G7<\/a>, <a href=\"https:\/\/www.one.org\/fr\/nos-victoires\/le-fonds-mondial-2019\/\">contribution de la France au Fonds mondial<\/a> de lutte contre le sida, la tuberculose et le paludisme, <a href=\"https:\/\/www.one.org\/fr\/nos-victoires\/la-loi-francaise-sur-le-developpement\/\">augmentation de l&rsquo;aide publique au d&eacute;veloppement<\/a>, <a href=\"https:\/\/twitter.com\/ONE_Fr\/status\/1470775247972585476\">avanc&eacute;es sur le partage de doses du vaccin COVID-19<\/a> avec les pays les plus pauvres&hellip;<\/p>\n<p>Autant de victoires qui nous encouragent, mais qui ne sont pas suffisantes pour en finir avec l&rsquo;extr&ecirc;me pauvret&eacute; et les in&eacute;galit&eacute;s mondiales, aujourd&rsquo;hui aggrav&eacute;es par la pand&eacute;mie.<\/p>\n<h2><strong>Les &eacute;lections pr&eacute;sidentielles : un enjeu de taille<\/strong><\/h2>\n<p>Chez ONE, nous souhaitons remettre les enjeux de solidarit&eacute; internationale au c&oelig;ur du d&eacute;bat et, pour cela, nous avons les solutions. Nous demandons au futur ou &agrave; la future Pr&eacute;sident&middot;e de la R&eacute;publique de formuler des propositions concr&egrave;tes sur <a href=\"https:\/\/www.one.org\/onevotefr\/agir\/nos-demandes\/\">ces trois grands axes<\/a> :<\/p>\n<ol>\n<li>Mettre fin &agrave; la pand&eacute;mie partout sur la plan&egrave;te<\/li>\n<li>Soutenir la relance &eacute;conomique des pays africains<\/li>\n<li>Agir en tant que v&eacute;ritable partenaire de l&rsquo;Afrique afin que le continent conserve et d&eacute;veloppe ses propres richesses.<\/li>\n<\/ol>\n<p>Pour parvenir &agrave; obtenir des engagements concrets des candidates et candidats &agrave; l&rsquo;&eacute;lection pr&eacute;sidentielle, nous avons besoin du soutien et de la mobilisation des citoyennes et citoyens &agrave; nos c&ocirc;t&eacute;s.<\/p>\n<h2><strong>Comment pouvez-vous nous aider ?<\/strong><\/h2>\n<p>Vous l&rsquo;aurez s&ucirc;rement remarqu&eacute;, les ann&eacute;es 90 reviennent &agrave; la mode, pour le meilleur comme pour le pire. En effet, nous ne pouvons pas nous permettre de retourner trois d&eacute;cennies en arri&egrave;re en mati&egrave;re d&rsquo;in&eacute;galit&eacute;s. Nous demandons donc aux candidates et aux candidats d&rsquo;inverser la tendance pour que les cinq prochaines ann&eacute;es soient celles d&rsquo;un monde plus juste et solidaire, dans lequel nous sommes toutes et tous &eacute;gaux.<\/p>\n<p><strong>Ensemble, #InversonsLaTendance !&nbsp;<\/strong><\/p>\n<p>Tout au long de la campagne, nous exigerons des candidat&middot;e&middot;s des engagements concrets autour de nos trois recommandations et nous avons besoin de vous ! Ce sont vos actions, votre voix, qui feront avancer notre combat.<\/p>\n<p>Plusieurs outils s&rsquo;offrent &agrave; vous pour porter notre message haut et fort.<\/p>\n<p>Tout d&rsquo;abord, <a href=\"https:\/\/act.one.org\/survey\/onevotefr-petition\/\">signez notre p&eacute;tition<\/a> pour demander aux candidat&middot;e&middot;s de s&rsquo;engager &agrave; nos c&ocirc;t&eacute;s en clarifiant leur programme : nous ne pouvons pas nous permettre de revenir aux ann&eacute;es 1990.<\/p>\n<p>Utilisez &eacute;galement notre <a href=\"https:\/\/www.one.org\/onevotefr\/agir\/suivi\/\">outil de suivi des engagements<\/a> pour interpeller directement les candidates et les candidats. Si vous avez deux minutes, vous pouvez leur envoyer un tweet ou un e-mail pr&eacute; r&eacute;dig&eacute; pour leur demander de partager leurs propositions avec nous. Vous retrouverez les propositions de chaque candidat&middot;e <a href=\"https:\/\/www.one.org\/onevotefr\/comparateur\/\">juste ici dans notre comparateur<\/a>, class&eacute;es selon nos trois grands axes, d&egrave;s lors que nous les recevrons.<\/p>\n<p>Enfin, r&eacute;pondez &agrave; notre<a href=\"https:\/\/act.one.org\/survey\/onevotefr-quiz\/\"> quiz sp&eacute;cial ann&eacute;es 90 et invitez vos proches &agrave; faire de m&ecirc;me !<\/a><\/p>\n<p>Que vous ayez deux secondes ou deux minutes, votre engagement nous est tr&egrave;s pr&eacute;cieux !<\/p>\n<h3>Suivez-nous sur <a href=\"https:\/\/twitter.com\/one_fr\">Twitter<\/a>, <a href=\"https:\/\/www.facebook.com\/ONE.Fr\">Facebook<\/a> et <a href=\"https:\/\/www.instagram.com\/onefrance_ong\">Instagram<\/a> pour ne rien manquer de notre grande campagne de mobilisation !<\/h3>\n<p>&nbsp;<\/p>\n<div class=\"buffer\"><\/div>","protected":false},"excerpt":{"rendered":"<p>Les cons&eacute;quences de la pand&eacute;mie sur la pauvret&eacute; Pour la premi&egrave;re fois depuis les ann&eacute;es 1990, l&rsquo;extr&ecirc;me pauvret&eacute; augmente dans le monde. Selon la Banque mondiale, les cons&eacute;quences de la pand&eacute;mie auraient fait basculer plus de 153 millions de personnes suppl&eacute;mentaires dans l&rsquo;extr&ecirc;me pauvret&eacute;, soit une augmentation de pr&egrave;s de 22% par rapport au niveau [&hellip;]<\/p>\n","protected":false},"author":0,"featured_media":163007,"comment_status":"open","ping_status":"open","sticky":false,"template":"","format":"standard","meta":{"_acf_changed":false,"_relevanssi_hide_post":"","_relevanssi_hide_content":"","_relevanssi_pin_for_all":"","_relevanssi_pin_keywords":"","_relevanssi_unpin_keywords":"","_relevanssi_related_keywords":"","_relevanssi_related_include_ids":"","_relevanssi_related_exclude_ids":"","_relevanssi_related_no_append":"","_relevanssi_related_not_related":"","_relevanssi_related_posts":"164801,164384,164396,163756,163706,163644","_relevanssi_noindex_reason":"","footnotes":""},"categories":[34],"tags":[],"topic":[41,87],"contributor":[],"one_content_audience":[],"one_content_type":[],"one_content_tone":[],"class_list":["post-162532","post","type-post","status-publish","format-standard","has-post-thumbnail","hentry","category-one","topic-aide-au-developpement","topic-election-presidentielle-aide-au-developpement"],"acf":[],"yoast_head":"<!-- This site is optimized with the Yoast SEO Premium plugin v27.1 (Yoast SEO v27.1.1) - https:\/\/yoast.com\/product\/yoast-seo-premium-wordpress\/ -->\n<title>Extr\u00eame pauvret\u00e9 et \u00e9lections pr\u00e9sidentielles, quels enjeux ? - ONE.org France<\/title>\n<meta name=\"description\" content=\"Les \u00e9lections pr\u00e9sidentielles en France seront un moment cl\u00e9 pour repenser nos engagements en mati\u00e8re de solidarit\u00e9 internationale.\" \/>\n<meta name=\"robots\" content=\"index, follow, max-snippet:-1, max-image-preview:large, max-video-preview:-1\" \/>\n<link rel=\"canonical\" href=\"https:\/\/www.one.org\/fr\/actualites\/extreme-pauvrete-et-elections-presidentielles\/\" \/>\n<meta property=\"og:locale\" content=\"fr_FR\" \/>\n<meta property=\"og:type\" content=\"article\" \/>\n<meta property=\"og:title\" content=\"Extr\u00eame pauvret\u00e9 et \u00e9lections pr\u00e9sidentielles, quels enjeux ?\" \/>\n<meta property=\"og:description\" content=\"Les \u00e9lections pr\u00e9sidentielles en France seront un moment cl\u00e9 pour repenser nos engagements en mati\u00e8re de solidarit\u00e9 internationale.\" \/>\n<meta property=\"og:url\" content=\"https:\/\/www.one.org\/fr\/actualites\/extreme-pauvrete-et-elections-presidentielles\/\" \/>\n<meta property=\"og:site_name\" content=\"ONE.org France\" \/>\n<meta property=\"article:publisher\" content=\"https:\/\/www.facebook.com\/ONE.Fr\" \/>\n<meta property=\"article:published_time\" content=\"2022-02-09T15:15:12+00:00\" \/>\n<meta property=\"article:modified_time\" content=\"2024-04-23T12:34:31+00:00\" \/>\n<meta property=\"og:image\" content=\"https:\/\/www.one.org\/fr\/wp-content\/uploads\/sites\/4\/2022\/02\/OVFR_2022_featured_1200x1200_4.jpg\" \/>\n\t<meta property=\"og:image:width\" content=\"1200\" \/>\n\t<meta property=\"og:image:height\" content=\"1200\" \/>\n\t<meta property=\"og:image:type\" content=\"image\/jpeg\" \/>\n<meta name=\"twitter:card\" content=\"summary_large_image\" \/>\n<meta name=\"twitter:creator\" content=\"@one_fr\" \/>\n<meta name=\"twitter:site\" content=\"@one_fr\" \/>\n<meta name=\"twitter:label1\" content=\"Est. reading time\" \/>\n\t<meta name=\"twitter:data1\" content=\"3 minutes\" \/>\n<script type=\"application\/ld+json\" class=\"yoast-schema-graph\">{\"@context\":\"https:\/\/schema.org\",\"@graph\":[{\"@type\":\"Article\",\"@id\":\"https:\/\/www.one.org\/fr\/actualites\/extreme-pauvrete-et-elections-presidentielles\/#article\",\"isPartOf\":{\"@id\":\"https:\/\/www.one.org\/fr\/actualites\/extreme-pauvrete-et-elections-presidentielles\/\"},\"author\":{\"name\":\"\",\"@id\":\"\"},\"headline\":\"Extr\u00eame pauvret\u00e9 et \u00e9lections pr\u00e9sidentielles, quels enjeux ?\",\"datePublished\":\"2022-02-09T15:15:12+00:00\",\"dateModified\":\"2024-04-23T12:34:31+00:00\",\"mainEntityOfPage\":{\"@id\":\"https:\/\/www.one.org\/fr\/actualites\/extreme-pauvrete-et-elections-presidentielles\/\"},\"wordCount\":813,\"commentCount\":0,\"image\":{\"@id\":\"https:\/\/www.one.org\/fr\/actualites\/extreme-pauvrete-et-elections-presidentielles\/#primaryimage\"},\"thumbnailUrl\":\"https:\/\/www.one.org\/fr\/wp-content\/uploads\/sites\/4\/2022\/02\/OVFR_2022_featured_1200x1200_4.jpg\",\"articleSection\":[\"ONE\"],\"inLanguage\":\"fr-FR\",\"potentialAction\":[{\"@type\":\"CommentAction\",\"name\":\"Comment\",\"target\":[\"https:\/\/www.one.org\/fr\/actualites\/extreme-pauvrete-et-elections-presidentielles\/#respond\"]}]},{\"@type\":\"WebPage\",\"@id\":\"https:\/\/www.one.org\/fr\/actualites\/extreme-pauvrete-et-elections-presidentielles\/\",\"url\":\"https:\/\/www.one.org\/fr\/actualites\/extreme-pauvrete-et-elections-presidentielles\/\",\"name\":\"Extr\u00eame pauvret\u00e9 et \u00e9lections pr\u00e9sidentielles, quels enjeux ? - ONE.org France\",\"isPartOf\":{\"@id\":\"https:\/\/www.one.org\/fr\/#website\"},\"primaryImageOfPage\":{\"@id\":\"https:\/\/www.one.org\/fr\/actualites\/extreme-pauvrete-et-elections-presidentielles\/#primaryimage\"},\"image\":{\"@id\":\"https:\/\/www.one.org\/fr\/actualites\/extreme-pauvrete-et-elections-presidentielles\/#primaryimage\"},\"thumbnailUrl\":\"https:\/\/www.one.org\/fr\/wp-content\/uploads\/sites\/4\/2022\/02\/OVFR_2022_featured_1200x1200_4.jpg\",\"datePublished\":\"2022-02-09T15:15:12+00:00\",\"dateModified\":\"2024-04-23T12:34:31+00:00\",\"author\":{\"@id\":\"\"},\"description\":\"Les \u00e9lections pr\u00e9sidentielles en France seront un moment cl\u00e9 pour repenser nos engagements en mati\u00e8re de solidarit\u00e9 internationale.\",\"breadcrumb\":{\"@id\":\"https:\/\/www.one.org\/fr\/actualites\/extreme-pauvrete-et-elections-presidentielles\/#breadcrumb\"},\"inLanguage\":\"fr-FR\",\"potentialAction\":[{\"@type\":\"ReadAction\",\"target\":[\"https:\/\/www.one.org\/fr\/actualites\/extreme-pauvrete-et-elections-presidentielles\/\"]}]},{\"@type\":\"ImageObject\",\"inLanguage\":\"fr-FR\",\"@id\":\"https:\/\/www.one.org\/fr\/actualites\/extreme-pauvrete-et-elections-presidentielles\/#primaryimage\",\"url\":\"https:\/\/www.one.org\/fr\/wp-content\/uploads\/sites\/4\/2022\/02\/OVFR_2022_featured_1200x1200_4.jpg\",\"contentUrl\":\"https:\/\/www.one.org\/fr\/wp-content\/uploads\/sites\/4\/2022\/02\/OVFR_2022_featured_1200x1200_4.jpg\",\"width\":1200,\"height\":1200},{\"@type\":\"BreadcrumbList\",\"@id\":\"https:\/\/www.one.org\/fr\/actualites\/extreme-pauvrete-et-elections-presidentielles\/#breadcrumb\",\"itemListElement\":[{\"@type\":\"ListItem\",\"position\":1,\"name\":\"Home\",\"item\":\"https:\/\/www.one.org\/fr\/\"},{\"@type\":\"ListItem\",\"position\":2,\"name\":\"Extr\u00eame pauvret\u00e9 et \u00e9lections pr\u00e9sidentielles, quels enjeux ?\"}]},{\"@type\":\"WebSite\",\"@id\":\"https:\/\/www.one.org\/fr\/#website\",\"url\":\"https:\/\/www.one.org\/fr\/\",\"name\":\"ONE.org\",\"description\":\"Cr\u00e9er des opportunit\u00e9s \u00e9conomiques et am\u00e9liorer la sant\u00e9 en Afrique\",\"potentialAction\":[{\"@type\":\"SearchAction\",\"target\":{\"@type\":\"EntryPoint\",\"urlTemplate\":\"https:\/\/www.one.org\/fr\/?s={search_term_string}\"},\"query-input\":{\"@type\":\"PropertyValueSpecification\",\"valueRequired\":true,\"valueName\":\"search_term_string\"}}],\"inLanguage\":\"fr-FR\"}]}<\/script>\n<!-- \/ Yoast SEO Premium plugin. -->","yoast_head_json":{"title":"Extr\u00eame pauvret\u00e9 et \u00e9lections pr\u00e9sidentielles, quels enjeux ? - ONE.org France","description":"Les \u00e9lections pr\u00e9sidentielles en France seront un moment cl\u00e9 pour repenser nos engagements en mati\u00e8re de solidarit\u00e9 internationale.","robots":{"index":"index","follow":"follow","max-snippet":"max-snippet:-1","max-image-preview":"max-image-preview:large","max-video-preview":"max-video-preview:-1"},"canonical":"https:\/\/www.one.org\/fr\/actualites\/extreme-pauvrete-et-elections-presidentielles\/","og_locale":"fr_FR","og_type":"article","og_title":"Extr\u00eame pauvret\u00e9 et \u00e9lections pr\u00e9sidentielles, quels enjeux ?","og_description":"Les \u00e9lections pr\u00e9sidentielles en France seront un moment cl\u00e9 pour repenser nos engagements en mati\u00e8re de solidarit\u00e9 internationale.","og_url":"https:\/\/www.one.org\/fr\/actualites\/extreme-pauvrete-et-elections-presidentielles\/","og_site_name":"ONE.org France","article_publisher":"https:\/\/www.facebook.com\/ONE.Fr","article_published_time":"2022-02-09T15:15:12+00:00","article_modified_time":"2024-04-23T12:34:31+00:00","og_image":[{"width":1200,"height":1200,"url":"https:\/\/www.one.org\/fr\/wp-content\/uploads\/sites\/4\/2022\/02\/OVFR_2022_featured_1200x1200_4.jpg","type":"image\/jpeg"}],"twitter_card":"summary_large_image","twitter_creator":"@one_fr","twitter_site":"@one_fr","twitter_misc":{"Est. reading time":"3 minutes"},"schema":{"@context":"https:\/\/schema.org","@graph":[{"@type":"Article","@id":"https:\/\/www.one.org\/fr\/actualites\/extreme-pauvrete-et-elections-presidentielles\/#article","isPartOf":{"@id":"https:\/\/www.one.org\/fr\/actualites\/extreme-pauvrete-et-elections-presidentielles\/"},"author":{"name":"","@id":""},"headline":"Extr\u00eame pauvret\u00e9 et \u00e9lections pr\u00e9sidentielles, quels enjeux ?","datePublished":"2022-02-09T15:15:12+00:00","dateModified":"2024-04-23T12:34:31+00:00","mainEntityOfPage":{"@id":"https:\/\/www.one.org\/fr\/actualites\/extreme-pauvrete-et-elections-presidentielles\/"},"wordCount":813,"commentCount":0,"image":{"@id":"https:\/\/www.one.org\/fr\/actualites\/extreme-pauvrete-et-elections-presidentielles\/#primaryimage"},"thumbnailUrl":"https:\/\/www.one.org\/fr\/wp-content\/uploads\/sites\/4\/2022\/02\/OVFR_2022_featured_1200x1200_4.jpg","articleSection":["ONE"],"inLanguage":"fr-FR","potentialAction":[{"@type":"CommentAction","name":"Comment","target":["https:\/\/www.one.org\/fr\/actualites\/extreme-pauvrete-et-elections-presidentielles\/#respond"]}]},{"@type":"WebPage","@id":"https:\/\/www.one.org\/fr\/actualites\/extreme-pauvrete-et-elections-presidentielles\/","url":"https:\/\/www.one.org\/fr\/actualites\/extreme-pauvrete-et-elections-presidentielles\/","name":"Extr\u00eame pauvret\u00e9 et \u00e9lections pr\u00e9sidentielles, quels enjeux ? - ONE.org France","isPartOf":{"@id":"https:\/\/www.one.org\/fr\/#website"},"primaryImageOfPage":{"@id":"https:\/\/www.one.org\/fr\/actualites\/extreme-pauvrete-et-elections-presidentielles\/#primaryimage"},"image":{"@id":"https:\/\/www.one.org\/fr\/actualites\/extreme-pauvrete-et-elections-presidentielles\/#primaryimage"},"thumbnailUrl":"https:\/\/www.one.org\/fr\/wp-content\/uploads\/sites\/4\/2022\/02\/OVFR_2022_featured_1200x1200_4.jpg","datePublished":"2022-02-09T15:15:12+00:00","dateModified":"2024-04-23T12:34:31+00:00","author":{"@id":""},"description":"Les \u00e9lections pr\u00e9sidentielles en France seront un moment cl\u00e9 pour repenser nos engagements en mati\u00e8re de solidarit\u00e9 internationale.","breadcrumb":{"@id":"https:\/\/www.one.org\/fr\/actualites\/extreme-pauvrete-et-elections-presidentielles\/#breadcrumb"},"inLanguage":"fr-FR","potentialAction":[{"@type":"ReadAction","target":["https:\/\/www.one.org\/fr\/actualites\/extreme-pauvrete-et-elections-presidentielles\/"]}]},{"@type":"ImageObject","inLanguage":"fr-FR","@id":"https:\/\/www.one.org\/fr\/actualites\/extreme-pauvrete-et-elections-presidentielles\/#primaryimage","url":"https:\/\/www.one.org\/fr\/wp-content\/uploads\/sites\/4\/2022\/02\/OVFR_2022_featured_1200x1200_4.jpg","contentUrl":"https:\/\/www.one.org\/fr\/wp-content\/uploads\/sites\/4\/2022\/02\/OVFR_2022_featured_1200x1200_4.jpg","width":1200,"height":1200},{"@type":"BreadcrumbList","@id":"https:\/\/www.one.org\/fr\/actualites\/extreme-pauvrete-et-elections-presidentielles\/#breadcrumb","itemListElement":[{"@type":"ListItem","position":1,"name":"Home","item":"https:\/\/www.one.org\/fr\/"},{"@type":"ListItem","position":2,"name":"Extr\u00eame pauvret\u00e9 et \u00e9lections pr\u00e9sidentielles, quels enjeux ?"}]},{"@type":"WebSite","@id":"https:\/\/www.one.org\/fr\/#website","url":"https:\/\/www.one.org\/fr\/","name":"ONE.org","description":"Cr\u00e9er des opportunit\u00e9s \u00e9conomiques et am\u00e9liorer la sant\u00e9 en Afrique","potentialAction":[{"@type":"SearchAction","target":{"@type":"EntryPoint","urlTemplate":"https:\/\/www.one.org\/fr\/?s={search_term_string}"},"query-input":{"@type":"PropertyValueSpecification","valueRequired":true,"valueName":"search_term_string"}}],"inLanguage":"fr-FR"}]}},"distributor_meta":false,"distributor_terms":false,"distributor_media":false,"distributor_original_site_name":"ONE.org France","distributor_original_site_url":"https:\/\/www.one.org\/fr","push-errors":false,"_links":{"self":[{"href":"https:\/\/www.one.org\/fr\/wp-json\/wp\/v2\/posts\/162532","targetHints":{"allow":["GET"]}}],"collection":[{"href":"https:\/\/www.one.org\/fr\/wp-json\/wp\/v2\/posts"}],"about":[{"href":"https:\/\/www.one.org\/fr\/wp-json\/wp\/v2\/types\/post"}],"replies":[{"embeddable":true,"href":"https:\/\/www.one.org\/fr\/wp-json\/wp\/v2\/comments?post=162532"}],"version-history":[{"count":0,"href":"https:\/\/www.one.org\/fr\/wp-json\/wp\/v2\/posts\/162532\/revisions"}],"wp:featuredmedia":[{"embeddable":true,"href":"https:\/\/www.one.org\/fr\/wp-json\/wp\/v2\/media\/163007"}],"wp:attachment":[{"href":"https:\/\/www.one.org\/fr\/wp-json\/wp\/v2\/media?parent=162532"}],"wp:term":[{"taxonomy":"category","embeddable":true,"href":"https:\/\/www.one.org\/fr\/wp-json\/wp\/v2\/categories?post=162532"},{"taxonomy":"post_tag","embeddable":true,"href":"https:\/\/www.one.org\/fr\/wp-json\/wp\/v2\/tags?post=162532"},{"taxonomy":"topic","embeddable":true,"href":"https:\/\/www.one.org\/fr\/wp-json\/wp\/v2\/topic?post=162532"},{"taxonomy":"contributor","embeddable":true,"href":"https:\/\/www.one.org\/fr\/wp-json\/wp\/v2\/contributor?post=162532"},{"taxonomy":"one_content_audience","embeddable":true,"href":"https:\/\/www.one.org\/fr\/wp-json\/wp\/v2\/one_content_audience?post=162532"},{"taxonomy":"one_content_type","embeddable":true,"href":"https:\/\/www.one.org\/fr\/wp-json\/wp\/v2\/one_content_type?post=162532"},{"taxonomy":"one_content_tone","embeddable":true,"href":"https:\/\/www.one.org\/fr\/wp-json\/wp\/v2\/one_content_tone?post=162532"}],"curies":[{"name":"wp","href":"https:\/\/api.w.org\/{rel}","templated":true}]}}