{"id":162530,"date":"2022-02-04T14:57:38","date_gmt":"2022-02-04T14:57:38","guid":{"rendered":"https:\/\/www.one.org\/fr\/en-afrique-sous-estimation-pandemique\/"},"modified":"2024-04-23T12:34:33","modified_gmt":"2024-04-23T12:34:33","slug":"ondes-de-choc-sous-estimation-pandemie","status":"publish","type":"post","link":"https:\/\/www.one.org\/fr\/actualites\/ondes-de-choc-sous-estimation-pandemie\/","title":{"rendered":"En Afrique, sous-estimation pand\u00e9mique"},"content":{"rendered":"<p><em>Un tour d\u2019horizon des derni\u00e8res actualit\u00e9s, statistiques et analyses de l\u2019impact du COVID-19 en Afrique. Cette semaine, dans Ondes de Choc: une \u00e9crasante majorit\u00e9 des Sud-Africains infect\u00e9s par le COVID-19, un gaspillage des soins de sant\u00e9 \u00e9poustouflant, et une crise de sant\u00e9 mentale n\u00e9e de la pand\u00e9mie.<\/em><\/p>\n<h2>Actualit\u00e9s<\/h2>\n<p><strong>Un \u00e9cart de taille:<\/strong> L\u2019Afrique du Sud a supprim\u00e9 la quarantaine pour les cas asymptomatiques de COVID-19 et l\u2019a r\u00e9duite \u00e0 7 jours pour les cas symptomatiques. Ce changement de politique d\u00e9coule de nouvelles recherches sugg\u00e9rant que <a href=\"https:\/\/www.lesechos.fr\/monde\/afrique-moyen-orient\/lafrique-du-sud-relache-un-peu-plus-ses-mesures-contre-le-covid-1384032\">60 \u00e0 80 % des Sud-Africains<\/a> ont d\u00e9j\u00e0 \u00e9t\u00e9 infect\u00e9s. L\u2019assouplissement des restrictions a d\u00e9clench\u00e9 <a href=\"https:\/\/www.bloomberg.com\/news\/articles\/2022-02-01\/south-african-factory-sentiment-rebounds-as-virus-curbs-ease\">un essor de l\u2019industrie manufacturi\u00e8re<\/a> (qui repr\u00e9sente 13 % du PIB). Mais les taux d\u2019infection \u00e9lev\u00e9s, jusqu\u2019alors non d\u00e9tect\u00e9s, ont des implications alarmantes : selon les donn\u00e9es officielles, \u00e0 peine <a href=\"https:\/\/www.one.org\/africa\/issues\/covid-19-tracker\/explore-country\/?country=ZAF\">3,6 millions de personnes<\/a> (soit 6 %) ont \u00e9t\u00e9 test\u00e9es positives. Un taux de positivit\u00e9 10 \u00e0 13 fois plus \u00e9lev\u00e9 que les taux officiels indique un grave sous-d\u00e9pistage et une sous-d\u00e9claration des d\u00e9c\u00e8s dus au COVID. Le Malawi et d\u2019autres pays africains <a href=\"https:\/\/www.npr.org\/sections\/goatsandsoda\/2022\/01\/28\/1072591923\/africa-may-have-reached-the-pandemics-holy-grail?utm_source=npr_newsletter&amp;utm_medium=email&amp;utm_content=20220128&amp;utm_term=6255814&amp;utm_campaign=goats-and-soda&amp;utm_id=58569972&amp;orgid=305&amp;utm_att1=nprnews\">sont dans une situation similaire<\/a>.<\/p>\n<p><strong>La pand\u00e9mie est une ordure :<\/strong> 87 000 tonnes d\u2019\u00e9quipements de protection personnelle (gants, masques, blouses d\u2019h\u00f4pital, etc) pourraient <a href=\"https:\/\/www.who.int\/fr\/news\/item\/01-02-2022-tonnes-of-covid-19-health-care-waste-expose-urgent-need-to-improve-waste-management-systems\">\u00eatre jet\u00e9s<\/a> sur la plan\u00e8te, et <a href=\"https:\/\/www.who.int\/multi-media\/details\/nearly-1-3-of-personal-protective-equipment-shipped-cannot-be-safely-bagged-or-stored-because-of-too-few-biohazards-bags\">pr\u00e8s d\u2019un tiers<\/a> ne peuvent \u00eatre emball\u00e9s ou stock\u00e9s en toute s\u00e9curit\u00e9. La quantit\u00e9 impressionnante de d\u00e9chets m\u00e9dicaux r\u00e9sultant de la pand\u00e9mie souligne l\u2019urgence d\u2019am\u00e9liorer les syst\u00e8mes de gestion des d\u00e9chets, notamment dans les pays \u00e0 faible revenu. 140 millions de tests jet\u00e9s pourraient se traduire par 2 600 tonnes de d\u00e9chets plastiques et 731 000 litres de d\u00e9chets chimiques (assez pour remplir un tiers d\u2019une piscine olympique ?). M\u00eame avant la pand\u00e9mie, on estimait que les d\u00e9chets en Afrique subsaharienne allaient <a href=\"https:\/\/www.weforum.org\/agenda\/2019\/05\/this-is-what-the-world-s-waste-does-to-people-in-poorer-countries\/\">tripler d\u2019ici 2050<\/a>.<\/p>\n<p><strong>Changement de cap : <\/strong>L\u2019enrayement de <a href=\"https:\/\/www.businessdailyafrica.com\/bd\/corporate\/shipping-logistics\/africa-faces-shortage-of-goods-as-china-ports-shut-3693788\">la cha\u00eene d\u2019approvisionnement mondiale<\/a> pourrait toucher plus durement les pays africains dans les semaines \u00e0 venir, alors que les navires des plus grandes compagnies maritimes du monde modifient leur itin\u00e9raire pour \u00e9viter la r\u00e9cente <a href=\"https:\/\/www.epochtimes.fr\/flambees-de-covid-19-chine-perturbent-toujours-plus-chaines-dapprovisionnement-mondiales-1942706.html\">fermeture des ports chinois<\/a> due au COVID-19. La Chine \u00e9tant un partenaire commercial majeur de l\u2019Afrique (le commerce sino-africain a <a href=\"https:\/\/www.theeastafrican.co.ke\/tea\/business\/china-port-closures-cause-panic-in-global-supply-chain-3698368\">d\u00e9pass\u00e9 185 milliards de dollars<\/a> de janvier \u00e0 septembre 2021), les cons\u00e9quences sont importantes (et pr\u00e9visibles). Mais alors que les compagnies maritimes vacillent, les connexions num\u00e9riques fleurissent : <a href=\"https:\/\/business.ladn.eu\/experts-metiers\/par-secteurs\/retail\/ecommerce-chine-diplomatie-livestreaming\/\">les ambassadeurs du Rwanda et de l\u2019\u00c9thiopie<\/a> se mettent en sc\u00e8ne sur internet pour vendre du caf\u00e9 en Chine.<\/p>\n<p><strong>A garder en t\u00eate :<\/strong> La crise de sant\u00e9 mentale provoqu\u00e9e par le COVID au Ghana pousse les services disponibles <a href=\"https:\/\/citinewsroom.com\/2022\/01\/impact-of-covid-19-on-mental-health-lessons-for-mental-healthcare-in-ghana-article\/\">\u00e0 un point de rupture<\/a> \u2013 et la plupart des soins sont hors de port\u00e9e pour la majorit\u00e9 des Ghan\u00e9ens. Le pays ne compte que <a href=\"https:\/\/www.mindbank.info\/item\/7134\">55 psychiatres et psychologues<\/a> pour 30,8 millions d\u2019habitants \u2013 contre <a href=\"https:\/\/www.assemblee-nationale.fr\/dyn\/15\/textes\/l15b4055_proposition-loi\">1 pour 1 .130 habitants en France<\/a>. Le financement des services de sant\u00e9 mentale au Ghana repr\u00e9sente moins de 0,005 % du budget du gouvernement ?. Au risque d\u2019enfoncer une porte ouverte, vivre des ann\u00e9es de pand\u00e9mie mondiale et d\u2019importants ralentissements \u00e9conomiques est une mauvaise nouvelle aussi bien pour la sant\u00e9 mentale que la sant\u00e9 physique.<\/p>\n<p><strong>Sant\u00e9 autog\u00e9r\u00e9e :<\/strong> On estime que 12 millions de femmes dans le monde ont vu leur <a href=\"https:\/\/thenationonlineng.net\/how-covid-19-boosted-self-care-in-family-planning\/\">acc\u00e8s aux contraceptifs perturb\u00e9<\/a> par la pand\u00e9mie, ce qui a entra\u00een\u00e9 pr\u00e8s de 1,4 million de grossesses non d\u00e9sir\u00e9es l\u2019an dernier dans 115 pays \u00e0 revenu faible ou interm\u00e9diaire. Parall\u00e8lement, le nombre de femmes ayant acc\u00e8s \u00e0 des contraceptifs auto-administr\u00e9s a doubl\u00e9 dans l\u2019\u00c9tat du Niger, au Nigeria. Ce que l\u2019on appelle <a href=\"https:\/\/www.mckinsey.com\/industries\/public-and-social-sector\/our-insights\/self-care-meeting-contraception-needs-in-africa\">\u201cl\u2019autogestion\u201d de la planification familiale<\/a> permet aux femmes et aux familles de prendre le contr\u00f4le de leurs soins de sant\u00e9 et de planifier leurs grossesses au moment qui leur convient, ce qui leur \u00e9vite de devoir se rendre constamment dans des \u00e9tablissements de sant\u00e9.<\/p>\n<p><strong>In\u00e9galit\u00e9 boomerang :<\/strong> Selon une <a href=\"https:\/\/www.nature.com\/articles\/s41562-022-01289-8\">nouvelle \u00e9tude<\/a>, si les pays riches partageaient la moiti\u00e9 de leurs doses de vaccins COVID-19 avec les pays pauvres, le nombre de d\u00e9c\u00e8s diminuerait partout. Le principe est simple : l\u2019in\u00e9galit\u00e9 vaccinale permet la propagation et la mutation continue du virus, qui, comme les variants Delta et Omicron l\u2019ont d\u00e9j\u00e0 prouv\u00e9, nous affectent tous, y compris dans les pays qui se r\u00e9servent la majorit\u00e9 des doses. Winnie Byanyimia, responsable de l\u2019ONUSIDA, <a href=\"https:\/\/www.linkedin.com\/pulse\/hiv-covid-19-inequity-deadly-winnie-byanyima\/?trackingId=0x4UR2NfkDwNiTE20mBNtw%3D%3D\">demande une d\u00e9rogation temporaire<\/a> \u00e0 la propri\u00e9t\u00e9 intellectuelle afin d\u2019acc\u00e9l\u00e9rer la production de vaccins dans le monde. Comme <a href=\"https:\/\/www.lesechos.fr\/monde\/afrique-moyen-orient\/le-milliardaire-soon-shiong-lance-une-usine-de-vaccins-anti-covid-en-afrique-du-sud-1380354\">l\u2019Afrique du Sud<\/a>, le Maroc n\u2019attend plus : le pays<a href=\"https:\/\/www.lepoint.fr\/afrique\/vaccins-anti-covid-le-maroc-lance-une-nouvelle-usine-de-fabrication-28-01-2022-2462438_3826.php\"> construit une deuxi\u00e8me usine<\/a> de fabrication de vaccins COVID et vise une production de 20 millions de doses par mois d\u2019ici fin 2022 pour acc\u00e9l\u00e9rer la vaccination sur son territoire.<\/p>\n<p><strong>Trou de la s\u00e9cu :<\/strong> Les 6 millions de K\u00e9nyans qui b\u00e9n\u00e9ficient de l\u2019assurance maladie nationale <a href=\"https:\/\/nation.africa\/kenya\/news\/kenyans-can-use-nhif-card-at-private-hospitals-says-dr-mwangangi-3700272\">ont failli se retrouver<\/a> sans soins apr\u00e8s la rupture des n\u00e9gociations contractuelles entre les assureurs publics et le secteur hospitalier priv\u00e9. Le r\u00e9gime d\u2019assurance est en proie \u00e0 des difficult\u00e9s depuis son introduction en 2004, et seuls <a href=\"https:\/\/www.ncbi.nlm.nih.gov\/pmc\/articles\/PMC7565744\/\">11 % des Kenyans sont couverts<\/a>. La plupart d\u2019entre eux n\u2019ont pas les moyens de payer le co\u00fbt de la couverture ou ne sont pas \u00e9ligibles parce qu\u2019ils travaillent dans le secteur informel. Le syst\u00e8me de sant\u00e9 \u00e9tant soumis \u00e0 une pression croissante, les travailleurs de la sant\u00e9 se <a href=\"https:\/\/nation.africa\/kenya\/counties\/kwale\/kwale-taita-taveta-face-crisis-as-health-workers-plan-fresh-strikes-3700472\">sont mis en gr\u00e8ve<\/a> dans tout le pays, frustr\u00e9s par la stagnation des salaires et le gel des promotions pendant cinq ans. Les n\u00e9gociations contractuelles et les gr\u00e8ves se poursuivent.<\/p>\n<p><strong>G\u00e9nie givr\u00e9 : <\/strong>La livraison de vaccins dans les zones rurales du Kenya est devenue possible gr\u00e2ce \u00e0 <a href=\"https:\/\/fr.africanews.com\/2022\/01\/27\/kenya-le-vaccibox-un-refrigerateur-portable-pour-stocker-les-vaccins\/\">un r\u00e9frig\u00e9rateur \u00e0 \u00e9nergie solaire<\/a>, mis au point par une jeune ing\u00e9nieure k\u00e9nyane, Norah Magero. La Vaccibox peut \u00eatre transport\u00e9e sur un v\u00e9lo, une moto ou un petit bateau, ce qui permet de combler le manque de stockage de la cha\u00eene du froid dans le pays. <a href=\"https:\/\/data.worldbank.org\/indicator\/SP.RUR.TOTL.ZS?locations=KE\">Plus de 70 % de la population<\/a> du Kenya vit dans des zones rurales. Dans l\u2019ensemble de l\u2019Afrique subsaharienne, ce pourcentage est de <a href=\"https:\/\/data.worldbank.org\/indicator\/SP.RUR.TOTL.ZS?locations=ZG\">pr\u00e8s de 60 %<\/a>. L\u2019acc\u00e8s \u00e0 l\u2019\u00e9lectricit\u00e9 dans les zones rurales est limit\u00e9, ce qui rend difficile le transport des vaccins sensibles \u00e0 la temp\u00e9rature. Dans <a href=\"https:\/\/www.esi-africa.com\/industry-sectors\/generation\/solar\/op-ed-the-battle-for-refrigeration-of-vaccines-in-africa\/\">la bataille pour la r\u00e9frig\u00e9ration<\/a> des vaccins en Afrique, des inventions comme la Vaccibox sont indispensables.<\/p>\n<p><strong>En faute :<\/strong> Le gouvernement militaire qui contr\u00f4le actuellement le Mali <a href=\"https:\/\/www.lefigaro.fr\/conjoncture\/sanctions-ouest-africaines-defaut-de-paiement-du-mali-sur-le-marche-financier-20220202#:~:text=Le%20gouvernement%20malien%20a%20annonc%C3%A9,par%20les%20%C3%89tats%20ouest%2Dafricains.\">a fait d\u00e9faut<\/a> sur pr\u00e8s de <a href=\"https:\/\/www.bloomberg.com\/news\/articles\/2022-02-02\/mali-defaults-on-domestic-debt-after-economic-bloc-s-sanctions\">32 millions de dollars<\/a> de paiements obligataires. Il a accus\u00e9 les sanctions impos\u00e9es par la Communaut\u00e9 \u00e9conomique des \u00c9tats de l\u2019Afrique de l\u2019Ouest (CEDEAO) \u00e0 la suite du <a href=\"https:\/\/www.un.org\/press\/en\/2022\/sc14762.doc.htm\">refus de l\u2019arm\u00e9e<\/a> d\u2019organiser des \u00e9lections avant la fin de 2025. Les dirigeants int\u00e9rimaires du <a href=\"https:\/\/www.france24.com\/fr\/afrique\/20220110-apr%C3%A8s-les-sanctions-de-la-c%C3%A9d%C3%A9ao-le-mali-rappelle-ses-ambassadeurs-et-ferme-ses-fronti%C3%A8res\">Mali ont menac\u00e9<\/a> de fermer les fronti\u00e8res avec les \u00c9tats membres de la CEDEAO et rappel\u00e9 ses ambassadeurs en raison des sanctions. Le taux de vaccination au <a href=\"https:\/\/www.one.org\/africa\/issues\/covid-19-tracker\/explore-country\/?country=MLI\">Mali n\u2019est que de 3 %<\/a> et la pand\u00e9mie a eu un impact consid\u00e9rable <a href=\"https:\/\/reliefweb.int\/report\/mali\/unicef-mali-humanitarian-situation-report-no-12-january-december-2021\">sur le d\u00e9ploiement de l\u2019aide humanitaire<\/a> destin\u00e9e \u00e0 soutenir les 20 millions de personnes prises dans cette lutte pour le pouvoir.<\/p>\n<p>Le Kenya et l\u2019UE <a href=\"https:\/\/www.euractiv.fr\/section\/aide-au-developpement\/news\/lue-sera-un-%E2%80%89partenaire-commercial-et-non-un-donateur%E2%80%89-du-kenya-selon-m-borrell\/\">ont annonc\u00e9<\/a> qu\u2019ils pr\u00e9voyaient de commencer \u00e0 travailler sur des documents strat\u00e9giques pour cadrer un partenariat pour la paix et le d\u00e9veloppement. En pr\u00e9vision du sommet Union africaine \u2013 Union europ\u00e9enne qui se tiendra ce mois-ci \u00e0 Bruxelles, les deux parties ont \u00e9galement lanc\u00e9 le programme de coop\u00e9ration Kenya \u2013 Union europ\u00e9enne pour le d\u00e9veloppement \u00e9cologique, dot\u00e9 d\u2019un budget de 361 millions de dollars. Mais le sommet ne s\u2019annonce pas de tout repos : le Burkina Faso <a href=\"https:\/\/www.lemonde.fr\/afrique\/article\/2022\/01\/31\/coup-d-etat-au-burkina-faso-le-pays-suspendu-par-l-union-africaine_6111721_3212.html\">a \u00e9t\u00e9 suspendu<\/a> \u00e0 la suite de son r\u00e9cent coup d\u2019\u00c9tat, et les tensions s\u2019intensifient <a href=\"https:\/\/www.france24.com\/fr\/france\/20220201-expulsion-de-l-ambassadeur-de-france-au-mali-les-r%C3%A9actions-des-candidats-%C3%A0-la-pr%C3%A9sidentielle\">entre la France et le Mali<\/a> au moment m\u00eame o\u00f9 la France prend la t\u00eate du Conseil de l\u2019Union europ\u00e9enne. A suivre!<\/p>\n<h2><strong>Les chiffres :<\/strong><\/h2>\n<ul>\n<li><strong>25,9 vaccins<\/strong> ont \u00e9t\u00e9 administr\u00e9s pour <a href=\"https:\/\/www.one.org\/africa\/issues\/covid-19-tracker\/\">100 personnes en Afrique<\/a>, contre 160,7 en Europe.<\/li>\n<li><strong>5 millions de travailleurs<\/strong> <a href=\"https:\/\/www.ilo.org\/wcmsp5\/groups\/public\/---dgreports\/---dcomm\/---publ\/documents\/publication\/wcms_834081.pdf\">sont tomb\u00e9s dans la pauvret\u00e9<\/a> en Afrique en 2020.<\/li>\n<li><strong>188,2 millions de dollars : <\/strong>Les paiements de la dette de Djibouti en 2021, <a href=\"https:\/\/www.one.org\/africa\/issues\/covid-19-tracker\/explore-country\/?country=DJI#debt-topic\">3,5 fois plus \u00e9lev\u00e9s<\/a> qu\u2019en 2020.<\/li>\n<\/ul>\n<h3><em><a href=\"https:\/\/www.one.org\/fr\/nos-combats\/ondes-de-choc\/\">Inscrivez-vous<\/a> pour recevoir Ondes de choc<span style=\"text-decoration: underline\">,<\/span> notre nouvelle newsletter hebdomadaire pour suivre l\u2019impact r\u00e9el du COVID-19 en Afrique. Nous vous proposons des analyses pointues, succinctes et r\u00e9fl\u00e9chies de la part des experts de ONE.<\/em><\/h3>\n<div class=\"buffer\"><\/div>","protected":false},"excerpt":{"rendered":"<p>Un tour d\u2019horizon des derni\u00e8res actualit\u00e9s, statistiques et analyses de l\u2019impact du COVID-19 en Afrique. Cette semaine, dans Ondes de Choc: une \u00e9crasante majorit\u00e9 des Sud-Africains infect\u00e9s par le COVID-19, un gaspillage des soins de sant\u00e9 \u00e9poustouflant, et une crise de sant\u00e9 mentale n\u00e9e de la pand\u00e9mie. Actualit\u00e9s Un \u00e9cart de taille: L\u2019Afrique du Sud [&hellip;]<\/p>\n","protected":false},"author":0,"featured_media":163009,"comment_status":"open","ping_status":"open","sticky":false,"template":"","format":"standard","meta":{"_acf_changed":false,"_relevanssi_hide_post":"","_relevanssi_hide_content":"","_relevanssi_pin_for_all":"","_relevanssi_pin_keywords":"","_relevanssi_unpin_keywords":"","_relevanssi_related_keywords":"","_relevanssi_related_include_ids":"","_relevanssi_related_exclude_ids":"","_relevanssi_related_no_append":"","_relevanssi_related_not_related":"","_relevanssi_related_posts":"164801,164384,164396,163756,163706,163644","_relevanssi_noindex_reason":"","footnotes":""},"categories":[68],"tags":[],"topic":[86],"contributor":[33],"one_content_audience":[],"one_content_type":[],"one_content_tone":[],"class_list":["post-162530","post","type-post","status-publish","format-standard","has-post-thumbnail","hentry","category-analyse","topic-ondes-de-choc","contributor-one-france"],"acf":[],"yoast_head":"<!-- This site is optimized with the Yoast SEO Premium plugin v27.1 (Yoast SEO v27.1.1) - https:\/\/yoast.com\/product\/yoast-seo-premium-wordpress\/ -->\n<title>En Afrique, sous-estimation pand\u00e9mique - ONE.org France<\/title>\n<meta name=\"description\" content=\"Cette semaine dans Ondes de choc : une \u00e9crasante majorit\u00e9 des Sud-Africains infect\u00e9s par le COVID-19 et plus encore...\" \/>\n<meta name=\"robots\" content=\"index, follow, max-snippet:-1, max-image-preview:large, max-video-preview:-1\" \/>\n<link rel=\"canonical\" href=\"https:\/\/www.one.org\/fr\/actualites\/ondes-de-choc-sous-estimation-pandemie\/\" \/>\n<meta property=\"og:locale\" content=\"fr_FR\" \/>\n<meta property=\"og:type\" content=\"article\" \/>\n<meta property=\"og:title\" content=\"En Afrique, sous-estimation pand\u00e9mique\" \/>\n<meta property=\"og:description\" content=\"Cette semaine dans Ondes de choc : une \u00e9crasante majorit\u00e9 des Sud-Africains infect\u00e9s par le COVID-19 et plus encore...\" \/>\n<meta property=\"og:url\" content=\"https:\/\/www.one.org\/fr\/actualites\/ondes-de-choc-sous-estimation-pandemie\/\" \/>\n<meta property=\"og:site_name\" content=\"ONE.org France\" \/>\n<meta property=\"article:publisher\" content=\"https:\/\/www.facebook.com\/ONE.Fr\" \/>\n<meta property=\"article:published_time\" content=\"2022-02-04T14:57:38+00:00\" \/>\n<meta property=\"article:modified_time\" content=\"2024-04-23T12:34:33+00:00\" \/>\n<meta property=\"og:image\" content=\"https:\/\/www.one.org\/fr\/wp-content\/uploads\/sites\/4\/2022\/02\/Aftershock_2021_FeaturedImage_1200x1200_en_005.jpg\" \/>\n\t<meta property=\"og:image:width\" content=\"1201\" \/>\n\t<meta property=\"og:image:height\" content=\"1201\" \/>\n\t<meta property=\"og:image:type\" content=\"image\/jpeg\" \/>\n<meta name=\"twitter:card\" content=\"summary_large_image\" \/>\n<meta name=\"twitter:creator\" content=\"@one_fr\" \/>\n<meta name=\"twitter:site\" content=\"@one_fr\" \/>\n<meta name=\"twitter:label1\" content=\"Est. reading time\" \/>\n\t<meta name=\"twitter:data1\" content=\"6 minutes\" \/>\n<script type=\"application\/ld+json\" class=\"yoast-schema-graph\">{\"@context\":\"https:\/\/schema.org\",\"@graph\":[{\"@type\":\"Article\",\"@id\":\"https:\/\/www.one.org\/fr\/actualites\/ondes-de-choc-sous-estimation-pandemie\/#article\",\"isPartOf\":{\"@id\":\"https:\/\/www.one.org\/fr\/actualites\/ondes-de-choc-sous-estimation-pandemie\/\"},\"author\":{\"name\":\"\",\"@id\":\"\"},\"headline\":\"En Afrique, sous-estimation pand\u00e9mique\",\"datePublished\":\"2022-02-04T14:57:38+00:00\",\"dateModified\":\"2024-04-23T12:34:33+00:00\",\"mainEntityOfPage\":{\"@id\":\"https:\/\/www.one.org\/fr\/actualites\/ondes-de-choc-sous-estimation-pandemie\/\"},\"wordCount\":1443,\"commentCount\":0,\"image\":{\"@id\":\"https:\/\/www.one.org\/fr\/actualites\/ondes-de-choc-sous-estimation-pandemie\/#primaryimage\"},\"thumbnailUrl\":\"https:\/\/www.one.org\/fr\/wp-content\/uploads\/sites\/4\/2022\/02\/Aftershock_2021_FeaturedImage_1200x1200_en_005.jpg\",\"articleSection\":[\"Analyse\"],\"inLanguage\":\"fr-FR\",\"potentialAction\":[{\"@type\":\"CommentAction\",\"name\":\"Comment\",\"target\":[\"https:\/\/www.one.org\/fr\/actualites\/ondes-de-choc-sous-estimation-pandemie\/#respond\"]}]},{\"@type\":\"WebPage\",\"@id\":\"https:\/\/www.one.org\/fr\/actualites\/ondes-de-choc-sous-estimation-pandemie\/\",\"url\":\"https:\/\/www.one.org\/fr\/actualites\/ondes-de-choc-sous-estimation-pandemie\/\",\"name\":\"En Afrique, sous-estimation pand\u00e9mique - ONE.org France\",\"isPartOf\":{\"@id\":\"https:\/\/www.one.org\/fr\/#website\"},\"primaryImageOfPage\":{\"@id\":\"https:\/\/www.one.org\/fr\/actualites\/ondes-de-choc-sous-estimation-pandemie\/#primaryimage\"},\"image\":{\"@id\":\"https:\/\/www.one.org\/fr\/actualites\/ondes-de-choc-sous-estimation-pandemie\/#primaryimage\"},\"thumbnailUrl\":\"https:\/\/www.one.org\/fr\/wp-content\/uploads\/sites\/4\/2022\/02\/Aftershock_2021_FeaturedImage_1200x1200_en_005.jpg\",\"datePublished\":\"2022-02-04T14:57:38+00:00\",\"dateModified\":\"2024-04-23T12:34:33+00:00\",\"author\":{\"@id\":\"\"},\"description\":\"Cette semaine dans Ondes de choc : une \u00e9crasante majorit\u00e9 des Sud-Africains infect\u00e9s par le COVID-19 et plus encore...\",\"breadcrumb\":{\"@id\":\"https:\/\/www.one.org\/fr\/actualites\/ondes-de-choc-sous-estimation-pandemie\/#breadcrumb\"},\"inLanguage\":\"fr-FR\",\"potentialAction\":[{\"@type\":\"ReadAction\",\"target\":[\"https:\/\/www.one.org\/fr\/actualites\/ondes-de-choc-sous-estimation-pandemie\/\"]}]},{\"@type\":\"ImageObject\",\"inLanguage\":\"fr-FR\",\"@id\":\"https:\/\/www.one.org\/fr\/actualites\/ondes-de-choc-sous-estimation-pandemie\/#primaryimage\",\"url\":\"https:\/\/www.one.org\/fr\/wp-content\/uploads\/sites\/4\/2022\/02\/Aftershock_2021_FeaturedImage_1200x1200_en_005.jpg\",\"contentUrl\":\"https:\/\/www.one.org\/fr\/wp-content\/uploads\/sites\/4\/2022\/02\/Aftershock_2021_FeaturedImage_1200x1200_en_005.jpg\",\"width\":1201,\"height\":1201},{\"@type\":\"BreadcrumbList\",\"@id\":\"https:\/\/www.one.org\/fr\/actualites\/ondes-de-choc-sous-estimation-pandemie\/#breadcrumb\",\"itemListElement\":[{\"@type\":\"ListItem\",\"position\":1,\"name\":\"Home\",\"item\":\"https:\/\/www.one.org\/fr\/\"},{\"@type\":\"ListItem\",\"position\":2,\"name\":\"En Afrique, sous-estimation pand\u00e9mique\"}]},{\"@type\":\"WebSite\",\"@id\":\"https:\/\/www.one.org\/fr\/#website\",\"url\":\"https:\/\/www.one.org\/fr\/\",\"name\":\"ONE.org\",\"description\":\"Cr\u00e9er des opportunit\u00e9s \u00e9conomiques et am\u00e9liorer la sant\u00e9 en Afrique\",\"potentialAction\":[{\"@type\":\"SearchAction\",\"target\":{\"@type\":\"EntryPoint\",\"urlTemplate\":\"https:\/\/www.one.org\/fr\/?s={search_term_string}\"},\"query-input\":{\"@type\":\"PropertyValueSpecification\",\"valueRequired\":true,\"valueName\":\"search_term_string\"}}],\"inLanguage\":\"fr-FR\"}]}<\/script>\n<!-- \/ Yoast SEO Premium plugin. -->","yoast_head_json":{"title":"En Afrique, sous-estimation pand\u00e9mique - ONE.org France","description":"Cette semaine dans Ondes de choc : une \u00e9crasante majorit\u00e9 des Sud-Africains infect\u00e9s par le COVID-19 et plus encore...","robots":{"index":"index","follow":"follow","max-snippet":"max-snippet:-1","max-image-preview":"max-image-preview:large","max-video-preview":"max-video-preview:-1"},"canonical":"https:\/\/www.one.org\/fr\/actualites\/ondes-de-choc-sous-estimation-pandemie\/","og_locale":"fr_FR","og_type":"article","og_title":"En Afrique, sous-estimation pand\u00e9mique","og_description":"Cette semaine dans Ondes de choc : une \u00e9crasante majorit\u00e9 des Sud-Africains infect\u00e9s par le COVID-19 et plus encore...","og_url":"https:\/\/www.one.org\/fr\/actualites\/ondes-de-choc-sous-estimation-pandemie\/","og_site_name":"ONE.org France","article_publisher":"https:\/\/www.facebook.com\/ONE.Fr","article_published_time":"2022-02-04T14:57:38+00:00","article_modified_time":"2024-04-23T12:34:33+00:00","og_image":[{"width":1201,"height":1201,"url":"https:\/\/www.one.org\/fr\/wp-content\/uploads\/sites\/4\/2022\/02\/Aftershock_2021_FeaturedImage_1200x1200_en_005.jpg","type":"image\/jpeg"}],"twitter_card":"summary_large_image","twitter_creator":"@one_fr","twitter_site":"@one_fr","twitter_misc":{"Est. reading time":"6 minutes"},"schema":{"@context":"https:\/\/schema.org","@graph":[{"@type":"Article","@id":"https:\/\/www.one.org\/fr\/actualites\/ondes-de-choc-sous-estimation-pandemie\/#article","isPartOf":{"@id":"https:\/\/www.one.org\/fr\/actualites\/ondes-de-choc-sous-estimation-pandemie\/"},"author":{"name":"","@id":""},"headline":"En Afrique, sous-estimation pand\u00e9mique","datePublished":"2022-02-04T14:57:38+00:00","dateModified":"2024-04-23T12:34:33+00:00","mainEntityOfPage":{"@id":"https:\/\/www.one.org\/fr\/actualites\/ondes-de-choc-sous-estimation-pandemie\/"},"wordCount":1443,"commentCount":0,"image":{"@id":"https:\/\/www.one.org\/fr\/actualites\/ondes-de-choc-sous-estimation-pandemie\/#primaryimage"},"thumbnailUrl":"https:\/\/www.one.org\/fr\/wp-content\/uploads\/sites\/4\/2022\/02\/Aftershock_2021_FeaturedImage_1200x1200_en_005.jpg","articleSection":["Analyse"],"inLanguage":"fr-FR","potentialAction":[{"@type":"CommentAction","name":"Comment","target":["https:\/\/www.one.org\/fr\/actualites\/ondes-de-choc-sous-estimation-pandemie\/#respond"]}]},{"@type":"WebPage","@id":"https:\/\/www.one.org\/fr\/actualites\/ondes-de-choc-sous-estimation-pandemie\/","url":"https:\/\/www.one.org\/fr\/actualites\/ondes-de-choc-sous-estimation-pandemie\/","name":"En Afrique, sous-estimation pand\u00e9mique - ONE.org France","isPartOf":{"@id":"https:\/\/www.one.org\/fr\/#website"},"primaryImageOfPage":{"@id":"https:\/\/www.one.org\/fr\/actualites\/ondes-de-choc-sous-estimation-pandemie\/#primaryimage"},"image":{"@id":"https:\/\/www.one.org\/fr\/actualites\/ondes-de-choc-sous-estimation-pandemie\/#primaryimage"},"thumbnailUrl":"https:\/\/www.one.org\/fr\/wp-content\/uploads\/sites\/4\/2022\/02\/Aftershock_2021_FeaturedImage_1200x1200_en_005.jpg","datePublished":"2022-02-04T14:57:38+00:00","dateModified":"2024-04-23T12:34:33+00:00","author":{"@id":""},"description":"Cette semaine dans Ondes de choc : une \u00e9crasante majorit\u00e9 des Sud-Africains infect\u00e9s par le COVID-19 et plus encore...","breadcrumb":{"@id":"https:\/\/www.one.org\/fr\/actualites\/ondes-de-choc-sous-estimation-pandemie\/#breadcrumb"},"inLanguage":"fr-FR","potentialAction":[{"@type":"ReadAction","target":["https:\/\/www.one.org\/fr\/actualites\/ondes-de-choc-sous-estimation-pandemie\/"]}]},{"@type":"ImageObject","inLanguage":"fr-FR","@id":"https:\/\/www.one.org\/fr\/actualites\/ondes-de-choc-sous-estimation-pandemie\/#primaryimage","url":"https:\/\/www.one.org\/fr\/wp-content\/uploads\/sites\/4\/2022\/02\/Aftershock_2021_FeaturedImage_1200x1200_en_005.jpg","contentUrl":"https:\/\/www.one.org\/fr\/wp-content\/uploads\/sites\/4\/2022\/02\/Aftershock_2021_FeaturedImage_1200x1200_en_005.jpg","width":1201,"height":1201},{"@type":"BreadcrumbList","@id":"https:\/\/www.one.org\/fr\/actualites\/ondes-de-choc-sous-estimation-pandemie\/#breadcrumb","itemListElement":[{"@type":"ListItem","position":1,"name":"Home","item":"https:\/\/www.one.org\/fr\/"},{"@type":"ListItem","position":2,"name":"En Afrique, sous-estimation pand\u00e9mique"}]},{"@type":"WebSite","@id":"https:\/\/www.one.org\/fr\/#website","url":"https:\/\/www.one.org\/fr\/","name":"ONE.org","description":"Cr\u00e9er des opportunit\u00e9s \u00e9conomiques et am\u00e9liorer la sant\u00e9 en Afrique","potentialAction":[{"@type":"SearchAction","target":{"@type":"EntryPoint","urlTemplate":"https:\/\/www.one.org\/fr\/?s={search_term_string}"},"query-input":{"@type":"PropertyValueSpecification","valueRequired":true,"valueName":"search_term_string"}}],"inLanguage":"fr-FR"}]}},"distributor_meta":false,"distributor_terms":false,"distributor_media":false,"distributor_original_site_name":"ONE.org France","distributor_original_site_url":"https:\/\/www.one.org\/fr","push-errors":false,"_links":{"self":[{"href":"https:\/\/www.one.org\/fr\/wp-json\/wp\/v2\/posts\/162530","targetHints":{"allow":["GET"]}}],"collection":[{"href":"https:\/\/www.one.org\/fr\/wp-json\/wp\/v2\/posts"}],"about":[{"href":"https:\/\/www.one.org\/fr\/wp-json\/wp\/v2\/types\/post"}],"replies":[{"embeddable":true,"href":"https:\/\/www.one.org\/fr\/wp-json\/wp\/v2\/comments?post=162530"}],"version-history":[{"count":0,"href":"https:\/\/www.one.org\/fr\/wp-json\/wp\/v2\/posts\/162530\/revisions"}],"wp:featuredmedia":[{"embeddable":true,"href":"https:\/\/www.one.org\/fr\/wp-json\/wp\/v2\/media\/163009"}],"wp:attachment":[{"href":"https:\/\/www.one.org\/fr\/wp-json\/wp\/v2\/media?parent=162530"}],"wp:term":[{"taxonomy":"category","embeddable":true,"href":"https:\/\/www.one.org\/fr\/wp-json\/wp\/v2\/categories?post=162530"},{"taxonomy":"post_tag","embeddable":true,"href":"https:\/\/www.one.org\/fr\/wp-json\/wp\/v2\/tags?post=162530"},{"taxonomy":"topic","embeddable":true,"href":"https:\/\/www.one.org\/fr\/wp-json\/wp\/v2\/topic?post=162530"},{"taxonomy":"contributor","embeddable":true,"href":"https:\/\/www.one.org\/fr\/wp-json\/wp\/v2\/contributor?post=162530"},{"taxonomy":"one_content_audience","embeddable":true,"href":"https:\/\/www.one.org\/fr\/wp-json\/wp\/v2\/one_content_audience?post=162530"},{"taxonomy":"one_content_type","embeddable":true,"href":"https:\/\/www.one.org\/fr\/wp-json\/wp\/v2\/one_content_type?post=162530"},{"taxonomy":"one_content_tone","embeddable":true,"href":"https:\/\/www.one.org\/fr\/wp-json\/wp\/v2\/one_content_tone?post=162530"}],"curies":[{"name":"wp","href":"https:\/\/api.w.org\/{rel}","templated":true}]}}