{"id":162527,"date":"2022-01-27T18:20:38","date_gmt":"2022-01-27T18:20:38","guid":{"rendered":"https:\/\/www.one.org\/fr\/pandemie-de-fuite-des-cerveaux\/"},"modified":"2024-04-23T12:34:36","modified_gmt":"2024-04-23T12:34:36","slug":"ondes-de-choc-fuites-cerveaux","status":"publish","type":"post","link":"https:\/\/www.one.org\/fr\/actualites\/ondes-de-choc-fuites-cerveaux\/","title":{"rendered":"Pand\u00e9mie de fuite des cerveaux"},"content":{"rendered":"<p><em>Un tour d\u2019horizon des derni\u00e8res actualit\u00e9s, statistiques et analyses de l\u2019impact du COVID-19 en Afrique. Au menu cette semaine, un coup d\u2019\u00c9tat au Burkina Faso qui menace une lutte contre le COVID-19 d\u00e9j\u00e0 en p\u00e9ril, les pays africains qui perdent leurs travailleurs de la sant\u00e9 au profit des pays riches, et COVAX qui fait face \u00e0 un probl\u00e8me de tr\u00e9sorerie.<\/em><\/p>\n<h2><strong>Actualit\u00e9s\u00a0<\/strong><\/h2>\n<p><strong>L\u2019herbe est toujours plus verte ailleurs :<\/strong> Chaque mois, environ <a href=\"https:\/\/www.courrierinternational.com\/article\/pandemie-les-pays-riches-depouillent-les-pays-pauvres-de-leur-personnel-de-sante\">1 000 travailleurs de la sant\u00e9<\/a> quittent les pays africains, les Philippines et les Cara\u00efbes pour s\u2019installer aux \u00c9tats-Unis. <a href=\"https:\/\/www.oecd.org\/coronavirus\/policy-responses\/contribution-des-medecins-et-des-infirmiers-migrants-a-la-lutte-contre-la-crise-du-covid-19-dans-les-pays-de-l-ocde-63ff0143\/\">En France<\/a>, plus de 20 % des m\u00e9decins et des infirmi\u00e8res sont n\u00e9s \u00e0 l\u2019etranger. Les <a href=\"https:\/\/www.reuters.com\/business\/healthcare-pharmaceuticals\/rich-countries-access-foreign-nurses-during-omicron-raises-ethical-concerns-2022-01-23\/\">pays \u00e0 haut revenu profitent<\/a> de l\u2019arriv\u00e9e de travailleurs de la sant\u00e9 \u00e9trangers en compensant la faiblesse de leur planification et de leurs ressources, mais les pays \u00e0 plus faible revenu <a href=\"https:\/\/www.courrierinternational.com\/article\/pandemie-le-zimbabwe-appelle-laide-face-au-depart-massif-de-ses-infirmieres-vers-le-royaume\">perdent leurs pr\u00e9cieux travailleurs<\/a> de la sant\u00e9. Le <a href=\"https:\/\/www.courrierinternational.com\/article\/pandemie-les-pays-riches-depouillent-les-pays-pauvres-de-leur-personnel-de-sante\">CDC d\u2019Afrique a demand\u00e9<\/a> l\u2019\u00e9laboration d\u2019un plan visant \u00e0 renforcer leur syst\u00e8me de sant\u00e9, en mettant l\u2019accent sur le retour au pays du personnel de sant\u00e9 des diasporas. Un trait\u00e9 r\u00e9gional sur les soins de sant\u00e9 conclu par l\u2019Union africaine permettrait de rem\u00e9dier aux d\u00e9s\u00e9quilibres qui contribuent au probl\u00e8me de la fuite des cerveaux. Bien que les services de sant\u00e9 du monde entier aient d\u00e9j\u00e0 subi de nombreux coups pendant la pand\u00e9mie, mieux vaut tard que jamais.<\/p>\n<p><strong>Coup dans l\u2019eau contre le COVID : <\/strong>Alors que plus de <a href=\"https:\/\/reliefweb.int\/report\/burkina-faso\/burkina-faso-conflict-displacements-and-humanitarian-needs-dg-echo-echo-daily\">3,5 millions de personnes<\/a> ont d\u00e9j\u00e0 besoin d\u2019une aide humanitaire cette ann\u00e9e au Burkina Faso, le coup d\u2019\u00c9tat de cette semaine, <a href=\"https:\/\/www.lefigaro.fr\/international\/burkina-faso-emmanuel-macron-condamne-le-coup-d-etat-militaire-20220125\">condamn\u00e9 par Emmanuel Macron<\/a>, pourrait encore aggraver la situation. Le chef du coup d\u2019\u00c9tat, Paul-Henri Sandaogo Damiba (qui a \u00e9tudi\u00e9 en France), est connu <a href=\"https:\/\/www.lefigaro.fr\/international\/apres-le-mali-et-la-guinee-le-burkina-faso-a-son-tour-vise-par-un-coup-d-etat-20220124\">pour avoir critiqu\u00e9<\/a> les manquements du Pr\u00e9sident Kabor\u00e9 contre l\u2019ins\u00e9curit\u00e9 due aux attaques des terroristes islamiques. Mais les djihadistes pourraient <a href=\"https:\/\/www.economist.com\/middle-east-and-africa\/2022\/01\/25\/a-coup-in-burkina-faso-will-help-the-sahels-jihadists\">\u00eatre les gagnants<\/a> dans ce sc\u00e9nario, l\u2019arm\u00e9e \u00e9tant maintenant plus occup\u00e9e par la consolidation du pouvoir apr\u00e8s le coup d\u2019\u00c9tat. Dans un pays o\u00f9 seulement <a href=\"https:\/\/www.one.org\/africa\/issues\/covid-19-tracker\/explore-country\/?country=BFA\">3,6 % de la population<\/a> est enti\u00e8rement vaccin\u00e9e et o\u00f9 plus de la moiti\u00e9 de la population a un apport alimentaire insuffisant en janvier 2022, l\u2019instabilit\u00e9 suppl\u00e9mentaire exacerbe l\u2019impact \u00e9conomique et sanitaire du COVID-19.<\/p>\n<p><strong>Pas encore tir\u00e9s d\u2019affaire :<\/strong> Le FMI a pr\u00e9vu <a href=\"https:\/\/www.lemonde.fr\/economie\/article\/2022\/01\/25\/le-fmi-revoit-a-la-baisse-ses-previsions-de-croissance-pour-2022_6110912_3234.html\">une baisse de la croissance mondiale<\/a> en raison de l\u2019inflation induite par le COVID-19. Alors que les probl\u00e8mes dans les cha\u00eenes d\u2019approvisionnements ont d\u00e9j\u00e0 r\u00e9duit de 0,5 \u00e0 1 % les pr\u00e9visions de croissance, le FMI souligne que les objectifs mondiaux en mati\u00e8re de vaccination sont essentiels pour r\u00e9soudre les probl\u00e8mes \u00e9conomiques. Ainsi, si certains annoncent une possible <a href=\"https:\/\/www.francetvinfo.fr\/sante\/maladie\/coronavirus\/variant-omicron\/covid-19-vers-une-fin-de-pandemie-plausible-en-europe_4927995.html\">et optimiste fin de crise<\/a> en Europe, le reste du monde est confront\u00e9 aux cons\u00e9quences \u00e0 long terme de la pand\u00e9mie, sans m\u00eame parler du virus. Faisant fi de la menace de l\u2019apparition de nouveaux variants, l\u2019Europe semble oublier que seuls <a href=\"https:\/\/www.one.org\/africa\/issues\/covid-19-tracker\/explore-vaccines\/\">5,3 % de la population<\/a> des pays \u00e0 faible revenu sont enti\u00e8rement vaccin\u00e9s.<\/p>\n<p><strong>Inflation en sachets :<\/strong> La flamb\u00e9e des prix des articles m\u00e9nagers au Nigeria entra\u00eene un rationnement drastique dont l\u2019impact se fait d\u00e9j\u00e0 <a href=\"https:\/\/www.bbc.com\/news\/world-africa-59938380\">sentir<\/a>. De l\u2019huile de cuisson aux articles sanitaires, tout est rationn\u00e9 en petits sachets car les quantit\u00e9s standards deviennent inabordables en raison de la hausse des prix. Les femmes en paient particuli\u00e8rement le prix, puisque les paquets de protections p\u00e9riodiques sont pass\u00e9s de huit \u00e0 deux serviettes (m\u00eame si huit n\u2019\u00e9tait d\u00e9j\u00e0 pas suffisant) et que les m\u00e8res ont de plus en plus de mal \u00e0 nourrir leurs enfants. Le pr\u00e9sident du Nigeria a reconnu le probl\u00e8me en prolongeant les subventions des carburants. En Europe aussi la taux d\u2019inflation est mont\u00e9<a href=\"https:\/\/www.lemonde.fr\/economie\/article\/2022\/01\/24\/inflation-faut-il-s-inquieter-de-l-envolee-des-prix-dans-la-zone-euro-cinq-questions-pour-comprendre_6110793_3234.html\"> jusqu\u2019\u00e0 5 %<\/a>, la plus haute augmentation depuis des ann\u00e9es 1990. Mais les cons\u00e9quences pour l\u2019Europe sont faibles compar\u00e9es avec l\u2019inflation en \u00c9thiopie qui n\u2019a <a href=\"https:\/\/www.bloomberg.com\/news\/articles\/2022-01-24\/ethiopian-inflation-tops-35-in-december-as-food-costs-surge?utm_source=twitter&amp;utm_campaign=socialflow-organic&amp;utm_medium=social&amp;cmpid%3D=socialflow-twitter-africa&amp;utm_content=africa\">jamais \u00e9t\u00e9 aussi \u00e9lev\u00e9e<\/a> depuis dix ans, alors que la guerre civile qui dure depuis 14 mois ajoute de la pression \u00e0 une \u00e9conomie d\u00e9j\u00e0 affect\u00e9e par le COVID-19.<\/p>\n<p><strong>Enfants en danger :<\/strong> Jusqu\u2019\u00e0 pr\u00e9sent, les donn\u00e9es ont montr\u00e9 que le COVID-19 avait un impact moins grave sur les enfants. Ce n\u2019est pas forc\u00e9ment le cas en Afrique subsaharienne o\u00f9 les enfants de moins de un an hospitalis\u00e9s \u00e0 cause du COVID ont <a href=\"https:\/\/www.sciencedaily.com\/releases\/2022\/01\/220119121439.htm\">5 fois plus<\/a> de risques de mourir que les adolescents. Le taux de mortalit\u00e9 de 8% chez les enfants de la r\u00e9gion est bien sup\u00e9rieur au taux de mortalit\u00e9 de 1 \u00e0 5% des enfants dans les pays \u00e0 revenu \u00e9lev\u00e9. Les pays qui ont fourni des donn\u00e9es pour cette \u00e9tude ont des taux de vaccination de <a href=\"https:\/\/www.one.org\/africa\/issues\/covid-19-tracker\/explore-country\/?country=COD\">0,2 % en RDC<\/a>, <a href=\"http:\/\/one.org\/africa\/issues\/covid-19-tracker\/explore-country\/?country=GHA\">9,9 % au Ghana<\/a>, <a href=\"https:\/\/www.one.org\/africa\/issues\/covid-19-tracker\/explore-country\/?country=KEN\">9 % au Kenya<\/a>, <a href=\"https:\/\/www.one.org\/africa\/issues\/covid-19-tracker\/explore-country\/?country=NGA\">2,4 % au Nigeria<\/a>, <a href=\"https:\/\/www.one.org\/africa\/issues\/covid-19-tracker\/explore-country\/?country=ZAF\">2,7 % en Afrique du Sud<\/a> et <a href=\"https:\/\/www.one.org\/africa\/issues\/covid-19-tracker\/explore-country\/?country=UGA\">4,1 % en Ouganda<\/a>, alors que seulement <a href=\"https:\/\/www.one.org\/africa\/issues\/covid-19-tracker\/explore-vaccines\/#0\">10,5 % de tout l\u2019Afrique<\/a> est enti\u00e8rement vaccin\u00e9e.<\/p>\n<p><strong>Pand\u00e9mie de violences conjugales : <\/strong>\u00a0Pendant le confinement au Kenya, les cas de violences domestiques sont grimp\u00e9 en fl\u00e8che et ont augment\u00e9 <a href=\"https:\/\/www.bbc.com\/news\/av\/world-africa-60089165\">d\u2019au moins 300 %<\/a>. Outre les violences physiques, <a href=\"https:\/\/nation.africa\/kenya\/news\/gender\/study-intimate-partner-violence-rose-at-the-height-of-covid-crisis-3689312?view=htmlamp\">les abus \u00e9conomiques<\/a> auraient laiss\u00e9 les femmes prises au pi\u00e8ge et incapables de se procurer les produits de premi\u00e8re n\u00e9cessit\u00e9. Mais le probl\u00e8me est largement r\u00e9pandu, <a href=\"https:\/\/www.unwomen.org\/fr\/news\/in-focus\/in-focus-gender-equality-in-covid-19-response\/violence-against-women-during-covid-19\">ONU Femmes signalant<\/a> une augmentation des appels aux lignes d\u2019assistance t\u00e9l\u00e9phonique pour les violences domestiques dans de nombreux pays. Une tendance pr\u00e9sente aussi en France, ou <a href=\"https:\/\/www.assemblee-nationale.fr\/dyn\/15\/comptes-rendus\/seance\/session-ordinaire-de-2021-2022\/deuxieme-seance-du-mardi-04-janvier-2022\">plus de 44 000 appels<\/a> aux urgence ont \u00e9t\u00e9 enregistr\u00e9s rien que pendant le premier confinement en 2020.<\/p>\n<p><strong>Les comptes qui comptent :<\/strong> Pr\u00e8s des <a href=\"https:\/\/www.lefigaro.fr\/flash-actu\/afrique-du-sud-poursuites-et-sanctions-dans-940-affaires-de-corruption-liees-au-covid-20220125\">deux tiers des contrats<\/a> d\u2019\u00e9quipement COVID attribu\u00e9s par le gouvernement sud-africain ont \u00e9t\u00e9 jug\u00e9s \u201cirr\u00e9guliers, ill\u00e9gaux ou frauduleux\u201d dans un rapport r\u00e9cemment publi\u00e9 par l\u2019unit\u00e9 d\u2019enqu\u00eate sp\u00e9ciale du pays. Ces contrats, d\u2019une valeur de <a href=\"https:\/\/www.dailymaverick.co.za\/article\/2022-01-25-siu-probe-into-governments-r14-3bn-covid-19-spending-finds-thousands-of-irregular-contracts\/\">14,3 milliards de rands<\/a> (830 millions d\u2019euros), comprenaient des \u00e9quipements pour les h\u00f4pitaux et des services de sant\u00e9 publique \u2013 comme le nettoyage des \u00e9coles, par exemple. Le 25 janvier, le pr\u00e9sident Cyril Ramaphosa a condamn\u00e9 cette corruption \u201cinacceptable\u201d \u2013 un ton qui, esp\u00e9rons-le, encouragera le pays \u00e0 engager des poursuites p\u00e9nales contre les responsables des secteurs public et priv\u00e9.<\/p>\n<p><strong>Pression ext\u00e9rieure :<\/strong> Un <a href=\"https:\/\/www.opendemocracy.net\/en\/5050\/us-conservatives-spread-anti-vaccine-covid-misinformation-uganda\/\">groupe de complotistes<\/a>, originaires des \u00c9tats-Unis, du Royaume-Uni, d\u2019Australie et des Pays-Bas, diffuse en Ouganda des informations erron\u00e9es sur les vaccins, les masques et les confinements. Leur propagande soutient le mouvement ougandais \u201cEnd Lockdowns Now\u201d, qui a vu le jour en r\u00e9ponse aux mesures de confinement du COVID, l\u2019un des plus longs et des plus s\u00e9v\u00e8res au monde qui vient de prendre fin <a href=\"https:\/\/www.voanews.com\/a\/uganda-ends-covid-curfew-and-nightlife-reopens\/6412187.html\">cette semaine<\/a>. Seuls <a href=\"https:\/\/www.one.org\/africa\/issues\/covid-19-tracker\/explore-country\/?country=UGA\">4 % des Ougandais<\/a> sont enti\u00e8rement vaccin\u00e9s et le COVID est r\u00e9cemment devenu <a href=\"https:\/\/www.healthdata.org\/sites\/default\/files\/covid_briefs\/190_briefing_Uganda.pdf\">la deuxi\u00e8me cause de d\u00e9c\u00e8s<\/a> dans le pays.<\/p>\n<p><strong>Les caisses sont vides :<\/strong> Si l\u2019on peut se r\u00e9jouir de <a href=\"https:\/\/news.un.org\/fr\/story\/2022\/01\/1112342\">la livraison d\u2019un milliard<\/a> de doses gr\u00e2ce au m\u00e9canisme COVAX, <a href=\"https:\/\/www.development-today.com\/archive\/dt-2022\/dt-1--2022\/special-report-imf-analysis-reveals-staggeringly-unequal-delivery-of-vaccines-by-covax\">leur distribution in\u00e9gale<\/a> pose question. En effet, 17 pays d\u2019Afrique subsaharienne ont \u00e0 peine re\u00e7u de quoi couvrir moins de 10 % de leur population, tandis que d\u2019autres en ont re\u00e7u suffisamment pour vacciner 40 % de leur population. Et \u00e7a ne s\u2019arr\u00eate pas l\u00e0 : COVAX est \u00e9galement <a href=\"https:\/\/www.lefigaro.fr\/flash-actu\/covax-a-besoin-de-5-2-milliards-de-dollars-pour-poursuivre-son-action-20220119\">\u00e0 court d\u2019argent<\/a>. L\u2019organisation <a href=\"https:\/\/www.ft.com\/content\/d8506581-81a3-4cd2-bf3c-073eca9a0ae4\">ne pourra continuer son travail<\/a> que si elle trouve les 5,2 milliards de dollars n\u00e9cessaires \u00e0 l\u2019achat de seringues et d\u2019autres accessoires pour l\u2019administration de ces doses.<\/p>\n<h2>Les chiffres<\/h2>\n<ul>\n<li><strong>10 milliards de doses <\/strong>ont \u00e9t\u00e9 <a href=\"https:\/\/www.one.org\/africa\/issues\/covid-19-tracker\/explore-vaccines\/\">administr\u00e9es dans le monde<\/a>, mais seulement 0,9 % sont all\u00e9es aux pays \u00e0 faible revenu.<\/li>\n<li><a href=\"https:\/\/www.bbc.com\/news\/world-africa-60039138\">La surmortalit\u00e9 due au COVID-19<\/a> est <strong>quatre fois plus \u00e9lev\u00e9e<\/strong> en Afrique du Sud qu\u2019au Royaume-Uni.<\/li>\n<li>Les <a href=\"https:\/\/www.bloomberg.com\/news\/articles\/2022-01-24\/ethiopian-inflation-tops-35-in-december-as-food-costs-surge?utm_source=twitter&amp;utm_campaign=socialflow-organic&amp;utm_medium=social&amp;cmpid%3D=socialflow-twitter-africa&amp;utm_content=africa\">prix des denr\u00e9es alimentaires<\/a> en \u00c9thiopie ont <strong>augment\u00e9 de 41,6 %<\/strong> par rapport \u00e0 la m\u00eame p\u00e9riode de l\u2019ann\u00e9e derni\u00e8re.<\/li>\n<\/ul>\n<h3><em>Retrouvez <span style=\"text-decoration: underline\"><a href=\"https:\/\/www.one.org\/fr\/nos-combats\/ondes-de-choc\/\">Ondes de choc<\/a>,<\/span> notre nouvelle newsletter hebdomadaire pour suivre l\u2019impact r\u00e9el du COVID-19 en Afrique. Nous vous proposons des analyses pointues, succinctes et r\u00e9fl\u00e9chies de la part des experts de ONE.<\/em><\/h3>\n<div class=\"buffer\"><\/div>","protected":false},"excerpt":{"rendered":"<p>Un tour d\u2019horizon des derni\u00e8res actualit\u00e9s, statistiques et analyses de l\u2019impact du COVID-19 en Afrique. Au menu cette semaine, un coup d\u2019\u00c9tat au Burkina Faso qui menace une lutte contre le COVID-19 d\u00e9j\u00e0 en p\u00e9ril, les pays africains qui perdent leurs travailleurs de la sant\u00e9 au profit des pays riches, et COVAX qui fait face [&hellip;]<\/p>\n","protected":false},"author":0,"featured_media":0,"comment_status":"open","ping_status":"open","sticky":false,"template":"","format":"standard","meta":{"_acf_changed":false,"_relevanssi_hide_post":"","_relevanssi_hide_content":"","_relevanssi_pin_for_all":"","_relevanssi_pin_keywords":"","_relevanssi_unpin_keywords":"","_relevanssi_related_keywords":"","_relevanssi_related_include_ids":"","_relevanssi_related_exclude_ids":"","_relevanssi_related_no_append":"","_relevanssi_related_not_related":"","_relevanssi_related_posts":"164801,164384,164396,163756,163706,163644","_relevanssi_noindex_reason":"","footnotes":""},"categories":[68],"tags":[],"topic":[86],"contributor":[33],"one_content_audience":[],"one_content_type":[],"one_content_tone":[],"class_list":["post-162527","post","type-post","status-publish","format-standard","hentry","category-analyse","topic-ondes-de-choc","contributor-one-france"],"acf":[],"yoast_head":"<!-- This site is optimized with the Yoast SEO Premium plugin v27.1 (Yoast SEO v27.1.1) - https:\/\/yoast.com\/product\/yoast-seo-premium-wordpress\/ -->\n<title>Pand\u00e9mie de fuite des cerveaux - ONE.org France<\/title>\n<meta name=\"description\" content=\"Retrouvez Ondes de choc, notre nouvelle newsletter hebdomadaire pour suivre l&#039;impact r\u00e9el du COVID-19 en Afrique.\" \/>\n<meta name=\"robots\" content=\"index, follow, max-snippet:-1, max-image-preview:large, max-video-preview:-1\" \/>\n<link rel=\"canonical\" href=\"https:\/\/www.one.org\/fr\/actualites\/ondes-de-choc-fuites-cerveaux\/\" \/>\n<meta property=\"og:locale\" content=\"fr_FR\" \/>\n<meta property=\"og:type\" content=\"article\" \/>\n<meta property=\"og:title\" content=\"Pand\u00e9mie de fuite des cerveaux\" \/>\n<meta property=\"og:description\" content=\"Retrouvez Ondes de choc, notre nouvelle newsletter hebdomadaire pour suivre l&#039;impact r\u00e9el du COVID-19 en Afrique.\" \/>\n<meta property=\"og:url\" content=\"https:\/\/www.one.org\/fr\/actualites\/ondes-de-choc-fuites-cerveaux\/\" \/>\n<meta property=\"og:site_name\" content=\"ONE.org France\" \/>\n<meta property=\"article:publisher\" content=\"https:\/\/www.facebook.com\/ONE.Fr\" \/>\n<meta property=\"article:published_time\" content=\"2022-01-27T18:20:38+00:00\" \/>\n<meta property=\"article:modified_time\" content=\"2024-04-23T12:34:36+00:00\" \/>\n<meta property=\"og:image\" content=\"https:\/\/www.one.org\/fr\/wp-content\/uploads\/sites\/4\/2023\/09\/GA_share_1200x628-768x402-1.png\" \/>\n\t<meta property=\"og:image:width\" content=\"768\" \/>\n\t<meta property=\"og:image:height\" content=\"402\" \/>\n\t<meta property=\"og:image:type\" content=\"image\/png\" \/>\n<meta name=\"twitter:card\" content=\"summary_large_image\" \/>\n<meta name=\"twitter:creator\" content=\"@one_fr\" \/>\n<meta name=\"twitter:site\" content=\"@one_fr\" \/>\n<meta name=\"twitter:label1\" content=\"Est. reading time\" \/>\n\t<meta name=\"twitter:data1\" content=\"6 minutes\" \/>\n<script type=\"application\/ld+json\" class=\"yoast-schema-graph\">{\"@context\":\"https:\/\/schema.org\",\"@graph\":[{\"@type\":\"Article\",\"@id\":\"https:\/\/www.one.org\/fr\/actualites\/ondes-de-choc-fuites-cerveaux\/#article\",\"isPartOf\":{\"@id\":\"https:\/\/www.one.org\/fr\/actualites\/ondes-de-choc-fuites-cerveaux\/\"},\"author\":{\"name\":\"\",\"@id\":\"\"},\"headline\":\"Pand\u00e9mie de fuite des cerveaux\",\"datePublished\":\"2022-01-27T18:20:38+00:00\",\"dateModified\":\"2024-04-23T12:34:36+00:00\",\"mainEntityOfPage\":{\"@id\":\"https:\/\/www.one.org\/fr\/actualites\/ondes-de-choc-fuites-cerveaux\/\"},\"wordCount\":1372,\"commentCount\":0,\"articleSection\":[\"Analyse\"],\"inLanguage\":\"fr-FR\",\"potentialAction\":[{\"@type\":\"CommentAction\",\"name\":\"Comment\",\"target\":[\"https:\/\/www.one.org\/fr\/actualites\/ondes-de-choc-fuites-cerveaux\/#respond\"]}]},{\"@type\":\"WebPage\",\"@id\":\"https:\/\/www.one.org\/fr\/actualites\/ondes-de-choc-fuites-cerveaux\/\",\"url\":\"https:\/\/www.one.org\/fr\/actualites\/ondes-de-choc-fuites-cerveaux\/\",\"name\":\"Pand\u00e9mie de fuite des cerveaux - ONE.org France\",\"isPartOf\":{\"@id\":\"https:\/\/www.one.org\/fr\/#website\"},\"datePublished\":\"2022-01-27T18:20:38+00:00\",\"dateModified\":\"2024-04-23T12:34:36+00:00\",\"author\":{\"@id\":\"\"},\"description\":\"Retrouvez Ondes de choc, notre nouvelle newsletter hebdomadaire pour suivre l'impact r\u00e9el du COVID-19 en Afrique.\",\"breadcrumb\":{\"@id\":\"https:\/\/www.one.org\/fr\/actualites\/ondes-de-choc-fuites-cerveaux\/#breadcrumb\"},\"inLanguage\":\"fr-FR\",\"potentialAction\":[{\"@type\":\"ReadAction\",\"target\":[\"https:\/\/www.one.org\/fr\/actualites\/ondes-de-choc-fuites-cerveaux\/\"]}]},{\"@type\":\"BreadcrumbList\",\"@id\":\"https:\/\/www.one.org\/fr\/actualites\/ondes-de-choc-fuites-cerveaux\/#breadcrumb\",\"itemListElement\":[{\"@type\":\"ListItem\",\"position\":1,\"name\":\"Home\",\"item\":\"https:\/\/www.one.org\/fr\/\"},{\"@type\":\"ListItem\",\"position\":2,\"name\":\"Pand\u00e9mie de fuite des cerveaux\"}]},{\"@type\":\"WebSite\",\"@id\":\"https:\/\/www.one.org\/fr\/#website\",\"url\":\"https:\/\/www.one.org\/fr\/\",\"name\":\"ONE.org\",\"description\":\"Cr\u00e9er des opportunit\u00e9s \u00e9conomiques et am\u00e9liorer la sant\u00e9 en Afrique\",\"potentialAction\":[{\"@type\":\"SearchAction\",\"target\":{\"@type\":\"EntryPoint\",\"urlTemplate\":\"https:\/\/www.one.org\/fr\/?s={search_term_string}\"},\"query-input\":{\"@type\":\"PropertyValueSpecification\",\"valueRequired\":true,\"valueName\":\"search_term_string\"}}],\"inLanguage\":\"fr-FR\"}]}<\/script>\n<!-- \/ Yoast SEO Premium plugin. -->","yoast_head_json":{"title":"Pand\u00e9mie de fuite des cerveaux - ONE.org France","description":"Retrouvez Ondes de choc, notre nouvelle newsletter hebdomadaire pour suivre l'impact r\u00e9el du COVID-19 en Afrique.","robots":{"index":"index","follow":"follow","max-snippet":"max-snippet:-1","max-image-preview":"max-image-preview:large","max-video-preview":"max-video-preview:-1"},"canonical":"https:\/\/www.one.org\/fr\/actualites\/ondes-de-choc-fuites-cerveaux\/","og_locale":"fr_FR","og_type":"article","og_title":"Pand\u00e9mie de fuite des cerveaux","og_description":"Retrouvez Ondes de choc, notre nouvelle newsletter hebdomadaire pour suivre l'impact r\u00e9el du COVID-19 en Afrique.","og_url":"https:\/\/www.one.org\/fr\/actualites\/ondes-de-choc-fuites-cerveaux\/","og_site_name":"ONE.org France","article_publisher":"https:\/\/www.facebook.com\/ONE.Fr","article_published_time":"2022-01-27T18:20:38+00:00","article_modified_time":"2024-04-23T12:34:36+00:00","og_image":[{"width":768,"height":402,"url":"https:\/\/www.one.org\/fr\/wp-content\/uploads\/sites\/4\/2023\/09\/GA_share_1200x628-768x402-1.png","type":"image\/png"}],"twitter_card":"summary_large_image","twitter_creator":"@one_fr","twitter_site":"@one_fr","twitter_misc":{"Est. reading time":"6 minutes"},"schema":{"@context":"https:\/\/schema.org","@graph":[{"@type":"Article","@id":"https:\/\/www.one.org\/fr\/actualites\/ondes-de-choc-fuites-cerveaux\/#article","isPartOf":{"@id":"https:\/\/www.one.org\/fr\/actualites\/ondes-de-choc-fuites-cerveaux\/"},"author":{"name":"","@id":""},"headline":"Pand\u00e9mie de fuite des cerveaux","datePublished":"2022-01-27T18:20:38+00:00","dateModified":"2024-04-23T12:34:36+00:00","mainEntityOfPage":{"@id":"https:\/\/www.one.org\/fr\/actualites\/ondes-de-choc-fuites-cerveaux\/"},"wordCount":1372,"commentCount":0,"articleSection":["Analyse"],"inLanguage":"fr-FR","potentialAction":[{"@type":"CommentAction","name":"Comment","target":["https:\/\/www.one.org\/fr\/actualites\/ondes-de-choc-fuites-cerveaux\/#respond"]}]},{"@type":"WebPage","@id":"https:\/\/www.one.org\/fr\/actualites\/ondes-de-choc-fuites-cerveaux\/","url":"https:\/\/www.one.org\/fr\/actualites\/ondes-de-choc-fuites-cerveaux\/","name":"Pand\u00e9mie de fuite des cerveaux - ONE.org France","isPartOf":{"@id":"https:\/\/www.one.org\/fr\/#website"},"datePublished":"2022-01-27T18:20:38+00:00","dateModified":"2024-04-23T12:34:36+00:00","author":{"@id":""},"description":"Retrouvez Ondes de choc, notre nouvelle newsletter hebdomadaire pour suivre l'impact r\u00e9el du COVID-19 en Afrique.","breadcrumb":{"@id":"https:\/\/www.one.org\/fr\/actualites\/ondes-de-choc-fuites-cerveaux\/#breadcrumb"},"inLanguage":"fr-FR","potentialAction":[{"@type":"ReadAction","target":["https:\/\/www.one.org\/fr\/actualites\/ondes-de-choc-fuites-cerveaux\/"]}]},{"@type":"BreadcrumbList","@id":"https:\/\/www.one.org\/fr\/actualites\/ondes-de-choc-fuites-cerveaux\/#breadcrumb","itemListElement":[{"@type":"ListItem","position":1,"name":"Home","item":"https:\/\/www.one.org\/fr\/"},{"@type":"ListItem","position":2,"name":"Pand\u00e9mie de fuite des cerveaux"}]},{"@type":"WebSite","@id":"https:\/\/www.one.org\/fr\/#website","url":"https:\/\/www.one.org\/fr\/","name":"ONE.org","description":"Cr\u00e9er des opportunit\u00e9s \u00e9conomiques et am\u00e9liorer la sant\u00e9 en Afrique","potentialAction":[{"@type":"SearchAction","target":{"@type":"EntryPoint","urlTemplate":"https:\/\/www.one.org\/fr\/?s={search_term_string}"},"query-input":{"@type":"PropertyValueSpecification","valueRequired":true,"valueName":"search_term_string"}}],"inLanguage":"fr-FR"}]}},"distributor_meta":false,"distributor_terms":false,"distributor_media":false,"distributor_original_site_name":"ONE.org France","distributor_original_site_url":"https:\/\/www.one.org\/fr","push-errors":false,"_links":{"self":[{"href":"https:\/\/www.one.org\/fr\/wp-json\/wp\/v2\/posts\/162527","targetHints":{"allow":["GET"]}}],"collection":[{"href":"https:\/\/www.one.org\/fr\/wp-json\/wp\/v2\/posts"}],"about":[{"href":"https:\/\/www.one.org\/fr\/wp-json\/wp\/v2\/types\/post"}],"replies":[{"embeddable":true,"href":"https:\/\/www.one.org\/fr\/wp-json\/wp\/v2\/comments?post=162527"}],"version-history":[{"count":0,"href":"https:\/\/www.one.org\/fr\/wp-json\/wp\/v2\/posts\/162527\/revisions"}],"wp:attachment":[{"href":"https:\/\/www.one.org\/fr\/wp-json\/wp\/v2\/media?parent=162527"}],"wp:term":[{"taxonomy":"category","embeddable":true,"href":"https:\/\/www.one.org\/fr\/wp-json\/wp\/v2\/categories?post=162527"},{"taxonomy":"post_tag","embeddable":true,"href":"https:\/\/www.one.org\/fr\/wp-json\/wp\/v2\/tags?post=162527"},{"taxonomy":"topic","embeddable":true,"href":"https:\/\/www.one.org\/fr\/wp-json\/wp\/v2\/topic?post=162527"},{"taxonomy":"contributor","embeddable":true,"href":"https:\/\/www.one.org\/fr\/wp-json\/wp\/v2\/contributor?post=162527"},{"taxonomy":"one_content_audience","embeddable":true,"href":"https:\/\/www.one.org\/fr\/wp-json\/wp\/v2\/one_content_audience?post=162527"},{"taxonomy":"one_content_type","embeddable":true,"href":"https:\/\/www.one.org\/fr\/wp-json\/wp\/v2\/one_content_type?post=162527"},{"taxonomy":"one_content_tone","embeddable":true,"href":"https:\/\/www.one.org\/fr\/wp-json\/wp\/v2\/one_content_tone?post=162527"}],"curies":[{"name":"wp","href":"https:\/\/api.w.org\/{rel}","templated":true}]}}