{"id":162526,"date":"2022-01-27T13:34:13","date_gmt":"2022-01-27T13:34:13","guid":{"rendered":"https:\/\/www.one.org\/fr\/une-semaine-mondiale-daction-pour-mettre-fin-a-la-pandemie\/"},"modified":"2024-04-23T12:34:38","modified_gmt":"2024-04-23T12:34:38","slug":"une-semaine-mondiale-daction","status":"publish","type":"post","link":"https:\/\/www.one.org\/fr\/actualites\/une-semaine-mondiale-daction\/","title":{"rendered":"Une Semaine mondiale d&#8217;action pour mettre fin \u00e0 la pand\u00e9mie"},"content":{"rendered":"<p>Pour la premi&egrave;re fois, ONE a lanc&eacute; sa propre Semaine mondiale d&rsquo;action, qui s&rsquo;est tenue du 15 au 22 janvier, dans le but d&rsquo;appeler les dirigeants mondiaux &agrave; mettre fin &agrave; la pand&eacute;mie, partout. Nous voulions partager avec vous nos actions, nos victoires et tout ce que nous avons r&eacute;alis&eacute; ensemble au cours de cette incroyable semaine.<\/p>\n<p>En collaboration avec les soutiens de ONE et ses partenaires The People&rsquo;s Vaccine, le Trinity College de Dublin, la Chambre de commerce internationale, Oxfam, Save the Children, l&rsquo;UNICEF, Global Citizen et bien d&rsquo;autres, nous avons r&eacute;alis&eacute; ensemble :<\/p>\n<ul>\n<li>71 197 actions<\/li>\n<li>dans plus d&rsquo;une douzaine de villes<\/li>\n<li>sur quatre continents.<\/li>\n<\/ul>\n<p>Quelles actions ont &eacute;t&eacute; men&eacute;es par des activistes du monde entier et quel impact ont-elles eu sur la lutte contre les in&eacute;galit&eacute;s d&rsquo;acc&egrave;s aux vaccins ? D&eacute;couvrez-le avec nous !<strong><br \/>\n<\/strong><\/p>\n<h3><strong>Afrique<\/strong><\/h3>\n<p>Des activistes de toute l&rsquo;Afrique sont descendus dans la rue arm&eacute;s de pancartes, de tracts et de porte-voix pour soutenir la Semaine mondiale d&rsquo;action.<\/p>\n<p>Gr&acirc;ce &agrave; leur mobilisation, <strong>plus de 1 800 nouvelles personnes<\/strong> ont sign&eacute; la <a href=\"https:\/\/act.one.org\/sign\/lettre-ouverte-jeunesse-ue-ua\">lettre ouverte<\/a> de nos activistes d&rsquo;Afrique et d&rsquo;Europe &ndash; dont l&rsquo;ancien Premier ministre &eacute;thiopien Hailemariam Desalegnall &ndash; qui appelle les dirigeants des deux continents &agrave; pr&eacute;senter un plan de lutte contre la pand&eacute;mie et les in&eacute;galit&eacute;s qu&rsquo;elle exacerbe lors du sommet Union africaine-Union europ&eacute;enne les 17 et 18 f&eacute;vrier prochains.<\/p>\n<p>Au <strong>Nigeria<\/strong>, Vivianne Ihekweazu, directrice de Nigeria Health Watch &ndash; une organisation qui plaide pour un meilleur acc&egrave;s aux syst&egrave;mes et services de sant&eacute; &ndash; s&rsquo;est associ&eacute;e &agrave; la chanteuse et activiste Yemi Alade pour r&eacute;diger un article sur l&rsquo;acc&egrave;s aux vaccins dans la presse nig&eacute;riane. Ce n&rsquo;est pas tout : les autoroutes du pays ont &eacute;t&eacute; relook&eacute;es sur le th&egrave;me de la Semaine mondiale d&rsquo;action.<\/p>\n<p>Des milliers de personnes se sont munies de porte-voix afin d&rsquo;amplifier notre message dans les rues de Dakar, au <strong>S&eacute;n&eacute;gal<\/strong>, tandis que des activistes ont rencontr&eacute; le <strong>Khalif de Tidjaniya,<\/strong> l&rsquo;une des confr&eacute;ries musulmanes les plus influentes du pays.<\/p>\n<blockquote class=\"twitter-tweet\" data-width=\"550\" data-dnt=\"true\">\n<p lang=\"en\" dir=\"ltr\"><a href=\"https:\/\/twitter.com\/hashtag\/GlobalWeekOfAction?src=hash&amp;ref_src=twsrc%5Etfw\">#GlobalWeekOfAction<\/a> to end the pandemic everywhere&hellip;<br \/>Here in <a href=\"https:\/\/twitter.com\/hashtag\/Dakar?src=hash&amp;ref_src=twsrc%5Etfw\">#Dakar<\/a>, <a href=\"https:\/\/twitter.com\/hashtag\/Senegal?src=hash&amp;ref_src=twsrc%5Etfw\">#Senegal<\/a><a href=\"https:\/\/twitter.com\/oneenafrique?ref_src=twsrc%5Etfw\">@oneenafrique<\/a><br \/> <a href=\"https:\/\/twitter.com\/ONEinAfrica?ref_src=twsrc%5Etfw\">@ONEinAfrica<\/a><br \/> <a href=\"https:\/\/twitter.com\/ONECampaign?ref_src=twsrc%5Etfw\">@ONECampaign<\/a><br \/> <a href=\"https:\/\/twitter.com\/edwindaniels1?ref_src=twsrc%5Etfw\">@edwindaniels1<\/a><br \/> <a href=\"https:\/\/twitter.com\/TcMOG?ref_src=twsrc%5Etfw\">@TcMOG<\/a><br \/> <a href=\"https:\/\/twitter.com\/David_McNair?ref_src=twsrc%5Etfw\">@David_McNair<\/a> <a href=\"https:\/\/t.co\/XNaEgh62vu\">pic.twitter.com\/XNaEgh62vu<\/a><\/p>\n<p>&mdash; D&eacute;sir&eacute; Assogbavi (@Assodesire) <a href=\"https:\/\/twitter.com\/Assodesire\/status\/1485464631753777152?ref_src=twsrc%5Etfw\">January 24, 2022<\/a><\/p>\n<\/blockquote>\n<p>Les &eacute;quipes de ONE ont &eacute;galement fait appara&icirc;tre notre message sur les autobus dans les principales villes d&rsquo;Afrique, <strong>d&rsquo;Abuja &agrave; <\/strong><a href=\"https:\/\/twitter.com\/GraceShako1\/status\/1484435319302803459\"><strong>Kinshasa<\/strong><\/a><strong>, de Lagos &agrave; Nairobi<\/strong>. Le Club de l&rsquo;Union africaine et une coalition de journalistes francophones se sont &eacute;galement mobilis&eacute;s &agrave; Lom&eacute;, au <strong>Togo<\/strong>, pour faire passer notre message <a href=\"https:\/\/twitter.com\/Assodesire\/status\/1485460023576862720\">sur leurs tuk-tuks et leurs motos<\/a>.<\/p>\n<p>Toujours sur le th&egrave;me du transport, <strong>des centaines d&rsquo;activistes<\/strong> ont coll&eacute; des autocollants de la Semaine mondiale d&rsquo;action sur des minibus et des v&eacute;los boda boda, et dans tous les espaces publics du <strong>Kenya <\/strong>et de <strong>l&rsquo;Afrique de l&rsquo;Ouest<\/strong> <strong>francophone<\/strong>.<\/p>\n<blockquote class=\"twitter-tweet\" data-width=\"550\" data-dnt=\"true\">\n<p lang=\"en\" dir=\"ltr\">We&#8217;re out in the streets of Nairobi, <a href=\"https:\/\/twitter.com\/hashtag\/Kenya?src=hash&amp;ref_src=twsrc%5Etfw\">#Kenya<\/a>, engaging the public and reminding leaders of their commitment to <a href=\"https:\/\/twitter.com\/hashtag\/VaccinateTheWorld?src=hash&amp;ref_src=twsrc%5Etfw\">#VaccinateTheWorld<\/a> and <a href=\"https:\/\/twitter.com\/hashtag\/EndThePandemic?src=hash&amp;ref_src=twsrc%5Etfw\">#EndThePandemic<\/a> by 2022! <a href=\"https:\/\/t.co\/F0c7UqqJsA\">pic.twitter.com\/F0c7UqqJsA<\/a><\/p>\n<p>&mdash; ONE in Africa (@ONEinAfrica) <a href=\"https:\/\/twitter.com\/ONEinAfrica\/status\/1484099279178326016?ref_src=twsrc%5Etfw\">January 20, 2022<\/a><\/p>\n<\/blockquote>\n<h3><strong>Europe<\/strong><\/h3>\n<p>Dans la perspective du sommet Union africaine-Union europ&eacute;enne, des activistes de ONE en Belgique, en Italie et aux Pays-Bas ont &eacute;crit &agrave; 516 d&eacute;put&eacute;s, les invitant &agrave; soutenir la lettre ouverte r&eacute;dig&eacute;e par un groupe d&rsquo;activistes africains et europ&eacute;ens. Plus de <strong>12 600 personnes<\/strong>, dont 51 d&eacute;put&eacute;s europ&eacute;ens ont sign&eacute; la lettre.<\/p>\n<p>Des activistes en <strong>Italie <\/strong>(rejoints &agrave; distance par deux Champions de ONE nig&eacute;rians) ont parl&eacute; de l&rsquo;&eacute;quit&eacute; vaccinale, des droits de tirage sp&eacute;ciaux et d&rsquo;un partenariat solide entre l&rsquo;Afrique et l&rsquo;Europe lors d&rsquo;une audition &agrave; la Commission des affaires &eacute;trang&egrave;res du Parlement italien. De m&ecirc;me, aux <strong>Pays-Bas<\/strong>, des activistes <a href=\"https:\/\/twitter.com\/ONENederland\/status\/1483474701498388482\">ont remis &agrave; un groupe de d&eacute;put&eacute;s<\/a> la p&eacute;tition de ONE sur l&rsquo;&eacute;quit&eacute; vaccinale sign&eacute;e par des milliers de personnes.<\/p>\n<blockquote class=\"twitter-tweet\" data-width=\"550\" data-dnt=\"true\">\n<p lang=\"it\" dir=\"ltr\">Oggi alla Camera con la collega <a href=\"https:\/\/twitter.com\/mariaederaM5S?ref_src=twsrc%5Etfw\">@mariaederaM5S<\/a> abbiamo incontrato gli attivisti di <a href=\"https:\/\/twitter.com\/ONECampaign?ref_src=twsrc%5Etfw\">@ONECampaign<\/a> e abbiamo firmato la lettera aperta alle istituzioni UE che propone un partenariato equo Europa-Africa, a partire dai vaccini. Nessuno si salva da solo <a href=\"https:\/\/t.co\/SiK23ljD6e\">https:\/\/t.co\/SiK23ljD6e<\/a> <a href=\"https:\/\/t.co\/7uFuMbwC06\">pic.twitter.com\/7uFuMbwC06<\/a><\/p>\n<p>&mdash; Gennaro Migliore (@gennaromigliore) <a href=\"https:\/\/twitter.com\/gennaromigliore\/status\/1484219371081904133?ref_src=twsrc%5Etfw\">January 20, 2022<\/a><\/p>\n<\/blockquote>\n<p>Les jeunes Ambassadeurs et Ambassadrices de ONE en <strong>Allemagne <\/strong>ont organis&eacute; un &eacute;v&eacute;nement dans la gare centrale de Berlin, distribuant <strong>plus de 1 200 affiches<\/strong> pour attirer l&rsquo;attention sur l&rsquo;in&eacute;galit&eacute; de l&rsquo;acc&egrave;s aux vaccins dans le monde. Toujours &agrave; Berlin, <a href=\"https:\/\/twitter.com\/ONEDeutschland\/status\/1484168081811382277\">Mark Malloch Brown<\/a>, pr&eacute;sident de l&rsquo;Open Society Foundation, a rencontr&eacute; des activistes &agrave; la porte de Brandebourg.<\/p>\n<blockquote class=\"twitter-tweet\" data-width=\"550\" data-dnt=\"true\">\n<p lang=\"de\" dir=\"ltr\">Impfstoff ist f&uuml;r alle da!   So sollte es zumindest sein. Darauf machen unsere <a href=\"https:\/\/twitter.com\/hashtag\/ONEActivists?src=hash&amp;ref_src=twsrc%5Etfw\">#ONEActivists<\/a> heute am Berliner HBF aufmerksam &ndash;  und fordern von Entscheidungstr&auml;ger*innen, nicht nur ihr eigenes Land, sondern auch ihren Blick zu boostern!   <a href=\"https:\/\/twitter.com\/hashtag\/BoosterBlick?src=hash&amp;ref_src=twsrc%5Etfw\">#BoosterBlick<\/a> <a href=\"https:\/\/t.co\/7vmMGaGHoF\">https:\/\/t.co\/7vmMGaGHoF<\/a> <a href=\"https:\/\/t.co\/ovIozkkgDC\">pic.twitter.com\/ovIozkkgDC<\/a><\/p>\n<p>&mdash; ONEDeutschland (@ONEDeutschland) <a href=\"https:\/\/twitter.com\/ONEDeutschland\/status\/1482359108120584193?ref_src=twsrc%5Etfw\">January 15, 2022<\/a><\/p>\n<\/blockquote>\n<p>En <strong>France<\/strong>, plus de <strong>2 000 <\/strong><a href=\"https:\/\/twitter.com\/ONE_Fr\/status\/1481578875121504258\"><strong>panneaux d&rsquo;affichage<\/strong><\/a><strong> dans 500 villes<\/strong> ont alert&eacute; sur la question de l&rsquo;in&eacute;galit&eacute; des vaccins et les jeunes Ambassadrices et Ambassadeurs ont sillonn&eacute; les rues de plusieurs villes en France pour r&eacute;aliser des tags &agrave; la craie, invitant nos dirigeantes et dirigeants &agrave; vacciner le monde pour mettre fin &agrave; la pand&eacute;mie une bonne fois pour toutes. Ils et elles ont &eacute;galement interpell&eacute; leurs maires, leur demandant de signer une lettre ouverte aux c&ocirc;t&eacute;s d&rsquo;autres maires europ&eacute;ens et africains. Beno&icirc;t Payan, maire de Marseille, deuxi&egrave;me plus grande ville de France, a par exemple accept&eacute; de nous rejoindre !<\/p>\n<blockquote class=\"twitter-tweet\" data-width=\"550\" data-dnt=\"true\">\n<p lang=\"fr\" dir=\"ltr\">Dans le cadre de notre Semaine mondiale d&#8217;action, nos <a href=\"https:\/\/twitter.com\/hashtag\/ONEActivists?src=hash&amp;ref_src=twsrc%5Etfw\">#ONEActivists<\/a> se sont munies de bombes &agrave; la craie pour faire passer un message clair aux dirigeants mondiaux : <a href=\"https:\/\/twitter.com\/hashtag\/VaccinezLeMonde?src=hash&amp;ref_src=twsrc%5Etfw\">#VaccinezLeMonde<\/a> &#9994; <\/p>\n<p>Mobilisez-vous &agrave; nos c&ocirc;t&eacute;s et signez notre appel mondial &#10145;&#65039; <a href=\"https:\/\/t.co\/LflmELTeTO\">https:\/\/t.co\/LflmELTeTO<\/a> <a href=\"https:\/\/t.co\/l7Sw94clI2\">pic.twitter.com\/l7Sw94clI2<\/a><\/p>\n<p>&mdash; ONE France (@ONE_Fr) <a href=\"https:\/\/twitter.com\/ONE_Fr\/status\/1484190229632360450?ref_src=twsrc%5Etfw\">January 20, 2022<\/a><\/p>\n<\/blockquote>\n<p>Devant la station de m&eacute;tro Westminster, &agrave; <strong>Londres<\/strong>, des activistes ont distribu&eacute; des masques et des p&eacute;titions aux d&eacute;put&eacute;s britanniques qui se rendaient &agrave; leur travail. Des affiches de ONE ont &eacute;galement &eacute;t&eacute; dispos&eacute;es dans tous les coins de la station, alertant les passants sur la n&eacute;cessit&eacute; de vacciner le monde pour mettre fin &agrave; la pand&eacute;mie. Des personnalit&eacute;s politiques de premier plan, comme David Lammy et Preet Gill, <a href=\"https:\/\/twitter.com\/DavidLammy\/status\/1483103324366856192\">ont tweet&eacute;<\/a> des messages de soutien. Les activistes de ONE se sont &eacute;galement mobilis&eacute;s <a href=\"https:\/\/twitter.com\/ONEintheUK\/status\/1484786659325452289\">devant le Parlement<\/a> et ont pu &eacute;changer avec quelques d&eacute;put&eacute;s.<\/p>\n<p><a href=\"https:\/\/twitter.com\/ONEintheUK\/status\/1483407871014539266\">https:\/\/twitter.com\/ONEintheUK\/status\/1483407871014539266<\/a><\/p>\n<p>Au Trinity Centre for Global Health d&rsquo;<strong>Irlande<\/strong>, les &eacute;tudiants se sont mobilis&eacute;s <a href=\"https:\/\/twitter.com\/VaxequityTCD\/status\/1484217832422490119\">sur le campus<\/a> et dans les rues de Dublin, faisant la Une de l&rsquo;<em>Irish Times<\/em>. L&rsquo;image a &eacute;t&eacute; partag&eacute;e par <a href=\"https:\/\/twitter.com\/U2\/status\/1484623253301862400\">Bono <\/a>et <a href=\"https:\/\/twitter.com\/DrTedros\/status\/1484590575689084932\">Dr. Tedros<\/a>, le Directeur g&eacute;n&eacute;ral de l&rsquo;OMS, &agrave; leurs plus de<strong> trois millions<\/strong> d&rsquo;abonn&eacute;s.<\/p>\n<h3><strong>Am&eacute;rique du Nord<\/strong><\/h3>\n<p>En <strong>Am&eacute;rique du Nord<\/strong>, les activistes se sont arm&eacute;s de leurs t&eacute;l&eacute;phones et ordinateurs portables pour s&rsquo;assurer que leurs repr&eacute;sentants recevaient notre message haut et fort. Des milliers de personnes ont pris part &agrave; des actions en ligne, &eacute;crivant des lettres et des e-mails &agrave; leurs repr&eacute;sentants pour leur demander de d&eacute;fendre l&rsquo;&eacute;galit&eacute; d&rsquo;acc&egrave;s aux vaccins dans leurs communaut&eacute;s et au-del&agrave; de leurs fronti&egrave;res.<\/p>\n<p>Au <strong>Canada<\/strong>,<strong> 1 043<\/strong> soutiens de ONE ont particip&eacute; &agrave; une action en ligne destin&eacute;e au ministre f&eacute;d&eacute;ral du D&eacute;veloppement international, <a href=\"https:\/\/twitter.com\/ONE_in_Canada\/status\/1484163883342442501\">Harjit Sajjan<\/a>, afin de lui demander de partager des doses de vaccin avec les pays &agrave; faible revenu. L&rsquo;&eacute;quipe de ONE au Canada a &eacute;galement lanc&eacute; une campagne de sensibilisation pour nommer le prochain variant : le variant Pr&eacute;visible.<\/p>\n<blockquote class=\"twitter-tweet\" data-width=\"550\" data-dnt=\"true\">\n<p lang=\"fr\" dir=\"ltr\">Appelons le prochain variant ce qu&rsquo;il est : Pr&eacute;visible<br \/>Et appelons notre gouvernement &agrave; l&rsquo;&eacute;viter en partageant les ressources, les doses et les connaissances <a href=\"https:\/\/twitter.com\/hashtag\/EndThePandemic?src=hash&amp;ref_src=twsrc%5Etfw\">#EndThePandemic<\/a> <a href=\"https:\/\/twitter.com\/hashtag\/VaccinezLeMonde?src=hash&amp;ref_src=twsrc%5Etfw\">#VaccinezLeMonde<\/a> <a href=\"https:\/\/twitter.com\/hashtag\/EquiteVaccinale?src=hash&amp;ref_src=twsrc%5Etfw\">#EquiteVaccinale<\/a> <a href=\"https:\/\/t.co\/O50mIxYkpe\">pic.twitter.com\/O50mIxYkpe<\/a><\/p>\n<p>&mdash; ONE Canada (@ONE_in_Canada) <a href=\"https:\/\/twitter.com\/ONE_in_Canada\/status\/1484166363736326149?ref_src=twsrc%5Etfw\">January 20, 2022<\/a><\/p>\n<\/blockquote>\n<p>Aux <strong>&Eacute;tats-Unis<\/strong>, des activistes ont &eacute;crit &agrave; l&rsquo;administration Biden et &agrave; d&rsquo;autres repr&eacute;sentants du Congr&egrave;s pour demander un soutien financier afin de respecter les engagements pris au niveau international en mati&egrave;re de vaccination. Des images de la Semaine mondiale d&rsquo;action ont &eacute;t&eacute; publi&eacute;es dans le <a href=\"https:\/\/www.washingtonpost.com\/wellness\/2022\/01\/20\/what-does-endemic-mean\/?pwapi_token=eyJ0eXAiOiJKV1QiLCJhbGciOiJIUzI1NiJ9.eyJzdWJpZCI6IjEyNzY4NTU1IiwicmVhc29uIjoiZ2lmdCIsIm5iZiI6MTY0Mjc2MjUxNSwiaXNzIjoic3Vic2NyaXB0aW9ucyIsImV4cCI6MTY0Mzk3MjExNSwiaWF0IjoxNjQyNzYyNTE1LCJqdGkiOiJkOGNjMzc5Yy0xMmRmLTRhN2ItOTJhZC1hOGRiNzZlNTkyNDQiLCJ1cmwiOiJodHRwczovL3d3dy53YXNoaW5ndG9ucG9zdC5jb20vd2VsbG5lc3MvMjAyMi8wMS8yMC93aGF0LWRvZXMtZW5kZW1pYy1tZWFuLyJ9.qlncwlzibYY82nPPZyAA_u6cUFsf8F7x_Qoe6-3LA_w\"><em>Washington Post<\/em><\/a> et le magazine <a href=\"https:\/\/www.forbes.com\/sites\/madhukarpai\/2022\/01\/25\/a-pandemic-of-inequity-and-injustice-how-should-the-world-respond\/?sh=3e8bc069311d\"><em>Forbes<\/em><\/a>.<\/p>\n<h3><strong>Australie<\/strong><strong><br \/>\n<\/strong><\/h3>\n<p>Les Australiens ont pris part &agrave; <strong>1 690 actions <\/strong>au cours de la Semaine mondiale d&rsquo;action et David McNair, Directeur des politiques chez ONE, a fait une apparition dans <a href=\"https:\/\/www.abc.net.au\/radionational\/programs\/breakfast\/australian-travellers-may-be-locked-out-of-europe\/13725600\">RN Breakfast<\/a>, le programme principal d&rsquo;actualit&eacute; du pays, o&ugrave; il a parl&eacute; de notre campagne devant une audience de plus de <strong>600 000 personnes.<\/strong><\/p>\n<h3><strong>Partenaires internationaux&nbsp;<\/strong><\/h3>\n<p>En ligne, <strong>3 336 personnes<\/strong> ont utilis&eacute; le hashtag phare de notre campagne, #EndThePandemic, sur les r&eacute;seaux sociaux. Lorsque la mobilisation de masse dans la rue n&rsquo;&eacute;tait pas possible, ONE et ses soutiens ont organis&eacute; <strong>21 &eacute;v&eacute;nements et activit&eacute;s sur le terrain <\/strong>dans le respect des r&egrave;gles sanitaires et de la distanciation sociale.<\/p>\n<p>Des actions ont &eacute;t&eacute; men&eacute;es dans <strong>21 pays<\/strong> o&ugrave; ONE n&rsquo;a pas de bureaux, avec <strong>3 614<\/strong> actions men&eacute;es en dehors des r&eacute;gions principales de ONE. Nous avons &eacute;galement obtenu plus de <strong>400 <\/strong>retomb&eacute;es m&eacute;diatiques dans 15 pays.<\/p>\n<p>ONE n&rsquo;&eacute;tait pas seule lors de la Semaine mondiale d&rsquo;action puisque nous avons pu compter sur le soutien d&rsquo;organisations telles que le <strong>Pandemic Action Network <\/strong>et <strong>Save The Children International <\/strong>qui ont contribu&eacute; &agrave; lutter, &agrave; nos c&ocirc;t&eacute;s, contre les in&eacute;galit&eacute;s d&rsquo;acc&egrave;s aux vaccins.<\/p>\n<p>En collaboration avec le <strong><em>Financial Times<\/em><\/strong>, ONE a organis&eacute;<a href=\"https:\/\/vaccine-nationalism.live.ft.com\/?_ga=2.56672362.1129843568.1641295812-338739182.1639142769\"> un d&eacute;bat <\/a>sur le co&ucirc;t &eacute;conomique du nationalisme vaccinal, un &eacute;v&eacute;nement qui a &eacute;t&eacute; vu par des personnes dans plus de <strong>25 pays<\/strong>. Lorsqu&rsquo;on lui a demand&eacute; si le nationalisme vaccinal constituait un obstacle &agrave; la relance &eacute;conomique mondiale, la pan&eacute;liste Kristalina Georgieva, directrice g&eacute;n&eacute;rale du FMI, a r&eacute;pondu par un &ldquo;OUI&rdquo; retentissant.<\/p>\n<p>En f&eacute;vrier, une collaboration avec la <strong>Coupe d&rsquo;Afrique des nations de football<\/strong> permettra &agrave; la Semaine mondiale d&rsquo;action de faire une apparition lors de la finale de la Coupe des Nations, tandis que le sommet <strong>Union africaine-Union europ&eacute;enne<\/strong> placera sans aucun doute la question de l&rsquo;in&eacute;galit&eacute; des vaccins au centre des pr&eacute;occupations.<\/p>\n<h3><strong>Conclusion<\/strong><\/h3>\n<p>Alors que la pand&eacute;mie a entam&eacute; sa troisi&egrave;me ann&eacute;e de vie en 2022, le monde s&rsquo;est exprim&eacute; : il est temps que nos gouvernements et nos dirigeants agissent. Au cours de cette <strong>Semaine mondiale d&rsquo;action,<\/strong> des milliers d&rsquo;entre vous se sont rassembl&eacute;s et mobilis&eacute;s aux quatre coins du monde pour lutter contre les in&eacute;galit&eacute;s d&rsquo;acc&egrave;s aux vaccins.<\/p>\n<p>De la part de tout le monde chez ONE, <strong>un grand merci pour votre mobilisation ! <\/strong>Ensemble, nous avons d&eacute;j&agrave; accompli tant de choses dans la lutte mondiale pour <strong>mettre fin &agrave; la pand&eacute;mie, partout, et nous ne l&acirc;cherons pas les bras tant que notre objectif ne sera pas atteint.<\/strong><\/p>\n<div class=\"buffer\"><\/div>","protected":false},"excerpt":{"rendered":"<p>Pour la premi&egrave;re fois, ONE a lanc&eacute; sa propre Semaine mondiale d&rsquo;action, qui s&rsquo;est tenue du 15 au 22 janvier, dans le but d&rsquo;appeler les dirigeants mondiaux &agrave; mettre fin &agrave; la pand&eacute;mie, partout. Nous voulions partager avec vous nos actions, nos victoires et tout ce que nous avons r&eacute;alis&eacute; ensemble au cours de cette [&hellip;]<\/p>\n","protected":false},"author":0,"featured_media":163017,"comment_status":"open","ping_status":"open","sticky":false,"template":"","format":"standard","meta":{"_acf_changed":false,"_relevanssi_hide_post":"","_relevanssi_hide_content":"","_relevanssi_pin_for_all":"","_relevanssi_pin_keywords":"","_relevanssi_unpin_keywords":"","_relevanssi_related_keywords":"","_relevanssi_related_include_ids":"","_relevanssi_related_exclude_ids":"","_relevanssi_related_no_append":"","_relevanssi_related_not_related":"","_relevanssi_related_posts":"","_relevanssi_noindex_reason":"","footnotes":""},"categories":[34],"tags":[],"topic":[42],"contributor":[33],"one_content_audience":[],"one_content_type":[],"one_content_tone":[],"class_list":["post-162526","post","type-post","status-publish","format-standard","has-post-thumbnail","hentry","category-one","topic-covid-19","contributor-one-france"],"acf":[],"yoast_head":"<!-- This site is optimized with the Yoast SEO Premium plugin v27.1 (Yoast SEO v27.1.1) - https:\/\/yoast.com\/product\/yoast-seo-premium-wordpress\/ -->\n<title>Une Semaine mondiale d&#039;action pour mettre fin \u00e0 la pand\u00e9mie - ONE.org France<\/title>\n<meta name=\"description\" content=\"ONE a lanc\u00e9 sa propre Semaine mondiale d&#039;action dans le but d\u2019appeler les dirigeants mondiaux \u00e0 mettre fin \u00e0 la pand\u00e9mie, partout.\" \/>\n<meta name=\"robots\" content=\"index, follow, max-snippet:-1, max-image-preview:large, max-video-preview:-1\" \/>\n<link rel=\"canonical\" href=\"https:\/\/www.one.org\/fr\/actualites\/une-semaine-mondiale-daction\/\" \/>\n<meta property=\"og:locale\" content=\"fr_FR\" \/>\n<meta property=\"og:type\" content=\"article\" \/>\n<meta property=\"og:title\" content=\"Une Semaine mondiale d&#039;action pour mettre fin \u00e0 la pand\u00e9mie\" \/>\n<meta property=\"og:description\" content=\"ONE a lanc\u00e9 sa propre Semaine mondiale d&#039;action dans le but d\u2019appeler les dirigeants mondiaux \u00e0 mettre fin \u00e0 la pand\u00e9mie, partout.\" \/>\n<meta property=\"og:url\" content=\"https:\/\/www.one.org\/fr\/actualites\/une-semaine-mondiale-daction\/\" \/>\n<meta property=\"og:site_name\" content=\"ONE.org France\" \/>\n<meta property=\"article:publisher\" content=\"https:\/\/www.facebook.com\/ONE.Fr\" \/>\n<meta property=\"article:published_time\" content=\"2022-01-27T13:34:13+00:00\" \/>\n<meta property=\"article:modified_time\" content=\"2024-04-23T12:34:38+00:00\" \/>\n<meta property=\"og:image\" content=\"https:\/\/www.one.org\/fr\/wp-content\/uploads\/sites\/4\/2022\/01\/ONE-GWA-Social-1-IG_fr.png\" \/>\n\t<meta property=\"og:image:width\" content=\"1536\" \/>\n\t<meta property=\"og:image:height\" content=\"1536\" \/>\n\t<meta property=\"og:image:type\" content=\"image\/png\" \/>\n<meta name=\"twitter:card\" content=\"summary_large_image\" \/>\n<meta name=\"twitter:creator\" content=\"@one_fr\" \/>\n<meta name=\"twitter:site\" content=\"@one_fr\" \/>\n<meta name=\"twitter:label1\" content=\"Est. reading time\" \/>\n\t<meta name=\"twitter:data1\" content=\"11 minutes\" \/>\n<script type=\"application\/ld+json\" class=\"yoast-schema-graph\">{\"@context\":\"https:\/\/schema.org\",\"@graph\":[{\"@type\":\"Article\",\"@id\":\"https:\/\/www.one.org\/fr\/actualites\/une-semaine-mondiale-daction\/#article\",\"isPartOf\":{\"@id\":\"https:\/\/www.one.org\/fr\/actualites\/une-semaine-mondiale-daction\/\"},\"author\":{\"name\":\"\",\"@id\":\"\"},\"headline\":\"Une Semaine mondiale d&#8217;action pour mettre fin \u00e0 la pand\u00e9mie\",\"datePublished\":\"2022-01-27T13:34:13+00:00\",\"dateModified\":\"2024-04-23T12:34:38+00:00\",\"mainEntityOfPage\":{\"@id\":\"https:\/\/www.one.org\/fr\/actualites\/une-semaine-mondiale-daction\/\"},\"wordCount\":2176,\"commentCount\":0,\"image\":{\"@id\":\"https:\/\/www.one.org\/fr\/actualites\/une-semaine-mondiale-daction\/#primaryimage\"},\"thumbnailUrl\":\"https:\/\/www.one.org\/fr\/wp-content\/uploads\/sites\/4\/2022\/01\/ONE-GWA-Social-1-IG_fr.png\",\"articleSection\":[\"ONE\"],\"inLanguage\":\"fr-FR\",\"potentialAction\":[{\"@type\":\"CommentAction\",\"name\":\"Comment\",\"target\":[\"https:\/\/www.one.org\/fr\/actualites\/une-semaine-mondiale-daction\/#respond\"]}]},{\"@type\":\"WebPage\",\"@id\":\"https:\/\/www.one.org\/fr\/actualites\/une-semaine-mondiale-daction\/\",\"url\":\"https:\/\/www.one.org\/fr\/actualites\/une-semaine-mondiale-daction\/\",\"name\":\"Une Semaine mondiale d'action pour mettre fin \u00e0 la pand\u00e9mie - ONE.org France\",\"isPartOf\":{\"@id\":\"https:\/\/www.one.org\/fr\/#website\"},\"primaryImageOfPage\":{\"@id\":\"https:\/\/www.one.org\/fr\/actualites\/une-semaine-mondiale-daction\/#primaryimage\"},\"image\":{\"@id\":\"https:\/\/www.one.org\/fr\/actualites\/une-semaine-mondiale-daction\/#primaryimage\"},\"thumbnailUrl\":\"https:\/\/www.one.org\/fr\/wp-content\/uploads\/sites\/4\/2022\/01\/ONE-GWA-Social-1-IG_fr.png\",\"datePublished\":\"2022-01-27T13:34:13+00:00\",\"dateModified\":\"2024-04-23T12:34:38+00:00\",\"author\":{\"@id\":\"\"},\"description\":\"ONE a lanc\u00e9 sa propre Semaine mondiale d'action dans le but d\u2019appeler les dirigeants mondiaux \u00e0 mettre fin \u00e0 la pand\u00e9mie, partout.\",\"breadcrumb\":{\"@id\":\"https:\/\/www.one.org\/fr\/actualites\/une-semaine-mondiale-daction\/#breadcrumb\"},\"inLanguage\":\"fr-FR\",\"potentialAction\":[{\"@type\":\"ReadAction\",\"target\":[\"https:\/\/www.one.org\/fr\/actualites\/une-semaine-mondiale-daction\/\"]}]},{\"@type\":\"ImageObject\",\"inLanguage\":\"fr-FR\",\"@id\":\"https:\/\/www.one.org\/fr\/actualites\/une-semaine-mondiale-daction\/#primaryimage\",\"url\":\"https:\/\/www.one.org\/fr\/wp-content\/uploads\/sites\/4\/2022\/01\/ONE-GWA-Social-1-IG_fr.png\",\"contentUrl\":\"https:\/\/www.one.org\/fr\/wp-content\/uploads\/sites\/4\/2022\/01\/ONE-GWA-Social-1-IG_fr.png\",\"width\":1536,\"height\":1536},{\"@type\":\"BreadcrumbList\",\"@id\":\"https:\/\/www.one.org\/fr\/actualites\/une-semaine-mondiale-daction\/#breadcrumb\",\"itemListElement\":[{\"@type\":\"ListItem\",\"position\":1,\"name\":\"Home\",\"item\":\"https:\/\/www.one.org\/fr\/\"},{\"@type\":\"ListItem\",\"position\":2,\"name\":\"Une Semaine mondiale d&#8217;action pour mettre fin \u00e0 la pand\u00e9mie\"}]},{\"@type\":\"WebSite\",\"@id\":\"https:\/\/www.one.org\/fr\/#website\",\"url\":\"https:\/\/www.one.org\/fr\/\",\"name\":\"ONE.org\",\"description\":\"Cr\u00e9er des opportunit\u00e9s \u00e9conomiques et am\u00e9liorer la sant\u00e9 en Afrique\",\"potentialAction\":[{\"@type\":\"SearchAction\",\"target\":{\"@type\":\"EntryPoint\",\"urlTemplate\":\"https:\/\/www.one.org\/fr\/?s={search_term_string}\"},\"query-input\":{\"@type\":\"PropertyValueSpecification\",\"valueRequired\":true,\"valueName\":\"search_term_string\"}}],\"inLanguage\":\"fr-FR\"}]}<\/script>\n<!-- \/ Yoast SEO Premium plugin. -->","yoast_head_json":{"title":"Une Semaine mondiale d'action pour mettre fin \u00e0 la pand\u00e9mie - ONE.org France","description":"ONE a lanc\u00e9 sa propre Semaine mondiale d'action dans le but d\u2019appeler les dirigeants mondiaux \u00e0 mettre fin \u00e0 la pand\u00e9mie, partout.","robots":{"index":"index","follow":"follow","max-snippet":"max-snippet:-1","max-image-preview":"max-image-preview:large","max-video-preview":"max-video-preview:-1"},"canonical":"https:\/\/www.one.org\/fr\/actualites\/une-semaine-mondiale-daction\/","og_locale":"fr_FR","og_type":"article","og_title":"Une Semaine mondiale d'action pour mettre fin \u00e0 la pand\u00e9mie","og_description":"ONE a lanc\u00e9 sa propre Semaine mondiale d'action dans le but d\u2019appeler les dirigeants mondiaux \u00e0 mettre fin \u00e0 la pand\u00e9mie, partout.","og_url":"https:\/\/www.one.org\/fr\/actualites\/une-semaine-mondiale-daction\/","og_site_name":"ONE.org France","article_publisher":"https:\/\/www.facebook.com\/ONE.Fr","article_published_time":"2022-01-27T13:34:13+00:00","article_modified_time":"2024-04-23T12:34:38+00:00","og_image":[{"width":1536,"height":1536,"url":"https:\/\/www.one.org\/fr\/wp-content\/uploads\/sites\/4\/2022\/01\/ONE-GWA-Social-1-IG_fr.png","type":"image\/png"}],"twitter_card":"summary_large_image","twitter_creator":"@one_fr","twitter_site":"@one_fr","twitter_misc":{"Est. reading time":"11 minutes"},"schema":{"@context":"https:\/\/schema.org","@graph":[{"@type":"Article","@id":"https:\/\/www.one.org\/fr\/actualites\/une-semaine-mondiale-daction\/#article","isPartOf":{"@id":"https:\/\/www.one.org\/fr\/actualites\/une-semaine-mondiale-daction\/"},"author":{"name":"","@id":""},"headline":"Une Semaine mondiale d&#8217;action pour mettre fin \u00e0 la pand\u00e9mie","datePublished":"2022-01-27T13:34:13+00:00","dateModified":"2024-04-23T12:34:38+00:00","mainEntityOfPage":{"@id":"https:\/\/www.one.org\/fr\/actualites\/une-semaine-mondiale-daction\/"},"wordCount":2176,"commentCount":0,"image":{"@id":"https:\/\/www.one.org\/fr\/actualites\/une-semaine-mondiale-daction\/#primaryimage"},"thumbnailUrl":"https:\/\/www.one.org\/fr\/wp-content\/uploads\/sites\/4\/2022\/01\/ONE-GWA-Social-1-IG_fr.png","articleSection":["ONE"],"inLanguage":"fr-FR","potentialAction":[{"@type":"CommentAction","name":"Comment","target":["https:\/\/www.one.org\/fr\/actualites\/une-semaine-mondiale-daction\/#respond"]}]},{"@type":"WebPage","@id":"https:\/\/www.one.org\/fr\/actualites\/une-semaine-mondiale-daction\/","url":"https:\/\/www.one.org\/fr\/actualites\/une-semaine-mondiale-daction\/","name":"Une Semaine mondiale d'action pour mettre fin \u00e0 la pand\u00e9mie - ONE.org France","isPartOf":{"@id":"https:\/\/www.one.org\/fr\/#website"},"primaryImageOfPage":{"@id":"https:\/\/www.one.org\/fr\/actualites\/une-semaine-mondiale-daction\/#primaryimage"},"image":{"@id":"https:\/\/www.one.org\/fr\/actualites\/une-semaine-mondiale-daction\/#primaryimage"},"thumbnailUrl":"https:\/\/www.one.org\/fr\/wp-content\/uploads\/sites\/4\/2022\/01\/ONE-GWA-Social-1-IG_fr.png","datePublished":"2022-01-27T13:34:13+00:00","dateModified":"2024-04-23T12:34:38+00:00","author":{"@id":""},"description":"ONE a lanc\u00e9 sa propre Semaine mondiale d'action dans le but d\u2019appeler les dirigeants mondiaux \u00e0 mettre fin \u00e0 la pand\u00e9mie, partout.","breadcrumb":{"@id":"https:\/\/www.one.org\/fr\/actualites\/une-semaine-mondiale-daction\/#breadcrumb"},"inLanguage":"fr-FR","potentialAction":[{"@type":"ReadAction","target":["https:\/\/www.one.org\/fr\/actualites\/une-semaine-mondiale-daction\/"]}]},{"@type":"ImageObject","inLanguage":"fr-FR","@id":"https:\/\/www.one.org\/fr\/actualites\/une-semaine-mondiale-daction\/#primaryimage","url":"https:\/\/www.one.org\/fr\/wp-content\/uploads\/sites\/4\/2022\/01\/ONE-GWA-Social-1-IG_fr.png","contentUrl":"https:\/\/www.one.org\/fr\/wp-content\/uploads\/sites\/4\/2022\/01\/ONE-GWA-Social-1-IG_fr.png","width":1536,"height":1536},{"@type":"BreadcrumbList","@id":"https:\/\/www.one.org\/fr\/actualites\/une-semaine-mondiale-daction\/#breadcrumb","itemListElement":[{"@type":"ListItem","position":1,"name":"Home","item":"https:\/\/www.one.org\/fr\/"},{"@type":"ListItem","position":2,"name":"Une Semaine mondiale d&#8217;action pour mettre fin \u00e0 la pand\u00e9mie"}]},{"@type":"WebSite","@id":"https:\/\/www.one.org\/fr\/#website","url":"https:\/\/www.one.org\/fr\/","name":"ONE.org","description":"Cr\u00e9er des opportunit\u00e9s \u00e9conomiques et am\u00e9liorer la sant\u00e9 en Afrique","potentialAction":[{"@type":"SearchAction","target":{"@type":"EntryPoint","urlTemplate":"https:\/\/www.one.org\/fr\/?s={search_term_string}"},"query-input":{"@type":"PropertyValueSpecification","valueRequired":true,"valueName":"search_term_string"}}],"inLanguage":"fr-FR"}]}},"distributor_meta":false,"distributor_terms":false,"distributor_media":false,"distributor_original_site_name":"ONE.org France","distributor_original_site_url":"https:\/\/www.one.org\/fr","push-errors":false,"_links":{"self":[{"href":"https:\/\/www.one.org\/fr\/wp-json\/wp\/v2\/posts\/162526","targetHints":{"allow":["GET"]}}],"collection":[{"href":"https:\/\/www.one.org\/fr\/wp-json\/wp\/v2\/posts"}],"about":[{"href":"https:\/\/www.one.org\/fr\/wp-json\/wp\/v2\/types\/post"}],"replies":[{"embeddable":true,"href":"https:\/\/www.one.org\/fr\/wp-json\/wp\/v2\/comments?post=162526"}],"version-history":[{"count":0,"href":"https:\/\/www.one.org\/fr\/wp-json\/wp\/v2\/posts\/162526\/revisions"}],"wp:featuredmedia":[{"embeddable":true,"href":"https:\/\/www.one.org\/fr\/wp-json\/wp\/v2\/media\/163017"}],"wp:attachment":[{"href":"https:\/\/www.one.org\/fr\/wp-json\/wp\/v2\/media?parent=162526"}],"wp:term":[{"taxonomy":"category","embeddable":true,"href":"https:\/\/www.one.org\/fr\/wp-json\/wp\/v2\/categories?post=162526"},{"taxonomy":"post_tag","embeddable":true,"href":"https:\/\/www.one.org\/fr\/wp-json\/wp\/v2\/tags?post=162526"},{"taxonomy":"topic","embeddable":true,"href":"https:\/\/www.one.org\/fr\/wp-json\/wp\/v2\/topic?post=162526"},{"taxonomy":"contributor","embeddable":true,"href":"https:\/\/www.one.org\/fr\/wp-json\/wp\/v2\/contributor?post=162526"},{"taxonomy":"one_content_audience","embeddable":true,"href":"https:\/\/www.one.org\/fr\/wp-json\/wp\/v2\/one_content_audience?post=162526"},{"taxonomy":"one_content_type","embeddable":true,"href":"https:\/\/www.one.org\/fr\/wp-json\/wp\/v2\/one_content_type?post=162526"},{"taxonomy":"one_content_tone","embeddable":true,"href":"https:\/\/www.one.org\/fr\/wp-json\/wp\/v2\/one_content_tone?post=162526"}],"curies":[{"name":"wp","href":"https:\/\/api.w.org\/{rel}","templated":true}]}}