{"id":162524,"date":"2022-01-24T08:05:30","date_gmt":"2022-01-24T08:05:30","guid":{"rendered":"https:\/\/www.one.org\/fr\/une-generation-sacrifiee-limpact-des-fermetures-decoles-sur-leducation-des-filles-en-afrique\/"},"modified":"2023-11-06T16:42:35","modified_gmt":"2023-11-06T16:42:35","slug":"impact-fermeture-ecoles-filles-afrique","status":"publish","type":"post","link":"https:\/\/www.one.org\/fr\/actualites\/impact-fermeture-ecoles-filles-afrique\/","title":{"rendered":"Une g\u00e9n\u00e9ration sacrifi\u00e9e : l&#8217;impact des fermetures d&#8217;\u00e9coles sur l&#8217;\u00e9ducation des filles en Afrique"},"content":{"rendered":"<p>Alors qu&rsquo;ils reprennent progressivement le chemin de l&rsquo;&eacute;cole, les enfants vivant sur le continent africain risquent de ne pas retrouver le m&ecirc;me environnement que celui d&rsquo;avant la pand&eacute;mie. Dans certaines &eacute;coles, le nombre d&rsquo;&eacute;l&egrave;ves par classe sera plus faible en raison des taux &eacute;lev&eacute;s d&rsquo;abandon scolaire, notamment chez les adolescentes.<\/p>\n<p>En Afrique, le COVID-19 a exclu une g&eacute;n&eacute;ration enti&egrave;re du syst&egrave;me &eacute;ducatif. Dans les pays africains &agrave; revenu faible ou interm&eacute;diaire, les enfants qui ne retourneront pas &agrave; l&rsquo;&eacute;cole lors de sa r&eacute;ouverture se comptent par millions, et ce, pour diverses raisons. L&rsquo;une d&rsquo;elles est la suivante&nbsp;: pendant la pand&eacute;mie, de nombreuses familles ont subi une perte de leurs moyens de subsistance, ce qui a affect&eacute; leur capacit&eacute; &agrave; payer les frais de scolarit&eacute;. En Afrique du Sud, on estime que <a href=\"https:\/\/www.news24.com\/parent\/learn\/learning-difficulties\/as-many-as-750000-children-have-dropped-out-of-school-during-the-pandemic-20210715\">750 000 &eacute;l&egrave;ves ont d&ucirc; abandonner l&rsquo;&eacute;cole<\/a> au cours de la premi&egrave;re ann&eacute;e de la pand&eacute;mie. 10 % des personnes interrog&eacute;es dans le cadre d&rsquo;une &eacute;tude ont d&eacute;clar&eacute; qu&rsquo;au moins un enfant de leur foyer n&rsquo;&eacute;tait pas retourn&eacute; &agrave; l&rsquo;&eacute;cole en 2021.<\/p>\n<p>Une &eacute;tude men&eacute;e au Kenya a r&eacute;v&eacute;l&eacute; que <a href=\"https:\/\/www.theeastafrican.co.ke\/tea\/news\/east-africa\/covid-19-nightmare-of-out-of-school-adolescent-parents-in-kenya-3481034\">16 % des filles et 8 % des gar&ccedil;ons<\/a> ne sont pas retourn&eacute;s &agrave; l&rsquo;&eacute;cole en 2021, apr&egrave;s pr&egrave;s d&rsquo;un an de fermeture des &eacute;coles. Ruth Kagia, cheffe de cabinet adjointe du pr&eacute;sident k&eacute;nyan, a d&eacute;clar&eacute; que les cons&eacute;quences n&eacute;gatives des taux &eacute;lev&eacute;s d&rsquo;abandon scolaire se feront sentir pendant des d&eacute;cennies : &laquo;&nbsp;La pand&eacute;mie creuse les in&eacute;galit&eacute;s pr&eacute;existantes, mettant en lumi&egrave;re les vuln&eacute;rabilit&eacute;s des syst&egrave;mes sociaux, &eacute;ducatifs et &eacute;conomiques qui amplifient &agrave; leur tour les impacts de la pand&eacute;mie.&nbsp;&raquo;<\/p>\n<p>Dans certains pays, les filles qui n&rsquo;&eacute;taient pas scolaris&eacute;es en raison de la fermeture des &eacute;coles &eacute;taient charg&eacute;es d&rsquo;aider aux t&acirc;ches m&eacute;nag&egrave;res. De nombreux parents, en particulier ceux qui accordent peu de valeur &agrave; l&rsquo;&eacute;ducation des filles, pourraient &ecirc;tre tent&eacute;s de garder leurs filles &agrave; la maison apr&egrave;s la r&eacute;ouverture des &eacute;coles ce mois-ci.<\/p>\n<h3><strong>Des disparit&eacute;s accrues<\/strong><\/h3>\n<p>Des &eacute;tudes men&eacute;es en 2020 ont montr&eacute; que les fermetures d&rsquo;&eacute;coles ont engendr&eacute; <a href=\"https:\/\/www.thelancet.com\/journals\/lancet\/article\/PIIS0140-6736(20)31377-5\/fulltext\">la d&eacute;scolarisation d&rsquo;environ 90 % des &eacute;l&egrave;ves dans le monde<\/a>. Parmi eux, 800 millions &eacute;taient des filles. Au cours des deux derni&egrave;res ann&eacute;es, des millions d&rsquo;enfants &ndash; gar&ccedil;ons et filles &ndash; qui n&rsquo;ont pas eu la chance de b&eacute;n&eacute;ficier de l&rsquo;apprentissage en ligne ou de l&rsquo;enseignement &agrave; domicile n&rsquo;ont eu que tr&egrave;s peu, voire pas du tout, acc&egrave;s &agrave; l&rsquo;&eacute;ducation. En Afrique, la r&eacute;ouverture de certaines &eacute;coles n&rsquo;a eu lieu qu&rsquo;en janvier 2022, apr&egrave;s une interruption de pr&egrave;s de deux ans, notamment <a href=\"https:\/\/www.francetvinfo.fr\/monde\/afrique\/societe-africaine\/covid-19-en-ouganda-reouverture-des-ecoles-apres-presque-deux-ans-de-fermeture_4911255.html\">en Ouganda<\/a>.<\/p>\n<p>Ces longues fermetures d&rsquo;&eacute;coles risquent d&rsquo;accentuer encore les disparit&eacute;s entre les &eacute;l&egrave;ves qui ont pu poursuivre leur scolarit&eacute; gr&acirc;ce &agrave; l&rsquo;enseignement &agrave; domicile ou &agrave; l&rsquo;apprentissage en ligne et ceux qui n&rsquo;ont pas eu cette chance. La plupart des enfants qui n&rsquo;ont pas re&ccedil;u d&rsquo;enseignement pendant les fermetures d&rsquo;&eacute;coles devront probablement redoubler des classes pour rattraper leur retard, ce qui signifie qu&rsquo;ils seront &agrave; la tra&icirc;ne par rapport &agrave; leurs camarades. Certains pourraient m&ecirc;me tout simplement abandonner l&rsquo;&eacute;cole.<\/p>\n<p>Certaines &eacute;coles k&eacute;nyanes ont mieux r&eacute;ussi que d&rsquo;autres &agrave; maintenir les gar&ccedil;ons et les filles &agrave; l&rsquo;&eacute;cole. William Wambugu, le directeur de l&rsquo;&eacute;cole primaire Ndaragua &agrave; Nyahururu, au Kenya, a d&eacute;clar&eacute; que lorsque la pand&eacute;mie a frapp&eacute;, l&rsquo;&eacute;cole disposait d&eacute;j&agrave; d&rsquo;un programme de conseil pour les &eacute;l&egrave;ves, qui apporte un soutien psychosocial aux filles. &laquo;&nbsp;Je pense que c&rsquo;est la raison pour laquelle aucune de nos filles n&rsquo;est tomb&eacute;e enceinte et que tous les &eacute;l&egrave;ves sont revenus cette ann&eacute;e&nbsp;&raquo;, a-t-il d&eacute;clar&eacute;.<\/p>\n<h3><strong>Grossesses d&rsquo;adolescentes, mariages pr&eacute;coces et violences sexuelles<\/strong><\/h3>\n<p>L&rsquo;&eacute;cole de Wambugu fait partie de celles qui ont eu le plus de chance. Les grossesses d&rsquo;adolescentes et les mariages pr&eacute;coces repr&eacute;sentent un frein &agrave; l&rsquo;&eacute;ducation des filles dans toute l&rsquo;Afrique. La province sud-africaine de Gauteng a connu une <a href=\"https:\/\/reliefweb.int\/report\/south-africa\/teen-pregnancies-south-africa-jump-60-during-covid-19-pandemic\">augmentation de 60 % des grossesses chez les adolescentes<\/a> depuis le d&eacute;but de la pand&eacute;mie. On peut attribuer cette augmentation &agrave; diff&eacute;rents facteurs, notamment au manque d&rsquo;acc&egrave;s des filles &agrave; l&rsquo;&eacute;ducation sexuelle, &agrave; l&rsquo;acc&egrave;s r&eacute;duit aux contraceptifs pendant les p&eacute;riodes de confinement et aux violences sexuelles.<\/p>\n<p>L&rsquo;augmentation du nombre de grossesses non d&eacute;sir&eacute;es pendant une crise de sant&eacute; publique n&rsquo;est pas un ph&eacute;nom&egrave;ne nouveau. Pendant l&rsquo;&eacute;pid&eacute;mie d&rsquo;Ebola en Afrique de l&rsquo;Ouest en 2014, <a href=\"https:\/\/qz.com\/africa\/543354\/how-ebola-led-to-more-teenage-pregnancy-in-west-africa\/\">le nombre de grossesses chez les adolescentes a bondi<\/a>, la Sierra Leone ayant par exemple connu une augmentation de 65 % des grossesses chez les adolescentes. Beaucoup de ces filles enceintes se sont ensuite vu refuser le droit de de retourner &agrave; l&rsquo;&eacute;cole.<\/p>\n<p>Le minist&egrave;re de la Sant&eacute; du Kenya a enregistr&eacute; 328 000 grossesses chez les adolescentes au cours de la premi&egrave;re ann&eacute;e de la pand&eacute;mie de COVID-19. D&eacute;j&agrave; avant la pand&eacute;mie, le Kenya avait l&rsquo;un des taux de grossesse chez les adolescentes les plus &eacute;lev&eacute;s au monde : <a href=\"https:\/\/www.afidep.org\/news-release-teen-pregnancy-in-kenya-verifying-the-data-and-the-facts\/\">2 filles sur 10<\/a> &acirc;g&eacute;es de 15 &agrave; 19 ans &eacute;taient enceintes ou avaient d&eacute;j&agrave; un enfant.<\/p>\n<p>&laquo;&nbsp;Dans certains pays, nous constatons des pertes d&rsquo;acc&egrave;s &agrave; l&rsquo;&eacute;ducation plus importantes chez les filles et une augmentation du risque qu&rsquo;elles soient confront&eacute;es au travail des enfants, aux violences sexuelles et sexistes, au mariage pr&eacute;coce et &agrave; la grossesse&nbsp;&raquo;, explique Peter Jenkins, directeur de l&rsquo;&eacute;ducation &agrave; l&rsquo;UNICEF.<\/p>\n<p>Les filles deviennent plus vuln&eacute;rables aux abus et &agrave; l&rsquo;exploitation sexuels pendant les fermetures d&rsquo;&eacute;coles car elles ne b&eacute;n&eacute;ficient plus de la protection qu&rsquo;offrent les &eacute;coles. Environ trois quarts des adolescentes interrog&eacute;es dans le cadre de l&rsquo;&eacute;tude k&eacute;nyane ont d&eacute;clar&eacute; avoir subi ou &eacute;t&eacute; t&eacute;moins de plus d&rsquo;abus sexuels, physiques ou &eacute;motionnels pendant la fermeture des &eacute;coles. Elles ont attribu&eacute; ce ph&eacute;nom&egrave;ne aux tensions d&eacute;coulant de la perte de revenu familial et de la restriction des d&eacute;placements pendant les confinements, ainsi qu&rsquo;aux grossesses non d&eacute;sir&eacute;es. Les donn&eacute;es officielles du Kenya montrent que les abus sexuels sur mineurs <a href=\"https:\/\/www.businessdailyafrica.com\/bd\/data-hub\/child-sexual-harassment-26pc-during-coronavirus-lockdowns-3566334\">ont grandement augment&eacute; en 2020<\/a>, passant de 5 397 cas signal&eacute;s en 2019 &agrave; 6 801 en 2020, soit une augmentation de 26 %.<\/p>\n<p>Certains parents marient &eacute;galement leurs filles qui ne sont pas scolaris&eacute;es. De nombreux parents qui ont subi une perte de leurs ressources pendant la pand&eacute;mie ont arrang&eacute; le mariage de leurs filles en &acirc;ge d&rsquo;aller &agrave; l&rsquo;&eacute;cole en &eacute;change d&rsquo;une dot. Au Kenya, 16 % des filles &acirc;g&eacute;es de 15 &agrave; 19 ans qui se sont mari&eacute;es pendant la premi&egrave;re ann&eacute;e de la pand&eacute;mie estiment que cela ne serait pas arriv&eacute; sans cette pand&eacute;mie, tenant ainsi le COVID-19 pour responsable. En mars 2021, l&rsquo;UNICEF a averti que <a href=\"https:\/\/www.unicef.org\/press-releases\/10-million-additional-girls-risk-child-marriage-due-covid-19\">10 millions de filles dans le monde<\/a> risquaient d&rsquo;&ecirc;tre mari&eacute;es &agrave; cause du COVID-19. L&rsquo;&Eacute;thiopie et le Nigeria font partie des pays dans lesquels les taux de mariage des enfants sont les plus &eacute;lev&eacute;s en Afrique.<\/p>\n<p>&laquo;&nbsp;Les &eacute;coles ferm&eacute;es, l&rsquo;isolement par rapport aux amis et aux r&eacute;seaux de solidarit&eacute;, ainsi que la pauvret&eacute; croissante ont jet&eacute; de l&rsquo;huile sur le feu [celui des mariages d&rsquo;enfants] que le monde avait d&eacute;j&agrave; du mal &agrave; &eacute;teindre&nbsp;&raquo;, a d&eacute;clar&eacute; Henrietta Fore, directrice g&eacute;n&eacute;rale de l&rsquo;UNICEF.<\/p>\n<h3><strong>Les co&ucirc;ts &eacute;conomiques &agrave; long terme<\/strong><\/h3>\n<p>Nombreuses sont les &eacute;tudes qui ont montr&eacute; une forte corr&eacute;lation entre le nombre d&rsquo;ann&eacute;es de scolarit&eacute; et les futurs revenus. La perte d&rsquo;acc&egrave;s &agrave; l&rsquo;&eacute;ducation des &eacute;l&egrave;ves d&rsquo;aujourd&rsquo;hui aura des r&eacute;percussions &eacute;conomiques &agrave; long terme. Les pays les plus touch&eacute;s par des taux d&rsquo;abandon scolaire &eacute;lev&eacute;s subiront une perte importante de comp&eacute;tences et de niveau d&rsquo;&eacute;ducation au sein de leur jeune population. Ils auront &eacute;galement plus de mal &agrave; atteindre l&rsquo;Objectif de d&eacute;veloppement durable des Nations unies qui vise &agrave; assurer une &eacute;ducation inclusive et &eacute;quitable de qualit&eacute;, et &agrave; promouvoir des possibilit&eacute;s d&rsquo;apprentissage tout au long de la vie pour toutes et tous.<\/p>\n<p>Le co&ucirc;t &eacute;conomique de ces perturbations au niveau mondial sera monumental, selon <a href=\"https:\/\/www.worldbank.org\/en\/news\/press-release\/2021\/12\/06\/learning-losses-from-covid-19-could-cost-this-generation-of-students-close-to-17-trillion-in-lifetime-earnings\">un nouveau rapport<\/a> conjoint de la Banque mondiale, l&rsquo;UNESCO et l&rsquo;UNICEF. &laquo;&nbsp;La g&eacute;n&eacute;ration actuelle d&rsquo;&eacute;tudiants risque de perdre 17 000 milliards de dollars de revenus &agrave; vie et en valeur actuelle, soit environ 14 % du PIB mondial actuel, en raison des fermetures d&rsquo;&eacute;coles li&eacute;es &agrave; la pand&eacute;mie de COVID-19&nbsp;&raquo;, indique le rapport.<\/p>\n<div class=\"buffer\"><\/div>","protected":false},"excerpt":{"rendered":"<p>Alors qu&rsquo;ils reprennent progressivement le chemin de l&rsquo;&eacute;cole, les enfants vivant sur le continent africain risquent de ne pas retrouver le m&ecirc;me environnement que celui d&rsquo;avant la pand&eacute;mie. Dans certaines &eacute;coles, le nombre d&rsquo;&eacute;l&egrave;ves par classe sera plus faible en raison des taux &eacute;lev&eacute;s d&rsquo;abandon scolaire, notamment chez les adolescentes. En Afrique, le COVID-19 a [&hellip;]<\/p>\n","protected":false},"author":24,"featured_media":163021,"comment_status":"open","ping_status":"open","sticky":false,"template":"","format":"standard","meta":{"_acf_changed":false,"_relevanssi_hide_post":"","_relevanssi_hide_content":"","_relevanssi_pin_for_all":"","_relevanssi_pin_keywords":"","_relevanssi_unpin_keywords":"","_relevanssi_related_keywords":"","_relevanssi_related_include_ids":"","_relevanssi_related_exclude_ids":"","_relevanssi_related_no_append":"","_relevanssi_related_not_related":"","_relevanssi_related_posts":"164801,164384,164396,163756,163706,163644","_relevanssi_noindex_reason":"","footnotes":""},"categories":[34],"tags":[],"topic":[42,35],"contributor":[80],"one_content_audience":[],"one_content_type":[],"one_content_tone":[],"class_list":["post-162524","post","type-post","status-publish","format-standard","has-post-thumbnail","hentry","category-one","topic-covid-19","topic-education","contributor-rasna-warah"],"acf":[],"yoast_head":"<!-- This site is optimized with the Yoast SEO Premium plugin v27.1 (Yoast SEO v27.1.1) - https:\/\/yoast.com\/product\/yoast-seo-premium-wordpress\/ -->\n<title>Une g\u00e9n\u00e9ration sacrifi\u00e9e : l&#039;impact des fermetures d&#039;\u00e9coles sur l&#039;\u00e9ducation des filles en Afrique - ONE.org France<\/title>\n<meta name=\"description\" content=\"Pour des millions de jeunes filles en Afrique, l&#039;impact des fermetures d&#039;\u00e9coles caus\u00e9es par la pand\u00e9mie de COVID-19 se fera longtemps sentir.\" \/>\n<meta name=\"robots\" content=\"index, follow, max-snippet:-1, max-image-preview:large, max-video-preview:-1\" \/>\n<link rel=\"canonical\" href=\"https:\/\/www.one.org\/fr\/actualites\/impact-fermeture-ecoles-filles-afrique\/\" \/>\n<meta property=\"og:locale\" content=\"fr_FR\" \/>\n<meta property=\"og:type\" content=\"article\" \/>\n<meta property=\"og:title\" content=\"Une g\u00e9n\u00e9ration sacrifi\u00e9e : l&#039;impact des fermetures d&#039;\u00e9coles sur l&#039;\u00e9ducation des filles en Afrique\" \/>\n<meta property=\"og:description\" content=\"Pour des millions de jeunes filles en Afrique, l&#039;impact des fermetures d&#039;\u00e9coles caus\u00e9es par la pand\u00e9mie de COVID-19 se fera longtemps sentir.\" \/>\n<meta property=\"og:url\" content=\"https:\/\/www.one.org\/fr\/actualites\/impact-fermeture-ecoles-filles-afrique\/\" \/>\n<meta property=\"og:site_name\" content=\"ONE.org France\" \/>\n<meta property=\"article:publisher\" content=\"https:\/\/www.facebook.com\/ONE.Fr\" \/>\n<meta property=\"article:published_time\" content=\"2022-01-24T08:05:30+00:00\" \/>\n<meta property=\"article:modified_time\" content=\"2023-11-06T16:42:35+00:00\" \/>\n<meta property=\"og:image\" content=\"https:\/\/www.one.org\/fr\/wp-content\/uploads\/sites\/4\/2022\/01\/girls_edu_covid_1200x1200.jpeg\" \/>\n\t<meta property=\"og:image:width\" content=\"2560\" \/>\n\t<meta property=\"og:image:height\" content=\"2560\" \/>\n\t<meta property=\"og:image:type\" content=\"image\/jpeg\" \/>\n<meta name=\"author\" content=\"Dana Khalil\" \/>\n<meta name=\"twitter:card\" content=\"summary_large_image\" \/>\n<meta name=\"twitter:creator\" content=\"@one_fr\" \/>\n<meta name=\"twitter:site\" content=\"@one_fr\" \/>\n<meta name=\"twitter:label1\" content=\"Written by\" \/>\n\t<meta name=\"twitter:data1\" content=\"Dana Khalil\" \/>\n\t<meta name=\"twitter:label2\" content=\"Est. reading time\" \/>\n\t<meta name=\"twitter:data2\" content=\"6 minutes\" \/>\n<script type=\"application\/ld+json\" class=\"yoast-schema-graph\">{\"@context\":\"https:\/\/schema.org\",\"@graph\":[{\"@type\":\"Article\",\"@id\":\"https:\/\/www.one.org\/fr\/actualites\/impact-fermeture-ecoles-filles-afrique\/#article\",\"isPartOf\":{\"@id\":\"https:\/\/www.one.org\/fr\/actualites\/impact-fermeture-ecoles-filles-afrique\/\"},\"author\":{\"name\":\"Dana Khalil\",\"@id\":\"https:\/\/www.one.org\/fr\/#\/schema\/person\/cf1f30f9800f0592ec3d61940be82003\"},\"headline\":\"Une g\u00e9n\u00e9ration sacrifi\u00e9e : l&#8217;impact des fermetures d&#8217;\u00e9coles sur l&#8217;\u00e9ducation des filles en Afrique\",\"datePublished\":\"2022-01-24T08:05:30+00:00\",\"dateModified\":\"2023-11-06T16:42:35+00:00\",\"mainEntityOfPage\":{\"@id\":\"https:\/\/www.one.org\/fr\/actualites\/impact-fermeture-ecoles-filles-afrique\/\"},\"wordCount\":1911,\"commentCount\":0,\"image\":{\"@id\":\"https:\/\/www.one.org\/fr\/actualites\/impact-fermeture-ecoles-filles-afrique\/#primaryimage\"},\"thumbnailUrl\":\"https:\/\/www.one.org\/fr\/wp-content\/uploads\/sites\/4\/2022\/01\/girls_edu_covid_1200x1200.jpeg\",\"articleSection\":[\"ONE\"],\"inLanguage\":\"fr-FR\",\"potentialAction\":[{\"@type\":\"CommentAction\",\"name\":\"Comment\",\"target\":[\"https:\/\/www.one.org\/fr\/actualites\/impact-fermeture-ecoles-filles-afrique\/#respond\"]}]},{\"@type\":\"WebPage\",\"@id\":\"https:\/\/www.one.org\/fr\/actualites\/impact-fermeture-ecoles-filles-afrique\/\",\"url\":\"https:\/\/www.one.org\/fr\/actualites\/impact-fermeture-ecoles-filles-afrique\/\",\"name\":\"Une g\u00e9n\u00e9ration sacrifi\u00e9e : l'impact des fermetures d'\u00e9coles sur l'\u00e9ducation des filles en Afrique - ONE.org France\",\"isPartOf\":{\"@id\":\"https:\/\/www.one.org\/fr\/#website\"},\"primaryImageOfPage\":{\"@id\":\"https:\/\/www.one.org\/fr\/actualites\/impact-fermeture-ecoles-filles-afrique\/#primaryimage\"},\"image\":{\"@id\":\"https:\/\/www.one.org\/fr\/actualites\/impact-fermeture-ecoles-filles-afrique\/#primaryimage\"},\"thumbnailUrl\":\"https:\/\/www.one.org\/fr\/wp-content\/uploads\/sites\/4\/2022\/01\/girls_edu_covid_1200x1200.jpeg\",\"datePublished\":\"2022-01-24T08:05:30+00:00\",\"dateModified\":\"2023-11-06T16:42:35+00:00\",\"author\":{\"@id\":\"https:\/\/www.one.org\/fr\/#\/schema\/person\/cf1f30f9800f0592ec3d61940be82003\"},\"description\":\"Pour des millions de jeunes filles en Afrique, l'impact des fermetures d'\u00e9coles caus\u00e9es par la pand\u00e9mie de COVID-19 se fera longtemps sentir.\",\"breadcrumb\":{\"@id\":\"https:\/\/www.one.org\/fr\/actualites\/impact-fermeture-ecoles-filles-afrique\/#breadcrumb\"},\"inLanguage\":\"fr-FR\",\"potentialAction\":[{\"@type\":\"ReadAction\",\"target\":[\"https:\/\/www.one.org\/fr\/actualites\/impact-fermeture-ecoles-filles-afrique\/\"]}]},{\"@type\":\"ImageObject\",\"inLanguage\":\"fr-FR\",\"@id\":\"https:\/\/www.one.org\/fr\/actualites\/impact-fermeture-ecoles-filles-afrique\/#primaryimage\",\"url\":\"https:\/\/www.one.org\/fr\/wp-content\/uploads\/sites\/4\/2022\/01\/girls_edu_covid_1200x1200.jpeg\",\"contentUrl\":\"https:\/\/www.one.org\/fr\/wp-content\/uploads\/sites\/4\/2022\/01\/girls_edu_covid_1200x1200.jpeg\",\"width\":2560,\"height\":2560},{\"@type\":\"BreadcrumbList\",\"@id\":\"https:\/\/www.one.org\/fr\/actualites\/impact-fermeture-ecoles-filles-afrique\/#breadcrumb\",\"itemListElement\":[{\"@type\":\"ListItem\",\"position\":1,\"name\":\"Home\",\"item\":\"https:\/\/www.one.org\/fr\/\"},{\"@type\":\"ListItem\",\"position\":2,\"name\":\"Une g\u00e9n\u00e9ration sacrifi\u00e9e : l&#8217;impact des fermetures d&#8217;\u00e9coles sur l&#8217;\u00e9ducation des filles en Afrique\"}]},{\"@type\":\"WebSite\",\"@id\":\"https:\/\/www.one.org\/fr\/#website\",\"url\":\"https:\/\/www.one.org\/fr\/\",\"name\":\"ONE.org\",\"description\":\"Cr\u00e9er des opportunit\u00e9s \u00e9conomiques et am\u00e9liorer la sant\u00e9 en Afrique\",\"potentialAction\":[{\"@type\":\"SearchAction\",\"target\":{\"@type\":\"EntryPoint\",\"urlTemplate\":\"https:\/\/www.one.org\/fr\/?s={search_term_string}\"},\"query-input\":{\"@type\":\"PropertyValueSpecification\",\"valueRequired\":true,\"valueName\":\"search_term_string\"}}],\"inLanguage\":\"fr-FR\"},{\"@type\":\"Person\",\"@id\":\"https:\/\/www.one.org\/fr\/#\/schema\/person\/cf1f30f9800f0592ec3d61940be82003\",\"name\":\"Dana Khalil\",\"image\":{\"@type\":\"ImageObject\",\"inLanguage\":\"fr-FR\",\"@id\":\"https:\/\/www.one.org\/fr\/#\/schema\/person\/image\/\",\"url\":\"https:\/\/secure.gravatar.com\/avatar\/b0da536f00ccefadcc7aae4e64855977a5249adb1ac04162a69474e53a8d4c40?s=96&d=mm&r=g\",\"contentUrl\":\"https:\/\/secure.gravatar.com\/avatar\/b0da536f00ccefadcc7aae4e64855977a5249adb1ac04162a69474e53a8d4c40?s=96&d=mm&r=g\",\"caption\":\"Dana Khalil\"},\"url\":\"https:\/\/www.one.org\/fr\/actualites\/author\/danakhalil\/\"}]}<\/script>\n<!-- \/ Yoast SEO Premium plugin. -->","yoast_head_json":{"title":"Une g\u00e9n\u00e9ration sacrifi\u00e9e : l'impact des fermetures d'\u00e9coles sur l'\u00e9ducation des filles en Afrique - ONE.org France","description":"Pour des millions de jeunes filles en Afrique, l'impact des fermetures d'\u00e9coles caus\u00e9es par la pand\u00e9mie de COVID-19 se fera longtemps sentir.","robots":{"index":"index","follow":"follow","max-snippet":"max-snippet:-1","max-image-preview":"max-image-preview:large","max-video-preview":"max-video-preview:-1"},"canonical":"https:\/\/www.one.org\/fr\/actualites\/impact-fermeture-ecoles-filles-afrique\/","og_locale":"fr_FR","og_type":"article","og_title":"Une g\u00e9n\u00e9ration sacrifi\u00e9e : l'impact des fermetures d'\u00e9coles sur l'\u00e9ducation des filles en Afrique","og_description":"Pour des millions de jeunes filles en Afrique, l'impact des fermetures d'\u00e9coles caus\u00e9es par la pand\u00e9mie de COVID-19 se fera longtemps sentir.","og_url":"https:\/\/www.one.org\/fr\/actualites\/impact-fermeture-ecoles-filles-afrique\/","og_site_name":"ONE.org France","article_publisher":"https:\/\/www.facebook.com\/ONE.Fr","article_published_time":"2022-01-24T08:05:30+00:00","article_modified_time":"2023-11-06T16:42:35+00:00","og_image":[{"width":2560,"height":2560,"url":"https:\/\/www.one.org\/fr\/wp-content\/uploads\/sites\/4\/2022\/01\/girls_edu_covid_1200x1200.jpeg","type":"image\/jpeg"}],"author":"Dana Khalil","twitter_card":"summary_large_image","twitter_creator":"@one_fr","twitter_site":"@one_fr","twitter_misc":{"Written by":"Dana Khalil","Est. reading time":"6 minutes"},"schema":{"@context":"https:\/\/schema.org","@graph":[{"@type":"Article","@id":"https:\/\/www.one.org\/fr\/actualites\/impact-fermeture-ecoles-filles-afrique\/#article","isPartOf":{"@id":"https:\/\/www.one.org\/fr\/actualites\/impact-fermeture-ecoles-filles-afrique\/"},"author":{"name":"Dana Khalil","@id":"https:\/\/www.one.org\/fr\/#\/schema\/person\/cf1f30f9800f0592ec3d61940be82003"},"headline":"Une g\u00e9n\u00e9ration sacrifi\u00e9e : l&#8217;impact des fermetures d&#8217;\u00e9coles sur l&#8217;\u00e9ducation des filles en Afrique","datePublished":"2022-01-24T08:05:30+00:00","dateModified":"2023-11-06T16:42:35+00:00","mainEntityOfPage":{"@id":"https:\/\/www.one.org\/fr\/actualites\/impact-fermeture-ecoles-filles-afrique\/"},"wordCount":1911,"commentCount":0,"image":{"@id":"https:\/\/www.one.org\/fr\/actualites\/impact-fermeture-ecoles-filles-afrique\/#primaryimage"},"thumbnailUrl":"https:\/\/www.one.org\/fr\/wp-content\/uploads\/sites\/4\/2022\/01\/girls_edu_covid_1200x1200.jpeg","articleSection":["ONE"],"inLanguage":"fr-FR","potentialAction":[{"@type":"CommentAction","name":"Comment","target":["https:\/\/www.one.org\/fr\/actualites\/impact-fermeture-ecoles-filles-afrique\/#respond"]}]},{"@type":"WebPage","@id":"https:\/\/www.one.org\/fr\/actualites\/impact-fermeture-ecoles-filles-afrique\/","url":"https:\/\/www.one.org\/fr\/actualites\/impact-fermeture-ecoles-filles-afrique\/","name":"Une g\u00e9n\u00e9ration sacrifi\u00e9e : l'impact des fermetures d'\u00e9coles sur l'\u00e9ducation des filles en Afrique - ONE.org France","isPartOf":{"@id":"https:\/\/www.one.org\/fr\/#website"},"primaryImageOfPage":{"@id":"https:\/\/www.one.org\/fr\/actualites\/impact-fermeture-ecoles-filles-afrique\/#primaryimage"},"image":{"@id":"https:\/\/www.one.org\/fr\/actualites\/impact-fermeture-ecoles-filles-afrique\/#primaryimage"},"thumbnailUrl":"https:\/\/www.one.org\/fr\/wp-content\/uploads\/sites\/4\/2022\/01\/girls_edu_covid_1200x1200.jpeg","datePublished":"2022-01-24T08:05:30+00:00","dateModified":"2023-11-06T16:42:35+00:00","author":{"@id":"https:\/\/www.one.org\/fr\/#\/schema\/person\/cf1f30f9800f0592ec3d61940be82003"},"description":"Pour des millions de jeunes filles en Afrique, l'impact des fermetures d'\u00e9coles caus\u00e9es par la pand\u00e9mie de COVID-19 se fera longtemps sentir.","breadcrumb":{"@id":"https:\/\/www.one.org\/fr\/actualites\/impact-fermeture-ecoles-filles-afrique\/#breadcrumb"},"inLanguage":"fr-FR","potentialAction":[{"@type":"ReadAction","target":["https:\/\/www.one.org\/fr\/actualites\/impact-fermeture-ecoles-filles-afrique\/"]}]},{"@type":"ImageObject","inLanguage":"fr-FR","@id":"https:\/\/www.one.org\/fr\/actualites\/impact-fermeture-ecoles-filles-afrique\/#primaryimage","url":"https:\/\/www.one.org\/fr\/wp-content\/uploads\/sites\/4\/2022\/01\/girls_edu_covid_1200x1200.jpeg","contentUrl":"https:\/\/www.one.org\/fr\/wp-content\/uploads\/sites\/4\/2022\/01\/girls_edu_covid_1200x1200.jpeg","width":2560,"height":2560},{"@type":"BreadcrumbList","@id":"https:\/\/www.one.org\/fr\/actualites\/impact-fermeture-ecoles-filles-afrique\/#breadcrumb","itemListElement":[{"@type":"ListItem","position":1,"name":"Home","item":"https:\/\/www.one.org\/fr\/"},{"@type":"ListItem","position":2,"name":"Une g\u00e9n\u00e9ration sacrifi\u00e9e : l&#8217;impact des fermetures d&#8217;\u00e9coles sur l&#8217;\u00e9ducation des filles en Afrique"}]},{"@type":"WebSite","@id":"https:\/\/www.one.org\/fr\/#website","url":"https:\/\/www.one.org\/fr\/","name":"ONE.org","description":"Cr\u00e9er des opportunit\u00e9s \u00e9conomiques et am\u00e9liorer la sant\u00e9 en Afrique","potentialAction":[{"@type":"SearchAction","target":{"@type":"EntryPoint","urlTemplate":"https:\/\/www.one.org\/fr\/?s={search_term_string}"},"query-input":{"@type":"PropertyValueSpecification","valueRequired":true,"valueName":"search_term_string"}}],"inLanguage":"fr-FR"},{"@type":"Person","@id":"https:\/\/www.one.org\/fr\/#\/schema\/person\/cf1f30f9800f0592ec3d61940be82003","name":"Dana Khalil","image":{"@type":"ImageObject","inLanguage":"fr-FR","@id":"https:\/\/www.one.org\/fr\/#\/schema\/person\/image\/","url":"https:\/\/secure.gravatar.com\/avatar\/b0da536f00ccefadcc7aae4e64855977a5249adb1ac04162a69474e53a8d4c40?s=96&d=mm&r=g","contentUrl":"https:\/\/secure.gravatar.com\/avatar\/b0da536f00ccefadcc7aae4e64855977a5249adb1ac04162a69474e53a8d4c40?s=96&d=mm&r=g","caption":"Dana Khalil"},"url":"https:\/\/www.one.org\/fr\/actualites\/author\/danakhalil\/"}]}},"distributor_meta":false,"distributor_terms":false,"distributor_media":false,"distributor_original_site_name":"ONE.org France","distributor_original_site_url":"https:\/\/www.one.org\/fr","push-errors":false,"_links":{"self":[{"href":"https:\/\/www.one.org\/fr\/wp-json\/wp\/v2\/posts\/162524","targetHints":{"allow":["GET"]}}],"collection":[{"href":"https:\/\/www.one.org\/fr\/wp-json\/wp\/v2\/posts"}],"about":[{"href":"https:\/\/www.one.org\/fr\/wp-json\/wp\/v2\/types\/post"}],"author":[{"embeddable":true,"href":"https:\/\/www.one.org\/fr\/wp-json\/wp\/v2\/users\/24"}],"replies":[{"embeddable":true,"href":"https:\/\/www.one.org\/fr\/wp-json\/wp\/v2\/comments?post=162524"}],"version-history":[{"count":0,"href":"https:\/\/www.one.org\/fr\/wp-json\/wp\/v2\/posts\/162524\/revisions"}],"wp:featuredmedia":[{"embeddable":true,"href":"https:\/\/www.one.org\/fr\/wp-json\/wp\/v2\/media\/163021"}],"wp:attachment":[{"href":"https:\/\/www.one.org\/fr\/wp-json\/wp\/v2\/media?parent=162524"}],"wp:term":[{"taxonomy":"category","embeddable":true,"href":"https:\/\/www.one.org\/fr\/wp-json\/wp\/v2\/categories?post=162524"},{"taxonomy":"post_tag","embeddable":true,"href":"https:\/\/www.one.org\/fr\/wp-json\/wp\/v2\/tags?post=162524"},{"taxonomy":"topic","embeddable":true,"href":"https:\/\/www.one.org\/fr\/wp-json\/wp\/v2\/topic?post=162524"},{"taxonomy":"contributor","embeddable":true,"href":"https:\/\/www.one.org\/fr\/wp-json\/wp\/v2\/contributor?post=162524"},{"taxonomy":"one_content_audience","embeddable":true,"href":"https:\/\/www.one.org\/fr\/wp-json\/wp\/v2\/one_content_audience?post=162524"},{"taxonomy":"one_content_type","embeddable":true,"href":"https:\/\/www.one.org\/fr\/wp-json\/wp\/v2\/one_content_type?post=162524"},{"taxonomy":"one_content_tone","embeddable":true,"href":"https:\/\/www.one.org\/fr\/wp-json\/wp\/v2\/one_content_tone?post=162524"}],"curies":[{"name":"wp","href":"https:\/\/api.w.org\/{rel}","templated":true}]}}