{"id":162523,"date":"2021-12-15T09:27:12","date_gmt":"2021-12-15T09:27:12","guid":{"rendered":"https:\/\/www.one.org\/fr\/one-dans-la-presse\/"},"modified":"2024-04-23T12:34:42","modified_gmt":"2024-04-23T12:34:42","slug":"one-dans-la-presse","status":"publish","type":"post","link":"https:\/\/www.one.org\/fr\/actualites\/one-dans-la-presse\/","title":{"rendered":"ONE dans la presse"},"content":{"rendered":"<p><strong>Vous trouverez ici les interventions r\u00e9centes et les tribunes de ONE dans la presse. <\/strong><strong>Cliquez sur l\u2019image de l\u2019intervention qui vous int\u00e9resse pour \u00eatre redirig\u00e9 vers l\u2019article complet.<\/strong><\/p>\n<hr \/>\n<p><strong>L&#8217;Union [INTERVIEW]<\/strong><\/p>\n<p>Les 9 et 10 octobre, Inas El Aidi, \u00e9tudiante \u00e0 Science Po Reims, s\u2019est rendu \u00e0 l\u2019Assembl\u00e9e Nationale en tant que jeune Ambassadrice de l\u2019association ONE pour plaidoyer en faveur de plus d\u2019aide internationale. Au total, ils \u00e9taient une cinquantaine de jeunes \u00e0 avoir fait le d\u00e9placement. <a href=\"https:\/\/www.lunion.fr\/id533983\/article\/2023-10-26\/le-plaidoyer-danas-el-aidi-etudiante-remoise-lassemblee-nationale?referer=%2Farchives%2Frecherche%3Fdatefilter%3Dlastyear%26sort%3Ddate%2Bdesc%26word%3Done\">(26 octobre 2023)<\/a><\/p>\n<p><img loading=\"lazy\" decoding=\"async\" class=\"alignnone  wp-image-164939 aligncenter\" src=\"https:\/\/www.one.org\/fr\/wp-content\/uploads\/sites\/4\/2021\/12\/lunion-300x245.png\" alt=\"\" width=\"316\" height=\"258\" srcset=\"https:\/\/www.one.org\/fr\/wp-content\/uploads\/sites\/4\/2021\/12\/lunion-300x245.png 300w, https:\/\/www.one.org\/fr\/wp-content\/uploads\/sites\/4\/2021\/12\/lunion-1024x837.png 1024w, https:\/\/www.one.org\/fr\/wp-content\/uploads\/sites\/4\/2021\/12\/lunion-768x628.png 768w, https:\/\/www.one.org\/fr\/wp-content\/uploads\/sites\/4\/2021\/12\/lunion-16x13.png 16w, https:\/\/www.one.org\/fr\/wp-content\/uploads\/sites\/4\/2021\/12\/lunion-320x262.png 320w, https:\/\/www.one.org\/fr\/wp-content\/uploads\/sites\/4\/2021\/12\/lunion-640x523.png 640w, https:\/\/www.one.org\/fr\/wp-content\/uploads\/sites\/4\/2021\/12\/lunion-800x654.png 800w, https:\/\/www.one.org\/fr\/wp-content\/uploads\/sites\/4\/2021\/12\/lunion-771x630.png 771w, https:\/\/www.one.org\/fr\/wp-content\/uploads\/sites\/4\/2021\/12\/lunion.png 1145w\" sizes=\"auto, (max-width: 316px) 100vw, 316px\" \/><\/p>\n<p><strong>L&#8217;OBS [ARTICLE]<\/strong><\/p>\n<p>La directrice France de l\u2019ONG One, ancienne ministre de l\u2019Education nationale, revient sur les enjeux des derni\u00e8res assembl\u00e9es annuelles du Fonds mon\u00e9taire international et de la Banque mondiale qui se sont d\u00e9roul\u00e9es du 9 au 15 octobre au Maroc. <a href=\"https:\/\/www.nouvelobs.com\/opinions\/20231019.OBS79740\/najat-vallaud-belkacem-apres-marrakech-six-mois-pour-une-reforme-profonde-du-financement-du-developpement.html\">(19 octobre 2023)<\/a><\/p>\n<p><img loading=\"lazy\" decoding=\"async\" class=\"alignnone size-medium wp-image-164936 aligncenter\" src=\"https:\/\/www.one.org\/fr\/wp-content\/uploads\/sites\/4\/2021\/12\/lobs-1-300x195.png\" alt=\"\" width=\"300\" height=\"195\" srcset=\"https:\/\/www.one.org\/fr\/wp-content\/uploads\/sites\/4\/2021\/12\/lobs-1-300x195.png 300w, https:\/\/www.one.org\/fr\/wp-content\/uploads\/sites\/4\/2021\/12\/lobs-1-1024x664.png 1024w, https:\/\/www.one.org\/fr\/wp-content\/uploads\/sites\/4\/2021\/12\/lobs-1-768x498.png 768w, https:\/\/www.one.org\/fr\/wp-content\/uploads\/sites\/4\/2021\/12\/lobs-1-16x10.png 16w, https:\/\/www.one.org\/fr\/wp-content\/uploads\/sites\/4\/2021\/12\/lobs-1-320x208.png 320w, https:\/\/www.one.org\/fr\/wp-content\/uploads\/sites\/4\/2021\/12\/lobs-1-640x415.png 640w, https:\/\/www.one.org\/fr\/wp-content\/uploads\/sites\/4\/2021\/12\/lobs-1-800x519.png 800w, https:\/\/www.one.org\/fr\/wp-content\/uploads\/sites\/4\/2021\/12\/lobs-1-971x630.png 971w, https:\/\/www.one.org\/fr\/wp-content\/uploads\/sites\/4\/2021\/12\/lobs-1.png 1068w\" sizes=\"auto, (max-width: 300px) 100vw, 300px\" \/><\/p>\n<p><strong>Journal de la Marne [INTERVIEW]<\/strong><\/p>\n<p>Cassandra a rencontr\u00e9 les d\u00e9put\u00e9s, en tant qu&#8217;ambassadrice pour l&#8217;ONG One. Elle a pu leur parler de solutions pour lutter contre l&#8217;extr\u00eame pauvret\u00e9 et les maladies \u00e9vitables. <a href=\"https:\/\/actu.fr\/ile-de-france\/mitry-mory_77294\/seine-et-marne-cassandra-a-rencontre-les-deputes-pour-les-sensibiliser-et-presenter-des-solutions_60230077.html\">(20 octobre 2023)<\/a><\/p>\n<p><img loading=\"lazy\" decoding=\"async\" class=\"alignnone  wp-image-164935 aligncenter\" src=\"https:\/\/www.one.org\/fr\/wp-content\/uploads\/sites\/4\/2021\/12\/journal-de-la-marne-300x220.png\" alt=\"\" width=\"349\" height=\"256\" srcset=\"https:\/\/www.one.org\/fr\/wp-content\/uploads\/sites\/4\/2021\/12\/journal-de-la-marne-300x220.png 300w, https:\/\/www.one.org\/fr\/wp-content\/uploads\/sites\/4\/2021\/12\/journal-de-la-marne-1024x751.png 1024w, https:\/\/www.one.org\/fr\/wp-content\/uploads\/sites\/4\/2021\/12\/journal-de-la-marne-768x563.png 768w, https:\/\/www.one.org\/fr\/wp-content\/uploads\/sites\/4\/2021\/12\/journal-de-la-marne-16x12.png 16w, https:\/\/www.one.org\/fr\/wp-content\/uploads\/sites\/4\/2021\/12\/journal-de-la-marne-320x235.png 320w, https:\/\/www.one.org\/fr\/wp-content\/uploads\/sites\/4\/2021\/12\/journal-de-la-marne-640x469.png 640w, https:\/\/www.one.org\/fr\/wp-content\/uploads\/sites\/4\/2021\/12\/journal-de-la-marne-800x587.png 800w, https:\/\/www.one.org\/fr\/wp-content\/uploads\/sites\/4\/2021\/12\/journal-de-la-marne-859x630.png 859w, https:\/\/www.one.org\/fr\/wp-content\/uploads\/sites\/4\/2021\/12\/journal-de-la-marne.png 1201w\" sizes=\"auto, (max-width: 349px) 100vw, 349px\" \/><\/p>\n<p><strong>Le Monde [TRIBUNE]<\/strong><\/p>\n<p>Dans cette tribune, Najat Vallaud-Belkacem et seize autres responsables d&#8217;organisations humanitaires fran\u00e7aises d\u00e9noncent le choix du gouvernement de geler ses efforts de solidarit\u00e9 en 2024 et de repousser de cinq ans l&#8217;augmentation de l&#8217;aide publique au d\u00e9veloppement. <a href=\"https:\/\/www.lemonde.fr\/idees\/article\/2023\/10\/03\/nous-appelons-a-revenir-sur-le-recul-sans-precedent-des-engagements-de-la-france-pour-la-solidarite-internationale_6192243_3232.html#xtor=AL-32280270-%5Bdefault%5D-%5Bandroid%5D\">(3 octobre 2023)<\/a><\/p>\n<p><img loading=\"lazy\" decoding=\"async\" class=\"alignnone  wp-image-164934 aligncenter\" src=\"https:\/\/www.one.org\/fr\/wp-content\/uploads\/sites\/4\/2021\/12\/le-monde-300x183.png\" alt=\"\" width=\"322\" height=\"196\" srcset=\"https:\/\/www.one.org\/fr\/wp-content\/uploads\/sites\/4\/2021\/12\/le-monde-300x183.png 300w, https:\/\/www.one.org\/fr\/wp-content\/uploads\/sites\/4\/2021\/12\/le-monde-1024x624.png 1024w, https:\/\/www.one.org\/fr\/wp-content\/uploads\/sites\/4\/2021\/12\/le-monde-768x468.png 768w, https:\/\/www.one.org\/fr\/wp-content\/uploads\/sites\/4\/2021\/12\/le-monde-16x10.png 16w, https:\/\/www.one.org\/fr\/wp-content\/uploads\/sites\/4\/2021\/12\/le-monde-320x195.png 320w, https:\/\/www.one.org\/fr\/wp-content\/uploads\/sites\/4\/2021\/12\/le-monde-640x390.png 640w, https:\/\/www.one.org\/fr\/wp-content\/uploads\/sites\/4\/2021\/12\/le-monde-800x487.png 800w, https:\/\/www.one.org\/fr\/wp-content\/uploads\/sites\/4\/2021\/12\/le-monde-1035x630.png 1035w, https:\/\/www.one.org\/fr\/wp-content\/uploads\/sites\/4\/2021\/12\/le-monde.png 1506w\" sizes=\"auto, (max-width: 322px) 100vw, 322px\" \/><\/p>\n<p><strong>L&#8217;OBS [ARTICLE]<\/strong><\/p>\n<p>La directrice France de l\u2019ONG One, ancienne ministre de l\u2019Education nationale, plaide pour de nouveaux rapports fond\u00e9s sur la d\u00e9fense des libert\u00e9s civiles, l\u2019investissement pour le d\u00e9veloppement et l\u2019ouverture europ\u00e9enne. <a href=\"https:\/\/www.nouvelobs.com\/opinions\/20230906.OBS77798\/najat-vallaud-belkacem-comment-refonder-notre-relation-avec-les-pays-africains.html\">(6 septembre 2023)<\/a><\/p>\n<p><img loading=\"lazy\" decoding=\"async\" class=\" wp-image-164933 aligncenter\" src=\"https:\/\/www.one.org\/fr\/wp-content\/uploads\/sites\/4\/2021\/12\/lobs-300x183.png\" alt=\"\" width=\"376\" height=\"229\" srcset=\"https:\/\/www.one.org\/fr\/wp-content\/uploads\/sites\/4\/2021\/12\/lobs-300x183.png 300w, https:\/\/www.one.org\/fr\/wp-content\/uploads\/sites\/4\/2021\/12\/lobs-1024x626.png 1024w, https:\/\/www.one.org\/fr\/wp-content\/uploads\/sites\/4\/2021\/12\/lobs-768x470.png 768w, https:\/\/www.one.org\/fr\/wp-content\/uploads\/sites\/4\/2021\/12\/lobs-16x10.png 16w, https:\/\/www.one.org\/fr\/wp-content\/uploads\/sites\/4\/2021\/12\/lobs-320x196.png 320w, https:\/\/www.one.org\/fr\/wp-content\/uploads\/sites\/4\/2021\/12\/lobs-640x391.png 640w, https:\/\/www.one.org\/fr\/wp-content\/uploads\/sites\/4\/2021\/12\/lobs-800x489.png 800w, https:\/\/www.one.org\/fr\/wp-content\/uploads\/sites\/4\/2021\/12\/lobs-1030x630.png 1030w, https:\/\/www.one.org\/fr\/wp-content\/uploads\/sites\/4\/2021\/12\/lobs.png 1112w\" sizes=\"auto, (max-width: 376px) 100vw, 376px\" \/><\/p>\n<p><strong>Actu Essonne [INTERVIEW]<\/strong><\/p>\n<p>Deux jeunes Ambassadrices de ONE, Sarah et Ikram, t\u00e9moignent de leur engagement : \u00ab <em>Les causes que d\u00e9fend ONE, comme l\u2019ins\u00e9curit\u00e9 alimentaire et le changement climatique, nous concernent tous.<\/em> \u00bb.\u00a0<a href=\"https:\/\/actu.fr\/ile-de-france\/viry-chatillon_91687\/essonne-ikram-et-sarah-s-engagent-contre-l-extreme-pauvrete-avec-one-l-ong-du-chanteur-bono_59812397.html\"> (5 juillet 2023)<\/a><\/p>\n<p><a href=\"https:\/\/actu.fr\/ile-de-france\/viry-chatillon_91687\/essonne-ikram-et-sarah-s-engagent-contre-l-extreme-pauvrete-avec-one-l-ong-du-chanteur-bono_59812397.html\"><img loading=\"lazy\" decoding=\"async\" class=\"aligncenter wp-image-161959\" src=\"https:\/\/cdn.one.org\/fr\/wp-content\/uploads\/2021\/12\/06094221\/Untitled-design-43-640x640.png\" alt=\"\" width=\"372\" height=\"372\" \/><\/a><\/p>\n<p><strong>\u00a0Jeune Afrique [INTERVIEW]<\/strong><\/p>\n<p>Dans cet entretien avec <em>Jeune Afrique<\/em>, Najat Vallaud-Belkacem, directrice de l\u2019ONG ONE en France, revient sur les grands enjeux du sommet international pour un\u00a0nouveau pacte financier mondial \u00e0 Paris\u00a0: \u00ab\u00a0<em>Notre ONG fait partie de ces acteurs qui cherchent \u00e0 savoir dans quelle mesure les engagements pris lors de telles conf\u00e9rences internationales ont \u00e9t\u00e9 respect\u00e9s ou non. Nous sommes tr\u00e8s attach\u00e9s au respect de la parole donn\u00e9e.<\/em> \u00bb.<a href=\"https:\/\/www.jeuneafrique.com\/1456490\/economie\/najat-vallaud-belkacem-si-le-sommet-de-paris-ne-transforme-pas-le-financement-de-leconomie-mondiale-il-naura-servi-a-rien\/\">(23 juin 2023)<\/a><\/p>\n<p><a href=\"https:\/\/www.jeuneafrique.com\/1456490\/economie\/najat-vallaud-belkacem-si-le-sommet-de-paris-ne-transforme-pas-le-financement-de-leconomie-mondiale-il-naura-servi-a-rien\/\"><img loading=\"lazy\" decoding=\"async\" class=\"aligncenter wp-image-161904\" src=\"https:\/\/cdn.one.org\/fr\/wp-content\/uploads\/2021\/12\/29093449\/Untitled-design-39-640x640.png\" alt=\"\" width=\"386\" height=\"386\" \/><\/a><\/p>\n<p><strong>La Croix [ARTICLE]<\/strong><\/p>\n<p>Najat Vallaud-Belkacem, directrice France de l\u2019ONG ONE, r\u00e9agit aux r\u00e9sultats du sommet pour un nouveau pacte financier mondial\u00a0: \u00ab <em>La France a le m\u00e9rite de mettre les crises climatiques et \u00e9conomiques sous les feux des projecteurs. Mais nous sommes encore loin d\u2019un v\u00e9ritable nouveau pacte financier mondial<\/em> \u00bb. <a href=\"https:\/\/www.la-croix.com\/Economie\/A-Paris-Macron-tente-forger-nouveau-consensus-climat-2023-06-23-1201272792\">(23 juin 2023)<\/a><\/p>\n<p><a href=\"https:\/\/www.la-croix.com\/Economie\/A-Paris-Macron-tente-forger-nouveau-consensus-climat-2023-06-23-1201272792\"><img loading=\"lazy\" decoding=\"async\" class=\"aligncenter wp-image-161945\" src=\"https:\/\/cdn.one.org\/fr\/wp-content\/uploads\/2021\/12\/06091628\/Untitled-design-42-640x260.png\" alt=\"\" width=\"477\" height=\"193\" \/><\/a><\/p>\n<p><strong>Le Monde [ARTICLE]<\/strong><\/p>\n<p>Le sommet pour un nouveau pacte financier mondial vise \u00e0 obtenir de nouveaux engagements financiers pour lutter contre le r\u00e9chauffement climatique et la pauvret\u00e9, notamment par une r\u00e9forme de la Banque mondiale :\u00a0 \u00ab <em>Une telle r\u00e9forme pourrait tripler ses financements<\/em> \u00bb, esp\u00e8re Najat Vallaud-Belkacem, directrice France de l\u2019ONG ONE : \u00ab <em>Le moment est bien choisi, car les tensions entre Nord et Sud sont instrumentalis\u00e9es par la Russie.<\/em> \u00bb.\u00a0 <a href=\"https:\/\/www.lemonde.fr\/economie\/article\/2023\/06\/22\/un-sommet-international-a-paris-pour-repenser-les-relations-nord-sud_6178674_3234.html\">(22 juin 2023)<\/a><\/p>\n<p><b data-stringify-type=\"bold\">Le Point Afrique [INTERVIEW]<\/b><\/p>\n<p>Najat Vallaud-Belkacem revient dans cet entretien pour <em>Le Point Afrique<\/em> sur les enjeux de cette rencontre in\u00e9dite que constitue le Sommet des 22 et 23 juin pour un \u201cNouveau Pacte Financier Mondial\u201d et alerte sur la n\u00e9cessit\u00e9 pour les pays du Nord de tenir leurs engagements envers les pays du Sud. <a href=\"https:\/\/www.lepoint.fr\/afrique\/najat-vallaud-belkacem-les-pays-du-nord-ont-une-dette-envers-ceux-du-sud-21-06-2023-2525437_3826.php\">(21 juin 2023)<\/a><\/p>\n<p><a href=\"https:\/\/www.lepoint.fr\/afrique\/najat-vallaud-belkacem-les-pays-du-nord-ont-une-dette-envers-ceux-du-sud-21-06-2023-2525437_3826.php\"><img loading=\"lazy\" decoding=\"async\" class=\"aligncenter wp-image-161887\" src=\"https:\/\/cdn.one.org\/fr\/wp-content\/uploads\/2021\/12\/21135759\/Untitled-design-37-640x640.png\" alt=\"\" width=\"377\" height=\"377\" \/><\/a><\/p>\n<p><b data-stringify-type=\"bold\">L&#8217;Express [INTERVIEW]<\/b><\/p>\n<p>Najat Vallaud-Belkacem, directrice de ONE France, commente pour <em>L\u2019Express<\/em> les enjeux du sommet pour un \u201cNouveau Pacte Financier Mondial\u201d : \u201c<em>Le langage retenu pour ce sommet, \u201cnouveau pacte\u201d, \u201cnouveau partenariat\u201d, en dit long sur le besoin de cr\u00e9er de nouvelles relations bas\u00e9es sur une vraie r\u00e9ciprocit\u00e9, un vrai respect, une vraie reconnaissance de l\u2019interd\u00e9pendance entre Nord et Sud.<\/em>\u201c. <a href=\"https:\/\/www.lexpress.fr\/idees-et-debats\/najat-vallaud-belkacem-le-systeme-financier-mondial-a-ete-cree-pour-les-pays-riches-TSGWSJL2MJBADIX3J33T6BNLVI\/\">(20 juin 2023)<\/a><\/p>\n<p><a href=\"https:\/\/www.lexpress.fr\/idees-et-debats\/najat-vallaud-belkacem-le-systeme-financier-mondial-a-ete-cree-pour-les-pays-riches-TSGWSJL2MJBADIX3J33T6BNLVI\/\"><img loading=\"lazy\" decoding=\"async\" class=\"aligncenter wp-image-161888\" src=\"https:\/\/cdn.one.org\/fr\/wp-content\/uploads\/2021\/12\/21135901\/Untitled-design-36-640x591.png\" alt=\"\" width=\"294\" height=\"271\" \/><\/a><\/p>\n<p><strong>L\u2019Obs [TRIBUNE]<\/strong><\/p>\n<p>Najat Vallaud-Belkacem, directrice de ONE en France, s\u2019est exprim\u00e9e \u00e0 l\u2019occasion de l\u2019accession d\u2019Ajay Banga \u00e0 la pr\u00e9sidence du Groupe de la Banque mondiale : \u00a0\u00ab<em>L\u2019arriv\u00e9e d\u2019Ajay Banga doit \u00eatre l\u2019occasion de faire \u00e9voluer l\u2019institution, pour \u00eatre \u00e0 la hauteur des enjeux et disposer des ressources et des outils n\u00e9cessaires pour obtenir des r\u00e9sultats \u00e0 grande \u00e9chelle sur le d\u00e9veloppement, la pauvret\u00e9 et le d\u00e9fi climatique.<\/em>\u00bb. <a href=\"https:\/\/www.nouvelobs.com\/opinions\/20230608.OBS74251\/banque-mondiale-un-nouveau-president-pour-un-nouveau-depart-par-najat-vallaud-belkacem.html\">(8 juin 2023)<\/a><\/p>\n<p><a href=\"https:\/\/www.nouvelobs.com\/opinions\/20230608.OBS74251\/banque-mondiale-un-nouveau-president-pour-un-nouveau-depart-par-najat-vallaud-belkacem.html\"><img loading=\"lazy\" decoding=\"async\" class=\"aligncenter wp-image-161851\" src=\"https:\/\/cdn.one.org\/fr\/wp-content\/uploads\/2021\/12\/14095504\/Banque-mondiale-un-nouveau-president-pour-un-nouveau-depart--640x588.png\" alt=\"\" width=\"296\" height=\"272\" \/><\/a><\/p>\n<p><strong>Le Monde [TRIBUNE COLLECTIVE]<\/strong><\/p>\n<p>74 \u00e9conomistes internationaux, dont Joseph Stiglitz, Jayati Ghosh, Laurence Tubiana, Gunther Capelle-Blancard, appellent dans cette tribune au \u00ab Monde \u00bb \u00e0 cr\u00e9er une taxe mondiale sur les transactions boursi\u00e8res pour financer la lutte contre la pauvret\u00e9 et le r\u00e9chauffement climatique. Retrouvez la liste compl\u00e8te des signataires <a href=\"https:\/\/www.one.org\/fr\/press\/liste-des-signataires\/\">sur notre site<\/a>.\u00a0 <a href=\"https:\/\/www.lemonde.fr\/idees\/article\/2023\/06\/06\/un-pas-vers-une-taxe-internationale-sur-les-transactions-financieres-serait-une-premiere-historique_6176430_3232.html\">(6 juin 2023)<\/a><\/p>\n<p><a href=\"https:\/\/www.lemonde.fr\/idees\/article\/2023\/06\/06\/un-pas-vers-une-taxe-internationale-sur-les-transactions-financieres-serait-une-premiere-historique_6176430_3232.html\"><img loading=\"lazy\" decoding=\"async\" class=\"aligncenter wp-image-161862\" src=\"https:\/\/cdn.one.org\/fr\/wp-content\/uploads\/2021\/12\/14100643\/Banque-mondiale-un-nouveau-president-pour-un-nouveau-depart-Tribune-par-Najat-Vallaud-Belkacem-directrice-de-ONE-en-France-1-640x412.png\" alt=\"\" width=\"395\" height=\"254\" \/><\/a><\/p>\n<p><strong>The Conversation [TRIBUNE]<\/strong><\/p>\n<p>L\u2019\u00e9conomiste Gunther Capelle-Blancard pr\u00e9sente son rapport, publi\u00e9 par ONE, montrant qu\u2019une taxe sur les transactions financi\u00e8res (TTF), appliqu\u00e9e aux pays du G20, et \u00e9largie aux transactions intra-journali\u00e8res et au trading \u00e0 haute fr\u00e9quence, permettrait de lever pr\u00e8s de \u20ac400 milliards par an. Ainsi, comme le souligne l\u2019\u00e9conomiste, \u00ab <em>\u00c0 l\u2019heure o\u00f9 les gouvernements cherchent \u00e0 financer la lutte contre le changement climatique ou \u00e0 l\u2019aide au d\u00e9veloppement, la TTF appara\u00eet donc comme un levier fiscal de choix.<\/em> \u00bb. <a href=\"https:\/\/theconversation.com\/une-taxe-mondiale-sur-les-transactions-financieres-pourrait-rapporter-jusqua-400-milliards-deuros-par-an-206307\">(31 mai 2023)<\/a><\/p>\n<p><a href=\"https:\/\/theconversation.com\/une-taxe-mondiale-sur-les-transactions-financieres-pourrait-rapporter-jusqua-400-milliards-deuros-par-an-206307\"><img loading=\"lazy\" decoding=\"async\" class=\"aligncenter wp-image-161857\" src=\"https:\/\/cdn.one.org\/fr\/wp-content\/uploads\/2021\/12\/14100350\/Screenshot-289-640x358.png\" alt=\"\" width=\"393\" height=\"219\" \/><\/a><\/p>\n<p><strong>Euractiv [TRIBUNE]<\/strong><\/p>\n<p>277 jeunes Ambassadeurs et Ambassadrices de ONE en Europe unissent leur voix pour demander \u00e0 la France de mettre \u00e0 contribution le secteur financier afin de lutter contre la pauvret\u00e9 et le changement climatique, notamment \u00e0 l\u2019approche du Sommet International de Paris pour un Nouveau pacte financier mondial, les 22 et 23 juin prochains. Ils appellent la France \u00e0 tenir ses engagements et \u00e0 utiliser son influence pour promouvoir une taxe internationale sur les transactions financi\u00e8res. <a href=\"https:\/\/www.euractiv.fr\/section\/economie\/opinion\/pauvrete-climat-la-france-doit-mettre-a-contribution-les-marches-financiers\/\">(23 mai 2023)<\/a><\/p>\n<p><a href=\"https:\/\/www.euractiv.fr\/section\/economie\/opinion\/pauvrete-climat-la-france-doit-mettre-a-contribution-les-marches-financiers\/\"><img loading=\"lazy\" decoding=\"async\" class=\"aligncenter wp-image-161808\" src=\"https:\/\/cdn.one.org\/fr\/wp-content\/uploads\/2021\/12\/24125041\/Untitled-design-31-640x221.png\" alt=\"\" width=\"534\" height=\"185\" \/><\/a><\/p>\n<p><b data-stringify-type=\"bold\">Vaucluse Matin [INTERVIEW]<\/b><\/p>\n<p>Juliette Merrer fait partie des 55 jeunes s\u00e9lectionn\u00e9.e.s pour devenir jeunes Ambassadeurs et Ambassadrices de ONE, l\u2019ONG de lutte contre l\u2019extr\u00eame pauvret\u00e9. Elle t\u00e9moigne de son engagement : \u201c<em>Quand l\u2019Afrique n\u2019\u00e9met que 4 % des \u00e9missions de C02, les dix pays les plus vuln\u00e9rables au changement climatique sont tous sur ce continent<\/em>\u201c.\u00a0 <a href=\"https:\/\/www.ledauphine.com\/societe\/2023\/05\/18\/juliette-merrer-porte-parole-d-une-jeunesse-engagee\">(18 mai 2023)<\/a><\/p>\n<p><b data-stringify-type=\"bold\">L\u2019Opinion [ARTICLE]<\/b><\/p>\n<p>Pour financer la lutte contre la pauvret\u00e9 et le changement climatique, l\u2019id\u00e9e de la taxe sur les transactions financi\u00e8res (TTF) fait son retour sur la table des n\u00e9gociations. Gunther Capelle-Blancard, \u00e9conomiste sp\u00e9cialiste des march\u00e9s financiers et professeur \u00e0 l\u2019universit\u00e9 Paris-I Panth\u00e9on-Sorbonne, a publi\u00e9 le 15 mai un chiffrage de la TTF command\u00e9 par l\u2019ONG ONE. L\u2019\u00e9tude montre qu\u2019elle pourrait rapporter gros\u2026entre 156 et 260 milliards d\u2019euros ! <a href=\"https:\/\/www.lopinion.fr\/economie\/letude-qui-rehabilite-la-taxe-sur-les-transactions-financieres\">(17 mai 2023)<\/a><\/p>\n<p><b data-stringify-type=\"bold\">Alternatives Economiques [ARTICLE]<\/b><\/p>\n<p>Les pays du Nord sont responsables de la majorit\u00e9 des \u00e9missions de gaz \u00e0 effet de serre accumul\u00e9es dans l\u2019atmosph\u00e8re depuis 1850. Les pays du Sud, eux, en subissent les principales cons\u00e9quences. Face \u00e0 ce constat, plusieurs options gagnent en visibilit\u00e9 et seront discut\u00e9es lors d\u2019un Sommet international en juin \u00e0 Paris \u201cpour un nouveau pacte financier mondial\u201d entre les pays du Sud et du Nord. Parmi ces options, une taxe sur les transactions financi\u00e8res (TTF) est discut\u00e9e. Adopt\u00e9e par l\u2019ensemble des pays du G20, elle pourrait rapporter entre 156 et 260 milliards d\u2019euros par an, estime Gunther Capelle-Blancard, \u00e9conomiste \u00e0 l\u2019Universit\u00e9 Paris 1, dans une nouvelle \u00e9tude rendue publique par l\u2019ONG ONE.\u00a0<a href=\"https:\/\/www.alternatives-economiques.fr\/lafrique-se-payer-transition-climatique\/00106953\"> (16 mai 2023)<\/a><\/p>\n<p><b data-stringify-type=\"bold\">Lib\u00e9ration [ARTICLE]<\/b><\/p>\n<p>Une nouvelle \u00e9tude de l\u2019\u00e9conomiste Gunther Capelle-Blancard et rendue publique par l\u2019ONG ONE montre qu\u2019une taxe sur les transactions financi\u00e8res, appliqu\u00e9e aux pays du G20, permettrait de lever entre \u20ac156 et \u20ac260 milliards par an, permettant ainsi de financer les besoins colossaux de financements pour lutter contre le changement climatique ou contre la pauvret\u00e9.\u00a0 (<a href=\"https:\/\/www.liberation.fr\/economie\/taxer-les-transactions-financieres-le-retour-dune-idee-qui-pourrait-rapporter-gros-20230515_ACLRGTKM45EXTPUUJIQFIJRDTM\/\">15 mai 2023)<\/a><\/p>\n<p><strong>CB News [ARTICLE]<\/strong><\/p>\n<p>L\u2019Afrique ne produit que 4% des \u00e9missions de gaz \u00e0 effet de serre. Pourtant, le continent fait partie des plus impact\u00e9s par le r\u00e9chauffement climatique. Absurde n\u2019est-ce pas ? Ne laissons pas l\u2019Afrique \u00eatre la premi\u00e8re victime du r\u00e9chauffement climatique. C\u2019est pour cela qu\u2019\u00e0 l\u2019approche du Sommet pour un \u201cNouveau pacte financier mondial\u201d qui se tiendra en juin \u00e0 Paris, ONE appelle les dirigeants mondiaux \u00e0 red\u00e9finir les r\u00e8gles afin de garantir un avenir durable pour toutes et tous.\u00a0 <a href=\"https:\/\/www.cbnews.fr\/marques\/image-one-strike-illustrent-injustice-absurde-76340\">(2 mai 2023)<\/a><\/p>\n<p><b data-stringify-type=\"bold\">Lille Actu [INTERVIEW]<\/b><\/p>\n<p>Houda, 24 ans et Manon, 26 ans, ont toutes les deux grandi dans la m\u00e9tropole de Lille et sont jeunes Ambassadrices de ONE. Elles t\u00e9moignent de leur engagement. <a href=\"https:\/\/actu.fr\/societe\/nord-avec-one-houda-et-manon-sengagent-contre-lextreme-pauvrete-et-les-maladies-evitables_59237016.html\">\u00a0(26 avril 2023)<\/a><\/p>\n<p><b data-stringify-type=\"bold\">La Nouvelle R\u00e9publique [INTERVIEW]<\/b><\/p>\n<p>Cl\u00e9mence Coulange a \u00e9t\u00e9 s\u00e9lectionn\u00e9e pour devenir jeune Ambassadrice de l\u2019ONG ONE : \u201c<em>ONE est une organisation de campagne et de plaidoyer, qui ne demande pas de dons, souligne-t-elle. Mon objectif, c\u2019est de rencontrer des personnalit\u00e9s politiques et de les pousser \u00e0 agir<\/em>.\u201d <a href=\"https:\/\/www.lanouvellerepublique.fr\/tours\/tours-une-tourangelle-ambassadrice-de-l-ong-one\">(22 avril 2023)<\/a><\/p>\n<p><b data-stringify-type=\"bold\">La Marne [INTERVIEW]<\/b><\/p>\n<p>Eunice Baraka Fura a 21 ans. Elle est devenue cette ann\u00e9e jeune Ambassadrice de ONE !\u00a0 <a href=\"https:\/\/actu.fr\/ile-de-france\/magny-le-hongre_77268\/seine-et-marne-a-21-ans-elle-sengage-pour-lutter-contre-lextreme-pauvrete_59043864.html\">(18 avril 2023)<\/a><\/p>\n<p><strong>Le Monde [TRIBUNE]<\/strong><\/p>\n<p>Dans cette tribune collective, cinq organisations luttant contre la corruption et le blanchiment de capitaux, parmi lesquelles ONE, appellent \u00e0 un acc\u00e8s public et gratuit aux registres identifiant les b\u00e9n\u00e9ficiaires effectifs des soci\u00e9t\u00e9s, ou a minima pour la presse ainsi que les organisations de la soci\u00e9t\u00e9 civile. D\u00e9fendre la transparence financi\u00e8re ne vise pas uniquement \u00e0 lutter contre la fraude fiscale et juridique mais aussi \u00e0 garantir la transparence de l\u2019information, pierre angulaire de nos d\u00e9mocraties.\u00a0 <a href=\"https:\/\/www.lemonde.fr\/idees\/article\/2023\/04\/18\/evasion-fiscale-l-union-europeenne-doit-faire-le-choix-de-la-transparence-financiere-car-il-n-y-a-pas-de-democratie-sans-transparence_6170030_3232.html\">(18 avril 2023)<\/a><\/p>\n<p><b data-stringify-type=\"bold\">Actu Orl\u00e9ans [INTERVIEW]<\/b><\/p>\n<p>Jeune Ambassadrice de ONE \u00e0 Orl\u00e9ans, Juline Guyot t\u00e9moigne. Les 22 et 23 juin 2023, un sommet sur le \u00ab nouveau pacte financier mondial \u00bb se tiendra \u00e0 Paris. L\u2019ONG ONE se mobilise pour un \u00ab budget d\u2019aide publique au d\u00e9veloppement plus ambitieux, \u00e0 la hauteur de l\u2019urgence et des d\u00e9fis mondiaux \u00bb.\u00a0 <a href=\"https:\/\/actu.fr\/centre-val-de-loire\/orleans_45234\/ambassadrice-de-one-a-orleans-juline-veut-lutter-contre-la-pauvrete-mondiale_59005706.html\">(18 avril 2023)<\/a><\/p>\n<p><b data-stringify-type=\"bold\">\u00a0L\u2019Orient-Le Jour [ARTICLE]<\/b><\/p>\n<p>Reprise, dans une d\u00e9p\u00eache de l\u2019AFD, de la r\u00e9action de ONE aux nouveaux chiffres de l\u2019aide publique au d\u00e9veloppement (APD) pour 2022 publi\u00e9s par l\u2019OCDE. L\u2019 APD mondiale a augment\u00e9 de 13,6%. Cette croissance est principalement due \u00e0 l\u2019augmentation des co\u00fbts d\u2019accueil des personnes r\u00e9fugi\u00e9es, notamment venant d\u2019Ukraine, sur les territoires des pays donateurs.<a href=\"https:\/\/www.lorientlejour.com\/article\/1334555\/laide-publique-au-developpement-a-atteint-un-record-en-2022-a-204-milliards-de-dollars.html\">(12 avril 2023)<\/a><\/p>\n<p><strong>L\u2019Obs [TRIBUNE]<\/strong><\/p>\n<p>Najat Vallaud-Belkacem r\u00e9agit \u00e0 la suspension de France 24 au Burkina Faso et celle de RFI au Mali, et alerte sur les dangers de la guerre informationnelle actuellement \u00e0 l\u2019\u0153uvre sur le continent africain.\u00a0 <a href=\"https:\/\/www.nouvelobs.com\/opinions\/20230411.OBS72030\/solidarite-internationale-le-poison-lent-de-la-desinformation-par-najat-vallaud-belkacem.html\">(11 avril 2023)<\/a><\/p>\n<p><b data-stringify-type=\"bold\">\u00a0La Croix[TRIBUNE]<\/b><\/p>\n<p>Onze organisations, parmi lesquelles ONE, alertent sur les cons\u00e9quences dramatiques du changement climatique au Sahel et dans la Corne de l\u2019Afrique, notamment en termes de s\u00e9curit\u00e9 alimentaire. <a href=\"https:\/\/www.la-croix.com\/Debats\/Au-Sahel-Corne-lAfrique-changement-climatique-tue-deja-2023-04-07-1201262543\">(07 avril 2023)<\/a><\/p>\n<p><b data-stringify-type=\"bold\">Le Club de Mediapart [LETTRE OUVERTE]<\/b><\/p>\n<p>Alors que le 7 avril marquait la Journ\u00e9e mondiale de la sant\u00e9, ONE s\u2019est jointe \u00e0 d\u2019autres ONG pour appeler le pr\u00e9sident Emmanuel Macron \u00e0 augmenter la part de l\u2019aide publique au d\u00e9veloppement destin\u00e9e au secteur de la sant\u00e9. <a href=\"https:\/\/blogs.mediapart.fr\/action-sante-mondiale\/blog\/070423\/lettre-ouverte-au-president-emmanuel-macron-pour-la-journee-mondiale-de-la-sante\">\u00a0(07 avril 2023)<\/a><\/p>\n<p><strong>L\u2019Union #Ta news [INTERVIEW]<\/strong><\/p>\n<p>Romane Mika, jeune Ambassadrice de ONE, depuis 6 ans nous livre son t\u00e9moignage : \u201cCette exp\u00e9rience m\u2019apporte personnellement \u00e9norm\u00e9ment au quotidien, que ce soit dans ma prise de parole, dans ma fa\u00e7on de r\u00e9diger ou encore les diff\u00e9rentes rencontres que j\u2019ai pu faire\u201d.\u00a0 <a href=\"https:\/\/www.lunion.fr\/id472066\/article\/2023-04-06\/une-remoise-engagee-avec-long-one-contre-les-inegalites-mondiales\">(06 avril 2023)<\/a><\/p>\n<p><b data-stringify-type=\"bold\">AEF Info [INTERVIEW]<\/b><\/p>\n<p>Najat Vallaud-Belkacem, directrice de ONE France, revient sur le r\u00f4le et les attentes de ONE pour le sommet du 22 et 23 juin sur le nouveau pacte financier Nord-Sud, qui \u201cest l\u2019occasion de s\u2019engager une fois pour toutes\u201d en faveur de la taxe sur les transactions financi\u00e8res (TTF).\u00a0 <a href=\"https:\/\/www.aefinfo.fr\/depeche\/690058\">(04 avril 2023)<\/a><\/p>\n<p><b data-stringify-type=\"bold\">Le T\u00e9l\u00e9gramme [INTERVIEW]<\/b><\/p>\n<p>Rencontre avec M\u00e9lissa Borrallo, devenue jeune Ambassadrice de ONE : \u201cEn tant que jeunes ambassadeurs, nous allons directement \u00e0 la rencontre d\u2019\u00e9lus politiques pour les convaincre d\u2019agir en faveur de la lutte contre l\u2019extr\u00eame pauvret\u00e9. Nous leur demandons de mettre ces probl\u00e9matiques \u00e0 leur agenda et de d\u00e9bloquer des financements. Nous menons aussi des campagnes, avec comme but de sensibiliser le grand public.\u201d <a href=\"https:\/\/www.letelegramme.fr\/finistere\/concarneau\/contre-l-extreme-pauvrete-la-concarnoise-melissa-borrallo-s-engage-29-03-2023-13307003.php\">\u00a0(29 mars 2023)<\/a><\/p>\n<p><b data-stringify-type=\"bold\">Ouest-France [INTERVIEW]<\/b><\/p>\n<p>Laila Djafarou est jeune Ambassadrice de l\u2019ONG ONE qui lutte contre les in\u00e9galit\u00e9s mondiales et l\u2019extr\u00eame pauvret\u00e9. Elle revient sur son parcours et ses missions. <a href=\"https:\/\/www.ouest-france.fr\/normandie\/caen-14000\/entretien-originaire-de-caen-laila-djafarou-est-ambassadrice-de-one-long-du-chanteur-bono-8ff5c8e8-c4ce-11ed-93d7-4c4cd65beb9c\">\u00a0(27 mars 2023)<\/a><\/p>\n<p><b data-stringify-type=\"bold\">Le Dauphin\u00e9 Lib\u00e9r\u00e9 [INTERVIEW]<\/b><\/p>\n<p>Pendant un an, en tant que jeunes Ambassadeurs et Ambassadrices de ONE, Justine, Chaimaa, Ana\u00efs et Quentin se font les porte-paroles de l\u2019action de l\u2019ONG qui lutte contre l\u2019extr\u00eame pauvret\u00e9. Quentin nous en parle : \u00ab Nous sommes \u00e0 un moment charni\u00e8re et il est temps d\u2019agir contre les in\u00e9galit\u00e9s \u00bb. <a href=\"https:\/\/www.ledauphine.com\/social\/2023\/03\/25\/isere-quatre-grenoblois-deviennent-porte-paroles-de-la-lutte-contre-l-extreme-pauvrete\">\u00a0(26 mars 2023)<\/a><\/p>\n<p><b data-stringify-type=\"bold\">Lib\u00e9ration [TRIBUNE]<\/b><\/p>\n<p>Dans le contexte de la r\u00e9forme des retraites en France, Najat Vallaud-Belkacem, directrice de ONE France, interpelle sur les conditions des travailleurs et travailleuses \u00e9tranger.\u00e8re.s, sans qui de nombreux secteurs essentiels de notre \u00e9conomie ne pourraient fonctionner correctement. Pourtant, ces personnes restent des victimes oubli\u00e9es de la r\u00e9forme. <a href=\"https:\/\/www.liberation.fr\/idees-et-debats\/tribunes\/travailleurs-etrangers-les-grands-oublies-de-la-reforme-des-retraites-par-najat-vallaud-belkacem-20230324_JYBUUNRXTFF7LGS2Q36ZVX3VGA\/\">\u00a0(24 mars 2023)<\/a><\/p>\n<p><b data-stringify-type=\"bold\">Jeune Afrique [TRIBUNE]<\/b><\/p>\n<p>Alors que le pr\u00e9sident Emmanuel Macron a achev\u00e9 son 18\u00e8me s\u00e9jour en Afrique, Najat-Vallaud Belkacem, directrice France de ONE, et Serah Makka, directrice Afrique de ONE, insistent sur la n\u00e9cessit\u00e9 d\u2019un meilleur partenariat Afrique-France, une relation d\u2019\u00e9gal \u00e0 \u00e9gal, qui doit notamment passer par l\u2019int\u00e9gration de l\u2019Union Africaine au G20.\u00a0 <a href=\"https:\/\/www.jeuneafrique.com\/1425839\/politique\/plaidoyer-pour-un-meilleur-partenariat-afrique-france\/\">(10 mars 2023)<\/a><\/p>\n<p><b data-stringify-type=\"bold\">La R\u00e9publique de Seine-et-Marne [INTERVIEW]<\/b><\/p>\n<p>Yacine Belhadi, 29 ans, est jeune Ambassadeur de ONE et va repr\u00e9senter l\u2019ONG pour lutter contre les in\u00e9galit\u00e9s et la pauvret\u00e9.\u00a0 <a href=\"https:\/\/cdn.one.org\/fr\/wp-content\/uploads\/2021\/12\/29121221\/Untitled-design-640x640.png\">(20 mars 2023)<\/a><\/p>\n<p><strong>L\u2019Obs [TRIBUNE]<\/strong><\/p>\n<p>Face au constat que le ch\u00f4mage supplante d\u00e9sormais l\u2019adh\u00e9sion \u00e0 une id\u00e9ologie religieuse comme principal moteur de l\u2019extr\u00e9misme violent, Najat Vallaud-Belkacem, directrice France de ONE, appelle \u00e0 lever les freins structurels \u00e0 la cr\u00e9ation d\u2019emplois d\u00e9cents sur le continent africain.<a href=\"https:\/\/www.nouvelobs.com\/opinions\/20230222.OBS69886\/le-sous-emploi-chronique-de-certaines-regions-du-monde-menace-notre-paix-et-securite.html\">\u00a0(22 f\u00e9vrier 2023)<\/a><\/p>\n<p><strong>\u00a0L\u2019Express[TRIBUNE]<\/strong><\/p>\n<p>Face au constat du manque criant de financement pour atteindre les Objectifs de d\u00e9veloppement durable, Najat Vallaud-Belkacem, directrice France de ONE, appelle \u00e0 une r\u00e9forme en profondeur des r\u00e8gles du jeu des banques multilat\u00e9rales de d\u00e9veloppement qui pourraient pr\u00eater jusqu\u2019\u00e0 1 000 milliards de dollars suppl\u00e9mentaires si elles utilisaient leur capital plus efficacement.<a href=\"https:\/\/www.lexpress.fr\/idees-et-debats\/najat-vallaud-belkacem-les-1000-milliards-de-dollars-pour-le-developpement-sont-a-portee-de-la-main-Z7X2CJHHBZG7FAL27OAWSSNNTY\/\"> (29 janvier 2023)<\/a><\/p>\n<p><strong>\u00a0Informelles [INTERVIEW]<\/strong><\/p>\n<p>Najat Vallaud-Belkacem, directrice France de ONE, revient sur son parcours de femme en politique et son engagement contre l\u2019extr\u00eame pauvret\u00e9 ; l\u2019occasion d\u2019\u00e9voquer la question du Fonds pour les pertes et dommages subis par les pays en d\u00e9veloppement les plus vuln\u00e9rables au r\u00e9chauffement climatique. <a href=\"https:\/\/www.informelles.media\/najat-vallaud-belkacem-8-questions-a-la-femme-politique-dg-ong-one\/\">(13 janvier 2023)<\/a><\/p>\n<p><strong>[TRIBUNE]<\/strong><\/p>\n<p>Suite \u00e0 la r\u00e9cente d\u00e9cision de la Cour de justice de l\u2019UE d\u2019invalider la mesure permettant la libre consultation par les citoyens europ\u00e9ens des b\u00e9n\u00e9ficiaires effectifs des entreprises cr\u00e9\u00e9es au sein de l\u2019Union, Najat Vallaud-Belkacem souligne l\u2019importance que rev\u00eat pourtant cette mesure de bon sens, en en pr\u00e9sentant d\u2019autres \u00e0 m\u00eame de mieux lutter contre l\u2019\u00e9vasion fiscale et le blanchiment d\u2019argent.<\/p>\n<p><strong>Vous trouverez ici les interventions r\u00e9centes et les tribunes de ONE dans la presse. <\/strong><strong>Cliquez sur l\u2019image de l\u2019intervention qui vous int\u00e9resse pour \u00eatre redirig\u00e9 vers l\u2019article complet.<\/strong><\/p>\n<hr \/>\n<p><strong>Actu Essonne [INTERVIEW]<\/strong><\/p>\n<p>Deux jeunes Ambassadrices de ONE, Sarah et Ikram, t\u00e9moignent de leur engagement : \u00ab <em>Les causes que d\u00e9fend ONE, comme l\u2019ins\u00e9curit\u00e9 alimentaire et le changement climatique, nous concernent tous.<\/em> \u00bb.\u00a0<a href=\"https:\/\/actu.fr\/ile-de-france\/viry-chatillon_91687\/essonne-ikram-et-sarah-s-engagent-contre-l-extreme-pauvrete-avec-one-l-ong-du-chanteur-bono_59812397.html\"> (5 juillet 2023)<\/a><\/p>\n<p><strong>\u00a0Jeune Afrique [INTERVIEW]<\/strong><\/p>\n<p>Dans cet entretien avec <em>Jeune Afrique<\/em>, Najat Vallaud-Belkacem, directrice de l\u2019ONG ONE en France, revient sur les grands enjeux du sommet international pour un\u00a0nouveau pacte financier mondial \u00e0 Paris\u00a0: \u00ab\u00a0<em>Notre ONG fait partie de ces acteurs qui cherchent \u00e0 savoir dans quelle mesure les engagements pris lors de telles conf\u00e9rences internationales ont \u00e9t\u00e9 respect\u00e9s ou non. Nous sommes tr\u00e8s attach\u00e9s au respect de la parole donn\u00e9e.<\/em> \u00bb.<a href=\"https:\/\/www.jeuneafrique.com\/1456490\/economie\/najat-vallaud-belkacem-si-le-sommet-de-paris-ne-transforme-pas-le-financement-de-leconomie-mondiale-il-naura-servi-a-rien\/\">(23 juin 2023)<\/a><\/p>\n<p><strong>La Croix [ARTICLE]<\/strong><\/p>\n<p>Najat Vallaud-Belkacem, directrice France de l\u2019ONG ONE, r\u00e9agit aux r\u00e9sultats du sommet pour un nouveau pacte financier mondial\u00a0: \u00ab <em>La France a le m\u00e9rite de mettre les crises climatiques et \u00e9conomiques sous les feux des projecteurs. Mais nous sommes encore loin d\u2019un v\u00e9ritable nouveau pacte financier mondial<\/em> \u00bb. <a href=\"https:\/\/www.la-croix.com\/Economie\/A-Paris-Macron-tente-forger-nouveau-consensus-climat-2023-06-23-1201272792\">(23 juin 2023)<\/a><\/p>\n<p><strong>Le Monde [ARTICLE]<\/strong><\/p>\n<p>Le sommet pour un nouveau pacte financier mondial vise \u00e0 obtenir de nouveaux engagements financiers pour lutter contre le r\u00e9chauffement climatique et la pauvret\u00e9, notamment par une r\u00e9forme de la Banque mondiale :\u00a0 \u00ab <em>Une telle r\u00e9forme pourrait tripler ses financements<\/em> \u00bb, esp\u00e8re Najat Vallaud-Belkacem, directrice France de l\u2019ONG ONE : \u00ab <em>Le moment est bien choisi, car les tensions entre Nord et Sud sont instrumentalis\u00e9es par la Russie.<\/em> \u00bb.\u00a0 <a href=\"https:\/\/www.lemonde.fr\/economie\/article\/2023\/06\/22\/un-sommet-international-a-paris-pour-repenser-les-relations-nord-sud_6178674_3234.html\">(22 juin 2023)<\/a><\/p>\n<p><b data-stringify-type=\"bold\">Le Point Afrique [INTERVIEW]<\/b><\/p>\n<p>Najat Vallaud-Belkacem revient dans cet entretien pour <em>Le Point Afrique<\/em> sur les enjeux de cette rencontre in\u00e9dite que constitue le Sommet des 22 et 23 juin pour un \u201cNouveau Pacte Financier Mondial\u201d et alerte sur la n\u00e9cessit\u00e9 pour les pays du Nord de tenir leurs engagements envers les pays du Sud. <a href=\"https:\/\/www.lepoint.fr\/afrique\/najat-vallaud-belkacem-les-pays-du-nord-ont-une-dette-envers-ceux-du-sud-21-06-2023-2525437_3826.php\">(21 juin 2023)<\/a><\/p>\n<p><b data-stringify-type=\"bold\">L&#8217;Express [INTERVIEW]<\/b><\/p>\n<p>Najat Vallaud-Belkacem, directrice de ONE France, commente pour <em>L\u2019Express<\/em> les enjeux du sommet pour un \u201cNouveau Pacte Financier Mondial\u201d : \u201c<em>Le langage retenu pour ce sommet, \u201cnouveau pacte\u201d, \u201cnouveau partenariat\u201d, en dit long sur le besoin de cr\u00e9er de nouvelles relations bas\u00e9es sur une vraie r\u00e9ciprocit\u00e9, un vrai respect, une vraie reconnaissance de l\u2019interd\u00e9pendance entre Nord et Sud.<\/em>\u201c. <a href=\"https:\/\/www.lexpress.fr\/idees-et-debats\/najat-vallaud-belkacem-le-systeme-financier-mondial-a-ete-cree-pour-les-pays-riches-TSGWSJL2MJBADIX3J33T6BNLVI\/\">(20 juin 2023)<\/a><\/p>\n<p><strong>L\u2019Obs [TRIBUNE]<\/strong><\/p>\n<p>Najat Vallaud-Belkacem, directrice de ONE en France, s\u2019est exprim\u00e9e \u00e0 l\u2019occasion de l\u2019accession d\u2019Ajay Banga \u00e0 la pr\u00e9sidence du Groupe de la Banque mondiale : \u00a0\u00ab<em>L\u2019arriv\u00e9e d\u2019Ajay Banga doit \u00eatre l\u2019occasion de faire \u00e9voluer l\u2019institution, pour \u00eatre \u00e0 la hauteur des enjeux et disposer des ressources et des outils n\u00e9cessaires pour obtenir des r\u00e9sultats \u00e0 grande \u00e9chelle sur le d\u00e9veloppement, la pauvret\u00e9 et le d\u00e9fi climatique.<\/em>\u00bb. <a href=\"https:\/\/www.nouvelobs.com\/opinions\/20230608.OBS74251\/banque-mondiale-un-nouveau-president-pour-un-nouveau-depart-par-najat-vallaud-belkacem.html\">(8 juin 2023)<\/a><\/p>\n<p><strong>Le Monde [TRIBUNE COLLECTIVE]<\/strong><\/p>\n<p>74 \u00e9conomistes internationaux, dont Joseph Stiglitz, Jayati Ghosh, Laurence Tubiana, Gunther Capelle-Blancard, appellent dans cette tribune au \u00ab Monde \u00bb \u00e0 cr\u00e9er une taxe mondiale sur les transactions boursi\u00e8res pour financer la lutte contre la pauvret\u00e9 et le r\u00e9chauffement climatique. Retrouvez la liste compl\u00e8te des signataires <a href=\"https:\/\/www.one.org\/fr\/press\/liste-des-signataires\/\">sur notre site<\/a>.\u00a0 <a href=\"https:\/\/www.lemonde.fr\/idees\/article\/2023\/06\/06\/un-pas-vers-une-taxe-internationale-sur-les-transactions-financieres-serait-une-premiere-historique_6176430_3232.html\">(6 juin 2023)<\/a><\/p>\n<p><strong>The Conversation [TRIBUNE]<\/strong><\/p>\n<p>L\u2019\u00e9conomiste Gunther Capelle-Blancard pr\u00e9sente son rapport, publi\u00e9 par ONE, montrant qu\u2019une taxe sur les transactions financi\u00e8res (TTF), appliqu\u00e9e aux pays du G20, et \u00e9largie aux transactions intra-journali\u00e8res et au trading \u00e0 haute fr\u00e9quence, permettrait de lever pr\u00e8s de \u20ac400 milliards par an. Ainsi, comme le souligne l\u2019\u00e9conomiste, \u00ab <em>\u00c0 l\u2019heure o\u00f9 les gouvernements cherchent \u00e0 financer la lutte contre le changement climatique ou \u00e0 l\u2019aide au d\u00e9veloppement, la TTF appara\u00eet donc comme un levier fiscal de choix.<\/em> \u00bb. <a href=\"https:\/\/theconversation.com\/une-taxe-mondiale-sur-les-transactions-financieres-pourrait-rapporter-jusqua-400-milliards-deuros-par-an-206307\">(31 mai 2023)<\/a><\/p>\n<p><strong>Euractiv [TRIBUNE]<\/strong><\/p>\n<p>277 jeunes Ambassadeurs et Ambassadrices de ONE en Europe unissent leur voix pour demander \u00e0 la France de mettre \u00e0 contribution le secteur financier afin de lutter contre la pauvret\u00e9 et le changement climatique, notamment \u00e0 l\u2019approche du Sommet International de Paris pour un Nouveau pacte financier mondial, les 22 et 23 juin prochains. Ils appellent la France \u00e0 tenir ses engagements et \u00e0 utiliser son influence pour promouvoir une taxe internationale sur les transactions financi\u00e8res. <a href=\"https:\/\/www.euractiv.fr\/section\/economie\/opinion\/pauvrete-climat-la-france-doit-mettre-a-contribution-les-marches-financiers\/\">(23 mai 2023)<\/a><\/p>\n<p><b data-stringify-type=\"bold\">Vaucluse Matin [INTERVIEW]<\/b><\/p>\n<p>Juliette Merrer fait partie des 55 jeunes s\u00e9lectionn\u00e9.e.s pour devenir jeunes Ambassadeurs et Ambassadrices de ONE, l\u2019ONG de lutte contre l\u2019extr\u00eame pauvret\u00e9. Elle t\u00e9moigne de son engagement : \u201c<em>Quand l\u2019Afrique n\u2019\u00e9met que 4 % des \u00e9missions de C02, les dix pays les plus vuln\u00e9rables au changement climatique sont tous sur ce continent<\/em>\u201c.\u00a0 <a href=\"https:\/\/www.ledauphine.com\/societe\/2023\/05\/18\/juliette-merrer-porte-parole-d-une-jeunesse-engagee\">(18 mai 2023)<\/a><\/p>\n<p><b data-stringify-type=\"bold\">L\u2019Opinion [ARTICLE]<\/b><\/p>\n<p>Pour financer la lutte contre la pauvret\u00e9 et le changement climatique, l\u2019id\u00e9e de la taxe sur les transactions financi\u00e8res (TTF) fait son retour sur la table des n\u00e9gociations. Gunther Capelle-Blancard, \u00e9conomiste sp\u00e9cialiste des march\u00e9s financiers et professeur \u00e0 l\u2019universit\u00e9 Paris-I Panth\u00e9on-Sorbonne, a publi\u00e9 le 15 mai un chiffrage de la TTF command\u00e9 par l\u2019ONG ONE. L\u2019\u00e9tude montre qu\u2019elle pourrait rapporter gros\u2026entre 156 et 260 milliards d\u2019euros ! <a href=\"https:\/\/www.lopinion.fr\/economie\/letude-qui-rehabilite-la-taxe-sur-les-transactions-financieres\">(17 mai 2023)<\/a><\/p>\n<p><b data-stringify-type=\"bold\">Alternatives Economiques [ARTICLE]<\/b><\/p>\n<p>Les pays du Nord sont responsables de la majorit\u00e9 des \u00e9missions de gaz \u00e0 effet de serre accumul\u00e9es dans l\u2019atmosph\u00e8re depuis 1850. Les pays du Sud, eux, en subissent les principales cons\u00e9quences. Face \u00e0 ce constat, plusieurs options gagnent en visibilit\u00e9 et seront discut\u00e9es lors d\u2019un Sommet international en juin \u00e0 Paris \u201cpour un nouveau pacte financier mondial\u201d entre les pays du Sud et du Nord. Parmi ces options, une taxe sur les transactions financi\u00e8res (TTF) est discut\u00e9e. Adopt\u00e9e par l\u2019ensemble des pays du G20, elle pourrait rapporter entre 156 et 260 milliards d\u2019euros par an, estime Gunther Capelle-Blancard, \u00e9conomiste \u00e0 l\u2019Universit\u00e9 Paris 1, dans une nouvelle \u00e9tude rendue publique par l\u2019ONG ONE.\u00a0<a href=\"https:\/\/www.alternatives-economiques.fr\/lafrique-se-payer-transition-climatique\/00106953\"> (16 mai 2023)<\/a><\/p>\n<p><b data-stringify-type=\"bold\">Lib\u00e9ration [ARTICLE]<\/b><\/p>\n<p>Une nouvelle \u00e9tude de l\u2019\u00e9conomiste Gunther Capelle-Blancard et rendue publique par l\u2019ONG ONE montre qu\u2019une taxe sur les transactions financi\u00e8res, appliqu\u00e9e aux pays du G20, permettrait de lever entre \u20ac156 et \u20ac260 milliards par an, permettant ainsi de financer les besoins colossaux de financements pour lutter contre le changement climatique ou contre la pauvret\u00e9.\u00a0 (<a href=\"https:\/\/www.liberation.fr\/economie\/taxer-les-transactions-financieres-le-retour-dune-idee-qui-pourrait-rapporter-gros-20230515_ACLRGTKM45EXTPUUJIQFIJRDTM\/\">15 mai 2023)<\/a><\/p>\n<p><strong>CB News [ARTICLE]<\/strong><\/p>\n<p>L\u2019Afrique ne produit que 4% des \u00e9missions de gaz \u00e0 effet de serre. Pourtant, le continent fait partie des plus impact\u00e9s par le r\u00e9chauffement climatique. Absurde n\u2019est-ce pas ? Ne laissons pas l\u2019Afrique \u00eatre la premi\u00e8re victime du r\u00e9chauffement climatique. C\u2019est pour cela qu\u2019\u00e0 l\u2019approche du Sommet pour un \u201cNouveau pacte financier mondial\u201d qui se tiendra en juin \u00e0 Paris, ONE appelle les dirigeants mondiaux \u00e0 red\u00e9finir les r\u00e8gles afin de garantir un avenir durable pour toutes et tous.\u00a0 <a href=\"https:\/\/www.cbnews.fr\/marques\/image-one-strike-illustrent-injustice-absurde-76340\">(2 mai 2023)<\/a><\/p>\n<p><b data-stringify-type=\"bold\">Lille Actu [INTERVIEW]<\/b><\/p>\n<p>Houda, 24 ans et Manon, 26 ans, ont toutes les deux grandi dans la m\u00e9tropole de Lille et sont jeunes Ambassadrices de ONE. Elles t\u00e9moignent de leur engagement. <a href=\"https:\/\/actu.fr\/societe\/nord-avec-one-houda-et-manon-sengagent-contre-lextreme-pauvrete-et-les-maladies-evitables_59237016.html\">\u00a0(26 avril 2023)<\/a><\/p>\n<p><b data-stringify-type=\"bold\">La Nouvelle R\u00e9publique [INTERVIEW]<\/b><\/p>\n<p>Cl\u00e9mence Coulange a \u00e9t\u00e9 s\u00e9lectionn\u00e9e pour devenir jeune Ambassadrice de l\u2019ONG ONE : \u201c<em>ONE est une organisation de campagne et de plaidoyer, qui ne demande pas de dons, souligne-t-elle. Mon objectif, c\u2019est de rencontrer des personnalit\u00e9s politiques et de les pousser \u00e0 agir<\/em>.\u201d <a href=\"https:\/\/www.lanouvellerepublique.fr\/tours\/tours-une-tourangelle-ambassadrice-de-l-ong-one\">(22 avril 2023)<\/a><\/p>\n<p><b data-stringify-type=\"bold\">La Marne [INTERVIEW]<\/b><\/p>\n<p>Eunice Baraka Fura a 21 ans. Elle est devenue cette ann\u00e9e jeune Ambassadrice de ONE !\u00a0 <a href=\"https:\/\/actu.fr\/ile-de-france\/magny-le-hongre_77268\/seine-et-marne-a-21-ans-elle-sengage-pour-lutter-contre-lextreme-pauvrete_59043864.html\">(18 avril 2023)<\/a><\/p>\n<p><strong>Le Monde [TRIBUNE]<\/strong><\/p>\n<p>Dans cette tribune collective, cinq organisations luttant contre la corruption et le blanchiment de capitaux, parmi lesquelles ONE, appellent \u00e0 un acc\u00e8s public et gratuit aux registres identifiant les b\u00e9n\u00e9ficiaires effectifs des soci\u00e9t\u00e9s, ou a minima pour la presse ainsi que les organisations de la soci\u00e9t\u00e9 civile. D\u00e9fendre la transparence financi\u00e8re ne vise pas uniquement \u00e0 lutter contre la fraude fiscale et juridique mais aussi \u00e0 garantir la transparence de l\u2019information, pierre angulaire de nos d\u00e9mocraties.\u00a0 <a href=\"https:\/\/www.lemonde.fr\/idees\/article\/2023\/04\/18\/evasion-fiscale-l-union-europeenne-doit-faire-le-choix-de-la-transparence-financiere-car-il-n-y-a-pas-de-democratie-sans-transparence_6170030_3232.html\">(18 avril 2023)<\/a><\/p>\n<p><b data-stringify-type=\"bold\">Actu Orl\u00e9ans [INTERVIEW]<\/b><\/p>\n<p>Jeune Ambassadrice de ONE \u00e0 Orl\u00e9ans, Juline Guyot t\u00e9moigne. Les 22 et 23 juin 2023, un sommet sur le \u00ab nouveau pacte financier mondial \u00bb se tiendra \u00e0 Paris. L\u2019ONG ONE se mobilise pour un \u00ab budget d\u2019aide publique au d\u00e9veloppement plus ambitieux, \u00e0 la hauteur de l\u2019urgence et des d\u00e9fis mondiaux \u00bb.\u00a0 <a href=\"https:\/\/actu.fr\/centre-val-de-loire\/orleans_45234\/ambassadrice-de-one-a-orleans-juline-veut-lutter-contre-la-pauvrete-mondiale_59005706.html\">(18 avril 2023)<\/a><\/p>\n<p><b data-stringify-type=\"bold\">\u00a0L\u2019Orient-Le Jour [ARTICLE]<\/b><\/p>\n<p>Reprise, dans une d\u00e9p\u00eache de l\u2019AFD, de la r\u00e9action de ONE aux nouveaux chiffres de l\u2019aide publique au d\u00e9veloppement (APD) pour 2022 publi\u00e9s par l\u2019OCDE. L\u2019 APD mondiale a augment\u00e9 de 13,6%. Cette croissance est principalement due \u00e0 l\u2019augmentation des co\u00fbts d\u2019accueil des personnes r\u00e9fugi\u00e9es, notamment venant d\u2019Ukraine, sur les territoires des pays donateurs.<a href=\"https:\/\/www.lorientlejour.com\/article\/1334555\/laide-publique-au-developpement-a-atteint-un-record-en-2022-a-204-milliards-de-dollars.html\">(12 avril 2023)<\/a><\/p>\n<p><strong>L\u2019Obs [TRIBUNE]<\/strong><\/p>\n<p>Najat Vallaud-Belkacem r\u00e9agit \u00e0 la suspension de France 24 au Burkina Faso et celle de RFI au Mali, et alerte sur les dangers de la guerre informationnelle actuellement \u00e0 l\u2019\u0153uvre sur le continent africain.\u00a0 <a href=\"https:\/\/www.nouvelobs.com\/opinions\/20230411.OBS72030\/solidarite-internationale-le-poison-lent-de-la-desinformation-par-najat-vallaud-belkacem.html\">(11 avril 2023)<\/a><\/p>\n<p><b data-stringify-type=\"bold\">\u00a0La Croix[TRIBUNE]<\/b><\/p>\n<p>Onze organisations, parmi lesquelles ONE, alertent sur les cons\u00e9quences dramatiques du changement climatique au Sahel et dans la Corne de l\u2019Afrique, notamment en termes de s\u00e9curit\u00e9 alimentaire. <a href=\"https:\/\/www.la-croix.com\/Debats\/Au-Sahel-Corne-lAfrique-changement-climatique-tue-deja-2023-04-07-1201262543\">(07 avril 2023)<\/a><\/p>\n<p><b data-stringify-type=\"bold\">Le Club de Mediapart [LETTRE OUVERTE]<\/b><\/p>\n<p>Alors que le 7 avril marquait la Journ\u00e9e mondiale de la sant\u00e9, ONE s\u2019est jointe \u00e0 d\u2019autres ONG pour appeler le pr\u00e9sident Emmanuel Macron \u00e0 augmenter la part de l\u2019aide publique au d\u00e9veloppement destin\u00e9e au secteur de la sant\u00e9. <a href=\"https:\/\/blogs.mediapart.fr\/action-sante-mondiale\/blog\/070423\/lettre-ouverte-au-president-emmanuel-macron-pour-la-journee-mondiale-de-la-sante\">\u00a0(07 avril 2023)<\/a><\/p>\n<p><strong>L\u2019Union #Ta news [INTERVIEW]<\/strong><\/p>\n<p>Romane Mika, jeune Ambassadrice de ONE, depuis 6 ans nous livre son t\u00e9moignage : \u201cCette exp\u00e9rience m\u2019apporte personnellement \u00e9norm\u00e9ment au quotidien, que ce soit dans ma prise de parole, dans ma fa\u00e7on de r\u00e9diger ou encore les diff\u00e9rentes rencontres que j\u2019ai pu faire\u201d.\u00a0 <a href=\"https:\/\/www.lunion.fr\/id472066\/article\/2023-04-06\/une-remoise-engagee-avec-long-one-contre-les-inegalites-mondiales\">(06 avril 2023)<\/a><\/p>\n<p><b data-stringify-type=\"bold\">AEF Info [INTERVIEW]<\/b><\/p>\n<p>Najat Vallaud-Belkacem, directrice de ONE France, revient sur le r\u00f4le et les attentes de ONE pour le sommet du 22 et 23 juin sur le nouveau pacte financier Nord-Sud, qui \u201cest l\u2019occasion de s\u2019engager une fois pour toutes\u201d en faveur de la taxe sur les transactions financi\u00e8res (TTF).\u00a0 <a href=\"https:\/\/www.aefinfo.fr\/depeche\/690058\">(04 avril 2023)<\/a><\/p>\n<p><b data-stringify-type=\"bold\">Le T\u00e9l\u00e9gramme [INTERVIEW]<\/b><\/p>\n<p>Rencontre avec M\u00e9lissa Borrallo, devenue jeune Ambassadrice de ONE : \u201cEn tant que jeunes ambassadeurs, nous allons directement \u00e0 la rencontre d\u2019\u00e9lus politiques pour les convaincre d\u2019agir en faveur de la lutte contre l\u2019extr\u00eame pauvret\u00e9. Nous leur demandons de mettre ces probl\u00e9matiques \u00e0 leur agenda et de d\u00e9bloquer des financements. Nous menons aussi des campagnes, avec comme but de sensibiliser le grand public.\u201d <a href=\"https:\/\/www.letelegramme.fr\/finistere\/concarneau\/contre-l-extreme-pauvrete-la-concarnoise-melissa-borrallo-s-engage-29-03-2023-13307003.php\">\u00a0(29 mars 2023)<\/a><\/p>\n<p><b data-stringify-type=\"bold\">Ouest-France [INTERVIEW]<\/b><\/p>\n<p>Laila Djafarou est jeune Ambassadrice de l\u2019ONG ONE qui lutte contre les in\u00e9galit\u00e9s mondiales et l\u2019extr\u00eame pauvret\u00e9. Elle revient sur son parcours et ses missions. <a href=\"https:\/\/www.ouest-france.fr\/normandie\/caen-14000\/entretien-originaire-de-caen-laila-djafarou-est-ambassadrice-de-one-long-du-chanteur-bono-8ff5c8e8-c4ce-11ed-93d7-4c4cd65beb9c\">\u00a0(27 mars 2023)<\/a><\/p>\n<p><b data-stringify-type=\"bold\">Le Dauphin\u00e9 Lib\u00e9r\u00e9 [INTERVIEW]<\/b><\/p>\n<p>Pendant un an, en tant que jeunes Ambassadeurs et Ambassadrices de ONE, Justine, Chaimaa, Ana\u00efs et Quentin se font les porte-paroles de l\u2019action de l\u2019ONG qui lutte contre l\u2019extr\u00eame pauvret\u00e9. Quentin nous en parle : \u00ab Nous sommes \u00e0 un moment charni\u00e8re et il est temps d\u2019agir contre les in\u00e9galit\u00e9s \u00bb. <a href=\"https:\/\/www.ledauphine.com\/social\/2023\/03\/25\/isere-quatre-grenoblois-deviennent-porte-paroles-de-la-lutte-contre-l-extreme-pauvrete\">\u00a0(26 mars 2023)<\/a><\/p>\n<p><b data-stringify-type=\"bold\">Lib\u00e9ration [TRIBUNE]<\/b><\/p>\n<p>Dans le contexte de la r\u00e9forme des retraites en France, Najat Vallaud-Belkacem, directrice de ONE France, interpelle sur les conditions des travailleurs et travailleuses \u00e9tranger.\u00e8re.s, sans qui de nombreux secteurs essentiels de notre \u00e9conomie ne pourraient fonctionner correctement. Pourtant, ces personnes restent des victimes oubli\u00e9es de la r\u00e9forme. <a href=\"https:\/\/www.liberation.fr\/idees-et-debats\/tribunes\/travailleurs-etrangers-les-grands-oublies-de-la-reforme-des-retraites-par-najat-vallaud-belkacem-20230324_JYBUUNRXTFF7LGS2Q36ZVX3VGA\/\">\u00a0(24 mars 2023)<\/a><\/p>\n<p><b data-stringify-type=\"bold\">Jeune Afrique [TRIBUNE]<\/b><\/p>\n<p>Alors que le pr\u00e9sident Emmanuel Macron a achev\u00e9 son 18\u00e8me s\u00e9jour en Afrique, Najat-Vallaud Belkacem, directrice France de ONE, et Serah Makka, directrice Afrique de ONE, insistent sur la n\u00e9cessit\u00e9 d\u2019un meilleur partenariat Afrique-France, une relation d\u2019\u00e9gal \u00e0 \u00e9gal, qui doit notamment passer par l\u2019int\u00e9gration de l\u2019Union Africaine au G20.\u00a0 <a href=\"https:\/\/www.jeuneafrique.com\/1425839\/politique\/plaidoyer-pour-un-meilleur-partenariat-afrique-france\/\">(10 mars 2023)<\/a><\/p>\n<p><b data-stringify-type=\"bold\">La R\u00e9publique de Seine-et-Marne [INTERVIEW]<\/b><\/p>\n<p>Yacine Belhadi, 29 ans, est jeune Ambassadeur de ONE et va repr\u00e9senter l\u2019ONG pour lutter contre les in\u00e9galit\u00e9s et la pauvret\u00e9.\u00a0 <a href=\"https:\/\/cdn.one.org\/fr\/wp-content\/uploads\/2021\/12\/29121221\/Untitled-design-640x640.png\">(20 mars 2023)<\/a><\/p>\n<p><strong>L\u2019Obs [TRIBUNE]<\/strong><\/p>\n<p>Face au constat que le ch\u00f4mage supplante d\u00e9sormais l\u2019adh\u00e9sion \u00e0 une id\u00e9ologie religieuse comme principal moteur de l\u2019extr\u00e9misme violent, Najat Vallaud-Belkacem, directrice France de ONE, appelle \u00e0 lever les freins structurels \u00e0 la cr\u00e9ation d\u2019emplois d\u00e9cents sur le continent africain.<a href=\"https:\/\/www.nouvelobs.com\/opinions\/20230222.OBS69886\/le-sous-emploi-chronique-de-certaines-regions-du-monde-menace-notre-paix-et-securite.html\">\u00a0(22 f\u00e9vrier 2023)<\/a><\/p>\n<p><strong>\u00a0L\u2019Express [TRIBUNE]<\/strong><\/p>\n<p>Face au constat du manque criant de financement pour atteindre les Objectifs de d\u00e9veloppement durable, Najat Vallaud-Belkacem, directrice France de ONE, appelle \u00e0 une r\u00e9forme en profondeur des r\u00e8gles du jeu des banques multilat\u00e9rales de d\u00e9veloppement qui pourraient pr\u00eater jusqu\u2019\u00e0 1 000 milliards de dollars suppl\u00e9mentaires si elles utilisaient leur capital plus efficacement.<a href=\"https:\/\/www.lexpress.fr\/idees-et-debats\/najat-vallaud-belkacem-les-1000-milliards-de-dollars-pour-le-developpement-sont-a-portee-de-la-main-Z7X2CJHHBZG7FAL27OAWSSNNTY\/\"> (29 janvier 2023)<\/a><\/p>\n<p><strong>\u00a0Informelles [INTERVIEW]<\/strong><\/p>\n<p>Najat Vallaud-Belkacem, directrice France de ONE, revient sur son parcours de femme en politique et son engagement contre l\u2019extr\u00eame pauvret\u00e9 ; l\u2019occasion d\u2019\u00e9voquer la question du Fonds pour les pertes et dommages subis par les pays en d\u00e9veloppement les plus vuln\u00e9rables au r\u00e9chauffement climatique. <a href=\"https:\/\/www.informelles.media\/najat-vallaud-belkacem-8-questions-a-la-femme-politique-dg-ong-one\/\">(13 janvier 2023)<\/a><\/p>\n<p><strong>Le Grand Continent <\/strong><\/p>\n<p><strong>[TRIBUNE]<\/strong><\/p>\n<p>Suite \u00e0 la r\u00e9cente d\u00e9cision de la Cour de justice de l\u2019UE d\u2019invalider la mesure permettant la libre consultation par les citoyens europ\u00e9ens des b\u00e9n\u00e9ficiaires effectifs des entreprises cr\u00e9\u00e9es au sein de l\u2019Union, Najat Vallaud-Belkacem souligne l\u2019importance que rev\u00eat pourtant cette mesure de bon sens, en en pr\u00e9sentant d\u2019autres \u00e0 m\u00eame de mieux lutter contre l\u2019\u00e9vasion fiscale et le blanchiment d\u2019argent. <a href=\"https:\/\/legrandcontinent.eu\/fr\/2022\/12\/08\/proteger-la-democratie-contre-lopacite-financiere\/\">(8 d\u00e9cembre 2022)<\/a><\/p>\n<p><strong>\u00a0L\u2019Obs [TRIBUNE]<\/strong><\/p>\n<p>A l\u2019occasion de l\u2019examen du projet de constitutionnalisation de l\u2019IVG \u00e0 l\u2019Assembl\u00e9e Nationale, Najat Vallaud-Belkacem, directrice de ONE France, fait le point sur les diff\u00e9rentes menaces qui plane sur le droit \u00e0 l\u2019avortement dans le monde. <a href=\"https:\/\/www.nouvelobs.com\/opinions\/20221123.OBS66264\/najat-vallaud-belkacem-une-femme-meurt-toutes-les-neuf-minutes-d-un-avortement-non-securise.html\">(23 novembre 2022)<\/a><\/p>\n<p><strong>Agence Ivoirienne de Presse [ARTICLE]<\/strong><\/p>\n<p>L\u2019Agence Ivoirienne de Presse relaie notre plaidoyer pour des politiques industrielles qui stimulent les investissements dans les secteurs comp\u00e9titifs ainsi que pour des droits de douanes all\u00e9g\u00e9s, afin de stimuler les importations de mat\u00e9riels industriels.\u00a0 <a href=\"https:\/\/www.aip.ci\/cote-divoire-aip-long-one-campaign-plaide-pour-des-actions-politiques-dans-lexploitation-du-potentiel-des-jeunes-en-afrique\/\">(23 novembre 2022)<\/a><\/p>\n<p><strong>Le Club de Mediapart [TRIBUNE]<\/strong><\/p>\n<p>Neuf associations, parmi lesquelles ONE, soulignent l\u2019\u00e9cart criant entre les ambitions qu\u2019a affich\u00e9 fi\u00e8rement Emmanuel Macron durant la crise du Covid-19 et le niveau des investissements fran\u00e7ais dans la sant\u00e9 mondiale.\u00a0 <a href=\"https:\/\/blogs.mediapart.fr\/action-sante-mondiale\/blog\/171122\/la-france-grille-la-priorite-la-sante-mondiale\">(17 novembre 2022)<\/a><\/p>\n<p><strong>Euractiv [INTERVIEW]<\/strong><br \/>\nGayle Smith, Pr\u00e9sidente Directrice G\u00e9n\u00e9rale de ONE, revient sur les d\u00e9fis que le monde connait et les menaces qui p\u00e8sent toujours en mati\u00e8re de sant\u00e9 mondiale, r\u00e9chauffement climatique, crise \u00e9conomique. <a href=\"https:\/\/www.euractiv.fr\/section\/affaires-publiques\/news\/cest-un-moment-tres-difficile-pour-les-gouvernements-europeens-selon-gayle-smith\/\">(16 novembre 2022)<\/a><\/p>\n<hr \/>\n<p><strong>L\u2019Obs [TRIBUNE]<\/strong><br \/>\nNajat Vallaud-Belkacem, Directrice France de ONE, met un coup de projecteur sur les pratiques nocives de grandes multinationales implant\u00e9es en Afrique et sur leurs cons\u00e9quences sur les populations du continent.\u00a0 <a href=\"https:\/\/www.nouvelobs.com\/opinions\/20221112.OBS65818\/boyard-hanouna-derriere-la-polemique-le-debat-confisque.html\">(13 novembre 2022)<\/a><\/p>\n<hr \/>\n<p><strong>\u00a0Le Grand Continent [INTERVIEW]<\/strong><br \/>\nGayle Smith parle de la guerre en Ukraine et de son impact sur les in\u00e9galit\u00e9s mondiales.<a href=\"https:\/\/legrandcontinent.eu\/fr\/2022\/10\/24\/il-faudra-shabituer-a-gerer-plusieurs-crises-a-la-fois-une-conversation-avec-gayle-smith\/\">\u00a0(24 octobre 2022)<\/a><\/p>\n<hr \/>\n<p><strong>L\u2019Union [INTERVIEW]<\/strong><br \/>\nRomane Mika et David Indahy se battent contre l\u2019extr\u00eame pauvret\u00e9, en tant que jeunes Ambassadeurs de ONE.\u00a0 <a href=\"https:\/\/www.lunion.fr\/id419263\/article\/2022-10-20\/reims-ils-sont-jeunes-et-combattent-contre-lextreme-pauvrete-dans-le-monde\">(23 octobre 2022)<\/a><\/p>\n<hr \/>\n<p><strong>Jeune Afrique [INTERVIEW]<\/strong><br \/>\nGayle Smith \u00e9voque la convergence des crises et son impact sur le continent africain. Jeune Afrique<a href=\"https:\/\/www.jeuneafrique.com\/1384612\/politique\/gayle-smith-en-afrique-les-etats-unis-nont-pas-pour-seul-objectif-de-contrer-la-chine-et-la-russie\/\"> (22 octobre 2022)<\/a><\/p>\n<hr \/>\n<p><strong>La Marne [INTERVIEW]<\/strong><br \/>\nCassandra Kedi parle de son engagement au sein de ONE et des missions qu\u2019elle a pu exercer. (<a href=\"https:\/\/actu.fr\/ile-de-france\/mitry-mory_77294\/mitr-mory-elle-raconte-ses-missions-de-jeune-ambassadricede-long-one_54698513.html\">20 octobre 2022)<\/a><\/p>\n<hr \/>\n<p><strong>Ouest France [INTERVIEW]<\/strong><br \/>\nMathilde Naud \u00e9voque son parcours et son engagement en tant que jeune Ambassadrice au sein de ONE.\u00a0 <a href=\"https:\/\/www.ouest-france.fr\/bretagne\/rennes-35000\/rennes-mathilde-va-devenir-ambassadrice-de-one-l-organisation-du-chanteur-bono-a6c837fc-40c3-11ed-89be-3116781a5058#:~:text=Rennes.-,Mathilde%20va%20devenir%20ambassadrice%20de%20One%2C%20l%27organisation%20du%20chanteur,du%20chanteur%20de%20U2%2C%20Bono.\">(17 octobre 2022)<\/a><\/p>\n<hr \/>\n<p><strong>L\u2019Obs [TRIBUNE]<\/strong><br \/>\nNajat Vallaud-Belkacem revient sur les derniers chiffres de l\u2019extr\u00eame pauvret\u00e9 publi\u00e9s par la Banque mondiale et ses cons\u00e9quences sur les populations vuln\u00e9rables.\u00a0 <a href=\"https:\/\/www.nouvelobs.com\/tribunes\/20221014.OBS64594\/najat-vallaud-belkacem-pres-d-une-personne-sur-10-dans-le-monde-survit-avec-moins-de-2-15-dollars-par-jour.html\">(14 octobre 2022)<\/a><\/p>\n<hr \/>\n<p><strong>\u00a0Causette [TRIBUNE]<\/strong><br \/>\nNajat Vallaud-Belkacem, Directrice France de ONE, plaide avec plus de 100 personnalit\u00e9s pour une vraie journ\u00e9e de mobilisation pour les droits des filles.<a href=\"https:\/\/www.causette.fr\/feminismes\/combats\/tribune-plus-de-100-personnalites-reclament-une-vraie-journee-de-mobilisation-pour-les-droits-des-filles-10-ans-apres-sa-creation\">(10 octobre 2022)<\/a><\/p>\n<hr \/>\n<p><strong>Guyane Premi\u00e8re [INTERVIEW]<\/strong><br \/>\nArnaud Bordes, jeune Ambassadeur de ONE, \u00e9voque sa rencontre avec le d\u00e9put\u00e9 de sa circonscription pour \u00e9changer au sujet d\u2019augmentation de la loi sur l\u2019aide publique au d\u00e9veloppement.\u00a0 <a href=\"https:\/\/la1ere.francetvinfo.fr\/guyane\/ambassadeur-de-l-ong-one-le-guyanais-arnaud-bordes-poursuit-ses-actions-de-levee-de-fonds-en-faveur-des-pays-desherites-1327556.html\">(4 octobre 2022)<\/a><\/p>\n<hr \/>\n<p><strong>Le Monde [ARTICLE]<\/strong><br \/>\nONE s\u2019exprime sur le vote du budget 2023 qui concerne l\u2019aide publique au d\u00e9veloppement, en lien avec la crise ukrainienne et les probl\u00e9matiques qu\u2019elle soul\u00e8ve. <a href=\"https:\/\/www.lemonde.fr\/economie\/article\/2022\/09\/30\/avec-la-multiplication-des-crises-humanitaires-l-aide-internationale-fait-face-a-des-besoins-immenses_6143807_3234.html\">\u00a0(30 septembre 2022)<\/a><\/p>\n<hr \/>\n<p><strong>Desk Eco [ARTICLE]<\/strong><br \/>\nGayle Smith, Pr\u00e9sidente de ONE, est intervenue lors du Forum Public 2022 de l\u2019Organisation mondiale du Commerce \u00e0 Gen\u00e8ve, le 28 septembre 2022.\u00a0 <a href=\"https:\/\/www.deskeco.com\/2022\/09\/29\/forum-public-2022-de-lomc-des-experts-encouragent-lutilisation-de-la-technologie-pour-favoriser-une\">\u00a0(29 septembre 2022)<\/a><\/p>\n<hr \/>\n<p><strong>Euractiv [ARTICLE]<\/strong><br \/>\nONE r\u00e9agit \u00e0 la contribution fran\u00e7aise lors de la 7\u00e8me reconstitution du Fonds mondial contre le sida, la tuberculose et le paludisme, qui s\u2019est d\u00e9roul\u00e9 \u00e0 New York le 21 septembre. <a href=\"https:\/\/www.euractiv.fr\/section\/sante-modes-de-vie\/news\/lue-alloue-la-somme-record-de-715-millions-deuros-a-la-lutte-contre-le-sida-la-tuberculose-et-le-paludisme\/\">(22 septembre 2022)<\/a><\/p>\n<hr \/>\n<p><strong>Euractiv [INTERVIEW]<\/strong><br \/>\nNajat Vallaud-Belkacem s\u2019exprime sur la n\u00e9cessit\u00e9 d\u2019une augmentation de la contribution de la France, en amont du Fonds mondial et insiste sur le lien entre lutte contre les maladies \u00e9vitables et extr\u00eame pauvret\u00e9. <a href=\"https:\/\/www.euractiv.fr\/section\/sante-modes-de-vie\/interview\/taxer-les-ultra-riches-pour-financer-la-sante-mondiale-selon-najat-vallaud-belkacem\/\">(21 septembre 2022)<\/a><\/p>\n<hr \/>\n<p><strong>L\u2019Obs [TRIBUNE]<\/strong><br \/>\nNajat Vallaud-Belkacem pointe les difficult\u00e9s rencontr\u00e9es par les pays les plus vuln\u00e9rables, \u00e0 l\u2019heure o\u00f9 le dernier rapport du PNUD montre un net recul du niveau de vie mondial.<a href=\"https:\/\/www.nouvelobs.com\/monde\/20220916.OBS63276\/najat-vallaud-belkacem-alerte-le-niveau-de-vie-mondial-recule-pour-le-premiere-fois-depuis-trente-ans.html\">\u00a0(16 septembre 2022)<\/a><\/p>\n<hr \/>\n<p><strong>Influencia [ARTICLE]<\/strong><br \/>\nInfluencia pr\u00e9sente la nouvelle campagne de communication de ONE, interpellant le gouvernement fran\u00e7ais \u00e0 quelques jours de la 7\u00e8me reconstitution du Fonds mondial contre le sida, la tuberculose et le paludisme. <a href=\"https:\/\/www.influencia.net\/il-ne-manque-quune-signature-pour-sauver-20-millions-de-vies-celle-de-la-france\/\">(14 septembre 2022)<\/a><\/p>\n<hr \/>\n<p><strong>CB News [ARTICLE]<\/strong><br \/>\nAlors que le Fonds mondial de lutte contre le sida, la tuberculose et le paludisme organise sa septi\u00e8me reconstitution, ONE exhorte la France \u00e0 augmenter sa participation financi\u00e8re de 30% pour faire face \u00e0 ces trois maladies mortelles.\u00a0 <a href=\"https:\/\/www.cbnews.fr\/marques\/image-juste-signature-one-avec-ok-c-est-cool-71357\">(14 septembre 2022)<\/a><\/p>\n<hr \/>\n<p><strong>Strat\u00e9gies [ARTICLE]<\/strong><br \/>\nONE interpelle le Pr\u00e9sident Macron par une nouvelle vid\u00e9o choc sur les ravages caus\u00e9s par le VIH, la tuberculose et le paludisme au sein des pays les plus vuln\u00e9rables. <a href=\"https:\/\/www.strategies.fr\/creations\/campagnes\/LQ934108C\/ok-c-est-cool-pour-l-ong-one-il-ne-manque-quune-signature-pour-sauver-20-millions-de-vies-septembre-2022.html\">(14 septembre 2022)<\/a><\/p>\n<p><strong>\u00a0J\u2019AI UN POTE DANS LA COM [ARTICLE]<\/strong><br \/>\nPour sensibiliser le grand public \u00e0 la n\u00e9cessit\u00e9 d\u2019augmenter la contribution financi\u00e8re de la France \u00e0 la reconstitution du Fonds mondial, ONE a projet\u00e9 un court film dans les rues de Paris.<a href=\"https:\/\/jai-un-pote-dans-la.com\/ong-one-projette-murs-parisiens-campagne-sensibilisation\/\">(13 septembre 2022)<\/a><\/p>\n<hr \/>\n<p><strong>Causette [INTERVIEW]<\/strong><br \/>\nNajat Vallaud-Belkacem revient sur les in\u00e9galit\u00e9s qui touchent toujours les communaut\u00e9s les plus vuln\u00e9rables, partout dans le monde. (<a href=\"https:\/\/www.causette.fr\/feminismes\/combats\/najat-vallaud-belkacem-les-inegalites-de-genre-amputent-le-pib-mondial-de-15\">14 septembre 2022)<\/a><\/p>\n<hr \/>\n<p><strong>L\u2019OBS [TRIBUNE]<\/strong><br \/>\nAlors que le Fonds mondial de lutte contre le sida, la tuberculose et le paludisme organise sa septi\u00e8me reconstitution, Najat Vallaud-Belkacem encourage les pays les plus riches, dont la France, contributrice historique, \u00e0 augmenter leur participation financi\u00e8re de 30%.<a href=\"https:\/\/www.nouvelobs.com\/opinions\/20220906.OBS62814\/najat-vallaud-belkacem-l-avenir-de-la-lutte-contre-le-sida-se-joue-le-19-septembre.html?utm_term=Autofeed&amp;utm_medium=Social&amp;utm_source=Twitter#Echobox=1662453455\">\u00a0(6 septembre2022)<\/a><\/p>\n<hr \/>\n<p><strong>50-50 Magazine [INTERVIEW]<\/strong><br \/>\nNajat Vallaud-Belkacem explique les raisons d\u2019une in\u00e9galit\u00e9 de genre au sein des populations touch\u00e9es par l\u2019extr\u00eame pauvret\u00e9.\u00a0 <a href=\"https:\/\/www.50-50magazine.fr\/2022\/08\/01\/najat-vallaud-belkacem-la-pauvrete-est-sexiste-2\/\">(1er ao\u00fbt 2022)<\/a><\/p>\n<hr \/>\n<p><strong>Le JDD [TRIBUNE]<\/strong><br \/>\nAvant la 7\u00e8me reconstitution pour le Fonds mondial, de nombreuses personnalit\u00e9s appellent la France \u00e0 contribuer \u00e0 sa juste part. <a href=\"https:\/\/www.lejdd.fr\/Societe\/il-est-urgent-dagir-contre-le-vihsida-la-tuberculose-et-le-paludisme-lappel-de-pres-de-200-personnalites-4123601\">\u00a0(18 juillet 2022)<\/a><\/p>\n<hr \/>\n<p><strong>L\u2019OBS [TRIBUNE]<\/strong><br \/>\nAlors que la France fait face \u00e0 une vague de chaleur sans pr\u00e9c\u00e9dent qui se traduit par de nombreux feux, l\u2019Europe doit s\u2019affranchir des anciens textes, tel le Trait\u00e9 sur la charte de l\u2019\u00e9nergie afin de mettre en place de r\u00e9elles politiques climatiques. <a href=\"https:\/\/www.nouvelobs.com\/tribunes\/20220718.OBS61056\/ce-traite-qui-empeche-nos-etats-de-mener-le-combat-contre-le-changement-climatique.html\">(18 juillet 2022)<\/a><\/p>\n<hr \/>\n<p><strong>L\u2019OBS [TRIBUNE]<\/strong><br \/>\nFace \u00e0 une esp\u00e9rance de vie mondiale qui r\u00e9gresse pour la premi\u00e8re fois, Najat Vallaud-Belkacem alerte les dirigeants du G7 qui se r\u00e9unissent le 26 juin en Allemagne. <a href=\"https:\/\/www.nouvelobs.com\/opinions\/20220624.OBS60109\/najat-vallaud-belkacem-pour-la-premiere-fois-l-esperance-de-vie-mondiale-diminue-le-g7-doit-agir.html\">(24 juin 2022)<\/a><\/p>\n<hr \/>\n<p><strong>Marianne [TRIBUNE]<\/strong><br \/>\nLes jeunes Ambassadeurs et Ambassadrices de ONE en France soulignent la nomination de la secr\u00e9taire d\u2019\u00c9tat charg\u00e9e du d\u00e9veloppement de la francophonie et des partenariats internationaux, et rappelent la n\u00e9cessit\u00e9 pour le gouvernement d\u2019agir comme v\u00e9ritable partenaire du continent africain. <a href=\"https:\/\/www.marianne.net\/agora\/tribunes-libres\/la-france-doit-sengager-en-faveur-de-lafrique-pour-laider-a-affronter-les-defis-qui-lattendent\">(16 juin 2022)<\/a><\/p>\n<hr \/>\n<p><strong>L\u2019OBS [TRIBUNE]<\/strong><br \/>\nAlors que la fin de la pr\u00e9sidence fran\u00e7aise de l\u2019Union Europ\u00e9enne approche, l\u2019objectif d\u2019allouer 100 milliards de Droits de tirage sp\u00e9ciaux (DTS) aux pays les plus pauvres n\u2019est toujours pas atteint. <a href=\"https:\/\/www.nouvelobs.com\/tribunes\/20220604.OBS59286\/najat-vallaud-belkacem-qu-est-devenue-l-aide-covid-a-l-afrique.html\">(4 juin 2022)<\/a><\/p>\n<hr \/>\n<p><strong>L\u2019OBS [TRIBUNE]<\/strong><br \/>\nA la veille du second tour de l\u2019\u00e9lection pr\u00e9sidentielle, Najat Vallaud-Belkacem souligne et d\u00e9crypte les conceptions et propositions lep\u00e9nistes, et ses potentielles cons\u00e9quences sur le pays et \u00e0 l\u2019international.<a href=\"https:\/\/www.nouvelobs.com\/tribunes\/20220419.OBS57336\/le-grand-renoncement-promis-par-marine-le-pen-par-najat-vallaud-belkacem.html\">\u00a0(19 avril 2022)<\/a><\/p>\n<hr \/>\n<p><strong>L\u2019OBS [TRIBUNE]<\/strong><\/p>\n<p>Deux ans apr\u00e8s le d\u00e9but de la pand\u00e9mie, Najat Vallaud-Belkacem rappelle que la lutte contre la pand\u00e9mie est loin d\u2019\u00eatre termin\u00e9e \u00e0 l\u2019\u00e9chelle mondiale, en d\u00e9pit de l\u2019assouplissement des restrictions actuel.<a href=\"https:\/\/www.nouvelobs.com\/tribunes\/20220408.OBS56829\/najat-vallaud-belkacem-la-lutte-contre-la-pandemie-est-loin-d-etre-finie.html\">(8 avril 2022)<\/a><\/p>\n<hr \/>\n<p><strong>Le Monde [TRIBUNE]<\/strong><br \/>\nNajat Vallaud-Belkacem r\u00e9agit \u00e0 la d\u00e9tresse des jeunes Afghanes, priv\u00e9es d\u2019\u00e9coles par les autorit\u00e9s talibanes le 23 mars 2022, en plaidant pour la fili\u00e8re des technologies \u00e9ducatives. <a href=\"https:\/\/www.lemonde.fr\/idees\/article\/2022\/04\/06\/najat-vallaud-belkacem-pour-un-droit-effectif-a-l-education-des-jeunes-afghans-mobilisons-la-filiere-des-technologies-educatives_6120842_3232.html\"> (6 avril 2022)<\/a><\/p>\n<hr \/>\n<p><strong>Lib\u00e9ration [TRIBUNE]<\/strong><\/p>\n<p class=\"article_link\">Les crises majeures qui s\u2019encha\u00eenent \u00e0 l\u2019\u00e9chelle globale depuis une d\u00e9cennie sont d\u2019une telle ampleur que le quotidien de chacun en a \u00e9t\u00e9 \u00e9branl\u00e9, et que notre perception de la r\u00e9alit\u00e9 en est aujourd\u2019hui profond\u00e9ment chang\u00e9e, tout comme notre compr\u00e9hension du monde, notre fa\u00e7on de voir l\u2019avenir. Najat Vallaud-Belkacem. <a href=\"https:\/\/www.liberation.fr\/forums\/europeens-encore-un-effort-pour-etre-terriens-20220318_6DNEXH3TABE2HL5LNPNDV4E4OY\/?redirected=1\">(18 mars 2022)<\/a><\/p>\n<hr \/>\n<p><strong>L\u2019Obs [TRIBUNE]<\/strong><\/p>\n<p>D\u00e9j\u00e0 fragilis\u00e9s depuis deux ans par la pand\u00e9mie dont ils ne sont toujours pas relev\u00e9s, et par les retards et les rat\u00e9s de la campagne mondiale de vaccination, les pays les plus vuln\u00e9rables, au premier rang desquels ceux d\u2019Afrique, vont en effet payer le prix fort de la guerre en Ukraine. Najat Vallaud-Belkacem. <a href=\"https:\/\/www.nouvelobs.com\/tribunes\/20220318.OBS55865\/najat-vallaud-belkacem-l-afrique-va-payer-le-prix-fort-de-la-guerre-en-ukraine.html#modal-msg\">(18 mars 2022)<\/a><\/p>\n<hr \/>\n<p><strong>La Voix du Nord [ARTICLE]<\/strong><br \/>\nManon Bendaoudia, 25 ans, jeune ambassadrice chez ONE, confie son engagement profond pour lutter contre la pauvret\u00e9 et les discriminations en tout genre.\u00a0 <a href=\"https:\/\/www.lavoixdunord.fr\/1151922\/article\/2022-03-13\/lille-manon-bendaoudia-militante-lilloise-contre-l-extreme-pauvrete\">(15 mars 2022)<\/a><\/p>\n<hr \/>\n<p><strong>Lib\u00e9ration [ARTICLE]<\/strong><\/p>\n<p>Quelles mesures pour mettre un terme \u00e0 l\u2019extr\u00eame pauvret\u00e9 ?L\u2019ONG ONE a tent\u00e9 d\u2019y r\u00e9pondre en lan\u00e7ant une convention citoyenne aupr\u00e8s de 24 000 personnes. <a href=\"https:\/\/www.liberation.fr\/forums\/mettre-fin-a-lextreme-pauvrete-les-citoyens-esquissent-des-solutions-20220311_WRCA5LCEKVBJLI3F733T5LVCCU\/\">(11 mars 2022)<\/a><\/p>\n<hr \/>\n<p><strong>L\u2019Obs [TRIBUNE]<\/strong><\/p>\n<p class=\"article-page__chapo\">Le retour de la guerre en Europe suscite naturellement la peur et donne le vertige. Elle conduit l\u00e9gitimement, comme lors de toute crise majeure, \u00e0 la solidarit\u00e9 et \u00e0 l\u2019unit\u00e9 nationale derri\u00e8re nos dirigeants. Difficile d\u00e8s lors d\u2019imaginer que l\u2019\u00e9lection pr\u00e9sidentielle qui structure notre vie d\u00e9mocratique aura lieu dans \u00e0 peine 30 jours. Najat Vallaud-Belkacem.<a href=\"https:\/\/www.nouvelobs.com\/tribunes\/20220307.OBS55386\/najat-vallaud-belkacem-ne-renoncons-pas-au-debat-democratique.html#\">\u00a0(7 mars 2022)<\/a><\/p>\n<hr \/>\n<p><strong>L\u2019Eclaireur de Ch\u00e2teaubriant [ARTICLE] <\/strong>Mathilde Naud a d\u00e9cid\u00e9 de s\u2019engager aupr\u00e8s de ONE afin d\u2019avoir un impact r\u00e9el et concret dans le monde et pour d\u00e9fendre un monde plus juste. <a href=\"https:\/\/actu.fr\/pays-de-la-loire\/chateaubriant_44036\/chateaubriant-mathilde-sengage-dans-la-lutte-contre-lextreme-pauvrete-dans-le-monde_49196963.html\"> (5 mars 2022).<\/a><\/p>\n<hr \/>\n<p><strong>Oxfam [ARTICLE]<\/strong><br \/>\nL\u2019ONG ONE, \u00e0 l\u2019aide d\u2019autres associations f\u00e9ministes, m\u00e8ne une \u00e9tude qui dresse un bilan bien maigre des mesures f\u00e9ministes adopt\u00e9es lors du quinquennat d\u2019Emmanuel Macron. <a href=\"https:\/\/www.oxfamfrance.org\/rapports\/egalite-femmes-hommes-grande-cause-petit-bilan\/\">(3 mars 2022)<\/a><\/p>\n<hr \/>\n<p><strong>Le Midi Libre [ARTICLE] <\/strong>Pour Ana\u00efs Ossombo, l\u2019\u00e9galit\u00e9 est une valeur et c\u2019est ce qui a conduit \u00e0 son engagement aupr\u00e8s de ONE, afin de viser un monde plus juste. Se souvenant de l\u2019action men\u00e9e par ONE \u00e0 l\u2019aube de la pr\u00e9sidentielle 2017, elle souhaite, \u00e0 son tour, parvenir \u00e0 convaincre les candidats et candidates \u00e0 l\u2019\u00e9lection 2022 de se tourner vers le sujet de la solidarit\u00e9 internationale.\u00a0 <a href=\"https:\/\/www.bienpublic.com\/social\/2022\/02\/25\/deux-dijonnais-s-engagent-dans-la-lutte-contre-l-extreme-pauvrete\">(28 f\u00e9vrier 2022).<\/a><\/p>\n<hr \/>\n<p><strong>France TV \u2013 Guyane 1 [ARTICLE] <\/strong>Arnaud Bordes est jeune Ambassadeur de l\u2019ONG ONE. Oppos\u00e9 au d\u00e9terminisme, il souhaite s\u2019engager pour que tout le monde, partout sur la plan\u00e8te, ait la possibilit\u00e9 d\u2019une vie digne, remplie de possibles. Lass\u00e9 de voir des populations vivre dans l\u2019extr\u00eame pauvret\u00e9, il veut obtenir des engagements concrets des candidats \u00e0 la pr\u00e9sidentielle fran\u00e7aise, afin de mettre fin \u00e0 cette tendance. <a href=\"https:\/\/la1ere.francetvinfo.fr\/guyane\/le-guyanais-arnaud-bordes-engage-contre-l-extreme-pauvrete-nomme-ambassadeur-jeune-pour-l-ong-one-1240825.html\">(25 f\u00e9vrier 2022).<\/a><\/p>\n<hr \/>\n<p><strong>Le Bien Public [ARTICLE] <\/strong>Guillaume Girault et Arnaud Bordes sont des \u201cGlobal Activists\u201d. Pendant un an, il porteront les valeurs et missions de ONE dans l\u2019espace public, politique et m\u00e9diatique pour sensibiliser les citoyens et leaders politiques aux in\u00e9galit\u00e9s mondiales, exacerb\u00e9es par la pand\u00e9mie et le changement climatique. (<a href=\"https:\/\/www.bienpublic.com\/social\/2022\/02\/25\/deux-dijonnais-s-engagent-dans-la-lutte-contre-l-extreme-pauvrete\">25 f\u00e9vrier 2022).<\/a><\/p>\n<hr \/>\n<p><strong>Ouest France [ARTICLE] <\/strong>Mathilde Naud, jeune Ambassadrice de ONE, se mobilise pour r\u00e9duire les in\u00e9galit\u00e9s mondiales, l\u2019acc\u00e8s in\u00e9quitable aux vaccins et l\u2019extr\u00eame pauvret\u00e9 dans le monde. Comment s\u2019y prend-elle? Via des campagnes de mobilisation citoyenne, des actions de sensibilisation sur les r\u00e9seaux sociaux, et des mails et des courriers adress\u00e9s aux acteurs politiques. <a href=\"https:\/\/www.ouest-france.fr\/pays-de-la-loire\/chateaubriant-44110\/chateaubriant-a-22-ans-elle-fait-campagne-contre-l-extreme-pauvrete-dans-le-monde-ea63d956-9558-11ec-a598-cbc0ff532848\">\u00a0(25 f\u00e9vrier 2022).<\/a><\/p>\n<hr \/>\n<p><strong>L\u2019Est R\u00e9publicain [ARTICLE] <\/strong>\u00c9lise Liotard, Arya Billon et Paula Druschke, sont des jeunes Ambassadrices de ONE. Fortement engag\u00e9es, les trois jeunes \u00e9tudiantes discutent de solidarit\u00e9 et coop\u00e9ration internationale avec le grand public et les d\u00e9cideurs politiques. Elles se battent pour garantir une vie d\u00e9cente aux plus d\u00e9munis.\u00a0 <a href=\"https:\/\/www.estrepublicain.fr\/education\/2022\/02\/22\/trois-etudiantes-deviennent-ambassadrices-de-l-ong-one\">(22 f\u00e9vrier 2022)<\/a>.<\/p>\n<hr \/>\n<p><strong>Ouest France [ARTICLE] <\/strong>Maylis Lepinette et Clara No\u00ebl-Hou\u00e9d\u00e9 font partie des 74 jeunes Ambassadeurs et Ambassadrices de ONE sur l\u2019ensemble du territoire national. Au cours de cette ann\u00e9e d\u2019\u00e9lections pr\u00e9sidentielles et l\u00e9gislatives, elles auront le r\u00f4le d\u2019influencer les candidats et futures acteurs politiques dans le but de r\u00e9duire l\u2019extr\u00eame pauvret\u00e9 dans le monde.\u00a0 <a href=\"https:\/\/www.ouest-france.fr\/bretagne\/saint-malo-35400\/saint-malo-clara-et-maylis-ambassadrices-contre-la-pauvrete-08af9a8e-90be-11ec-bcbd-1dcb07d3bd37\">(21 f\u00e9vrier 2022)<\/a><\/p>\n<hr \/>\n<p><strong>La Croix [ARTICLE] \u00ab <\/strong>La dette africaine est d\u00e9tenue pour un tiers par des acteurs publics, pour un tiers par des acteurs priv\u00e9s et pour un tiers par des banques publiques de d\u00e9veloppement. Les acteurs priv\u00e9s attendent souvent de fa\u00e7on cynique qu\u2019une part de la dette publique soit annul\u00e9e, de fa\u00e7on que les marges de man\u0153uvre budg\u00e9taires ainsi d\u00e9gag\u00e9es leur permettent d\u2019\u00eatre rembours\u00e9s \u00bb. Ma\u00e9 Kurkjian,\u00a0 <a href=\"https:\/\/www.la-croix.com\/Economie\/creanciers-prives-compliquent-reglement-dette-africaine-2022-02-18-1201201085\">(18 f\u00e9vrier 2022)<\/a>.<a href=\"https:\/\/www.la-croix.com\/Economie\/creanciers-prives-compliquent-reglement-dette-africaine-2022-02-18-1201201085\"><br \/>\n<\/a><\/p>\n<hr \/>\n<p><strong>Outremers 360\u00b0 [ARTICLE] <\/strong>Arnaud Bordes rejoint le programme \u00ab jeune Ambassadeur \u00bb de ONE afin de porter encore plus haut, encore plus fort les combats capitaux qui sont l\u2019extr\u00eame pauvret\u00e9 et la lutte contre les maladies \u00e9vitables dans les pays les plus pauvres. <a href=\"https:\/\/outremers360.com\/bassin-atlantique-appli\/le-guyanais-arnaud-bordes-devient-jeune-ambassadeur-de-one-organisation-cofondee-par-le-chanteur-bono-qui-lutte-contre-lextreme-pauvrete\">(18 f\u00e9vrier 2022<\/a>).<\/p>\n<hr \/>\n<p><strong>Euractiv [ARTICLE] <\/strong>L\u2019enjeu principal du sommet UE-UA sur le plan sanitaire est de poser les bases d\u2019une lutte efficace pour les futures crises sanitaires. \u00abTant que les pays africains ne pourront pas produire leurs propres vaccins, ils seront toujours \u00e0 la tra\u00eene. Or, ce continent ne devrait pas avoir \u00e0 d\u00e9pendre des autres pour sa propre s\u00e9curit\u00e9 sanitaire \u00bb. Najat Vallaud-Belkacem <a href=\"https:\/\/www.euractiv.fr\/section\/sante-modes-de-vie\/news\/sommet-ue-afrique-poser-les-bases-dune-lutte-efficace-pour-lapres-covid\/\">(17 f\u00e9vrier 2022).<\/a><\/p>\n<hr \/>\n<p><strong>France 24 [ARTICLE] <\/strong>ONE d\u00e9nonce le blocage de l\u2019UE sur la lev\u00e9e des brevets, y compris au sein de l\u2019OMC. \u00ab De nombreuses usines se trouvent en Europe. Nous d\u00e9fendons nos int\u00e9r\u00eats \u00e9conomiques et industriels. Ce qui est en train de se jouer, ce sont les int\u00e9r\u00eats \u00e9conomiques de pays du Nord contre l\u2019acc\u00e8s au soin de pays du Sud \u00bb, Ma\u00e9 Kurkjian, <a href=\"https:\/\/www.france24.com\/fr\/afrique\/20220217-lev%C3%A9e-des-brevets-sur-les-vaccins-anti-covid-la-question-qui-f%C3%A2che-au-sommet-ue-ua\">\u00a0(17 f\u00e9vrier 2022)<\/a><\/p>\n<hr \/>\n<p><strong>L\u2019Obs [TRIBUNE] <\/strong>L\u2019\u00e9go\u00efsme vaccinal de l\u2019Union europ\u00e9enne, qui malgr\u00e9 des taux de vaccination importants continue \u00e0 bloquer des mesures cl\u00e9s qui permettraient de faire progresser l\u2019\u00e9quit\u00e9 vaccinale, est \u00e0 ce titre apparu pour ce qu\u2019il est : irrationnel et injuste. Sans vaccination des populations des pays vuln\u00e9rables, nous ne pourrons freiner l\u2019apparition de nouveaux variants. Najat Vallaud-Belkacem, <a href=\"https:\/\/www.nouvelobs.com\/afrique\/20220217.OBS54627\/najat-vallaud-belkacem-l-europe-et-l-afrique-enfin-d-egal-a-egal.html\">(17 F\u00e9vrier 2022)<\/a><\/p>\n<hr \/>\n<p><strong>Jeune Afrique [LETTRE OUVERTE] <\/strong>Au lancement du sommet UE-UA, un collectif de jeunes activistes africains et europ\u00e9ens s\u2019adressent aux dirigeants des deux continents. Les d\u00e9fis auxquels nous faisons face sont mondiaux par nature. Qu\u2019il s\u2019agisse de la pand\u00e9mie de Covid-19, du d\u00e9r\u00e8glement climatique ou des in\u00e9galit\u00e9s mondiales, seul un leadership centr\u00e9 sur la coop\u00e9ration est en mesure d\u2019apporter les r\u00e9ponses n\u00e9cessaires.\u00a0\u00a0<a href=\"https:\/\/www.jeuneafrique.com\/1313551\/politique\/ua-ue-les-enjeux-sont-trop-grands-pour-avoir-le-droit-a-lerreur\/\">(16 f\u00e9vrier 2022).<\/a><\/p>\n<hr \/>\n<p><strong>La Croix [ARTICLE] <\/strong>\u00ab Le sommet UE-UA offre une opportunit\u00e9 unique de prendre des mesures concr\u00e8tes qui rapprochent l\u2019Afrique de l\u2019autosuffisance pour lutter contre le Covid-19 \u00bb. Edwin Ikhuoria, responsable de ONE.<a href=\"https:\/\/www.la-croix.com\/sommet-changer-donne-entre-Europe-Afrique-2022-02-17-1301200783\">\u00a0(17 f\u00e9vrier 2022)<\/a>.<\/p>\n<hr \/>\n<p><strong>France Bleu Bourgogne\u00a0 [ARTICLE] <\/strong>Guillaume Girault devient jeune Ambassadeur de ONE. Sensibiliser dirigeants politiques et citoyens sur des th\u00e9matiques telles que les in\u00e9galit\u00e9s mondiales ou le difficile acc\u00e8s \u00e0 la vaccination dans les pays pauvres. Voil\u00e0 un aper\u00e7u des missions du jeune militant. <a href=\"https:\/\/www.francebleu.fr\/vie-quotidienne\/bien-etre-sante\/j-ai-la-fibre-associative-a-24-ans-guillaume-girault-s-engage-contre-les-inegalites-mondiales-1644940910\">(16 f\u00e9vrier 2022)<\/a>.<\/p>\n<hr \/>\n<p><strong>Sud Ouest [ARTICLE] <\/strong>Flora Vanderplancke fait partie des 75 jeunes Ambassadeurs et Ambassadrices de ONE en France qui luttent contre l\u2019extr\u00eame pauvret\u00e9. En menant des campagnes de sensibilisation aux in\u00e9galit\u00e9s mondiales, et en faisant du plaidoyer aupr\u00e8s des dirigeants politiques, Flora se bat pour monde plus juste.\u00a0 <a href=\"https:\/\/www.sudouest.fr\/pyrenees-atlantiques\/bayonne\/saint-jean-de-luz-une-jeune-femme-ambassadrice-de-l-ong-one-8830224.php\">(14 f\u00e9vrier 2022)<\/a>.<\/p>\n<hr \/>\n<p><strong>Infos Dijon [ARTICLE]\u00a0 <\/strong>Guillaume Girault et Arnaud Bordes deviennent des jeunes Ambassadeurs de ONE. Pendant un an, ils iront \u00e0 la rencontre des citoyens, citoyennes et politiques pour les convaincre de s\u2019engager \u00e0 leurs c\u00f4t\u00e9s contre les in\u00e9galit\u00e9s dans les pays pauvres.\u00a0 <a href=\"https:\/\/www.infos-dijon.com\/news\/vie-locale\/vie-locale\/solidarite-deux-dijonnais-parmi-les-ambassadeurs-de-l-ong-one.html\">(12 f\u00e9vrier 2022)<\/a>.<\/p>\n<hr \/>\n<p><strong>l\u2019ADN [ARTICLE] <\/strong>La musique, la mode et l\u2019esth\u00e9tique des ann\u00e9es 1990 sont de nouveau populaires et deviennent incontournables sur les r\u00e9seaux sociaux et dans les d\u00e9fil\u00e9s. Mais ce ne sont pas les seuls \u00e9l\u00e9ments qui reviennent\u2026 Pour la premi\u00e8re fois depuis cette p\u00e9riode, l\u2019extr\u00eame pauvret\u00e9 augmente dans le monde. <a href=\"https:\/\/business.ladn.eu\/news-business\/actualites-annonceurs\/campagne-sensibilisation-ong-one-candidats-presidentielle\/\">(10 f\u00e9vrier 2022)<\/a>.<\/p>\n<hr \/>\n<p><strong>Ouest France [ARTICLE] <\/strong>Mathilde Naud, s\u2019engage aupr\u00e8s de ONE pour la deuxi\u00e8me ann\u00e9e cons\u00e9cutive. Elle est jeune Ambassadrice de ONE et porte-parole de la grande campagne de mobilisation citoyenne lanc\u00e9e \u00e0 l\u2019approche de l\u2019\u00e9lection pr\u00e9sidentielle.\u00a0 <a href=\"https:\/\/www.ouest-france.fr\/bretagne\/rennes-35000\/lutte-contre-la-pauvrete-une-rennaise-ambassadrice-du-mouvement-cree-par-bono-d49a56c2-89c3-11ec-9ae6-d592858b40f6\">(10 f\u00e9vrier 2022)<\/a>.<\/p>\n<hr \/>\n<p><strong>Gala [ARTICLE] <\/strong>Anne Hidalgo avec la casquette \u00e0 l\u2019envers. Christiane Taubira avec un bandeau rouge. Emmanuel Macron avec les cheveux d\u00e9color\u00e9s. Les ann\u00e9es 1990 ont inspir\u00e9 une dr\u00f4le de campagne destin\u00e9e \u00e0 influencer le programme politique des candidats \u00e0 l\u2019\u00e9lection pr\u00e9sidentielle. <a href=\"https:\/\/www.gala.fr\/l_actu\/news_de_stars\/photo-emmanuel-macron-marine-le-pen-relookes-a-la-mode-des-annees-90-cette-campagne-coup-de-poing_486897\">(10 f\u00e9vrier 2022)<\/a>.<\/p>\n<hr \/>\n<p><strong>Huffington Post [ARTICLE] <\/strong>Les ann\u00e9es 1990 reviennent \u00e0 la mode, mais pas que: l\u2019extr\u00eame pauvret\u00e9 augmente pour la 1\u00e8re fois depuis cette p\u00e9riode. ONE lance un appel pour que les candidats et candidates \u00e0 l\u2019\u00e9lection pr\u00e9sidentielle proposent des mesures concr\u00e8tes pour inverser cette tendance.\u00a0\u00a0<a href=\"https:\/\/www.huffingtonpost.fr\/entry\/macron-pecresse-le-pen-rhabilles-hit-machine-campagne-pauvrete_fr_6203e9c1e4b08357089b2e7f\">(10 f\u00e9vrier 2022)<\/a><\/p>\n<hr \/>\n<p><strong>Le JDD [ARTICLE] <\/strong>ONE lance une grande campagne de mobilisation citoyenne et de plaidoyer destin\u00e9e \u00e0 interpeller les candidats \u00e0 l\u2019\u00e9lection pr\u00e9sidentielle sur la hausse de l\u2019extr\u00eame pauvret\u00e9 et des in\u00e9galit\u00e9s dans le monde.\u00a0 \u00a0<a href=\"https:\/\/www.najat-vallaud-belkacem.com\/2022\/02\/09\/najat-vallaud-belkacem-le-role-de-la-france-dans-le-monde-nest-pas-assez-aborde-dans-cette-campagne-interview-dans-le-jdd\/\">(9 f\u00e9vrier 2022)<\/a><\/p>\n<hr \/>\n<p><strong>L\u2019Obs [TRIBUNE] <\/strong>L\u2019industrie textile et de l\u2019habillement est le symbole de notre inconscience, des d\u00e9rives de la mondialisation et des renoncements politiques. Notre mode de consommation acc\u00e9l\u00e8re le changement climatique et contribue \u00e0 l\u2019exploitation des pays pauvres. Il n\u2019est pas trop tard pour changer les r\u00e8gles du jeu. Najat Vallaud-Belkacem, <a href=\"https:\/\/www.nouvelobs.com\/opinions\/20220205.OBS54109\/najat-vallaud-belkacem-ce-que-nos-vetements-disent-vraiment-de-nous.html\">(5 f\u00e9vrier 2022)<\/a><\/p>\n<hr \/>\n<p><strong>L\u2019Obs [TRIBUNE] <\/strong>Alors que les \u00e9carts de patrimoine ne cessent de s\u2019accro\u00eetre, les candidats de droite et d\u2019extr\u00eame droite rivalisent de promesses de cadeaux fiscaux. Favoriser l\u2019accumulation du patrimoine entre les mains de quelques-uns, c\u2019est encourager la reproduction des in\u00e9galit\u00e9s dans le temps. Najat Vallaud-Belkacem,<a href=\"https:\/\/www.nouvelobs.com\/economie\/20220117.OBS53335\/najat-vallaud-belkacem-l-hyper-concentration-patrimoniale-cree-des-inegalites-de-destin.html\">(17 janvier 2022).<\/a><\/p>\n<hr \/>\n<p><strong>L\u2019ADN [APER\u00c7U] <\/strong>Lors du week-end du Black Friday, ONE m\u00e8ne une campagne de sensibilisation aux in\u00e9galit\u00e9s vaccinales. Sur des affiches, des offres \u00ab exclusives \u00bb pour le vaccin d\u00e9voilent que beaucoup n\u2019y ont toujours pas acc\u00e8s. <a href=\"https:\/\/business.ladn.eu\/news-business\/actualites-annonceurs\/one-campagne-sensibilisation-grand-public-inegalites-vaccinales\/\">(4 janvier 2022).<\/a><\/p>\n<hr \/>\n<p><strong>Huffington Post [TRIBUNE]<\/strong> \u0152uvrer pour un monde meilleur l\u00e0-bas, c\u2019est aussi participer \u00e0 la construction d\u2019un monde meilleur ici. Un monde plus juste, c\u2019est l\u2019ambition de ONE et devrait \u00eatre celle de nos futurs \u00e9lus. Najat Vallaud-Belkacem,\u00a0 <a href=\"https:\/\/www.huffingtonpost.fr\/entry\/tribune-najat-vallaud-belkacem-il-faudra-plus-que-des-coups-de-com-sur-twitter-pour-assurer-notre-survie-sur-cette-planete_fr_61aa03b9e4b07fe201264142\">(12 d\u00e9cembre 2021).<\/a><\/p>\n<hr \/>\n<p><strong>\u00a0Le Journal du Dimanche [TRIBUNE]<\/strong> R\u00e9duire les in\u00e9galit\u00e9s vaccinales et permettre l\u2019acc\u00e8s aux vaccins est non seulement la seule solution pour sortir de l\u2019impasse du Covid-19 mais constitue une obligation qui incombe aux Etats et aux entreprises pharmaceutiques en mati\u00e8re de droits humains. Collectif d\u2019ONG dont ONE, <a href=\"https:\/\/www.lejdd.fr\/Societe\/tribune-vaccination-contre-le-covid-le-variant-omicron-la-semaine-de-la-honte-pour-les-pays-riches-4080570\">(4 d\u00e9cembre 2021).<\/a><\/p>\n<hr \/>\n<p><strong>Challenges [ARTICLE]<\/strong> Un collectif d\u2019ONG engag\u00e9es, dont ONE, d\u00e9nonce la d\u00e9cision de l\u2019OMC d\u2019annuler la r\u00e9union des ministres des pays membres. \u00abOn marche sur la t\u00eate! C\u2019\u00e9tait justement le moment d\u2019\u00e9voquer cette crise et notamment la lev\u00e9e temporaire des brevets\u00bb. Ma\u00e9 Kurkjian, <a href=\"https:\/\/www.challenges.fr\/entreprise\/sante-et-pharmacie\/variant-omicron-mobilisation-ce-mardi-pour-demander-la-levee-des-brevets_791191\">(30 novembre 2021).<\/a><\/p>\n<hr \/>\n<p><strong>\u00a020 Minutes [ARTICLE]<\/strong> Ce nouveau variant doit servir de signal d\u2019alarme pour les gouvernements du monde entier. Il n\u2019est plus possible d\u2019entretenir l\u2019id\u00e9e dangereuse qu\u2019un pays ou un continent peut lutter contre la pand\u00e9mie sur son territoire sans se pr\u00e9occuper du reste du monde. Najat Vallaud-Belkacem, <a href=\"https:\/\/www.20minutes.fr\/sante\/3185155-20211129-coronavirus-planete-raison-ceder-panique-face-variant-omicron\">(29 novembre 2021)<\/a>.<\/p>\n<hr \/>\n<p><strong>Le Grand Continent [TRIBUNE]<\/strong> En mati\u00e8re de lutte contre la pand\u00e9mie de Covid, le nationalisme vaccinal est une imposture sanitaire qui met en danger notre propre s\u00e9curit\u00e9. Najat Valaud-Belkacem, <a href=\"https:\/\/legrandcontinent.eu\/fr\/2021\/10\/29\/limpasse-du-modele-national-pour-faire-face-aux-crises-sanitaires\/\">\u00a0(29 octobre 2021).<\/a><\/p>\n<hr \/>\n<p><strong>Le Monde [APER\u00c7U]<\/strong> En amont du sommet du G20, ONE lance un appel aux dirigeants \u00e0 agir pour mettre fin \u00e0 la pand\u00e9mie. <a href=\"https:\/\/twitter.com\/ONE_Fr\/status\/1453710623452323842\">\u00a0(28 octobre 2021).<\/a><\/p>\n<hr \/>\n<p><strong>Lib\u00e9ration [TRIBUNE]<\/strong> La crise de la Covid-19 n\u2019est pas seulement une crise sanitaire, mais aussi une crise \u00e9conomique et sociale qui creuse les in\u00e9galit\u00e9s et qui risque d\u2019an\u00e9antir des ann\u00e9es de lutte contre l\u2019extr\u00eame pauvret\u00e9. Collectif d\u2019associations et personnalit\u00e9s dont ONE, <a href=\"https:\/\/www.liberation.fr\/idees-et-debats\/tribunes\/inegalites-vaccinales-un-an-dinaction-et-de-plus-en-plus-de-morts-20211002_QNNOHFQ3LVEJTNK6ZH7BO7EWEQ\/?redirected=1\">(2 octobre 2021)<\/a>.<\/p>\n<hr \/>\n<p><strong>Les Echos [TRIBUNE]<\/strong> Le temps presse. C\u2019est partout sur la plan\u00e8te, et pas uniquement dans certains pays riches, qu\u2019il nous faut vaincre le virus, gr\u00e2ce \u00e0 un effort accru de coop\u00e9ration internationale. Najat Vallaud-Belkacem, <a href=\"https:\/\/www.lesechos.fr\/idees-debats\/cercle\/najat-vallaud-belkacem-le-nationalisme-vaccinal-est-une-imposture-sanitaire-1348602\">\u00a0(23 septembre 2021).<\/a><\/p>\n<hr \/>\n<p><strong>Euronews [APER\u00c7U]<\/strong> La question de l\u2019acc\u00e8s au vaccin contre le Covid-19 au coeur d\u2019une mini-s\u00e9rie d\u2019animation nomm\u00e9e <em>Pandemica<\/em>.\u00a0 <a href=\"https:\/\/fr.euronews.com\/video\/2021\/03\/28\/pandemica-une-mini-serie-d-animation-pour-sensibiliser-a-l-acces-aux-vaccins\">(28 mars 2021).<\/a><\/p>\n<hr \/>\n<p><strong>\u00a0Derni\u00e8res Nouvelles d\u2019Alsace [ARTICLE]<\/strong> Margot Schneider rejoint le programme des jeunes ambassadeurs et ambassadrices de ONE pour lutter contre les in\u00e9galit\u00e9s mondiales et l\u2019extr\u00eame pauvret\u00e9.<a href=\"https:\/\/www.dna.fr\/culture-loisirs\/2021\/03\/27\/margot-schneider-jeune-obernoise-devenue-ambassadrice-de-l-ong-fondee-par-bono-le-chanteur-de-u2\">(28 mars 2021).<\/a><\/p>\n<hr \/>\n<p><strong>Le Journal du Dimanche [ARTICLE]<\/strong> La s\u00e9rie <em>Pandemica<\/em> d\u00e9nonce les in\u00e9galit\u00e9s d\u2019acc\u00e8s au vaccin et demande aux pays riches de partager leurs stocks. \u00abLe vaccin doit \u00eatre accessible \u00e0 tout le monde, peu importe la nationalit\u00e9 ou le revenu, sinon le virus restera un danger pour tout le monde\u00bb. Ma\u00e9 Kurkjian,\u00a0 <a href=\"https:\/\/www.lejdd.fr\/International\/vaccins-contre-le-covid-19-long-one-lance-un-appel-aux-pays-riches-un-enjeu-dequite-et-defficacite-4033700\">(24 mars 2021).<\/a><\/p>\n<hr \/>\n<p><strong>Le Dauphin\u00e9 Is\u00e8re [ARTICLE]<\/strong> Chaimaa Taib s\u2019investit dans ONE en tant que jeune ambassadrice pour amplifier sa voix et mener des combats notamment sur la question de l\u2019\u00e9ducation. <a href=\"https:\/\/www.ledauphine.com\/social\/2021\/03\/21\/isere-une-grenobloise-en-lutte-avec-one-et-le-chanteur-bono\">(21 mars 2021)<\/a><\/p>\n<hr \/>\n<p><strong>La Marseillaise [ARTICLE]<\/strong> In\u00e8s Kouevi et Clara No\u00ebl-Hou\u00e9d\u00e9 sont des jeunes ambassadrices de ONE qui luttent pour assurer un acc\u00e8s universel \u00e0 la vaccination contre le covid-19 et convaincre le gouvernement fran\u00e7ais d\u2019augmenter l\u2019aide publique au d\u00e9veloppement. <a href=\"https:\/\/articles.cafeyn.co\/7f0357\/la-marseillaise-bdr-marseille\/2021-03-13\/deux-etudiantes-de-marseille-a-la-lutte-contre-les-inegalites-dans-le-monde\">(21 mars 2021)<\/a>.<\/p>\n<hr \/>\n<p><strong>Le Journal Toulousain [ARTICLE]<\/strong> Tidjiane Peredes et Manon Jordana ont \u00e9t\u00e9 s\u00e9lectionn\u00e9s pour devenir des jeune ambassadeurs de ONE et convaincre les d\u00e9cideurs politiques et citoyens d\u2019agir pour mettre fin aux in\u00e9galit\u00e9s dans le monde.\u00a0 <a href=\"https:\/\/www.lejournaltoulousain.fr\/societe\/deux-jeunes-toulousains-rejoignent-long-one-du-chanteur-de-u2-bono-115060\/\">(7 mars 2021).<\/a><\/p>\n<hr \/>\n<p><strong>Sud Ouest [ARTICLE]<\/strong> Solune Pailh\u00e9 et Maya Pargade-Klitzke font parties des 300 jeunes ambassadeurs et ambassadrices en Europe qui \u00e9laborent des plaidoyers pour changer les r\u00e8gles du jeu et parvenir \u00e0 r\u00e9duire l\u2019extr\u00eame pauvret\u00e9 dans le monde. <a href=\"https:\/\/www.sudouest.fr\/gironde\/bordeaux\/bordeaux-elles-sont-les-jeunes-ambassadrices-locales-de-l-ong-one-1558605.php\">\u00a0(10 mars 2021)<\/a>.<\/p>\n<hr \/>\n<p><strong>France info [ARTICLE]<\/strong> Elise Liotard et Paula Druschke, nouvelles jeunes ambassadrices de ONE, s\u2019engagent pour que chacun et chacune puisse mener des vies dignes et pleines de possibilit\u00e9s. <a href=\"https:\/\/france3-regions.francetvinfo.fr\/grand-est\/meurthe-et-moselle\/nancy\/meurthe-et-moselle-deux-etudiantes-de-sciences-po-nancy-s-engagent-contre-l-extreme-pauvrete-1987735.html\">\u00a0(9 mars 2021).<\/a><\/p>\n<hr \/>\n<p><strong>l\u2019Humanit\u00e9 [ARTICLE]<\/strong> Le nationalisme vaccinal pourrait constituer un frein au fonctionnement du m\u00e9canisme de financement et de distribution COVAX qui a pour but d\u2019approvisionner en vaccins les pays \u00e0 revenu faible ou interm\u00e9diaire. <a href=\"https:\/\/www.humanite.fr\/vaccination-les-pays-pauvres-attendront-697923\">(23 d\u00e9cembre 2020).<\/a><\/p>\n<hr \/>\n<p><strong>Les Echos [TRIBUNE]<\/strong> La r\u00e9union tenu \u00e0 l\u2019OMC est une occasion unique de r\u00e9aliser l\u2019ambition d\u2019un vaccin comme \u00ab bien public mondial \u00bb et garantir un acc\u00e8s \u00e9quitable aux vaccins et aux m\u00e9dicaments permettant de lutter contre le Covid-19. Collectif d\u2019ONG dont ONE,\u00a0 <a href=\"https:\/\/www.lesechos.fr\/idees-debats\/cercle\/opinion-partage-de-la-propriete-intellectuelle-un-defi-pour-les-futurs-vaccins-contre-le-covid-1272411\">(9 d\u00e9cembre 2020)<\/a>.<\/p>\n<hr \/>\n<p><strong>L\u2019Echo Le R\u00e9gional [ARTICLE]<\/strong> En devenant jeune ambassadrice, Kelly Vaz-Semedo participe \u00e0 la mission de ONE de convaincre les parlementaires europ\u00e9ens et nationaux de voter un budget d\u2019aide au d\u00e9veloppement plus ambitieux.\u00a0 <a href=\"https:\/\/drive.google.com\/file\/d\/1_VEG8PElb4sLdCAth9_uzrEcExsSogpQ\/view\">(21 octobre 2020)<\/a>.<\/p>\n<hr \/>\n<p><strong>Les Echos [ARTICLE]<\/strong> En pleine pand\u00e9mie mondiale, il est inacceptable que les pays les plus pauvres du monde aient \u00e0 choisir entre payer le service de leur dette ou maintenir leur \u00e9conomie \u00e0 flot. Najat Vallaud-Belkacem,\u00a0 <a href=\"https:\/\/www.lesechos.fr\/monde\/enjeux-internationaux\/la-dette-des-pays-pauvres-au-coeur-des-discussions-du-g20-1255269\">(13 octobre 2020).<\/a><\/p>\n<hr \/>\n<p><strong>M\u00e9diapart [LETTRE OUVERTE]<\/strong> \u00c0 la veille du Conseil europ\u00e9en, les jeunes Ambassadeurs et Ambassadrices de ONE exhortent les dirigeants europ\u00e9ens \u00e0 augmenter de mani\u00e8re significative les ressources allou\u00e9es \u00e0 l\u2019action ext\u00e9rieure et aux investissements en Afrique. <a href=\"https:\/\/blogs.mediapart.fr\/one-france\/blog\/160720\/lettre-des-jeunes-ambassadeurs-et-ambassadrices-de-one-aux-dirigeants-europeens\">(16 juillet 2020).<\/a><\/p>\n<hr \/>\n<p><strong>Le Monde [TRIBUNE]<\/strong> Il est temps pour la France, qui s\u2019est positionn\u00e9e en leader sur la question de la dette des pays pauvres, de reconna\u00eetre les limites du moratoire propos\u00e9 par les pays du G20. Comment les pays qui en b\u00e9n\u00e9ficient rembourseront-ils cette dette lorsque la suspension arrivera \u00e0 son terme ? Collectif d\u2019ONG dont ONE,\u00a0 <a href=\"https:\/\/www.lemonde.fr\/idees\/article\/2020\/07\/16\/dette-des-pays-pauvres-les-creanciers-prives-doivent-participer-aux-allegements-decides-par-la-communaute-internationale_6046320_3232.html\">(16 juillet 2020).<\/a><\/p>\n<hr \/>\n<p><strong>L\u2019Obs [TRIBUNE]<\/strong> Pour fair face aux d\u00e9fis de notre monde, une taxe sur les transactions financi\u00e8res ambitieuse est n\u00e9c\u00e9ssaire. Ce que nos concitoyens demandent, c\u2019est davantage de justice et d\u2019\u00e9quit\u00e9. Cela exprime le souhait d\u2019une redistribution plus juste des richesses, en France, dans l\u2019Union europ\u00e9enne, et dans le monde. ONE et Oxfam, <a href=\"https:\/\/www.nouvelobs.com\/economie\/20200630.OBS30700\/tribune-cecile-duflot-et-najat-vallaud-belkacem-l-europe-a-besoin-d-une-taxe-sur-les-transactions-financieres-a-la-hauteur-des-enjeux.html\">(30 juin 2020).<\/a><\/p>\n<hr \/>\n<p><strong>Le JDD [TRIBUNE] <\/strong>Le vaccin contre le Covid-19 n\u2019est pas encore disponible, mais les craintes d\u2019un nationalisme vaccinal sont d\u00e9j\u00e0 bien pr\u00e9sentes. C\u2019est d\u00e8s maintenant qu\u2019il faut cr\u00e9er les conditions d\u2019un acc\u00e8s universel au vaccin. Il faut \u00e9viter \u00e0 tout prix que la course aux profits vienne entraver l\u2019acc\u00e8s des personnes les plus expos\u00e9es et d\u00e9munies. Collectif d\u2019ONG dont ONE , <a href=\"https:\/\/www.lejdd.fr\/Societe\/cecile-duflot-najat-vallaud-belkacem-et-11-dirigeants-dong-engages-contre-le-nationalisme-vaccinal-3977628\">(27 juin 2020).<br \/>\n<\/a><\/p>\n<hr \/>\n<p><strong>20 minutes [ARTICLE]<\/strong> Maya Pargade-Klitzke devient jeune Ambassadrice du mouvement ONE. Sa mission est d\u2019aller \u00e0 la rencontre des \u00e9lus locaux et d\u00e9fendre plusieurs causes, notamment la vaccination dans les pays pauvres, l\u2019\u00e9galit\u00e9 hommes-femmes, et les droits des femmes et de la jeunesse.\u00a0 <a href=\"https:\/\/www.20minutes.fr\/bordeaux\/2743739-20200603-video-ambassadrice-ong-one-maya-21-ans-veut-lutter-contre-extreme-pauvrete\">(3 juin 2020).<\/a><\/p>\n<hr \/>\n<p><strong>Les Echos [TRIBUNE]<\/strong> Le Covid-19 est une maladie nouvelle, au rythme et aux formes \u00e9volutifs. En raison des fortes in\u00e9galit\u00e9s vaccinales, la catastrophe sanitaire actuelle pourrait \u00eatre encore amplifi\u00e9e par le d\u00e9veloppement d\u2019autres maladies. Najat Vallaud-Belkacem et Guillaume Grosso,\u00a0 <a href=\"https:\/\/www.lesechos.fr\/idees-debats\/cercle\/opinion-une-pandemie-peut-en-cacher-une-autre-1207588\">(2 juin 2020).<\/a><\/p>\n<hr \/>\n<p><strong>M\u00e9diapart [TRIBUNE]<\/strong> Grandis berc\u00e9s par des actualit\u00e9s alarmantes, de l\u2019acc\u00e9l\u00e9ration du changement climatique \u00e0 l\u2019accroissement des in\u00e9galit\u00e9s, en passant par la mont\u00e9e des populismes, les jeunes Ambassadeurs et Ambassadrices de ONE demandent une remise en question g\u00e9n\u00e9rale du monde dans lequel ils vieilliront. <a href=\"https:\/\/blogs.mediapart.fr\/one-france\/blog\/200520\/le-monde-dapres-vu-par-les-jeunes-ambassadeurs-et-ambassadrices-de-one\">(20 mai 2020).<\/a><\/p>\n<hr \/>\n<p><strong>Monaco Hebdo [ARTICLE] <\/strong>En moyenne, quand un traitement est trouv\u00e9 pour une maladie, il faut au moins sept ans de plus avant qu\u2019il arrive dans les pays les plus pauvres. Cela n\u2019est plus acceptable. Il faut absolument revoir ces r\u00e8gles pour que le vaccin contre le Covid-19 soit un bien public mondial. Najat Vallaud-Belkacem,\u00a0 <a href=\"https:\/\/www.monacohebdo.mc\/actualites\/international\/interview-najat-vallaud-belkacem-covid19\/\">(18 mai 2020).<\/a><\/p>\n<hr \/>\n<p><strong>We Demain [TRIBUNE]<\/strong> En cette semaine mondiale de la vaccination, les jeunes Ambassadeurs et Ambassadrices de ONE s\u2019adressent au Pr\u00e9sident de la R\u00e9publique qui repr\u00e9sentera la France lors de la conf\u00e9rence de lev\u00e9e de fonds organis\u00e9e le 4 mai par l\u2019Union europ\u00e9enne. Les jeunes activistes attendent du Gouvernement fran\u00e7ais une contribution ambitieuse pour assurer l\u2019\u00e9radication du Covid-19. <a href=\"https:\/\/www.wedemain.fr\/dechiffrer\/lettre-au-president-pour-une-aide-a-la-vaccination-des-pays-pauvres_a4680-html\/\">(30 avril 2020).<\/a><\/p>\n<hr \/>\n<p><strong>L\u2019Obs [TRIBUNE]<\/strong> Trente pays en Afrique subsaharienne d\u00e9pensent plus pour le remboursement de leur dette que pour les soins de sant\u00e9. ONE appelle une suspension accompagn\u00e9e d\u2019une restructuration de la dette avec pour objectif l\u2019annulation de ce poids <em>\u00ab insoutenable \u00bb.\u00a0<\/em>Najat Vallaud-Belkacem, <a href=\"https:\/\/www.nouvelobs.com\/coronavirus-de-wuhan\/20200418.OBS27689\/najat-vallaud-belkacem-suspendre-les-dettes-des-pays-les-plus-pauvres-n-est-pas-suffisant.html\">(18 avril 2020).<\/a><\/p>\n<hr \/>\n<p><strong>Jeune Afrique [ARTICLE] <\/strong>Les milieux scientifiques et de la recherche font preuve pour la plupart d\u2019une coop\u00e9ration internationale hors pair. C\u2019est au niveau politique que le manque de coop\u00e9ration internationale risque d\u2019avoir les cons\u00e9quences les plus d\u00e9sastreuses. On regrette d\u00e9j\u00e0 la comp\u00e9tition que se sont livr\u00e9s certains pays pour se d\u00e9rober de masques et autres outils prot\u00e9geant du Covid-19. Najat Vallaud-Belkacem,\u00a0\u00a0<a href=\"https:\/\/www.jeuneafrique.com\/927009\/politique\/najat-vallaud-belkacem-il-faut-donner-au-futur-vaccin-contre-le-coronavirus-le-statut-de-bien-public-mondial\/\">(14 avril 2020).<\/a><\/p>\n<hr \/>\n<p><strong>Lib\u00e9ration [ARTICLE]<\/strong>\u00a0 La croissance du PIB en Afrique serait fortement r\u00e9duite \u00e0 cause de la pand\u00e9mie du Covid-19. Il y a donc urgence \u00e0 d\u00e9bloquer des fonds, le plus vite possible, pour construire un rempart sanitaire face \u00e0 l\u2019\u00e9pid\u00e9mie. Puis, dans un second temps, pour aider les Etats \u00e0 surmonter le s\u00e9isme \u00e9conomique qui s\u2019annonce.<a href=\"https:\/\/www.liberation.fr\/planete\/2020\/04\/13\/covid-19-en-afrique-la-solidarite-recyclee-de-la-france-et-de-l-ue_1784913\/\">(13 avril 2020).<\/a><\/p>\n<hr \/>\n<p><strong>Huffington Post [ARTICLE]<\/strong> La seule r\u00e9ponse qui ait jamais d\u00e9montr\u00e9 son efficacit\u00e9 consiste \u00e0 faire cause commune pour prot\u00e9ger la sant\u00e9 de tous partout dans le monde. La pand\u00e9mie ne conna\u00eet pas de fronti\u00e8re, les dirigeants de la plan\u00e8te doivent urgemment s\u2019allier pour assurer une r\u00e9ponse mondiale. Najat Vallaud-Belkacem\u00a0 <a href=\"https:\/\/www.huffingtonpost.fr\/entry\/coronavirus-a-la-tete-dune-ong-najat-vallaud-belkacem-demande-un-plan-mondial_fr_5e8c746bc5b6e1d10a69f4f6\">(7 avril 2020)<\/a>.<\/p>\n<hr \/>\n<p><strong>La Presse de la Manche [ARTICLE]<\/strong> Ingrid Hardouin a \u00e9t\u00e9 s\u00e9l\u00e9ctionn\u00e9e par ONE et rejoint un groupe de 50 jeunes Ambassadeurs et Ambassadrices de ONE. Sa toute premi\u00e8re mission: appeler la France \u00e0 soutenir la vaccination des enfants dans les pays pauvres. <a href=\"https:\/\/actu.fr\/societe\/manche-ingrid-milite-dans-long-one-cotes-bono_32810287.html\">(7 avril 2020).<\/a><\/p>\n<hr \/>\n<p><strong>Le Monde [TRIBUNE]<\/strong> Parce qu\u2019une pand\u00e9mie exige une r\u00e9ponse mondiale, ONE lance une campagne appelant les gouvernements et de les entreprises \u00e0 soutenir un plan de lutte contre le Covid-19 \u00e0 l\u2019\u00e9chelle internationale. Najat Vallaud-Belkacem,\u00a0 <a href=\"https:\/\/www.lemonde.fr\/idees\/article\/2020\/04\/07\/najat-vallaud-belkacem-a-pandemie-mondiale-reponse-mondiale_6035818_3232.html\">(7 avril 2020).<\/a><\/p>\n<hr \/>\n<p><strong>\u00a0Le Parisien [ARTICLE]<\/strong> Ang\u00e9lique Girault endosse un nouveau r\u00f4le: celui de jeune Ambassadrice de l\u2019ONG ONE. Fortement engag\u00e9e, elle devient porte-parole de campagnes de sensibilisation \u00e0 l\u2019extr\u00eame pauvret\u00e9 et aux maladies \u00e9vitables dans le monde. <a href=\"https:\/\/www.leparisien.fr\/hauts-de-seine-92\/levallois-perret-angelique-ambassadrice-de-la-lutte-contre-l-extreme-pauvrete-12-03-2020-8278299.php?ts=1641575507379\">(12 mars 2020).<\/a><\/p>\n<hr \/>\n<p><strong>L\u2019Union [ARTICLE]<\/strong>\u00a0 Romane Mika fait partie des 50 jeunes ayant \u00e9t\u00e9 s\u00e9lectionn\u00e9s par ONE. Elle est jeune Ambassadrice pour la troisi\u00e8me ann\u00e9e cons\u00e9cutive. Pendant un an, elle ira \u00e0 la rencontre des \u00e9lus et des citoyens de sa r\u00e9gion pour les convaincre d\u2019agir \u00e0 ses c\u00f4t\u00e9s contre les in\u00e9galit\u00e9s mondiales.<a href=\"https:\/\/www.lunion.fr\/id137600\/article\/2020-03-10\/une-remoise-devient-jeune-ambassadrice-de-one-lassociation-fondee-par-bono-de-u2\">(10 mars 2020).<\/a><\/p>\n<hr \/>\n<p><strong>France info [ARTICLE]\u00a0<\/strong> Ang\u00e9lique Girault a \u00e9t\u00e9 s\u00e9lectionn\u00e9e parmi des centaines de candidatures pour devenir ambassadrice de ONE. Elle s\u2019engage \u00e0 devenir, pour un an, une repr\u00e9sentante d\u2019une g\u00e9n\u00e9ration qui se mobilise pour lutter contre l\u2019extr\u00eame pauvret\u00e9 et les in\u00e9galit\u00e9s mondiales. <a href=\"https:\/\/france3-regions.francetvinfo.fr\/centre-val-de-loire\/indre-loire\/montlouis-loire\/jeune-tourangelle-s-engage-contre-extreme-pauvrete-ong-one-1795007.html\">\u00a0(4 mars 2020)<\/a>.<\/p>\n<hr \/>\n<p><strong>Rue 89 Bordeaux [ARTICLE] <\/strong>Maya Pargade-Klitzke fait partie des 50 jeunes Ambassadeurs de ONE. Au sein de sa ville, son \u00e9cole, lors de festivals culturels, sur les r\u00e9seaux sociaux, et m\u00eame \u00e0 l\u2019Assembl\u00e9e nationale ou au Parlement europ\u00e9en, la jeune ambassadrice portera les valeurs de l\u2019organisation pour sensibiliser aux in\u00e9galit\u00e9s mondiales. <a href=\"https:\/\/rue89bordeaux.com\/2020\/03\/une-bordelaise-contre-lextreme-pauvrete-avec-one-long-cofondee-par-bono\/\">(4 mars 2020)<\/a>.<\/p>\n<p><strong>L\u2019Obs [TRIBUNE]<\/strong><\/p>\n<p>A l\u2019occasion de l\u2019examen du projet de constitutionnalisation de l\u2019IVG \u00e0 l\u2019Assembl\u00e9e Nationale, Najat Vallaud-Belkacem, directrice de ONE France, fait le point sur les diff\u00e9rentes menaces qui plane sur le droit \u00e0 l\u2019avortement dans le monde. <a href=\"https:\/\/www.nouvelobs.com\/opinions\/20221123.OBS66264\/najat-vallaud-belkacem-une-femme-meurt-toutes-les-neuf-minutes-d-un-avortement-non-securise.html\">(23 novembre 2022)<\/a><\/p>\n<p><strong>Agence Ivoirienne de Presse [ARTICLE]<\/strong><\/p>\n<p>L\u2019Agence Ivoirienne de Presse relaie notre plaidoyer pour des politiques industrielles qui stimulent les investissements dans les secteurs comp\u00e9titifs ainsi que pour des droits de douanes all\u00e9g\u00e9s, afin de stimuler les importations de mat\u00e9riels industriels.\u00a0 <a href=\"https:\/\/www.aip.ci\/cote-divoire-aip-long-one-campaign-plaide-pour-des-actions-politiques-dans-lexploitation-du-potentiel-des-jeunes-en-afrique\/\">(23 novembre 2022)<\/a><\/p>\n<p><strong>Le Club de Mediapart [TRIBUNE]<\/strong><\/p>\n<p>Neuf associations, parmi lesquelles ONE, soulignent l\u2019\u00e9cart criant entre les ambitions qu\u2019a affich\u00e9 fi\u00e8rement Emmanuel Macron durant la crise du Covid-19 et le niveau des investissements fran\u00e7ais dans la sant\u00e9 mondiale. <a href=\"https:\/\/blogs.mediapart.fr\/action-sante-mondiale\/blog\/171122\/la-france-grille-la-priorite-la-sante-mondiale\">(17 novembre 2022)<\/a><\/p>\n<p><strong>Euractiv [INTERVIEW]<\/strong><br \/>\nGayle Smith, Pr\u00e9sidente Directrice G\u00e9n\u00e9rale de ONE, revient sur les d\u00e9fis que le monde connait et les menaces qui p\u00e8sent toujours en mati\u00e8re de sant\u00e9 mondiale, r\u00e9chauffement climatique, crise \u00e9conomique.<a href=\"https:\/\/www.euractiv.fr\/section\/affaires-publiques\/news\/cest-un-moment-tres-difficile-pour-les-gouvernements-europeens-selon-gayle-smith\/\">(16 novembre 2022)<\/a><\/p>\n<hr \/>\n<p><strong>L\u2019Obs [TRIBUNE]<\/strong><br \/>\nNajat Vallaud-Belkacem, Directrice France de ONE, met un coup de projecteur sur les pratiques nocives de grandes multinationales implant\u00e9es en Afrique et sur leurs cons\u00e9quences sur les populations du continent.<a href=\"https:\/\/www.nouvelobs.com\/opinions\/20221112.OBS65818\/boyard-hanouna-derriere-la-polemique-le-debat-confisque.html\">\u00a0(13 novembre 2022)<\/a><\/p>\n<hr \/>\n<p><strong>\u00a0Le Grand Continent\u00a0 [INTERVIEW]<\/strong><br \/>\nGayle Smith parle de la guerre en Ukraine et de son impact sur les in\u00e9galit\u00e9s mondiales. <a href=\"https:\/\/legrandcontinent.eu\/fr\/2022\/10\/24\/il-faudra-shabituer-a-gerer-plusieurs-crises-a-la-fois-une-conversation-avec-gayle-smith\/\">(24 octobre 2022)<\/a><\/p>\n<hr \/>\n<p><strong>[INTERVIEW]<\/strong><br \/>\nRomane Mika et David Indahy se battent contre l\u2019extr\u00eame pauvret\u00e9, en tant que jeunes Ambassadeurs de ONE. L\u2019Union <a href=\"https:\/\/www.lunion.fr\/id419263\/article\/2022-10-20\/reims-ils-sont-jeunes-et-combattent-contre-lextreme-pauvrete-dans-le-monde\">(23 octobre 2022)<\/a><\/p>\n<hr \/>\n<p><strong>\u00a0Jeune Afrique [INTERVIEW]<\/strong><br \/>\nGayle Smith \u00e9voque la convergence des crises et son impact sur le continent africain. Jeune Afriqu <a href=\"https:\/\/www.jeuneafrique.com\/1384612\/politique\/gayle-smith-en-afrique-les-etats-unis-nont-pas-pour-seul-objectif-de-contrer-la-chine-et-la-russie\/\">(22 octobre 2022)<\/a><\/p>\n<hr \/>\n<p><strong>La Marne [INTERVIEW]<\/strong><br \/>\nCassandra Kedi parle de son engagement au sein de ONE et des missions qu\u2019elle a pu exercer.\u00a0 <a href=\"https:\/\/actu.fr\/ile-de-france\/mitry-mory_77294\/mitr-mory-elle-raconte-ses-missions-de-jeune-ambassadricede-long-one_54698513.html\">(20 octobre 2022)<\/a><\/p>\n<hr \/>\n<p><strong>Ouest France [INTERVIEW]<\/strong><br \/>\nMathilde Naud \u00e9voque son parcours et son engagement en tant que jeune Ambassadrice au sein de ONE.\u00a0 <a href=\"https:\/\/www.ouest-france.fr\/bretagne\/rennes-35000\/rennes-mathilde-va-devenir-ambassadrice-de-one-l-organisation-du-chanteur-bono-a6c837fc-40c3-11ed-89be-3116781a5058#:~:text=Rennes.-,Mathilde%20va%20devenir%20ambassadrice%20de%20One%2C%20l%27organisation%20du%20chanteur,du%20chanteur%20de%20U2%2C%20Bono.\">(17 octobre 2022)<\/a><\/p>\n<hr \/>\n<p><strong>L\u2019Obs [TRIBUNE]<\/strong><br \/>\nNajat Vallaud-Belkacem revient sur les derniers chiffres de l\u2019extr\u00eame pauvret\u00e9 publi\u00e9s par la Banque mondiale et ses cons\u00e9quences sur les populations vuln\u00e9rables. <a href=\"https:\/\/www.nouvelobs.com\/tribunes\/20221014.OBS64594\/najat-vallaud-belkacem-pres-d-une-personne-sur-10-dans-le-monde-survit-avec-moins-de-2-15-dollars-par-jour.html\">(14 octobre 2022)<\/a><\/p>\n<hr \/>\n<p><strong>Causette [TRIBUNE]<\/strong><br \/>\nNajat Vallaud-Belkacem, Directrice France de ONE, plaide avec plus de 100 personnalit\u00e9s pour une vraie journ\u00e9e de mobilisation pour les droits des filles. <a href=\"https:\/\/www.causette.fr\/feminismes\/combats\/tribune-plus-de-100-personnalites-reclament-une-vraie-journee-de-mobilisation-pour-les-droits-des-filles-10-ans-apres-sa-creation\">(10 octobre 2022)<\/a><\/p>\n<hr \/>\n<p><strong>Guyane Premi\u00e8re [INTERVIEW]<\/strong><br \/>\nArnaud Bordes, jeune Ambassadeur de ONE, \u00e9voque sa rencontre avec le d\u00e9put\u00e9 de sa circonscription pour \u00e9changer au sujet d\u2019augmentation de la loi sur l\u2019aide publique au d\u00e9veloppement. <a href=\"https:\/\/la1ere.francetvinfo.fr\/guyane\/ambassadeur-de-l-ong-one-le-guyanais-arnaud-bordes-poursuit-ses-actions-de-levee-de-fonds-en-faveur-des-pays-desherites-1327556.html\">(4 octobre 2022)<\/a><\/p>\n<hr \/>\n<p><strong>Le Monde [ARTICLE]<\/strong><br \/>\nONE s\u2019exprime sur le vote du budget 2023 qui concerne l\u2019aide publique au d\u00e9veloppement, en lien avec la crise ukrainienne et les probl\u00e9matiques qu\u2019elle soul\u00e8ve. <a href=\"https:\/\/www.lemonde.fr\/economie\/article\/2022\/09\/30\/avec-la-multiplication-des-crises-humanitaires-l-aide-internationale-fait-face-a-des-besoins-immenses_6143807_3234.html\">\u00a0(30 septembre 2022)<\/a><\/p>\n<hr \/>\n<p><strong>Desk Eco [ARTICLE]<\/strong><br \/>\nGayle Smith, Pr\u00e9sidente de ONE, est intervenue lors du Forum Public 2022 de l\u2019Organisation mondiale du Commerce \u00e0 Gen\u00e8ve, le 28 septembre 2022.\u00a0 <a href=\"https:\/\/www.deskeco.com\/2022\/09\/29\/forum-public-2022-de-lomc-des-experts-encouragent-lutilisation-de-la-technologie-pour-favoriser-une\">(29 septembre 2022)<\/a><\/p>\n<hr \/>\n<p><strong>Euractiv [ARTICLE]<\/strong><br \/>\nONE r\u00e9agit \u00e0 la contribution fran\u00e7aise lors de la 7\u00e8me reconstitution du Fonds mondial contre le sida, la tuberculose et le paludisme, qui s\u2019est d\u00e9roul\u00e9 \u00e0 New York le 21 septembre. <a href=\"https:\/\/www.euractiv.fr\/section\/sante-modes-de-vie\/news\/lue-alloue-la-somme-record-de-715-millions-deuros-a-la-lutte-contre-le-sida-la-tuberculose-et-le-paludisme\/\">(22 septembre 2022)<\/a><\/p>\n<hr \/>\n<p><strong>Euractiv [INTERVIEW]<\/strong><br \/>\nNajat Vallaud-Belkacem s\u2019exprime sur la n\u00e9cessit\u00e9 d\u2019une augmentation de la contribution de la France, en amont du Fonds mondial et insiste sur le lien entre lutte contre les maladies \u00e9vitables et extr\u00eame pauvret\u00e9. <a href=\"https:\/\/www.euractiv.fr\/section\/sante-modes-de-vie\/interview\/taxer-les-ultra-riches-pour-financer-la-sante-mondiale-selon-najat-vallaud-belkacem\/\">(21 septembre 2022)<\/a><\/p>\n<hr \/>\n<p><strong>L\u2019Obs [TRIBUNE]<\/strong><br \/>\nNajat Vallaud-Belkacem pointe les difficult\u00e9s rencontr\u00e9es par les pays les plus vuln\u00e9rables, \u00e0 l\u2019heure o\u00f9 le dernier rapport du PNUD montre un net recul du niveau de vie mondial.<a href=\"https:\/\/www.nouvelobs.com\/monde\/20220916.OBS63276\/najat-vallaud-belkacem-alerte-le-niveau-de-vie-mondial-recule-pour-le-premiere-fois-depuis-trente-ans.html\">\u00a0(16 septembre 2022)<\/a><\/p>\n<hr \/>\n<p><strong>Influencia [ARTICLE]<\/strong><br \/>\nInfluencia pr\u00e9sente la nouvelle campagne de communication de ONE, interpellant le gouvernement fran\u00e7ais \u00e0 quelques jours de la 7\u00e8me reconstitution du Fonds mondial contre le sida, la tuberculose et le paludisme. <a href=\"https:\/\/www.influencia.net\/il-ne-manque-quune-signature-pour-sauver-20-millions-de-vies-celle-de-la-france\/\">(14 septembre 2022)<\/a><\/p>\n<hr \/>\n<p><strong>CB News [ARTICLE]<\/strong><br \/>\nAlors que le Fonds mondial de lutte contre le sida, la tuberculose et le paludisme organise sa septi\u00e8me reconstitution, ONE exhorte la France \u00e0 augmenter sa participation financi\u00e8re de 30% pour faire face \u00e0 ces trois maladies mortelles. <a href=\"https:\/\/www.cbnews.fr\/marques\/image-juste-signature-one-avec-ok-c-est-cool-71357\">(14 septembre 2022)<\/a><\/p>\n<hr \/>\n<p><strong>Strat\u00e9gies [ARTICLE]<\/strong><br \/>\nONE interpelle le Pr\u00e9sident Macron par une nouvelle vid\u00e9o choc sur les ravages caus\u00e9s par le VIH, la tuberculose et le paludisme au sein des pays les plus vuln\u00e9rables. <a href=\"https:\/\/www.strategies.fr\/creations\/campagnes\/LQ934108C\/ok-c-est-cool-pour-l-ong-one-il-ne-manque-quune-signature-pour-sauver-20-millions-de-vies-septembre-2022.html\">(14 septembre 2022)<\/a><\/p>\n<p><strong>J\u2019AI UN POTE DANS LA COM [ARTICLE]<\/strong><br \/>\nPour sensibiliser le grand public \u00e0 la n\u00e9cessit\u00e9 d\u2019augmenter la contribution financi\u00e8re de la France \u00e0 la reconstitution du Fonds mondial, ONE a projet\u00e9 un court film dans les rues de Paris<a href=\"https:\/\/jai-un-pote-dans-la.com\/ong-one-projette-murs-parisiens-campagne-sensibilisation\/\">(13 septembre 2022)<\/a><\/p>\n<hr \/>\n<p><strong>Causette [INTERVIEW]<\/strong><br \/>\nNajat Vallaud-Belkacem revient sur les in\u00e9galit\u00e9s qui touchent toujours les communaut\u00e9s les plus vuln\u00e9rables, partout dans le monde.<a href=\"https:\/\/www.causette.fr\/feminismes\/combats\/najat-vallaud-belkacem-les-inegalites-de-genre-amputent-le-pib-mondial-de-15\">(14 septembre 2022)<\/a><\/p>\n<hr \/>\n<p><strong>L\u2019OBS [TRIBUNE]<\/strong><br \/>\nAlors que le Fonds mondial de lutte contre le sida, la tuberculose et le paludisme organise sa septi\u00e8me reconstitution, Najat Vallaud-Belkacem encourage les pays les plus riches, dont la France, contributrice historique, \u00e0 augmenter leur participation financi\u00e8re de 30%.<a href=\"https:\/\/www.nouvelobs.com\/opinions\/20220906.OBS62814\/najat-vallaud-belkacem-l-avenir-de-la-lutte-contre-le-sida-se-joue-le-19-septembre.html?utm_term=Autofeed&amp;utm_medium=Social&amp;utm_source=Twitter#Echobox=1662453455\">\u00a0(6 septembre2022)<\/a><\/p>\n<hr \/>\n<p><strong>50-50 Magazine [INTERVIEW]<\/strong><br \/>\nNajat Vallaud-Belkacem explique les raisons d\u2019une in\u00e9galit\u00e9 de genre au sein des populations touch\u00e9es par l\u2019extr\u00eame pauvret\u00e9. <a href=\"https:\/\/www.50-50magazine.fr\/2022\/08\/01\/najat-vallaud-belkacem-la-pauvrete-est-sexiste-2\/\">\u00a0(1er ao\u00fbt 2022)<\/a><\/p>\n<hr \/>\n<p><strong>Le JDD [TRIBUNE]<\/strong><br \/>\nAvant la 7\u00e8me reconstitution pour le Fonds mondial, de nombreuses personnalit\u00e9s appellent la France \u00e0 contribuer \u00e0 sa juste part. <a href=\"https:\/\/www.lejdd.fr\/Societe\/il-est-urgent-dagir-contre-le-vihsida-la-tuberculose-et-le-paludisme-lappel-de-pres-de-200-personnalites-4123601\">(18 juillet 2022)<\/a><\/p>\n<hr \/>\n<p><strong>[TRIBUNE]<\/strong><br \/>\nAlors que la France fait face \u00e0 une vague de chaleur sans pr\u00e9c\u00e9dent qui se traduit par de nombreux feux, l\u2019Europe doit s\u2019affranchir des anciens textes, tel le Trait\u00e9 sur la charte de l\u2019\u00e9nergie afin de mettre en place de r\u00e9elles politiques climatiques. L\u2019OBS (18 juillet 2022)<\/p>\n<hr \/>\n<p><strong>L\u2019OBS [TRIBUNE]<\/strong><br \/>\nFace \u00e0 une esp\u00e9rance de vie mondiale qui r\u00e9gresse pour la premi\u00e8re fois, Najat Vallaud-Belkacem alerte les dirigeants du G7 qui se r\u00e9unissent le 26 juin en Allemagne. <a href=\"https:\/\/www.nouvelobs.com\/opinions\/20220624.OBS60109\/najat-vallaud-belkacem-pour-la-premiere-fois-l-esperance-de-vie-mondiale-diminue-le-g7-doit-agir.html\">(24 juin 2022)<\/a><\/p>\n<hr \/>\n<p><strong>Marianne [TRIBUNE]<\/strong><br \/>\nLes jeunes Ambassadeurs et Ambassadrices de ONE en France soulignent la nomination de la secr\u00e9taire d\u2019\u00c9tat charg\u00e9e du d\u00e9veloppement de la francophonie et des partenariats internationaux, et rappelent la n\u00e9cessit\u00e9 pour le gouvernement d\u2019agir comme v\u00e9ritable partenaire du continent africain. <a href=\"https:\/\/www.marianne.net\/agora\/tribunes-libres\/la-france-doit-sengager-en-faveur-de-lafrique-pour-laider-a-affronter-les-defis-qui-lattendent\">(16 juin 2022)<\/a><\/p>\n<hr \/>\n<p><strong>L\u2019OBS [TRIBUNE]<\/strong><br \/>\nAlors que la fin de la pr\u00e9sidence fran\u00e7aise de l\u2019Union Europ\u00e9enne approche, l\u2019objectif d\u2019allouer 100 milliards de Droits de tirage sp\u00e9ciaux (DTS) aux pays les plus pauvres n\u2019est toujours pas atteint. <a href=\"https:\/\/www.nouvelobs.com\/tribunes\/20220604.OBS59286\/najat-vallaud-belkacem-qu-est-devenue-l-aide-covid-a-l-afrique.html\">(4 juin 2022)<\/a><\/p>\n<hr \/>\n<p><strong>L\u2019OBS [TRIBUNE]<\/strong><br \/>\nA la veille du second tour de l\u2019\u00e9lection pr\u00e9sidentielle, Najat Vallaud-Belkacem souligne et d\u00e9crypte les conceptions et propositions lep\u00e9nistes, et ses potentielles cons\u00e9quences sur le pays et \u00e0 l\u2019international. <a href=\"https:\/\/www.nouvelobs.com\/tribunes\/20220419.OBS57336\/le-grand-renoncement-promis-par-marine-le-pen-par-najat-vallaud-belkacem.html\">(19 avril 2022)<\/a><\/p>\n<hr \/>\n<p><strong>L\u2019OBS [TRIBUNE]<\/strong><\/p>\n<p>Deux ans apr\u00e8s le d\u00e9but de la pand\u00e9mie, Najat Vallaud-Belkacem rappelle que la lutte contre la pand\u00e9mie est loin d\u2019\u00eatre termin\u00e9e \u00e0 l\u2019\u00e9chelle mondiale, en d\u00e9pit de l\u2019assouplissement des restrictions actuel. <a href=\"https:\/\/www.nouvelobs.com\/tribunes\/20220408.OBS56829\/najat-vallaud-belkacem-la-lutte-contre-la-pandemie-est-loin-d-etre-finie.html\">(8 avril 2022)<\/a><\/p>\n<hr \/>\n<p><strong>Le Monde [TRIBUNE]<\/strong><br \/>\nNajat Vallaud-Belkacem r\u00e9agit \u00e0 la d\u00e9tresse des jeunes Afghanes, priv\u00e9es d\u2019\u00e9coles par les autorit\u00e9s talibanes le 23 mars 2022, en plaidant pour la fili\u00e8re des technologies \u00e9ducatives.\u00a0 <a href=\"https:\/\/www.lemonde.fr\/idees\/article\/2022\/04\/06\/najat-vallaud-belkacem-pour-un-droit-effectif-a-l-education-des-jeunes-afghans-mobilisons-la-filiere-des-technologies-educatives_6120842_3232.html\">(6 avril 2022)<\/a><\/p>\n<hr \/>\n<p><span style=\"color: #000000\"><strong>Lib\u00e9ration [TRIBUNE]<\/strong><\/span><\/p>\n<p class=\"article_link\">Les crises majeures qui s\u2019encha\u00eenent \u00e0 l\u2019\u00e9chelle globale depuis une d\u00e9cennie sont d\u2019une telle ampleur que le quotidien de chacun en a \u00e9t\u00e9 \u00e9branl\u00e9, et que notre perception de la r\u00e9alit\u00e9 en est aujourd\u2019hui profond\u00e9ment chang\u00e9e, tout comme notre compr\u00e9hension du monde, notre fa\u00e7on de voir l\u2019avenir. Najat Vallaud-Belkacem. <a href=\"https:\/\/www.liberation.fr\/forums\/europeens-encore-un-effort-pour-etre-terriens-20220318_6DNEXH3TABE2HL5LNPNDV4E4OY\/?redirected=1\">(18 mars 2022)<\/a><\/p>\n<hr \/>\n<p><span style=\"color: #000000\"><strong>L\u2019Obs [TRIBUNE]<\/strong><\/span><\/p>\n<p>D\u00e9j\u00e0 fragilis\u00e9s depuis deux ans par la pand\u00e9mie dont ils ne sont toujours pas relev\u00e9s, et par les retards et les rat\u00e9s de la campagne mondiale de vaccination, les pays les plus vuln\u00e9rables, au premier rang desquels ceux d\u2019Afrique, vont en effet payer le prix fort de la guerre en Ukraine. Najat Vallaud-Belkacem.<a href=\"https:\/\/www.nouvelobs.com\/tribunes\/20220318.OBS55865\/najat-vallaud-belkacem-l-afrique-va-payer-le-prix-fort-de-la-guerre-en-ukraine.html#modal-msg\">\u00a0(18 mars 2022)<\/a><\/p>\n<hr \/>\n<p><strong>La Voix du Nord [ARTICLE]<\/strong><br \/>\nManon Bendaoudia, 25 ans, jeune ambassadrice chez ONE, confie son engagement profond pour lutter contre la pauvret\u00e9 et les discriminations en tout genre.\u00a0 <a href=\"https:\/\/www.lavoixdunord.fr\/1151922\/article\/2022-03-13\/lille-manon-bendaoudia-militante-lilloise-contre-l-extreme-pauvrete\">(15 mars 2022)<\/a><\/p>\n<hr \/>\n<p><strong>Lib\u00e9ration [ARTICLE]<\/strong><\/p>\n<p>Quelles mesures pour mettre un terme \u00e0 l\u2019extr\u00eame pauvret\u00e9 ?L\u2019ONG ONE a tent\u00e9 d\u2019y r\u00e9pondre en lan\u00e7ant une convention citoyenne aupr\u00e8s de 24 000 personnes. <a href=\"https:\/\/www.liberation.fr\/forums\/mettre-fin-a-lextreme-pauvrete-les-citoyens-esquissent-des-solutions-20220311_WRCA5LCEKVBJLI3F733T5LVCCU\/\">(11 mars 2022)<\/a><\/p>\n<hr \/>\n<p><span style=\"color: #000000\"><strong>L\u2019Obs [TRIBUNE]<\/strong><\/span><\/p>\n<p class=\"article-page__chapo\"><span style=\"color: #000000\">Le retour de la guerre en Europe suscite naturellement la peur et donne le vertige. Elle conduit l\u00e9gitimement, comme lors de toute crise majeure, \u00e0 la solidarit\u00e9 et \u00e0 l\u2019unit\u00e9 nationale derri\u00e8re nos dirigeants. Difficile d\u00e8s lors d\u2019imaginer que l\u2019\u00e9lection pr\u00e9sidentielle qui structure notre vie d\u00e9mocratique aura lieu dans \u00e0 peine 30 jours. Najat Vallaud-Belkacem.\u00a0<\/span><a href=\"https:\/\/www.nouvelobs.com\/tribunes\/20220307.OBS55386\/najat-vallaud-belkacem-ne-renoncons-pas-au-debat-democratique.html#\"><span style=\"color: #000000\">(7 mars 2022)<\/span><\/a><\/p>\n<hr \/>\n<p><span style=\"color: #000000\"><strong> L\u2019Eclaireur de Ch\u00e2teaubriant [ARTICLE] <\/strong>Mathilde Naud a d\u00e9cid\u00e9 de s\u2019engager aupr\u00e8s de ONE afin d\u2019avoir un impact r\u00e9el et concret dans le monde et pour d\u00e9fendre un monde plus juste. <a href=\"https:\/\/actu.fr\/pays-de-la-loire\/chateaubriant_44036\/chateaubriant-mathilde-sengage-dans-la-lutte-contre-lextreme-pauvrete-dans-le-monde_49196963.html\">(5 mars 2022).<\/a><\/span><\/p>\n<hr \/>\n<p><strong>Oxfam [ARTICLE]<\/strong><br \/>\nL\u2019ONG ONE, \u00e0 l\u2019aide d\u2019autres associations f\u00e9ministes, m\u00e8ne une \u00e9tude qui dresse un bilan bien maigre des mesures f\u00e9ministes adopt\u00e9es lors du quinquennat d\u2019Emmanuel Macron. <a href=\"https:\/\/www.oxfamfrance.org\/rapports\/egalite-femmes-hommes-grande-cause-petit-bilan\/\">(3 mars 2022)<\/a><\/p>\n<hr \/>\n<p><span style=\"color: #000000\"><strong>Le Midi Libre [ARTICLE] <\/strong>Pour Ana\u00efs Ossombo, l\u2019\u00e9galit\u00e9 est une valeur et c\u2019est ce qui a conduit \u00e0 son engagement aupr\u00e8s de ONE, afin de viser un monde plus juste. Se souvenant de l\u2019action men\u00e9e par ONE \u00e0 l\u2019aube de la pr\u00e9sidentielle 2017, elle souhaite, \u00e0 son tour, parvenir \u00e0 convaincre les candidats et candidates \u00e0 l\u2019\u00e9lection 2022 de se tourner vers le sujet de la solidarit\u00e9 internationale.\u00a0 <a href=\"https:\/\/www.bienpublic.com\/social\/2022\/02\/25\/deux-dijonnais-s-engagent-dans-la-lutte-contre-l-extreme-pauvrete\">(28 f\u00e9vrier 2022).<\/a><\/span><\/p>\n<hr \/>\n<p><span style=\"color: #000000\"><strong>France TV \u2013 Guyane 1. [ARTICLE] <\/strong>Arnaud Bordes est jeune Ambassadeur de l\u2019ONG ONE. Oppos\u00e9 au d\u00e9terminisme, il souhaite s\u2019engager pour que tout le monde, partout sur la plan\u00e8te, ait la possibilit\u00e9 d\u2019une vie digne, remplie de possibles. Lass\u00e9 de voir des populations vivre dans l\u2019extr\u00eame pauvret\u00e9, il veut obtenir des engagements concrets des candidats \u00e0 la pr\u00e9sidentielle fran\u00e7aise, afin de mettre fin \u00e0 cette tendance. <a href=\"https:\/\/la1ere.francetvinfo.fr\/guyane\/le-guyanais-arnaud-bordes-engage-contre-l-extreme-pauvrete-nomme-ambassadeur-jeune-pour-l-ong-one-1240825.html\">(25 f\u00e9vrier 2022)<\/a>.<\/span><\/p>\n<hr \/>\n<p><span style=\"color: #000000\"><strong>Le Bien Public [ARTICLE] <\/strong>Guillaume Girault et Arnaud Bordes sont des \u201cGlobal Activists\u201d. Pendant un an, il porteront les valeurs et missions de ONE dans l\u2019espace public, politique et m\u00e9diatique pour sensibiliser les citoyens et leaders politiques aux in\u00e9galit\u00e9s mondiales, exacerb\u00e9es par la pand\u00e9mie et le changement climatique.\u00a0 <a href=\"https:\/\/www.bienpublic.com\/social\/2022\/02\/25\/deux-dijonnais-s-engagent-dans-la-lutte-contre-l-extreme-pauvrete\">(25 f\u00e9vrier 2022).<\/a><\/span><\/p>\n<hr \/>\n<p><span style=\"color: #000000\"><strong>Ouest France [ARTICLE] <\/strong>Mathilde Naud, jeune Ambassadrice de ONE, se mobilise pour r\u00e9duire les <\/span><span style=\"color: #000000\">in\u00e9galit\u00e9s mondiales, l\u2019acc\u00e8s in\u00e9quitable aux vaccins et l\u2019extr\u00eame pauvret\u00e9 dans le monde. Comment s\u2019y prend-elle? Via des campagnes de mobilisation citoyenne, des actions de sensibilisation sur les r\u00e9seaux sociaux, et des mails et des courriers adress\u00e9s aux acteurs politiques.\u00a0 <a href=\"https:\/\/www.ouest-france.fr\/pays-de-la-loire\/chateaubriant-44110\/chateaubriant-a-22-ans-elle-fait-campagne-contre-l-extreme-pauvrete-dans-le-monde-ea63d956-9558-11ec-a598-cbc0ff532848\">(25 f\u00e9vrier 2022)<\/a>.<\/span><\/p>\n<hr \/>\n<p><span style=\"color: #000000\"><strong>L\u2019Est R\u00e9publicain [ARTICLE] <\/strong>\u00c9lise Liotard, Arya Billon et Paula Druschke, sont des jeunes Ambassadrices de ONE. Fortement engag\u00e9es, les trois jeunes \u00e9tudiantes discutent de solidarit\u00e9 et coop\u00e9ration internationale avec le grand public et les d\u00e9cideurs politiques. Elles se battent pour garantir une vie d\u00e9cente aux plus d\u00e9munis.<\/span><span style=\"color: #000000\">\u00a0<a href=\"https:\/\/www.estrepublicain.fr\/education\/2022\/02\/22\/trois-etudiantes-deviennent-ambassadrices-de-l-ong-one\">(22 f\u00e9vrier 2022).<\/a><\/span><\/p>\n<hr \/>\n<p><span style=\"color: #000000\"><strong>Ouest France [ARTICLE] <\/strong>Maylis Lepinette et Clara No\u00ebl-Hou\u00e9d\u00e9 font partie des 74 jeunes Ambassadeurs et Ambassadrices de ONE sur l\u2019ensemble du territoire national. Au cours de cette ann\u00e9e d\u2019\u00e9lections pr\u00e9sidentielles et l\u00e9gislatives, elles auront le r\u00f4le d\u2019influencer les candidats et futures acteurs politiques dans le but de r\u00e9duire l\u2019extr\u00eame pauvret\u00e9 dans le monde. <\/span><span style=\"color: #000000\">\u00a0<a href=\"https:\/\/www.ouest-france.fr\/bretagne\/saint-malo-35400\/saint-malo-clara-et-maylis-ambassadrices-contre-la-pauvrete-08af9a8e-90be-11ec-bcbd-1dcb07d3bd37\">(21 f\u00e9vrier 2022)<\/a><\/span><\/p>\n<hr \/>\n<p><span style=\"color: #000000\"><strong>La Croix [ARTICLE] \u00ab <\/strong>La dette africaine est d\u00e9tenue pour un tiers par des acteurs publics, pour un tiers par des acteurs priv\u00e9s et pour un tiers par des banques publiques de d\u00e9veloppement. Les acteurs priv\u00e9s attendent souvent de fa\u00e7on cynique qu\u2019une part de la dette publique soit annul\u00e9e, de fa\u00e7on que les marges de man\u0153uvre budg\u00e9taires ainsi d\u00e9gag\u00e9es leur permettent d\u2019\u00eatre rembours\u00e9s \u00bb. Ma\u00e9 Kurkjian,\u00a0 <a href=\"https:\/\/www.la-croix.com\/Economie\/creanciers-prives-compliquent-reglement-dette-africaine-2022-02-18-1201201085\">(18 f\u00e9vrier 2022).<\/a><\/span><a href=\"https:\/\/www.la-croix.com\/Economie\/creanciers-prives-compliquent-reglement-dette-africaine-2022-02-18-1201201085\"><br \/>\n<\/a><\/p>\n<hr \/>\n<p><span style=\"color: #000000\"><strong>Outremers 360\u00b0 [ARTICLE] <\/strong>Arnaud Bordes rejoint le programme \u00ab jeune Ambassadeur \u00bb de ONE afin de porter encore plus haut, encore plus fort les combats capitaux qui sont l\u2019extr\u00eame pauvret\u00e9 et la lutte contre les maladies \u00e9vitables dans les pays les plus pauvres. <\/span><span style=\"color: #000000\">\u00a0<a href=\"https:\/\/outremers360.com\/bassin-atlantique-appli\/le-guyanais-arnaud-bordes-devient-jeune-ambassadeur-de-one-organisation-cofondee-par-le-chanteur-bono-qui-lutte-contre-lextreme-pauvrete\">(18 f\u00e9vrier 2022)<\/a>.<\/span><\/p>\n<hr \/>\n<p><span style=\"color: #000000\"><strong>Euractiv [ARTICLE] <\/strong>L\u2019enjeu principal du sommet UE-UA sur le plan sanitaire est de poser les bases d\u2019une lutte efficace pour les futures crises sanitaires. <\/span>\u00abTant que les pays africains ne pourront pas produire leurs propres vaccins, ils seront toujours \u00e0 la tra\u00eene. Or, ce continent ne devrait pas avoir \u00e0 d\u00e9pendre des autres pour sa propre s\u00e9curit\u00e9 sanitaire \u00bb. Najat Vallaud-Belkacem,\u00a0<a href=\"https:\/\/www.euractiv.fr\/section\/sante-modes-de-vie\/news\/sommet-ue-afrique-poser-les-bases-dune-lutte-efficace-pour-lapres-covid\/\">(17 f\u00e9vrier 2022)<\/a>.<\/p>\n<hr \/>\n<p><span style=\"color: #000000\"><strong>France 24 [ARTICLE] <\/strong>ONE d\u00e9nonce le blocage de l\u2019UE sur la lev\u00e9e des brevets, y compris au sein de l\u2019OMC. \u00ab De nombreuses usines se trouvent en Europe. Nous d\u00e9fendons nos int\u00e9r\u00eats \u00e9conomiques et industriels. Ce qui est en train de se jouer, ce sont les int\u00e9r\u00eats \u00e9conomiques de pays du Nord contre l\u2019acc\u00e8s au soin de pays du Sud \u00bb, <\/span><span style=\"color: #000000\">Ma\u00e9 Kurkjian, <a href=\"https:\/\/www.france24.com\/fr\/afrique\/20220217-lev%C3%A9e-des-brevets-sur-les-vaccins-anti-covid-la-question-qui-f%C3%A2che-au-sommet-ue-ua\">(17 f\u00e9vrier 2022)<\/a><\/span><\/p>\n<hr \/>\n<p><span style=\"color: #000000\"><strong>L\u2019Obs [TRIBUNE] <\/strong>L\u2019\u00e9go\u00efsme vaccinal de l\u2019Union europ\u00e9enne, qui malgr\u00e9 des taux de vaccination importants continue \u00e0 bloquer des mesures cl\u00e9s qui permettraient de faire progresser l\u2019\u00e9quit\u00e9 vaccinale, est \u00e0 ce titre apparu pour ce qu\u2019il est : irrationnel et injuste.\u00a0<\/span>Sans vaccination des populations des pays vuln\u00e9rables, nous ne pourrons freiner l\u2019apparition de nouveaux variants. <span style=\"color: #000000\">Najat Vallaud-Belkacem, <\/span><a href=\"https:\/\/www.nouvelobs.com\/afrique\/20220217.OBS54627\/najat-vallaud-belkacem-l-europe-et-l-afrique-enfin-d-egal-a-egal.html\"><span style=\"color: #000000\">(17 F\u00e9vrier 2022)<\/span><\/a><\/p>\n<hr \/>\n<p><span style=\"color: #000000\"><strong>Jeune Afrique [LETTRE OUVERTE] <\/strong>Au lancement du sommet UE-UA, un collectif de jeunes activistes africains et europ\u00e9ens s\u2019adressent aux dirigeants des deux continents.\u00a0<\/span>Les d\u00e9fis auxquels nous faisons face sont mondiaux par nature. Qu\u2019il s\u2019agisse de la pand\u00e9mie de Covid-19, du d\u00e9r\u00e8glement climatique ou des in\u00e9galit\u00e9s mondiales, seul un leadership centr\u00e9 sur la coop\u00e9ration est en mesure d\u2019apporter les r\u00e9ponses n\u00e9cessaires. <a href=\"https:\/\/www.jeuneafrique.com\/1313551\/politique\/ua-ue-les-enjeux-sont-trop-grands-pour-avoir-le-droit-a-lerreur\/\">(16 f\u00e9vrier 2022).<\/a><\/p>\n<hr \/>\n<p><span style=\"color: #000000\"><strong>La Croix [ARTICLE] <\/strong>\u00ab Le sommet UE-UA offre une opportunit\u00e9 unique de prendre des mesures concr\u00e8tes qui rapprochent l\u2019Afrique de l\u2019autosuffisance pour lutter contre le Covid-19 \u00bb. Edwin Ikhuoria, responsable de ONE.\u00a0 <a href=\"https:\/\/www.la-croix.com\/sommet-changer-donne-entre-Europe-Afrique-2022-02-17-1301200783\">(17 f\u00e9vrier 2022)<\/a>.<\/span><\/p>\n<hr \/>\n<p><span style=\"color: #000000\"><strong>France Bleu Bourgogne [ARTICLE] <\/strong>Guillaume Girault devient jeune Ambassadeur de ONE. Sensibiliser dirigeants politiques et citoyens sur des th\u00e9matiques telles que les in\u00e9galit\u00e9s mondiales ou le difficile acc\u00e8s \u00e0 la vaccination dans les pays pauvres. Voil\u00e0 un aper\u00e7u des missions du jeune militant. <a href=\"https:\/\/www.francebleu.fr\/vie-quotidienne\/bien-etre-sante\/j-ai-la-fibre-associative-a-24-ans-guillaume-girault-s-engage-contre-les-inegalites-mondiales-1644940910\">(16 f\u00e9vrier 2022).<\/a>\u00a0<\/span><\/p>\n<hr \/>\n<p><span style=\"color: #000000\"><strong> Sud Ouest[ARTICLE] <\/strong>Flora Vanderplancke fait partie des 75 jeunes Ambassadeurs et Ambassadrices de ONE en France qui luttent contre l\u2019extr\u00eame pauvret\u00e9. En menant des campagnes de sensibilisation aux in\u00e9galit\u00e9s mondiales, et en faisant du plaidoyer aupr\u00e8s des dirigeants politiques, Flora se bat pour monde plus juste. <a href=\"https:\/\/www.sudouest.fr\/pyrenees-atlantiques\/bayonne\/saint-jean-de-luz-une-jeune-femme-ambassadrice-de-l-ong-one-8830224.php\">(14 f\u00e9vrier 2022)<\/a>.<\/span><\/p>\n<hr \/>\n<p><span style=\"color: #000000\"><strong>Infos Dijon [ARTICLE]\u00a0 <\/strong>Guillaume Girault et Arnaud Bordes deviennent des jeunes Ambassadeurs de ONE. Pendant un an, ils iront \u00e0 la rencontre des citoyens, citoyennes et politiques pour les convaincre de s\u2019engager \u00e0 leurs c\u00f4t\u00e9s contre les in\u00e9galit\u00e9s dans les pays pauvres.\u00a0 <a href=\"https:\/\/www.infos-dijon.com\/news\/vie-locale\/vie-locale\/solidarite-deux-dijonnais-parmi-les-ambassadeurs-de-l-ong-one.html\">(12 f\u00e9vrier 2022).<\/a><\/span><\/p>\n<hr \/>\n<p><span style=\"color: #000000\"><strong>l\u2019ADN [ARTICLE] <\/strong><\/span>La musique, la mode et l\u2019esth\u00e9tique des ann\u00e9es 1990 sont de nouveau populaires et deviennent incontournables sur les r\u00e9seaux sociaux et dans les d\u00e9fil\u00e9s. Mais ce ne sont pas les seuls \u00e9l\u00e9ments qui reviennent\u2026 Pour la premi\u00e8re fois depuis cette p\u00e9riode, l\u2019extr\u00eame pauvret\u00e9 augmente dans le monde.<span style=\"color: #000000\">\u00a0<a href=\"https:\/\/business.ladn.eu\/news-business\/actualites-annonceurs\/campagne-sensibilisation-ong-one-candidats-presidentielle\/\">(10 f\u00e9vrier 2022).<\/a><\/span><\/p>\n<hr \/>\n<p><span style=\"color: #000000\"><strong>Ouest France [ARTICLE] <\/strong>Mathilde Naud, s\u2019engage aupr\u00e8s de ONE pour la deuxi\u00e8me ann\u00e9e cons\u00e9cutive. Elle est jeune Ambassadrice de ONE et porte-parole de la grande campagne de mobilisation citoyenne lanc\u00e9e \u00e0 l\u2019approche de l\u2019\u00e9lection pr\u00e9sidentielle.\u00a0 <a href=\"https:\/\/www.ouest-france.fr\/bretagne\/rennes-35000\/lutte-contre-la-pauvrete-une-rennaise-ambassadrice-du-mouvement-cree-par-bono-d49a56c2-89c3-11ec-9ae6-d592858b40f6\">(10 f\u00e9vrier 2022).<\/a><\/span><\/p>\n<hr \/>\n<p><span style=\"color: #000000\"><strong>Gala [ARTICLE] <\/strong>Anne Hidalgo avec la casquette \u00e0 l\u2019envers. Christiane Taubira avec un bandeau rouge. Emmanuel Macron avec les cheveux d\u00e9color\u00e9s. Les ann\u00e9es 1990 ont inspir\u00e9 une dr\u00f4le de campagne destin\u00e9e \u00e0 influencer<\/span> le programme politique des candidats \u00e0 l\u2019\u00e9lection pr\u00e9sidentielle.<span style=\"color: #000000\"><a href=\"https:\/\/www.gala.fr\/l_actu\/news_de_stars\/photo-emmanuel-macron-marine-le-pen-relookes-a-la-mode-des-annees-90-cette-campagne-coup-de-poing_486897\">(10 f\u00e9vrier 2022)<\/a>.<\/span><\/p>\n<hr \/>\n<p><span style=\"color: #000000\"><strong>Huffington Post [ARTICLE] <\/strong>Les ann\u00e9es 1990 reviennent \u00e0 la mode, mais pas que: l\u2019extr\u00eame pauvret\u00e9 augmente pour la 1\u00e8re fois depuis cette p\u00e9riode. ONE lance un appel pour que les candidats et candidates \u00e0 l\u2019\u00e9lection pr\u00e9sidentielle proposent des mesures concr\u00e8tes pour<\/span> inverser cette tendance. <span style=\"color: #000000\"><a href=\"https:\/\/www.huffingtonpost.fr\/entry\/macron-pecresse-le-pen-rhabilles-hit-machine-campagne-pauvrete_fr_6203e9c1e4b08357089b2e7f\">\u00a0(10 f\u00e9vrier 2022)<\/a><\/span><\/p>\n<hr \/>\n<p><span style=\"color: #000000\"><strong>Le JDD [ARTICLE] <\/strong>ONE lance une grande campagne de mobilisation citoyenne et de plaidoyer destin\u00e9e \u00e0 interpeller<\/span><span style=\"color: #000000\"> les candidats \u00e0 l\u2019\u00e9lection pr\u00e9sidentielle sur la hausse de l\u2019extr\u00eame pauvret\u00e9 et des in\u00e9galit\u00e9s dans le monde.\u00a0 <\/span><span style=\"color: #000000\">\u00a0<a href=\"https:\/\/www.najat-vallaud-belkacem.com\/2022\/02\/09\/najat-vallaud-belkacem-le-role-de-la-france-dans-le-monde-nest-pas-assez-aborde-dans-cette-campagne-interview-dans-le-jdd\/\">(9 f\u00e9vrier 2022)<\/a><\/span><\/p>\n<hr \/>\n<p><span style=\"color: #000000\"><strong>L\u2019Obs [TRIBUNE] <\/strong><\/span>L\u2019industrie textile et de l\u2019habillement est le symbole de notre inconscience, des d\u00e9rives de la mondialisation et des renoncements politiques. Notre mode de consommation acc\u00e9l\u00e8re le changement climatique et contribue \u00e0 l\u2019exploitation des pays pauvres. Il n\u2019est pas trop tard pour changer les r\u00e8gles du jeu. <span style=\"color: #000000\">Najat Vallaud-Belkacem, <a href=\"https:\/\/www.nouvelobs.com\/opinions\/20220205.OBS54109\/najat-vallaud-belkacem-ce-que-nos-vetements-disent-vraiment-de-nous.html\">(5 f\u00e9vrier 2022)<\/a><\/span><\/p>\n<hr \/>\n<p><span style=\"color: #000000\"><strong>L\u2019Obs [TRIBUNE] <\/strong>Alors que les \u00e9carts de patrimoine ne cessent de s\u2019accro\u00eetre, les candidats de droite et d\u2019extr\u00eame droite rivalisent de promesses de cadeaux fiscaux. Favoriser l\u2019accumulation du patrimoine entre les mains de quelques-uns, c\u2019est encourager la reproduction des in\u00e9galit\u00e9s dans le temps. <\/span><span style=\"color: #000000\">Najat Vallaud-Belkacem, <a href=\"https:\/\/www.nouvelobs.com\/economie\/20220117.OBS53335\/najat-vallaud-belkacem-l-hyper-concentration-patrimoniale-cree-des-inegalites-de-destin.html\">(17 janvier 2022)<\/a>.<\/span><\/p>\n<hr \/>\n<p><span style=\"color: #000000\"><strong>L\u2019ADN [APER\u00c7U] <\/strong>Lors du week-end du Black Friday, ONE m\u00e8ne une campagne de sensibilisation aux in\u00e9galit\u00e9s vaccinales. Sur des affiches, des offres <\/span>\u00ab exclusives \u00bb pour le vaccin d\u00e9voilent que beaucoup n\u2019y ont toujours pas acc\u00e8s.<a href=\"https:\/\/business.ladn.eu\/news-business\/actualites-annonceurs\/one-campagne-sensibilisation-grand-public-inegalites-vaccinales\/\">\u00a0(4 janvier 2022).<\/a><\/p>\n<hr \/>\n<p><span style=\"color: #000000\"><strong>Huffington Post [TRIBUNE]<\/strong> \u0152uvrer pour un monde meilleur l\u00e0-bas, c\u2019est aussi participer \u00e0 la construction d\u2019un monde meilleur ici. Un monde plus juste, c\u2019est l\u2019ambition de ONE et devrait \u00eatre celle de nos futurs \u00e9lus. Najat Vallaud-Belkacem,\u00a0 <a href=\"https:\/\/www.huffingtonpost.fr\/entry\/tribune-najat-vallaud-belkacem-il-faudra-plus-que-des-coups-de-com-sur-twitter-pour-assurer-notre-survie-sur-cette-planete_fr_61aa03b9e4b07fe201264142\">(12 d\u00e9cembre 2021)<\/a>.<\/span><\/p>\n<hr \/>\n<p><span style=\"color: #000000\"><strong> Le Journal du Dimanche [TRIBUNE]<\/strong> R\u00e9duire les in\u00e9galit\u00e9s vaccinales et permettre l\u2019acc\u00e8s aux vaccins est non seulement la seule solution pour sortir de l\u2019impasse du Covid-19 mais constitue une obligation qui incombe aux Etats et aux entreprises pharmaceutiques en mati\u00e8re de droits humains. Collectif d\u2019ONG dont ONE, <a href=\"https:\/\/www.lejdd.fr\/Societe\/tribune-vaccination-contre-le-covid-le-variant-omicron-la-semaine-de-la-honte-pour-les-pays-riches-4080570\">(4 d\u00e9cembre 2021)<\/a>.<\/span><\/p>\n<hr \/>\n<p><strong>Challenges [ARTICLE]<\/strong> Un collectif d\u2019ONG engag\u00e9es, dont ONE, d\u00e9nonce la d\u00e9cision de l\u2019OMC d\u2019annuler la r\u00e9union des ministres des pays membres. \u00abOn marche sur la t\u00eate! C\u2019\u00e9tait justement le moment d\u2019\u00e9voquer cette crise et notamment la lev\u00e9e temporaire des brevets\u00bb. Ma\u00e9 Kurkjian, <a href=\"https:\/\/www.challenges.fr\/entreprise\/sante-et-pharmacie\/variant-omicron-mobilisation-ce-mardi-pour-demander-la-levee-des-brevets_791191\">(30 novembre 2021).<\/a><\/p>\n<hr \/>\n<p><strong>20 Minutes [ARTICLE]<\/strong> Ce nouveau variant doit servir de signal d\u2019alarme pour les gouvernements du monde entier. Il n\u2019est plus possible d\u2019entretenir l\u2019id\u00e9e dangereuse qu\u2019un pays ou un continent peut lutter contre la pand\u00e9mie sur son territoire sans se pr\u00e9occuper du reste du monde. Najat Vallaud-Belkacem, <a href=\"https:\/\/www.20minutes.fr\/sante\/3185155-20211129-coronavirus-planete-raison-ceder-panique-face-variant-omicron\">(29 novembre 2021).<\/a><\/p>\n<hr \/>\n<p><strong>Le Grand Continent [TRIBUNE]<\/strong> En mati\u00e8re de lutte contre la pand\u00e9mie de Covid, le nationalisme vaccinal est une imposture sanitaire qui met en danger notre propre s\u00e9curit\u00e9. Najat Valaud-Belkacem, <a href=\"https:\/\/legrandcontinent.eu\/fr\/2021\/10\/29\/limpasse-du-modele-national-pour-faire-face-aux-crises-sanitaires\/\">(29 octobre 2021)<\/a>.<\/p>\n<hr \/>\n<p><strong>Le Monde [APER\u00c7U]<\/strong> En amont du sommet du G20, ONE lance un appel aux dirigeants \u00e0 agir pour mettre fin \u00e0 la pand\u00e9mie. <a href=\"https:\/\/twitter.com\/ONE_Fr\/status\/1453710623452323842\">(28 octobre 2021)<\/a><\/p>\n<hr \/>\n<p><strong>Lib\u00e9ration [TRIBUNE]<\/strong> La crise de la Covid-19 n\u2019est pas seulement une crise sanitaire, mais aussi une crise \u00e9conomique et sociale qui creuse les in\u00e9galit\u00e9s et qui risque d\u2019an\u00e9antir des ann\u00e9es de lutte contre l\u2019extr\u00eame pauvret\u00e9. Collectif d\u2019associations et personnalit\u00e9s dont ONE, <a href=\"https:\/\/www.liberation.fr\/idees-et-debats\/tribunes\/inegalites-vaccinales-un-an-dinaction-et-de-plus-en-plus-de-morts-20211002_QNNOHFQ3LVEJTNK6ZH7BO7EWEQ\/?redirected=1\">(2 octobre 2021).<\/a><\/p>\n<hr \/>\n<p><strong>Les Echos [TRIBUNE]<\/strong> Le temps presse. C\u2019est partout sur la plan\u00e8te, et pas uniquement dans certains pays riches, qu\u2019il nous faut vaincre le virus, gr\u00e2ce \u00e0 un effort accru de coop\u00e9ration internationale. Najat Vallaud-Belkacem, <a href=\"https:\/\/www.lesechos.fr\/idees-debats\/cercle\/najat-vallaud-belkacem-le-nationalisme-vaccinal-est-une-imposture-sanitaire-1348602\">(23 septembre 2021)<\/a>.<\/p>\n<hr \/>\n<p><strong>Euronews [APER\u00c7U]<\/strong> La question de l\u2019acc\u00e8s au vaccin contre le Covid-19 au coeur d\u2019une mini-s\u00e9rie d\u2019animation nomm\u00e9e <em>Pandemica<\/em>. <a href=\"https:\/\/fr.euronews.com\/video\/2021\/03\/28\/pandemica-une-mini-serie-d-animation-pour-sensibiliser-a-l-acces-aux-vaccins\">(28 mars 2021)<\/a>.<\/p>\n<hr \/>\n<p><strong>Derni\u00e8res Nouvelles d\u2019Alsace [ARTICLE]<\/strong> Margot Schneider rejoint le programme des jeunes ambassadeurs et ambassadrices de ONE pour lutter contre les in\u00e9galit\u00e9s mondiales et l\u2019extr\u00eame pauvret\u00e9. <a href=\"https:\/\/www.dna.fr\/culture-loisirs\/2021\/03\/27\/margot-schneider-jeune-obernoise-devenue-ambassadrice-de-l-ong-fondee-par-bono-le-chanteur-de-u2\">(28 mars 2021)<\/a>.<\/p>\n<hr \/>\n<p><strong>Le Journal du Dimanche [ARTICLE]<\/strong> La s\u00e9rie <em>Pandemica<\/em> d\u00e9nonce les in\u00e9galit\u00e9s d\u2019acc\u00e8s au vaccin et demande aux pays riches de partager leurs stocks. \u00abLe vaccin doit \u00eatre accessible \u00e0 tout le monde, peu importe la nationalit\u00e9 ou le revenu, sinon le virus restera un danger pour tout le monde\u00bb. Ma\u00e9 Kurkjian, <a href=\"https:\/\/www.lejdd.fr\/International\/vaccins-contre-le-covid-19-long-one-lance-un-appel-aux-pays-riches-un-enjeu-dequite-et-defficacite-4033700\">\u00a0(24 mars 2021)<\/a>.<\/p>\n<hr \/>\n<p><strong>Le Dauphin\u00e9 Is\u00e8re [ARTICLE]<\/strong> Chaimaa Taib s\u2019investit dans ONE en tant que jeune ambassadrice pour amplifier sa voix et mener des combats notamment sur la question de l\u2019\u00e9ducation.\u00a0 <a href=\"https:\/\/www.ledauphine.com\/social\/2021\/03\/21\/isere-une-grenobloise-en-lutte-avec-one-et-le-chanteur-bono\">(21 mars 2021)<\/a><\/p>\n<hr \/>\n<p><strong>La Marseillaise [ARTICLE]<\/strong> In\u00e8s Kouevi et Clara No\u00ebl-Hou\u00e9d\u00e9 sont des jeunes ambassadrices de ONE qui luttent pour assurer un acc\u00e8s universel \u00e0 la vaccination contre le covid-19 et convaincre le gouvernement fran\u00e7ais d\u2019augmenter l\u2019aide publique au d\u00e9veloppement. <a href=\"https:\/\/articles.cafeyn.co\/7f0357\/la-marseillaise-bdr-marseille\/2021-03-13\/deux-etudiantes-de-marseille-a-la-lutte-contre-les-inegalites-dans-le-monde\">(21 mars 2021)<\/a>.<\/p>\n<hr \/>\n<p><strong>Vous trouverez ici les interventions r\u00e9centes et les tribunes de ONE dans la presse. <\/strong><strong>Cliquez sur l\u2019image de l\u2019intervention qui vous int\u00e9resse pour \u00eatre redirig\u00e9 vers l\u2019article complet.<\/strong><\/p>\n<hr \/>\n<p><strong>Actu Essonne [INTERVIEW]<\/strong><\/p>\n<p>Deux jeunes Ambassadrices de ONE, Sarah et Ikram, t\u00e9moignent de leur engagement : \u00ab <em>Les causes que d\u00e9fend ONE, comme l\u2019ins\u00e9curit\u00e9 alimentaire et le changement climatique, nous concernent tous.<\/em> \u00bb.\u00a0<a href=\"https:\/\/actu.fr\/ile-de-france\/viry-chatillon_91687\/essonne-ikram-et-sarah-s-engagent-contre-l-extreme-pauvrete-avec-one-l-ong-du-chanteur-bono_59812397.html\"> (5 juillet 2023)<\/a><\/p>\n<p><a href=\"https:\/\/actu.fr\/ile-de-france\/viry-chatillon_91687\/essonne-ikram-et-sarah-s-engagent-contre-l-extreme-pauvrete-avec-one-l-ong-du-chanteur-bono_59812397.html\"><img loading=\"lazy\" decoding=\"async\" class=\"aligncenter wp-image-161959\" src=\"https:\/\/cdn.one.org\/fr\/wp-content\/uploads\/2021\/12\/06094221\/Untitled-design-43-640x640.png\" alt=\"\" width=\"372\" height=\"372\" \/><\/a><\/p>\n<p><strong>\u00a0Jeune Afrique [INTERVIEW]<\/strong><\/p>\n<p>Dans cet entretien avec <em>Jeune Afrique<\/em>, Najat Vallaud-Belkacem, directrice de l\u2019ONG ONE en France, revient sur les grands enjeux du sommet international pour un\u00a0nouveau pacte financier mondial \u00e0 Paris\u00a0: \u00ab\u00a0<em>Notre ONG fait partie de ces acteurs qui cherchent \u00e0 savoir dans quelle mesure les engagements pris lors de telles conf\u00e9rences internationales ont \u00e9t\u00e9 respect\u00e9s ou non. Nous sommes tr\u00e8s attach\u00e9s au respect de la parole donn\u00e9e.<\/em> \u00bb.<a href=\"https:\/\/www.jeuneafrique.com\/1456490\/economie\/najat-vallaud-belkacem-si-le-sommet-de-paris-ne-transforme-pas-le-financement-de-leconomie-mondiale-il-naura-servi-a-rien\/\">(23 juin 2023)<\/a><\/p>\n<p><a href=\"https:\/\/www.jeuneafrique.com\/1456490\/economie\/najat-vallaud-belkacem-si-le-sommet-de-paris-ne-transforme-pas-le-financement-de-leconomie-mondiale-il-naura-servi-a-rien\/\"><img loading=\"lazy\" decoding=\"async\" class=\"aligncenter wp-image-161904\" src=\"https:\/\/cdn.one.org\/fr\/wp-content\/uploads\/2021\/12\/29093449\/Untitled-design-39-640x640.png\" alt=\"\" width=\"386\" height=\"386\" \/><\/a><\/p>\n<p><strong>La Croix [ARTICLE]<\/strong><\/p>\n<p>Najat Vallaud-Belkacem, directrice France de l\u2019ONG ONE, r\u00e9agit aux r\u00e9sultats du sommet pour un nouveau pacte financier mondial\u00a0: \u00ab <em>La France a le m\u00e9rite de mettre les crises climatiques et \u00e9conomiques sous les feux des projecteurs. Mais nous sommes encore loin d\u2019un v\u00e9ritable nouveau pacte financier mondial<\/em> \u00bb. <a href=\"https:\/\/www.la-croix.com\/Economie\/A-Paris-Macron-tente-forger-nouveau-consensus-climat-2023-06-23-1201272792\">(23 juin 2023)<\/a><\/p>\n<p><a href=\"https:\/\/www.la-croix.com\/Economie\/A-Paris-Macron-tente-forger-nouveau-consensus-climat-2023-06-23-1201272792\"><img loading=\"lazy\" decoding=\"async\" class=\"aligncenter wp-image-161945\" src=\"https:\/\/cdn.one.org\/fr\/wp-content\/uploads\/2021\/12\/06091628\/Untitled-design-42-640x260.png\" alt=\"\" width=\"477\" height=\"193\" \/><\/a><\/p>\n<p><strong>Le Monde [ARTICLE]<\/strong><\/p>\n<p>Le sommet pour un nouveau pacte financier mondial vise \u00e0 obtenir de nouveaux engagements financiers pour lutter contre le r\u00e9chauffement climatique et la pauvret\u00e9, notamment par une r\u00e9forme de la Banque mondiale :\u00a0 \u00ab <em>Une telle r\u00e9forme pourrait tripler ses financements<\/em> \u00bb, esp\u00e8re Najat Vallaud-Belkacem, directrice France de l\u2019ONG ONE : \u00ab <em>Le moment est bien choisi, car les tensions entre Nord et Sud sont instrumentalis\u00e9es par la Russie.<\/em> \u00bb.\u00a0 <a href=\"https:\/\/www.lemonde.fr\/economie\/article\/2023\/06\/22\/un-sommet-international-a-paris-pour-repenser-les-relations-nord-sud_6178674_3234.html\">(22 juin 2023)<\/a><\/p>\n<p><b data-stringify-type=\"bold\">Le Point Afrique [INTERVIEW]<\/b><\/p>\n<p>Najat Vallaud-Belkacem revient dans cet entretien pour <em>Le Point Afrique<\/em> sur les enjeux de cette rencontre in\u00e9dite que constitue le Sommet des 22 et 23 juin pour un \u201cNouveau Pacte Financier Mondial\u201d et alerte sur la n\u00e9cessit\u00e9 pour les pays du Nord de tenir leurs engagements envers les pays du Sud. <a href=\"https:\/\/www.lepoint.fr\/afrique\/najat-vallaud-belkacem-les-pays-du-nord-ont-une-dette-envers-ceux-du-sud-21-06-2023-2525437_3826.php\">(21 juin 2023)<\/a><\/p>\n<p><a href=\"https:\/\/www.lepoint.fr\/afrique\/najat-vallaud-belkacem-les-pays-du-nord-ont-une-dette-envers-ceux-du-sud-21-06-2023-2525437_3826.php\"><img loading=\"lazy\" decoding=\"async\" class=\"aligncenter wp-image-161887\" src=\"https:\/\/cdn.one.org\/fr\/wp-content\/uploads\/2021\/12\/21135759\/Untitled-design-37-640x640.png\" alt=\"\" width=\"377\" height=\"377\" \/><\/a><\/p>\n<p><b data-stringify-type=\"bold\">L&#8217;Express [INTERVIEW]<\/b><\/p>\n<p>Najat Vallaud-Belkacem, directrice de ONE France, commente pour <em>L\u2019Express<\/em> les enjeux du sommet pour un \u201cNouveau Pacte Financier Mondial\u201d : \u201c<em>Le langage retenu pour ce sommet, \u201cnouveau pacte\u201d, \u201cnouveau partenariat\u201d, en dit long sur le besoin de cr\u00e9er de nouvelles relations bas\u00e9es sur une vraie r\u00e9ciprocit\u00e9, un vrai respect, une vraie reconnaissance de l\u2019interd\u00e9pendance entre Nord et Sud.<\/em>\u201c. <a href=\"https:\/\/www.lexpress.fr\/idees-et-debats\/najat-vallaud-belkacem-le-systeme-financier-mondial-a-ete-cree-pour-les-pays-riches-TSGWSJL2MJBADIX3J33T6BNLVI\/\">(20 juin 2023)<\/a><\/p>\n<p><a href=\"https:\/\/www.lexpress.fr\/idees-et-debats\/najat-vallaud-belkacem-le-systeme-financier-mondial-a-ete-cree-pour-les-pays-riches-TSGWSJL2MJBADIX3J33T6BNLVI\/\"><img loading=\"lazy\" decoding=\"async\" class=\"aligncenter wp-image-161888\" src=\"https:\/\/cdn.one.org\/fr\/wp-content\/uploads\/2021\/12\/21135901\/Untitled-design-36-640x591.png\" alt=\"\" width=\"294\" height=\"271\" \/><\/a><\/p>\n<p><strong>L\u2019Obs [TRIBUNE]<\/strong><\/p>\n<p>Najat Vallaud-Belkacem, directrice de ONE en France, s\u2019est exprim\u00e9e \u00e0 l\u2019occasion de l\u2019accession d\u2019Ajay Banga \u00e0 la pr\u00e9sidence du Groupe de la Banque mondiale : \u00a0\u00ab<em>L\u2019arriv\u00e9e d\u2019Ajay Banga doit \u00eatre l\u2019occasion de faire \u00e9voluer l\u2019institution, pour \u00eatre \u00e0 la hauteur des enjeux et disposer des ressources et des outils n\u00e9cessaires pour obtenir des r\u00e9sultats \u00e0 grande \u00e9chelle sur le d\u00e9veloppement, la pauvret\u00e9 et le d\u00e9fi climatique.<\/em>\u00bb. <a href=\"https:\/\/www.nouvelobs.com\/opinions\/20230608.OBS74251\/banque-mondiale-un-nouveau-president-pour-un-nouveau-depart-par-najat-vallaud-belkacem.html\">(8 juin 2023)<\/a><\/p>\n<p><a href=\"https:\/\/www.nouvelobs.com\/opinions\/20230608.OBS74251\/banque-mondiale-un-nouveau-president-pour-un-nouveau-depart-par-najat-vallaud-belkacem.html\"><img loading=\"lazy\" decoding=\"async\" class=\"aligncenter wp-image-161851\" src=\"https:\/\/cdn.one.org\/fr\/wp-content\/uploads\/2021\/12\/14095504\/Banque-mondiale-un-nouveau-president-pour-un-nouveau-depart--640x588.png\" alt=\"\" width=\"296\" height=\"272\" \/><\/a><\/p>\n<p><strong>Le Monde [TRIBUNE COLLECTIVE]<\/strong><\/p>\n<p>74 \u00e9conomistes internationaux, dont Joseph Stiglitz, Jayati Ghosh, Laurence Tubiana, Gunther Capelle-Blancard, appellent dans cette tribune au \u00ab Monde \u00bb \u00e0 cr\u00e9er une taxe mondiale sur les transactions boursi\u00e8res pour financer la lutte contre la pauvret\u00e9 et le r\u00e9chauffement climatique. Retrouvez la liste compl\u00e8te des signataires <a href=\"https:\/\/www.one.org\/fr\/press\/liste-des-signataires\/\">sur notre site<\/a>.\u00a0 <a href=\"https:\/\/www.lemonde.fr\/idees\/article\/2023\/06\/06\/un-pas-vers-une-taxe-internationale-sur-les-transactions-financieres-serait-une-premiere-historique_6176430_3232.html\">(6 juin 2023)<\/a><\/p>\n<p><a href=\"https:\/\/www.lemonde.fr\/idees\/article\/2023\/06\/06\/un-pas-vers-une-taxe-internationale-sur-les-transactions-financieres-serait-une-premiere-historique_6176430_3232.html\"><img loading=\"lazy\" decoding=\"async\" class=\"aligncenter wp-image-161862\" src=\"https:\/\/cdn.one.org\/fr\/wp-content\/uploads\/2021\/12\/14100643\/Banque-mondiale-un-nouveau-president-pour-un-nouveau-depart-Tribune-par-Najat-Vallaud-Belkacem-directrice-de-ONE-en-France-1-640x412.png\" alt=\"\" width=\"395\" height=\"254\" \/><\/a><\/p>\n<p><strong>The Conversation [TRIBUNE]<\/strong><\/p>\n<p>L\u2019\u00e9conomiste Gunther Capelle-Blancard pr\u00e9sente son rapport, publi\u00e9 par ONE, montrant qu\u2019une taxe sur les transactions financi\u00e8res (TTF), appliqu\u00e9e aux pays du G20, et \u00e9largie aux transactions intra-journali\u00e8res et au trading \u00e0 haute fr\u00e9quence, permettrait de lever pr\u00e8s de \u20ac400 milliards par an. Ainsi, comme le souligne l\u2019\u00e9conomiste, \u00ab <em>\u00c0 l\u2019heure o\u00f9 les gouvernements cherchent \u00e0 financer la lutte contre le changement climatique ou \u00e0 l\u2019aide au d\u00e9veloppement, la TTF appara\u00eet donc comme un levier fiscal de choix.<\/em> \u00bb. <a href=\"https:\/\/theconversation.com\/une-taxe-mondiale-sur-les-transactions-financieres-pourrait-rapporter-jusqua-400-milliards-deuros-par-an-206307\">(31 mai 2023)<\/a><\/p>\n<p><a href=\"https:\/\/theconversation.com\/une-taxe-mondiale-sur-les-transactions-financieres-pourrait-rapporter-jusqua-400-milliards-deuros-par-an-206307\"><img loading=\"lazy\" decoding=\"async\" class=\"aligncenter wp-image-161857\" src=\"https:\/\/cdn.one.org\/fr\/wp-content\/uploads\/2021\/12\/14100350\/Screenshot-289-640x358.png\" alt=\"\" width=\"393\" height=\"219\" \/><\/a><\/p>\n<p><strong>Euractiv [TRIBUNE]<\/strong><\/p>\n<p>277 jeunes Ambassadeurs et Ambassadrices de ONE en Europe unissent leur voix pour demander \u00e0 la France de mettre \u00e0 contribution le secteur financier afin de lutter contre la pauvret\u00e9 et le changement climatique, notamment \u00e0 l\u2019approche du Sommet International de Paris pour un Nouveau pacte financier mondial, les 22 et 23 juin prochains. Ils appellent la France \u00e0 tenir ses engagements et \u00e0 utiliser son influence pour promouvoir une taxe internationale sur les transactions financi\u00e8res. <a href=\"https:\/\/www.euractiv.fr\/section\/economie\/opinion\/pauvrete-climat-la-france-doit-mettre-a-contribution-les-marches-financiers\/\">(23 mai 2023)<\/a><\/p>\n<p><a href=\"https:\/\/www.euractiv.fr\/section\/economie\/opinion\/pauvrete-climat-la-france-doit-mettre-a-contribution-les-marches-financiers\/\"><img loading=\"lazy\" decoding=\"async\" class=\"aligncenter wp-image-161808\" src=\"https:\/\/cdn.one.org\/fr\/wp-content\/uploads\/2021\/12\/24125041\/Untitled-design-31-640x221.png\" alt=\"\" width=\"534\" height=\"185\" \/><\/a><\/p>\n<p><b data-stringify-type=\"bold\">Vaucluse Matin [INTERVIEW]<\/b><\/p>\n<p>Juliette Merrer fait partie des 55 jeunes s\u00e9lectionn\u00e9.e.s pour devenir jeunes Ambassadeurs et Ambassadrices de ONE, l\u2019ONG de lutte contre l\u2019extr\u00eame pauvret\u00e9. Elle t\u00e9moigne de son engagement : \u201c<em>Quand l\u2019Afrique n\u2019\u00e9met que 4 % des \u00e9missions de C02, les dix pays les plus vuln\u00e9rables au changement climatique sont tous sur ce continent<\/em>\u201c.\u00a0 <a href=\"https:\/\/www.ledauphine.com\/societe\/2023\/05\/18\/juliette-merrer-porte-parole-d-une-jeunesse-engagee\">(18 mai 2023)<\/a><\/p>\n<p><b data-stringify-type=\"bold\">L\u2019Opinion [ARTICLE]<\/b><\/p>\n<p>Pour financer la lutte contre la pauvret\u00e9 et le changement climatique, l\u2019id\u00e9e de la taxe sur les transactions financi\u00e8res (TTF) fait son retour sur la table des n\u00e9gociations. Gunther Capelle-Blancard, \u00e9conomiste sp\u00e9cialiste des march\u00e9s financiers et professeur \u00e0 l\u2019universit\u00e9 Paris-I Panth\u00e9on-Sorbonne, a publi\u00e9 le 15 mai un chiffrage de la TTF command\u00e9 par l\u2019ONG ONE. L\u2019\u00e9tude montre qu\u2019elle pourrait rapporter gros\u2026entre 156 et 260 milliards d\u2019euros ! <a href=\"https:\/\/www.lopinion.fr\/economie\/letude-qui-rehabilite-la-taxe-sur-les-transactions-financieres\">(17 mai 2023)<\/a><\/p>\n<p><b data-stringify-type=\"bold\">Alternatives Economiques [ARTICLE]<\/b><\/p>\n<p>Les pays du Nord sont responsables de la majorit\u00e9 des \u00e9missions de gaz \u00e0 effet de serre accumul\u00e9es dans l\u2019atmosph\u00e8re depuis 1850. Les pays du Sud, eux, en subissent les principales cons\u00e9quences. Face \u00e0 ce constat, plusieurs options gagnent en visibilit\u00e9 et seront discut\u00e9es lors d\u2019un Sommet international en juin \u00e0 Paris \u201cpour un nouveau pacte financier mondial\u201d entre les pays du Sud et du Nord. Parmi ces options, une taxe sur les transactions financi\u00e8res (TTF) est discut\u00e9e. Adopt\u00e9e par l\u2019ensemble des pays du G20, elle pourrait rapporter entre 156 et 260 milliards d\u2019euros par an, estime Gunther Capelle-Blancard, \u00e9conomiste \u00e0 l\u2019Universit\u00e9 Paris 1, dans une nouvelle \u00e9tude rendue publique par l\u2019ONG ONE.\u00a0<a href=\"https:\/\/www.alternatives-economiques.fr\/lafrique-se-payer-transition-climatique\/00106953\"> (16 mai 2023)<\/a><\/p>\n<p><b data-stringify-type=\"bold\">Lib\u00e9ration [ARTICLE]<\/b><\/p>\n<p>Une nouvelle \u00e9tude de l\u2019\u00e9conomiste Gunther Capelle-Blancard et rendue publique par l\u2019ONG ONE montre qu\u2019une taxe sur les transactions financi\u00e8res, appliqu\u00e9e aux pays du G20, permettrait de lever entre \u20ac156 et \u20ac260 milliards par an, permettant ainsi de financer les besoins colossaux de financements pour lutter contre le changement climatique ou contre la pauvret\u00e9.\u00a0 (<a href=\"https:\/\/www.liberation.fr\/economie\/taxer-les-transactions-financieres-le-retour-dune-idee-qui-pourrait-rapporter-gros-20230515_ACLRGTKM45EXTPUUJIQFIJRDTM\/\">15 mai 2023)<\/a><\/p>\n<p><strong>CB News [ARTICLE]<\/strong><\/p>\n<p>L\u2019Afrique ne produit que 4% des \u00e9missions de gaz \u00e0 effet de serre. Pourtant, le continent fait partie des plus impact\u00e9s par le r\u00e9chauffement climatique. Absurde n\u2019est-ce pas ? Ne laissons pas l\u2019Afrique \u00eatre la premi\u00e8re victime du r\u00e9chauffement climatique. C\u2019est pour cela qu\u2019\u00e0 l\u2019approche du Sommet pour un \u201cNouveau pacte financier mondial\u201d qui se tiendra en juin \u00e0 Paris, ONE appelle les dirigeants mondiaux \u00e0 red\u00e9finir les r\u00e8gles afin de garantir un avenir durable pour toutes et tous.\u00a0 <a href=\"https:\/\/www.cbnews.fr\/marques\/image-one-strike-illustrent-injustice-absurde-76340\">(2 mai 2023)<\/a><\/p>\n<p><b data-stringify-type=\"bold\">Lille Actu [INTERVIEW]<\/b><\/p>\n<p>Houda, 24 ans et Manon, 26 ans, ont toutes les deux grandi dans la m\u00e9tropole de Lille et sont jeunes Ambassadrices de ONE. Elles t\u00e9moignent de leur engagement. <a href=\"https:\/\/actu.fr\/societe\/nord-avec-one-houda-et-manon-sengagent-contre-lextreme-pauvrete-et-les-maladies-evitables_59237016.html\">\u00a0(26 avril 2023)<\/a><\/p>\n<p><b data-stringify-type=\"bold\">La Nouvelle R\u00e9publique [INTERVIEW]<\/b><\/p>\n<p>Cl\u00e9mence Coulange a \u00e9t\u00e9 s\u00e9lectionn\u00e9e pour devenir jeune Ambassadrice de l\u2019ONG ONE : \u201c<em>ONE est une organisation de campagne et de plaidoyer, qui ne demande pas de dons, souligne-t-elle. Mon objectif, c\u2019est de rencontrer des personnalit\u00e9s politiques et de les pousser \u00e0 agir<\/em>.\u201d <a href=\"https:\/\/www.lanouvellerepublique.fr\/tours\/tours-une-tourangelle-ambassadrice-de-l-ong-one\">(22 avril 2023)<\/a><\/p>\n<p><b data-stringify-type=\"bold\">La Marne [INTERVIEW]<\/b><\/p>\n<p>Eunice Baraka Fura a 21 ans. Elle est devenue cette ann\u00e9e jeune Ambassadrice de ONE !\u00a0 <a href=\"https:\/\/actu.fr\/ile-de-france\/magny-le-hongre_77268\/seine-et-marne-a-21-ans-elle-sengage-pour-lutter-contre-lextreme-pauvrete_59043864.html\">(18 avril 2023)<\/a><\/p>\n<p><strong>Le Monde [TRIBUNE]<\/strong><\/p>\n<p>Dans cette tribune collective, cinq organisations luttant contre la corruption et le blanchiment de capitaux, parmi lesquelles ONE, appellent \u00e0 un acc\u00e8s public et gratuit aux registres identifiant les b\u00e9n\u00e9ficiaires effectifs des soci\u00e9t\u00e9s, ou a minima pour la presse ainsi que les organisations de la soci\u00e9t\u00e9 civile. D\u00e9fendre la transparence financi\u00e8re ne vise pas uniquement \u00e0 lutter contre la fraude fiscale et juridique mais aussi \u00e0 garantir la transparence de l\u2019information, pierre angulaire de nos d\u00e9mocraties.\u00a0 <a href=\"https:\/\/www.lemonde.fr\/idees\/article\/2023\/04\/18\/evasion-fiscale-l-union-europeenne-doit-faire-le-choix-de-la-transparence-financiere-car-il-n-y-a-pas-de-democratie-sans-transparence_6170030_3232.html\">(18 avril 2023)<\/a><\/p>\n<p><b data-stringify-type=\"bold\">Actu Orl\u00e9ans [INTERVIEW]<\/b><\/p>\n<p>Jeune Ambassadrice de ONE \u00e0 Orl\u00e9ans, Juline Guyot t\u00e9moigne. Les 22 et 23 juin 2023, un sommet sur le \u00ab nouveau pacte financier mondial \u00bb se tiendra \u00e0 Paris. L\u2019ONG ONE se mobilise pour un \u00ab budget d\u2019aide publique au d\u00e9veloppement plus ambitieux, \u00e0 la hauteur de l\u2019urgence et des d\u00e9fis mondiaux \u00bb.\u00a0 <a href=\"https:\/\/actu.fr\/centre-val-de-loire\/orleans_45234\/ambassadrice-de-one-a-orleans-juline-veut-lutter-contre-la-pauvrete-mondiale_59005706.html\">(18 avril 2023)<\/a><\/p>\n<p><b data-stringify-type=\"bold\">\u00a0L\u2019Orient-Le Jour [ARTICLE]<\/b><\/p>\n<p>Reprise, dans une d\u00e9p\u00eache de l\u2019AFD, de la r\u00e9action de ONE aux nouveaux chiffres de l\u2019aide publique au d\u00e9veloppement (APD) pour 2022 publi\u00e9s par l\u2019OCDE. L\u2019 APD mondiale a augment\u00e9 de 13,6%. Cette croissance est principalement due \u00e0 l\u2019augmentation des co\u00fbts d\u2019accueil des personnes r\u00e9fugi\u00e9es, notamment venant d\u2019Ukraine, sur les territoires des pays donateurs.<a href=\"https:\/\/www.lorientlejour.com\/article\/1334555\/laide-publique-au-developpement-a-atteint-un-record-en-2022-a-204-milliards-de-dollars.html\">(12 avril 2023)<\/a><\/p>\n<p><strong>L\u2019Obs [TRIBUNE]<\/strong><\/p>\n<p>Najat Vallaud-Belkacem r\u00e9agit \u00e0 la suspension de France 24 au Burkina Faso et celle de RFI au Mali, et alerte sur les dangers de la guerre informationnelle actuellement \u00e0 l\u2019\u0153uvre sur le continent africain.\u00a0 <a href=\"https:\/\/www.nouvelobs.com\/opinions\/20230411.OBS72030\/solidarite-internationale-le-poison-lent-de-la-desinformation-par-najat-vallaud-belkacem.html\">(11 avril 2023)<\/a><\/p>\n<p><b data-stringify-type=\"bold\">\u00a0La Croix[TRIBUNE]<\/b><\/p>\n<p>Onze organisations, parmi lesquelles ONE, alertent sur les cons\u00e9quences dramatiques du changement climatique au Sahel et dans la Corne de l\u2019Afrique, notamment en termes de s\u00e9curit\u00e9 alimentaire. <a href=\"https:\/\/www.la-croix.com\/Debats\/Au-Sahel-Corne-lAfrique-changement-climatique-tue-deja-2023-04-07-1201262543\">(07 avril 2023)<\/a><\/p>\n<p><b data-stringify-type=\"bold\">Le Club de Mediapart [LETTRE OUVERTE]<\/b><\/p>\n<p>Alors que le 7 avril marquait la Journ\u00e9e mondiale de la sant\u00e9, ONE s\u2019est jointe \u00e0 d\u2019autres ONG pour appeler le pr\u00e9sident Emmanuel Macron \u00e0 augmenter la part de l\u2019aide publique au d\u00e9veloppement destin\u00e9e au secteur de la sant\u00e9. <a href=\"https:\/\/blogs.mediapart.fr\/action-sante-mondiale\/blog\/070423\/lettre-ouverte-au-president-emmanuel-macron-pour-la-journee-mondiale-de-la-sante\">\u00a0(07 avril 2023)<\/a><\/p>\n<p><strong>L\u2019Union #Ta news [INTERVIEW]<\/strong><\/p>\n<p>Romane Mika, jeune Ambassadrice de ONE, depuis 6 ans nous livre son t\u00e9moignage : \u201cCette exp\u00e9rience m\u2019apporte personnellement \u00e9norm\u00e9ment au quotidien, que ce soit dans ma prise de parole, dans ma fa\u00e7on de r\u00e9diger ou encore les diff\u00e9rentes rencontres que j\u2019ai pu faire\u201d.\u00a0 <a href=\"https:\/\/www.lunion.fr\/id472066\/article\/2023-04-06\/une-remoise-engagee-avec-long-one-contre-les-inegalites-mondiales\">(06 avril 2023)<\/a><\/p>\n<p><b data-stringify-type=\"bold\">AEF Info [INTERVIEW]<\/b><\/p>\n<p>Najat Vallaud-Belkacem, directrice de ONE France, revient sur le r\u00f4le et les attentes de ONE pour le sommet du 22 et 23 juin sur le nouveau pacte financier Nord-Sud, qui \u201cest l\u2019occasion de s\u2019engager une fois pour toutes\u201d en faveur de la taxe sur les transactions financi\u00e8res (TTF).\u00a0 <a href=\"https:\/\/www.aefinfo.fr\/depeche\/690058\">(04 avril 2023)<\/a><\/p>\n<p><b data-stringify-type=\"bold\">Le T\u00e9l\u00e9gramme [INTERVIEW]<\/b><\/p>\n<p>Rencontre avec M\u00e9lissa Borrallo, devenue jeune Ambassadrice de ONE : \u201cEn tant que jeunes ambassadeurs, nous allons directement \u00e0 la rencontre d\u2019\u00e9lus politiques pour les convaincre d\u2019agir en faveur de la lutte contre l\u2019extr\u00eame pauvret\u00e9. Nous leur demandons de mettre ces probl\u00e9matiques \u00e0 leur agenda et de d\u00e9bloquer des financements. Nous menons aussi des campagnes, avec comme but de sensibiliser le grand public.\u201d <a href=\"https:\/\/www.letelegramme.fr\/finistere\/concarneau\/contre-l-extreme-pauvrete-la-concarnoise-melissa-borrallo-s-engage-29-03-2023-13307003.php\">\u00a0(29 mars 2023)<\/a><\/p>\n<p><b data-stringify-type=\"bold\">Ouest-France [INTERVIEW]<\/b><\/p>\n<p>Laila Djafarou est jeune Ambassadrice de l\u2019ONG ONE qui lutte contre les in\u00e9galit\u00e9s mondiales et l\u2019extr\u00eame pauvret\u00e9. Elle revient sur son parcours et ses missions. <a href=\"https:\/\/www.ouest-france.fr\/normandie\/caen-14000\/entretien-originaire-de-caen-laila-djafarou-est-ambassadrice-de-one-long-du-chanteur-bono-8ff5c8e8-c4ce-11ed-93d7-4c4cd65beb9c\">\u00a0(27 mars 2023)<\/a><\/p>\n<p><b data-stringify-type=\"bold\">Le Dauphin\u00e9 Lib\u00e9r\u00e9 [INTERVIEW]<\/b><\/p>\n<p>Pendant un an, en tant que jeunes Ambassadeurs et Ambassadrices de ONE, Justine, Chaimaa, Ana\u00efs et Quentin se font les porte-paroles de l\u2019action de l\u2019ONG qui lutte contre l\u2019extr\u00eame pauvret\u00e9. Quentin nous en parle : \u00ab Nous sommes \u00e0 un moment charni\u00e8re et il est temps d\u2019agir contre les in\u00e9galit\u00e9s \u00bb. <a href=\"https:\/\/www.ledauphine.com\/social\/2023\/03\/25\/isere-quatre-grenoblois-deviennent-porte-paroles-de-la-lutte-contre-l-extreme-pauvrete\">\u00a0(26 mars 2023)<\/a><\/p>\n<p><b data-stringify-type=\"bold\">Lib\u00e9ration [TRIBUNE]<\/b><\/p>\n<p>Dans le contexte de la r\u00e9forme des retraites en France, Najat Vallaud-Belkacem, directrice de ONE France, interpelle sur les conditions des travailleurs et travailleuses \u00e9tranger.\u00e8re.s, sans qui de nombreux secteurs essentiels de notre \u00e9conomie ne pourraient fonctionner correctement. Pourtant, ces personnes restent des victimes oubli\u00e9es de la r\u00e9forme. <a href=\"https:\/\/www.liberation.fr\/idees-et-debats\/tribunes\/travailleurs-etrangers-les-grands-oublies-de-la-reforme-des-retraites-par-najat-vallaud-belkacem-20230324_JYBUUNRXTFF7LGS2Q36ZVX3VGA\/\">\u00a0(24 mars 2023)<\/a><\/p>\n<p><b data-stringify-type=\"bold\">Jeune Afrique [TRIBUNE]<\/b><\/p>\n<p>Alors que le pr\u00e9sident Emmanuel Macron a achev\u00e9 son 18\u00e8me s\u00e9jour en Afrique, Najat-Vallaud Belkacem, directrice France de ONE, et Serah Makka, directrice Afrique de ONE, insistent sur la n\u00e9cessit\u00e9 d\u2019un meilleur partenariat Afrique-France, une relation d\u2019\u00e9gal \u00e0 \u00e9gal, qui doit notamment passer par l\u2019int\u00e9gration de l\u2019Union Africaine au G20.\u00a0 <a href=\"https:\/\/www.jeuneafrique.com\/1425839\/politique\/plaidoyer-pour-un-meilleur-partenariat-afrique-france\/\">(10 mars 2023)<\/a><\/p>\n<p><b data-stringify-type=\"bold\">La R\u00e9publique de Seine-et-Marne [INTERVIEW]<\/b><\/p>\n<p>Yacine Belhadi, 29 ans, est jeune Ambassadeur de ONE et va repr\u00e9senter l\u2019ONG pour lutter contre les in\u00e9galit\u00e9s et la pauvret\u00e9.\u00a0 <a href=\"https:\/\/cdn.one.org\/fr\/wp-content\/uploads\/2021\/12\/29121221\/Untitled-design-640x640.png\">(20 mars 2023)<\/a><\/p>\n<p><strong>L\u2019Obs [TRIBUNE]<\/strong><\/p>\n<p>Face au constat que le ch\u00f4mage supplante d\u00e9sormais l\u2019adh\u00e9sion \u00e0 une id\u00e9ologie religieuse comme principal moteur de l\u2019extr\u00e9misme violent, Najat Vallaud-Belkacem, directrice France de ONE, appelle \u00e0 lever les freins structurels \u00e0 la cr\u00e9ation d\u2019emplois d\u00e9cents sur le continent africain.<a href=\"https:\/\/www.nouvelobs.com\/opinions\/20230222.OBS69886\/le-sous-emploi-chronique-de-certaines-regions-du-monde-menace-notre-paix-et-securite.html\">\u00a0(22 f\u00e9vrier 2023)<\/a><\/p>\n<p><strong>\u00a0L\u2019Express[TRIBUNE]<\/strong><\/p>\n<p>Face au constat du manque criant de financement pour atteindre les Objectifs de d\u00e9veloppement durable, Najat Vallaud-Belkacem, directrice France de ONE, appelle \u00e0 une r\u00e9forme en profondeur des r\u00e8gles du jeu des banques multilat\u00e9rales de d\u00e9veloppement qui pourraient pr\u00eater jusqu\u2019\u00e0 1 000 milliards de dollars suppl\u00e9mentaires si elles utilisaient leur capital plus efficacement.<a href=\"https:\/\/www.lexpress.fr\/idees-et-debats\/najat-vallaud-belkacem-les-1000-milliards-de-dollars-pour-le-developpement-sont-a-portee-de-la-main-Z7X2CJHHBZG7FAL27OAWSSNNTY\/\"> (29 janvier 2023)<\/a><\/p>\n<p><strong>\u00a0Informelles [INTERVIEW]<\/strong><\/p>\n<p>Najat Vallaud-Belkacem, directrice France de ONE, revient sur son parcours de femme en politique et son engagement contre l\u2019extr\u00eame pauvret\u00e9 ; l\u2019occasion d\u2019\u00e9voquer la question du Fonds pour les pertes et dommages subis par les pays en d\u00e9veloppement les plus vuln\u00e9rables au r\u00e9chauffement climatique. <a href=\"https:\/\/www.informelles.media\/najat-vallaud-belkacem-8-questions-a-la-femme-politique-dg-ong-one\/\">(13 janvier 2023)<\/a><\/p>\n<p><strong>[TRIBUNE]<\/strong><\/p>\n<p>Suite \u00e0 la r\u00e9cente d\u00e9cision de la Cour de justice de l\u2019UE d\u2019invalider la mesure permettant la libre consultation par les citoyens europ\u00e9ens des b\u00e9n\u00e9ficiaires effectifs des entreprises cr\u00e9\u00e9es au sein de l\u2019Union, Najat Vallaud-Belkacem souligne l\u2019importance que rev\u00eat pourtant cette mesure de bon sens, en en pr\u00e9sentant d\u2019autres \u00e0 m\u00eame de mieux lutter contre l\u2019\u00e9vasion fiscale et le blanchiment d\u2019argent.<\/p>\n<p><strong>Vous trouverez ici les interventions r\u00e9centes et les tribunes de ONE dans la presse. <\/strong><strong>Cliquez sur l\u2019image de l\u2019intervention qui vous int\u00e9resse pour \u00eatre redirig\u00e9 vers l\u2019article complet.<\/strong><\/p>\n<hr \/>\n<p><strong>Actu Essonne [INTERVIEW]<\/strong><\/p>\n<p>Deux jeunes Ambassadrices de ONE, Sarah et Ikram, t\u00e9moignent de leur engagement : \u00ab <em>Les causes que d\u00e9fend ONE, comme l\u2019ins\u00e9curit\u00e9 alimentaire et le changement climatique, nous concernent tous.<\/em> \u00bb.\u00a0<a href=\"https:\/\/actu.fr\/ile-de-france\/viry-chatillon_91687\/essonne-ikram-et-sarah-s-engagent-contre-l-extreme-pauvrete-avec-one-l-ong-du-chanteur-bono_59812397.html\"> (5 juillet 2023)<\/a><\/p>\n<p><strong>\u00a0Jeune Afrique [INTERVIEW]<\/strong><\/p>\n<p>Dans cet entretien avec <em>Jeune Afrique<\/em>, Najat Vallaud-Belkacem, directrice de l\u2019ONG ONE en France, revient sur les grands enjeux du sommet international pour un\u00a0nouveau pacte financier mondial \u00e0 Paris\u00a0: \u00ab\u00a0<em>Notre ONG fait partie de ces acteurs qui cherchent \u00e0 savoir dans quelle mesure les engagements pris lors de telles conf\u00e9rences internationales ont \u00e9t\u00e9 respect\u00e9s ou non. Nous sommes tr\u00e8s attach\u00e9s au respect de la parole donn\u00e9e.<\/em> \u00bb.<a href=\"https:\/\/www.jeuneafrique.com\/1456490\/economie\/najat-vallaud-belkacem-si-le-sommet-de-paris-ne-transforme-pas-le-financement-de-leconomie-mondiale-il-naura-servi-a-rien\/\">(23 juin 2023)<\/a><\/p>\n<p><strong>La Croix [ARTICLE]<\/strong><\/p>\n<p>Najat Vallaud-Belkacem, directrice France de l\u2019ONG ONE, r\u00e9agit aux r\u00e9sultats du sommet pour un nouveau pacte financier mondial\u00a0: \u00ab <em>La France a le m\u00e9rite de mettre les crises climatiques et \u00e9conomiques sous les feux des projecteurs. Mais nous sommes encore loin d\u2019un v\u00e9ritable nouveau pacte financier mondial<\/em> \u00bb. <a href=\"https:\/\/www.la-croix.com\/Economie\/A-Paris-Macron-tente-forger-nouveau-consensus-climat-2023-06-23-1201272792\">(23 juin 2023)<\/a><\/p>\n<p><strong>Le Monde [ARTICLE]<\/strong><\/p>\n<p>Le sommet pour un nouveau pacte financier mondial vise \u00e0 obtenir de nouveaux engagements financiers pour lutter contre le r\u00e9chauffement climatique et la pauvret\u00e9, notamment par une r\u00e9forme de la Banque mondiale :\u00a0 \u00ab <em>Une telle r\u00e9forme pourrait tripler ses financements<\/em> \u00bb, esp\u00e8re Najat Vallaud-Belkacem, directrice France de l\u2019ONG ONE : \u00ab <em>Le moment est bien choisi, car les tensions entre Nord et Sud sont instrumentalis\u00e9es par la Russie.<\/em> \u00bb.\u00a0 <a href=\"https:\/\/www.lemonde.fr\/economie\/article\/2023\/06\/22\/un-sommet-international-a-paris-pour-repenser-les-relations-nord-sud_6178674_3234.html\">(22 juin 2023)<\/a><\/p>\n<p><b data-stringify-type=\"bold\">Le Point Afrique [INTERVIEW]<\/b><\/p>\n<p>Najat Vallaud-Belkacem revient dans cet entretien pour <em>Le Point Afrique<\/em> sur les enjeux de cette rencontre in\u00e9dite que constitue le Sommet des 22 et 23 juin pour un \u201cNouveau Pacte Financier Mondial\u201d et alerte sur la n\u00e9cessit\u00e9 pour les pays du Nord de tenir leurs engagements envers les pays du Sud. <a href=\"https:\/\/www.lepoint.fr\/afrique\/najat-vallaud-belkacem-les-pays-du-nord-ont-une-dette-envers-ceux-du-sud-21-06-2023-2525437_3826.php\">(21 juin 2023)<\/a><\/p>\n<p><b data-stringify-type=\"bold\">L&#8217;Express [INTERVIEW]<\/b><\/p>\n<p>Najat Vallaud-Belkacem, directrice de ONE France, commente pour <em>L\u2019Express<\/em> les enjeux du sommet pour un \u201cNouveau Pacte Financier Mondial\u201d : \u201c<em>Le langage retenu pour ce sommet, \u201cnouveau pacte\u201d, \u201cnouveau partenariat\u201d, en dit long sur le besoin de cr\u00e9er de nouvelles relations bas\u00e9es sur une vraie r\u00e9ciprocit\u00e9, un vrai respect, une vraie reconnaissance de l\u2019interd\u00e9pendance entre Nord et Sud.<\/em>\u201c. <a href=\"https:\/\/www.lexpress.fr\/idees-et-debats\/najat-vallaud-belkacem-le-systeme-financier-mondial-a-ete-cree-pour-les-pays-riches-TSGWSJL2MJBADIX3J33T6BNLVI\/\">(20 juin 2023)<\/a><\/p>\n<p><strong>L\u2019Obs [TRIBUNE]<\/strong><\/p>\n<p>Najat Vallaud-Belkacem, directrice de ONE en France, s\u2019est exprim\u00e9e \u00e0 l\u2019occasion de l\u2019accession d\u2019Ajay Banga \u00e0 la pr\u00e9sidence du Groupe de la Banque mondiale : \u00a0\u00ab<em>L\u2019arriv\u00e9e d\u2019Ajay Banga doit \u00eatre l\u2019occasion de faire \u00e9voluer l\u2019institution, pour \u00eatre \u00e0 la hauteur des enjeux et disposer des ressources et des outils n\u00e9cessaires pour obtenir des r\u00e9sultats \u00e0 grande \u00e9chelle sur le d\u00e9veloppement, la pauvret\u00e9 et le d\u00e9fi climatique.<\/em>\u00bb. <a href=\"https:\/\/www.nouvelobs.com\/opinions\/20230608.OBS74251\/banque-mondiale-un-nouveau-president-pour-un-nouveau-depart-par-najat-vallaud-belkacem.html\">(8 juin 2023)<\/a><\/p>\n<p><strong>Le Monde [TRIBUNE COLLECTIVE]<\/strong><\/p>\n<p>74 \u00e9conomistes internationaux, dont Joseph Stiglitz, Jayati Ghosh, Laurence Tubiana, Gunther Capelle-Blancard, appellent dans cette tribune au \u00ab Monde \u00bb \u00e0 cr\u00e9er une taxe mondiale sur les transactions boursi\u00e8res pour financer la lutte contre la pauvret\u00e9 et le r\u00e9chauffement climatique. Retrouvez la liste compl\u00e8te des signataires <a href=\"https:\/\/www.one.org\/fr\/press\/liste-des-signataires\/\">sur notre site<\/a>.\u00a0 <a href=\"https:\/\/www.lemonde.fr\/idees\/article\/2023\/06\/06\/un-pas-vers-une-taxe-internationale-sur-les-transactions-financieres-serait-une-premiere-historique_6176430_3232.html\">(6 juin 2023)<\/a><\/p>\n<p><strong>The Conversation [TRIBUNE]<\/strong><\/p>\n<p>L\u2019\u00e9conomiste Gunther Capelle-Blancard pr\u00e9sente son rapport, publi\u00e9 par ONE, montrant qu\u2019une taxe sur les transactions financi\u00e8res (TTF), appliqu\u00e9e aux pays du G20, et \u00e9largie aux transactions intra-journali\u00e8res et au trading \u00e0 haute fr\u00e9quence, permettrait de lever pr\u00e8s de \u20ac400 milliards par an. Ainsi, comme le souligne l\u2019\u00e9conomiste, \u00ab <em>\u00c0 l\u2019heure o\u00f9 les gouvernements cherchent \u00e0 financer la lutte contre le changement climatique ou \u00e0 l\u2019aide au d\u00e9veloppement, la TTF appara\u00eet donc comme un levier fiscal de choix.<\/em> \u00bb. <a href=\"https:\/\/theconversation.com\/une-taxe-mondiale-sur-les-transactions-financieres-pourrait-rapporter-jusqua-400-milliards-deuros-par-an-206307\">(31 mai 2023)<\/a><\/p>\n<p><strong>Euractiv [TRIBUNE]<\/strong><\/p>\n<p>277 jeunes Ambassadeurs et Ambassadrices de ONE en Europe unissent leur voix pour demander \u00e0 la France de mettre \u00e0 contribution le secteur financier afin de lutter contre la pauvret\u00e9 et le changement climatique, notamment \u00e0 l\u2019approche du Sommet International de Paris pour un Nouveau pacte financier mondial, les 22 et 23 juin prochains. Ils appellent la France \u00e0 tenir ses engagements et \u00e0 utiliser son influence pour promouvoir une taxe internationale sur les transactions financi\u00e8res. <a href=\"https:\/\/www.euractiv.fr\/section\/economie\/opinion\/pauvrete-climat-la-france-doit-mettre-a-contribution-les-marches-financiers\/\">(23 mai 2023)<\/a><\/p>\n<p><b data-stringify-type=\"bold\">Vaucluse Matin [INTERVIEW]<\/b><\/p>\n<p>Juliette Merrer fait partie des 55 jeunes s\u00e9lectionn\u00e9.e.s pour devenir jeunes Ambassadeurs et Ambassadrices de ONE, l\u2019ONG de lutte contre l\u2019extr\u00eame pauvret\u00e9. Elle t\u00e9moigne de son engagement : \u201c<em>Quand l\u2019Afrique n\u2019\u00e9met que 4 % des \u00e9missions de C02, les dix pays les plus vuln\u00e9rables au changement climatique sont tous sur ce continent<\/em>\u201c.\u00a0 <a href=\"https:\/\/www.ledauphine.com\/societe\/2023\/05\/18\/juliette-merrer-porte-parole-d-une-jeunesse-engagee\">(18 mai 2023)<\/a><\/p>\n<p><b data-stringify-type=\"bold\">L\u2019Opinion [ARTICLE]<\/b><\/p>\n<p>Pour financer la lutte contre la pauvret\u00e9 et le changement climatique, l\u2019id\u00e9e de la taxe sur les transactions financi\u00e8res (TTF) fait son retour sur la table des n\u00e9gociations. Gunther Capelle-Blancard, \u00e9conomiste sp\u00e9cialiste des march\u00e9s financiers et professeur \u00e0 l\u2019universit\u00e9 Paris-I Panth\u00e9on-Sorbonne, a publi\u00e9 le 15 mai un chiffrage de la TTF command\u00e9 par l\u2019ONG ONE. L\u2019\u00e9tude montre qu\u2019elle pourrait rapporter gros\u2026entre 156 et 260 milliards d\u2019euros ! <a href=\"https:\/\/www.lopinion.fr\/economie\/letude-qui-rehabilite-la-taxe-sur-les-transactions-financieres\">(17 mai 2023)<\/a><\/p>\n<p><b data-stringify-type=\"bold\">Alternatives Economiques [ARTICLE]<\/b><\/p>\n<p>Les pays du Nord sont responsables de la majorit\u00e9 des \u00e9missions de gaz \u00e0 effet de serre accumul\u00e9es dans l\u2019atmosph\u00e8re depuis 1850. Les pays du Sud, eux, en subissent les principales cons\u00e9quences. Face \u00e0 ce constat, plusieurs options gagnent en visibilit\u00e9 et seront discut\u00e9es lors d\u2019un Sommet international en juin \u00e0 Paris \u201cpour un nouveau pacte financier mondial\u201d entre les pays du Sud et du Nord. Parmi ces options, une taxe sur les transactions financi\u00e8res (TTF) est discut\u00e9e. Adopt\u00e9e par l\u2019ensemble des pays du G20, elle pourrait rapporter entre 156 et 260 milliards d\u2019euros par an, estime Gunther Capelle-Blancard, \u00e9conomiste \u00e0 l\u2019Universit\u00e9 Paris 1, dans une nouvelle \u00e9tude rendue publique par l\u2019ONG ONE.\u00a0<a href=\"https:\/\/www.alternatives-economiques.fr\/lafrique-se-payer-transition-climatique\/00106953\"> (16 mai 2023)<\/a><\/p>\n<p><b data-stringify-type=\"bold\">Lib\u00e9ration [ARTICLE]<\/b><\/p>\n<p>Une nouvelle \u00e9tude de l\u2019\u00e9conomiste Gunther Capelle-Blancard et rendue publique par l\u2019ONG ONE montre qu\u2019une taxe sur les transactions financi\u00e8res, appliqu\u00e9e aux pays du G20, permettrait de lever entre \u20ac156 et \u20ac260 milliards par an, permettant ainsi de financer les besoins colossaux de financements pour lutter contre le changement climatique ou contre la pauvret\u00e9.\u00a0 (<a href=\"https:\/\/www.liberation.fr\/economie\/taxer-les-transactions-financieres-le-retour-dune-idee-qui-pourrait-rapporter-gros-20230515_ACLRGTKM45EXTPUUJIQFIJRDTM\/\">15 mai 2023)<\/a><\/p>\n<p><strong>CB News [ARTICLE]<\/strong><\/p>\n<p>L\u2019Afrique ne produit que 4% des \u00e9missions de gaz \u00e0 effet de serre. Pourtant, le continent fait partie des plus impact\u00e9s par le r\u00e9chauffement climatique. Absurde n\u2019est-ce pas ? Ne laissons pas l\u2019Afrique \u00eatre la premi\u00e8re victime du r\u00e9chauffement climatique. C\u2019est pour cela qu\u2019\u00e0 l\u2019approche du Sommet pour un \u201cNouveau pacte financier mondial\u201d qui se tiendra en juin \u00e0 Paris, ONE appelle les dirigeants mondiaux \u00e0 red\u00e9finir les r\u00e8gles afin de garantir un avenir durable pour toutes et tous.\u00a0 <a href=\"https:\/\/www.cbnews.fr\/marques\/image-one-strike-illustrent-injustice-absurde-76340\">(2 mai 2023)<\/a><\/p>\n<p><b data-stringify-type=\"bold\">Lille Actu [INTERVIEW]<\/b><\/p>\n<p>Houda, 24 ans et Manon, 26 ans, ont toutes les deux grandi dans la m\u00e9tropole de Lille et sont jeunes Ambassadrices de ONE. Elles t\u00e9moignent de leur engagement. <a href=\"https:\/\/actu.fr\/societe\/nord-avec-one-houda-et-manon-sengagent-contre-lextreme-pauvrete-et-les-maladies-evitables_59237016.html\">\u00a0(26 avril 2023)<\/a><\/p>\n<p><b data-stringify-type=\"bold\">La Nouvelle R\u00e9publique [INTERVIEW]<\/b><\/p>\n<p>Cl\u00e9mence Coulange a \u00e9t\u00e9 s\u00e9lectionn\u00e9e pour devenir jeune Ambassadrice de l\u2019ONG ONE : \u201c<em>ONE est une organisation de campagne et de plaidoyer, qui ne demande pas de dons, souligne-t-elle. Mon objectif, c\u2019est de rencontrer des personnalit\u00e9s politiques et de les pousser \u00e0 agir<\/em>.\u201d <a href=\"https:\/\/www.lanouvellerepublique.fr\/tours\/tours-une-tourangelle-ambassadrice-de-l-ong-one\">(22 avril 2023)<\/a><\/p>\n<p><b data-stringify-type=\"bold\">La Marne [INTERVIEW]<\/b><\/p>\n<p>Eunice Baraka Fura a 21 ans. Elle est devenue cette ann\u00e9e jeune Ambassadrice de ONE !\u00a0 <a href=\"https:\/\/actu.fr\/ile-de-france\/magny-le-hongre_77268\/seine-et-marne-a-21-ans-elle-sengage-pour-lutter-contre-lextreme-pauvrete_59043864.html\">(18 avril 2023)<\/a><\/p>\n<p><strong>Le Monde [TRIBUNE]<\/strong><\/p>\n<p>Dans cette tribune collective, cinq organisations luttant contre la corruption et le blanchiment de capitaux, parmi lesquelles ONE, appellent \u00e0 un acc\u00e8s public et gratuit aux registres identifiant les b\u00e9n\u00e9ficiaires effectifs des soci\u00e9t\u00e9s, ou a minima pour la presse ainsi que les organisations de la soci\u00e9t\u00e9 civile. D\u00e9fendre la transparence financi\u00e8re ne vise pas uniquement \u00e0 lutter contre la fraude fiscale et juridique mais aussi \u00e0 garantir la transparence de l\u2019information, pierre angulaire de nos d\u00e9mocraties.\u00a0 <a href=\"https:\/\/www.lemonde.fr\/idees\/article\/2023\/04\/18\/evasion-fiscale-l-union-europeenne-doit-faire-le-choix-de-la-transparence-financiere-car-il-n-y-a-pas-de-democratie-sans-transparence_6170030_3232.html\">(18 avril 2023)<\/a><\/p>\n<p><b data-stringify-type=\"bold\">Actu Orl\u00e9ans [INTERVIEW]<\/b><\/p>\n<p>Jeune Ambassadrice de ONE \u00e0 Orl\u00e9ans, Juline Guyot t\u00e9moigne. Les 22 et 23 juin 2023, un sommet sur le \u00ab nouveau pacte financier mondial \u00bb se tiendra \u00e0 Paris. L\u2019ONG ONE se mobilise pour un \u00ab budget d\u2019aide publique au d\u00e9veloppement plus ambitieux, \u00e0 la hauteur de l\u2019urgence et des d\u00e9fis mondiaux \u00bb.\u00a0 <a href=\"https:\/\/actu.fr\/centre-val-de-loire\/orleans_45234\/ambassadrice-de-one-a-orleans-juline-veut-lutter-contre-la-pauvrete-mondiale_59005706.html\">(18 avril 2023)<\/a><\/p>\n<p><b data-stringify-type=\"bold\">\u00a0L\u2019Orient-Le Jour [ARTICLE]<\/b><\/p>\n<p>Reprise, dans une d\u00e9p\u00eache de l\u2019AFD, de la r\u00e9action de ONE aux nouveaux chiffres de l\u2019aide publique au d\u00e9veloppement (APD) pour 2022 publi\u00e9s par l\u2019OCDE. L\u2019 APD mondiale a augment\u00e9 de 13,6%. Cette croissance est principalement due \u00e0 l\u2019augmentation des co\u00fbts d\u2019accueil des personnes r\u00e9fugi\u00e9es, notamment venant d\u2019Ukraine, sur les territoires des pays donateurs.<a href=\"https:\/\/www.lorientlejour.com\/article\/1334555\/laide-publique-au-developpement-a-atteint-un-record-en-2022-a-204-milliards-de-dollars.html\">(12 avril 2023)<\/a><\/p>\n<p><strong>L\u2019Obs [TRIBUNE]<\/strong><\/p>\n<p>Najat Vallaud-Belkacem r\u00e9agit \u00e0 la suspension de France 24 au Burkina Faso et celle de RFI au Mali, et alerte sur les dangers de la guerre informationnelle actuellement \u00e0 l\u2019\u0153uvre sur le continent africain.\u00a0 <a href=\"https:\/\/www.nouvelobs.com\/opinions\/20230411.OBS72030\/solidarite-internationale-le-poison-lent-de-la-desinformation-par-najat-vallaud-belkacem.html\">(11 avril 2023)<\/a><\/p>\n<p><b data-stringify-type=\"bold\">\u00a0La Croix[TRIBUNE]<\/b><\/p>\n<p>Onze organisations, parmi lesquelles ONE, alertent sur les cons\u00e9quences dramatiques du changement climatique au Sahel et dans la Corne de l\u2019Afrique, notamment en termes de s\u00e9curit\u00e9 alimentaire. <a href=\"https:\/\/www.la-croix.com\/Debats\/Au-Sahel-Corne-lAfrique-changement-climatique-tue-deja-2023-04-07-1201262543\">(07 avril 2023)<\/a><\/p>\n<p><b data-stringify-type=\"bold\">Le Club de Mediapart [LETTRE OUVERTE]<\/b><\/p>\n<p>Alors que le 7 avril marquait la Journ\u00e9e mondiale de la sant\u00e9, ONE s\u2019est jointe \u00e0 d\u2019autres ONG pour appeler le pr\u00e9sident Emmanuel Macron \u00e0 augmenter la part de l\u2019aide publique au d\u00e9veloppement destin\u00e9e au secteur de la sant\u00e9. <a href=\"https:\/\/blogs.mediapart.fr\/action-sante-mondiale\/blog\/070423\/lettre-ouverte-au-president-emmanuel-macron-pour-la-journee-mondiale-de-la-sante\">\u00a0(07 avril 2023)<\/a><\/p>\n<p><strong>L\u2019Union #Ta news [INTERVIEW]<\/strong><\/p>\n<p>Romane Mika, jeune Ambassadrice de ONE, depuis 6 ans nous livre son t\u00e9moignage : \u201cCette exp\u00e9rience m\u2019apporte personnellement \u00e9norm\u00e9ment au quotidien, que ce soit dans ma prise de parole, dans ma fa\u00e7on de r\u00e9diger ou encore les diff\u00e9rentes rencontres que j\u2019ai pu faire\u201d.\u00a0 <a href=\"https:\/\/www.lunion.fr\/id472066\/article\/2023-04-06\/une-remoise-engagee-avec-long-one-contre-les-inegalites-mondiales\">(06 avril 2023)<\/a><\/p>\n<p><b data-stringify-type=\"bold\">AEF Info [INTERVIEW]<\/b><\/p>\n<p>Najat Vallaud-Belkacem, directrice de ONE France, revient sur le r\u00f4le et les attentes de ONE pour le sommet du 22 et 23 juin sur le nouveau pacte financier Nord-Sud, qui \u201cest l\u2019occasion de s\u2019engager une fois pour toutes\u201d en faveur de la taxe sur les transactions financi\u00e8res (TTF).\u00a0 <a href=\"https:\/\/www.aefinfo.fr\/depeche\/690058\">(04 avril 2023)<\/a><\/p>\n<p><b data-stringify-type=\"bold\">Le T\u00e9l\u00e9gramme [INTERVIEW]<\/b><\/p>\n<p>Rencontre avec M\u00e9lissa Borrallo, devenue jeune Ambassadrice de ONE : \u201cEn tant que jeunes ambassadeurs, nous allons directement \u00e0 la rencontre d\u2019\u00e9lus politiques pour les convaincre d\u2019agir en faveur de la lutte contre l\u2019extr\u00eame pauvret\u00e9. Nous leur demandons de mettre ces probl\u00e9matiques \u00e0 leur agenda et de d\u00e9bloquer des financements. Nous menons aussi des campagnes, avec comme but de sensibiliser le grand public.\u201d <a href=\"https:\/\/www.letelegramme.fr\/finistere\/concarneau\/contre-l-extreme-pauvrete-la-concarnoise-melissa-borrallo-s-engage-29-03-2023-13307003.php\">\u00a0(29 mars 2023)<\/a><\/p>\n<p><b data-stringify-type=\"bold\">Ouest-France [INTERVIEW]<\/b><\/p>\n<p>Laila Djafarou est jeune Ambassadrice de l\u2019ONG ONE qui lutte contre les in\u00e9galit\u00e9s mondiales et l\u2019extr\u00eame pauvret\u00e9. Elle revient sur son parcours et ses missions. <a href=\"https:\/\/www.ouest-france.fr\/normandie\/caen-14000\/entretien-originaire-de-caen-laila-djafarou-est-ambassadrice-de-one-long-du-chanteur-bono-8ff5c8e8-c4ce-11ed-93d7-4c4cd65beb9c\">\u00a0(27 mars 2023)<\/a><\/p>\n<p><b data-stringify-type=\"bold\">Le Dauphin\u00e9 Lib\u00e9r\u00e9 [INTERVIEW]<\/b><\/p>\n<p>Pendant un an, en tant que jeunes Ambassadeurs et Ambassadrices de ONE, Justine, Chaimaa, Ana\u00efs et Quentin se font les porte-paroles de l\u2019action de l\u2019ONG qui lutte contre l\u2019extr\u00eame pauvret\u00e9. Quentin nous en parle : \u00ab Nous sommes \u00e0 un moment charni\u00e8re et il est temps d\u2019agir contre les in\u00e9galit\u00e9s \u00bb. <a href=\"https:\/\/www.ledauphine.com\/social\/2023\/03\/25\/isere-quatre-grenoblois-deviennent-porte-paroles-de-la-lutte-contre-l-extreme-pauvrete\">\u00a0(26 mars 2023)<\/a><\/p>\n<p><b data-stringify-type=\"bold\">Lib\u00e9ration [TRIBUNE]<\/b><\/p>\n<p>Dans le contexte de la r\u00e9forme des retraites en France, Najat Vallaud-Belkacem, directrice de ONE France, interpelle sur les conditions des travailleurs et travailleuses \u00e9tranger.\u00e8re.s, sans qui de nombreux secteurs essentiels de notre \u00e9conomie ne pourraient fonctionner correctement. Pourtant, ces personnes restent des victimes oubli\u00e9es de la r\u00e9forme. <a href=\"https:\/\/www.liberation.fr\/idees-et-debats\/tribunes\/travailleurs-etrangers-les-grands-oublies-de-la-reforme-des-retraites-par-najat-vallaud-belkacem-20230324_JYBUUNRXTFF7LGS2Q36ZVX3VGA\/\">\u00a0(24 mars 2023)<\/a><\/p>\n<p><b data-stringify-type=\"bold\">Jeune Afrique [TRIBUNE]<\/b><\/p>\n<p>Alors que le pr\u00e9sident Emmanuel Macron a achev\u00e9 son 18\u00e8me s\u00e9jour en Afrique, Najat-Vallaud Belkacem, directrice France de ONE, et Serah Makka, directrice Afrique de ONE, insistent sur la n\u00e9cessit\u00e9 d\u2019un meilleur partenariat Afrique-France, une relation d\u2019\u00e9gal \u00e0 \u00e9gal, qui doit notamment passer par l\u2019int\u00e9gration de l\u2019Union Africaine au G20.\u00a0 <a href=\"https:\/\/www.jeuneafrique.com\/1425839\/politique\/plaidoyer-pour-un-meilleur-partenariat-afrique-france\/\">(10 mars 2023)<\/a><\/p>\n<p><b data-stringify-type=\"bold\">La R\u00e9publique de Seine-et-Marne [INTERVIEW]<\/b><\/p>\n<p>Yacine Belhadi, 29 ans, est jeune Ambassadeur de ONE et va repr\u00e9senter l\u2019ONG pour lutter contre les in\u00e9galit\u00e9s et la pauvret\u00e9.\u00a0 <a href=\"https:\/\/cdn.one.org\/fr\/wp-content\/uploads\/2021\/12\/29121221\/Untitled-design-640x640.png\">(20 mars 2023)<\/a><\/p>\n<p><strong>L\u2019Obs [TRIBUNE]<\/strong><\/p>\n<p>Face au constat que le ch\u00f4mage supplante d\u00e9sormais l\u2019adh\u00e9sion \u00e0 une id\u00e9ologie religieuse comme principal moteur de l\u2019extr\u00e9misme violent, Najat Vallaud-Belkacem, directrice France de ONE, appelle \u00e0 lever les freins structurels \u00e0 la cr\u00e9ation d\u2019emplois d\u00e9cents sur le continent africain.<a href=\"https:\/\/www.nouvelobs.com\/opinions\/20230222.OBS69886\/le-sous-emploi-chronique-de-certaines-regions-du-monde-menace-notre-paix-et-securite.html\">\u00a0(22 f\u00e9vrier 2023)<\/a><\/p>\n<p><strong>\u00a0L\u2019Express [TRIBUNE]<\/strong><\/p>\n<p>Face au constat du manque criant de financement pour atteindre les Objectifs de d\u00e9veloppement durable, Najat Vallaud-Belkacem, directrice France de ONE, appelle \u00e0 une r\u00e9forme en profondeur des r\u00e8gles du jeu des banques multilat\u00e9rales de d\u00e9veloppement qui pourraient pr\u00eater jusqu\u2019\u00e0 1 000 milliards de dollars suppl\u00e9mentaires si elles utilisaient leur capital plus efficacement.<a href=\"https:\/\/www.lexpress.fr\/idees-et-debats\/najat-vallaud-belkacem-les-1000-milliards-de-dollars-pour-le-developpement-sont-a-portee-de-la-main-Z7X2CJHHBZG7FAL27OAWSSNNTY\/\"> (29 janvier 2023)<\/a><\/p>\n<p><strong>\u00a0Informelles [INTERVIEW]<\/strong><\/p>\n<p>Najat Vallaud-Belkacem, directrice France de ONE, revient sur son parcours de femme en politique et son engagement contre l\u2019extr\u00eame pauvret\u00e9 ; l\u2019occasion d\u2019\u00e9voquer la question du Fonds pour les pertes et dommages subis par les pays en d\u00e9veloppement les plus vuln\u00e9rables au r\u00e9chauffement climatique. <a href=\"https:\/\/www.informelles.media\/najat-vallaud-belkacem-8-questions-a-la-femme-politique-dg-ong-one\/\">(13 janvier 2023)<\/a><\/p>\n<p><strong>Le Grand Continent <\/strong><\/p>\n<p><strong>[TRIBUNE]<\/strong><\/p>\n<p>Suite \u00e0 la r\u00e9cente d\u00e9cision de la Cour de justice de l\u2019UE d\u2019invalider la mesure permettant la libre consultation par les citoyens europ\u00e9ens des b\u00e9n\u00e9ficiaires effectifs des entreprises cr\u00e9\u00e9es au sein de l\u2019Union, Najat Vallaud-Belkacem souligne l\u2019importance que rev\u00eat pourtant cette mesure de bon sens, en en pr\u00e9sentant d\u2019autres \u00e0 m\u00eame de mieux lutter contre l\u2019\u00e9vasion fiscale et le blanchiment d\u2019argent. <a href=\"https:\/\/legrandcontinent.eu\/fr\/2022\/12\/08\/proteger-la-democratie-contre-lopacite-financiere\/\">(8 d\u00e9cembre 2022)<\/a><\/p>\n<p><strong>\u00a0L\u2019Obs [TRIBUNE]<\/strong><\/p>\n<p>A l\u2019occasion de l\u2019examen du projet de constitutionnalisation de l\u2019IVG \u00e0 l\u2019Assembl\u00e9e Nationale, Najat Vallaud-Belkacem, directrice de ONE France, fait le point sur les diff\u00e9rentes menaces qui plane sur le droit \u00e0 l\u2019avortement dans le monde. <a href=\"https:\/\/www.nouvelobs.com\/opinions\/20221123.OBS66264\/najat-vallaud-belkacem-une-femme-meurt-toutes-les-neuf-minutes-d-un-avortement-non-securise.html\">(23 novembre 2022)<\/a><\/p>\n<p><strong>Agence Ivoirienne de Presse [ARTICLE]<\/strong><\/p>\n<p>L\u2019Agence Ivoirienne de Presse relaie notre plaidoyer pour des politiques industrielles qui stimulent les investissements dans les secteurs comp\u00e9titifs ainsi que pour des droits de douanes all\u00e9g\u00e9s, afin de stimuler les importations de mat\u00e9riels industriels.\u00a0 <a href=\"https:\/\/www.aip.ci\/cote-divoire-aip-long-one-campaign-plaide-pour-des-actions-politiques-dans-lexploitation-du-potentiel-des-jeunes-en-afrique\/\">(23 novembre 2022)<\/a><\/p>\n<p><strong>Le Club de Mediapart [TRIBUNE]<\/strong><\/p>\n<p>Neuf associations, parmi lesquelles ONE, soulignent l\u2019\u00e9cart criant entre les ambitions qu\u2019a affich\u00e9 fi\u00e8rement Emmanuel Macron durant la crise du Covid-19 et le niveau des investissements fran\u00e7ais dans la sant\u00e9 mondiale.\u00a0 <a href=\"https:\/\/blogs.mediapart.fr\/action-sante-mondiale\/blog\/171122\/la-france-grille-la-priorite-la-sante-mondiale\">(17 novembre 2022)<\/a><\/p>\n<p><strong>Euractiv [INTERVIEW]<\/strong><br \/>\nGayle Smith, Pr\u00e9sidente Directrice G\u00e9n\u00e9rale de ONE, revient sur les d\u00e9fis que le monde connait et les menaces qui p\u00e8sent toujours en mati\u00e8re de sant\u00e9 mondiale, r\u00e9chauffement climatique, crise \u00e9conomique. <a href=\"https:\/\/www.euractiv.fr\/section\/affaires-publiques\/news\/cest-un-moment-tres-difficile-pour-les-gouvernements-europeens-selon-gayle-smith\/\">(16 novembre 2022)<\/a><\/p>\n<hr \/>\n<p><strong>L\u2019Obs [TRIBUNE]<\/strong><br \/>\nNajat Vallaud-Belkacem, Directrice France de ONE, met un coup de projecteur sur les pratiques nocives de grandes multinationales implant\u00e9es en Afrique et sur leurs cons\u00e9quences sur les populations du continent.\u00a0 <a href=\"https:\/\/www.nouvelobs.com\/opinions\/20221112.OBS65818\/boyard-hanouna-derriere-la-polemique-le-debat-confisque.html\">(13 novembre 2022)<\/a><\/p>\n<hr \/>\n<p><strong>\u00a0Le Grand Continent [INTERVIEW]<\/strong><br \/>\nGayle Smith parle de la guerre en Ukraine et de son impact sur les in\u00e9galit\u00e9s mondiales.<a href=\"https:\/\/legrandcontinent.eu\/fr\/2022\/10\/24\/il-faudra-shabituer-a-gerer-plusieurs-crises-a-la-fois-une-conversation-avec-gayle-smith\/\">\u00a0(24 octobre 2022)<\/a><\/p>\n<hr \/>\n<p><strong>L\u2019Union [INTERVIEW]<\/strong><br \/>\nRomane Mika et David Indahy se battent contre l\u2019extr\u00eame pauvret\u00e9, en tant que jeunes Ambassadeurs de ONE.\u00a0 <a href=\"https:\/\/www.lunion.fr\/id419263\/article\/2022-10-20\/reims-ils-sont-jeunes-et-combattent-contre-lextreme-pauvrete-dans-le-monde\">(23 octobre 2022)<\/a><\/p>\n<hr \/>\n<p><strong>Jeune Afrique [INTERVIEW]<\/strong><br \/>\nGayle Smith \u00e9voque la convergence des crises et son impact sur le continent africain. Jeune Afrique<a href=\"https:\/\/www.jeuneafrique.com\/1384612\/politique\/gayle-smith-en-afrique-les-etats-unis-nont-pas-pour-seul-objectif-de-contrer-la-chine-et-la-russie\/\"> (22 octobre 2022)<\/a><\/p>\n<hr \/>\n<p><strong>La Marne [INTERVIEW]<\/strong><br \/>\nCassandra Kedi parle de son engagement au sein de ONE et des missions qu\u2019elle a pu exercer. (<a href=\"https:\/\/actu.fr\/ile-de-france\/mitry-mory_77294\/mitr-mory-elle-raconte-ses-missions-de-jeune-ambassadricede-long-one_54698513.html\">20 octobre 2022)<\/a><\/p>\n<hr \/>\n<p><strong>Ouest France [INTERVIEW]<\/strong><br \/>\nMathilde Naud \u00e9voque son parcours et son engagement en tant que jeune Ambassadrice au sein de ONE.\u00a0 <a href=\"https:\/\/www.ouest-france.fr\/bretagne\/rennes-35000\/rennes-mathilde-va-devenir-ambassadrice-de-one-l-organisation-du-chanteur-bono-a6c837fc-40c3-11ed-89be-3116781a5058#:~:text=Rennes.-,Mathilde%20va%20devenir%20ambassadrice%20de%20One%2C%20l%27organisation%20du%20chanteur,du%20chanteur%20de%20U2%2C%20Bono.\">(17 octobre 2022)<\/a><\/p>\n<hr \/>\n<p><strong>L\u2019Obs [TRIBUNE]<\/strong><br \/>\nNajat Vallaud-Belkacem revient sur les derniers chiffres de l\u2019extr\u00eame pauvret\u00e9 publi\u00e9s par la Banque mondiale et ses cons\u00e9quences sur les populations vuln\u00e9rables.\u00a0 <a href=\"https:\/\/www.nouvelobs.com\/tribunes\/20221014.OBS64594\/najat-vallaud-belkacem-pres-d-une-personne-sur-10-dans-le-monde-survit-avec-moins-de-2-15-dollars-par-jour.html\">(14 octobre 2022)<\/a><\/p>\n<hr \/>\n<p><strong>\u00a0Causette [TRIBUNE]<\/strong><br \/>\nNajat Vallaud-Belkacem, Directrice France de ONE, plaide avec plus de 100 personnalit\u00e9s pour une vraie journ\u00e9e de mobilisation pour les droits des filles.<a href=\"https:\/\/www.causette.fr\/feminismes\/combats\/tribune-plus-de-100-personnalites-reclament-une-vraie-journee-de-mobilisation-pour-les-droits-des-filles-10-ans-apres-sa-creation\">(10 octobre 2022)<\/a><\/p>\n<hr \/>\n<p><strong>Guyane Premi\u00e8re [INTERVIEW]<\/strong><br \/>\nArnaud Bordes, jeune Ambassadeur de ONE, \u00e9voque sa rencontre avec le d\u00e9put\u00e9 de sa circonscription pour \u00e9changer au sujet d\u2019augmentation de la loi sur l\u2019aide publique au d\u00e9veloppement.\u00a0 <a href=\"https:\/\/la1ere.francetvinfo.fr\/guyane\/ambassadeur-de-l-ong-one-le-guyanais-arnaud-bordes-poursuit-ses-actions-de-levee-de-fonds-en-faveur-des-pays-desherites-1327556.html\">(4 octobre 2022)<\/a><\/p>\n<hr \/>\n<p><strong>Le Monde [ARTICLE]<\/strong><br \/>\nONE s\u2019exprime sur le vote du budget 2023 qui concerne l\u2019aide publique au d\u00e9veloppement, en lien avec la crise ukrainienne et les probl\u00e9matiques qu\u2019elle soul\u00e8ve. <a href=\"https:\/\/www.lemonde.fr\/economie\/article\/2022\/09\/30\/avec-la-multiplication-des-crises-humanitaires-l-aide-internationale-fait-face-a-des-besoins-immenses_6143807_3234.html\">\u00a0(30 septembre 2022)<\/a><\/p>\n<hr \/>\n<p><strong>Desk Eco [ARTICLE]<\/strong><br \/>\nGayle Smith, Pr\u00e9sidente de ONE, est intervenue lors du Forum Public 2022 de l\u2019Organisation mondiale du Commerce \u00e0 Gen\u00e8ve, le 28 septembre 2022.\u00a0 <a href=\"https:\/\/www.deskeco.com\/2022\/09\/29\/forum-public-2022-de-lomc-des-experts-encouragent-lutilisation-de-la-technologie-pour-favoriser-une\">\u00a0(29 septembre 2022)<\/a><\/p>\n<hr \/>\n<p><strong>Euractiv [ARTICLE]<\/strong><br \/>\nONE r\u00e9agit \u00e0 la contribution fran\u00e7aise lors de la 7\u00e8me reconstitution du Fonds mondial contre le sida, la tuberculose et le paludisme, qui s\u2019est d\u00e9roul\u00e9 \u00e0 New York le 21 septembre. <a href=\"https:\/\/www.euractiv.fr\/section\/sante-modes-de-vie\/news\/lue-alloue-la-somme-record-de-715-millions-deuros-a-la-lutte-contre-le-sida-la-tuberculose-et-le-paludisme\/\">(22 septembre 2022)<\/a><\/p>\n<hr \/>\n<p><strong>Euractiv [INTERVIEW]<\/strong><br \/>\nNajat Vallaud-Belkacem s\u2019exprime sur la n\u00e9cessit\u00e9 d\u2019une augmentation de la contribution de la France, en amont du Fonds mondial et insiste sur le lien entre lutte contre les maladies \u00e9vitables et extr\u00eame pauvret\u00e9. <a href=\"https:\/\/www.euractiv.fr\/section\/sante-modes-de-vie\/interview\/taxer-les-ultra-riches-pour-financer-la-sante-mondiale-selon-najat-vallaud-belkacem\/\">(21 septembre 2022)<\/a><\/p>\n<hr \/>\n<p><strong>L\u2019Obs [TRIBUNE]<\/strong><br \/>\nNajat Vallaud-Belkacem pointe les difficult\u00e9s rencontr\u00e9es par les pays les plus vuln\u00e9rables, \u00e0 l\u2019heure o\u00f9 le dernier rapport du PNUD montre un net recul du niveau de vie mondial.<a href=\"https:\/\/www.nouvelobs.com\/monde\/20220916.OBS63276\/najat-vallaud-belkacem-alerte-le-niveau-de-vie-mondial-recule-pour-le-premiere-fois-depuis-trente-ans.html\">\u00a0(16 septembre 2022)<\/a><\/p>\n<hr \/>\n<p><strong>Influencia [ARTICLE]<\/strong><br \/>\nInfluencia pr\u00e9sente la nouvelle campagne de communication de ONE, interpellant le gouvernement fran\u00e7ais \u00e0 quelques jours de la 7\u00e8me reconstitution du Fonds mondial contre le sida, la tuberculose et le paludisme. <a href=\"https:\/\/www.influencia.net\/il-ne-manque-quune-signature-pour-sauver-20-millions-de-vies-celle-de-la-france\/\">(14 septembre 2022)<\/a><\/p>\n<hr \/>\n<p><strong>CB News [ARTICLE]<\/strong><br \/>\nAlors que le Fonds mondial de lutte contre le sida, la tuberculose et le paludisme organise sa septi\u00e8me reconstitution, ONE exhorte la France \u00e0 augmenter sa participation financi\u00e8re de 30% pour faire face \u00e0 ces trois maladies mortelles.\u00a0 <a href=\"https:\/\/www.cbnews.fr\/marques\/image-juste-signature-one-avec-ok-c-est-cool-71357\">(14 septembre 2022)<\/a><\/p>\n<hr \/>\n<p><strong>Strat\u00e9gies [ARTICLE]<\/strong><br \/>\nONE interpelle le Pr\u00e9sident Macron par une nouvelle vid\u00e9o choc sur les ravages caus\u00e9s par le VIH, la tuberculose et le paludisme au sein des pays les plus vuln\u00e9rables. <a href=\"https:\/\/www.strategies.fr\/creations\/campagnes\/LQ934108C\/ok-c-est-cool-pour-l-ong-one-il-ne-manque-quune-signature-pour-sauver-20-millions-de-vies-septembre-2022.html\">(14 septembre 2022)<\/a><\/p>\n<p><strong>\u00a0J\u2019AI UN POTE DANS LA COM [ARTICLE]<\/strong><br \/>\nPour sensibiliser le grand public \u00e0 la n\u00e9cessit\u00e9 d\u2019augmenter la contribution financi\u00e8re de la France \u00e0 la reconstitution du Fonds mondial, ONE a projet\u00e9 un court film dans les rues de Paris.<a href=\"https:\/\/jai-un-pote-dans-la.com\/ong-one-projette-murs-parisiens-campagne-sensibilisation\/\">(13 septembre 2022)<\/a><\/p>\n<hr \/>\n<p><strong>Causette [INTERVIEW]<\/strong><br \/>\nNajat Vallaud-Belkacem revient sur les in\u00e9galit\u00e9s qui touchent toujours les communaut\u00e9s les plus vuln\u00e9rables, partout dans le monde. (<a href=\"https:\/\/www.causette.fr\/feminismes\/combats\/najat-vallaud-belkacem-les-inegalites-de-genre-amputent-le-pib-mondial-de-15\">14 septembre 2022)<\/a><\/p>\n<hr \/>\n<p><strong>L\u2019OBS [TRIBUNE]<\/strong><br \/>\nAlors que le Fonds mondial de lutte contre le sida, la tuberculose et le paludisme organise sa septi\u00e8me reconstitution, Najat Vallaud-Belkacem encourage les pays les plus riches, dont la France, contributrice historique, \u00e0 augmenter leur participation financi\u00e8re de 30%.<a href=\"https:\/\/www.nouvelobs.com\/opinions\/20220906.OBS62814\/najat-vallaud-belkacem-l-avenir-de-la-lutte-contre-le-sida-se-joue-le-19-septembre.html?utm_term=Autofeed&amp;utm_medium=Social&amp;utm_source=Twitter#Echobox=1662453455\">\u00a0(6 septembre2022)<\/a><\/p>\n<hr \/>\n<p><strong>50-50 Magazine [INTERVIEW]<\/strong><br \/>\nNajat Vallaud-Belkacem explique les raisons d\u2019une in\u00e9galit\u00e9 de genre au sein des populations touch\u00e9es par l\u2019extr\u00eame pauvret\u00e9.\u00a0 <a href=\"https:\/\/www.50-50magazine.fr\/2022\/08\/01\/najat-vallaud-belkacem-la-pauvrete-est-sexiste-2\/\">(1er ao\u00fbt 2022)<\/a><\/p>\n<hr \/>\n<p><strong>Le JDD [TRIBUNE]<\/strong><br \/>\nAvant la 7\u00e8me reconstitution pour le Fonds mondial, de nombreuses personnalit\u00e9s appellent la France \u00e0 contribuer \u00e0 sa juste part. <a href=\"https:\/\/www.lejdd.fr\/Societe\/il-est-urgent-dagir-contre-le-vihsida-la-tuberculose-et-le-paludisme-lappel-de-pres-de-200-personnalites-4123601\">\u00a0(18 juillet 2022)<\/a><\/p>\n<hr \/>\n<p><strong>L\u2019OBS [TRIBUNE]<\/strong><br \/>\nAlors que la France fait face \u00e0 une vague de chaleur sans pr\u00e9c\u00e9dent qui se traduit par de nombreux feux, l\u2019Europe doit s\u2019affranchir des anciens textes, tel le Trait\u00e9 sur la charte de l\u2019\u00e9nergie afin de mettre en place de r\u00e9elles politiques climatiques. <a href=\"https:\/\/www.nouvelobs.com\/tribunes\/20220718.OBS61056\/ce-traite-qui-empeche-nos-etats-de-mener-le-combat-contre-le-changement-climatique.html\">(18 juillet 2022)<\/a><\/p>\n<hr \/>\n<p><strong>L\u2019OBS [TRIBUNE]<\/strong><br \/>\nFace \u00e0 une esp\u00e9rance de vie mondiale qui r\u00e9gresse pour la premi\u00e8re fois, Najat Vallaud-Belkacem alerte les dirigeants du G7 qui se r\u00e9unissent le 26 juin en Allemagne. <a href=\"https:\/\/www.nouvelobs.com\/opinions\/20220624.OBS60109\/najat-vallaud-belkacem-pour-la-premiere-fois-l-esperance-de-vie-mondiale-diminue-le-g7-doit-agir.html\">(24 juin 2022)<\/a><\/p>\n<hr \/>\n<p><strong>Marianne [TRIBUNE]<\/strong><br \/>\nLes jeunes Ambassadeurs et Ambassadrices de ONE en France soulignent la nomination de la secr\u00e9taire d\u2019\u00c9tat charg\u00e9e du d\u00e9veloppement de la francophonie et des partenariats internationaux, et rappelent la n\u00e9cessit\u00e9 pour le gouvernement d\u2019agir comme v\u00e9ritable partenaire du continent africain. <a href=\"https:\/\/www.marianne.net\/agora\/tribunes-libres\/la-france-doit-sengager-en-faveur-de-lafrique-pour-laider-a-affronter-les-defis-qui-lattendent\">(16 juin 2022)<\/a><\/p>\n<hr \/>\n<p><strong>L\u2019OBS [TRIBUNE]<\/strong><br \/>\nAlors que la fin de la pr\u00e9sidence fran\u00e7aise de l\u2019Union Europ\u00e9enne approche, l\u2019objectif d\u2019allouer 100 milliards de Droits de tirage sp\u00e9ciaux (DTS) aux pays les plus pauvres n\u2019est toujours pas atteint. <a href=\"https:\/\/www.nouvelobs.com\/tribunes\/20220604.OBS59286\/najat-vallaud-belkacem-qu-est-devenue-l-aide-covid-a-l-afrique.html\">(4 juin 2022)<\/a><\/p>\n<hr \/>\n<p><strong>L\u2019OBS [TRIBUNE]<\/strong><br \/>\nA la veille du second tour de l\u2019\u00e9lection pr\u00e9sidentielle, Najat Vallaud-Belkacem souligne et d\u00e9crypte les conceptions et propositions lep\u00e9nistes, et ses potentielles cons\u00e9quences sur le pays et \u00e0 l\u2019international.<a href=\"https:\/\/www.nouvelobs.com\/tribunes\/20220419.OBS57336\/le-grand-renoncement-promis-par-marine-le-pen-par-najat-vallaud-belkacem.html\">\u00a0(19 avril 2022)<\/a><\/p>\n<hr \/>\n<p><strong>L\u2019OBS [TRIBUNE]<\/strong><\/p>\n<p>Deux ans apr\u00e8s le d\u00e9but de la pand\u00e9mie, Najat Vallaud-Belkacem rappelle que la lutte contre la pand\u00e9mie est loin d\u2019\u00eatre termin\u00e9e \u00e0 l\u2019\u00e9chelle mondiale, en d\u00e9pit de l\u2019assouplissement des restrictions actuel.<a href=\"https:\/\/www.nouvelobs.com\/tribunes\/20220408.OBS56829\/najat-vallaud-belkacem-la-lutte-contre-la-pandemie-est-loin-d-etre-finie.html\">(8 avril 2022)<\/a><\/p>\n<hr \/>\n<p><strong>Le Monde [TRIBUNE]<\/strong><br \/>\nNajat Vallaud-Belkacem r\u00e9agit \u00e0 la d\u00e9tresse des jeunes Afghanes, priv\u00e9es d\u2019\u00e9coles par les autorit\u00e9s talibanes le 23 mars 2022, en plaidant pour la fili\u00e8re des technologies \u00e9ducatives. <a href=\"https:\/\/www.lemonde.fr\/idees\/article\/2022\/04\/06\/najat-vallaud-belkacem-pour-un-droit-effectif-a-l-education-des-jeunes-afghans-mobilisons-la-filiere-des-technologies-educatives_6120842_3232.html\"> (6 avril 2022)<\/a><\/p>\n<hr \/>\n<p><strong>Lib\u00e9ration [TRIBUNE]<\/strong><\/p>\n<p class=\"article_link\">Les crises majeures qui s\u2019encha\u00eenent \u00e0 l\u2019\u00e9chelle globale depuis une d\u00e9cennie sont d\u2019une telle ampleur que le quotidien de chacun en a \u00e9t\u00e9 \u00e9branl\u00e9, et que notre perception de la r\u00e9alit\u00e9 en est aujourd\u2019hui profond\u00e9ment chang\u00e9e, tout comme notre compr\u00e9hension du monde, notre fa\u00e7on de voir l\u2019avenir. Najat Vallaud-Belkacem. <a href=\"https:\/\/www.liberation.fr\/forums\/europeens-encore-un-effort-pour-etre-terriens-20220318_6DNEXH3TABE2HL5LNPNDV4E4OY\/?redirected=1\">(18 mars 2022)<\/a><\/p>\n<hr \/>\n<p><strong>L\u2019Obs [TRIBUNE]<\/strong><\/p>\n<p>D\u00e9j\u00e0 fragilis\u00e9s depuis deux ans par la pand\u00e9mie dont ils ne sont toujours pas relev\u00e9s, et par les retards et les rat\u00e9s de la campagne mondiale de vaccination, les pays les plus vuln\u00e9rables, au premier rang desquels ceux d\u2019Afrique, vont en effet payer le prix fort de la guerre en Ukraine. Najat Vallaud-Belkacem. <a href=\"https:\/\/www.nouvelobs.com\/tribunes\/20220318.OBS55865\/najat-vallaud-belkacem-l-afrique-va-payer-le-prix-fort-de-la-guerre-en-ukraine.html#modal-msg\">(18 mars 2022)<\/a><\/p>\n<hr \/>\n<p><strong>La Voix du Nord [ARTICLE]<\/strong><br \/>\nManon Bendaoudia, 25 ans, jeune ambassadrice chez ONE, confie son engagement profond pour lutter contre la pauvret\u00e9 et les discriminations en tout genre.\u00a0 <a href=\"https:\/\/www.lavoixdunord.fr\/1151922\/article\/2022-03-13\/lille-manon-bendaoudia-militante-lilloise-contre-l-extreme-pauvrete\">(15 mars 2022)<\/a><\/p>\n<hr \/>\n<p><strong>Lib\u00e9ration [ARTICLE]<\/strong><\/p>\n<p>Quelles mesures pour mettre un terme \u00e0 l\u2019extr\u00eame pauvret\u00e9 ?L\u2019ONG ONE a tent\u00e9 d\u2019y r\u00e9pondre en lan\u00e7ant une convention citoyenne aupr\u00e8s de 24 000 personnes. <a href=\"https:\/\/www.liberation.fr\/forums\/mettre-fin-a-lextreme-pauvrete-les-citoyens-esquissent-des-solutions-20220311_WRCA5LCEKVBJLI3F733T5LVCCU\/\">(11 mars 2022)<\/a><\/p>\n<hr \/>\n<p><strong>L\u2019Obs [TRIBUNE]<\/strong><\/p>\n<p class=\"article-page__chapo\">Le retour de la guerre en Europe suscite naturellement la peur et donne le vertige. Elle conduit l\u00e9gitimement, comme lors de toute crise majeure, \u00e0 la solidarit\u00e9 et \u00e0 l\u2019unit\u00e9 nationale derri\u00e8re nos dirigeants. Difficile d\u00e8s lors d\u2019imaginer que l\u2019\u00e9lection pr\u00e9sidentielle qui structure notre vie d\u00e9mocratique aura lieu dans \u00e0 peine 30 jours. Najat Vallaud-Belkacem.<a href=\"https:\/\/www.nouvelobs.com\/tribunes\/20220307.OBS55386\/najat-vallaud-belkacem-ne-renoncons-pas-au-debat-democratique.html#\">\u00a0(7 mars 2022)<\/a><\/p>\n<hr \/>\n<p><strong>L\u2019Eclaireur de Ch\u00e2teaubriant [ARTICLE] <\/strong>Mathilde Naud a d\u00e9cid\u00e9 de s\u2019engager aupr\u00e8s de ONE afin d\u2019avoir un impact r\u00e9el et concret dans le monde et pour d\u00e9fendre un monde plus juste. <a href=\"https:\/\/actu.fr\/pays-de-la-loire\/chateaubriant_44036\/chateaubriant-mathilde-sengage-dans-la-lutte-contre-lextreme-pauvrete-dans-le-monde_49196963.html\"> (5 mars 2022).<\/a><\/p>\n<hr \/>\n<p><strong>Oxfam [ARTICLE]<\/strong><br \/>\nL\u2019ONG ONE, \u00e0 l\u2019aide d\u2019autres associations f\u00e9ministes, m\u00e8ne une \u00e9tude qui dresse un bilan bien maigre des mesures f\u00e9ministes adopt\u00e9es lors du quinquennat d\u2019Emmanuel Macron. <a href=\"https:\/\/www.oxfamfrance.org\/rapports\/egalite-femmes-hommes-grande-cause-petit-bilan\/\">(3 mars 2022)<\/a><\/p>\n<hr \/>\n<p><strong>Le Midi Libre [ARTICLE] <\/strong>Pour Ana\u00efs Ossombo, l\u2019\u00e9galit\u00e9 est une valeur et c\u2019est ce qui a conduit \u00e0 son engagement aupr\u00e8s de ONE, afin de viser un monde plus juste. Se souvenant de l\u2019action men\u00e9e par ONE \u00e0 l\u2019aube de la pr\u00e9sidentielle 2017, elle souhaite, \u00e0 son tour, parvenir \u00e0 convaincre les candidats et candidates \u00e0 l\u2019\u00e9lection 2022 de se tourner vers le sujet de la solidarit\u00e9 internationale.\u00a0 <a href=\"https:\/\/www.bienpublic.com\/social\/2022\/02\/25\/deux-dijonnais-s-engagent-dans-la-lutte-contre-l-extreme-pauvrete\">(28 f\u00e9vrier 2022).<\/a><\/p>\n<hr \/>\n<p><strong>France TV \u2013 Guyane 1 [ARTICLE] <\/strong>Arnaud Bordes est jeune Ambassadeur de l\u2019ONG ONE. Oppos\u00e9 au d\u00e9terminisme, il souhaite s\u2019engager pour que tout le monde, partout sur la plan\u00e8te, ait la possibilit\u00e9 d\u2019une vie digne, remplie de possibles. Lass\u00e9 de voir des populations vivre dans l\u2019extr\u00eame pauvret\u00e9, il veut obtenir des engagements concrets des candidats \u00e0 la pr\u00e9sidentielle fran\u00e7aise, afin de mettre fin \u00e0 cette tendance. <a href=\"https:\/\/la1ere.francetvinfo.fr\/guyane\/le-guyanais-arnaud-bordes-engage-contre-l-extreme-pauvrete-nomme-ambassadeur-jeune-pour-l-ong-one-1240825.html\">(25 f\u00e9vrier 2022).<\/a><\/p>\n<hr \/>\n<p><strong>Le Bien Public [ARTICLE] <\/strong>Guillaume Girault et Arnaud Bordes sont des \u201cGlobal Activists\u201d. Pendant un an, il porteront les valeurs et missions de ONE dans l\u2019espace public, politique et m\u00e9diatique pour sensibiliser les citoyens et leaders politiques aux in\u00e9galit\u00e9s mondiales, exacerb\u00e9es par la pand\u00e9mie et le changement climatique. (<a href=\"https:\/\/www.bienpublic.com\/social\/2022\/02\/25\/deux-dijonnais-s-engagent-dans-la-lutte-contre-l-extreme-pauvrete\">25 f\u00e9vrier 2022).<\/a><\/p>\n<hr \/>\n<p><strong>Ouest France [ARTICLE] <\/strong>Mathilde Naud, jeune Ambassadrice de ONE, se mobilise pour r\u00e9duire les in\u00e9galit\u00e9s mondiales, l\u2019acc\u00e8s in\u00e9quitable aux vaccins et l\u2019extr\u00eame pauvret\u00e9 dans le monde. Comment s\u2019y prend-elle? Via des campagnes de mobilisation citoyenne, des actions de sensibilisation sur les r\u00e9seaux sociaux, et des mails et des courriers adress\u00e9s aux acteurs politiques. <a href=\"https:\/\/www.ouest-france.fr\/pays-de-la-loire\/chateaubriant-44110\/chateaubriant-a-22-ans-elle-fait-campagne-contre-l-extreme-pauvrete-dans-le-monde-ea63d956-9558-11ec-a598-cbc0ff532848\">\u00a0(25 f\u00e9vrier 2022).<\/a><\/p>\n<hr \/>\n<p><strong>L\u2019Est R\u00e9publicain [ARTICLE] <\/strong>\u00c9lise Liotard, Arya Billon et Paula Druschke, sont des jeunes Ambassadrices de ONE. Fortement engag\u00e9es, les trois jeunes \u00e9tudiantes discutent de solidarit\u00e9 et coop\u00e9ration internationale avec le grand public et les d\u00e9cideurs politiques. Elles se battent pour garantir une vie d\u00e9cente aux plus d\u00e9munis.\u00a0 <a href=\"https:\/\/www.estrepublicain.fr\/education\/2022\/02\/22\/trois-etudiantes-deviennent-ambassadrices-de-l-ong-one\">(22 f\u00e9vrier 2022)<\/a>.<\/p>\n<hr \/>\n<p><strong>Ouest France [ARTICLE] <\/strong>Maylis Lepinette et Clara No\u00ebl-Hou\u00e9d\u00e9 font partie des 74 jeunes Ambassadeurs et Ambassadrices de ONE sur l\u2019ensemble du territoire national. Au cours de cette ann\u00e9e d\u2019\u00e9lections pr\u00e9sidentielles et l\u00e9gislatives, elles auront le r\u00f4le d\u2019influencer les candidats et futures acteurs politiques dans le but de r\u00e9duire l\u2019extr\u00eame pauvret\u00e9 dans le monde.\u00a0 <a href=\"https:\/\/www.ouest-france.fr\/bretagne\/saint-malo-35400\/saint-malo-clara-et-maylis-ambassadrices-contre-la-pauvrete-08af9a8e-90be-11ec-bcbd-1dcb07d3bd37\">(21 f\u00e9vrier 2022)<\/a><\/p>\n<hr \/>\n<p><strong>La Croix [ARTICLE] \u00ab <\/strong>La dette africaine est d\u00e9tenue pour un tiers par des acteurs publics, pour un tiers par des acteurs priv\u00e9s et pour un tiers par des banques publiques de d\u00e9veloppement. Les acteurs priv\u00e9s attendent souvent de fa\u00e7on cynique qu\u2019une part de la dette publique soit annul\u00e9e, de fa\u00e7on que les marges de man\u0153uvre budg\u00e9taires ainsi d\u00e9gag\u00e9es leur permettent d\u2019\u00eatre rembours\u00e9s \u00bb. Ma\u00e9 Kurkjian,\u00a0 <a href=\"https:\/\/www.la-croix.com\/Economie\/creanciers-prives-compliquent-reglement-dette-africaine-2022-02-18-1201201085\">(18 f\u00e9vrier 2022)<\/a>.<a href=\"https:\/\/www.la-croix.com\/Economie\/creanciers-prives-compliquent-reglement-dette-africaine-2022-02-18-1201201085\"><br \/>\n<\/a><\/p>\n<hr \/>\n<p><strong>Outremers 360\u00b0 [ARTICLE] <\/strong>Arnaud Bordes rejoint le programme \u00ab jeune Ambassadeur \u00bb de ONE afin de porter encore plus haut, encore plus fort les combats capitaux qui sont l\u2019extr\u00eame pauvret\u00e9 et la lutte contre les maladies \u00e9vitables dans les pays les plus pauvres. <a href=\"https:\/\/outremers360.com\/bassin-atlantique-appli\/le-guyanais-arnaud-bordes-devient-jeune-ambassadeur-de-one-organisation-cofondee-par-le-chanteur-bono-qui-lutte-contre-lextreme-pauvrete\">(18 f\u00e9vrier 2022<\/a>).<\/p>\n<hr \/>\n<p><strong>Euractiv [ARTICLE] <\/strong>L\u2019enjeu principal du sommet UE-UA sur le plan sanitaire est de poser les bases d\u2019une lutte efficace pour les futures crises sanitaires. \u00abTant que les pays africains ne pourront pas produire leurs propres vaccins, ils seront toujours \u00e0 la tra\u00eene. Or, ce continent ne devrait pas avoir \u00e0 d\u00e9pendre des autres pour sa propre s\u00e9curit\u00e9 sanitaire \u00bb. Najat Vallaud-Belkacem <a href=\"https:\/\/www.euractiv.fr\/section\/sante-modes-de-vie\/news\/sommet-ue-afrique-poser-les-bases-dune-lutte-efficace-pour-lapres-covid\/\">(17 f\u00e9vrier 2022).<\/a><\/p>\n<hr \/>\n<p><strong>France 24 [ARTICLE] <\/strong>ONE d\u00e9nonce le blocage de l\u2019UE sur la lev\u00e9e des brevets, y compris au sein de l\u2019OMC. \u00ab De nombreuses usines se trouvent en Europe. Nous d\u00e9fendons nos int\u00e9r\u00eats \u00e9conomiques et industriels. Ce qui est en train de se jouer, ce sont les int\u00e9r\u00eats \u00e9conomiques de pays du Nord contre l\u2019acc\u00e8s au soin de pays du Sud \u00bb, Ma\u00e9 Kurkjian, <a href=\"https:\/\/www.france24.com\/fr\/afrique\/20220217-lev%C3%A9e-des-brevets-sur-les-vaccins-anti-covid-la-question-qui-f%C3%A2che-au-sommet-ue-ua\">\u00a0(17 f\u00e9vrier 2022)<\/a><\/p>\n<hr \/>\n<p><strong>L\u2019Obs [TRIBUNE] <\/strong>L\u2019\u00e9go\u00efsme vaccinal de l\u2019Union europ\u00e9enne, qui malgr\u00e9 des taux de vaccination importants continue \u00e0 bloquer des mesures cl\u00e9s qui permettraient de faire progresser l\u2019\u00e9quit\u00e9 vaccinale, est \u00e0 ce titre apparu pour ce qu\u2019il est : irrationnel et injuste. Sans vaccination des populations des pays vuln\u00e9rables, nous ne pourrons freiner l\u2019apparition de nouveaux variants. Najat Vallaud-Belkacem, <a href=\"https:\/\/www.nouvelobs.com\/afrique\/20220217.OBS54627\/najat-vallaud-belkacem-l-europe-et-l-afrique-enfin-d-egal-a-egal.html\">(17 F\u00e9vrier 2022)<\/a><\/p>\n<hr \/>\n<p><strong>Jeune Afrique [LETTRE OUVERTE] <\/strong>Au lancement du sommet UE-UA, un collectif de jeunes activistes africains et europ\u00e9ens s\u2019adressent aux dirigeants des deux continents. Les d\u00e9fis auxquels nous faisons face sont mondiaux par nature. Qu\u2019il s\u2019agisse de la pand\u00e9mie de Covid-19, du d\u00e9r\u00e8glement climatique ou des in\u00e9galit\u00e9s mondiales, seul un leadership centr\u00e9 sur la coop\u00e9ration est en mesure d\u2019apporter les r\u00e9ponses n\u00e9cessaires.\u00a0\u00a0<a href=\"https:\/\/www.jeuneafrique.com\/1313551\/politique\/ua-ue-les-enjeux-sont-trop-grands-pour-avoir-le-droit-a-lerreur\/\">(16 f\u00e9vrier 2022).<\/a><\/p>\n<hr \/>\n<p><strong>La Croix [ARTICLE] <\/strong>\u00ab Le sommet UE-UA offre une opportunit\u00e9 unique de prendre des mesures concr\u00e8tes qui rapprochent l\u2019Afrique de l\u2019autosuffisance pour lutter contre le Covid-19 \u00bb. Edwin Ikhuoria, responsable de ONE.<a href=\"https:\/\/www.la-croix.com\/sommet-changer-donne-entre-Europe-Afrique-2022-02-17-1301200783\">\u00a0(17 f\u00e9vrier 2022)<\/a>.<\/p>\n<hr \/>\n<p><strong>France Bleu Bourgogne\u00a0 [ARTICLE] <\/strong>Guillaume Girault devient jeune Ambassadeur de ONE. Sensibiliser dirigeants politiques et citoyens sur des th\u00e9matiques telles que les in\u00e9galit\u00e9s mondiales ou le difficile acc\u00e8s \u00e0 la vaccination dans les pays pauvres. Voil\u00e0 un aper\u00e7u des missions du jeune militant. <a href=\"https:\/\/www.francebleu.fr\/vie-quotidienne\/bien-etre-sante\/j-ai-la-fibre-associative-a-24-ans-guillaume-girault-s-engage-contre-les-inegalites-mondiales-1644940910\">(16 f\u00e9vrier 2022)<\/a>.<\/p>\n<hr \/>\n<p><strong>Sud Ouest [ARTICLE] <\/strong>Flora Vanderplancke fait partie des 75 jeunes Ambassadeurs et Ambassadrices de ONE en France qui luttent contre l\u2019extr\u00eame pauvret\u00e9. En menant des campagnes de sensibilisation aux in\u00e9galit\u00e9s mondiales, et en faisant du plaidoyer aupr\u00e8s des dirigeants politiques, Flora se bat pour monde plus juste.\u00a0 <a href=\"https:\/\/www.sudouest.fr\/pyrenees-atlantiques\/bayonne\/saint-jean-de-luz-une-jeune-femme-ambassadrice-de-l-ong-one-8830224.php\">(14 f\u00e9vrier 2022)<\/a>.<\/p>\n<hr \/>\n<p><strong>Infos Dijon [ARTICLE]\u00a0 <\/strong>Guillaume Girault et Arnaud Bordes deviennent des jeunes Ambassadeurs de ONE. Pendant un an, ils iront \u00e0 la rencontre des citoyens, citoyennes et politiques pour les convaincre de s\u2019engager \u00e0 leurs c\u00f4t\u00e9s contre les in\u00e9galit\u00e9s dans les pays pauvres.\u00a0 <a href=\"https:\/\/www.infos-dijon.com\/news\/vie-locale\/vie-locale\/solidarite-deux-dijonnais-parmi-les-ambassadeurs-de-l-ong-one.html\">(12 f\u00e9vrier 2022)<\/a>.<\/p>\n<hr \/>\n<p><strong>l\u2019ADN [ARTICLE] <\/strong>La musique, la mode et l\u2019esth\u00e9tique des ann\u00e9es 1990 sont de nouveau populaires et deviennent incontournables sur les r\u00e9seaux sociaux et dans les d\u00e9fil\u00e9s. Mais ce ne sont pas les seuls \u00e9l\u00e9ments qui reviennent\u2026 Pour la premi\u00e8re fois depuis cette p\u00e9riode, l\u2019extr\u00eame pauvret\u00e9 augmente dans le monde. <a href=\"https:\/\/business.ladn.eu\/news-business\/actualites-annonceurs\/campagne-sensibilisation-ong-one-candidats-presidentielle\/\">(10 f\u00e9vrier 2022)<\/a>.<\/p>\n<hr \/>\n<p><strong>Ouest France [ARTICLE] <\/strong>Mathilde Naud, s\u2019engage aupr\u00e8s de ONE pour la deuxi\u00e8me ann\u00e9e cons\u00e9cutive. Elle est jeune Ambassadrice de ONE et porte-parole de la grande campagne de mobilisation citoyenne lanc\u00e9e \u00e0 l\u2019approche de l\u2019\u00e9lection pr\u00e9sidentielle.\u00a0 <a href=\"https:\/\/www.ouest-france.fr\/bretagne\/rennes-35000\/lutte-contre-la-pauvrete-une-rennaise-ambassadrice-du-mouvement-cree-par-bono-d49a56c2-89c3-11ec-9ae6-d592858b40f6\">(10 f\u00e9vrier 2022)<\/a>.<\/p>\n<hr \/>\n<p><strong>Gala [ARTICLE] <\/strong>Anne Hidalgo avec la casquette \u00e0 l\u2019envers. Christiane Taubira avec un bandeau rouge. Emmanuel Macron avec les cheveux d\u00e9color\u00e9s. Les ann\u00e9es 1990 ont inspir\u00e9 une dr\u00f4le de campagne destin\u00e9e \u00e0 influencer le programme politique des candidats \u00e0 l\u2019\u00e9lection pr\u00e9sidentielle. <a href=\"https:\/\/www.gala.fr\/l_actu\/news_de_stars\/photo-emmanuel-macron-marine-le-pen-relookes-a-la-mode-des-annees-90-cette-campagne-coup-de-poing_486897\">(10 f\u00e9vrier 2022)<\/a>.<\/p>\n<hr \/>\n<p><strong>Huffington Post [ARTICLE] <\/strong>Les ann\u00e9es 1990 reviennent \u00e0 la mode, mais pas que: l\u2019extr\u00eame pauvret\u00e9 augmente pour la 1\u00e8re fois depuis cette p\u00e9riode. ONE lance un appel pour que les candidats et candidates \u00e0 l\u2019\u00e9lection pr\u00e9sidentielle proposent des mesures concr\u00e8tes pour inverser cette tendance.\u00a0\u00a0<a href=\"https:\/\/www.huffingtonpost.fr\/entry\/macron-pecresse-le-pen-rhabilles-hit-machine-campagne-pauvrete_fr_6203e9c1e4b08357089b2e7f\">(10 f\u00e9vrier 2022)<\/a><\/p>\n<hr \/>\n<p><strong>Le JDD [ARTICLE] <\/strong>ONE lance une grande campagne de mobilisation citoyenne et de plaidoyer destin\u00e9e \u00e0 interpeller les candidats \u00e0 l\u2019\u00e9lection pr\u00e9sidentielle sur la hausse de l\u2019extr\u00eame pauvret\u00e9 et des in\u00e9galit\u00e9s dans le monde.\u00a0 \u00a0<a href=\"https:\/\/www.najat-vallaud-belkacem.com\/2022\/02\/09\/najat-vallaud-belkacem-le-role-de-la-france-dans-le-monde-nest-pas-assez-aborde-dans-cette-campagne-interview-dans-le-jdd\/\">(9 f\u00e9vrier 2022)<\/a><\/p>\n<hr \/>\n<p><strong>L\u2019Obs [TRIBUNE] <\/strong>L\u2019industrie textile et de l\u2019habillement est le symbole de notre inconscience, des d\u00e9rives de la mondialisation et des renoncements politiques. Notre mode de consommation acc\u00e9l\u00e8re le changement climatique et contribue \u00e0 l\u2019exploitation des pays pauvres. Il n\u2019est pas trop tard pour changer les r\u00e8gles du jeu. Najat Vallaud-Belkacem, <a href=\"https:\/\/www.nouvelobs.com\/opinions\/20220205.OBS54109\/najat-vallaud-belkacem-ce-que-nos-vetements-disent-vraiment-de-nous.html\">(5 f\u00e9vrier 2022)<\/a><\/p>\n<hr \/>\n<p><strong>L\u2019Obs [TRIBUNE] <\/strong>Alors que les \u00e9carts de patrimoine ne cessent de s\u2019accro\u00eetre, les candidats de droite et d\u2019extr\u00eame droite rivalisent de promesses de cadeaux fiscaux. Favoriser l\u2019accumulation du patrimoine entre les mains de quelques-uns, c\u2019est encourager la reproduction des in\u00e9galit\u00e9s dans le temps. Najat Vallaud-Belkacem,<a href=\"https:\/\/www.nouvelobs.com\/economie\/20220117.OBS53335\/najat-vallaud-belkacem-l-hyper-concentration-patrimoniale-cree-des-inegalites-de-destin.html\">(17 janvier 2022).<\/a><\/p>\n<hr \/>\n<p><strong>L\u2019ADN [APER\u00c7U] <\/strong>Lors du week-end du Black Friday, ONE m\u00e8ne une campagne de sensibilisation aux in\u00e9galit\u00e9s vaccinales. Sur des affiches, des offres \u00ab exclusives \u00bb pour le vaccin d\u00e9voilent que beaucoup n\u2019y ont toujours pas acc\u00e8s. <a href=\"https:\/\/business.ladn.eu\/news-business\/actualites-annonceurs\/one-campagne-sensibilisation-grand-public-inegalites-vaccinales\/\">(4 janvier 2022).<\/a><\/p>\n<hr \/>\n<p><strong>Huffington Post [TRIBUNE]<\/strong> \u0152uvrer pour un monde meilleur l\u00e0-bas, c\u2019est aussi participer \u00e0 la construction d\u2019un monde meilleur ici. Un monde plus juste, c\u2019est l\u2019ambition de ONE et devrait \u00eatre celle de nos futurs \u00e9lus. Najat Vallaud-Belkacem,\u00a0 <a href=\"https:\/\/www.huffingtonpost.fr\/entry\/tribune-najat-vallaud-belkacem-il-faudra-plus-que-des-coups-de-com-sur-twitter-pour-assurer-notre-survie-sur-cette-planete_fr_61aa03b9e4b07fe201264142\">(12 d\u00e9cembre 2021).<\/a><\/p>\n<hr \/>\n<p><strong>\u00a0Le Journal du Dimanche [TRIBUNE]<\/strong> R\u00e9duire les in\u00e9galit\u00e9s vaccinales et permettre l\u2019acc\u00e8s aux vaccins est non seulement la seule solution pour sortir de l\u2019impasse du Covid-19 mais constitue une obligation qui incombe aux Etats et aux entreprises pharmaceutiques en mati\u00e8re de droits humains. Collectif d\u2019ONG dont ONE, <a href=\"https:\/\/www.lejdd.fr\/Societe\/tribune-vaccination-contre-le-covid-le-variant-omicron-la-semaine-de-la-honte-pour-les-pays-riches-4080570\">(4 d\u00e9cembre 2021).<\/a><\/p>\n<hr \/>\n<p><strong>Challenges [ARTICLE]<\/strong> Un collectif d\u2019ONG engag\u00e9es, dont ONE, d\u00e9nonce la d\u00e9cision de l\u2019OMC d\u2019annuler la r\u00e9union des ministres des pays membres. \u00abOn marche sur la t\u00eate! C\u2019\u00e9tait justement le moment d\u2019\u00e9voquer cette crise et notamment la lev\u00e9e temporaire des brevets\u00bb. Ma\u00e9 Kurkjian, <a href=\"https:\/\/www.challenges.fr\/entreprise\/sante-et-pharmacie\/variant-omicron-mobilisation-ce-mardi-pour-demander-la-levee-des-brevets_791191\">(30 novembre 2021).<\/a><\/p>\n<hr \/>\n<p><strong>\u00a020 Minutes [ARTICLE]<\/strong> Ce nouveau variant doit servir de signal d\u2019alarme pour les gouvernements du monde entier. Il n\u2019est plus possible d\u2019entretenir l\u2019id\u00e9e dangereuse qu\u2019un pays ou un continent peut lutter contre la pand\u00e9mie sur son territoire sans se pr\u00e9occuper du reste du monde. Najat Vallaud-Belkacem, <a href=\"https:\/\/www.20minutes.fr\/sante\/3185155-20211129-coronavirus-planete-raison-ceder-panique-face-variant-omicron\">(29 novembre 2021)<\/a>.<\/p>\n<hr \/>\n<p><strong>Le Grand Continent [TRIBUNE]<\/strong> En mati\u00e8re de lutte contre la pand\u00e9mie de Covid, le nationalisme vaccinal est une imposture sanitaire qui met en danger notre propre s\u00e9curit\u00e9. Najat Valaud-Belkacem, <a href=\"https:\/\/legrandcontinent.eu\/fr\/2021\/10\/29\/limpasse-du-modele-national-pour-faire-face-aux-crises-sanitaires\/\">\u00a0(29 octobre 2021).<\/a><\/p>\n<hr \/>\n<p><strong>Le Monde [APER\u00c7U]<\/strong> En amont du sommet du G20, ONE lance un appel aux dirigeants \u00e0 agir pour mettre fin \u00e0 la pand\u00e9mie. <a href=\"https:\/\/twitter.com\/ONE_Fr\/status\/1453710623452323842\">\u00a0(28 octobre 2021).<\/a><\/p>\n<hr \/>\n<p><strong>Lib\u00e9ration [TRIBUNE]<\/strong> La crise de la Covid-19 n\u2019est pas seulement une crise sanitaire, mais aussi une crise \u00e9conomique et sociale qui creuse les in\u00e9galit\u00e9s et qui risque d\u2019an\u00e9antir des ann\u00e9es de lutte contre l\u2019extr\u00eame pauvret\u00e9. Collectif d\u2019associations et personnalit\u00e9s dont ONE, <a href=\"https:\/\/www.liberation.fr\/idees-et-debats\/tribunes\/inegalites-vaccinales-un-an-dinaction-et-de-plus-en-plus-de-morts-20211002_QNNOHFQ3LVEJTNK6ZH7BO7EWEQ\/?redirected=1\">(2 octobre 2021)<\/a>.<\/p>\n<hr \/>\n<p><strong>Les Echos [TRIBUNE]<\/strong> Le temps presse. C\u2019est partout sur la plan\u00e8te, et pas uniquement dans certains pays riches, qu\u2019il nous faut vaincre le virus, gr\u00e2ce \u00e0 un effort accru de coop\u00e9ration internationale. Najat Vallaud-Belkacem, <a href=\"https:\/\/www.lesechos.fr\/idees-debats\/cercle\/najat-vallaud-belkacem-le-nationalisme-vaccinal-est-une-imposture-sanitaire-1348602\">\u00a0(23 septembre 2021).<\/a><\/p>\n<hr \/>\n<p><strong>Euronews [APER\u00c7U]<\/strong> La question de l\u2019acc\u00e8s au vaccin contre le Covid-19 au coeur d\u2019une mini-s\u00e9rie d\u2019animation nomm\u00e9e <em>Pandemica<\/em>.\u00a0 <a href=\"https:\/\/fr.euronews.com\/video\/2021\/03\/28\/pandemica-une-mini-serie-d-animation-pour-sensibiliser-a-l-acces-aux-vaccins\">(28 mars 2021).<\/a><\/p>\n<hr \/>\n<p><strong>\u00a0Derni\u00e8res Nouvelles d\u2019Alsace [ARTICLE]<\/strong> Margot Schneider rejoint le programme des jeunes ambassadeurs et ambassadrices de ONE pour lutter contre les in\u00e9galit\u00e9s mondiales et l\u2019extr\u00eame pauvret\u00e9.<a href=\"https:\/\/www.dna.fr\/culture-loisirs\/2021\/03\/27\/margot-schneider-jeune-obernoise-devenue-ambassadrice-de-l-ong-fondee-par-bono-le-chanteur-de-u2\">(28 mars 2021).<\/a><\/p>\n<hr \/>\n<p><strong>Le Journal du Dimanche [ARTICLE]<\/strong> La s\u00e9rie <em>Pandemica<\/em> d\u00e9nonce les in\u00e9galit\u00e9s d\u2019acc\u00e8s au vaccin et demande aux pays riches de partager leurs stocks. \u00abLe vaccin doit \u00eatre accessible \u00e0 tout le monde, peu importe la nationalit\u00e9 ou le revenu, sinon le virus restera un danger pour tout le monde\u00bb. Ma\u00e9 Kurkjian,\u00a0 <a href=\"https:\/\/www.lejdd.fr\/International\/vaccins-contre-le-covid-19-long-one-lance-un-appel-aux-pays-riches-un-enjeu-dequite-et-defficacite-4033700\">(24 mars 2021).<\/a><\/p>\n<hr \/>\n<p><strong>Le Dauphin\u00e9 Is\u00e8re [ARTICLE]<\/strong> Chaimaa Taib s\u2019investit dans ONE en tant que jeune ambassadrice pour amplifier sa voix et mener des combats notamment sur la question de l\u2019\u00e9ducation. <a href=\"https:\/\/www.ledauphine.com\/social\/2021\/03\/21\/isere-une-grenobloise-en-lutte-avec-one-et-le-chanteur-bono\">(21 mars 2021)<\/a><\/p>\n<hr \/>\n<p><strong>La Marseillaise [ARTICLE]<\/strong> In\u00e8s Kouevi et Clara No\u00ebl-Hou\u00e9d\u00e9 sont des jeunes ambassadrices de ONE qui luttent pour assurer un acc\u00e8s universel \u00e0 la vaccination contre le covid-19 et convaincre le gouvernement fran\u00e7ais d\u2019augmenter l\u2019aide publique au d\u00e9veloppement. <a href=\"https:\/\/articles.cafeyn.co\/7f0357\/la-marseillaise-bdr-marseille\/2021-03-13\/deux-etudiantes-de-marseille-a-la-lutte-contre-les-inegalites-dans-le-monde\">(21 mars 2021)<\/a>.<\/p>\n<hr \/>\n<p><strong>Le Journal Toulousain [ARTICLE]<\/strong> Tidjiane Peredes et Manon Jordana ont \u00e9t\u00e9 s\u00e9lectionn\u00e9s pour devenir des jeune ambassadeurs de ONE et convaincre les d\u00e9cideurs politiques et citoyens d\u2019agir pour mettre fin aux in\u00e9galit\u00e9s dans le monde.\u00a0 <a href=\"https:\/\/www.lejournaltoulousain.fr\/societe\/deux-jeunes-toulousains-rejoignent-long-one-du-chanteur-de-u2-bono-115060\/\">(7 mars 2021).<\/a><\/p>\n<hr \/>\n<p><strong>Sud Ouest [ARTICLE]<\/strong> Solune Pailh\u00e9 et Maya Pargade-Klitzke font parties des 300 jeunes ambassadeurs et ambassadrices en Europe qui \u00e9laborent des plaidoyers pour changer les r\u00e8gles du jeu et parvenir \u00e0 r\u00e9duire l\u2019extr\u00eame pauvret\u00e9 dans le monde. <a href=\"https:\/\/www.sudouest.fr\/gironde\/bordeaux\/bordeaux-elles-sont-les-jeunes-ambassadrices-locales-de-l-ong-one-1558605.php\">\u00a0(10 mars 2021)<\/a>.<\/p>\n<hr \/>\n<p><strong>France info [ARTICLE]<\/strong> Elise Liotard et Paula Druschke, nouvelles jeunes ambassadrices de ONE, s\u2019engagent pour que chacun et chacune puisse mener des vies dignes et pleines de possibilit\u00e9s. <a href=\"https:\/\/france3-regions.francetvinfo.fr\/grand-est\/meurthe-et-moselle\/nancy\/meurthe-et-moselle-deux-etudiantes-de-sciences-po-nancy-s-engagent-contre-l-extreme-pauvrete-1987735.html\">\u00a0(9 mars 2021).<\/a><\/p>\n<hr \/>\n<p><strong>l\u2019Humanit\u00e9 [ARTICLE]<\/strong> Le nationalisme vaccinal pourrait constituer un frein au fonctionnement du m\u00e9canisme de financement et de distribution COVAX qui a pour but d\u2019approvisionner en vaccins les pays \u00e0 revenu faible ou interm\u00e9diaire. <a href=\"https:\/\/www.humanite.fr\/vaccination-les-pays-pauvres-attendront-697923\">(23 d\u00e9cembre 2020).<\/a><\/p>\n<hr \/>\n<p><strong>Les Echos [TRIBUNE]<\/strong> La r\u00e9union tenu \u00e0 l\u2019OMC est une occasion unique de r\u00e9aliser l\u2019ambition d\u2019un vaccin comme \u00ab bien public mondial \u00bb et garantir un acc\u00e8s \u00e9quitable aux vaccins et aux m\u00e9dicaments permettant de lutter contre le Covid-19. Collectif d\u2019ONG dont ONE,\u00a0 <a href=\"https:\/\/www.lesechos.fr\/idees-debats\/cercle\/opinion-partage-de-la-propriete-intellectuelle-un-defi-pour-les-futurs-vaccins-contre-le-covid-1272411\">(9 d\u00e9cembre 2020)<\/a>.<\/p>\n<hr \/>\n<p><strong>L\u2019Echo Le R\u00e9gional [ARTICLE]<\/strong> En devenant jeune ambassadrice, Kelly Vaz-Semedo participe \u00e0 la mission de ONE de convaincre les parlementaires europ\u00e9ens et nationaux de voter un budget d\u2019aide au d\u00e9veloppement plus ambitieux.\u00a0 <a href=\"https:\/\/drive.google.com\/file\/d\/1_VEG8PElb4sLdCAth9_uzrEcExsSogpQ\/view\">(21 octobre 2020)<\/a>.<\/p>\n<hr \/>\n<p><strong>Les Echos [ARTICLE]<\/strong> En pleine pand\u00e9mie mondiale, il est inacceptable que les pays les plus pauvres du monde aient \u00e0 choisir entre payer le service de leur dette ou maintenir leur \u00e9conomie \u00e0 flot. Najat Vallaud-Belkacem,\u00a0 <a href=\"https:\/\/www.lesechos.fr\/monde\/enjeux-internationaux\/la-dette-des-pays-pauvres-au-coeur-des-discussions-du-g20-1255269\">(13 octobre 2020).<\/a><\/p>\n<hr \/>\n<p><strong>M\u00e9diapart [LETTRE OUVERTE]<\/strong> \u00c0 la veille du Conseil europ\u00e9en, les jeunes Ambassadeurs et Ambassadrices de ONE exhortent les dirigeants europ\u00e9ens \u00e0 augmenter de mani\u00e8re significative les ressources allou\u00e9es \u00e0 l\u2019action ext\u00e9rieure et aux investissements en Afrique. <a href=\"https:\/\/blogs.mediapart.fr\/one-france\/blog\/160720\/lettre-des-jeunes-ambassadeurs-et-ambassadrices-de-one-aux-dirigeants-europeens\">(16 juillet 2020).<\/a><\/p>\n<hr \/>\n<p><strong>Le Monde [TRIBUNE]<\/strong> Il est temps pour la France, qui s\u2019est positionn\u00e9e en leader sur la question de la dette des pays pauvres, de reconna\u00eetre les limites du moratoire propos\u00e9 par les pays du G20. Comment les pays qui en b\u00e9n\u00e9ficient rembourseront-ils cette dette lorsque la suspension arrivera \u00e0 son terme ? Collectif d\u2019ONG dont ONE,\u00a0 <a href=\"https:\/\/www.lemonde.fr\/idees\/article\/2020\/07\/16\/dette-des-pays-pauvres-les-creanciers-prives-doivent-participer-aux-allegements-decides-par-la-communaute-internationale_6046320_3232.html\">(16 juillet 2020).<\/a><\/p>\n<hr \/>\n<p><strong>L\u2019Obs [TRIBUNE]<\/strong> Pour fair face aux d\u00e9fis de notre monde, une taxe sur les transactions financi\u00e8res ambitieuse est n\u00e9c\u00e9ssaire. Ce que nos concitoyens demandent, c\u2019est davantage de justice et d\u2019\u00e9quit\u00e9. Cela exprime le souhait d\u2019une redistribution plus juste des richesses, en France, dans l\u2019Union europ\u00e9enne, et dans le monde. ONE et Oxfam, <a href=\"https:\/\/www.nouvelobs.com\/economie\/20200630.OBS30700\/tribune-cecile-duflot-et-najat-vallaud-belkacem-l-europe-a-besoin-d-une-taxe-sur-les-transactions-financieres-a-la-hauteur-des-enjeux.html\">(30 juin 2020).<\/a><\/p>\n<hr \/>\n<p><strong>Le JDD [TRIBUNE] <\/strong>Le vaccin contre le Covid-19 n\u2019est pas encore disponible, mais les craintes d\u2019un nationalisme vaccinal sont d\u00e9j\u00e0 bien pr\u00e9sentes. C\u2019est d\u00e8s maintenant qu\u2019il faut cr\u00e9er les conditions d\u2019un acc\u00e8s universel au vaccin. Il faut \u00e9viter \u00e0 tout prix que la course aux profits vienne entraver l\u2019acc\u00e8s des personnes les plus expos\u00e9es et d\u00e9munies. Collectif d\u2019ONG dont ONE , <a href=\"https:\/\/www.lejdd.fr\/Societe\/cecile-duflot-najat-vallaud-belkacem-et-11-dirigeants-dong-engages-contre-le-nationalisme-vaccinal-3977628\">(27 juin 2020).<br \/>\n<\/a><\/p>\n<hr \/>\n<p><strong>20 minutes [ARTICLE]<\/strong> Maya Pargade-Klitzke devient jeune Ambassadrice du mouvement ONE. Sa mission est d\u2019aller \u00e0 la rencontre des \u00e9lus locaux et d\u00e9fendre plusieurs causes, notamment la vaccination dans les pays pauvres, l\u2019\u00e9galit\u00e9 hommes-femmes, et les droits des femmes et de la jeunesse.\u00a0 <a href=\"https:\/\/www.20minutes.fr\/bordeaux\/2743739-20200603-video-ambassadrice-ong-one-maya-21-ans-veut-lutter-contre-extreme-pauvrete\">(3 juin 2020).<\/a><\/p>\n<hr \/>\n<p><strong>Les Echos [TRIBUNE]<\/strong> Le Covid-19 est une maladie nouvelle, au rythme et aux formes \u00e9volutifs. En raison des fortes in\u00e9galit\u00e9s vaccinales, la catastrophe sanitaire actuelle pourrait \u00eatre encore amplifi\u00e9e par le d\u00e9veloppement d\u2019autres maladies. Najat Vallaud-Belkacem et Guillaume Grosso,\u00a0 <a href=\"https:\/\/www.lesechos.fr\/idees-debats\/cercle\/opinion-une-pandemie-peut-en-cacher-une-autre-1207588\">(2 juin 2020).<\/a><\/p>\n<hr \/>\n<p><strong>M\u00e9diapart [TRIBUNE]<\/strong> Grandis berc\u00e9s par des actualit\u00e9s alarmantes, de l\u2019acc\u00e9l\u00e9ration du changement climatique \u00e0 l\u2019accroissement des in\u00e9galit\u00e9s, en passant par la mont\u00e9e des populismes, les jeunes Ambassadeurs et Ambassadrices de ONE demandent une remise en question g\u00e9n\u00e9rale du monde dans lequel ils vieilliront. <a href=\"https:\/\/blogs.mediapart.fr\/one-france\/blog\/200520\/le-monde-dapres-vu-par-les-jeunes-ambassadeurs-et-ambassadrices-de-one\">(20 mai 2020).<\/a><\/p>\n<hr \/>\n<p><strong>Monaco Hebdo [ARTICLE] <\/strong>En moyenne, quand un traitement est trouv\u00e9 pour une maladie, il faut au moins sept ans de plus avant qu\u2019il arrive dans les pays les plus pauvres. Cela n\u2019est plus acceptable. Il faut absolument revoir ces r\u00e8gles pour que le vaccin contre le Covid-19 soit un bien public mondial. Najat Vallaud-Belkacem,\u00a0 <a href=\"https:\/\/www.monacohebdo.mc\/actualites\/international\/interview-najat-vallaud-belkacem-covid19\/\">(18 mai 2020).<\/a><\/p>\n<hr \/>\n<p><strong>We Demain [TRIBUNE]<\/strong> En cette semaine mondiale de la vaccination, les jeunes Ambassadeurs et Ambassadrices de ONE s\u2019adressent au Pr\u00e9sident de la R\u00e9publique qui repr\u00e9sentera la France lors de la conf\u00e9rence de lev\u00e9e de fonds organis\u00e9e le 4 mai par l\u2019Union europ\u00e9enne. Les jeunes activistes attendent du Gouvernement fran\u00e7ais une contribution ambitieuse pour assurer l\u2019\u00e9radication du Covid-19. <a href=\"https:\/\/www.wedemain.fr\/dechiffrer\/lettre-au-president-pour-une-aide-a-la-vaccination-des-pays-pauvres_a4680-html\/\">(30 avril 2020).<\/a><\/p>\n<hr \/>\n<p><strong>L\u2019Obs [TRIBUNE]<\/strong> Trente pays en Afrique subsaharienne d\u00e9pensent plus pour le remboursement de leur dette que pour les soins de sant\u00e9. ONE appelle une suspension accompagn\u00e9e d\u2019une restructuration de la dette avec pour objectif l\u2019annulation de ce poids <em>\u00ab insoutenable \u00bb.\u00a0<\/em>Najat Vallaud-Belkacem, <a href=\"https:\/\/www.nouvelobs.com\/coronavirus-de-wuhan\/20200418.OBS27689\/najat-vallaud-belkacem-suspendre-les-dettes-des-pays-les-plus-pauvres-n-est-pas-suffisant.html\">(18 avril 2020).<\/a><\/p>\n<hr \/>\n<p><strong>Jeune Afrique [ARTICLE] <\/strong>Les milieux scientifiques et de la recherche font preuve pour la plupart d\u2019une coop\u00e9ration internationale hors pair. C\u2019est au niveau politique que le manque de coop\u00e9ration internationale risque d\u2019avoir les cons\u00e9quences les plus d\u00e9sastreuses. On regrette d\u00e9j\u00e0 la comp\u00e9tition que se sont livr\u00e9s certains pays pour se d\u00e9rober de masques et autres outils prot\u00e9geant du Covid-19. Najat Vallaud-Belkacem,\u00a0\u00a0<a href=\"https:\/\/www.jeuneafrique.com\/927009\/politique\/najat-vallaud-belkacem-il-faut-donner-au-futur-vaccin-contre-le-coronavirus-le-statut-de-bien-public-mondial\/\">(14 avril 2020).<\/a><\/p>\n<hr \/>\n<p><strong>Lib\u00e9ration [ARTICLE]<\/strong>\u00a0 La croissance du PIB en Afrique serait fortement r\u00e9duite \u00e0 cause de la pand\u00e9mie du Covid-19. Il y a donc urgence \u00e0 d\u00e9bloquer des fonds, le plus vite possible, pour construire un rempart sanitaire face \u00e0 l\u2019\u00e9pid\u00e9mie. Puis, dans un second temps, pour aider les Etats \u00e0 surmonter le s\u00e9isme \u00e9conomique qui s\u2019annonce.<a href=\"https:\/\/www.liberation.fr\/planete\/2020\/04\/13\/covid-19-en-afrique-la-solidarite-recyclee-de-la-france-et-de-l-ue_1784913\/\">(13 avril 2020).<\/a><\/p>\n<hr \/>\n<p><strong>Huffington Post [ARTICLE]<\/strong> La seule r\u00e9ponse qui ait jamais d\u00e9montr\u00e9 son efficacit\u00e9 consiste \u00e0 faire cause commune pour prot\u00e9ger la sant\u00e9 de tous partout dans le monde. La pand\u00e9mie ne conna\u00eet pas de fronti\u00e8re, les dirigeants de la plan\u00e8te doivent urgemment s\u2019allier pour assurer une r\u00e9ponse mondiale. Najat Vallaud-Belkacem\u00a0 <a href=\"https:\/\/www.huffingtonpost.fr\/entry\/coronavirus-a-la-tete-dune-ong-najat-vallaud-belkacem-demande-un-plan-mondial_fr_5e8c746bc5b6e1d10a69f4f6\">(7 avril 2020)<\/a>.<\/p>\n<hr \/>\n<p><strong>La Presse de la Manche [ARTICLE]<\/strong> Ingrid Hardouin a \u00e9t\u00e9 s\u00e9l\u00e9ctionn\u00e9e par ONE et rejoint un groupe de 50 jeunes Ambassadeurs et Ambassadrices de ONE. Sa toute premi\u00e8re mission: appeler la France \u00e0 soutenir la vaccination des enfants dans les pays pauvres. <a href=\"https:\/\/actu.fr\/societe\/manche-ingrid-milite-dans-long-one-cotes-bono_32810287.html\">(7 avril 2020).<\/a><\/p>\n<hr \/>\n<p><strong>Le Monde [TRIBUNE]<\/strong> Parce qu\u2019une pand\u00e9mie exige une r\u00e9ponse mondiale, ONE lance une campagne appelant les gouvernements et de les entreprises \u00e0 soutenir un plan de lutte contre le Covid-19 \u00e0 l\u2019\u00e9chelle internationale. Najat Vallaud-Belkacem,\u00a0 <a href=\"https:\/\/www.lemonde.fr\/idees\/article\/2020\/04\/07\/najat-vallaud-belkacem-a-pandemie-mondiale-reponse-mondiale_6035818_3232.html\">(7 avril 2020).<\/a><\/p>\n<hr \/>\n<p><strong>\u00a0Le Parisien [ARTICLE]<\/strong> Ang\u00e9lique Girault endosse un nouveau r\u00f4le: celui de jeune Ambassadrice de l\u2019ONG ONE. Fortement engag\u00e9e, elle devient porte-parole de campagnes de sensibilisation \u00e0 l\u2019extr\u00eame pauvret\u00e9 et aux maladies \u00e9vitables dans le monde. <a href=\"https:\/\/www.leparisien.fr\/hauts-de-seine-92\/levallois-perret-angelique-ambassadrice-de-la-lutte-contre-l-extreme-pauvrete-12-03-2020-8278299.php?ts=1641575507379\">(12 mars 2020).<\/a><\/p>\n<hr \/>\n<p><strong>L\u2019Union [ARTICLE]<\/strong>\u00a0 Romane Mika fait partie des 50 jeunes ayant \u00e9t\u00e9 s\u00e9lectionn\u00e9s par ONE. Elle est jeune Ambassadrice pour la troisi\u00e8me ann\u00e9e cons\u00e9cutive. Pendant un an, elle ira \u00e0 la rencontre des \u00e9lus et des citoyens de sa r\u00e9gion pour les convaincre d\u2019agir \u00e0 ses c\u00f4t\u00e9s contre les in\u00e9galit\u00e9s mondiales.<a href=\"https:\/\/www.lunion.fr\/id137600\/article\/2020-03-10\/une-remoise-devient-jeune-ambassadrice-de-one-lassociation-fondee-par-bono-de-u2\">(10 mars 2020).<\/a><\/p>\n<hr \/>\n<p><strong>France info [ARTICLE]\u00a0<\/strong> Ang\u00e9lique Girault a \u00e9t\u00e9 s\u00e9lectionn\u00e9e parmi des centaines de candidatures pour devenir ambassadrice de ONE. Elle s\u2019engage \u00e0 devenir, pour un an, une repr\u00e9sentante d\u2019une g\u00e9n\u00e9ration qui se mobilise pour lutter contre l\u2019extr\u00eame pauvret\u00e9 et les in\u00e9galit\u00e9s mondiales. <a href=\"https:\/\/france3-regions.francetvinfo.fr\/centre-val-de-loire\/indre-loire\/montlouis-loire\/jeune-tourangelle-s-engage-contre-extreme-pauvrete-ong-one-1795007.html\">\u00a0(4 mars 2020)<\/a>.<\/p>\n<hr \/>\n<p><strong>Rue 89 Bordeaux [ARTICLE] <\/strong>Maya Pargade-Klitzke fait partie des 50 jeunes Ambassadeurs de ONE. Au sein de sa ville, son \u00e9cole, lors de festivals culturels, sur les r\u00e9seaux sociaux, et m\u00eame \u00e0 l\u2019Assembl\u00e9e nationale ou au Parlement europ\u00e9en, la jeune ambassadrice portera les valeurs de l\u2019organisation pour sensibiliser aux in\u00e9galit\u00e9s mondiales. <a href=\"https:\/\/rue89bordeaux.com\/2020\/03\/une-bordelaise-contre-lextreme-pauvrete-avec-one-long-cofondee-par-bono\/\">(4 mars 2020)<\/a>.<\/p>\n<p><strong>L\u2019Obs [TRIBUNE]<\/strong><\/p>\n<p>A l\u2019occasion de l\u2019examen du projet de constitutionnalisation de l\u2019IVG \u00e0 l\u2019Assembl\u00e9e Nationale, Najat Vallaud-Belkacem, directrice de ONE France, fait le point sur les diff\u00e9rentes menaces qui plane sur le droit \u00e0 l\u2019avortement dans le monde. <a href=\"https:\/\/www.nouvelobs.com\/opinions\/20221123.OBS66264\/najat-vallaud-belkacem-une-femme-meurt-toutes-les-neuf-minutes-d-un-avortement-non-securise.html\">(23 novembre 2022)<\/a><\/p>\n<p><strong>Agence Ivoirienne de Presse [ARTICLE]<\/strong><\/p>\n<p>L\u2019Agence Ivoirienne de Presse relaie notre plaidoyer pour des politiques industrielles qui stimulent les investissements dans les secteurs comp\u00e9titifs ainsi que pour des droits de douanes all\u00e9g\u00e9s, afin de stimuler les importations de mat\u00e9riels industriels.\u00a0 <a href=\"https:\/\/www.aip.ci\/cote-divoire-aip-long-one-campaign-plaide-pour-des-actions-politiques-dans-lexploitation-du-potentiel-des-jeunes-en-afrique\/\">(23 novembre 2022)<\/a><\/p>\n<p><strong>Le Club de Mediapart [TRIBUNE]<\/strong><\/p>\n<p>Neuf associations, parmi lesquelles ONE, soulignent l\u2019\u00e9cart criant entre les ambitions qu\u2019a affich\u00e9 fi\u00e8rement Emmanuel Macron durant la crise du Covid-19 et le niveau des investissements fran\u00e7ais dans la sant\u00e9 mondiale. <a href=\"https:\/\/blogs.mediapart.fr\/action-sante-mondiale\/blog\/171122\/la-france-grille-la-priorite-la-sante-mondiale\">(17 novembre 2022)<\/a><\/p>\n<p><strong>Euractiv [INTERVIEW]<\/strong><br \/>\nGayle Smith, Pr\u00e9sidente Directrice G\u00e9n\u00e9rale de ONE, revient sur les d\u00e9fis que le monde connait et les menaces qui p\u00e8sent toujours en mati\u00e8re de sant\u00e9 mondiale, r\u00e9chauffement climatique, crise \u00e9conomique.<a href=\"https:\/\/www.euractiv.fr\/section\/affaires-publiques\/news\/cest-un-moment-tres-difficile-pour-les-gouvernements-europeens-selon-gayle-smith\/\">(16 novembre 2022)<\/a><\/p>\n<hr \/>\n<p><strong>L\u2019Obs [TRIBUNE]<\/strong><br \/>\nNajat Vallaud-Belkacem, Directrice France de ONE, met un coup de projecteur sur les pratiques nocives de grandes multinationales implant\u00e9es en Afrique et sur leurs cons\u00e9quences sur les populations du continent.<a href=\"https:\/\/www.nouvelobs.com\/opinions\/20221112.OBS65818\/boyard-hanouna-derriere-la-polemique-le-debat-confisque.html\">\u00a0(13 novembre 2022)<\/a><\/p>\n<hr \/>\n<p><strong>\u00a0Le Grand Continent\u00a0 [INTERVIEW]<\/strong><br \/>\nGayle Smith parle de la guerre en Ukraine et de son impact sur les in\u00e9galit\u00e9s mondiales. <a href=\"https:\/\/legrandcontinent.eu\/fr\/2022\/10\/24\/il-faudra-shabituer-a-gerer-plusieurs-crises-a-la-fois-une-conversation-avec-gayle-smith\/\">(24 octobre 2022)<\/a><\/p>\n<hr \/>\n<p><strong>[INTERVIEW]<\/strong><br \/>\nRomane Mika et David Indahy se battent contre l\u2019extr\u00eame pauvret\u00e9, en tant que jeunes Ambassadeurs de ONE. L\u2019Union <a href=\"https:\/\/www.lunion.fr\/id419263\/article\/2022-10-20\/reims-ils-sont-jeunes-et-combattent-contre-lextreme-pauvrete-dans-le-monde\">(23 octobre 2022)<\/a><\/p>\n<hr \/>\n<p><strong>\u00a0Jeune Afrique [INTERVIEW]<\/strong><br \/>\nGayle Smith \u00e9voque la convergence des crises et son impact sur le continent africain. Jeune Afriqu <a href=\"https:\/\/www.jeuneafrique.com\/1384612\/politique\/gayle-smith-en-afrique-les-etats-unis-nont-pas-pour-seul-objectif-de-contrer-la-chine-et-la-russie\/\">(22 octobre 2022)<\/a><\/p>\n<hr \/>\n<p><strong>La Marne [INTERVIEW]<\/strong><br \/>\nCassandra Kedi parle de son engagement au sein de ONE et des missions qu\u2019elle a pu exercer.\u00a0 <a href=\"https:\/\/actu.fr\/ile-de-france\/mitry-mory_77294\/mitr-mory-elle-raconte-ses-missions-de-jeune-ambassadricede-long-one_54698513.html\">(20 octobre 2022)<\/a><\/p>\n<hr \/>\n<p><strong>Ouest France [INTERVIEW]<\/strong><br \/>\nMathilde Naud \u00e9voque son parcours et son engagement en tant que jeune Ambassadrice au sein de ONE.\u00a0 <a href=\"https:\/\/www.ouest-france.fr\/bretagne\/rennes-35000\/rennes-mathilde-va-devenir-ambassadrice-de-one-l-organisation-du-chanteur-bono-a6c837fc-40c3-11ed-89be-3116781a5058#:~:text=Rennes.-,Mathilde%20va%20devenir%20ambassadrice%20de%20One%2C%20l%27organisation%20du%20chanteur,du%20chanteur%20de%20U2%2C%20Bono.\">(17 octobre 2022)<\/a><\/p>\n<hr \/>\n<p><strong>L\u2019Obs [TRIBUNE]<\/strong><br \/>\nNajat Vallaud-Belkacem revient sur les derniers chiffres de l\u2019extr\u00eame pauvret\u00e9 publi\u00e9s par la Banque mondiale et ses cons\u00e9quences sur les populations vuln\u00e9rables. <a href=\"https:\/\/www.nouvelobs.com\/tribunes\/20221014.OBS64594\/najat-vallaud-belkacem-pres-d-une-personne-sur-10-dans-le-monde-survit-avec-moins-de-2-15-dollars-par-jour.html\">(14 octobre 2022)<\/a><\/p>\n<hr \/>\n<p><strong>Causette [TRIBUNE]<\/strong><br \/>\nNajat Vallaud-Belkacem, Directrice France de ONE, plaide avec plus de 100 personnalit\u00e9s pour une vraie journ\u00e9e de mobilisation pour les droits des filles. <a href=\"https:\/\/www.causette.fr\/feminismes\/combats\/tribune-plus-de-100-personnalites-reclament-une-vraie-journee-de-mobilisation-pour-les-droits-des-filles-10-ans-apres-sa-creation\">(10 octobre 2022)<\/a><\/p>\n<hr \/>\n<p><strong>Guyane Premi\u00e8re [INTERVIEW]<\/strong><br \/>\nArnaud Bordes, jeune Ambassadeur de ONE, \u00e9voque sa rencontre avec le d\u00e9put\u00e9 de sa circonscription pour \u00e9changer au sujet d\u2019augmentation de la loi sur l\u2019aide publique au d\u00e9veloppement. <a href=\"https:\/\/la1ere.francetvinfo.fr\/guyane\/ambassadeur-de-l-ong-one-le-guyanais-arnaud-bordes-poursuit-ses-actions-de-levee-de-fonds-en-faveur-des-pays-desherites-1327556.html\">(4 octobre 2022)<\/a><\/p>\n<hr \/>\n<p><strong>Le Monde [ARTICLE]<\/strong><br \/>\nONE s\u2019exprime sur le vote du budget 2023 qui concerne l\u2019aide publique au d\u00e9veloppement, en lien avec la crise ukrainienne et les probl\u00e9matiques qu\u2019elle soul\u00e8ve. <a href=\"https:\/\/www.lemonde.fr\/economie\/article\/2022\/09\/30\/avec-la-multiplication-des-crises-humanitaires-l-aide-internationale-fait-face-a-des-besoins-immenses_6143807_3234.html\">\u00a0(30 septembre 2022)<\/a><\/p>\n<hr \/>\n<p><strong>Desk Eco [ARTICLE]<\/strong><br \/>\nGayle Smith, Pr\u00e9sidente de ONE, est intervenue lors du Forum Public 2022 de l\u2019Organisation mondiale du Commerce \u00e0 Gen\u00e8ve, le 28 septembre 2022.\u00a0 <a href=\"https:\/\/www.deskeco.com\/2022\/09\/29\/forum-public-2022-de-lomc-des-experts-encouragent-lutilisation-de-la-technologie-pour-favoriser-une\">(29 septembre 2022)<\/a><\/p>\n<hr \/>\n<p><strong>Euractiv [ARTICLE]<\/strong><br \/>\nONE r\u00e9agit \u00e0 la contribution fran\u00e7aise lors de la 7\u00e8me reconstitution du Fonds mondial contre le sida, la tuberculose et le paludisme, qui s\u2019est d\u00e9roul\u00e9 \u00e0 New York le 21 septembre. <a href=\"https:\/\/www.euractiv.fr\/section\/sante-modes-de-vie\/news\/lue-alloue-la-somme-record-de-715-millions-deuros-a-la-lutte-contre-le-sida-la-tuberculose-et-le-paludisme\/\">(22 septembre 2022)<\/a><\/p>\n<hr \/>\n<p><strong>Euractiv [INTERVIEW]<\/strong><br \/>\nNajat Vallaud-Belkacem s\u2019exprime sur la n\u00e9cessit\u00e9 d\u2019une augmentation de la contribution de la France, en amont du Fonds mondial et insiste sur le lien entre lutte contre les maladies \u00e9vitables et extr\u00eame pauvret\u00e9. <a href=\"https:\/\/www.euractiv.fr\/section\/sante-modes-de-vie\/interview\/taxer-les-ultra-riches-pour-financer-la-sante-mondiale-selon-najat-vallaud-belkacem\/\">(21 septembre 2022)<\/a><\/p>\n<hr \/>\n<p><strong>L\u2019Obs [TRIBUNE]<\/strong><br \/>\nNajat Vallaud-Belkacem pointe les difficult\u00e9s rencontr\u00e9es par les pays les plus vuln\u00e9rables, \u00e0 l\u2019heure o\u00f9 le dernier rapport du PNUD montre un net recul du niveau de vie mondial.<a href=\"https:\/\/www.nouvelobs.com\/monde\/20220916.OBS63276\/najat-vallaud-belkacem-alerte-le-niveau-de-vie-mondial-recule-pour-le-premiere-fois-depuis-trente-ans.html\">\u00a0(16 septembre 2022)<\/a><\/p>\n<hr \/>\n<p><strong>Influencia [ARTICLE]<\/strong><br \/>\nInfluencia pr\u00e9sente la nouvelle campagne de communication de ONE, interpellant le gouvernement fran\u00e7ais \u00e0 quelques jours de la 7\u00e8me reconstitution du Fonds mondial contre le sida, la tuberculose et le paludisme. <a href=\"https:\/\/www.influencia.net\/il-ne-manque-quune-signature-pour-sauver-20-millions-de-vies-celle-de-la-france\/\">(14 septembre 2022)<\/a><\/p>\n<hr \/>\n<p><strong>CB News [ARTICLE]<\/strong><br \/>\nAlors que le Fonds mondial de lutte contre le sida, la tuberculose et le paludisme organise sa septi\u00e8me reconstitution, ONE exhorte la France \u00e0 augmenter sa participation financi\u00e8re de 30% pour faire face \u00e0 ces trois maladies mortelles. <a href=\"https:\/\/www.cbnews.fr\/marques\/image-juste-signature-one-avec-ok-c-est-cool-71357\">(14 septembre 2022)<\/a><\/p>\n<hr \/>\n<p><strong>Strat\u00e9gies [ARTICLE]<\/strong><br \/>\nONE interpelle le Pr\u00e9sident Macron par une nouvelle vid\u00e9o choc sur les ravages caus\u00e9s par le VIH, la tuberculose et le paludisme au sein des pays les plus vuln\u00e9rables. <a href=\"https:\/\/www.strategies.fr\/creations\/campagnes\/LQ934108C\/ok-c-est-cool-pour-l-ong-one-il-ne-manque-quune-signature-pour-sauver-20-millions-de-vies-septembre-2022.html\">(14 septembre 2022)<\/a><\/p>\n<p><strong>J\u2019AI UN POTE DANS LA COM [ARTICLE]<\/strong><br \/>\nPour sensibiliser le grand public \u00e0 la n\u00e9cessit\u00e9 d\u2019augmenter la contribution financi\u00e8re de la France \u00e0 la reconstitution du Fonds mondial, ONE a projet\u00e9 un court film dans les rues de Paris<a href=\"https:\/\/jai-un-pote-dans-la.com\/ong-one-projette-murs-parisiens-campagne-sensibilisation\/\">(13 septembre 2022)<\/a><\/p>\n<hr \/>\n<p><strong>Causette [INTERVIEW]<\/strong><br \/>\nNajat Vallaud-Belkacem revient sur les in\u00e9galit\u00e9s qui touchent toujours les communaut\u00e9s les plus vuln\u00e9rables, partout dans le monde.<a href=\"https:\/\/www.causette.fr\/feminismes\/combats\/najat-vallaud-belkacem-les-inegalites-de-genre-amputent-le-pib-mondial-de-15\">(14 septembre 2022)<\/a><\/p>\n<hr \/>\n<p><strong>L\u2019OBS [TRIBUNE]<\/strong><br \/>\nAlors que le Fonds mondial de lutte contre le sida, la tuberculose et le paludisme organise sa septi\u00e8me reconstitution, Najat Vallaud-Belkacem encourage les pays les plus riches, dont la France, contributrice historique, \u00e0 augmenter leur participation financi\u00e8re de 30%.<a href=\"https:\/\/www.nouvelobs.com\/opinions\/20220906.OBS62814\/najat-vallaud-belkacem-l-avenir-de-la-lutte-contre-le-sida-se-joue-le-19-septembre.html?utm_term=Autofeed&amp;utm_medium=Social&amp;utm_source=Twitter#Echobox=1662453455\">\u00a0(6 septembre2022)<\/a><\/p>\n<hr \/>\n<p><strong>50-50 Magazine [INTERVIEW]<\/strong><br \/>\nNajat Vallaud-Belkacem explique les raisons d\u2019une in\u00e9galit\u00e9 de genre au sein des populations touch\u00e9es par l\u2019extr\u00eame pauvret\u00e9. <a href=\"https:\/\/www.50-50magazine.fr\/2022\/08\/01\/najat-vallaud-belkacem-la-pauvrete-est-sexiste-2\/\">\u00a0(1er ao\u00fbt 2022)<\/a><\/p>\n<hr \/>\n<p><strong>Le JDD [TRIBUNE]<\/strong><br \/>\nAvant la 7\u00e8me reconstitution pour le Fonds mondial, de nombreuses personnalit\u00e9s appellent la France \u00e0 contribuer \u00e0 sa juste part. <a href=\"https:\/\/www.lejdd.fr\/Societe\/il-est-urgent-dagir-contre-le-vihsida-la-tuberculose-et-le-paludisme-lappel-de-pres-de-200-personnalites-4123601\">(18 juillet 2022)<\/a><\/p>\n<hr \/>\n<p><strong>[TRIBUNE]<\/strong><br \/>\nAlors que la France fait face \u00e0 une vague de chaleur sans pr\u00e9c\u00e9dent qui se traduit par de nombreux feux, l\u2019Europe doit s\u2019affranchir des anciens textes, tel le Trait\u00e9 sur la charte de l\u2019\u00e9nergie afin de mettre en place de r\u00e9elles politiques climatiques. L\u2019OBS (18 juillet 2022)<\/p>\n<hr \/>\n<p><strong>L\u2019OBS [TRIBUNE]<\/strong><br \/>\nFace \u00e0 une esp\u00e9rance de vie mondiale qui r\u00e9gresse pour la premi\u00e8re fois, Najat Vallaud-Belkacem alerte les dirigeants du G7 qui se r\u00e9unissent le 26 juin en Allemagne. <a href=\"https:\/\/www.nouvelobs.com\/opinions\/20220624.OBS60109\/najat-vallaud-belkacem-pour-la-premiere-fois-l-esperance-de-vie-mondiale-diminue-le-g7-doit-agir.html\">(24 juin 2022)<\/a><\/p>\n<hr \/>\n<p><strong>Marianne [TRIBUNE]<\/strong><br \/>\nLes jeunes Ambassadeurs et Ambassadrices de ONE en France soulignent la nomination de la secr\u00e9taire d\u2019\u00c9tat charg\u00e9e du d\u00e9veloppement de la francophonie et des partenariats internationaux, et rappelent la n\u00e9cessit\u00e9 pour le gouvernement d\u2019agir comme v\u00e9ritable partenaire du continent africain. <a href=\"https:\/\/www.marianne.net\/agora\/tribunes-libres\/la-france-doit-sengager-en-faveur-de-lafrique-pour-laider-a-affronter-les-defis-qui-lattendent\">(16 juin 2022)<\/a><\/p>\n<hr \/>\n<p><strong>L\u2019OBS [TRIBUNE]<\/strong><br \/>\nAlors que la fin de la pr\u00e9sidence fran\u00e7aise de l\u2019Union Europ\u00e9enne approche, l\u2019objectif d\u2019allouer 100 milliards de Droits de tirage sp\u00e9ciaux (DTS) aux pays les plus pauvres n\u2019est toujours pas atteint. <a href=\"https:\/\/www.nouvelobs.com\/tribunes\/20220604.OBS59286\/najat-vallaud-belkacem-qu-est-devenue-l-aide-covid-a-l-afrique.html\">(4 juin 2022)<\/a><\/p>\n<hr \/>\n<p><strong>L\u2019OBS [TRIBUNE]<\/strong><br \/>\nA la veille du second tour de l\u2019\u00e9lection pr\u00e9sidentielle, Najat Vallaud-Belkacem souligne et d\u00e9crypte les conceptions et propositions lep\u00e9nistes, et ses potentielles cons\u00e9quences sur le pays et \u00e0 l\u2019international. <a href=\"https:\/\/www.nouvelobs.com\/tribunes\/20220419.OBS57336\/le-grand-renoncement-promis-par-marine-le-pen-par-najat-vallaud-belkacem.html\">(19 avril 2022)<\/a><\/p>\n<hr \/>\n<p><strong>L\u2019OBS [TRIBUNE]<\/strong><\/p>\n<p>Deux ans apr\u00e8s le d\u00e9but de la pand\u00e9mie, Najat Vallaud-Belkacem rappelle que la lutte contre la pand\u00e9mie est loin d\u2019\u00eatre termin\u00e9e \u00e0 l\u2019\u00e9chelle mondiale, en d\u00e9pit de l\u2019assouplissement des restrictions actuel. <a href=\"https:\/\/www.nouvelobs.com\/tribunes\/20220408.OBS56829\/najat-vallaud-belkacem-la-lutte-contre-la-pandemie-est-loin-d-etre-finie.html\">(8 avril 2022)<\/a><\/p>\n<hr \/>\n<p><strong>Le Monde [TRIBUNE]<\/strong><br \/>\nNajat Vallaud-Belkacem r\u00e9agit \u00e0 la d\u00e9tresse des jeunes Afghanes, priv\u00e9es d\u2019\u00e9coles par les autorit\u00e9s talibanes le 23 mars 2022, en plaidant pour la fili\u00e8re des technologies \u00e9ducatives.\u00a0 <a href=\"https:\/\/www.lemonde.fr\/idees\/article\/2022\/04\/06\/najat-vallaud-belkacem-pour-un-droit-effectif-a-l-education-des-jeunes-afghans-mobilisons-la-filiere-des-technologies-educatives_6120842_3232.html\">(6 avril 2022)<\/a><\/p>\n<hr \/>\n<p><strong>Lib\u00e9ration [TRIBUNE]<\/strong><\/p>\n<p class=\"article_link\">Les crises majeures qui s\u2019encha\u00eenent \u00e0 l\u2019\u00e9chelle globale depuis une d\u00e9cennie sont d\u2019une telle ampleur que le quotidien de chacun en a \u00e9t\u00e9 \u00e9branl\u00e9, et que notre perception de la r\u00e9alit\u00e9 en est aujourd\u2019hui profond\u00e9ment chang\u00e9e, tout comme notre compr\u00e9hension du monde, notre fa\u00e7on de voir l\u2019avenir. Najat Vallaud-Belkacem. <a href=\"https:\/\/www.liberation.fr\/forums\/europeens-encore-un-effort-pour-etre-terriens-20220318_6DNEXH3TABE2HL5LNPNDV4E4OY\/?redirected=1\">(18 mars 2022)<\/a><\/p>\n<hr \/>\n<p><strong>L\u2019Obs [TRIBUNE]<\/strong><\/p>\n<p>D\u00e9j\u00e0 fragilis\u00e9s depuis deux ans par la pand\u00e9mie dont ils ne sont toujours pas relev\u00e9s, et par les retards et les rat\u00e9s de la campagne mondiale de vaccination, les pays les plus vuln\u00e9rables, au premier rang desquels ceux d\u2019Afrique, vont en effet payer le prix fort de la guerre en Ukraine. Najat Vallaud-Belkacem.<a href=\"https:\/\/www.nouvelobs.com\/tribunes\/20220318.OBS55865\/najat-vallaud-belkacem-l-afrique-va-payer-le-prix-fort-de-la-guerre-en-ukraine.html#modal-msg\">\u00a0(18 mars 2022)<\/a><\/p>\n<hr \/>\n<p><strong>La Voix du Nord [ARTICLE]<\/strong><br \/>\nManon Bendaoudia, 25 ans, jeune ambassadrice chez ONE, confie son engagement profond pour lutter contre la pauvret\u00e9 et les discriminations en tout genre.\u00a0 <a href=\"https:\/\/www.lavoixdunord.fr\/1151922\/article\/2022-03-13\/lille-manon-bendaoudia-militante-lilloise-contre-l-extreme-pauvrete\">(15 mars 2022)<\/a><\/p>\n<hr \/>\n<p><strong>Lib\u00e9ration [ARTICLE]<\/strong><\/p>\n<p>Quelles mesures pour mettre un terme \u00e0 l\u2019extr\u00eame pauvret\u00e9 ?L\u2019ONG ONE a tent\u00e9 d\u2019y r\u00e9pondre en lan\u00e7ant une convention citoyenne aupr\u00e8s de 24 000 personnes. <a href=\"https:\/\/www.liberation.fr\/forums\/mettre-fin-a-lextreme-pauvrete-les-citoyens-esquissent-des-solutions-20220311_WRCA5LCEKVBJLI3F733T5LVCCU\/\">(11 mars 2022)<\/a><\/p>\n<hr \/>\n<p><strong>L\u2019Obs [TRIBUNE]<\/strong><\/p>\n<p class=\"article-page__chapo\">Le retour de la guerre en Europe suscite naturellement la peur et donne le vertige. Elle conduit l\u00e9gitimement, comme lors de toute crise majeure, \u00e0 la solidarit\u00e9 et \u00e0 l\u2019unit\u00e9 nationale derri\u00e8re nos dirigeants. Difficile d\u00e8s lors d\u2019imaginer que l\u2019\u00e9lection pr\u00e9sidentielle qui structure notre vie d\u00e9mocratique aura lieu dans \u00e0 peine 30 jours. Najat Vallaud-Belkacem.\u00a0<a href=\"https:\/\/www.nouvelobs.com\/tribunes\/20220307.OBS55386\/najat-vallaud-belkacem-ne-renoncons-pas-au-debat-democratique.html#\">(7 mars 2022)<\/a><\/p>\n<hr \/>\n<p><strong> L\u2019Eclaireur de Ch\u00e2teaubriant [ARTICLE] <\/strong>Mathilde Naud a d\u00e9cid\u00e9 de s\u2019engager aupr\u00e8s de ONE afin d\u2019avoir un impact r\u00e9el et concret dans le monde et pour d\u00e9fendre un monde plus juste. <a href=\"https:\/\/actu.fr\/pays-de-la-loire\/chateaubriant_44036\/chateaubriant-mathilde-sengage-dans-la-lutte-contre-lextreme-pauvrete-dans-le-monde_49196963.html\">(5 mars 2022).<\/a><\/p>\n<hr \/>\n<p><strong>Oxfam [ARTICLE]<\/strong><br \/>\nL\u2019ONG ONE, \u00e0 l\u2019aide d\u2019autres associations f\u00e9ministes, m\u00e8ne une \u00e9tude qui dresse un bilan bien maigre des mesures f\u00e9ministes adopt\u00e9es lors du quinquennat d\u2019Emmanuel Macron. <a href=\"https:\/\/www.oxfamfrance.org\/rapports\/egalite-femmes-hommes-grande-cause-petit-bilan\/\">(3 mars 2022)<\/a><\/p>\n<hr \/>\n<p><strong>Le Midi Libre [ARTICLE] <\/strong>Pour Ana\u00efs Ossombo, l\u2019\u00e9galit\u00e9 est une valeur et c\u2019est ce qui a conduit \u00e0 son engagement aupr\u00e8s de ONE, afin de viser un monde plus juste. Se souvenant de l\u2019action men\u00e9e par ONE \u00e0 l\u2019aube de la pr\u00e9sidentielle 2017, elle souhaite, \u00e0 son tour, parvenir \u00e0 convaincre les candidats et candidates \u00e0 l\u2019\u00e9lection 2022 de se tourner vers le sujet de la solidarit\u00e9 internationale.\u00a0 <a href=\"https:\/\/www.bienpublic.com\/social\/2022\/02\/25\/deux-dijonnais-s-engagent-dans-la-lutte-contre-l-extreme-pauvrete\">(28 f\u00e9vrier 2022).<\/a><\/p>\n<hr \/>\n<p><strong>France TV \u2013 Guyane 1. [ARTICLE] <\/strong>Arnaud Bordes est jeune Ambassadeur de l\u2019ONG ONE. Oppos\u00e9 au d\u00e9terminisme, il souhaite s\u2019engager pour que tout le monde, partout sur la plan\u00e8te, ait la possibilit\u00e9 d\u2019une vie digne, remplie de possibles. Lass\u00e9 de voir des populations vivre dans l\u2019extr\u00eame pauvret\u00e9, il veut obtenir des engagements concrets des candidats \u00e0 la pr\u00e9sidentielle fran\u00e7aise, afin de mettre fin \u00e0 cette tendance. <a href=\"https:\/\/la1ere.francetvinfo.fr\/guyane\/le-guyanais-arnaud-bordes-engage-contre-l-extreme-pauvrete-nomme-ambassadeur-jeune-pour-l-ong-one-1240825.html\">(25 f\u00e9vrier 2022)<\/a>.<\/p>\n<hr \/>\n<p><strong>Le Bien Public [ARTICLE] <\/strong>Guillaume Girault et Arnaud Bordes sont des \u201cGlobal Activists\u201d. Pendant un an, il porteront les valeurs et missions de ONE dans l\u2019espace public, politique et m\u00e9diatique pour sensibiliser les citoyens et leaders politiques aux in\u00e9galit\u00e9s mondiales, exacerb\u00e9es par la pand\u00e9mie et le changement climatique.\u00a0 <a href=\"https:\/\/www.bienpublic.com\/social\/2022\/02\/25\/deux-dijonnais-s-engagent-dans-la-lutte-contre-l-extreme-pauvrete\">(25 f\u00e9vrier 2022).<\/a><\/p>\n<hr \/>\n<p><strong>Ouest France [ARTICLE] <\/strong>Mathilde Naud, jeune Ambassadrice de ONE, se mobilise pour r\u00e9duire les in\u00e9galit\u00e9s mondiales, l\u2019acc\u00e8s in\u00e9quitable aux vaccins et l\u2019extr\u00eame pauvret\u00e9 dans le monde. Comment s\u2019y prend-elle? Via des campagnes de mobilisation citoyenne, des actions de sensibilisation sur les r\u00e9seaux sociaux, et des mails et des courriers adress\u00e9s aux acteurs politiques.\u00a0 <a href=\"https:\/\/www.ouest-france.fr\/pays-de-la-loire\/chateaubriant-44110\/chateaubriant-a-22-ans-elle-fait-campagne-contre-l-extreme-pauvrete-dans-le-monde-ea63d956-9558-11ec-a598-cbc0ff532848\">(25 f\u00e9vrier 2022)<\/a>.<\/p>\n<hr \/>\n<p><strong>L\u2019Est R\u00e9publicain [ARTICLE] <\/strong>\u00c9lise Liotard, Arya Billon et Paula Druschke, sont des jeunes Ambassadrices de ONE. Fortement engag\u00e9es, les trois jeunes \u00e9tudiantes discutent de solidarit\u00e9 et coop\u00e9ration internationale avec le grand public et les d\u00e9cideurs politiques. Elles se battent pour garantir une vie d\u00e9cente aux plus d\u00e9munis.\u00a0<a href=\"https:\/\/www.estrepublicain.fr\/education\/2022\/02\/22\/trois-etudiantes-deviennent-ambassadrices-de-l-ong-one\">(22 f\u00e9vrier 2022).<\/a><\/p>\n<hr \/>\n<p><strong>Ouest France [ARTICLE] <\/strong>Maylis Lepinette et Clara No\u00ebl-Hou\u00e9d\u00e9 font partie des 74 jeunes Ambassadeurs et Ambassadrices de ONE sur l\u2019ensemble du territoire national. Au cours de cette ann\u00e9e d\u2019\u00e9lections pr\u00e9sidentielles et l\u00e9gislatives, elles auront le r\u00f4le d\u2019influencer les candidats et futures acteurs politiques dans le but de r\u00e9duire l\u2019extr\u00eame pauvret\u00e9 dans le monde. \u00a0<a href=\"https:\/\/www.ouest-france.fr\/bretagne\/saint-malo-35400\/saint-malo-clara-et-maylis-ambassadrices-contre-la-pauvrete-08af9a8e-90be-11ec-bcbd-1dcb07d3bd37\">(21 f\u00e9vrier 2022)<\/a><\/p>\n<hr \/>\n<p><strong>La Croix [ARTICLE] \u00ab <\/strong>La dette africaine est d\u00e9tenue pour un tiers par des acteurs publics, pour un tiers par des acteurs priv\u00e9s et pour un tiers par des banques publiques de d\u00e9veloppement. Les acteurs priv\u00e9s attendent souvent de fa\u00e7on cynique qu\u2019une part de la dette publique soit annul\u00e9e, de fa\u00e7on que les marges de man\u0153uvre budg\u00e9taires ainsi d\u00e9gag\u00e9es leur permettent d\u2019\u00eatre rembours\u00e9s \u00bb. Ma\u00e9 Kurkjian,\u00a0 <a href=\"https:\/\/www.la-croix.com\/Economie\/creanciers-prives-compliquent-reglement-dette-africaine-2022-02-18-1201201085\">(18 f\u00e9vrier 2022).<\/a><a href=\"https:\/\/www.la-croix.com\/Economie\/creanciers-prives-compliquent-reglement-dette-africaine-2022-02-18-1201201085\"><br \/>\n<\/a><\/p>\n<hr \/>\n<p><strong>Outremers 360\u00b0 [ARTICLE] <\/strong>Arnaud Bordes rejoint le programme \u00ab jeune Ambassadeur \u00bb de ONE afin de porter encore plus haut, encore plus fort les combats capitaux qui sont l\u2019extr\u00eame pauvret\u00e9 et la lutte contre les maladies \u00e9vitables dans les pays les plus pauvres. \u00a0<a href=\"https:\/\/outremers360.com\/bassin-atlantique-appli\/le-guyanais-arnaud-bordes-devient-jeune-ambassadeur-de-one-organisation-cofondee-par-le-chanteur-bono-qui-lutte-contre-lextreme-pauvrete\">(18 f\u00e9vrier 2022)<\/a>.<\/p>\n<hr \/>\n<p><strong>Euractiv [ARTICLE] <\/strong>L\u2019enjeu principal du sommet UE-UA sur le plan sanitaire est de poser les bases d\u2019une lutte efficace pour les futures crises sanitaires. \u00abTant que les pays africains ne pourront pas produire leurs propres vaccins, ils seront toujours \u00e0 la tra\u00eene. Or, ce continent ne devrait pas avoir \u00e0 d\u00e9pendre des autres pour sa propre s\u00e9curit\u00e9 sanitaire \u00bb. Najat Vallaud-Belkacem,\u00a0<a href=\"https:\/\/www.euractiv.fr\/section\/sante-modes-de-vie\/news\/sommet-ue-afrique-poser-les-bases-dune-lutte-efficace-pour-lapres-covid\/\">(17 f\u00e9vrier 2022)<\/a>.<\/p>\n<hr \/>\n<p><strong>France 24 [ARTICLE] <\/strong>ONE d\u00e9nonce le blocage de l\u2019UE sur la lev\u00e9e des brevets, y compris au sein de l\u2019OMC. \u00ab De nombreuses usines se trouvent en Europe. Nous d\u00e9fendons nos int\u00e9r\u00eats \u00e9conomiques et industriels. Ce qui est en train de se jouer, ce sont les int\u00e9r\u00eats \u00e9conomiques de pays du Nord contre l\u2019acc\u00e8s au soin de pays du Sud \u00bb, Ma\u00e9 Kurkjian, <a href=\"https:\/\/www.france24.com\/fr\/afrique\/20220217-lev%C3%A9e-des-brevets-sur-les-vaccins-anti-covid-la-question-qui-f%C3%A2che-au-sommet-ue-ua\">(17 f\u00e9vrier 2022)<\/a><\/p>\n<hr \/>\n<p><strong>L\u2019Obs [TRIBUNE] <\/strong>L\u2019\u00e9go\u00efsme vaccinal de l\u2019Union europ\u00e9enne, qui malgr\u00e9 des taux de vaccination importants continue \u00e0 bloquer des mesures cl\u00e9s qui permettraient de faire progresser l\u2019\u00e9quit\u00e9 vaccinale, est \u00e0 ce titre apparu pour ce qu\u2019il est : irrationnel et injuste.\u00a0Sans vaccination des populations des pays vuln\u00e9rables, nous ne pourrons freiner l\u2019apparition de nouveaux variants. Najat Vallaud-Belkacem, <a href=\"https:\/\/www.nouvelobs.com\/afrique\/20220217.OBS54627\/najat-vallaud-belkacem-l-europe-et-l-afrique-enfin-d-egal-a-egal.html\">(17 F\u00e9vrier 2022)<\/a><\/p>\n<hr \/>\n<p><strong>Jeune Afrique [LETTRE OUVERTE] <\/strong>Au lancement du sommet UE-UA, un collectif de jeunes activistes africains et europ\u00e9ens s\u2019adressent aux dirigeants des deux continents.\u00a0Les d\u00e9fis auxquels nous faisons face sont mondiaux par nature. Qu\u2019il s\u2019agisse de la pand\u00e9mie de Covid-19, du d\u00e9r\u00e8glement climatique ou des in\u00e9galit\u00e9s mondiales, seul un leadership centr\u00e9 sur la coop\u00e9ration est en mesure d\u2019apporter les r\u00e9ponses n\u00e9cessaires. <a href=\"https:\/\/www.jeuneafrique.com\/1313551\/politique\/ua-ue-les-enjeux-sont-trop-grands-pour-avoir-le-droit-a-lerreur\/\">(16 f\u00e9vrier 2022).<\/a><\/p>\n<hr \/>\n<p><strong>La Croix [ARTICLE] <\/strong>\u00ab Le sommet UE-UA offre une opportunit\u00e9 unique de prendre des mesures concr\u00e8tes qui rapprochent l\u2019Afrique de l\u2019autosuffisance pour lutter contre le Covid-19 \u00bb. Edwin Ikhuoria, responsable de ONE.\u00a0 <a href=\"https:\/\/www.la-croix.com\/sommet-changer-donne-entre-Europe-Afrique-2022-02-17-1301200783\">(17 f\u00e9vrier 2022)<\/a>.<\/p>\n<hr \/>\n<p><strong>France Bleu Bourgogne [ARTICLE] <\/strong>Guillaume Girault devient jeune Ambassadeur de ONE. Sensibiliser dirigeants politiques et citoyens sur des th\u00e9matiques telles que les in\u00e9galit\u00e9s mondiales ou le difficile acc\u00e8s \u00e0 la vaccination dans les pays pauvres. Voil\u00e0 un aper\u00e7u des missions du jeune militant. <a href=\"https:\/\/www.francebleu.fr\/vie-quotidienne\/bien-etre-sante\/j-ai-la-fibre-associative-a-24-ans-guillaume-girault-s-engage-contre-les-inegalites-mondiales-1644940910\">(16 f\u00e9vrier 2022).<\/a><\/p>\n<hr \/>\n<p><strong> Sud Ouest[ARTICLE] <\/strong>Flora Vanderplancke fait partie des 75 jeunes Ambassadeurs et Ambassadrices de ONE en France qui luttent contre l\u2019extr\u00eame pauvret\u00e9. En menant des campagnes de sensibilisation aux in\u00e9galit\u00e9s mondiales, et en faisant du plaidoyer aupr\u00e8s des dirigeants politiques, Flora se bat pour monde plus juste. <a href=\"https:\/\/www.sudouest.fr\/pyrenees-atlantiques\/bayonne\/saint-jean-de-luz-une-jeune-femme-ambassadrice-de-l-ong-one-8830224.php\">(14 f\u00e9vrier 2022)<\/a>.<\/p>\n<hr \/>\n<p><strong>Infos Dijon [ARTICLE]\u00a0 <\/strong>Guillaume Girault et Arnaud Bordes deviennent des jeunes Ambassadeurs de ONE. Pendant un an, ils iront \u00e0 la rencontre des citoyens, citoyennes et politiques pour les convaincre de s\u2019engager \u00e0 leurs c\u00f4t\u00e9s contre les in\u00e9galit\u00e9s dans les pays pauvres.\u00a0 <a href=\"https:\/\/www.infos-dijon.com\/news\/vie-locale\/vie-locale\/solidarite-deux-dijonnais-parmi-les-ambassadeurs-de-l-ong-one.html\">(12 f\u00e9vrier 2022).<\/a><\/p>\n<hr \/>\n<p><strong>l\u2019ADN [ARTICLE] <\/strong>La musique, la mode et l\u2019esth\u00e9tique des ann\u00e9es 1990 sont de nouveau populaires et deviennent incontournables sur les r\u00e9seaux sociaux et dans les d\u00e9fil\u00e9s. Mais ce ne sont pas les seuls \u00e9l\u00e9ments qui reviennent\u2026 Pour la premi\u00e8re fois depuis cette p\u00e9riode, l\u2019extr\u00eame pauvret\u00e9 augmente dans le monde.\u00a0<a href=\"https:\/\/business.ladn.eu\/news-business\/actualites-annonceurs\/campagne-sensibilisation-ong-one-candidats-presidentielle\/\">(10 f\u00e9vrier 2022).<\/a><\/p>\n<hr \/>\n<p><strong>Ouest France [ARTICLE] <\/strong>Mathilde Naud, s\u2019engage aupr\u00e8s de ONE pour la deuxi\u00e8me ann\u00e9e cons\u00e9cutive. Elle est jeune Ambassadrice de ONE et porte-parole de la grande campagne de mobilisation citoyenne lanc\u00e9e \u00e0 l\u2019approche de l\u2019\u00e9lection pr\u00e9sidentielle.\u00a0 <a href=\"https:\/\/www.ouest-france.fr\/bretagne\/rennes-35000\/lutte-contre-la-pauvrete-une-rennaise-ambassadrice-du-mouvement-cree-par-bono-d49a56c2-89c3-11ec-9ae6-d592858b40f6\">(10 f\u00e9vrier 2022).<\/a><\/p>\n<hr \/>\n<p><strong>Gala [ARTICLE] <\/strong>Anne Hidalgo avec la casquette \u00e0 l\u2019envers. Christiane Taubira avec un bandeau rouge. Emmanuel Macron avec les cheveux d\u00e9color\u00e9s. Les ann\u00e9es 1990 ont inspir\u00e9 une dr\u00f4le de campagne destin\u00e9e \u00e0 influencer le programme politique des candidats \u00e0 l\u2019\u00e9lection pr\u00e9sidentielle.<a href=\"https:\/\/www.gala.fr\/l_actu\/news_de_stars\/photo-emmanuel-macron-marine-le-pen-relookes-a-la-mode-des-annees-90-cette-campagne-coup-de-poing_486897\">(10 f\u00e9vrier 2022)<\/a>.<\/p>\n<hr \/>\n<p><strong>Huffington Post [ARTICLE] <\/strong>Les ann\u00e9es 1990 reviennent \u00e0 la mode, mais pas que: l\u2019extr\u00eame pauvret\u00e9 augmente pour la 1\u00e8re fois depuis cette p\u00e9riode. ONE lance un appel pour que les candidats et candidates \u00e0 l\u2019\u00e9lection pr\u00e9sidentielle proposent des mesures concr\u00e8tes pour inverser cette tendance. <a href=\"https:\/\/www.huffingtonpost.fr\/entry\/macron-pecresse-le-pen-rhabilles-hit-machine-campagne-pauvrete_fr_6203e9c1e4b08357089b2e7f\">\u00a0(10 f\u00e9vrier 2022)<\/a><\/p>\n<hr \/>\n<p><strong>Le JDD [ARTICLE] <\/strong>ONE lance une grande campagne de mobilisation citoyenne et de plaidoyer destin\u00e9e \u00e0 interpeller les candidats \u00e0 l\u2019\u00e9lection pr\u00e9sidentielle sur la hausse de l\u2019extr\u00eame pauvret\u00e9 et des in\u00e9galit\u00e9s dans le monde.\u00a0 \u00a0<a href=\"https:\/\/www.najat-vallaud-belkacem.com\/2022\/02\/09\/najat-vallaud-belkacem-le-role-de-la-france-dans-le-monde-nest-pas-assez-aborde-dans-cette-campagne-interview-dans-le-jdd\/\">(9 f\u00e9vrier 2022)<\/a><\/p>\n<hr \/>\n<p><strong>L\u2019Obs [TRIBUNE] <\/strong>L\u2019industrie textile et de l\u2019habillement est le symbole de notre inconscience, des d\u00e9rives de la mondialisation et des renoncements politiques. Notre mode de consommation acc\u00e9l\u00e8re le changement climatique et contribue \u00e0 l\u2019exploitation des pays pauvres. Il n\u2019est pas trop tard pour changer les r\u00e8gles du jeu. Najat Vallaud-Belkacem, <a href=\"https:\/\/www.nouvelobs.com\/opinions\/20220205.OBS54109\/najat-vallaud-belkacem-ce-que-nos-vetements-disent-vraiment-de-nous.html\">(5 f\u00e9vrier 2022)<\/a><\/p>\n<hr \/>\n<p><strong>L\u2019Obs [TRIBUNE] <\/strong>Alors que les \u00e9carts de patrimoine ne cessent de s\u2019accro\u00eetre, les candidats de droite et d\u2019extr\u00eame droite rivalisent de promesses de cadeaux fiscaux. Favoriser l\u2019accumulation du patrimoine entre les mains de quelques-uns, c\u2019est encourager la reproduction des in\u00e9galit\u00e9s dans le temps. Najat Vallaud-Belkacem, <a href=\"https:\/\/www.nouvelobs.com\/economie\/20220117.OBS53335\/najat-vallaud-belkacem-l-hyper-concentration-patrimoniale-cree-des-inegalites-de-destin.html\">(17 janvier 2022)<\/a>.<\/p>\n<hr \/>\n<p><strong>L\u2019ADN [APER\u00c7U] <\/strong>Lors du week-end du Black Friday, ONE m\u00e8ne une campagne de sensibilisation aux in\u00e9galit\u00e9s vaccinales. Sur des affiches, des offres \u00ab exclusives \u00bb pour le vaccin d\u00e9voilent que beaucoup n\u2019y ont toujours pas acc\u00e8s.<a href=\"https:\/\/business.ladn.eu\/news-business\/actualites-annonceurs\/one-campagne-sensibilisation-grand-public-inegalites-vaccinales\/\">\u00a0(4 janvier 2022).<\/a><\/p>\n<hr \/>\n<p><strong>Huffington Post [TRIBUNE]<\/strong> \u0152uvrer pour un monde meilleur l\u00e0-bas, c\u2019est aussi participer \u00e0 la construction d\u2019un monde meilleur ici. Un monde plus juste, c\u2019est l\u2019ambition de ONE et devrait \u00eatre celle de nos futurs \u00e9lus. Najat Vallaud-Belkacem,\u00a0 <a href=\"https:\/\/www.huffingtonpost.fr\/entry\/tribune-najat-vallaud-belkacem-il-faudra-plus-que-des-coups-de-com-sur-twitter-pour-assurer-notre-survie-sur-cette-planete_fr_61aa03b9e4b07fe201264142\">(12 d\u00e9cembre 2021)<\/a>.<\/p>\n<hr \/>\n<p><strong> Le Journal du Dimanche [TRIBUNE]<\/strong> R\u00e9duire les in\u00e9galit\u00e9s vaccinales et permettre l\u2019acc\u00e8s aux vaccins est non seulement la seule solution pour sortir de l\u2019impasse du Covid-19 mais constitue une obligation qui incombe aux Etats et aux entreprises pharmaceutiques en mati\u00e8re de droits humains. Collectif d\u2019ONG dont ONE, <a href=\"https:\/\/www.lejdd.fr\/Societe\/tribune-vaccination-contre-le-covid-le-variant-omicron-la-semaine-de-la-honte-pour-les-pays-riches-4080570\">(4 d\u00e9cembre 2021)<\/a>.<\/p>\n<hr \/>\n<p><strong>Challenges [ARTICLE]<\/strong> Un collectif d\u2019ONG engag\u00e9es, dont ONE, d\u00e9nonce la d\u00e9cision de l\u2019OMC d\u2019annuler la r\u00e9union des ministres des pays membres. \u00abOn marche sur la t\u00eate! C\u2019\u00e9tait justement le moment d\u2019\u00e9voquer cette crise et notamment la lev\u00e9e temporaire des brevets\u00bb. Ma\u00e9 Kurkjian, <a href=\"https:\/\/www.challenges.fr\/entreprise\/sante-et-pharmacie\/variant-omicron-mobilisation-ce-mardi-pour-demander-la-levee-des-brevets_791191\">(30 novembre 2021).<\/a><\/p>\n<hr \/>\n<p><strong>20 Minutes [ARTICLE]<\/strong> Ce nouveau variant doit servir de signal d\u2019alarme pour les gouvernements du monde entier. Il n\u2019est plus possible d\u2019entretenir l\u2019id\u00e9e dangereuse qu\u2019un pays ou un continent peut lutter contre la pand\u00e9mie sur son territoire sans se pr\u00e9occuper du reste du monde. Najat Vallaud-Belkacem, <a href=\"https:\/\/www.20minutes.fr\/sante\/3185155-20211129-coronavirus-planete-raison-ceder-panique-face-variant-omicron\">(29 novembre 2021).<\/a><\/p>\n<hr \/>\n<p><strong>Le Grand Continent [TRIBUNE]<\/strong> En mati\u00e8re de lutte contre la pand\u00e9mie de Covid, le nationalisme vaccinal est une imposture sanitaire qui met en danger notre propre s\u00e9curit\u00e9. Najat Valaud-Belkacem, <a href=\"https:\/\/legrandcontinent.eu\/fr\/2021\/10\/29\/limpasse-du-modele-national-pour-faire-face-aux-crises-sanitaires\/\">(29 octobre 2021)<\/a>.<\/p>\n<hr \/>\n<p><strong>Le Monde [APER\u00c7U]<\/strong> En amont du sommet du G20, ONE lance un appel aux dirigeants \u00e0 agir pour mettre fin \u00e0 la pand\u00e9mie. <a href=\"https:\/\/twitter.com\/ONE_Fr\/status\/1453710623452323842\">(28 octobre 2021)<\/a><\/p>\n<hr \/>\n<p><strong>Lib\u00e9ration [TRIBUNE]<\/strong> La crise de la Covid-19 n\u2019est pas seulement une crise sanitaire, mais aussi une crise \u00e9conomique et sociale qui creuse les in\u00e9galit\u00e9s et qui risque d\u2019an\u00e9antir des ann\u00e9es de lutte contre l\u2019extr\u00eame pauvret\u00e9. Collectif d\u2019associations et personnalit\u00e9s dont ONE, <a href=\"https:\/\/www.liberation.fr\/idees-et-debats\/tribunes\/inegalites-vaccinales-un-an-dinaction-et-de-plus-en-plus-de-morts-20211002_QNNOHFQ3LVEJTNK6ZH7BO7EWEQ\/?redirected=1\">(2 octobre 2021).<\/a><\/p>\n<hr \/>\n<p><strong>Les Echos [TRIBUNE]<\/strong> Le temps presse. C\u2019est partout sur la plan\u00e8te, et pas uniquement dans certains pays riches, qu\u2019il nous faut vaincre le virus, gr\u00e2ce \u00e0 un effort accru de coop\u00e9ration internationale. Najat Vallaud-Belkacem, <a href=\"https:\/\/www.lesechos.fr\/idees-debats\/cercle\/najat-vallaud-belkacem-le-nationalisme-vaccinal-est-une-imposture-sanitaire-1348602\">(23 septembre 2021)<\/a>.<\/p>\n<hr \/>\n<p><strong>Euronews [APER\u00c7U]<\/strong> La question de l\u2019acc\u00e8s au vaccin contre le Covid-19 au coeur d\u2019une mini-s\u00e9rie d\u2019animation nomm\u00e9e <em>Pandemica<\/em>. <a href=\"https:\/\/fr.euronews.com\/video\/2021\/03\/28\/pandemica-une-mini-serie-d-animation-pour-sensibiliser-a-l-acces-aux-vaccins\">(28 mars 2021)<\/a>.<\/p>\n<hr \/>\n<p><strong>Derni\u00e8res Nouvelles d\u2019Alsace [ARTICLE]<\/strong> Margot Schneider rejoint le programme des jeunes ambassadeurs et ambassadrices de ONE pour lutter contre les in\u00e9galit\u00e9s mondiales et l\u2019extr\u00eame pauvret\u00e9. <a href=\"https:\/\/www.dna.fr\/culture-loisirs\/2021\/03\/27\/margot-schneider-jeune-obernoise-devenue-ambassadrice-de-l-ong-fondee-par-bono-le-chanteur-de-u2\">(28 mars 2021)<\/a>.<\/p>\n<hr \/>\n<p><strong>Le Journal du Dimanche [ARTICLE]<\/strong> La s\u00e9rie <em>Pandemica<\/em> d\u00e9nonce les in\u00e9galit\u00e9s d\u2019acc\u00e8s au vaccin et demande aux pays riches de partager leurs stocks. \u00abLe vaccin doit \u00eatre accessible \u00e0 tout le monde, peu importe la nationalit\u00e9 ou le revenu, sinon le virus restera un danger pour tout le monde\u00bb. Ma\u00e9 Kurkjian, <a href=\"https:\/\/www.lejdd.fr\/International\/vaccins-contre-le-covid-19-long-one-lance-un-appel-aux-pays-riches-un-enjeu-dequite-et-defficacite-4033700\">\u00a0(24 mars 2021)<\/a>.<\/p>\n<hr \/>\n<p><strong>Le Dauphin\u00e9 Is\u00e8re [ARTICLE]<\/strong> Chaimaa Taib s\u2019investit dans ONE en tant que jeune ambassadrice pour amplifier sa voix et mener des combats notamment sur la question de l\u2019\u00e9ducation.\u00a0 <a href=\"https:\/\/www.ledauphine.com\/social\/2021\/03\/21\/isere-une-grenobloise-en-lutte-avec-one-et-le-chanteur-bono\">(21 mars 2021)<\/a><\/p>\n<hr \/>\n<p><strong>La Marseillaise [ARTICLE]<\/strong> In\u00e8s Kouevi et Clara No\u00ebl-Hou\u00e9d\u00e9 sont des jeunes ambassadrices de ONE qui luttent pour assurer un acc\u00e8s universel \u00e0 la vaccination contre le covid-19 et convaincre le gouvernement fran\u00e7ais d\u2019augmenter l\u2019aide publique au d\u00e9veloppement. <a href=\"https:\/\/articles.cafeyn.co\/7f0357\/la-marseillaise-bdr-marseille\/2021-03-13\/deux-etudiantes-de-marseille-a-la-lutte-contre-les-inegalites-dans-le-monde\">(21 mars 2021)<\/a>.<\/p>\n<hr \/>\n<p><strong>Le journal toulousain [ARTICLE]<\/strong> Tidjiane Peredes et Manon Jordana ont \u00e9t\u00e9 s\u00e9lectionn\u00e9s pour devenir des jeune ambassadeurs de ONE et convaincre les d\u00e9cideurs politiques et citoyens d\u2019agir pour mettre fin aux in\u00e9galit\u00e9s dans le monde. <a href=\"https:\/\/www.lejournaltoulousain.fr\/societe\/deux-jeunes-toulousains-rejoignent-long-one-du-chanteur-de-u2-bono-115060\/\">(7 mars 2021).<\/a><\/p>\n<hr \/>\n<p><strong>[ARTICLE]<\/strong> Solune Pailh\u00e9 et Maya Pargade-Klitzke font parties des 300 jeunes ambassadeurs et ambassadrices en Europe qui \u00e9laborent des plaidoyers pour changer les r\u00e8gles du jeu et parvenir \u00e0 r\u00e9duire l\u2019extr\u00eame pauvret\u00e9 dans le monde. Sud Ouest<\/p>\n<p><strong>Vous trouverez ici les interventions r\u00e9centes et les tribunes de ONE dans la presse. <\/strong><strong>Cliquez sur l\u2019image de l\u2019intervention qui vous int\u00e9resse pour \u00eatre redirig\u00e9 vers l\u2019article complet.<\/strong><\/p>\n<hr \/>\n<p><strong>Actu Essonne [INTERVIEW]<\/strong><\/p>\n<p>Deux jeunes Ambassadrices de ONE, Sarah et Ikram, t\u00e9moignent de leur engagement : \u00ab <em>Les causes que d\u00e9fend ONE, comme l\u2019ins\u00e9curit\u00e9 alimentaire et le changement climatique, nous concernent tous.<\/em> \u00bb.\u00a0<a href=\"https:\/\/actu.fr\/ile-de-france\/viry-chatillon_91687\/essonne-ikram-et-sarah-s-engagent-contre-l-extreme-pauvrete-avec-one-l-ong-du-chanteur-bono_59812397.html\"> (5 juillet 2023)<\/a><\/p>\n<p><a href=\"https:\/\/actu.fr\/ile-de-france\/viry-chatillon_91687\/essonne-ikram-et-sarah-s-engagent-contre-l-extreme-pauvrete-avec-one-l-ong-du-chanteur-bono_59812397.html\"><img loading=\"lazy\" decoding=\"async\" class=\"aligncenter wp-image-161959\" src=\"https:\/\/cdn.one.org\/fr\/wp-content\/uploads\/2021\/12\/06094221\/Untitled-design-43-640x640.png\" alt=\"\" width=\"372\" height=\"372\" \/><\/a><\/p>\n<p><strong>\u00a0Jeune Afrique [INTERVIEW]<\/strong><\/p>\n<p>Dans cet entretien avec <em>Jeune Afrique<\/em>, Najat Vallaud-Belkacem, directrice de l\u2019ONG ONE en France, revient sur les grands enjeux du sommet international pour un\u00a0nouveau pacte financier mondial \u00e0 Paris\u00a0: \u00ab\u00a0<em>Notre ONG fait partie de ces acteurs qui cherchent \u00e0 savoir dans quelle mesure les engagements pris lors de telles conf\u00e9rences internationales ont \u00e9t\u00e9 respect\u00e9s ou non. Nous sommes tr\u00e8s attach\u00e9s au respect de la parole donn\u00e9e.<\/em> \u00bb.<a href=\"https:\/\/www.jeuneafrique.com\/1456490\/economie\/najat-vallaud-belkacem-si-le-sommet-de-paris-ne-transforme-pas-le-financement-de-leconomie-mondiale-il-naura-servi-a-rien\/\">(23 juin 2023)<\/a><\/p>\n<p><a href=\"https:\/\/www.jeuneafrique.com\/1456490\/economie\/najat-vallaud-belkacem-si-le-sommet-de-paris-ne-transforme-pas-le-financement-de-leconomie-mondiale-il-naura-servi-a-rien\/\"><img loading=\"lazy\" decoding=\"async\" class=\"aligncenter wp-image-161904\" src=\"https:\/\/cdn.one.org\/fr\/wp-content\/uploads\/2021\/12\/29093449\/Untitled-design-39-640x640.png\" alt=\"\" width=\"386\" height=\"386\" \/><\/a><\/p>\n<p><strong>La Croix [ARTICLE]<\/strong><\/p>\n<p>Najat Vallaud-Belkacem, directrice France de l\u2019ONG ONE, r\u00e9agit aux r\u00e9sultats du sommet pour un nouveau pacte financier mondial\u00a0: \u00ab <em>La France a le m\u00e9rite de mettre les crises climatiques et \u00e9conomiques sous les feux des projecteurs. Mais nous sommes encore loin d\u2019un v\u00e9ritable nouveau pacte financier mondial<\/em> \u00bb. <a href=\"https:\/\/www.la-croix.com\/Economie\/A-Paris-Macron-tente-forger-nouveau-consensus-climat-2023-06-23-1201272792\">(23 juin 2023)<\/a><\/p>\n<p><a href=\"https:\/\/www.la-croix.com\/Economie\/A-Paris-Macron-tente-forger-nouveau-consensus-climat-2023-06-23-1201272792\"><img loading=\"lazy\" decoding=\"async\" class=\"aligncenter wp-image-161945\" src=\"https:\/\/cdn.one.org\/fr\/wp-content\/uploads\/2021\/12\/06091628\/Untitled-design-42-640x260.png\" alt=\"\" width=\"477\" height=\"193\" \/><\/a><\/p>\n<p><strong>Le Monde [ARTICLE]<\/strong><\/p>\n<p>Le sommet pour un nouveau pacte financier mondial vise \u00e0 obtenir de nouveaux engagements financiers pour lutter contre le r\u00e9chauffement climatique et la pauvret\u00e9, notamment par une r\u00e9forme de la Banque mondiale :\u00a0 \u00ab <em>Une telle r\u00e9forme pourrait tripler ses financements<\/em> \u00bb, esp\u00e8re Najat Vallaud-Belkacem, directrice France de l\u2019ONG ONE : \u00ab <em>Le moment est bien choisi, car les tensions entre Nord et Sud sont instrumentalis\u00e9es par la Russie.<\/em> \u00bb.\u00a0 <a href=\"https:\/\/www.lemonde.fr\/economie\/article\/2023\/06\/22\/un-sommet-international-a-paris-pour-repenser-les-relations-nord-sud_6178674_3234.html\">(22 juin 2023)<\/a><\/p>\n<p><b data-stringify-type=\"bold\">Le Point Afrique [INTERVIEW]<\/b><\/p>\n<p>Najat Vallaud-Belkacem revient dans cet entretien pour <em>Le Point Afrique<\/em> sur les enjeux de cette rencontre in\u00e9dite que constitue le Sommet des 22 et 23 juin pour un \u201cNouveau Pacte Financier Mondial\u201d et alerte sur la n\u00e9cessit\u00e9 pour les pays du Nord de tenir leurs engagements envers les pays du Sud. <a href=\"https:\/\/www.lepoint.fr\/afrique\/najat-vallaud-belkacem-les-pays-du-nord-ont-une-dette-envers-ceux-du-sud-21-06-2023-2525437_3826.php\">(21 juin 2023)<\/a><\/p>\n<p><a href=\"https:\/\/www.lepoint.fr\/afrique\/najat-vallaud-belkacem-les-pays-du-nord-ont-une-dette-envers-ceux-du-sud-21-06-2023-2525437_3826.php\"><img loading=\"lazy\" decoding=\"async\" class=\"aligncenter wp-image-161887\" src=\"https:\/\/cdn.one.org\/fr\/wp-content\/uploads\/2021\/12\/21135759\/Untitled-design-37-640x640.png\" alt=\"\" width=\"377\" height=\"377\" \/><\/a><\/p>\n<p><b data-stringify-type=\"bold\">L&#8217;Express [INTERVIEW]<\/b><\/p>\n<p>Najat Vallaud-Belkacem, directrice de ONE France, commente pour <em>L\u2019Express<\/em> les enjeux du sommet pour un \u201cNouveau Pacte Financier Mondial\u201d : \u201c<em>Le langage retenu pour ce sommet, \u201cnouveau pacte\u201d, \u201cnouveau partenariat\u201d, en dit long sur le besoin de cr\u00e9er de nouvelles relations bas\u00e9es sur une vraie r\u00e9ciprocit\u00e9, un vrai respect, une vraie reconnaissance de l\u2019interd\u00e9pendance entre Nord et Sud.<\/em>\u201c. <a href=\"https:\/\/www.lexpress.fr\/idees-et-debats\/najat-vallaud-belkacem-le-systeme-financier-mondial-a-ete-cree-pour-les-pays-riches-TSGWSJL2MJBADIX3J33T6BNLVI\/\">(20 juin 2023)<\/a><\/p>\n<p><a href=\"https:\/\/www.lexpress.fr\/idees-et-debats\/najat-vallaud-belkacem-le-systeme-financier-mondial-a-ete-cree-pour-les-pays-riches-TSGWSJL2MJBADIX3J33T6BNLVI\/\"><img loading=\"lazy\" decoding=\"async\" class=\"aligncenter wp-image-161888\" src=\"https:\/\/cdn.one.org\/fr\/wp-content\/uploads\/2021\/12\/21135901\/Untitled-design-36-640x591.png\" alt=\"\" width=\"294\" height=\"271\" \/><\/a><\/p>\n<p><strong>L\u2019Obs [TRIBUNE]<\/strong><\/p>\n<p>Najat Vallaud-Belkacem, directrice de ONE en France, s\u2019est exprim\u00e9e \u00e0 l\u2019occasion de l\u2019accession d\u2019Ajay Banga \u00e0 la pr\u00e9sidence du Groupe de la Banque mondiale : \u00a0\u00ab<em>L\u2019arriv\u00e9e d\u2019Ajay Banga doit \u00eatre l\u2019occasion de faire \u00e9voluer l\u2019institution, pour \u00eatre \u00e0 la hauteur des enjeux et disposer des ressources et des outils n\u00e9cessaires pour obtenir des r\u00e9sultats \u00e0 grande \u00e9chelle sur le d\u00e9veloppement, la pauvret\u00e9 et le d\u00e9fi climatique.<\/em>\u00bb. <a href=\"https:\/\/www.nouvelobs.com\/opinions\/20230608.OBS74251\/banque-mondiale-un-nouveau-president-pour-un-nouveau-depart-par-najat-vallaud-belkacem.html\">(8 juin 2023)<\/a><\/p>\n<p><a href=\"https:\/\/www.nouvelobs.com\/opinions\/20230608.OBS74251\/banque-mondiale-un-nouveau-president-pour-un-nouveau-depart-par-najat-vallaud-belkacem.html\"><img loading=\"lazy\" decoding=\"async\" class=\"aligncenter wp-image-161851\" src=\"https:\/\/cdn.one.org\/fr\/wp-content\/uploads\/2021\/12\/14095504\/Banque-mondiale-un-nouveau-president-pour-un-nouveau-depart--640x588.png\" alt=\"\" width=\"296\" height=\"272\" \/><\/a><\/p>\n<p><strong>Le Monde [TRIBUNE COLLECTIVE]<\/strong><\/p>\n<p>74 \u00e9conomistes internationaux, dont Joseph Stiglitz, Jayati Ghosh, Laurence Tubiana, Gunther Capelle-Blancard, appellent dans cette tribune au \u00ab Monde \u00bb \u00e0 cr\u00e9er une taxe mondiale sur les transactions boursi\u00e8res pour financer la lutte contre la pauvret\u00e9 et le r\u00e9chauffement climatique. Retrouvez la liste compl\u00e8te des signataires <a href=\"https:\/\/www.one.org\/fr\/press\/liste-des-signataires\/\">sur notre site<\/a>.\u00a0 <a href=\"https:\/\/www.lemonde.fr\/idees\/article\/2023\/06\/06\/un-pas-vers-une-taxe-internationale-sur-les-transactions-financieres-serait-une-premiere-historique_6176430_3232.html\">(6 juin 2023)<\/a><\/p>\n<p><a href=\"https:\/\/www.lemonde.fr\/idees\/article\/2023\/06\/06\/un-pas-vers-une-taxe-internationale-sur-les-transactions-financieres-serait-une-premiere-historique_6176430_3232.html\"><img loading=\"lazy\" decoding=\"async\" class=\"aligncenter wp-image-161862\" src=\"https:\/\/cdn.one.org\/fr\/wp-content\/uploads\/2021\/12\/14100643\/Banque-mondiale-un-nouveau-president-pour-un-nouveau-depart-Tribune-par-Najat-Vallaud-Belkacem-directrice-de-ONE-en-France-1-640x412.png\" alt=\"\" width=\"395\" height=\"254\" \/><\/a><\/p>\n<p><strong>The Conversation [TRIBUNE]<\/strong><\/p>\n<p>L\u2019\u00e9conomiste Gunther Capelle-Blancard pr\u00e9sente son rapport, publi\u00e9 par ONE, montrant qu\u2019une taxe sur les transactions financi\u00e8res (TTF), appliqu\u00e9e aux pays du G20, et \u00e9largie aux transactions intra-journali\u00e8res et au trading \u00e0 haute fr\u00e9quence, permettrait de lever pr\u00e8s de \u20ac400 milliards par an. Ainsi, comme le souligne l\u2019\u00e9conomiste, \u00ab <em>\u00c0 l\u2019heure o\u00f9 les gouvernements cherchent \u00e0 financer la lutte contre le changement climatique ou \u00e0 l\u2019aide au d\u00e9veloppement, la TTF appara\u00eet donc comme un levier fiscal de choix.<\/em> \u00bb. <a href=\"https:\/\/theconversation.com\/une-taxe-mondiale-sur-les-transactions-financieres-pourrait-rapporter-jusqua-400-milliards-deuros-par-an-206307\">(31 mai 2023)<\/a><\/p>\n<p><a href=\"https:\/\/theconversation.com\/une-taxe-mondiale-sur-les-transactions-financieres-pourrait-rapporter-jusqua-400-milliards-deuros-par-an-206307\"><img loading=\"lazy\" decoding=\"async\" class=\"aligncenter wp-image-161857\" src=\"https:\/\/cdn.one.org\/fr\/wp-content\/uploads\/2021\/12\/14100350\/Screenshot-289-640x358.png\" alt=\"\" width=\"393\" height=\"219\" \/><\/a><\/p>\n<p><strong>Euractiv [TRIBUNE]<\/strong><\/p>\n<p>277 jeunes Ambassadeurs et Ambassadrices de ONE en Europe unissent leur voix pour demander \u00e0 la France de mettre \u00e0 contribution le secteur financier afin de lutter contre la pauvret\u00e9 et le changement climatique, notamment \u00e0 l\u2019approche du Sommet International de Paris pour un Nouveau pacte financier mondial, les 22 et 23 juin prochains. Ils appellent la France \u00e0 tenir ses engagements et \u00e0 utiliser son influence pour promouvoir une taxe internationale sur les transactions financi\u00e8res. <a href=\"https:\/\/www.euractiv.fr\/section\/economie\/opinion\/pauvrete-climat-la-france-doit-mettre-a-contribution-les-marches-financiers\/\">(23 mai 2023)<\/a><\/p>\n<p><a href=\"https:\/\/www.euractiv.fr\/section\/economie\/opinion\/pauvrete-climat-la-france-doit-mettre-a-contribution-les-marches-financiers\/\"><img loading=\"lazy\" decoding=\"async\" class=\"aligncenter wp-image-161808\" src=\"https:\/\/cdn.one.org\/fr\/wp-content\/uploads\/2021\/12\/24125041\/Untitled-design-31-640x221.png\" alt=\"\" width=\"534\" height=\"185\" \/><\/a><\/p>\n<p><b data-stringify-type=\"bold\">Vaucluse Matin [INTERVIEW]<\/b><\/p>\n<p>Juliette Merrer fait partie des 55 jeunes s\u00e9lectionn\u00e9.e.s pour devenir jeunes Ambassadeurs et Ambassadrices de ONE, l\u2019ONG de lutte contre l\u2019extr\u00eame pauvret\u00e9. Elle t\u00e9moigne de son engagement : \u201c<em>Quand l\u2019Afrique n\u2019\u00e9met que 4 % des \u00e9missions de C02, les dix pays les plus vuln\u00e9rables au changement climatique sont tous sur ce continent<\/em>\u201c.\u00a0 <a href=\"https:\/\/www.ledauphine.com\/societe\/2023\/05\/18\/juliette-merrer-porte-parole-d-une-jeunesse-engagee\">(18 mai 2023)<\/a><\/p>\n<p><b data-stringify-type=\"bold\">L\u2019Opinion [ARTICLE]<\/b><\/p>\n<p>Pour financer la lutte contre la pauvret\u00e9 et le changement climatique, l\u2019id\u00e9e de la taxe sur les transactions financi\u00e8res (TTF) fait son retour sur la table des n\u00e9gociations. Gunther Capelle-Blancard, \u00e9conomiste sp\u00e9cialiste des march\u00e9s financiers et professeur \u00e0 l\u2019universit\u00e9 Paris-I Panth\u00e9on-Sorbonne, a publi\u00e9 le 15 mai un chiffrage de la TTF command\u00e9 par l\u2019ONG ONE. L\u2019\u00e9tude montre qu\u2019elle pourrait rapporter gros\u2026entre 156 et 260 milliards d\u2019euros ! <a href=\"https:\/\/www.lopinion.fr\/economie\/letude-qui-rehabilite-la-taxe-sur-les-transactions-financieres\">(17 mai 2023)<\/a><\/p>\n<p><b data-stringify-type=\"bold\">Alternatives Economiques [ARTICLE]<\/b><\/p>\n<p>Les pays du Nord sont responsables de la majorit\u00e9 des \u00e9missions de gaz \u00e0 effet de serre accumul\u00e9es dans l\u2019atmosph\u00e8re depuis 1850. Les pays du Sud, eux, en subissent les principales cons\u00e9quences. Face \u00e0 ce constat, plusieurs options gagnent en visibilit\u00e9 et seront discut\u00e9es lors d\u2019un Sommet international en juin \u00e0 Paris \u201cpour un nouveau pacte financier mondial\u201d entre les pays du Sud et du Nord. Parmi ces options, une taxe sur les transactions financi\u00e8res (TTF) est discut\u00e9e. Adopt\u00e9e par l\u2019ensemble des pays du G20, elle pourrait rapporter entre 156 et 260 milliards d\u2019euros par an, estime Gunther Capelle-Blancard, \u00e9conomiste \u00e0 l\u2019Universit\u00e9 Paris 1, dans une nouvelle \u00e9tude rendue publique par l\u2019ONG ONE.\u00a0<a href=\"https:\/\/www.alternatives-economiques.fr\/lafrique-se-payer-transition-climatique\/00106953\"> (16 mai 2023)<\/a><\/p>\n<p><b data-stringify-type=\"bold\">Lib\u00e9ration [ARTICLE]<\/b><\/p>\n<p>Une nouvelle \u00e9tude de l\u2019\u00e9conomiste Gunther Capelle-Blancard et rendue publique par l\u2019ONG ONE montre qu\u2019une taxe sur les transactions financi\u00e8res, appliqu\u00e9e aux pays du G20, permettrait de lever entre \u20ac156 et \u20ac260 milliards par an, permettant ainsi de financer les besoins colossaux de financements pour lutter contre le changement climatique ou contre la pauvret\u00e9.\u00a0 (<a href=\"https:\/\/www.liberation.fr\/economie\/taxer-les-transactions-financieres-le-retour-dune-idee-qui-pourrait-rapporter-gros-20230515_ACLRGTKM45EXTPUUJIQFIJRDTM\/\">15 mai 2023)<\/a><\/p>\n<p><strong>CB News [ARTICLE]<\/strong><\/p>\n<p>L\u2019Afrique ne produit que 4% des \u00e9missions de gaz \u00e0 effet de serre. Pourtant, le continent fait partie des plus impact\u00e9s par le r\u00e9chauffement climatique. Absurde n\u2019est-ce pas ? Ne laissons pas l\u2019Afrique \u00eatre la premi\u00e8re victime du r\u00e9chauffement climatique. C\u2019est pour cela qu\u2019\u00e0 l\u2019approche du Sommet pour un \u201cNouveau pacte financier mondial\u201d qui se tiendra en juin \u00e0 Paris, ONE appelle les dirigeants mondiaux \u00e0 red\u00e9finir les r\u00e8gles afin de garantir un avenir durable pour toutes et tous.\u00a0 <a href=\"https:\/\/www.cbnews.fr\/marques\/image-one-strike-illustrent-injustice-absurde-76340\">(2 mai 2023)<\/a><\/p>\n<p><b data-stringify-type=\"bold\">Lille Actu [INTERVIEW]<\/b><\/p>\n<p>Houda, 24 ans et Manon, 26 ans, ont toutes les deux grandi dans la m\u00e9tropole de Lille et sont jeunes Ambassadrices de ONE. Elles t\u00e9moignent de leur engagement. <a href=\"https:\/\/actu.fr\/societe\/nord-avec-one-houda-et-manon-sengagent-contre-lextreme-pauvrete-et-les-maladies-evitables_59237016.html\">\u00a0(26 avril 2023)<\/a><\/p>\n<p><b data-stringify-type=\"bold\">La Nouvelle R\u00e9publique [INTERVIEW]<\/b><\/p>\n<p>Cl\u00e9mence Coulange a \u00e9t\u00e9 s\u00e9lectionn\u00e9e pour devenir jeune Ambassadrice de l\u2019ONG ONE : \u201c<em>ONE est une organisation de campagne et de plaidoyer, qui ne demande pas de dons, souligne-t-elle. Mon objectif, c\u2019est de rencontrer des personnalit\u00e9s politiques et de les pousser \u00e0 agir<\/em>.\u201d <a href=\"https:\/\/www.lanouvellerepublique.fr\/tours\/tours-une-tourangelle-ambassadrice-de-l-ong-one\">(22 avril 2023)<\/a><\/p>\n<p><b data-stringify-type=\"bold\">La Marne [INTERVIEW]<\/b><\/p>\n<p>Eunice Baraka Fura a 21 ans. Elle est devenue cette ann\u00e9e jeune Ambassadrice de ONE !\u00a0 <a href=\"https:\/\/actu.fr\/ile-de-france\/magny-le-hongre_77268\/seine-et-marne-a-21-ans-elle-sengage-pour-lutter-contre-lextreme-pauvrete_59043864.html\">(18 avril 2023)<\/a><\/p>\n<p><strong>Le Monde [TRIBUNE]<\/strong><\/p>\n<p>Dans cette tribune collective, cinq organisations luttant contre la corruption et le blanchiment de capitaux, parmi lesquelles ONE, appellent \u00e0 un acc\u00e8s public et gratuit aux registres identifiant les b\u00e9n\u00e9ficiaires effectifs des soci\u00e9t\u00e9s, ou a minima pour la presse ainsi que les organisations de la soci\u00e9t\u00e9 civile. D\u00e9fendre la transparence financi\u00e8re ne vise pas uniquement \u00e0 lutter contre la fraude fiscale et juridique mais aussi \u00e0 garantir la transparence de l\u2019information, pierre angulaire de nos d\u00e9mocraties.\u00a0 <a href=\"https:\/\/www.lemonde.fr\/idees\/article\/2023\/04\/18\/evasion-fiscale-l-union-europeenne-doit-faire-le-choix-de-la-transparence-financiere-car-il-n-y-a-pas-de-democratie-sans-transparence_6170030_3232.html\">(18 avril 2023)<\/a><\/p>\n<p><b data-stringify-type=\"bold\">Actu Orl\u00e9ans [INTERVIEW]<\/b><\/p>\n<p>Jeune Ambassadrice de ONE \u00e0 Orl\u00e9ans, Juline Guyot t\u00e9moigne. Les 22 et 23 juin 2023, un sommet sur le \u00ab nouveau pacte financier mondial \u00bb se tiendra \u00e0 Paris. L\u2019ONG ONE se mobilise pour un \u00ab budget d\u2019aide publique au d\u00e9veloppement plus ambitieux, \u00e0 la hauteur de l\u2019urgence et des d\u00e9fis mondiaux \u00bb.\u00a0 <a href=\"https:\/\/actu.fr\/centre-val-de-loire\/orleans_45234\/ambassadrice-de-one-a-orleans-juline-veut-lutter-contre-la-pauvrete-mondiale_59005706.html\">(18 avril 2023)<\/a><\/p>\n<p><b data-stringify-type=\"bold\">\u00a0L\u2019Orient-Le Jour [ARTICLE]<\/b><\/p>\n<p>Reprise, dans une d\u00e9p\u00eache de l\u2019AFD, de la r\u00e9action de ONE aux nouveaux chiffres de l\u2019aide publique au d\u00e9veloppement (APD) pour 2022 publi\u00e9s par l\u2019OCDE. L\u2019 APD mondiale a augment\u00e9 de 13,6%. Cette croissance est principalement due \u00e0 l\u2019augmentation des co\u00fbts d\u2019accueil des personnes r\u00e9fugi\u00e9es, notamment venant d\u2019Ukraine, sur les territoires des pays donateurs.<a href=\"https:\/\/www.lorientlejour.com\/article\/1334555\/laide-publique-au-developpement-a-atteint-un-record-en-2022-a-204-milliards-de-dollars.html\">(12 avril 2023)<\/a><\/p>\n<p><strong>L\u2019Obs [TRIBUNE]<\/strong><\/p>\n<p>Najat Vallaud-Belkacem r\u00e9agit \u00e0 la suspension de France 24 au Burkina Faso et celle de RFI au Mali, et alerte sur les dangers de la guerre informationnelle actuellement \u00e0 l\u2019\u0153uvre sur le continent africain.\u00a0 <a href=\"https:\/\/www.nouvelobs.com\/opinions\/20230411.OBS72030\/solidarite-internationale-le-poison-lent-de-la-desinformation-par-najat-vallaud-belkacem.html\">(11 avril 2023)<\/a><\/p>\n<p><b data-stringify-type=\"bold\">\u00a0La Croix[TRIBUNE]<\/b><\/p>\n<p>Onze organisations, parmi lesquelles ONE, alertent sur les cons\u00e9quences dramatiques du changement climatique au Sahel et dans la Corne de l\u2019Afrique, notamment en termes de s\u00e9curit\u00e9 alimentaire. <a href=\"https:\/\/www.la-croix.com\/Debats\/Au-Sahel-Corne-lAfrique-changement-climatique-tue-deja-2023-04-07-1201262543\">(07 avril 2023)<\/a><\/p>\n<p><b data-stringify-type=\"bold\">Le Club de Mediapart [LETTRE OUVERTE]<\/b><\/p>\n<p>Alors que le 7 avril marquait la Journ\u00e9e mondiale de la sant\u00e9, ONE s\u2019est jointe \u00e0 d\u2019autres ONG pour appeler le pr\u00e9sident Emmanuel Macron \u00e0 augmenter la part de l\u2019aide publique au d\u00e9veloppement destin\u00e9e au secteur de la sant\u00e9. <a href=\"https:\/\/blogs.mediapart.fr\/action-sante-mondiale\/blog\/070423\/lettre-ouverte-au-president-emmanuel-macron-pour-la-journee-mondiale-de-la-sante\">\u00a0(07 avril 2023)<\/a><\/p>\n<p><strong>L\u2019Union #Ta news [INTERVIEW]<\/strong><\/p>\n<p>Romane Mika, jeune Ambassadrice de ONE, depuis 6 ans nous livre son t\u00e9moignage : \u201cCette exp\u00e9rience m\u2019apporte personnellement \u00e9norm\u00e9ment au quotidien, que ce soit dans ma prise de parole, dans ma fa\u00e7on de r\u00e9diger ou encore les diff\u00e9rentes rencontres que j\u2019ai pu faire\u201d.\u00a0 <a href=\"https:\/\/www.lunion.fr\/id472066\/article\/2023-04-06\/une-remoise-engagee-avec-long-one-contre-les-inegalites-mondiales\">(06 avril 2023)<\/a><\/p>\n<p><b data-stringify-type=\"bold\">AEF Info [INTERVIEW]<\/b><\/p>\n<p>Najat Vallaud-Belkacem, directrice de ONE France, revient sur le r\u00f4le et les attentes de ONE pour le sommet du 22 et 23 juin sur le nouveau pacte financier Nord-Sud, qui \u201cest l\u2019occasion de s\u2019engager une fois pour toutes\u201d en faveur de la taxe sur les transactions financi\u00e8res (TTF).\u00a0 <a href=\"https:\/\/www.aefinfo.fr\/depeche\/690058\">(04 avril 2023)<\/a><\/p>\n<p><b data-stringify-type=\"bold\">Le T\u00e9l\u00e9gramme [INTERVIEW]<\/b><\/p>\n<p>Rencontre avec M\u00e9lissa Borrallo, devenue jeune Ambassadrice de ONE : \u201cEn tant que jeunes ambassadeurs, nous allons directement \u00e0 la rencontre d\u2019\u00e9lus politiques pour les convaincre d\u2019agir en faveur de la lutte contre l\u2019extr\u00eame pauvret\u00e9. Nous leur demandons de mettre ces probl\u00e9matiques \u00e0 leur agenda et de d\u00e9bloquer des financements. Nous menons aussi des campagnes, avec comme but de sensibiliser le grand public.\u201d <a href=\"https:\/\/www.letelegramme.fr\/finistere\/concarneau\/contre-l-extreme-pauvrete-la-concarnoise-melissa-borrallo-s-engage-29-03-2023-13307003.php\">\u00a0(29 mars 2023)<\/a><\/p>\n<p><b data-stringify-type=\"bold\">Ouest-France [INTERVIEW]<\/b><\/p>\n<p>Laila Djafarou est jeune Ambassadrice de l\u2019ONG ONE qui lutte contre les in\u00e9galit\u00e9s mondiales et l\u2019extr\u00eame pauvret\u00e9. Elle revient sur son parcours et ses missions. <a href=\"https:\/\/www.ouest-france.fr\/normandie\/caen-14000\/entretien-originaire-de-caen-laila-djafarou-est-ambassadrice-de-one-long-du-chanteur-bono-8ff5c8e8-c4ce-11ed-93d7-4c4cd65beb9c\">\u00a0(27 mars 2023)<\/a><\/p>\n<p><b data-stringify-type=\"bold\">Le Dauphin\u00e9 Lib\u00e9r\u00e9 [INTERVIEW]<\/b><\/p>\n<p>Pendant un an, en tant que jeunes Ambassadeurs et Ambassadrices de ONE, Justine, Chaimaa, Ana\u00efs et Quentin se font les porte-paroles de l\u2019action de l\u2019ONG qui lutte contre l\u2019extr\u00eame pauvret\u00e9. Quentin nous en parle : \u00ab Nous sommes \u00e0 un moment charni\u00e8re et il est temps d\u2019agir contre les in\u00e9galit\u00e9s \u00bb. <a href=\"https:\/\/www.ledauphine.com\/social\/2023\/03\/25\/isere-quatre-grenoblois-deviennent-porte-paroles-de-la-lutte-contre-l-extreme-pauvrete\">\u00a0(26 mars 2023)<\/a><\/p>\n<p><b data-stringify-type=\"bold\">Lib\u00e9ration [TRIBUNE]<\/b><\/p>\n<p>Dans le contexte de la r\u00e9forme des retraites en France, Najat Vallaud-Belkacem, directrice de ONE France, interpelle sur les conditions des travailleurs et travailleuses \u00e9tranger.\u00e8re.s, sans qui de nombreux secteurs essentiels de notre \u00e9conomie ne pourraient fonctionner correctement. Pourtant, ces personnes restent des victimes oubli\u00e9es de la r\u00e9forme. <a href=\"https:\/\/www.liberation.fr\/idees-et-debats\/tribunes\/travailleurs-etrangers-les-grands-oublies-de-la-reforme-des-retraites-par-najat-vallaud-belkacem-20230324_JYBUUNRXTFF7LGS2Q36ZVX3VGA\/\">\u00a0(24 mars 2023)<\/a><\/p>\n<p><b data-stringify-type=\"bold\">Jeune Afrique [TRIBUNE]<\/b><\/p>\n<p>Alors que le pr\u00e9sident Emmanuel Macron a achev\u00e9 son 18\u00e8me s\u00e9jour en Afrique, Najat-Vallaud Belkacem, directrice France de ONE, et Serah Makka, directrice Afrique de ONE, insistent sur la n\u00e9cessit\u00e9 d\u2019un meilleur partenariat Afrique-France, une relation d\u2019\u00e9gal \u00e0 \u00e9gal, qui doit notamment passer par l\u2019int\u00e9gration de l\u2019Union Africaine au G20.\u00a0 <a href=\"https:\/\/www.jeuneafrique.com\/1425839\/politique\/plaidoyer-pour-un-meilleur-partenariat-afrique-france\/\">(10 mars 2023)<\/a><\/p>\n<p><b data-stringify-type=\"bold\">La R\u00e9publique de Seine-et-Marne [INTERVIEW]<\/b><\/p>\n<p>Yacine Belhadi, 29 ans, est jeune Ambassadeur de ONE et va repr\u00e9senter l\u2019ONG pour lutter contre les in\u00e9galit\u00e9s et la pauvret\u00e9.\u00a0 <a href=\"https:\/\/cdn.one.org\/fr\/wp-content\/uploads\/2021\/12\/29121221\/Untitled-design-640x640.png\">(20 mars 2023)<\/a><\/p>\n<p><strong>L\u2019Obs [TRIBUNE]<\/strong><\/p>\n<p>Face au constat que le ch\u00f4mage supplante d\u00e9sormais l\u2019adh\u00e9sion \u00e0 une id\u00e9ologie religieuse comme principal moteur de l\u2019extr\u00e9misme violent, Najat Vallaud-Belkacem, directrice France de ONE, appelle \u00e0 lever les freins structurels \u00e0 la cr\u00e9ation d\u2019emplois d\u00e9cents sur le continent africain.<a href=\"https:\/\/www.nouvelobs.com\/opinions\/20230222.OBS69886\/le-sous-emploi-chronique-de-certaines-regions-du-monde-menace-notre-paix-et-securite.html\">\u00a0(22 f\u00e9vrier 2023)<\/a><\/p>\n<p><strong>\u00a0L\u2019Express[TRIBUNE]<\/strong><\/p>\n<p>Face au constat du manque criant de financement pour atteindre les Objectifs de d\u00e9veloppement durable, Najat Vallaud-Belkacem, directrice France de ONE, appelle \u00e0 une r\u00e9forme en profondeur des r\u00e8gles du jeu des banques multilat\u00e9rales de d\u00e9veloppement qui pourraient pr\u00eater jusqu\u2019\u00e0 1 000 milliards de dollars suppl\u00e9mentaires si elles utilisaient leur capital plus efficacement.<a href=\"https:\/\/www.lexpress.fr\/idees-et-debats\/najat-vallaud-belkacem-les-1000-milliards-de-dollars-pour-le-developpement-sont-a-portee-de-la-main-Z7X2CJHHBZG7FAL27OAWSSNNTY\/\"> (29 janvier 2023)<\/a><\/p>\n<p><strong>\u00a0Informelles [INTERVIEW]<\/strong><\/p>\n<p>Najat Vallaud-Belkacem, directrice France de ONE, revient sur son parcours de femme en politique et son engagement contre l\u2019extr\u00eame pauvret\u00e9 ; l\u2019occasion d\u2019\u00e9voquer la question du Fonds pour les pertes et dommages subis par les pays en d\u00e9veloppement les plus vuln\u00e9rables au r\u00e9chauffement climatique. <a href=\"https:\/\/www.informelles.media\/najat-vallaud-belkacem-8-questions-a-la-femme-politique-dg-ong-one\/\">(13 janvier 2023)<\/a><\/p>\n<p><strong>[TRIBUNE]<\/strong><\/p>\n<p>Suite \u00e0 la r\u00e9cente d\u00e9cision de la Cour de justice de l\u2019UE d\u2019invalider la mesure permettant la libre consultation par les citoyens europ\u00e9ens des b\u00e9n\u00e9ficiaires effectifs des entreprises cr\u00e9\u00e9es au sein de l\u2019Union, Najat Vallaud-Belkacem souligne l\u2019importance que rev\u00eat pourtant cette mesure de bon sens, en en pr\u00e9sentant d\u2019autres \u00e0 m\u00eame de mieux lutter contre l\u2019\u00e9vasion fiscale et le blanchiment d\u2019argent.<\/p>\n<p><strong>Vous trouverez ici les interventions r\u00e9centes et les tribunes de ONE dans la presse. <\/strong><strong>Cliquez sur l\u2019image de l\u2019intervention qui vous int\u00e9resse pour \u00eatre redirig\u00e9 vers l\u2019article complet.<\/strong><\/p>\n<hr \/>\n<p><strong>Actu Essonne [INTERVIEW]<\/strong><\/p>\n<p>Deux jeunes Ambassadrices de ONE, Sarah et Ikram, t\u00e9moignent de leur engagement : \u00ab <em>Les causes que d\u00e9fend ONE, comme l\u2019ins\u00e9curit\u00e9 alimentaire et le changement climatique, nous concernent tous.<\/em> \u00bb.\u00a0<a href=\"https:\/\/actu.fr\/ile-de-france\/viry-chatillon_91687\/essonne-ikram-et-sarah-s-engagent-contre-l-extreme-pauvrete-avec-one-l-ong-du-chanteur-bono_59812397.html\"> (5 juillet 2023)<\/a><\/p>\n<p><strong>\u00a0Jeune Afrique [INTERVIEW]<\/strong><\/p>\n<p>Dans cet entretien avec <em>Jeune Afrique<\/em>, Najat Vallaud-Belkacem, directrice de l\u2019ONG ONE en France, revient sur les grands enjeux du sommet international pour un\u00a0nouveau pacte financier mondial \u00e0 Paris\u00a0: \u00ab\u00a0<em>Notre ONG fait partie de ces acteurs qui cherchent \u00e0 savoir dans quelle mesure les engagements pris lors de telles conf\u00e9rences internationales ont \u00e9t\u00e9 respect\u00e9s ou non. Nous sommes tr\u00e8s attach\u00e9s au respect de la parole donn\u00e9e.<\/em> \u00bb.<a href=\"https:\/\/www.jeuneafrique.com\/1456490\/economie\/najat-vallaud-belkacem-si-le-sommet-de-paris-ne-transforme-pas-le-financement-de-leconomie-mondiale-il-naura-servi-a-rien\/\">(23 juin 2023)<\/a><\/p>\n<p><strong>La Croix [ARTICLE]<\/strong><\/p>\n<p>Najat Vallaud-Belkacem, directrice France de l\u2019ONG ONE, r\u00e9agit aux r\u00e9sultats du sommet pour un nouveau pacte financier mondial\u00a0: \u00ab <em>La France a le m\u00e9rite de mettre les crises climatiques et \u00e9conomiques sous les feux des projecteurs. Mais nous sommes encore loin d\u2019un v\u00e9ritable nouveau pacte financier mondial<\/em> \u00bb. <a href=\"https:\/\/www.la-croix.com\/Economie\/A-Paris-Macron-tente-forger-nouveau-consensus-climat-2023-06-23-1201272792\">(23 juin 2023)<\/a><\/p>\n<p><strong>Le Monde [ARTICLE]<\/strong><\/p>\n<p>Le sommet pour un nouveau pacte financier mondial vise \u00e0 obtenir de nouveaux engagements financiers pour lutter contre le r\u00e9chauffement climatique et la pauvret\u00e9, notamment par une r\u00e9forme de la Banque mondiale :\u00a0 \u00ab <em>Une telle r\u00e9forme pourrait tripler ses financements<\/em> \u00bb, esp\u00e8re Najat Vallaud-Belkacem, directrice France de l\u2019ONG ONE : \u00ab <em>Le moment est bien choisi, car les tensions entre Nord et Sud sont instrumentalis\u00e9es par la Russie.<\/em> \u00bb.\u00a0 <a href=\"https:\/\/www.lemonde.fr\/economie\/article\/2023\/06\/22\/un-sommet-international-a-paris-pour-repenser-les-relations-nord-sud_6178674_3234.html\">(22 juin 2023)<\/a><\/p>\n<p><b data-stringify-type=\"bold\">Le Point Afrique [INTERVIEW]<\/b><\/p>\n<p>Najat Vallaud-Belkacem revient dans cet entretien pour <em>Le Point Afrique<\/em> sur les enjeux de cette rencontre in\u00e9dite que constitue le Sommet des 22 et 23 juin pour un \u201cNouveau Pacte Financier Mondial\u201d et alerte sur la n\u00e9cessit\u00e9 pour les pays du Nord de tenir leurs engagements envers les pays du Sud. <a href=\"https:\/\/www.lepoint.fr\/afrique\/najat-vallaud-belkacem-les-pays-du-nord-ont-une-dette-envers-ceux-du-sud-21-06-2023-2525437_3826.php\">(21 juin 2023)<\/a><\/p>\n<p><b data-stringify-type=\"bold\">L&#8217;Express [INTERVIEW]<\/b><\/p>\n<p>Najat Vallaud-Belkacem, directrice de ONE France, commente pour <em>L\u2019Express<\/em> les enjeux du sommet pour un \u201cNouveau Pacte Financier Mondial\u201d : \u201c<em>Le langage retenu pour ce sommet, \u201cnouveau pacte\u201d, \u201cnouveau partenariat\u201d, en dit long sur le besoin de cr\u00e9er de nouvelles relations bas\u00e9es sur une vraie r\u00e9ciprocit\u00e9, un vrai respect, une vraie reconnaissance de l\u2019interd\u00e9pendance entre Nord et Sud.<\/em>\u201c. <a href=\"https:\/\/www.lexpress.fr\/idees-et-debats\/najat-vallaud-belkacem-le-systeme-financier-mondial-a-ete-cree-pour-les-pays-riches-TSGWSJL2MJBADIX3J33T6BNLVI\/\">(20 juin 2023)<\/a><\/p>\n<p><strong>L\u2019Obs [TRIBUNE]<\/strong><\/p>\n<p>Najat Vallaud-Belkacem, directrice de ONE en France, s\u2019est exprim\u00e9e \u00e0 l\u2019occasion de l\u2019accession d\u2019Ajay Banga \u00e0 la pr\u00e9sidence du Groupe de la Banque mondiale : \u00a0\u00ab<em>L\u2019arriv\u00e9e d\u2019Ajay Banga doit \u00eatre l\u2019occasion de faire \u00e9voluer l\u2019institution, pour \u00eatre \u00e0 la hauteur des enjeux et disposer des ressources et des outils n\u00e9cessaires pour obtenir des r\u00e9sultats \u00e0 grande \u00e9chelle sur le d\u00e9veloppement, la pauvret\u00e9 et le d\u00e9fi climatique.<\/em>\u00bb. <a href=\"https:\/\/www.nouvelobs.com\/opinions\/20230608.OBS74251\/banque-mondiale-un-nouveau-president-pour-un-nouveau-depart-par-najat-vallaud-belkacem.html\">(8 juin 2023)<\/a><\/p>\n<p><strong>Le Monde [TRIBUNE COLLECTIVE]<\/strong><\/p>\n<p>74 \u00e9conomistes internationaux, dont Joseph Stiglitz, Jayati Ghosh, Laurence Tubiana, Gunther Capelle-Blancard, appellent dans cette tribune au \u00ab Monde \u00bb \u00e0 cr\u00e9er une taxe mondiale sur les transactions boursi\u00e8res pour financer la lutte contre la pauvret\u00e9 et le r\u00e9chauffement climatique. Retrouvez la liste compl\u00e8te des signataires <a href=\"https:\/\/www.one.org\/fr\/press\/liste-des-signataires\/\">sur notre site<\/a>.\u00a0 <a href=\"https:\/\/www.lemonde.fr\/idees\/article\/2023\/06\/06\/un-pas-vers-une-taxe-internationale-sur-les-transactions-financieres-serait-une-premiere-historique_6176430_3232.html\">(6 juin 2023)<\/a><\/p>\n<p><strong>The Conversation [TRIBUNE]<\/strong><\/p>\n<p>L\u2019\u00e9conomiste Gunther Capelle-Blancard pr\u00e9sente son rapport, publi\u00e9 par ONE, montrant qu\u2019une taxe sur les transactions financi\u00e8res (TTF), appliqu\u00e9e aux pays du G20, et \u00e9largie aux transactions intra-journali\u00e8res et au trading \u00e0 haute fr\u00e9quence, permettrait de lever pr\u00e8s de \u20ac400 milliards par an. Ainsi, comme le souligne l\u2019\u00e9conomiste, \u00ab <em>\u00c0 l\u2019heure o\u00f9 les gouvernements cherchent \u00e0 financer la lutte contre le changement climatique ou \u00e0 l\u2019aide au d\u00e9veloppement, la TTF appara\u00eet donc comme un levier fiscal de choix.<\/em> \u00bb. <a href=\"https:\/\/theconversation.com\/une-taxe-mondiale-sur-les-transactions-financieres-pourrait-rapporter-jusqua-400-milliards-deuros-par-an-206307\">(31 mai 2023)<\/a><\/p>\n<p><strong>Euractiv [TRIBUNE]<\/strong><\/p>\n<p>277 jeunes Ambassadeurs et Ambassadrices de ONE en Europe unissent leur voix pour demander \u00e0 la France de mettre \u00e0 contribution le secteur financier afin de lutter contre la pauvret\u00e9 et le changement climatique, notamment \u00e0 l\u2019approche du Sommet International de Paris pour un Nouveau pacte financier mondial, les 22 et 23 juin prochains. Ils appellent la France \u00e0 tenir ses engagements et \u00e0 utiliser son influence pour promouvoir une taxe internationale sur les transactions financi\u00e8res. <a href=\"https:\/\/www.euractiv.fr\/section\/economie\/opinion\/pauvrete-climat-la-france-doit-mettre-a-contribution-les-marches-financiers\/\">(23 mai 2023)<\/a><\/p>\n<p><b data-stringify-type=\"bold\">Vaucluse Matin [INTERVIEW]<\/b><\/p>\n<p>Juliette Merrer fait partie des 55 jeunes s\u00e9lectionn\u00e9.e.s pour devenir jeunes Ambassadeurs et Ambassadrices de ONE, l\u2019ONG de lutte contre l\u2019extr\u00eame pauvret\u00e9. Elle t\u00e9moigne de son engagement : \u201c<em>Quand l\u2019Afrique n\u2019\u00e9met que 4 % des \u00e9missions de C02, les dix pays les plus vuln\u00e9rables au changement climatique sont tous sur ce continent<\/em>\u201c.\u00a0 <a href=\"https:\/\/www.ledauphine.com\/societe\/2023\/05\/18\/juliette-merrer-porte-parole-d-une-jeunesse-engagee\">(18 mai 2023)<\/a><\/p>\n<p><b data-stringify-type=\"bold\">L\u2019Opinion [ARTICLE]<\/b><\/p>\n<p>Pour financer la lutte contre la pauvret\u00e9 et le changement climatique, l\u2019id\u00e9e de la taxe sur les transactions financi\u00e8res (TTF) fait son retour sur la table des n\u00e9gociations. Gunther Capelle-Blancard, \u00e9conomiste sp\u00e9cialiste des march\u00e9s financiers et professeur \u00e0 l\u2019universit\u00e9 Paris-I Panth\u00e9on-Sorbonne, a publi\u00e9 le 15 mai un chiffrage de la TTF command\u00e9 par l\u2019ONG ONE. L\u2019\u00e9tude montre qu\u2019elle pourrait rapporter gros\u2026entre 156 et 260 milliards d\u2019euros ! <a href=\"https:\/\/www.lopinion.fr\/economie\/letude-qui-rehabilite-la-taxe-sur-les-transactions-financieres\">(17 mai 2023)<\/a><\/p>\n<p><b data-stringify-type=\"bold\">Alternatives Economiques [ARTICLE]<\/b><\/p>\n<p>Les pays du Nord sont responsables de la majorit\u00e9 des \u00e9missions de gaz \u00e0 effet de serre accumul\u00e9es dans l\u2019atmosph\u00e8re depuis 1850. Les pays du Sud, eux, en subissent les principales cons\u00e9quences. Face \u00e0 ce constat, plusieurs options gagnent en visibilit\u00e9 et seront discut\u00e9es lors d\u2019un Sommet international en juin \u00e0 Paris \u201cpour un nouveau pacte financier mondial\u201d entre les pays du Sud et du Nord. Parmi ces options, une taxe sur les transactions financi\u00e8res (TTF) est discut\u00e9e. Adopt\u00e9e par l\u2019ensemble des pays du G20, elle pourrait rapporter entre 156 et 260 milliards d\u2019euros par an, estime Gunther Capelle-Blancard, \u00e9conomiste \u00e0 l\u2019Universit\u00e9 Paris 1, dans une nouvelle \u00e9tude rendue publique par l\u2019ONG ONE.\u00a0<a href=\"https:\/\/www.alternatives-economiques.fr\/lafrique-se-payer-transition-climatique\/00106953\"> (16 mai 2023)<\/a><\/p>\n<p><b data-stringify-type=\"bold\">Lib\u00e9ration [ARTICLE]<\/b><\/p>\n<p>Une nouvelle \u00e9tude de l\u2019\u00e9conomiste Gunther Capelle-Blancard et rendue publique par l\u2019ONG ONE montre qu\u2019une taxe sur les transactions financi\u00e8res, appliqu\u00e9e aux pays du G20, permettrait de lever entre \u20ac156 et \u20ac260 milliards par an, permettant ainsi de financer les besoins colossaux de financements pour lutter contre le changement climatique ou contre la pauvret\u00e9.\u00a0 (<a href=\"https:\/\/www.liberation.fr\/economie\/taxer-les-transactions-financieres-le-retour-dune-idee-qui-pourrait-rapporter-gros-20230515_ACLRGTKM45EXTPUUJIQFIJRDTM\/\">15 mai 2023)<\/a><\/p>\n<p><strong>CB News [ARTICLE]<\/strong><\/p>\n<p>L\u2019Afrique ne produit que 4% des \u00e9missions de gaz \u00e0 effet de serre. Pourtant, le continent fait partie des plus impact\u00e9s par le r\u00e9chauffement climatique. Absurde n\u2019est-ce pas ? Ne laissons pas l\u2019Afrique \u00eatre la premi\u00e8re victime du r\u00e9chauffement climatique. C\u2019est pour cela qu\u2019\u00e0 l\u2019approche du Sommet pour un \u201cNouveau pacte financier mondial\u201d qui se tiendra en juin \u00e0 Paris, ONE appelle les dirigeants mondiaux \u00e0 red\u00e9finir les r\u00e8gles afin de garantir un avenir durable pour toutes et tous.\u00a0 <a href=\"https:\/\/www.cbnews.fr\/marques\/image-one-strike-illustrent-injustice-absurde-76340\">(2 mai 2023)<\/a><\/p>\n<p><b data-stringify-type=\"bold\">Lille Actu [INTERVIEW]<\/b><\/p>\n<p>Houda, 24 ans et Manon, 26 ans, ont toutes les deux grandi dans la m\u00e9tropole de Lille et sont jeunes Ambassadrices de ONE. Elles t\u00e9moignent de leur engagement. <a href=\"https:\/\/actu.fr\/societe\/nord-avec-one-houda-et-manon-sengagent-contre-lextreme-pauvrete-et-les-maladies-evitables_59237016.html\">\u00a0(26 avril 2023)<\/a><\/p>\n<p><b data-stringify-type=\"bold\">La Nouvelle R\u00e9publique [INTERVIEW]<\/b><\/p>\n<p>Cl\u00e9mence Coulange a \u00e9t\u00e9 s\u00e9lectionn\u00e9e pour devenir jeune Ambassadrice de l\u2019ONG ONE : \u201c<em>ONE est une organisation de campagne et de plaidoyer, qui ne demande pas de dons, souligne-t-elle. Mon objectif, c\u2019est de rencontrer des personnalit\u00e9s politiques et de les pousser \u00e0 agir<\/em>.\u201d <a href=\"https:\/\/www.lanouvellerepublique.fr\/tours\/tours-une-tourangelle-ambassadrice-de-l-ong-one\">(22 avril 2023)<\/a><\/p>\n<p><b data-stringify-type=\"bold\">La Marne [INTERVIEW]<\/b><\/p>\n<p>Eunice Baraka Fura a 21 ans. Elle est devenue cette ann\u00e9e jeune Ambassadrice de ONE !\u00a0 <a href=\"https:\/\/actu.fr\/ile-de-france\/magny-le-hongre_77268\/seine-et-marne-a-21-ans-elle-sengage-pour-lutter-contre-lextreme-pauvrete_59043864.html\">(18 avril 2023)<\/a><\/p>\n<p><strong>Le Monde [TRIBUNE]<\/strong><\/p>\n<p>Dans cette tribune collective, cinq organisations luttant contre la corruption et le blanchiment de capitaux, parmi lesquelles ONE, appellent \u00e0 un acc\u00e8s public et gratuit aux registres identifiant les b\u00e9n\u00e9ficiaires effectifs des soci\u00e9t\u00e9s, ou a minima pour la presse ainsi que les organisations de la soci\u00e9t\u00e9 civile. D\u00e9fendre la transparence financi\u00e8re ne vise pas uniquement \u00e0 lutter contre la fraude fiscale et juridique mais aussi \u00e0 garantir la transparence de l\u2019information, pierre angulaire de nos d\u00e9mocraties.\u00a0 <a href=\"https:\/\/www.lemonde.fr\/idees\/article\/2023\/04\/18\/evasion-fiscale-l-union-europeenne-doit-faire-le-choix-de-la-transparence-financiere-car-il-n-y-a-pas-de-democratie-sans-transparence_6170030_3232.html\">(18 avril 2023)<\/a><\/p>\n<p><b data-stringify-type=\"bold\">Actu Orl\u00e9ans [INTERVIEW]<\/b><\/p>\n<p>Jeune Ambassadrice de ONE \u00e0 Orl\u00e9ans, Juline Guyot t\u00e9moigne. Les 22 et 23 juin 2023, un sommet sur le \u00ab nouveau pacte financier mondial \u00bb se tiendra \u00e0 Paris. L\u2019ONG ONE se mobilise pour un \u00ab budget d\u2019aide publique au d\u00e9veloppement plus ambitieux, \u00e0 la hauteur de l\u2019urgence et des d\u00e9fis mondiaux \u00bb.\u00a0 <a href=\"https:\/\/actu.fr\/centre-val-de-loire\/orleans_45234\/ambassadrice-de-one-a-orleans-juline-veut-lutter-contre-la-pauvrete-mondiale_59005706.html\">(18 avril 2023)<\/a><\/p>\n<p><b data-stringify-type=\"bold\">\u00a0L\u2019Orient-Le Jour [ARTICLE]<\/b><\/p>\n<p>Reprise, dans une d\u00e9p\u00eache de l\u2019AFD, de la r\u00e9action de ONE aux nouveaux chiffres de l\u2019aide publique au d\u00e9veloppement (APD) pour 2022 publi\u00e9s par l\u2019OCDE. L\u2019 APD mondiale a augment\u00e9 de 13,6%. Cette croissance est principalement due \u00e0 l\u2019augmentation des co\u00fbts d\u2019accueil des personnes r\u00e9fugi\u00e9es, notamment venant d\u2019Ukraine, sur les territoires des pays donateurs.<a href=\"https:\/\/www.lorientlejour.com\/article\/1334555\/laide-publique-au-developpement-a-atteint-un-record-en-2022-a-204-milliards-de-dollars.html\">(12 avril 2023)<\/a><\/p>\n<p><strong>L\u2019Obs [TRIBUNE]<\/strong><\/p>\n<p>Najat Vallaud-Belkacem r\u00e9agit \u00e0 la suspension de France 24 au Burkina Faso et celle de RFI au Mali, et alerte sur les dangers de la guerre informationnelle actuellement \u00e0 l\u2019\u0153uvre sur le continent africain.\u00a0 <a href=\"https:\/\/www.nouvelobs.com\/opinions\/20230411.OBS72030\/solidarite-internationale-le-poison-lent-de-la-desinformation-par-najat-vallaud-belkacem.html\">(11 avril 2023)<\/a><\/p>\n<p><b data-stringify-type=\"bold\">\u00a0La Croix[TRIBUNE]<\/b><\/p>\n<p>Onze organisations, parmi lesquelles ONE, alertent sur les cons\u00e9quences dramatiques du changement climatique au Sahel et dans la Corne de l\u2019Afrique, notamment en termes de s\u00e9curit\u00e9 alimentaire. <a href=\"https:\/\/www.la-croix.com\/Debats\/Au-Sahel-Corne-lAfrique-changement-climatique-tue-deja-2023-04-07-1201262543\">(07 avril 2023)<\/a><\/p>\n<p><b data-stringify-type=\"bold\">Le Club de Mediapart [LETTRE OUVERTE]<\/b><\/p>\n<p>Alors que le 7 avril marquait la Journ\u00e9e mondiale de la sant\u00e9, ONE s\u2019est jointe \u00e0 d\u2019autres ONG pour appeler le pr\u00e9sident Emmanuel Macron \u00e0 augmenter la part de l\u2019aide publique au d\u00e9veloppement destin\u00e9e au secteur de la sant\u00e9. <a href=\"https:\/\/blogs.mediapart.fr\/action-sante-mondiale\/blog\/070423\/lettre-ouverte-au-president-emmanuel-macron-pour-la-journee-mondiale-de-la-sante\">\u00a0(07 avril 2023)<\/a><\/p>\n<p><strong>L\u2019Union #Ta news [INTERVIEW]<\/strong><\/p>\n<p>Romane Mika, jeune Ambassadrice de ONE, depuis 6 ans nous livre son t\u00e9moignage : \u201cCette exp\u00e9rience m\u2019apporte personnellement \u00e9norm\u00e9ment au quotidien, que ce soit dans ma prise de parole, dans ma fa\u00e7on de r\u00e9diger ou encore les diff\u00e9rentes rencontres que j\u2019ai pu faire\u201d.\u00a0 <a href=\"https:\/\/www.lunion.fr\/id472066\/article\/2023-04-06\/une-remoise-engagee-avec-long-one-contre-les-inegalites-mondiales\">(06 avril 2023)<\/a><\/p>\n<p><b data-stringify-type=\"bold\">AEF Info [INTERVIEW]<\/b><\/p>\n<p>Najat Vallaud-Belkacem, directrice de ONE France, revient sur le r\u00f4le et les attentes de ONE pour le sommet du 22 et 23 juin sur le nouveau pacte financier Nord-Sud, qui \u201cest l\u2019occasion de s\u2019engager une fois pour toutes\u201d en faveur de la taxe sur les transactions financi\u00e8res (TTF).\u00a0 <a href=\"https:\/\/www.aefinfo.fr\/depeche\/690058\">(04 avril 2023)<\/a><\/p>\n<p><b data-stringify-type=\"bold\">Le T\u00e9l\u00e9gramme [INTERVIEW]<\/b><\/p>\n<p>Rencontre avec M\u00e9lissa Borrallo, devenue jeune Ambassadrice de ONE : \u201cEn tant que jeunes ambassadeurs, nous allons directement \u00e0 la rencontre d\u2019\u00e9lus politiques pour les convaincre d\u2019agir en faveur de la lutte contre l\u2019extr\u00eame pauvret\u00e9. Nous leur demandons de mettre ces probl\u00e9matiques \u00e0 leur agenda et de d\u00e9bloquer des financements. Nous menons aussi des campagnes, avec comme but de sensibiliser le grand public.\u201d <a href=\"https:\/\/www.letelegramme.fr\/finistere\/concarneau\/contre-l-extreme-pauvrete-la-concarnoise-melissa-borrallo-s-engage-29-03-2023-13307003.php\">\u00a0(29 mars 2023)<\/a><\/p>\n<p><b data-stringify-type=\"bold\">Ouest-France [INTERVIEW]<\/b><\/p>\n<p>Laila Djafarou est jeune Ambassadrice de l\u2019ONG ONE qui lutte contre les in\u00e9galit\u00e9s mondiales et l\u2019extr\u00eame pauvret\u00e9. Elle revient sur son parcours et ses missions. <a href=\"https:\/\/www.ouest-france.fr\/normandie\/caen-14000\/entretien-originaire-de-caen-laila-djafarou-est-ambassadrice-de-one-long-du-chanteur-bono-8ff5c8e8-c4ce-11ed-93d7-4c4cd65beb9c\">\u00a0(27 mars 2023)<\/a><\/p>\n<p><b data-stringify-type=\"bold\">Le Dauphin\u00e9 Lib\u00e9r\u00e9 [INTERVIEW]<\/b><\/p>\n<p>Pendant un an, en tant que jeunes Ambassadeurs et Ambassadrices de ONE, Justine, Chaimaa, Ana\u00efs et Quentin se font les porte-paroles de l\u2019action de l\u2019ONG qui lutte contre l\u2019extr\u00eame pauvret\u00e9. Quentin nous en parle : \u00ab Nous sommes \u00e0 un moment charni\u00e8re et il est temps d\u2019agir contre les in\u00e9galit\u00e9s \u00bb. <a href=\"https:\/\/www.ledauphine.com\/social\/2023\/03\/25\/isere-quatre-grenoblois-deviennent-porte-paroles-de-la-lutte-contre-l-extreme-pauvrete\">\u00a0(26 mars 2023)<\/a><\/p>\n<p><b data-stringify-type=\"bold\">Lib\u00e9ration [TRIBUNE]<\/b><\/p>\n<p>Dans le contexte de la r\u00e9forme des retraites en France, Najat Vallaud-Belkacem, directrice de ONE France, interpelle sur les conditions des travailleurs et travailleuses \u00e9tranger.\u00e8re.s, sans qui de nombreux secteurs essentiels de notre \u00e9conomie ne pourraient fonctionner correctement. Pourtant, ces personnes restent des victimes oubli\u00e9es de la r\u00e9forme. <a href=\"https:\/\/www.liberation.fr\/idees-et-debats\/tribunes\/travailleurs-etrangers-les-grands-oublies-de-la-reforme-des-retraites-par-najat-vallaud-belkacem-20230324_JYBUUNRXTFF7LGS2Q36ZVX3VGA\/\">\u00a0(24 mars 2023)<\/a><\/p>\n<p><b data-stringify-type=\"bold\">Jeune Afrique [TRIBUNE]<\/b><\/p>\n<p>Alors que le pr\u00e9sident Emmanuel Macron a achev\u00e9 son 18\u00e8me s\u00e9jour en Afrique, Najat-Vallaud Belkacem, directrice France de ONE, et Serah Makka, directrice Afrique de ONE, insistent sur la n\u00e9cessit\u00e9 d\u2019un meilleur partenariat Afrique-France, une relation d\u2019\u00e9gal \u00e0 \u00e9gal, qui doit notamment passer par l\u2019int\u00e9gration de l\u2019Union Africaine au G20.\u00a0 <a href=\"https:\/\/www.jeuneafrique.com\/1425839\/politique\/plaidoyer-pour-un-meilleur-partenariat-afrique-france\/\">(10 mars 2023)<\/a><\/p>\n<p><b data-stringify-type=\"bold\">La R\u00e9publique de Seine-et-Marne [INTERVIEW]<\/b><\/p>\n<p>Yacine Belhadi, 29 ans, est jeune Ambassadeur de ONE et va repr\u00e9senter l\u2019ONG pour lutter contre les in\u00e9galit\u00e9s et la pauvret\u00e9.\u00a0 <a href=\"https:\/\/cdn.one.org\/fr\/wp-content\/uploads\/2021\/12\/29121221\/Untitled-design-640x640.png\">(20 mars 2023)<\/a><\/p>\n<p><strong>L\u2019Obs [TRIBUNE]<\/strong><\/p>\n<p>Face au constat que le ch\u00f4mage supplante d\u00e9sormais l\u2019adh\u00e9sion \u00e0 une id\u00e9ologie religieuse comme principal moteur de l\u2019extr\u00e9misme violent, Najat Vallaud-Belkacem, directrice France de ONE, appelle \u00e0 lever les freins structurels \u00e0 la cr\u00e9ation d\u2019emplois d\u00e9cents sur le continent africain.<a href=\"https:\/\/www.nouvelobs.com\/opinions\/20230222.OBS69886\/le-sous-emploi-chronique-de-certaines-regions-du-monde-menace-notre-paix-et-securite.html\">\u00a0(22 f\u00e9vrier 2023)<\/a><\/p>\n<p><strong>\u00a0L\u2019Express [TRIBUNE]<\/strong><\/p>\n<p>Face au constat du manque criant de financement pour atteindre les Objectifs de d\u00e9veloppement durable, Najat Vallaud-Belkacem, directrice France de ONE, appelle \u00e0 une r\u00e9forme en profondeur des r\u00e8gles du jeu des banques multilat\u00e9rales de d\u00e9veloppement qui pourraient pr\u00eater jusqu\u2019\u00e0 1 000 milliards de dollars suppl\u00e9mentaires si elles utilisaient leur capital plus efficacement.<a href=\"https:\/\/www.lexpress.fr\/idees-et-debats\/najat-vallaud-belkacem-les-1000-milliards-de-dollars-pour-le-developpement-sont-a-portee-de-la-main-Z7X2CJHHBZG7FAL27OAWSSNNTY\/\"> (29 janvier 2023)<\/a><\/p>\n<p><strong>\u00a0Informelles [INTERVIEW]<\/strong><\/p>\n<p>Najat Vallaud-Belkacem, directrice France de ONE, revient sur son parcours de femme en politique et son engagement contre l\u2019extr\u00eame pauvret\u00e9 ; l\u2019occasion d\u2019\u00e9voquer la question du Fonds pour les pertes et dommages subis par les pays en d\u00e9veloppement les plus vuln\u00e9rables au r\u00e9chauffement climatique. <a href=\"https:\/\/www.informelles.media\/najat-vallaud-belkacem-8-questions-a-la-femme-politique-dg-ong-one\/\">(13 janvier 2023)<\/a><\/p>\n<p><strong>Le Grand Continent <\/strong><\/p>\n<p><strong>[TRIBUNE]<\/strong><\/p>\n<p>Suite \u00e0 la r\u00e9cente d\u00e9cision de la Cour de justice de l\u2019UE d\u2019invalider la mesure permettant la libre consultation par les citoyens europ\u00e9ens des b\u00e9n\u00e9ficiaires effectifs des entreprises cr\u00e9\u00e9es au sein de l\u2019Union, Najat Vallaud-Belkacem souligne l\u2019importance que rev\u00eat pourtant cette mesure de bon sens, en en pr\u00e9sentant d\u2019autres \u00e0 m\u00eame de mieux lutter contre l\u2019\u00e9vasion fiscale et le blanchiment d\u2019argent. <a href=\"https:\/\/legrandcontinent.eu\/fr\/2022\/12\/08\/proteger-la-democratie-contre-lopacite-financiere\/\">(8 d\u00e9cembre 2022)<\/a><\/p>\n<p><strong>\u00a0L\u2019Obs [TRIBUNE]<\/strong><\/p>\n<p>A l\u2019occasion de l\u2019examen du projet de constitutionnalisation de l\u2019IVG \u00e0 l\u2019Assembl\u00e9e Nationale, Najat Vallaud-Belkacem, directrice de ONE France, fait le point sur les diff\u00e9rentes menaces qui plane sur le droit \u00e0 l\u2019avortement dans le monde. <a href=\"https:\/\/www.nouvelobs.com\/opinions\/20221123.OBS66264\/najat-vallaud-belkacem-une-femme-meurt-toutes-les-neuf-minutes-d-un-avortement-non-securise.html\">(23 novembre 2022)<\/a><\/p>\n<p><strong>Agence Ivoirienne de Presse [ARTICLE]<\/strong><\/p>\n<p>L\u2019Agence Ivoirienne de Presse relaie notre plaidoyer pour des politiques industrielles qui stimulent les investissements dans les secteurs comp\u00e9titifs ainsi que pour des droits de douanes all\u00e9g\u00e9s, afin de stimuler les importations de mat\u00e9riels industriels.\u00a0 <a href=\"https:\/\/www.aip.ci\/cote-divoire-aip-long-one-campaign-plaide-pour-des-actions-politiques-dans-lexploitation-du-potentiel-des-jeunes-en-afrique\/\">(23 novembre 2022)<\/a><\/p>\n<p><strong>Le Club de Mediapart [TRIBUNE]<\/strong><\/p>\n<p>Neuf associations, parmi lesquelles ONE, soulignent l\u2019\u00e9cart criant entre les ambitions qu\u2019a affich\u00e9 fi\u00e8rement Emmanuel Macron durant la crise du Covid-19 et le niveau des investissements fran\u00e7ais dans la sant\u00e9 mondiale.\u00a0 <a href=\"https:\/\/blogs.mediapart.fr\/action-sante-mondiale\/blog\/171122\/la-france-grille-la-priorite-la-sante-mondiale\">(17 novembre 2022)<\/a><\/p>\n<p><strong>Euractiv [INTERVIEW]<\/strong><br \/>\nGayle Smith, Pr\u00e9sidente Directrice G\u00e9n\u00e9rale de ONE, revient sur les d\u00e9fis que le monde connait et les menaces qui p\u00e8sent toujours en mati\u00e8re de sant\u00e9 mondiale, r\u00e9chauffement climatique, crise \u00e9conomique. <a href=\"https:\/\/www.euractiv.fr\/section\/affaires-publiques\/news\/cest-un-moment-tres-difficile-pour-les-gouvernements-europeens-selon-gayle-smith\/\">(16 novembre 2022)<\/a><\/p>\n<hr \/>\n<p><strong>L\u2019Obs [TRIBUNE]<\/strong><br \/>\nNajat Vallaud-Belkacem, Directrice France de ONE, met un coup de projecteur sur les pratiques nocives de grandes multinationales implant\u00e9es en Afrique et sur leurs cons\u00e9quences sur les populations du continent.\u00a0 <a href=\"https:\/\/www.nouvelobs.com\/opinions\/20221112.OBS65818\/boyard-hanouna-derriere-la-polemique-le-debat-confisque.html\">(13 novembre 2022)<\/a><\/p>\n<hr \/>\n<p><strong>\u00a0Le Grand Continent [INTERVIEW]<\/strong><br \/>\nGayle Smith parle de la guerre en Ukraine et de son impact sur les in\u00e9galit\u00e9s mondiales.<a href=\"https:\/\/legrandcontinent.eu\/fr\/2022\/10\/24\/il-faudra-shabituer-a-gerer-plusieurs-crises-a-la-fois-une-conversation-avec-gayle-smith\/\">\u00a0(24 octobre 2022)<\/a><\/p>\n<hr \/>\n<p><strong>L\u2019Union [INTERVIEW]<\/strong><br \/>\nRomane Mika et David Indahy se battent contre l\u2019extr\u00eame pauvret\u00e9, en tant que jeunes Ambassadeurs de ONE.\u00a0 <a href=\"https:\/\/www.lunion.fr\/id419263\/article\/2022-10-20\/reims-ils-sont-jeunes-et-combattent-contre-lextreme-pauvrete-dans-le-monde\">(23 octobre 2022)<\/a><\/p>\n<hr \/>\n<p><strong>Jeune Afrique [INTERVIEW]<\/strong><br \/>\nGayle Smith \u00e9voque la convergence des crises et son impact sur le continent africain. Jeune Afrique<a href=\"https:\/\/www.jeuneafrique.com\/1384612\/politique\/gayle-smith-en-afrique-les-etats-unis-nont-pas-pour-seul-objectif-de-contrer-la-chine-et-la-russie\/\"> (22 octobre 2022)<\/a><\/p>\n<hr \/>\n<p><strong>La Marne [INTERVIEW]<\/strong><br \/>\nCassandra Kedi parle de son engagement au sein de ONE et des missions qu\u2019elle a pu exercer. (<a href=\"https:\/\/actu.fr\/ile-de-france\/mitry-mory_77294\/mitr-mory-elle-raconte-ses-missions-de-jeune-ambassadricede-long-one_54698513.html\">20 octobre 2022)<\/a><\/p>\n<hr \/>\n<p><strong>Ouest France [INTERVIEW]<\/strong><br \/>\nMathilde Naud \u00e9voque son parcours et son engagement en tant que jeune Ambassadrice au sein de ONE.\u00a0 <a href=\"https:\/\/www.ouest-france.fr\/bretagne\/rennes-35000\/rennes-mathilde-va-devenir-ambassadrice-de-one-l-organisation-du-chanteur-bono-a6c837fc-40c3-11ed-89be-3116781a5058#:~:text=Rennes.-,Mathilde%20va%20devenir%20ambassadrice%20de%20One%2C%20l%27organisation%20du%20chanteur,du%20chanteur%20de%20U2%2C%20Bono.\">(17 octobre 2022)<\/a><\/p>\n<hr \/>\n<p><strong>L\u2019Obs [TRIBUNE]<\/strong><br \/>\nNajat Vallaud-Belkacem revient sur les derniers chiffres de l\u2019extr\u00eame pauvret\u00e9 publi\u00e9s par la Banque mondiale et ses cons\u00e9quences sur les populations vuln\u00e9rables.\u00a0 <a href=\"https:\/\/www.nouvelobs.com\/tribunes\/20221014.OBS64594\/najat-vallaud-belkacem-pres-d-une-personne-sur-10-dans-le-monde-survit-avec-moins-de-2-15-dollars-par-jour.html\">(14 octobre 2022)<\/a><\/p>\n<hr \/>\n<p><strong>\u00a0Causette [TRIBUNE]<\/strong><br \/>\nNajat Vallaud-Belkacem, Directrice France de ONE, plaide avec plus de 100 personnalit\u00e9s pour une vraie journ\u00e9e de mobilisation pour les droits des filles.<a href=\"https:\/\/www.causette.fr\/feminismes\/combats\/tribune-plus-de-100-personnalites-reclament-une-vraie-journee-de-mobilisation-pour-les-droits-des-filles-10-ans-apres-sa-creation\">(10 octobre 2022)<\/a><\/p>\n<hr \/>\n<p><strong>Guyane Premi\u00e8re [INTERVIEW]<\/strong><br \/>\nArnaud Bordes, jeune Ambassadeur de ONE, \u00e9voque sa rencontre avec le d\u00e9put\u00e9 de sa circonscription pour \u00e9changer au sujet d\u2019augmentation de la loi sur l\u2019aide publique au d\u00e9veloppement.\u00a0 <a href=\"https:\/\/la1ere.francetvinfo.fr\/guyane\/ambassadeur-de-l-ong-one-le-guyanais-arnaud-bordes-poursuit-ses-actions-de-levee-de-fonds-en-faveur-des-pays-desherites-1327556.html\">(4 octobre 2022)<\/a><\/p>\n<hr \/>\n<p><strong>Le Monde [ARTICLE]<\/strong><br \/>\nONE s\u2019exprime sur le vote du budget 2023 qui concerne l\u2019aide publique au d\u00e9veloppement, en lien avec la crise ukrainienne et les probl\u00e9matiques qu\u2019elle soul\u00e8ve. <a href=\"https:\/\/www.lemonde.fr\/economie\/article\/2022\/09\/30\/avec-la-multiplication-des-crises-humanitaires-l-aide-internationale-fait-face-a-des-besoins-immenses_6143807_3234.html\">\u00a0(30 septembre 2022)<\/a><\/p>\n<hr \/>\n<p><strong>Desk Eco [ARTICLE]<\/strong><br \/>\nGayle Smith, Pr\u00e9sidente de ONE, est intervenue lors du Forum Public 2022 de l\u2019Organisation mondiale du Commerce \u00e0 Gen\u00e8ve, le 28 septembre 2022.\u00a0 <a href=\"https:\/\/www.deskeco.com\/2022\/09\/29\/forum-public-2022-de-lomc-des-experts-encouragent-lutilisation-de-la-technologie-pour-favoriser-une\">\u00a0(29 septembre 2022)<\/a><\/p>\n<hr \/>\n<p><strong>Euractiv [ARTICLE]<\/strong><br \/>\nONE r\u00e9agit \u00e0 la contribution fran\u00e7aise lors de la 7\u00e8me reconstitution du Fonds mondial contre le sida, la tuberculose et le paludisme, qui s\u2019est d\u00e9roul\u00e9 \u00e0 New York le 21 septembre. <a href=\"https:\/\/www.euractiv.fr\/section\/sante-modes-de-vie\/news\/lue-alloue-la-somme-record-de-715-millions-deuros-a-la-lutte-contre-le-sida-la-tuberculose-et-le-paludisme\/\">(22 septembre 2022)<\/a><\/p>\n<hr \/>\n<p><strong>Euractiv [INTERVIEW]<\/strong><br \/>\nNajat Vallaud-Belkacem s\u2019exprime sur la n\u00e9cessit\u00e9 d\u2019une augmentation de la contribution de la France, en amont du Fonds mondial et insiste sur le lien entre lutte contre les maladies \u00e9vitables et extr\u00eame pauvret\u00e9. <a href=\"https:\/\/www.euractiv.fr\/section\/sante-modes-de-vie\/interview\/taxer-les-ultra-riches-pour-financer-la-sante-mondiale-selon-najat-vallaud-belkacem\/\">(21 septembre 2022)<\/a><\/p>\n<hr \/>\n<p><strong>L\u2019Obs [TRIBUNE]<\/strong><br \/>\nNajat Vallaud-Belkacem pointe les difficult\u00e9s rencontr\u00e9es par les pays les plus vuln\u00e9rables, \u00e0 l\u2019heure o\u00f9 le dernier rapport du PNUD montre un net recul du niveau de vie mondial.<a href=\"https:\/\/www.nouvelobs.com\/monde\/20220916.OBS63276\/najat-vallaud-belkacem-alerte-le-niveau-de-vie-mondial-recule-pour-le-premiere-fois-depuis-trente-ans.html\">\u00a0(16 septembre 2022)<\/a><\/p>\n<hr \/>\n<p><strong>Influencia [ARTICLE]<\/strong><br \/>\nInfluencia pr\u00e9sente la nouvelle campagne de communication de ONE, interpellant le gouvernement fran\u00e7ais \u00e0 quelques jours de la 7\u00e8me reconstitution du Fonds mondial contre le sida, la tuberculose et le paludisme. <a href=\"https:\/\/www.influencia.net\/il-ne-manque-quune-signature-pour-sauver-20-millions-de-vies-celle-de-la-france\/\">(14 septembre 2022)<\/a><\/p>\n<hr \/>\n<p><strong>CB News [ARTICLE]<\/strong><br \/>\nAlors que le Fonds mondial de lutte contre le sida, la tuberculose et le paludisme organise sa septi\u00e8me reconstitution, ONE exhorte la France \u00e0 augmenter sa participation financi\u00e8re de 30% pour faire face \u00e0 ces trois maladies mortelles.\u00a0 <a href=\"https:\/\/www.cbnews.fr\/marques\/image-juste-signature-one-avec-ok-c-est-cool-71357\">(14 septembre 2022)<\/a><\/p>\n<hr \/>\n<p><strong>Strat\u00e9gies [ARTICLE]<\/strong><br \/>\nONE interpelle le Pr\u00e9sident Macron par une nouvelle vid\u00e9o choc sur les ravages caus\u00e9s par le VIH, la tuberculose et le paludisme au sein des pays les plus vuln\u00e9rables. <a href=\"https:\/\/www.strategies.fr\/creations\/campagnes\/LQ934108C\/ok-c-est-cool-pour-l-ong-one-il-ne-manque-quune-signature-pour-sauver-20-millions-de-vies-septembre-2022.html\">(14 septembre 2022)<\/a><\/p>\n<p><strong>\u00a0J\u2019AI UN POTE DANS LA COM [ARTICLE]<\/strong><br \/>\nPour sensibiliser le grand public \u00e0 la n\u00e9cessit\u00e9 d\u2019augmenter la contribution financi\u00e8re de la France \u00e0 la reconstitution du Fonds mondial, ONE a projet\u00e9 un court film dans les rues de Paris.<a href=\"https:\/\/jai-un-pote-dans-la.com\/ong-one-projette-murs-parisiens-campagne-sensibilisation\/\">(13 septembre 2022)<\/a><\/p>\n<hr \/>\n<p><strong>Causette [INTERVIEW]<\/strong><br \/>\nNajat Vallaud-Belkacem revient sur les in\u00e9galit\u00e9s qui touchent toujours les communaut\u00e9s les plus vuln\u00e9rables, partout dans le monde. (<a href=\"https:\/\/www.causette.fr\/feminismes\/combats\/najat-vallaud-belkacem-les-inegalites-de-genre-amputent-le-pib-mondial-de-15\">14 septembre 2022)<\/a><\/p>\n<hr \/>\n<p><strong>L\u2019OBS [TRIBUNE]<\/strong><br \/>\nAlors que le Fonds mondial de lutte contre le sida, la tuberculose et le paludisme organise sa septi\u00e8me reconstitution, Najat Vallaud-Belkacem encourage les pays les plus riches, dont la France, contributrice historique, \u00e0 augmenter leur participation financi\u00e8re de 30%.<a href=\"https:\/\/www.nouvelobs.com\/opinions\/20220906.OBS62814\/najat-vallaud-belkacem-l-avenir-de-la-lutte-contre-le-sida-se-joue-le-19-septembre.html?utm_term=Autofeed&amp;utm_medium=Social&amp;utm_source=Twitter#Echobox=1662453455\">\u00a0(6 septembre2022)<\/a><\/p>\n<hr \/>\n<p><strong>50-50 Magazine [INTERVIEW]<\/strong><br \/>\nNajat Vallaud-Belkacem explique les raisons d\u2019une in\u00e9galit\u00e9 de genre au sein des populations touch\u00e9es par l\u2019extr\u00eame pauvret\u00e9.\u00a0 <a href=\"https:\/\/www.50-50magazine.fr\/2022\/08\/01\/najat-vallaud-belkacem-la-pauvrete-est-sexiste-2\/\">(1er ao\u00fbt 2022)<\/a><\/p>\n<hr \/>\n<p><strong>Le JDD [TRIBUNE]<\/strong><br \/>\nAvant la 7\u00e8me reconstitution pour le Fonds mondial, de nombreuses personnalit\u00e9s appellent la France \u00e0 contribuer \u00e0 sa juste part. <a href=\"https:\/\/www.lejdd.fr\/Societe\/il-est-urgent-dagir-contre-le-vihsida-la-tuberculose-et-le-paludisme-lappel-de-pres-de-200-personnalites-4123601\">\u00a0(18 juillet 2022)<\/a><\/p>\n<hr \/>\n<p><strong>L\u2019OBS [TRIBUNE]<\/strong><br \/>\nAlors que la France fait face \u00e0 une vague de chaleur sans pr\u00e9c\u00e9dent qui se traduit par de nombreux feux, l\u2019Europe doit s\u2019affranchir des anciens textes, tel le Trait\u00e9 sur la charte de l\u2019\u00e9nergie afin de mettre en place de r\u00e9elles politiques climatiques. <a href=\"https:\/\/www.nouvelobs.com\/tribunes\/20220718.OBS61056\/ce-traite-qui-empeche-nos-etats-de-mener-le-combat-contre-le-changement-climatique.html\">(18 juillet 2022)<\/a><\/p>\n<hr \/>\n<p><strong>L\u2019OBS [TRIBUNE]<\/strong><br \/>\nFace \u00e0 une esp\u00e9rance de vie mondiale qui r\u00e9gresse pour la premi\u00e8re fois, Najat Vallaud-Belkacem alerte les dirigeants du G7 qui se r\u00e9unissent le 26 juin en Allemagne. <a href=\"https:\/\/www.nouvelobs.com\/opinions\/20220624.OBS60109\/najat-vallaud-belkacem-pour-la-premiere-fois-l-esperance-de-vie-mondiale-diminue-le-g7-doit-agir.html\">(24 juin 2022)<\/a><\/p>\n<hr \/>\n<p><strong>Marianne [TRIBUNE]<\/strong><br \/>\nLes jeunes Ambassadeurs et Ambassadrices de ONE en France soulignent la nomination de la secr\u00e9taire d\u2019\u00c9tat charg\u00e9e du d\u00e9veloppement de la francophonie et des partenariats internationaux, et rappelent la n\u00e9cessit\u00e9 pour le gouvernement d\u2019agir comme v\u00e9ritable partenaire du continent africain. <a href=\"https:\/\/www.marianne.net\/agora\/tribunes-libres\/la-france-doit-sengager-en-faveur-de-lafrique-pour-laider-a-affronter-les-defis-qui-lattendent\">(16 juin 2022)<\/a><\/p>\n<hr \/>\n<p><strong>L\u2019OBS [TRIBUNE]<\/strong><br \/>\nAlors que la fin de la pr\u00e9sidence fran\u00e7aise de l\u2019Union Europ\u00e9enne approche, l\u2019objectif d\u2019allouer 100 milliards de Droits de tirage sp\u00e9ciaux (DTS) aux pays les plus pauvres n\u2019est toujours pas atteint. <a href=\"https:\/\/www.nouvelobs.com\/tribunes\/20220604.OBS59286\/najat-vallaud-belkacem-qu-est-devenue-l-aide-covid-a-l-afrique.html\">(4 juin 2022)<\/a><\/p>\n<hr \/>\n<p><strong>L\u2019OBS [TRIBUNE]<\/strong><br \/>\nA la veille du second tour de l\u2019\u00e9lection pr\u00e9sidentielle, Najat Vallaud-Belkacem souligne et d\u00e9crypte les conceptions et propositions lep\u00e9nistes, et ses potentielles cons\u00e9quences sur le pays et \u00e0 l\u2019international.<a href=\"https:\/\/www.nouvelobs.com\/tribunes\/20220419.OBS57336\/le-grand-renoncement-promis-par-marine-le-pen-par-najat-vallaud-belkacem.html\">\u00a0(19 avril 2022)<\/a><\/p>\n<hr \/>\n<p><strong>L\u2019OBS [TRIBUNE]<\/strong><\/p>\n<p>Deux ans apr\u00e8s le d\u00e9but de la pand\u00e9mie, Najat Vallaud-Belkacem rappelle que la lutte contre la pand\u00e9mie est loin d\u2019\u00eatre termin\u00e9e \u00e0 l\u2019\u00e9chelle mondiale, en d\u00e9pit de l\u2019assouplissement des restrictions actuel.<a href=\"https:\/\/www.nouvelobs.com\/tribunes\/20220408.OBS56829\/najat-vallaud-belkacem-la-lutte-contre-la-pandemie-est-loin-d-etre-finie.html\">(8 avril 2022)<\/a><\/p>\n<hr \/>\n<p><strong>Le Monde [TRIBUNE]<\/strong><br \/>\nNajat Vallaud-Belkacem r\u00e9agit \u00e0 la d\u00e9tresse des jeunes Afghanes, priv\u00e9es d\u2019\u00e9coles par les autorit\u00e9s talibanes le 23 mars 2022, en plaidant pour la fili\u00e8re des technologies \u00e9ducatives. <a href=\"https:\/\/www.lemonde.fr\/idees\/article\/2022\/04\/06\/najat-vallaud-belkacem-pour-un-droit-effectif-a-l-education-des-jeunes-afghans-mobilisons-la-filiere-des-technologies-educatives_6120842_3232.html\"> (6 avril 2022)<\/a><\/p>\n<hr \/>\n<p><strong>Lib\u00e9ration [TRIBUNE]<\/strong><\/p>\n<p class=\"article_link\">Les crises majeures qui s\u2019encha\u00eenent \u00e0 l\u2019\u00e9chelle globale depuis une d\u00e9cennie sont d\u2019une telle ampleur que le quotidien de chacun en a \u00e9t\u00e9 \u00e9branl\u00e9, et que notre perception de la r\u00e9alit\u00e9 en est aujourd\u2019hui profond\u00e9ment chang\u00e9e, tout comme notre compr\u00e9hension du monde, notre fa\u00e7on de voir l\u2019avenir. Najat Vallaud-Belkacem. <a href=\"https:\/\/www.liberation.fr\/forums\/europeens-encore-un-effort-pour-etre-terriens-20220318_6DNEXH3TABE2HL5LNPNDV4E4OY\/?redirected=1\">(18 mars 2022)<\/a><\/p>\n<hr \/>\n<p><strong>L\u2019Obs [TRIBUNE]<\/strong><\/p>\n<p>D\u00e9j\u00e0 fragilis\u00e9s depuis deux ans par la pand\u00e9mie dont ils ne sont toujours pas relev\u00e9s, et par les retards et les rat\u00e9s de la campagne mondiale de vaccination, les pays les plus vuln\u00e9rables, au premier rang desquels ceux d\u2019Afrique, vont en effet payer le prix fort de la guerre en Ukraine. Najat Vallaud-Belkacem. <a href=\"https:\/\/www.nouvelobs.com\/tribunes\/20220318.OBS55865\/najat-vallaud-belkacem-l-afrique-va-payer-le-prix-fort-de-la-guerre-en-ukraine.html#modal-msg\">(18 mars 2022)<\/a><\/p>\n<hr \/>\n<p><strong>La Voix du Nord [ARTICLE]<\/strong><br \/>\nManon Bendaoudia, 25 ans, jeune ambassadrice chez ONE, confie son engagement profond pour lutter contre la pauvret\u00e9 et les discriminations en tout genre.\u00a0 <a href=\"https:\/\/www.lavoixdunord.fr\/1151922\/article\/2022-03-13\/lille-manon-bendaoudia-militante-lilloise-contre-l-extreme-pauvrete\">(15 mars 2022)<\/a><\/p>\n<hr \/>\n<p><strong>Lib\u00e9ration [ARTICLE]<\/strong><\/p>\n<p>Quelles mesures pour mettre un terme \u00e0 l\u2019extr\u00eame pauvret\u00e9 ?L\u2019ONG ONE a tent\u00e9 d\u2019y r\u00e9pondre en lan\u00e7ant une convention citoyenne aupr\u00e8s de 24 000 personnes. <a href=\"https:\/\/www.liberation.fr\/forums\/mettre-fin-a-lextreme-pauvrete-les-citoyens-esquissent-des-solutions-20220311_WRCA5LCEKVBJLI3F733T5LVCCU\/\">(11 mars 2022)<\/a><\/p>\n<hr \/>\n<p><strong>L\u2019Obs [TRIBUNE]<\/strong><\/p>\n<p class=\"article-page__chapo\">Le retour de la guerre en Europe suscite naturellement la peur et donne le vertige. Elle conduit l\u00e9gitimement, comme lors de toute crise majeure, \u00e0 la solidarit\u00e9 et \u00e0 l\u2019unit\u00e9 nationale derri\u00e8re nos dirigeants. Difficile d\u00e8s lors d\u2019imaginer que l\u2019\u00e9lection pr\u00e9sidentielle qui structure notre vie d\u00e9mocratique aura lieu dans \u00e0 peine 30 jours. Najat Vallaud-Belkacem.<a href=\"https:\/\/www.nouvelobs.com\/tribunes\/20220307.OBS55386\/najat-vallaud-belkacem-ne-renoncons-pas-au-debat-democratique.html#\">\u00a0(7 mars 2022)<\/a><\/p>\n<hr \/>\n<p><strong>L\u2019Eclaireur de Ch\u00e2teaubriant [ARTICLE] <\/strong>Mathilde Naud a d\u00e9cid\u00e9 de s\u2019engager aupr\u00e8s de ONE afin d\u2019avoir un impact r\u00e9el et concret dans le monde et pour d\u00e9fendre un monde plus juste. <a href=\"https:\/\/actu.fr\/pays-de-la-loire\/chateaubriant_44036\/chateaubriant-mathilde-sengage-dans-la-lutte-contre-lextreme-pauvrete-dans-le-monde_49196963.html\"> (5 mars 2022).<\/a><\/p>\n<hr \/>\n<p><strong>Oxfam [ARTICLE]<\/strong><br \/>\nL\u2019ONG ONE, \u00e0 l\u2019aide d\u2019autres associations f\u00e9ministes, m\u00e8ne une \u00e9tude qui dresse un bilan bien maigre des mesures f\u00e9ministes adopt\u00e9es lors du quinquennat d\u2019Emmanuel Macron. <a href=\"https:\/\/www.oxfamfrance.org\/rapports\/egalite-femmes-hommes-grande-cause-petit-bilan\/\">(3 mars 2022)<\/a><\/p>\n<hr \/>\n<p><strong>Le Midi Libre [ARTICLE] <\/strong>Pour Ana\u00efs Ossombo, l\u2019\u00e9galit\u00e9 est une valeur et c\u2019est ce qui a conduit \u00e0 son engagement aupr\u00e8s de ONE, afin de viser un monde plus juste. Se souvenant de l\u2019action men\u00e9e par ONE \u00e0 l\u2019aube de la pr\u00e9sidentielle 2017, elle souhaite, \u00e0 son tour, parvenir \u00e0 convaincre les candidats et candidates \u00e0 l\u2019\u00e9lection 2022 de se tourner vers le sujet de la solidarit\u00e9 internationale.\u00a0 <a href=\"https:\/\/www.bienpublic.com\/social\/2022\/02\/25\/deux-dijonnais-s-engagent-dans-la-lutte-contre-l-extreme-pauvrete\">(28 f\u00e9vrier 2022).<\/a><\/p>\n<hr \/>\n<p><strong>France TV \u2013 Guyane 1 [ARTICLE] <\/strong>Arnaud Bordes est jeune Ambassadeur de l\u2019ONG ONE. Oppos\u00e9 au d\u00e9terminisme, il souhaite s\u2019engager pour que tout le monde, partout sur la plan\u00e8te, ait la possibilit\u00e9 d\u2019une vie digne, remplie de possibles. Lass\u00e9 de voir des populations vivre dans l\u2019extr\u00eame pauvret\u00e9, il veut obtenir des engagements concrets des candidats \u00e0 la pr\u00e9sidentielle fran\u00e7aise, afin de mettre fin \u00e0 cette tendance. <a href=\"https:\/\/la1ere.francetvinfo.fr\/guyane\/le-guyanais-arnaud-bordes-engage-contre-l-extreme-pauvrete-nomme-ambassadeur-jeune-pour-l-ong-one-1240825.html\">(25 f\u00e9vrier 2022).<\/a><\/p>\n<hr \/>\n<p><strong>Le Bien Public [ARTICLE] <\/strong>Guillaume Girault et Arnaud Bordes sont des \u201cGlobal Activists\u201d. Pendant un an, il porteront les valeurs et missions de ONE dans l\u2019espace public, politique et m\u00e9diatique pour sensibiliser les citoyens et leaders politiques aux in\u00e9galit\u00e9s mondiales, exacerb\u00e9es par la pand\u00e9mie et le changement climatique. (<a href=\"https:\/\/www.bienpublic.com\/social\/2022\/02\/25\/deux-dijonnais-s-engagent-dans-la-lutte-contre-l-extreme-pauvrete\">25 f\u00e9vrier 2022).<\/a><\/p>\n<hr \/>\n<p><strong>Ouest France [ARTICLE] <\/strong>Mathilde Naud, jeune Ambassadrice de ONE, se mobilise pour r\u00e9duire les in\u00e9galit\u00e9s mondiales, l\u2019acc\u00e8s in\u00e9quitable aux vaccins et l\u2019extr\u00eame pauvret\u00e9 dans le monde. Comment s\u2019y prend-elle? Via des campagnes de mobilisation citoyenne, des actions de sensibilisation sur les r\u00e9seaux sociaux, et des mails et des courriers adress\u00e9s aux acteurs politiques. <a href=\"https:\/\/www.ouest-france.fr\/pays-de-la-loire\/chateaubriant-44110\/chateaubriant-a-22-ans-elle-fait-campagne-contre-l-extreme-pauvrete-dans-le-monde-ea63d956-9558-11ec-a598-cbc0ff532848\">\u00a0(25 f\u00e9vrier 2022).<\/a><\/p>\n<hr \/>\n<p><strong>L\u2019Est R\u00e9publicain [ARTICLE] <\/strong>\u00c9lise Liotard, Arya Billon et Paula Druschke, sont des jeunes Ambassadrices de ONE. Fortement engag\u00e9es, les trois jeunes \u00e9tudiantes discutent de solidarit\u00e9 et coop\u00e9ration internationale avec le grand public et les d\u00e9cideurs politiques. Elles se battent pour garantir une vie d\u00e9cente aux plus d\u00e9munis.\u00a0 <a href=\"https:\/\/www.estrepublicain.fr\/education\/2022\/02\/22\/trois-etudiantes-deviennent-ambassadrices-de-l-ong-one\">(22 f\u00e9vrier 2022)<\/a>.<\/p>\n<hr \/>\n<p><strong>Ouest France [ARTICLE] <\/strong>Maylis Lepinette et Clara No\u00ebl-Hou\u00e9d\u00e9 font partie des 74 jeunes Ambassadeurs et Ambassadrices de ONE sur l\u2019ensemble du territoire national. Au cours de cette ann\u00e9e d\u2019\u00e9lections pr\u00e9sidentielles et l\u00e9gislatives, elles auront le r\u00f4le d\u2019influencer les candidats et futures acteurs politiques dans le but de r\u00e9duire l\u2019extr\u00eame pauvret\u00e9 dans le monde.\u00a0 <a href=\"https:\/\/www.ouest-france.fr\/bretagne\/saint-malo-35400\/saint-malo-clara-et-maylis-ambassadrices-contre-la-pauvrete-08af9a8e-90be-11ec-bcbd-1dcb07d3bd37\">(21 f\u00e9vrier 2022)<\/a><\/p>\n<hr \/>\n<p><strong>La Croix [ARTICLE] \u00ab <\/strong>La dette africaine est d\u00e9tenue pour un tiers par des acteurs publics, pour un tiers par des acteurs priv\u00e9s et pour un tiers par des banques publiques de d\u00e9veloppement. Les acteurs priv\u00e9s attendent souvent de fa\u00e7on cynique qu\u2019une part de la dette publique soit annul\u00e9e, de fa\u00e7on que les marges de man\u0153uvre budg\u00e9taires ainsi d\u00e9gag\u00e9es leur permettent d\u2019\u00eatre rembours\u00e9s \u00bb. Ma\u00e9 Kurkjian,\u00a0 <a href=\"https:\/\/www.la-croix.com\/Economie\/creanciers-prives-compliquent-reglement-dette-africaine-2022-02-18-1201201085\">(18 f\u00e9vrier 2022)<\/a>.<a href=\"https:\/\/www.la-croix.com\/Economie\/creanciers-prives-compliquent-reglement-dette-africaine-2022-02-18-1201201085\"><br \/>\n<\/a><\/p>\n<hr \/>\n<p><strong>Outremers 360\u00b0 [ARTICLE] <\/strong>Arnaud Bordes rejoint le programme \u00ab jeune Ambassadeur \u00bb de ONE afin de porter encore plus haut, encore plus fort les combats capitaux qui sont l\u2019extr\u00eame pauvret\u00e9 et la lutte contre les maladies \u00e9vitables dans les pays les plus pauvres. <a href=\"https:\/\/outremers360.com\/bassin-atlantique-appli\/le-guyanais-arnaud-bordes-devient-jeune-ambassadeur-de-one-organisation-cofondee-par-le-chanteur-bono-qui-lutte-contre-lextreme-pauvrete\">(18 f\u00e9vrier 2022<\/a>).<\/p>\n<hr \/>\n<p><strong>Euractiv [ARTICLE] <\/strong>L\u2019enjeu principal du sommet UE-UA sur le plan sanitaire est de poser les bases d\u2019une lutte efficace pour les futures crises sanitaires. \u00abTant que les pays africains ne pourront pas produire leurs propres vaccins, ils seront toujours \u00e0 la tra\u00eene. Or, ce continent ne devrait pas avoir \u00e0 d\u00e9pendre des autres pour sa propre s\u00e9curit\u00e9 sanitaire \u00bb. Najat Vallaud-Belkacem <a href=\"https:\/\/www.euractiv.fr\/section\/sante-modes-de-vie\/news\/sommet-ue-afrique-poser-les-bases-dune-lutte-efficace-pour-lapres-covid\/\">(17 f\u00e9vrier 2022).<\/a><\/p>\n<hr \/>\n<p><strong>France 24 [ARTICLE] <\/strong>ONE d\u00e9nonce le blocage de l\u2019UE sur la lev\u00e9e des brevets, y compris au sein de l\u2019OMC. \u00ab De nombreuses usines se trouvent en Europe. Nous d\u00e9fendons nos int\u00e9r\u00eats \u00e9conomiques et industriels. Ce qui est en train de se jouer, ce sont les int\u00e9r\u00eats \u00e9conomiques de pays du Nord contre l\u2019acc\u00e8s au soin de pays du Sud \u00bb, Ma\u00e9 Kurkjian, <a href=\"https:\/\/www.france24.com\/fr\/afrique\/20220217-lev%C3%A9e-des-brevets-sur-les-vaccins-anti-covid-la-question-qui-f%C3%A2che-au-sommet-ue-ua\">\u00a0(17 f\u00e9vrier 2022)<\/a><\/p>\n<hr \/>\n<p><strong>L\u2019Obs [TRIBUNE] <\/strong>L\u2019\u00e9go\u00efsme vaccinal de l\u2019Union europ\u00e9enne, qui malgr\u00e9 des taux de vaccination importants continue \u00e0 bloquer des mesures cl\u00e9s qui permettraient de faire progresser l\u2019\u00e9quit\u00e9 vaccinale, est \u00e0 ce titre apparu pour ce qu\u2019il est : irrationnel et injuste. Sans vaccination des populations des pays vuln\u00e9rables, nous ne pourrons freiner l\u2019apparition de nouveaux variants. Najat Vallaud-Belkacem, <a href=\"https:\/\/www.nouvelobs.com\/afrique\/20220217.OBS54627\/najat-vallaud-belkacem-l-europe-et-l-afrique-enfin-d-egal-a-egal.html\">(17 F\u00e9vrier 2022)<\/a><\/p>\n<hr \/>\n<p><strong>Jeune Afrique [LETTRE OUVERTE] <\/strong>Au lancement du sommet UE-UA, un collectif de jeunes activistes africains et europ\u00e9ens s\u2019adressent aux dirigeants des deux continents. Les d\u00e9fis auxquels nous faisons face sont mondiaux par nature. Qu\u2019il s\u2019agisse de la pand\u00e9mie de Covid-19, du d\u00e9r\u00e8glement climatique ou des in\u00e9galit\u00e9s mondiales, seul un leadership centr\u00e9 sur la coop\u00e9ration est en mesure d\u2019apporter les r\u00e9ponses n\u00e9cessaires.\u00a0\u00a0<a href=\"https:\/\/www.jeuneafrique.com\/1313551\/politique\/ua-ue-les-enjeux-sont-trop-grands-pour-avoir-le-droit-a-lerreur\/\">(16 f\u00e9vrier 2022).<\/a><\/p>\n<hr \/>\n<p><strong>La Croix [ARTICLE] <\/strong>\u00ab Le sommet UE-UA offre une opportunit\u00e9 unique de prendre des mesures concr\u00e8tes qui rapprochent l\u2019Afrique de l\u2019autosuffisance pour lutter contre le Covid-19 \u00bb. Edwin Ikhuoria, responsable de ONE.<a href=\"https:\/\/www.la-croix.com\/sommet-changer-donne-entre-Europe-Afrique-2022-02-17-1301200783\">\u00a0(17 f\u00e9vrier 2022)<\/a>.<\/p>\n<hr \/>\n<p><strong>France Bleu Bourgogne\u00a0 [ARTICLE] <\/strong>Guillaume Girault devient jeune Ambassadeur de ONE. Sensibiliser dirigeants politiques et citoyens sur des th\u00e9matiques telles que les in\u00e9galit\u00e9s mondiales ou le difficile acc\u00e8s \u00e0 la vaccination dans les pays pauvres. Voil\u00e0 un aper\u00e7u des missions du jeune militant. <a href=\"https:\/\/www.francebleu.fr\/vie-quotidienne\/bien-etre-sante\/j-ai-la-fibre-associative-a-24-ans-guillaume-girault-s-engage-contre-les-inegalites-mondiales-1644940910\">(16 f\u00e9vrier 2022)<\/a>.<\/p>\n<hr \/>\n<p><strong>Sud Ouest [ARTICLE] <\/strong>Flora Vanderplancke fait partie des 75 jeunes Ambassadeurs et Ambassadrices de ONE en France qui luttent contre l\u2019extr\u00eame pauvret\u00e9. En menant des campagnes de sensibilisation aux in\u00e9galit\u00e9s mondiales, et en faisant du plaidoyer aupr\u00e8s des dirigeants politiques, Flora se bat pour monde plus juste.\u00a0 <a href=\"https:\/\/www.sudouest.fr\/pyrenees-atlantiques\/bayonne\/saint-jean-de-luz-une-jeune-femme-ambassadrice-de-l-ong-one-8830224.php\">(14 f\u00e9vrier 2022)<\/a>.<\/p>\n<hr \/>\n<p><strong>Infos Dijon [ARTICLE]\u00a0 <\/strong>Guillaume Girault et Arnaud Bordes deviennent des jeunes Ambassadeurs de ONE. Pendant un an, ils iront \u00e0 la rencontre des citoyens, citoyennes et politiques pour les convaincre de s\u2019engager \u00e0 leurs c\u00f4t\u00e9s contre les in\u00e9galit\u00e9s dans les pays pauvres.\u00a0 <a href=\"https:\/\/www.infos-dijon.com\/news\/vie-locale\/vie-locale\/solidarite-deux-dijonnais-parmi-les-ambassadeurs-de-l-ong-one.html\">(12 f\u00e9vrier 2022)<\/a>.<\/p>\n<hr \/>\n<p><strong>l\u2019ADN [ARTICLE] <\/strong>La musique, la mode et l\u2019esth\u00e9tique des ann\u00e9es 1990 sont de nouveau populaires et deviennent incontournables sur les r\u00e9seaux sociaux et dans les d\u00e9fil\u00e9s. Mais ce ne sont pas les seuls \u00e9l\u00e9ments qui reviennent\u2026 Pour la premi\u00e8re fois depuis cette p\u00e9riode, l\u2019extr\u00eame pauvret\u00e9 augmente dans le monde. <a href=\"https:\/\/business.ladn.eu\/news-business\/actualites-annonceurs\/campagne-sensibilisation-ong-one-candidats-presidentielle\/\">(10 f\u00e9vrier 2022)<\/a>.<\/p>\n<hr \/>\n<p><strong>Ouest France [ARTICLE] <\/strong>Mathilde Naud, s\u2019engage aupr\u00e8s de ONE pour la deuxi\u00e8me ann\u00e9e cons\u00e9cutive. Elle est jeune Ambassadrice de ONE et porte-parole de la grande campagne de mobilisation citoyenne lanc\u00e9e \u00e0 l\u2019approche de l\u2019\u00e9lection pr\u00e9sidentielle.\u00a0 <a href=\"https:\/\/www.ouest-france.fr\/bretagne\/rennes-35000\/lutte-contre-la-pauvrete-une-rennaise-ambassadrice-du-mouvement-cree-par-bono-d49a56c2-89c3-11ec-9ae6-d592858b40f6\">(10 f\u00e9vrier 2022)<\/a>.<\/p>\n<hr \/>\n<p><strong>Gala [ARTICLE] <\/strong>Anne Hidalgo avec la casquette \u00e0 l\u2019envers. Christiane Taubira avec un bandeau rouge. Emmanuel Macron avec les cheveux d\u00e9color\u00e9s. Les ann\u00e9es 1990 ont inspir\u00e9 une dr\u00f4le de campagne destin\u00e9e \u00e0 influencer le programme politique des candidats \u00e0 l\u2019\u00e9lection pr\u00e9sidentielle. <a href=\"https:\/\/www.gala.fr\/l_actu\/news_de_stars\/photo-emmanuel-macron-marine-le-pen-relookes-a-la-mode-des-annees-90-cette-campagne-coup-de-poing_486897\">(10 f\u00e9vrier 2022)<\/a>.<\/p>\n<hr \/>\n<p><strong>Huffington Post [ARTICLE] <\/strong>Les ann\u00e9es 1990 reviennent \u00e0 la mode, mais pas que: l\u2019extr\u00eame pauvret\u00e9 augmente pour la 1\u00e8re fois depuis cette p\u00e9riode. ONE lance un appel pour que les candidats et candidates \u00e0 l\u2019\u00e9lection pr\u00e9sidentielle proposent des mesures concr\u00e8tes pour inverser cette tendance.\u00a0\u00a0<a href=\"https:\/\/www.huffingtonpost.fr\/entry\/macron-pecresse-le-pen-rhabilles-hit-machine-campagne-pauvrete_fr_6203e9c1e4b08357089b2e7f\">(10 f\u00e9vrier 2022)<\/a><\/p>\n<hr \/>\n<p><strong>Le JDD [ARTICLE] <\/strong>ONE lance une grande campagne de mobilisation citoyenne et de plaidoyer destin\u00e9e \u00e0 interpeller les candidats \u00e0 l\u2019\u00e9lection pr\u00e9sidentielle sur la hausse de l\u2019extr\u00eame pauvret\u00e9 et des in\u00e9galit\u00e9s dans le monde.\u00a0 \u00a0<a href=\"https:\/\/www.najat-vallaud-belkacem.com\/2022\/02\/09\/najat-vallaud-belkacem-le-role-de-la-france-dans-le-monde-nest-pas-assez-aborde-dans-cette-campagne-interview-dans-le-jdd\/\">(9 f\u00e9vrier 2022)<\/a><\/p>\n<hr \/>\n<p><strong>L\u2019Obs [TRIBUNE] <\/strong>L\u2019industrie textile et de l\u2019habillement est le symbole de notre inconscience, des d\u00e9rives de la mondialisation et des renoncements politiques. Notre mode de consommation acc\u00e9l\u00e8re le changement climatique et contribue \u00e0 l\u2019exploitation des pays pauvres. Il n\u2019est pas trop tard pour changer les r\u00e8gles du jeu. Najat Vallaud-Belkacem, <a href=\"https:\/\/www.nouvelobs.com\/opinions\/20220205.OBS54109\/najat-vallaud-belkacem-ce-que-nos-vetements-disent-vraiment-de-nous.html\">(5 f\u00e9vrier 2022)<\/a><\/p>\n<hr \/>\n<p><strong>L\u2019Obs [TRIBUNE] <\/strong>Alors que les \u00e9carts de patrimoine ne cessent de s\u2019accro\u00eetre, les candidats de droite et d\u2019extr\u00eame droite rivalisent de promesses de cadeaux fiscaux. Favoriser l\u2019accumulation du patrimoine entre les mains de quelques-uns, c\u2019est encourager la reproduction des in\u00e9galit\u00e9s dans le temps. Najat Vallaud-Belkacem,<a href=\"https:\/\/www.nouvelobs.com\/economie\/20220117.OBS53335\/najat-vallaud-belkacem-l-hyper-concentration-patrimoniale-cree-des-inegalites-de-destin.html\">(17 janvier 2022).<\/a><\/p>\n<hr \/>\n<p><strong>L\u2019ADN [APER\u00c7U] <\/strong>Lors du week-end du Black Friday, ONE m\u00e8ne une campagne de sensibilisation aux in\u00e9galit\u00e9s vaccinales. Sur des affiches, des offres \u00ab exclusives \u00bb pour le vaccin d\u00e9voilent que beaucoup n\u2019y ont toujours pas acc\u00e8s. <a href=\"https:\/\/business.ladn.eu\/news-business\/actualites-annonceurs\/one-campagne-sensibilisation-grand-public-inegalites-vaccinales\/\">(4 janvier 2022).<\/a><\/p>\n<hr \/>\n<p><strong>Huffington Post [TRIBUNE]<\/strong> \u0152uvrer pour un monde meilleur l\u00e0-bas, c\u2019est aussi participer \u00e0 la construction d\u2019un monde meilleur ici. Un monde plus juste, c\u2019est l\u2019ambition de ONE et devrait \u00eatre celle de nos futurs \u00e9lus. Najat Vallaud-Belkacem,\u00a0 <a href=\"https:\/\/www.huffingtonpost.fr\/entry\/tribune-najat-vallaud-belkacem-il-faudra-plus-que-des-coups-de-com-sur-twitter-pour-assurer-notre-survie-sur-cette-planete_fr_61aa03b9e4b07fe201264142\">(12 d\u00e9cembre 2021).<\/a><\/p>\n<hr \/>\n<p><strong>\u00a0Le Journal du Dimanche [TRIBUNE]<\/strong> R\u00e9duire les in\u00e9galit\u00e9s vaccinales et permettre l\u2019acc\u00e8s aux vaccins est non seulement la seule solution pour sortir de l\u2019impasse du Covid-19 mais constitue une obligation qui incombe aux Etats et aux entreprises pharmaceutiques en mati\u00e8re de droits humains. Collectif d\u2019ONG dont ONE, <a href=\"https:\/\/www.lejdd.fr\/Societe\/tribune-vaccination-contre-le-covid-le-variant-omicron-la-semaine-de-la-honte-pour-les-pays-riches-4080570\">(4 d\u00e9cembre 2021).<\/a><\/p>\n<hr \/>\n<p><strong>Challenges [ARTICLE]<\/strong> Un collectif d\u2019ONG engag\u00e9es, dont ONE, d\u00e9nonce la d\u00e9cision de l\u2019OMC d\u2019annuler la r\u00e9union des ministres des pays membres. \u00abOn marche sur la t\u00eate! C\u2019\u00e9tait justement le moment d\u2019\u00e9voquer cette crise et notamment la lev\u00e9e temporaire des brevets\u00bb. Ma\u00e9 Kurkjian, <a href=\"https:\/\/www.challenges.fr\/entreprise\/sante-et-pharmacie\/variant-omicron-mobilisation-ce-mardi-pour-demander-la-levee-des-brevets_791191\">(30 novembre 2021).<\/a><\/p>\n<hr \/>\n<p><strong>\u00a020 Minutes [ARTICLE]<\/strong> Ce nouveau variant doit servir de signal d\u2019alarme pour les gouvernements du monde entier. Il n\u2019est plus possible d\u2019entretenir l\u2019id\u00e9e dangereuse qu\u2019un pays ou un continent peut lutter contre la pand\u00e9mie sur son territoire sans se pr\u00e9occuper du reste du monde. Najat Vallaud-Belkacem, <a href=\"https:\/\/www.20minutes.fr\/sante\/3185155-20211129-coronavirus-planete-raison-ceder-panique-face-variant-omicron\">(29 novembre 2021)<\/a>.<\/p>\n<hr \/>\n<p><strong>Le Grand Continent [TRIBUNE]<\/strong> En mati\u00e8re de lutte contre la pand\u00e9mie de Covid, le nationalisme vaccinal est une imposture sanitaire qui met en danger notre propre s\u00e9curit\u00e9. Najat Valaud-Belkacem, <a href=\"https:\/\/legrandcontinent.eu\/fr\/2021\/10\/29\/limpasse-du-modele-national-pour-faire-face-aux-crises-sanitaires\/\">\u00a0(29 octobre 2021).<\/a><\/p>\n<hr \/>\n<p><strong>Le Monde [APER\u00c7U]<\/strong> En amont du sommet du G20, ONE lance un appel aux dirigeants \u00e0 agir pour mettre fin \u00e0 la pand\u00e9mie. <a href=\"https:\/\/twitter.com\/ONE_Fr\/status\/1453710623452323842\">\u00a0(28 octobre 2021).<\/a><\/p>\n<hr \/>\n<p><strong>Lib\u00e9ration [TRIBUNE]<\/strong> La crise de la Covid-19 n\u2019est pas seulement une crise sanitaire, mais aussi une crise \u00e9conomique et sociale qui creuse les in\u00e9galit\u00e9s et qui risque d\u2019an\u00e9antir des ann\u00e9es de lutte contre l\u2019extr\u00eame pauvret\u00e9. Collectif d\u2019associations et personnalit\u00e9s dont ONE, <a href=\"https:\/\/www.liberation.fr\/idees-et-debats\/tribunes\/inegalites-vaccinales-un-an-dinaction-et-de-plus-en-plus-de-morts-20211002_QNNOHFQ3LVEJTNK6ZH7BO7EWEQ\/?redirected=1\">(2 octobre 2021)<\/a>.<\/p>\n<hr \/>\n<p><strong>Les Echos [TRIBUNE]<\/strong> Le temps presse. C\u2019est partout sur la plan\u00e8te, et pas uniquement dans certains pays riches, qu\u2019il nous faut vaincre le virus, gr\u00e2ce \u00e0 un effort accru de coop\u00e9ration internationale. Najat Vallaud-Belkacem, <a href=\"https:\/\/www.lesechos.fr\/idees-debats\/cercle\/najat-vallaud-belkacem-le-nationalisme-vaccinal-est-une-imposture-sanitaire-1348602\">\u00a0(23 septembre 2021).<\/a><\/p>\n<hr \/>\n<p><strong>Euronews [APER\u00c7U]<\/strong> La question de l\u2019acc\u00e8s au vaccin contre le Covid-19 au coeur d\u2019une mini-s\u00e9rie d\u2019animation nomm\u00e9e <em>Pandemica<\/em>.\u00a0 <a href=\"https:\/\/fr.euronews.com\/video\/2021\/03\/28\/pandemica-une-mini-serie-d-animation-pour-sensibiliser-a-l-acces-aux-vaccins\">(28 mars 2021).<\/a><\/p>\n<hr \/>\n<p><strong>\u00a0Derni\u00e8res Nouvelles d\u2019Alsace [ARTICLE]<\/strong> Margot Schneider rejoint le programme des jeunes ambassadeurs et ambassadrices de ONE pour lutter contre les in\u00e9galit\u00e9s mondiales et l\u2019extr\u00eame pauvret\u00e9.<a href=\"https:\/\/www.dna.fr\/culture-loisirs\/2021\/03\/27\/margot-schneider-jeune-obernoise-devenue-ambassadrice-de-l-ong-fondee-par-bono-le-chanteur-de-u2\">(28 mars 2021).<\/a><\/p>\n<hr \/>\n<p><strong>Le Journal du Dimanche [ARTICLE]<\/strong> La s\u00e9rie <em>Pandemica<\/em> d\u00e9nonce les in\u00e9galit\u00e9s d\u2019acc\u00e8s au vaccin et demande aux pays riches de partager leurs stocks. \u00abLe vaccin doit \u00eatre accessible \u00e0 tout le monde, peu importe la nationalit\u00e9 ou le revenu, sinon le virus restera un danger pour tout le monde\u00bb. Ma\u00e9 Kurkjian,\u00a0 <a href=\"https:\/\/www.lejdd.fr\/International\/vaccins-contre-le-covid-19-long-one-lance-un-appel-aux-pays-riches-un-enjeu-dequite-et-defficacite-4033700\">(24 mars 2021).<\/a><\/p>\n<hr \/>\n<p><strong>Le Dauphin\u00e9 Is\u00e8re [ARTICLE]<\/strong> Chaimaa Taib s\u2019investit dans ONE en tant que jeune ambassadrice pour amplifier sa voix et mener des combats notamment sur la question de l\u2019\u00e9ducation. <a href=\"https:\/\/www.ledauphine.com\/social\/2021\/03\/21\/isere-une-grenobloise-en-lutte-avec-one-et-le-chanteur-bono\">(21 mars 2021)<\/a><\/p>\n<hr \/>\n<p><strong>La Marseillaise [ARTICLE]<\/strong> In\u00e8s Kouevi et Clara No\u00ebl-Hou\u00e9d\u00e9 sont des jeunes ambassadrices de ONE qui luttent pour assurer un acc\u00e8s universel \u00e0 la vaccination contre le covid-19 et convaincre le gouvernement fran\u00e7ais d\u2019augmenter l\u2019aide publique au d\u00e9veloppement. <a href=\"https:\/\/articles.cafeyn.co\/7f0357\/la-marseillaise-bdr-marseille\/2021-03-13\/deux-etudiantes-de-marseille-a-la-lutte-contre-les-inegalites-dans-le-monde\">(21 mars 2021)<\/a>.<\/p>\n<hr \/>\n<p><strong>Le Journal Toulousain [ARTICLE]<\/strong> Tidjiane Peredes et Manon Jordana ont \u00e9t\u00e9 s\u00e9lectionn\u00e9s pour devenir des jeune ambassadeurs de ONE et convaincre les d\u00e9cideurs politiques et citoyens d\u2019agir pour mettre fin aux in\u00e9galit\u00e9s dans le monde.\u00a0 <a href=\"https:\/\/www.lejournaltoulousain.fr\/societe\/deux-jeunes-toulousains-rejoignent-long-one-du-chanteur-de-u2-bono-115060\/\">(7 mars 2021).<\/a><\/p>\n<hr \/>\n<p><strong>Sud Ouest [ARTICLE]<\/strong> Solune Pailh\u00e9 et Maya Pargade-Klitzke font parties des 300 jeunes ambassadeurs et ambassadrices en Europe qui \u00e9laborent des plaidoyers pour changer les r\u00e8gles du jeu et parvenir \u00e0 r\u00e9duire l\u2019extr\u00eame pauvret\u00e9 dans le monde. <a href=\"https:\/\/www.sudouest.fr\/gironde\/bordeaux\/bordeaux-elles-sont-les-jeunes-ambassadrices-locales-de-l-ong-one-1558605.php\">\u00a0(10 mars 2021)<\/a>.<\/p>\n<hr \/>\n<p><strong>France info [ARTICLE]<\/strong> Elise Liotard et Paula Druschke, nouvelles jeunes ambassadrices de ONE, s\u2019engagent pour que chacun et chacune puisse mener des vies dignes et pleines de possibilit\u00e9s. <a href=\"https:\/\/france3-regions.francetvinfo.fr\/grand-est\/meurthe-et-moselle\/nancy\/meurthe-et-moselle-deux-etudiantes-de-sciences-po-nancy-s-engagent-contre-l-extreme-pauvrete-1987735.html\">\u00a0(9 mars 2021).<\/a><\/p>\n<hr \/>\n<p><strong>l\u2019Humanit\u00e9 [ARTICLE]<\/strong> Le nationalisme vaccinal pourrait constituer un frein au fonctionnement du m\u00e9canisme de financement et de distribution COVAX qui a pour but d\u2019approvisionner en vaccins les pays \u00e0 revenu faible ou interm\u00e9diaire. <a href=\"https:\/\/www.humanite.fr\/vaccination-les-pays-pauvres-attendront-697923\">(23 d\u00e9cembre 2020).<\/a><\/p>\n<hr \/>\n<p><strong>Les Echos [TRIBUNE]<\/strong> La r\u00e9union tenu \u00e0 l\u2019OMC est une occasion unique de r\u00e9aliser l\u2019ambition d\u2019un vaccin comme \u00ab bien public mondial \u00bb et garantir un acc\u00e8s \u00e9quitable aux vaccins et aux m\u00e9dicaments permettant de lutter contre le Covid-19. Collectif d\u2019ONG dont ONE,\u00a0 <a href=\"https:\/\/www.lesechos.fr\/idees-debats\/cercle\/opinion-partage-de-la-propriete-intellectuelle-un-defi-pour-les-futurs-vaccins-contre-le-covid-1272411\">(9 d\u00e9cembre 2020)<\/a>.<\/p>\n<hr \/>\n<p><strong>L\u2019Echo Le R\u00e9gional [ARTICLE]<\/strong> En devenant jeune ambassadrice, Kelly Vaz-Semedo participe \u00e0 la mission de ONE de convaincre les parlementaires europ\u00e9ens et nationaux de voter un budget d\u2019aide au d\u00e9veloppement plus ambitieux.\u00a0 <a href=\"https:\/\/drive.google.com\/file\/d\/1_VEG8PElb4sLdCAth9_uzrEcExsSogpQ\/view\">(21 octobre 2020)<\/a>.<\/p>\n<hr \/>\n<p><strong>Les Echos [ARTICLE]<\/strong> En pleine pand\u00e9mie mondiale, il est inacceptable que les pays les plus pauvres du monde aient \u00e0 choisir entre payer le service de leur dette ou maintenir leur \u00e9conomie \u00e0 flot. Najat Vallaud-Belkacem,\u00a0 <a href=\"https:\/\/www.lesechos.fr\/monde\/enjeux-internationaux\/la-dette-des-pays-pauvres-au-coeur-des-discussions-du-g20-1255269\">(13 octobre 2020).<\/a><\/p>\n<hr \/>\n<p><strong>M\u00e9diapart [LETTRE OUVERTE]<\/strong> \u00c0 la veille du Conseil europ\u00e9en, les jeunes Ambassadeurs et Ambassadrices de ONE exhortent les dirigeants europ\u00e9ens \u00e0 augmenter de mani\u00e8re significative les ressources allou\u00e9es \u00e0 l\u2019action ext\u00e9rieure et aux investissements en Afrique. <a href=\"https:\/\/blogs.mediapart.fr\/one-france\/blog\/160720\/lettre-des-jeunes-ambassadeurs-et-ambassadrices-de-one-aux-dirigeants-europeens\">(16 juillet 2020).<\/a><\/p>\n<hr \/>\n<p><strong>Le Monde [TRIBUNE]<\/strong> Il est temps pour la France, qui s\u2019est positionn\u00e9e en leader sur la question de la dette des pays pauvres, de reconna\u00eetre les limites du moratoire propos\u00e9 par les pays du G20. Comment les pays qui en b\u00e9n\u00e9ficient rembourseront-ils cette dette lorsque la suspension arrivera \u00e0 son terme ? Collectif d\u2019ONG dont ONE,\u00a0 <a href=\"https:\/\/www.lemonde.fr\/idees\/article\/2020\/07\/16\/dette-des-pays-pauvres-les-creanciers-prives-doivent-participer-aux-allegements-decides-par-la-communaute-internationale_6046320_3232.html\">(16 juillet 2020).<\/a><\/p>\n<hr \/>\n<p><strong>L\u2019Obs [TRIBUNE]<\/strong> Pour fair face aux d\u00e9fis de notre monde, une taxe sur les transactions financi\u00e8res ambitieuse est n\u00e9c\u00e9ssaire. Ce que nos concitoyens demandent, c\u2019est davantage de justice et d\u2019\u00e9quit\u00e9. Cela exprime le souhait d\u2019une redistribution plus juste des richesses, en France, dans l\u2019Union europ\u00e9enne, et dans le monde. ONE et Oxfam, <a href=\"https:\/\/www.nouvelobs.com\/economie\/20200630.OBS30700\/tribune-cecile-duflot-et-najat-vallaud-belkacem-l-europe-a-besoin-d-une-taxe-sur-les-transactions-financieres-a-la-hauteur-des-enjeux.html\">(30 juin 2020).<\/a><\/p>\n<hr \/>\n<p><strong>Le JDD [TRIBUNE] <\/strong>Le vaccin contre le Covid-19 n\u2019est pas encore disponible, mais les craintes d\u2019un nationalisme vaccinal sont d\u00e9j\u00e0 bien pr\u00e9sentes. C\u2019est d\u00e8s maintenant qu\u2019il faut cr\u00e9er les conditions d\u2019un acc\u00e8s universel au vaccin. Il faut \u00e9viter \u00e0 tout prix que la course aux profits vienne entraver l\u2019acc\u00e8s des personnes les plus expos\u00e9es et d\u00e9munies. Collectif d\u2019ONG dont ONE , <a href=\"https:\/\/www.lejdd.fr\/Societe\/cecile-duflot-najat-vallaud-belkacem-et-11-dirigeants-dong-engages-contre-le-nationalisme-vaccinal-3977628\">(27 juin 2020).<br \/>\n<\/a><\/p>\n<hr \/>\n<p><strong>20 minutes [ARTICLE]<\/strong> Maya Pargade-Klitzke devient jeune Ambassadrice du mouvement ONE. Sa mission est d\u2019aller \u00e0 la rencontre des \u00e9lus locaux et d\u00e9fendre plusieurs causes, notamment la vaccination dans les pays pauvres, l\u2019\u00e9galit\u00e9 hommes-femmes, et les droits des femmes et de la jeunesse.\u00a0 <a href=\"https:\/\/www.20minutes.fr\/bordeaux\/2743739-20200603-video-ambassadrice-ong-one-maya-21-ans-veut-lutter-contre-extreme-pauvrete\">(3 juin 2020).<\/a><\/p>\n<hr \/>\n<p><strong>Les Echos [TRIBUNE]<\/strong> Le Covid-19 est une maladie nouvelle, au rythme et aux formes \u00e9volutifs. En raison des fortes in\u00e9galit\u00e9s vaccinales, la catastrophe sanitaire actuelle pourrait \u00eatre encore amplifi\u00e9e par le d\u00e9veloppement d\u2019autres maladies. Najat Vallaud-Belkacem et Guillaume Grosso,\u00a0 <a href=\"https:\/\/www.lesechos.fr\/idees-debats\/cercle\/opinion-une-pandemie-peut-en-cacher-une-autre-1207588\">(2 juin 2020).<\/a><\/p>\n<hr \/>\n<p><strong>M\u00e9diapart [TRIBUNE]<\/strong> Grandis berc\u00e9s par des actualit\u00e9s alarmantes, de l\u2019acc\u00e9l\u00e9ration du changement climatique \u00e0 l\u2019accroissement des in\u00e9galit\u00e9s, en passant par la mont\u00e9e des populismes, les jeunes Ambassadeurs et Ambassadrices de ONE demandent une remise en question g\u00e9n\u00e9rale du monde dans lequel ils vieilliront. <a href=\"https:\/\/blogs.mediapart.fr\/one-france\/blog\/200520\/le-monde-dapres-vu-par-les-jeunes-ambassadeurs-et-ambassadrices-de-one\">(20 mai 2020).<\/a><\/p>\n<hr \/>\n<p><strong>Monaco Hebdo [ARTICLE] <\/strong>En moyenne, quand un traitement est trouv\u00e9 pour une maladie, il faut au moins sept ans de plus avant qu\u2019il arrive dans les pays les plus pauvres. Cela n\u2019est plus acceptable. Il faut absolument revoir ces r\u00e8gles pour que le vaccin contre le Covid-19 soit un bien public mondial. Najat Vallaud-Belkacem,\u00a0 <a href=\"https:\/\/www.monacohebdo.mc\/actualites\/international\/interview-najat-vallaud-belkacem-covid19\/\">(18 mai 2020).<\/a><\/p>\n<hr \/>\n<p><strong>We Demain [TRIBUNE]<\/strong> En cette semaine mondiale de la vaccination, les jeunes Ambassadeurs et Ambassadrices de ONE s\u2019adressent au Pr\u00e9sident de la R\u00e9publique qui repr\u00e9sentera la France lors de la conf\u00e9rence de lev\u00e9e de fonds organis\u00e9e le 4 mai par l\u2019Union europ\u00e9enne. Les jeunes activistes attendent du Gouvernement fran\u00e7ais une contribution ambitieuse pour assurer l\u2019\u00e9radication du Covid-19. <a href=\"https:\/\/www.wedemain.fr\/dechiffrer\/lettre-au-president-pour-une-aide-a-la-vaccination-des-pays-pauvres_a4680-html\/\">(30 avril 2020).<\/a><\/p>\n<hr \/>\n<p><strong>L\u2019Obs [TRIBUNE]<\/strong> Trente pays en Afrique subsaharienne d\u00e9pensent plus pour le remboursement de leur dette que pour les soins de sant\u00e9. ONE appelle une suspension accompagn\u00e9e d\u2019une restructuration de la dette avec pour objectif l\u2019annulation de ce poids <em>\u00ab insoutenable \u00bb.\u00a0<\/em>Najat Vallaud-Belkacem, <a href=\"https:\/\/www.nouvelobs.com\/coronavirus-de-wuhan\/20200418.OBS27689\/najat-vallaud-belkacem-suspendre-les-dettes-des-pays-les-plus-pauvres-n-est-pas-suffisant.html\">(18 avril 2020).<\/a><\/p>\n<hr \/>\n<p><strong>Jeune Afrique [ARTICLE] <\/strong>Les milieux scientifiques et de la recherche font preuve pour la plupart d\u2019une coop\u00e9ration internationale hors pair. C\u2019est au niveau politique que le manque de coop\u00e9ration internationale risque d\u2019avoir les cons\u00e9quences les plus d\u00e9sastreuses. On regrette d\u00e9j\u00e0 la comp\u00e9tition que se sont livr\u00e9s certains pays pour se d\u00e9rober de masques et autres outils prot\u00e9geant du Covid-19. Najat Vallaud-Belkacem,\u00a0\u00a0<a href=\"https:\/\/www.jeuneafrique.com\/927009\/politique\/najat-vallaud-belkacem-il-faut-donner-au-futur-vaccin-contre-le-coronavirus-le-statut-de-bien-public-mondial\/\">(14 avril 2020).<\/a><\/p>\n<hr \/>\n<p><strong>Lib\u00e9ration [ARTICLE]<\/strong>\u00a0 La croissance du PIB en Afrique serait fortement r\u00e9duite \u00e0 cause de la pand\u00e9mie du Covid-19. Il y a donc urgence \u00e0 d\u00e9bloquer des fonds, le plus vite possible, pour construire un rempart sanitaire face \u00e0 l\u2019\u00e9pid\u00e9mie. Puis, dans un second temps, pour aider les Etats \u00e0 surmonter le s\u00e9isme \u00e9conomique qui s\u2019annonce.<a href=\"https:\/\/www.liberation.fr\/planete\/2020\/04\/13\/covid-19-en-afrique-la-solidarite-recyclee-de-la-france-et-de-l-ue_1784913\/\">(13 avril 2020).<\/a><\/p>\n<hr \/>\n<p><strong>Huffington Post [ARTICLE]<\/strong> La seule r\u00e9ponse qui ait jamais d\u00e9montr\u00e9 son efficacit\u00e9 consiste \u00e0 faire cause commune pour prot\u00e9ger la sant\u00e9 de tous partout dans le monde. La pand\u00e9mie ne conna\u00eet pas de fronti\u00e8re, les dirigeants de la plan\u00e8te doivent urgemment s\u2019allier pour assurer une r\u00e9ponse mondiale. Najat Vallaud-Belkacem\u00a0 <a href=\"https:\/\/www.huffingtonpost.fr\/entry\/coronavirus-a-la-tete-dune-ong-najat-vallaud-belkacem-demande-un-plan-mondial_fr_5e8c746bc5b6e1d10a69f4f6\">(7 avril 2020)<\/a>.<\/p>\n<hr \/>\n<p><strong>La Presse de la Manche [ARTICLE]<\/strong> Ingrid Hardouin a \u00e9t\u00e9 s\u00e9l\u00e9ctionn\u00e9e par ONE et rejoint un groupe de 50 jeunes Ambassadeurs et Ambassadrices de ONE. Sa toute premi\u00e8re mission: appeler la France \u00e0 soutenir la vaccination des enfants dans les pays pauvres. <a href=\"https:\/\/actu.fr\/societe\/manche-ingrid-milite-dans-long-one-cotes-bono_32810287.html\">(7 avril 2020).<\/a><\/p>\n<hr \/>\n<p><strong>Le Monde [TRIBUNE]<\/strong> Parce qu\u2019une pand\u00e9mie exige une r\u00e9ponse mondiale, ONE lance une campagne appelant les gouvernements et de les entreprises \u00e0 soutenir un plan de lutte contre le Covid-19 \u00e0 l\u2019\u00e9chelle internationale. Najat Vallaud-Belkacem,\u00a0 <a href=\"https:\/\/www.lemonde.fr\/idees\/article\/2020\/04\/07\/najat-vallaud-belkacem-a-pandemie-mondiale-reponse-mondiale_6035818_3232.html\">(7 avril 2020).<\/a><\/p>\n<hr \/>\n<p><strong>\u00a0Le Parisien [ARTICLE]<\/strong> Ang\u00e9lique Girault endosse un nouveau r\u00f4le: celui de jeune Ambassadrice de l\u2019ONG ONE. Fortement engag\u00e9e, elle devient porte-parole de campagnes de sensibilisation \u00e0 l\u2019extr\u00eame pauvret\u00e9 et aux maladies \u00e9vitables dans le monde. <a href=\"https:\/\/www.leparisien.fr\/hauts-de-seine-92\/levallois-perret-angelique-ambassadrice-de-la-lutte-contre-l-extreme-pauvrete-12-03-2020-8278299.php?ts=1641575507379\">(12 mars 2020).<\/a><\/p>\n<hr \/>\n<p><strong>L\u2019Union [ARTICLE]<\/strong>\u00a0 Romane Mika fait partie des 50 jeunes ayant \u00e9t\u00e9 s\u00e9lectionn\u00e9s par ONE. Elle est jeune Ambassadrice pour la troisi\u00e8me ann\u00e9e cons\u00e9cutive. Pendant un an, elle ira \u00e0 la rencontre des \u00e9lus et des citoyens de sa r\u00e9gion pour les convaincre d\u2019agir \u00e0 ses c\u00f4t\u00e9s contre les in\u00e9galit\u00e9s mondiales.<a href=\"https:\/\/www.lunion.fr\/id137600\/article\/2020-03-10\/une-remoise-devient-jeune-ambassadrice-de-one-lassociation-fondee-par-bono-de-u2\">(10 mars 2020).<\/a><\/p>\n<hr \/>\n<p><strong>France info [ARTICLE]\u00a0<\/strong> Ang\u00e9lique Girault a \u00e9t\u00e9 s\u00e9lectionn\u00e9e parmi des centaines de candidatures pour devenir ambassadrice de ONE. Elle s\u2019engage \u00e0 devenir, pour un an, une repr\u00e9sentante d\u2019une g\u00e9n\u00e9ration qui se mobilise pour lutter contre l\u2019extr\u00eame pauvret\u00e9 et les in\u00e9galit\u00e9s mondiales. <a href=\"https:\/\/france3-regions.francetvinfo.fr\/centre-val-de-loire\/indre-loire\/montlouis-loire\/jeune-tourangelle-s-engage-contre-extreme-pauvrete-ong-one-1795007.html\">\u00a0(4 mars 2020)<\/a>.<\/p>\n<hr \/>\n<p><strong>Rue 89 Bordeaux [ARTICLE] <\/strong>Maya Pargade-Klitzke fait partie des 50 jeunes Ambassadeurs de ONE. Au sein de sa ville, son \u00e9cole, lors de festivals culturels, sur les r\u00e9seaux sociaux, et m\u00eame \u00e0 l\u2019Assembl\u00e9e nationale ou au Parlement europ\u00e9en, la jeune ambassadrice portera les valeurs de l\u2019organisation pour sensibiliser aux in\u00e9galit\u00e9s mondiales. <a href=\"https:\/\/rue89bordeaux.com\/2020\/03\/une-bordelaise-contre-lextreme-pauvrete-avec-one-long-cofondee-par-bono\/\">(4 mars 2020)<\/a>.<\/p>\n<p><strong>L\u2019Obs [TRIBUNE]<\/strong><\/p>\n<p>A l\u2019occasion de l\u2019examen du projet de constitutionnalisation de l\u2019IVG \u00e0 l\u2019Assembl\u00e9e Nationale, Najat Vallaud-Belkacem, directrice de ONE France, fait le point sur les diff\u00e9rentes menaces qui plane sur le droit \u00e0 l\u2019avortement dans le monde. <a href=\"https:\/\/www.nouvelobs.com\/opinions\/20221123.OBS66264\/najat-vallaud-belkacem-une-femme-meurt-toutes-les-neuf-minutes-d-un-avortement-non-securise.html\">(23 novembre 2022)<\/a><\/p>\n<p><strong>Agence Ivoirienne de Presse [ARTICLE]<\/strong><\/p>\n<p>L\u2019Agence Ivoirienne de Presse relaie notre plaidoyer pour des politiques industrielles qui stimulent les investissements dans les secteurs comp\u00e9titifs ainsi que pour des droits de douanes all\u00e9g\u00e9s, afin de stimuler les importations de mat\u00e9riels industriels.\u00a0 <a href=\"https:\/\/www.aip.ci\/cote-divoire-aip-long-one-campaign-plaide-pour-des-actions-politiques-dans-lexploitation-du-potentiel-des-jeunes-en-afrique\/\">(23 novembre 2022)<\/a><\/p>\n<p><strong>Le Club de Mediapart [TRIBUNE]<\/strong><\/p>\n<p>Neuf associations, parmi lesquelles ONE, soulignent l\u2019\u00e9cart criant entre les ambitions qu\u2019a affich\u00e9 fi\u00e8rement Emmanuel Macron durant la crise du Covid-19 et le niveau des investissements fran\u00e7ais dans la sant\u00e9 mondiale. <a href=\"https:\/\/blogs.mediapart.fr\/action-sante-mondiale\/blog\/171122\/la-france-grille-la-priorite-la-sante-mondiale\">(17 novembre 2022)<\/a><\/p>\n<p><strong>Euractiv [INTERVIEW]<\/strong><br \/>\nGayle Smith, Pr\u00e9sidente Directrice G\u00e9n\u00e9rale de ONE, revient sur les d\u00e9fis que le monde connait et les menaces qui p\u00e8sent toujours en mati\u00e8re de sant\u00e9 mondiale, r\u00e9chauffement climatique, crise \u00e9conomique.<a href=\"https:\/\/www.euractiv.fr\/section\/affaires-publiques\/news\/cest-un-moment-tres-difficile-pour-les-gouvernements-europeens-selon-gayle-smith\/\">(16 novembre 2022)<\/a><\/p>\n<hr \/>\n<p><strong>L\u2019Obs [TRIBUNE]<\/strong><br \/>\nNajat Vallaud-Belkacem, Directrice France de ONE, met un coup de projecteur sur les pratiques nocives de grandes multinationales implant\u00e9es en Afrique et sur leurs cons\u00e9quences sur les populations du continent.<a href=\"https:\/\/www.nouvelobs.com\/opinions\/20221112.OBS65818\/boyard-hanouna-derriere-la-polemique-le-debat-confisque.html\">\u00a0(13 novembre 2022)<\/a><\/p>\n<hr \/>\n<p><strong>\u00a0Le Grand Continent\u00a0 [INTERVIEW]<\/strong><br \/>\nGayle Smith parle de la guerre en Ukraine et de son impact sur les in\u00e9galit\u00e9s mondiales. <a href=\"https:\/\/legrandcontinent.eu\/fr\/2022\/10\/24\/il-faudra-shabituer-a-gerer-plusieurs-crises-a-la-fois-une-conversation-avec-gayle-smith\/\">(24 octobre 2022)<\/a><\/p>\n<hr \/>\n<p><strong>[INTERVIEW]<\/strong><br \/>\nRomane Mika et David Indahy se battent contre l\u2019extr\u00eame pauvret\u00e9, en tant que jeunes Ambassadeurs de ONE. L\u2019Union <a href=\"https:\/\/www.lunion.fr\/id419263\/article\/2022-10-20\/reims-ils-sont-jeunes-et-combattent-contre-lextreme-pauvrete-dans-le-monde\">(23 octobre 2022)<\/a><\/p>\n<hr \/>\n<p><strong>\u00a0Jeune Afrique [INTERVIEW]<\/strong><br \/>\nGayle Smith \u00e9voque la convergence des crises et son impact sur le continent africain. Jeune Afriqu <a href=\"https:\/\/www.jeuneafrique.com\/1384612\/politique\/gayle-smith-en-afrique-les-etats-unis-nont-pas-pour-seul-objectif-de-contrer-la-chine-et-la-russie\/\">(22 octobre 2022)<\/a><\/p>\n<hr \/>\n<p><strong>La Marne [INTERVIEW]<\/strong><br \/>\nCassandra Kedi parle de son engagement au sein de ONE et des missions qu\u2019elle a pu exercer.\u00a0 <a href=\"https:\/\/actu.fr\/ile-de-france\/mitry-mory_77294\/mitr-mory-elle-raconte-ses-missions-de-jeune-ambassadricede-long-one_54698513.html\">(20 octobre 2022)<\/a><\/p>\n<hr \/>\n<p><strong>Ouest France [INTERVIEW]<\/strong><br \/>\nMathilde Naud \u00e9voque son parcours et son engagement en tant que jeune Ambassadrice au sein de ONE.\u00a0 <a href=\"https:\/\/www.ouest-france.fr\/bretagne\/rennes-35000\/rennes-mathilde-va-devenir-ambassadrice-de-one-l-organisation-du-chanteur-bono-a6c837fc-40c3-11ed-89be-3116781a5058#:~:text=Rennes.-,Mathilde%20va%20devenir%20ambassadrice%20de%20One%2C%20l%27organisation%20du%20chanteur,du%20chanteur%20de%20U2%2C%20Bono.\">(17 octobre 2022)<\/a><\/p>\n<hr \/>\n<p><strong>L\u2019Obs [TRIBUNE]<\/strong><br \/>\nNajat Vallaud-Belkacem revient sur les derniers chiffres de l\u2019extr\u00eame pauvret\u00e9 publi\u00e9s par la Banque mondiale et ses cons\u00e9quences sur les populations vuln\u00e9rables. <a href=\"https:\/\/www.nouvelobs.com\/tribunes\/20221014.OBS64594\/najat-vallaud-belkacem-pres-d-une-personne-sur-10-dans-le-monde-survit-avec-moins-de-2-15-dollars-par-jour.html\">(14 octobre 2022)<\/a><\/p>\n<hr \/>\n<p><strong>Causette [TRIBUNE]<\/strong><br \/>\nNajat Vallaud-Belkacem, Directrice France de ONE, plaide avec plus de 100 personnalit\u00e9s pour une vraie journ\u00e9e de mobilisation pour les droits des filles. <a href=\"https:\/\/www.causette.fr\/feminismes\/combats\/tribune-plus-de-100-personnalites-reclament-une-vraie-journee-de-mobilisation-pour-les-droits-des-filles-10-ans-apres-sa-creation\">(10 octobre 2022)<\/a><\/p>\n<hr \/>\n<p><strong>Guyane Premi\u00e8re [INTERVIEW]<\/strong><br \/>\nArnaud Bordes, jeune Ambassadeur de ONE, \u00e9voque sa rencontre avec le d\u00e9put\u00e9 de sa circonscription pour \u00e9changer au sujet d\u2019augmentation de la loi sur l\u2019aide publique au d\u00e9veloppement. <a href=\"https:\/\/la1ere.francetvinfo.fr\/guyane\/ambassadeur-de-l-ong-one-le-guyanais-arnaud-bordes-poursuit-ses-actions-de-levee-de-fonds-en-faveur-des-pays-desherites-1327556.html\">(4 octobre 2022)<\/a><\/p>\n<hr \/>\n<p><strong>Le Monde [ARTICLE]<\/strong><br \/>\nONE s\u2019exprime sur le vote du budget 2023 qui concerne l\u2019aide publique au d\u00e9veloppement, en lien avec la crise ukrainienne et les probl\u00e9matiques qu\u2019elle soul\u00e8ve. <a href=\"https:\/\/www.lemonde.fr\/economie\/article\/2022\/09\/30\/avec-la-multiplication-des-crises-humanitaires-l-aide-internationale-fait-face-a-des-besoins-immenses_6143807_3234.html\">\u00a0(30 septembre 2022)<\/a><\/p>\n<hr \/>\n<p><strong>Desk Eco [ARTICLE]<\/strong><br \/>\nGayle Smith, Pr\u00e9sidente de ONE, est intervenue lors du Forum Public 2022 de l\u2019Organisation mondiale du Commerce \u00e0 Gen\u00e8ve, le 28 septembre 2022.\u00a0 <a href=\"https:\/\/www.deskeco.com\/2022\/09\/29\/forum-public-2022-de-lomc-des-experts-encouragent-lutilisation-de-la-technologie-pour-favoriser-une\">(29 septembre 2022)<\/a><\/p>\n<hr \/>\n<p><strong>Euractiv [ARTICLE]<\/strong><br \/>\nONE r\u00e9agit \u00e0 la contribution fran\u00e7aise lors de la 7\u00e8me reconstitution du Fonds mondial contre le sida, la tuberculose et le paludisme, qui s\u2019est d\u00e9roul\u00e9 \u00e0 New York le 21 septembre. <a href=\"https:\/\/www.euractiv.fr\/section\/sante-modes-de-vie\/news\/lue-alloue-la-somme-record-de-715-millions-deuros-a-la-lutte-contre-le-sida-la-tuberculose-et-le-paludisme\/\">(22 septembre 2022)<\/a><\/p>\n<hr \/>\n<p><strong>Euractiv [INTERVIEW]<\/strong><br \/>\nNajat Vallaud-Belkacem s\u2019exprime sur la n\u00e9cessit\u00e9 d\u2019une augmentation de la contribution de la France, en amont du Fonds mondial et insiste sur le lien entre lutte contre les maladies \u00e9vitables et extr\u00eame pauvret\u00e9. <a href=\"https:\/\/www.euractiv.fr\/section\/sante-modes-de-vie\/interview\/taxer-les-ultra-riches-pour-financer-la-sante-mondiale-selon-najat-vallaud-belkacem\/\">(21 septembre 2022)<\/a><\/p>\n<hr \/>\n<p><strong>L\u2019Obs [TRIBUNE]<\/strong><br \/>\nNajat Vallaud-Belkacem pointe les difficult\u00e9s rencontr\u00e9es par les pays les plus vuln\u00e9rables, \u00e0 l\u2019heure o\u00f9 le dernier rapport du PNUD montre un net recul du niveau de vie mondial.<a href=\"https:\/\/www.nouvelobs.com\/monde\/20220916.OBS63276\/najat-vallaud-belkacem-alerte-le-niveau-de-vie-mondial-recule-pour-le-premiere-fois-depuis-trente-ans.html\">\u00a0(16 septembre 2022)<\/a><\/p>\n<hr \/>\n<p><strong>Influencia [ARTICLE]<\/strong><br \/>\nInfluencia pr\u00e9sente la nouvelle campagne de communication de ONE, interpellant le gouvernement fran\u00e7ais \u00e0 quelques jours de la 7\u00e8me reconstitution du Fonds mondial contre le sida, la tuberculose et le paludisme. <a href=\"https:\/\/www.influencia.net\/il-ne-manque-quune-signature-pour-sauver-20-millions-de-vies-celle-de-la-france\/\">(14 septembre 2022)<\/a><\/p>\n<hr \/>\n<p><strong>CB News [ARTICLE]<\/strong><br \/>\nAlors que le Fonds mondial de lutte contre le sida, la tuberculose et le paludisme organise sa septi\u00e8me reconstitution, ONE exhorte la France \u00e0 augmenter sa participation financi\u00e8re de 30% pour faire face \u00e0 ces trois maladies mortelles. <a href=\"https:\/\/www.cbnews.fr\/marques\/image-juste-signature-one-avec-ok-c-est-cool-71357\">(14 septembre 2022)<\/a><\/p>\n<hr \/>\n<p><strong>Strat\u00e9gies [ARTICLE]<\/strong><br \/>\nONE interpelle le Pr\u00e9sident Macron par une nouvelle vid\u00e9o choc sur les ravages caus\u00e9s par le VIH, la tuberculose et le paludisme au sein des pays les plus vuln\u00e9rables. <a href=\"https:\/\/www.strategies.fr\/creations\/campagnes\/LQ934108C\/ok-c-est-cool-pour-l-ong-one-il-ne-manque-quune-signature-pour-sauver-20-millions-de-vies-septembre-2022.html\">(14 septembre 2022)<\/a><\/p>\n<p><strong>J\u2019AI UN POTE DANS LA COM [ARTICLE]<\/strong><br \/>\nPour sensibiliser le grand public \u00e0 la n\u00e9cessit\u00e9 d\u2019augmenter la contribution financi\u00e8re de la France \u00e0 la reconstitution du Fonds mondial, ONE a projet\u00e9 un court film dans les rues de Paris<a href=\"https:\/\/jai-un-pote-dans-la.com\/ong-one-projette-murs-parisiens-campagne-sensibilisation\/\">(13 septembre 2022)<\/a><\/p>\n<hr \/>\n<p><strong>Causette [INTERVIEW]<\/strong><br \/>\nNajat Vallaud-Belkacem revient sur les in\u00e9galit\u00e9s qui touchent toujours les communaut\u00e9s les plus vuln\u00e9rables, partout dans le monde.<a href=\"https:\/\/www.causette.fr\/feminismes\/combats\/najat-vallaud-belkacem-les-inegalites-de-genre-amputent-le-pib-mondial-de-15\">(14 septembre 2022)<\/a><\/p>\n<hr \/>\n<p><strong>L\u2019OBS [TRIBUNE]<\/strong><br \/>\nAlors que le Fonds mondial de lutte contre le sida, la tuberculose et le paludisme organise sa septi\u00e8me reconstitution, Najat Vallaud-Belkacem encourage les pays les plus riches, dont la France, contributrice historique, \u00e0 augmenter leur participation financi\u00e8re de 30%.<a href=\"https:\/\/www.nouvelobs.com\/opinions\/20220906.OBS62814\/najat-vallaud-belkacem-l-avenir-de-la-lutte-contre-le-sida-se-joue-le-19-septembre.html?utm_term=Autofeed&amp;utm_medium=Social&amp;utm_source=Twitter#Echobox=1662453455\">\u00a0(6 septembre2022)<\/a><\/p>\n<hr \/>\n<p><strong>50-50 Magazine [INTERVIEW]<\/strong><br \/>\nNajat Vallaud-Belkacem explique les raisons d\u2019une in\u00e9galit\u00e9 de genre au sein des populations touch\u00e9es par l\u2019extr\u00eame pauvret\u00e9. <a href=\"https:\/\/www.50-50magazine.fr\/2022\/08\/01\/najat-vallaud-belkacem-la-pauvrete-est-sexiste-2\/\">\u00a0(1er ao\u00fbt 2022)<\/a><\/p>\n<hr \/>\n<p><strong>Le JDD [TRIBUNE]<\/strong><br \/>\nAvant la 7\u00e8me reconstitution pour le Fonds mondial, de nombreuses personnalit\u00e9s appellent la France \u00e0 contribuer \u00e0 sa juste part. <a href=\"https:\/\/www.lejdd.fr\/Societe\/il-est-urgent-dagir-contre-le-vihsida-la-tuberculose-et-le-paludisme-lappel-de-pres-de-200-personnalites-4123601\">(18 juillet 2022)<\/a><\/p>\n<hr \/>\n<p><strong>[TRIBUNE]<\/strong><br \/>\nAlors que la France fait face \u00e0 une vague de chaleur sans pr\u00e9c\u00e9dent qui se traduit par de nombreux feux, l\u2019Europe doit s\u2019affranchir des anciens textes, tel le Trait\u00e9 sur la charte de l\u2019\u00e9nergie afin de mettre en place de r\u00e9elles politiques climatiques. L\u2019OBS (18 juillet 2022)<\/p>\n<hr \/>\n<p><strong>L\u2019OBS [TRIBUNE]<\/strong><br \/>\nFace \u00e0 une esp\u00e9rance de vie mondiale qui r\u00e9gresse pour la premi\u00e8re fois, Najat Vallaud-Belkacem alerte les dirigeants du G7 qui se r\u00e9unissent le 26 juin en Allemagne. <a href=\"https:\/\/www.nouvelobs.com\/opinions\/20220624.OBS60109\/najat-vallaud-belkacem-pour-la-premiere-fois-l-esperance-de-vie-mondiale-diminue-le-g7-doit-agir.html\">(24 juin 2022)<\/a><\/p>\n<hr \/>\n<p><strong>Marianne [TRIBUNE]<\/strong><br \/>\nLes jeunes Ambassadeurs et Ambassadrices de ONE en France soulignent la nomination de la secr\u00e9taire d\u2019\u00c9tat charg\u00e9e du d\u00e9veloppement de la francophonie et des partenariats internationaux, et rappelent la n\u00e9cessit\u00e9 pour le gouvernement d\u2019agir comme v\u00e9ritable partenaire du continent africain. <a href=\"https:\/\/www.marianne.net\/agora\/tribunes-libres\/la-france-doit-sengager-en-faveur-de-lafrique-pour-laider-a-affronter-les-defis-qui-lattendent\">(16 juin 2022)<\/a><\/p>\n<hr \/>\n<p><strong>L\u2019OBS [TRIBUNE]<\/strong><br \/>\nAlors que la fin de la pr\u00e9sidence fran\u00e7aise de l\u2019Union Europ\u00e9enne approche, l\u2019objectif d\u2019allouer 100 milliards de Droits de tirage sp\u00e9ciaux (DTS) aux pays les plus pauvres n\u2019est toujours pas atteint. <a href=\"https:\/\/www.nouvelobs.com\/tribunes\/20220604.OBS59286\/najat-vallaud-belkacem-qu-est-devenue-l-aide-covid-a-l-afrique.html\">(4 juin 2022)<\/a><\/p>\n<hr \/>\n<p><strong>L\u2019OBS [TRIBUNE]<\/strong><br \/>\nA la veille du second tour de l\u2019\u00e9lection pr\u00e9sidentielle, Najat Vallaud-Belkacem souligne et d\u00e9crypte les conceptions et propositions lep\u00e9nistes, et ses potentielles cons\u00e9quences sur le pays et \u00e0 l\u2019international. <a href=\"https:\/\/www.nouvelobs.com\/tribunes\/20220419.OBS57336\/le-grand-renoncement-promis-par-marine-le-pen-par-najat-vallaud-belkacem.html\">(19 avril 2022)<\/a><\/p>\n<hr \/>\n<p><strong>L\u2019OBS [TRIBUNE]<\/strong><\/p>\n<p>Deux ans apr\u00e8s le d\u00e9but de la pand\u00e9mie, Najat Vallaud-Belkacem rappelle que la lutte contre la pand\u00e9mie est loin d\u2019\u00eatre termin\u00e9e \u00e0 l\u2019\u00e9chelle mondiale, en d\u00e9pit de l\u2019assouplissement des restrictions actuel. <a href=\"https:\/\/www.nouvelobs.com\/tribunes\/20220408.OBS56829\/najat-vallaud-belkacem-la-lutte-contre-la-pandemie-est-loin-d-etre-finie.html\">(8 avril 2022)<\/a><\/p>\n<hr \/>\n<p><strong>Le Monde [TRIBUNE]<\/strong><br \/>\nNajat Vallaud-Belkacem r\u00e9agit \u00e0 la d\u00e9tresse des jeunes Afghanes, priv\u00e9es d\u2019\u00e9coles par les autorit\u00e9s talibanes le 23 mars 2022, en plaidant pour la fili\u00e8re des technologies \u00e9ducatives.\u00a0 <a href=\"https:\/\/www.lemonde.fr\/idees\/article\/2022\/04\/06\/najat-vallaud-belkacem-pour-un-droit-effectif-a-l-education-des-jeunes-afghans-mobilisons-la-filiere-des-technologies-educatives_6120842_3232.html\">(6 avril 2022)<\/a><\/p>\n<hr \/>\n<p><strong>Lib\u00e9ration [TRIBUNE]<\/strong><\/p>\n<p class=\"article_link\">Les crises majeures qui s\u2019encha\u00eenent \u00e0 l\u2019\u00e9chelle globale depuis une d\u00e9cennie sont d\u2019une telle ampleur que le quotidien de chacun en a \u00e9t\u00e9 \u00e9branl\u00e9, et que notre perception de la r\u00e9alit\u00e9 en est aujourd\u2019hui profond\u00e9ment chang\u00e9e, tout comme notre compr\u00e9hension du monde, notre fa\u00e7on de voir l\u2019avenir. Najat Vallaud-Belkacem. <a href=\"https:\/\/www.liberation.fr\/forums\/europeens-encore-un-effort-pour-etre-terriens-20220318_6DNEXH3TABE2HL5LNPNDV4E4OY\/?redirected=1\">(18 mars 2022)<\/a><\/p>\n<hr \/>\n<p><strong>L\u2019Obs [TRIBUNE]<\/strong><\/p>\n<p>D\u00e9j\u00e0 fragilis\u00e9s depuis deux ans par la pand\u00e9mie dont ils ne sont toujours pas relev\u00e9s, et par les retards et les rat\u00e9s de la campagne mondiale de vaccination, les pays les plus vuln\u00e9rables, au premier rang desquels ceux d\u2019Afrique, vont en effet payer le prix fort de la guerre en Ukraine. Najat Vallaud-Belkacem.<a href=\"https:\/\/www.nouvelobs.com\/tribunes\/20220318.OBS55865\/najat-vallaud-belkacem-l-afrique-va-payer-le-prix-fort-de-la-guerre-en-ukraine.html#modal-msg\">\u00a0(18 mars 2022)<\/a><\/p>\n<hr \/>\n<p><strong>La Voix du Nord [ARTICLE]<\/strong><br \/>\nManon Bendaoudia, 25 ans, jeune ambassadrice chez ONE, confie son engagement profond pour lutter contre la pauvret\u00e9 et les discriminations en tout genre.\u00a0 <a href=\"https:\/\/www.lavoixdunord.fr\/1151922\/article\/2022-03-13\/lille-manon-bendaoudia-militante-lilloise-contre-l-extreme-pauvrete\">(15 mars 2022)<\/a><\/p>\n<hr \/>\n<p><strong>Lib\u00e9ration [ARTICLE]<\/strong><\/p>\n<p>Quelles mesures pour mettre un terme \u00e0 l\u2019extr\u00eame pauvret\u00e9 ?L\u2019ONG ONE a tent\u00e9 d\u2019y r\u00e9pondre en lan\u00e7ant une convention citoyenne aupr\u00e8s de 24 000 personnes. <a href=\"https:\/\/www.liberation.fr\/forums\/mettre-fin-a-lextreme-pauvrete-les-citoyens-esquissent-des-solutions-20220311_WRCA5LCEKVBJLI3F733T5LVCCU\/\">(11 mars 2022)<\/a><\/p>\n<hr \/>\n<p><strong>L\u2019Obs [TRIBUNE]<\/strong><\/p>\n<p class=\"article-page__chapo\">Le retour de la guerre en Europe suscite naturellement la peur et donne le vertige. Elle conduit l\u00e9gitimement, comme lors de toute crise majeure, \u00e0 la solidarit\u00e9 et \u00e0 l\u2019unit\u00e9 nationale derri\u00e8re nos dirigeants. Difficile d\u00e8s lors d\u2019imaginer que l\u2019\u00e9lection pr\u00e9sidentielle qui structure notre vie d\u00e9mocratique aura lieu dans \u00e0 peine 30 jours. Najat Vallaud-Belkacem.\u00a0<a href=\"https:\/\/www.nouvelobs.com\/tribunes\/20220307.OBS55386\/najat-vallaud-belkacem-ne-renoncons-pas-au-debat-democratique.html#\">(7 mars 2022)<\/a><\/p>\n<hr \/>\n<p><strong> L\u2019Eclaireur de Ch\u00e2teaubriant [ARTICLE] <\/strong>Mathilde Naud a d\u00e9cid\u00e9 de s\u2019engager aupr\u00e8s de ONE afin d\u2019avoir un impact r\u00e9el et concret dans le monde et pour d\u00e9fendre un monde plus juste. <a href=\"https:\/\/actu.fr\/pays-de-la-loire\/chateaubriant_44036\/chateaubriant-mathilde-sengage-dans-la-lutte-contre-lextreme-pauvrete-dans-le-monde_49196963.html\">(5 mars 2022).<\/a><\/p>\n<hr \/>\n<p><strong>Oxfam [ARTICLE]<\/strong><br \/>\nL\u2019ONG ONE, \u00e0 l\u2019aide d\u2019autres associations f\u00e9ministes, m\u00e8ne une \u00e9tude qui dresse un bilan bien maigre des mesures f\u00e9ministes adopt\u00e9es lors du quinquennat d\u2019Emmanuel Macron. <a href=\"https:\/\/www.oxfamfrance.org\/rapports\/egalite-femmes-hommes-grande-cause-petit-bilan\/\">(3 mars 2022)<\/a><\/p>\n<hr \/>\n<p><strong>Le Midi Libre [ARTICLE] <\/strong>Pour Ana\u00efs Ossombo, l\u2019\u00e9galit\u00e9 est une valeur et c\u2019est ce qui a conduit \u00e0 son engagement aupr\u00e8s de ONE, afin de viser un monde plus juste. Se souvenant de l\u2019action men\u00e9e par ONE \u00e0 l\u2019aube de la pr\u00e9sidentielle 2017, elle souhaite, \u00e0 son tour, parvenir \u00e0 convaincre les candidats et candidates \u00e0 l\u2019\u00e9lection 2022 de se tourner vers le sujet de la solidarit\u00e9 internationale.\u00a0 <a href=\"https:\/\/www.bienpublic.com\/social\/2022\/02\/25\/deux-dijonnais-s-engagent-dans-la-lutte-contre-l-extreme-pauvrete\">(28 f\u00e9vrier 2022).<\/a><\/p>\n<hr \/>\n<p><strong>France TV \u2013 Guyane 1. [ARTICLE] <\/strong>Arnaud Bordes est jeune Ambassadeur de l\u2019ONG ONE. Oppos\u00e9 au d\u00e9terminisme, il souhaite s\u2019engager pour que tout le monde, partout sur la plan\u00e8te, ait la possibilit\u00e9 d\u2019une vie digne, remplie de possibles. Lass\u00e9 de voir des populations vivre dans l\u2019extr\u00eame pauvret\u00e9, il veut obtenir des engagements concrets des candidats \u00e0 la pr\u00e9sidentielle fran\u00e7aise, afin de mettre fin \u00e0 cette tendance. <a href=\"https:\/\/la1ere.francetvinfo.fr\/guyane\/le-guyanais-arnaud-bordes-engage-contre-l-extreme-pauvrete-nomme-ambassadeur-jeune-pour-l-ong-one-1240825.html\">(25 f\u00e9vrier 2022)<\/a>.<\/p>\n<hr \/>\n<p><strong>Le Bien Public [ARTICLE] <\/strong>Guillaume Girault et Arnaud Bordes sont des \u201cGlobal Activists\u201d. Pendant un an, il porteront les valeurs et missions de ONE dans l\u2019espace public, politique et m\u00e9diatique pour sensibiliser les citoyens et leaders politiques aux in\u00e9galit\u00e9s mondiales, exacerb\u00e9es par la pand\u00e9mie et le changement climatique.\u00a0 <a href=\"https:\/\/www.bienpublic.com\/social\/2022\/02\/25\/deux-dijonnais-s-engagent-dans-la-lutte-contre-l-extreme-pauvrete\">(25 f\u00e9vrier 2022).<\/a><\/p>\n<hr \/>\n<p><strong>Ouest France [ARTICLE] <\/strong>Mathilde Naud, jeune Ambassadrice de ONE, se mobilise pour r\u00e9duire les in\u00e9galit\u00e9s mondiales, l\u2019acc\u00e8s in\u00e9quitable aux vaccins et l\u2019extr\u00eame pauvret\u00e9 dans le monde. Comment s\u2019y prend-elle? Via des campagnes de mobilisation citoyenne, des actions de sensibilisation sur les r\u00e9seaux sociaux, et des mails et des courriers adress\u00e9s aux acteurs politiques.\u00a0 <a href=\"https:\/\/www.ouest-france.fr\/pays-de-la-loire\/chateaubriant-44110\/chateaubriant-a-22-ans-elle-fait-campagne-contre-l-extreme-pauvrete-dans-le-monde-ea63d956-9558-11ec-a598-cbc0ff532848\">(25 f\u00e9vrier 2022)<\/a>.<\/p>\n<hr \/>\n<p><strong>L\u2019Est R\u00e9publicain [ARTICLE] <\/strong>\u00c9lise Liotard, Arya Billon et Paula Druschke, sont des jeunes Ambassadrices de ONE. Fortement engag\u00e9es, les trois jeunes \u00e9tudiantes discutent de solidarit\u00e9 et coop\u00e9ration internationale avec le grand public et les d\u00e9cideurs politiques. Elles se battent pour garantir une vie d\u00e9cente aux plus d\u00e9munis.\u00a0<a href=\"https:\/\/www.estrepublicain.fr\/education\/2022\/02\/22\/trois-etudiantes-deviennent-ambassadrices-de-l-ong-one\">(22 f\u00e9vrier 2022).<\/a><\/p>\n<hr \/>\n<p><strong>Ouest France [ARTICLE] <\/strong>Maylis Lepinette et Clara No\u00ebl-Hou\u00e9d\u00e9 font partie des 74 jeunes Ambassadeurs et Ambassadrices de ONE sur l\u2019ensemble du territoire national. Au cours de cette ann\u00e9e d\u2019\u00e9lections pr\u00e9sidentielles et l\u00e9gislatives, elles auront le r\u00f4le d\u2019influencer les candidats et futures acteurs politiques dans le but de r\u00e9duire l\u2019extr\u00eame pauvret\u00e9 dans le monde. \u00a0<a href=\"https:\/\/www.ouest-france.fr\/bretagne\/saint-malo-35400\/saint-malo-clara-et-maylis-ambassadrices-contre-la-pauvrete-08af9a8e-90be-11ec-bcbd-1dcb07d3bd37\">(21 f\u00e9vrier 2022)<\/a><\/p>\n<hr \/>\n<p><strong>La Croix [ARTICLE] \u00ab <\/strong>La dette africaine est d\u00e9tenue pour un tiers par des acteurs publics, pour un tiers par des acteurs priv\u00e9s et pour un tiers par des banques publiques de d\u00e9veloppement. Les acteurs priv\u00e9s attendent souvent de fa\u00e7on cynique qu\u2019une part de la dette publique soit annul\u00e9e, de fa\u00e7on que les marges de man\u0153uvre budg\u00e9taires ainsi d\u00e9gag\u00e9es leur permettent d\u2019\u00eatre rembours\u00e9s \u00bb. Ma\u00e9 Kurkjian,\u00a0 <a href=\"https:\/\/www.la-croix.com\/Economie\/creanciers-prives-compliquent-reglement-dette-africaine-2022-02-18-1201201085\">(18 f\u00e9vrier 2022).<\/a><a href=\"https:\/\/www.la-croix.com\/Economie\/creanciers-prives-compliquent-reglement-dette-africaine-2022-02-18-1201201085\"><br \/>\n<\/a><\/p>\n<hr \/>\n<p><strong>Outremers 360\u00b0 [ARTICLE] <\/strong>Arnaud Bordes rejoint le programme \u00ab jeune Ambassadeur \u00bb de ONE afin de porter encore plus haut, encore plus fort les combats capitaux qui sont l\u2019extr\u00eame pauvret\u00e9 et la lutte contre les maladies \u00e9vitables dans les pays les plus pauvres. \u00a0<a href=\"https:\/\/outremers360.com\/bassin-atlantique-appli\/le-guyanais-arnaud-bordes-devient-jeune-ambassadeur-de-one-organisation-cofondee-par-le-chanteur-bono-qui-lutte-contre-lextreme-pauvrete\">(18 f\u00e9vrier 2022)<\/a>.<\/p>\n<hr \/>\n<p><strong>Euractiv [ARTICLE] <\/strong>L\u2019enjeu principal du sommet UE-UA sur le plan sanitaire est de poser les bases d\u2019une lutte efficace pour les futures crises sanitaires. \u00abTant que les pays africains ne pourront pas produire leurs propres vaccins, ils seront toujours \u00e0 la tra\u00eene. Or, ce continent ne devrait pas avoir \u00e0 d\u00e9pendre des autres pour sa propre s\u00e9curit\u00e9 sanitaire \u00bb. Najat Vallaud-Belkacem,\u00a0<a href=\"https:\/\/www.euractiv.fr\/section\/sante-modes-de-vie\/news\/sommet-ue-afrique-poser-les-bases-dune-lutte-efficace-pour-lapres-covid\/\">(17 f\u00e9vrier 2022)<\/a>.<\/p>\n<hr \/>\n<p><strong>France 24 [ARTICLE] <\/strong>ONE d\u00e9nonce le blocage de l\u2019UE sur la lev\u00e9e des brevets, y compris au sein de l\u2019OMC. \u00ab De nombreuses usines se trouvent en Europe. Nous d\u00e9fendons nos int\u00e9r\u00eats \u00e9conomiques et industriels. Ce qui est en train de se jouer, ce sont les int\u00e9r\u00eats \u00e9conomiques de pays du Nord contre l\u2019acc\u00e8s au soin de pays du Sud \u00bb, Ma\u00e9 Kurkjian, <a href=\"https:\/\/www.france24.com\/fr\/afrique\/20220217-lev%C3%A9e-des-brevets-sur-les-vaccins-anti-covid-la-question-qui-f%C3%A2che-au-sommet-ue-ua\">(17 f\u00e9vrier 2022)<\/a><\/p>\n<hr \/>\n<p><strong>L\u2019Obs [TRIBUNE] <\/strong>L\u2019\u00e9go\u00efsme vaccinal de l\u2019Union europ\u00e9enne, qui malgr\u00e9 des taux de vaccination importants continue \u00e0 bloquer des mesures cl\u00e9s qui permettraient de faire progresser l\u2019\u00e9quit\u00e9 vaccinale, est \u00e0 ce titre apparu pour ce qu\u2019il est : irrationnel et injuste.\u00a0Sans vaccination des populations des pays vuln\u00e9rables, nous ne pourrons freiner l\u2019apparition de nouveaux variants. Najat Vallaud-Belkacem, <a href=\"https:\/\/www.nouvelobs.com\/afrique\/20220217.OBS54627\/najat-vallaud-belkacem-l-europe-et-l-afrique-enfin-d-egal-a-egal.html\">(17 F\u00e9vrier 2022)<\/a><\/p>\n<hr \/>\n<p><strong>Jeune Afrique [LETTRE OUVERTE] <\/strong>Au lancement du sommet UE-UA, un collectif de jeunes activistes africains et europ\u00e9ens s\u2019adressent aux dirigeants des deux continents.\u00a0Les d\u00e9fis auxquels nous faisons face sont mondiaux par nature. Qu\u2019il s\u2019agisse de la pand\u00e9mie de Covid-19, du d\u00e9r\u00e8glement climatique ou des in\u00e9galit\u00e9s mondiales, seul un leadership centr\u00e9 sur la coop\u00e9ration est en mesure d\u2019apporter les r\u00e9ponses n\u00e9cessaires. <a href=\"https:\/\/www.jeuneafrique.com\/1313551\/politique\/ua-ue-les-enjeux-sont-trop-grands-pour-avoir-le-droit-a-lerreur\/\">(16 f\u00e9vrier 2022).<\/a><\/p>\n<hr \/>\n<p><strong>La Croix [ARTICLE] <\/strong>\u00ab Le sommet UE-UA offre une opportunit\u00e9 unique de prendre des mesures concr\u00e8tes qui rapprochent l\u2019Afrique de l\u2019autosuffisance pour lutter contre le Covid-19 \u00bb. Edwin Ikhuoria, responsable de ONE.\u00a0 <a href=\"https:\/\/www.la-croix.com\/sommet-changer-donne-entre-Europe-Afrique-2022-02-17-1301200783\">(17 f\u00e9vrier 2022)<\/a>.<\/p>\n<hr \/>\n<p><strong>France Bleu Bourgogne [ARTICLE] <\/strong>Guillaume Girault devient jeune Ambassadeur de ONE. Sensibiliser dirigeants politiques et citoyens sur des th\u00e9matiques telles que les in\u00e9galit\u00e9s mondiales ou le difficile acc\u00e8s \u00e0 la vaccination dans les pays pauvres. Voil\u00e0 un aper\u00e7u des missions du jeune militant. <a href=\"https:\/\/www.francebleu.fr\/vie-quotidienne\/bien-etre-sante\/j-ai-la-fibre-associative-a-24-ans-guillaume-girault-s-engage-contre-les-inegalites-mondiales-1644940910\">(16 f\u00e9vrier 2022).<\/a><\/p>\n<hr \/>\n<p><strong> Sud Ouest[ARTICLE] <\/strong>Flora Vanderplancke fait partie des 75 jeunes Ambassadeurs et Ambassadrices de ONE en France qui luttent contre l\u2019extr\u00eame pauvret\u00e9. En menant des campagnes de sensibilisation aux in\u00e9galit\u00e9s mondiales, et en faisant du plaidoyer aupr\u00e8s des dirigeants politiques, Flora se bat pour monde plus juste. <a href=\"https:\/\/www.sudouest.fr\/pyrenees-atlantiques\/bayonne\/saint-jean-de-luz-une-jeune-femme-ambassadrice-de-l-ong-one-8830224.php\">(14 f\u00e9vrier 2022)<\/a>.<\/p>\n<hr \/>\n<p><strong>Infos Dijon [ARTICLE]\u00a0 <\/strong>Guillaume Girault et Arnaud Bordes deviennent des jeunes Ambassadeurs de ONE. Pendant un an, ils iront \u00e0 la rencontre des citoyens, citoyennes et politiques pour les convaincre de s\u2019engager \u00e0 leurs c\u00f4t\u00e9s contre les in\u00e9galit\u00e9s dans les pays pauvres.\u00a0 <a href=\"https:\/\/www.infos-dijon.com\/news\/vie-locale\/vie-locale\/solidarite-deux-dijonnais-parmi-les-ambassadeurs-de-l-ong-one.html\">(12 f\u00e9vrier 2022).<\/a><\/p>\n<hr \/>\n<p><strong>l\u2019ADN [ARTICLE] <\/strong>La musique, la mode et l\u2019esth\u00e9tique des ann\u00e9es 1990 sont de nouveau populaires et deviennent incontournables sur les r\u00e9seaux sociaux et dans les d\u00e9fil\u00e9s. Mais ce ne sont pas les seuls \u00e9l\u00e9ments qui reviennent\u2026 Pour la premi\u00e8re fois depuis cette p\u00e9riode, l\u2019extr\u00eame pauvret\u00e9 augmente dans le monde.\u00a0<a href=\"https:\/\/business.ladn.eu\/news-business\/actualites-annonceurs\/campagne-sensibilisation-ong-one-candidats-presidentielle\/\">(10 f\u00e9vrier 2022).<\/a><\/p>\n<hr \/>\n<p><strong>Ouest France [ARTICLE] <\/strong>Mathilde Naud, s\u2019engage aupr\u00e8s de ONE pour la deuxi\u00e8me ann\u00e9e cons\u00e9cutive. Elle est jeune Ambassadrice de ONE et porte-parole de la grande campagne de mobilisation citoyenne lanc\u00e9e \u00e0 l\u2019approche de l\u2019\u00e9lection pr\u00e9sidentielle.\u00a0 <a href=\"https:\/\/www.ouest-france.fr\/bretagne\/rennes-35000\/lutte-contre-la-pauvrete-une-rennaise-ambassadrice-du-mouvement-cree-par-bono-d49a56c2-89c3-11ec-9ae6-d592858b40f6\">(10 f\u00e9vrier 2022).<\/a><\/p>\n<hr \/>\n<p><strong>Gala [ARTICLE] <\/strong>Anne Hidalgo avec la casquette \u00e0 l\u2019envers. Christiane Taubira avec un bandeau rouge. Emmanuel Macron avec les cheveux d\u00e9color\u00e9s. Les ann\u00e9es 1990 ont inspir\u00e9 une dr\u00f4le de campagne destin\u00e9e \u00e0 influencer le programme politique des candidats \u00e0 l\u2019\u00e9lection pr\u00e9sidentielle.<a href=\"https:\/\/www.gala.fr\/l_actu\/news_de_stars\/photo-emmanuel-macron-marine-le-pen-relookes-a-la-mode-des-annees-90-cette-campagne-coup-de-poing_486897\">(10 f\u00e9vrier 2022)<\/a>.<\/p>\n<hr \/>\n<p><strong>Huffington Post [ARTICLE] <\/strong>Les ann\u00e9es 1990 reviennent \u00e0 la mode, mais pas que: l\u2019extr\u00eame pauvret\u00e9 augmente pour la 1\u00e8re fois depuis cette p\u00e9riode. ONE lance un appel pour que les candidats et candidates \u00e0 l\u2019\u00e9lection pr\u00e9sidentielle proposent des mesures concr\u00e8tes pour inverser cette tendance. <a href=\"https:\/\/www.huffingtonpost.fr\/entry\/macron-pecresse-le-pen-rhabilles-hit-machine-campagne-pauvrete_fr_6203e9c1e4b08357089b2e7f\">\u00a0(10 f\u00e9vrier 2022)<\/a><\/p>\n<hr \/>\n<p><strong>Le JDD [ARTICLE] <\/strong>ONE lance une grande campagne de mobilisation citoyenne et de plaidoyer destin\u00e9e \u00e0 interpeller les candidats \u00e0 l\u2019\u00e9lection pr\u00e9sidentielle sur la hausse de l\u2019extr\u00eame pauvret\u00e9 et des in\u00e9galit\u00e9s dans le monde.\u00a0 \u00a0<a href=\"https:\/\/www.najat-vallaud-belkacem.com\/2022\/02\/09\/najat-vallaud-belkacem-le-role-de-la-france-dans-le-monde-nest-pas-assez-aborde-dans-cette-campagne-interview-dans-le-jdd\/\">(9 f\u00e9vrier 2022)<\/a><\/p>\n<hr \/>\n<p><strong>L\u2019Obs [TRIBUNE] <\/strong>L\u2019industrie textile et de l\u2019habillement est le symbole de notre inconscience, des d\u00e9rives de la mondialisation et des renoncements politiques. Notre mode de consommation acc\u00e9l\u00e8re le changement climatique et contribue \u00e0 l\u2019exploitation des pays pauvres. Il n\u2019est pas trop tard pour changer les r\u00e8gles du jeu. Najat Vallaud-Belkacem, <a href=\"https:\/\/www.nouvelobs.com\/opinions\/20220205.OBS54109\/najat-vallaud-belkacem-ce-que-nos-vetements-disent-vraiment-de-nous.html\">(5 f\u00e9vrier 2022)<\/a><\/p>\n<hr \/>\n<p><strong>L\u2019Obs [TRIBUNE] <\/strong>Alors que les \u00e9carts de patrimoine ne cessent de s\u2019accro\u00eetre, les candidats de droite et d\u2019extr\u00eame droite rivalisent de promesses de cadeaux fiscaux. Favoriser l\u2019accumulation du patrimoine entre les mains de quelques-uns, c\u2019est encourager la reproduction des in\u00e9galit\u00e9s dans le temps. Najat Vallaud-Belkacem, <a href=\"https:\/\/www.nouvelobs.com\/economie\/20220117.OBS53335\/najat-vallaud-belkacem-l-hyper-concentration-patrimoniale-cree-des-inegalites-de-destin.html\">(17 janvier 2022)<\/a>.<\/p>\n<hr \/>\n<p><strong>L\u2019ADN [APER\u00c7U] <\/strong>Lors du week-end du Black Friday, ONE m\u00e8ne une campagne de sensibilisation aux in\u00e9galit\u00e9s vaccinales. Sur des affiches, des offres \u00ab exclusives \u00bb pour le vaccin d\u00e9voilent que beaucoup n\u2019y ont toujours pas acc\u00e8s.<a href=\"https:\/\/business.ladn.eu\/news-business\/actualites-annonceurs\/one-campagne-sensibilisation-grand-public-inegalites-vaccinales\/\">\u00a0(4 janvier 2022).<\/a><\/p>\n<hr \/>\n<p><strong>Huffington Post [TRIBUNE]<\/strong> \u0152uvrer pour un monde meilleur l\u00e0-bas, c\u2019est aussi participer \u00e0 la construction d\u2019un monde meilleur ici. Un monde plus juste, c\u2019est l\u2019ambition de ONE et devrait \u00eatre celle de nos futurs \u00e9lus. Najat Vallaud-Belkacem,\u00a0 <a href=\"https:\/\/www.huffingtonpost.fr\/entry\/tribune-najat-vallaud-belkacem-il-faudra-plus-que-des-coups-de-com-sur-twitter-pour-assurer-notre-survie-sur-cette-planete_fr_61aa03b9e4b07fe201264142\">(12 d\u00e9cembre 2021)<\/a>.<\/p>\n<hr \/>\n<p><strong> Le Journal du Dimanche [TRIBUNE]<\/strong> R\u00e9duire les in\u00e9galit\u00e9s vaccinales et permettre l\u2019acc\u00e8s aux vaccins est non seulement la seule solution pour sortir de l\u2019impasse du Covid-19 mais constitue une obligation qui incombe aux Etats et aux entreprises pharmaceutiques en mati\u00e8re de droits humains. Collectif d\u2019ONG dont ONE, <a href=\"https:\/\/www.lejdd.fr\/Societe\/tribune-vaccination-contre-le-covid-le-variant-omicron-la-semaine-de-la-honte-pour-les-pays-riches-4080570\">(4 d\u00e9cembre 2021)<\/a>.<\/p>\n<hr \/>\n<p><strong>Challenges [ARTICLE]<\/strong> Un collectif d\u2019ONG engag\u00e9es, dont ONE, d\u00e9nonce la d\u00e9cision de l\u2019OMC d\u2019annuler la r\u00e9union des ministres des pays membres. \u00abOn marche sur la t\u00eate! C\u2019\u00e9tait justement le moment d\u2019\u00e9voquer cette crise et notamment la lev\u00e9e temporaire des brevets\u00bb. Ma\u00e9 Kurkjian, <a href=\"https:\/\/www.challenges.fr\/entreprise\/sante-et-pharmacie\/variant-omicron-mobilisation-ce-mardi-pour-demander-la-levee-des-brevets_791191\">(30 novembre 2021).<\/a><\/p>\n<hr \/>\n<p><strong>20 Minutes [ARTICLE]<\/strong> Ce nouveau variant doit servir de signal d\u2019alarme pour les gouvernements du monde entier. Il n\u2019est plus possible d\u2019entretenir l\u2019id\u00e9e dangereuse qu\u2019un pays ou un continent peut lutter contre la pand\u00e9mie sur son territoire sans se pr\u00e9occuper du reste du monde. Najat Vallaud-Belkacem, <a href=\"https:\/\/www.20minutes.fr\/sante\/3185155-20211129-coronavirus-planete-raison-ceder-panique-face-variant-omicron\">(29 novembre 2021).<\/a><\/p>\n<hr \/>\n<p><strong>Le Grand Continent [TRIBUNE]<\/strong> En mati\u00e8re de lutte contre la pand\u00e9mie de Covid, le nationalisme vaccinal est une imposture sanitaire qui met en danger notre propre s\u00e9curit\u00e9. Najat Valaud-Belkacem, <a href=\"https:\/\/legrandcontinent.eu\/fr\/2021\/10\/29\/limpasse-du-modele-national-pour-faire-face-aux-crises-sanitaires\/\">(29 octobre 2021)<\/a>.<\/p>\n<hr \/>\n<p><strong>Le Monde [APER\u00c7U]<\/strong> En amont du sommet du G20, ONE lance un appel aux dirigeants \u00e0 agir pour mettre fin \u00e0 la pand\u00e9mie. <a href=\"https:\/\/twitter.com\/ONE_Fr\/status\/1453710623452323842\">(28 octobre 2021)<\/a><\/p>\n<hr \/>\n<p><strong>Lib\u00e9ration [TRIBUNE]<\/strong> La crise de la Covid-19 n\u2019est pas seulement une crise sanitaire, mais aussi une crise \u00e9conomique et sociale qui creuse les in\u00e9galit\u00e9s et qui risque d\u2019an\u00e9antir des ann\u00e9es de lutte contre l\u2019extr\u00eame pauvret\u00e9. Collectif d\u2019associations et personnalit\u00e9s dont ONE, <a href=\"https:\/\/www.liberation.fr\/idees-et-debats\/tribunes\/inegalites-vaccinales-un-an-dinaction-et-de-plus-en-plus-de-morts-20211002_QNNOHFQ3LVEJTNK6ZH7BO7EWEQ\/?redirected=1\">(2 octobre 2021).<\/a><\/p>\n<hr \/>\n<p><strong>Les Echos [TRIBUNE]<\/strong> Le temps presse. C\u2019est partout sur la plan\u00e8te, et pas uniquement dans certains pays riches, qu\u2019il nous faut vaincre le virus, gr\u00e2ce \u00e0 un effort accru de coop\u00e9ration internationale. Najat Vallaud-Belkacem, <a href=\"https:\/\/www.lesechos.fr\/idees-debats\/cercle\/najat-vallaud-belkacem-le-nationalisme-vaccinal-est-une-imposture-sanitaire-1348602\">(23 septembre 2021)<\/a>.<\/p>\n<hr \/>\n<p><strong>Euronews [APER\u00c7U]<\/strong> La question de l\u2019acc\u00e8s au vaccin contre le Covid-19 au coeur d\u2019une mini-s\u00e9rie d\u2019animation nomm\u00e9e <em>Pandemica<\/em>. <a href=\"https:\/\/fr.euronews.com\/video\/2021\/03\/28\/pandemica-une-mini-serie-d-animation-pour-sensibiliser-a-l-acces-aux-vaccins\">(28 mars 2021)<\/a>.<\/p>\n<hr \/>\n<p><strong>Derni\u00e8res Nouvelles d\u2019Alsace [ARTICLE]<\/strong> Margot Schneider rejoint le programme des jeunes ambassadeurs et ambassadrices de ONE pour lutter contre les in\u00e9galit\u00e9s mondiales et l\u2019extr\u00eame pauvret\u00e9. <a href=\"https:\/\/www.dna.fr\/culture-loisirs\/2021\/03\/27\/margot-schneider-jeune-obernoise-devenue-ambassadrice-de-l-ong-fondee-par-bono-le-chanteur-de-u2\">(28 mars 2021)<\/a>.<\/p>\n<hr \/>\n<p><strong>Le Journal du Dimanche [ARTICLE]<\/strong> La s\u00e9rie <em>Pandemica<\/em> d\u00e9nonce les in\u00e9galit\u00e9s d\u2019acc\u00e8s au vaccin et demande aux pays riches de partager leurs stocks. \u00abLe vaccin doit \u00eatre accessible \u00e0 tout le monde, peu importe la nationalit\u00e9 ou le revenu, sinon le virus restera un danger pour tout le monde\u00bb. Ma\u00e9 Kurkjian, <a href=\"https:\/\/www.lejdd.fr\/International\/vaccins-contre-le-covid-19-long-one-lance-un-appel-aux-pays-riches-un-enjeu-dequite-et-defficacite-4033700\">\u00a0(24 mars 2021)<\/a>.<\/p>\n<hr \/>\n<p><strong>Le Dauphin\u00e9 Is\u00e8re [ARTICLE]<\/strong> Chaimaa Taib s\u2019investit dans ONE en tant que jeune ambassadrice pour amplifier sa voix et mener des combats notamment sur la question de l\u2019\u00e9ducation.\u00a0 <a href=\"https:\/\/www.ledauphine.com\/social\/2021\/03\/21\/isere-une-grenobloise-en-lutte-avec-one-et-le-chanteur-bono\">(21 mars 2021)<\/a><\/p>\n<hr \/>\n<p><strong>La Marseillaise [ARTICLE]<\/strong> In\u00e8s Kouevi et Clara No\u00ebl-Hou\u00e9d\u00e9 sont des jeunes ambassadrices de ONE qui luttent pour assurer un acc\u00e8s universel \u00e0 la vaccination contre le covid-19 et convaincre le gouvernement fran\u00e7ais d\u2019augmenter l\u2019aide publique au d\u00e9veloppement. <a href=\"https:\/\/articles.cafeyn.co\/7f0357\/la-marseillaise-bdr-marseille\/2021-03-13\/deux-etudiantes-de-marseille-a-la-lutte-contre-les-inegalites-dans-le-monde\">(21 mars 2021)<\/a>.<\/p>\n<hr \/>\n<p><strong>[ARTICLE]<\/strong> Tidjiane Peredes et Manon Jordana ont \u00e9t\u00e9 s\u00e9lectionn\u00e9s pour devenir des jeune ambassadeurs de ONE et convaincre les d\u00e9cideurs politiques et citoyens d\u2019agir pour mettre fin aux in\u00e9galit\u00e9s dans le monde. <a href=\"https:\/\/www.lejournaltoulousain.fr\/societe\/deux-jeunes-toulousains-rejoignent-long-one-du-chanteur-de-u2-bono-115060\/\">(7 mars 2021).<\/a><\/p>\n<hr \/>\n<p><strong>Sud Ouest [ARTICLE]<\/strong> Solune Pailh\u00e9 et Maya Pargade-Klitzke font parties des 300 jeunes ambassadeurs et ambassadrices en Europe qui \u00e9laborent des plaidoyers pour changer les r\u00e8gles du jeu et parvenir \u00e0 r\u00e9duire l\u2019extr\u00eame pauvret\u00e9 dans le monde. <a href=\"https:\/\/www.sudouest.fr\/gironde\/bordeaux\/bordeaux-elles-sont-les-jeunes-ambassadrices-locales-de-l-ong-one-1558605.php\">(10 mars 2021).<\/a><\/p>\n<hr \/>\n<p><strong>France info [ARTICLE]<\/strong> Elise Liotard et Paula Druschke, nouvelles jeunes ambassadrices de ONE, s\u2019engagent pour que chacun et chacune puisse mener des vies dignes et pleines de possibilit\u00e9s. <a href=\"https:\/\/france3-regions.francetvinfo.fr\/grand-est\/meurthe-et-moselle\/nancy\/meurthe-et-moselle-deux-etudiantes-de-sciences-po-nancy-s-engagent-contre-l-extreme-pauvrete-1987735.html\">(9 mars 2021).<\/a><\/p>\n<hr \/>\n<p><strong>l\u2019Humanit\u00e9 [ARTICLE]<\/strong> Le nationalisme vaccinal pourrait constituer un frein au fonctionnement du m\u00e9canisme de financement et de distribution COVAX qui a pour but d\u2019approvisionner en vaccins les pays \u00e0 revenu faible ou interm\u00e9diaire. <a href=\"https:\/\/www.humanite.fr\/vaccination-les-pays-pauvres-attendront-697923\">(23 d\u00e9cembre 2020)<\/a>.<\/p>\n<hr \/>\n<p><strong>Les Echos [TRIBUNE]<\/strong> La r\u00e9union tenu \u00e0 l\u2019OMC est une occasion unique de r\u00e9aliser l\u2019ambition d\u2019un vaccin comme \u00ab bien public mondial \u00bb et garantir un acc\u00e8s \u00e9quitable aux vaccins et aux m\u00e9dicaments permettant de lutter contre le Covid-19. Collectif d\u2019ONG dont ONE, Les Echos <a href=\"https:\/\/www.lesechos.fr\/idees-debats\/cercle\/opinion-partage-de-la-propriete-intellectuelle-un-defi-pour-les-futurs-vaccins-contre-le-covid-1272411\">(9 d\u00e9cembre 2020)<\/a>.<\/p>\n<hr \/>\n<p><strong>L\u2019Echo Le R\u00e9gional [ARTICLE]<\/strong> En devenant jeune ambassadrice, Kelly Vaz-Semedo participe \u00e0 la mission de ONE de convaincre les parlementaires europ\u00e9ens et nationaux de voter un budget d\u2019aide au d\u00e9veloppement plus ambitieux. <a href=\"https:\/\/drive.google.com\/file\/d\/1_VEG8PElb4sLdCAth9_uzrEcExsSogpQ\/view\">(21 octobre 2020).<\/a><\/p>\n<hr \/>\n<p><strong>Les Echos [ARTICLE]<\/strong> En pleine pand\u00e9mie mondiale, il est inacceptable que les pays les plus pauvres du monde aient \u00e0 choisir entre payer le service de leur dette ou maintenir leur \u00e9conomie \u00e0 flot. Najat Vallaud-Belkacem,<a href=\"https:\/\/www.lesechos.fr\/monde\/enjeux-internationaux\/la-dette-des-pays-pauvres-au-coeur-des-discussions-du-g20-1255269\">\u00a0(13 octobre 2020).<\/a><\/p>\n<hr \/>\n<p><strong>Mediapart [LETTRE OUVERTE]<\/strong> \u00c0 la veille du Conseil europ\u00e9en, les jeunes Ambassadeurs et Ambassadrices de ONE exhortent les dirigeants europ\u00e9ens \u00e0 augmenter de mani\u00e8re significative les ressources allou\u00e9es \u00e0 l\u2019action ext\u00e9rieure et aux investissements en Afrique.\u00a0 <a href=\"https:\/\/blogs.mediapart.fr\/one-france\/blog\/160720\/lettre-des-jeunes-ambassadeurs-et-ambassadrices-de-one-aux-dirigeants-europeens\">(16 juillet 2020).<\/a><\/p>\n<hr \/>\n<p><strong>\u00a0Le Monde [TRIBUNE]<\/strong> Il est temps pour la France, qui s\u2019est positionn\u00e9e en leader sur la question de la dette des pays pauvres, de reconna\u00eetre les limites du moratoire propos\u00e9 par les pays du G20. Comment les pays qui en b\u00e9n\u00e9ficient rembourseront-ils cette dette lorsque la suspension arrivera \u00e0 son terme ? Collectif d\u2019ONG dont ONE, <a href=\"https:\/\/www.lemonde.fr\/idees\/article\/2020\/07\/16\/dette-des-pays-pauvres-les-creanciers-prives-doivent-participer-aux-allegements-decides-par-la-communaute-internationale_6046320_3232.html\">(16 juillet 2020)<\/a>.<\/p>\n<hr \/>\n<p><strong>L\u2019Obs [TRIBUNE]<\/strong> Pour fair face aux d\u00e9fis de notre monde, une taxe sur les transactions financi\u00e8res ambitieuse est n\u00e9c\u00e9ssaire. Ce que nos concitoyens demandent, c\u2019est davantage de justice et d\u2019\u00e9quit\u00e9. Cela exprime le souhait d\u2019une redistribution plus juste des richesses, en France, dans l\u2019Union europ\u00e9enne, et dans le monde. ONE et Oxfam, <a href=\"https:\/\/www.nouvelobs.com\/economie\/20200630.OBS30700\/tribune-cecile-duflot-et-najat-vallaud-belkacem-l-europe-a-besoin-d-une-taxe-sur-les-transactions-financieres-a-la-hauteur-des-enjeux.html\">(30 juin 2020)<\/a>.<\/p>\n<hr \/>\n<p><strong>Le JDD [TRIBUNE] <\/strong>Le vaccin contre le Covid-19 n\u2019est pas encore disponible, mais les craintes d\u2019un nationalisme vaccinal sont d\u00e9j\u00e0 bien pr\u00e9sentes. C\u2019est d\u00e8s maintenant qu\u2019il faut cr\u00e9er les conditions d\u2019un acc\u00e8s universel au vaccin. Il faut \u00e9viter \u00e0 tout prix que la course aux profits vienne entraver l\u2019acc\u00e8s des personnes les plus expos\u00e9es et d\u00e9munies. Collectif d\u2019ONG dont ONE , <a href=\"https:\/\/www.lejdd.fr\/Societe\/cecile-duflot-najat-vallaud-belkacem-et-11-dirigeants-dong-engages-contre-le-nationalisme-vaccinal-3977628\">(27 juin 2020)<\/a>.<a href=\"https:\/\/www.lejdd.fr\/Societe\/cecile-duflot-najat-vallaud-belkacem-et-11-dirigeants-dong-engages-contre-le-nationalisme-vaccinal-3977628\"><br \/>\n<\/a><\/p>\n<hr \/>\n<p><strong>20 minutes [ARTICLE]<\/strong> Maya Pargade-Klitzke devient jeune Ambassadrice du mouvement ONE. Sa mission est d\u2019aller \u00e0 la rencontre des \u00e9lus locaux et d\u00e9fendre plusieurs causes, notamment la vaccination dans les pays pauvres, l\u2019\u00e9galit\u00e9 hommes-femmes, et les droits des femmes et de la jeunesse. <a href=\"https:\/\/www.20minutes.fr\/bordeaux\/2743739-20200603-video-ambassadrice-ong-one-maya-21-ans-veut-lutter-contre-extreme-pauvrete\">(3 juin 2020)<\/a>.<\/p>\n<hr \/>\n<p><strong>Les Echos [TRIBUNE]<\/strong> Le Covid-19 est une maladie nouvelle, au rythme et aux formes \u00e9volutifs. En raison des fortes in\u00e9galit\u00e9s vaccinales, la catastrophe sanitaire actuelle pourrait \u00eatre encore amplifi\u00e9e par le d\u00e9veloppement d\u2019autres maladies. Najat Vallaud-Belkacem et Guillaume Grosso, <a href=\"https:\/\/www.lesechos.fr\/idees-debats\/cercle\/opinion-une-pandemie-peut-en-cacher-une-autre-1207588\">(2 juin 2020).<\/a><\/p>\n<hr \/>\n<p><strong>M\u00e9diapart [TRIBUNE]<\/strong> Grandis berc\u00e9s par des actualit\u00e9s alarmantes, de l\u2019acc\u00e9l\u00e9ration du changement climatique \u00e0 l\u2019accroissement des in\u00e9galit\u00e9s, en passant par la mont\u00e9e des populismes, les jeunes Ambassadeurs et Ambassadrices de ONE demandent une remise en question g\u00e9n\u00e9rale du monde dans lequel ils vieilliront. <a href=\"https:\/\/blogs.mediapart.fr\/one-france\/blog\/200520\/le-monde-dapres-vu-par-les-jeunes-ambassadeurs-et-ambassadrices-de-one\">(20 mai 2020)<\/a>.<\/p>\n<hr \/>\n<p><strong>Monaco Hebdo [ARTICLE] <\/strong>En moyenne, quand un traitement est trouv\u00e9 pour une maladie, il faut au moins sept ans de plus avant qu\u2019il arrive dans les pays les plus pauvres. Cela n\u2019est plus acceptable. Il faut absolument revoir ces r\u00e8gles pour que le vaccin contre le Covid-19 soit un bien public mondial. Najat Vallaud-Belkacem,\u00a0 <a href=\"https:\/\/www.monacohebdo.mc\/actualites\/international\/interview-najat-vallaud-belkacem-covid19\/\">(18 mai 2020).<\/a><\/p>\n<hr \/>\n<p><strong>We Demain [TRIBUNE]<\/strong> En cette semaine mondiale de la vaccination, les jeunes Ambassadeurs et Ambassadrices de ONE s\u2019adressent au Pr\u00e9sident de la R\u00e9publique qui repr\u00e9sentera la France lors de la conf\u00e9rence de lev\u00e9e de fonds organis\u00e9e le 4 mai par l\u2019Union europ\u00e9enne. Les jeunes activistes attendent du Gouvernement fran\u00e7ais une contribution ambitieuse pour assurer l\u2019\u00e9radication du Covid-19.\u00a0 <a href=\"https:\/\/www.wedemain.fr\/dechiffrer\/lettre-au-president-pour-une-aide-a-la-vaccination-des-pays-pauvres_a4680-html\/\">(30 avril 2020).<\/a><\/p>\n<hr \/>\n<p><strong>L\u2019Obs [TRIBUNE]<\/strong> Trente pays en Afrique subsaharienne d\u00e9pensent plus pour le remboursement de leur dette que pour les soins de sant\u00e9. ONE appelle une suspension accompagn\u00e9e d\u2019une restructuration de la dette avec pour objectif l\u2019annulation de ce poids <em>\u00ab insoutenable \u00bb.\u00a0<\/em>Najat Vallaud-Belkacem, <a href=\"https:\/\/www.nouvelobs.com\/coronavirus-de-wuhan\/20200418.OBS27689\/najat-vallaud-belkacem-suspendre-les-dettes-des-pays-les-plus-pauvres-n-est-pas-suffisant.html\">(18 avril 2020).<\/a><\/p>\n<hr \/>\n<p><strong>Jeune Afrique [ARTICLE] <\/strong>Les milieux scientifiques et de la recherche font preuve pour la plupart d\u2019une coop\u00e9ration internationale hors pair. C\u2019est au niveau politique que le manque de coop\u00e9ration internationale risque d\u2019avoir les cons\u00e9quences les plus d\u00e9sastreuses. On regrette d\u00e9j\u00e0 la comp\u00e9tition que se sont livr\u00e9s certains pays pour se d\u00e9rober de masques et autres outils prot\u00e9geant du Covid-19. Najat Vallaud-Belkacem,\u00a0\u00a0<a href=\"https:\/\/www.jeuneafrique.com\/927009\/politique\/najat-vallaud-belkacem-il-faut-donner-au-futur-vaccin-contre-le-coronavirus-le-statut-de-bien-public-mondial\/\">(14 avril 2020).<\/a><\/p>\n<hr \/>\n<p><strong>Lib\u00e9ration [ARTICLE]<\/strong>\u00a0 La croissance du PIB en Afrique serait fortement r\u00e9duite \u00e0 cause de la pand\u00e9mie du Covid-19. Il y a donc urgence \u00e0 d\u00e9bloquer des fonds, le plus vite possible, pour construire un rempart sanitaire face \u00e0 l\u2019\u00e9pid\u00e9mie. Puis, dans un second temps, pour aider les Etats \u00e0 surmonter le s\u00e9isme \u00e9conomique qui s\u2019annonce. <a href=\"https:\/\/www.liberation.fr\/planete\/2020\/04\/13\/covid-19-en-afrique-la-solidarite-recyclee-de-la-france-et-de-l-ue_1784913\/\">(13 avril 2020).<\/a><\/p>\n<hr \/>\n<p><strong>Huffington Post [ARTICLE]<\/strong> La seule r\u00e9ponse qui ait jamais d\u00e9montr\u00e9 son efficacit\u00e9 consiste \u00e0 faire cause commune pour prot\u00e9ger la sant\u00e9 de tous partout dans le monde. La pand\u00e9mie ne conna\u00eet pas de fronti\u00e8re, les dirigeants de la plan\u00e8te doivent urgemment s\u2019allier pour assurer une r\u00e9ponse mondiale. Najat Vallaud-Belkacem\u00a0 <a href=\"https:\/\/www.huffingtonpost.fr\/entry\/coronavirus-a-la-tete-dune-ong-najat-vallaud-belkacem-demande-un-plan-mondial_fr_5e8c746bc5b6e1d10a69f4f6\">(7 avril 2020).<\/a><\/p>\n<hr \/>\n<p><strong>\u00a0La Presse de la Manche [ARTICLE]<\/strong> Ingrid Hardouin a \u00e9t\u00e9 s\u00e9l\u00e9ctionn\u00e9e par ONE et rejoint un groupe de 50 jeunes Ambassadeurs et Ambassadrices de ONE. Sa toute premi\u00e8re mission: appeler la France \u00e0 soutenir la vaccination des enfants dans les pays pauvres. <a href=\"https:\/\/actu.fr\/societe\/manche-ingrid-milite-dans-long-one-cotes-bono_32810287.html\">(7 avril 2020).<\/a><\/p>\n<hr \/>\n<p><strong>Le Monde [TRIBUNE]<\/strong> Parce qu\u2019une pand\u00e9mie exige une r\u00e9ponse mondiale, ONE lance une campagne appelant les gouvernements et de les entreprises \u00e0 soutenir un plan de lutte contre le Covid-19 \u00e0 l\u2019\u00e9chelle internationale. Najat Vallaud-Belkacem,\u00a0 <a href=\"https:\/\/www.lemonde.fr\/idees\/article\/2020\/04\/07\/najat-vallaud-belkacem-a-pandemie-mondiale-reponse-mondiale_6035818_3232.html\">(7 avril 2020).<\/a><\/p>\n<hr \/>\n<p><strong>Le Parisien [ARTICLE]<\/strong> Ang\u00e9lique Girault endosse un nouveau r\u00f4le: celui de jeune Ambassadrice de l\u2019ONG ONE. Fortement engag\u00e9e, elle devient porte-parole de campagnes de sensibilisation \u00e0 l\u2019extr\u00eame pauvret\u00e9 et aux maladies \u00e9vitables dans le monde. <a href=\"https:\/\/www.leparisien.fr\/hauts-de-seine-92\/levallois-perret-angelique-ambassadrice-de-la-lutte-contre-l-extreme-pauvrete-12-03-2020-8278299.php?ts=1641575507379\">(12 mars 2020).<\/a><\/p>\n<hr \/>\n<p><strong>L\u2019Union [ARTICLE]<\/strong>\u00a0 Romane Mika fait partie des 50 jeunes ayant \u00e9t\u00e9 s\u00e9lectionn\u00e9s par ONE. Elle est jeune Ambassadrice pour la troisi\u00e8me ann\u00e9e cons\u00e9cutive. Pendant un an, elle ira \u00e0 la rencontre des \u00e9lus et des citoyens de sa r\u00e9gion pour les convaincre d\u2019agir \u00e0 ses c\u00f4t\u00e9s contre les in\u00e9galit\u00e9s mondiales.<a href=\"https:\/\/www.lunion.fr\/id137600\/article\/2020-03-10\/une-remoise-devient-jeune-ambassadrice-de-one-lassociation-fondee-par-bono-de-u2\">\u00a0(10 mars 2020).<\/a><\/p>\n<hr \/>\n<p><strong>\u00a0France info [ARTICLE]\u00a0<\/strong> Ang\u00e9lique Girault a \u00e9t\u00e9 s\u00e9lectionn\u00e9e parmi des centaines de candidatures pour devenir ambassadrice de ONE. Elle s\u2019engage \u00e0 devenir, pour un an, une repr\u00e9sentante d\u2019une g\u00e9n\u00e9ration qui se mobilise pour lutter contre l\u2019extr\u00eame pauvret\u00e9 et les in\u00e9galit\u00e9s mondiales. <a href=\"https:\/\/france3-regions.francetvinfo.fr\/centre-val-de-loire\/indre-loire\/montlouis-loire\/jeune-tourangelle-s-engage-contre-extreme-pauvrete-ong-one-1795007.html\">(4 mars 2020).<\/a><\/p>\n<hr \/>\n<p><strong>Rue 89 Bordeaux[ARTICLE] <\/strong>Maya Pargade-Klitzke fait partie des 50 jeunes Ambassadeurs de ONE. Au sein de sa ville, son \u00e9cole, lors de festivals culturels, sur les r\u00e9seaux sociaux, et m\u00eame \u00e0 l\u2019Assembl\u00e9e nationale ou au Parlement europ\u00e9en, la jeune ambassadrice portera les valeurs de l\u2019organisation pour sensibiliser aux in\u00e9galit\u00e9s mondiales.\u00a0 <a href=\"https:\/\/rue89bordeaux.com\/2020\/03\/une-bordelaise-contre-lextreme-pauvrete-avec-one-long-cofondee-par-bono\/\">(4 mars 2020).<\/a><\/p>\n<hr \/>\n<hr \/>\n<p><strong>\u00a0France info [ARTICLE]<\/strong> Elise Liotard et Paula Druschke, nouvelles jeunes ambassadrices de ONE, s\u2019engagent pour que chacun et chacune puisse mener des vies dignes et pleines de possibilit\u00e9s.<a href=\"https:\/\/france3-regions.francetvinfo.fr\/grand-est\/meurthe-et-moselle\/nancy\/meurthe-et-moselle-deux-etudiantes-de-sciences-po-nancy-s-engagent-contre-l-extreme-pauvrete-1987735.html\">\u00a0(9 mars 2021).<\/a><\/p>\n<hr \/>\n<p><strong>l\u2019Humanit\u00e9 [ARTICLE]<\/strong> Le nationalisme vaccinal pourrait constituer un frein au fonctionnement du m\u00e9canisme de financement et de distribution COVAX qui a pour but d\u2019approvisionner en vaccins les pays \u00e0 revenu faible ou interm\u00e9diaire. <a href=\"https:\/\/www.humanite.fr\/vaccination-les-pays-pauvres-attendront-697923\">(23 d\u00e9cembre 2020).<\/a><\/p>\n<hr \/>\n<p><strong>\u00a0Les Echos [TRIBUNE]<\/strong> La r\u00e9union tenu \u00e0 l\u2019OMC est une occasion unique de r\u00e9aliser l\u2019ambition d\u2019un vaccin comme \u00ab bien public mondial \u00bb et garantir un acc\u00e8s \u00e9quitable aux vaccins et aux m\u00e9dicaments permettant de lutter contre le Covid-19. Collectif d\u2019ONG dont ONE,\u00a0<a href=\"https:\/\/www.lesechos.fr\/idees-debats\/cercle\/opinion-partage-de-la-propriete-intellectuelle-un-defi-pour-les-futurs-vaccins-contre-le-covid-1272411\">(9 d\u00e9cembre 2020).<\/a><\/p>\n<hr \/>\n<p><strong>L\u2019Echo Le R\u00e9gional [ARTICLE]<\/strong> En devenant jeune ambassadrice, Kelly Vaz-Semedo participe \u00e0 la mission de ONE de convaincre les parlementaires europ\u00e9ens et nationaux de voter un budget d\u2019aide au d\u00e9veloppement plus ambitieux. <a href=\"https:\/\/drive.google.com\/file\/d\/1_VEG8PElb4sLdCAth9_uzrEcExsSogpQ\/view\">\u00a0(21 octobre 2020).<\/a><\/p>\n<hr \/>\n<p><strong>Les Echos [ARTICLE]<\/strong> En pleine pand\u00e9mie mondiale, il est inacceptable que les pays les plus pauvres du monde aient \u00e0 choisir entre payer le service de leur dette ou maintenir leur \u00e9conomie \u00e0 flot. Najat Vallaud-Belkacem,\u00a0 <a href=\"https:\/\/www.lesechos.fr\/monde\/enjeux-internationaux\/la-dette-des-pays-pauvres-au-coeur-des-discussions-du-g20-1255269\">(13 octobre 2020).<\/a><\/p>\n<hr \/>\n<p><strong>M\u00e9diapart [LETTRE OUVERTE]<\/strong> \u00c0 la veille du Conseil europ\u00e9en, les jeunes Ambassadeurs et Ambassadrices de ONE exhortent les dirigeants europ\u00e9ens \u00e0 augmenter de mani\u00e8re significative les ressources allou\u00e9es \u00e0 l\u2019action ext\u00e9rieure et aux investissements en Afrique. <a href=\"https:\/\/blogs.mediapart.fr\/one-france\/blog\/160720\/lettre-des-jeunes-ambassadeurs-et-ambassadrices-de-one-aux-dirigeants-europeens\">(16 juillet 2020).<\/a><\/p>\n<hr \/>\n<p><strong>Le Monde [TRIBUNE]<\/strong> Il est temps pour la France, qui s\u2019est positionn\u00e9e en leader sur la question de la dette des pays pauvres, de reconna\u00eetre les limites du moratoire propos\u00e9 par les pays du G20. Comment les pays qui en b\u00e9n\u00e9ficient rembourseront-ils cette dette lorsque la suspension arrivera \u00e0 son terme ? Collectif d\u2019ONG dont ONE,\u00a0 <a href=\"https:\/\/www.lemonde.fr\/idees\/article\/2020\/07\/16\/dette-des-pays-pauvres-les-creanciers-prives-doivent-participer-aux-allegements-decides-par-la-communaute-internationale_6046320_3232.html\">(16 juillet 2020).<\/a><\/p>\n<hr \/>\n<p><strong>L\u2019Obs [TRIBUNE]<\/strong> Pour fair face aux d\u00e9fis de notre monde, une taxe sur les transactions financi\u00e8res ambitieuse est n\u00e9c\u00e9ssaire. Ce que nos concitoyens demandent, c\u2019est davantage de justice et d\u2019\u00e9quit\u00e9. Cela exprime le souhait d\u2019une redistribution plus juste des richesses, en France, dans l\u2019Union europ\u00e9enne, et dans le monde. ONE et Oxfam, <a href=\"https:\/\/www.nouvelobs.com\/economie\/20200630.OBS30700\/tribune-cecile-duflot-et-najat-vallaud-belkacem-l-europe-a-besoin-d-une-taxe-sur-les-transactions-financieres-a-la-hauteur-des-enjeux.html\">(30 juin 2020).<\/a><\/p>\n<hr \/>\n<p><strong>Le JDD [TRIBUNE] <\/strong>Le vaccin contre le Covid-19 n\u2019est pas encore disponible, mais les craintes d\u2019un nationalisme vaccinal sont d\u00e9j\u00e0 bien pr\u00e9sentes. C\u2019est d\u00e8s maintenant qu\u2019il faut cr\u00e9er les conditions d\u2019un acc\u00e8s universel au vaccin. Il faut \u00e9viter \u00e0 tout prix que la course aux profits vienne entraver l\u2019acc\u00e8s des personnes les plus expos\u00e9es et d\u00e9munies. Collectif d\u2019ONG dont ONE ,\u00a0 <a href=\"https:\/\/www.lejdd.fr\/Societe\/cecile-duflot-najat-vallaud-belkacem-et-11-dirigeants-dong-engages-contre-le-nationalisme-vaccinal-3977628\">(27 juin 2020).<br \/>\n<\/a><\/p>\n<hr \/>\n<p><strong>20 minutes [ARTICLE]<\/strong> Maya Pargade-Klitzke devient jeune Ambassadrice du mouvement ONE. Sa mission est d\u2019aller \u00e0 la rencontre des \u00e9lus locaux et d\u00e9fendre plusieurs causes, notamment la vaccination dans les pays pauvres, l\u2019\u00e9galit\u00e9 hommes-femmes, et les droits des femmes et de la jeunesse.\u00a0 <a href=\"https:\/\/www.20minutes.fr\/bordeaux\/2743739-20200603-video-ambassadrice-ong-one-maya-21-ans-veut-lutter-contre-extreme-pauvrete\">(3 juin 2020).<\/a><\/p>\n<hr \/>\n<p><strong>Les Echos [TRIBUNE]<\/strong> Le Covid-19 est une maladie nouvelle, au rythme et aux formes \u00e9volutifs. En raison des fortes in\u00e9galit\u00e9s vaccinales, la catastrophe sanitaire actuelle pourrait \u00eatre encore amplifi\u00e9e par le d\u00e9veloppement d\u2019autres maladies. Najat Vallaud-Belkacem et Guillaume Grosso, <a href=\"https:\/\/www.lesechos.fr\/idees-debats\/cercle\/opinion-une-pandemie-peut-en-cacher-une-autre-1207588\">(2 juin 2020).<\/a><\/p>\n<hr \/>\n<p><strong>M\u00e9diapart [TRIBUNE]<\/strong> Grandis berc\u00e9s par des actualit\u00e9s alarmantes, de l\u2019acc\u00e9l\u00e9ration du changement climatique \u00e0 l\u2019accroissement des in\u00e9galit\u00e9s, en passant par la mont\u00e9e des populismes, les jeunes Ambassadeurs et Ambassadrices de ONE demandent une remise en question g\u00e9n\u00e9rale du monde dans lequel ils vieilliront. <a href=\"https:\/\/blogs.mediapart.fr\/one-france\/blog\/200520\/le-monde-dapres-vu-par-les-jeunes-ambassadeurs-et-ambassadrices-de-one\">(20 mai 2020).<\/a><\/p>\n<hr \/>\n<p><strong>Monaco Hebdo [ARTICLE] <\/strong>En moyenne, quand un traitement est trouv\u00e9 pour une maladie, il faut au moins sept ans de plus avant qu\u2019il arrive dans les pays les plus pauvres. Cela n\u2019est plus acceptable. Il faut absolument revoir ces r\u00e8gles pour que le vaccin contre le Covid-19 soit un bien public mondial. Najat Vallaud-Belkacem, <a href=\"https:\/\/www.monacohebdo.mc\/actualites\/international\/interview-najat-vallaud-belkacem-covid19\/\">\u00a0(18 mai 2020).<\/a><\/p>\n<hr \/>\n<p><strong>We Demain [TRIBUNE]<\/strong> En cette semaine mondiale de la vaccination, les jeunes Ambassadeurs et Ambassadrices de ONE s\u2019adressent au Pr\u00e9sident de la R\u00e9publique qui repr\u00e9sentera la France lors de la conf\u00e9rence de lev\u00e9e de fonds organis\u00e9e le 4 mai par l\u2019Union europ\u00e9enne. Les jeunes activistes attendent du Gouvernement fran\u00e7ais une contribution ambitieuse pour assurer l\u2019\u00e9radication du Covid-19.\u00a0 <a href=\"https:\/\/www.wedemain.fr\/dechiffrer\/lettre-au-president-pour-une-aide-a-la-vaccination-des-pays-pauvres_a4680-html\/\">(30 avril 2020).<\/a><\/p>\n<hr \/>\n<p><strong>L\u2019Obs [TRIBUNE]<\/strong> Trente pays en Afrique subsaharienne d\u00e9pensent plus pour le remboursement de leur dette que pour les soins de sant\u00e9. ONE appelle une suspension accompagn\u00e9e d\u2019une restructuration de la dette avec pour objectif l\u2019annulation de ce poids <em>\u00ab insoutenable \u00bb.\u00a0<\/em>Najat Vallaud-Belkacem, <a href=\"https:\/\/www.nouvelobs.com\/coronavirus-de-wuhan\/20200418.OBS27689\/najat-vallaud-belkacem-suspendre-les-dettes-des-pays-les-plus-pauvres-n-est-pas-suffisant.html\">(18 avril 2020).<\/a><\/p>\n<hr \/>\n<p><strong>\u00a0Jeune Afrique [ARTICLE] <\/strong>Les milieux scientifiques et de la recherche font preuve pour la plupart d\u2019une coop\u00e9ration internationale hors pair. C\u2019est au niveau politique que le manque de coop\u00e9ration internationale risque d\u2019avoir les cons\u00e9quences les plus d\u00e9sastreuses. On regrette d\u00e9j\u00e0 la comp\u00e9tition que se sont livr\u00e9s certains pays pour se d\u00e9rober de masques et autres outils prot\u00e9geant du Covid-19. Najat Vallaud-Belkacem,\u00a0<a href=\"https:\/\/www.jeuneafrique.com\/927009\/politique\/najat-vallaud-belkacem-il-faut-donner-au-futur-vaccin-contre-le-coronavirus-le-statut-de-bien-public-mondial\/\">(14 avril 2020).<\/a><\/p>\n<hr \/>\n<p><strong>Lib\u00e9ration [ARTICLE]<\/strong>\u00a0 La croissance du PIB en Afrique serait fortement r\u00e9duite \u00e0 cause de la pand\u00e9mie du Covid-19. Il y a donc urgence \u00e0 d\u00e9bloquer des fonds, le plus vite possible, pour construire un rempart sanitaire face \u00e0 l\u2019\u00e9pid\u00e9mie. Puis, dans un second temps, pour aider les Etats \u00e0 surmonter le s\u00e9isme \u00e9conomique qui s\u2019annonce. <a href=\"https:\/\/www.liberation.fr\/planete\/2020\/04\/13\/covid-19-en-afrique-la-solidarite-recyclee-de-la-france-et-de-l-ue_1784913\/\">(13 avril 2020).<\/a><\/p>\n<hr \/>\n<p><strong>Huffington Post [ARTICLE]<\/strong> La seule r\u00e9ponse qui ait jamais d\u00e9montr\u00e9 son efficacit\u00e9 consiste \u00e0 faire cause commune pour prot\u00e9ger la sant\u00e9 de tous partout dans le monde. La pand\u00e9mie ne conna\u00eet pas de fronti\u00e8re, les dirigeants de la plan\u00e8te doivent urgemment s\u2019allier pour assurer une r\u00e9ponse mondiale. Najat Vallaud-Belkacem <a href=\"https:\/\/www.huffingtonpost.fr\/entry\/coronavirus-a-la-tete-dune-ong-najat-vallaud-belkacem-demande-un-plan-mondial_fr_5e8c746bc5b6e1d10a69f4f6\">(7 avril 2020).<\/a><\/p>\n<hr \/>\n<p><strong>\u00a0La Presse de la Manche [ARTICLE]<\/strong> Ingrid Hardouin a \u00e9t\u00e9 s\u00e9l\u00e9ctionn\u00e9e par ONE et rejoint un groupe de 50 jeunes Ambassadeurs et Ambassadrices de ONE. Sa toute premi\u00e8re mission: appeler la France \u00e0 soutenir la vaccination des enfants dans les pays pauvres. <a href=\"https:\/\/actu.fr\/societe\/manche-ingrid-milite-dans-long-one-cotes-bono_32810287.html\">(7 avril 2020).<\/a><\/p>\n<hr \/>\n<p><strong>Le Monde [TRIBUNE]<\/strong> Parce qu\u2019une pand\u00e9mie exige une r\u00e9ponse mondiale, ONE lance une campagne appelant les gouvernements et de les entreprises \u00e0 soutenir un plan de lutte contre le Covid-19 \u00e0 l\u2019\u00e9chelle internationale. Najat Vallaud-Belkacem,\u00a0 <a href=\"https:\/\/www.lemonde.fr\/idees\/article\/2020\/04\/07\/najat-vallaud-belkacem-a-pandemie-mondiale-reponse-mondiale_6035818_3232.html\">(7 avril 2020).<\/a><\/p>\n<hr \/>\n<p><strong>Le Parisien [ARTICLE]<\/strong> Ang\u00e9lique Girault endosse un nouveau r\u00f4le: celui de jeune Ambassadrice de l\u2019ONG ONE. Fortement engag\u00e9e, elle devient porte-parole de campagnes de sensibilisation \u00e0 l\u2019extr\u00eame pauvret\u00e9 et aux maladies \u00e9vitables dans le monde.\u00a0 <a href=\"https:\/\/www.leparisien.fr\/hauts-de-seine-92\/levallois-perret-angelique-ambassadrice-de-la-lutte-contre-l-extreme-pauvrete-12-03-2020-8278299.php?ts=1641575507379\">(12 mars 2020).<\/a><\/p>\n<hr \/>\n<p><strong>L\u2019Union [ARTICLE]<\/strong>\u00a0 Romane Mika fait partie des 50 jeunes ayant \u00e9t\u00e9 s\u00e9lectionn\u00e9s par ONE. Elle est jeune Ambassadrice pour la troisi\u00e8me ann\u00e9e cons\u00e9cutive. Pendant un an, elle ira \u00e0 la rencontre des \u00e9lus et des citoyens de sa r\u00e9gion pour les convaincre d\u2019agir \u00e0 ses c\u00f4t\u00e9s contre les in\u00e9galit\u00e9s mondiales. <a href=\"https:\/\/www.lunion.fr\/id137600\/article\/2020-03-10\/une-remoise-devient-jeune-ambassadrice-de-one-lassociation-fondee-par-bono-de-u2\">(10 mars 2020).<\/a><\/p>\n<hr \/>\n<p><strong>France info [ARTICLE]\u00a0<\/strong> Ang\u00e9lique Girault a \u00e9t\u00e9 s\u00e9lectionn\u00e9e parmi des centaines de candidatures pour devenir ambassadrice de ONE. Elle s\u2019engage \u00e0 devenir, pour un an, une repr\u00e9sentante d\u2019une g\u00e9n\u00e9ration qui se mobilise pour lutter contre l\u2019extr\u00eame pauvret\u00e9 et les in\u00e9galit\u00e9s mondiales.\u00a0 <a href=\"https:\/\/france3-regions.francetvinfo.fr\/centre-val-de-loire\/indre-loire\/montlouis-loire\/jeune-tourangelle-s-engage-contre-extreme-pauvrete-ong-one-1795007.html\">(4 mars 2020).<\/a><\/p>\n<hr \/>\n<p><strong>Rue 89 Bordeaux [ARTICLE] <\/strong>Maya Pargade-Klitzke fait partie des 50 jeunes Ambassadeurs de ONE. Au sein de sa ville, son \u00e9cole, lors de festivals culturels, sur les r\u00e9seaux sociaux, et m\u00eame \u00e0 l\u2019Assembl\u00e9e nationale ou au Parlement europ\u00e9en, la jeune ambassadrice portera les valeurs de l\u2019organisation pour sensibiliser aux in\u00e9galit\u00e9s mondiales.\u00a0 <a href=\"https:\/\/rue89bordeaux.com\/2020\/03\/une-bordelaise-contre-lextreme-pauvrete-avec-one-long-cofondee-par-bono\/\">(4 mars 2020).<\/a><\/p>\n<hr \/>\n<p><strong>[ARTICLE]<\/strong> Tidjiane Peredes et Manon Jordana ont \u00e9t\u00e9 s\u00e9lectionn\u00e9s pour devenir des jeune ambassadeurs de ONE et convaincre les d\u00e9cideurs politiques et citoyens d\u2019agir pour mettre fin aux in\u00e9galit\u00e9s dans le monde. <a href=\"https:\/\/www.lejournaltoulousain.fr\/societe\/deux-jeunes-toulousains-rejoignent-long-one-du-chanteur-de-u2-bono-115060\/\">(7 mars 2021).<\/a><\/p>\n<hr \/>\n<p><strong>Sud Ouest [ARTICLE]<\/strong> Solune Pailh\u00e9 et Maya Pargade-Klitzke font parties des 300 jeunes ambassadeurs et ambassadrices en Europe qui \u00e9laborent des plaidoyers pour changer les r\u00e8gles du jeu et parvenir \u00e0 r\u00e9duire l\u2019extr\u00eame pauvret\u00e9 dans le monde.\u00a0 <a href=\"https:\/\/www.sudouest.fr\/gironde\/bordeaux\/bordeaux-elles-sont-les-jeunes-ambassadrices-locales-de-l-ong-one-1558605.php\">(10 mars 2021)<\/a>.<\/p>\n<hr \/>\n<p><strong>France info [ARTICLE]<\/strong> Elise Liotard et Paula Druschke, nouvelles jeunes ambassadrices de ONE, s\u2019engagent pour que chacun et chacune puisse mener des vies dignes et pleines de possibilit\u00e9s.\u00a0 <a href=\"https:\/\/france3-regions.francetvinfo.fr\/grand-est\/meurthe-et-moselle\/nancy\/meurthe-et-moselle-deux-etudiantes-de-sciences-po-nancy-s-engagent-contre-l-extreme-pauvrete-1987735.html\">(9 mars 2021)<\/a>.<\/p>\n<hr \/>\n<p><strong>l\u2019Humanit\u00e9 [ARTICLE]<\/strong> Le nationalisme vaccinal pourrait constituer un frein au fonctionnement du m\u00e9canisme de financement et de distribution COVAX qui a pour but d\u2019approvisionner en vaccins les pays \u00e0 revenu faible ou interm\u00e9diaire. <a href=\"https:\/\/www.humanite.fr\/vaccination-les-pays-pauvres-attendront-697923\">(23 d\u00e9cembre 2020).<\/a><\/p>\n<hr \/>\n<p><strong>Les Echos [TRIBUNE]<\/strong> La r\u00e9union tenu \u00e0 l\u2019OMC est une occasion unique de r\u00e9aliser l\u2019ambition d\u2019un vaccin comme \u00ab bien public mondial \u00bb et garantir un acc\u00e8s \u00e9quitable aux vaccins et aux m\u00e9dicaments permettant de lutter contre le Covid-19. Collectif d\u2019ONG dont ONE, Les Echos <a href=\"https:\/\/www.lesechos.fr\/idees-debats\/cercle\/opinion-partage-de-la-propriete-intellectuelle-un-defi-pour-les-futurs-vaccins-contre-le-covid-1272411\">(9 d\u00e9cembre 2020).<\/a><\/p>\n<hr \/>\n<p><strong>L\u2019Echo Le R\u00e9gional [ARTICLE]<\/strong> En devenant jeune ambassadrice, Kelly Vaz-Semedo participe \u00e0 la mission de ONE de convaincre les parlementaires europ\u00e9ens et nationaux de voter un budget d\u2019aide au d\u00e9veloppement plus ambitieux.\u00a0 <a href=\"https:\/\/drive.google.com\/file\/d\/1_VEG8PElb4sLdCAth9_uzrEcExsSogpQ\/view\">(21 octobre 2020)<\/a>.<\/p>\n<hr \/>\n<p><strong>Les Echos\u00a0 [ARTICLE]<\/strong> En pleine pand\u00e9mie mondiale, il est inacceptable que les pays les plus pauvres du monde aient \u00e0 choisir entre payer le service de leur dette ou maintenir leur \u00e9conomie \u00e0 flot. Najat Vallaud-Belkacem,<a href=\"https:\/\/www.lesechos.fr\/monde\/enjeux-internationaux\/la-dette-des-pays-pauvres-au-coeur-des-discussions-du-g20-1255269\">(13 octobre 2020).<\/a><\/p>\n<hr \/>\n<p><strong>M\u00e9diapart [LETTRE OUVERTE]<\/strong> \u00c0 la veille du Conseil europ\u00e9en, les jeunes Ambassadeurs et Ambassadrices de ONE exhortent les dirigeants europ\u00e9ens \u00e0 augmenter de mani\u00e8re significative les ressources allou\u00e9es \u00e0 l\u2019action ext\u00e9rieure et aux investissements en Afrique. <a href=\"https:\/\/blogs.mediapart.fr\/one-france\/blog\/160720\/lettre-des-jeunes-ambassadeurs-et-ambassadrices-de-one-aux-dirigeants-europeens\">(16 juillet 2020).<\/a><\/p>\n<hr \/>\n<p><strong>Le Monde [TRIBUNE]<\/strong> Il est temps pour la France, qui s\u2019est positionn\u00e9e en leader sur la question de la dette des pays pauvres, de reconna\u00eetre les limites du moratoire propos\u00e9 par les pays du G20. Comment les pays qui en b\u00e9n\u00e9ficient rembourseront-ils cette dette lorsque la suspension arrivera \u00e0 son terme ? Collectif d\u2019ONG dont ONE,\u00a0 <a href=\"https:\/\/www.lemonde.fr\/idees\/article\/2020\/07\/16\/dette-des-pays-pauvres-les-creanciers-prives-doivent-participer-aux-allegements-decides-par-la-communaute-internationale_6046320_3232.html\">(16 juillet 2020).<\/a><\/p>\n<hr \/>\n<p><strong>L\u2019Obs [TRIBUNE]<\/strong> Pour fair face aux d\u00e9fis de notre monde, une taxe sur les transactions financi\u00e8res ambitieuse est n\u00e9c\u00e9ssaire. Ce que nos concitoyens demandent, c\u2019est davantage de justice et d\u2019\u00e9quit\u00e9. Cela exprime le souhait d\u2019une redistribution plus juste des richesses, en France, dans l\u2019Union europ\u00e9enne, et dans le monde. ONE et Oxfam,<a href=\"https:\/\/www.nouvelobs.com\/economie\/20200630.OBS30700\/tribune-cecile-duflot-et-najat-vallaud-belkacem-l-europe-a-besoin-d-une-taxe-sur-les-transactions-financieres-a-la-hauteur-des-enjeux.html\">\u00a0(30 juin 2020).<\/a><\/p>\n<hr \/>\n<p><strong>Le JDD [TRIBUNE] <\/strong>Le vaccin contre le Covid-19 n\u2019est pas encore disponible, mais les craintes d\u2019un nationalisme vaccinal sont d\u00e9j\u00e0 bien pr\u00e9sentes. C\u2019est d\u00e8s maintenant qu\u2019il faut cr\u00e9er les conditions d\u2019un acc\u00e8s universel au vaccin. Il faut \u00e9viter \u00e0 tout prix que la course aux profits vienne entraver l\u2019acc\u00e8s des personnes les plus expos\u00e9es et d\u00e9munies. Collectif d\u2019ONG dont ONE ,\u00a0 <a href=\"https:\/\/www.lejdd.fr\/Societe\/cecile-duflot-najat-vallaud-belkacem-et-11-dirigeants-dong-engages-contre-le-nationalisme-vaccinal-3977628\">(27 juin 2020).<br \/>\n<\/a><\/p>\n<hr \/>\n<p><strong>20 minutes [ARTICLE]<\/strong> Maya Pargade-Klitzke devient jeune Ambassadrice du mouvement ONE. Sa mission est d\u2019aller \u00e0 la rencontre des \u00e9lus locaux et d\u00e9fendre plusieurs causes, notamment la vaccination dans les pays pauvres, l\u2019\u00e9galit\u00e9 hommes-femmes, et les droits des femmes et de la jeunesse.\u00a0 <a href=\"https:\/\/www.20minutes.fr\/bordeaux\/2743739-20200603-video-ambassadrice-ong-one-maya-21-ans-veut-lutter-contre-extreme-pauvrete\">(3 juin 2020).<\/a><\/p>\n<hr \/>\n<p><strong>Les Echos [TRIBUNE]<\/strong> Le Covid-19 est une maladie nouvelle, au rythme et aux formes \u00e9volutifs. En raison des fortes in\u00e9galit\u00e9s vaccinales, la catastrophe sanitaire actuelle pourrait \u00eatre encore amplifi\u00e9e par le d\u00e9veloppement d\u2019autres maladies. Najat Vallaud-Belkacem et Guillaume Grosso, <a href=\"https:\/\/www.lesechos.fr\/idees-debats\/cercle\/opinion-une-pandemie-peut-en-cacher-une-autre-1207588\">\u00a0(2 juin 2020)<\/a>.<\/p>\n<hr \/>\n<p><strong>M\u00e9diapart [TRIBUNE]<\/strong> Grandis berc\u00e9s par des actualit\u00e9s alarmantes, de l\u2019acc\u00e9l\u00e9ration du changement climatique \u00e0 l\u2019accroissement des in\u00e9galit\u00e9s, en passant par la mont\u00e9e des populismes, les jeunes Ambassadeurs et Ambassadrices de ONE demandent une remise en question g\u00e9n\u00e9rale du monde dans lequel ils vieilliront. <a href=\"https:\/\/blogs.mediapart.fr\/one-france\/blog\/200520\/le-monde-dapres-vu-par-les-jeunes-ambassadeurs-et-ambassadrices-de-one\">(20 mai 2020)<\/a>.<\/p>\n<hr \/>\n<p><strong>Monaco Hebdo [ARTICLE] <\/strong>En moyenne, quand un traitement est trouv\u00e9 pour une maladie, il faut au moins sept ans de plus avant qu\u2019il arrive dans les pays les plus pauvres. Cela n\u2019est plus acceptable. Il faut absolument revoir ces r\u00e8gles pour que le vaccin contre le Covid-19 soit un bien public mondial. Najat Vallaud-Belkacem,\u00a0 <a href=\"https:\/\/www.monacohebdo.mc\/actualites\/international\/interview-najat-vallaud-belkacem-covid19\/\">(18 mai 2020).<\/a><\/p>\n<hr \/>\n<p><strong>We Demain [TRIBUNE]<\/strong> En cette semaine mondiale de la vaccination, les jeunes Ambassadeurs et Ambassadrices de ONE s\u2019adressent au Pr\u00e9sident de la R\u00e9publique qui repr\u00e9sentera la France lors de la conf\u00e9rence de lev\u00e9e de fonds organis\u00e9e le 4 mai par l\u2019Union europ\u00e9enne. Les jeunes activistes attendent du Gouvernement fran\u00e7ais une contribution ambitieuse pour assurer l\u2019\u00e9radication du Covid-19.\u00a0 <a href=\"https:\/\/www.wedemain.fr\/dechiffrer\/lettre-au-president-pour-une-aide-a-la-vaccination-des-pays-pauvres_a4680-html\/\">(30 avril 2020).<\/a><\/p>\n<hr \/>\n<p><strong>L\u2019Obs [TRIBUNE]<\/strong> Trente pays en Afrique subsaharienne d\u00e9pensent plus pour le remboursement de leur dette que pour les soins de sant\u00e9. ONE appelle une suspension accompagn\u00e9e d\u2019une restructuration de la dette avec pour objectif l\u2019annulation de ce poids <em>\u00ab insoutenable \u00bb.\u00a0<\/em>Najat Vallaud-Belkacem, <a href=\"https:\/\/www.nouvelobs.com\/coronavirus-de-wuhan\/20200418.OBS27689\/najat-vallaud-belkacem-suspendre-les-dettes-des-pays-les-plus-pauvres-n-est-pas-suffisant.html\">(18 avril 2020).<\/a><\/p>\n<hr \/>\n<p><strong>Jeune Afrique [ARTICLE] <\/strong>Les milieux scientifiques et de la recherche font preuve pour la plupart d\u2019une coop\u00e9ration internationale hors pair. C\u2019est au niveau politique que le manque de coop\u00e9ration internationale risque d\u2019avoir les cons\u00e9quences les plus d\u00e9sastreuses. On regrette d\u00e9j\u00e0 la comp\u00e9tition que se sont livr\u00e9s certains pays pour se d\u00e9rober de masques et autres outils prot\u00e9geant du Covid-19. Najat Vallaud-Belkacem, <a href=\"https:\/\/www.jeuneafrique.com\/927009\/politique\/najat-vallaud-belkacem-il-faut-donner-au-futur-vaccin-contre-le-coronavirus-le-statut-de-bien-public-mondial\/\">\u00a0(14 avril 2020).<\/a><\/p>\n<hr \/>\n<p><strong>Lib\u00e9ration [ARTICLE]<\/strong>\u00a0 La croissance du PIB en Afrique serait fortement r\u00e9duite \u00e0 cause de la pand\u00e9mie du Covid-19. Il y a donc urgence \u00e0 d\u00e9bloquer des fonds, le plus vite possible, pour construire un rempart sanitaire face \u00e0 l\u2019\u00e9pid\u00e9mie. Puis, dans un second temps, pour aider les Etats \u00e0 surmonter le s\u00e9isme \u00e9conomique qui s\u2019annonce.<a href=\"https:\/\/www.liberation.fr\/planete\/2020\/04\/13\/covid-19-en-afrique-la-solidarite-recyclee-de-la-france-et-de-l-ue_1784913\/\">\u00a0(13 avril 2020).<\/a><\/p>\n<hr \/>\n<p><strong>Huffington Post [ARTICLE]<\/strong> La seule r\u00e9ponse qui ait jamais d\u00e9montr\u00e9 son efficacit\u00e9 consiste \u00e0 faire cause commune pour prot\u00e9ger la sant\u00e9 de tous partout dans le monde. La pand\u00e9mie ne conna\u00eet pas de fronti\u00e8re, les dirigeants de la plan\u00e8te doivent urgemment s\u2019allier pour assurer une r\u00e9ponse mondiale. Najat Vallaud-Belkacem\u00a0 <a href=\"https:\/\/www.huffingtonpost.fr\/entry\/coronavirus-a-la-tete-dune-ong-najat-vallaud-belkacem-demande-un-plan-mondial_fr_5e8c746bc5b6e1d10a69f4f6\">(7 avril 2020).<\/a><\/p>\n<hr \/>\n<p><strong>\u00a0La Presse de la Manche [ARTICLE]<\/strong> Ingrid Hardouin a \u00e9t\u00e9 s\u00e9l\u00e9ctionn\u00e9e par ONE et rejoint un groupe de 50 jeunes Ambassadeurs et Ambassadrices de ONE. Sa toute premi\u00e8re mission: appeler la France \u00e0 soutenir la vaccination des enfants dans les pays pauvres. <a href=\"https:\/\/actu.fr\/societe\/manche-ingrid-milite-dans-long-one-cotes-bono_32810287.html\">(7 avril 2020).<\/a><\/p>\n<hr \/>\n<p><strong>Le Monde [TRIBUNE]<\/strong> Parce qu\u2019une pand\u00e9mie exige une r\u00e9ponse mondiale, ONE lance une campagne appelant les gouvernements et de les entreprises \u00e0 soutenir un plan de lutte contre le Covid-19 \u00e0 l\u2019\u00e9chelle internationale. Najat Vallaud-Belkacem, <a href=\"https:\/\/www.lemonde.fr\/idees\/article\/2020\/04\/07\/najat-vallaud-belkacem-a-pandemie-mondiale-reponse-mondiale_6035818_3232.html\">\u00a0(7 avril 2020)<\/a>.<\/p>\n<hr \/>\n<p><strong>Le Parisien [ARTICLE]<\/strong> Ang\u00e9lique Girault endosse un nouveau r\u00f4le: celui de jeune Ambassadrice de l\u2019ONG ONE. Fortement engag\u00e9e, elle devient porte-parole de campagnes de sensibilisation \u00e0 l\u2019extr\u00eame pauvret\u00e9 et aux maladies \u00e9vitables dans le monde. <a href=\"https:\/\/www.leparisien.fr\/hauts-de-seine-92\/levallois-perret-angelique-ambassadrice-de-la-lutte-contre-l-extreme-pauvrete-12-03-2020-8278299.php?ts=1641575507379\">(12 mars 2020).<\/a><\/p>\n<hr \/>\n<p><strong>L\u2019Union [ARTICLE]<\/strong>\u00a0 Romane Mika fait partie des 50 jeunes ayant \u00e9t\u00e9 s\u00e9lectionn\u00e9s par ONE. Elle est jeune Ambassadrice pour la troisi\u00e8me ann\u00e9e cons\u00e9cutive. Pendant un an, elle ira \u00e0 la rencontre des \u00e9lus et des citoyens de sa r\u00e9gion pour les convaincre d\u2019agir \u00e0 ses c\u00f4t\u00e9s contre les in\u00e9galit\u00e9s mondiales. <a href=\"https:\/\/www.lunion.fr\/id137600\/article\/2020-03-10\/une-remoise-devient-jeune-ambassadrice-de-one-lassociation-fondee-par-bono-de-u2\">(10 mars 2020).<\/a><\/p>\n<hr \/>\n<p><strong>France info [ARTICLE]\u00a0<\/strong> Ang\u00e9lique Girault a \u00e9t\u00e9 s\u00e9lectionn\u00e9e parmi des centaines de candidatures pour devenir ambassadrice de ONE. Elle s\u2019engage \u00e0 devenir, pour un an, une repr\u00e9sentante d\u2019une g\u00e9n\u00e9ration qui se mobilise pour lutter contre l\u2019extr\u00eame pauvret\u00e9 et les in\u00e9galit\u00e9s mondiales. <a href=\"https:\/\/france3-regions.francetvinfo.fr\/centre-val-de-loire\/indre-loire\/montlouis-loire\/jeune-tourangelle-s-engage-contre-extreme-pauvrete-ong-one-1795007.html\">\u00a0(4 mars 2020).<\/a><\/p>\n<hr \/>\n<p><strong>Rue 89 Bordeaux [ARTICLE] <\/strong>Maya Pargade-Klitzke fait partie des 50 jeunes Ambassadeurs de ONE. Au sein de sa ville, son \u00e9cole, lors de festivals culturels, sur les r\u00e9seaux sociaux, et m\u00eame \u00e0 l\u2019Assembl\u00e9e nationale ou au Parlement europ\u00e9en, la jeune ambassadrice portera les valeurs de l\u2019organisation pour sensibiliser aux in\u00e9galit\u00e9s mondiales.\u00a0 <a href=\"https:\/\/rue89bordeaux.com\/2020\/03\/une-bordelaise-contre-lextreme-pauvrete-avec-one-long-cofondee-par-bono\/\">(4 mars 2020).<\/a><\/p>\n<hr \/>\n<div class=\"buffer\"><\/div>","protected":false},"excerpt":{"rendered":"<p>Vous trouverez ici les interventions r\u00e9centes et les tribunes de ONE dans la presse. Cliquez sur l\u2019image de l\u2019intervention qui vous int\u00e9resse pour \u00eatre redirig\u00e9 vers l\u2019article complet. L&#8217;Union [INTERVIEW] Les 9 et 10 octobre, Inas El Aidi, \u00e9tudiante \u00e0 Science Po Reims, s\u2019est rendu \u00e0 l\u2019Assembl\u00e9e Nationale en tant que jeune Ambassadrice de l\u2019association [&hellip;]<\/p>\n","protected":false},"author":0,"featured_media":163023,"comment_status":"open","ping_status":"open","sticky":false,"template":"","format":"standard","meta":{"_acf_changed":false,"_relevanssi_hide_post":"","_relevanssi_hide_content":"","_relevanssi_pin_for_all":"","_relevanssi_pin_keywords":"","_relevanssi_unpin_keywords":"","_relevanssi_related_keywords":"","_relevanssi_related_include_ids":"","_relevanssi_related_exclude_ids":"","_relevanssi_related_no_append":"","_relevanssi_related_not_related":"","_relevanssi_related_posts":"163644,163639,163579,163519,162677,162676","_relevanssi_noindex_reason":"","footnotes":""},"categories":[85],"tags":[],"topic":[],"contributor":[33],"one_content_audience":[],"one_content_type":[],"one_content_tone":[],"class_list":["post-162523","post","type-post","status-publish","format-standard","has-post-thumbnail","hentry","category-one-dans-les-medias","contributor-one-france"],"acf":[],"yoast_head":"<!-- This site is optimized with the Yoast SEO Premium plugin v27.1 (Yoast SEO v27.1.1) - https:\/\/yoast.com\/product\/yoast-seo-premium-wordpress\/ -->\n<title>ONE dans la presse - ONE.org France<\/title>\n<meta name=\"robots\" content=\"index, follow, max-snippet:-1, max-image-preview:large, max-video-preview:-1\" \/>\n<link rel=\"canonical\" href=\"https:\/\/www.one.org\/fr\/actualites\/one-dans-la-presse\/\" \/>\n<meta property=\"og:locale\" content=\"fr_FR\" \/>\n<meta property=\"og:type\" content=\"article\" \/>\n<meta property=\"og:title\" content=\"ONE dans la presse\" \/>\n<meta property=\"og:description\" content=\"Vous trouverez ici les interventions r\u00e9centes et les tribunes de ONE dans la presse. Cliquez sur l\u2019image de l\u2019intervention qui vous int\u00e9resse pour \u00eatre redirig\u00e9 vers l\u2019article complet. L&#8217;Union [INTERVIEW] Les 9 et 10 octobre, Inas El Aidi, \u00e9tudiante \u00e0 Science Po Reims, s\u2019est rendu \u00e0 l\u2019Assembl\u00e9e Nationale en tant que jeune Ambassadrice de l\u2019association [&hellip;]\" \/>\n<meta property=\"og:url\" content=\"https:\/\/www.one.org\/fr\/actualites\/one-dans-la-presse\/\" \/>\n<meta property=\"og:site_name\" content=\"ONE.org France\" \/>\n<meta property=\"article:publisher\" content=\"https:\/\/www.facebook.com\/ONE.Fr\" \/>\n<meta property=\"article:published_time\" content=\"2021-12-15T09:27:12+00:00\" \/>\n<meta property=\"article:modified_time\" content=\"2024-04-23T12:34:42+00:00\" \/>\n<meta property=\"og:image\" content=\"https:\/\/www.one.org\/fr\/wp-content\/uploads\/sites\/4\/2021\/12\/MediaAppearances_2021_800x800_1-100.jpg\" \/>\n\t<meta property=\"og:image:width\" content=\"800\" \/>\n\t<meta property=\"og:image:height\" content=\"800\" \/>\n\t<meta property=\"og:image:type\" content=\"image\/jpeg\" \/>\n<meta name=\"twitter:card\" content=\"summary_large_image\" \/>\n<meta name=\"twitter:creator\" content=\"@one_fr\" \/>\n<meta name=\"twitter:site\" content=\"@one_fr\" \/>\n<meta name=\"twitter:label1\" content=\"Est. reading time\" \/>\n\t<meta name=\"twitter:data1\" content=\"177 minutes\" \/>\n<script type=\"application\/ld+json\" class=\"yoast-schema-graph\">{\"@context\":\"https:\/\/schema.org\",\"@graph\":[{\"@type\":\"Article\",\"@id\":\"https:\/\/www.one.org\/fr\/actualites\/one-dans-la-presse\/#article\",\"isPartOf\":{\"@id\":\"https:\/\/www.one.org\/fr\/actualites\/one-dans-la-presse\/\"},\"author\":{\"name\":\"\",\"@id\":\"\"},\"headline\":\"ONE dans la presse\",\"datePublished\":\"2021-12-15T09:27:12+00:00\",\"dateModified\":\"2024-04-23T12:34:42+00:00\",\"mainEntityOfPage\":{\"@id\":\"https:\/\/www.one.org\/fr\/actualites\/one-dans-la-presse\/\"},\"wordCount\":41835,\"commentCount\":0,\"image\":{\"@id\":\"https:\/\/www.one.org\/fr\/actualites\/one-dans-la-presse\/#primaryimage\"},\"thumbnailUrl\":\"https:\/\/www.one.org\/fr\/wp-content\/uploads\/sites\/4\/2021\/12\/MediaAppearances_2021_800x800_1-100.jpg\",\"articleSection\":[\"ONE dans les m\u00e9dias\"],\"inLanguage\":\"fr-FR\",\"potentialAction\":[{\"@type\":\"CommentAction\",\"name\":\"Comment\",\"target\":[\"https:\/\/www.one.org\/fr\/actualites\/one-dans-la-presse\/#respond\"]}]},{\"@type\":\"WebPage\",\"@id\":\"https:\/\/www.one.org\/fr\/actualites\/one-dans-la-presse\/\",\"url\":\"https:\/\/www.one.org\/fr\/actualites\/one-dans-la-presse\/\",\"name\":\"ONE dans la presse - ONE.org France\",\"isPartOf\":{\"@id\":\"https:\/\/www.one.org\/fr\/#website\"},\"primaryImageOfPage\":{\"@id\":\"https:\/\/www.one.org\/fr\/actualites\/one-dans-la-presse\/#primaryimage\"},\"image\":{\"@id\":\"https:\/\/www.one.org\/fr\/actualites\/one-dans-la-presse\/#primaryimage\"},\"thumbnailUrl\":\"https:\/\/www.one.org\/fr\/wp-content\/uploads\/sites\/4\/2021\/12\/MediaAppearances_2021_800x800_1-100.jpg\",\"datePublished\":\"2021-12-15T09:27:12+00:00\",\"dateModified\":\"2024-04-23T12:34:42+00:00\",\"author\":{\"@id\":\"\"},\"breadcrumb\":{\"@id\":\"https:\/\/www.one.org\/fr\/actualites\/one-dans-la-presse\/#breadcrumb\"},\"inLanguage\":\"fr-FR\",\"potentialAction\":[{\"@type\":\"ReadAction\",\"target\":[\"https:\/\/www.one.org\/fr\/actualites\/one-dans-la-presse\/\"]}]},{\"@type\":\"ImageObject\",\"inLanguage\":\"fr-FR\",\"@id\":\"https:\/\/www.one.org\/fr\/actualites\/one-dans-la-presse\/#primaryimage\",\"url\":\"https:\/\/www.one.org\/fr\/wp-content\/uploads\/sites\/4\/2021\/12\/MediaAppearances_2021_800x800_1-100.jpg\",\"contentUrl\":\"https:\/\/www.one.org\/fr\/wp-content\/uploads\/sites\/4\/2021\/12\/MediaAppearances_2021_800x800_1-100.jpg\",\"width\":800,\"height\":800},{\"@type\":\"BreadcrumbList\",\"@id\":\"https:\/\/www.one.org\/fr\/actualites\/one-dans-la-presse\/#breadcrumb\",\"itemListElement\":[{\"@type\":\"ListItem\",\"position\":1,\"name\":\"Home\",\"item\":\"https:\/\/www.one.org\/fr\/\"},{\"@type\":\"ListItem\",\"position\":2,\"name\":\"ONE dans la presse\"}]},{\"@type\":\"WebSite\",\"@id\":\"https:\/\/www.one.org\/fr\/#website\",\"url\":\"https:\/\/www.one.org\/fr\/\",\"name\":\"ONE.org\",\"description\":\"Cr\u00e9er des opportunit\u00e9s \u00e9conomiques et am\u00e9liorer la sant\u00e9 en Afrique\",\"potentialAction\":[{\"@type\":\"SearchAction\",\"target\":{\"@type\":\"EntryPoint\",\"urlTemplate\":\"https:\/\/www.one.org\/fr\/?s={search_term_string}\"},\"query-input\":{\"@type\":\"PropertyValueSpecification\",\"valueRequired\":true,\"valueName\":\"search_term_string\"}}],\"inLanguage\":\"fr-FR\"}]}<\/script>\n<!-- \/ Yoast SEO Premium plugin. -->","yoast_head_json":{"title":"ONE dans la presse - ONE.org France","robots":{"index":"index","follow":"follow","max-snippet":"max-snippet:-1","max-image-preview":"max-image-preview:large","max-video-preview":"max-video-preview:-1"},"canonical":"https:\/\/www.one.org\/fr\/actualites\/one-dans-la-presse\/","og_locale":"fr_FR","og_type":"article","og_title":"ONE dans la presse","og_description":"Vous trouverez ici les interventions r\u00e9centes et les tribunes de ONE dans la presse. Cliquez sur l\u2019image de l\u2019intervention qui vous int\u00e9resse pour \u00eatre redirig\u00e9 vers l\u2019article complet. L&#8217;Union [INTERVIEW] Les 9 et 10 octobre, Inas El Aidi, \u00e9tudiante \u00e0 Science Po Reims, s\u2019est rendu \u00e0 l\u2019Assembl\u00e9e Nationale en tant que jeune Ambassadrice de l\u2019association [&hellip;]","og_url":"https:\/\/www.one.org\/fr\/actualites\/one-dans-la-presse\/","og_site_name":"ONE.org France","article_publisher":"https:\/\/www.facebook.com\/ONE.Fr","article_published_time":"2021-12-15T09:27:12+00:00","article_modified_time":"2024-04-23T12:34:42+00:00","og_image":[{"width":800,"height":800,"url":"https:\/\/www.one.org\/fr\/wp-content\/uploads\/sites\/4\/2021\/12\/MediaAppearances_2021_800x800_1-100.jpg","type":"image\/jpeg"}],"twitter_card":"summary_large_image","twitter_creator":"@one_fr","twitter_site":"@one_fr","twitter_misc":{"Est. reading time":"177 minutes"},"schema":{"@context":"https:\/\/schema.org","@graph":[{"@type":"Article","@id":"https:\/\/www.one.org\/fr\/actualites\/one-dans-la-presse\/#article","isPartOf":{"@id":"https:\/\/www.one.org\/fr\/actualites\/one-dans-la-presse\/"},"author":{"name":"","@id":""},"headline":"ONE dans la presse","datePublished":"2021-12-15T09:27:12+00:00","dateModified":"2024-04-23T12:34:42+00:00","mainEntityOfPage":{"@id":"https:\/\/www.one.org\/fr\/actualites\/one-dans-la-presse\/"},"wordCount":41835,"commentCount":0,"image":{"@id":"https:\/\/www.one.org\/fr\/actualites\/one-dans-la-presse\/#primaryimage"},"thumbnailUrl":"https:\/\/www.one.org\/fr\/wp-content\/uploads\/sites\/4\/2021\/12\/MediaAppearances_2021_800x800_1-100.jpg","articleSection":["ONE dans les m\u00e9dias"],"inLanguage":"fr-FR","potentialAction":[{"@type":"CommentAction","name":"Comment","target":["https:\/\/www.one.org\/fr\/actualites\/one-dans-la-presse\/#respond"]}]},{"@type":"WebPage","@id":"https:\/\/www.one.org\/fr\/actualites\/one-dans-la-presse\/","url":"https:\/\/www.one.org\/fr\/actualites\/one-dans-la-presse\/","name":"ONE dans la presse - ONE.org France","isPartOf":{"@id":"https:\/\/www.one.org\/fr\/#website"},"primaryImageOfPage":{"@id":"https:\/\/www.one.org\/fr\/actualites\/one-dans-la-presse\/#primaryimage"},"image":{"@id":"https:\/\/www.one.org\/fr\/actualites\/one-dans-la-presse\/#primaryimage"},"thumbnailUrl":"https:\/\/www.one.org\/fr\/wp-content\/uploads\/sites\/4\/2021\/12\/MediaAppearances_2021_800x800_1-100.jpg","datePublished":"2021-12-15T09:27:12+00:00","dateModified":"2024-04-23T12:34:42+00:00","author":{"@id":""},"breadcrumb":{"@id":"https:\/\/www.one.org\/fr\/actualites\/one-dans-la-presse\/#breadcrumb"},"inLanguage":"fr-FR","potentialAction":[{"@type":"ReadAction","target":["https:\/\/www.one.org\/fr\/actualites\/one-dans-la-presse\/"]}]},{"@type":"ImageObject","inLanguage":"fr-FR","@id":"https:\/\/www.one.org\/fr\/actualites\/one-dans-la-presse\/#primaryimage","url":"https:\/\/www.one.org\/fr\/wp-content\/uploads\/sites\/4\/2021\/12\/MediaAppearances_2021_800x800_1-100.jpg","contentUrl":"https:\/\/www.one.org\/fr\/wp-content\/uploads\/sites\/4\/2021\/12\/MediaAppearances_2021_800x800_1-100.jpg","width":800,"height":800},{"@type":"BreadcrumbList","@id":"https:\/\/www.one.org\/fr\/actualites\/one-dans-la-presse\/#breadcrumb","itemListElement":[{"@type":"ListItem","position":1,"name":"Home","item":"https:\/\/www.one.org\/fr\/"},{"@type":"ListItem","position":2,"name":"ONE dans la presse"}]},{"@type":"WebSite","@id":"https:\/\/www.one.org\/fr\/#website","url":"https:\/\/www.one.org\/fr\/","name":"ONE.org","description":"Cr\u00e9er des opportunit\u00e9s \u00e9conomiques et am\u00e9liorer la sant\u00e9 en Afrique","potentialAction":[{"@type":"SearchAction","target":{"@type":"EntryPoint","urlTemplate":"https:\/\/www.one.org\/fr\/?s={search_term_string}"},"query-input":{"@type":"PropertyValueSpecification","valueRequired":true,"valueName":"search_term_string"}}],"inLanguage":"fr-FR"}]}},"distributor_meta":false,"distributor_terms":false,"distributor_media":false,"distributor_original_site_name":"ONE.org France","distributor_original_site_url":"https:\/\/www.one.org\/fr","push-errors":false,"_links":{"self":[{"href":"https:\/\/www.one.org\/fr\/wp-json\/wp\/v2\/posts\/162523","targetHints":{"allow":["GET"]}}],"collection":[{"href":"https:\/\/www.one.org\/fr\/wp-json\/wp\/v2\/posts"}],"about":[{"href":"https:\/\/www.one.org\/fr\/wp-json\/wp\/v2\/types\/post"}],"replies":[{"embeddable":true,"href":"https:\/\/www.one.org\/fr\/wp-json\/wp\/v2\/comments?post=162523"}],"version-history":[{"count":0,"href":"https:\/\/www.one.org\/fr\/wp-json\/wp\/v2\/posts\/162523\/revisions"}],"wp:featuredmedia":[{"embeddable":true,"href":"https:\/\/www.one.org\/fr\/wp-json\/wp\/v2\/media\/163023"}],"wp:attachment":[{"href":"https:\/\/www.one.org\/fr\/wp-json\/wp\/v2\/media?parent=162523"}],"wp:term":[{"taxonomy":"category","embeddable":true,"href":"https:\/\/www.one.org\/fr\/wp-json\/wp\/v2\/categories?post=162523"},{"taxonomy":"post_tag","embeddable":true,"href":"https:\/\/www.one.org\/fr\/wp-json\/wp\/v2\/tags?post=162523"},{"taxonomy":"topic","embeddable":true,"href":"https:\/\/www.one.org\/fr\/wp-json\/wp\/v2\/topic?post=162523"},{"taxonomy":"contributor","embeddable":true,"href":"https:\/\/www.one.org\/fr\/wp-json\/wp\/v2\/contributor?post=162523"},{"taxonomy":"one_content_audience","embeddable":true,"href":"https:\/\/www.one.org\/fr\/wp-json\/wp\/v2\/one_content_audience?post=162523"},{"taxonomy":"one_content_type","embeddable":true,"href":"https:\/\/www.one.org\/fr\/wp-json\/wp\/v2\/one_content_type?post=162523"},{"taxonomy":"one_content_tone","embeddable":true,"href":"https:\/\/www.one.org\/fr\/wp-json\/wp\/v2\/one_content_tone?post=162523"}],"curies":[{"name":"wp","href":"https:\/\/api.w.org\/{rel}","templated":true}]}}