{"id":162521,"date":"2021-12-14T16:15:31","date_gmt":"2021-12-14T16:15:31","guid":{"rendered":"https:\/\/www.one.org\/fr\/one-a-la-radio\/"},"modified":"2024-04-23T12:34:49","modified_gmt":"2024-04-23T12:34:49","slug":"one-a-la-radio","status":"publish","type":"post","link":"https:\/\/www.one.org\/fr\/actualites\/one-a-la-radio\/","title":{"rendered":"ONE \u00e0 la radio"},"content":{"rendered":"<p style=\"text-align: left\"><strong>Vous trouverez ici les interventions r\u00e9centes de ONE \u00e0 la radio. Cliquez sur l\u2019image de l\u2019intervention qui vous int\u00e9resse pour \u00eatre redirig\u00e9 vers l\u2019\u00e9mission compl\u00e8te.<\/strong><\/p>\n<hr \/>\n<p>[INTERVIEW] PRUN Radio a invit\u00e9 Eva et La\u00efla pour qu&#8217;elles partagent leur engagement au sein de ONE ainsi que de leur participation aux Lobby Days. <a href=\"https:\/\/www.prun.net\/emission\/5Xg3-curiocite\/mRkm-onpl-one\">(31 octobre 2023)<\/a>. \u00e0 partir de 27min<\/p>\n<p style=\"text-align: center\"><img loading=\"lazy\" decoding=\"async\" class=\"alignnone size-medium wp-image-164925\" src=\"https:\/\/www.one.org\/fr\/wp-content\/uploads\/sites\/4\/2021\/12\/Capture-PR-300x300.png\" alt=\"\" width=\"300\" height=\"300\" srcset=\"https:\/\/www.one.org\/fr\/wp-content\/uploads\/sites\/4\/2021\/12\/Capture-PR-300x300.png 300w, https:\/\/www.one.org\/fr\/wp-content\/uploads\/sites\/4\/2021\/12\/Capture-PR-150x150.png 150w, https:\/\/www.one.org\/fr\/wp-content\/uploads\/sites\/4\/2021\/12\/Capture-PR-16x16.png 16w, https:\/\/www.one.org\/fr\/wp-content\/uploads\/sites\/4\/2021\/12\/Capture-PR-320x319.png 320w, https:\/\/www.one.org\/fr\/wp-content\/uploads\/sites\/4\/2021\/12\/Capture-PR.png 427w\" sizes=\"auto, (max-width: 300px) 100vw, 300px\" \/><\/p>\n<p>[INTERVIEW] La\u00efla \u00e9tait invit\u00e9e chez France Bleu Normandie pour partager son exp\u00e9rience aux Lobby Days. France Bleu Normandie <a href=\"https:\/\/www.francebleu.fr\/emissions\/les-normands-sont-formidables\/laila-un-engagement-jusqu-a-l-assemblee-nationale-1738858\">(18 octobre 2023)\u00a0<\/a><\/p>\n<p><img loading=\"lazy\" decoding=\"async\" class=\"alignnone  wp-image-164930 aligncenter\" src=\"https:\/\/www.one.org\/fr\/wp-content\/uploads\/sites\/4\/2021\/12\/itw-france-bleu-300x128.png\" alt=\"\" width=\"356\" height=\"152\" srcset=\"https:\/\/www.one.org\/fr\/wp-content\/uploads\/sites\/4\/2021\/12\/itw-france-bleu-300x128.png 300w, https:\/\/www.one.org\/fr\/wp-content\/uploads\/sites\/4\/2021\/12\/itw-france-bleu-1024x436.png 1024w, https:\/\/www.one.org\/fr\/wp-content\/uploads\/sites\/4\/2021\/12\/itw-france-bleu-768x327.png 768w, https:\/\/www.one.org\/fr\/wp-content\/uploads\/sites\/4\/2021\/12\/itw-france-bleu-1536x654.png 1536w, https:\/\/www.one.org\/fr\/wp-content\/uploads\/sites\/4\/2021\/12\/itw-france-bleu-16x7.png 16w, https:\/\/www.one.org\/fr\/wp-content\/uploads\/sites\/4\/2021\/12\/itw-france-bleu-320x136.png 320w, https:\/\/www.one.org\/fr\/wp-content\/uploads\/sites\/4\/2021\/12\/itw-france-bleu-640x272.png 640w, https:\/\/www.one.org\/fr\/wp-content\/uploads\/sites\/4\/2021\/12\/itw-france-bleu-800x341.png 800w, https:\/\/www.one.org\/fr\/wp-content\/uploads\/sites\/4\/2021\/12\/itw-france-bleu-1600x681.png 1600w, https:\/\/www.one.org\/fr\/wp-content\/uploads\/sites\/4\/2021\/12\/itw-france-bleu-1200x511.png 1200w, https:\/\/www.one.org\/fr\/wp-content\/uploads\/sites\/4\/2021\/12\/itw-france-bleu.png 1851w\" sizes=\"auto, (max-width: 356px) 100vw, 356px\" \/><\/p>\n<p><strong>[INTERVIEW]<\/strong> Inas, Ilyes et Manon \u00e9taient invit\u00e9s \u00e0 Radio Campus Paris pour revenir sur leurs rencontres avec les d\u00e9put\u00e9s lors des Lobby Days. RCP <a href=\"https:\/\/www.radiocampusparis.org\/emission\/y7-la-matinale-de-19h?page=3\">(16 octobre 2023)<\/a><\/p>\n<p><img loading=\"lazy\" decoding=\"async\" class=\"size-medium wp-image-164918 aligncenter\" src=\"https:\/\/www.one.org\/fr\/wp-content\/uploads\/sites\/4\/2021\/12\/logo-radio-campus-paris-300x300.png\" alt=\"\" width=\"300\" height=\"300\" srcset=\"https:\/\/www.one.org\/fr\/wp-content\/uploads\/sites\/4\/2021\/12\/logo-radio-campus-paris-300x300.png 300w, https:\/\/www.one.org\/fr\/wp-content\/uploads\/sites\/4\/2021\/12\/logo-radio-campus-paris-150x150.png 150w, https:\/\/www.one.org\/fr\/wp-content\/uploads\/sites\/4\/2021\/12\/logo-radio-campus-paris-16x16.png 16w, https:\/\/www.one.org\/fr\/wp-content\/uploads\/sites\/4\/2021\/12\/logo-radio-campus-paris-320x321.png 320w, https:\/\/www.one.org\/fr\/wp-content\/uploads\/sites\/4\/2021\/12\/logo-radio-campus-paris.png 385w\" sizes=\"auto, (max-width: 300px) 100vw, 300px\" \/><\/p>\n<p><strong>[INTERVIEW] <\/strong>Najat Vallaud-Belkacem, directrice de ONE en France, \u00e9tait l\u2019invit\u00e9e de RFI pour parler des enjeux du sommet pour un nouveau pacte financier mondial organis\u00e9 \u00e0 Paris : \u201c<em>Ce qui nous semble prioritaire, c\u2019est la bonne mesure des besoins d\u00e9j\u00e0. On estime qu\u2019il faut a minima 2% du PIB mondial, soit 2000 milliards de dollars par an consacr\u00e9 \u00e0 la lutte contre le r\u00e9chauffement climatique et au d\u00e9veloppement, notamment des pays du Sud. Si on ne les a pas, on n\u2019y arrivera pas<\/em>\u201c. RFI (22 juin 2023)<a href=\"https:\/\/www.rfi.fr\/fr\/podcasts\/invit%C3%A9-afrique\/20230622-najat-vallaud-belkacem-la-banque-mondiale-pourrait-pr%C3%AAter-trois-fois-plus-qu-elle-ne-le-fait\"><img loading=\"lazy\" decoding=\"async\" class=\"aligncenter wp-image-161908\" src=\"https:\/\/cdn.one.org\/fr\/wp-content\/uploads\/2021\/12\/29094116\/Untitled-design-38-640x567.png\" alt=\"\" width=\"362\" height=\"320\" \/><\/a><\/p>\n<p><b data-stringify-type=\"bold\">[INTERVIEW] <\/b>Najat Vallaud-Belkacem, directrice de ONE en France, \u00e9tait l\u2019invit\u00e9e d\u2019Europe 1 pour parler des enjeux du sommet pour un \u201cNouveau Pacte Financier Mondial\u201d qui se tient \u00e0 Paris les jeudi 22 et vendredi 23 juin : \u00ab <em>c\u2019est un sommet en r\u00e9alit\u00e9 dont la d\u00e9marche est tr\u00e8s ambitieuse qui a vocation \u00e0 r\u00e9interroger tout notre syst\u00e8me financier mondial<\/em> \u00bb. Europe 1 (17 juin 2023)<\/p>\n<p><a href=\"https:\/\/www.europe1.fr\/emissions\/L-invite-de\/apres-la-cop27-un-sommet-pour-un-nouveau-pacte-financier-mondial-la-semaine-prochaine-a-paris-4189390\"><img loading=\"lazy\" decoding=\"async\" class=\"aligncenter wp-image-161895\" src=\"https:\/\/cdn.one.org\/fr\/wp-content\/uploads\/2021\/12\/21141032\/Apres-la-Cop27-un-sommet-pour-un-nouveau-pacte-financier-mondial-la-semaine-prochaine-a-Paris-640x640.png\" alt=\"\" width=\"334\" height=\"334\" \/><\/a><\/p>\n<p><strong>[INTERVIEW] <\/strong>Laurena Sebire \u00e9tait l\u2019invit\u00e9e de Radio Prun\u2019 pour parler de son engagement en tant que jeune Ambassadrice de ONE ! (25 avril 2023)<\/p>\n<p><a href=\"https:\/\/www.prun.net\/emission\/5Xg3-curiocite\/Drlg-nightline-pays-de-la-loire-laurena-sebire-de-one\"><img loading=\"lazy\" decoding=\"async\" class=\"aligncenter wp-image-161681\" src=\"https:\/\/cdn.one.org\/fr\/wp-content\/uploads\/2021\/12\/27153203\/Untitled-design-26-640x362.png\" alt=\"\" width=\"388\" height=\"220\" \/><\/a><\/p>\n<p><strong>[INTERVIEW] <\/strong>Estelle Coulibali est l\u2019invit\u00e9e de France Bleu H\u00e9rault dans l\u2019\u00e9mission consacr\u00e9e aux talents du d\u00e9partement. Elle a \u00e9t\u00e9 s\u00e9lectionn\u00e9e pour \u00eatre jeune Ambassadrice de l\u2019ONG ONE. Elle raconte son r\u00f4le et ses missions ! <a href=\"https:\/\/www.francebleu.fr\/emissions\/l-invite-de-france-bleu-herault\">(3 avril 2023)<\/a><\/p>\n<p><b data-stringify-type=\"bold\">[INTERVIEW] <\/b>Pour la deuxi\u00e8me ann\u00e9e cons\u00e9cutive, Arnaud Bordes et Guillaume Girault sont jeunes Ambassadeurs de l\u2019ONG ONE, qui lutte notamment contre l\u2019extr\u00eame pauvret\u00e9 dans le monde. France Bleu Bourgogne (30 mars 2023)<\/p>\n<p><a href=\"https:\/\/www.francebleu.fr\/infos\/economie-social\/deux-jeunes-dijonnais-s-engagent-contre-l-extreme-pauvrete-dans-le-monde-1889117\"><img loading=\"lazy\" decoding=\"async\" class=\"aligncenter wp-image-161476\" src=\"https:\/\/cdn.one.org\/fr\/wp-content\/uploads\/2021\/12\/03141751\/Untitled-design-9-640x534.png\" alt=\"\" width=\"460\" height=\"384\" \/><\/a><\/p>\n<p><b data-stringify-type=\"bold\">[INTERVIEW] <\/b>Parce qu\u2019elle \u00e9tait au contact de l\u2019extr\u00eame pauvret\u00e9 quand elle \u00e9tait jeune, elle voulait la combattre 20 ans plus tard. La\u00efla Djafarou est devenue jeune Ambassadrice de l\u2019ONG ONE. Un mandat d\u2019un an pour interpeller, sensibiliser sur l\u2019extr\u00eame pauvret\u00e9. Que doit-elle faire exactement ? Elle nous le pr\u00e9cise. France Bleu Normandie (27 mars 2023)<\/p>\n<p><a href=\"https:\/\/www.francebleu.fr\/emissions\/ensembleu\/laila-26-ans-engagee-contre-l-extreme-pauvrete-7335737\"><img loading=\"lazy\" decoding=\"async\" class=\"aligncenter wp-image-161468\" src=\"https:\/\/cdn.one.org\/fr\/wp-content\/uploads\/2021\/12\/03135417\/Untitled-design-7-640x640.png\" alt=\"\" width=\"343\" height=\"343\" \/><\/a><\/p>\n<p><b data-stringify-type=\"bold\">[INTERVIEW] <\/b>Romane Mika fait partie des 55 jeunes s\u00e9lectionn\u00e9.e.s pour devenir jeunes Ambassadeurs et Ambassadrices de ONE, l\u2019ONG de lutte contre l\u2019extr\u00eame pauvret\u00e9. Comment Romane est entr\u00e9e dans cette aventure ? S\u00e9lection ? Entretiens ? Qu\u2019est-ce que ONE, cette ONG cofond\u00e9e par Bono du groupe U2 ? Quelles sont ses missions ? Actions concr\u00e8tes ? Romane nous explique ! France Bleu Champagne-Ardenne (23 mars 2023)<\/p>\n<p><a href=\"https:\/\/www.francebleu.fr\/emissions\/une-equipe-formidable\/reims-romane-23-ans-engagee-dans-l-ong-de-bono-du-groupe-u2-6974133\"><img loading=\"lazy\" decoding=\"async\" class=\"aligncenter wp-image-161463\" src=\"https:\/\/cdn.one.org\/fr\/wp-content\/uploads\/2021\/12\/03134517\/Untitled-design-6-3-640x559.png\" alt=\"\" width=\"445\" height=\"388\" \/><\/a><\/p>\n<p><b data-stringify-type=\"bold\">[INTERVIEW]\u00a0<\/b>Najat Vallaud-Belkacem \u00e9tait l\u2019invit\u00e9e de Fun Radio dans l\u2019\u00e9mission de Cartman pour pr\u00e9senter ce qu\u2019est une ONG et plus particuli\u00e8rement, ONE France, ses enjeux, ses actions mais aussi la sortie r\u00e9cente de son hymne\u00a0<a class=\"c-link\" href=\"https:\/\/www.youtube.com\/watch?v=vrIlQrbkKTo\" target=\"_blank\" rel=\"noopener noreferrer\" data-stringify-link=\"https:\/\/www.youtube.com\/watch?v=vrIlQrbkKTo\" data-sk=\"tooltip_parent\" data-remove-tab-index=\"true\">\u00ab Le Grand D\u00e9fi \u00bb<\/a> co-compos\u00e9e par David Hallyday et Christophe Mali du groupe Tryo. La chanson, qui appelle \u00e0 plus de solidarit\u00e9, a \u00e9t\u00e9 interpr\u00e9t\u00e9 par Cali, Tryo, 21 Juin Le Duo, la rappeuse s\u00e9n\u00e9galaise Black Queen ainsi que les chanteuses Isia Marie et Sarah Kaddour et les chanteurs et chanteuses en exil, du label Utopie port\u00e9 par l\u2019association Permis de vivre la ville (les Iraniens Tara Bakhtale et Mohsen Fazeli, ainsi que les Ou\u00efghours Nasima Shavaeva, du Kasakhstan, et Azamat Abdurakhmanov, d\u2019Ouzb\u00e9kistan).\u00a0 \u00a0(10 f\u00e9vrier 2023)<\/p>\n<p><a href=\"https:\/\/www.funradio.fr\/programmes\/cartman-sur-fun-radio\/7900235027-cartman-sur-fun-radio-l-integrale-du-10-fevrier\"><img loading=\"lazy\" decoding=\"async\" class=\"aligncenter size-large wp-image-161314\" src=\"https:\/\/cdn.one.org\/fr\/wp-content\/uploads\/2021\/12\/13164337\/Screenshot-28-640x360.png\" alt=\"\" width=\"593\" height=\"334\" \/><\/a><\/p>\n<p><strong>[INTERVIEW]\u00a0<\/strong>Suite \u00e0 la participation de ONE au Sommet GoodPlanet en novembre, AirZen.fr donne la parole \u00e0 Eva Malabeuf pour raconter son parcours et ses accomplissements au sein de ONE (08 d\u00e9cembre 2022)<\/p>\n<p><a href=\"https:\/\/www.airzen.fr\/a-la-decouverte-de-ong-one-avec-eva-ambassadrice-france\/\"><img loading=\"lazy\" decoding=\"async\" class=\"aligncenter size-large wp-image-161210\" src=\"https:\/\/cdn.one.org\/fr\/wp-content\/uploads\/2021\/12\/09153907\/2022-12-08-Eva-JA-sur-AirZen-640x248.png\" alt=\"\" width=\"593\" height=\"230\" \/><\/a><\/p>\n<p><strong>[INTERVIEW] <\/strong>Les crises, qu\u2019elles soient sanitaires, climatiques, ou li\u00e9es \u00e0 des conflits g\u00e9opolitiques, ont-elles des impacts sp\u00e9cifiques sur les femmes et les jeunes filles ? Force est de constater que la place des femmes a longtemps \u00e9t\u00e9 n\u00e9glig\u00e9e dans les travaux visant \u00e0 quantifier et \u00e0 analyser leur exil. Najat Vallaud-Belkacem \u00e9tait l\u2019invit\u00e9e du podcast Women For Future by La Tribune <a href=\"https:\/\/www.latribune.fr\/opinions\/les-heritieres\/najat-vallaud-belkacem-est-l-invitee-de-sophie-iborra-dans-les-heritieres-ep3-saison-2-le-podcast-women-for-future-by-la-tribune-942954.html\">(02 d\u00e9cembre 2022)<\/a><\/p>\n<p><strong>RFI [DEBAT]<\/strong> Ma\u00e9 Kurkjian, responsable plaidoyer de ONE, discute avec Jean-Daniel Leli\u00e8vre, chef de service \u00e0 l\u2019H\u00f4pital Henri-Mondor, et Carine Milcent, chercheuse au CNRS, des enseignements de la pand\u00e9mie de Covid-19 pour les futures pand\u00e9mies <a href=\"https:\/\/www.rfi.fr\/fr\/podcasts\/d%C3%A9bat-du-jour\/20221128-sommes-nous-pr%C3%AAts-%C3%A0-affronter-les-futures-grandes-crises-sanitaires\">(28 novembre 2022)<\/a><\/p>\n<p><strong>Fr\u00e9quence protestante [INTERVIEW] <\/strong>Najat Vallaud-Belkacem, directrice France de ONE, parle d\u2019\u00e9cologie, de droits des femmes et d\u2019\u00e9ducation dans cette entretien avec Carlyle Gbei sur Fr\u00e9quence Protestante <a href=\"https:\/\/frequenceprotestante.com\/2022\/11\/24\/135142\/\">(24 novembre 2022)<\/a><\/p>\n<p><strong>Campus FM [INTERVIEW] <\/strong>Eva Malabeuf \u00e9voque son parcours de vie et son engagement au sein de ONE. <a href=\"https:\/\/www.mixcloud.com\/CampusFM\/voxd-eva-malabeuf-de-one-211122\/\">(21 novembre 2022)<\/a><\/p>\n<hr \/>\n<p><strong>France bleu Reims [INTERVIEW]<\/strong> In\u00e8s Mazili et David Indahi s\u2019engagent avec ONE dans la lutte contre l\u2019extr\u00eame pauvret\u00e9 et les maladies \u00e9vitables. France Bleu Champagne-Ardenne <a href=\"https:\/\/www.francebleu.fr\/infos\/politique\/reims-des-jeunes-s-engagent-dans-la-lutte-contre-les-inegalites-dans-le-monde-1644583446\">(14 f\u00e9vrier 2022).<\/a><\/p>\n<hr \/>\n<p class=\"t-content__title a-page-title\" style=\"text-align: left\"><strong>RFI [INTERVIEW]<\/strong> \u00abIl faut imposer aux laboratoires la lev\u00e9e des brevets\u00bb. Najat Vallaud-Belkacem est l\u2019invit\u00e9e de Fr\u00e9d\u00e9ric Rivi\u00e8re sur RFI <a href=\"https:\/\/www.rfi.fr\/fr\/podcasts\/invit%C3%A9-du-matin\/20211130-najat-vallaud-belkacem-directrice-france-de-l-ong-one\">(1er d\u00e9cembre 2021).<\/a><\/p>\n<hr \/>\n<p style=\"text-align: left\"><strong>Fun radio [INTERVIEW]<\/strong> Najat Vallaud-Belkacem et Lysiane Copin, jeune ambassadrice de ONE, sont les invit\u00e9es de Cartman sur Fun Radio. Elles pr\u00e9sentent les combats de ONE et l\u2019engagement des jeunes Ambassadeurs. Fun Radio <a href=\"https:\/\/www.dailymotion.com\/video\/x85ffwo\">(10 novembre 2021)<\/a>.<\/p>\n<hr \/>\n<p style=\"text-align: left\"><strong>ONE [PODCAST]<\/strong> ONE lance ONE World, un podcast cherchant \u00e0 donner de la visibilit\u00e9 aux acteurs de la solidarit\u00e9 internationale et \u00e0 informer, sensibiliser et faire le point sur les avanc\u00e9es et les reculs en mati\u00e8re de lutte contre l\u2019extr\u00eame pauvret\u00e9. <a href=\"https:\/\/www.one.org\/fr\/agir\/podcast\/\">(2 septembre 2021)<\/a>.<\/p>\n<hr \/>\n<p style=\"text-align: left\"><strong>Vivre FM [INTERVIEW] <\/strong>\u00ab La sant\u00e9 est un bien public mondial \u00bb. <span data-sheets-value=\"{&quot;1&quot;:2,&quot;2&quot;:&quot;Thierry Derouet&quot;}\" data-sheets-userformat=\"{&quot;2&quot;:13180,&quot;5&quot;:{&quot;1&quot;:[{&quot;1&quot;:2,&quot;2&quot;:0,&quot;5&quot;:{&quot;1&quot;:2,&quot;2&quot;:11982760}},{&quot;1&quot;:0,&quot;2&quot;:0,&quot;3&quot;:3},{&quot;1&quot;:1,&quot;2&quot;:0,&quot;4&quot;:1}]},&quot;6&quot;:{&quot;1&quot;:[{&quot;1&quot;:2,&quot;2&quot;:0,&quot;5&quot;:{&quot;1&quot;:2,&quot;2&quot;:11982760}},{&quot;1&quot;:0,&quot;2&quot;:0,&quot;3&quot;:3},{&quot;1&quot;:1,&quot;2&quot;:0,&quot;4&quot;:1}]},&quot;7&quot;:{&quot;1&quot;:[{&quot;1&quot;:2,&quot;2&quot;:0,&quot;5&quot;:{&quot;1&quot;:2,&quot;2&quot;:11982760}},{&quot;1&quot;:0,&quot;2&quot;:0,&quot;3&quot;:3},{&quot;1&quot;:1,&quot;2&quot;:0,&quot;4&quot;:1}]},&quot;8&quot;:{&quot;1&quot;:[{&quot;1&quot;:2,&quot;2&quot;:0,&quot;5&quot;:{&quot;1&quot;:2,&quot;2&quot;:11982760}},{&quot;1&quot;:0,&quot;2&quot;:0,&quot;3&quot;:3},{&quot;1&quot;:1,&quot;2&quot;:0,&quot;4&quot;:1}]},&quot;9&quot;:1,&quot;11&quot;:4,&quot;12&quot;:0,&quot;15&quot;:&quot;Calibri&quot;,&quot;16&quot;:9}\">Thierry Derouet re\u00e7oit Ma\u00e9 Kurkjian, responsable plaidoyer de ONE.<\/span>\u00a0Vivre fm <a href=\"https:\/\/www.vivrefm.com\/posts\/2021\/03\/mae-kurjkian-one-la-sante-est-un-bien-public-mondial\">(31 mars 2021).<\/a><\/p>\n<hr \/>\n<p style=\"text-align: left\"><strong>Lyon Premi\u00e8re [INTERVIEW] <\/strong>Edith Kouakou fait partie des 55 jeunes ambassadeurs de l\u2019ONG ONE qui luttent contre l\u2019extr\u00eame pauvret\u00e9 et les maladies \u00e9vitables. Elle est l\u2019invit\u00e9e du Grand Direct.\u00a0 <a href=\"https:\/\/www.lyonpremiere.fr\/mes-infos\/one-une-ong-avec-55-jeunes-ambassadeurs-qui-luttent-contre-lextreme-pauvrete\/\">(17 mars 2021)<\/a>.<\/p>\n<hr \/>\n<p style=\"text-align: left\"><strong>Radio france [PODCAST]<\/strong> Najat Vallaud-Belkacem intervient dans le podcast d\u2019actualit\u00e9 quotidien \u00ab Le quart d\u2019heure \u00bb pr\u00e9sent\u00e9 par C\u00e9line Asselot de Radio France. Au centre de la discussion, les in\u00e9galit\u00e9s vaccinales et la n\u00e9cessit\u00e9 de lever les brevets. <a href=\"https:\/\/soundcloud.com\/dhofar13\/le-quart-dheure-du-11-mars-2021\">(11 mars 2021)<\/a>.<\/p>\n<hr \/>\n<p style=\"text-align: left\"><strong>RTL [PODCAST] <\/strong>Sur le plateau de RTL, Najat Vallaud-Belkacem \u00e9voque la mauvaise gestion mondiale des vaccins contre le Covid-19. \u00ab Il y a du bon et du moins bon. Quelques pays s\u2019accaparent les doses \u00bb<a href=\"https:\/\/www.rtl.fr\/actu\/politique\/vaccin-contre-le-coronavirus-quelques-pays-s-accaparent-les-doses-dit-vallaud-belkacem-7900000032\"> (3 f\u00e9vrier 2021).<\/a><\/p>\n<hr \/>\n<p style=\"text-align: left\"><strong>France culture [INTERVIEW]<\/strong> Najat Vallaud-Belkacem est l\u2019invit\u00e9e de l\u2019\u00e9mission \u00ab Politique! \u00bb de France Culture. Comment mieux combattre les in\u00e9galit\u00e9s au niveau mondial ? Est-ce une question de moyens ou de gouvernance ? <a href=\"https:\/\/www.franceculture.fr\/emissions\/politique\/najat-vallaud-belkacem\">(20 janvier 2021).<\/a><\/p>\n<hr \/>\n<p style=\"text-align: left\"><strong>Europe 1 [INTERVIEW] <\/strong>Rendez-vous avec\u00a0Anne Roumanoff et Najat Vallaud-Belkacem sur Europe 1 pour d\u00e9couvrir l\u2019organisation ONE et la vie d\u2019une d\u2019ancienne ministre.<a href=\"https:\/\/www.europe1.fr\/emissions\/anne-roumanoff-ca-fait-du-bien\/anne-roumanoff-avec-najat-vallaud-belkacem-4016873\"> (7 janvier 2021).<\/a><\/p>\n<hr \/>\n<p style=\"text-align: left\"><strong>Rfi [PODCAST]<\/strong> Pand\u00e9mie et pauvret\u00e9 ne font pas bon m\u00e9nage. <span class=\"m-program-author__name\">Diara Ndiaye<\/span> re\u00e7oit Najat Vallaud Belkacem dans le podcast \u00ab Alors on dit quoi \u00bb de RFI <a href=\"https:\/\/www.rfi.fr\/fr\/podcasts\/alors-on-dit-quoi\/20201126-pand%C3%A9mie-et-pauvret%C3%A9-ne-font-pas-bon-m%C3%A9nage\">(26 novembre 2021)<\/a>.<\/p>\n<hr \/>\n<p style=\"text-align: left\"><strong>France inter [INTERVIEW]<\/strong> Les r\u00e9centes actualit\u00e9s sur les progr\u00e8s des vaccins contre le Covid-19 posent la question de leur accessibilit\u00e9, notamment pour les pays les plus pauvres. Najat Vallaud-Belkacem intervient dans le podcast \u00ab Un jour dans le monde \u00bb de France Inter, anim\u00e9 par Fabienne Sintes<a href=\"https:\/\/www.franceinter.fr\/emissions\/un-jour-dans-le-monde\/un-jour-dans-le-monde-01-decembre-2020\"> (1er d\u00e9cembre 2020).<\/a><\/p>\n<hr \/>\n<p style=\"text-align: left\"><strong>Radio Scarpe Sens\u00e9e [INTERVIEW] <\/strong>Comment s\u2019engager lorsqu\u2019on est jeune? Comment interpeller des acteurs politiques pour lutter contre l\u2019extr\u00eame pauvret\u00e9 dans le monde? Sarah Ben Smida, jeune ambassadrice de ONE, et invit\u00e9e de la Radio Scarpe Sens\u00e9 nous l\u2019explique. <a href=\"https:\/\/radioscarpesensee.com\/une-jeune-de-douai-lutte-contre-lextreme-pauvrete\/\">(2 novembre 2020)<\/a><\/p>\n<hr \/>\n<p style=\"text-align: left\"><strong>France culture [PODCAST]<\/strong> Le vaccin contre la Covid pourra-t-il rester un bien public ? Emmanuel Laurentin re\u00e7oit Najat Vallaud-Belkacem dans le podcast\u00ab Le Temps du d\u00e9bat \u00bb de France Culture.\u00a0<a href=\"https:\/\/www.franceculture.fr\/emissions\/le-temps-du-debat\/le-vaccin-contre-la-covid-pourra-t-il-rester-un-bien-public\">(21 septembre 2020).<\/a><\/p>\n<hr \/>\n<p style=\"text-align: left\"><strong>France culture [INTERVIEW] <\/strong>Alors que le sommet europ\u00e9en pour la relance \u00e9conomique reprend ce matin \u00e0 Bruxelles, des engagements doivent \u00eatres pris pour prolonger le moratoire accord\u00e9 aux pays pauvres, sur le paiement de leur dette. Najat Vallaud-Belkacem est l\u2019invit\u00e9e du Journal de 9h sur France Culture. <a href=\"https:\/\/www.franceculture.fr\/emissions\/journal-de-9h\/journal-de-9h-du-samedi-18-juillet-2020\">(18 juillet 2020)<\/a>.<\/p>\n<hr \/>\n<p style=\"text-align: left\">\n<div class=\"buffer\"><\/div>","protected":false},"excerpt":{"rendered":"<p>Vous trouverez ici les interventions r\u00e9centes de ONE \u00e0 la radio. Cliquez sur l\u2019image de l\u2019intervention qui vous int\u00e9resse pour \u00eatre redirig\u00e9 vers l\u2019\u00e9mission compl\u00e8te. [INTERVIEW] PRUN Radio a invit\u00e9 Eva et La\u00efla pour qu&#8217;elles partagent leur engagement au sein de ONE ainsi que de leur participation aux Lobby Days. (31 octobre 2023). \u00e0 partir [&hellip;]<\/p>\n","protected":false},"author":0,"featured_media":163027,"comment_status":"open","ping_status":"open","sticky":false,"template":"","format":"standard","meta":{"_acf_changed":false,"_relevanssi_hide_post":"","_relevanssi_hide_content":"","_relevanssi_pin_for_all":"","_relevanssi_pin_keywords":"","_relevanssi_unpin_keywords":"","_relevanssi_related_keywords":"","_relevanssi_related_include_ids":"","_relevanssi_related_exclude_ids":"","_relevanssi_related_no_append":"","_relevanssi_related_not_related":"","_relevanssi_related_posts":"163644,163639,163579,163519,162677,162676","_relevanssi_noindex_reason":"","footnotes":""},"categories":[85],"tags":[],"topic":[],"contributor":[33],"one_content_audience":[],"one_content_type":[],"one_content_tone":[],"class_list":["post-162521","post","type-post","status-publish","format-standard","has-post-thumbnail","hentry","category-one-dans-les-medias","contributor-one-france"],"acf":[],"yoast_head":"<!-- This site is optimized with the Yoast SEO Premium plugin v27.1 (Yoast SEO v27.1.1) - https:\/\/yoast.com\/product\/yoast-seo-premium-wordpress\/ -->\n<title>ONE \u00e0 la radio - ONE.org France<\/title>\n<meta name=\"description\" content=\"Vous trouverez ici les interventions r\u00e9centes de ONE \u00e0 la radio. Cliquez sur le titre qui vous int\u00e9resse pour \u00eatre redirig\u00e9 vers l\u2019article complet.\" \/>\n<meta name=\"robots\" content=\"index, follow, max-snippet:-1, max-image-preview:large, max-video-preview:-1\" \/>\n<link rel=\"canonical\" href=\"https:\/\/www.one.org\/fr\/actualites\/one-a-la-radio\/\" \/>\n<meta property=\"og:locale\" content=\"fr_FR\" \/>\n<meta property=\"og:type\" content=\"article\" \/>\n<meta property=\"og:title\" content=\"ONE \u00e0 la radio\" \/>\n<meta property=\"og:description\" content=\"Vous trouverez ici les interventions r\u00e9centes de ONE \u00e0 la radio. Cliquez sur le titre qui vous int\u00e9resse pour \u00eatre redirig\u00e9 vers l\u2019article complet.\" \/>\n<meta property=\"og:url\" content=\"https:\/\/www.one.org\/fr\/actualites\/one-a-la-radio\/\" \/>\n<meta property=\"og:site_name\" content=\"ONE.org France\" \/>\n<meta property=\"article:publisher\" content=\"https:\/\/www.facebook.com\/ONE.Fr\" \/>\n<meta property=\"article:published_time\" content=\"2021-12-14T16:15:31+00:00\" \/>\n<meta property=\"article:modified_time\" content=\"2024-04-23T12:34:49+00:00\" \/>\n<meta property=\"og:image\" content=\"https:\/\/www.one.org\/fr\/wp-content\/uploads\/sites\/4\/2021\/12\/MediaAppearances_2021_800x800_3-100.jpg\" \/>\n\t<meta property=\"og:image:width\" content=\"800\" \/>\n\t<meta property=\"og:image:height\" content=\"800\" \/>\n\t<meta property=\"og:image:type\" content=\"image\/jpeg\" \/>\n<meta name=\"twitter:card\" content=\"summary_large_image\" \/>\n<meta name=\"twitter:creator\" content=\"@one_fr\" \/>\n<meta name=\"twitter:site\" content=\"@one_fr\" \/>\n<meta name=\"twitter:label1\" content=\"Est. reading time\" \/>\n\t<meta name=\"twitter:data1\" content=\"8 minutes\" \/>\n<script type=\"application\/ld+json\" class=\"yoast-schema-graph\">{\"@context\":\"https:\/\/schema.org\",\"@graph\":[{\"@type\":\"Article\",\"@id\":\"https:\/\/www.one.org\/fr\/actualites\/one-a-la-radio\/#article\",\"isPartOf\":{\"@id\":\"https:\/\/www.one.org\/fr\/actualites\/one-a-la-radio\/\"},\"author\":{\"name\":\"\",\"@id\":\"\"},\"headline\":\"ONE \u00e0 la radio\",\"datePublished\":\"2021-12-14T16:15:31+00:00\",\"dateModified\":\"2024-04-23T12:34:49+00:00\",\"mainEntityOfPage\":{\"@id\":\"https:\/\/www.one.org\/fr\/actualites\/one-a-la-radio\/\"},\"wordCount\":1361,\"commentCount\":0,\"image\":{\"@id\":\"https:\/\/www.one.org\/fr\/actualites\/one-a-la-radio\/#primaryimage\"},\"thumbnailUrl\":\"https:\/\/www.one.org\/fr\/wp-content\/uploads\/sites\/4\/2021\/12\/MediaAppearances_2021_800x800_3-100.jpg\",\"articleSection\":[\"ONE dans les m\u00e9dias\"],\"inLanguage\":\"fr-FR\",\"potentialAction\":[{\"@type\":\"CommentAction\",\"name\":\"Comment\",\"target\":[\"https:\/\/www.one.org\/fr\/actualites\/one-a-la-radio\/#respond\"]}]},{\"@type\":\"WebPage\",\"@id\":\"https:\/\/www.one.org\/fr\/actualites\/one-a-la-radio\/\",\"url\":\"https:\/\/www.one.org\/fr\/actualites\/one-a-la-radio\/\",\"name\":\"ONE \u00e0 la radio - ONE.org France\",\"isPartOf\":{\"@id\":\"https:\/\/www.one.org\/fr\/#website\"},\"primaryImageOfPage\":{\"@id\":\"https:\/\/www.one.org\/fr\/actualites\/one-a-la-radio\/#primaryimage\"},\"image\":{\"@id\":\"https:\/\/www.one.org\/fr\/actualites\/one-a-la-radio\/#primaryimage\"},\"thumbnailUrl\":\"https:\/\/www.one.org\/fr\/wp-content\/uploads\/sites\/4\/2021\/12\/MediaAppearances_2021_800x800_3-100.jpg\",\"datePublished\":\"2021-12-14T16:15:31+00:00\",\"dateModified\":\"2024-04-23T12:34:49+00:00\",\"author\":{\"@id\":\"\"},\"description\":\"Vous trouverez ici les interventions r\u00e9centes de ONE \u00e0 la radio. Cliquez sur le titre qui vous int\u00e9resse pour \u00eatre redirig\u00e9 vers l\u2019article complet.\",\"breadcrumb\":{\"@id\":\"https:\/\/www.one.org\/fr\/actualites\/one-a-la-radio\/#breadcrumb\"},\"inLanguage\":\"fr-FR\",\"potentialAction\":[{\"@type\":\"ReadAction\",\"target\":[\"https:\/\/www.one.org\/fr\/actualites\/one-a-la-radio\/\"]}]},{\"@type\":\"ImageObject\",\"inLanguage\":\"fr-FR\",\"@id\":\"https:\/\/www.one.org\/fr\/actualites\/one-a-la-radio\/#primaryimage\",\"url\":\"https:\/\/www.one.org\/fr\/wp-content\/uploads\/sites\/4\/2021\/12\/MediaAppearances_2021_800x800_3-100.jpg\",\"contentUrl\":\"https:\/\/www.one.org\/fr\/wp-content\/uploads\/sites\/4\/2021\/12\/MediaAppearances_2021_800x800_3-100.jpg\",\"width\":800,\"height\":800},{\"@type\":\"BreadcrumbList\",\"@id\":\"https:\/\/www.one.org\/fr\/actualites\/one-a-la-radio\/#breadcrumb\",\"itemListElement\":[{\"@type\":\"ListItem\",\"position\":1,\"name\":\"Home\",\"item\":\"https:\/\/www.one.org\/fr\/\"},{\"@type\":\"ListItem\",\"position\":2,\"name\":\"ONE \u00e0 la radio\"}]},{\"@type\":\"WebSite\",\"@id\":\"https:\/\/www.one.org\/fr\/#website\",\"url\":\"https:\/\/www.one.org\/fr\/\",\"name\":\"ONE.org\",\"description\":\"Cr\u00e9er des opportunit\u00e9s \u00e9conomiques et am\u00e9liorer la sant\u00e9 en Afrique\",\"potentialAction\":[{\"@type\":\"SearchAction\",\"target\":{\"@type\":\"EntryPoint\",\"urlTemplate\":\"https:\/\/www.one.org\/fr\/?s={search_term_string}\"},\"query-input\":{\"@type\":\"PropertyValueSpecification\",\"valueRequired\":true,\"valueName\":\"search_term_string\"}}],\"inLanguage\":\"fr-FR\"}]}<\/script>\n<!-- \/ Yoast SEO Premium plugin. -->","yoast_head_json":{"title":"ONE \u00e0 la radio - ONE.org France","description":"Vous trouverez ici les interventions r\u00e9centes de ONE \u00e0 la radio. Cliquez sur le titre qui vous int\u00e9resse pour \u00eatre redirig\u00e9 vers l\u2019article complet.","robots":{"index":"index","follow":"follow","max-snippet":"max-snippet:-1","max-image-preview":"max-image-preview:large","max-video-preview":"max-video-preview:-1"},"canonical":"https:\/\/www.one.org\/fr\/actualites\/one-a-la-radio\/","og_locale":"fr_FR","og_type":"article","og_title":"ONE \u00e0 la radio","og_description":"Vous trouverez ici les interventions r\u00e9centes de ONE \u00e0 la radio. Cliquez sur le titre qui vous int\u00e9resse pour \u00eatre redirig\u00e9 vers l\u2019article complet.","og_url":"https:\/\/www.one.org\/fr\/actualites\/one-a-la-radio\/","og_site_name":"ONE.org France","article_publisher":"https:\/\/www.facebook.com\/ONE.Fr","article_published_time":"2021-12-14T16:15:31+00:00","article_modified_time":"2024-04-23T12:34:49+00:00","og_image":[{"width":800,"height":800,"url":"https:\/\/www.one.org\/fr\/wp-content\/uploads\/sites\/4\/2021\/12\/MediaAppearances_2021_800x800_3-100.jpg","type":"image\/jpeg"}],"twitter_card":"summary_large_image","twitter_creator":"@one_fr","twitter_site":"@one_fr","twitter_misc":{"Est. reading time":"8 minutes"},"schema":{"@context":"https:\/\/schema.org","@graph":[{"@type":"Article","@id":"https:\/\/www.one.org\/fr\/actualites\/one-a-la-radio\/#article","isPartOf":{"@id":"https:\/\/www.one.org\/fr\/actualites\/one-a-la-radio\/"},"author":{"name":"","@id":""},"headline":"ONE \u00e0 la radio","datePublished":"2021-12-14T16:15:31+00:00","dateModified":"2024-04-23T12:34:49+00:00","mainEntityOfPage":{"@id":"https:\/\/www.one.org\/fr\/actualites\/one-a-la-radio\/"},"wordCount":1361,"commentCount":0,"image":{"@id":"https:\/\/www.one.org\/fr\/actualites\/one-a-la-radio\/#primaryimage"},"thumbnailUrl":"https:\/\/www.one.org\/fr\/wp-content\/uploads\/sites\/4\/2021\/12\/MediaAppearances_2021_800x800_3-100.jpg","articleSection":["ONE dans les m\u00e9dias"],"inLanguage":"fr-FR","potentialAction":[{"@type":"CommentAction","name":"Comment","target":["https:\/\/www.one.org\/fr\/actualites\/one-a-la-radio\/#respond"]}]},{"@type":"WebPage","@id":"https:\/\/www.one.org\/fr\/actualites\/one-a-la-radio\/","url":"https:\/\/www.one.org\/fr\/actualites\/one-a-la-radio\/","name":"ONE \u00e0 la radio - ONE.org France","isPartOf":{"@id":"https:\/\/www.one.org\/fr\/#website"},"primaryImageOfPage":{"@id":"https:\/\/www.one.org\/fr\/actualites\/one-a-la-radio\/#primaryimage"},"image":{"@id":"https:\/\/www.one.org\/fr\/actualites\/one-a-la-radio\/#primaryimage"},"thumbnailUrl":"https:\/\/www.one.org\/fr\/wp-content\/uploads\/sites\/4\/2021\/12\/MediaAppearances_2021_800x800_3-100.jpg","datePublished":"2021-12-14T16:15:31+00:00","dateModified":"2024-04-23T12:34:49+00:00","author":{"@id":""},"description":"Vous trouverez ici les interventions r\u00e9centes de ONE \u00e0 la radio. Cliquez sur le titre qui vous int\u00e9resse pour \u00eatre redirig\u00e9 vers l\u2019article complet.","breadcrumb":{"@id":"https:\/\/www.one.org\/fr\/actualites\/one-a-la-radio\/#breadcrumb"},"inLanguage":"fr-FR","potentialAction":[{"@type":"ReadAction","target":["https:\/\/www.one.org\/fr\/actualites\/one-a-la-radio\/"]}]},{"@type":"ImageObject","inLanguage":"fr-FR","@id":"https:\/\/www.one.org\/fr\/actualites\/one-a-la-radio\/#primaryimage","url":"https:\/\/www.one.org\/fr\/wp-content\/uploads\/sites\/4\/2021\/12\/MediaAppearances_2021_800x800_3-100.jpg","contentUrl":"https:\/\/www.one.org\/fr\/wp-content\/uploads\/sites\/4\/2021\/12\/MediaAppearances_2021_800x800_3-100.jpg","width":800,"height":800},{"@type":"BreadcrumbList","@id":"https:\/\/www.one.org\/fr\/actualites\/one-a-la-radio\/#breadcrumb","itemListElement":[{"@type":"ListItem","position":1,"name":"Home","item":"https:\/\/www.one.org\/fr\/"},{"@type":"ListItem","position":2,"name":"ONE \u00e0 la radio"}]},{"@type":"WebSite","@id":"https:\/\/www.one.org\/fr\/#website","url":"https:\/\/www.one.org\/fr\/","name":"ONE.org","description":"Cr\u00e9er des opportunit\u00e9s \u00e9conomiques et am\u00e9liorer la sant\u00e9 en Afrique","potentialAction":[{"@type":"SearchAction","target":{"@type":"EntryPoint","urlTemplate":"https:\/\/www.one.org\/fr\/?s={search_term_string}"},"query-input":{"@type":"PropertyValueSpecification","valueRequired":true,"valueName":"search_term_string"}}],"inLanguage":"fr-FR"}]}},"distributor_meta":false,"distributor_terms":false,"distributor_media":false,"distributor_original_site_name":"ONE.org France","distributor_original_site_url":"https:\/\/www.one.org\/fr","push-errors":false,"_links":{"self":[{"href":"https:\/\/www.one.org\/fr\/wp-json\/wp\/v2\/posts\/162521","targetHints":{"allow":["GET"]}}],"collection":[{"href":"https:\/\/www.one.org\/fr\/wp-json\/wp\/v2\/posts"}],"about":[{"href":"https:\/\/www.one.org\/fr\/wp-json\/wp\/v2\/types\/post"}],"replies":[{"embeddable":true,"href":"https:\/\/www.one.org\/fr\/wp-json\/wp\/v2\/comments?post=162521"}],"version-history":[{"count":0,"href":"https:\/\/www.one.org\/fr\/wp-json\/wp\/v2\/posts\/162521\/revisions"}],"wp:featuredmedia":[{"embeddable":true,"href":"https:\/\/www.one.org\/fr\/wp-json\/wp\/v2\/media\/163027"}],"wp:attachment":[{"href":"https:\/\/www.one.org\/fr\/wp-json\/wp\/v2\/media?parent=162521"}],"wp:term":[{"taxonomy":"category","embeddable":true,"href":"https:\/\/www.one.org\/fr\/wp-json\/wp\/v2\/categories?post=162521"},{"taxonomy":"post_tag","embeddable":true,"href":"https:\/\/www.one.org\/fr\/wp-json\/wp\/v2\/tags?post=162521"},{"taxonomy":"topic","embeddable":true,"href":"https:\/\/www.one.org\/fr\/wp-json\/wp\/v2\/topic?post=162521"},{"taxonomy":"contributor","embeddable":true,"href":"https:\/\/www.one.org\/fr\/wp-json\/wp\/v2\/contributor?post=162521"},{"taxonomy":"one_content_audience","embeddable":true,"href":"https:\/\/www.one.org\/fr\/wp-json\/wp\/v2\/one_content_audience?post=162521"},{"taxonomy":"one_content_type","embeddable":true,"href":"https:\/\/www.one.org\/fr\/wp-json\/wp\/v2\/one_content_type?post=162521"},{"taxonomy":"one_content_tone","embeddable":true,"href":"https:\/\/www.one.org\/fr\/wp-json\/wp\/v2\/one_content_tone?post=162521"}],"curies":[{"name":"wp","href":"https:\/\/api.w.org\/{rel}","templated":true}]}}