{"id":162520,"date":"2021-12-13T08:00:26","date_gmt":"2021-12-13T08:00:26","guid":{"rendered":"https:\/\/www.one.org\/fr\/presidence-francaise-de-lue-notre-liste-de-voeux-a-emmanuel-macron\/"},"modified":"2023-11-06T16:56:11","modified_gmt":"2023-11-06T16:56:11","slug":"presidence-francaise-ue-lettre-ouverte","status":"publish","type":"post","link":"https:\/\/www.one.org\/fr\/actualites\/presidence-francaise-ue-lettre-ouverte\/","title":{"rendered":"Pr\u00e9sidence fran\u00e7aise de l&#8217;UE : notre liste de v\u0153ux \u00e0 Emmanuel Macron"},"content":{"rendered":"<h3 style=\"text-align: center\">Lettre ouverte des jeunes Ambassadeurs et Ambassadrices de ONE &agrave; l&rsquo;intention du Pr&eacute;sident de la R&eacute;publique<\/h3>\n<p>&nbsp;<\/p>\n<p><span style=\"font-weight: 400\">Monsieur le Pr&eacute;sident de la R&eacute;publique,&nbsp;<\/span><\/p>\n<p><span style=\"font-weight: 400\">Dans quelques jours, la France prendra la pr&eacute;sidence du Conseil de l&rsquo;Union europ&eacute;enne (UE) et en cette p&eacute;riode de No&euml;l, nous, jeunes Ambassadeurs et Ambassadrices de ONE, n&rsquo;avons qu&rsquo;un seul v&oelig;u : en finir avec l&rsquo;extr&ecirc;me pauvret&eacute; et les in&eacute;galit&eacute;s dans le monde, qui ne cessent de cro&icirc;tre. Pour cela, Monsieur le Pr&eacute;sident, nous avons trois souhaits que vous pouvez nous aider &agrave; r&eacute;aliser.<\/span><b><\/b><\/p>\n<ul>\n<li>\n<h3><b>Garantir un acc&egrave;s &eacute;quitable au vaccin COVID-19 &agrave; toutes les populations de la plan&egrave;te<\/b><\/h3>\n<\/li>\n<\/ul>\n<p><span style=\"font-weight: 400\">La sant&eacute; mondiale est un enjeu majeur dans la lutte contre les in&eacute;galit&eacute;s, et ce, d&rsquo;autant plus depuis le d&eacute;but de la pand&eacute;mie de COVID-19 : notre premier souhait est de voir un engagement fort pour un acc&egrave;s &eacute;quitable aux vaccins. <\/span><span style=\"font-weight: 400\">En effet, ces derniers sont 18 fois plus accessibles dans les pays de l&rsquo;UE que dans les pays les plus pauvres du monde.<\/span><\/p>\n<p><span style=\"font-weight: 400\">Mettre fin &agrave; la pand&eacute;mie partout dans le monde est un enjeu crucial : <\/span><span style=\"font-weight: 400\">si, en Europe, il est d&eacute;j&agrave; question d&rsquo;une troisi&egrave;me dose, 97 % de la population des pays &agrave; faible revenu n&rsquo;a toujours pas eu acc&egrave;s &agrave; la premi&egrave;re. Or, mener des campagnes de vaccination massives dans un nombre limit&eacute; de pays ne permettra pas de mettre fin &agrave; la crise sanitaire que nous affrontons, comme en fait preuve le dernier variant identifi&eacute;, Omicron.<\/span><\/p>\n<p><span style=\"font-weight: 400\">Monsieur le Pr&eacute;sident, la France devrait s&rsquo;assurer que les dirigeants europ&eacute;ens <\/span><b>donnent d&rsquo;urgence toutes leurs doses exc&eacute;dentaires<\/b><span style=\"font-weight: 400\"> et publient des calendriers de livraison mensuels afin de permettre aux pays &agrave; faible revenu de mettre en place leurs strat&eacute;gies vaccinales.&nbsp;<\/span><\/p>\n<p><span style=\"font-weight: 400\">La suspension temporaire des droits de propri&eacute;t&eacute; intellectuelle est &eacute;galement une &eacute;tape essentielle. La France devra jouer un r&ocirc;le de leadership <\/span><b>afin d&rsquo;obtenir une position commune au sein de l&rsquo;UE<\/b><span style=\"font-weight: 400\"> en faveur d&rsquo;une d&eacute;rogation temporaire de ceux-ci.&nbsp;<\/span><\/p>\n<p><span style=\"font-weight: 400\">Enfin, l&rsquo;Union europ&eacute;enne et l&rsquo;Union africaine doivent s&rsquo;efforcer d&rsquo;augmenter leur soutien financier au renforcement des syst&egrave;mes de sant&eacute; et des capacit&eacute;s de production pharmaceutique pour que tous les pays soient en mesure de garantir des syst&egrave;mes de sant&eacute; efficaces et efficients &agrave; leurs populations.&nbsp;&nbsp;<\/span><\/p>\n<ul>\n<li>\n<h3><b>Soutenir financi&egrave;rement les pays les plus vuln&eacute;rables<\/b><\/h3>\n<\/li>\n<\/ul>\n<p><span style=\"font-weight: 400\">Pour mettre fin aux in&eacute;galit&eacute;s, il nous faut faire preuve de solidarit&eacute; avec les pays les plus pauvres, tout aussi durement touch&eacute;s, voire plus, par les effets d&eacute;vastateurs de la pand&eacute;mie. Voici notre second souhait.<\/span><\/p>\n<p><span style=\"font-weight: 400\">Les besoins &eacute;conomiques de l&rsquo;Afrique sont estim&eacute;s &agrave; 1 200 milliards de dollars par le FMI et la Banque mondiale : si les pays riches ont pu mettre en place des plans de relance &agrave; hauteur de 20 % de leur PIB, les pays &agrave; faible revenu n&rsquo;ont pu y consacrer que 2 % du leur. Toutefois, ces in&eacute;galit&eacute;s de capacit&eacute;s n&rsquo;ont pas &eacute;t&eacute; prises en compte lors de la r&eacute;partition des nouvelles allocations de droits de tirage sp&eacute;ciaux (DTS), cette monnaie de r&eacute;serve accord&eacute;e par le FMI en cas de crise majeure, si bien que les pays africains ne per&ccedil;oivent que 33 milliards de dollars sur les 650 milliards allou&eacute;s. La France se doit de coordonner un <\/span><b>engagement europ&eacute;en<\/b><span style=\"font-weight: 400\"> pour <\/span><b>r&eacute;attribuer la majorit&eacute; des DTS aux pays qui en ont le plus besoin.<\/b><\/p>\n<p><span style=\"font-weight: 400\">Par ailleurs, durant la pand&eacute;mie, l&rsquo;utilisation des produits financiers a consid&eacute;rablement augment&eacute;. Pourtant, ce sont les rares produits qui ne sont pas tax&eacute;s au sein de l&rsquo;UE. La France peut donc agir en facilitant un accord sur la <\/span><b>cr&eacute;ation d&rsquo;une taxe sur les transactions financi&egrave;res (TTF) europ&eacute;enne ambitieuse<\/b><span style=\"font-weight: 400\">, qui inclut les produits d&eacute;riv&eacute;s et dont l&rsquo;int&eacute;gralit&eacute; des recettes est utilis&eacute;e pour <\/span><b>soutenir les pays les plus vuln&eacute;rables<\/b><span style=\"font-weight: 400\">.<\/span><b><\/b><\/p>\n<ul>\n<li>\n<h3><b>&Eacute;couter la voix de la jeunesse d&rsquo;Afrique et d&rsquo;Europe<\/b><\/h3>\n<\/li>\n<\/ul>\n<p><span style=\"font-weight: 400\">Notre troisi&egrave;me souhait est de voir une meilleure inclusion de la jeunesse dans les d&eacute;bats et les n&eacute;gociations entre l&rsquo;Union europ&eacute;enne et l&rsquo;Union africaine. <\/span><span style=\"font-weight: 400\">Le programme des jeunes Ambassadeurs et Ambassadrices de ONE est la parfaite illustration que l&rsquo;engagement civique de la jeunesse est indispensable pour faire bouger les lignes en mati&egrave;re de lutte contre les in&eacute;galit&eacute;s.<\/span><\/p>\n<p><span style=\"font-weight: 400\">Le sommet Afrique-France d&rsquo;octobre dernier a envoy&eacute; un signal fort en mati&egrave;re d&rsquo;inclusion et d&rsquo;engagement civique des jeunes, car il a &eacute;t&eacute; pens&eacute; comme une rencontre directe entre vous, Monsieur le Pr&eacute;sident, et les jeunes, qui seront les v&eacute;ritables acteurs du changement sur le continent africain.<\/span><span style=\"font-weight: 400\"> En effet, on estime que 230 millions de jeunes africains entreront sur le march&eacute; du travail d&rsquo;ici 2030 et, en 2050, un jeune sur trois vivra en Afrique subsaharienne.&nbsp;<\/span><\/p>\n<p><span style=\"font-weight: 400\">La pr&eacute;sidence fran&ccedil;aise de l&rsquo;UE doit &ecirc;tre l&rsquo;occasion de continuer de <\/span><b>faire de la jeunesse un interlocuteur privil&eacute;gi&eacute;<\/b><span style=\"font-weight: 400\"> et lui permettre d&rsquo;exposer ses id&eacute;es novatrices. Pour ce faire, toutes les d&eacute;l&eacute;gations de l&rsquo;Union africaine et de l&rsquo;Union europ&eacute;enne doivent inclure au moins un repr&eacute;sentant de la jeunesse. La France peut &eacute;galement agir pour soutenir la cr&eacute;ation d&rsquo;une <\/span><b>plateforme jeunesse Afrique-Europe<\/b><span style=\"font-weight: 400\"> qui serait un espace d&rsquo;&eacute;changes interculturels et de dialogue.<\/span><\/p>\n<p><span style=\"font-weight: 400\">Avec la pr&eacute;sidence de l&rsquo;UE, notre pays a la possibilit&eacute; de prendre position contre les in&eacute;galit&eacute;s grandissantes. Les valeurs de partage et d&rsquo;entraide qui rythment la p&eacute;riode des f&ecirc;tes de fin d&rsquo;ann&eacute;e doivent nous encourager &agrave; nous engager pour un futur plus &eacute;quitable.<\/span><\/p>\n<p><span style=\"font-weight: 400\">Monsieur le Pr&eacute;sident, vous avez le pouvoir de faire changer les choses et d&rsquo;inscrire la France comme un acteur majeur de la solidarit&eacute; internationale. Nous comptons sur vous pour porter les valeurs de notre pays durant ces six prochains mois.<\/span><\/p>\n<p><span style=\"font-weight: 400\">Nous vous prions d&rsquo;agr&eacute;er, Monsieur le Pr&eacute;sident de la R&eacute;publique, l&rsquo;expression de notre profond respect.<\/span><\/p>\n<p><i><span style=\"font-weight: 400\">Lettre co-r&eacute;dig&eacute;e par Yacine Belhadi, Manon Bendaoudia, Simone Diouf, Paula Druschke, Oc&eacute;ane Fourquet, Romane Mika, Mariame Niar&eacute;, Tiziano Peccia et Chaimaa Taib, et sign&eacute;e par <\/span><\/i><i><span style=\"font-weight: 400\">256<\/span><\/i><i><span style=\"font-weight: 400\"> jeunes Ambassadeurs et Ambassadrices de ONE en Europe.<\/span><\/i><\/p>\n<div class=\"buffer\"><\/div>","protected":false},"excerpt":{"rendered":"<p>Lettre ouverte des jeunes Ambassadeurs et Ambassadrices de ONE &agrave; l&rsquo;intention du Pr&eacute;sident de la R&eacute;publique &nbsp; Monsieur le Pr&eacute;sident de la R&eacute;publique,&nbsp; Dans quelques jours, la France prendra la pr&eacute;sidence du Conseil de l&rsquo;Union europ&eacute;enne (UE) et en cette p&eacute;riode de No&euml;l, nous, jeunes Ambassadeurs et Ambassadrices de ONE, n&rsquo;avons qu&rsquo;un seul v&oelig;u : [&hellip;]<\/p>\n","protected":false},"author":24,"featured_media":163029,"comment_status":"open","ping_status":"open","sticky":false,"template":"","format":"standard","meta":{"_acf_changed":false,"_relevanssi_hide_post":"","_relevanssi_hide_content":"","_relevanssi_pin_for_all":"","_relevanssi_pin_keywords":"","_relevanssi_unpin_keywords":"","_relevanssi_related_keywords":"","_relevanssi_related_include_ids":"","_relevanssi_related_exclude_ids":"","_relevanssi_related_no_append":"","_relevanssi_related_not_related":"","_relevanssi_related_posts":"164801,164396,163756,163706,163644,163639","_relevanssi_noindex_reason":"","footnotes":""},"categories":[34],"tags":[],"topic":[48,47,84],"contributor":[49],"one_content_audience":[],"one_content_type":[],"one_content_tone":[],"class_list":["post-162520","post","type-post","status-publish","format-standard","has-post-thumbnail","hentry","category-one","topic-jeunes-ambassadeurrices-de-one","topic-que-font-nos-membres","topic-union-europeenne","contributor-jeunes-ambassadeur-rice-s-de-one"],"acf":[],"yoast_head":"<!-- This site is optimized with the Yoast SEO Premium plugin v27.1 (Yoast SEO v27.1.1) - https:\/\/yoast.com\/product\/yoast-seo-premium-wordpress\/ -->\n<title>Pr\u00e9sidence fran\u00e7aise de l&#039;UE : notre liste de v\u0153ux \u00e0 Emmanuel Macron - ONE.org France<\/title>\n<meta name=\"description\" content=\"256 jeunes Ambassadeurs et Ambassadrices de ONE \u00e0 travers l&#039;Europe signent une lettre ouverte destin\u00e9e au Pr\u00e9sident de la R\u00e9publique.\" \/>\n<meta name=\"robots\" content=\"index, follow, max-snippet:-1, max-image-preview:large, max-video-preview:-1\" \/>\n<link rel=\"canonical\" href=\"https:\/\/www.one.org\/fr\/actualites\/presidence-francaise-ue-lettre-ouverte\/\" \/>\n<meta property=\"og:locale\" content=\"fr_FR\" \/>\n<meta property=\"og:type\" content=\"article\" \/>\n<meta property=\"og:title\" content=\"Pr\u00e9sidence fran\u00e7aise de l&#039;UE : notre liste de v\u0153ux \u00e0 Emmanuel Macron\" \/>\n<meta property=\"og:description\" content=\"256 jeunes Ambassadeurs et Ambassadrices de ONE \u00e0 travers l&#039;Europe signent une lettre ouverte destin\u00e9e au Pr\u00e9sident de la R\u00e9publique.\" \/>\n<meta property=\"og:url\" content=\"https:\/\/www.one.org\/fr\/actualites\/presidence-francaise-ue-lettre-ouverte\/\" \/>\n<meta property=\"og:site_name\" content=\"ONE.org France\" \/>\n<meta property=\"article:publisher\" content=\"https:\/\/www.facebook.com\/ONE.Fr\" \/>\n<meta property=\"article:published_time\" content=\"2021-12-13T08:00:26+00:00\" \/>\n<meta property=\"article:modified_time\" content=\"2023-11-06T16:56:11+00:00\" \/>\n<meta property=\"og:image\" content=\"https:\/\/www.one.org\/fr\/wp-content\/uploads\/sites\/4\/2021\/12\/OpenLetterFR_2021_featured_1200x1200_en.jpg\" \/>\n\t<meta property=\"og:image:width\" content=\"1200\" \/>\n\t<meta property=\"og:image:height\" content=\"1200\" \/>\n\t<meta property=\"og:image:type\" content=\"image\/jpeg\" \/>\n<meta name=\"author\" content=\"Dana Khalil\" \/>\n<meta name=\"twitter:card\" content=\"summary_large_image\" \/>\n<meta name=\"twitter:creator\" content=\"@one_fr\" \/>\n<meta name=\"twitter:site\" content=\"@one_fr\" \/>\n<meta name=\"twitter:label1\" content=\"Written by\" \/>\n\t<meta name=\"twitter:data1\" content=\"Dana Khalil\" \/>\n<script type=\"application\/ld+json\" class=\"yoast-schema-graph\">{\"@context\":\"https:\/\/schema.org\",\"@graph\":[{\"@type\":\"Article\",\"@id\":\"https:\/\/www.one.org\/fr\/actualites\/presidence-francaise-ue-lettre-ouverte\/#article\",\"isPartOf\":{\"@id\":\"https:\/\/www.one.org\/fr\/actualites\/presidence-francaise-ue-lettre-ouverte\/\"},\"author\":{\"name\":\"Dana Khalil\",\"@id\":\"https:\/\/www.one.org\/fr\/#\/schema\/person\/cf1f30f9800f0592ec3d61940be82003\"},\"headline\":\"Pr\u00e9sidence fran\u00e7aise de l&#8217;UE : notre liste de v\u0153ux \u00e0 Emmanuel Macron\",\"datePublished\":\"2021-12-13T08:00:26+00:00\",\"dateModified\":\"2023-11-06T16:56:11+00:00\",\"mainEntityOfPage\":{\"@id\":\"https:\/\/www.one.org\/fr\/actualites\/presidence-francaise-ue-lettre-ouverte\/\"},\"wordCount\":1277,\"commentCount\":0,\"image\":{\"@id\":\"https:\/\/www.one.org\/fr\/actualites\/presidence-francaise-ue-lettre-ouverte\/#primaryimage\"},\"thumbnailUrl\":\"https:\/\/www.one.org\/fr\/wp-content\/uploads\/sites\/4\/2021\/12\/OpenLetterFR_2021_featured_1200x1200_en.jpg\",\"articleSection\":[\"ONE\"],\"inLanguage\":\"fr-FR\",\"potentialAction\":[{\"@type\":\"CommentAction\",\"name\":\"Comment\",\"target\":[\"https:\/\/www.one.org\/fr\/actualites\/presidence-francaise-ue-lettre-ouverte\/#respond\"]}]},{\"@type\":\"WebPage\",\"@id\":\"https:\/\/www.one.org\/fr\/actualites\/presidence-francaise-ue-lettre-ouverte\/\",\"url\":\"https:\/\/www.one.org\/fr\/actualites\/presidence-francaise-ue-lettre-ouverte\/\",\"name\":\"Pr\u00e9sidence fran\u00e7aise de l'UE : notre liste de v\u0153ux \u00e0 Emmanuel Macron - ONE.org France\",\"isPartOf\":{\"@id\":\"https:\/\/www.one.org\/fr\/#website\"},\"primaryImageOfPage\":{\"@id\":\"https:\/\/www.one.org\/fr\/actualites\/presidence-francaise-ue-lettre-ouverte\/#primaryimage\"},\"image\":{\"@id\":\"https:\/\/www.one.org\/fr\/actualites\/presidence-francaise-ue-lettre-ouverte\/#primaryimage\"},\"thumbnailUrl\":\"https:\/\/www.one.org\/fr\/wp-content\/uploads\/sites\/4\/2021\/12\/OpenLetterFR_2021_featured_1200x1200_en.jpg\",\"datePublished\":\"2021-12-13T08:00:26+00:00\",\"dateModified\":\"2023-11-06T16:56:11+00:00\",\"author\":{\"@id\":\"https:\/\/www.one.org\/fr\/#\/schema\/person\/cf1f30f9800f0592ec3d61940be82003\"},\"description\":\"256 jeunes Ambassadeurs et Ambassadrices de ONE \u00e0 travers l'Europe signent une lettre ouverte destin\u00e9e au Pr\u00e9sident de la R\u00e9publique.\",\"breadcrumb\":{\"@id\":\"https:\/\/www.one.org\/fr\/actualites\/presidence-francaise-ue-lettre-ouverte\/#breadcrumb\"},\"inLanguage\":\"fr-FR\",\"potentialAction\":[{\"@type\":\"ReadAction\",\"target\":[\"https:\/\/www.one.org\/fr\/actualites\/presidence-francaise-ue-lettre-ouverte\/\"]}]},{\"@type\":\"ImageObject\",\"inLanguage\":\"fr-FR\",\"@id\":\"https:\/\/www.one.org\/fr\/actualites\/presidence-francaise-ue-lettre-ouverte\/#primaryimage\",\"url\":\"https:\/\/www.one.org\/fr\/wp-content\/uploads\/sites\/4\/2021\/12\/OpenLetterFR_2021_featured_1200x1200_en.jpg\",\"contentUrl\":\"https:\/\/www.one.org\/fr\/wp-content\/uploads\/sites\/4\/2021\/12\/OpenLetterFR_2021_featured_1200x1200_en.jpg\",\"width\":1200,\"height\":1200},{\"@type\":\"BreadcrumbList\",\"@id\":\"https:\/\/www.one.org\/fr\/actualites\/presidence-francaise-ue-lettre-ouverte\/#breadcrumb\",\"itemListElement\":[{\"@type\":\"ListItem\",\"position\":1,\"name\":\"Home\",\"item\":\"https:\/\/www.one.org\/fr\/\"},{\"@type\":\"ListItem\",\"position\":2,\"name\":\"Pr\u00e9sidence fran\u00e7aise de l&#8217;UE : notre liste de v\u0153ux \u00e0 Emmanuel Macron\"}]},{\"@type\":\"WebSite\",\"@id\":\"https:\/\/www.one.org\/fr\/#website\",\"url\":\"https:\/\/www.one.org\/fr\/\",\"name\":\"ONE.org\",\"description\":\"Cr\u00e9er des opportunit\u00e9s \u00e9conomiques et am\u00e9liorer la sant\u00e9 en Afrique\",\"potentialAction\":[{\"@type\":\"SearchAction\",\"target\":{\"@type\":\"EntryPoint\",\"urlTemplate\":\"https:\/\/www.one.org\/fr\/?s={search_term_string}\"},\"query-input\":{\"@type\":\"PropertyValueSpecification\",\"valueRequired\":true,\"valueName\":\"search_term_string\"}}],\"inLanguage\":\"fr-FR\"},{\"@type\":\"Person\",\"@id\":\"https:\/\/www.one.org\/fr\/#\/schema\/person\/cf1f30f9800f0592ec3d61940be82003\",\"name\":\"Dana Khalil\",\"image\":{\"@type\":\"ImageObject\",\"inLanguage\":\"fr-FR\",\"@id\":\"https:\/\/www.one.org\/fr\/#\/schema\/person\/image\/\",\"url\":\"https:\/\/secure.gravatar.com\/avatar\/b0da536f00ccefadcc7aae4e64855977a5249adb1ac04162a69474e53a8d4c40?s=96&d=mm&r=g\",\"contentUrl\":\"https:\/\/secure.gravatar.com\/avatar\/b0da536f00ccefadcc7aae4e64855977a5249adb1ac04162a69474e53a8d4c40?s=96&d=mm&r=g\",\"caption\":\"Dana Khalil\"},\"url\":\"https:\/\/www.one.org\/fr\/actualites\/author\/danakhalil\/\"}]}<\/script>\n<!-- \/ Yoast SEO Premium plugin. -->","yoast_head_json":{"title":"Pr\u00e9sidence fran\u00e7aise de l'UE : notre liste de v\u0153ux \u00e0 Emmanuel Macron - ONE.org France","description":"256 jeunes Ambassadeurs et Ambassadrices de ONE \u00e0 travers l'Europe signent une lettre ouverte destin\u00e9e au Pr\u00e9sident de la R\u00e9publique.","robots":{"index":"index","follow":"follow","max-snippet":"max-snippet:-1","max-image-preview":"max-image-preview:large","max-video-preview":"max-video-preview:-1"},"canonical":"https:\/\/www.one.org\/fr\/actualites\/presidence-francaise-ue-lettre-ouverte\/","og_locale":"fr_FR","og_type":"article","og_title":"Pr\u00e9sidence fran\u00e7aise de l'UE : notre liste de v\u0153ux \u00e0 Emmanuel Macron","og_description":"256 jeunes Ambassadeurs et Ambassadrices de ONE \u00e0 travers l'Europe signent une lettre ouverte destin\u00e9e au Pr\u00e9sident de la R\u00e9publique.","og_url":"https:\/\/www.one.org\/fr\/actualites\/presidence-francaise-ue-lettre-ouverte\/","og_site_name":"ONE.org France","article_publisher":"https:\/\/www.facebook.com\/ONE.Fr","article_published_time":"2021-12-13T08:00:26+00:00","article_modified_time":"2023-11-06T16:56:11+00:00","og_image":[{"width":1200,"height":1200,"url":"https:\/\/www.one.org\/fr\/wp-content\/uploads\/sites\/4\/2021\/12\/OpenLetterFR_2021_featured_1200x1200_en.jpg","type":"image\/jpeg"}],"author":"Dana Khalil","twitter_card":"summary_large_image","twitter_creator":"@one_fr","twitter_site":"@one_fr","twitter_misc":{"Written by":"Dana Khalil"},"schema":{"@context":"https:\/\/schema.org","@graph":[{"@type":"Article","@id":"https:\/\/www.one.org\/fr\/actualites\/presidence-francaise-ue-lettre-ouverte\/#article","isPartOf":{"@id":"https:\/\/www.one.org\/fr\/actualites\/presidence-francaise-ue-lettre-ouverte\/"},"author":{"name":"Dana Khalil","@id":"https:\/\/www.one.org\/fr\/#\/schema\/person\/cf1f30f9800f0592ec3d61940be82003"},"headline":"Pr\u00e9sidence fran\u00e7aise de l&#8217;UE : notre liste de v\u0153ux \u00e0 Emmanuel Macron","datePublished":"2021-12-13T08:00:26+00:00","dateModified":"2023-11-06T16:56:11+00:00","mainEntityOfPage":{"@id":"https:\/\/www.one.org\/fr\/actualites\/presidence-francaise-ue-lettre-ouverte\/"},"wordCount":1277,"commentCount":0,"image":{"@id":"https:\/\/www.one.org\/fr\/actualites\/presidence-francaise-ue-lettre-ouverte\/#primaryimage"},"thumbnailUrl":"https:\/\/www.one.org\/fr\/wp-content\/uploads\/sites\/4\/2021\/12\/OpenLetterFR_2021_featured_1200x1200_en.jpg","articleSection":["ONE"],"inLanguage":"fr-FR","potentialAction":[{"@type":"CommentAction","name":"Comment","target":["https:\/\/www.one.org\/fr\/actualites\/presidence-francaise-ue-lettre-ouverte\/#respond"]}]},{"@type":"WebPage","@id":"https:\/\/www.one.org\/fr\/actualites\/presidence-francaise-ue-lettre-ouverte\/","url":"https:\/\/www.one.org\/fr\/actualites\/presidence-francaise-ue-lettre-ouverte\/","name":"Pr\u00e9sidence fran\u00e7aise de l'UE : notre liste de v\u0153ux \u00e0 Emmanuel Macron - ONE.org France","isPartOf":{"@id":"https:\/\/www.one.org\/fr\/#website"},"primaryImageOfPage":{"@id":"https:\/\/www.one.org\/fr\/actualites\/presidence-francaise-ue-lettre-ouverte\/#primaryimage"},"image":{"@id":"https:\/\/www.one.org\/fr\/actualites\/presidence-francaise-ue-lettre-ouverte\/#primaryimage"},"thumbnailUrl":"https:\/\/www.one.org\/fr\/wp-content\/uploads\/sites\/4\/2021\/12\/OpenLetterFR_2021_featured_1200x1200_en.jpg","datePublished":"2021-12-13T08:00:26+00:00","dateModified":"2023-11-06T16:56:11+00:00","author":{"@id":"https:\/\/www.one.org\/fr\/#\/schema\/person\/cf1f30f9800f0592ec3d61940be82003"},"description":"256 jeunes Ambassadeurs et Ambassadrices de ONE \u00e0 travers l'Europe signent une lettre ouverte destin\u00e9e au Pr\u00e9sident de la R\u00e9publique.","breadcrumb":{"@id":"https:\/\/www.one.org\/fr\/actualites\/presidence-francaise-ue-lettre-ouverte\/#breadcrumb"},"inLanguage":"fr-FR","potentialAction":[{"@type":"ReadAction","target":["https:\/\/www.one.org\/fr\/actualites\/presidence-francaise-ue-lettre-ouverte\/"]}]},{"@type":"ImageObject","inLanguage":"fr-FR","@id":"https:\/\/www.one.org\/fr\/actualites\/presidence-francaise-ue-lettre-ouverte\/#primaryimage","url":"https:\/\/www.one.org\/fr\/wp-content\/uploads\/sites\/4\/2021\/12\/OpenLetterFR_2021_featured_1200x1200_en.jpg","contentUrl":"https:\/\/www.one.org\/fr\/wp-content\/uploads\/sites\/4\/2021\/12\/OpenLetterFR_2021_featured_1200x1200_en.jpg","width":1200,"height":1200},{"@type":"BreadcrumbList","@id":"https:\/\/www.one.org\/fr\/actualites\/presidence-francaise-ue-lettre-ouverte\/#breadcrumb","itemListElement":[{"@type":"ListItem","position":1,"name":"Home","item":"https:\/\/www.one.org\/fr\/"},{"@type":"ListItem","position":2,"name":"Pr\u00e9sidence fran\u00e7aise de l&#8217;UE : notre liste de v\u0153ux \u00e0 Emmanuel Macron"}]},{"@type":"WebSite","@id":"https:\/\/www.one.org\/fr\/#website","url":"https:\/\/www.one.org\/fr\/","name":"ONE.org","description":"Cr\u00e9er des opportunit\u00e9s \u00e9conomiques et am\u00e9liorer la sant\u00e9 en Afrique","potentialAction":[{"@type":"SearchAction","target":{"@type":"EntryPoint","urlTemplate":"https:\/\/www.one.org\/fr\/?s={search_term_string}"},"query-input":{"@type":"PropertyValueSpecification","valueRequired":true,"valueName":"search_term_string"}}],"inLanguage":"fr-FR"},{"@type":"Person","@id":"https:\/\/www.one.org\/fr\/#\/schema\/person\/cf1f30f9800f0592ec3d61940be82003","name":"Dana Khalil","image":{"@type":"ImageObject","inLanguage":"fr-FR","@id":"https:\/\/www.one.org\/fr\/#\/schema\/person\/image\/","url":"https:\/\/secure.gravatar.com\/avatar\/b0da536f00ccefadcc7aae4e64855977a5249adb1ac04162a69474e53a8d4c40?s=96&d=mm&r=g","contentUrl":"https:\/\/secure.gravatar.com\/avatar\/b0da536f00ccefadcc7aae4e64855977a5249adb1ac04162a69474e53a8d4c40?s=96&d=mm&r=g","caption":"Dana Khalil"},"url":"https:\/\/www.one.org\/fr\/actualites\/author\/danakhalil\/"}]}},"distributor_meta":false,"distributor_terms":false,"distributor_media":false,"distributor_original_site_name":"ONE.org France","distributor_original_site_url":"https:\/\/www.one.org\/fr","push-errors":false,"_links":{"self":[{"href":"https:\/\/www.one.org\/fr\/wp-json\/wp\/v2\/posts\/162520","targetHints":{"allow":["GET"]}}],"collection":[{"href":"https:\/\/www.one.org\/fr\/wp-json\/wp\/v2\/posts"}],"about":[{"href":"https:\/\/www.one.org\/fr\/wp-json\/wp\/v2\/types\/post"}],"author":[{"embeddable":true,"href":"https:\/\/www.one.org\/fr\/wp-json\/wp\/v2\/users\/24"}],"replies":[{"embeddable":true,"href":"https:\/\/www.one.org\/fr\/wp-json\/wp\/v2\/comments?post=162520"}],"version-history":[{"count":0,"href":"https:\/\/www.one.org\/fr\/wp-json\/wp\/v2\/posts\/162520\/revisions"}],"wp:featuredmedia":[{"embeddable":true,"href":"https:\/\/www.one.org\/fr\/wp-json\/wp\/v2\/media\/163029"}],"wp:attachment":[{"href":"https:\/\/www.one.org\/fr\/wp-json\/wp\/v2\/media?parent=162520"}],"wp:term":[{"taxonomy":"category","embeddable":true,"href":"https:\/\/www.one.org\/fr\/wp-json\/wp\/v2\/categories?post=162520"},{"taxonomy":"post_tag","embeddable":true,"href":"https:\/\/www.one.org\/fr\/wp-json\/wp\/v2\/tags?post=162520"},{"taxonomy":"topic","embeddable":true,"href":"https:\/\/www.one.org\/fr\/wp-json\/wp\/v2\/topic?post=162520"},{"taxonomy":"contributor","embeddable":true,"href":"https:\/\/www.one.org\/fr\/wp-json\/wp\/v2\/contributor?post=162520"},{"taxonomy":"one_content_audience","embeddable":true,"href":"https:\/\/www.one.org\/fr\/wp-json\/wp\/v2\/one_content_audience?post=162520"},{"taxonomy":"one_content_type","embeddable":true,"href":"https:\/\/www.one.org\/fr\/wp-json\/wp\/v2\/one_content_type?post=162520"},{"taxonomy":"one_content_tone","embeddable":true,"href":"https:\/\/www.one.org\/fr\/wp-json\/wp\/v2\/one_content_tone?post=162520"}],"curies":[{"name":"wp","href":"https:\/\/api.w.org\/{rel}","templated":true}]}}