{"id":162518,"date":"2021-12-01T16:53:31","date_gmt":"2021-12-01T16:53:31","guid":{"rendered":"https:\/\/www.one.org\/fr\/4-choses-a-savoir-sur-la-lutte-contre-le-vih-sida\/"},"modified":"2024-04-23T12:34:53","modified_gmt":"2024-04-23T12:34:53","slug":"journee-sida-vih-2021","status":"publish","type":"post","link":"https:\/\/www.one.org\/fr\/actualites\/journee-sida-vih-2021\/","title":{"rendered":"4 choses \u00e0 savoir sur la lutte contre le VIH\/sida"},"content":{"rendered":"<p>Lorsque l&rsquo;&eacute;pid&eacute;mie de VIH\/sida a commenc&eacute; il y a vingt ans, les nouvelles infections doublaient chaque ann&eacute;e. Pr&egrave;s de 4 000 personnes mouraient chaque jour du virus.<\/p>\n<p>Depuis, la r&eacute;ponse mondiale face au VIH a &eacute;t&eacute; consid&eacute;r&eacute;e comme un succ&egrave;s et sert aujourd&rsquo;hui de mod&egrave;le aux crises de sant&eacute; publique. Les d&eacute;c&egrave;s li&eacute;s au sida ont diminu&eacute; de plus de la moiti&eacute; depuis leur pic au d&eacute;but des ann&eacute;es 2000 et aujourd&rsquo;hui, 27,5 millions de personnes ont acc&egrave;s &agrave; des traitements vitaux.<\/p>\n<p>Mais le COVID-19 a gravement fragilis&eacute; une grande partie de ces progr&egrave;s. Alors que nous c&eacute;l&eacute;brons la Journ&eacute;e mondiale du sida le 1er d&eacute;cembre, voici quatre choses &agrave; savoir sur la lutte contre le VIH\/sida.<\/p>\n<ol>\n<li><strong>Malgr&eacute; des avanc&eacute;es majeures, la lutte contre le VIH\/sida conna&icirc;t encore des difficult&eacute;s&nbsp;<\/strong><\/li>\n<\/ol>\n<p>Au cours des deux derni&egrave;res d&eacute;cennies, la lutte contre le VIH\/sida a connu des avanc&eacute;es majeures. Mais le monde est loin d&rsquo;&ecirc;tre tir&eacute; d&rsquo;affaires. De nombreux d&eacute;fis subsistent et ils sont exacerb&eacute;s par la pand&eacute;mie de COVID-19.<\/p>\n<p>Il existe encore de nombreux obstacles au d&eacute;pistage et &agrave; l&rsquo;acc&egrave;s au traitement du VIH : 10 millions de personnes s&eacute;ropositives n&rsquo;ont toujours pas acc&egrave;s aux m&eacute;dicaments antir&eacute;troviraux. Malgr&eacute; les progr&egrave;s obtenus, le VIH continue de se propager &agrave; un rythme alarmant : rien que l&rsquo;ann&eacute;e derni&egrave;re, 1,5 million de personnes suppl&eacute;mentaires ont &eacute;t&eacute; infect&eacute;es<\/p>\n<ol start=\"2\">\n<li><strong> Les restrictions li&eacute;es &agrave; la pand&eacute;mie ont un impact sur l&rsquo;acc&egrave;s aux services de sant&eacute; li&eacute;s au VIH<\/strong><\/li>\n<\/ol>\n<p>Les restrictions li&eacute;es &agrave; la pand&eacute;mie ont un impact sur tous les champs de la soci&eacute;t&eacute;, de <a href=\"https:\/\/lostpotential.one.org\/fr\/\">l&rsquo;&eacute;ducation des enfants<\/a> &agrave; la reprise &eacute;conomique mondiale. Mais la pand&eacute;mie affecte de mani&egrave;re disproportionn&eacute;e les personnes les plus vuln&eacute;rables, notamment celles qui vivent avec le VIH\/sida.<\/p>\n<p>Les confinements successifs et autres mesures de distanciation sociale ont perturb&eacute; l&rsquo;acc&egrave;s aux services de sant&eacute; essentiels. Le nombre de personnes touch&eacute;es par les programmes de pr&eacute;vention du VIH a diminu&eacute; de 11 % et le d&eacute;pistage du VIH\/sida dans le cadre des programmes soutenus par <a href=\"https:\/\/www.theglobalfund.org\/fr\/\">le Fonds mondial<\/a> a baiss&eacute; de 22 % entre 2019 et 2020. Ce dernier estime notamment que 37 millions de tests VIH suppl&eacute;mentaires auraient pu &ecirc;tre administr&eacute;s en 2020 s&rsquo;il n&rsquo;y avait pas eu la pand&eacute;mie.<\/p>\n<p>Avec un acc&egrave;s limit&eacute; aux mesures et programmes de pr&eacute;vention, davantage de personnes risquent d&rsquo;&ecirc;tre infect&eacute;es par le VIH\/sida.<\/p>\n<ol start=\"3\">\n<li><strong> Les in&eacute;galit&eacute;s qui accroissent le risque d&rsquo;infection se sont creus&eacute;es<\/strong><\/li>\n<\/ol>\n<p>Les fragilit&eacute;s &eacute;conomiques facilitent la transmission du VIH et les cons&eacute;quences &eacute;conomiques du COVID-19 ont creus&eacute; les in&eacute;galit&eacute;s &agrave; l&rsquo;origine des risques d&rsquo;infection chez de nombreuses populations vuln&eacute;rables. La pand&eacute;mie a d&eacute;j&agrave; pouss&eacute; 97 millions de personnes suppl&eacute;mentaires dans l&rsquo;extr&ecirc;me pauvret&eacute; rien qu&rsquo;en 2020.<\/p>\n<p>Si les in&eacute;galit&eacute;s et la pauvret&eacute; continuent de s&rsquo;aggraver au sein des populations vuln&eacute;rables, le risque de contracter le VIH\/sida augmente &eacute;galement et pourrait entra&icirc;ner une augmentation des nouvelles infections dans les ann&eacute;es &agrave; venir.<\/p>\n<ol start=\"4\">\n<li><strong> Les personnes vivant avec le VIH ont deux fois plus de risques de mourir du COVID-19<\/strong><\/li>\n<\/ol>\n<p>Les vaccins sont essentiels pour att&eacute;nuer les effets du COVID-19 et ils sont encore plus importants pour les personnes vivant avec le VIH\/sida.<\/p>\n<p>Les premi&egrave;res donn&eacute;es issues d&rsquo;&eacute;tudes men&eacute;es en Angleterre et en Afrique du Sud sugg&egrave;rent que les personnes vivant avec le VIH sont deux fois plus susceptibles de d&eacute;c&eacute;der du COVID-19. Elles sont &eacute;galement plus susceptibles de contracter des formes s&eacute;v&egrave;res de maladies. Une vaccination g&eacute;n&eacute;ralis&eacute;e contre le COVID-19 nous permettrait de consid&eacute;rablement att&eacute;nuer ces risques. Cependant, la majorit&eacute; des personnes qui vivent avec le VIH se trouve dans des r&eacute;gions du monde o&ugrave; l&rsquo;acc&egrave;s aux vaccins contre le COVID-19 est extr&ecirc;mement limit&eacute;. Ainsi, bien que l&rsquo;Afrique subsaharienne abrite pr&egrave;s de 70 % des personnes s&eacute;ropositives, seulement 7,3 % du continent africain est enti&egrave;rement vaccin&eacute; contre le COVID-19.<\/p>\n<p>Un acc&egrave;s juste et &eacute;quitable aux vaccins doit &ecirc;tre prioris&eacute; de toute urgence. L&rsquo;&eacute;quit&eacute; mondiale en mati&egrave;re de vaccins permettra non seulement de mettre fin plus rapidement &agrave; la pand&eacute;mie, mais aura &eacute;galement un impact important sur la vie des personnes vivant avec le VIH\/sida.<\/p>\n<p>Alors que le monde continue de lutter contre la pand&eacute;mie, une chose reste claire : aucun d&rsquo;entre nous n&rsquo;est en s&eacute;curit&eacute; tant que nous ne le serons pas toutes et tous.<\/p>\n<p><strong>Pour en savoir plus, consultez notre nouveau <\/strong><a href=\"https:\/\/www.one.org\/fr\/infos\/rapports-et-analyses\/\"><strong>rapport<\/strong><\/a><strong>.<\/strong><\/p>\n<div class=\"buffer\"><\/div>","protected":false},"excerpt":{"rendered":"<p>Lorsque l&rsquo;&eacute;pid&eacute;mie de VIH\/sida a commenc&eacute; il y a vingt ans, les nouvelles infections doublaient chaque ann&eacute;e. Pr&egrave;s de 4 000 personnes mouraient chaque jour du virus. Depuis, la r&eacute;ponse mondiale face au VIH a &eacute;t&eacute; consid&eacute;r&eacute;e comme un succ&egrave;s et sert aujourd&rsquo;hui de mod&egrave;le aux crises de sant&eacute; publique. Les d&eacute;c&egrave;s li&eacute;s au sida [&hellip;]<\/p>\n","protected":false},"author":0,"featured_media":163033,"comment_status":"open","ping_status":"open","sticky":false,"template":"","format":"standard","meta":{"_acf_changed":false,"_relevanssi_hide_post":"","_relevanssi_hide_content":"","_relevanssi_pin_for_all":"","_relevanssi_pin_keywords":"","_relevanssi_unpin_keywords":"","_relevanssi_related_keywords":"","_relevanssi_related_include_ids":"","_relevanssi_related_exclude_ids":"","_relevanssi_related_no_append":"","_relevanssi_related_not_related":"","_relevanssi_related_posts":"164801,164384,164396,163756,163706,163644","_relevanssi_noindex_reason":"","footnotes":""},"categories":[68],"tags":[],"topic":[37],"contributor":[33],"one_content_audience":[],"one_content_type":[],"one_content_tone":[],"class_list":["post-162518","post","type-post","status-publish","format-standard","has-post-thumbnail","hentry","category-analyse","topic-vih-sida","contributor-one-france"],"acf":[],"yoast_head":"<!-- This site is optimized with the Yoast SEO Premium plugin v27.1 (Yoast SEO v27.1.1) - https:\/\/yoast.com\/product\/yoast-seo-premium-wordpress\/ -->\n<title>4 choses \u00e0 savoir sur la lutte contre le VIH\/sida - ONE.org France<\/title>\n<meta name=\"description\" content=\"Depuis le d\u00e9but de la crise du VIH\/sida il y a vingt ans, nous avons constat\u00e9 des progr\u00e8s, mais aussi des reculs. Voici 4 choses \u00e0 savoir.\" \/>\n<meta name=\"robots\" content=\"index, follow, max-snippet:-1, max-image-preview:large, max-video-preview:-1\" \/>\n<link rel=\"canonical\" href=\"https:\/\/www.one.org\/fr\/actualites\/journee-sida-vih-2021\/\" \/>\n<meta property=\"og:locale\" content=\"fr_FR\" \/>\n<meta property=\"og:type\" content=\"article\" \/>\n<meta property=\"og:title\" content=\"4 choses \u00e0 savoir sur la lutte contre le VIH\/sida\" \/>\n<meta property=\"og:description\" content=\"Depuis le d\u00e9but de la crise du VIH\/sida il y a vingt ans, nous avons constat\u00e9 des progr\u00e8s, mais aussi des reculs. Voici 4 choses \u00e0 savoir.\" \/>\n<meta property=\"og:url\" content=\"https:\/\/www.one.org\/fr\/actualites\/journee-sida-vih-2021\/\" \/>\n<meta property=\"og:site_name\" content=\"ONE.org France\" \/>\n<meta property=\"article:publisher\" content=\"https:\/\/www.facebook.com\/ONE.Fr\" \/>\n<meta property=\"article:published_time\" content=\"2021-12-01T16:53:31+00:00\" \/>\n<meta property=\"article:modified_time\" content=\"2024-04-23T12:34:53+00:00\" \/>\n<meta property=\"og:image\" content=\"https:\/\/www.one.org\/fr\/wp-content\/uploads\/sites\/4\/2021\/12\/WAD_2021_feature_1080x1080_v2.png\" \/>\n\t<meta property=\"og:image:width\" content=\"1200\" \/>\n\t<meta property=\"og:image:height\" content=\"1200\" \/>\n\t<meta property=\"og:image:type\" content=\"image\/png\" \/>\n<meta name=\"twitter:card\" content=\"summary_large_image\" \/>\n<meta name=\"twitter:creator\" content=\"@one_fr\" \/>\n<meta name=\"twitter:site\" content=\"@one_fr\" \/>\n<meta name=\"twitter:label1\" content=\"Est. reading time\" \/>\n\t<meta name=\"twitter:data1\" content=\"4 minutes\" \/>\n<script type=\"application\/ld+json\" class=\"yoast-schema-graph\">{\"@context\":\"https:\/\/schema.org\",\"@graph\":[{\"@type\":\"Article\",\"@id\":\"https:\/\/www.one.org\/fr\/actualites\/journee-sida-vih-2021\/#article\",\"isPartOf\":{\"@id\":\"https:\/\/www.one.org\/fr\/actualites\/journee-sida-vih-2021\/\"},\"author\":{\"name\":\"\",\"@id\":\"\"},\"headline\":\"4 choses \u00e0 savoir sur la lutte contre le VIH\/sida\",\"datePublished\":\"2021-12-01T16:53:31+00:00\",\"dateModified\":\"2024-04-23T12:34:53+00:00\",\"mainEntityOfPage\":{\"@id\":\"https:\/\/www.one.org\/fr\/actualites\/journee-sida-vih-2021\/\"},\"wordCount\":1003,\"commentCount\":0,\"image\":{\"@id\":\"https:\/\/www.one.org\/fr\/actualites\/journee-sida-vih-2021\/#primaryimage\"},\"thumbnailUrl\":\"https:\/\/www.one.org\/fr\/wp-content\/uploads\/sites\/4\/2021\/12\/WAD_2021_feature_1080x1080_v2.png\",\"articleSection\":[\"Analyse\"],\"inLanguage\":\"fr-FR\",\"potentialAction\":[{\"@type\":\"CommentAction\",\"name\":\"Comment\",\"target\":[\"https:\/\/www.one.org\/fr\/actualites\/journee-sida-vih-2021\/#respond\"]}]},{\"@type\":\"WebPage\",\"@id\":\"https:\/\/www.one.org\/fr\/actualites\/journee-sida-vih-2021\/\",\"url\":\"https:\/\/www.one.org\/fr\/actualites\/journee-sida-vih-2021\/\",\"name\":\"4 choses \u00e0 savoir sur la lutte contre le VIH\/sida - ONE.org France\",\"isPartOf\":{\"@id\":\"https:\/\/www.one.org\/fr\/#website\"},\"primaryImageOfPage\":{\"@id\":\"https:\/\/www.one.org\/fr\/actualites\/journee-sida-vih-2021\/#primaryimage\"},\"image\":{\"@id\":\"https:\/\/www.one.org\/fr\/actualites\/journee-sida-vih-2021\/#primaryimage\"},\"thumbnailUrl\":\"https:\/\/www.one.org\/fr\/wp-content\/uploads\/sites\/4\/2021\/12\/WAD_2021_feature_1080x1080_v2.png\",\"datePublished\":\"2021-12-01T16:53:31+00:00\",\"dateModified\":\"2024-04-23T12:34:53+00:00\",\"author\":{\"@id\":\"\"},\"description\":\"Depuis le d\u00e9but de la crise du VIH\/sida il y a vingt ans, nous avons constat\u00e9 des progr\u00e8s, mais aussi des reculs. Voici 4 choses \u00e0 savoir.\",\"breadcrumb\":{\"@id\":\"https:\/\/www.one.org\/fr\/actualites\/journee-sida-vih-2021\/#breadcrumb\"},\"inLanguage\":\"fr-FR\",\"potentialAction\":[{\"@type\":\"ReadAction\",\"target\":[\"https:\/\/www.one.org\/fr\/actualites\/journee-sida-vih-2021\/\"]}]},{\"@type\":\"ImageObject\",\"inLanguage\":\"fr-FR\",\"@id\":\"https:\/\/www.one.org\/fr\/actualites\/journee-sida-vih-2021\/#primaryimage\",\"url\":\"https:\/\/www.one.org\/fr\/wp-content\/uploads\/sites\/4\/2021\/12\/WAD_2021_feature_1080x1080_v2.png\",\"contentUrl\":\"https:\/\/www.one.org\/fr\/wp-content\/uploads\/sites\/4\/2021\/12\/WAD_2021_feature_1080x1080_v2.png\",\"width\":1200,\"height\":1200},{\"@type\":\"BreadcrumbList\",\"@id\":\"https:\/\/www.one.org\/fr\/actualites\/journee-sida-vih-2021\/#breadcrumb\",\"itemListElement\":[{\"@type\":\"ListItem\",\"position\":1,\"name\":\"Home\",\"item\":\"https:\/\/www.one.org\/fr\/\"},{\"@type\":\"ListItem\",\"position\":2,\"name\":\"4 choses \u00e0 savoir sur la lutte contre le VIH\/sida\"}]},{\"@type\":\"WebSite\",\"@id\":\"https:\/\/www.one.org\/fr\/#website\",\"url\":\"https:\/\/www.one.org\/fr\/\",\"name\":\"ONE.org\",\"description\":\"Cr\u00e9er des opportunit\u00e9s \u00e9conomiques et am\u00e9liorer la sant\u00e9 en Afrique\",\"potentialAction\":[{\"@type\":\"SearchAction\",\"target\":{\"@type\":\"EntryPoint\",\"urlTemplate\":\"https:\/\/www.one.org\/fr\/?s={search_term_string}\"},\"query-input\":{\"@type\":\"PropertyValueSpecification\",\"valueRequired\":true,\"valueName\":\"search_term_string\"}}],\"inLanguage\":\"fr-FR\"}]}<\/script>\n<!-- \/ Yoast SEO Premium plugin. -->","yoast_head_json":{"title":"4 choses \u00e0 savoir sur la lutte contre le VIH\/sida - ONE.org France","description":"Depuis le d\u00e9but de la crise du VIH\/sida il y a vingt ans, nous avons constat\u00e9 des progr\u00e8s, mais aussi des reculs. Voici 4 choses \u00e0 savoir.","robots":{"index":"index","follow":"follow","max-snippet":"max-snippet:-1","max-image-preview":"max-image-preview:large","max-video-preview":"max-video-preview:-1"},"canonical":"https:\/\/www.one.org\/fr\/actualites\/journee-sida-vih-2021\/","og_locale":"fr_FR","og_type":"article","og_title":"4 choses \u00e0 savoir sur la lutte contre le VIH\/sida","og_description":"Depuis le d\u00e9but de la crise du VIH\/sida il y a vingt ans, nous avons constat\u00e9 des progr\u00e8s, mais aussi des reculs. Voici 4 choses \u00e0 savoir.","og_url":"https:\/\/www.one.org\/fr\/actualites\/journee-sida-vih-2021\/","og_site_name":"ONE.org France","article_publisher":"https:\/\/www.facebook.com\/ONE.Fr","article_published_time":"2021-12-01T16:53:31+00:00","article_modified_time":"2024-04-23T12:34:53+00:00","og_image":[{"width":1200,"height":1200,"url":"https:\/\/www.one.org\/fr\/wp-content\/uploads\/sites\/4\/2021\/12\/WAD_2021_feature_1080x1080_v2.png","type":"image\/png"}],"twitter_card":"summary_large_image","twitter_creator":"@one_fr","twitter_site":"@one_fr","twitter_misc":{"Est. reading time":"4 minutes"},"schema":{"@context":"https:\/\/schema.org","@graph":[{"@type":"Article","@id":"https:\/\/www.one.org\/fr\/actualites\/journee-sida-vih-2021\/#article","isPartOf":{"@id":"https:\/\/www.one.org\/fr\/actualites\/journee-sida-vih-2021\/"},"author":{"name":"","@id":""},"headline":"4 choses \u00e0 savoir sur la lutte contre le VIH\/sida","datePublished":"2021-12-01T16:53:31+00:00","dateModified":"2024-04-23T12:34:53+00:00","mainEntityOfPage":{"@id":"https:\/\/www.one.org\/fr\/actualites\/journee-sida-vih-2021\/"},"wordCount":1003,"commentCount":0,"image":{"@id":"https:\/\/www.one.org\/fr\/actualites\/journee-sida-vih-2021\/#primaryimage"},"thumbnailUrl":"https:\/\/www.one.org\/fr\/wp-content\/uploads\/sites\/4\/2021\/12\/WAD_2021_feature_1080x1080_v2.png","articleSection":["Analyse"],"inLanguage":"fr-FR","potentialAction":[{"@type":"CommentAction","name":"Comment","target":["https:\/\/www.one.org\/fr\/actualites\/journee-sida-vih-2021\/#respond"]}]},{"@type":"WebPage","@id":"https:\/\/www.one.org\/fr\/actualites\/journee-sida-vih-2021\/","url":"https:\/\/www.one.org\/fr\/actualites\/journee-sida-vih-2021\/","name":"4 choses \u00e0 savoir sur la lutte contre le VIH\/sida - ONE.org France","isPartOf":{"@id":"https:\/\/www.one.org\/fr\/#website"},"primaryImageOfPage":{"@id":"https:\/\/www.one.org\/fr\/actualites\/journee-sida-vih-2021\/#primaryimage"},"image":{"@id":"https:\/\/www.one.org\/fr\/actualites\/journee-sida-vih-2021\/#primaryimage"},"thumbnailUrl":"https:\/\/www.one.org\/fr\/wp-content\/uploads\/sites\/4\/2021\/12\/WAD_2021_feature_1080x1080_v2.png","datePublished":"2021-12-01T16:53:31+00:00","dateModified":"2024-04-23T12:34:53+00:00","author":{"@id":""},"description":"Depuis le d\u00e9but de la crise du VIH\/sida il y a vingt ans, nous avons constat\u00e9 des progr\u00e8s, mais aussi des reculs. Voici 4 choses \u00e0 savoir.","breadcrumb":{"@id":"https:\/\/www.one.org\/fr\/actualites\/journee-sida-vih-2021\/#breadcrumb"},"inLanguage":"fr-FR","potentialAction":[{"@type":"ReadAction","target":["https:\/\/www.one.org\/fr\/actualites\/journee-sida-vih-2021\/"]}]},{"@type":"ImageObject","inLanguage":"fr-FR","@id":"https:\/\/www.one.org\/fr\/actualites\/journee-sida-vih-2021\/#primaryimage","url":"https:\/\/www.one.org\/fr\/wp-content\/uploads\/sites\/4\/2021\/12\/WAD_2021_feature_1080x1080_v2.png","contentUrl":"https:\/\/www.one.org\/fr\/wp-content\/uploads\/sites\/4\/2021\/12\/WAD_2021_feature_1080x1080_v2.png","width":1200,"height":1200},{"@type":"BreadcrumbList","@id":"https:\/\/www.one.org\/fr\/actualites\/journee-sida-vih-2021\/#breadcrumb","itemListElement":[{"@type":"ListItem","position":1,"name":"Home","item":"https:\/\/www.one.org\/fr\/"},{"@type":"ListItem","position":2,"name":"4 choses \u00e0 savoir sur la lutte contre le VIH\/sida"}]},{"@type":"WebSite","@id":"https:\/\/www.one.org\/fr\/#website","url":"https:\/\/www.one.org\/fr\/","name":"ONE.org","description":"Cr\u00e9er des opportunit\u00e9s \u00e9conomiques et am\u00e9liorer la sant\u00e9 en Afrique","potentialAction":[{"@type":"SearchAction","target":{"@type":"EntryPoint","urlTemplate":"https:\/\/www.one.org\/fr\/?s={search_term_string}"},"query-input":{"@type":"PropertyValueSpecification","valueRequired":true,"valueName":"search_term_string"}}],"inLanguage":"fr-FR"}]}},"distributor_meta":false,"distributor_terms":false,"distributor_media":false,"distributor_original_site_name":"ONE.org France","distributor_original_site_url":"https:\/\/www.one.org\/fr","push-errors":false,"_links":{"self":[{"href":"https:\/\/www.one.org\/fr\/wp-json\/wp\/v2\/posts\/162518","targetHints":{"allow":["GET"]}}],"collection":[{"href":"https:\/\/www.one.org\/fr\/wp-json\/wp\/v2\/posts"}],"about":[{"href":"https:\/\/www.one.org\/fr\/wp-json\/wp\/v2\/types\/post"}],"replies":[{"embeddable":true,"href":"https:\/\/www.one.org\/fr\/wp-json\/wp\/v2\/comments?post=162518"}],"version-history":[{"count":0,"href":"https:\/\/www.one.org\/fr\/wp-json\/wp\/v2\/posts\/162518\/revisions"}],"wp:featuredmedia":[{"embeddable":true,"href":"https:\/\/www.one.org\/fr\/wp-json\/wp\/v2\/media\/163033"}],"wp:attachment":[{"href":"https:\/\/www.one.org\/fr\/wp-json\/wp\/v2\/media?parent=162518"}],"wp:term":[{"taxonomy":"category","embeddable":true,"href":"https:\/\/www.one.org\/fr\/wp-json\/wp\/v2\/categories?post=162518"},{"taxonomy":"post_tag","embeddable":true,"href":"https:\/\/www.one.org\/fr\/wp-json\/wp\/v2\/tags?post=162518"},{"taxonomy":"topic","embeddable":true,"href":"https:\/\/www.one.org\/fr\/wp-json\/wp\/v2\/topic?post=162518"},{"taxonomy":"contributor","embeddable":true,"href":"https:\/\/www.one.org\/fr\/wp-json\/wp\/v2\/contributor?post=162518"},{"taxonomy":"one_content_audience","embeddable":true,"href":"https:\/\/www.one.org\/fr\/wp-json\/wp\/v2\/one_content_audience?post=162518"},{"taxonomy":"one_content_type","embeddable":true,"href":"https:\/\/www.one.org\/fr\/wp-json\/wp\/v2\/one_content_type?post=162518"},{"taxonomy":"one_content_tone","embeddable":true,"href":"https:\/\/www.one.org\/fr\/wp-json\/wp\/v2\/one_content_tone?post=162518"}],"curies":[{"name":"wp","href":"https:\/\/api.w.org\/{rel}","templated":true}]}}