{"id":162517,"date":"2021-11-30T17:11:25","date_gmt":"2021-11-30T17:11:25","guid":{"rendered":"https:\/\/www.one.org\/fr\/decrouvrez-notre-consultation-citoyenne\/"},"modified":"2024-04-23T12:34:55","modified_gmt":"2024-04-23T12:34:55","slug":"mettre-fin-a-lextreme-pauvrete-et-aux-inegalites-dans-le-monde","status":"publish","type":"post","link":"https:\/\/www.one.org\/fr\/actualites\/mettre-fin-a-lextreme-pauvrete-et-aux-inegalites-dans-le-monde\/","title":{"rendered":"D\u00e9crouvrez notre consultation citoyenne"},"content":{"rendered":"<p>Le monde est de plus en plus in&eacute;galitaire. Pour la premi&egrave;re fois depuis les ann&eacute;es 1990, le nombre de personnes vivant sous le seuil de l&rsquo;extr&ecirc;me pauvret&eacute; augmente. Certaines r&eacute;gions sont compl&egrave;tement laiss&eacute;es pour compte dans la poursuite du progr&egrave;s et du bien-&ecirc;tre.<\/p>\n<p>Nous sommes en 2021 et pr&egrave;s de 700 millions de personnes dans le monde vivent dans l&rsquo;extr&ecirc;me pauvret&eacute;, soit avec moins de 1,90 dollar par jour. Imaginez : dans ces pays, pas d&rsquo;acc&egrave;s &agrave; un m&eacute;decin ni &agrave; une &eacute;ducation de qualit&eacute; ou m&ecirc;me &agrave; l&rsquo;eau potable, un risque &eacute;lev&eacute; de souffrir de la faim au cours de votre vie, et tr&egrave;s peu de perspectives d&rsquo;un avenir meilleur.<\/p>\n<p>Pour rem&eacute;dier au fl&eacute;au de l&rsquo;extr&ecirc;me pauvret&eacute;, nous devons agir ensemble et ne laisser personne de c&ocirc;t&eacute;, surtout pas les personnes les plus vuln&eacute;rables, qu&rsquo;elles vivent de l&rsquo;autre c&ocirc;t&eacute; de la rue ou &agrave; l&rsquo;autre bout du monde. Oeuvrer pour un monde meilleur l&agrave;-bas, c&rsquo;est aussi participer &agrave; la construction d&rsquo;un monde meilleur ici, en France. Cela ne pourra pas se faire sans l&rsquo;engagement des citoyennes et citoyens.<\/p>\n<p><strong>C&rsquo;est pourquoi, en partenariat avec le journal <a href=\"https:\/\/www.la-croix.com\/\">La Croix<\/a> et <a href=\"https:\/\/make.org\/FR\">Make.org<\/a>, une plateforme en ligne innovante et mobilisatrice, nous lan&ccedil;ons une grande consultation citoyenne !<\/strong><\/p>\n<p>&Agrave; quelques mois de l&rsquo;&eacute;lection pr&eacute;sidentielle, il est temps de mettre, tous ensemble, en avant les solutions : comment enclencher un processus de r&eacute;duction des in&eacute;galit&eacute;s au niveau mondial ? Comment l&rsquo;&Eacute;tat, les entreprises et les associations peuvent-ils mettre fin &agrave; l&rsquo;extr&ecirc;me pauvret&eacute; dans le monde ? Comment peuvent-ils lutter contre les flux financiers illicites, le manque de financements dans les pays pauvres ? Que devraient-il faire contre le manque d&rsquo;acc&egrave;s aux soins ou &agrave; une &eacute;ducation de qualit&eacute;, contre les in&eacute;galit&eacute;s entre les femmes et les hommes, contre le pillage des ressources naturelles ou le manque de financements dans les pays pauvres et leur sous-repr&eacute;sentation dans les n&eacute;gociations internationales ?<\/p>\n<p><strong>Nous avons besoin de vous : proposez vos id&eacute;es, votez pour celles qui vous semblent les plus efficaces et partagez cette consultation pour que ces solutions soient soumises aux candidates et candidats &agrave; l&rsquo;&eacute;lection pr&eacute;sidentielle de 2022 !<\/strong><\/p>\n<h3><strong>Participez &agrave; la consultation juste <a href=\"https:\/\/make.org\/FR-fr\/consultation\/stop-pauvrete\/selection?utm_source=one&amp;utm_medium=diffusion&amp;utm_campaign=stop-pauvrete\">ici<\/a>.<\/strong><\/h3>\n<div class=\"buffer\"><\/div>","protected":false},"excerpt":{"rendered":"<p>Le monde est de plus en plus in&eacute;galitaire. Pour la premi&egrave;re fois depuis les ann&eacute;es 1990, le nombre de personnes vivant sous le seuil de l&rsquo;extr&ecirc;me pauvret&eacute; augmente. Certaines r&eacute;gions sont compl&egrave;tement laiss&eacute;es pour compte dans la poursuite du progr&egrave;s et du bien-&ecirc;tre. Nous sommes en 2021 et pr&egrave;s de 700 millions de personnes dans [&hellip;]<\/p>\n","protected":false},"author":0,"featured_media":163035,"comment_status":"open","ping_status":"open","sticky":false,"template":"","format":"standard","meta":{"_acf_changed":false,"_relevanssi_hide_post":"","_relevanssi_hide_content":"","_relevanssi_pin_for_all":"","_relevanssi_pin_keywords":"","_relevanssi_unpin_keywords":"","_relevanssi_related_keywords":"","_relevanssi_related_include_ids":"","_relevanssi_related_exclude_ids":"","_relevanssi_related_no_append":"","_relevanssi_related_not_related":"","_relevanssi_related_posts":"164801,164396,163756,163706,163644,163579","_relevanssi_noindex_reason":"","footnotes":""},"categories":[82],"tags":[],"topic":[83],"contributor":[33],"one_content_audience":[],"one_content_type":[],"one_content_tone":[],"class_list":["post-162517","post","type-post","status-publish","format-standard","has-post-thumbnail","hentry","category-opinion","topic-election-presidentielle","contributor-one-france"],"acf":[],"yoast_head":"<!-- This site is optimized with the Yoast SEO Premium plugin v27.1 (Yoast SEO v27.1.1) - https:\/\/yoast.com\/product\/yoast-seo-premium-wordpress\/ -->\n<title>D\u00e9crouvrez notre consultation citoyenne - ONE.org France<\/title>\n<meta name=\"description\" content=\"Comment l&#039;\u00c9tat, les entreprises et les associations peuvent-ils mettre fin \u00e0 l\u2019extr\u00eame pauvret\u00e9 dans le monde ? Participez \u00e0 notre consultation citoyenne !\" \/>\n<meta name=\"robots\" content=\"index, follow, max-snippet:-1, max-image-preview:large, max-video-preview:-1\" \/>\n<link rel=\"canonical\" href=\"https:\/\/www.one.org\/fr\/actualites\/mettre-fin-a-lextreme-pauvrete-et-aux-inegalites-dans-le-monde\/\" \/>\n<meta property=\"og:locale\" content=\"fr_FR\" \/>\n<meta property=\"og:type\" content=\"article\" \/>\n<meta property=\"og:title\" content=\"D\u00e9crouvrez notre consultation citoyenne\" \/>\n<meta property=\"og:description\" content=\"Comment l&#039;\u00c9tat, les entreprises et les associations peuvent-ils mettre fin \u00e0 l\u2019extr\u00eame pauvret\u00e9 dans le monde ? Participez \u00e0 notre consultation citoyenne !\" \/>\n<meta property=\"og:url\" content=\"https:\/\/www.one.org\/fr\/actualites\/mettre-fin-a-lextreme-pauvrete-et-aux-inegalites-dans-le-monde\/\" \/>\n<meta property=\"og:site_name\" content=\"ONE.org France\" \/>\n<meta property=\"article:publisher\" content=\"https:\/\/www.facebook.com\/ONE.Fr\" \/>\n<meta property=\"article:published_time\" content=\"2021-11-30T17:11:25+00:00\" \/>\n<meta property=\"article:modified_time\" content=\"2024-04-23T12:34:55+00:00\" \/>\n<meta property=\"og:image\" content=\"https:\/\/www.one.org\/fr\/wp-content\/uploads\/sites\/4\/2021\/11\/ow_2020_whatyoucando_featured_1200x1200.png\" \/>\n\t<meta property=\"og:image:width\" content=\"1200\" \/>\n\t<meta property=\"og:image:height\" content=\"1200\" \/>\n\t<meta property=\"og:image:type\" content=\"image\/png\" \/>\n<meta name=\"twitter:card\" content=\"summary_large_image\" \/>\n<meta name=\"twitter:creator\" content=\"@one_fr\" \/>\n<meta name=\"twitter:site\" content=\"@one_fr\" \/>\n<script type=\"application\/ld+json\" class=\"yoast-schema-graph\">{\"@context\":\"https:\/\/schema.org\",\"@graph\":[{\"@type\":\"Article\",\"@id\":\"https:\/\/www.one.org\/fr\/actualites\/mettre-fin-a-lextreme-pauvrete-et-aux-inegalites-dans-le-monde\/#article\",\"isPartOf\":{\"@id\":\"https:\/\/www.one.org\/fr\/actualites\/mettre-fin-a-lextreme-pauvrete-et-aux-inegalites-dans-le-monde\/\"},\"author\":{\"name\":\"\",\"@id\":\"\"},\"headline\":\"D\u00e9crouvrez notre consultation citoyenne\",\"datePublished\":\"2021-11-30T17:11:25+00:00\",\"dateModified\":\"2024-04-23T12:34:55+00:00\",\"mainEntityOfPage\":{\"@id\":\"https:\/\/www.one.org\/fr\/actualites\/mettre-fin-a-lextreme-pauvrete-et-aux-inegalites-dans-le-monde\/\"},\"wordCount\":472,\"commentCount\":0,\"image\":{\"@id\":\"https:\/\/www.one.org\/fr\/actualites\/mettre-fin-a-lextreme-pauvrete-et-aux-inegalites-dans-le-monde\/#primaryimage\"},\"thumbnailUrl\":\"https:\/\/www.one.org\/fr\/wp-content\/uploads\/sites\/4\/2021\/11\/ow_2020_whatyoucando_featured_1200x1200.png\",\"articleSection\":[\"Opinion\"],\"inLanguage\":\"fr-FR\",\"potentialAction\":[{\"@type\":\"CommentAction\",\"name\":\"Comment\",\"target\":[\"https:\/\/www.one.org\/fr\/actualites\/mettre-fin-a-lextreme-pauvrete-et-aux-inegalites-dans-le-monde\/#respond\"]}]},{\"@type\":\"WebPage\",\"@id\":\"https:\/\/www.one.org\/fr\/actualites\/mettre-fin-a-lextreme-pauvrete-et-aux-inegalites-dans-le-monde\/\",\"url\":\"https:\/\/www.one.org\/fr\/actualites\/mettre-fin-a-lextreme-pauvrete-et-aux-inegalites-dans-le-monde\/\",\"name\":\"D\u00e9crouvrez notre consultation citoyenne - ONE.org France\",\"isPartOf\":{\"@id\":\"https:\/\/www.one.org\/fr\/#website\"},\"primaryImageOfPage\":{\"@id\":\"https:\/\/www.one.org\/fr\/actualites\/mettre-fin-a-lextreme-pauvrete-et-aux-inegalites-dans-le-monde\/#primaryimage\"},\"image\":{\"@id\":\"https:\/\/www.one.org\/fr\/actualites\/mettre-fin-a-lextreme-pauvrete-et-aux-inegalites-dans-le-monde\/#primaryimage\"},\"thumbnailUrl\":\"https:\/\/www.one.org\/fr\/wp-content\/uploads\/sites\/4\/2021\/11\/ow_2020_whatyoucando_featured_1200x1200.png\",\"datePublished\":\"2021-11-30T17:11:25+00:00\",\"dateModified\":\"2024-04-23T12:34:55+00:00\",\"author\":{\"@id\":\"\"},\"description\":\"Comment l'\u00c9tat, les entreprises et les associations peuvent-ils mettre fin \u00e0 l\u2019extr\u00eame pauvret\u00e9 dans le monde ? Participez \u00e0 notre consultation citoyenne !\",\"breadcrumb\":{\"@id\":\"https:\/\/www.one.org\/fr\/actualites\/mettre-fin-a-lextreme-pauvrete-et-aux-inegalites-dans-le-monde\/#breadcrumb\"},\"inLanguage\":\"fr-FR\",\"potentialAction\":[{\"@type\":\"ReadAction\",\"target\":[\"https:\/\/www.one.org\/fr\/actualites\/mettre-fin-a-lextreme-pauvrete-et-aux-inegalites-dans-le-monde\/\"]}]},{\"@type\":\"ImageObject\",\"inLanguage\":\"fr-FR\",\"@id\":\"https:\/\/www.one.org\/fr\/actualites\/mettre-fin-a-lextreme-pauvrete-et-aux-inegalites-dans-le-monde\/#primaryimage\",\"url\":\"https:\/\/www.one.org\/fr\/wp-content\/uploads\/sites\/4\/2021\/11\/ow_2020_whatyoucando_featured_1200x1200.png\",\"contentUrl\":\"https:\/\/www.one.org\/fr\/wp-content\/uploads\/sites\/4\/2021\/11\/ow_2020_whatyoucando_featured_1200x1200.png\",\"width\":1200,\"height\":1200},{\"@type\":\"BreadcrumbList\",\"@id\":\"https:\/\/www.one.org\/fr\/actualites\/mettre-fin-a-lextreme-pauvrete-et-aux-inegalites-dans-le-monde\/#breadcrumb\",\"itemListElement\":[{\"@type\":\"ListItem\",\"position\":1,\"name\":\"Home\",\"item\":\"https:\/\/www.one.org\/fr\/\"},{\"@type\":\"ListItem\",\"position\":2,\"name\":\"D\u00e9crouvrez notre consultation citoyenne\"}]},{\"@type\":\"WebSite\",\"@id\":\"https:\/\/www.one.org\/fr\/#website\",\"url\":\"https:\/\/www.one.org\/fr\/\",\"name\":\"ONE.org\",\"description\":\"Cr\u00e9er des opportunit\u00e9s \u00e9conomiques et am\u00e9liorer la sant\u00e9 en Afrique\",\"potentialAction\":[{\"@type\":\"SearchAction\",\"target\":{\"@type\":\"EntryPoint\",\"urlTemplate\":\"https:\/\/www.one.org\/fr\/?s={search_term_string}\"},\"query-input\":{\"@type\":\"PropertyValueSpecification\",\"valueRequired\":true,\"valueName\":\"search_term_string\"}}],\"inLanguage\":\"fr-FR\"}]}<\/script>\n<!-- \/ Yoast SEO Premium plugin. -->","yoast_head_json":{"title":"D\u00e9crouvrez notre consultation citoyenne - ONE.org France","description":"Comment l'\u00c9tat, les entreprises et les associations peuvent-ils mettre fin \u00e0 l\u2019extr\u00eame pauvret\u00e9 dans le monde ? Participez \u00e0 notre consultation citoyenne !","robots":{"index":"index","follow":"follow","max-snippet":"max-snippet:-1","max-image-preview":"max-image-preview:large","max-video-preview":"max-video-preview:-1"},"canonical":"https:\/\/www.one.org\/fr\/actualites\/mettre-fin-a-lextreme-pauvrete-et-aux-inegalites-dans-le-monde\/","og_locale":"fr_FR","og_type":"article","og_title":"D\u00e9crouvrez notre consultation citoyenne","og_description":"Comment l'\u00c9tat, les entreprises et les associations peuvent-ils mettre fin \u00e0 l\u2019extr\u00eame pauvret\u00e9 dans le monde ? Participez \u00e0 notre consultation citoyenne !","og_url":"https:\/\/www.one.org\/fr\/actualites\/mettre-fin-a-lextreme-pauvrete-et-aux-inegalites-dans-le-monde\/","og_site_name":"ONE.org France","article_publisher":"https:\/\/www.facebook.com\/ONE.Fr","article_published_time":"2021-11-30T17:11:25+00:00","article_modified_time":"2024-04-23T12:34:55+00:00","og_image":[{"width":1200,"height":1200,"url":"https:\/\/www.one.org\/fr\/wp-content\/uploads\/sites\/4\/2021\/11\/ow_2020_whatyoucando_featured_1200x1200.png","type":"image\/png"}],"twitter_card":"summary_large_image","twitter_creator":"@one_fr","twitter_site":"@one_fr","schema":{"@context":"https:\/\/schema.org","@graph":[{"@type":"Article","@id":"https:\/\/www.one.org\/fr\/actualites\/mettre-fin-a-lextreme-pauvrete-et-aux-inegalites-dans-le-monde\/#article","isPartOf":{"@id":"https:\/\/www.one.org\/fr\/actualites\/mettre-fin-a-lextreme-pauvrete-et-aux-inegalites-dans-le-monde\/"},"author":{"name":"","@id":""},"headline":"D\u00e9crouvrez notre consultation citoyenne","datePublished":"2021-11-30T17:11:25+00:00","dateModified":"2024-04-23T12:34:55+00:00","mainEntityOfPage":{"@id":"https:\/\/www.one.org\/fr\/actualites\/mettre-fin-a-lextreme-pauvrete-et-aux-inegalites-dans-le-monde\/"},"wordCount":472,"commentCount":0,"image":{"@id":"https:\/\/www.one.org\/fr\/actualites\/mettre-fin-a-lextreme-pauvrete-et-aux-inegalites-dans-le-monde\/#primaryimage"},"thumbnailUrl":"https:\/\/www.one.org\/fr\/wp-content\/uploads\/sites\/4\/2021\/11\/ow_2020_whatyoucando_featured_1200x1200.png","articleSection":["Opinion"],"inLanguage":"fr-FR","potentialAction":[{"@type":"CommentAction","name":"Comment","target":["https:\/\/www.one.org\/fr\/actualites\/mettre-fin-a-lextreme-pauvrete-et-aux-inegalites-dans-le-monde\/#respond"]}]},{"@type":"WebPage","@id":"https:\/\/www.one.org\/fr\/actualites\/mettre-fin-a-lextreme-pauvrete-et-aux-inegalites-dans-le-monde\/","url":"https:\/\/www.one.org\/fr\/actualites\/mettre-fin-a-lextreme-pauvrete-et-aux-inegalites-dans-le-monde\/","name":"D\u00e9crouvrez notre consultation citoyenne - ONE.org France","isPartOf":{"@id":"https:\/\/www.one.org\/fr\/#website"},"primaryImageOfPage":{"@id":"https:\/\/www.one.org\/fr\/actualites\/mettre-fin-a-lextreme-pauvrete-et-aux-inegalites-dans-le-monde\/#primaryimage"},"image":{"@id":"https:\/\/www.one.org\/fr\/actualites\/mettre-fin-a-lextreme-pauvrete-et-aux-inegalites-dans-le-monde\/#primaryimage"},"thumbnailUrl":"https:\/\/www.one.org\/fr\/wp-content\/uploads\/sites\/4\/2021\/11\/ow_2020_whatyoucando_featured_1200x1200.png","datePublished":"2021-11-30T17:11:25+00:00","dateModified":"2024-04-23T12:34:55+00:00","author":{"@id":""},"description":"Comment l'\u00c9tat, les entreprises et les associations peuvent-ils mettre fin \u00e0 l\u2019extr\u00eame pauvret\u00e9 dans le monde ? Participez \u00e0 notre consultation citoyenne !","breadcrumb":{"@id":"https:\/\/www.one.org\/fr\/actualites\/mettre-fin-a-lextreme-pauvrete-et-aux-inegalites-dans-le-monde\/#breadcrumb"},"inLanguage":"fr-FR","potentialAction":[{"@type":"ReadAction","target":["https:\/\/www.one.org\/fr\/actualites\/mettre-fin-a-lextreme-pauvrete-et-aux-inegalites-dans-le-monde\/"]}]},{"@type":"ImageObject","inLanguage":"fr-FR","@id":"https:\/\/www.one.org\/fr\/actualites\/mettre-fin-a-lextreme-pauvrete-et-aux-inegalites-dans-le-monde\/#primaryimage","url":"https:\/\/www.one.org\/fr\/wp-content\/uploads\/sites\/4\/2021\/11\/ow_2020_whatyoucando_featured_1200x1200.png","contentUrl":"https:\/\/www.one.org\/fr\/wp-content\/uploads\/sites\/4\/2021\/11\/ow_2020_whatyoucando_featured_1200x1200.png","width":1200,"height":1200},{"@type":"BreadcrumbList","@id":"https:\/\/www.one.org\/fr\/actualites\/mettre-fin-a-lextreme-pauvrete-et-aux-inegalites-dans-le-monde\/#breadcrumb","itemListElement":[{"@type":"ListItem","position":1,"name":"Home","item":"https:\/\/www.one.org\/fr\/"},{"@type":"ListItem","position":2,"name":"D\u00e9crouvrez notre consultation citoyenne"}]},{"@type":"WebSite","@id":"https:\/\/www.one.org\/fr\/#website","url":"https:\/\/www.one.org\/fr\/","name":"ONE.org","description":"Cr\u00e9er des opportunit\u00e9s \u00e9conomiques et am\u00e9liorer la sant\u00e9 en Afrique","potentialAction":[{"@type":"SearchAction","target":{"@type":"EntryPoint","urlTemplate":"https:\/\/www.one.org\/fr\/?s={search_term_string}"},"query-input":{"@type":"PropertyValueSpecification","valueRequired":true,"valueName":"search_term_string"}}],"inLanguage":"fr-FR"}]}},"distributor_meta":false,"distributor_terms":false,"distributor_media":false,"distributor_original_site_name":"ONE.org France","distributor_original_site_url":"https:\/\/www.one.org\/fr","push-errors":false,"_links":{"self":[{"href":"https:\/\/www.one.org\/fr\/wp-json\/wp\/v2\/posts\/162517","targetHints":{"allow":["GET"]}}],"collection":[{"href":"https:\/\/www.one.org\/fr\/wp-json\/wp\/v2\/posts"}],"about":[{"href":"https:\/\/www.one.org\/fr\/wp-json\/wp\/v2\/types\/post"}],"replies":[{"embeddable":true,"href":"https:\/\/www.one.org\/fr\/wp-json\/wp\/v2\/comments?post=162517"}],"version-history":[{"count":0,"href":"https:\/\/www.one.org\/fr\/wp-json\/wp\/v2\/posts\/162517\/revisions"}],"wp:featuredmedia":[{"embeddable":true,"href":"https:\/\/www.one.org\/fr\/wp-json\/wp\/v2\/media\/163035"}],"wp:attachment":[{"href":"https:\/\/www.one.org\/fr\/wp-json\/wp\/v2\/media?parent=162517"}],"wp:term":[{"taxonomy":"category","embeddable":true,"href":"https:\/\/www.one.org\/fr\/wp-json\/wp\/v2\/categories?post=162517"},{"taxonomy":"post_tag","embeddable":true,"href":"https:\/\/www.one.org\/fr\/wp-json\/wp\/v2\/tags?post=162517"},{"taxonomy":"topic","embeddable":true,"href":"https:\/\/www.one.org\/fr\/wp-json\/wp\/v2\/topic?post=162517"},{"taxonomy":"contributor","embeddable":true,"href":"https:\/\/www.one.org\/fr\/wp-json\/wp\/v2\/contributor?post=162517"},{"taxonomy":"one_content_audience","embeddable":true,"href":"https:\/\/www.one.org\/fr\/wp-json\/wp\/v2\/one_content_audience?post=162517"},{"taxonomy":"one_content_type","embeddable":true,"href":"https:\/\/www.one.org\/fr\/wp-json\/wp\/v2\/one_content_type?post=162517"},{"taxonomy":"one_content_tone","embeddable":true,"href":"https:\/\/www.one.org\/fr\/wp-json\/wp\/v2\/one_content_tone?post=162517"}],"curies":[{"name":"wp","href":"https:\/\/api.w.org\/{rel}","templated":true}]}}