{"id":162515,"date":"2021-11-24T15:41:32","date_gmt":"2021-11-24T15:41:32","guid":{"rendered":"https:\/\/www.one.org\/fr\/se-mobiliser-face-aux-inegalites-temoignages-de-6-jeunes-ambassadrices-de-one\/"},"modified":"2023-11-06T16:47:54","modified_gmt":"2023-11-06T16:47:54","slug":"mobilisation-inegalites-temoignages-jeunes-ambassadrices","status":"publish","type":"post","link":"https:\/\/www.one.org\/fr\/actualites\/mobilisation-inegalites-temoignages-jeunes-ambassadrices\/","title":{"rendered":"Se mobiliser face aux in\u00e9galit\u00e9s : t\u00e9moignages de 6 jeunes Ambassadrices de ONE"},"content":{"rendered":"<p>Lanc&eacute;e en mars dernier, notre huiti&egrave;me promotion de jeunes Ambassadeurs et Ambassadrices touche d&eacute;j&agrave; &agrave; sa fin. &Agrave; cette occasion, 6 de nos b&eacute;n&eacute;voles ont souhait&eacute; partager leurs exp&eacute;riences. D&eacute;couvrez leurs t&eacute;moignages ci-dessous.<\/p>\n<h3><strong>Mathilde, 22 ans<\/strong><\/h3>\n<p>En devenant jeune Ambassadrice, j&rsquo;ai exp&eacute;riment&eacute; la force du collectif, la puissance de l&rsquo;engagement des jeunes, un engagement qui donne de l&rsquo;espoir. Dans une p&eacute;riode d&rsquo;isolement croissant due &agrave; la pand&eacute;mie mondiale, j&rsquo;ai pu me sentir investie dans autre chose que les cours en zoom. <strong>J&rsquo;ai souhait&eacute; rejoindre ONE parce que je ne voulais plus &ldquo;subir&rdquo; les &eacute;v&egrave;nements, j&rsquo;aspirais &agrave; &ecirc;tre actrice et &agrave; avoir de l&rsquo;impact face aux injustices de notre monde.<\/strong> L&rsquo;extr&ecirc;me pauvret&eacute;, l&rsquo;acc&egrave;s &agrave; l&rsquo;&eacute;ducation, l&rsquo;aide publique au d&eacute;veloppement sont autant de th&eacute;matiques qui me touchaient et qu&rsquo;avec ONE j&rsquo;ai pu approfondir.<\/p>\n<p><img decoding=\"async\" loading=\"lazy\" class=\"wp-image-157485 alignleft\" src=\"https:\/\/cdn.one.org\/fr\/wp-content\/uploads\/2021\/11\/24152440\/Mathilde-Naud-640x853.jpg\" alt=\"\" width=\"245\" height=\"327\"><\/p>\n<p style=\"text-align: left\">En particulier, je retiens la <a href=\"https:\/\/www.one.org\/fr\/blog\/emmanuel-macron-lettre-ouverte-pme\/\">lettre ouverte que nous avons &eacute;crite &agrave; l&rsquo;attention d&rsquo;Emmanuel Macron<\/a>, pour lui rappeler le r&ocirc;le que la France pouvait jouer dans le Partenariat mondial pour l&rsquo;&eacute;ducation. Il s&rsquo;agit du plus grand fonds international d&eacute;di&eacute; &agrave; l&rsquo;&eacute;ducation. Cette action, comme d&rsquo;autres men&eacute;es dans l&rsquo;ann&eacute;e, m&rsquo;a beaucoup marqu&eacute;e car j&rsquo;ai r&eacute;alis&eacute; l&rsquo;ampleur des cons&eacute;quences de la pand&eacute;mie sur les syst&egrave;mes &eacute;ducatifs des pays en d&eacute;veloppement et le risque accru que de nombreuses jeunes filles n&rsquo;aillent pas &agrave; l&rsquo;&eacute;cole.<\/p>\n<blockquote><p><em>&laquo; Devenir jeune Ambassadrice de ONE m&rsquo;a permis de percevoir des ph&eacute;nom&egrave;nes : pand&eacute;mie, mondialisation, changement climatique avec un autre regard, un regard qui s&rsquo;attache &agrave; inclure les plus vuln&eacute;rables dans les r&eacute;ponses internationales &agrave; apporter. &raquo;<\/em><\/p><\/blockquote>\n<h3><strong>Lilia, 21 ans<\/strong><\/h3>\n<p>Cela fait deux ans que je suis engag&eacute;e aupr&egrave;s de ONE. Cette exp&eacute;rience m&rsquo;a permis de servir les causes qui me passionnent : les droits humains, l&rsquo;acc&egrave;s &agrave; une &eacute;ducation de qualit&eacute;, l&rsquo;&eacute;galit&eacute; de genre, etc. <strong>Au-del&agrave; d&rsquo;&ecirc;tre une aventure humaine incroyable, c&rsquo;est aussi une opportunit&eacute; r&eacute;elle d&rsquo;apprendre au quotidien, &agrave; travers des rendez-vous plaidoyer ou des campagnes en ligne.<\/strong> J&rsquo;ai rencontr&eacute; des personnes passionn&eacute;es comme moi venant d&rsquo;horizons et de domaines tr&egrave;s diff&eacute;rents et cela a renforc&eacute; ma motivation.<\/p>\n<p><img decoding=\"async\" loading=\"lazy\" class=\"wp-image-157486 alignright\" style=\"text-align: right\" src=\"https:\/\/cdn.one.org\/fr\/wp-content\/uploads\/2021\/11\/24152646\/Lilia-Touil-640x691.jpg\" alt=\"\" width=\"319\" height=\"344\"><\/p>\n<p>Je fais &eacute;galement partie d&rsquo;un groupe de r&eacute;flexion, m&eacute;langeant jeunesse europ&eacute;enne et africaine, d&eacute;di&eacute; &agrave; l&rsquo;&eacute;laboration de recommandations pour un partenariat Europe-Afrique plus juste et &eacute;quitable. En tant que jeune femme issue de ces deux continents, j&rsquo;ai &agrave; c&oelig;ur de m&rsquo;investir dans ce partenariat qui d&eacute;fie les repr&eacute;sentations biais&eacute;es pouvant exister de cette relation.<\/p>\n<p>Cette ann&eacute;e, m&ecirc;me si je ne garde que de bons souvenirs des campagnes et des actions men&eacute;es avec notre promo, je retiens particuli&egrave;rement le concert <a href=\"https:\/\/www.globalcitizen.org\/fr\/live\/paris\/\">Global Citizen Live organis&eacute; &agrave; Paris<\/a> en septembre dernier auquel nous avons &eacute;t&eacute; invit&eacute;s en tant que jeunes Ambassadeurs et Ambassadrices de ONE. Cet &eacute;v&eacute;nement m&rsquo;a vraiment marqu&eacute;e car il illustre la force du collectif, ce concert nous a toutes et tous r&eacute;unis : chanteurs, personnalit&eacute;s publiques et soci&eacute;t&eacute; civile autour de probl&eacute;matiques importantes.<\/p>\n<blockquote><p><em>&laquo;&nbsp;Chacun et chacune peut s&rsquo;engager pour changer les choses, il n&rsquo;y a pas de limite &agrave; ce que l&rsquo;on peut accomplir ensemble, quand on fait les choses avec c&oelig;ur.&nbsp;&raquo;<\/em><\/p><\/blockquote>\n<h3><strong>Cha&iuml;ma, 18 ans<\/strong><\/h3>\n<p>En entrant au lyc&eacute;e, apr&egrave;s plusieurs cas de harc&egrave;lement parmi certain&middot;e&middot;s ami&middot;e&middot;s, j&rsquo;ai pu me rendre compte que ces questions persistaient dans le milieu scolaire et qu&rsquo;il s&rsquo;agissait v&eacute;ritablement d&rsquo;un probl&egrave;me &agrave; prendre en compte. Ainsi, avec l&rsquo;aide de la psychologue de mon lyc&eacute;e, nous avons voulu ouvrir une permanence qui puisse permettre aux &eacute;l&egrave;ves se sentant mis &agrave; l&rsquo;&eacute;cart, voire pire, de s&rsquo;adresser &agrave; d&rsquo;autres &eacute;l&egrave;ves qui &eacute;taient pass&eacute;s par l&agrave; et qui pourraient les rassurer. Pour obtenir l&rsquo;aide organisationnelle qu&rsquo;il me fallait, je me suis tourn&eacute;e vers l&rsquo;UNICEF. En devenant jeune ambassadrice UNICEF, j&rsquo;ai appris &agrave; m&rsquo;int&eacute;resser &agrave; d&rsquo;autres sujets sortant du cadre du harc&egrave;lement mais englobant toujours des probl&eacute;matiques li&eacute;es &agrave; l&rsquo;enfant.<\/p>\n<p><img decoding=\"async\" loading=\"lazy\" class=\"wp-image-157488 alignleft\" src=\"https:\/\/cdn.one.org\/fr\/wp-content\/uploads\/2021\/11\/24152931\/Chaima-Zelloufi-640x726.jpg\" alt=\"\" width=\"272\" height=\"309\"><\/p>\n<p>Par la suite, j&rsquo;ai voulu effectuer un stage au sein de l&rsquo;Assembl&eacute;e nationale et du S&eacute;nat, ce qui m&rsquo;a introduite au milieu institutionnel, o&ugrave; j&rsquo;ai compris que beaucoup de d&eacute;cisions concernant les sujets qui me tenaient &agrave; c&oelig;ur &eacute;taient discut&eacute;es au Parlement. Ainsi, la m&ecirc;me ann&eacute;e, en d&eacute;couvrant ONE,<strong> j&rsquo;ai senti qu&rsquo;il s&rsquo;agissa<\/strong><strong>it d&rsquo;une mani&egrave;re d&rsquo;allier mes engagements contre l&rsquo;extr&ecirc;me pauvret&eacute;, l&rsquo;&eacute;galit&eacute; et la dignit&eacute; de chacun et chacune &agrave; vivre dans la d&eacute;cence, avec mon int&eacute;r&ecirc;t et ma foi en ce que les pouvoirs publics peuvent faire pour ces probl&egrave;mes<\/strong>.<\/p>\n<blockquote><p><em>&laquo;&nbsp;Les actions de plaidoyer men&eacute;es avec ONE illustre parfaitement cette jonction entre les acteurs citoyens et nos repr&eacute;sentants.&nbsp;&raquo;<\/em><\/p><\/blockquote>\n<p data-wp-editing=\"1\">Nous avons discut&eacute; avec lui du <a href=\"https:\/\/www.one.org\/fr\/blog\/plf-lobby-days-2020\/\">projet de loi sur le d&eacute;veloppement solidaire et les in&eacute;galit&eacute;s mondiales<\/a>&nbsp;qui allait &ecirc;tre discut&eacute; au Parlement, l&rsquo;occasion pour nous d&rsquo;am&eacute;liorer non pas seulement la quantit&eacute; mais aussi la qualit&eacute; de l&rsquo;aide. La rencontre a &eacute;t&eacute; tr&egrave;s agr&eacute;able et l&rsquo;assistant tr&egrave;s int&eacute;ress&eacute;, ce qui nous mis en confiance et permis d&rsquo;obtenir son soutien, mais aussi de sentir que nos repr&eacute;sentants pouvaient &ecirc;tre &agrave; l&rsquo;&eacute;coute et que le changement par les institutions et leurs acteurs &eacute;tait possible.<\/p>\n<h3><strong>Inas, 19 ans<\/strong><\/h3>\n<p><img decoding=\"async\" loading=\"lazy\" class=\"wp-image-157489 alignright\" src=\"https:\/\/cdn.one.org\/fr\/wp-content\/uploads\/2021\/11\/24153319\/Inas-Al-Aidi-640x852.jpg\" alt=\"\" width=\"228\" height=\"303\"><\/p>\n<p>&Eacute;tant d&eacute;j&agrave; engag&eacute;e dans la sensibilisation aux droits de l&rsquo;enfant sur mon campus universitaire ou dans le domaine de la s&eacute;curit&eacute; alimentaire &agrave; une &eacute;chelle locale, <strong>ONE m&rsquo;a offert l&rsquo;opportunit&eacute; de m&rsquo;engager et d&rsquo;avoir un impact &agrave; plus grande <\/strong><strong>&eacute;chelle. <\/strong>&Ecirc;tre jeune Ambassadrice de ONE, c&rsquo;est porter ses messages forts de lutte contre l&rsquo;extr&ecirc;me pauvret&eacute; et les maladies &eacute;vitables en Afrique, &agrave; travers un processus de campagne et de plaidoyer. Interpeller des dirigeants politiques sur les r&eacute;seaux sociaux ou en envoyant des lettres, aller &agrave; la rencontre de d&eacute;put&eacute;s pour les inciter &agrave; s&rsquo;engager dans les causes que nous d&eacute;fendons est notre d&eacute;marche.<\/p>\n<p>Nous organisons &eacute;galement des s&eacute;ances de r&eacute;flexion et de brainstorming que ce soit entre jeunes Ambassadeurs et Ambassadrices ou avec les ONE Champions en Afrique afin de r&eacute;fl&eacute;chir sur la mani&egrave;re d&rsquo;attirer l&rsquo;attention des d&eacute;cideurs politiques sur nos campagnes, parfois avec l&rsquo;aide d&rsquo;experts et d&rsquo;outils innovants.<\/p>\n<blockquote><p><em>&laquo;&nbsp;Faire partie de ONE, c&rsquo;est faire partie d&rsquo;une &eacute;quipe engag&eacute;e et d&eacute;vou&eacute;e &agrave; la cr&eacute;ation d&rsquo;un monde plus juste : un monde o&ugrave; l&rsquo;endroit o&ugrave; l&rsquo;on na&icirc;t ne devrait pas d&eacute;terminer nos chances de r&eacute;ussite.&nbsp;&raquo;<\/em><\/p><\/blockquote>\n<h3><strong>Paula, 19 ans<\/strong><\/h3>\n<p>Vivre dans une &eacute;poque mondialis&eacute;e signifie d&rsquo;assumer des responsabilit&eacute;s vis-&agrave;-vis de ce qu&rsquo;il se passe dans les autres coins du monde, de vivre collectivement une p&eacute;riode de pand&eacute;mie mais aussi de faire ses &eacute;tudes dans un pays &eacute;tranger et de rencontrer des personnes passionn&eacute;es avec lesquelles on partage les m&ecirc;mes espoirs. L&rsquo;ann&eacute;e derni&egrave;re m&rsquo;a fait vivre tout cela, en grande partie gr&acirc;ce &agrave; mon engagement chez ONE.<\/p>\n<p>Je n&rsquo;ai pas seulement appris plus que jamais sur des sujets comme l&rsquo;aide au d&eacute;veloppement, la distribution des vaccins et l&rsquo;acc&egrave;s &agrave; l&rsquo;&eacute;ducation, mais <strong>j&rsquo;avais aussi la possibilit&eacute; de mettre ces connaissances imm&eacute;diatement en pratique <\/strong>: que ce soit dans le groupe de r&eacute;flexion sur le partenariat Europe-Afrique, les brainstormings avec les autres jeunes Ambassadeurs et Ambassadrices, pendant les conf&eacute;rences qui rassemblaient les jeunes des quatre coins du monde ou pendant les rendez-vous plaidoyer que nous avons pu mener aupr&egrave;s des d&eacute;put&eacute;&middot;e&middot;s.<\/p>\n<blockquote><p><em>&laquo;&nbsp;En rassemblant les forces des deux c&ocirc;t&eacute;s &ndash; celle de l&rsquo;engagement des jeunes avec celle des d&eacute;cisionnaires politiques &ndash; nous pouvons cr&eacute;er de vrais changements, parce que personne n&rsquo;est trop jeune pour avoir de l&rsquo;impact.&nbsp;&raquo; &nbsp;<\/em><\/p><\/blockquote>\n<h3><strong>Simone, 25 ans<\/strong><\/h3>\n<p><img decoding=\"async\" loading=\"lazy\" class=\"wp-image-157500 alignright\" src=\"https:\/\/cdn.one.org\/fr\/wp-content\/uploads\/2021\/11\/24171856\/Simone-Diouf-640x480.jpeg\" alt=\"\" width=\"392\" height=\"294\">Avec la pand&eacute;mie actuelle, je me suis rendue compte que je ne voulais plus penser le monde et ce qu&rsquo;il doit &ecirc;tre, mais m&rsquo;engager concr&egrave;tement afin de contribuer &agrave; le rendre meilleur. Le programme des jeunes Ambassadeurs et Ambassadrices de ONE a &eacute;t&eacute; pour moi ce qu&rsquo;on appelle &laquo; a life changing experience &raquo;. <strong>Unique en son genre par sa nature p&eacute;dagogique, il m&rsquo;a donn&eacute; l&rsquo;impression de faire partie de quelque chose de plus grand avec de nobles aspirations. <\/strong>Je me suis sentie utile et soutenue par une &eacute;quipe bienveillante.<\/p>\n<p>Gr&acirc;ce aux formations sur les r&eacute;seaux sociaux, les m&eacute;dias et le plaidoyer, j&rsquo;ai saisi l&rsquo;importance de la mobilisation citoyenne mais aussi de l&rsquo;engagement des hommes et femmes politiques en faveur de nos campagnes puisqu&rsquo;ils ont acc&egrave;s aux sph&egrave;res de d&eacute;cision. Les rendez-vous plaidoyer avec des d&eacute;put&eacute;s ont &eacute;t&eacute; des moments marquants qui m&rsquo;ont permis d&rsquo;&eacute;changer directement avec des personnalit&eacute;s politiques soucieux d&rsquo;&eacute;couter ce que la jeunesse a &agrave; dire sur des sujets aussi importants que l&rsquo;acc&egrave;s &agrave; l&rsquo;&eacute;ducation dans le monde. J&rsquo;ai aussi beaucoup appr&eacute;ci&eacute; la r&eacute;daction de la <a href=\"https:\/\/www.jeuneafrique.com\/1173215\/politique\/tribune-sommet-de-paris-sur-lafrique-la-jeunesse-aussi-a-besoin-de-soutien\/\">tribune conjointe entre 3 jeunes Ambassadeurs et Ambassadrices et 3 ONE Champions<\/a> &agrave; l&rsquo;occasion du Sommet sur le financement des &eacute;conomies africaines.<\/p>\n<blockquote><p><em>&laquo;&nbsp;Cette exp&eacute;rience enrichissante &agrave; tout point de vue m&rsquo;a confort&eacute;e dans ma conviction que nous les jeunes, m&ecirc;me si nous vivons dans des pays diff&eacute;rents, partageons les m&ecirc;mes pr&eacute;occupations de nous faire entendre, de porter nos voix parfois inaudibles et d&rsquo;exposer nos id&eacute;es et notre vision du monde que nous voulons plus juste.&nbsp;&raquo;<\/em><\/p><\/blockquote>\n<p>&mdash;&mdash;&mdash;&mdash;&mdash;&mdash;&mdash;&ndash;<\/p>\n<p>Ces t&eacute;moignages vont ont inspir&eacute;&middot;e&nbsp;? Vous aussi vous souhaitez vous mobiliser concr&egrave;tement contre l&rsquo;extr&ecirc;me pauvret&eacute; et les in&eacute;galit&eacute;s mondiales&nbsp;? Alors n&rsquo;attendez plus et <a href=\"https:\/\/www.one.org\/fr\/newsitem\/devenez-jeune-ambassadeur%c2%b7rice-de-one-en-2022\/\">postulez d&egrave;s maintenant pour faire partie du programme en 2022<\/a>&nbsp;! <strong>Attention, vous avez seulement jusqu&rsquo;au 1<sup>er<\/sup> d&eacute;cembre.<\/strong><\/p>\n<p><em>Photo (banni&egrave;re) &copy; <a href=\"https:\/\/www.facebook.com\/MapassionPhotos.phanie\">Phanie Chanceux<\/a><\/em><\/p>\n<div class=\"buffer\"><\/div>","protected":false},"excerpt":{"rendered":"<p>Lanc&eacute;e en mars dernier, notre huiti&egrave;me promotion de jeunes Ambassadeurs et Ambassadrices touche d&eacute;j&agrave; &agrave; sa fin. &Agrave; cette occasion, 6 de nos b&eacute;n&eacute;voles ont souhait&eacute; partager leurs exp&eacute;riences. D&eacute;couvrez leurs t&eacute;moignages ci-dessous. Mathilde, 22 ans En devenant jeune Ambassadrice, j&rsquo;ai exp&eacute;riment&eacute; la force du collectif, la puissance de l&rsquo;engagement des jeunes, un engagement qui [&hellip;]<\/p>\n","protected":false},"author":24,"featured_media":163041,"comment_status":"open","ping_status":"open","sticky":false,"template":"","format":"standard","meta":{"_acf_changed":false,"_relevanssi_hide_post":"","_relevanssi_hide_content":"","_relevanssi_pin_for_all":"","_relevanssi_pin_keywords":"","_relevanssi_unpin_keywords":"","_relevanssi_related_keywords":"","_relevanssi_related_include_ids":"","_relevanssi_related_exclude_ids":"","_relevanssi_related_no_append":"","_relevanssi_related_not_related":"","_relevanssi_related_posts":"164801,164384,164396,163756,163706,163644","_relevanssi_noindex_reason":"","footnotes":""},"categories":[34],"tags":[],"topic":[48,47],"contributor":[81],"one_content_audience":[],"one_content_type":[],"one_content_tone":[],"class_list":["post-162515","post","type-post","status-publish","format-standard","has-post-thumbnail","hentry","category-one","topic-jeunes-ambassadeurrices-de-one","topic-que-font-nos-membres","contributor-jeunes-ambassadrices-de-one"],"acf":[],"yoast_head":"<!-- This site is optimized with the Yoast SEO Premium plugin v27.1 (Yoast SEO v27.1.1) - https:\/\/yoast.com\/product\/yoast-seo-premium-wordpress\/ -->\n<title>Se mobiliser face aux in\u00e9galit\u00e9s : t\u00e9moignages de 6 jeunes Ambassadrices de ONE - ONE.org France<\/title>\n<meta name=\"description\" content=\"Apr\u00e8s un an de mobilisation contre l&#039;extr\u00eame pauvret\u00e9 et les in\u00e9galit\u00e9s mondiales, 6 de nos b\u00e9n\u00e9voles ont souhait\u00e9 partager leurs exp\u00e9riences.\" \/>\n<meta name=\"robots\" content=\"index, follow, max-snippet:-1, max-image-preview:large, max-video-preview:-1\" \/>\n<link rel=\"canonical\" href=\"https:\/\/www.one.org\/fr\/actualites\/mobilisation-inegalites-temoignages-jeunes-ambassadrices\/\" \/>\n<meta property=\"og:locale\" content=\"fr_FR\" \/>\n<meta property=\"og:type\" content=\"article\" \/>\n<meta property=\"og:title\" content=\"Se mobiliser face aux in\u00e9galit\u00e9s : t\u00e9moignages de 6 jeunes Ambassadrices de ONE\" \/>\n<meta property=\"og:description\" content=\"Apr\u00e8s un an de mobilisation contre l&#039;extr\u00eame pauvret\u00e9 et les in\u00e9galit\u00e9s mondiales, 6 de nos b\u00e9n\u00e9voles ont souhait\u00e9 partager leurs exp\u00e9riences.\" \/>\n<meta property=\"og:url\" content=\"https:\/\/www.one.org\/fr\/actualites\/mobilisation-inegalites-temoignages-jeunes-ambassadrices\/\" \/>\n<meta property=\"og:site_name\" content=\"ONE.org France\" \/>\n<meta property=\"article:publisher\" content=\"https:\/\/www.facebook.com\/ONE.Fr\" \/>\n<meta property=\"article:published_time\" content=\"2021-11-24T15:41:32+00:00\" \/>\n<meta property=\"article:modified_time\" content=\"2023-11-06T16:47:54+00:00\" \/>\n<meta property=\"og:image\" content=\"https:\/\/www.one.org\/fr\/wp-content\/uploads\/sites\/4\/2021\/11\/DSC_0139-scaled-1.jpg\" \/>\n\t<meta property=\"og:image:width\" content=\"2560\" \/>\n\t<meta property=\"og:image:height\" content=\"1178\" \/>\n\t<meta property=\"og:image:type\" content=\"image\/jpeg\" \/>\n<meta name=\"author\" content=\"Dana Khalil\" \/>\n<meta name=\"twitter:card\" content=\"summary_large_image\" \/>\n<meta name=\"twitter:creator\" content=\"@one_fr\" \/>\n<meta name=\"twitter:site\" content=\"@one_fr\" \/>\n<meta name=\"twitter:label1\" content=\"Written by\" \/>\n\t<meta name=\"twitter:data1\" content=\"Dana Khalil\" \/>\n\t<meta name=\"twitter:label2\" content=\"Est. reading time\" \/>\n\t<meta name=\"twitter:data2\" content=\"7 minutes\" \/>\n<script type=\"application\/ld+json\" class=\"yoast-schema-graph\">{\"@context\":\"https:\/\/schema.org\",\"@graph\":[{\"@type\":\"Article\",\"@id\":\"https:\/\/www.one.org\/fr\/actualites\/mobilisation-inegalites-temoignages-jeunes-ambassadrices\/#article\",\"isPartOf\":{\"@id\":\"https:\/\/www.one.org\/fr\/actualites\/mobilisation-inegalites-temoignages-jeunes-ambassadrices\/\"},\"author\":{\"name\":\"Dana Khalil\",\"@id\":\"https:\/\/www.one.org\/fr\/#\/schema\/person\/cf1f30f9800f0592ec3d61940be82003\"},\"headline\":\"Se mobiliser face aux in\u00e9galit\u00e9s : t\u00e9moignages de 6 jeunes Ambassadrices de ONE\",\"datePublished\":\"2021-11-24T15:41:32+00:00\",\"dateModified\":\"2023-11-06T16:47:54+00:00\",\"mainEntityOfPage\":{\"@id\":\"https:\/\/www.one.org\/fr\/actualites\/mobilisation-inegalites-temoignages-jeunes-ambassadrices\/\"},\"wordCount\":2214,\"commentCount\":0,\"image\":{\"@id\":\"https:\/\/www.one.org\/fr\/actualites\/mobilisation-inegalites-temoignages-jeunes-ambassadrices\/#primaryimage\"},\"thumbnailUrl\":\"https:\/\/www.one.org\/fr\/wp-content\/uploads\/sites\/4\/2021\/11\/DSC_0139-scaled-1.jpg\",\"articleSection\":[\"ONE\"],\"inLanguage\":\"fr-FR\",\"potentialAction\":[{\"@type\":\"CommentAction\",\"name\":\"Comment\",\"target\":[\"https:\/\/www.one.org\/fr\/actualites\/mobilisation-inegalites-temoignages-jeunes-ambassadrices\/#respond\"]}]},{\"@type\":\"WebPage\",\"@id\":\"https:\/\/www.one.org\/fr\/actualites\/mobilisation-inegalites-temoignages-jeunes-ambassadrices\/\",\"url\":\"https:\/\/www.one.org\/fr\/actualites\/mobilisation-inegalites-temoignages-jeunes-ambassadrices\/\",\"name\":\"Se mobiliser face aux in\u00e9galit\u00e9s : t\u00e9moignages de 6 jeunes Ambassadrices de ONE - ONE.org France\",\"isPartOf\":{\"@id\":\"https:\/\/www.one.org\/fr\/#website\"},\"primaryImageOfPage\":{\"@id\":\"https:\/\/www.one.org\/fr\/actualites\/mobilisation-inegalites-temoignages-jeunes-ambassadrices\/#primaryimage\"},\"image\":{\"@id\":\"https:\/\/www.one.org\/fr\/actualites\/mobilisation-inegalites-temoignages-jeunes-ambassadrices\/#primaryimage\"},\"thumbnailUrl\":\"https:\/\/www.one.org\/fr\/wp-content\/uploads\/sites\/4\/2021\/11\/DSC_0139-scaled-1.jpg\",\"datePublished\":\"2021-11-24T15:41:32+00:00\",\"dateModified\":\"2023-11-06T16:47:54+00:00\",\"author\":{\"@id\":\"https:\/\/www.one.org\/fr\/#\/schema\/person\/cf1f30f9800f0592ec3d61940be82003\"},\"description\":\"Apr\u00e8s un an de mobilisation contre l'extr\u00eame pauvret\u00e9 et les in\u00e9galit\u00e9s mondiales, 6 de nos b\u00e9n\u00e9voles ont souhait\u00e9 partager leurs exp\u00e9riences.\",\"breadcrumb\":{\"@id\":\"https:\/\/www.one.org\/fr\/actualites\/mobilisation-inegalites-temoignages-jeunes-ambassadrices\/#breadcrumb\"},\"inLanguage\":\"fr-FR\",\"potentialAction\":[{\"@type\":\"ReadAction\",\"target\":[\"https:\/\/www.one.org\/fr\/actualites\/mobilisation-inegalites-temoignages-jeunes-ambassadrices\/\"]}]},{\"@type\":\"ImageObject\",\"inLanguage\":\"fr-FR\",\"@id\":\"https:\/\/www.one.org\/fr\/actualites\/mobilisation-inegalites-temoignages-jeunes-ambassadrices\/#primaryimage\",\"url\":\"https:\/\/www.one.org\/fr\/wp-content\/uploads\/sites\/4\/2021\/11\/DSC_0139-scaled-1.jpg\",\"contentUrl\":\"https:\/\/www.one.org\/fr\/wp-content\/uploads\/sites\/4\/2021\/11\/DSC_0139-scaled-1.jpg\",\"width\":2560,\"height\":1178},{\"@type\":\"BreadcrumbList\",\"@id\":\"https:\/\/www.one.org\/fr\/actualites\/mobilisation-inegalites-temoignages-jeunes-ambassadrices\/#breadcrumb\",\"itemListElement\":[{\"@type\":\"ListItem\",\"position\":1,\"name\":\"Home\",\"item\":\"https:\/\/www.one.org\/fr\/\"},{\"@type\":\"ListItem\",\"position\":2,\"name\":\"Se mobiliser face aux in\u00e9galit\u00e9s : t\u00e9moignages de 6 jeunes Ambassadrices de ONE\"}]},{\"@type\":\"WebSite\",\"@id\":\"https:\/\/www.one.org\/fr\/#website\",\"url\":\"https:\/\/www.one.org\/fr\/\",\"name\":\"ONE.org\",\"description\":\"Cr\u00e9er des opportunit\u00e9s \u00e9conomiques et am\u00e9liorer la sant\u00e9 en Afrique\",\"potentialAction\":[{\"@type\":\"SearchAction\",\"target\":{\"@type\":\"EntryPoint\",\"urlTemplate\":\"https:\/\/www.one.org\/fr\/?s={search_term_string}\"},\"query-input\":{\"@type\":\"PropertyValueSpecification\",\"valueRequired\":true,\"valueName\":\"search_term_string\"}}],\"inLanguage\":\"fr-FR\"},{\"@type\":\"Person\",\"@id\":\"https:\/\/www.one.org\/fr\/#\/schema\/person\/cf1f30f9800f0592ec3d61940be82003\",\"name\":\"Dana Khalil\",\"image\":{\"@type\":\"ImageObject\",\"inLanguage\":\"fr-FR\",\"@id\":\"https:\/\/www.one.org\/fr\/#\/schema\/person\/image\/\",\"url\":\"https:\/\/secure.gravatar.com\/avatar\/b0da536f00ccefadcc7aae4e64855977a5249adb1ac04162a69474e53a8d4c40?s=96&d=mm&r=g\",\"contentUrl\":\"https:\/\/secure.gravatar.com\/avatar\/b0da536f00ccefadcc7aae4e64855977a5249adb1ac04162a69474e53a8d4c40?s=96&d=mm&r=g\",\"caption\":\"Dana Khalil\"},\"url\":\"https:\/\/www.one.org\/fr\/actualites\/author\/danakhalil\/\"}]}<\/script>\n<!-- \/ Yoast SEO Premium plugin. -->","yoast_head_json":{"title":"Se mobiliser face aux in\u00e9galit\u00e9s : t\u00e9moignages de 6 jeunes Ambassadrices de ONE - ONE.org France","description":"Apr\u00e8s un an de mobilisation contre l'extr\u00eame pauvret\u00e9 et les in\u00e9galit\u00e9s mondiales, 6 de nos b\u00e9n\u00e9voles ont souhait\u00e9 partager leurs exp\u00e9riences.","robots":{"index":"index","follow":"follow","max-snippet":"max-snippet:-1","max-image-preview":"max-image-preview:large","max-video-preview":"max-video-preview:-1"},"canonical":"https:\/\/www.one.org\/fr\/actualites\/mobilisation-inegalites-temoignages-jeunes-ambassadrices\/","og_locale":"fr_FR","og_type":"article","og_title":"Se mobiliser face aux in\u00e9galit\u00e9s : t\u00e9moignages de 6 jeunes Ambassadrices de ONE","og_description":"Apr\u00e8s un an de mobilisation contre l'extr\u00eame pauvret\u00e9 et les in\u00e9galit\u00e9s mondiales, 6 de nos b\u00e9n\u00e9voles ont souhait\u00e9 partager leurs exp\u00e9riences.","og_url":"https:\/\/www.one.org\/fr\/actualites\/mobilisation-inegalites-temoignages-jeunes-ambassadrices\/","og_site_name":"ONE.org France","article_publisher":"https:\/\/www.facebook.com\/ONE.Fr","article_published_time":"2021-11-24T15:41:32+00:00","article_modified_time":"2023-11-06T16:47:54+00:00","og_image":[{"width":2560,"height":1178,"url":"https:\/\/www.one.org\/fr\/wp-content\/uploads\/sites\/4\/2021\/11\/DSC_0139-scaled-1.jpg","type":"image\/jpeg"}],"author":"Dana Khalil","twitter_card":"summary_large_image","twitter_creator":"@one_fr","twitter_site":"@one_fr","twitter_misc":{"Written by":"Dana Khalil","Est. reading time":"7 minutes"},"schema":{"@context":"https:\/\/schema.org","@graph":[{"@type":"Article","@id":"https:\/\/www.one.org\/fr\/actualites\/mobilisation-inegalites-temoignages-jeunes-ambassadrices\/#article","isPartOf":{"@id":"https:\/\/www.one.org\/fr\/actualites\/mobilisation-inegalites-temoignages-jeunes-ambassadrices\/"},"author":{"name":"Dana Khalil","@id":"https:\/\/www.one.org\/fr\/#\/schema\/person\/cf1f30f9800f0592ec3d61940be82003"},"headline":"Se mobiliser face aux in\u00e9galit\u00e9s : t\u00e9moignages de 6 jeunes Ambassadrices de ONE","datePublished":"2021-11-24T15:41:32+00:00","dateModified":"2023-11-06T16:47:54+00:00","mainEntityOfPage":{"@id":"https:\/\/www.one.org\/fr\/actualites\/mobilisation-inegalites-temoignages-jeunes-ambassadrices\/"},"wordCount":2214,"commentCount":0,"image":{"@id":"https:\/\/www.one.org\/fr\/actualites\/mobilisation-inegalites-temoignages-jeunes-ambassadrices\/#primaryimage"},"thumbnailUrl":"https:\/\/www.one.org\/fr\/wp-content\/uploads\/sites\/4\/2021\/11\/DSC_0139-scaled-1.jpg","articleSection":["ONE"],"inLanguage":"fr-FR","potentialAction":[{"@type":"CommentAction","name":"Comment","target":["https:\/\/www.one.org\/fr\/actualites\/mobilisation-inegalites-temoignages-jeunes-ambassadrices\/#respond"]}]},{"@type":"WebPage","@id":"https:\/\/www.one.org\/fr\/actualites\/mobilisation-inegalites-temoignages-jeunes-ambassadrices\/","url":"https:\/\/www.one.org\/fr\/actualites\/mobilisation-inegalites-temoignages-jeunes-ambassadrices\/","name":"Se mobiliser face aux in\u00e9galit\u00e9s : t\u00e9moignages de 6 jeunes Ambassadrices de ONE - ONE.org France","isPartOf":{"@id":"https:\/\/www.one.org\/fr\/#website"},"primaryImageOfPage":{"@id":"https:\/\/www.one.org\/fr\/actualites\/mobilisation-inegalites-temoignages-jeunes-ambassadrices\/#primaryimage"},"image":{"@id":"https:\/\/www.one.org\/fr\/actualites\/mobilisation-inegalites-temoignages-jeunes-ambassadrices\/#primaryimage"},"thumbnailUrl":"https:\/\/www.one.org\/fr\/wp-content\/uploads\/sites\/4\/2021\/11\/DSC_0139-scaled-1.jpg","datePublished":"2021-11-24T15:41:32+00:00","dateModified":"2023-11-06T16:47:54+00:00","author":{"@id":"https:\/\/www.one.org\/fr\/#\/schema\/person\/cf1f30f9800f0592ec3d61940be82003"},"description":"Apr\u00e8s un an de mobilisation contre l'extr\u00eame pauvret\u00e9 et les in\u00e9galit\u00e9s mondiales, 6 de nos b\u00e9n\u00e9voles ont souhait\u00e9 partager leurs exp\u00e9riences.","breadcrumb":{"@id":"https:\/\/www.one.org\/fr\/actualites\/mobilisation-inegalites-temoignages-jeunes-ambassadrices\/#breadcrumb"},"inLanguage":"fr-FR","potentialAction":[{"@type":"ReadAction","target":["https:\/\/www.one.org\/fr\/actualites\/mobilisation-inegalites-temoignages-jeunes-ambassadrices\/"]}]},{"@type":"ImageObject","inLanguage":"fr-FR","@id":"https:\/\/www.one.org\/fr\/actualites\/mobilisation-inegalites-temoignages-jeunes-ambassadrices\/#primaryimage","url":"https:\/\/www.one.org\/fr\/wp-content\/uploads\/sites\/4\/2021\/11\/DSC_0139-scaled-1.jpg","contentUrl":"https:\/\/www.one.org\/fr\/wp-content\/uploads\/sites\/4\/2021\/11\/DSC_0139-scaled-1.jpg","width":2560,"height":1178},{"@type":"BreadcrumbList","@id":"https:\/\/www.one.org\/fr\/actualites\/mobilisation-inegalites-temoignages-jeunes-ambassadrices\/#breadcrumb","itemListElement":[{"@type":"ListItem","position":1,"name":"Home","item":"https:\/\/www.one.org\/fr\/"},{"@type":"ListItem","position":2,"name":"Se mobiliser face aux in\u00e9galit\u00e9s : t\u00e9moignages de 6 jeunes Ambassadrices de ONE"}]},{"@type":"WebSite","@id":"https:\/\/www.one.org\/fr\/#website","url":"https:\/\/www.one.org\/fr\/","name":"ONE.org","description":"Cr\u00e9er des opportunit\u00e9s \u00e9conomiques et am\u00e9liorer la sant\u00e9 en Afrique","potentialAction":[{"@type":"SearchAction","target":{"@type":"EntryPoint","urlTemplate":"https:\/\/www.one.org\/fr\/?s={search_term_string}"},"query-input":{"@type":"PropertyValueSpecification","valueRequired":true,"valueName":"search_term_string"}}],"inLanguage":"fr-FR"},{"@type":"Person","@id":"https:\/\/www.one.org\/fr\/#\/schema\/person\/cf1f30f9800f0592ec3d61940be82003","name":"Dana Khalil","image":{"@type":"ImageObject","inLanguage":"fr-FR","@id":"https:\/\/www.one.org\/fr\/#\/schema\/person\/image\/","url":"https:\/\/secure.gravatar.com\/avatar\/b0da536f00ccefadcc7aae4e64855977a5249adb1ac04162a69474e53a8d4c40?s=96&d=mm&r=g","contentUrl":"https:\/\/secure.gravatar.com\/avatar\/b0da536f00ccefadcc7aae4e64855977a5249adb1ac04162a69474e53a8d4c40?s=96&d=mm&r=g","caption":"Dana Khalil"},"url":"https:\/\/www.one.org\/fr\/actualites\/author\/danakhalil\/"}]}},"distributor_meta":false,"distributor_terms":false,"distributor_media":false,"distributor_original_site_name":"ONE.org France","distributor_original_site_url":"https:\/\/www.one.org\/fr","push-errors":false,"_links":{"self":[{"href":"https:\/\/www.one.org\/fr\/wp-json\/wp\/v2\/posts\/162515","targetHints":{"allow":["GET"]}}],"collection":[{"href":"https:\/\/www.one.org\/fr\/wp-json\/wp\/v2\/posts"}],"about":[{"href":"https:\/\/www.one.org\/fr\/wp-json\/wp\/v2\/types\/post"}],"author":[{"embeddable":true,"href":"https:\/\/www.one.org\/fr\/wp-json\/wp\/v2\/users\/24"}],"replies":[{"embeddable":true,"href":"https:\/\/www.one.org\/fr\/wp-json\/wp\/v2\/comments?post=162515"}],"version-history":[{"count":0,"href":"https:\/\/www.one.org\/fr\/wp-json\/wp\/v2\/posts\/162515\/revisions"}],"wp:featuredmedia":[{"embeddable":true,"href":"https:\/\/www.one.org\/fr\/wp-json\/wp\/v2\/media\/163041"}],"wp:attachment":[{"href":"https:\/\/www.one.org\/fr\/wp-json\/wp\/v2\/media?parent=162515"}],"wp:term":[{"taxonomy":"category","embeddable":true,"href":"https:\/\/www.one.org\/fr\/wp-json\/wp\/v2\/categories?post=162515"},{"taxonomy":"post_tag","embeddable":true,"href":"https:\/\/www.one.org\/fr\/wp-json\/wp\/v2\/tags?post=162515"},{"taxonomy":"topic","embeddable":true,"href":"https:\/\/www.one.org\/fr\/wp-json\/wp\/v2\/topic?post=162515"},{"taxonomy":"contributor","embeddable":true,"href":"https:\/\/www.one.org\/fr\/wp-json\/wp\/v2\/contributor?post=162515"},{"taxonomy":"one_content_audience","embeddable":true,"href":"https:\/\/www.one.org\/fr\/wp-json\/wp\/v2\/one_content_audience?post=162515"},{"taxonomy":"one_content_type","embeddable":true,"href":"https:\/\/www.one.org\/fr\/wp-json\/wp\/v2\/one_content_type?post=162515"},{"taxonomy":"one_content_tone","embeddable":true,"href":"https:\/\/www.one.org\/fr\/wp-json\/wp\/v2\/one_content_tone?post=162515"}],"curies":[{"name":"wp","href":"https:\/\/api.w.org\/{rel}","templated":true}]}}