{"id":162511,"date":"2021-11-10T10:51:36","date_gmt":"2021-11-10T10:51:36","guid":{"rendered":"https:\/\/www.one.org\/fr\/fin-de-la-pandemie-covid-19-comment-en-sortir\/"},"modified":"2024-01-09T14:40:39","modified_gmt":"2024-01-09T14:40:39","slug":"5-obstacles-fin-pandemie","status":"publish","type":"post","link":"https:\/\/www.one.org\/fr\/actualites\/5-obstacles-fin-pandemie\/","title":{"rendered":"Fin de la pand\u00e9mie COVID-19 : comment en sortir ?"},"content":{"rendered":"<h2><span data-sheets-value=\"{&quot;1&quot;:2,&quot;2&quot;:&quot;Un plan mondial d'intervention pour d\u00e9clencher la fin de la pand\u00e9mie COVID-19&quot;}\" data-sheets-userformat=\"{&quot;2&quot;:951,&quot;3&quot;:{&quot;1&quot;:0},&quot;4&quot;:{&quot;1&quot;:2,&quot;2&quot;:16711680},&quot;5&quot;:{&quot;1&quot;:[{&quot;1&quot;:2,&quot;2&quot;:0,&quot;5&quot;:{&quot;1&quot;:2,&quot;2&quot;:0}},{&quot;1&quot;:0,&quot;2&quot;:0,&quot;3&quot;:3},{&quot;1&quot;:1,&quot;2&quot;:0,&quot;4&quot;:1}]},&quot;7&quot;:{&quot;1&quot;:[{&quot;1&quot;:2,&quot;2&quot;:0,&quot;5&quot;:{&quot;1&quot;:2,&quot;2&quot;:0}},{&quot;1&quot;:0,&quot;2&quot;:0,&quot;3&quot;:3},{&quot;1&quot;:1,&quot;2&quot;:0,&quot;4&quot;:1}]},&quot;8&quot;:{&quot;1&quot;:[{&quot;1&quot;:2,&quot;2&quot;:0,&quot;5&quot;:{&quot;1&quot;:2,&quot;2&quot;:0}},{&quot;1&quot;:0,&quot;2&quot;:0,&quot;3&quot;:3},{&quot;1&quot;:1,&quot;2&quot;:0,&quot;4&quot;:1}]},&quot;10&quot;:0,&quot;11&quot;:4,&quot;12&quot;:0}\">Un plan mondial d\u2019intervention pour d\u00e9clencher la fin de la pand\u00e9mie COVID-19<\/span><\/h2>\n<p><span style=\"font-weight: 400;\">Il est dans notre int\u00e9r\u00eat \u00e0 toutes et tous de mettre <strong>fin \u00e0 la pand\u00e9mie de COVID-19<\/strong> et \u00e0 la crise \u00e9conomique qu\u2019elle continue de provoquer. Alors que nous avons les moyens d\u2019y parvenir, nous y sommes encore loin. Quels sont les obstacles qui nous emp\u00eachent d\u2019y mettre fin ?<\/span><\/p>\n<ol>\n<li>\n<h3><strong>Les pays riches ont presque atteint l\u2019objectif de vaccination mondial et continuent pourtant le stockage excessif de doses suppl\u00e9mentaires.<\/strong><\/h3>\n<\/li>\n<\/ol>\n<p><b>Le saviez-vous ? <\/b><span style=\"font-weight: 400;\"><a href=\"https:\/\/www.one.org\/fr\/policy\/sans-action-urgente-un-tiers-de-la-population-mondiale-ne-sera-toujours-pas-vaccinee-dans-1-an\/\">Un nouveau rapport de ONE<\/a> montre que, dans les pays riches, le nombre de personnes ayant re\u00e7u une dose de rappel (soit le plus souvent une troisi\u00e8me dose) est trois fois plus \u00e9lev\u00e9 que le nombre de personnes ayant re\u00e7u une premi\u00e8re dose du vaccin dans les pays \u00e0 faible revenu. Au rythme actuel, il pourrait s\u2019\u00e9couler <\/span><b>plus d\u2019une d\u00e9cennie<\/b><span style=\"font-weight: 400;\"> avant que les pays \u00e0 faible revenu atteignent des niveaux de vaccination similaires \u00e0 ceux des pays \u00e0 revenu \u00e9lev\u00e9.<\/span><\/p>\n<p><b>Qu\u2019attendons-nous de la part des pays du G20 ?<\/b><span style=\"font-weight: 400;\"> Injecter des doses de rappel est bien s\u00fbr essentiel, mais les pays du G20 doivent donner la priorit\u00e9 aux premi\u00e8res et deuxi\u00e8mes doses pour celles et ceux qui en ont le plus besoin, \u00e0 commencer par les professionnels de sant\u00e9 et les populations les plus vuln\u00e9rables dans les pays \u00e0 faible revenu. Les campagnes de rappel dans les pays \u00e0 revenu \u00e9lev\u00e9 ne doivent pas se faire au d\u00e9triment du partage des doses d\u00e9j\u00e0 promises aux pays \u00e0 revenu faible et interm\u00e9diaire de la tranche inf\u00e9rieure, et des partenariats engag\u00e9s avec le m\u00e9canisme COVAX et l\u2019<\/span><i><span style=\"font-weight: 400;\">African Vaccine Acquisition Task Team<\/span><\/i><span style=\"font-weight: 400;\"> (AVATT) \u2013 une initiative de la Commission de l\u2019Union africaine visant \u00e0 permettre au continent africain d\u2019acc\u00e9der aux vaccins COVID-19 \u2013 qui garantissent que les doses achet\u00e9es soient bien distribu\u00e9es sur le terrain.<\/span><\/p>\n<p><img loading=\"lazy\" decoding=\"async\" class=\"aligncenter wp-image-157366 size-large\" src=\"https:\/\/cdn.one.org\/fr\/wp-content\/uploads\/2021\/11\/10102505\/Rapport-5-obstacles-2-640x413.png\" alt=\"chiffre-dose-covid19\" width=\"593\" height=\"383\" \/><\/p>\n<ol start=\"2\">\n<li>\n<h3><span data-sheets-value=\"{&quot;1&quot;:2,&quot;2&quot;:&quot;Distribuer des vaccins COVID-19 fiables &quot;}\" data-sheets-userformat=\"{&quot;2&quot;:959,&quot;3&quot;:{&quot;1&quot;:0},&quot;4&quot;:{&quot;1&quot;:2,&quot;2&quot;:16711680},&quot;5&quot;:{&quot;1&quot;:[{&quot;1&quot;:2,&quot;2&quot;:0,&quot;5&quot;:{&quot;1&quot;:2,&quot;2&quot;:0}},{&quot;1&quot;:0,&quot;2&quot;:0,&quot;3&quot;:3},{&quot;1&quot;:1,&quot;2&quot;:0,&quot;4&quot;:1}]},&quot;6&quot;:{&quot;1&quot;:[{&quot;1&quot;:2,&quot;2&quot;:0,&quot;5&quot;:{&quot;1&quot;:2,&quot;2&quot;:0}},{&quot;1&quot;:0,&quot;2&quot;:0,&quot;3&quot;:3},{&quot;1&quot;:1,&quot;2&quot;:0,&quot;4&quot;:1}]},&quot;7&quot;:{&quot;1&quot;:[{&quot;1&quot;:2,&quot;2&quot;:0,&quot;5&quot;:{&quot;1&quot;:2,&quot;2&quot;:0}},{&quot;1&quot;:0,&quot;2&quot;:0,&quot;3&quot;:3},{&quot;1&quot;:1,&quot;2&quot;:0,&quot;4&quot;:1}]},&quot;8&quot;:{&quot;1&quot;:[{&quot;1&quot;:2,&quot;2&quot;:0,&quot;5&quot;:{&quot;1&quot;:2,&quot;2&quot;:0}},{&quot;1&quot;:0,&quot;2&quot;:0,&quot;3&quot;:3},{&quot;1&quot;:1,&quot;2&quot;:0,&quot;4&quot;:1}]},&quot;10&quot;:0,&quot;11&quot;:4,&quot;12&quot;:0}\">Distribuer des vaccins COVID-19 fiables <\/span><\/h3>\n<\/li>\n<\/ol>\n<p><b>Le saviez-vous ?<\/b><span style=\"font-weight: 400;\"> Les calendriers de livraison des vaccins sont consid\u00e9r\u00e9s comme relevant d\u2019une nature priv\u00e9e. Il n\u2019existe donc pas de normes de r\u00e9f\u00e9rence publiques sur lesquelles s\u2019appuyer pour engager la responsabilit\u00e9 des entreprises. Les vaccins arrivent quand ils arrivent. Les pays du G20 commencent \u00e0 invoquer cette raison pour expliquer pourquoi ils n\u2019ont pas encore tenu leurs engagements en mati\u00e8re de partage de doses. <\/span><b>Alors que les pays du G20 se sont engag\u00e9s \u00e0 partager au moins 657 millions de doses d\u2019ici la fin de l\u2019ann\u00e9e 2021, seulement 293 millions ont \u00e9t\u00e9 distribu\u00e9es \u00e0 ce jour.<\/b><span style=\"font-weight: 400;\"> On ne sait pas si et quand ces engagements seront tenus.<\/span><\/p>\n<p><img loading=\"lazy\" decoding=\"async\" class=\"aligncenter wp-image-157367 size-large\" src=\"https:\/\/cdn.one.org\/fr\/wp-content\/uploads\/2021\/11\/10102547\/Rapport-5-obstacles-3-640x408.png\" alt=\"dose-covid19-monde \" width=\"593\" height=\"379\" \/><\/p>\n<p><b>Qu\u2019attendons-nous de la part des pays du G20 ?<\/b><span style=\"font-weight: 400;\"> Ce manque d\u2019anticipation et de fiabilit\u00e9 entra\u00eene un gaspillage de vaccins et une limitation du nombre de personnes prot\u00e9g\u00e9es. Les pays du G20 qui se sont d\u00e9j\u00e0 engag\u00e9s \u00e0 partager des doses devraient publier un plan d\u2019action indiquant quand et comment ils rempliront leurs engagements, quels vaccins seront partag\u00e9s, quand ils seront distribu\u00e9s et qui en sera destinataire. Toutes les doses qui sont r\u00e9affect\u00e9es doivent \u00eatre donn\u00e9es aux pays \u00e0 revenu faible et interm\u00e9diaire de la tranche inf\u00e9rieure. Ce n\u2019est pas tout : pendant au moins les 12 prochains mois, les soci\u00e9t\u00e9s pharmaceutiques devraient rendre publics les projections de production mensuelles et les calendriers de livraison afin d\u2019aider les pays concern\u00e9s \u00e0 mieux planifier \u00e0 la fois le partage et la r\u00e9ception des doses.<\/span><\/p>\n<ol start=\"3\">\n<li>\n<h3><span data-sheets-value=\"{&quot;1&quot;:2,&quot;2&quot;:&quot;Financer l'acc\u00e8s \u00e0 tous au vaccin &quot;}\" data-sheets-userformat=\"{&quot;2&quot;:899,&quot;3&quot;:{&quot;1&quot;:0},&quot;4&quot;:{&quot;1&quot;:2,&quot;2&quot;:16711680},&quot;10&quot;:0,&quot;11&quot;:4,&quot;12&quot;:0}\">Financer l\u2019acc\u00e8s \u00e0 tous au vaccin <\/span><\/h3>\n<\/li>\n<\/ol>\n<p><b>Le saviez-vous ?<\/b><span style=\"font-weight: 400;\"> Les soci\u00e9t\u00e9s pharmaceutiques ont donn\u00e9 la priorit\u00e9 aux pays \u00e0 revenu \u00e9lev\u00e9 sur l\u2019approvisionnement mondial en vaccins. Ces derniers ont pu se procurer des doses <\/span><b>6 mois avant<\/b><span style=\"font-weight: 400;\"> le reste du monde et ont en m\u00eame temps ralenti le financement du m\u00e9canisme international COVAX. En cons\u00e9quence, ils ont achet\u00e9 <\/span><b>32 fois plus de doses<\/b><span style=\"font-weight: 400;\"> que l\u2019AVATT, l\u2019initiative de l\u2019Union africaine, alors qu\u2019ils desservent tous deux des populations de taille similaire !<\/span><\/p>\n<p><img loading=\"lazy\" decoding=\"async\" class=\"aligncenter wp-image-157368 size-large\" src=\"https:\/\/cdn.one.org\/fr\/wp-content\/uploads\/2021\/11\/10102624\/Rapport-5-obstacles-4-640x405.png\" alt=\"chiffre-vaccin-covid19 \" width=\"593\" height=\"375\" \/><\/p>\n<p><b>Qu\u2019attendons-nous de la part des pays du G20 ? <\/b><span style=\"font-weight: 400;\">20 milliards de dollars suppl\u00e9mentaires sont n\u00e9cessaires en 2022 pour atteindre l\u2019objectif de vacciner au moins 70 % de la population dans chaque cat\u00e9gorie de pays et, ainsi, sauver des vies. Les pays du G20 et les autres donateurs doivent tenir leurs promesses : cesser de s\u2019accaparer les vaccins et financer les m\u00e9canismes internationaux \u00e0 la hauteur des besoins pour vraiment mettre fin \u00e0 la pand\u00e9mie.<\/span><\/p>\n<ol start=\"4\">\n<li>\n<h3><span data-sheets-value=\"{&quot;1&quot;:2,&quot;2&quot;:&quot;Encourager la fabrication r\u00e9gionalis\u00e9e de vaccins COVID-19&quot;}\" data-sheets-userformat=\"{&quot;2&quot;:643,&quot;3&quot;:{&quot;1&quot;:0},&quot;4&quot;:{&quot;1&quot;:2,&quot;2&quot;:16711680},&quot;10&quot;:0,&quot;12&quot;:0}\">Encourager la fabrication r\u00e9gionalis\u00e9e de vaccins COVID-19<\/span><\/h3>\n<\/li>\n<\/ol>\n<p><b>Le saviez-vous ?<\/b><span style=\"font-weight: 400;\"> La production mondiale de vaccins est principalement concentr\u00e9e dans les pays les plus riches et certaines entreprises pharmaceutiques, telles que Moderna, refusent de partager leur processus de fabrication ou leur technologie afin d\u2019en augmenter la production mondiale. Or, sans un meilleur partage des connaissances et sans une production davantage localis\u00e9e, les pays \u00e0 faible revenu sont tributaires d\u2019un march\u00e9 vaccinal d\u00e9faillant et de cha\u00eenes d\u2019approvisionnement mondiales de plus en plus volatiles.<\/span><\/p>\n<p><img loading=\"lazy\" decoding=\"async\" class=\"aligncenter wp-image-157369 size-large\" src=\"https:\/\/cdn.one.org\/fr\/wp-content\/uploads\/2021\/11\/10102733\/Rapport-5-obstacles-5-640x427.png\" alt=\"production-vaccin-covid19 \" width=\"593\" height=\"396\" \/><\/p>\n<p><b>Qu\u2019attendons-nous de la part des pays du G20 ? <\/b><span style=\"font-weight: 400;\">Les pays du G20 devraient investir dans des usines de production r\u00e9gionales, encourager les fabricants de vaccins \u00e0 ARN messager \u00e0 partager leur technologie avec l\u2019Organisation mondiale de la sant\u00e9 et les fabricants locaux, et renoncer temporairement aux droits de propri\u00e9t\u00e9 intellectuelle en les c\u00e9dant \u00e0 l\u2019Organisation mondiale du commerce.<\/span><\/p>\n<p><span data-sheets-value=\"{&quot;1&quot;:2,&quot;2&quot;:&quot;Point 4 : Or, sans un meilleur partage des connaissances et sans une production davantage localis\u00e9e, les pays \u00e0 faible revenu, tributaires d'un march\u00e9 vaccinal d\u00e9faillant et de cha\u00eenes d'approvisionnement mondiales de plus en plus volatiles, voient la fin de la pand\u00e9mie \u00eatre retard\u00e9e.nnPoint 5 : Les pays riches ont pu d\u00e9penser des milliers de milliards de dollars pour soutenir leurs \u00e9conomies, reviennent peu \u00e0 peu \u00e0 leur niveau pr\u00e9-pand\u00e9mie, alors que les pays les plus pauvres seront confront\u00e9s \u00e0 des ann\u00e9es de ralentissement \u00e9conomique avant m\u00eame la fin de la pand\u00e9mie.nnPour en savoir plus sur la fin de la pand\u00e9mie, lisez notre rapport.&quot;}\" data-sheets-userformat=\"{&quot;2&quot;:957,&quot;3&quot;:{&quot;1&quot;:0},&quot;5&quot;:{&quot;1&quot;:[{&quot;1&quot;:2,&quot;2&quot;:0,&quot;5&quot;:{&quot;1&quot;:2,&quot;2&quot;:0}},{&quot;1&quot;:0,&quot;2&quot;:0,&quot;3&quot;:3},{&quot;1&quot;:1,&quot;2&quot;:0,&quot;4&quot;:1}]},&quot;6&quot;:{&quot;1&quot;:[{&quot;1&quot;:2,&quot;2&quot;:0,&quot;5&quot;:{&quot;1&quot;:2,&quot;2&quot;:0}},{&quot;1&quot;:0,&quot;2&quot;:0,&quot;3&quot;:3},{&quot;1&quot;:1,&quot;2&quot;:0,&quot;4&quot;:1}]},&quot;7&quot;:{&quot;1&quot;:[{&quot;1&quot;:2,&quot;2&quot;:0,&quot;5&quot;:{&quot;1&quot;:2,&quot;2&quot;:0}},{&quot;1&quot;:0,&quot;2&quot;:0,&quot;3&quot;:3},{&quot;1&quot;:1,&quot;2&quot;:0,&quot;4&quot;:1}]},&quot;8&quot;:{&quot;1&quot;:[{&quot;1&quot;:2,&quot;2&quot;:0,&quot;5&quot;:{&quot;1&quot;:2,&quot;2&quot;:0}},{&quot;1&quot;:0,&quot;2&quot;:0,&quot;3&quot;:3},{&quot;1&quot;:1,&quot;2&quot;:0,&quot;4&quot;:1}]},&quot;10&quot;:0,&quot;11&quot;:4,&quot;12&quot;:0}\" data-sheets-textstyleruns=\"{&quot;1&quot;:0}\uee10{&quot;1&quot;:242,&quot;2&quot;:{&quot;5&quot;:1}}\uee10{&quot;1&quot;:287}\uee10{&quot;1&quot;:396,&quot;2&quot;:{&quot;5&quot;:1}}\uee10{&quot;1&quot;:407}\uee10{&quot;1&quot;:542,&quot;2&quot;:{&quot;5&quot;:1}}\uee10{&quot;1&quot;:577}\uee10{&quot;1&quot;:597,&quot;2&quot;:{&quot;5&quot;:1}}\uee10{&quot;1&quot;:600}\uee10{&quot;1&quot;:601,&quot;2&quot;:{&quot;5&quot;:1}}\uee10{&quot;1&quot;:624}\">\u00a0Or, sans un meilleur partage des connaissances et sans une production davantage localis\u00e9e, les pays \u00e0 faible revenu, tributaires d\u2019un march\u00e9 vaccinal d\u00e9faillant et de cha\u00eenes d\u2019approvisionnement mondiales de plus en plus volatiles, voient la fin de la pand\u00e9mie \u00eatre retard\u00e9e.<\/span><\/p>\n<ol start=\"5\">\n<li>\n<h3><span data-sheets-value=\"{&quot;1&quot;:2,&quot;2&quot;:&quot;Soutenir la reprise \u00e9conomique mondiale &quot;}\" data-sheets-userformat=\"{&quot;2&quot;:703,&quot;3&quot;:{&quot;1&quot;:0},&quot;4&quot;:{&quot;1&quot;:2,&quot;2&quot;:16711680},&quot;5&quot;:{&quot;1&quot;:[{&quot;1&quot;:2,&quot;2&quot;:0,&quot;5&quot;:{&quot;1&quot;:2,&quot;2&quot;:0}},{&quot;1&quot;:0,&quot;2&quot;:0,&quot;3&quot;:3},{&quot;1&quot;:1,&quot;2&quot;:0,&quot;4&quot;:1}]},&quot;6&quot;:{&quot;1&quot;:[{&quot;1&quot;:2,&quot;2&quot;:0,&quot;5&quot;:{&quot;1&quot;:2,&quot;2&quot;:0}},{&quot;1&quot;:0,&quot;2&quot;:0,&quot;3&quot;:3},{&quot;1&quot;:1,&quot;2&quot;:0,&quot;4&quot;:1}]},&quot;7&quot;:{&quot;1&quot;:[{&quot;1&quot;:2,&quot;2&quot;:0,&quot;5&quot;:{&quot;1&quot;:2,&quot;2&quot;:0}},{&quot;1&quot;:0,&quot;2&quot;:0,&quot;3&quot;:3},{&quot;1&quot;:1,&quot;2&quot;:0,&quot;4&quot;:1}]},&quot;8&quot;:{&quot;1&quot;:[{&quot;1&quot;:2,&quot;2&quot;:0,&quot;5&quot;:{&quot;1&quot;:2,&quot;2&quot;:0}},{&quot;1&quot;:0,&quot;2&quot;:0,&quot;3&quot;:3},{&quot;1&quot;:1,&quot;2&quot;:0,&quot;4&quot;:1}]},&quot;10&quot;:0,&quot;12&quot;:0}\">Soutenir la reprise \u00e9conomique mondiale <\/span><\/h3>\n<\/li>\n<\/ol>\n<p><b>Le saviez-vous ?<\/b><span style=\"font-weight: 400;\"> La pand\u00e9mie a provoqu\u00e9 une hausse de l\u2019extr\u00eame pauvret\u00e9 dans le monde pour la premi\u00e8re fois depuis deux d\u00e9cennies. L\u2019ann\u00e9e 2020 a ainsi vu pr\u00e8s de 100 millions de personnes suppl\u00e9mentaires basculer dans l\u2019extr\u00eame pauvret\u00e9. Les pays riches ont pu d\u00e9penser des milliers de milliards de dollars pour soutenir leurs \u00e9conomies, qui reviennent peu \u00e0 peu \u00e0 leur niveau pr\u00e9-pand\u00e9mie, alors que les pays les plus pauvres seront confront\u00e9s \u00e0 des ann\u00e9es de ralentissement \u00e9conomique. Les <\/span><a href=\"https:\/\/www.imf.org\/fr\/About\/Factsheets\/Sheets\/2016\/08\/01\/14\/51\/Special-Drawing-Right-SDR#:~:text=Le%20DTS%20est%20un%20avoir,officielles%20de%20ses%20pays%20membres.&amp;text=La%20valeur%20du%20DTS%20repose,japonais%20et%20la%20livre%20sterling.\"><span style=\"font-weight: 400;\">droits de tirage sp\u00e9ciaux<\/span><\/a><span style=\"font-weight: 400;\"> (DTS) du FMI, d\u2019une valeur de 650 milliards de dollars, ont \u00e9t\u00e9 cr\u00e9\u00e9s pour aider les pays vuln\u00e9rables \u00e0 faire face \u00e0 l\u2019<strong>impact \u00e9conomique de la pand\u00e9mie<\/strong>, mais certains pays riches se les accaparent.<\/span><\/p>\n<p><span data-sheets-value=\"{&quot;1&quot;:2,&quot;2&quot;:&quot;Point 4 : Or, sans un meilleur partage des connaissances et sans une production davantage localis\u00e9e, les pays \u00e0 faible revenu, tributaires d'un march\u00e9 vaccinal d\u00e9faillant et de cha\u00eenes d'approvisionnement mondiales de plus en plus volatiles, voient la fin de la pand\u00e9mie \u00eatre retard\u00e9e.nnPoint 5 : Les pays riches ont pu d\u00e9penser des milliers de milliards de dollars pour soutenir leurs \u00e9conomies, reviennent peu \u00e0 peu \u00e0 leur niveau pr\u00e9-pand\u00e9mie, alors que les pays les plus pauvres seront confront\u00e9s \u00e0 des ann\u00e9es de ralentissement \u00e9conomique avant m\u00eame la fin de la pand\u00e9mie.nnPour en savoir plus sur la fin de la pand\u00e9mie, lisez notre rapport.&quot;}\" data-sheets-userformat=\"{&quot;2&quot;:957,&quot;3&quot;:{&quot;1&quot;:0},&quot;5&quot;:{&quot;1&quot;:[{&quot;1&quot;:2,&quot;2&quot;:0,&quot;5&quot;:{&quot;1&quot;:2,&quot;2&quot;:0}},{&quot;1&quot;:0,&quot;2&quot;:0,&quot;3&quot;:3},{&quot;1&quot;:1,&quot;2&quot;:0,&quot;4&quot;:1}]},&quot;6&quot;:{&quot;1&quot;:[{&quot;1&quot;:2,&quot;2&quot;:0,&quot;5&quot;:{&quot;1&quot;:2,&quot;2&quot;:0}},{&quot;1&quot;:0,&quot;2&quot;:0,&quot;3&quot;:3},{&quot;1&quot;:1,&quot;2&quot;:0,&quot;4&quot;:1}]},&quot;7&quot;:{&quot;1&quot;:[{&quot;1&quot;:2,&quot;2&quot;:0,&quot;5&quot;:{&quot;1&quot;:2,&quot;2&quot;:0}},{&quot;1&quot;:0,&quot;2&quot;:0,&quot;3&quot;:3},{&quot;1&quot;:1,&quot;2&quot;:0,&quot;4&quot;:1}]},&quot;8&quot;:{&quot;1&quot;:[{&quot;1&quot;:2,&quot;2&quot;:0,&quot;5&quot;:{&quot;1&quot;:2,&quot;2&quot;:0}},{&quot;1&quot;:0,&quot;2&quot;:0,&quot;3&quot;:3},{&quot;1&quot;:1,&quot;2&quot;:0,&quot;4&quot;:1}]},&quot;10&quot;:0,&quot;11&quot;:4,&quot;12&quot;:0}\" data-sheets-textstyleruns=\"{&quot;1&quot;:0}\uee10{&quot;1&quot;:242,&quot;2&quot;:{&quot;5&quot;:1}}\uee10{&quot;1&quot;:287}\uee10{&quot;1&quot;:396,&quot;2&quot;:{&quot;5&quot;:1}}\uee10{&quot;1&quot;:407}\uee10{&quot;1&quot;:542,&quot;2&quot;:{&quot;5&quot;:1}}\uee10{&quot;1&quot;:577}\uee10{&quot;1&quot;:597,&quot;2&quot;:{&quot;5&quot;:1}}\uee10{&quot;1&quot;:600}\uee10{&quot;1&quot;:601,&quot;2&quot;:{&quot;5&quot;:1}}\uee10{&quot;1&quot;:624}\">Les pays riches ont pu d\u00e9penser des milliers de milliards de dollars pour soutenir leurs \u00e9conomies, reviennent peu \u00e0 peu \u00e0 leur niveau pr\u00e9-pand\u00e9mie, alors que les pays les plus pauvres seront confront\u00e9s \u00e0 des ann\u00e9es de ralentissement \u00e9conomique avant m\u00eame la fin de la pand\u00e9mie.<\/span><\/p>\n<p>Pour en savoir plus sur la fin de la pand\u00e9mie, lisez notre rapport.<\/p>\n<p><img loading=\"lazy\" decoding=\"async\" class=\"aligncenter wp-image-157370 size-large\" src=\"https:\/\/cdn.one.org\/fr\/wp-content\/uploads\/2021\/11\/10102806\/Rapport-5-obstacles-6-640x408.png\" alt=\"developpement-economie-monde-covid19\" width=\"593\" height=\"378\" \/><\/p>\n<p><b>Qu\u2019attendons-nous de la part des pays du G20 ?<\/b><span style=\"font-weight: 400;\"> Pour mettre fin \u00e0 la pand\u00e9mie, les \u00e9conomies d\u00e9velopp\u00e9es doivent r\u00e9affecter leurs allocations de DTS, actuellement inutilis\u00e9es, vers les pays \u00e0 faible revenu et les pays \u00e0 revenu interm\u00e9diaire vuln\u00e9rables. Le G7 a promis de fournir 100 milliards de dollars en DTS recycl\u00e9s et cet engagement doit \u00eatre respect\u00e9, avec une feuille de route claire pour r\u00e9affecter davantage de DTS l\u2019ann\u00e9e prochaine.<\/span><\/p>\n<p>Ma communaut\u00e9 internationale envisage enfin une strat\u00e9gie coh\u00e9rente pour mettre un<br \/>\nterme \u00e0 la crise, avec l\u2019objectif de vacciner au moins 70% de la population de toutes les cat\u00e9gories de revenus de pays d\u2019ici septembre 2022. Cette approche nous offre la perspective de mettre fin \u00e0 la pand\u00e9mie dans les 12 prochains mois. Mais pour y parvenir, nous avons besoin d\u2019un changement de dynamique drastique \u2013 soit rediriger<br \/>\nde toute urgence nos ressources vers les pays qui accusent le plus gros retard dans la lutte contre la pand\u00e9mie. <strong><a href=\"https:\/\/cdn.one.org\/fr\/wp-content\/uploads\/2021\/10\/28151849\/G20-2021-Analyse-de-ONE.pdf\">Pour en savoir plus, lisez notre rapport.<\/a><\/strong><\/p>\n<div class=\"buffer\"><\/div>","protected":false},"excerpt":{"rendered":"<p>Un plan mondial d\u2019intervention pour d\u00e9clencher la fin de la pand\u00e9mie COVID-19 Il est dans notre int\u00e9r\u00eat \u00e0 toutes et tous de mettre fin \u00e0 la pand\u00e9mie de COVID-19 et \u00e0 la crise \u00e9conomique qu\u2019elle continue de provoquer. Alors que nous avons les moyens d\u2019y parvenir, nous y sommes encore loin. Quels sont les obstacles [&hellip;]<\/p>\n","protected":false},"author":24,"featured_media":163049,"comment_status":"open","ping_status":"open","sticky":false,"template":"","format":"standard","meta":{"_acf_changed":false,"_relevanssi_hide_post":"","_relevanssi_hide_content":"","_relevanssi_pin_for_all":"","_relevanssi_pin_keywords":"","_relevanssi_unpin_keywords":"","_relevanssi_related_keywords":"","_relevanssi_related_include_ids":"","_relevanssi_related_exclude_ids":"","_relevanssi_related_no_append":"","_relevanssi_related_not_related":"","_relevanssi_related_posts":"164801,164384,164396,163756,163706,163644","_relevanssi_noindex_reason":"","footnotes":""},"categories":[68],"tags":[],"topic":[42],"contributor":[43],"one_content_audience":[],"one_content_type":[],"one_content_tone":[],"class_list":["post-162511","post","type-post","status-publish","format-standard","has-post-thumbnail","hentry","category-analyse","topic-covid-19","contributor-dana-khalil"],"acf":[],"yoast_head":"<!-- This site is optimized with the Yoast SEO Premium plugin v27.1 (Yoast SEO v27.1.1) - https:\/\/yoast.com\/product\/yoast-seo-premium-wordpress\/ -->\n<title>Fin de la pand\u00e9mie COVID-19 : comment en sortir ? - ONE.org France<\/title>\n<meta name=\"description\" content=\"Comment mettre fin \u00e0 la pand\u00e9mie de COVID-19 dans le monde ?\" \/>\n<meta name=\"robots\" content=\"index, follow, max-snippet:-1, max-image-preview:large, max-video-preview:-1\" \/>\n<link rel=\"canonical\" href=\"https:\/\/www.one.org\/fr\/actualites\/5-obstacles-fin-pandemie\/\" \/>\n<meta property=\"og:locale\" content=\"fr_FR\" \/>\n<meta property=\"og:type\" content=\"article\" \/>\n<meta property=\"og:title\" content=\"Fin de la pand\u00e9mie COVID-19 : comment en sortir ?\" \/>\n<meta property=\"og:description\" content=\"Comment mettre fin \u00e0 la pand\u00e9mie de COVID-19 dans le monde ?\" \/>\n<meta property=\"og:url\" content=\"https:\/\/www.one.org\/fr\/actualites\/5-obstacles-fin-pandemie\/\" \/>\n<meta property=\"og:site_name\" content=\"ONE.org France\" \/>\n<meta property=\"article:publisher\" content=\"https:\/\/www.facebook.com\/ONE.Fr\" \/>\n<meta property=\"article:published_time\" content=\"2021-11-10T10:51:36+00:00\" \/>\n<meta property=\"article:modified_time\" content=\"2024-01-09T14:40:39+00:00\" \/>\n<meta property=\"og:image\" content=\"https:\/\/www.one.org\/fr\/wp-content\/uploads\/sites\/4\/2021\/11\/VAT_Blog_feature_1200x1200_v1-1.png\" \/>\n\t<meta property=\"og:image:width\" content=\"1080\" \/>\n\t<meta property=\"og:image:height\" content=\"1080\" \/>\n\t<meta property=\"og:image:type\" content=\"image\/png\" \/>\n<meta name=\"author\" content=\"Dana Khalil\" \/>\n<meta name=\"twitter:card\" content=\"summary_large_image\" \/>\n<meta name=\"twitter:creator\" content=\"@one_fr\" \/>\n<meta name=\"twitter:site\" content=\"@one_fr\" \/>\n<meta name=\"twitter:label1\" content=\"Written by\" \/>\n\t<meta name=\"twitter:data1\" content=\"Dana Khalil\" \/>\n\t<meta name=\"twitter:label2\" content=\"Est. reading time\" \/>\n\t<meta name=\"twitter:data2\" content=\"7 minutes\" \/>\n<script type=\"application\/ld+json\" class=\"yoast-schema-graph\">{\"@context\":\"https:\/\/schema.org\",\"@graph\":[{\"@type\":\"Article\",\"@id\":\"https:\/\/www.one.org\/fr\/actualites\/5-obstacles-fin-pandemie\/#article\",\"isPartOf\":{\"@id\":\"https:\/\/www.one.org\/fr\/actualites\/5-obstacles-fin-pandemie\/\"},\"author\":{\"name\":\"Dana Khalil\",\"@id\":\"https:\/\/www.one.org\/fr\/#\/schema\/person\/cf1f30f9800f0592ec3d61940be82003\"},\"headline\":\"Fin de la pand\u00e9mie COVID-19 : comment en sortir ?\",\"datePublished\":\"2021-11-10T10:51:36+00:00\",\"dateModified\":\"2024-01-09T14:40:39+00:00\",\"mainEntityOfPage\":{\"@id\":\"https:\/\/www.one.org\/fr\/actualites\/5-obstacles-fin-pandemie\/\"},\"wordCount\":1333,\"commentCount\":0,\"image\":{\"@id\":\"https:\/\/www.one.org\/fr\/actualites\/5-obstacles-fin-pandemie\/#primaryimage\"},\"thumbnailUrl\":\"https:\/\/www.one.org\/fr\/wp-content\/uploads\/sites\/4\/2021\/11\/VAT_Blog_feature_1200x1200_v1-1.png\",\"articleSection\":[\"Analyse\"],\"inLanguage\":\"fr-FR\",\"potentialAction\":[{\"@type\":\"CommentAction\",\"name\":\"Comment\",\"target\":[\"https:\/\/www.one.org\/fr\/actualites\/5-obstacles-fin-pandemie\/#respond\"]}]},{\"@type\":\"WebPage\",\"@id\":\"https:\/\/www.one.org\/fr\/actualites\/5-obstacles-fin-pandemie\/\",\"url\":\"https:\/\/www.one.org\/fr\/actualites\/5-obstacles-fin-pandemie\/\",\"name\":\"Fin de la pand\u00e9mie COVID-19 : comment en sortir ? - ONE.org France\",\"isPartOf\":{\"@id\":\"https:\/\/www.one.org\/fr\/#website\"},\"primaryImageOfPage\":{\"@id\":\"https:\/\/www.one.org\/fr\/actualites\/5-obstacles-fin-pandemie\/#primaryimage\"},\"image\":{\"@id\":\"https:\/\/www.one.org\/fr\/actualites\/5-obstacles-fin-pandemie\/#primaryimage\"},\"thumbnailUrl\":\"https:\/\/www.one.org\/fr\/wp-content\/uploads\/sites\/4\/2021\/11\/VAT_Blog_feature_1200x1200_v1-1.png\",\"datePublished\":\"2021-11-10T10:51:36+00:00\",\"dateModified\":\"2024-01-09T14:40:39+00:00\",\"author\":{\"@id\":\"https:\/\/www.one.org\/fr\/#\/schema\/person\/cf1f30f9800f0592ec3d61940be82003\"},\"description\":\"Comment mettre fin \u00e0 la pand\u00e9mie de COVID-19 dans le monde ?\",\"breadcrumb\":{\"@id\":\"https:\/\/www.one.org\/fr\/actualites\/5-obstacles-fin-pandemie\/#breadcrumb\"},\"inLanguage\":\"fr-FR\",\"potentialAction\":[{\"@type\":\"ReadAction\",\"target\":[\"https:\/\/www.one.org\/fr\/actualites\/5-obstacles-fin-pandemie\/\"]}]},{\"@type\":\"ImageObject\",\"inLanguage\":\"fr-FR\",\"@id\":\"https:\/\/www.one.org\/fr\/actualites\/5-obstacles-fin-pandemie\/#primaryimage\",\"url\":\"https:\/\/www.one.org\/fr\/wp-content\/uploads\/sites\/4\/2021\/11\/VAT_Blog_feature_1200x1200_v1-1.png\",\"contentUrl\":\"https:\/\/www.one.org\/fr\/wp-content\/uploads\/sites\/4\/2021\/11\/VAT_Blog_feature_1200x1200_v1-1.png\",\"width\":1080,\"height\":1080},{\"@type\":\"BreadcrumbList\",\"@id\":\"https:\/\/www.one.org\/fr\/actualites\/5-obstacles-fin-pandemie\/#breadcrumb\",\"itemListElement\":[{\"@type\":\"ListItem\",\"position\":1,\"name\":\"Home\",\"item\":\"https:\/\/www.one.org\/fr\/\"},{\"@type\":\"ListItem\",\"position\":2,\"name\":\"Fin de la pand\u00e9mie COVID-19 : comment en sortir ?\"}]},{\"@type\":\"WebSite\",\"@id\":\"https:\/\/www.one.org\/fr\/#website\",\"url\":\"https:\/\/www.one.org\/fr\/\",\"name\":\"ONE.org\",\"description\":\"Cr\u00e9er des opportunit\u00e9s \u00e9conomiques et am\u00e9liorer la sant\u00e9 en Afrique\",\"potentialAction\":[{\"@type\":\"SearchAction\",\"target\":{\"@type\":\"EntryPoint\",\"urlTemplate\":\"https:\/\/www.one.org\/fr\/?s={search_term_string}\"},\"query-input\":{\"@type\":\"PropertyValueSpecification\",\"valueRequired\":true,\"valueName\":\"search_term_string\"}}],\"inLanguage\":\"fr-FR\"},{\"@type\":\"Person\",\"@id\":\"https:\/\/www.one.org\/fr\/#\/schema\/person\/cf1f30f9800f0592ec3d61940be82003\",\"name\":\"Dana Khalil\",\"image\":{\"@type\":\"ImageObject\",\"inLanguage\":\"fr-FR\",\"@id\":\"https:\/\/www.one.org\/fr\/#\/schema\/person\/image\/\",\"url\":\"https:\/\/secure.gravatar.com\/avatar\/b0da536f00ccefadcc7aae4e64855977a5249adb1ac04162a69474e53a8d4c40?s=96&d=mm&r=g\",\"contentUrl\":\"https:\/\/secure.gravatar.com\/avatar\/b0da536f00ccefadcc7aae4e64855977a5249adb1ac04162a69474e53a8d4c40?s=96&d=mm&r=g\",\"caption\":\"Dana Khalil\"},\"url\":\"https:\/\/www.one.org\/fr\/actualites\/author\/danakhalil\/\"}]}<\/script>\n<!-- \/ Yoast SEO Premium plugin. -->","yoast_head_json":{"title":"Fin de la pand\u00e9mie COVID-19 : comment en sortir ? - ONE.org France","description":"Comment mettre fin \u00e0 la pand\u00e9mie de COVID-19 dans le monde ?","robots":{"index":"index","follow":"follow","max-snippet":"max-snippet:-1","max-image-preview":"max-image-preview:large","max-video-preview":"max-video-preview:-1"},"canonical":"https:\/\/www.one.org\/fr\/actualites\/5-obstacles-fin-pandemie\/","og_locale":"fr_FR","og_type":"article","og_title":"Fin de la pand\u00e9mie COVID-19 : comment en sortir ?","og_description":"Comment mettre fin \u00e0 la pand\u00e9mie de COVID-19 dans le monde ?","og_url":"https:\/\/www.one.org\/fr\/actualites\/5-obstacles-fin-pandemie\/","og_site_name":"ONE.org France","article_publisher":"https:\/\/www.facebook.com\/ONE.Fr","article_published_time":"2021-11-10T10:51:36+00:00","article_modified_time":"2024-01-09T14:40:39+00:00","og_image":[{"width":1080,"height":1080,"url":"https:\/\/www.one.org\/fr\/wp-content\/uploads\/sites\/4\/2021\/11\/VAT_Blog_feature_1200x1200_v1-1.png","type":"image\/png"}],"author":"Dana Khalil","twitter_card":"summary_large_image","twitter_creator":"@one_fr","twitter_site":"@one_fr","twitter_misc":{"Written by":"Dana Khalil","Est. reading time":"7 minutes"},"schema":{"@context":"https:\/\/schema.org","@graph":[{"@type":"Article","@id":"https:\/\/www.one.org\/fr\/actualites\/5-obstacles-fin-pandemie\/#article","isPartOf":{"@id":"https:\/\/www.one.org\/fr\/actualites\/5-obstacles-fin-pandemie\/"},"author":{"name":"Dana Khalil","@id":"https:\/\/www.one.org\/fr\/#\/schema\/person\/cf1f30f9800f0592ec3d61940be82003"},"headline":"Fin de la pand\u00e9mie COVID-19 : comment en sortir ?","datePublished":"2021-11-10T10:51:36+00:00","dateModified":"2024-01-09T14:40:39+00:00","mainEntityOfPage":{"@id":"https:\/\/www.one.org\/fr\/actualites\/5-obstacles-fin-pandemie\/"},"wordCount":1333,"commentCount":0,"image":{"@id":"https:\/\/www.one.org\/fr\/actualites\/5-obstacles-fin-pandemie\/#primaryimage"},"thumbnailUrl":"https:\/\/www.one.org\/fr\/wp-content\/uploads\/sites\/4\/2021\/11\/VAT_Blog_feature_1200x1200_v1-1.png","articleSection":["Analyse"],"inLanguage":"fr-FR","potentialAction":[{"@type":"CommentAction","name":"Comment","target":["https:\/\/www.one.org\/fr\/actualites\/5-obstacles-fin-pandemie\/#respond"]}]},{"@type":"WebPage","@id":"https:\/\/www.one.org\/fr\/actualites\/5-obstacles-fin-pandemie\/","url":"https:\/\/www.one.org\/fr\/actualites\/5-obstacles-fin-pandemie\/","name":"Fin de la pand\u00e9mie COVID-19 : comment en sortir ? - ONE.org France","isPartOf":{"@id":"https:\/\/www.one.org\/fr\/#website"},"primaryImageOfPage":{"@id":"https:\/\/www.one.org\/fr\/actualites\/5-obstacles-fin-pandemie\/#primaryimage"},"image":{"@id":"https:\/\/www.one.org\/fr\/actualites\/5-obstacles-fin-pandemie\/#primaryimage"},"thumbnailUrl":"https:\/\/www.one.org\/fr\/wp-content\/uploads\/sites\/4\/2021\/11\/VAT_Blog_feature_1200x1200_v1-1.png","datePublished":"2021-11-10T10:51:36+00:00","dateModified":"2024-01-09T14:40:39+00:00","author":{"@id":"https:\/\/www.one.org\/fr\/#\/schema\/person\/cf1f30f9800f0592ec3d61940be82003"},"description":"Comment mettre fin \u00e0 la pand\u00e9mie de COVID-19 dans le monde ?","breadcrumb":{"@id":"https:\/\/www.one.org\/fr\/actualites\/5-obstacles-fin-pandemie\/#breadcrumb"},"inLanguage":"fr-FR","potentialAction":[{"@type":"ReadAction","target":["https:\/\/www.one.org\/fr\/actualites\/5-obstacles-fin-pandemie\/"]}]},{"@type":"ImageObject","inLanguage":"fr-FR","@id":"https:\/\/www.one.org\/fr\/actualites\/5-obstacles-fin-pandemie\/#primaryimage","url":"https:\/\/www.one.org\/fr\/wp-content\/uploads\/sites\/4\/2021\/11\/VAT_Blog_feature_1200x1200_v1-1.png","contentUrl":"https:\/\/www.one.org\/fr\/wp-content\/uploads\/sites\/4\/2021\/11\/VAT_Blog_feature_1200x1200_v1-1.png","width":1080,"height":1080},{"@type":"BreadcrumbList","@id":"https:\/\/www.one.org\/fr\/actualites\/5-obstacles-fin-pandemie\/#breadcrumb","itemListElement":[{"@type":"ListItem","position":1,"name":"Home","item":"https:\/\/www.one.org\/fr\/"},{"@type":"ListItem","position":2,"name":"Fin de la pand\u00e9mie COVID-19 : comment en sortir ?"}]},{"@type":"WebSite","@id":"https:\/\/www.one.org\/fr\/#website","url":"https:\/\/www.one.org\/fr\/","name":"ONE.org","description":"Cr\u00e9er des opportunit\u00e9s \u00e9conomiques et am\u00e9liorer la sant\u00e9 en Afrique","potentialAction":[{"@type":"SearchAction","target":{"@type":"EntryPoint","urlTemplate":"https:\/\/www.one.org\/fr\/?s={search_term_string}"},"query-input":{"@type":"PropertyValueSpecification","valueRequired":true,"valueName":"search_term_string"}}],"inLanguage":"fr-FR"},{"@type":"Person","@id":"https:\/\/www.one.org\/fr\/#\/schema\/person\/cf1f30f9800f0592ec3d61940be82003","name":"Dana Khalil","image":{"@type":"ImageObject","inLanguage":"fr-FR","@id":"https:\/\/www.one.org\/fr\/#\/schema\/person\/image\/","url":"https:\/\/secure.gravatar.com\/avatar\/b0da536f00ccefadcc7aae4e64855977a5249adb1ac04162a69474e53a8d4c40?s=96&d=mm&r=g","contentUrl":"https:\/\/secure.gravatar.com\/avatar\/b0da536f00ccefadcc7aae4e64855977a5249adb1ac04162a69474e53a8d4c40?s=96&d=mm&r=g","caption":"Dana Khalil"},"url":"https:\/\/www.one.org\/fr\/actualites\/author\/danakhalil\/"}]}},"distributor_meta":false,"distributor_terms":false,"distributor_media":false,"distributor_original_site_name":"ONE.org France","distributor_original_site_url":"https:\/\/www.one.org\/fr","push-errors":false,"_links":{"self":[{"href":"https:\/\/www.one.org\/fr\/wp-json\/wp\/v2\/posts\/162511","targetHints":{"allow":["GET"]}}],"collection":[{"href":"https:\/\/www.one.org\/fr\/wp-json\/wp\/v2\/posts"}],"about":[{"href":"https:\/\/www.one.org\/fr\/wp-json\/wp\/v2\/types\/post"}],"author":[{"embeddable":true,"href":"https:\/\/www.one.org\/fr\/wp-json\/wp\/v2\/users\/24"}],"replies":[{"embeddable":true,"href":"https:\/\/www.one.org\/fr\/wp-json\/wp\/v2\/comments?post=162511"}],"version-history":[{"count":0,"href":"https:\/\/www.one.org\/fr\/wp-json\/wp\/v2\/posts\/162511\/revisions"}],"wp:featuredmedia":[{"embeddable":true,"href":"https:\/\/www.one.org\/fr\/wp-json\/wp\/v2\/media\/163049"}],"wp:attachment":[{"href":"https:\/\/www.one.org\/fr\/wp-json\/wp\/v2\/media?parent=162511"}],"wp:term":[{"taxonomy":"category","embeddable":true,"href":"https:\/\/www.one.org\/fr\/wp-json\/wp\/v2\/categories?post=162511"},{"taxonomy":"post_tag","embeddable":true,"href":"https:\/\/www.one.org\/fr\/wp-json\/wp\/v2\/tags?post=162511"},{"taxonomy":"topic","embeddable":true,"href":"https:\/\/www.one.org\/fr\/wp-json\/wp\/v2\/topic?post=162511"},{"taxonomy":"contributor","embeddable":true,"href":"https:\/\/www.one.org\/fr\/wp-json\/wp\/v2\/contributor?post=162511"},{"taxonomy":"one_content_audience","embeddable":true,"href":"https:\/\/www.one.org\/fr\/wp-json\/wp\/v2\/one_content_audience?post=162511"},{"taxonomy":"one_content_type","embeddable":true,"href":"https:\/\/www.one.org\/fr\/wp-json\/wp\/v2\/one_content_type?post=162511"},{"taxonomy":"one_content_tone","embeddable":true,"href":"https:\/\/www.one.org\/fr\/wp-json\/wp\/v2\/one_content_tone?post=162511"}],"curies":[{"name":"wp","href":"https:\/\/api.w.org\/{rel}","templated":true}]}}