{"id":162507,"date":"2021-10-11T09:54:11","date_gmt":"2021-10-11T09:54:11","guid":{"rendered":"https:\/\/www.one.org\/fr\/ces-filles-sont-la-preuve-quil-ny-a-pas-dage-pour-changer-le-monde\/"},"modified":"2023-10-23T09:42:50","modified_gmt":"2023-10-23T09:42:50","slug":"jeunes-filles-activistes-afrique-du-sud","status":"publish","type":"post","link":"https:\/\/www.one.org\/fr\/actualites\/jeunes-filles-activistes-afrique-du-sud\/","title":{"rendered":"Ces filles sont la preuve qu\u2019il n\u2019y a pas d\u2019\u00e2ge pour changer le monde"},"content":{"rendered":"<p>Pour voir se dessiner un avenir meilleur, les jeunes activistes savent qu\u2019ils ne peuvent pas attendre demain pour commencer \u00e0 changer le monde. C\u2019est maintenant qu\u2019il faut agir. Et c\u2019est exactement ce que sept jeunes filles ont d\u00e9cid\u00e9 de faire, en Afrique du Sud. Par le biais de l\u2019\u00e9ducation, de l\u2019action climatique et de la lutte contre les violences sexistes, ces filles sont la preuve vivante qu\u2019il n\u2019y a pas d\u2019\u00e2ge pour commencer \u00e0 changer le monde.<\/p>\n<h3><strong>Autonomiser les filles gr\u00e2ce \u00e0 l\u2019\u00e9ducation <\/strong><\/h3>\n<p>Le soleil de l\u2019apr\u00e8s-midi brille aux \u00e9clats sur <a href=\"https:\/\/www.one.org\/international\/blog\/ithuba-girls-education-south-africa\/\">Ingrid Xhameni et Enersh Nale<\/a>, deux jeunes filles de 13 ans rentrent de l\u2019\u00e9cole. Leur sac \u00e0 dos, charg\u00e9 de livres et de devoirs, p\u00e8se lourd sur leurs \u00e9paules. Debout \u00e0 c\u00f4t\u00e9 d\u2019une peinture murale sur laquelle est \u00e9crit \u00ab Tout h\u00e9ros a un jour \u00e9t\u00e9 un enfant qui r\u00eave \u00bb, ces deux \u00e9l\u00e8ves de quatri\u00e8me sourient. Elles aussi, elles savent tr\u00e8s bien quels sont leurs r\u00eaves et quel avenir elles veulent construire.<\/p>\n<p><img loading=\"lazy\" decoding=\"async\" class=\"aligncenter size-large wp-image-157243\" src=\"https:\/\/cdn.one.org\/fr\/wp-content\/uploads\/2021\/10\/12081330\/1200x628_Unknown-19-640x335.jpeg\" alt=\"\" width=\"593\" height=\"310\" \/><\/p>\n<p>Ingrid et Enersh font partie d\u2019un programme de sciences, technologies, ing\u00e9nierie\u00a0et math\u00e9matiques \u00e0 Langa, appel\u00e9 <a href=\"https:\/\/www.ithubahub.com\/\">iThuba Innovation Hub<\/a>. iThuba signifie \u00ab\u00a0opportunit\u00e9s\u00a0\u00bb en Xhosa, une langue tonale d\u2019Afrique australe. Des opportunit\u00e9s, c\u2019est exactement ce dont des filles comme Ingrid et Enersh ont manqu\u00e9 dans leur vie. Elles viennent de commencer leur premi\u00e8re ann\u00e9e \u00e0 la <a href=\"http:\/\/leapschool.org.za\/leapmetaphor\/\">LEAP Science and Maths School<\/a>.<\/p>\n<p>Comme le dit Ingrid, \u00ab\u00a0faire partie de la LEAP Science and Maths School m\u2019a permis d\u2019avoir beaucoup plus confiance en moi et d\u2019oser agir\u00a0\u00bb. La LEAP la pr\u00e9pare \u00e0 entrer \u00e0 l\u2019universit\u00e9 gr\u00e2ce \u00e0 sa structure stricte et \u00e0 l\u2019\u00e9mulation acad\u00e9mique qui y r\u00e8gne.<\/p>\n<p>Dans un pays o\u00f9 <a href=\"https:\/\/businesstech.co.za\/news\/government\/363480\/4-tables-and-graphs-you-should-see-ahead-of-south-africas-matric-results\/\">le taux de r\u00e9ussite en terminale est de 51,6 % pour les \u00e9l\u00e8ves noirs<\/a>, la LEAP atteint un taux de succ\u00e8s de 93 % et plus de 70 % de ses \u00e9tudiants font des \u00e9tudes sup\u00e9rieures. Depuis le d\u00e9but de la pand\u00e9mie, au niveau national, le <a href=\"https:\/\/www.news24.com\/citypress\/news\/school-dropout-rate-at-its-highest-20210711\">nombre d\u2019\u00e9l\u00e8ves non scolaris\u00e9s a tripl\u00e9<\/a> et le taux de pr\u00e9sence n\u2019a jamais \u00e9t\u00e9 aussi bas depuis 20 ans.<\/p>\n<p>Les deux filles viennent d\u2019une communaut\u00e9 dans laquelle <a href=\"https:\/\/resource.capetown.gov.za\/documentcentre\/Documents\/Maps%20and%20statistics\/2011_Census_CT_Suburb_Langa_Profile.pdf\">le taux de ch\u00f4mage<\/a><a href=\"https:\/\/resource.capetown.gov.za\/documentcentre\/Documents\/Maps%20and%20statistics\/2011_Census_CT_Suburb_Langa_Profile.pdf\"> atteint les 40 %<\/a> et o\u00f9 seulement 40 % de la population a assist\u00e9 \u00e0 des cours de terminale ou d\u2019un niveau sup\u00e9rieur.<\/p>\n<p>Mais elles ont r\u00e9ussi ce qu\u2019aucun \u00e9l\u00e8ve de leur \u00e9cole n\u2019avait r\u00e9ussi auparavant : elles sont les premi\u00e8res \u00e9tudiantes \u00e0 avoir \u00e9t\u00e9 accept\u00e9es \u00e0 la LEAP. 40 \u00e9l\u00e8ves peuvent int\u00e9grer l\u2019\u00e9cole chaque ann\u00e9e et les places sont ch\u00e8res. Elle re\u00e7oit des centaines de candidatures en provenance de tout le Cap et nombreuses d\u2019entre elles arrivent de la part d\u2019\u00e9tudiants de communaut\u00e9s plus privil\u00e9gi\u00e9es que celle d\u2019Ingrid et Enersh. La LEAP offre \u00e0 ces deux jeunes filles les opportunit\u00e9s et les ressources dont elles ont besoin pour avoir confiance en elles, agir et inspirer les autres. Et elles ont quelques mots d\u2019encouragement \u00e0 adresser aux autres filles :<\/p>\n<p>\u00ab N\u2019abandonnez pas. Croyez en vous. Dites-vous que vous pouvez y arriver. Vous le m\u00e9ritez. Dites-vous que vous \u00eates capables de tout \u00bb, affirme Ingrid. \u00ab N\u2019oubliez pas pourquoi vous allez \u00e0 l\u2019\u00e9cole\u00a0: c\u2019est parce que vous voulez devenir quelqu\u2019un. Vous avez des r\u00eaves. Vous avez des objectifs que vous devez atteindre. Alors vous devez travailler dur, croire en vous, ne jamais abandonner. C\u2019est la seule mani\u00e8re de construire un avenir meilleur. \u00bb<\/p>\n<p>Enersh esp\u00e8re qu\u2019\u00e0 l\u2019avenir, les filles \u00ab\u00a0auront la possibilit\u00e9 de s\u2019exprimer, qu\u2019elles seront reconnues pour ce qu\u2019elles sont : des personnes qui sont capables de tout et des femmes qui ont des droits et de la valeur \u00bb. Enersh r\u00eave de lancer sa propre application pour r\u00e9unir et offrir un acc\u00e8s \u00e9quitable \u00e0 l\u2019apprentissage en ligne \u00e0 tous les \u00e9tudiants d\u2019Afrique du Sud.<\/p>\n<p>Les deux jeunes filles veulent servir de mod\u00e8les, partager leur histoire et cr\u00e9er un groupe pour encourager les autres filles de Langa \u00e0 se sentir aussi fortes et capables qu\u2019elles. D\u2019apr\u00e8s Ingrid, \u00ab ce genre de groupe est tr\u00e8s rare dans ma commune \u00bb.<\/p>\n<p>\u00ab Les filles ont le pouvoir de s\u2019exprimer et de d\u00e9fendre ce qui est bien et ce qui est mal \u00bb, ajoute Ernesh. \u00ab En tant que fille, vous avez le pouvoir de vous affirmer \u00bb.<\/p>\n<h3><strong>S\u2019opposer aux violences sexistes<\/strong><\/h3>\n<p>Dans les villes voisines de Nyanga et Bonteheuwel, Nashieka, 17 ans, Mihlali, 20 ans, Inam, 12 ans, et Anelisa, 14 ans, grandissent dans <a href=\"https:\/\/www.sabcnews.com\/sabcnews\/sa-is-one-of-the-most-unsafe-places-in-the-world-for-a-woman-to-live-ramaphosa\/\">l\u2019un des pays les plus dangereux au monde pour les femmes.<\/a> En Afrique du Sud, <a href=\"https:\/\/www.iol.co.za\/capeargus\/news\/crime-stats-despite-6-decrease-in-cases-nyanga-still-remains-the-murder-capital-of-sa-32852205\">plus de la moiti\u00e9 des filles<\/a> sont victimes de violences sexistes au moins une fois dans leur vie. Nyanga est r\u00e9guli\u00e8rement class\u00e9e <a href=\"https:\/\/www.iol.co.za\/capeargus\/news\/crime-stats-despite-6-decrease-in-cases-nyanga-still-remains-the-murder-capital-of-sa-32852205\">capitale du meurtre en Afrique du Sud<\/a>, avec 15,2 meurtres pour 100 000 femmes.<\/p>\n<p>Mais <a href=\"https:\/\/www.one.org\/international\/blog\/mbokodo-club-south-africa\/\">ces filles du \u00ab\u00a0Justice Desk\u2019s Mbokodo Club\u00a0\u00bb<\/a> se battent pour changer cela. Dans ce club, des jeunes survivantes mais aussi des t\u00e9moins de violences sexistes \u00e2g\u00e9es de 9 \u00e0 21 ans apprennent \u00e0 prioriser leur sant\u00e9 mentale, \u00e0 se d\u00e9fendre et \u00e0 acqu\u00e9rir les outils n\u00e9cessaires pour devenir de futures dirigeantes autonomes. Et ces comp\u00e9tences se sont av\u00e9r\u00e9es plus qu\u2019utiles.<\/p>\n<p><img loading=\"lazy\" decoding=\"async\" class=\"size-large wp-image-157245 aligncenter\" src=\"https:\/\/cdn.one.org\/fr\/wp-content\/uploads\/2021\/10\/12081401\/1200x628_Unknown-3-3-640x335.jpeg\" alt=\"\" width=\"593\" height=\"310\" \/><\/p>\n<p>\u00ab\u00a0Je ne connaissais rien \u00e0 la self-d\u00e9fense quand je suis arriv\u00e9e ici \u00bb, explique Nashieka. Mais le spray au poivre lui a sauv\u00e9 la vie lorsqu\u2019un homme arm\u00e9 d\u2019un pistolet a tent\u00e9 de lui voler ses affaires sur le chemin du retour de l\u2019\u00e9cole. Gr\u00e2ce aux techniques de self-d\u00e9fense qu\u2019elle a apprises au Mbokodo Club ainsi qu\u2019au spray au poivre offert par la Fondation Kolisi dans ses <a href=\"https:\/\/kolisifoundation.org\/womens-month-gender-based-violence-gbv-under-the-magnifying-glass\/\">packs POWER2YOU<\/a>, Nashieka a finalement pu s\u2019\u00e9chapper.<\/p>\n<p><img loading=\"lazy\" decoding=\"async\" class=\"size-large wp-image-157244 aligncenter\" src=\"https:\/\/cdn.one.org\/fr\/wp-content\/uploads\/2021\/10\/12081346\/1200x628_Unknown-16-640x335.jpeg\" alt=\"\" width=\"593\" height=\"310\" \/><\/p>\n<p>Ce qui tient vraiment \u00e0 c\u0153ur de toutes ces filles, c\u2019est d\u2019encourager les autres \u00e0 s\u2019\u00e9manciper. Parmi leurs multiples actions, elles tiennent \u00e0 les informer de leurs droits et \u00e0 leur transmettre des techniques de self-d\u00e9fense. Nashieka a d\u00e9j\u00e0 partag\u00e9 ce qu\u2019elle a appris avec sa meilleure amie, et Mihlali et Anelisa partagent ce qu\u2019elles ont appris avec d\u2019autres.<\/p>\n<p>\u00ab J\u2019ai donn\u00e9 un pack POWER2YOU avec du spray au poivre [mais aussi un sifflet, un journal et des ressources] \u00e0 ma meilleure amie \u00bb, a d\u00e9clar\u00e9 Nashieka. \u00ab En tant que femme, elle a besoin de savoir ce que je sais \u00bb.<\/p>\n<p>\u00ab J\u2019ai utilis\u00e9 mes connaissances pour encourager les personnes qui sont victimes de violences sexistes \u00e0 aller les d\u00e9noncer pour obtenir de l\u2019aide \u00bb, a d\u00e9clar\u00e9 Mihlali. \u00ab J\u2019ai \u00e9galement parl\u00e9 des droits et devoirs humains avec quelques jeunes enfants de ma communaut\u00e9. Et je continuerai \u00e0 partager les connaissances acquises lors des sessions Mbokodo avec tous ceux et toutes celles qui en ont besoin \u00bb.<\/p>\n<p><img loading=\"lazy\" decoding=\"async\" class=\"aligncenter size-large wp-image-157246\" src=\"https:\/\/cdn.one.org\/fr\/wp-content\/uploads\/2021\/10\/12081417\/1200x628_Unknown-1-640x335.jpeg\" alt=\"\" width=\"593\" height=\"310\" \/><\/p>\n<p>Shamryn Brittan, coordinatrice des communications num\u00e9riques du club, a d\u00e9clar\u00e9 : \u00ab Elles d\u00e9fient les violences sexistes en en faisant un sujet de conversation dans leur vie quotidienne et en le partageant au sein de leur communaut\u00e9\u00a0\u00bb.<\/p>\n<p>Ensemble, ces filles unissent leurs forces pour encourager les autres dans la m\u00eame voie et leur donner les moyens de faire la diff\u00e9rence en Afrique du Sud et partout ailleurs.<\/p>\n<p>\u00ab\u00a0En reconnaissant leur propre valeur, en ayant confiance en elles-m\u00eames et en refusant que leur r\u00eaves ne soient effac\u00e9s, les filles ont le pouvoir de changer le continent\u00a0\u00bb, a d\u00e9clar\u00e9 Inam. \u00ab\u00a0Si nous commen\u00e7ons \u00e0 nous aimer les unes les autres et si nous restons unies en tant que filles, nous pouvons tout surmonter dans ce monde\u00a0\u00bb, a ajout\u00e9 Anelsia.<\/p>\n<p>\u00ab Cela fait du bien d\u2019aider d\u2019autres filles \u00bb, a d\u00e9clar\u00e9 Mihlali. \u00ab Les filles sont consid\u00e9r\u00e9es comme des personnes qui doivent \u00eatre ob\u00e9issantes ; elles ne font pas ce qu\u2019elles veulent, elles font ce qu\u2019on leur dit. Les filles ne sont tout simplement pas libres en Afrique du Sud \u00bb. Son r\u00eave est que l\u2019Afrique du Sud devienne un endroit s\u00fbr o\u00f9 toutes les filles puissent vivre de mani\u00e8re \u00e9quitable, sans violences sexistes.<\/p>\n<h3><strong>Agir contre le changement climatique<\/strong><\/h3>\n<p>\u00c0 la fronti\u00e8re du Cap, la commune de Khayelitsha s\u2019\u00e9tend sur les Cape Flats, une r\u00e9gion connue pour ses vents violents et ses terres s\u00e8ches et arides. La population actuelle est d\u2019environ <a href=\"https:\/\/www.sikhulasonke.org.za\/about-khayelitsha.html\">2,4 millions d\u2019habitants<\/a>. Des milliers de constructions clandestines, principalement en t\u00f4le, brillent sous le soleil d\u2019\u00e9t\u00e9. C\u2019est ici que certaines des plus anciennes in\u00e9galit\u00e9s d\u2019Afrique du Sud sont les plus apparentes.<\/p>\n<p>Il y a plusieurs si\u00e8cles, les r\u00e9gions autour du Cap, y compris Khayelitsha, abritaient des terres agricoles, des vergers et des vignobles. Mais les d\u00e9placements de populations entrain\u00e9s par l\u2019apartheid ont fait disparaitre ces ressources naturelles. Aujourd\u2019hui, Khayelitsha a une forte densit\u00e9 d\u00e9mographique et ne dispose pas des ressources et des infrastructures n\u00e9cessaires pour subvenir aux besoins d\u2019une population en pleine expansion. \u00c0 l\u2019origine, la zone devait abriter 200 000 personnes. \u00a0Mais rapidement, la population a atteint 400 000 personnes en 2005, puis <a href=\"https:\/\/www.sikhulasonke.org.za\/about-khayelitsha.html\">a ensuite explos\u00e9 pour atteindre 2,4 millions de personnes en 2020<\/a>. Parmi cette population, on estime que pour avoir acc\u00e8s \u00e0 l\u2019eau potable, <a href=\"https:\/\/borgenproject.org\/life-inside-worlds-largest-slums\/\">une personne sur trois doit parcourir au moins 200 m\u00e8tres<\/a>, voire plus.<\/p>\n<p>Pour Othembele Dyantyi, Khayelitsha est sa maison et c\u2019est pourquoi elle est d\u00e9termin\u00e9e \u00e0 changer les choses.<\/p>\n<div id=\"attachment_157248\" class=\"wp-caption aligncenter\" style=\"width: 724px\"><img loading=\"lazy\" decoding=\"async\" class=\"wp-image-157248 size-full\" src=\"https:\/\/cdn.one.org\/fr\/wp-content\/uploads\/2021\/10\/12081436\/1200x628_Photos-of-Othembele-Dyanthi-thanks-to-Earth-Child-Project-1-640x335.jpeg\" alt=\"\" width=\"714\" height=\"374\" aria-describedby=\"caption-attachment-157248\" \/><\/p>\n<p id=\"caption-attachment-157248\" class=\"wp-caption-text\">Cr\u00e9dit photo : Earth Child Project<\/p>\n<\/div>\n<p>\u00ab\u00a0Je vis dans une communaut\u00e9 marginalis\u00e9e et peu valoris\u00e9e\u00a0\u00bb, a d\u00e9clar\u00e9 Othembele. \u00ab\u00a0Si un arbre pousse dans le quartier, il est imm\u00e9diatement abattu pour faire un braai [griller ou r\u00f4tir] et construire des habitations. Nous n\u2019appr\u00e9cions pas \u00e0 leur juste valeur les ressources que nous avons.\u00a0\u00bb<\/p>\n<p>\u00c0 seulement 13 ans, Othembele est une fervente militante pour la justice climatique. Elle a cr\u00e9\u00e9 et co-dirige un club \u00e9cologiste dans son \u00e9cole afin d\u2019inciter ses camarades de classe \u00e0 s\u2019engager en faveur de la justice climatique en commen\u00e7ant par des petites actions, de petits changements dans leurs foyers et leurs communaut\u00e9s. \u00ab\u00a0Je veux sensibiliser \u00e0 l\u2019amour de la nature dans ma communaut\u00e9\u00a0\u00bb, a-t-elle d\u00e9clar\u00e9. \u00ab\u00a0Je vais d\u00e9fendre les voix de ma communaut\u00e9 parce que j\u2019ai directement v\u00e9cu et subi le changement climatique. Nous, les communaut\u00e9s marginalis\u00e9es, en faisons davantage l\u2019exp\u00e9rience\u00a0\u00bb, a-t-elle expliqu\u00e9, en prenant pour exemple <a href=\"https:\/\/www.sciencedirect.com\/science\/article\/pii\/S1877050918319963#:~:text=Cape%20Town%20was%20declared%20a,Cape%20Town's%20~3.8%20million%20population.\">les s\u00e9cheresses de 2017<\/a>.<\/p>\n<p>Othembele a commenc\u00e9 \u00e0 militer contre le changement climatique \u00e0 l\u2019\u00e2ge de 10 ans, lorsqu\u2019elle a rejoint les Khayelitsha Eco Warriors. Aujourd\u2019hui, elle est membre de l\u2019African Climate Alliance (ACA), un mouvement de jeunes qui luttent pour la justice sociale et \u00e9cologique. \u00ab\u00a0\u00catre \u00e0 la t\u00eate de manifestations de l\u2019ACA et \u00eatre la porte-parole des jeunes marginalis\u00e9s dont les voix ne sont pas \u00e9cout\u00e9es a \u00e9t\u00e9 un privil\u00e8ge pour moi \u00bb, a-t-elle d\u00e9clar\u00e9.<\/p>\n<p>\u00c0 la maison, elle op\u00e8re de petits changements graduels, comme cr\u00e9er son propre potager, faire du compost et d\u00e9velopper des habitudes avec sa famille, comme les lundis sans viande.<\/p>\n<div id=\"attachment_157247\" class=\"wp-caption aligncenter\" style=\"width: 603px\"><img loading=\"lazy\" decoding=\"async\" class=\"wp-image-157247 size-large\" src=\"https:\/\/cdn.one.org\/fr\/wp-content\/uploads\/2021\/10\/12081430\/1200x628_Photos-of-Othembele-Dyanthi-thanks-to-Earth-Child-Project-2-1-640x335.jpeg\" alt=\"\" width=\"593\" height=\"310\" aria-describedby=\"caption-attachment-157247\" \/><\/p>\n<p id=\"caption-attachment-157247\" class=\"wp-caption-text\">Cr\u00e9dit photo : Earth Child Project<\/p>\n<\/div>\n<p>D\u2019apr\u00e8s elle, \u00ab\u00a0pour devenir activiste, il faut que \u00e7a commence dans votre c\u0153ur. Vous devez commencer \u00e0 faire des choses \u00e0 la maison comme planter vos propres l\u00e9gumes, ramasser les d\u00e9chets, m\u00eame si ce ne sont pas les v\u00f4tres, recycler, <a href=\"https:\/\/www.ecobricks.org\/how\/\">fabriquer des \u00e9cobriques<\/a>, faire du jardinage \u00e0 la maison, \u00e9conomiser l\u2019eau et faire du compost\u00a0\u00bb.<\/p>\n<h3><strong>Il n\u2019y a pas d\u2019\u00e2ge pour prendre position<\/strong><\/h3>\n<p>Les histoires d\u2019Othembele, Ingrid, Enersh, Nashieka, Mihlali, Inam et Anelisa sont la preuve qu\u2019il n\u2019y a pas d\u2019\u00e2ge pour commencer \u00e0 agir. Si on leur permet d\u2019acqu\u00e9rir les bonnes comp\u00e9tences et qu\u2019on leur donne acc\u00e8s aux bonnes opportunit\u00e9s, ces filles ont le pouvoir de transformer l\u2019Afrique du Sud, le continent tout entier\u2026 et m\u00eame le monde\u00a0!<\/p>\n<p>Pour Othembele, \u00ab\u00a0en tant ques filles, on est capable de tout si on s\u2019en donne les moyens et que l\u2019on se montre d\u00e9termin\u00e9es. Vous pouvez \u00eatre \u00e0 l\u2019origine de n\u2019importe quel changement si vous y croyez et si vous faites tout votre possible pour y arriver. Gr\u00e2ce \u00e0 des filles comme moi, il peut r\u00e9ellement en \u00eatre autrement \u00e0 l\u2019avenir.\u00a0\u00bb<\/p>\n<div class=\"buffer\"><\/div>","protected":false},"excerpt":{"rendered":"<p>Pour voir se dessiner un avenir meilleur, les jeunes activistes savent qu\u2019ils ne peuvent pas attendre demain pour commencer \u00e0 changer le monde. C\u2019est maintenant qu\u2019il faut agir. Et c\u2019est exactement ce que sept jeunes filles ont d\u00e9cid\u00e9 de faire, en Afrique du Sud. Par le biais de l\u2019\u00e9ducation, de l\u2019action climatique et de la [&hellip;]<\/p>\n","protected":false},"author":24,"featured_media":163057,"comment_status":"open","ping_status":"open","sticky":false,"template":"","format":"standard","meta":{"_acf_changed":false,"_relevanssi_hide_post":"","_relevanssi_hide_content":"","_relevanssi_pin_for_all":"","_relevanssi_pin_keywords":"","_relevanssi_unpin_keywords":"","_relevanssi_related_keywords":"","_relevanssi_related_include_ids":"","_relevanssi_related_exclude_ids":"","_relevanssi_related_no_append":"","_relevanssi_related_not_related":"","_relevanssi_related_posts":"163706,163644,163639,163579,163519,162677","_relevanssi_noindex_reason":"","footnotes":""},"categories":[34],"tags":[],"topic":[36],"contributor":[79],"one_content_audience":[],"one_content_type":[],"one_content_tone":[],"class_list":["post-162507","post","type-post","status-publish","format-standard","has-post-thumbnail","hentry","category-one","topic-les-femmes-et-les-filles","contributor-megan-gieske"],"acf":[],"yoast_head":"<!-- This site is optimized with the Yoast SEO Premium plugin v27.1 (Yoast SEO v27.1.1) - https:\/\/yoast.com\/product\/yoast-seo-premium-wordpress\/ -->\n<title>Ces filles sont la preuve qu\u2019il n\u2019y a pas d\u2019\u00e2ge pour changer le monde - ONE.org France<\/title>\n<meta name=\"description\" content=\"D\u00e9couvrez l&#039;histoire de 7 jeunes activistes d&#039;Afrique du Sud qui se mobilisent pour l&#039;avenir du pays et exigent un changement imm\u00e9diat.\" \/>\n<meta name=\"robots\" content=\"index, follow, max-snippet:-1, max-image-preview:large, max-video-preview:-1\" \/>\n<link rel=\"canonical\" href=\"https:\/\/www.one.org\/fr\/actualites\/jeunes-filles-activistes-afrique-du-sud\/\" \/>\n<meta property=\"og:locale\" content=\"fr_FR\" \/>\n<meta property=\"og:type\" content=\"article\" \/>\n<meta property=\"og:title\" content=\"Ces filles sont la preuve qu\u2019il n\u2019y a pas d\u2019\u00e2ge pour changer le monde\" \/>\n<meta property=\"og:description\" content=\"D\u00e9couvrez l&#039;histoire de 7 jeunes activistes d&#039;Afrique du Sud qui se mobilisent pour l&#039;avenir du pays et exigent un changement imm\u00e9diat.\" \/>\n<meta property=\"og:url\" content=\"https:\/\/www.one.org\/fr\/actualites\/jeunes-filles-activistes-afrique-du-sud\/\" \/>\n<meta property=\"og:site_name\" content=\"ONE.org France\" \/>\n<meta property=\"article:publisher\" content=\"https:\/\/www.facebook.com\/ONE.Fr\" \/>\n<meta property=\"article:published_time\" content=\"2021-10-11T09:54:11+00:00\" \/>\n<meta property=\"article:modified_time\" content=\"2023-10-23T09:42:50+00:00\" \/>\n<meta property=\"og:image\" content=\"https:\/\/www.one.org\/fr\/wp-content\/uploads\/sites\/4\/2021\/10\/1201157314685961.zmYMWi4Xd1odMHbuWjOV_height640.png\" \/>\n\t<meta property=\"og:image:width\" content=\"480\" \/>\n\t<meta property=\"og:image:height\" content=\"480\" \/>\n\t<meta property=\"og:image:type\" content=\"image\/png\" \/>\n<meta name=\"author\" content=\"Dana Khalil\" \/>\n<meta name=\"twitter:card\" content=\"summary_large_image\" \/>\n<meta name=\"twitter:creator\" content=\"@one_fr\" \/>\n<meta name=\"twitter:site\" content=\"@one_fr\" \/>\n<meta name=\"twitter:label1\" content=\"Written by\" \/>\n\t<meta name=\"twitter:data1\" content=\"Dana Khalil\" \/>\n\t<meta name=\"twitter:label2\" content=\"Est. reading time\" \/>\n\t<meta name=\"twitter:data2\" content=\"10 minutes\" \/>\n<script type=\"application\/ld+json\" class=\"yoast-schema-graph\">{\"@context\":\"https:\/\/schema.org\",\"@graph\":[{\"@type\":\"Article\",\"@id\":\"https:\/\/www.one.org\/fr\/actualites\/jeunes-filles-activistes-afrique-du-sud\/#article\",\"isPartOf\":{\"@id\":\"https:\/\/www.one.org\/fr\/actualites\/jeunes-filles-activistes-afrique-du-sud\/\"},\"author\":{\"name\":\"Dana Khalil\",\"@id\":\"https:\/\/www.one.org\/fr\/#\/schema\/person\/cf1f30f9800f0592ec3d61940be82003\"},\"headline\":\"Ces filles sont la preuve qu\u2019il n\u2019y a pas d\u2019\u00e2ge pour changer le monde\",\"datePublished\":\"2021-10-11T09:54:11+00:00\",\"dateModified\":\"2023-10-23T09:42:50+00:00\",\"mainEntityOfPage\":{\"@id\":\"https:\/\/www.one.org\/fr\/actualites\/jeunes-filles-activistes-afrique-du-sud\/\"},\"wordCount\":2082,\"commentCount\":0,\"image\":{\"@id\":\"https:\/\/www.one.org\/fr\/actualites\/jeunes-filles-activistes-afrique-du-sud\/#primaryimage\"},\"thumbnailUrl\":\"https:\/\/www.one.org\/fr\/wp-content\/uploads\/sites\/4\/2021\/10\/1201157314685961.zmYMWi4Xd1odMHbuWjOV_height640.png\",\"articleSection\":[\"ONE\"],\"inLanguage\":\"fr-FR\",\"potentialAction\":[{\"@type\":\"CommentAction\",\"name\":\"Comment\",\"target\":[\"https:\/\/www.one.org\/fr\/actualites\/jeunes-filles-activistes-afrique-du-sud\/#respond\"]}]},{\"@type\":\"WebPage\",\"@id\":\"https:\/\/www.one.org\/fr\/actualites\/jeunes-filles-activistes-afrique-du-sud\/\",\"url\":\"https:\/\/www.one.org\/fr\/actualites\/jeunes-filles-activistes-afrique-du-sud\/\",\"name\":\"Ces filles sont la preuve qu\u2019il n\u2019y a pas d\u2019\u00e2ge pour changer le monde - ONE.org France\",\"isPartOf\":{\"@id\":\"https:\/\/www.one.org\/fr\/#website\"},\"primaryImageOfPage\":{\"@id\":\"https:\/\/www.one.org\/fr\/actualites\/jeunes-filles-activistes-afrique-du-sud\/#primaryimage\"},\"image\":{\"@id\":\"https:\/\/www.one.org\/fr\/actualites\/jeunes-filles-activistes-afrique-du-sud\/#primaryimage\"},\"thumbnailUrl\":\"https:\/\/www.one.org\/fr\/wp-content\/uploads\/sites\/4\/2021\/10\/1201157314685961.zmYMWi4Xd1odMHbuWjOV_height640.png\",\"datePublished\":\"2021-10-11T09:54:11+00:00\",\"dateModified\":\"2023-10-23T09:42:50+00:00\",\"author\":{\"@id\":\"https:\/\/www.one.org\/fr\/#\/schema\/person\/cf1f30f9800f0592ec3d61940be82003\"},\"description\":\"D\u00e9couvrez l'histoire de 7 jeunes activistes d'Afrique du Sud qui se mobilisent pour l'avenir du pays et exigent un changement imm\u00e9diat.\",\"breadcrumb\":{\"@id\":\"https:\/\/www.one.org\/fr\/actualites\/jeunes-filles-activistes-afrique-du-sud\/#breadcrumb\"},\"inLanguage\":\"fr-FR\",\"potentialAction\":[{\"@type\":\"ReadAction\",\"target\":[\"https:\/\/www.one.org\/fr\/actualites\/jeunes-filles-activistes-afrique-du-sud\/\"]}]},{\"@type\":\"ImageObject\",\"inLanguage\":\"fr-FR\",\"@id\":\"https:\/\/www.one.org\/fr\/actualites\/jeunes-filles-activistes-afrique-du-sud\/#primaryimage\",\"url\":\"https:\/\/www.one.org\/fr\/wp-content\/uploads\/sites\/4\/2021\/10\/1201157314685961.zmYMWi4Xd1odMHbuWjOV_height640.png\",\"contentUrl\":\"https:\/\/www.one.org\/fr\/wp-content\/uploads\/sites\/4\/2021\/10\/1201157314685961.zmYMWi4Xd1odMHbuWjOV_height640.png\",\"width\":480,\"height\":480},{\"@type\":\"BreadcrumbList\",\"@id\":\"https:\/\/www.one.org\/fr\/actualites\/jeunes-filles-activistes-afrique-du-sud\/#breadcrumb\",\"itemListElement\":[{\"@type\":\"ListItem\",\"position\":1,\"name\":\"Home\",\"item\":\"https:\/\/www.one.org\/fr\/\"},{\"@type\":\"ListItem\",\"position\":2,\"name\":\"Ces filles sont la preuve qu\u2019il n\u2019y a pas d\u2019\u00e2ge pour changer le monde\"}]},{\"@type\":\"WebSite\",\"@id\":\"https:\/\/www.one.org\/fr\/#website\",\"url\":\"https:\/\/www.one.org\/fr\/\",\"name\":\"ONE.org\",\"description\":\"Cr\u00e9er des opportunit\u00e9s \u00e9conomiques et am\u00e9liorer la sant\u00e9 en Afrique\",\"potentialAction\":[{\"@type\":\"SearchAction\",\"target\":{\"@type\":\"EntryPoint\",\"urlTemplate\":\"https:\/\/www.one.org\/fr\/?s={search_term_string}\"},\"query-input\":{\"@type\":\"PropertyValueSpecification\",\"valueRequired\":true,\"valueName\":\"search_term_string\"}}],\"inLanguage\":\"fr-FR\"},{\"@type\":\"Person\",\"@id\":\"https:\/\/www.one.org\/fr\/#\/schema\/person\/cf1f30f9800f0592ec3d61940be82003\",\"name\":\"Dana Khalil\",\"image\":{\"@type\":\"ImageObject\",\"inLanguage\":\"fr-FR\",\"@id\":\"https:\/\/www.one.org\/fr\/#\/schema\/person\/image\/\",\"url\":\"https:\/\/secure.gravatar.com\/avatar\/b0da536f00ccefadcc7aae4e64855977a5249adb1ac04162a69474e53a8d4c40?s=96&d=mm&r=g\",\"contentUrl\":\"https:\/\/secure.gravatar.com\/avatar\/b0da536f00ccefadcc7aae4e64855977a5249adb1ac04162a69474e53a8d4c40?s=96&d=mm&r=g\",\"caption\":\"Dana Khalil\"},\"url\":\"https:\/\/www.one.org\/fr\/actualites\/author\/danakhalil\/\"}]}<\/script>\n<!-- \/ Yoast SEO Premium plugin. -->","yoast_head_json":{"title":"Ces filles sont la preuve qu\u2019il n\u2019y a pas d\u2019\u00e2ge pour changer le monde - ONE.org France","description":"D\u00e9couvrez l'histoire de 7 jeunes activistes d'Afrique du Sud qui se mobilisent pour l'avenir du pays et exigent un changement imm\u00e9diat.","robots":{"index":"index","follow":"follow","max-snippet":"max-snippet:-1","max-image-preview":"max-image-preview:large","max-video-preview":"max-video-preview:-1"},"canonical":"https:\/\/www.one.org\/fr\/actualites\/jeunes-filles-activistes-afrique-du-sud\/","og_locale":"fr_FR","og_type":"article","og_title":"Ces filles sont la preuve qu\u2019il n\u2019y a pas d\u2019\u00e2ge pour changer le monde","og_description":"D\u00e9couvrez l'histoire de 7 jeunes activistes d'Afrique du Sud qui se mobilisent pour l'avenir du pays et exigent un changement imm\u00e9diat.","og_url":"https:\/\/www.one.org\/fr\/actualites\/jeunes-filles-activistes-afrique-du-sud\/","og_site_name":"ONE.org France","article_publisher":"https:\/\/www.facebook.com\/ONE.Fr","article_published_time":"2021-10-11T09:54:11+00:00","article_modified_time":"2023-10-23T09:42:50+00:00","og_image":[{"width":480,"height":480,"url":"https:\/\/www.one.org\/fr\/wp-content\/uploads\/sites\/4\/2021\/10\/1201157314685961.zmYMWi4Xd1odMHbuWjOV_height640.png","type":"image\/png"}],"author":"Dana Khalil","twitter_card":"summary_large_image","twitter_creator":"@one_fr","twitter_site":"@one_fr","twitter_misc":{"Written by":"Dana Khalil","Est. reading time":"10 minutes"},"schema":{"@context":"https:\/\/schema.org","@graph":[{"@type":"Article","@id":"https:\/\/www.one.org\/fr\/actualites\/jeunes-filles-activistes-afrique-du-sud\/#article","isPartOf":{"@id":"https:\/\/www.one.org\/fr\/actualites\/jeunes-filles-activistes-afrique-du-sud\/"},"author":{"name":"Dana Khalil","@id":"https:\/\/www.one.org\/fr\/#\/schema\/person\/cf1f30f9800f0592ec3d61940be82003"},"headline":"Ces filles sont la preuve qu\u2019il n\u2019y a pas d\u2019\u00e2ge pour changer le monde","datePublished":"2021-10-11T09:54:11+00:00","dateModified":"2023-10-23T09:42:50+00:00","mainEntityOfPage":{"@id":"https:\/\/www.one.org\/fr\/actualites\/jeunes-filles-activistes-afrique-du-sud\/"},"wordCount":2082,"commentCount":0,"image":{"@id":"https:\/\/www.one.org\/fr\/actualites\/jeunes-filles-activistes-afrique-du-sud\/#primaryimage"},"thumbnailUrl":"https:\/\/www.one.org\/fr\/wp-content\/uploads\/sites\/4\/2021\/10\/1201157314685961.zmYMWi4Xd1odMHbuWjOV_height640.png","articleSection":["ONE"],"inLanguage":"fr-FR","potentialAction":[{"@type":"CommentAction","name":"Comment","target":["https:\/\/www.one.org\/fr\/actualites\/jeunes-filles-activistes-afrique-du-sud\/#respond"]}]},{"@type":"WebPage","@id":"https:\/\/www.one.org\/fr\/actualites\/jeunes-filles-activistes-afrique-du-sud\/","url":"https:\/\/www.one.org\/fr\/actualites\/jeunes-filles-activistes-afrique-du-sud\/","name":"Ces filles sont la preuve qu\u2019il n\u2019y a pas d\u2019\u00e2ge pour changer le monde - ONE.org France","isPartOf":{"@id":"https:\/\/www.one.org\/fr\/#website"},"primaryImageOfPage":{"@id":"https:\/\/www.one.org\/fr\/actualites\/jeunes-filles-activistes-afrique-du-sud\/#primaryimage"},"image":{"@id":"https:\/\/www.one.org\/fr\/actualites\/jeunes-filles-activistes-afrique-du-sud\/#primaryimage"},"thumbnailUrl":"https:\/\/www.one.org\/fr\/wp-content\/uploads\/sites\/4\/2021\/10\/1201157314685961.zmYMWi4Xd1odMHbuWjOV_height640.png","datePublished":"2021-10-11T09:54:11+00:00","dateModified":"2023-10-23T09:42:50+00:00","author":{"@id":"https:\/\/www.one.org\/fr\/#\/schema\/person\/cf1f30f9800f0592ec3d61940be82003"},"description":"D\u00e9couvrez l'histoire de 7 jeunes activistes d'Afrique du Sud qui se mobilisent pour l'avenir du pays et exigent un changement imm\u00e9diat.","breadcrumb":{"@id":"https:\/\/www.one.org\/fr\/actualites\/jeunes-filles-activistes-afrique-du-sud\/#breadcrumb"},"inLanguage":"fr-FR","potentialAction":[{"@type":"ReadAction","target":["https:\/\/www.one.org\/fr\/actualites\/jeunes-filles-activistes-afrique-du-sud\/"]}]},{"@type":"ImageObject","inLanguage":"fr-FR","@id":"https:\/\/www.one.org\/fr\/actualites\/jeunes-filles-activistes-afrique-du-sud\/#primaryimage","url":"https:\/\/www.one.org\/fr\/wp-content\/uploads\/sites\/4\/2021\/10\/1201157314685961.zmYMWi4Xd1odMHbuWjOV_height640.png","contentUrl":"https:\/\/www.one.org\/fr\/wp-content\/uploads\/sites\/4\/2021\/10\/1201157314685961.zmYMWi4Xd1odMHbuWjOV_height640.png","width":480,"height":480},{"@type":"BreadcrumbList","@id":"https:\/\/www.one.org\/fr\/actualites\/jeunes-filles-activistes-afrique-du-sud\/#breadcrumb","itemListElement":[{"@type":"ListItem","position":1,"name":"Home","item":"https:\/\/www.one.org\/fr\/"},{"@type":"ListItem","position":2,"name":"Ces filles sont la preuve qu\u2019il n\u2019y a pas d\u2019\u00e2ge pour changer le monde"}]},{"@type":"WebSite","@id":"https:\/\/www.one.org\/fr\/#website","url":"https:\/\/www.one.org\/fr\/","name":"ONE.org","description":"Cr\u00e9er des opportunit\u00e9s \u00e9conomiques et am\u00e9liorer la sant\u00e9 en Afrique","potentialAction":[{"@type":"SearchAction","target":{"@type":"EntryPoint","urlTemplate":"https:\/\/www.one.org\/fr\/?s={search_term_string}"},"query-input":{"@type":"PropertyValueSpecification","valueRequired":true,"valueName":"search_term_string"}}],"inLanguage":"fr-FR"},{"@type":"Person","@id":"https:\/\/www.one.org\/fr\/#\/schema\/person\/cf1f30f9800f0592ec3d61940be82003","name":"Dana Khalil","image":{"@type":"ImageObject","inLanguage":"fr-FR","@id":"https:\/\/www.one.org\/fr\/#\/schema\/person\/image\/","url":"https:\/\/secure.gravatar.com\/avatar\/b0da536f00ccefadcc7aae4e64855977a5249adb1ac04162a69474e53a8d4c40?s=96&d=mm&r=g","contentUrl":"https:\/\/secure.gravatar.com\/avatar\/b0da536f00ccefadcc7aae4e64855977a5249adb1ac04162a69474e53a8d4c40?s=96&d=mm&r=g","caption":"Dana Khalil"},"url":"https:\/\/www.one.org\/fr\/actualites\/author\/danakhalil\/"}]}},"distributor_meta":false,"distributor_terms":false,"distributor_media":false,"distributor_original_site_name":"ONE.org France","distributor_original_site_url":"https:\/\/www.one.org\/fr","push-errors":false,"_links":{"self":[{"href":"https:\/\/www.one.org\/fr\/wp-json\/wp\/v2\/posts\/162507","targetHints":{"allow":["GET"]}}],"collection":[{"href":"https:\/\/www.one.org\/fr\/wp-json\/wp\/v2\/posts"}],"about":[{"href":"https:\/\/www.one.org\/fr\/wp-json\/wp\/v2\/types\/post"}],"author":[{"embeddable":true,"href":"https:\/\/www.one.org\/fr\/wp-json\/wp\/v2\/users\/24"}],"replies":[{"embeddable":true,"href":"https:\/\/www.one.org\/fr\/wp-json\/wp\/v2\/comments?post=162507"}],"version-history":[{"count":0,"href":"https:\/\/www.one.org\/fr\/wp-json\/wp\/v2\/posts\/162507\/revisions"}],"wp:featuredmedia":[{"embeddable":true,"href":"https:\/\/www.one.org\/fr\/wp-json\/wp\/v2\/media\/163057"}],"wp:attachment":[{"href":"https:\/\/www.one.org\/fr\/wp-json\/wp\/v2\/media?parent=162507"}],"wp:term":[{"taxonomy":"category","embeddable":true,"href":"https:\/\/www.one.org\/fr\/wp-json\/wp\/v2\/categories?post=162507"},{"taxonomy":"post_tag","embeddable":true,"href":"https:\/\/www.one.org\/fr\/wp-json\/wp\/v2\/tags?post=162507"},{"taxonomy":"topic","embeddable":true,"href":"https:\/\/www.one.org\/fr\/wp-json\/wp\/v2\/topic?post=162507"},{"taxonomy":"contributor","embeddable":true,"href":"https:\/\/www.one.org\/fr\/wp-json\/wp\/v2\/contributor?post=162507"},{"taxonomy":"one_content_audience","embeddable":true,"href":"https:\/\/www.one.org\/fr\/wp-json\/wp\/v2\/one_content_audience?post=162507"},{"taxonomy":"one_content_type","embeddable":true,"href":"https:\/\/www.one.org\/fr\/wp-json\/wp\/v2\/one_content_type?post=162507"},{"taxonomy":"one_content_tone","embeddable":true,"href":"https:\/\/www.one.org\/fr\/wp-json\/wp\/v2\/one_content_tone?post=162507"}],"curies":[{"name":"wp","href":"https:\/\/api.w.org\/{rel}","templated":true}]}}