{"id":162505,"date":"2021-10-05T15:31:49","date_gmt":"2021-10-05T15:31:49","guid":{"rendered":"https:\/\/www.one.org\/fr\/justice-climatique-une-priorite-contre-les-inegalites\/"},"modified":"2023-09-11T20:53:25","modified_gmt":"2023-09-11T20:53:25","slug":"justice-climatique-une-priorite-contre-les-inegalites","status":"publish","type":"post","link":"https:\/\/www.one.org\/fr\/actualites\/justice-climatique-une-priorite-contre-les-inegalites\/","title":{"rendered":"Justice climatique : une priorit\u00e9 contre les in\u00e9galit\u00e9s"},"content":{"rendered":"<h1><strong>Justice climatique : &eacute;coutons les personnes les plus touch&eacute;es par le changement climatique <\/strong><\/h1>\n<p>Si l&rsquo;expression &laquo;&nbsp;<strong>Justice climatique<\/strong>&nbsp;&raquo; est de plus en plus pr&eacute;sente dans les m&eacute;dias, il convient de rappeler que cette notion est r&eacute;cente, et qu&rsquo;elle renvoie aux cons&eacute;quences in&eacute;galitaires du changement&nbsp;climatique. Ainsi, le changement climatique pose de d&eacute;licates questions : &agrave; qui revient la responsabilit&eacute; morale et juridique des impacts du changement climatique ? Comment venir en aide aux populations touch&eacute;es par le changement climatique ? Comment r&eacute;parer les d&eacute;g&acirc;ts li&eacute;s aux impacts du changement climatique ?<\/p>\n<p>La notion de justice climatique se traduit aujourd&rsquo;hui le plus souvent par des actions en&nbsp;justice&nbsp;men&eacute;es par des associations et collectifs citoyens contre des &Eacute;tats ou entreprises qui ne mettent pas en oeuvre les mesures politiques, sociales, &eacute;conomiques et environnementales qui pourraient permettre de r&eacute;duire le bouleversement des &eacute;quilibres &eacute;cologiques locaux et mondiaux.<\/p>\n<h2><strong>Les populations les plus pauvres plus durement touch&eacute;es par le COVID-19 <\/strong><\/h2>\n<p>Partout dans le monde, nous avons pu constater l&rsquo;ampleur du chaos et de la peur provoqu&eacute;s par un simple virus, mena&ccedil;ant la vie ainsi que les sources de revenus de nombreuses personnes et ravageant des &eacute;conomies enti&egrave;res. Comme c&rsquo;est bien trop souvent le cas, ce sont les plus pauvres et les plus vuln&eacute;rables qui ont le plus souffert de cette crise. Pour eux, la fin de la pand&eacute;mie de Covid-19 appara&icirc;t encore comme une perspective bien trop lointaine. Les &eacute;pid&eacute;mies font reculer drastiquement les efforts d&eacute;ploy&eacute;s pour atteindre les Objectifs de d&eacute;veloppement durable (ODD).Depuis le d&eacute;but de la crise du Covid-19, 100 millions de personnes suppl&eacute;mentaires sont venues s&rsquo;ajouter au compteur des populations qui souffrent d&rsquo;extr&ecirc;me pauvret&eacute; et des dizaines de millions d&rsquo;enfants ont &eacute;t&eacute; priv&eacute;s d&rsquo;enseignement scolaire.&nbsp;L&rsquo;&eacute;pid&eacute;mie a aussi entrav&eacute; dangereusement l&rsquo;acc&egrave;s aux tests et aux traitements contre le VIH\/sida, la tuberculose et le paludisme.<\/p>\n<h2><strong>Le changement climatique un acc&eacute;l&eacute;rateur de vuln&eacute;rabilit&eacute; <\/strong><\/h2>\n<p>Depuis des ann&eacute;es, un obstacle de taille se dresse sur notre chemin et impacte la mission de ONE&nbsp;: l&rsquo;acc&eacute;l&eacute;ration de la <strong>crise climatique<\/strong>. Elle n&rsquo;&eacute;pargne aucune communaut&eacute; et fa&ccedil;onne le monde qui va &ecirc;tre l&eacute;gu&eacute; aux g&eacute;n&eacute;rations futures. &Agrave; nouveau, les personnes les plus expos&eacute;es &agrave; cette menace sont celles qui vivent dans les pays les plus pauvres et les plus fragiles du monde, dans lesquels la crise climatique ne menace pas seulement les modes de vie, mais la vie elle-m&ecirc;me.<\/p>\n<p>Les r&eacute;gions expos&eacute;es &agrave; des p&eacute;nuries alimentaires, &agrave; la s&eacute;cheresse et &agrave; la famine se pr&eacute;parent &agrave; un avenir de plus en plus p&eacute;rilleux.&nbsp;Des personnes et des communaut&eacute;s enti&egrave;res vivent de l&rsquo;agriculture et d&eacute;pendent de leur environnement naturel&nbsp;pour g&eacute;n&eacute;rer leurs revenus. Leurs moyens de subsistance sont donc fortement menac&eacute;s.<\/p>\n<p>La concurrence croissante pour les ressources naturelles vitales repr&eacute;sente une nouvelle menace pour les pays fragiles. Les gouvernements qui ont d&eacute;j&agrave; du mal &agrave; fournir des services essentiels &agrave; leurs citoyens et citoyennes font face &agrave; des pressions financi&egrave;res encore plus fortes, &agrave; l&rsquo;heure o&ugrave; le monde entier est confront&eacute; aux <strong>cons&eacute;quences &eacute;conomiques du changement climatique<\/strong>.<\/p>\n<p>Aucun domaine de la vie ne sera &eacute;pargn&eacute;. La menace qui p&egrave;se sur le climat p&egrave;se &eacute;galement sur la sant&eacute; et la s&eacute;curit&eacute; mondiales, sur notre d&eacute;veloppement et notre prosp&eacute;rit&eacute; future, ainsi que sur les droits et libert&eacute;s individuels.<\/p>\n<h2><strong>Faire face ensemble aux in&eacute;galit&eacute;s g&eacute;n&eacute;r&eacute;es par l<\/strong>&rsquo;<strong>impact du changement climatique<\/strong><\/h2>\n<p>L&rsquo;injustice croissante est &eacute;norme et difficile &agrave; ignorer&nbsp;:les populations des pays pauvres et vuln&eacute;rables sont celles qui ont le moins contribu&eacute; au changement climatique et sont pourtant celles qui en p&acirc;tissent le plus.&nbsp;Au Sahel, les agriculteurs luttent contre le manque d&rsquo;eau dans leurs cultures, les p&ecirc;cheurs du Ghana soulignent la perte de pr&egrave;s de 50% de leurs prises, les familles du Mozambique ont perdu leur maison &agrave; cause des inondations et des cyclones.<\/p>\n<p>Face au changement climatique,nous ne pouvons plus nous permettre de laisser des pays &ndash; voire des continents entiers &ndash; sur le c&ocirc;t&eacute; lorsque nous sommes dans une &eacute;tape de reconstruction et de mise en place de nouvelles technologies &agrave; la suite d&rsquo;une crise.<\/p>\n<h2><strong>La justice climatique comme solution ?<\/strong><\/h2>\n<p>Nous devons veiller &agrave; ce que les personnes victimes du d&eacute;r&egrave;glement climatique soient activement &eacute;cout&eacute;es et correctement indemnis&eacute;es. <strong>La question de la justice climatique<\/strong> est une question de bon sens. Face &agrave; une crise qui menace l&rsquo;ensemble de l&rsquo;humanit&eacute;, la r&eacute;ponse &agrave; apporter implique que l&rsquo;ensemble de l&rsquo;humanit&eacute; face corps.&nbsp;Aucune solution ne sera efficace si elle n&rsquo;est pas mise en &oelig;uvre gr&acirc;ce &agrave; un partenariat et une collaboration sans pr&eacute;c&eacute;dent entre les pays, les communaut&eacute;s et les entreprises quelle que soit leur taille.<\/p>\n<p>Au niveau international, les pays ont tout int&eacute;r&ecirc;t &agrave; d&eacute;fendre la justice climatique et &agrave; montrer des aspirations globales afin de franchir des &eacute;tapes importantes en terme de lutte contre le changement climatique. La justice climatique doit permettre d&rsquo;inciter les pays, communaut&eacute;s et entreprises &agrave; respecter les Accords sur le climat sign&eacute;s comme celui de la COP21 ou &agrave; r&eacute;pondre de leurs actes.<\/p>\n<p>Ainsi, en soutenant le principe de justice climatique, nous nous mobilisons pour que les coupables d&rsquo;inactions face au changement climatique soient tenus responsables des ph&eacute;nom&egrave;nes climatiques extr&ecirc;mes&nbsp;qu&rsquo;ils engendrent. Chaque victime doit &ecirc;tre reconnue comme telle par la justice, et avoir la possibilit&eacute; d&rsquo;&ecirc;tre soutenue et indemnis&eacute;e. <strong>La justice &agrave; un r&ocirc;le primordial &agrave; jouer dans la lutte contre les impacts du changement climatique. <\/strong>Elle constitue un levier fort pour obliger les &eacute;tats et les entreprises &agrave; mettre en oeuvre les mesures en faveur du climat.<\/p>\n<p>Chez ONE, nous nous r&eacute;jouissons de travailler avec tous nos soutiens et partenaires pour faire en sorte que notre g&eacute;n&eacute;ration fasse le bon choix.<\/p>\n<div class=\"buffer\"><\/div>","protected":false},"excerpt":{"rendered":"<p>Justice climatique : &eacute;coutons les personnes les plus touch&eacute;es par le changement climatique Si l&rsquo;expression &laquo;&nbsp;Justice climatique&nbsp;&raquo; est de plus en plus pr&eacute;sente dans les m&eacute;dias, il convient de rappeler que cette notion est r&eacute;cente, et qu&rsquo;elle renvoie aux cons&eacute;quences in&eacute;galitaires du changement&nbsp;climatique. Ainsi, le changement climatique pose de d&eacute;licates questions : &agrave; qui revient [&hellip;]<\/p>\n","protected":false},"author":24,"featured_media":163061,"comment_status":"open","ping_status":"open","sticky":false,"template":"","format":"standard","meta":{"_acf_changed":false,"_relevanssi_hide_post":"","_relevanssi_hide_content":"","_relevanssi_pin_for_all":"","_relevanssi_pin_keywords":"","_relevanssi_unpin_keywords":"","_relevanssi_related_keywords":"","_relevanssi_related_include_ids":"","_relevanssi_related_exclude_ids":"","_relevanssi_related_no_append":"","_relevanssi_related_not_related":"","_relevanssi_related_posts":"","_relevanssi_noindex_reason":"","footnotes":""},"categories":[76],"tags":[],"topic":[39],"contributor":[53,33],"one_content_audience":[],"one_content_type":[],"one_content_tone":[],"class_list":["post-162505","post","type-post","status-publish","format-standard","has-post-thumbnail","hentry","category-campagnes","topic-changement-climatique","contributor-edwin-ikhuoria","contributor-one-france"],"acf":[],"yoast_head":"<!-- This site is optimized with the Yoast SEO Premium plugin v27.1 (Yoast SEO v27.1.1) - https:\/\/yoast.com\/product\/yoast-seo-premium-wordpress\/ -->\n<title>Justice climatique : une priorit\u00e9 contre les in\u00e9galit\u00e9s - ONE.org France<\/title>\n<meta name=\"description\" content=\"Comment instaurer une justice climatique ?\" \/>\n<meta name=\"robots\" content=\"index, follow, max-snippet:-1, max-image-preview:large, max-video-preview:-1\" \/>\n<link rel=\"canonical\" href=\"https:\/\/www.one.org\/fr\/actualites\/justice-climatique-une-priorite-contre-les-inegalites\/\" \/>\n<meta property=\"og:locale\" content=\"fr_FR\" \/>\n<meta property=\"og:type\" content=\"article\" \/>\n<meta property=\"og:title\" content=\"Justice climatique : une priorit\u00e9 contre les in\u00e9galit\u00e9s\" \/>\n<meta property=\"og:description\" content=\"Comment instaurer une justice climatique ?\" \/>\n<meta property=\"og:url\" content=\"https:\/\/www.one.org\/fr\/actualites\/justice-climatique-une-priorite-contre-les-inegalites\/\" \/>\n<meta property=\"og:site_name\" content=\"ONE.org France\" \/>\n<meta property=\"article:publisher\" content=\"https:\/\/www.facebook.com\/ONE.Fr\" \/>\n<meta property=\"article:published_time\" content=\"2021-10-05T15:31:49+00:00\" \/>\n<meta property=\"article:modified_time\" content=\"2023-09-11T20:53:25+00:00\" \/>\n<meta property=\"og:image\" content=\"https:\/\/www.one.org\/fr\/wp-content\/uploads\/sites\/4\/2021\/10\/Climate_2021_featured_pledge_1200x1200.jpg\" \/>\n\t<meta property=\"og:image:width\" content=\"1200\" \/>\n\t<meta property=\"og:image:height\" content=\"1200\" \/>\n\t<meta property=\"og:image:type\" content=\"image\/jpeg\" \/>\n<meta name=\"author\" content=\"Dana Khalil\" \/>\n<meta name=\"twitter:card\" content=\"summary_large_image\" \/>\n<meta name=\"twitter:creator\" content=\"@one_fr\" \/>\n<meta name=\"twitter:site\" content=\"@one_fr\" \/>\n<meta name=\"twitter:label1\" content=\"Written by\" \/>\n\t<meta name=\"twitter:data1\" content=\"Dana Khalil\" \/>\n\t<meta name=\"twitter:label2\" content=\"Est. reading time\" \/>\n\t<meta name=\"twitter:data2\" content=\"6 minutes\" \/>\n<script type=\"application\/ld+json\" class=\"yoast-schema-graph\">{\"@context\":\"https:\/\/schema.org\",\"@graph\":[{\"@type\":\"Article\",\"@id\":\"https:\/\/www.one.org\/fr\/actualites\/justice-climatique-une-priorite-contre-les-inegalites\/#article\",\"isPartOf\":{\"@id\":\"https:\/\/www.one.org\/fr\/actualites\/justice-climatique-une-priorite-contre-les-inegalites\/\"},\"author\":{\"name\":\"Dana Khalil\",\"@id\":\"https:\/\/www.one.org\/fr\/#\/schema\/person\/cf1f30f9800f0592ec3d61940be82003\"},\"headline\":\"Justice climatique : une priorit\u00e9 contre les in\u00e9galit\u00e9s\",\"datePublished\":\"2021-10-05T15:31:49+00:00\",\"dateModified\":\"2023-09-11T20:53:25+00:00\",\"mainEntityOfPage\":{\"@id\":\"https:\/\/www.one.org\/fr\/actualites\/justice-climatique-une-priorite-contre-les-inegalites\/\"},\"wordCount\":1240,\"commentCount\":0,\"image\":{\"@id\":\"https:\/\/www.one.org\/fr\/actualites\/justice-climatique-une-priorite-contre-les-inegalites\/#primaryimage\"},\"thumbnailUrl\":\"https:\/\/www.one.org\/fr\/wp-content\/uploads\/sites\/4\/2021\/10\/Climate_2021_featured_pledge_1200x1200.jpg\",\"articleSection\":[\"Campagnes\"],\"inLanguage\":\"fr-FR\",\"potentialAction\":[{\"@type\":\"CommentAction\",\"name\":\"Comment\",\"target\":[\"https:\/\/www.one.org\/fr\/actualites\/justice-climatique-une-priorite-contre-les-inegalites\/#respond\"]}]},{\"@type\":\"WebPage\",\"@id\":\"https:\/\/www.one.org\/fr\/actualites\/justice-climatique-une-priorite-contre-les-inegalites\/\",\"url\":\"https:\/\/www.one.org\/fr\/actualites\/justice-climatique-une-priorite-contre-les-inegalites\/\",\"name\":\"Justice climatique : une priorit\u00e9 contre les in\u00e9galit\u00e9s - ONE.org France\",\"isPartOf\":{\"@id\":\"https:\/\/www.one.org\/fr\/#website\"},\"primaryImageOfPage\":{\"@id\":\"https:\/\/www.one.org\/fr\/actualites\/justice-climatique-une-priorite-contre-les-inegalites\/#primaryimage\"},\"image\":{\"@id\":\"https:\/\/www.one.org\/fr\/actualites\/justice-climatique-une-priorite-contre-les-inegalites\/#primaryimage\"},\"thumbnailUrl\":\"https:\/\/www.one.org\/fr\/wp-content\/uploads\/sites\/4\/2021\/10\/Climate_2021_featured_pledge_1200x1200.jpg\",\"datePublished\":\"2021-10-05T15:31:49+00:00\",\"dateModified\":\"2023-09-11T20:53:25+00:00\",\"author\":{\"@id\":\"https:\/\/www.one.org\/fr\/#\/schema\/person\/cf1f30f9800f0592ec3d61940be82003\"},\"description\":\"Comment instaurer une justice climatique ?\",\"breadcrumb\":{\"@id\":\"https:\/\/www.one.org\/fr\/actualites\/justice-climatique-une-priorite-contre-les-inegalites\/#breadcrumb\"},\"inLanguage\":\"fr-FR\",\"potentialAction\":[{\"@type\":\"ReadAction\",\"target\":[\"https:\/\/www.one.org\/fr\/actualites\/justice-climatique-une-priorite-contre-les-inegalites\/\"]}]},{\"@type\":\"ImageObject\",\"inLanguage\":\"fr-FR\",\"@id\":\"https:\/\/www.one.org\/fr\/actualites\/justice-climatique-une-priorite-contre-les-inegalites\/#primaryimage\",\"url\":\"https:\/\/www.one.org\/fr\/wp-content\/uploads\/sites\/4\/2021\/10\/Climate_2021_featured_pledge_1200x1200.jpg\",\"contentUrl\":\"https:\/\/www.one.org\/fr\/wp-content\/uploads\/sites\/4\/2021\/10\/Climate_2021_featured_pledge_1200x1200.jpg\",\"width\":1200,\"height\":1200},{\"@type\":\"BreadcrumbList\",\"@id\":\"https:\/\/www.one.org\/fr\/actualites\/justice-climatique-une-priorite-contre-les-inegalites\/#breadcrumb\",\"itemListElement\":[{\"@type\":\"ListItem\",\"position\":1,\"name\":\"Home\",\"item\":\"https:\/\/www.one.org\/fr\/\"},{\"@type\":\"ListItem\",\"position\":2,\"name\":\"Justice climatique : une priorit\u00e9 contre les in\u00e9galit\u00e9s\"}]},{\"@type\":\"WebSite\",\"@id\":\"https:\/\/www.one.org\/fr\/#website\",\"url\":\"https:\/\/www.one.org\/fr\/\",\"name\":\"ONE.org\",\"description\":\"Cr\u00e9er des opportunit\u00e9s \u00e9conomiques et am\u00e9liorer la sant\u00e9 en Afrique\",\"potentialAction\":[{\"@type\":\"SearchAction\",\"target\":{\"@type\":\"EntryPoint\",\"urlTemplate\":\"https:\/\/www.one.org\/fr\/?s={search_term_string}\"},\"query-input\":{\"@type\":\"PropertyValueSpecification\",\"valueRequired\":true,\"valueName\":\"search_term_string\"}}],\"inLanguage\":\"fr-FR\"},{\"@type\":\"Person\",\"@id\":\"https:\/\/www.one.org\/fr\/#\/schema\/person\/cf1f30f9800f0592ec3d61940be82003\",\"name\":\"Dana Khalil\",\"image\":{\"@type\":\"ImageObject\",\"inLanguage\":\"fr-FR\",\"@id\":\"https:\/\/www.one.org\/fr\/#\/schema\/person\/image\/\",\"url\":\"https:\/\/secure.gravatar.com\/avatar\/b0da536f00ccefadcc7aae4e64855977a5249adb1ac04162a69474e53a8d4c40?s=96&d=mm&r=g\",\"contentUrl\":\"https:\/\/secure.gravatar.com\/avatar\/b0da536f00ccefadcc7aae4e64855977a5249adb1ac04162a69474e53a8d4c40?s=96&d=mm&r=g\",\"caption\":\"Dana Khalil\"},\"url\":\"https:\/\/www.one.org\/fr\/actualites\/author\/danakhalil\/\"}]}<\/script>\n<!-- \/ Yoast SEO Premium plugin. -->","yoast_head_json":{"title":"Justice climatique : une priorit\u00e9 contre les in\u00e9galit\u00e9s - ONE.org France","description":"Comment instaurer une justice climatique ?","robots":{"index":"index","follow":"follow","max-snippet":"max-snippet:-1","max-image-preview":"max-image-preview:large","max-video-preview":"max-video-preview:-1"},"canonical":"https:\/\/www.one.org\/fr\/actualites\/justice-climatique-une-priorite-contre-les-inegalites\/","og_locale":"fr_FR","og_type":"article","og_title":"Justice climatique : une priorit\u00e9 contre les in\u00e9galit\u00e9s","og_description":"Comment instaurer une justice climatique ?","og_url":"https:\/\/www.one.org\/fr\/actualites\/justice-climatique-une-priorite-contre-les-inegalites\/","og_site_name":"ONE.org France","article_publisher":"https:\/\/www.facebook.com\/ONE.Fr","article_published_time":"2021-10-05T15:31:49+00:00","article_modified_time":"2023-09-11T20:53:25+00:00","og_image":[{"width":1200,"height":1200,"url":"https:\/\/www.one.org\/fr\/wp-content\/uploads\/sites\/4\/2021\/10\/Climate_2021_featured_pledge_1200x1200.jpg","type":"image\/jpeg"}],"author":"Dana Khalil","twitter_card":"summary_large_image","twitter_creator":"@one_fr","twitter_site":"@one_fr","twitter_misc":{"Written by":"Dana Khalil","Est. reading time":"6 minutes"},"schema":{"@context":"https:\/\/schema.org","@graph":[{"@type":"Article","@id":"https:\/\/www.one.org\/fr\/actualites\/justice-climatique-une-priorite-contre-les-inegalites\/#article","isPartOf":{"@id":"https:\/\/www.one.org\/fr\/actualites\/justice-climatique-une-priorite-contre-les-inegalites\/"},"author":{"name":"Dana Khalil","@id":"https:\/\/www.one.org\/fr\/#\/schema\/person\/cf1f30f9800f0592ec3d61940be82003"},"headline":"Justice climatique : une priorit\u00e9 contre les in\u00e9galit\u00e9s","datePublished":"2021-10-05T15:31:49+00:00","dateModified":"2023-09-11T20:53:25+00:00","mainEntityOfPage":{"@id":"https:\/\/www.one.org\/fr\/actualites\/justice-climatique-une-priorite-contre-les-inegalites\/"},"wordCount":1240,"commentCount":0,"image":{"@id":"https:\/\/www.one.org\/fr\/actualites\/justice-climatique-une-priorite-contre-les-inegalites\/#primaryimage"},"thumbnailUrl":"https:\/\/www.one.org\/fr\/wp-content\/uploads\/sites\/4\/2021\/10\/Climate_2021_featured_pledge_1200x1200.jpg","articleSection":["Campagnes"],"inLanguage":"fr-FR","potentialAction":[{"@type":"CommentAction","name":"Comment","target":["https:\/\/www.one.org\/fr\/actualites\/justice-climatique-une-priorite-contre-les-inegalites\/#respond"]}]},{"@type":"WebPage","@id":"https:\/\/www.one.org\/fr\/actualites\/justice-climatique-une-priorite-contre-les-inegalites\/","url":"https:\/\/www.one.org\/fr\/actualites\/justice-climatique-une-priorite-contre-les-inegalites\/","name":"Justice climatique : une priorit\u00e9 contre les in\u00e9galit\u00e9s - ONE.org France","isPartOf":{"@id":"https:\/\/www.one.org\/fr\/#website"},"primaryImageOfPage":{"@id":"https:\/\/www.one.org\/fr\/actualites\/justice-climatique-une-priorite-contre-les-inegalites\/#primaryimage"},"image":{"@id":"https:\/\/www.one.org\/fr\/actualites\/justice-climatique-une-priorite-contre-les-inegalites\/#primaryimage"},"thumbnailUrl":"https:\/\/www.one.org\/fr\/wp-content\/uploads\/sites\/4\/2021\/10\/Climate_2021_featured_pledge_1200x1200.jpg","datePublished":"2021-10-05T15:31:49+00:00","dateModified":"2023-09-11T20:53:25+00:00","author":{"@id":"https:\/\/www.one.org\/fr\/#\/schema\/person\/cf1f30f9800f0592ec3d61940be82003"},"description":"Comment instaurer une justice climatique ?","breadcrumb":{"@id":"https:\/\/www.one.org\/fr\/actualites\/justice-climatique-une-priorite-contre-les-inegalites\/#breadcrumb"},"inLanguage":"fr-FR","potentialAction":[{"@type":"ReadAction","target":["https:\/\/www.one.org\/fr\/actualites\/justice-climatique-une-priorite-contre-les-inegalites\/"]}]},{"@type":"ImageObject","inLanguage":"fr-FR","@id":"https:\/\/www.one.org\/fr\/actualites\/justice-climatique-une-priorite-contre-les-inegalites\/#primaryimage","url":"https:\/\/www.one.org\/fr\/wp-content\/uploads\/sites\/4\/2021\/10\/Climate_2021_featured_pledge_1200x1200.jpg","contentUrl":"https:\/\/www.one.org\/fr\/wp-content\/uploads\/sites\/4\/2021\/10\/Climate_2021_featured_pledge_1200x1200.jpg","width":1200,"height":1200},{"@type":"BreadcrumbList","@id":"https:\/\/www.one.org\/fr\/actualites\/justice-climatique-une-priorite-contre-les-inegalites\/#breadcrumb","itemListElement":[{"@type":"ListItem","position":1,"name":"Home","item":"https:\/\/www.one.org\/fr\/"},{"@type":"ListItem","position":2,"name":"Justice climatique : une priorit\u00e9 contre les in\u00e9galit\u00e9s"}]},{"@type":"WebSite","@id":"https:\/\/www.one.org\/fr\/#website","url":"https:\/\/www.one.org\/fr\/","name":"ONE.org","description":"Cr\u00e9er des opportunit\u00e9s \u00e9conomiques et am\u00e9liorer la sant\u00e9 en Afrique","potentialAction":[{"@type":"SearchAction","target":{"@type":"EntryPoint","urlTemplate":"https:\/\/www.one.org\/fr\/?s={search_term_string}"},"query-input":{"@type":"PropertyValueSpecification","valueRequired":true,"valueName":"search_term_string"}}],"inLanguage":"fr-FR"},{"@type":"Person","@id":"https:\/\/www.one.org\/fr\/#\/schema\/person\/cf1f30f9800f0592ec3d61940be82003","name":"Dana Khalil","image":{"@type":"ImageObject","inLanguage":"fr-FR","@id":"https:\/\/www.one.org\/fr\/#\/schema\/person\/image\/","url":"https:\/\/secure.gravatar.com\/avatar\/b0da536f00ccefadcc7aae4e64855977a5249adb1ac04162a69474e53a8d4c40?s=96&d=mm&r=g","contentUrl":"https:\/\/secure.gravatar.com\/avatar\/b0da536f00ccefadcc7aae4e64855977a5249adb1ac04162a69474e53a8d4c40?s=96&d=mm&r=g","caption":"Dana Khalil"},"url":"https:\/\/www.one.org\/fr\/actualites\/author\/danakhalil\/"}]}},"distributor_meta":false,"distributor_terms":false,"distributor_media":false,"distributor_original_site_name":"ONE.org France","distributor_original_site_url":"https:\/\/www.one.org\/fr","push-errors":false,"_links":{"self":[{"href":"https:\/\/www.one.org\/fr\/wp-json\/wp\/v2\/posts\/162505","targetHints":{"allow":["GET"]}}],"collection":[{"href":"https:\/\/www.one.org\/fr\/wp-json\/wp\/v2\/posts"}],"about":[{"href":"https:\/\/www.one.org\/fr\/wp-json\/wp\/v2\/types\/post"}],"author":[{"embeddable":true,"href":"https:\/\/www.one.org\/fr\/wp-json\/wp\/v2\/users\/24"}],"replies":[{"embeddable":true,"href":"https:\/\/www.one.org\/fr\/wp-json\/wp\/v2\/comments?post=162505"}],"version-history":[{"count":0,"href":"https:\/\/www.one.org\/fr\/wp-json\/wp\/v2\/posts\/162505\/revisions"}],"wp:featuredmedia":[{"embeddable":true,"href":"https:\/\/www.one.org\/fr\/wp-json\/wp\/v2\/media\/163061"}],"wp:attachment":[{"href":"https:\/\/www.one.org\/fr\/wp-json\/wp\/v2\/media?parent=162505"}],"wp:term":[{"taxonomy":"category","embeddable":true,"href":"https:\/\/www.one.org\/fr\/wp-json\/wp\/v2\/categories?post=162505"},{"taxonomy":"post_tag","embeddable":true,"href":"https:\/\/www.one.org\/fr\/wp-json\/wp\/v2\/tags?post=162505"},{"taxonomy":"topic","embeddable":true,"href":"https:\/\/www.one.org\/fr\/wp-json\/wp\/v2\/topic?post=162505"},{"taxonomy":"contributor","embeddable":true,"href":"https:\/\/www.one.org\/fr\/wp-json\/wp\/v2\/contributor?post=162505"},{"taxonomy":"one_content_audience","embeddable":true,"href":"https:\/\/www.one.org\/fr\/wp-json\/wp\/v2\/one_content_audience?post=162505"},{"taxonomy":"one_content_type","embeddable":true,"href":"https:\/\/www.one.org\/fr\/wp-json\/wp\/v2\/one_content_type?post=162505"},{"taxonomy":"one_content_tone","embeddable":true,"href":"https:\/\/www.one.org\/fr\/wp-json\/wp\/v2\/one_content_tone?post=162505"}],"curies":[{"name":"wp","href":"https:\/\/api.w.org\/{rel}","templated":true}]}}