{"id":162497,"date":"2021-08-12T07:00:19","date_gmt":"2021-08-12T07:00:19","guid":{"rendered":"https:\/\/www.one.org\/fr\/temoignages-de-la-jeunesse-engagee-en-france-et-en-afrique\/"},"modified":"2023-11-06T16:58:51","modified_gmt":"2023-11-06T16:58:51","slug":"temoignages-jeunesse-france-afrique","status":"publish","type":"post","link":"https:\/\/www.one.org\/fr\/actualites\/temoignages-jeunesse-france-afrique\/","title":{"rendered":"T\u00e9moignages de la jeunesse engag\u00e9e en France et en Afrique"},"content":{"rendered":"<p><span style=\"font-weight: 400\">Chez ONE, nous sommes persuad&eacute;s que la cl&eacute; d&rsquo;un avenir durable et &eacute;quitable repose sur l&rsquo;implication et l&rsquo;engagement de la jeunesse. C&rsquo;est pourquoi &agrave; travers l&rsquo;Europe, l&rsquo;Afrique et l&rsquo;Am&eacute;rique du Nord, nous comptons sur le soutien de plus de 1 000 jeunes activistes pour nous accompagner dans notre lutte contre l&rsquo;extr&ecirc;me pauvret&eacute; et les maladies &eacute;vitables.<\/span><\/p>\n<p><span style=\"font-weight: 400\">&Agrave; nos c&ocirc;t&eacute;s, tout au long de l&rsquo;ann&eacute;e, ils et elles m&egrave;nent des actions de sensibilisation, vont &agrave; la rencontre des personnalit&eacute;s politiques et r&eacute;alisent des interviews dans les m&eacute;dias afin de porter nos messages haut et fort. Engag&eacute;&middot;e&middot;s, d&eacute;termin&eacute;&middot;e&middot;s et militant&middot;e&middot;s, ils et elles souhaitent participer activement &agrave; la construction d&rsquo;un monde meilleur pour toutes et tous.<\/span><\/p>\n<p><span style=\"font-weight: 400\">En cette Journ&eacute;e internationale de la jeunesse, nous avons souhait&eacute; leur laisser la parole pour mettre en lumi&egrave;re leur engagement. Qu&rsquo;ils et elles fassent partie du programme des jeunes Ambassadeurs et Ambassadrices de ONE en Europe ou du programme des Champions et Championnes de ONE en Afrique, leur soutien nous est essentiel pour maximiser notre impact et mener &agrave; bien notre mission.&nbsp;<\/span><\/p>\n<p><b>D&eacute;couvrez ci-dessous les t&eacute;moignages de C&eacute;line, Chafika, Chaimaa, Hawa, Seynabou et Tiziano, originaires de France, du S&eacute;n&eacute;gal et du Mali.<\/b><\/p>\n<h3><b><\/b><b>Pourquoi est-il important que la jeunesse s&rsquo;engage pour d&eacute;fendre diverses causes (nationales ou internationales) ?<\/b><\/h3>\n<p><i><span style=\"font-weight: 400\">Nous avons d&rsquo;&eacute;normes d&eacute;fis &agrave; relever dans nos communaut&eacute;s. C&rsquo;est la responsabilit&eacute; de chacun et chacune de nous de changer les choses positivement.<\/span><\/i><span style=\"font-weight: 400\"> &ndash; <strong>Hawa Ciss&eacute;, Championne de ONE, Mali<\/strong><\/span><\/p>\n<p><i><span style=\"font-weight: 400\">Les d&eacute;fis auxquels nous faisons face requi&egrave;rent des r&eacute;ponses radicales, capables de d&eacute;fier le statu quo afin d&rsquo;y mettre v&eacute;ritablement fin. C&rsquo;est aux jeunes de mener ces batailles et de (re)construire le monde de demain. &ldquo;If not us, then who? If not now, then when?&rdquo;<\/span><\/i><span style=\"font-weight: 400\"> &ndash; <strong>Chaimaa Taib, jeune Ambassadrice, France<\/strong><\/span><\/p>\n<p><i><span style=\"font-weight: 400\">L&rsquo;engagement de toutes et tous, surtout celui de la jeunesse, est n&eacute;cessaire pour la d&eacute;fense des causes justes qui nous tiennent &agrave; c&oelig;ur. Sachant qu&rsquo;&agrave; <\/span><\/i><i><span style=\"font-weight: 400\">l&rsquo;horizon 2050, 35 % des jeunes dans le monde seront <\/span><\/i><i><span style=\"font-weight: 400\">africains<\/span><\/i><i><span style=\"font-weight: 400\">, il est imp&eacute;ratif que la jeunesse, notamment africaine, soit engag&eacute;e et repr&eacute;sent&eacute;e dans les instances de prises de d&eacute;cisions nationales et internationales, et que leurs opinions soient prises en compte par les dirigeants mondiaux.<\/span><\/i> <span style=\"font-weight: 400\">&ndash; <strong>Seynabou Sene, Championne de ONE, S&eacute;n&eacute;gal<\/strong><\/span><\/p>\n<p><i><span style=\"font-weight: 400\">Comme l&rsquo;a dit Ban Ki Moon, &ldquo;nous sommes la premi&egrave;re g&eacute;n&eacute;ration qui peut mettre fin &agrave; la pauvret&eacute; et nous sommes aussi la derni&egrave;re g&eacute;n&eacute;ration qui peut ralentir le r&eacute;chauffement mondial avant qu&rsquo;il ne soit trop tard&rdquo;. En ces temps de pand&eacute;mie, je vois l&rsquo;engagement comme un virus, mais un virus qui fait du bien, une petite flamme, qui lorsqu&rsquo;on l&rsquo;attrape se d&eacute;veloppe, grandit et se renforce tout au long de notre vie, voire m&ecirc;me peut se transmettre &agrave; d&rsquo;autres pour le meilleur. Nous avons plus que jamais besoin d&rsquo;un engagement citoyen fort et nous en avons besoin le plus t&ocirc;t possible.<\/span><\/i><span style=\"font-weight: 400\"> &ndash; <strong>C&eacute;line Parsoud, jeune Ambassadrice, France<\/strong><\/span><\/p>\n<p><i><span style=\"font-weight: 400\">L&rsquo;engagement de la jeunesse est n&eacute;cessaire car ils sont l&rsquo;avenir, les d&eacute;cideurs de demain.<\/span><\/i><span style=\"font-weight: 400\"> &ndash; <strong>Chafika Ibrahim Zanguina, Championne de ONE, S&eacute;n&eacute;gal<\/strong><\/span><\/p>\n<p><i><span style=\"font-weight: 400\">Nous sommes toutes et tous des atomes du m&ecirc;me syst&egrave;me, sans distinction d&eacute;mographique. Il est donc n&eacute;cessaire que le plus de monde possible s&rsquo;engage et contribue &agrave; am&eacute;liorer nos soci&eacute;t&eacute;s, pas seulement la jeunesse. En revanche, il faut reconna&icirc;tre &agrave; la jeunesse leur esprit novateur et leur &eacute;nergie pour faire bouger les lignes. Cette force motrice qui caract&eacute;rise les jeunes est l&rsquo;ouragan qui doit bouleverser les codes, l&rsquo;apathie et les trajectoires de nos avenirs.<\/span><\/i><span style=\"font-weight: 400\"> &ndash; <strong>Tiziano Peccia, jeune Ambassadeur, France<\/strong><\/span><br \/>\n<b><\/b><\/p>\n<h3><b>&Agrave; ton &eacute;chelle, comment te mobilises-tu pour faire bouger les lignes ?<\/b><\/h3>\n<p><i><span style=\"font-weight: 400\">Je suis secr&eacute;taire g&eacute;n&eacute;rale de Jeunesse F&eacute;minine pour l&rsquo;Action, une organisation qui pr&ocirc;ne le leadership f&eacute;minin tout en luttant contre les violences faites aux femmes et aux filles au S&eacute;n&eacute;gal. Je m&egrave;ne des campagnes de sensibilisation non seulement dans les r&eacute;gions du S&eacute;n&eacute;gal, mais &eacute;galement en ligne pour mobiliser le maximum de personnes en faveur de notre cause. Je me mobilise aussi aux c&ocirc;t&eacute;s de ONE en participant aux actions de plaidoyer afin d&rsquo;avoir un meilleur impact sur ma communaut&eacute; et les dirigeants. Mon engagement m&rsquo;a pouss&eacute;e &agrave; travailler pour une organisation environnementale, o&ugrave; je supervise la gestion durable des ressources naturelles pour les g&eacute;n&eacute;rations futures.<\/span><\/i><span style=\"font-weight: 400\"> &ndash; <strong>Seynabou Sene, Championne de ONE, S&eacute;n&eacute;gal<\/strong><\/span><\/p>\n<p><i><span style=\"font-weight: 400\">&Agrave; notre &eacute;chelle, nous pouvons toutes et tous contribuer &agrave; apporter un changement positif dans nos &eacute;cosyst&egrave;mes. Il faut &ecirc;tre des acteurs et actrices du changement en permanence ; en mesurant nos mots, en sensibilisant nos pairs aux sujets que nous consid&eacute;rons prioritaires, en cherchant une raison d&rsquo;&ecirc;tre dans nos activit&eacute;s professionnelles et personnelles. Dans mon milieu professionnel, j&rsquo;ai eu la possibilit&eacute; de recouvrir des r&ocirc;les &agrave; impact social. En outre, avec des associations ou sur mon temps libre, je coache et je mentore des jeunes talents pour les aider &agrave; int&eacute;grer le milieu professionnel et &agrave; trouver confiance en eux\/elles-m&ecirc;mes. Je pr&ecirc;te beaucoup d&rsquo;attention &agrave; la diversit&eacute; et &agrave; l&rsquo;inclusion ; il y a beaucoup de biais inconscients, &eacute;tiquettes et manque d&rsquo;empathie qui cr&eacute;ent des barri&egrave;res pour celles et ceux qui ne rentrent pas dans les &ldquo;normes&rdquo; dominantes. C&rsquo;est seulement en aidant les autres, avec des actions petites mais pleines de symbolismes et de valeurs, que nous pouvons injecter de l&rsquo;&eacute;nergie positive dans nos v&eacute;cus<\/span><\/i><span style=\"font-weight: 400\">. &ndash; <strong>Tiziano Peccia, jeune Ambassadeur, France<\/strong><\/span><\/p>\n<p><i><span style=\"font-weight: 400\">Pour faire bouger les choses, je fais d&eacute;j&agrave; partie d&rsquo;une association qui vise &agrave; d&eacute;fendre les droits des enfants et lutter contre les violences bas&eacute;es sur le genre. Nous menons des activit&eacute;s de sensibilisation et faisons du plaidoyer au niveau des autorit&eacute;s.<\/span><\/i><span style=\"font-weight: 400\"> &ndash; <strong>Hawa Ciss&eacute;, Championne de ONE, Mali<\/strong><\/span><\/p>\n<p><i><span style=\"font-weight: 400\">J&rsquo;ai &eacute;t&eacute; pendant plusieurs ann&eacute;es engag&eacute;e au sein d&rsquo;une association pour l&rsquo;&eacute;galit&eacute; femmes-hommes. Je poursuis ce combat, et d&rsquo;autres, aujourd&rsquo;hui avec ONE. J&rsquo;ai &eacute;galement fait de mon engagement mon m&eacute;tier en travaillant pour la Diversit&eacute; et l&rsquo;Inclusion en entreprise. Je m&rsquo;engage, en parall&egrave;le, au sein d&rsquo;une fondation pour l&rsquo;environnement.<\/span><\/i><span style=\"font-weight: 400\"> &ndash; <strong>C&eacute;line Parsoud, jeune Ambassadrice, France<\/strong><\/span><\/p>\n<p><i><span style=\"font-weight: 400\">L&rsquo;action doit se faire &agrave; tous les niveaux, en sensibilisant la communaut&eacute; et en agissant &agrave; plus grande &eacute;chelle, d&rsquo;o&ugrave; mon int&eacute;r&ecirc;t pour ONE.<\/span><\/i><span style=\"font-weight: 400\"> &ndash; <strong>Chafika Ibrahim Zanguina, Championne de ONE, S&eacute;n&eacute;gal<\/strong><\/span><\/p>\n<p><i><span style=\"font-weight: 400\">Une des grandes le&ccedil;ons que j&rsquo;ai tir&eacute;e de mon engagement chez ONE, c&rsquo;est que notre voix en tant que jeunes compte et a un poids, loin d&rsquo;&ecirc;tre n&eacute;gligeable, &agrave; la fois aupr&egrave;s des d&eacute;cideurs politiques ainsi que dans notre entourage. D&egrave;s lors, j&rsquo;essaie de me mobiliser autant que possible, que ce soit en signant des p&eacute;titions, en participant &agrave; des manifestations ou en rejoignant des associations dont je partage les valeurs.<\/span><\/i><span style=\"font-weight: 400\"> &ndash; <strong>Chaimaa Taib, jeune Ambassadrice, France<\/strong><\/span><br \/>\n<b><\/b><\/p>\n<h3><b>Quel message souhaiterais-tu faire passer &agrave; d&rsquo;autres jeunes ?<\/b><\/h3>\n<p><i><span style=\"font-weight: 400\">Osez ! Osez vous battre pour ce en quoi vous croyez, m&ecirc;me lorsque vous avez le sentiment de ne pas avoir les comp&eacute;tences, les moyens ou la l&eacute;gitimit&eacute; pour ce faire. Notre voix compte.<\/span><\/i><span style=\"font-weight: 400\"> &ndash; <strong>Chaimaa Taib, jeune Ambassadrice, France<\/strong><\/span><\/p>\n<p><i><span style=\"font-weight: 400\">Il est temps de devenir acteur ou actrice de changement positif. Engage-toi et aie un impact positif sur ta communaut&eacute;, et pourquoi pas le monde. Le ciel est la limite alors ne te cr&eacute;e pas de limite imaginaire !<\/span><\/i><span style=\"font-weight: 400\"> &ndash; <strong>Seynabou Sene, Championne de ONE, S&eacute;n&eacute;gal<\/strong><\/span><\/p>\n<p><i><span style=\"font-weight: 400\">Le &ldquo;virus de l&rsquo;engagement&rdquo; est une des plus belles choses &agrave; attraper lorsque le monde autour de nous ne fait plus de sens, que l&rsquo;on souhaite rendre notre passage sur Terre utile ou apporter sa pierre &agrave; l&rsquo;&eacute;difice des changements que l&rsquo;on souhaite voir dans le fameux monde de demain. <\/span><\/i><span style=\"font-weight: 400\">&ndash; <strong>C&eacute;line Parsoud, jeune Ambassadrice, France<\/strong><\/span><\/p>\n<p><i><span style=\"font-weight: 400\">Partout o&ugrave; les jeunes se trouvent, ils continuent &agrave; faire bouger les choses, &agrave; d&eacute;fendre des causes nobles pour un monde sans violence. Chaque combat compte.<\/span><\/i><span style=\"font-weight: 400\"> &ndash; <strong>Hawa Ciss&eacute;, Championne de ONE, Mali<\/strong><\/span><\/p>\n<p><i><span style=\"font-weight: 400\">Il faut toujours &ecirc;tre authentique et loyal &agrave; soi-m&ecirc;me. Dans une soci&eacute;t&eacute; qui avance vite et qui bouge dans toutes les directions, il est facile et naturel de se perdre. Mais il faut toujours se retrouver, en permanence, et reprendre le pas vers des horizons de plus en plus ambitieux.<\/span><\/i><span style=\"font-weight: 400\"> &ndash; <strong>Tiziano Peccia, jeune Ambassadeur, France<\/strong><\/span><\/p>\n<p><i><span style=\"font-weight: 400\">Battez-vous pour rendre votre avenir meilleur !<\/span><\/i><span style=\"font-weight: 400\"> &ndash; <strong>Chafika Ibrahim Zanguina, Championne de ONE, S&eacute;n&eacute;gal<\/strong><\/span><\/p>\n<p><em><span style=\"font-weight: 400\">Ce billet de blog vous a plu ? Pour plus de contenus similaires, suivez le mouvement G&eacute;n&eacute;ration Activiste, cr&eacute;&eacute; par les jeunes Ambassadeurs et Ambassadrices de ONE, sur <\/span><a href=\"https:\/\/instagram.com\/generationactiviste\/\"><span style=\"font-weight: 400\">Instagram<\/span><\/a><span style=\"font-weight: 400\">, <\/span><a href=\"https:\/\/www.facebook.com\/Generation-Activiste-100271278369967\"><span style=\"font-weight: 400\">Facebook<\/span> <\/a><span style=\"font-weight: 400\">et <\/span><a href=\"https:\/\/twitter.com\/GActiviste\"><span style=\"font-weight: 400\">Twitter<\/span><\/a><span style=\"font-weight: 400\">.<\/span><\/em><\/p>\n<div class=\"buffer\"><\/div>","protected":false},"excerpt":{"rendered":"<p>Chez ONE, nous sommes persuad&eacute;s que la cl&eacute; d&rsquo;un avenir durable et &eacute;quitable repose sur l&rsquo;implication et l&rsquo;engagement de la jeunesse. C&rsquo;est pourquoi &agrave; travers l&rsquo;Europe, l&rsquo;Afrique et l&rsquo;Am&eacute;rique du Nord, nous comptons sur le soutien de plus de 1 000 jeunes activistes pour nous accompagner dans notre lutte contre l&rsquo;extr&ecirc;me pauvret&eacute; et les maladies [&hellip;]<\/p>\n","protected":false},"author":24,"featured_media":163077,"comment_status":"open","ping_status":"open","sticky":false,"template":"","format":"standard","meta":{"_acf_changed":false,"_relevanssi_hide_post":"","_relevanssi_hide_content":"","_relevanssi_pin_for_all":"","_relevanssi_pin_keywords":"","_relevanssi_unpin_keywords":"","_relevanssi_related_keywords":"","_relevanssi_related_include_ids":"","_relevanssi_related_exclude_ids":"","_relevanssi_related_no_append":"","_relevanssi_related_not_related":"","_relevanssi_related_posts":"164801,164384,164396,163756,163706,163644","_relevanssi_noindex_reason":"","footnotes":""},"categories":[34],"tags":[],"topic":[48,47],"contributor":[49,61],"one_content_audience":[],"one_content_type":[],"one_content_tone":[],"class_list":["post-162497","post","type-post","status-publish","format-standard","has-post-thumbnail","hentry","category-one","topic-jeunes-ambassadeurrices-de-one","topic-que-font-nos-membres","contributor-jeunes-ambassadeur-rice-s-de-one","contributor-one-champions"],"acf":[],"yoast_head":"<!-- This site is optimized with the Yoast SEO Premium plugin v27.1 (Yoast SEO v27.1.1) - https:\/\/yoast.com\/product\/yoast-seo-premium-wordpress\/ -->\n<title>T\u00e9moignages de la jeunesse engag\u00e9e en France et en Afrique - ONE.org France<\/title>\n<meta name=\"description\" content=\"\u00c0 l&#039;occasion de la Journ\u00e9e internationale de la jeunesse, d\u00e9couvrez les t\u00e9moignages de jeunes activistes engag\u00e9s aupr\u00e8s de ONE en France et en Afrique.\" \/>\n<meta name=\"robots\" content=\"index, follow, max-snippet:-1, max-image-preview:large, max-video-preview:-1\" \/>\n<link rel=\"canonical\" href=\"https:\/\/www.one.org\/fr\/actualites\/temoignages-jeunesse-france-afrique\/\" \/>\n<meta property=\"og:locale\" content=\"fr_FR\" \/>\n<meta property=\"og:type\" content=\"article\" \/>\n<meta property=\"og:title\" content=\"T\u00e9moignages de la jeunesse engag\u00e9e en France et en Afrique\" \/>\n<meta property=\"og:description\" content=\"\u00c0 l&#039;occasion de la Journ\u00e9e internationale de la jeunesse, d\u00e9couvrez les t\u00e9moignages de jeunes activistes engag\u00e9s aupr\u00e8s de ONE en France et en Afrique.\" \/>\n<meta property=\"og:url\" content=\"https:\/\/www.one.org\/fr\/actualites\/temoignages-jeunesse-france-afrique\/\" \/>\n<meta property=\"og:site_name\" content=\"ONE.org France\" \/>\n<meta property=\"article:publisher\" content=\"https:\/\/www.facebook.com\/ONE.Fr\" \/>\n<meta property=\"article:published_time\" content=\"2021-08-12T07:00:19+00:00\" \/>\n<meta property=\"article:modified_time\" content=\"2023-11-06T16:58:51+00:00\" \/>\n<meta property=\"og:image\" content=\"https:\/\/www.one.org\/fr\/wp-content\/uploads\/sites\/4\/2021\/08\/GA_Header_Twitter_1500x500_v1.jpg\" \/>\n\t<meta property=\"og:image:width\" content=\"1500\" \/>\n\t<meta property=\"og:image:height\" content=\"500\" \/>\n\t<meta property=\"og:image:type\" content=\"image\/jpeg\" \/>\n<meta name=\"author\" content=\"Dana Khalil\" \/>\n<meta name=\"twitter:card\" content=\"summary_large_image\" \/>\n<meta name=\"twitter:creator\" content=\"@one_fr\" \/>\n<meta name=\"twitter:site\" content=\"@one_fr\" \/>\n<meta name=\"twitter:label1\" content=\"Written by\" \/>\n\t<meta name=\"twitter:data1\" content=\"Dana Khalil\" \/>\n\t<meta name=\"twitter:label2\" content=\"Est. reading time\" \/>\n\t<meta name=\"twitter:data2\" content=\"6 minutes\" \/>\n<script type=\"application\/ld+json\" class=\"yoast-schema-graph\">{\"@context\":\"https:\/\/schema.org\",\"@graph\":[{\"@type\":\"Article\",\"@id\":\"https:\/\/www.one.org\/fr\/actualites\/temoignages-jeunesse-france-afrique\/#article\",\"isPartOf\":{\"@id\":\"https:\/\/www.one.org\/fr\/actualites\/temoignages-jeunesse-france-afrique\/\"},\"author\":{\"name\":\"Dana Khalil\",\"@id\":\"https:\/\/www.one.org\/fr\/#\/schema\/person\/cf1f30f9800f0592ec3d61940be82003\"},\"headline\":\"T\u00e9moignages de la jeunesse engag\u00e9e en France et en Afrique\",\"datePublished\":\"2021-08-12T07:00:19+00:00\",\"dateModified\":\"2023-11-06T16:58:51+00:00\",\"mainEntityOfPage\":{\"@id\":\"https:\/\/www.one.org\/fr\/actualites\/temoignages-jeunesse-france-afrique\/\"},\"wordCount\":1818,\"commentCount\":0,\"image\":{\"@id\":\"https:\/\/www.one.org\/fr\/actualites\/temoignages-jeunesse-france-afrique\/#primaryimage\"},\"thumbnailUrl\":\"https:\/\/www.one.org\/fr\/wp-content\/uploads\/sites\/4\/2021\/08\/GA_Header_Twitter_1500x500_v1.jpg\",\"articleSection\":[\"ONE\"],\"inLanguage\":\"fr-FR\",\"potentialAction\":[{\"@type\":\"CommentAction\",\"name\":\"Comment\",\"target\":[\"https:\/\/www.one.org\/fr\/actualites\/temoignages-jeunesse-france-afrique\/#respond\"]}]},{\"@type\":\"WebPage\",\"@id\":\"https:\/\/www.one.org\/fr\/actualites\/temoignages-jeunesse-france-afrique\/\",\"url\":\"https:\/\/www.one.org\/fr\/actualites\/temoignages-jeunesse-france-afrique\/\",\"name\":\"T\u00e9moignages de la jeunesse engag\u00e9e en France et en Afrique - ONE.org France\",\"isPartOf\":{\"@id\":\"https:\/\/www.one.org\/fr\/#website\"},\"primaryImageOfPage\":{\"@id\":\"https:\/\/www.one.org\/fr\/actualites\/temoignages-jeunesse-france-afrique\/#primaryimage\"},\"image\":{\"@id\":\"https:\/\/www.one.org\/fr\/actualites\/temoignages-jeunesse-france-afrique\/#primaryimage\"},\"thumbnailUrl\":\"https:\/\/www.one.org\/fr\/wp-content\/uploads\/sites\/4\/2021\/08\/GA_Header_Twitter_1500x500_v1.jpg\",\"datePublished\":\"2021-08-12T07:00:19+00:00\",\"dateModified\":\"2023-11-06T16:58:51+00:00\",\"author\":{\"@id\":\"https:\/\/www.one.org\/fr\/#\/schema\/person\/cf1f30f9800f0592ec3d61940be82003\"},\"description\":\"\u00c0 l'occasion de la Journ\u00e9e internationale de la jeunesse, d\u00e9couvrez les t\u00e9moignages de jeunes activistes engag\u00e9s aupr\u00e8s de ONE en France et en Afrique.\",\"breadcrumb\":{\"@id\":\"https:\/\/www.one.org\/fr\/actualites\/temoignages-jeunesse-france-afrique\/#breadcrumb\"},\"inLanguage\":\"fr-FR\",\"potentialAction\":[{\"@type\":\"ReadAction\",\"target\":[\"https:\/\/www.one.org\/fr\/actualites\/temoignages-jeunesse-france-afrique\/\"]}]},{\"@type\":\"ImageObject\",\"inLanguage\":\"fr-FR\",\"@id\":\"https:\/\/www.one.org\/fr\/actualites\/temoignages-jeunesse-france-afrique\/#primaryimage\",\"url\":\"https:\/\/www.one.org\/fr\/wp-content\/uploads\/sites\/4\/2021\/08\/GA_Header_Twitter_1500x500_v1.jpg\",\"contentUrl\":\"https:\/\/www.one.org\/fr\/wp-content\/uploads\/sites\/4\/2021\/08\/GA_Header_Twitter_1500x500_v1.jpg\",\"width\":1500,\"height\":500},{\"@type\":\"BreadcrumbList\",\"@id\":\"https:\/\/www.one.org\/fr\/actualites\/temoignages-jeunesse-france-afrique\/#breadcrumb\",\"itemListElement\":[{\"@type\":\"ListItem\",\"position\":1,\"name\":\"Home\",\"item\":\"https:\/\/www.one.org\/fr\/\"},{\"@type\":\"ListItem\",\"position\":2,\"name\":\"T\u00e9moignages de la jeunesse engag\u00e9e en France et en Afrique\"}]},{\"@type\":\"WebSite\",\"@id\":\"https:\/\/www.one.org\/fr\/#website\",\"url\":\"https:\/\/www.one.org\/fr\/\",\"name\":\"ONE.org\",\"description\":\"Cr\u00e9er des opportunit\u00e9s \u00e9conomiques et am\u00e9liorer la sant\u00e9 en Afrique\",\"potentialAction\":[{\"@type\":\"SearchAction\",\"target\":{\"@type\":\"EntryPoint\",\"urlTemplate\":\"https:\/\/www.one.org\/fr\/?s={search_term_string}\"},\"query-input\":{\"@type\":\"PropertyValueSpecification\",\"valueRequired\":true,\"valueName\":\"search_term_string\"}}],\"inLanguage\":\"fr-FR\"},{\"@type\":\"Person\",\"@id\":\"https:\/\/www.one.org\/fr\/#\/schema\/person\/cf1f30f9800f0592ec3d61940be82003\",\"name\":\"Dana Khalil\",\"image\":{\"@type\":\"ImageObject\",\"inLanguage\":\"fr-FR\",\"@id\":\"https:\/\/www.one.org\/fr\/#\/schema\/person\/image\/\",\"url\":\"https:\/\/secure.gravatar.com\/avatar\/b0da536f00ccefadcc7aae4e64855977a5249adb1ac04162a69474e53a8d4c40?s=96&d=mm&r=g\",\"contentUrl\":\"https:\/\/secure.gravatar.com\/avatar\/b0da536f00ccefadcc7aae4e64855977a5249adb1ac04162a69474e53a8d4c40?s=96&d=mm&r=g\",\"caption\":\"Dana Khalil\"},\"url\":\"https:\/\/www.one.org\/fr\/actualites\/author\/danakhalil\/\"}]}<\/script>\n<!-- \/ Yoast SEO Premium plugin. -->","yoast_head_json":{"title":"T\u00e9moignages de la jeunesse engag\u00e9e en France et en Afrique - ONE.org France","description":"\u00c0 l'occasion de la Journ\u00e9e internationale de la jeunesse, d\u00e9couvrez les t\u00e9moignages de jeunes activistes engag\u00e9s aupr\u00e8s de ONE en France et en Afrique.","robots":{"index":"index","follow":"follow","max-snippet":"max-snippet:-1","max-image-preview":"max-image-preview:large","max-video-preview":"max-video-preview:-1"},"canonical":"https:\/\/www.one.org\/fr\/actualites\/temoignages-jeunesse-france-afrique\/","og_locale":"fr_FR","og_type":"article","og_title":"T\u00e9moignages de la jeunesse engag\u00e9e en France et en Afrique","og_description":"\u00c0 l'occasion de la Journ\u00e9e internationale de la jeunesse, d\u00e9couvrez les t\u00e9moignages de jeunes activistes engag\u00e9s aupr\u00e8s de ONE en France et en Afrique.","og_url":"https:\/\/www.one.org\/fr\/actualites\/temoignages-jeunesse-france-afrique\/","og_site_name":"ONE.org France","article_publisher":"https:\/\/www.facebook.com\/ONE.Fr","article_published_time":"2021-08-12T07:00:19+00:00","article_modified_time":"2023-11-06T16:58:51+00:00","og_image":[{"width":1500,"height":500,"url":"https:\/\/www.one.org\/fr\/wp-content\/uploads\/sites\/4\/2021\/08\/GA_Header_Twitter_1500x500_v1.jpg","type":"image\/jpeg"}],"author":"Dana Khalil","twitter_card":"summary_large_image","twitter_creator":"@one_fr","twitter_site":"@one_fr","twitter_misc":{"Written by":"Dana Khalil","Est. reading time":"6 minutes"},"schema":{"@context":"https:\/\/schema.org","@graph":[{"@type":"Article","@id":"https:\/\/www.one.org\/fr\/actualites\/temoignages-jeunesse-france-afrique\/#article","isPartOf":{"@id":"https:\/\/www.one.org\/fr\/actualites\/temoignages-jeunesse-france-afrique\/"},"author":{"name":"Dana Khalil","@id":"https:\/\/www.one.org\/fr\/#\/schema\/person\/cf1f30f9800f0592ec3d61940be82003"},"headline":"T\u00e9moignages de la jeunesse engag\u00e9e en France et en Afrique","datePublished":"2021-08-12T07:00:19+00:00","dateModified":"2023-11-06T16:58:51+00:00","mainEntityOfPage":{"@id":"https:\/\/www.one.org\/fr\/actualites\/temoignages-jeunesse-france-afrique\/"},"wordCount":1818,"commentCount":0,"image":{"@id":"https:\/\/www.one.org\/fr\/actualites\/temoignages-jeunesse-france-afrique\/#primaryimage"},"thumbnailUrl":"https:\/\/www.one.org\/fr\/wp-content\/uploads\/sites\/4\/2021\/08\/GA_Header_Twitter_1500x500_v1.jpg","articleSection":["ONE"],"inLanguage":"fr-FR","potentialAction":[{"@type":"CommentAction","name":"Comment","target":["https:\/\/www.one.org\/fr\/actualites\/temoignages-jeunesse-france-afrique\/#respond"]}]},{"@type":"WebPage","@id":"https:\/\/www.one.org\/fr\/actualites\/temoignages-jeunesse-france-afrique\/","url":"https:\/\/www.one.org\/fr\/actualites\/temoignages-jeunesse-france-afrique\/","name":"T\u00e9moignages de la jeunesse engag\u00e9e en France et en Afrique - ONE.org France","isPartOf":{"@id":"https:\/\/www.one.org\/fr\/#website"},"primaryImageOfPage":{"@id":"https:\/\/www.one.org\/fr\/actualites\/temoignages-jeunesse-france-afrique\/#primaryimage"},"image":{"@id":"https:\/\/www.one.org\/fr\/actualites\/temoignages-jeunesse-france-afrique\/#primaryimage"},"thumbnailUrl":"https:\/\/www.one.org\/fr\/wp-content\/uploads\/sites\/4\/2021\/08\/GA_Header_Twitter_1500x500_v1.jpg","datePublished":"2021-08-12T07:00:19+00:00","dateModified":"2023-11-06T16:58:51+00:00","author":{"@id":"https:\/\/www.one.org\/fr\/#\/schema\/person\/cf1f30f9800f0592ec3d61940be82003"},"description":"\u00c0 l'occasion de la Journ\u00e9e internationale de la jeunesse, d\u00e9couvrez les t\u00e9moignages de jeunes activistes engag\u00e9s aupr\u00e8s de ONE en France et en Afrique.","breadcrumb":{"@id":"https:\/\/www.one.org\/fr\/actualites\/temoignages-jeunesse-france-afrique\/#breadcrumb"},"inLanguage":"fr-FR","potentialAction":[{"@type":"ReadAction","target":["https:\/\/www.one.org\/fr\/actualites\/temoignages-jeunesse-france-afrique\/"]}]},{"@type":"ImageObject","inLanguage":"fr-FR","@id":"https:\/\/www.one.org\/fr\/actualites\/temoignages-jeunesse-france-afrique\/#primaryimage","url":"https:\/\/www.one.org\/fr\/wp-content\/uploads\/sites\/4\/2021\/08\/GA_Header_Twitter_1500x500_v1.jpg","contentUrl":"https:\/\/www.one.org\/fr\/wp-content\/uploads\/sites\/4\/2021\/08\/GA_Header_Twitter_1500x500_v1.jpg","width":1500,"height":500},{"@type":"BreadcrumbList","@id":"https:\/\/www.one.org\/fr\/actualites\/temoignages-jeunesse-france-afrique\/#breadcrumb","itemListElement":[{"@type":"ListItem","position":1,"name":"Home","item":"https:\/\/www.one.org\/fr\/"},{"@type":"ListItem","position":2,"name":"T\u00e9moignages de la jeunesse engag\u00e9e en France et en Afrique"}]},{"@type":"WebSite","@id":"https:\/\/www.one.org\/fr\/#website","url":"https:\/\/www.one.org\/fr\/","name":"ONE.org","description":"Cr\u00e9er des opportunit\u00e9s \u00e9conomiques et am\u00e9liorer la sant\u00e9 en Afrique","potentialAction":[{"@type":"SearchAction","target":{"@type":"EntryPoint","urlTemplate":"https:\/\/www.one.org\/fr\/?s={search_term_string}"},"query-input":{"@type":"PropertyValueSpecification","valueRequired":true,"valueName":"search_term_string"}}],"inLanguage":"fr-FR"},{"@type":"Person","@id":"https:\/\/www.one.org\/fr\/#\/schema\/person\/cf1f30f9800f0592ec3d61940be82003","name":"Dana Khalil","image":{"@type":"ImageObject","inLanguage":"fr-FR","@id":"https:\/\/www.one.org\/fr\/#\/schema\/person\/image\/","url":"https:\/\/secure.gravatar.com\/avatar\/b0da536f00ccefadcc7aae4e64855977a5249adb1ac04162a69474e53a8d4c40?s=96&d=mm&r=g","contentUrl":"https:\/\/secure.gravatar.com\/avatar\/b0da536f00ccefadcc7aae4e64855977a5249adb1ac04162a69474e53a8d4c40?s=96&d=mm&r=g","caption":"Dana Khalil"},"url":"https:\/\/www.one.org\/fr\/actualites\/author\/danakhalil\/"}]}},"distributor_meta":false,"distributor_terms":false,"distributor_media":false,"distributor_original_site_name":"ONE.org France","distributor_original_site_url":"https:\/\/www.one.org\/fr","push-errors":false,"_links":{"self":[{"href":"https:\/\/www.one.org\/fr\/wp-json\/wp\/v2\/posts\/162497","targetHints":{"allow":["GET"]}}],"collection":[{"href":"https:\/\/www.one.org\/fr\/wp-json\/wp\/v2\/posts"}],"about":[{"href":"https:\/\/www.one.org\/fr\/wp-json\/wp\/v2\/types\/post"}],"author":[{"embeddable":true,"href":"https:\/\/www.one.org\/fr\/wp-json\/wp\/v2\/users\/24"}],"replies":[{"embeddable":true,"href":"https:\/\/www.one.org\/fr\/wp-json\/wp\/v2\/comments?post=162497"}],"version-history":[{"count":0,"href":"https:\/\/www.one.org\/fr\/wp-json\/wp\/v2\/posts\/162497\/revisions"}],"wp:featuredmedia":[{"embeddable":true,"href":"https:\/\/www.one.org\/fr\/wp-json\/wp\/v2\/media\/163077"}],"wp:attachment":[{"href":"https:\/\/www.one.org\/fr\/wp-json\/wp\/v2\/media?parent=162497"}],"wp:term":[{"taxonomy":"category","embeddable":true,"href":"https:\/\/www.one.org\/fr\/wp-json\/wp\/v2\/categories?post=162497"},{"taxonomy":"post_tag","embeddable":true,"href":"https:\/\/www.one.org\/fr\/wp-json\/wp\/v2\/tags?post=162497"},{"taxonomy":"topic","embeddable":true,"href":"https:\/\/www.one.org\/fr\/wp-json\/wp\/v2\/topic?post=162497"},{"taxonomy":"contributor","embeddable":true,"href":"https:\/\/www.one.org\/fr\/wp-json\/wp\/v2\/contributor?post=162497"},{"taxonomy":"one_content_audience","embeddable":true,"href":"https:\/\/www.one.org\/fr\/wp-json\/wp\/v2\/one_content_audience?post=162497"},{"taxonomy":"one_content_type","embeddable":true,"href":"https:\/\/www.one.org\/fr\/wp-json\/wp\/v2\/one_content_type?post=162497"},{"taxonomy":"one_content_tone","embeddable":true,"href":"https:\/\/www.one.org\/fr\/wp-json\/wp\/v2\/one_content_tone?post=162497"}],"curies":[{"name":"wp","href":"https:\/\/api.w.org\/{rel}","templated":true}]}}