{"id":162490,"date":"2021-06-22T15:41:56","date_gmt":"2021-06-22T15:41:56","guid":{"rendered":"https:\/\/www.one.org\/fr\/acces-au-vaccin-covid-19-qui-defend-la-solidarite-internationale-juin-2021\/"},"modified":"2024-04-23T12:35:27","modified_gmt":"2024-04-23T12:35:27","slug":"acces-au-vaccin-covid-19-qui-defend-la-solidarite-internationale-juin-2021","status":"publish","type":"post","link":"https:\/\/www.one.org\/fr\/actualites\/acces-au-vaccin-covid-19-qui-defend-la-solidarite-internationale-juin-2021\/","title":{"rendered":"Acc\u00e8s au vaccin COVID-19 : qui d\u00e9fend la solidarit\u00e9 internationale ? (Juin 2021)"},"content":{"rendered":"<p>La pand&eacute;mie de COVID-19 s&eacute;vit depuis plus d&rsquo;un an &agrave; travers le monde. Nous avons constat&eacute; certains progr&egrave;s dans la coordination mondiale pour mettre fin &agrave; la pand&eacute;mie, notamment l&rsquo;accord conclu par l&rsquo;administration Biden avec Pfizer-BioNTech pour l&rsquo;achat de 500 millions de doses de vaccin COVID-19 &agrave; partager au niveau mondial. Mais nous devons faire plus pour mettre fin &agrave; la pand&eacute;mie pour tout le monde, partout. La pand&eacute;mie ne se terminera pas simplement avec un vaccin, mais quand tout le monde y aura acc&egrave;s.<\/p>\n<p>Si le virus reste incontr&ocirc;l&eacute; partout dans le monde, il continuera &agrave; franchir les fronti&egrave;res, &agrave; muter et &agrave; avoir de graves cons&eacute;quences sur l&rsquo;&eacute;conomie mondiale. Chez ONE, nous sommes d&eacute;termin&eacute;s &agrave; faire du vaccin contre le COVID-19 un bien public mondial, accessible &agrave; toutes et tous partout dans le monde. O&ugrave; en sommes-nous ?<\/p>\n<p>Notre <a href=\"https:\/\/www.one.org\/international\/issues\/vaccine-access-test\/\">Test d&rsquo;acc&egrave;s au vaccin 2.0<\/a> &eacute;value dans quelle mesure les pays du G20 et les entreprises pharmaceutiques am&eacute;liorent l&rsquo;acc&egrave;s mondial au vaccin<\/p>\n<p>Voici les derniers r&eacute;sultats en date pour le mois de juin 2021.<\/p>\n<h3><strong>Quelles sont les nouveaut&eacute;s du mois de juin ?<\/strong><\/h3>\n<p>Le Test d&rsquo;acc&egrave;s au vaccin du mois de juin a montr&eacute; une am&eacute;lioration des scores. Plusieurs pays, dont la France, le Japon, l&rsquo;Italie, les &Eacute;tats-Unis, l&rsquo;Australie, l&rsquo;Allemagne, la Su&egrave;de et l&rsquo;Espagne, se sont engag&eacute;s &agrave; partager des doses avec des pays &agrave; revenus faible ou interm&eacute;diaire. Mais ces engagements surviennent apr&egrave;s des mois de stagnation et d&rsquo;inaction.<\/p>\n<p>De plus, les entreprises pharmaceutiques Pfizer, Moderna et Johnson &amp; Johnson ont annonc&eacute; qu&rsquo;elles fourniraient plus de 2 milliards de doses de vaccin contre le COVID-19 aux pays &agrave; faible revenu &agrave; prix co&ucirc;tant, ainsi qu&rsquo;aux pays &agrave; revenu interm&eacute;diaire &agrave; des co&ucirc;ts r&eacute;duits. La Commission europ&eacute;enne a &eacute;galement intensifi&eacute; son engagement financier en faveur de l&rsquo;ACT-A.<\/p>\n<p>Ces progr&egrave;s sont une bonne nouvelle mais la course se poursuit pour garantir un acc&egrave;s mondial aux vaccins. De nouvelles donn&eacute;es publi&eacute;es par ONE montrent que l&rsquo;offre de vaccins risque de d&eacute;passer la demande dans tous les pays du G7 d&rsquo;ici la fin de l&rsquo;&eacute;t&eacute;. D&egrave;s ce &laquo; point de basculement &raquo; critique atteint, les pays les plus riches du monde commenceront &agrave; constituer des stocks de vaccins exc&eacute;dentaires.<\/p>\n<h3><strong>Comment les notes ont-elles &eacute;volu&eacute; ?<\/strong><\/h3>\n<p>Les notes suivantes ont chang&eacute; durant le mois de juin :<\/p>\n<ul>\n<li>Les &Eacute;tats-Unis ont gagn&eacute; 2 points.<\/li>\n<li>L&rsquo;Argentine a perdu 2 points.<\/li>\n<li>La France a gagn&eacute; 2 points.<\/li>\n<li>Le Br&eacute;sil a perdu 3 points.<\/li>\n<li>L&rsquo;Allemagne a gagn&eacute; 1 point.<\/li>\n<li>La Turquie a perdu 3 points.<\/li>\n<li>Le Canada a gagn&eacute; 1 point.<\/li>\n<li>L&rsquo;Inde a perdu 2 points.<\/li>\n<li>L&rsquo;Australie a gagn&eacute; 1 point.<\/li>\n<li>Sputnik V a gagn&eacute; 6 points.<\/li>\n<li>Pfizer a gagn&eacute; 6 points.<\/li>\n<li>Moderna a gagn&eacute; 1 point.<\/li>\n<\/ul>\n<h3><strong>D&eacute;couvrez le nouveau classement du mois de juin 2021<\/strong><\/h3>\n<p><img decoding=\"async\" loading=\"lazy\" class=\"aligncenter size-full wp-image-154526\" src=\"https:\/\/cdn.one.org\/fr\/wp-content\/uploads\/2021\/06\/22144727\/Capture-640x366.png\" alt=\"\" width=\"1012\" height=\"579\"><\/p>\n<p><img decoding=\"async\" loading=\"lazy\" class=\"aligncenter size-full wp-image-154527\" src=\"https:\/\/cdn.one.org\/fr\/wp-content\/uploads\/2021\/06\/22144736\/Capture-1-640x364.png\" alt=\"\" width=\"1007\" height=\"573\"><\/p>\n<h3><strong>Ce qui nous attend<\/strong><\/h3>\n<p>Plus d&rsquo;un an apr&egrave;s le d&eacute;but de la pand&eacute;mie, nous ne disposons toujours pas d&rsquo;un plan d&rsquo;action collectif pour vaincre le virus. Garantir l&rsquo;acc&egrave;s au vaccin &agrave; l&rsquo;ensemble des citoyennes et des citoyens appara&icirc;t comme le moyen le plus rapide d&rsquo;&eacute;radiquer la pand&eacute;mie. Un vaccin accessible &agrave; toutes et tous est essentiel car :<\/p>\n<ul>\n<li>Il pourrait y avoir<a href=\"https:\/\/www.mobs-lab.org\/uploads\/6\/7\/8\/7\/6787877\/global_vax.pdf\"> deux fois plus de d&eacute;c&egrave;s<\/a> li&eacute;s au COVID-19 si les pays riches monopolisent les premi&egrave;res doses de vaccin et ne priorisent pas un acc&egrave;s mondial au vaccin.<\/li>\n<li>Tant que le virus ne sera pas ma&icirc;tris&eacute; sur l&rsquo;ensemble de la plan&egrave;te, il continuera &agrave; muter et impacter la population mondiale. Le seul et unique moyen de pr&eacute;venir de nouvelles formes plus dangereuses des variants est de ralentir consid&eacute;rablement la transmission du virus en menant des campagnes de vaccination &agrave; l&rsquo;&eacute;chelle mondiale.<\/li>\n<li>L&rsquo;accumulation de vaccins pourrait co&ucirc;ter jusqu&rsquo;&agrave; 9 200 milliards de dollars &agrave; l&rsquo;&eacute;conomie mondiale. Les pays riches devront supporter la moiti&eacute; de ces co&ucirc;ts.<\/li>\n<\/ul>\n<p>Nous ne pouvons plus excuser l&rsquo;inaction mondiale. La plupart des pays du G7 d&eacute;ploient rapidement leurs campagnes de vaccination et commencent &agrave; rouvrir leurs fronti&egrave;res. Les dirigeants mondiaux, &agrave; commencer par les dirigeants du G7, doivent :<\/p>\n<ul>\n<li>Renforcer l&rsquo;ambition mondiale de parvenir &agrave; une immunit&eacute; collective d&rsquo;ici 2022.<\/li>\n<li>S&rsquo;engager &agrave; partager les doses de vaccin pour maximiser la couverture mondiale.<\/li>\n<li>S&rsquo;engager &agrave; financer enti&egrave;rement l&rsquo;ACT-A.<\/li>\n<\/ul>\n<p><strong>Pour en savoir plus, retrouvez la mise &agrave; jour de juin <\/strong><strong><a href=\"https:\/\/cdn.one.org\/pdfs\/VAT_June_2021_FR.pdf\">ici<\/a> <\/strong><strong>et consultez notre <\/strong><a href=\"https:\/\/www.one.org\/international\/issues\/vaccine-access-test\/\"><strong>Test d&rsquo;acc&egrave;s au vaccin 2.0<\/strong><\/a><strong> en anglais.<\/strong><\/p>\n<div class=\"buffer\"><\/div>","protected":false},"excerpt":{"rendered":"<p>La pand&eacute;mie de COVID-19 s&eacute;vit depuis plus d&rsquo;un an &agrave; travers le monde. Nous avons constat&eacute; certains progr&egrave;s dans la coordination mondiale pour mettre fin &agrave; la pand&eacute;mie, notamment l&rsquo;accord conclu par l&rsquo;administration Biden avec Pfizer-BioNTech pour l&rsquo;achat de 500 millions de doses de vaccin COVID-19 &agrave; partager au niveau mondial. Mais nous devons faire [&hellip;]<\/p>\n","protected":false},"author":0,"featured_media":163091,"comment_status":"open","ping_status":"open","sticky":false,"template":"","format":"standard","meta":{"_acf_changed":false,"_relevanssi_hide_post":"","_relevanssi_hide_content":"","_relevanssi_pin_for_all":"","_relevanssi_pin_keywords":"","_relevanssi_unpin_keywords":"","_relevanssi_related_keywords":"","_relevanssi_related_include_ids":"","_relevanssi_related_exclude_ids":"","_relevanssi_related_no_append":"","_relevanssi_related_not_related":"","_relevanssi_related_posts":"","_relevanssi_noindex_reason":"","footnotes":""},"categories":[34],"tags":[],"topic":[42],"contributor":[33],"one_content_audience":[],"one_content_type":[],"one_content_tone":[],"class_list":["post-162490","post","type-post","status-publish","format-standard","has-post-thumbnail","hentry","category-one","topic-covid-19","contributor-one-france"],"acf":[],"yoast_head":"<!-- This site is optimized with the Yoast SEO Premium plugin v27.1 (Yoast SEO v27.1.1) - https:\/\/yoast.com\/product\/yoast-seo-premium-wordpress\/ -->\n<title>Acc\u00e8s au vaccin COVID-19 : qui d\u00e9fend la solidarit\u00e9 internationale ? (Juin 2021) - ONE.org France<\/title>\n<meta name=\"description\" content=\"D\u00e9couvrez notre test d\u2019acc\u00e8s au vaccin pour le mois de juin 2021 qui vise \u00e0 \u00e9valuer les l\u2019acc\u00e8s \u00e9quitable au vaccin COVID-19.\" \/>\n<meta name=\"robots\" content=\"index, follow, max-snippet:-1, max-image-preview:large, max-video-preview:-1\" \/>\n<link rel=\"canonical\" href=\"https:\/\/www.one.org\/fr\/actualites\/acces-au-vaccin-covid-19-qui-defend-la-solidarite-internationale-juin-2021\/\" \/>\n<meta property=\"og:locale\" content=\"fr_FR\" \/>\n<meta property=\"og:type\" content=\"article\" \/>\n<meta property=\"og:title\" content=\"Acc\u00e8s au vaccin COVID-19 : qui d\u00e9fend la solidarit\u00e9 internationale ? (Juin 2021)\" \/>\n<meta property=\"og:description\" content=\"D\u00e9couvrez notre test d\u2019acc\u00e8s au vaccin pour le mois de juin 2021 qui vise \u00e0 \u00e9valuer les l\u2019acc\u00e8s \u00e9quitable au vaccin COVID-19.\" \/>\n<meta property=\"og:url\" content=\"https:\/\/www.one.org\/fr\/actualites\/acces-au-vaccin-covid-19-qui-defend-la-solidarite-internationale-juin-2021\/\" \/>\n<meta property=\"og:site_name\" content=\"ONE.org France\" \/>\n<meta property=\"article:publisher\" content=\"https:\/\/www.facebook.com\/ONE.Fr\" \/>\n<meta property=\"article:published_time\" content=\"2021-06-22T15:41:56+00:00\" \/>\n<meta property=\"article:modified_time\" content=\"2024-04-23T12:35:27+00:00\" \/>\n<meta property=\"og:image\" content=\"https:\/\/www.one.org\/fr\/wp-content\/uploads\/sites\/4\/2021\/06\/VAT_Blog_feature_1200x1200_v1-1.png\" \/>\n\t<meta property=\"og:image:width\" content=\"1080\" \/>\n\t<meta property=\"og:image:height\" content=\"1080\" \/>\n\t<meta property=\"og:image:type\" content=\"image\/png\" \/>\n<meta name=\"twitter:card\" content=\"summary_large_image\" \/>\n<meta name=\"twitter:creator\" content=\"@one_fr\" \/>\n<meta name=\"twitter:site\" content=\"@one_fr\" \/>\n<meta name=\"twitter:label1\" content=\"Est. reading time\" \/>\n\t<meta name=\"twitter:data1\" content=\"5 minutes\" \/>\n<script type=\"application\/ld+json\" class=\"yoast-schema-graph\">{\"@context\":\"https:\/\/schema.org\",\"@graph\":[{\"@type\":\"Article\",\"@id\":\"https:\/\/www.one.org\/fr\/actualites\/acces-au-vaccin-covid-19-qui-defend-la-solidarite-internationale-juin-2021\/#article\",\"isPartOf\":{\"@id\":\"https:\/\/www.one.org\/fr\/actualites\/acces-au-vaccin-covid-19-qui-defend-la-solidarite-internationale-juin-2021\/\"},\"author\":{\"name\":\"\",\"@id\":\"\"},\"headline\":\"Acc\u00e8s au vaccin COVID-19 : qui d\u00e9fend la solidarit\u00e9 internationale ? (Juin 2021)\",\"datePublished\":\"2021-06-22T15:41:56+00:00\",\"dateModified\":\"2024-04-23T12:35:27+00:00\",\"mainEntityOfPage\":{\"@id\":\"https:\/\/www.one.org\/fr\/actualites\/acces-au-vaccin-covid-19-qui-defend-la-solidarite-internationale-juin-2021\/\"},\"wordCount\":925,\"commentCount\":0,\"image\":{\"@id\":\"https:\/\/www.one.org\/fr\/actualites\/acces-au-vaccin-covid-19-qui-defend-la-solidarite-internationale-juin-2021\/#primaryimage\"},\"thumbnailUrl\":\"https:\/\/www.one.org\/fr\/wp-content\/uploads\/sites\/4\/2021\/06\/VAT_Blog_feature_1200x1200_v1-1.png\",\"articleSection\":[\"ONE\"],\"inLanguage\":\"fr-FR\",\"potentialAction\":[{\"@type\":\"CommentAction\",\"name\":\"Comment\",\"target\":[\"https:\/\/www.one.org\/fr\/actualites\/acces-au-vaccin-covid-19-qui-defend-la-solidarite-internationale-juin-2021\/#respond\"]}]},{\"@type\":\"WebPage\",\"@id\":\"https:\/\/www.one.org\/fr\/actualites\/acces-au-vaccin-covid-19-qui-defend-la-solidarite-internationale-juin-2021\/\",\"url\":\"https:\/\/www.one.org\/fr\/actualites\/acces-au-vaccin-covid-19-qui-defend-la-solidarite-internationale-juin-2021\/\",\"name\":\"Acc\u00e8s au vaccin COVID-19 : qui d\u00e9fend la solidarit\u00e9 internationale ? (Juin 2021) - ONE.org France\",\"isPartOf\":{\"@id\":\"https:\/\/www.one.org\/fr\/#website\"},\"primaryImageOfPage\":{\"@id\":\"https:\/\/www.one.org\/fr\/actualites\/acces-au-vaccin-covid-19-qui-defend-la-solidarite-internationale-juin-2021\/#primaryimage\"},\"image\":{\"@id\":\"https:\/\/www.one.org\/fr\/actualites\/acces-au-vaccin-covid-19-qui-defend-la-solidarite-internationale-juin-2021\/#primaryimage\"},\"thumbnailUrl\":\"https:\/\/www.one.org\/fr\/wp-content\/uploads\/sites\/4\/2021\/06\/VAT_Blog_feature_1200x1200_v1-1.png\",\"datePublished\":\"2021-06-22T15:41:56+00:00\",\"dateModified\":\"2024-04-23T12:35:27+00:00\",\"author\":{\"@id\":\"\"},\"description\":\"D\u00e9couvrez notre test d\u2019acc\u00e8s au vaccin pour le mois de juin 2021 qui vise \u00e0 \u00e9valuer les l\u2019acc\u00e8s \u00e9quitable au vaccin COVID-19.\",\"breadcrumb\":{\"@id\":\"https:\/\/www.one.org\/fr\/actualites\/acces-au-vaccin-covid-19-qui-defend-la-solidarite-internationale-juin-2021\/#breadcrumb\"},\"inLanguage\":\"fr-FR\",\"potentialAction\":[{\"@type\":\"ReadAction\",\"target\":[\"https:\/\/www.one.org\/fr\/actualites\/acces-au-vaccin-covid-19-qui-defend-la-solidarite-internationale-juin-2021\/\"]}]},{\"@type\":\"ImageObject\",\"inLanguage\":\"fr-FR\",\"@id\":\"https:\/\/www.one.org\/fr\/actualites\/acces-au-vaccin-covid-19-qui-defend-la-solidarite-internationale-juin-2021\/#primaryimage\",\"url\":\"https:\/\/www.one.org\/fr\/wp-content\/uploads\/sites\/4\/2021\/06\/VAT_Blog_feature_1200x1200_v1-1.png\",\"contentUrl\":\"https:\/\/www.one.org\/fr\/wp-content\/uploads\/sites\/4\/2021\/06\/VAT_Blog_feature_1200x1200_v1-1.png\",\"width\":1080,\"height\":1080},{\"@type\":\"BreadcrumbList\",\"@id\":\"https:\/\/www.one.org\/fr\/actualites\/acces-au-vaccin-covid-19-qui-defend-la-solidarite-internationale-juin-2021\/#breadcrumb\",\"itemListElement\":[{\"@type\":\"ListItem\",\"position\":1,\"name\":\"Home\",\"item\":\"https:\/\/www.one.org\/fr\/\"},{\"@type\":\"ListItem\",\"position\":2,\"name\":\"Acc\u00e8s au vaccin COVID-19 : qui d\u00e9fend la solidarit\u00e9 internationale ? (Juin 2021)\"}]},{\"@type\":\"WebSite\",\"@id\":\"https:\/\/www.one.org\/fr\/#website\",\"url\":\"https:\/\/www.one.org\/fr\/\",\"name\":\"ONE.org\",\"description\":\"Cr\u00e9er des opportunit\u00e9s \u00e9conomiques et am\u00e9liorer la sant\u00e9 en Afrique\",\"potentialAction\":[{\"@type\":\"SearchAction\",\"target\":{\"@type\":\"EntryPoint\",\"urlTemplate\":\"https:\/\/www.one.org\/fr\/?s={search_term_string}\"},\"query-input\":{\"@type\":\"PropertyValueSpecification\",\"valueRequired\":true,\"valueName\":\"search_term_string\"}}],\"inLanguage\":\"fr-FR\"}]}<\/script>\n<!-- \/ Yoast SEO Premium plugin. -->","yoast_head_json":{"title":"Acc\u00e8s au vaccin COVID-19 : qui d\u00e9fend la solidarit\u00e9 internationale ? (Juin 2021) - ONE.org France","description":"D\u00e9couvrez notre test d\u2019acc\u00e8s au vaccin pour le mois de juin 2021 qui vise \u00e0 \u00e9valuer les l\u2019acc\u00e8s \u00e9quitable au vaccin COVID-19.","robots":{"index":"index","follow":"follow","max-snippet":"max-snippet:-1","max-image-preview":"max-image-preview:large","max-video-preview":"max-video-preview:-1"},"canonical":"https:\/\/www.one.org\/fr\/actualites\/acces-au-vaccin-covid-19-qui-defend-la-solidarite-internationale-juin-2021\/","og_locale":"fr_FR","og_type":"article","og_title":"Acc\u00e8s au vaccin COVID-19 : qui d\u00e9fend la solidarit\u00e9 internationale ? (Juin 2021)","og_description":"D\u00e9couvrez notre test d\u2019acc\u00e8s au vaccin pour le mois de juin 2021 qui vise \u00e0 \u00e9valuer les l\u2019acc\u00e8s \u00e9quitable au vaccin COVID-19.","og_url":"https:\/\/www.one.org\/fr\/actualites\/acces-au-vaccin-covid-19-qui-defend-la-solidarite-internationale-juin-2021\/","og_site_name":"ONE.org France","article_publisher":"https:\/\/www.facebook.com\/ONE.Fr","article_published_time":"2021-06-22T15:41:56+00:00","article_modified_time":"2024-04-23T12:35:27+00:00","og_image":[{"width":1080,"height":1080,"url":"https:\/\/www.one.org\/fr\/wp-content\/uploads\/sites\/4\/2021\/06\/VAT_Blog_feature_1200x1200_v1-1.png","type":"image\/png"}],"twitter_card":"summary_large_image","twitter_creator":"@one_fr","twitter_site":"@one_fr","twitter_misc":{"Est. reading time":"5 minutes"},"schema":{"@context":"https:\/\/schema.org","@graph":[{"@type":"Article","@id":"https:\/\/www.one.org\/fr\/actualites\/acces-au-vaccin-covid-19-qui-defend-la-solidarite-internationale-juin-2021\/#article","isPartOf":{"@id":"https:\/\/www.one.org\/fr\/actualites\/acces-au-vaccin-covid-19-qui-defend-la-solidarite-internationale-juin-2021\/"},"author":{"name":"","@id":""},"headline":"Acc\u00e8s au vaccin COVID-19 : qui d\u00e9fend la solidarit\u00e9 internationale ? (Juin 2021)","datePublished":"2021-06-22T15:41:56+00:00","dateModified":"2024-04-23T12:35:27+00:00","mainEntityOfPage":{"@id":"https:\/\/www.one.org\/fr\/actualites\/acces-au-vaccin-covid-19-qui-defend-la-solidarite-internationale-juin-2021\/"},"wordCount":925,"commentCount":0,"image":{"@id":"https:\/\/www.one.org\/fr\/actualites\/acces-au-vaccin-covid-19-qui-defend-la-solidarite-internationale-juin-2021\/#primaryimage"},"thumbnailUrl":"https:\/\/www.one.org\/fr\/wp-content\/uploads\/sites\/4\/2021\/06\/VAT_Blog_feature_1200x1200_v1-1.png","articleSection":["ONE"],"inLanguage":"fr-FR","potentialAction":[{"@type":"CommentAction","name":"Comment","target":["https:\/\/www.one.org\/fr\/actualites\/acces-au-vaccin-covid-19-qui-defend-la-solidarite-internationale-juin-2021\/#respond"]}]},{"@type":"WebPage","@id":"https:\/\/www.one.org\/fr\/actualites\/acces-au-vaccin-covid-19-qui-defend-la-solidarite-internationale-juin-2021\/","url":"https:\/\/www.one.org\/fr\/actualites\/acces-au-vaccin-covid-19-qui-defend-la-solidarite-internationale-juin-2021\/","name":"Acc\u00e8s au vaccin COVID-19 : qui d\u00e9fend la solidarit\u00e9 internationale ? (Juin 2021) - ONE.org France","isPartOf":{"@id":"https:\/\/www.one.org\/fr\/#website"},"primaryImageOfPage":{"@id":"https:\/\/www.one.org\/fr\/actualites\/acces-au-vaccin-covid-19-qui-defend-la-solidarite-internationale-juin-2021\/#primaryimage"},"image":{"@id":"https:\/\/www.one.org\/fr\/actualites\/acces-au-vaccin-covid-19-qui-defend-la-solidarite-internationale-juin-2021\/#primaryimage"},"thumbnailUrl":"https:\/\/www.one.org\/fr\/wp-content\/uploads\/sites\/4\/2021\/06\/VAT_Blog_feature_1200x1200_v1-1.png","datePublished":"2021-06-22T15:41:56+00:00","dateModified":"2024-04-23T12:35:27+00:00","author":{"@id":""},"description":"D\u00e9couvrez notre test d\u2019acc\u00e8s au vaccin pour le mois de juin 2021 qui vise \u00e0 \u00e9valuer les l\u2019acc\u00e8s \u00e9quitable au vaccin COVID-19.","breadcrumb":{"@id":"https:\/\/www.one.org\/fr\/actualites\/acces-au-vaccin-covid-19-qui-defend-la-solidarite-internationale-juin-2021\/#breadcrumb"},"inLanguage":"fr-FR","potentialAction":[{"@type":"ReadAction","target":["https:\/\/www.one.org\/fr\/actualites\/acces-au-vaccin-covid-19-qui-defend-la-solidarite-internationale-juin-2021\/"]}]},{"@type":"ImageObject","inLanguage":"fr-FR","@id":"https:\/\/www.one.org\/fr\/actualites\/acces-au-vaccin-covid-19-qui-defend-la-solidarite-internationale-juin-2021\/#primaryimage","url":"https:\/\/www.one.org\/fr\/wp-content\/uploads\/sites\/4\/2021\/06\/VAT_Blog_feature_1200x1200_v1-1.png","contentUrl":"https:\/\/www.one.org\/fr\/wp-content\/uploads\/sites\/4\/2021\/06\/VAT_Blog_feature_1200x1200_v1-1.png","width":1080,"height":1080},{"@type":"BreadcrumbList","@id":"https:\/\/www.one.org\/fr\/actualites\/acces-au-vaccin-covid-19-qui-defend-la-solidarite-internationale-juin-2021\/#breadcrumb","itemListElement":[{"@type":"ListItem","position":1,"name":"Home","item":"https:\/\/www.one.org\/fr\/"},{"@type":"ListItem","position":2,"name":"Acc\u00e8s au vaccin COVID-19 : qui d\u00e9fend la solidarit\u00e9 internationale ? (Juin 2021)"}]},{"@type":"WebSite","@id":"https:\/\/www.one.org\/fr\/#website","url":"https:\/\/www.one.org\/fr\/","name":"ONE.org","description":"Cr\u00e9er des opportunit\u00e9s \u00e9conomiques et am\u00e9liorer la sant\u00e9 en Afrique","potentialAction":[{"@type":"SearchAction","target":{"@type":"EntryPoint","urlTemplate":"https:\/\/www.one.org\/fr\/?s={search_term_string}"},"query-input":{"@type":"PropertyValueSpecification","valueRequired":true,"valueName":"search_term_string"}}],"inLanguage":"fr-FR"}]}},"distributor_meta":false,"distributor_terms":false,"distributor_media":false,"distributor_original_site_name":"ONE.org France","distributor_original_site_url":"https:\/\/www.one.org\/fr","push-errors":false,"_links":{"self":[{"href":"https:\/\/www.one.org\/fr\/wp-json\/wp\/v2\/posts\/162490","targetHints":{"allow":["GET"]}}],"collection":[{"href":"https:\/\/www.one.org\/fr\/wp-json\/wp\/v2\/posts"}],"about":[{"href":"https:\/\/www.one.org\/fr\/wp-json\/wp\/v2\/types\/post"}],"replies":[{"embeddable":true,"href":"https:\/\/www.one.org\/fr\/wp-json\/wp\/v2\/comments?post=162490"}],"version-history":[{"count":0,"href":"https:\/\/www.one.org\/fr\/wp-json\/wp\/v2\/posts\/162490\/revisions"}],"wp:featuredmedia":[{"embeddable":true,"href":"https:\/\/www.one.org\/fr\/wp-json\/wp\/v2\/media\/163091"}],"wp:attachment":[{"href":"https:\/\/www.one.org\/fr\/wp-json\/wp\/v2\/media?parent=162490"}],"wp:term":[{"taxonomy":"category","embeddable":true,"href":"https:\/\/www.one.org\/fr\/wp-json\/wp\/v2\/categories?post=162490"},{"taxonomy":"post_tag","embeddable":true,"href":"https:\/\/www.one.org\/fr\/wp-json\/wp\/v2\/tags?post=162490"},{"taxonomy":"topic","embeddable":true,"href":"https:\/\/www.one.org\/fr\/wp-json\/wp\/v2\/topic?post=162490"},{"taxonomy":"contributor","embeddable":true,"href":"https:\/\/www.one.org\/fr\/wp-json\/wp\/v2\/contributor?post=162490"},{"taxonomy":"one_content_audience","embeddable":true,"href":"https:\/\/www.one.org\/fr\/wp-json\/wp\/v2\/one_content_audience?post=162490"},{"taxonomy":"one_content_type","embeddable":true,"href":"https:\/\/www.one.org\/fr\/wp-json\/wp\/v2\/one_content_type?post=162490"},{"taxonomy":"one_content_tone","embeddable":true,"href":"https:\/\/www.one.org\/fr\/wp-json\/wp\/v2\/one_content_tone?post=162490"}],"curies":[{"name":"wp","href":"https:\/\/api.w.org\/{rel}","templated":true}]}}