{"id":162488,"date":"2021-06-15T09:58:44","date_gmt":"2021-06-15T09:58:44","guid":{"rendered":"https:\/\/www.one.org\/fr\/sommet-du-g7-une-occasion-manquee\/"},"modified":"2024-04-23T12:35:30","modified_gmt":"2024-04-23T12:35:30","slug":"sommet-du-g7-une-occasion-manquee","status":"publish","type":"post","link":"https:\/\/www.one.org\/fr\/actualites\/sommet-du-g7-une-occasion-manquee\/","title":{"rendered":"Sommet du G7 : Une occasion manqu\u00e9e"},"content":{"rendered":"<p>Le week-end dernier, l&rsquo;Angleterre, le pays qui a accueilli le Sommet du G7 &agrave; Carbis Bay en Cornouailles, a d&eacute;but&eacute; <a href=\"https:\/\/www.one.org\/fr\/blog\/one-euro-2020\/\">l&rsquo;Euro de football<\/a> avec une victoire. Malheureusement, les engagements pris par les dirigeants du G7 ne constituaient absolument pas une victoire. Dans la lutte pour mettre fin &agrave; la pand&eacute;mie et s&rsquo;attaquer &agrave; la pauvret&eacute; mondiale, les dirigeants ont rat&eacute; une occasion d&eacute;cisive !<\/p>\n<p>L&rsquo;OMS appelle &agrave; vacciner 70 % de la population mondiale d&rsquo;ici l&rsquo;ann&eacute;e prochaine. Mais les engagements pris par les dirigeants du G7 le week-end dernier permettraient de fournir les doses n&eacute;cessaires &agrave; la vaccination de seulement 10,3 % de la population des pays &agrave; revenu faible ou interm&eacute;diaire d&rsquo;ici juin 2022.<\/p>\n<p>Plus particuli&egrave;rement, la France s&rsquo;est engag&eacute;e &agrave; partager 60 millions de doses d&rsquo;ici la fin de l&rsquo;ann&eacute;e, au lieu des 30 millions initialement pr&eacute;vus. Une annonce bienvenue mais encore insuffisante : d&rsquo;ici l&rsquo;automne, la France aura <a href=\"https:\/\/twitter.com\/ONE_Fr\/status\/1404087497165086727\">130 millions de doses exc&eacute;dentaires<\/a> sur les bras !<\/p>\n<p>Ma&eacute; Kurkjian, directrice par int&eacute;rim de ONE France <a href=\"https:\/\/www.one.org\/fr\/press\/reaction-de-one-au-communique-final-du-g7-cornouailles\/\">a d&eacute;clar&eacute;<\/a> : &ldquo;Le plan du G7, pr&eacute;sent&eacute; comme un accord historique visant &agrave; donner 1 milliard de doses aux pays &agrave; revenu faible et interm&eacute;diaire, fournira en fait suffisamment de doses pour vacciner environ 200 millions de personnes, seulement, soit 5,4 % de la population totale des pays pauvres d&rsquo;ici la fin de l&rsquo;ann&eacute;e.&rdquo;<\/p>\n<p>&ldquo;Ce sommet n&rsquo;a pas &eacute;t&eacute; le moment historique que l&rsquo;on esp&eacute;rait&rdquo;, <a href=\"https:\/\/www.one.org\/fr\/press\/reaction-de-one-au-communique-final-du-g7-cornouailles\/\">a r&eacute;agi Edwin Ikhuoria<\/a>, directeur de ONE en Afrique. &ldquo;Des milliards de personnes, en particulier celles vivant dans les pays les plus vuln&eacute;rables, restent donc dangereusement expos&eacute;es et attendent toujours un v&eacute;ritable plan pour sortir le monde de cette crise.&rdquo;<\/p>\n<h3><strong>Quand ONE s&rsquo;invite au G7<\/strong><\/h3>\n<p>Depuis plusieurs mois, nous plaidons en faveur d&rsquo;un acc&egrave;s mondial aux vaccins COVID-19. En amont de ce Sommet crucial, nous avons fait en sorte que les dirigeants du G7 entendent notre message haut et fort. Voici un aper&ccedil;u des actions que nos &eacute;quipes ont r&eacute;alis&eacute;es :<\/p>\n<p>&Agrave; deux jours du G7, notre directrice par int&eacute;rim Ma&eacute; Kurkjian a eu l&rsquo;opportunit&eacute; d&rsquo;&eacute;changer avec le Pr&eacute;sident de la R&eacute;publique aux c&ocirc;t&eacute;s d&rsquo;autres repr&eacute;sentants d&rsquo;ONG afin de discuter de l&rsquo;acc&egrave;s aux vaccins : partage de doses, financement des initiatives multilat&eacute;rales, droits de propri&eacute;t&eacute; intellectuelle, capacit&eacute;s de production&hellip; aucun sujet n&rsquo;a &eacute;t&eacute; laiss&eacute; de c&ocirc;t&eacute; !<\/p>\n<p>Nous avons &eacute;galement profit&eacute; de ce moment pour <a href=\"https:\/\/act.one.org\/sign\/share-vaccine-dose-petition-fr\/\">remettre notre p&eacute;tition<\/a> &agrave; Emmanuel Macron. Nous nous sommes assur&eacute;s de lui faire part de la demande de pr&egrave;s de 40 000 de nos soutiens : la France et les pays du G7 doivent partager en urgence leur surplus de doses avec les pays les plus pauvres. Merci &agrave; toutes et tous pour votre mobilisation !<\/p>\n<p><img decoding=\"async\" loading=\"lazy\" class=\"aligncenter size-full wp-image-154461\" src=\"https:\/\/cdn.one.org\/fr\/wp-content\/uploads\/2021\/06\/15094711\/France_Dose_Sharing_email_600x300.jpg\" alt=\"\" width=\"600\" height=\"300\"><\/p>\n<p>Une fois le G7 lanc&eacute;, nos &eacute;quipes en Angleterre ont tenu &agrave; comm&eacute;morer les vies perdues en raison de la pand&eacute;mie. Marta Capa, jeune Ambassadrice de ONE, a confectionn&eacute; <a href=\"https:\/\/twitter.com\/ONECampaign\/status\/1403732385959718913\/photo\/1\">un masque g&eacute;ant<\/a> (&agrave; partir de masques usag&eacute;s recycl&eacute;s) pour faire passer notre message aux dirigeants du G7 : sans un vaccin accessible &agrave; tous, le virus reste un danger pour tous. Edwin Ikhuoria, directeur de ONE en Afrique, a &eacute;galement pris la parole <a href=\"https:\/\/twitter.com\/ONEintheUK\/status\/1403485035555131393\">lors d&rsquo;une veill&eacute;e comm&eacute;morative<\/a>.<\/p>\n<div id=\"attachment_154466\" style=\"width: 603px\" class=\"wp-caption aligncenter\"><img decoding=\"async\" aria-describedby=\"caption-attachment-154466\" loading=\"lazy\" class=\"size-large wp-image-154466\" src=\"https:\/\/cdn.one.org\/fr\/wp-content\/uploads\/2021\/06\/15135441\/2021-06-11_Crack_the_Crisis_vigil_G7_0125-640x427.jpg\" alt=\"\" width=\"593\" height=\"396\"><\/p>\n<p id=\"caption-attachment-154466\" class=\"wp-caption-text\">&copy;2021 Tom Nicholson<\/p>\n<\/p><\/div>\n<div id=\"attachment_154471\" style=\"width: 603px\" class=\"wp-caption aligncenter\"><img decoding=\"async\" aria-describedby=\"caption-attachment-154471\" loading=\"lazy\" class=\"size-large wp-image-154471\" src=\"https:\/\/cdn.one.org\/fr\/wp-content\/uploads\/2021\/06\/15175325\/GiJ-CrackTheCrises-055-640x427.jpg\" alt=\"\" width=\"593\" height=\"396\"><\/p>\n<p id=\"caption-attachment-154471\" class=\"wp-caption-text\">&copy; 2021 Gareth Iwan Jones<\/p>\n<\/p><\/div>\n<p>Avant le Sommet, nous avons partag&eacute; notre bingo sp&eacute;cial G7, en indiquant les actions n&eacute;cessaires que les dirigeants du G7 devaient prendre pour faire de ce Sommet une r&eacute;ussite. &Agrave; la fin du Sommet, nous avons mis &agrave; jour notre bingo et une chose &eacute;tait claire : les dirigeants du G7 ont rat&eacute; le coche, obtenant un maigre score de 2\/24.<\/p>\n<h3><strong>Un but contre son camp pour l&rsquo;&eacute;ducation<\/strong><\/h3>\n<p>Les vaccins ont &eacute;t&eacute; le principal sujet abord&eacute; lors du Sommet, mais le financement de l&rsquo;&eacute;ducation mondiale a &eacute;galement &eacute;t&eacute; d&eacute;battu. Les dirigeants du G7 et de l&rsquo;UE se sont mis d&rsquo;accord sur une promesse commune de 2,75 milliards de dollars en vue de la prochaine conf&eacute;rence de reconstitution des ressources du Partenariat mondial pour l&rsquo;&eacute;ducation (PME), ce qui est bien inf&eacute;rieur aux 70 % (3,5 milliards de dollars) fix&eacute;s par le PME sur les 5 milliards de dollars demand&eacute;s.<\/p>\n<p>La France a, quant &agrave; elle, annonc&eacute; une contribution de 333 millions d&rsquo;euros au PME, dont 50 % pour l&rsquo;&eacute;ducation des filles. Cette annonce est <a href=\"https:\/\/twitter.com\/ONE_Fr\/status\/1404089337525030914\">loin d&rsquo;&ecirc;tre &agrave; la hauteur<\/a> : cela repr&eacute;sente un maintien de la contribution fran&ccedil;aise par rapport au montant de 2018, alors que les cons&eacute;quences de la pand&eacute;mie sur l&rsquo;&eacute;ducation mondiale n&eacute;cessitent une augmentation urgente des financements.<\/p>\n<p>Nous continuons notre mobilisation ! Nous ferons tout pour obtenir les 500 millions d&rsquo;euros demand&eacute;s par le PME &agrave; la France d&rsquo;ici au Forum G&eacute;n&eacute;ration &Eacute;galit&eacute; qui se tiendra &agrave; Paris du 30 juin au 2 juillet, date &agrave; laquelle le Pr&eacute;sident devrait d&eacute;tailler les annonces de financement du gouvernement.<\/p>\n<p><strong>Le G7 est termin&eacute; mais notre mobilisation pour un leadership mondial fort durant et apr&egrave;s cette pand&eacute;mie se poursuit. Alors que les pays europ&eacute;ens s&rsquo;affrontent pendant le tournoi de l&rsquo;Euro, nous nous concentrerons sur leurs performances en tant que leaders dans la lutte contre la pauvret&eacute; mondiale et la pand&eacute;mie de COVID-19. <a href=\"https:\/\/www.one.org\/fr\/blog\/one-euro-2020\/\">En savoir plus.<\/a><\/strong><\/p>\n<div class=\"buffer\"><\/div>\n<div class=\"buffer\"><\/div>","protected":false},"excerpt":{"rendered":"<p>Le week-end dernier, l&rsquo;Angleterre, le pays qui a accueilli le Sommet du G7 &agrave; Carbis Bay en Cornouailles, a d&eacute;but&eacute; l&rsquo;Euro de football avec une victoire. Malheureusement, les engagements pris par les dirigeants du G7 ne constituaient absolument pas une victoire. Dans la lutte pour mettre fin &agrave; la pand&eacute;mie et s&rsquo;attaquer &agrave; la pauvret&eacute; [&hellip;]<\/p>\n","protected":false},"author":0,"featured_media":163095,"comment_status":"open","ping_status":"open","sticky":false,"template":"","format":"standard","meta":{"_acf_changed":false,"_relevanssi_hide_post":"","_relevanssi_hide_content":"","_relevanssi_pin_for_all":"","_relevanssi_pin_keywords":"","_relevanssi_unpin_keywords":"","_relevanssi_related_keywords":"","_relevanssi_related_include_ids":"","_relevanssi_related_exclude_ids":"","_relevanssi_related_no_append":"","_relevanssi_related_not_related":"","_relevanssi_related_posts":"","_relevanssi_noindex_reason":"","footnotes":""},"categories":[34],"tags":[],"topic":[42,35],"contributor":[43,62],"one_content_audience":[],"one_content_type":[],"one_content_tone":[],"class_list":["post-162488","post","type-post","status-publish","format-standard","has-post-thumbnail","hentry","category-one","topic-covid-19","topic-education","contributor-dana-khalil","contributor-marie-bellanger"],"acf":[],"yoast_head":"<!-- This site is optimized with the Yoast SEO Premium plugin v27.1 (Yoast SEO v27.1.1) - https:\/\/yoast.com\/product\/yoast-seo-premium-wordpress\/ -->\n<title>Sommet du G7 : Une occasion manqu\u00e9e - ONE.org France<\/title>\n<meta name=\"description\" content=\"Dans la lutte pour mettre fin \u00e0 la pand\u00e9mie et s&#039;attaquer \u00e0 la pauvret\u00e9 mondiale, les dirigeants du G7 ont rat\u00e9 une occasion d\u00e9cisive !\" \/>\n<meta name=\"robots\" content=\"index, follow, max-snippet:-1, max-image-preview:large, max-video-preview:-1\" \/>\n<link rel=\"canonical\" href=\"https:\/\/www.one.org\/fr\/actualites\/sommet-du-g7-une-occasion-manquee\/\" \/>\n<meta property=\"og:locale\" content=\"fr_FR\" \/>\n<meta property=\"og:type\" content=\"article\" \/>\n<meta property=\"og:title\" content=\"Sommet du G7 : Une occasion manqu\u00e9e\" \/>\n<meta property=\"og:description\" content=\"Dans la lutte pour mettre fin \u00e0 la pand\u00e9mie et s&#039;attaquer \u00e0 la pauvret\u00e9 mondiale, les dirigeants du G7 ont rat\u00e9 une occasion d\u00e9cisive !\" \/>\n<meta property=\"og:url\" content=\"https:\/\/www.one.org\/fr\/actualites\/sommet-du-g7-une-occasion-manquee\/\" \/>\n<meta property=\"og:site_name\" content=\"ONE.org France\" \/>\n<meta property=\"article:publisher\" content=\"https:\/\/www.facebook.com\/ONE.Fr\" \/>\n<meta property=\"article:published_time\" content=\"2021-06-15T09:58:44+00:00\" \/>\n<meta property=\"article:modified_time\" content=\"2024-04-23T12:35:30+00:00\" \/>\n<meta property=\"og:image\" content=\"https:\/\/www.one.org\/fr\/wp-content\/uploads\/sites\/4\/2021\/06\/ONE_Euros_2021_featured2_1200x1200.png\" \/>\n\t<meta property=\"og:image:width\" content=\"1201\" \/>\n\t<meta property=\"og:image:height\" content=\"1201\" \/>\n\t<meta property=\"og:image:type\" content=\"image\/png\" \/>\n<meta name=\"twitter:card\" content=\"summary_large_image\" \/>\n<meta name=\"twitter:creator\" content=\"@one_fr\" \/>\n<meta name=\"twitter:site\" content=\"@one_fr\" \/>\n<meta name=\"twitter:label1\" content=\"Est. reading time\" \/>\n\t<meta name=\"twitter:data1\" content=\"5 minutes\" \/>\n<script type=\"application\/ld+json\" class=\"yoast-schema-graph\">{\"@context\":\"https:\/\/schema.org\",\"@graph\":[{\"@type\":\"Article\",\"@id\":\"https:\/\/www.one.org\/fr\/actualites\/sommet-du-g7-une-occasion-manquee\/#article\",\"isPartOf\":{\"@id\":\"https:\/\/www.one.org\/fr\/actualites\/sommet-du-g7-une-occasion-manquee\/\"},\"author\":{\"name\":\"\",\"@id\":\"\"},\"headline\":\"Sommet du G7 : Une occasion manqu\u00e9e\",\"datePublished\":\"2021-06-15T09:58:44+00:00\",\"dateModified\":\"2024-04-23T12:35:30+00:00\",\"mainEntityOfPage\":{\"@id\":\"https:\/\/www.one.org\/fr\/actualites\/sommet-du-g7-une-occasion-manquee\/\"},\"wordCount\":1072,\"commentCount\":0,\"image\":{\"@id\":\"https:\/\/www.one.org\/fr\/actualites\/sommet-du-g7-une-occasion-manquee\/#primaryimage\"},\"thumbnailUrl\":\"https:\/\/www.one.org\/fr\/wp-content\/uploads\/sites\/4\/2021\/06\/ONE_Euros_2021_featured2_1200x1200.png\",\"articleSection\":[\"ONE\"],\"inLanguage\":\"fr-FR\",\"potentialAction\":[{\"@type\":\"CommentAction\",\"name\":\"Comment\",\"target\":[\"https:\/\/www.one.org\/fr\/actualites\/sommet-du-g7-une-occasion-manquee\/#respond\"]}]},{\"@type\":\"WebPage\",\"@id\":\"https:\/\/www.one.org\/fr\/actualites\/sommet-du-g7-une-occasion-manquee\/\",\"url\":\"https:\/\/www.one.org\/fr\/actualites\/sommet-du-g7-une-occasion-manquee\/\",\"name\":\"Sommet du G7 : Une occasion manqu\u00e9e - ONE.org France\",\"isPartOf\":{\"@id\":\"https:\/\/www.one.org\/fr\/#website\"},\"primaryImageOfPage\":{\"@id\":\"https:\/\/www.one.org\/fr\/actualites\/sommet-du-g7-une-occasion-manquee\/#primaryimage\"},\"image\":{\"@id\":\"https:\/\/www.one.org\/fr\/actualites\/sommet-du-g7-une-occasion-manquee\/#primaryimage\"},\"thumbnailUrl\":\"https:\/\/www.one.org\/fr\/wp-content\/uploads\/sites\/4\/2021\/06\/ONE_Euros_2021_featured2_1200x1200.png\",\"datePublished\":\"2021-06-15T09:58:44+00:00\",\"dateModified\":\"2024-04-23T12:35:30+00:00\",\"author\":{\"@id\":\"\"},\"description\":\"Dans la lutte pour mettre fin \u00e0 la pand\u00e9mie et s'attaquer \u00e0 la pauvret\u00e9 mondiale, les dirigeants du G7 ont rat\u00e9 une occasion d\u00e9cisive !\",\"breadcrumb\":{\"@id\":\"https:\/\/www.one.org\/fr\/actualites\/sommet-du-g7-une-occasion-manquee\/#breadcrumb\"},\"inLanguage\":\"fr-FR\",\"potentialAction\":[{\"@type\":\"ReadAction\",\"target\":[\"https:\/\/www.one.org\/fr\/actualites\/sommet-du-g7-une-occasion-manquee\/\"]}]},{\"@type\":\"ImageObject\",\"inLanguage\":\"fr-FR\",\"@id\":\"https:\/\/www.one.org\/fr\/actualites\/sommet-du-g7-une-occasion-manquee\/#primaryimage\",\"url\":\"https:\/\/www.one.org\/fr\/wp-content\/uploads\/sites\/4\/2021\/06\/ONE_Euros_2021_featured2_1200x1200.png\",\"contentUrl\":\"https:\/\/www.one.org\/fr\/wp-content\/uploads\/sites\/4\/2021\/06\/ONE_Euros_2021_featured2_1200x1200.png\",\"width\":1201,\"height\":1201},{\"@type\":\"BreadcrumbList\",\"@id\":\"https:\/\/www.one.org\/fr\/actualites\/sommet-du-g7-une-occasion-manquee\/#breadcrumb\",\"itemListElement\":[{\"@type\":\"ListItem\",\"position\":1,\"name\":\"Home\",\"item\":\"https:\/\/www.one.org\/fr\/\"},{\"@type\":\"ListItem\",\"position\":2,\"name\":\"Sommet du G7 : Une occasion manqu\u00e9e\"}]},{\"@type\":\"WebSite\",\"@id\":\"https:\/\/www.one.org\/fr\/#website\",\"url\":\"https:\/\/www.one.org\/fr\/\",\"name\":\"ONE.org\",\"description\":\"Cr\u00e9er des opportunit\u00e9s \u00e9conomiques et am\u00e9liorer la sant\u00e9 en Afrique\",\"potentialAction\":[{\"@type\":\"SearchAction\",\"target\":{\"@type\":\"EntryPoint\",\"urlTemplate\":\"https:\/\/www.one.org\/fr\/?s={search_term_string}\"},\"query-input\":{\"@type\":\"PropertyValueSpecification\",\"valueRequired\":true,\"valueName\":\"search_term_string\"}}],\"inLanguage\":\"fr-FR\"}]}<\/script>\n<!-- \/ Yoast SEO Premium plugin. -->","yoast_head_json":{"title":"Sommet du G7 : Une occasion manqu\u00e9e - ONE.org France","description":"Dans la lutte pour mettre fin \u00e0 la pand\u00e9mie et s'attaquer \u00e0 la pauvret\u00e9 mondiale, les dirigeants du G7 ont rat\u00e9 une occasion d\u00e9cisive !","robots":{"index":"index","follow":"follow","max-snippet":"max-snippet:-1","max-image-preview":"max-image-preview:large","max-video-preview":"max-video-preview:-1"},"canonical":"https:\/\/www.one.org\/fr\/actualites\/sommet-du-g7-une-occasion-manquee\/","og_locale":"fr_FR","og_type":"article","og_title":"Sommet du G7 : Une occasion manqu\u00e9e","og_description":"Dans la lutte pour mettre fin \u00e0 la pand\u00e9mie et s'attaquer \u00e0 la pauvret\u00e9 mondiale, les dirigeants du G7 ont rat\u00e9 une occasion d\u00e9cisive !","og_url":"https:\/\/www.one.org\/fr\/actualites\/sommet-du-g7-une-occasion-manquee\/","og_site_name":"ONE.org France","article_publisher":"https:\/\/www.facebook.com\/ONE.Fr","article_published_time":"2021-06-15T09:58:44+00:00","article_modified_time":"2024-04-23T12:35:30+00:00","og_image":[{"width":1201,"height":1201,"url":"https:\/\/www.one.org\/fr\/wp-content\/uploads\/sites\/4\/2021\/06\/ONE_Euros_2021_featured2_1200x1200.png","type":"image\/png"}],"twitter_card":"summary_large_image","twitter_creator":"@one_fr","twitter_site":"@one_fr","twitter_misc":{"Est. reading time":"5 minutes"},"schema":{"@context":"https:\/\/schema.org","@graph":[{"@type":"Article","@id":"https:\/\/www.one.org\/fr\/actualites\/sommet-du-g7-une-occasion-manquee\/#article","isPartOf":{"@id":"https:\/\/www.one.org\/fr\/actualites\/sommet-du-g7-une-occasion-manquee\/"},"author":{"name":"","@id":""},"headline":"Sommet du G7 : Une occasion manqu\u00e9e","datePublished":"2021-06-15T09:58:44+00:00","dateModified":"2024-04-23T12:35:30+00:00","mainEntityOfPage":{"@id":"https:\/\/www.one.org\/fr\/actualites\/sommet-du-g7-une-occasion-manquee\/"},"wordCount":1072,"commentCount":0,"image":{"@id":"https:\/\/www.one.org\/fr\/actualites\/sommet-du-g7-une-occasion-manquee\/#primaryimage"},"thumbnailUrl":"https:\/\/www.one.org\/fr\/wp-content\/uploads\/sites\/4\/2021\/06\/ONE_Euros_2021_featured2_1200x1200.png","articleSection":["ONE"],"inLanguage":"fr-FR","potentialAction":[{"@type":"CommentAction","name":"Comment","target":["https:\/\/www.one.org\/fr\/actualites\/sommet-du-g7-une-occasion-manquee\/#respond"]}]},{"@type":"WebPage","@id":"https:\/\/www.one.org\/fr\/actualites\/sommet-du-g7-une-occasion-manquee\/","url":"https:\/\/www.one.org\/fr\/actualites\/sommet-du-g7-une-occasion-manquee\/","name":"Sommet du G7 : Une occasion manqu\u00e9e - ONE.org France","isPartOf":{"@id":"https:\/\/www.one.org\/fr\/#website"},"primaryImageOfPage":{"@id":"https:\/\/www.one.org\/fr\/actualites\/sommet-du-g7-une-occasion-manquee\/#primaryimage"},"image":{"@id":"https:\/\/www.one.org\/fr\/actualites\/sommet-du-g7-une-occasion-manquee\/#primaryimage"},"thumbnailUrl":"https:\/\/www.one.org\/fr\/wp-content\/uploads\/sites\/4\/2021\/06\/ONE_Euros_2021_featured2_1200x1200.png","datePublished":"2021-06-15T09:58:44+00:00","dateModified":"2024-04-23T12:35:30+00:00","author":{"@id":""},"description":"Dans la lutte pour mettre fin \u00e0 la pand\u00e9mie et s'attaquer \u00e0 la pauvret\u00e9 mondiale, les dirigeants du G7 ont rat\u00e9 une occasion d\u00e9cisive !","breadcrumb":{"@id":"https:\/\/www.one.org\/fr\/actualites\/sommet-du-g7-une-occasion-manquee\/#breadcrumb"},"inLanguage":"fr-FR","potentialAction":[{"@type":"ReadAction","target":["https:\/\/www.one.org\/fr\/actualites\/sommet-du-g7-une-occasion-manquee\/"]}]},{"@type":"ImageObject","inLanguage":"fr-FR","@id":"https:\/\/www.one.org\/fr\/actualites\/sommet-du-g7-une-occasion-manquee\/#primaryimage","url":"https:\/\/www.one.org\/fr\/wp-content\/uploads\/sites\/4\/2021\/06\/ONE_Euros_2021_featured2_1200x1200.png","contentUrl":"https:\/\/www.one.org\/fr\/wp-content\/uploads\/sites\/4\/2021\/06\/ONE_Euros_2021_featured2_1200x1200.png","width":1201,"height":1201},{"@type":"BreadcrumbList","@id":"https:\/\/www.one.org\/fr\/actualites\/sommet-du-g7-une-occasion-manquee\/#breadcrumb","itemListElement":[{"@type":"ListItem","position":1,"name":"Home","item":"https:\/\/www.one.org\/fr\/"},{"@type":"ListItem","position":2,"name":"Sommet du G7 : Une occasion manqu\u00e9e"}]},{"@type":"WebSite","@id":"https:\/\/www.one.org\/fr\/#website","url":"https:\/\/www.one.org\/fr\/","name":"ONE.org","description":"Cr\u00e9er des opportunit\u00e9s \u00e9conomiques et am\u00e9liorer la sant\u00e9 en Afrique","potentialAction":[{"@type":"SearchAction","target":{"@type":"EntryPoint","urlTemplate":"https:\/\/www.one.org\/fr\/?s={search_term_string}"},"query-input":{"@type":"PropertyValueSpecification","valueRequired":true,"valueName":"search_term_string"}}],"inLanguage":"fr-FR"}]}},"distributor_meta":false,"distributor_terms":false,"distributor_media":false,"distributor_original_site_name":"ONE.org France","distributor_original_site_url":"https:\/\/www.one.org\/fr","push-errors":false,"_links":{"self":[{"href":"https:\/\/www.one.org\/fr\/wp-json\/wp\/v2\/posts\/162488","targetHints":{"allow":["GET"]}}],"collection":[{"href":"https:\/\/www.one.org\/fr\/wp-json\/wp\/v2\/posts"}],"about":[{"href":"https:\/\/www.one.org\/fr\/wp-json\/wp\/v2\/types\/post"}],"replies":[{"embeddable":true,"href":"https:\/\/www.one.org\/fr\/wp-json\/wp\/v2\/comments?post=162488"}],"version-history":[{"count":0,"href":"https:\/\/www.one.org\/fr\/wp-json\/wp\/v2\/posts\/162488\/revisions"}],"wp:featuredmedia":[{"embeddable":true,"href":"https:\/\/www.one.org\/fr\/wp-json\/wp\/v2\/media\/163095"}],"wp:attachment":[{"href":"https:\/\/www.one.org\/fr\/wp-json\/wp\/v2\/media?parent=162488"}],"wp:term":[{"taxonomy":"category","embeddable":true,"href":"https:\/\/www.one.org\/fr\/wp-json\/wp\/v2\/categories?post=162488"},{"taxonomy":"post_tag","embeddable":true,"href":"https:\/\/www.one.org\/fr\/wp-json\/wp\/v2\/tags?post=162488"},{"taxonomy":"topic","embeddable":true,"href":"https:\/\/www.one.org\/fr\/wp-json\/wp\/v2\/topic?post=162488"},{"taxonomy":"contributor","embeddable":true,"href":"https:\/\/www.one.org\/fr\/wp-json\/wp\/v2\/contributor?post=162488"},{"taxonomy":"one_content_audience","embeddable":true,"href":"https:\/\/www.one.org\/fr\/wp-json\/wp\/v2\/one_content_audience?post=162488"},{"taxonomy":"one_content_type","embeddable":true,"href":"https:\/\/www.one.org\/fr\/wp-json\/wp\/v2\/one_content_type?post=162488"},{"taxonomy":"one_content_tone","embeddable":true,"href":"https:\/\/www.one.org\/fr\/wp-json\/wp\/v2\/one_content_tone?post=162488"}],"curies":[{"name":"wp","href":"https:\/\/api.w.org\/{rel}","templated":true}]}}