{"id":162485,"date":"2021-05-25T08:00:31","date_gmt":"2021-05-25T08:00:31","guid":{"rendered":"https:\/\/www.one.org\/fr\/mieux-comprendre-la-crise-de-leducation-un-outil-de-data-visualisation-exclusif\/"},"modified":"2024-04-23T12:35:36","modified_gmt":"2024-04-23T12:35:36","slug":"mieux-comprendre-la-crise-de-leducation-un-outil-de-data-visualisation-exclusif","status":"publish","type":"post","link":"https:\/\/www.one.org\/fr\/actualites\/mieux-comprendre-la-crise-de-leducation-un-outil-de-data-visualisation-exclusif\/","title":{"rendered":"Mieux comprendre la crise de l\u2019\u00e9ducation : un outil de data visualisation exclusif !"},"content":{"rendered":"<p>Imaginez &ecirc;tre incapable de lire et de comprendre une histoire simple quand vous aviez 10 ans. En quoi votre vie serait-elle diff&eacute;rente aujourd&rsquo;hui ?<\/p>\n<p>A l&rsquo;&acirc;ge de 10 ans, les enfants cessent d&rsquo;apprendre &agrave; lire et commencent &agrave; lire pour apprendre. Cette &eacute;tape d&eacute;terminante pr&eacute;pare les enfants &agrave; &ecirc;tre en capacit&eacute; de suivre un apprentissage pour le reste de leur vie, et ainsi &ecirc;tre en mesure de gagner un revenu, innover, saisir les opportunit&eacute;s qui s&rsquo;offrent &agrave; eux et am&eacute;liorer leurs perspectives d&rsquo;avenir, contribuer au bon fonctionnement de la soci&eacute;t&eacute;, voire faire na&icirc;tre une nouvelle g&eacute;n&eacute;ration de vocations dans le corps m&eacute;dical ou enseignant.<\/p>\n<p>Pourtant, des millions d&rsquo;enfants ne franchissent pas cette &eacute;tape.<\/p>\n<h3><strong>L&rsquo;ampleur du probl&egrave;me<\/strong><\/h3>\n<p>Depuis que les dirigeants mondiaux ont adopt&eacute; les Objectifs de d&eacute;veloppement durable en 2015, pr&egrave;s de <strong>400&nbsp;millions d&rsquo;enfants<\/strong> ont atteint l&rsquo;&acirc;ge de 10 ans sans avoir acquis des comp&eacute;tences de base pour savoir lire et &eacute;crire. Et chaque seconde, ce chiffre augmente.<\/p>\n<p>Concr&egrave;tement, nous parlons de :<\/p>\n<ul>\n<li><strong>8 050 enfants par heure<\/strong>, ou assez d&rsquo;enfants pour remplir 29 &eacute;coles primaires britanniques.<\/li>\n<li>Plus de <strong>193 000 enfants par jour<\/strong>, ou quasiment deux fois la capacit&eacute; du stade Camp Nou, le plus grand stade de football d&rsquo;Europe.<\/li>\n<li>Plus d&rsquo;<strong>1,3 million d&rsquo;enfants par semaine<\/strong>, ou 50% des effectifs des &eacute;tablissements d&rsquo;enseignement secondaire au Canada.<\/li>\n<li>Presque <strong>6 millions d&rsquo;enfants par mois<\/strong>, ou la totalit&eacute; de la population de Johannesburg.<\/li>\n<li>Plus de <strong>70 millions d&rsquo;enfants en 2021<\/strong>, soit l&rsquo;&eacute;quivalent des populations combin&eacute;es du S&eacute;n&eacute;gal et du Kenya.<\/li>\n<\/ul>\n<p>Entre 2015 et 2030, plus d&rsquo;un milliard d&rsquo;enfants risquent de ne pas acqu&eacute;rir les comp&eacute;tences de base pour savoir lire et &eacute;crire &agrave; 10 ans.<\/p>\n<h3><strong>Comment suivons-nous l&rsquo;&eacute;volution ?<\/strong><\/h3>\n<p>Pour mesurer l&rsquo;ampleur de cette crise mondiale de l&rsquo;apprentissage, ONE, <a href=\"https:\/\/www.globalpartnership.org\/fr\">le Partenariat mondial pour l&rsquo;&eacute;ducation (PME)<\/a> et <a href=\"https:\/\/www.savethechildren.net\/\">Save the Children<\/a> ont lanc&eacute; le <a href=\"https:\/\/lostpotential.one.org\/fr\/\">Compteur de la crise de l&rsquo;&eacute;ducation<\/a>. Cet outil interactif combine les donn&eacute;es de la Banque mondiale et de l&rsquo;UNESCO sur la pauvret&eacute; des apprentissages avec les estimations d&eacute;mographiques de l&rsquo;ONU pour suivre, en temps r&eacute;el, le nombre croissant d&rsquo;enfants qui ne sont pas capables de lire et de comprendre une histoire simple &agrave; l&rsquo;&acirc;ge de 10 ans depuis 2015. Le Compteur encourage &eacute;galement les utilisateurs &agrave; se mettre &agrave; la place d&rsquo;un d&eacute;cideur politique et &agrave; observer directement la fa&ccedil;on dont un financement efficace peut aider &agrave; inverser le cours des choses pour les enfants. Derri&egrave;re chaque chiffre du Compteur se cache un enfant. Le Compteur de la crise de l&rsquo;&eacute;ducation comprend &eacute;galement des histoires personnelles d&rsquo;enfants, comme <a href=\"https:\/\/www.one.org\/fr\/blog\/pauvrete-covid-19-decrochage-scolaire-esther-okore\/\">Esther, qui sont touch&eacute;s par la crise.<\/a><\/p>\n<h3><strong>L&rsquo;importance des financements&nbsp;<\/strong><\/h3>\n<p>Un financement efficace qui cible les personnes qui en ont le plus besoin est une solution pour sortir de la crise. Chaque milliard de dollars investi dans l&rsquo;&eacute;ducation des pays &agrave; faible revenu, o&ugrave; 90% des enfants de 10 ans ne parviennent pas &agrave; acqu&eacute;rir les comp&eacute;tences de base pour savoir lire et &eacute;crire, peut permettre &agrave; plus de 8,6 millions d&rsquo;enfants d&rsquo;acqu&eacute;rir ces comp&eacute;tences &agrave; l&rsquo;&acirc;ge de 10 ans.<\/p>\n<p>L&rsquo;impact de ces investissements s&rsquo;inscrit au-del&agrave; de l&rsquo;avenir des enfants. Ils ont des cons&eacute;quences sur l&rsquo;avenir de nos soci&eacute;t&eacute;s. Chaque dollar investi dans l&rsquo;&eacute;ducation des pays &agrave; faible revenu pourrait entra&icirc;ner une croissance &eacute;conomique de 4,8 dollars US, g&eacute;n&eacute;rant ainsi des recettes fiscales suppl&eacute;mentaires et contribuant &agrave; r&eacute;duire la pauvret&eacute;. Chaque milliard de dollars investi dans les budgets d&rsquo;&eacute;ducation des pays &agrave; faible revenu contribuerait &agrave; sauver la vie de 175 000 personnes, &agrave; permettre &agrave; plus de 146 000 enfants de r&eacute;aliser leur plein potentiel et &agrave; &eacute;viter &agrave; environ 160 000 filles d&rsquo;&ecirc;tre victimes de mariages pr&eacute;coces.<\/p>\n<p>Mais malgr&eacute; le caract&egrave;re essentiel de ces financements, la r&eacute;alit&eacute; est toute autre : deux tiers des pays &agrave; faible revenu et des pays &agrave; revenu interm&eacute;diaire de la tranche inf&eacute;rieure <a href=\"https:\/\/pubdocs.worldbank.org\/en\/507681613998942297\/EFW-Report-2021-2-19.pdf\">ont r&eacute;duit leurs budgets d&eacute;di&eacute;s &agrave; l&rsquo;&eacute;ducation<\/a> depuis le d&eacute;but de la pand&eacute;mie de COVID-19, et il est estim&eacute; que l&rsquo;aide au d&eacute;veloppement allou&eacute;e &agrave; l&rsquo;&eacute;ducation <a href=\"https:\/\/fr.unesco.org\/news\/pandemie-covid-19-menace-dentrainer-retard-six-ans-laide-leducation-avertit-lunesco\">va baisser<\/a> de 12%.<\/p>\n<h3><strong>Comment agir ?<\/strong><\/h3>\n<p>Les gouvernements doivent financer l&rsquo;&eacute;ducation, en prenant soin de s&rsquo;adapter aux besoins des populations et de cibler de mani&egrave;re efficace les personnes les plus marginalis&eacute;es. Les prochains mois seront cruciaux pour atteindre cet objectif :<\/p>\n<ul>\n<li>&nbsp;Lors du Sommet du G7 qui se tiendra du 11 au 13 juin, les gouvernements du G7 doivent s&rsquo;engager &agrave; respecter les objectifs d&rsquo;&eacute;ducation internationaux propos&eacute;s par le Royaume-Uni afin que, d&rsquo;ici 2026, 40 millions de filles suppl&eacute;mentaires aient acc&egrave;s &agrave; une &eacute;ducation de qualit&eacute; et que 20 millions de filles suppl&eacute;mentaires sachent lire &agrave; l&rsquo;&acirc;ge de 10 ans.<\/li>\n<li><a href=\"https:\/\/raiseyourhand.globalpartnership.org\/index.php?lang=fr\">Levez la main<\/a> pour l&rsquo;&eacute;ducation et appelez les d&eacute;cideuses et d&eacute;cideurs politiques &agrave; financer le Partenariat mondial pour l&rsquo;&eacute;ducation lors du Sommet mondial sur l&rsquo;&eacute;ducation pr&eacute;vu les 28 et 29 juillet. L&rsquo;objectif de ce Partenariat est de rassembler au moins 5 milliards de dollars pour la p&eacute;riode 2021-2025 afin de moderniser les syst&egrave;mes &eacute;ducatifs dans 90 pays et territoires.<\/li>\n<li>Appelez les gouvernements des pays en d&eacute;veloppement &agrave; prot&eacute;ger leurs budgets d&rsquo;&eacute;ducation et &agrave; les d&eacute;penser de mani&egrave;re efficace, en ciblant les personnes les plus marginalis&eacute;es. Les gouvernements peuvent aussi s&rsquo;y engager dans le cadre du Sommet mondial sur l&rsquo;&eacute;ducation les 28 et 29 juillet.<\/li>\n<\/ul>\n<p><strong>D&eacute;couvrez le <a href=\"https:\/\/lostpotential.one.org\/fr\/\">Compteur de la crise de l&rsquo;&eacute;ducation<\/a>.<\/strong><\/p>\n<div class=\"buffer\"><\/div>","protected":false},"excerpt":{"rendered":"<p>Imaginez &ecirc;tre incapable de lire et de comprendre une histoire simple quand vous aviez 10 ans. En quoi votre vie serait-elle diff&eacute;rente aujourd&rsquo;hui ? A l&rsquo;&acirc;ge de 10 ans, les enfants cessent d&rsquo;apprendre &agrave; lire et commencent &agrave; lire pour apprendre. Cette &eacute;tape d&eacute;terminante pr&eacute;pare les enfants &agrave; &ecirc;tre en capacit&eacute; de suivre un apprentissage [&hellip;]<\/p>\n","protected":false},"author":0,"featured_media":163101,"comment_status":"open","ping_status":"open","sticky":false,"template":"","format":"standard","meta":{"_acf_changed":false,"_relevanssi_hide_post":"","_relevanssi_hide_content":"","_relevanssi_pin_for_all":"","_relevanssi_pin_keywords":"","_relevanssi_unpin_keywords":"","_relevanssi_related_keywords":"","_relevanssi_related_include_ids":"","_relevanssi_related_exclude_ids":"","_relevanssi_related_no_append":"","_relevanssi_related_not_related":"","_relevanssi_related_posts":"165045,165022,164979,164901,164801,164384","_relevanssi_noindex_reason":"","footnotes":""},"categories":[1],"tags":[],"topic":[35],"contributor":[33],"one_content_audience":[],"one_content_type":[],"one_content_tone":[],"class_list":["post-162485","post","type-post","status-publish","format-standard","has-post-thumbnail","hentry","category-uncategorized","topic-education","contributor-one-france"],"acf":[],"yoast_head":"<!-- This site is optimized with the Yoast SEO Premium plugin v27.1 (Yoast SEO v27.1.1) - https:\/\/yoast.com\/product\/yoast-seo-premium-wordpress\/ -->\n<title>Mieux comprendre la crise de l\u2019\u00e9ducation : un outil de data visualisation exclusif ! - ONE.org France<\/title>\n<meta name=\"description\" content=\"Pour mesurer l&#039;ampleur de la crise mondiale de l&#039;apprentissage, d\u00e9couvrez notre nouvel outil interactif, le Compteur de la crise de l\u2019\u00e9ducation.\" \/>\n<meta name=\"robots\" content=\"index, follow, max-snippet:-1, max-image-preview:large, max-video-preview:-1\" \/>\n<link rel=\"canonical\" href=\"https:\/\/www.one.org\/fr\/actualites\/mieux-comprendre-la-crise-de-leducation-un-outil-de-data-visualisation-exclusif\/\" \/>\n<meta property=\"og:locale\" content=\"fr_FR\" \/>\n<meta property=\"og:type\" content=\"article\" \/>\n<meta property=\"og:title\" content=\"Mieux comprendre la crise de l\u2019\u00e9ducation : un outil de data visualisation exclusif !\" \/>\n<meta property=\"og:description\" content=\"Pour mesurer l&#039;ampleur de la crise mondiale de l&#039;apprentissage, d\u00e9couvrez notre nouvel outil interactif, le Compteur de la crise de l\u2019\u00e9ducation.\" \/>\n<meta property=\"og:url\" content=\"https:\/\/www.one.org\/fr\/actualites\/mieux-comprendre-la-crise-de-leducation-un-outil-de-data-visualisation-exclusif\/\" \/>\n<meta property=\"og:site_name\" content=\"ONE.org France\" \/>\n<meta property=\"article:publisher\" content=\"https:\/\/www.facebook.com\/ONE.Fr\" \/>\n<meta property=\"article:published_time\" content=\"2021-05-25T08:00:31+00:00\" \/>\n<meta property=\"article:modified_time\" content=\"2024-04-23T12:35:36+00:00\" \/>\n<meta property=\"og:image\" content=\"https:\/\/www.one.org\/fr\/wp-content\/uploads\/sites\/4\/2021\/05\/lpt_2021_intro_1200x1200.png\" \/>\n\t<meta property=\"og:image:width\" content=\"1200\" \/>\n\t<meta property=\"og:image:height\" content=\"1200\" \/>\n\t<meta property=\"og:image:type\" content=\"image\/png\" \/>\n<meta name=\"twitter:card\" content=\"summary_large_image\" \/>\n<meta name=\"twitter:creator\" content=\"@one_fr\" \/>\n<meta name=\"twitter:site\" content=\"@one_fr\" \/>\n<meta name=\"twitter:label1\" content=\"Est. reading time\" \/>\n\t<meta name=\"twitter:data1\" content=\"6 minutes\" \/>\n<script type=\"application\/ld+json\" class=\"yoast-schema-graph\">{\"@context\":\"https:\/\/schema.org\",\"@graph\":[{\"@type\":\"Article\",\"@id\":\"https:\/\/www.one.org\/fr\/actualites\/mieux-comprendre-la-crise-de-leducation-un-outil-de-data-visualisation-exclusif\/#article\",\"isPartOf\":{\"@id\":\"https:\/\/www.one.org\/fr\/actualites\/mieux-comprendre-la-crise-de-leducation-un-outil-de-data-visualisation-exclusif\/\"},\"author\":{\"name\":\"\",\"@id\":\"\"},\"headline\":\"Mieux comprendre la crise de l\u2019\u00e9ducation : un outil de data visualisation exclusif !\",\"datePublished\":\"2021-05-25T08:00:31+00:00\",\"dateModified\":\"2024-04-23T12:35:36+00:00\",\"mainEntityOfPage\":{\"@id\":\"https:\/\/www.one.org\/fr\/actualites\/mieux-comprendre-la-crise-de-leducation-un-outil-de-data-visualisation-exclusif\/\"},\"wordCount\":1146,\"commentCount\":0,\"image\":{\"@id\":\"https:\/\/www.one.org\/fr\/actualites\/mieux-comprendre-la-crise-de-leducation-un-outil-de-data-visualisation-exclusif\/#primaryimage\"},\"thumbnailUrl\":\"https:\/\/www.one.org\/fr\/wp-content\/uploads\/sites\/4\/2021\/05\/lpt_2021_intro_1200x1200.png\",\"inLanguage\":\"fr-FR\",\"potentialAction\":[{\"@type\":\"CommentAction\",\"name\":\"Comment\",\"target\":[\"https:\/\/www.one.org\/fr\/actualites\/mieux-comprendre-la-crise-de-leducation-un-outil-de-data-visualisation-exclusif\/#respond\"]}]},{\"@type\":\"WebPage\",\"@id\":\"https:\/\/www.one.org\/fr\/actualites\/mieux-comprendre-la-crise-de-leducation-un-outil-de-data-visualisation-exclusif\/\",\"url\":\"https:\/\/www.one.org\/fr\/actualites\/mieux-comprendre-la-crise-de-leducation-un-outil-de-data-visualisation-exclusif\/\",\"name\":\"Mieux comprendre la crise de l\u2019\u00e9ducation : un outil de data visualisation exclusif ! - ONE.org France\",\"isPartOf\":{\"@id\":\"https:\/\/www.one.org\/fr\/#website\"},\"primaryImageOfPage\":{\"@id\":\"https:\/\/www.one.org\/fr\/actualites\/mieux-comprendre-la-crise-de-leducation-un-outil-de-data-visualisation-exclusif\/#primaryimage\"},\"image\":{\"@id\":\"https:\/\/www.one.org\/fr\/actualites\/mieux-comprendre-la-crise-de-leducation-un-outil-de-data-visualisation-exclusif\/#primaryimage\"},\"thumbnailUrl\":\"https:\/\/www.one.org\/fr\/wp-content\/uploads\/sites\/4\/2021\/05\/lpt_2021_intro_1200x1200.png\",\"datePublished\":\"2021-05-25T08:00:31+00:00\",\"dateModified\":\"2024-04-23T12:35:36+00:00\",\"author\":{\"@id\":\"\"},\"description\":\"Pour mesurer l'ampleur de la crise mondiale de l'apprentissage, d\u00e9couvrez notre nouvel outil interactif, le Compteur de la crise de l\u2019\u00e9ducation.\",\"breadcrumb\":{\"@id\":\"https:\/\/www.one.org\/fr\/actualites\/mieux-comprendre-la-crise-de-leducation-un-outil-de-data-visualisation-exclusif\/#breadcrumb\"},\"inLanguage\":\"fr-FR\",\"potentialAction\":[{\"@type\":\"ReadAction\",\"target\":[\"https:\/\/www.one.org\/fr\/actualites\/mieux-comprendre-la-crise-de-leducation-un-outil-de-data-visualisation-exclusif\/\"]}]},{\"@type\":\"ImageObject\",\"inLanguage\":\"fr-FR\",\"@id\":\"https:\/\/www.one.org\/fr\/actualites\/mieux-comprendre-la-crise-de-leducation-un-outil-de-data-visualisation-exclusif\/#primaryimage\",\"url\":\"https:\/\/www.one.org\/fr\/wp-content\/uploads\/sites\/4\/2021\/05\/lpt_2021_intro_1200x1200.png\",\"contentUrl\":\"https:\/\/www.one.org\/fr\/wp-content\/uploads\/sites\/4\/2021\/05\/lpt_2021_intro_1200x1200.png\",\"width\":1200,\"height\":1200},{\"@type\":\"BreadcrumbList\",\"@id\":\"https:\/\/www.one.org\/fr\/actualites\/mieux-comprendre-la-crise-de-leducation-un-outil-de-data-visualisation-exclusif\/#breadcrumb\",\"itemListElement\":[{\"@type\":\"ListItem\",\"position\":1,\"name\":\"Home\",\"item\":\"https:\/\/www.one.org\/fr\/\"},{\"@type\":\"ListItem\",\"position\":2,\"name\":\"Mieux comprendre la crise de l\u2019\u00e9ducation : un outil de data visualisation exclusif !\"}]},{\"@type\":\"WebSite\",\"@id\":\"https:\/\/www.one.org\/fr\/#website\",\"url\":\"https:\/\/www.one.org\/fr\/\",\"name\":\"ONE.org\",\"description\":\"Cr\u00e9er des opportunit\u00e9s \u00e9conomiques et am\u00e9liorer la sant\u00e9 en Afrique\",\"potentialAction\":[{\"@type\":\"SearchAction\",\"target\":{\"@type\":\"EntryPoint\",\"urlTemplate\":\"https:\/\/www.one.org\/fr\/?s={search_term_string}\"},\"query-input\":{\"@type\":\"PropertyValueSpecification\",\"valueRequired\":true,\"valueName\":\"search_term_string\"}}],\"inLanguage\":\"fr-FR\"}]}<\/script>\n<!-- \/ Yoast SEO Premium plugin. -->","yoast_head_json":{"title":"Mieux comprendre la crise de l\u2019\u00e9ducation : un outil de data visualisation exclusif ! - ONE.org France","description":"Pour mesurer l'ampleur de la crise mondiale de l'apprentissage, d\u00e9couvrez notre nouvel outil interactif, le Compteur de la crise de l\u2019\u00e9ducation.","robots":{"index":"index","follow":"follow","max-snippet":"max-snippet:-1","max-image-preview":"max-image-preview:large","max-video-preview":"max-video-preview:-1"},"canonical":"https:\/\/www.one.org\/fr\/actualites\/mieux-comprendre-la-crise-de-leducation-un-outil-de-data-visualisation-exclusif\/","og_locale":"fr_FR","og_type":"article","og_title":"Mieux comprendre la crise de l\u2019\u00e9ducation : un outil de data visualisation exclusif !","og_description":"Pour mesurer l'ampleur de la crise mondiale de l'apprentissage, d\u00e9couvrez notre nouvel outil interactif, le Compteur de la crise de l\u2019\u00e9ducation.","og_url":"https:\/\/www.one.org\/fr\/actualites\/mieux-comprendre-la-crise-de-leducation-un-outil-de-data-visualisation-exclusif\/","og_site_name":"ONE.org France","article_publisher":"https:\/\/www.facebook.com\/ONE.Fr","article_published_time":"2021-05-25T08:00:31+00:00","article_modified_time":"2024-04-23T12:35:36+00:00","og_image":[{"width":1200,"height":1200,"url":"https:\/\/www.one.org\/fr\/wp-content\/uploads\/sites\/4\/2021\/05\/lpt_2021_intro_1200x1200.png","type":"image\/png"}],"twitter_card":"summary_large_image","twitter_creator":"@one_fr","twitter_site":"@one_fr","twitter_misc":{"Est. reading time":"6 minutes"},"schema":{"@context":"https:\/\/schema.org","@graph":[{"@type":"Article","@id":"https:\/\/www.one.org\/fr\/actualites\/mieux-comprendre-la-crise-de-leducation-un-outil-de-data-visualisation-exclusif\/#article","isPartOf":{"@id":"https:\/\/www.one.org\/fr\/actualites\/mieux-comprendre-la-crise-de-leducation-un-outil-de-data-visualisation-exclusif\/"},"author":{"name":"","@id":""},"headline":"Mieux comprendre la crise de l\u2019\u00e9ducation : un outil de data visualisation exclusif !","datePublished":"2021-05-25T08:00:31+00:00","dateModified":"2024-04-23T12:35:36+00:00","mainEntityOfPage":{"@id":"https:\/\/www.one.org\/fr\/actualites\/mieux-comprendre-la-crise-de-leducation-un-outil-de-data-visualisation-exclusif\/"},"wordCount":1146,"commentCount":0,"image":{"@id":"https:\/\/www.one.org\/fr\/actualites\/mieux-comprendre-la-crise-de-leducation-un-outil-de-data-visualisation-exclusif\/#primaryimage"},"thumbnailUrl":"https:\/\/www.one.org\/fr\/wp-content\/uploads\/sites\/4\/2021\/05\/lpt_2021_intro_1200x1200.png","inLanguage":"fr-FR","potentialAction":[{"@type":"CommentAction","name":"Comment","target":["https:\/\/www.one.org\/fr\/actualites\/mieux-comprendre-la-crise-de-leducation-un-outil-de-data-visualisation-exclusif\/#respond"]}]},{"@type":"WebPage","@id":"https:\/\/www.one.org\/fr\/actualites\/mieux-comprendre-la-crise-de-leducation-un-outil-de-data-visualisation-exclusif\/","url":"https:\/\/www.one.org\/fr\/actualites\/mieux-comprendre-la-crise-de-leducation-un-outil-de-data-visualisation-exclusif\/","name":"Mieux comprendre la crise de l\u2019\u00e9ducation : un outil de data visualisation exclusif ! - ONE.org France","isPartOf":{"@id":"https:\/\/www.one.org\/fr\/#website"},"primaryImageOfPage":{"@id":"https:\/\/www.one.org\/fr\/actualites\/mieux-comprendre-la-crise-de-leducation-un-outil-de-data-visualisation-exclusif\/#primaryimage"},"image":{"@id":"https:\/\/www.one.org\/fr\/actualites\/mieux-comprendre-la-crise-de-leducation-un-outil-de-data-visualisation-exclusif\/#primaryimage"},"thumbnailUrl":"https:\/\/www.one.org\/fr\/wp-content\/uploads\/sites\/4\/2021\/05\/lpt_2021_intro_1200x1200.png","datePublished":"2021-05-25T08:00:31+00:00","dateModified":"2024-04-23T12:35:36+00:00","author":{"@id":""},"description":"Pour mesurer l'ampleur de la crise mondiale de l'apprentissage, d\u00e9couvrez notre nouvel outil interactif, le Compteur de la crise de l\u2019\u00e9ducation.","breadcrumb":{"@id":"https:\/\/www.one.org\/fr\/actualites\/mieux-comprendre-la-crise-de-leducation-un-outil-de-data-visualisation-exclusif\/#breadcrumb"},"inLanguage":"fr-FR","potentialAction":[{"@type":"ReadAction","target":["https:\/\/www.one.org\/fr\/actualites\/mieux-comprendre-la-crise-de-leducation-un-outil-de-data-visualisation-exclusif\/"]}]},{"@type":"ImageObject","inLanguage":"fr-FR","@id":"https:\/\/www.one.org\/fr\/actualites\/mieux-comprendre-la-crise-de-leducation-un-outil-de-data-visualisation-exclusif\/#primaryimage","url":"https:\/\/www.one.org\/fr\/wp-content\/uploads\/sites\/4\/2021\/05\/lpt_2021_intro_1200x1200.png","contentUrl":"https:\/\/www.one.org\/fr\/wp-content\/uploads\/sites\/4\/2021\/05\/lpt_2021_intro_1200x1200.png","width":1200,"height":1200},{"@type":"BreadcrumbList","@id":"https:\/\/www.one.org\/fr\/actualites\/mieux-comprendre-la-crise-de-leducation-un-outil-de-data-visualisation-exclusif\/#breadcrumb","itemListElement":[{"@type":"ListItem","position":1,"name":"Home","item":"https:\/\/www.one.org\/fr\/"},{"@type":"ListItem","position":2,"name":"Mieux comprendre la crise de l\u2019\u00e9ducation : un outil de data visualisation exclusif !"}]},{"@type":"WebSite","@id":"https:\/\/www.one.org\/fr\/#website","url":"https:\/\/www.one.org\/fr\/","name":"ONE.org","description":"Cr\u00e9er des opportunit\u00e9s \u00e9conomiques et am\u00e9liorer la sant\u00e9 en Afrique","potentialAction":[{"@type":"SearchAction","target":{"@type":"EntryPoint","urlTemplate":"https:\/\/www.one.org\/fr\/?s={search_term_string}"},"query-input":{"@type":"PropertyValueSpecification","valueRequired":true,"valueName":"search_term_string"}}],"inLanguage":"fr-FR"}]}},"distributor_meta":false,"distributor_terms":false,"distributor_media":false,"distributor_original_site_name":"ONE.org France","distributor_original_site_url":"https:\/\/www.one.org\/fr","push-errors":false,"_links":{"self":[{"href":"https:\/\/www.one.org\/fr\/wp-json\/wp\/v2\/posts\/162485","targetHints":{"allow":["GET"]}}],"collection":[{"href":"https:\/\/www.one.org\/fr\/wp-json\/wp\/v2\/posts"}],"about":[{"href":"https:\/\/www.one.org\/fr\/wp-json\/wp\/v2\/types\/post"}],"replies":[{"embeddable":true,"href":"https:\/\/www.one.org\/fr\/wp-json\/wp\/v2\/comments?post=162485"}],"version-history":[{"count":0,"href":"https:\/\/www.one.org\/fr\/wp-json\/wp\/v2\/posts\/162485\/revisions"}],"wp:featuredmedia":[{"embeddable":true,"href":"https:\/\/www.one.org\/fr\/wp-json\/wp\/v2\/media\/163101"}],"wp:attachment":[{"href":"https:\/\/www.one.org\/fr\/wp-json\/wp\/v2\/media?parent=162485"}],"wp:term":[{"taxonomy":"category","embeddable":true,"href":"https:\/\/www.one.org\/fr\/wp-json\/wp\/v2\/categories?post=162485"},{"taxonomy":"post_tag","embeddable":true,"href":"https:\/\/www.one.org\/fr\/wp-json\/wp\/v2\/tags?post=162485"},{"taxonomy":"topic","embeddable":true,"href":"https:\/\/www.one.org\/fr\/wp-json\/wp\/v2\/topic?post=162485"},{"taxonomy":"contributor","embeddable":true,"href":"https:\/\/www.one.org\/fr\/wp-json\/wp\/v2\/contributor?post=162485"},{"taxonomy":"one_content_audience","embeddable":true,"href":"https:\/\/www.one.org\/fr\/wp-json\/wp\/v2\/one_content_audience?post=162485"},{"taxonomy":"one_content_type","embeddable":true,"href":"https:\/\/www.one.org\/fr\/wp-json\/wp\/v2\/one_content_type?post=162485"},{"taxonomy":"one_content_tone","embeddable":true,"href":"https:\/\/www.one.org\/fr\/wp-json\/wp\/v2\/one_content_tone?post=162485"}],"curies":[{"name":"wp","href":"https:\/\/api.w.org\/{rel}","templated":true}]}}