{"id":162483,"date":"2021-05-11T12:56:22","date_gmt":"2021-05-11T12:56:22","guid":{"rendered":"https:\/\/www.one.org\/fr\/education-nos-jeunes-ambassadeur%c2%b7rice%c2%b7s-se-mobilisent-pour-lavenir-de-millions-denfants\/"},"modified":"2023-12-08T13:57:28","modified_gmt":"2023-12-08T13:57:28","slug":"semaine-mondiale-action-education","status":"publish","type":"post","link":"https:\/\/www.one.org\/fr\/actualites\/semaine-mondiale-action-education\/","title":{"rendered":"\u00c9ducation : Nos jeunes Ambassadeur\u00b7rice\u00b7s se mobilisent pour l\u2019avenir de millions d\u2019enfants"},"content":{"rendered":"<h3><b>Une crise mondiale de l\u2019apprentissage<\/b><\/h3>\n<p><span style=\"font-weight: 400\">L\u2019un des principaux axes de travail de ONE dans la lutte contre l\u2019extr\u00eame pauvret\u00e9 est l\u2019acc\u00e8s \u00e0 une \u00e9ducation de qualit\u00e9, c\u2019est-\u00e0-dire le renforcement des syst\u00e8mes \u00e9ducatifs, la mise \u00e0 disposition de ressources \u00e9ducatives aupr\u00e8s des enseignants et des \u00e9l\u00e8ves, la mise en place du e-learning, etc. En effet, l\u2019\u00e9ducation repr\u00e9sente un pilier essentiel dans le d\u00e9veloppement et la modernisation d\u2019un pays. Une \u00e9ducation de qualit\u00e9 est un vecteur de promotion sociale, de paix, de d\u00e9mocratie et d\u2019\u00e9galit\u00e9. Or, le monde fait face \u00e0 une crise de l\u2019apprentissage, aujourd\u2019hui fortement aggrav\u00e9e par la pand\u00e9mie de COVID-19.\u00a0<\/span><\/p>\n<p><span style=\"font-weight: 400\">Avant 2020, on estimait d\u00e9j\u00e0 que plus de 190 000 enfants par jour f\u00eataient leur 10\u00e8me anniversaire\u00a0 en \u00e9tant incapables de lire ou de comprendre une histoire simple. Des \u00e9tudes ont montr\u00e9 que pass\u00e9 cet \u00e2ge, <strong>70% des enfants ne sachant pas lire resteraient analphab\u00e8tes toute leur vie.<\/strong><\/span><\/p>\n<p><span style=\"font-weight: 400\"><a href=\"https:\/\/www.one.org\/fr\/blog\/reecrire-lavenir-de-70-millions-denfants\/\">La pand\u00e9mie du COVID-19 a encore alourdi le bilan.<\/a> \u00c0 son pic, 1,6 milliard d\u2019enfants se sont retrouv\u00e9s priv\u00e9s d\u2019un acc\u00e8s \u00e0 l\u2019\u00e9ducation. Comme on peut s\u2019y attendre, les pays les plus pauvres en subiront les cons\u00e9quences bien plus que les pays d\u00e9velopp\u00e9s. De nombreux enfants ayant d\u00fb quitter les bancs de l\u2019\u00e9cole n\u2019y retourneront sans doute jamais, d\u2019autant plus si ce sont des filles. <strong>20 millions d\u2019entre elles dans les pays en d\u00e9veloppement pourraient ne jamais retourner \u00e0 l\u2019\u00e9cole une fois la pand\u00e9mie termin\u00e9e.<\/strong><\/span><\/p>\n<h3><b>Des actions possibles pour \u00e9viter la catastrophe<\/b><\/h3>\n<p><span style=\"font-weight: 400\">Cette ann\u00e9e, deux \u00e9v\u00e8nements importants seront tenus et mettront l\u2019accent sur l\u2019\u00e9ducation. D\u2019une part, le G7 britannique du mois de juin a fait de l\u2019\u00e9ducation des filles l\u2019une de ses priorit\u00e9s. D\u2019autre part, le <\/span><a href=\"https:\/\/www.globalpartnership.org\/fr\"><span style=\"font-weight: 400\">Partenariat mondial pour l\u2019\u00e9ducation (PME)<\/span><\/a><span style=\"font-weight: 400\">, le plus grand fonds multilat\u00e9ral au monde dont l\u2019objectif est d\u2019offrir une \u00e9ducation de qualit\u00e9 \u00e0 chaque fille et chaque gar\u00e7on, o\u00f9 qu\u2019ils soient, afin qu\u2019ils puissent b\u00e9n\u00e9ficier des opportunit\u00e9s qui en d\u00e9coulent, organise sa conf\u00e9rence de reconstitution des ressources en juillet.<\/span><\/p>\n<p><span style=\"font-weight: 400\"><strong>L\u2019objectif du PME est de r\u00e9colter 5 milliards de dollars pour la p\u00e9riode 2021-2025<\/strong> afin de former 2,2 millions de professeurs, d\u2019ouvrir 131 000 nouvelles salles de classes et de distribuer 512 millions de livres scolaires, permettant ainsi\u00a0 \u00e0 175 millions de filles et de gar\u00e7ons de b\u00e9n\u00e9ficier d\u2019une \u00e9ducation de qualit\u00e9.<\/span><\/p>\n<p><span style=\"font-weight: 400\">Lors de la 3\u00e8me conf\u00e9rence de reconstitution des ressources du PME tenue \u00e0 Dakar en juillet 2018 et coparrain\u00e9e par les pr\u00e9sidents Macky Sall du S\u00e9n\u00e9gal et Emmanuel Macron de la France, une enveloppe de 2,3 milliards de dollars a \u00e9t\u00e9 mobilis\u00e9e sur 3 ans. La France a contribu\u00e9 \u00e0 hauteur de 200 millions d\u2019euros, faisant d\u2019elle le 5e pays donateur.<\/span><\/p>\n<p><span style=\"font-weight: 400\">Cette ann\u00e9e, au vu du contexte sanitaire mondial, les objectifs sont plus \u00e9lev\u00e9s et <strong><a href=\"https:\/\/www.one.org\/fr\/blog\/emmanuel-macron-lettre-ouverte-pme\/\">c\u2019est pourquoi nous demandons que la contribution de la France s\u2019\u00e9l\u00e8ve \u00e0 500 millions d\u2019euros<\/a>.<\/strong><\/span><\/p>\n<p><span style=\"font-weight: 400\">Le Pr\u00e9sident Emmanuel Macron a \u00e0 plusieurs reprises communiquer sur l\u2019importance qu\u2019il accorde \u00e0 une \u00e9ducation de qualit\u00e9, pour toutes et tous. Lors de son discours \u00e0 la conf\u00e9rence internationale G7-Unesco portant sur l\u2019\u00e9ducation en faveur des filles et femmes, il s\u2019est exprim\u00e9 en ces termes : <em>\u00ab Si sur le chemin de l\u2019\u00e9cole se dressent des obstacles, nous devons les abattre. Si on nous explique que c\u2019est le manque de transport, on doit le cr\u00e9er. Si on nous explique que c\u2019est l\u2019ins\u00e9curit\u00e9, on doit lutter contre. Si on nous explique que c\u2019est le manque de moyens, on doit l\u2019apporter. \u00bb<\/em><\/span><\/p>\n<h3><b>Une mobilisation des jeunes Ambassadeurs et Ambassadrices<\/b><\/h3>\n<p><span style=\"font-weight: 400\">Du 26 au 30 avril dernier s\u2019est tenue la <\/span><b>Semaine mondiale d\u2019action pour l\u2019\u00e9ducation <\/b><span style=\"font-weight: 400\">durant laquelle les jeunes Ambassadeurs et Ambassadrices de ONE ont contact\u00e9 et rencontr\u00e9 des d\u00e9put\u00e9\u00b7e\u00b7s afin de discuter de la crise mondiale de l\u2019apprentissage et des demandes de ONE concernant l\u2019engagement financier de la France lors de la reconstitution du PME.<\/span><\/p>\n<p><span style=\"font-weight: 400\">La prise de contact s\u2019est faite par mail dans un premiers temps et ensuite par t\u00e9l\u00e9phone et au travers des r\u00e9seaux sociaux. En les apostrophant sur Twitter, les jeunes Ambassadeurs et Ambassadrices ont r\u00e9ussi \u00e0 attirer l\u2019attention de plusieurs d\u00e9put\u00e9\u00b7e\u00b7s. <\/span><b>Au total, 82 d\u00e9put\u00e9\u00b7e\u00b7s de tous bords politiques ont \u00e9t\u00e9 contact\u00e9\u00b7e\u00b7s et une quinzaine de rendez-vous ont pu \u00eatre pris pendant ou apr\u00e8s la Semaine mondiale d\u2019action pour l\u2019\u00e9ducation.<\/b><span style=\"font-weight: 400\"> Pour les plus chanceux, les rencontres ont pu se faire en pr\u00e9sentiel, dans le respect des gestes barri\u00e8res. Les autres rendez-vous se sont d\u00e9roul\u00e9s en visioconf\u00e9rence.\u00a0\u00a0<\/span><\/p>\n<p><span style=\"font-weight: 400\">Quatre jeunes Ambassadrices t\u00e9moignent et donnent leurs ressentis sur ces rencontres :<\/span><\/p>\n<blockquote><p><em><span style=\"font-weight: 400\">\u00ab Ces RDV plaidoyer ont \u00e9t\u00e9 des exp\u00e9riences enrichissantes et constructives. J\u2019ai rencontr\u00e9 des d\u00e9put\u00e9s bienveillants, engag\u00e9s et ouverts \u00e0 nos arguments.\u00a0 <strong>Le sentiment d\u2019avoir port\u00e9 sa voix pour une juste cause a remplac\u00e9 le stress de la rencontre.<\/strong> \u00bb \u2013 Simone\u00a0<\/span><\/em><\/p>\n<p><em><span style=\"font-weight: 400\">\u00ab J\u2019ai rencontr\u00e9 Aina Kuric (Marne, 2e circo, Agir Ensemble). Je suis vraiment heureuse de voir que Mme La D\u00e9put\u00e9e a tout de suite demand\u00e9 ce qu\u2019elle pouvait faire concr\u00e8tement pour notre cause. Au-del\u00e0 de saluer notre engagement, cela nous montre bien que <strong>nous ne sommes pas seuls, que notre combat n\u2019est pas vain et que des gens sont sensibles \u00e0 la cause et acceptent de relayer notre message et d\u2019utiliser leur voix.<\/strong> \u00bb \u2013 Romane\u00a0<\/span><\/em><\/p>\n<p><em><span style=\"font-weight: 400\">\u00ab Ces rendez-vous m\u2019ont permis de me rendre compte de l\u2019accessibilit\u00e9 des d\u00e9put\u00e9s vis-\u00e0-vis des demandes des citoyens. <strong>Il est r\u00e9confortant de voir que des personnes en poste sont sensibles aux causes que nous portons<\/strong> et s\u2019engagent \u00e0 relayer nos demandes aupr\u00e8s du gouvernement. \u00bb \u2013 Oc\u00e9ane\u00a0<\/span><\/em><\/p>\n<p><em><span style=\"font-weight: 400\">\u00ab Je trouve que le plaidoyer est une fa\u00e7on concr\u00e8te de faire bouger les choses plus rapidement, en mobilisant nos \u00e9lus \u00e0 nos c\u00f4t\u00e9s afin de lutter contre l\u2019extr\u00eame pauvret\u00e9. J\u2019ai eu la chance d\u2019avoir un \u00e9change avec Mme Lakrafi (Fran\u00e7ais \u00e9tablis hors de France, 10\u00e8me circo). C\u2019\u00e9tait un moment riche et porteur de grandes promesses et d\u2019espoirs pour l\u2019\u00e9ducation des jeunes filles dans les pays moins avanc\u00e9s. <strong>Son implication et son int\u00e9r\u00eat pour cette noble cause m\u2019ont servi de motivation pour rencontrer encore plus d\u2019\u00e9lus et leur faire part de la situation critique relative \u00e0 la crise de l\u2019apprentissage.<\/strong> \u00bb \u2013 Mariame<\/span><\/em><\/p><\/blockquote>\n<h3><b>Tout n\u2019est pas encore jou\u00e9<\/b><\/h3>\n<p><span style=\"font-weight: 400\">Dans la plupart des cas, les jeunes Ambassadeurs et Ambassadrices ressortent optimistes et heureux d\u2019avoir pu transmettre leurs messages et d\u2019avoir \u00e9t\u00e9 entendus. Toutefois, le travail ne s\u2019arr\u00eate pas l\u00e0. <\/span><b>Le<\/b><strong>s d\u00e9put\u00e9\u00b7e\u00b7s d<\/strong><b>oivent maintenant transmettre les demandes et objectifs au gouvernement. Peu importe leur parti politique, ils peuvent toutes et tous agir par le biais de questions pos\u00e9es directement au Pr\u00e9sident de la R\u00e9publique ou aux ministres, ou bien en co-signant une tribune.<\/b><\/p>\n<p><span style=\"font-weight: 400\"><a href=\"https:\/\/www.one.org\/fr\/policy\/pour-un-investissement-de-la-france-en-faveur-du-partenariat-mondial-pour-leducation\/\">Nous escomptons que la France maintienne sa position de grand contributeur lors de la reconstitution de juillet<\/a> et esp\u00e9rons que le PME r\u00e9unira les 5 milliards attendus afin que le crise mondiale de l\u2019apprentissage ne se transforme pas en v\u00e9ritable catastrophe pour les g\u00e9n\u00e9rations futures.<\/span><\/p>\n<p><em>Ce billet de blog a \u00e9t\u00e9 r\u00e9dig\u00e9 par Oc\u00e9ane Fourquet et Mariame Niar\u00e9, deux jeunes Ambassadrices.<\/em><\/p>\n<div class=\"buffer\"><\/div>","protected":false},"excerpt":{"rendered":"<p>Une crise mondiale de l\u2019apprentissage L\u2019un des principaux axes de travail de ONE dans la lutte contre l\u2019extr\u00eame pauvret\u00e9 est l\u2019acc\u00e8s \u00e0 une \u00e9ducation de qualit\u00e9, c\u2019est-\u00e0-dire le renforcement des syst\u00e8mes \u00e9ducatifs, la mise \u00e0 disposition de ressources \u00e9ducatives aupr\u00e8s des enseignants et des \u00e9l\u00e8ves, la mise en place du e-learning, etc. En effet, l\u2019\u00e9ducation [&hellip;]<\/p>\n","protected":false},"author":24,"featured_media":163105,"comment_status":"open","ping_status":"open","sticky":false,"template":"","format":"standard","meta":{"_acf_changed":false,"_relevanssi_hide_post":"","_relevanssi_hide_content":"","_relevanssi_pin_for_all":"","_relevanssi_pin_keywords":"","_relevanssi_unpin_keywords":"","_relevanssi_related_keywords":"","_relevanssi_related_include_ids":"","_relevanssi_related_exclude_ids":"","_relevanssi_related_no_append":"","_relevanssi_related_not_related":"","_relevanssi_related_posts":"164801,164384,164396,163756,163706,163644","_relevanssi_noindex_reason":"","footnotes":""},"categories":[34],"tags":[],"topic":[35,48,47],"contributor":[71,72],"one_content_audience":[],"one_content_type":[],"one_content_tone":[],"class_list":["post-162483","post","type-post","status-publish","format-standard","has-post-thumbnail","hentry","category-one","topic-education","topic-jeunes-ambassadeurrices-de-one","topic-que-font-nos-membres","contributor-mariame-niare","contributor-oceane-fourquet"],"acf":[],"yoast_head":"<!-- This site is optimized with the Yoast SEO Premium plugin v27.1 (Yoast SEO v27.1.1) - https:\/\/yoast.com\/product\/yoast-seo-premium-wordpress\/ -->\n<title>\u00c9ducation : Nos jeunes Ambassadeur\u00b7rice\u00b7s se mobilisent pour l\u2019avenir de millions d\u2019enfants - ONE.org France<\/title>\n<meta name=\"description\" content=\"\u00c0 l&#039;occasion de la Semaine mondiale d&#039;action pour l&#039;\u00e9ducation, nos jeunes Ambassadeurs et Ambassadrices sont all\u00e9s \u00e0 la rencontre des d\u00e9put\u00e9s.\" \/>\n<meta name=\"robots\" content=\"index, follow, max-snippet:-1, max-image-preview:large, max-video-preview:-1\" \/>\n<link rel=\"canonical\" href=\"https:\/\/www.one.org\/fr\/actualites\/semaine-mondiale-action-education\/\" \/>\n<meta property=\"og:locale\" content=\"fr_FR\" \/>\n<meta property=\"og:type\" content=\"article\" \/>\n<meta property=\"og:title\" content=\"\u00c9ducation : Nos jeunes Ambassadeur\u00b7rice\u00b7s se mobilisent pour l\u2019avenir de millions d\u2019enfants\" \/>\n<meta property=\"og:description\" content=\"\u00c0 l&#039;occasion de la Semaine mondiale d&#039;action pour l&#039;\u00e9ducation, nos jeunes Ambassadeurs et Ambassadrices sont all\u00e9s \u00e0 la rencontre des d\u00e9put\u00e9s.\" \/>\n<meta property=\"og:url\" content=\"https:\/\/www.one.org\/fr\/actualites\/semaine-mondiale-action-education\/\" \/>\n<meta property=\"og:site_name\" content=\"ONE.org France\" \/>\n<meta property=\"article:publisher\" content=\"https:\/\/www.facebook.com\/ONE.Fr\" \/>\n<meta property=\"article:published_time\" content=\"2021-05-11T12:56:22+00:00\" \/>\n<meta property=\"article:modified_time\" content=\"2023-12-08T13:57:28+00:00\" \/>\n<meta property=\"og:image\" content=\"https:\/\/www.one.org\/fr\/wp-content\/uploads\/sites\/4\/2021\/05\/Global_Week_of_Action_for_Education_FeaturedImage_1200x1200.png\" \/>\n\t<meta property=\"og:image:width\" content=\"1200\" \/>\n\t<meta property=\"og:image:height\" content=\"1200\" \/>\n\t<meta property=\"og:image:type\" content=\"image\/png\" \/>\n<meta name=\"author\" content=\"Dana Khalil\" \/>\n<meta name=\"twitter:card\" content=\"summary_large_image\" \/>\n<meta name=\"twitter:creator\" content=\"@one_fr\" \/>\n<meta name=\"twitter:site\" content=\"@one_fr\" \/>\n<meta name=\"twitter:label1\" content=\"Written by\" \/>\n\t<meta name=\"twitter:data1\" content=\"Dana Khalil\" \/>\n\t<meta name=\"twitter:label2\" content=\"Est. reading time\" \/>\n\t<meta name=\"twitter:data2\" content=\"4 minutes\" \/>\n<script type=\"application\/ld+json\" class=\"yoast-schema-graph\">{\"@context\":\"https:\/\/schema.org\",\"@graph\":[{\"@type\":\"Article\",\"@id\":\"https:\/\/www.one.org\/fr\/actualites\/semaine-mondiale-action-education\/#article\",\"isPartOf\":{\"@id\":\"https:\/\/www.one.org\/fr\/actualites\/semaine-mondiale-action-education\/\"},\"author\":{\"name\":\"Dana Khalil\",\"@id\":\"https:\/\/www.one.org\/fr\/#\/schema\/person\/cf1f30f9800f0592ec3d61940be82003\"},\"headline\":\"\u00c9ducation : Nos jeunes Ambassadeur\u00b7rice\u00b7s se mobilisent pour l\u2019avenir de millions d\u2019enfants\",\"datePublished\":\"2021-05-11T12:56:22+00:00\",\"dateModified\":\"2023-12-08T13:57:28+00:00\",\"mainEntityOfPage\":{\"@id\":\"https:\/\/www.one.org\/fr\/actualites\/semaine-mondiale-action-education\/\"},\"wordCount\":1292,\"commentCount\":0,\"image\":{\"@id\":\"https:\/\/www.one.org\/fr\/actualites\/semaine-mondiale-action-education\/#primaryimage\"},\"thumbnailUrl\":\"https:\/\/www.one.org\/fr\/wp-content\/uploads\/sites\/4\/2021\/05\/Global_Week_of_Action_for_Education_FeaturedImage_1200x1200.png\",\"articleSection\":[\"ONE\"],\"inLanguage\":\"fr-FR\",\"potentialAction\":[{\"@type\":\"CommentAction\",\"name\":\"Comment\",\"target\":[\"https:\/\/www.one.org\/fr\/actualites\/semaine-mondiale-action-education\/#respond\"]}]},{\"@type\":\"WebPage\",\"@id\":\"https:\/\/www.one.org\/fr\/actualites\/semaine-mondiale-action-education\/\",\"url\":\"https:\/\/www.one.org\/fr\/actualites\/semaine-mondiale-action-education\/\",\"name\":\"\u00c9ducation : Nos jeunes Ambassadeur\u00b7rice\u00b7s se mobilisent pour l\u2019avenir de millions d\u2019enfants - ONE.org France\",\"isPartOf\":{\"@id\":\"https:\/\/www.one.org\/fr\/#website\"},\"primaryImageOfPage\":{\"@id\":\"https:\/\/www.one.org\/fr\/actualites\/semaine-mondiale-action-education\/#primaryimage\"},\"image\":{\"@id\":\"https:\/\/www.one.org\/fr\/actualites\/semaine-mondiale-action-education\/#primaryimage\"},\"thumbnailUrl\":\"https:\/\/www.one.org\/fr\/wp-content\/uploads\/sites\/4\/2021\/05\/Global_Week_of_Action_for_Education_FeaturedImage_1200x1200.png\",\"datePublished\":\"2021-05-11T12:56:22+00:00\",\"dateModified\":\"2023-12-08T13:57:28+00:00\",\"author\":{\"@id\":\"https:\/\/www.one.org\/fr\/#\/schema\/person\/cf1f30f9800f0592ec3d61940be82003\"},\"description\":\"\u00c0 l'occasion de la Semaine mondiale d'action pour l'\u00e9ducation, nos jeunes Ambassadeurs et Ambassadrices sont all\u00e9s \u00e0 la rencontre des d\u00e9put\u00e9s.\",\"breadcrumb\":{\"@id\":\"https:\/\/www.one.org\/fr\/actualites\/semaine-mondiale-action-education\/#breadcrumb\"},\"inLanguage\":\"fr-FR\",\"potentialAction\":[{\"@type\":\"ReadAction\",\"target\":[\"https:\/\/www.one.org\/fr\/actualites\/semaine-mondiale-action-education\/\"]}]},{\"@type\":\"ImageObject\",\"inLanguage\":\"fr-FR\",\"@id\":\"https:\/\/www.one.org\/fr\/actualites\/semaine-mondiale-action-education\/#primaryimage\",\"url\":\"https:\/\/www.one.org\/fr\/wp-content\/uploads\/sites\/4\/2021\/05\/Global_Week_of_Action_for_Education_FeaturedImage_1200x1200.png\",\"contentUrl\":\"https:\/\/www.one.org\/fr\/wp-content\/uploads\/sites\/4\/2021\/05\/Global_Week_of_Action_for_Education_FeaturedImage_1200x1200.png\",\"width\":1200,\"height\":1200},{\"@type\":\"BreadcrumbList\",\"@id\":\"https:\/\/www.one.org\/fr\/actualites\/semaine-mondiale-action-education\/#breadcrumb\",\"itemListElement\":[{\"@type\":\"ListItem\",\"position\":1,\"name\":\"Home\",\"item\":\"https:\/\/www.one.org\/fr\/\"},{\"@type\":\"ListItem\",\"position\":2,\"name\":\"\u00c9ducation : Nos jeunes Ambassadeur\u00b7rice\u00b7s se mobilisent pour l\u2019avenir de millions d\u2019enfants\"}]},{\"@type\":\"WebSite\",\"@id\":\"https:\/\/www.one.org\/fr\/#website\",\"url\":\"https:\/\/www.one.org\/fr\/\",\"name\":\"ONE.org\",\"description\":\"Cr\u00e9er des opportunit\u00e9s \u00e9conomiques et am\u00e9liorer la sant\u00e9 en Afrique\",\"potentialAction\":[{\"@type\":\"SearchAction\",\"target\":{\"@type\":\"EntryPoint\",\"urlTemplate\":\"https:\/\/www.one.org\/fr\/?s={search_term_string}\"},\"query-input\":{\"@type\":\"PropertyValueSpecification\",\"valueRequired\":true,\"valueName\":\"search_term_string\"}}],\"inLanguage\":\"fr-FR\"},{\"@type\":\"Person\",\"@id\":\"https:\/\/www.one.org\/fr\/#\/schema\/person\/cf1f30f9800f0592ec3d61940be82003\",\"name\":\"Dana Khalil\",\"image\":{\"@type\":\"ImageObject\",\"inLanguage\":\"fr-FR\",\"@id\":\"https:\/\/www.one.org\/fr\/#\/schema\/person\/image\/\",\"url\":\"https:\/\/secure.gravatar.com\/avatar\/b0da536f00ccefadcc7aae4e64855977a5249adb1ac04162a69474e53a8d4c40?s=96&d=mm&r=g\",\"contentUrl\":\"https:\/\/secure.gravatar.com\/avatar\/b0da536f00ccefadcc7aae4e64855977a5249adb1ac04162a69474e53a8d4c40?s=96&d=mm&r=g\",\"caption\":\"Dana Khalil\"},\"url\":\"https:\/\/www.one.org\/fr\/actualites\/author\/danakhalil\/\"}]}<\/script>\n<!-- \/ Yoast SEO Premium plugin. -->","yoast_head_json":{"title":"\u00c9ducation : Nos jeunes Ambassadeur\u00b7rice\u00b7s se mobilisent pour l\u2019avenir de millions d\u2019enfants - ONE.org France","description":"\u00c0 l'occasion de la Semaine mondiale d'action pour l'\u00e9ducation, nos jeunes Ambassadeurs et Ambassadrices sont all\u00e9s \u00e0 la rencontre des d\u00e9put\u00e9s.","robots":{"index":"index","follow":"follow","max-snippet":"max-snippet:-1","max-image-preview":"max-image-preview:large","max-video-preview":"max-video-preview:-1"},"canonical":"https:\/\/www.one.org\/fr\/actualites\/semaine-mondiale-action-education\/","og_locale":"fr_FR","og_type":"article","og_title":"\u00c9ducation : Nos jeunes Ambassadeur\u00b7rice\u00b7s se mobilisent pour l\u2019avenir de millions d\u2019enfants","og_description":"\u00c0 l'occasion de la Semaine mondiale d'action pour l'\u00e9ducation, nos jeunes Ambassadeurs et Ambassadrices sont all\u00e9s \u00e0 la rencontre des d\u00e9put\u00e9s.","og_url":"https:\/\/www.one.org\/fr\/actualites\/semaine-mondiale-action-education\/","og_site_name":"ONE.org France","article_publisher":"https:\/\/www.facebook.com\/ONE.Fr","article_published_time":"2021-05-11T12:56:22+00:00","article_modified_time":"2023-12-08T13:57:28+00:00","og_image":[{"width":1200,"height":1200,"url":"https:\/\/www.one.org\/fr\/wp-content\/uploads\/sites\/4\/2021\/05\/Global_Week_of_Action_for_Education_FeaturedImage_1200x1200.png","type":"image\/png"}],"author":"Dana Khalil","twitter_card":"summary_large_image","twitter_creator":"@one_fr","twitter_site":"@one_fr","twitter_misc":{"Written by":"Dana Khalil","Est. reading time":"4 minutes"},"schema":{"@context":"https:\/\/schema.org","@graph":[{"@type":"Article","@id":"https:\/\/www.one.org\/fr\/actualites\/semaine-mondiale-action-education\/#article","isPartOf":{"@id":"https:\/\/www.one.org\/fr\/actualites\/semaine-mondiale-action-education\/"},"author":{"name":"Dana Khalil","@id":"https:\/\/www.one.org\/fr\/#\/schema\/person\/cf1f30f9800f0592ec3d61940be82003"},"headline":"\u00c9ducation : Nos jeunes Ambassadeur\u00b7rice\u00b7s se mobilisent pour l\u2019avenir de millions d\u2019enfants","datePublished":"2021-05-11T12:56:22+00:00","dateModified":"2023-12-08T13:57:28+00:00","mainEntityOfPage":{"@id":"https:\/\/www.one.org\/fr\/actualites\/semaine-mondiale-action-education\/"},"wordCount":1292,"commentCount":0,"image":{"@id":"https:\/\/www.one.org\/fr\/actualites\/semaine-mondiale-action-education\/#primaryimage"},"thumbnailUrl":"https:\/\/www.one.org\/fr\/wp-content\/uploads\/sites\/4\/2021\/05\/Global_Week_of_Action_for_Education_FeaturedImage_1200x1200.png","articleSection":["ONE"],"inLanguage":"fr-FR","potentialAction":[{"@type":"CommentAction","name":"Comment","target":["https:\/\/www.one.org\/fr\/actualites\/semaine-mondiale-action-education\/#respond"]}]},{"@type":"WebPage","@id":"https:\/\/www.one.org\/fr\/actualites\/semaine-mondiale-action-education\/","url":"https:\/\/www.one.org\/fr\/actualites\/semaine-mondiale-action-education\/","name":"\u00c9ducation : Nos jeunes Ambassadeur\u00b7rice\u00b7s se mobilisent pour l\u2019avenir de millions d\u2019enfants - ONE.org France","isPartOf":{"@id":"https:\/\/www.one.org\/fr\/#website"},"primaryImageOfPage":{"@id":"https:\/\/www.one.org\/fr\/actualites\/semaine-mondiale-action-education\/#primaryimage"},"image":{"@id":"https:\/\/www.one.org\/fr\/actualites\/semaine-mondiale-action-education\/#primaryimage"},"thumbnailUrl":"https:\/\/www.one.org\/fr\/wp-content\/uploads\/sites\/4\/2021\/05\/Global_Week_of_Action_for_Education_FeaturedImage_1200x1200.png","datePublished":"2021-05-11T12:56:22+00:00","dateModified":"2023-12-08T13:57:28+00:00","author":{"@id":"https:\/\/www.one.org\/fr\/#\/schema\/person\/cf1f30f9800f0592ec3d61940be82003"},"description":"\u00c0 l'occasion de la Semaine mondiale d'action pour l'\u00e9ducation, nos jeunes Ambassadeurs et Ambassadrices sont all\u00e9s \u00e0 la rencontre des d\u00e9put\u00e9s.","breadcrumb":{"@id":"https:\/\/www.one.org\/fr\/actualites\/semaine-mondiale-action-education\/#breadcrumb"},"inLanguage":"fr-FR","potentialAction":[{"@type":"ReadAction","target":["https:\/\/www.one.org\/fr\/actualites\/semaine-mondiale-action-education\/"]}]},{"@type":"ImageObject","inLanguage":"fr-FR","@id":"https:\/\/www.one.org\/fr\/actualites\/semaine-mondiale-action-education\/#primaryimage","url":"https:\/\/www.one.org\/fr\/wp-content\/uploads\/sites\/4\/2021\/05\/Global_Week_of_Action_for_Education_FeaturedImage_1200x1200.png","contentUrl":"https:\/\/www.one.org\/fr\/wp-content\/uploads\/sites\/4\/2021\/05\/Global_Week_of_Action_for_Education_FeaturedImage_1200x1200.png","width":1200,"height":1200},{"@type":"BreadcrumbList","@id":"https:\/\/www.one.org\/fr\/actualites\/semaine-mondiale-action-education\/#breadcrumb","itemListElement":[{"@type":"ListItem","position":1,"name":"Home","item":"https:\/\/www.one.org\/fr\/"},{"@type":"ListItem","position":2,"name":"\u00c9ducation : Nos jeunes Ambassadeur\u00b7rice\u00b7s se mobilisent pour l\u2019avenir de millions d\u2019enfants"}]},{"@type":"WebSite","@id":"https:\/\/www.one.org\/fr\/#website","url":"https:\/\/www.one.org\/fr\/","name":"ONE.org","description":"Cr\u00e9er des opportunit\u00e9s \u00e9conomiques et am\u00e9liorer la sant\u00e9 en Afrique","potentialAction":[{"@type":"SearchAction","target":{"@type":"EntryPoint","urlTemplate":"https:\/\/www.one.org\/fr\/?s={search_term_string}"},"query-input":{"@type":"PropertyValueSpecification","valueRequired":true,"valueName":"search_term_string"}}],"inLanguage":"fr-FR"},{"@type":"Person","@id":"https:\/\/www.one.org\/fr\/#\/schema\/person\/cf1f30f9800f0592ec3d61940be82003","name":"Dana Khalil","image":{"@type":"ImageObject","inLanguage":"fr-FR","@id":"https:\/\/www.one.org\/fr\/#\/schema\/person\/image\/","url":"https:\/\/secure.gravatar.com\/avatar\/b0da536f00ccefadcc7aae4e64855977a5249adb1ac04162a69474e53a8d4c40?s=96&d=mm&r=g","contentUrl":"https:\/\/secure.gravatar.com\/avatar\/b0da536f00ccefadcc7aae4e64855977a5249adb1ac04162a69474e53a8d4c40?s=96&d=mm&r=g","caption":"Dana Khalil"},"url":"https:\/\/www.one.org\/fr\/actualites\/author\/danakhalil\/"}]}},"distributor_meta":false,"distributor_terms":false,"distributor_media":false,"distributor_original_site_name":"ONE.org France","distributor_original_site_url":"https:\/\/www.one.org\/fr","push-errors":false,"_links":{"self":[{"href":"https:\/\/www.one.org\/fr\/wp-json\/wp\/v2\/posts\/162483","targetHints":{"allow":["GET"]}}],"collection":[{"href":"https:\/\/www.one.org\/fr\/wp-json\/wp\/v2\/posts"}],"about":[{"href":"https:\/\/www.one.org\/fr\/wp-json\/wp\/v2\/types\/post"}],"author":[{"embeddable":true,"href":"https:\/\/www.one.org\/fr\/wp-json\/wp\/v2\/users\/24"}],"replies":[{"embeddable":true,"href":"https:\/\/www.one.org\/fr\/wp-json\/wp\/v2\/comments?post=162483"}],"version-history":[{"count":0,"href":"https:\/\/www.one.org\/fr\/wp-json\/wp\/v2\/posts\/162483\/revisions"}],"wp:featuredmedia":[{"embeddable":true,"href":"https:\/\/www.one.org\/fr\/wp-json\/wp\/v2\/media\/163105"}],"wp:attachment":[{"href":"https:\/\/www.one.org\/fr\/wp-json\/wp\/v2\/media?parent=162483"}],"wp:term":[{"taxonomy":"category","embeddable":true,"href":"https:\/\/www.one.org\/fr\/wp-json\/wp\/v2\/categories?post=162483"},{"taxonomy":"post_tag","embeddable":true,"href":"https:\/\/www.one.org\/fr\/wp-json\/wp\/v2\/tags?post=162483"},{"taxonomy":"topic","embeddable":true,"href":"https:\/\/www.one.org\/fr\/wp-json\/wp\/v2\/topic?post=162483"},{"taxonomy":"contributor","embeddable":true,"href":"https:\/\/www.one.org\/fr\/wp-json\/wp\/v2\/contributor?post=162483"},{"taxonomy":"one_content_audience","embeddable":true,"href":"https:\/\/www.one.org\/fr\/wp-json\/wp\/v2\/one_content_audience?post=162483"},{"taxonomy":"one_content_type","embeddable":true,"href":"https:\/\/www.one.org\/fr\/wp-json\/wp\/v2\/one_content_type?post=162483"},{"taxonomy":"one_content_tone","embeddable":true,"href":"https:\/\/www.one.org\/fr\/wp-json\/wp\/v2\/one_content_tone?post=162483"}],"curies":[{"name":"wp","href":"https:\/\/api.w.org\/{rel}","templated":true}]}}