{"id":162481,"date":"2021-04-29T15:22:29","date_gmt":"2021-04-29T15:22:29","guid":{"rendered":"https:\/\/www.one.org\/fr\/apprendre-en-periode-de-confinement-limpact-des-fermetures-decoles-en-rdc\/"},"modified":"2023-12-08T12:40:29","modified_gmt":"2023-12-08T12:40:29","slug":"apprentissage-confinement-impact-fermetures-ecoles-rdc","status":"publish","type":"post","link":"https:\/\/www.one.org\/fr\/actualites\/apprentissage-confinement-impact-fermetures-ecoles-rdc\/","title":{"rendered":"Apprendre en p\u00e9riode de confinement : l\u2019impact des fermetures d\u2019\u00e9coles en RDC"},"content":{"rendered":"<p><span style=\"font-weight: 400\">Partout dans le monde, nos vies ont \u00e9t\u00e9 mises entre parenth\u00e8ses en raison de la pand\u00e9mie de COVID-19, et les \u00e9l\u00e8ves n\u2019ont pas \u00e9t\u00e9 \u00e9pargn\u00e9s. En R\u00e9publique d\u00e9mocratique du Congo (RDC), la fermeture des \u00e9coles, ordonn\u00e9e par le Pr\u00e9sident de la R\u00e9publique en <\/span><a href=\"https:\/\/www.africanews.com\/2020\/08\/10\/back-to-school-in-democratic-republic-of-congo-after-covid-19-state-of-emergency-ends\/\/\"><span style=\"font-weight: 400\">mars 2020<\/span><\/a><span style=\"font-weight: 400\">, a interrompu l\u2019apprentissage des enfants. Au d\u00e9but du confinement, les enseignants ne savaient pas combien de temps cette situation allait durer. Pour que l\u2019apprentissage puisse se poursuivre, les \u00e9l\u00e8ves avaient des devoirs \u00e0 faire \u00e0 la maison mais cette solution n\u2019a finalement pas fonctionn\u00e9. En RDC, seules quelques personnes ont facilement acc\u00e8s aux outils n\u00e9cessaires \u00e0 l\u2019apprentissage \u00e0 distance, notamment une connexion Internet et une \u00e9lectricit\u00e9 fiable.<\/span><\/p>\n<p><span style=\"font-weight: 400\">Aujourd\u2019hui, quelques mois apr\u00e8s la reprise des cours, l\u2019impact n\u00e9gatif de la fermeture des \u00e9coles et de l\u2019accessibilit\u00e9 aux ressources sur les enfants est \u00e9vident. Selon Buhuru Ntamwenge Zach\u00e9e, directeur de l\u2019\u00e9cole primaire de Malinde (situ\u00e9e dans le territoire d\u2019Idjwi Sud dans la province du Sud-Kivu en RDC), le niveau des \u00e9l\u00e8ves de l\u2019\u00e9cole primaire a consid\u00e9rablement baiss\u00e9 \u00e0 cause du confinement.<\/span><\/p>\n<p><span style=\"font-weight: 400\">\u201cJ\u2019ai personnellement constat\u00e9 une baisse de performance des \u00e9l\u00e8ves depuis que les activit\u00e9s scolaires ont repris. Par exemple, en cours de lecture, lorsqu\u2019un enfant arrivait en troisi\u00e8me ann\u00e9e d\u2019\u00e9cole primaire, il \u00e9tait capable de lire une invitation et de transmettre le message \u00e0 ses parents, mais aujourd\u2019hui les enfants trouvent cela impossible. M\u00eame ceux qui sont en cinqui\u00e8me ann\u00e9e ont de s\u00e9rieuses difficult\u00e9s \u00e0 lire et \u00e0 \u00e9crire\u201d, a d\u00e9clar\u00e9 M. Zach\u00e9e. \u201cEn tant que directeur d\u2019\u00e9cole et parent, cela me rend malheureux car l\u2019avenir de ces enfants est vraiment en jeu\u201d.<\/span><\/p>\n<h3><strong>Des cons\u00e9quences sur le long terme\u00a0<\/strong><\/h3>\n<p><span style=\"font-weight: 400\">\u00c9l\u00e8ves, parents et responsables d\u2019\u00e9cole sont tous touch\u00e9s par la fermeture des \u00e9coles. Pour les enfants \u00e2g\u00e9s de 6 \u00e0 10 ans, le d\u00e9veloppement de leurs connaissances en mati\u00e8re de lecture et d\u2019\u00e9criture a connu une interruption cons\u00e9quente, y compris pour les enfants de Malinde.<\/span><\/p>\n<p><span style=\"font-weight: 400\">Bahati Bugiri, un \u00e9l\u00e8ve de 10 ans en sixi\u00e8me ann\u00e9e \u00e0 Malinde, fait part de son exp\u00e9rience d\u2019apprentissage pendant le confinement.<\/span><\/p>\n<p><span style=\"font-weight: 400\">\u201cLorsque les \u00e9coles ont ferm\u00e9 \u00e0 cause du coronavirus, je ne me sentais pas heureux parce que nous ne pouvions plus \u00e9tudier \u00e0 l\u2019\u00e9cole\u201d, raconte Bahati. \u201cMaintenant que je suis revenu \u00e0 l\u2019\u00e9cole, je suis tr\u00e8s heureux car apr\u00e8s mes \u00e9tudes, je veux \u00eatre gouverneur du Sud-Kivu\u201d.<\/span><\/p>\n<div id=\"attachment_154277\" class=\"wp-caption aligncenter\" style=\"width: 622px\"><img loading=\"lazy\" decoding=\"async\" class=\"wp-image-154277\" src=\"https:\/\/cdn.one.org\/fr\/wp-content\/uploads\/2021\/04\/28152527\/001_One-Campain_Arlette-BASHIZI_Idjwi-9-1-768x513-1-640x428.jpg\" alt=\"\" width=\"612\" height=\"409\" aria-describedby=\"caption-attachment-154277\" \/><\/p>\n<p id=\"caption-attachment-154277\" class=\"wp-caption-text\">Bahati Bugiri, \u00e9l\u00e8ve de 10 ans en sixi\u00e8me ann\u00e9e \u00e0 Malinde<\/p>\n<\/div>\n<p><span style=\"font-weight: 400\">Mais beaucoup d\u2019\u00e9l\u00e8ves n\u2019ont pas eu le temps de suivre leur scolarit\u00e9 \u00e0 la maison, soit parce qu\u2019ils jouaient, soit parce qu\u2019ils \u00e9taient occup\u00e9s \u00e0 faire d\u2019autres choses, comme c\u2019est le cas de Nankafu Ndamwenge Furaha, 13 ans.<\/span><\/p>\n<p><span style=\"font-weight: 400\">\u201cPendant que les \u00e9coles \u00e9taient ferm\u00e9es, nous travaillions la terre, nous cherchions du bois, nous puisions de l\u2019eau ; je passais mes journ\u00e9es \u00e0 participer aux t\u00e2ches m\u00e9nag\u00e8res\u201d, explique Nankafu. \u201cMaintenant que nous avons repris l\u2019\u00e9cole, je suis heureuse que nous puissions pr\u00e9parer le TENAFEP \u2013 l\u2019examen de fin d\u2019\u00e9tudes primaires. Plus tard, j\u2019aimerais \u00eatre m\u00e9decin pour soigner les personnes malades de mon village. C\u2019est pourquoi je demande au gouvernement de ne pas fermer les \u00e9coles \u00e0 nouveau, parce que sans \u00e9cole, il n\u2019y a pas d\u2019\u00e9ducation, et sans \u00e9ducation, je ne pourrai jamais \u00eatre m\u00e9decin\u201d.<\/span><\/p>\n<p><span style=\"font-weight: 400\">Si les \u00e9coles ferment \u00e0 nouveau, cela pourrait \u00eatre une v\u00e9ritable catastrophe pour de nombreux enfants, en particulier pour ceux qui vivent dans des zones rurales o\u00f9 l\u2019apprentissage en ligne est impossible. Il est vital de se prot\u00e9ger du COVID-19, car la sant\u00e9 passe avant tout, mais l\u2019\u00e9ducation est \u00e9galement essentielle car les \u00e9l\u00e8ves d\u2019aujourd\u2019hui seront les dirigeants de demain.<\/span><\/p>\n<p><span style=\"font-weight: 400\">Le directeur Zach\u00e9e explique ce que les dirigeants peuvent faire pour aider : \u201cNous ne pouvons pas fuir le coronavirus mais nous devons le combattre. Nous demandons au gouvernement de mieux prot\u00e9ger les enfants \u00e0 l\u2019\u00e9cole. Nous n\u2019avons pas les moyens d\u2019acheter des thermom\u00e8tres pour prendre leur temp\u00e9rature ou des gels d\u00e9sinfectants pour chaque classe. Quant aux masques, beaucoup de parents ont du mal \u00e0 payer deux ou trois masques pour leurs enfants. Si le gouvernement peut nous fournir des masques, cela nous aiderait vraiment. Depuis que l\u2019enseignement primaire est gratuit, les classes sont pleines, parfois jusqu\u2019\u00e0 70 \u00e9l\u00e8ves, ce qui rend le respect de la distanciation sociale difficile\u201d.<\/span><\/p>\n<p><span style=\"font-weight: 400\">\u201cLe gouvernement pourrait contribuer \u00e0 faciliter l\u2019acc\u00e8s \u00e0 l\u2019\u00e9ducation en construisant plus de salles de classe afin que nous puissions doubler le nombre de classes disponibles et reprendre un apprentissage de qualit\u00e9\u201d.<\/span><\/p>\n<h3><strong>Vous avez le pouvoir de changer les choses !<\/strong><\/h3>\n<p><span style=\"font-weight: 400\">Les fermetures d\u2019\u00e9coles et les d\u00e9fis de l\u2019apprentissage \u00e0 distance dus \u00e0 la pand\u00e9mie ont eu un impact consid\u00e9rable sur l\u2019\u00e9ducation des enfants dans le monde entier. M\u00eame avant la pand\u00e9mie, 90% des enfants de 10 ans dans les pays \u00e0 faible revenu n\u2019\u00e9taient pas en capacit\u00e9 de lire ou de comprendre de simples documents tels qu\u2019un d\u00e9pliant m\u00e9dical ou un test scolaire.<\/span><\/p>\n<p><span style=\"font-weight: 400\">D\u00e9sormais, \u00e0 cause de la pand\u00e9mie, <\/span><a href=\"https:\/\/www.one.org\/lostpotential\"><span style=\"font-weight: 400\">ce chiffre risque d\u2019augmenter<\/span><\/a><span style=\"font-weight: 400\"> et les filles particuli\u00e8rement courent le risque d\u2019\u00eatre laiss\u00e9es pour compte. Nous devons agir d\u00e8s maintenant !<\/span><\/p>\n<p><span style=\"font-weight: 400\">Les dirigeants mondiaux se r\u00e9uniront prochainement pour trouver une r\u00e9ponse mondiale \u00e0 cette crise de l\u2019apprentissage. C\u2019est l\u2019occasion pour nous et vous de <\/span><a href=\"https:\/\/act.one.org\/sign\/education-future-2021-fr\/\"><span style=\"font-weight: 400\">leur demander d\u2019investir dans une \u00e9ducation de qualit\u00e9<\/span><\/a><span style=\"font-weight: 400\"> pour tous les enfants, o\u00f9 qu\u2019ils vivent. Apr\u00e8s tout, les enfants d\u2019aujourd\u2019hui sont les docteurs, dirigeants et scientifiques de demain.<\/span><\/p>\n<h3><b><a href=\"https:\/\/www.one.org\/fr\/agir\/rejoignez-notre-combat\/\">Continuez le combat en rejoignant ONE,<\/a> et parcourez notre <a href=\"http:\/\/lostpotential.one.org\/fr\/\">Compteur de la crise de l\u2019\u00e9ducation<\/a> !<\/b><\/h3>\n<div class=\"buffer\"><\/div>","protected":false},"excerpt":{"rendered":"<p>Partout dans le monde, nos vies ont \u00e9t\u00e9 mises entre parenth\u00e8ses en raison de la pand\u00e9mie de COVID-19, et les \u00e9l\u00e8ves n\u2019ont pas \u00e9t\u00e9 \u00e9pargn\u00e9s. En R\u00e9publique d\u00e9mocratique du Congo (RDC), la fermeture des \u00e9coles, ordonn\u00e9e par le Pr\u00e9sident de la R\u00e9publique en mars 2020, a interrompu l\u2019apprentissage des enfants. Au d\u00e9but du confinement, les [&hellip;]<\/p>\n","protected":false},"author":24,"featured_media":163109,"comment_status":"open","ping_status":"open","sticky":false,"template":"","format":"standard","meta":{"_acf_changed":false,"_relevanssi_hide_post":"","_relevanssi_hide_content":"","_relevanssi_pin_for_all":"","_relevanssi_pin_keywords":"","_relevanssi_unpin_keywords":"","_relevanssi_related_keywords":"","_relevanssi_related_include_ids":"","_relevanssi_related_exclude_ids":"","_relevanssi_related_no_append":"","_relevanssi_related_not_related":"","_relevanssi_related_posts":"164801,164384,164396,163756,163706,163644","_relevanssi_noindex_reason":"","footnotes":""},"categories":[34],"tags":[],"topic":[35],"contributor":[70],"one_content_audience":[],"one_content_type":[],"one_content_tone":[],"class_list":["post-162481","post","type-post","status-publish","format-standard","has-post-thumbnail","hentry","category-one","topic-education","contributor-arlette-bashizi"],"acf":[],"yoast_head":"<!-- This site is optimized with the Yoast SEO Premium plugin v27.1 (Yoast SEO v27.1.1) - https:\/\/yoast.com\/product\/yoast-seo-premium-wordpress\/ -->\n<title>Apprendre en p\u00e9riode de confinement : l\u2019impact des fermetures d\u2019\u00e9coles en RDC - ONE.org France<\/title>\n<meta name=\"description\" content=\"En RDC, la fermeture d&#039;\u00e9coles a provoqu\u00e9 des cons\u00e9quences \u00e0 long terme sur l&#039;apprentissage des \u00e9l\u00e8ves.\" \/>\n<meta name=\"robots\" content=\"index, follow, max-snippet:-1, max-image-preview:large, max-video-preview:-1\" \/>\n<link rel=\"canonical\" href=\"https:\/\/www.one.org\/fr\/actualites\/apprentissage-confinement-impact-fermetures-ecoles-rdc\/\" \/>\n<meta property=\"og:locale\" content=\"fr_FR\" \/>\n<meta property=\"og:type\" content=\"article\" \/>\n<meta property=\"og:title\" content=\"Apprendre en p\u00e9riode de confinement : l\u2019impact des fermetures d\u2019\u00e9coles en RDC\" \/>\n<meta property=\"og:description\" content=\"En RDC, la fermeture d&#039;\u00e9coles a provoqu\u00e9 des cons\u00e9quences \u00e0 long terme sur l&#039;apprentissage des \u00e9l\u00e8ves.\" \/>\n<meta property=\"og:url\" content=\"https:\/\/www.one.org\/fr\/actualites\/apprentissage-confinement-impact-fermetures-ecoles-rdc\/\" \/>\n<meta property=\"og:site_name\" content=\"ONE.org France\" \/>\n<meta property=\"article:publisher\" content=\"https:\/\/www.facebook.com\/ONE.Fr\" \/>\n<meta property=\"article:published_time\" content=\"2021-04-29T15:22:29+00:00\" \/>\n<meta property=\"article:modified_time\" content=\"2023-12-08T12:40:29+00:00\" \/>\n<meta property=\"og:image\" content=\"https:\/\/www.one.org\/fr\/wp-content\/uploads\/sites\/4\/2021\/04\/EDU_2021_nankafu-bahati_1200x1200.jpg\" \/>\n\t<meta property=\"og:image:width\" content=\"1200\" \/>\n\t<meta property=\"og:image:height\" content=\"1200\" \/>\n\t<meta property=\"og:image:type\" content=\"image\/jpeg\" \/>\n<meta name=\"author\" content=\"Dana Khalil\" \/>\n<meta name=\"twitter:card\" content=\"summary_large_image\" \/>\n<meta name=\"twitter:creator\" content=\"@one_fr\" \/>\n<meta name=\"twitter:site\" content=\"@one_fr\" \/>\n<meta name=\"twitter:label1\" content=\"Written by\" \/>\n\t<meta name=\"twitter:data1\" content=\"Dana Khalil\" \/>\n\t<meta name=\"twitter:label2\" content=\"Est. reading time\" \/>\n\t<meta name=\"twitter:data2\" content=\"5 minutes\" \/>\n<script type=\"application\/ld+json\" class=\"yoast-schema-graph\">{\"@context\":\"https:\/\/schema.org\",\"@graph\":[{\"@type\":\"Article\",\"@id\":\"https:\/\/www.one.org\/fr\/actualites\/apprentissage-confinement-impact-fermetures-ecoles-rdc\/#article\",\"isPartOf\":{\"@id\":\"https:\/\/www.one.org\/fr\/actualites\/apprentissage-confinement-impact-fermetures-ecoles-rdc\/\"},\"author\":{\"name\":\"Dana Khalil\",\"@id\":\"https:\/\/www.one.org\/fr\/#\/schema\/person\/cf1f30f9800f0592ec3d61940be82003\"},\"headline\":\"Apprendre en p\u00e9riode de confinement : l\u2019impact des fermetures d\u2019\u00e9coles en RDC\",\"datePublished\":\"2021-04-29T15:22:29+00:00\",\"dateModified\":\"2023-12-08T12:40:29+00:00\",\"mainEntityOfPage\":{\"@id\":\"https:\/\/www.one.org\/fr\/actualites\/apprentissage-confinement-impact-fermetures-ecoles-rdc\/\"},\"wordCount\":1010,\"commentCount\":0,\"image\":{\"@id\":\"https:\/\/www.one.org\/fr\/actualites\/apprentissage-confinement-impact-fermetures-ecoles-rdc\/#primaryimage\"},\"thumbnailUrl\":\"https:\/\/www.one.org\/fr\/wp-content\/uploads\/sites\/4\/2021\/04\/EDU_2021_nankafu-bahati_1200x1200.jpg\",\"articleSection\":[\"ONE\"],\"inLanguage\":\"fr-FR\",\"potentialAction\":[{\"@type\":\"CommentAction\",\"name\":\"Comment\",\"target\":[\"https:\/\/www.one.org\/fr\/actualites\/apprentissage-confinement-impact-fermetures-ecoles-rdc\/#respond\"]}]},{\"@type\":\"WebPage\",\"@id\":\"https:\/\/www.one.org\/fr\/actualites\/apprentissage-confinement-impact-fermetures-ecoles-rdc\/\",\"url\":\"https:\/\/www.one.org\/fr\/actualites\/apprentissage-confinement-impact-fermetures-ecoles-rdc\/\",\"name\":\"Apprendre en p\u00e9riode de confinement : l\u2019impact des fermetures d\u2019\u00e9coles en RDC - ONE.org France\",\"isPartOf\":{\"@id\":\"https:\/\/www.one.org\/fr\/#website\"},\"primaryImageOfPage\":{\"@id\":\"https:\/\/www.one.org\/fr\/actualites\/apprentissage-confinement-impact-fermetures-ecoles-rdc\/#primaryimage\"},\"image\":{\"@id\":\"https:\/\/www.one.org\/fr\/actualites\/apprentissage-confinement-impact-fermetures-ecoles-rdc\/#primaryimage\"},\"thumbnailUrl\":\"https:\/\/www.one.org\/fr\/wp-content\/uploads\/sites\/4\/2021\/04\/EDU_2021_nankafu-bahati_1200x1200.jpg\",\"datePublished\":\"2021-04-29T15:22:29+00:00\",\"dateModified\":\"2023-12-08T12:40:29+00:00\",\"author\":{\"@id\":\"https:\/\/www.one.org\/fr\/#\/schema\/person\/cf1f30f9800f0592ec3d61940be82003\"},\"description\":\"En RDC, la fermeture d'\u00e9coles a provoqu\u00e9 des cons\u00e9quences \u00e0 long terme sur l'apprentissage des \u00e9l\u00e8ves.\",\"breadcrumb\":{\"@id\":\"https:\/\/www.one.org\/fr\/actualites\/apprentissage-confinement-impact-fermetures-ecoles-rdc\/#breadcrumb\"},\"inLanguage\":\"fr-FR\",\"potentialAction\":[{\"@type\":\"ReadAction\",\"target\":[\"https:\/\/www.one.org\/fr\/actualites\/apprentissage-confinement-impact-fermetures-ecoles-rdc\/\"]}]},{\"@type\":\"ImageObject\",\"inLanguage\":\"fr-FR\",\"@id\":\"https:\/\/www.one.org\/fr\/actualites\/apprentissage-confinement-impact-fermetures-ecoles-rdc\/#primaryimage\",\"url\":\"https:\/\/www.one.org\/fr\/wp-content\/uploads\/sites\/4\/2021\/04\/EDU_2021_nankafu-bahati_1200x1200.jpg\",\"contentUrl\":\"https:\/\/www.one.org\/fr\/wp-content\/uploads\/sites\/4\/2021\/04\/EDU_2021_nankafu-bahati_1200x1200.jpg\",\"width\":1200,\"height\":1200},{\"@type\":\"BreadcrumbList\",\"@id\":\"https:\/\/www.one.org\/fr\/actualites\/apprentissage-confinement-impact-fermetures-ecoles-rdc\/#breadcrumb\",\"itemListElement\":[{\"@type\":\"ListItem\",\"position\":1,\"name\":\"Home\",\"item\":\"https:\/\/www.one.org\/fr\/\"},{\"@type\":\"ListItem\",\"position\":2,\"name\":\"Apprendre en p\u00e9riode de confinement : l\u2019impact des fermetures d\u2019\u00e9coles en RDC\"}]},{\"@type\":\"WebSite\",\"@id\":\"https:\/\/www.one.org\/fr\/#website\",\"url\":\"https:\/\/www.one.org\/fr\/\",\"name\":\"ONE.org\",\"description\":\"Cr\u00e9er des opportunit\u00e9s \u00e9conomiques et am\u00e9liorer la sant\u00e9 en Afrique\",\"potentialAction\":[{\"@type\":\"SearchAction\",\"target\":{\"@type\":\"EntryPoint\",\"urlTemplate\":\"https:\/\/www.one.org\/fr\/?s={search_term_string}\"},\"query-input\":{\"@type\":\"PropertyValueSpecification\",\"valueRequired\":true,\"valueName\":\"search_term_string\"}}],\"inLanguage\":\"fr-FR\"},{\"@type\":\"Person\",\"@id\":\"https:\/\/www.one.org\/fr\/#\/schema\/person\/cf1f30f9800f0592ec3d61940be82003\",\"name\":\"Dana Khalil\",\"image\":{\"@type\":\"ImageObject\",\"inLanguage\":\"fr-FR\",\"@id\":\"https:\/\/www.one.org\/fr\/#\/schema\/person\/image\/\",\"url\":\"https:\/\/secure.gravatar.com\/avatar\/b0da536f00ccefadcc7aae4e64855977a5249adb1ac04162a69474e53a8d4c40?s=96&d=mm&r=g\",\"contentUrl\":\"https:\/\/secure.gravatar.com\/avatar\/b0da536f00ccefadcc7aae4e64855977a5249adb1ac04162a69474e53a8d4c40?s=96&d=mm&r=g\",\"caption\":\"Dana Khalil\"},\"url\":\"https:\/\/www.one.org\/fr\/actualites\/author\/danakhalil\/\"}]}<\/script>\n<!-- \/ Yoast SEO Premium plugin. -->","yoast_head_json":{"title":"Apprendre en p\u00e9riode de confinement : l\u2019impact des fermetures d\u2019\u00e9coles en RDC - ONE.org France","description":"En RDC, la fermeture d'\u00e9coles a provoqu\u00e9 des cons\u00e9quences \u00e0 long terme sur l'apprentissage des \u00e9l\u00e8ves.","robots":{"index":"index","follow":"follow","max-snippet":"max-snippet:-1","max-image-preview":"max-image-preview:large","max-video-preview":"max-video-preview:-1"},"canonical":"https:\/\/www.one.org\/fr\/actualites\/apprentissage-confinement-impact-fermetures-ecoles-rdc\/","og_locale":"fr_FR","og_type":"article","og_title":"Apprendre en p\u00e9riode de confinement : l\u2019impact des fermetures d\u2019\u00e9coles en RDC","og_description":"En RDC, la fermeture d'\u00e9coles a provoqu\u00e9 des cons\u00e9quences \u00e0 long terme sur l'apprentissage des \u00e9l\u00e8ves.","og_url":"https:\/\/www.one.org\/fr\/actualites\/apprentissage-confinement-impact-fermetures-ecoles-rdc\/","og_site_name":"ONE.org France","article_publisher":"https:\/\/www.facebook.com\/ONE.Fr","article_published_time":"2021-04-29T15:22:29+00:00","article_modified_time":"2023-12-08T12:40:29+00:00","og_image":[{"width":1200,"height":1200,"url":"https:\/\/www.one.org\/fr\/wp-content\/uploads\/sites\/4\/2021\/04\/EDU_2021_nankafu-bahati_1200x1200.jpg","type":"image\/jpeg"}],"author":"Dana Khalil","twitter_card":"summary_large_image","twitter_creator":"@one_fr","twitter_site":"@one_fr","twitter_misc":{"Written by":"Dana Khalil","Est. reading time":"5 minutes"},"schema":{"@context":"https:\/\/schema.org","@graph":[{"@type":"Article","@id":"https:\/\/www.one.org\/fr\/actualites\/apprentissage-confinement-impact-fermetures-ecoles-rdc\/#article","isPartOf":{"@id":"https:\/\/www.one.org\/fr\/actualites\/apprentissage-confinement-impact-fermetures-ecoles-rdc\/"},"author":{"name":"Dana Khalil","@id":"https:\/\/www.one.org\/fr\/#\/schema\/person\/cf1f30f9800f0592ec3d61940be82003"},"headline":"Apprendre en p\u00e9riode de confinement : l\u2019impact des fermetures d\u2019\u00e9coles en RDC","datePublished":"2021-04-29T15:22:29+00:00","dateModified":"2023-12-08T12:40:29+00:00","mainEntityOfPage":{"@id":"https:\/\/www.one.org\/fr\/actualites\/apprentissage-confinement-impact-fermetures-ecoles-rdc\/"},"wordCount":1010,"commentCount":0,"image":{"@id":"https:\/\/www.one.org\/fr\/actualites\/apprentissage-confinement-impact-fermetures-ecoles-rdc\/#primaryimage"},"thumbnailUrl":"https:\/\/www.one.org\/fr\/wp-content\/uploads\/sites\/4\/2021\/04\/EDU_2021_nankafu-bahati_1200x1200.jpg","articleSection":["ONE"],"inLanguage":"fr-FR","potentialAction":[{"@type":"CommentAction","name":"Comment","target":["https:\/\/www.one.org\/fr\/actualites\/apprentissage-confinement-impact-fermetures-ecoles-rdc\/#respond"]}]},{"@type":"WebPage","@id":"https:\/\/www.one.org\/fr\/actualites\/apprentissage-confinement-impact-fermetures-ecoles-rdc\/","url":"https:\/\/www.one.org\/fr\/actualites\/apprentissage-confinement-impact-fermetures-ecoles-rdc\/","name":"Apprendre en p\u00e9riode de confinement : l\u2019impact des fermetures d\u2019\u00e9coles en RDC - ONE.org France","isPartOf":{"@id":"https:\/\/www.one.org\/fr\/#website"},"primaryImageOfPage":{"@id":"https:\/\/www.one.org\/fr\/actualites\/apprentissage-confinement-impact-fermetures-ecoles-rdc\/#primaryimage"},"image":{"@id":"https:\/\/www.one.org\/fr\/actualites\/apprentissage-confinement-impact-fermetures-ecoles-rdc\/#primaryimage"},"thumbnailUrl":"https:\/\/www.one.org\/fr\/wp-content\/uploads\/sites\/4\/2021\/04\/EDU_2021_nankafu-bahati_1200x1200.jpg","datePublished":"2021-04-29T15:22:29+00:00","dateModified":"2023-12-08T12:40:29+00:00","author":{"@id":"https:\/\/www.one.org\/fr\/#\/schema\/person\/cf1f30f9800f0592ec3d61940be82003"},"description":"En RDC, la fermeture d'\u00e9coles a provoqu\u00e9 des cons\u00e9quences \u00e0 long terme sur l'apprentissage des \u00e9l\u00e8ves.","breadcrumb":{"@id":"https:\/\/www.one.org\/fr\/actualites\/apprentissage-confinement-impact-fermetures-ecoles-rdc\/#breadcrumb"},"inLanguage":"fr-FR","potentialAction":[{"@type":"ReadAction","target":["https:\/\/www.one.org\/fr\/actualites\/apprentissage-confinement-impact-fermetures-ecoles-rdc\/"]}]},{"@type":"ImageObject","inLanguage":"fr-FR","@id":"https:\/\/www.one.org\/fr\/actualites\/apprentissage-confinement-impact-fermetures-ecoles-rdc\/#primaryimage","url":"https:\/\/www.one.org\/fr\/wp-content\/uploads\/sites\/4\/2021\/04\/EDU_2021_nankafu-bahati_1200x1200.jpg","contentUrl":"https:\/\/www.one.org\/fr\/wp-content\/uploads\/sites\/4\/2021\/04\/EDU_2021_nankafu-bahati_1200x1200.jpg","width":1200,"height":1200},{"@type":"BreadcrumbList","@id":"https:\/\/www.one.org\/fr\/actualites\/apprentissage-confinement-impact-fermetures-ecoles-rdc\/#breadcrumb","itemListElement":[{"@type":"ListItem","position":1,"name":"Home","item":"https:\/\/www.one.org\/fr\/"},{"@type":"ListItem","position":2,"name":"Apprendre en p\u00e9riode de confinement : l\u2019impact des fermetures d\u2019\u00e9coles en RDC"}]},{"@type":"WebSite","@id":"https:\/\/www.one.org\/fr\/#website","url":"https:\/\/www.one.org\/fr\/","name":"ONE.org","description":"Cr\u00e9er des opportunit\u00e9s \u00e9conomiques et am\u00e9liorer la sant\u00e9 en Afrique","potentialAction":[{"@type":"SearchAction","target":{"@type":"EntryPoint","urlTemplate":"https:\/\/www.one.org\/fr\/?s={search_term_string}"},"query-input":{"@type":"PropertyValueSpecification","valueRequired":true,"valueName":"search_term_string"}}],"inLanguage":"fr-FR"},{"@type":"Person","@id":"https:\/\/www.one.org\/fr\/#\/schema\/person\/cf1f30f9800f0592ec3d61940be82003","name":"Dana Khalil","image":{"@type":"ImageObject","inLanguage":"fr-FR","@id":"https:\/\/www.one.org\/fr\/#\/schema\/person\/image\/","url":"https:\/\/secure.gravatar.com\/avatar\/b0da536f00ccefadcc7aae4e64855977a5249adb1ac04162a69474e53a8d4c40?s=96&d=mm&r=g","contentUrl":"https:\/\/secure.gravatar.com\/avatar\/b0da536f00ccefadcc7aae4e64855977a5249adb1ac04162a69474e53a8d4c40?s=96&d=mm&r=g","caption":"Dana Khalil"},"url":"https:\/\/www.one.org\/fr\/actualites\/author\/danakhalil\/"}]}},"distributor_meta":false,"distributor_terms":false,"distributor_media":false,"distributor_original_site_name":"ONE.org France","distributor_original_site_url":"https:\/\/www.one.org\/fr","push-errors":false,"_links":{"self":[{"href":"https:\/\/www.one.org\/fr\/wp-json\/wp\/v2\/posts\/162481","targetHints":{"allow":["GET"]}}],"collection":[{"href":"https:\/\/www.one.org\/fr\/wp-json\/wp\/v2\/posts"}],"about":[{"href":"https:\/\/www.one.org\/fr\/wp-json\/wp\/v2\/types\/post"}],"author":[{"embeddable":true,"href":"https:\/\/www.one.org\/fr\/wp-json\/wp\/v2\/users\/24"}],"replies":[{"embeddable":true,"href":"https:\/\/www.one.org\/fr\/wp-json\/wp\/v2\/comments?post=162481"}],"version-history":[{"count":0,"href":"https:\/\/www.one.org\/fr\/wp-json\/wp\/v2\/posts\/162481\/revisions"}],"wp:featuredmedia":[{"embeddable":true,"href":"https:\/\/www.one.org\/fr\/wp-json\/wp\/v2\/media\/163109"}],"wp:attachment":[{"href":"https:\/\/www.one.org\/fr\/wp-json\/wp\/v2\/media?parent=162481"}],"wp:term":[{"taxonomy":"category","embeddable":true,"href":"https:\/\/www.one.org\/fr\/wp-json\/wp\/v2\/categories?post=162481"},{"taxonomy":"post_tag","embeddable":true,"href":"https:\/\/www.one.org\/fr\/wp-json\/wp\/v2\/tags?post=162481"},{"taxonomy":"topic","embeddable":true,"href":"https:\/\/www.one.org\/fr\/wp-json\/wp\/v2\/topic?post=162481"},{"taxonomy":"contributor","embeddable":true,"href":"https:\/\/www.one.org\/fr\/wp-json\/wp\/v2\/contributor?post=162481"},{"taxonomy":"one_content_audience","embeddable":true,"href":"https:\/\/www.one.org\/fr\/wp-json\/wp\/v2\/one_content_audience?post=162481"},{"taxonomy":"one_content_type","embeddable":true,"href":"https:\/\/www.one.org\/fr\/wp-json\/wp\/v2\/one_content_type?post=162481"},{"taxonomy":"one_content_tone","embeddable":true,"href":"https:\/\/www.one.org\/fr\/wp-json\/wp\/v2\/one_content_tone?post=162481"}],"curies":[{"name":"wp","href":"https:\/\/api.w.org\/{rel}","templated":true}]}}