{"id":162479,"date":"2021-04-20T15:25:28","date_gmt":"2021-04-20T15:25:28","guid":{"rendered":"https:\/\/www.one.org\/fr\/rencontrez-lequipe-de-one-celine-legrand\/"},"modified":"2024-04-23T12:35:40","modified_gmt":"2024-04-23T12:35:40","slug":"rencontrez-lequipe-de-one-celine-legrand","status":"publish","type":"post","link":"https:\/\/www.one.org\/fr\/actualites\/rencontrez-lequipe-de-one-celine-legrand\/","title":{"rendered":"Rencontrez l\u2019\u00e9quipe de ONE : C\u00e9line Legrand"},"content":{"rendered":"<p>Chaque mois, retrouvez une interview exclusive d&rsquo;un membre de notre &eacute;quipe. Cela est l&rsquo;occasion pour nous de vous pr&eacute;senter celles et ceux qui oeuvrent au quotidien, dans les coulisses, pour d&eacute;fendre nos valeurs et faire avancer nos campagnes. Ce mois-ci, nous sommes ravis de vous pr&eacute;senter <strong>C&eacute;line Legrand, Responsable des campagnes et de la mobilisation au sein du bureau fran&ccedil;ais de ONE.<\/strong><\/p>\n<p><strong>Quand et comment as tu rejoint l&rsquo;ONG ?<\/strong><\/p>\n<p>J&rsquo;ai rejoint ONE en Mars 2020, en tant que Responsable des Campagnes et de la mobilisation.<\/p>\n<p><strong>Et aujourd&rsquo;hui, que fais tu? Quel est ton poste chez ONE ?&nbsp;<\/strong><\/p>\n<p>Mon r&ocirc;le consiste &agrave; d&eacute;velopper des campagnes de sensibilisation et de mobilisation afin de faire vivre nos sujets. De l&rsquo;acc&egrave;s aux vaccins &agrave; l&rsquo;acc&egrave;s &agrave; une &eacute;ducation de qualit&eacute;, nos th&eacute;matiques de campagne sont nombreuses et n&rsquo;ont qu&rsquo;un seul objectif : mettre fin &agrave; l&rsquo;extreme pauvret&eacute; et d&eacute;fendre les enjeux de solidarit&eacute; internationale.<\/p>\n<p>Pour nous accompagner dans cette d&eacute;marche, nous avons la chance de compter sur nos merveilleux jeunes Ambassadeurs et Ambassadrices : des b&eacute;n&eacute;voles engag&eacute;es qui m&egrave;nent campagne &agrave; nos c&ocirc;t&eacute;s, vont &agrave; la rencontre des d&eacute;cideurs politiques et relaient nos valeurs et nos demandes dans les m&eacute;dias. Ils incarnent pour moi une jeunesse engag&eacute;e, d&eacute;termin&eacute;e &agrave; agir et actrice du changement !<\/p>\n<p><strong>Que pr&eacute;f&egrave;res-tu chez ONE ? Ou ton meilleur souvenir chez ONE ?<\/strong><\/p>\n<p>La dimension internationale de l&rsquo;organisation et la collaboration avec les &eacute;quipes en Europe, en Afrique, aux Etats Unis&hellip; La force de ONE, c&rsquo;est sa capacit&eacute; &agrave; mobiliser et f&eacute;d&eacute;rer les expertises partout pour maximiser nos chances de r&eacute;ussite.<\/p>\n<p><strong>Que pr&eacute;f&egrave;res-tu dans ton m&eacute;tier ?&nbsp;<\/strong><\/p>\n<p>Accompagner nos jeunes Ambassadeurs et Ambassadrices.<\/p>\n<p><strong>Un message pour nos soutiens ?<\/strong><\/p>\n<p>Merci pour votre engagement &agrave; nos c&ocirc;t&eacute;s. Votre soutien est notre force, c&rsquo;est gr&acirc;ce &agrave; vous que nous pouvons faire bouger les lignes !<\/p>\n<div class=\"buffer\"><\/div>","protected":false},"excerpt":{"rendered":"<p>Chaque mois, retrouvez une interview exclusive d&rsquo;un membre de notre &eacute;quipe. Cela est l&rsquo;occasion pour nous de vous pr&eacute;senter celles et ceux qui oeuvrent au quotidien, dans les coulisses, pour d&eacute;fendre nos valeurs et faire avancer nos campagnes. Ce mois-ci, nous sommes ravis de vous pr&eacute;senter C&eacute;line Legrand, Responsable des campagnes et de la mobilisation [&hellip;]<\/p>\n","protected":false},"author":0,"featured_media":163115,"comment_status":"open","ping_status":"open","sticky":false,"template":"","format":"standard","meta":{"_acf_changed":false,"_relevanssi_hide_post":"","_relevanssi_hide_content":"","_relevanssi_pin_for_all":"","_relevanssi_pin_keywords":"","_relevanssi_unpin_keywords":"","_relevanssi_related_keywords":"","_relevanssi_related_include_ids":"","_relevanssi_related_exclude_ids":"","_relevanssi_related_no_append":"","_relevanssi_related_not_related":"","_relevanssi_related_posts":"","_relevanssi_noindex_reason":"","footnotes":""},"categories":[34],"tags":[],"topic":[47],"contributor":[33],"one_content_audience":[],"one_content_type":[],"one_content_tone":[],"class_list":["post-162479","post","type-post","status-publish","format-standard","has-post-thumbnail","hentry","category-one","topic-que-font-nos-membres","contributor-one-france"],"acf":[],"yoast_head":"<!-- This site is optimized with the Yoast SEO Premium plugin v27.1 (Yoast SEO v27.1.1) - https:\/\/yoast.com\/product\/yoast-seo-premium-wordpress\/ -->\n<title>Rencontrez l\u2019\u00e9quipe de ONE : C\u00e9line Legrand - ONE.org France<\/title>\n<meta name=\"description\" content=\"Ce mois-ci, retrouvez l&#039;interview de C\u00e9line Legrand, Responsable des campagnes et de la mobilisation au sein du bureau fran\u00e7ais de ONE.\" \/>\n<meta name=\"robots\" content=\"index, follow, max-snippet:-1, max-image-preview:large, max-video-preview:-1\" \/>\n<link rel=\"canonical\" href=\"https:\/\/www.one.org\/fr\/actualites\/rencontrez-lequipe-de-one-celine-legrand\/\" \/>\n<meta property=\"og:locale\" content=\"fr_FR\" \/>\n<meta property=\"og:type\" content=\"article\" \/>\n<meta property=\"og:title\" content=\"Rencontrez l\u2019\u00e9quipe de ONE : C\u00e9line Legrand\" \/>\n<meta property=\"og:description\" content=\"Ce mois-ci, retrouvez l&#039;interview de C\u00e9line Legrand, Responsable des campagnes et de la mobilisation au sein du bureau fran\u00e7ais de ONE.\" \/>\n<meta property=\"og:url\" content=\"https:\/\/www.one.org\/fr\/actualites\/rencontrez-lequipe-de-one-celine-legrand\/\" \/>\n<meta property=\"og:site_name\" content=\"ONE.org France\" \/>\n<meta property=\"article:publisher\" content=\"https:\/\/www.facebook.com\/ONE.Fr\" \/>\n<meta property=\"article:published_time\" content=\"2021-04-20T15:25:28+00:00\" \/>\n<meta property=\"article:modified_time\" content=\"2024-04-23T12:35:40+00:00\" \/>\n<meta property=\"og:image\" content=\"https:\/\/www.one.org\/fr\/wp-content\/uploads\/sites\/4\/2021\/04\/French_Newsletter_Header_1200x1200.jpg\" \/>\n\t<meta property=\"og:image:width\" content=\"1200\" \/>\n\t<meta property=\"og:image:height\" content=\"1200\" \/>\n\t<meta property=\"og:image:type\" content=\"image\/jpeg\" \/>\n<meta name=\"twitter:card\" content=\"summary_large_image\" \/>\n<meta name=\"twitter:creator\" content=\"@one_fr\" \/>\n<meta name=\"twitter:site\" content=\"@one_fr\" \/>\n<meta name=\"twitter:label1\" content=\"Est. reading time\" \/>\n\t<meta name=\"twitter:data1\" content=\"2 minutes\" \/>\n<script type=\"application\/ld+json\" class=\"yoast-schema-graph\">{\"@context\":\"https:\/\/schema.org\",\"@graph\":[{\"@type\":\"Article\",\"@id\":\"https:\/\/www.one.org\/fr\/actualites\/rencontrez-lequipe-de-one-celine-legrand\/#article\",\"isPartOf\":{\"@id\":\"https:\/\/www.one.org\/fr\/actualites\/rencontrez-lequipe-de-one-celine-legrand\/\"},\"author\":{\"name\":\"\",\"@id\":\"\"},\"headline\":\"Rencontrez l\u2019\u00e9quipe de ONE : C\u00e9line Legrand\",\"datePublished\":\"2021-04-20T15:25:28+00:00\",\"dateModified\":\"2024-04-23T12:35:40+00:00\",\"mainEntityOfPage\":{\"@id\":\"https:\/\/www.one.org\/fr\/actualites\/rencontrez-lequipe-de-one-celine-legrand\/\"},\"wordCount\":405,\"commentCount\":0,\"image\":{\"@id\":\"https:\/\/www.one.org\/fr\/actualites\/rencontrez-lequipe-de-one-celine-legrand\/#primaryimage\"},\"thumbnailUrl\":\"https:\/\/www.one.org\/fr\/wp-content\/uploads\/sites\/4\/2021\/04\/French_Newsletter_Header_1200x1200.jpg\",\"articleSection\":[\"ONE\"],\"inLanguage\":\"fr-FR\",\"potentialAction\":[{\"@type\":\"CommentAction\",\"name\":\"Comment\",\"target\":[\"https:\/\/www.one.org\/fr\/actualites\/rencontrez-lequipe-de-one-celine-legrand\/#respond\"]}]},{\"@type\":\"WebPage\",\"@id\":\"https:\/\/www.one.org\/fr\/actualites\/rencontrez-lequipe-de-one-celine-legrand\/\",\"url\":\"https:\/\/www.one.org\/fr\/actualites\/rencontrez-lequipe-de-one-celine-legrand\/\",\"name\":\"Rencontrez l\u2019\u00e9quipe de ONE : C\u00e9line Legrand - ONE.org France\",\"isPartOf\":{\"@id\":\"https:\/\/www.one.org\/fr\/#website\"},\"primaryImageOfPage\":{\"@id\":\"https:\/\/www.one.org\/fr\/actualites\/rencontrez-lequipe-de-one-celine-legrand\/#primaryimage\"},\"image\":{\"@id\":\"https:\/\/www.one.org\/fr\/actualites\/rencontrez-lequipe-de-one-celine-legrand\/#primaryimage\"},\"thumbnailUrl\":\"https:\/\/www.one.org\/fr\/wp-content\/uploads\/sites\/4\/2021\/04\/French_Newsletter_Header_1200x1200.jpg\",\"datePublished\":\"2021-04-20T15:25:28+00:00\",\"dateModified\":\"2024-04-23T12:35:40+00:00\",\"author\":{\"@id\":\"\"},\"description\":\"Ce mois-ci, retrouvez l'interview de C\u00e9line Legrand, Responsable des campagnes et de la mobilisation au sein du bureau fran\u00e7ais de ONE.\",\"breadcrumb\":{\"@id\":\"https:\/\/www.one.org\/fr\/actualites\/rencontrez-lequipe-de-one-celine-legrand\/#breadcrumb\"},\"inLanguage\":\"fr-FR\",\"potentialAction\":[{\"@type\":\"ReadAction\",\"target\":[\"https:\/\/www.one.org\/fr\/actualites\/rencontrez-lequipe-de-one-celine-legrand\/\"]}]},{\"@type\":\"ImageObject\",\"inLanguage\":\"fr-FR\",\"@id\":\"https:\/\/www.one.org\/fr\/actualites\/rencontrez-lequipe-de-one-celine-legrand\/#primaryimage\",\"url\":\"https:\/\/www.one.org\/fr\/wp-content\/uploads\/sites\/4\/2021\/04\/French_Newsletter_Header_1200x1200.jpg\",\"contentUrl\":\"https:\/\/www.one.org\/fr\/wp-content\/uploads\/sites\/4\/2021\/04\/French_Newsletter_Header_1200x1200.jpg\",\"width\":1200,\"height\":1200},{\"@type\":\"BreadcrumbList\",\"@id\":\"https:\/\/www.one.org\/fr\/actualites\/rencontrez-lequipe-de-one-celine-legrand\/#breadcrumb\",\"itemListElement\":[{\"@type\":\"ListItem\",\"position\":1,\"name\":\"Home\",\"item\":\"https:\/\/www.one.org\/fr\/\"},{\"@type\":\"ListItem\",\"position\":2,\"name\":\"Rencontrez l\u2019\u00e9quipe de ONE : C\u00e9line Legrand\"}]},{\"@type\":\"WebSite\",\"@id\":\"https:\/\/www.one.org\/fr\/#website\",\"url\":\"https:\/\/www.one.org\/fr\/\",\"name\":\"ONE.org\",\"description\":\"Cr\u00e9er des opportunit\u00e9s \u00e9conomiques et am\u00e9liorer la sant\u00e9 en Afrique\",\"potentialAction\":[{\"@type\":\"SearchAction\",\"target\":{\"@type\":\"EntryPoint\",\"urlTemplate\":\"https:\/\/www.one.org\/fr\/?s={search_term_string}\"},\"query-input\":{\"@type\":\"PropertyValueSpecification\",\"valueRequired\":true,\"valueName\":\"search_term_string\"}}],\"inLanguage\":\"fr-FR\"}]}<\/script>\n<!-- \/ Yoast SEO Premium plugin. -->","yoast_head_json":{"title":"Rencontrez l\u2019\u00e9quipe de ONE : C\u00e9line Legrand - ONE.org France","description":"Ce mois-ci, retrouvez l'interview de C\u00e9line Legrand, Responsable des campagnes et de la mobilisation au sein du bureau fran\u00e7ais de ONE.","robots":{"index":"index","follow":"follow","max-snippet":"max-snippet:-1","max-image-preview":"max-image-preview:large","max-video-preview":"max-video-preview:-1"},"canonical":"https:\/\/www.one.org\/fr\/actualites\/rencontrez-lequipe-de-one-celine-legrand\/","og_locale":"fr_FR","og_type":"article","og_title":"Rencontrez l\u2019\u00e9quipe de ONE : C\u00e9line Legrand","og_description":"Ce mois-ci, retrouvez l'interview de C\u00e9line Legrand, Responsable des campagnes et de la mobilisation au sein du bureau fran\u00e7ais de ONE.","og_url":"https:\/\/www.one.org\/fr\/actualites\/rencontrez-lequipe-de-one-celine-legrand\/","og_site_name":"ONE.org France","article_publisher":"https:\/\/www.facebook.com\/ONE.Fr","article_published_time":"2021-04-20T15:25:28+00:00","article_modified_time":"2024-04-23T12:35:40+00:00","og_image":[{"width":1200,"height":1200,"url":"https:\/\/www.one.org\/fr\/wp-content\/uploads\/sites\/4\/2021\/04\/French_Newsletter_Header_1200x1200.jpg","type":"image\/jpeg"}],"twitter_card":"summary_large_image","twitter_creator":"@one_fr","twitter_site":"@one_fr","twitter_misc":{"Est. reading time":"2 minutes"},"schema":{"@context":"https:\/\/schema.org","@graph":[{"@type":"Article","@id":"https:\/\/www.one.org\/fr\/actualites\/rencontrez-lequipe-de-one-celine-legrand\/#article","isPartOf":{"@id":"https:\/\/www.one.org\/fr\/actualites\/rencontrez-lequipe-de-one-celine-legrand\/"},"author":{"name":"","@id":""},"headline":"Rencontrez l\u2019\u00e9quipe de ONE : C\u00e9line Legrand","datePublished":"2021-04-20T15:25:28+00:00","dateModified":"2024-04-23T12:35:40+00:00","mainEntityOfPage":{"@id":"https:\/\/www.one.org\/fr\/actualites\/rencontrez-lequipe-de-one-celine-legrand\/"},"wordCount":405,"commentCount":0,"image":{"@id":"https:\/\/www.one.org\/fr\/actualites\/rencontrez-lequipe-de-one-celine-legrand\/#primaryimage"},"thumbnailUrl":"https:\/\/www.one.org\/fr\/wp-content\/uploads\/sites\/4\/2021\/04\/French_Newsletter_Header_1200x1200.jpg","articleSection":["ONE"],"inLanguage":"fr-FR","potentialAction":[{"@type":"CommentAction","name":"Comment","target":["https:\/\/www.one.org\/fr\/actualites\/rencontrez-lequipe-de-one-celine-legrand\/#respond"]}]},{"@type":"WebPage","@id":"https:\/\/www.one.org\/fr\/actualites\/rencontrez-lequipe-de-one-celine-legrand\/","url":"https:\/\/www.one.org\/fr\/actualites\/rencontrez-lequipe-de-one-celine-legrand\/","name":"Rencontrez l\u2019\u00e9quipe de ONE : C\u00e9line Legrand - ONE.org France","isPartOf":{"@id":"https:\/\/www.one.org\/fr\/#website"},"primaryImageOfPage":{"@id":"https:\/\/www.one.org\/fr\/actualites\/rencontrez-lequipe-de-one-celine-legrand\/#primaryimage"},"image":{"@id":"https:\/\/www.one.org\/fr\/actualites\/rencontrez-lequipe-de-one-celine-legrand\/#primaryimage"},"thumbnailUrl":"https:\/\/www.one.org\/fr\/wp-content\/uploads\/sites\/4\/2021\/04\/French_Newsletter_Header_1200x1200.jpg","datePublished":"2021-04-20T15:25:28+00:00","dateModified":"2024-04-23T12:35:40+00:00","author":{"@id":""},"description":"Ce mois-ci, retrouvez l'interview de C\u00e9line Legrand, Responsable des campagnes et de la mobilisation au sein du bureau fran\u00e7ais de ONE.","breadcrumb":{"@id":"https:\/\/www.one.org\/fr\/actualites\/rencontrez-lequipe-de-one-celine-legrand\/#breadcrumb"},"inLanguage":"fr-FR","potentialAction":[{"@type":"ReadAction","target":["https:\/\/www.one.org\/fr\/actualites\/rencontrez-lequipe-de-one-celine-legrand\/"]}]},{"@type":"ImageObject","inLanguage":"fr-FR","@id":"https:\/\/www.one.org\/fr\/actualites\/rencontrez-lequipe-de-one-celine-legrand\/#primaryimage","url":"https:\/\/www.one.org\/fr\/wp-content\/uploads\/sites\/4\/2021\/04\/French_Newsletter_Header_1200x1200.jpg","contentUrl":"https:\/\/www.one.org\/fr\/wp-content\/uploads\/sites\/4\/2021\/04\/French_Newsletter_Header_1200x1200.jpg","width":1200,"height":1200},{"@type":"BreadcrumbList","@id":"https:\/\/www.one.org\/fr\/actualites\/rencontrez-lequipe-de-one-celine-legrand\/#breadcrumb","itemListElement":[{"@type":"ListItem","position":1,"name":"Home","item":"https:\/\/www.one.org\/fr\/"},{"@type":"ListItem","position":2,"name":"Rencontrez l\u2019\u00e9quipe de ONE : C\u00e9line Legrand"}]},{"@type":"WebSite","@id":"https:\/\/www.one.org\/fr\/#website","url":"https:\/\/www.one.org\/fr\/","name":"ONE.org","description":"Cr\u00e9er des opportunit\u00e9s \u00e9conomiques et am\u00e9liorer la sant\u00e9 en Afrique","potentialAction":[{"@type":"SearchAction","target":{"@type":"EntryPoint","urlTemplate":"https:\/\/www.one.org\/fr\/?s={search_term_string}"},"query-input":{"@type":"PropertyValueSpecification","valueRequired":true,"valueName":"search_term_string"}}],"inLanguage":"fr-FR"}]}},"distributor_meta":false,"distributor_terms":false,"distributor_media":false,"distributor_original_site_name":"ONE.org France","distributor_original_site_url":"https:\/\/www.one.org\/fr","push-errors":false,"_links":{"self":[{"href":"https:\/\/www.one.org\/fr\/wp-json\/wp\/v2\/posts\/162479","targetHints":{"allow":["GET"]}}],"collection":[{"href":"https:\/\/www.one.org\/fr\/wp-json\/wp\/v2\/posts"}],"about":[{"href":"https:\/\/www.one.org\/fr\/wp-json\/wp\/v2\/types\/post"}],"replies":[{"embeddable":true,"href":"https:\/\/www.one.org\/fr\/wp-json\/wp\/v2\/comments?post=162479"}],"version-history":[{"count":0,"href":"https:\/\/www.one.org\/fr\/wp-json\/wp\/v2\/posts\/162479\/revisions"}],"wp:featuredmedia":[{"embeddable":true,"href":"https:\/\/www.one.org\/fr\/wp-json\/wp\/v2\/media\/163115"}],"wp:attachment":[{"href":"https:\/\/www.one.org\/fr\/wp-json\/wp\/v2\/media?parent=162479"}],"wp:term":[{"taxonomy":"category","embeddable":true,"href":"https:\/\/www.one.org\/fr\/wp-json\/wp\/v2\/categories?post=162479"},{"taxonomy":"post_tag","embeddable":true,"href":"https:\/\/www.one.org\/fr\/wp-json\/wp\/v2\/tags?post=162479"},{"taxonomy":"topic","embeddable":true,"href":"https:\/\/www.one.org\/fr\/wp-json\/wp\/v2\/topic?post=162479"},{"taxonomy":"contributor","embeddable":true,"href":"https:\/\/www.one.org\/fr\/wp-json\/wp\/v2\/contributor?post=162479"},{"taxonomy":"one_content_audience","embeddable":true,"href":"https:\/\/www.one.org\/fr\/wp-json\/wp\/v2\/one_content_audience?post=162479"},{"taxonomy":"one_content_type","embeddable":true,"href":"https:\/\/www.one.org\/fr\/wp-json\/wp\/v2\/one_content_type?post=162479"},{"taxonomy":"one_content_tone","embeddable":true,"href":"https:\/\/www.one.org\/fr\/wp-json\/wp\/v2\/one_content_tone?post=162479"}],"curies":[{"name":"wp","href":"https:\/\/api.w.org\/{rel}","templated":true}]}}