{"id":162478,"date":"2021-04-19T13:56:01","date_gmt":"2021-04-19T13:56:01","guid":{"rendered":"https:\/\/www.one.org\/fr\/acces-au-vaccin-covid-19-qui-defend-la-solidarite-internationale-avril-2021\/"},"modified":"2024-04-23T12:35:42","modified_gmt":"2024-04-23T12:35:42","slug":"test-acces-vaccin-covid-19-avril-2021","status":"publish","type":"post","link":"https:\/\/www.one.org\/fr\/actualites\/test-acces-vaccin-covid-19-avril-2021\/","title":{"rendered":"Acc\u00e8s au vaccin COVID-19 : qui d\u00e9fend la solidarit\u00e9 internationale ? (Avril 2021)"},"content":{"rendered":"<p>Avec l&rsquo;arriv&eacute;e de vaccins s&ucirc;rs et efficaces pour lutter contre le virus COVID-19, la question n&rsquo;est plus de savoir si la pand&eacute;mie prendra fin mais quand. Comme nous l&rsquo;avons vu dans notre nouvelle s&eacute;rie anim&eacute;e &ldquo;<a href=\"https:\/\/act.one.org\/sign\/pandemica-fr\/\">Pandemica<\/a>&ldquo;, la pand&eacute;mie ne se terminera pas simplement avec un vaccin, mais quand tout le monde, partout, y aura acc&egrave;s. Si le virus reste incontr&ocirc;l&eacute; partout dans le monde, il continuera &agrave; franchir les fronti&egrave;res, &agrave; muter et &agrave; avoir de graves cons&eacute;quences sur l&rsquo;&eacute;conomie mondiale.<\/p>\n<p>Chez ONE, nous sommes d&eacute;termin&eacute;s &agrave; faire du vaccin contre le COVID-19 un bien public mondial, accessible &agrave; toutes et tous partout dans le monde. O&ugrave; en sommes-nous ?<\/p>\n<p>Notre <a href=\"https:\/\/www.one.org\/international\/issues\/vaccine-access-test\/\">Test d&rsquo;acc&egrave;s au vaccin 2.0<\/a> &eacute;value dans quelle mesure les pays du G20 et les entreprises pharmaceutiques am&eacute;liorent l&rsquo;acc&egrave;s mondial au vaccin contre le COVID-19. Nous avons mis &agrave; jour notre <a href=\"https:\/\/s3.amazonaws.com\/one.org\/vaccine-access-test\/ONE_VAT_methodology_FR.pdf\">m&eacute;thodologie<\/a> en 2021 afin de mieux rendre compte des actions les plus urgentes que doivent r&eacute;aliser les gouvernements et entreprises pour nous rapprocher d&rsquo;un acc&egrave;s mondial aux vaccins.<\/p>\n<p>Voici les derniers r&eacute;sultats en date pour le mois d&rsquo;avril 2021.<\/p>\n<h3><strong>Quelles sont les nouveaut&eacute;s du mois d&rsquo;avril ?<\/strong><\/h3>\n<p>Nous avons constat&eacute; qu&rsquo;un certain nombre de pays ont r&eacute;alis&eacute; des progr&egrave;s au cours du mois dernier. Cependant, tous les pays et les entreprises se maintiennent vers le milieu ou le bas du tableau. Nous constatons trois tendances :<\/p>\n<ol>\n<li><strong>Besoin de financement :<\/strong> L&rsquo;ACT-A a permis de r&eacute;unir moins du tiers des fonds n&eacute;cessaires pour que tous les pays aient acc&egrave;s aux outils dont ils ont besoin pour lutter contre le COVID-19 au cours de cette ann&eacute;e, tels que les vaccins, les traitements et les kits de d&eacute;pistage. Il reste cependant d&rsquo;&eacute;normes lacunes de la part d&rsquo;acteurs cl&eacute;s tels que la France, le Japon, la Chine et l&rsquo;Union europ&eacute;enne (UE), et nous n&rsquo;avons plus le temps d&rsquo;attendre. C&rsquo;est un montant relativement faible pour garantir la protection des citoyennes et des citoyens du monde entier dans le cadre de la crise sanitaire actuelle, en comparaison avec les <a href=\"https:\/\/iccwbo.org\/media-wall\/news-speeches\/study-shows-vaccine-nationalism-could-cost-rich-countries-us4-5-trillion\/\">9 200 milliards de dollars<\/a> que l&rsquo;&eacute;conomie risque de perdre si les gouvernements ne parviennent pas &agrave; prioriser un acc&egrave;s mondial aux vaccins.<\/li>\n<li><strong>Partage de doses : <\/strong>&Agrave; l&rsquo;heure actuelle, moins de 2% des doses administr&eacute;es dans le monde l&rsquo;ont &eacute;t&eacute; dans les pays &agrave; faible revenu alors qu&rsquo;une petite poign&eacute;e de pays dispose d&rsquo;un surplus &eacute;norme de vaccins. La solution reste le partage de doses. <a href=\"https:\/\/www.one.org\/fr\/policy\/les-pays-riches-sont-en-passe-de-stocker-plus-dun-milliard-de-doses-excedentaires-de-vaccins-contre-le-covid-19\/\">ONE a d&eacute;montr&eacute;<\/a> que l&rsquo;Australie, le Canada, le Japon, la Cor&eacute;e du Sud, les &Eacute;tats-Unis et les 27 pays membres de l&rsquo;UE pourraient partager plus de 1,3 milliard de doses des principaux vaccins contre le COVID-19 avec d&rsquo;autres pays, tout en conservant suffisamment de doses pour vacciner l&rsquo;int&eacute;gralit&eacute; de leur population.<\/li>\n<li><strong>L&rsquo;&eacute;mergence de la pr&eacute;f&eacute;rence accord&eacute;e &agrave; certains vaccins : <\/strong>Les pr&eacute;occupations en ce qui concerne leur inefficacit&eacute; et les risques d&rsquo;effets secondaires ont d&eacute;j&agrave; fait l&rsquo;objet de d&eacute;clarations publiques. Les titres accrocheurs ont fait leur chemin dans la conscience publique, ce qui a men&eacute; &agrave; des croyances r&eacute;pandues selon lesquelles certains vaccins sont moins efficaces &ndash; voire dangereux &ndash; alors que ce n&rsquo;est pas le cas. Ces rumeurs ont conduit les populations &agrave; &ecirc;tre de plus en plus r&eacute;ticentes face &agrave; la vaccination, ainsi qu&rsquo;&agrave; des taux d&rsquo;abandon plus &eacute;lev&eacute;s. La pr&eacute;f&eacute;rence accord&eacute;e &agrave; certains vaccins a ralenti la production mondiale. D&rsquo;apr&egrave;s ce que nous savons en ce qui concerne l&rsquo;accumulation de vaccins dans les pays &agrave; revenu &eacute;lev&eacute;, il est certain que cette situation entra&icirc;nera des retards dans la distribution mondiale des vaccins.<\/li>\n<\/ol>\n<h3><strong>Comment les notes ont-elles &eacute;volu&eacute; ?<\/strong><\/h3>\n<p>Les notes suivantes ont chang&eacute; durant le mois d&rsquo;avril :<\/p>\n<ul>\n<li>La Commission europ&eacute;enne a perdu 2 points.<\/li>\n<li>Les &Eacute;tats-Unis ont gagn&eacute; 2,5 points.<\/li>\n<li>L&rsquo;Argentine a gagn&eacute; 1 point.<\/li>\n<li>La Cor&eacute;e a perdu 3 points.<\/li>\n<li>L&rsquo;Inde a perdu 2 points.<\/li>\n<li>La France a gagn&eacute; 1 point.<\/li>\n<li>Novavax a gagn&eacute; 1 point.<\/li>\n<li>Johnson &amp; Johnson a gagn&eacute; 3 points.<\/li>\n<li>Sputnik V a gagn&eacute; 2 points.<\/li>\n<\/ul>\n<h3><b>D&eacute;couvrez le nouveau classement du mois d&rsquo;avril 2021<\/b><\/h3>\n<p><img decoding=\"async\" loading=\"lazy\" class=\"aligncenter size-large wp-image-154229\" src=\"https:\/\/cdn.one.org\/fr\/wp-content\/uploads\/2021\/04\/19161658\/Capturenv-640x363.png\" alt=\"\" width=\"593\" height=\"336\"><\/p>\n<p>&nbsp;<\/p>\n<p><img decoding=\"async\" loading=\"lazy\" class=\"aligncenter size-large wp-image-154230\" src=\"https:\/\/cdn.one.org\/fr\/wp-content\/uploads\/2021\/04\/19161707\/Capturenv1-640x370.png\" alt=\"\" width=\"593\" height=\"342\"><\/p>\n<h3><strong>Ce qui nous attend<\/strong><\/h3>\n<p>Comme nous l&rsquo;avons vu avec <a href=\"https:\/\/act.one.org\/sign\/pandemica-fr\/\">Pandemica<\/a>, sans un vaccin COVID-19 accessible &agrave; toutes et tous, le virus reste un danger pour toutes et tous. Sans acc&egrave;s mondial au vaccin :<\/p>\n<ul>\n<li>Il pourrait y avoir<a href=\"https:\/\/www.mobs-lab.org\/uploads\/6\/7\/8\/7\/6787877\/global_vax.pdf\"> deux fois plus de d&eacute;c&egrave;s<\/a> li&eacute;s au COVID-19 si les pays riches monopolisent les premi&egrave;res doses de vaccin &ndash; soit deux milliards de doses &ndash; au lieu de s&rsquo;assurer qu&rsquo;elles sont distribu&eacute;es &agrave; l&rsquo;&eacute;chelle mondiale.<\/li>\n<li>L&rsquo;accumulation de vaccins pourrait co&ucirc;ter jusqu&rsquo;&agrave; <a href=\"https:\/\/iccwbo.org\/media-wall\/news-speeches\/study-shows-vaccine-nationalism-could-cost-rich-countries-us4-5-trillion\/\">9 200 milliards de dollars<\/a> &agrave; l&rsquo;&eacute;conomie mondiale. Les pays riches devront supporter la moiti&eacute; de ces co&ucirc;ts.<\/li>\n<li>Le virus pourrait continuer &agrave; muter. Le seul et unique moyen de pr&eacute;venir de nouvelles formes plus dangereuses des variants est de ralentir consid&eacute;rablement la transmission du virus en menant des <a href=\"https:\/\/www.who.int\/fr\/news-room\/q-a-detail\/sars-cov-2-evolution\">campagnes de vaccination<\/a> &agrave; l&rsquo;&eacute;chelle mondiale.<\/li>\n<\/ul>\n<p>Alors que la course continue, voici les mesures &agrave; prendre afin d&rsquo;am&eacute;liorer l&rsquo;acc&egrave;s :<\/p>\n<ul>\n<li>Mobiliser des fonds suppl&eacute;mentaires n&eacute;cessaires, notamment pour le dispositif COVAX, afin de garantir que l&rsquo;ensemble des pays puissent b&eacute;n&eacute;ficier d&rsquo;une couverture vaccinale totale.<\/li>\n<li>Partager les doses de vaccins : les pays riches qui disposent de doses exc&eacute;dentaires doivent les partager avec des pays moins riches.<\/li>\n<li>Assouplir temporairement les barri&egrave;res de la propri&eacute;t&eacute; intellectuelle et des barri&egrave;res commerciales qui entravent la fabrication, la distribution et l&rsquo;accessibilit&eacute; financi&egrave;re en temps utile, notamment soutenant la proposition de d&eacute;rogation aux accords ADPIC au sein de l&rsquo;Organisation mondiale du commerce (OMC) ;<\/li>\n<li>Faire pression sur les entreprises pharmaceutiques pour qu&rsquo;elles participent &agrave; la communaut&eacute; de brevet C-TAP de l&rsquo;Organisation mondiale de la sant&eacute; (OMS).<\/li>\n<\/ul>\n<p><strong>Pour en savoir plus, retrouvez la mise &agrave; jour d&rsquo;avril <\/strong><a href=\"https:\/\/cdn.one.org\/vaccine-access-test\/ONE_VAT_summary_April_2021_FR.pdf\"><strong>ici<\/strong><\/a><strong> et consultez notre <\/strong><a href=\"https:\/\/www.one.org\/international\/issues\/vaccine-access-test\/\"><strong>Test d&rsquo;acc&egrave;s au vaccin 2.0<\/strong><\/a><strong> en anglais.<\/strong><\/p>\n<div class=\"buffer\"><\/div>","protected":false},"excerpt":{"rendered":"<p>Avec l&rsquo;arriv&eacute;e de vaccins s&ucirc;rs et efficaces pour lutter contre le virus COVID-19, la question n&rsquo;est plus de savoir si la pand&eacute;mie prendra fin mais quand. Comme nous l&rsquo;avons vu dans notre nouvelle s&eacute;rie anim&eacute;e &ldquo;Pandemica&ldquo;, la pand&eacute;mie ne se terminera pas simplement avec un vaccin, mais quand tout le monde, partout, y aura acc&egrave;s. [&hellip;]<\/p>\n","protected":false},"author":0,"featured_media":163117,"comment_status":"open","ping_status":"open","sticky":false,"template":"","format":"standard","meta":{"_acf_changed":false,"_relevanssi_hide_post":"","_relevanssi_hide_content":"","_relevanssi_pin_for_all":"","_relevanssi_pin_keywords":"","_relevanssi_unpin_keywords":"","_relevanssi_related_keywords":"","_relevanssi_related_include_ids":"","_relevanssi_related_exclude_ids":"","_relevanssi_related_no_append":"","_relevanssi_related_not_related":"","_relevanssi_related_posts":"","_relevanssi_noindex_reason":"","footnotes":""},"categories":[34],"tags":[],"topic":[42],"contributor":[33],"one_content_audience":[],"one_content_type":[],"one_content_tone":[],"class_list":["post-162478","post","type-post","status-publish","format-standard","has-post-thumbnail","hentry","category-one","topic-covid-19","contributor-one-france"],"acf":[],"yoast_head":"<!-- This site is optimized with the Yoast SEO Premium plugin v27.1 (Yoast SEO v27.1.1) - https:\/\/yoast.com\/product\/yoast-seo-premium-wordpress\/ -->\n<title>Acc\u00e8s au vaccin COVID-19 : qui d\u00e9fend la solidarit\u00e9 internationale ? (Avril 2021) - ONE.org France<\/title>\n<meta name=\"description\" content=\"D\u00e9couvrez notre test d\u2019acc\u00e8s au vaccin pour le mois d&#039;avril 2021 qui vise \u00e0 \u00e9valuer les l\u2019acc\u00e8s \u00e9quitable au vaccin COVID-19.\" \/>\n<meta name=\"robots\" content=\"index, follow, max-snippet:-1, max-image-preview:large, max-video-preview:-1\" \/>\n<link rel=\"canonical\" href=\"https:\/\/www.one.org\/fr\/actualites\/test-acces-vaccin-covid-19-avril-2021\/\" \/>\n<meta property=\"og:locale\" content=\"fr_FR\" \/>\n<meta property=\"og:type\" content=\"article\" \/>\n<meta property=\"og:title\" content=\"Acc\u00e8s au vaccin COVID-19 : qui d\u00e9fend la solidarit\u00e9 internationale ? (Avril 2021)\" \/>\n<meta property=\"og:description\" content=\"D\u00e9couvrez notre test d\u2019acc\u00e8s au vaccin pour le mois d&#039;avril 2021 qui vise \u00e0 \u00e9valuer les l\u2019acc\u00e8s \u00e9quitable au vaccin COVID-19.\" \/>\n<meta property=\"og:url\" content=\"https:\/\/www.one.org\/fr\/actualites\/test-acces-vaccin-covid-19-avril-2021\/\" \/>\n<meta property=\"og:site_name\" content=\"ONE.org France\" \/>\n<meta property=\"article:publisher\" content=\"https:\/\/www.facebook.com\/ONE.Fr\" \/>\n<meta property=\"article:published_time\" content=\"2021-04-19T13:56:01+00:00\" \/>\n<meta property=\"article:modified_time\" content=\"2024-04-23T12:35:42+00:00\" \/>\n<meta property=\"og:image\" content=\"https:\/\/www.one.org\/fr\/wp-content\/uploads\/sites\/4\/2021\/04\/VAT_Blog_feature_1200x1200_v1-1.png\" \/>\n\t<meta property=\"og:image:width\" content=\"1080\" \/>\n\t<meta property=\"og:image:height\" content=\"1080\" \/>\n\t<meta property=\"og:image:type\" content=\"image\/png\" \/>\n<meta name=\"twitter:card\" content=\"summary_large_image\" \/>\n<meta name=\"twitter:creator\" content=\"@one_fr\" \/>\n<meta name=\"twitter:site\" content=\"@one_fr\" \/>\n<meta name=\"twitter:label1\" content=\"Est. reading time\" \/>\n\t<meta name=\"twitter:data1\" content=\"6 minutes\" \/>\n<script type=\"application\/ld+json\" class=\"yoast-schema-graph\">{\"@context\":\"https:\/\/schema.org\",\"@graph\":[{\"@type\":\"Article\",\"@id\":\"https:\/\/www.one.org\/fr\/actualites\/test-acces-vaccin-covid-19-avril-2021\/#article\",\"isPartOf\":{\"@id\":\"https:\/\/www.one.org\/fr\/actualites\/test-acces-vaccin-covid-19-avril-2021\/\"},\"author\":{\"name\":\"\",\"@id\":\"\"},\"headline\":\"Acc\u00e8s au vaccin COVID-19 : qui d\u00e9fend la solidarit\u00e9 internationale ? (Avril 2021)\",\"datePublished\":\"2021-04-19T13:56:01+00:00\",\"dateModified\":\"2024-04-23T12:35:42+00:00\",\"mainEntityOfPage\":{\"@id\":\"https:\/\/www.one.org\/fr\/actualites\/test-acces-vaccin-covid-19-avril-2021\/\"},\"wordCount\":1225,\"commentCount\":0,\"image\":{\"@id\":\"https:\/\/www.one.org\/fr\/actualites\/test-acces-vaccin-covid-19-avril-2021\/#primaryimage\"},\"thumbnailUrl\":\"https:\/\/www.one.org\/fr\/wp-content\/uploads\/sites\/4\/2021\/04\/VAT_Blog_feature_1200x1200_v1-1.png\",\"articleSection\":[\"ONE\"],\"inLanguage\":\"fr-FR\",\"potentialAction\":[{\"@type\":\"CommentAction\",\"name\":\"Comment\",\"target\":[\"https:\/\/www.one.org\/fr\/actualites\/test-acces-vaccin-covid-19-avril-2021\/#respond\"]}]},{\"@type\":\"WebPage\",\"@id\":\"https:\/\/www.one.org\/fr\/actualites\/test-acces-vaccin-covid-19-avril-2021\/\",\"url\":\"https:\/\/www.one.org\/fr\/actualites\/test-acces-vaccin-covid-19-avril-2021\/\",\"name\":\"Acc\u00e8s au vaccin COVID-19 : qui d\u00e9fend la solidarit\u00e9 internationale ? (Avril 2021) - ONE.org France\",\"isPartOf\":{\"@id\":\"https:\/\/www.one.org\/fr\/#website\"},\"primaryImageOfPage\":{\"@id\":\"https:\/\/www.one.org\/fr\/actualites\/test-acces-vaccin-covid-19-avril-2021\/#primaryimage\"},\"image\":{\"@id\":\"https:\/\/www.one.org\/fr\/actualites\/test-acces-vaccin-covid-19-avril-2021\/#primaryimage\"},\"thumbnailUrl\":\"https:\/\/www.one.org\/fr\/wp-content\/uploads\/sites\/4\/2021\/04\/VAT_Blog_feature_1200x1200_v1-1.png\",\"datePublished\":\"2021-04-19T13:56:01+00:00\",\"dateModified\":\"2024-04-23T12:35:42+00:00\",\"author\":{\"@id\":\"\"},\"description\":\"D\u00e9couvrez notre test d\u2019acc\u00e8s au vaccin pour le mois d'avril 2021 qui vise \u00e0 \u00e9valuer les l\u2019acc\u00e8s \u00e9quitable au vaccin COVID-19.\",\"breadcrumb\":{\"@id\":\"https:\/\/www.one.org\/fr\/actualites\/test-acces-vaccin-covid-19-avril-2021\/#breadcrumb\"},\"inLanguage\":\"fr-FR\",\"potentialAction\":[{\"@type\":\"ReadAction\",\"target\":[\"https:\/\/www.one.org\/fr\/actualites\/test-acces-vaccin-covid-19-avril-2021\/\"]}]},{\"@type\":\"ImageObject\",\"inLanguage\":\"fr-FR\",\"@id\":\"https:\/\/www.one.org\/fr\/actualites\/test-acces-vaccin-covid-19-avril-2021\/#primaryimage\",\"url\":\"https:\/\/www.one.org\/fr\/wp-content\/uploads\/sites\/4\/2021\/04\/VAT_Blog_feature_1200x1200_v1-1.png\",\"contentUrl\":\"https:\/\/www.one.org\/fr\/wp-content\/uploads\/sites\/4\/2021\/04\/VAT_Blog_feature_1200x1200_v1-1.png\",\"width\":1080,\"height\":1080},{\"@type\":\"BreadcrumbList\",\"@id\":\"https:\/\/www.one.org\/fr\/actualites\/test-acces-vaccin-covid-19-avril-2021\/#breadcrumb\",\"itemListElement\":[{\"@type\":\"ListItem\",\"position\":1,\"name\":\"Home\",\"item\":\"https:\/\/www.one.org\/fr\/\"},{\"@type\":\"ListItem\",\"position\":2,\"name\":\"Acc\u00e8s au vaccin COVID-19 : qui d\u00e9fend la solidarit\u00e9 internationale ? (Avril 2021)\"}]},{\"@type\":\"WebSite\",\"@id\":\"https:\/\/www.one.org\/fr\/#website\",\"url\":\"https:\/\/www.one.org\/fr\/\",\"name\":\"ONE.org\",\"description\":\"Cr\u00e9er des opportunit\u00e9s \u00e9conomiques et am\u00e9liorer la sant\u00e9 en Afrique\",\"potentialAction\":[{\"@type\":\"SearchAction\",\"target\":{\"@type\":\"EntryPoint\",\"urlTemplate\":\"https:\/\/www.one.org\/fr\/?s={search_term_string}\"},\"query-input\":{\"@type\":\"PropertyValueSpecification\",\"valueRequired\":true,\"valueName\":\"search_term_string\"}}],\"inLanguage\":\"fr-FR\"}]}<\/script>\n<!-- \/ Yoast SEO Premium plugin. -->","yoast_head_json":{"title":"Acc\u00e8s au vaccin COVID-19 : qui d\u00e9fend la solidarit\u00e9 internationale ? (Avril 2021) - ONE.org France","description":"D\u00e9couvrez notre test d\u2019acc\u00e8s au vaccin pour le mois d'avril 2021 qui vise \u00e0 \u00e9valuer les l\u2019acc\u00e8s \u00e9quitable au vaccin COVID-19.","robots":{"index":"index","follow":"follow","max-snippet":"max-snippet:-1","max-image-preview":"max-image-preview:large","max-video-preview":"max-video-preview:-1"},"canonical":"https:\/\/www.one.org\/fr\/actualites\/test-acces-vaccin-covid-19-avril-2021\/","og_locale":"fr_FR","og_type":"article","og_title":"Acc\u00e8s au vaccin COVID-19 : qui d\u00e9fend la solidarit\u00e9 internationale ? (Avril 2021)","og_description":"D\u00e9couvrez notre test d\u2019acc\u00e8s au vaccin pour le mois d'avril 2021 qui vise \u00e0 \u00e9valuer les l\u2019acc\u00e8s \u00e9quitable au vaccin COVID-19.","og_url":"https:\/\/www.one.org\/fr\/actualites\/test-acces-vaccin-covid-19-avril-2021\/","og_site_name":"ONE.org France","article_publisher":"https:\/\/www.facebook.com\/ONE.Fr","article_published_time":"2021-04-19T13:56:01+00:00","article_modified_time":"2024-04-23T12:35:42+00:00","og_image":[{"width":1080,"height":1080,"url":"https:\/\/www.one.org\/fr\/wp-content\/uploads\/sites\/4\/2021\/04\/VAT_Blog_feature_1200x1200_v1-1.png","type":"image\/png"}],"twitter_card":"summary_large_image","twitter_creator":"@one_fr","twitter_site":"@one_fr","twitter_misc":{"Est. reading time":"6 minutes"},"schema":{"@context":"https:\/\/schema.org","@graph":[{"@type":"Article","@id":"https:\/\/www.one.org\/fr\/actualites\/test-acces-vaccin-covid-19-avril-2021\/#article","isPartOf":{"@id":"https:\/\/www.one.org\/fr\/actualites\/test-acces-vaccin-covid-19-avril-2021\/"},"author":{"name":"","@id":""},"headline":"Acc\u00e8s au vaccin COVID-19 : qui d\u00e9fend la solidarit\u00e9 internationale ? (Avril 2021)","datePublished":"2021-04-19T13:56:01+00:00","dateModified":"2024-04-23T12:35:42+00:00","mainEntityOfPage":{"@id":"https:\/\/www.one.org\/fr\/actualites\/test-acces-vaccin-covid-19-avril-2021\/"},"wordCount":1225,"commentCount":0,"image":{"@id":"https:\/\/www.one.org\/fr\/actualites\/test-acces-vaccin-covid-19-avril-2021\/#primaryimage"},"thumbnailUrl":"https:\/\/www.one.org\/fr\/wp-content\/uploads\/sites\/4\/2021\/04\/VAT_Blog_feature_1200x1200_v1-1.png","articleSection":["ONE"],"inLanguage":"fr-FR","potentialAction":[{"@type":"CommentAction","name":"Comment","target":["https:\/\/www.one.org\/fr\/actualites\/test-acces-vaccin-covid-19-avril-2021\/#respond"]}]},{"@type":"WebPage","@id":"https:\/\/www.one.org\/fr\/actualites\/test-acces-vaccin-covid-19-avril-2021\/","url":"https:\/\/www.one.org\/fr\/actualites\/test-acces-vaccin-covid-19-avril-2021\/","name":"Acc\u00e8s au vaccin COVID-19 : qui d\u00e9fend la solidarit\u00e9 internationale ? (Avril 2021) - ONE.org France","isPartOf":{"@id":"https:\/\/www.one.org\/fr\/#website"},"primaryImageOfPage":{"@id":"https:\/\/www.one.org\/fr\/actualites\/test-acces-vaccin-covid-19-avril-2021\/#primaryimage"},"image":{"@id":"https:\/\/www.one.org\/fr\/actualites\/test-acces-vaccin-covid-19-avril-2021\/#primaryimage"},"thumbnailUrl":"https:\/\/www.one.org\/fr\/wp-content\/uploads\/sites\/4\/2021\/04\/VAT_Blog_feature_1200x1200_v1-1.png","datePublished":"2021-04-19T13:56:01+00:00","dateModified":"2024-04-23T12:35:42+00:00","author":{"@id":""},"description":"D\u00e9couvrez notre test d\u2019acc\u00e8s au vaccin pour le mois d'avril 2021 qui vise \u00e0 \u00e9valuer les l\u2019acc\u00e8s \u00e9quitable au vaccin COVID-19.","breadcrumb":{"@id":"https:\/\/www.one.org\/fr\/actualites\/test-acces-vaccin-covid-19-avril-2021\/#breadcrumb"},"inLanguage":"fr-FR","potentialAction":[{"@type":"ReadAction","target":["https:\/\/www.one.org\/fr\/actualites\/test-acces-vaccin-covid-19-avril-2021\/"]}]},{"@type":"ImageObject","inLanguage":"fr-FR","@id":"https:\/\/www.one.org\/fr\/actualites\/test-acces-vaccin-covid-19-avril-2021\/#primaryimage","url":"https:\/\/www.one.org\/fr\/wp-content\/uploads\/sites\/4\/2021\/04\/VAT_Blog_feature_1200x1200_v1-1.png","contentUrl":"https:\/\/www.one.org\/fr\/wp-content\/uploads\/sites\/4\/2021\/04\/VAT_Blog_feature_1200x1200_v1-1.png","width":1080,"height":1080},{"@type":"BreadcrumbList","@id":"https:\/\/www.one.org\/fr\/actualites\/test-acces-vaccin-covid-19-avril-2021\/#breadcrumb","itemListElement":[{"@type":"ListItem","position":1,"name":"Home","item":"https:\/\/www.one.org\/fr\/"},{"@type":"ListItem","position":2,"name":"Acc\u00e8s au vaccin COVID-19 : qui d\u00e9fend la solidarit\u00e9 internationale ? (Avril 2021)"}]},{"@type":"WebSite","@id":"https:\/\/www.one.org\/fr\/#website","url":"https:\/\/www.one.org\/fr\/","name":"ONE.org","description":"Cr\u00e9er des opportunit\u00e9s \u00e9conomiques et am\u00e9liorer la sant\u00e9 en Afrique","potentialAction":[{"@type":"SearchAction","target":{"@type":"EntryPoint","urlTemplate":"https:\/\/www.one.org\/fr\/?s={search_term_string}"},"query-input":{"@type":"PropertyValueSpecification","valueRequired":true,"valueName":"search_term_string"}}],"inLanguage":"fr-FR"}]}},"distributor_meta":false,"distributor_terms":false,"distributor_media":false,"distributor_original_site_name":"ONE.org France","distributor_original_site_url":"https:\/\/www.one.org\/fr","push-errors":false,"_links":{"self":[{"href":"https:\/\/www.one.org\/fr\/wp-json\/wp\/v2\/posts\/162478","targetHints":{"allow":["GET"]}}],"collection":[{"href":"https:\/\/www.one.org\/fr\/wp-json\/wp\/v2\/posts"}],"about":[{"href":"https:\/\/www.one.org\/fr\/wp-json\/wp\/v2\/types\/post"}],"replies":[{"embeddable":true,"href":"https:\/\/www.one.org\/fr\/wp-json\/wp\/v2\/comments?post=162478"}],"version-history":[{"count":0,"href":"https:\/\/www.one.org\/fr\/wp-json\/wp\/v2\/posts\/162478\/revisions"}],"wp:featuredmedia":[{"embeddable":true,"href":"https:\/\/www.one.org\/fr\/wp-json\/wp\/v2\/media\/163117"}],"wp:attachment":[{"href":"https:\/\/www.one.org\/fr\/wp-json\/wp\/v2\/media?parent=162478"}],"wp:term":[{"taxonomy":"category","embeddable":true,"href":"https:\/\/www.one.org\/fr\/wp-json\/wp\/v2\/categories?post=162478"},{"taxonomy":"post_tag","embeddable":true,"href":"https:\/\/www.one.org\/fr\/wp-json\/wp\/v2\/tags?post=162478"},{"taxonomy":"topic","embeddable":true,"href":"https:\/\/www.one.org\/fr\/wp-json\/wp\/v2\/topic?post=162478"},{"taxonomy":"contributor","embeddable":true,"href":"https:\/\/www.one.org\/fr\/wp-json\/wp\/v2\/contributor?post=162478"},{"taxonomy":"one_content_audience","embeddable":true,"href":"https:\/\/www.one.org\/fr\/wp-json\/wp\/v2\/one_content_audience?post=162478"},{"taxonomy":"one_content_type","embeddable":true,"href":"https:\/\/www.one.org\/fr\/wp-json\/wp\/v2\/one_content_type?post=162478"},{"taxonomy":"one_content_tone","embeddable":true,"href":"https:\/\/www.one.org\/fr\/wp-json\/wp\/v2\/one_content_tone?post=162478"}],"curies":[{"name":"wp","href":"https:\/\/api.w.org\/{rel}","templated":true}]}}