{"id":162472,"date":"2021-03-22T10:11:42","date_gmt":"2021-03-22T10:11:42","guid":{"rendered":"https:\/\/www.one.org\/fr\/pour-reecrire-lavenir-de-70-millions-denfants-il-faut-agir\/"},"modified":"2024-04-23T12:35:48","modified_gmt":"2024-04-23T12:35:48","slug":"reecrire-lavenir","status":"publish","type":"post","link":"https:\/\/www.one.org\/fr\/actualites\/reecrire-lavenir\/","title":{"rendered":"Pour r\u00e9\u00e9crire l\u2019avenir de 70 millions d\u2019enfants, il faut agir"},"content":{"rendered":"<h3><strong>R&eacute;&eacute;crire l&rsquo;avenir de 70 millions d&rsquo;enfants<\/strong><\/h3>\n<p>On ne mesure pas encore compl&egrave;tement l&rsquo;impact du COVID-19 sur l&rsquo;&eacute;ducation des enfants, mais on sait d&eacute;j&agrave; qu&rsquo;il est consid&eacute;rable. La fermeture des &eacute;coles et les difficult&eacute;s li&eacute;es &agrave; l&rsquo;apprentissage &agrave; la maison nous en donnent d&eacute;j&agrave; un aper&ccedil;u inqui&eacute;tant. Au plus fort de la crise, <a href=\"https:\/\/fr.unesco.org\/covid19\/educationresponse\">1,6 milliard d&rsquo;enfants<\/a> ont &eacute;t&eacute; contraints de quitter les bancs de l&rsquo;&eacute;cole. A travers le monde, pr&egrave;s de <a href=\"https:\/\/www.malala.org\/donate\/covid-19-response?sc=adwords&amp;gclid=EAIaIQobChMIjtTLnv3b6gIVhK7ICh10YQPXEAAYASAAEgJsh_D_BwE\">90% des pays du monde<\/a> ont ferm&eacute; les portes des &eacute;coles en r&eacute;ponse au COVID-19.<\/p>\n<p>Des perturbations dans l&rsquo;ann&eacute;e scolaire des &eacute;l&egrave;ves peuvent avoir des cons&eacute;quences tr&egrave;s graves. Mais dans les pays &agrave; faible revenu, l&rsquo;&eacute;ducation &eacute;tait en crise avant m&ecirc;me le d&eacute;but du COVID-19. En effet, 90% des enfants &acirc;g&eacute;s de 10 ans dans ces pays ne pouvaient alors ni lire ni comprendre de simples documents tels qu&rsquo;un d&eacute;pliant m&eacute;dical ou un test scolaire. Cette tendance pourrait nettement empirer.<\/p>\n<h3><strong>Des cons&eacute;quences sur l&rsquo;&eacute;ducation et la pauvret&eacute; &agrave; long terme&nbsp;<\/strong><\/h3>\n<p>Selon une r&eacute;cente analyse de ONE, rien qu&rsquo;en 2021, 70 millions d&rsquo;enfants &ndash; soit plus de la moiti&eacute; des enfants de 10 ans du monde entier &ndash; risquent de ne pas ma&icirc;triser les fondamentaux de la lecture et de l&rsquo;&eacute;criture attendus d&rsquo;un enfant de cet &acirc;ge, si les sc&eacute;narios les plus pessimistes des cons&eacute;quences du COVID-19 sur les syst&egrave;mes &eacute;ducatifs venaient &agrave; se concr&eacute;tiser. Pire encore, le nombre d&rsquo;enfants courant ce risque <a href=\"https:\/\/www.un.org\/en\/development\/desa\/population\/publications\/pdf\/trends\/Population2030.pdf\">atteindra 750 millions en 2030<\/a> si la tendance actuelle se poursuit. L&rsquo;impact du COVID-19 est responsable de pr&egrave;s de 17 % de ce chiffre. <a href=\"https:\/\/www.one.org\/fr\/blog\/covid-19-une-menace-pour-leducation-des-filles\/\">Les filles risquent<\/a> tout particuli&egrave;rement d&rsquo;en subir les cons&eacute;quences : <a href=\"https:\/\/downloads.ctfassets.net\/0oan5gk9rgbh\/6TMYLYAcUpjhQpXLDgmdIa\/3e1c12d8d827985ef2b4e815a3a6da1f\/COVID19_GirlsEducation_corrected_071420.pdf\">20 millions d&rsquo;entre elles<\/a> pourraient ne jamais retourner &agrave; l&rsquo;&eacute;cole.<\/p>\n<p>Une fois adultes, ces enfants devront assumer les cons&eacute;quences de leur privation de scolarit&eacute; &ndash; qui affectera leur capacit&eacute; &agrave; cr&eacute;er des entreprises, &agrave; obtenir des emplois bien r&eacute;mun&eacute;r&eacute;s et &agrave; subvenir aux besoins de leur famille.<\/p>\n<p>Cette privation aura &eacute;galement une incidence consid&eacute;rable sur l&rsquo;ensemble des soci&eacute;t&eacute;s. Les interruptions de scolarit&eacute; pourraient entra&icirc;ner <a href=\"https:\/\/www.brookings.edu\/blog\/future-development\/2020\/07\/30\/learning-losses-due-to-covid-19-could-add-up-to-10-trillion\/\">un manque &agrave; gagner de 10 000 milliards de dollars<\/a> pour les &eacute;coli&egrave;res et &eacute;coliers touch&eacute;s par la pand&eacute;mie qui ne pourront plus pr&eacute;tendre au m&ecirc;me salaire. A l&rsquo;inverse, si tous les &eacute;l&egrave;ves des pays &agrave; faible revenu quittaient l&rsquo;&eacute;cole en ma&icirc;trisant les rudiments de la lecture, <a href=\"https:\/\/unesdoc.unesco.org\/ark\">171 millions de personnes pourraient &eacute;chapper &agrave; l&rsquo;extr&ecirc;me pauvret&eacute;<\/a>.<\/p>\n<h3><strong>Quelles cons&eacute;quences pour l&rsquo;Afrique subsaharienne ?<\/strong><\/h3>\n<p>En Afrique subsaharienne, ces cons&eacute;quences sont d&rsquo;autant plus d&eacute;vastatrices : cette ann&eacute;e, 40 % des enfants du monde entier &acirc;g&eacute;s de 10 ans et ne ma&icirc;trisant pas les fondamentaux de la lecture et de l&rsquo;&eacute;criture vivent dans cette r&eacute;gion.<\/p>\n<p>Les financements publics peuvent contribuer &agrave; inverser la tendance. Mais depuis le d&eacute;but de la pand&eacute;mie de COVID-19, les deux tiers des pays &agrave; revenu faible et interm&eacute;diaire ont r&eacute;duit leurs budgets consacr&eacute;s &agrave; l&rsquo;&eacute;ducation, faisant face &agrave; des dilemmes insurmontables entre le remboursement de leur dette, la prise en charge des soins de sant&eacute; de leur population et le paiement des salaires du corps enseignant.<\/p>\n<h3><strong>Comment rem&eacute;dier &agrave; cette situation ?<\/strong><\/h3>\n<p>Il est encore temps d&rsquo;agir pour les enfants qui f&ecirc;teront leur dixi&egrave;me anniversaire l&rsquo;ann&eacute;e prochaine et dans les ann&eacute;es &agrave; venir.<\/p>\n<p>ONE appelle ainsi tous les &Eacute;tats &agrave; prendre des mesures efficaces pour endiguer cette crise &eacute;ducative et garantir un avenir dans lequel chaque enfant de 10 ans sera capable de lire et de comprendre une histoire:<\/p>\n<ul>\n<li>Les dirigeantes et dirigeants du G7 doivent approuver les objectifs mondiaux en mati&egrave;re d&rsquo;&eacute;ducation des filles fix&eacute;s par le Royaume-Uni, qui assure la pr&eacute;sidence du G7 cette ann&eacute;e.<\/li>\n<li>Les pays donateurs doivent &ecirc;tre au rendez-vous pour assurer le financement complet du Partenariat mondial pour l&rsquo;&eacute;ducation.<\/li>\n<li>Les ministres des finances du G20 doivent proposer un plan de relance complet aux pays &agrave; revenu faible et interm&eacute;diaire.<\/li>\n<li>Les pays &agrave; revenu faible et interm&eacute;diaire doivent s&rsquo;engager &agrave; prot&eacute;ger leurs budgets d&rsquo;&eacute;ducation.<\/li>\n<li>Les &Eacute;tats doivent s&rsquo;engager &agrave; am&eacute;liorer la collecte et la fiabilit&eacute; de leurs donn&eacute;es.<\/li>\n<\/ul>\n<p>Pour en savoir plus et acc&eacute;der &agrave; nos recommandations compl&egrave;tes, <strong><a href=\"https:\/\/www.one.org\/fr\/policy\/reecrire-lavenir-de-70-millions-denfants\/\">consultez notre rapport<\/a>.<\/strong><\/p>\n<div class=\"buffer\"><\/div>","protected":false},"excerpt":{"rendered":"<p>R&eacute;&eacute;crire l&rsquo;avenir de 70 millions d&rsquo;enfants On ne mesure pas encore compl&egrave;tement l&rsquo;impact du COVID-19 sur l&rsquo;&eacute;ducation des enfants, mais on sait d&eacute;j&agrave; qu&rsquo;il est consid&eacute;rable. La fermeture des &eacute;coles et les difficult&eacute;s li&eacute;es &agrave; l&rsquo;apprentissage &agrave; la maison nous en donnent d&eacute;j&agrave; un aper&ccedil;u inqui&eacute;tant. Au plus fort de la crise, 1,6 milliard d&rsquo;enfants [&hellip;]<\/p>\n","protected":false},"author":0,"featured_media":163129,"comment_status":"open","ping_status":"open","sticky":false,"template":"","format":"standard","meta":{"_acf_changed":false,"_relevanssi_hide_post":"","_relevanssi_hide_content":"","_relevanssi_pin_for_all":"","_relevanssi_pin_keywords":"","_relevanssi_unpin_keywords":"","_relevanssi_related_keywords":"","_relevanssi_related_include_ids":"","_relevanssi_related_exclude_ids":"","_relevanssi_related_no_append":"","_relevanssi_related_not_related":"","_relevanssi_related_posts":"164801,164384,164396,163756,163706,163644","_relevanssi_noindex_reason":"","footnotes":""},"categories":[34],"tags":[],"topic":[35],"contributor":[],"one_content_audience":[],"one_content_type":[],"one_content_tone":[],"class_list":["post-162472","post","type-post","status-publish","format-standard","has-post-thumbnail","hentry","category-one","topic-education"],"acf":[],"yoast_head":"<!-- This site is optimized with the Yoast SEO Premium plugin v27.1 (Yoast SEO v27.1.1) - https:\/\/yoast.com\/product\/yoast-seo-premium-wordpress\/ -->\n<title>Pour r\u00e9\u00e9crire l\u2019avenir de 70 millions d\u2019enfants, il faut agir - ONE.org France<\/title>\n<meta name=\"description\" content=\"70 millions d\u2019enfants de 10 ans risquent de ne pas ma\u00eetriser les fondamentaux de la lecture et de l\u2019\u00e9criture attendus d\u2019un enfant de cet \u00e2ge.\" \/>\n<meta name=\"robots\" content=\"index, follow, max-snippet:-1, max-image-preview:large, max-video-preview:-1\" \/>\n<link rel=\"canonical\" href=\"https:\/\/www.one.org\/fr\/actualites\/reecrire-lavenir\/\" \/>\n<meta property=\"og:locale\" content=\"fr_FR\" \/>\n<meta property=\"og:type\" content=\"article\" \/>\n<meta property=\"og:title\" content=\"Pour r\u00e9\u00e9crire l\u2019avenir de 70 millions d\u2019enfants, il faut agir\" \/>\n<meta property=\"og:description\" content=\"70 millions d\u2019enfants de 10 ans risquent de ne pas ma\u00eetriser les fondamentaux de la lecture et de l\u2019\u00e9criture attendus d\u2019un enfant de cet \u00e2ge.\" \/>\n<meta property=\"og:url\" content=\"https:\/\/www.one.org\/fr\/actualites\/reecrire-lavenir\/\" \/>\n<meta property=\"og:site_name\" content=\"ONE.org France\" \/>\n<meta property=\"article:publisher\" content=\"https:\/\/www.facebook.com\/ONE.Fr\" \/>\n<meta property=\"article:published_time\" content=\"2021-03-22T10:11:42+00:00\" \/>\n<meta property=\"article:modified_time\" content=\"2024-04-23T12:35:48+00:00\" \/>\n<meta property=\"og:image\" content=\"https:\/\/www.one.org\/fr\/wp-content\/uploads\/sites\/4\/2021\/03\/EDU_2021_featured_1200x1200.jpg\" \/>\n\t<meta property=\"og:image:width\" content=\"1200\" \/>\n\t<meta property=\"og:image:height\" content=\"1200\" \/>\n\t<meta property=\"og:image:type\" content=\"image\/jpeg\" \/>\n<meta name=\"twitter:card\" content=\"summary_large_image\" \/>\n<meta name=\"twitter:creator\" content=\"@one_fr\" \/>\n<meta name=\"twitter:site\" content=\"@one_fr\" \/>\n<meta name=\"twitter:label1\" content=\"Est. reading time\" \/>\n\t<meta name=\"twitter:data1\" content=\"3 minutes\" \/>\n<script type=\"application\/ld+json\" class=\"yoast-schema-graph\">{\"@context\":\"https:\/\/schema.org\",\"@graph\":[{\"@type\":\"Article\",\"@id\":\"https:\/\/www.one.org\/fr\/actualites\/reecrire-lavenir\/#article\",\"isPartOf\":{\"@id\":\"https:\/\/www.one.org\/fr\/actualites\/reecrire-lavenir\/\"},\"author\":{\"name\":\"\",\"@id\":\"\"},\"headline\":\"Pour r\u00e9\u00e9crire l\u2019avenir de 70 millions d\u2019enfants, il faut agir\",\"datePublished\":\"2021-03-22T10:11:42+00:00\",\"dateModified\":\"2024-04-23T12:35:48+00:00\",\"mainEntityOfPage\":{\"@id\":\"https:\/\/www.one.org\/fr\/actualites\/reecrire-lavenir\/\"},\"wordCount\":920,\"commentCount\":0,\"image\":{\"@id\":\"https:\/\/www.one.org\/fr\/actualites\/reecrire-lavenir\/#primaryimage\"},\"thumbnailUrl\":\"https:\/\/www.one.org\/fr\/wp-content\/uploads\/sites\/4\/2021\/03\/EDU_2021_featured_1200x1200.jpg\",\"articleSection\":[\"ONE\"],\"inLanguage\":\"fr-FR\",\"potentialAction\":[{\"@type\":\"CommentAction\",\"name\":\"Comment\",\"target\":[\"https:\/\/www.one.org\/fr\/actualites\/reecrire-lavenir\/#respond\"]}]},{\"@type\":\"WebPage\",\"@id\":\"https:\/\/www.one.org\/fr\/actualites\/reecrire-lavenir\/\",\"url\":\"https:\/\/www.one.org\/fr\/actualites\/reecrire-lavenir\/\",\"name\":\"Pour r\u00e9\u00e9crire l\u2019avenir de 70 millions d\u2019enfants, il faut agir - ONE.org France\",\"isPartOf\":{\"@id\":\"https:\/\/www.one.org\/fr\/#website\"},\"primaryImageOfPage\":{\"@id\":\"https:\/\/www.one.org\/fr\/actualites\/reecrire-lavenir\/#primaryimage\"},\"image\":{\"@id\":\"https:\/\/www.one.org\/fr\/actualites\/reecrire-lavenir\/#primaryimage\"},\"thumbnailUrl\":\"https:\/\/www.one.org\/fr\/wp-content\/uploads\/sites\/4\/2021\/03\/EDU_2021_featured_1200x1200.jpg\",\"datePublished\":\"2021-03-22T10:11:42+00:00\",\"dateModified\":\"2024-04-23T12:35:48+00:00\",\"author\":{\"@id\":\"\"},\"description\":\"70 millions d\u2019enfants de 10 ans risquent de ne pas ma\u00eetriser les fondamentaux de la lecture et de l\u2019\u00e9criture attendus d\u2019un enfant de cet \u00e2ge.\",\"breadcrumb\":{\"@id\":\"https:\/\/www.one.org\/fr\/actualites\/reecrire-lavenir\/#breadcrumb\"},\"inLanguage\":\"fr-FR\",\"potentialAction\":[{\"@type\":\"ReadAction\",\"target\":[\"https:\/\/www.one.org\/fr\/actualites\/reecrire-lavenir\/\"]}]},{\"@type\":\"ImageObject\",\"inLanguage\":\"fr-FR\",\"@id\":\"https:\/\/www.one.org\/fr\/actualites\/reecrire-lavenir\/#primaryimage\",\"url\":\"https:\/\/www.one.org\/fr\/wp-content\/uploads\/sites\/4\/2021\/03\/EDU_2021_featured_1200x1200.jpg\",\"contentUrl\":\"https:\/\/www.one.org\/fr\/wp-content\/uploads\/sites\/4\/2021\/03\/EDU_2021_featured_1200x1200.jpg\",\"width\":1200,\"height\":1200},{\"@type\":\"BreadcrumbList\",\"@id\":\"https:\/\/www.one.org\/fr\/actualites\/reecrire-lavenir\/#breadcrumb\",\"itemListElement\":[{\"@type\":\"ListItem\",\"position\":1,\"name\":\"Home\",\"item\":\"https:\/\/www.one.org\/fr\/\"},{\"@type\":\"ListItem\",\"position\":2,\"name\":\"Pour r\u00e9\u00e9crire l\u2019avenir de 70 millions d\u2019enfants, il faut agir\"}]},{\"@type\":\"WebSite\",\"@id\":\"https:\/\/www.one.org\/fr\/#website\",\"url\":\"https:\/\/www.one.org\/fr\/\",\"name\":\"ONE.org\",\"description\":\"Cr\u00e9er des opportunit\u00e9s \u00e9conomiques et am\u00e9liorer la sant\u00e9 en Afrique\",\"potentialAction\":[{\"@type\":\"SearchAction\",\"target\":{\"@type\":\"EntryPoint\",\"urlTemplate\":\"https:\/\/www.one.org\/fr\/?s={search_term_string}\"},\"query-input\":{\"@type\":\"PropertyValueSpecification\",\"valueRequired\":true,\"valueName\":\"search_term_string\"}}],\"inLanguage\":\"fr-FR\"}]}<\/script>\n<!-- \/ Yoast SEO Premium plugin. -->","yoast_head_json":{"title":"Pour r\u00e9\u00e9crire l\u2019avenir de 70 millions d\u2019enfants, il faut agir - ONE.org France","description":"70 millions d\u2019enfants de 10 ans risquent de ne pas ma\u00eetriser les fondamentaux de la lecture et de l\u2019\u00e9criture attendus d\u2019un enfant de cet \u00e2ge.","robots":{"index":"index","follow":"follow","max-snippet":"max-snippet:-1","max-image-preview":"max-image-preview:large","max-video-preview":"max-video-preview:-1"},"canonical":"https:\/\/www.one.org\/fr\/actualites\/reecrire-lavenir\/","og_locale":"fr_FR","og_type":"article","og_title":"Pour r\u00e9\u00e9crire l\u2019avenir de 70 millions d\u2019enfants, il faut agir","og_description":"70 millions d\u2019enfants de 10 ans risquent de ne pas ma\u00eetriser les fondamentaux de la lecture et de l\u2019\u00e9criture attendus d\u2019un enfant de cet \u00e2ge.","og_url":"https:\/\/www.one.org\/fr\/actualites\/reecrire-lavenir\/","og_site_name":"ONE.org France","article_publisher":"https:\/\/www.facebook.com\/ONE.Fr","article_published_time":"2021-03-22T10:11:42+00:00","article_modified_time":"2024-04-23T12:35:48+00:00","og_image":[{"width":1200,"height":1200,"url":"https:\/\/www.one.org\/fr\/wp-content\/uploads\/sites\/4\/2021\/03\/EDU_2021_featured_1200x1200.jpg","type":"image\/jpeg"}],"twitter_card":"summary_large_image","twitter_creator":"@one_fr","twitter_site":"@one_fr","twitter_misc":{"Est. reading time":"3 minutes"},"schema":{"@context":"https:\/\/schema.org","@graph":[{"@type":"Article","@id":"https:\/\/www.one.org\/fr\/actualites\/reecrire-lavenir\/#article","isPartOf":{"@id":"https:\/\/www.one.org\/fr\/actualites\/reecrire-lavenir\/"},"author":{"name":"","@id":""},"headline":"Pour r\u00e9\u00e9crire l\u2019avenir de 70 millions d\u2019enfants, il faut agir","datePublished":"2021-03-22T10:11:42+00:00","dateModified":"2024-04-23T12:35:48+00:00","mainEntityOfPage":{"@id":"https:\/\/www.one.org\/fr\/actualites\/reecrire-lavenir\/"},"wordCount":920,"commentCount":0,"image":{"@id":"https:\/\/www.one.org\/fr\/actualites\/reecrire-lavenir\/#primaryimage"},"thumbnailUrl":"https:\/\/www.one.org\/fr\/wp-content\/uploads\/sites\/4\/2021\/03\/EDU_2021_featured_1200x1200.jpg","articleSection":["ONE"],"inLanguage":"fr-FR","potentialAction":[{"@type":"CommentAction","name":"Comment","target":["https:\/\/www.one.org\/fr\/actualites\/reecrire-lavenir\/#respond"]}]},{"@type":"WebPage","@id":"https:\/\/www.one.org\/fr\/actualites\/reecrire-lavenir\/","url":"https:\/\/www.one.org\/fr\/actualites\/reecrire-lavenir\/","name":"Pour r\u00e9\u00e9crire l\u2019avenir de 70 millions d\u2019enfants, il faut agir - ONE.org France","isPartOf":{"@id":"https:\/\/www.one.org\/fr\/#website"},"primaryImageOfPage":{"@id":"https:\/\/www.one.org\/fr\/actualites\/reecrire-lavenir\/#primaryimage"},"image":{"@id":"https:\/\/www.one.org\/fr\/actualites\/reecrire-lavenir\/#primaryimage"},"thumbnailUrl":"https:\/\/www.one.org\/fr\/wp-content\/uploads\/sites\/4\/2021\/03\/EDU_2021_featured_1200x1200.jpg","datePublished":"2021-03-22T10:11:42+00:00","dateModified":"2024-04-23T12:35:48+00:00","author":{"@id":""},"description":"70 millions d\u2019enfants de 10 ans risquent de ne pas ma\u00eetriser les fondamentaux de la lecture et de l\u2019\u00e9criture attendus d\u2019un enfant de cet \u00e2ge.","breadcrumb":{"@id":"https:\/\/www.one.org\/fr\/actualites\/reecrire-lavenir\/#breadcrumb"},"inLanguage":"fr-FR","potentialAction":[{"@type":"ReadAction","target":["https:\/\/www.one.org\/fr\/actualites\/reecrire-lavenir\/"]}]},{"@type":"ImageObject","inLanguage":"fr-FR","@id":"https:\/\/www.one.org\/fr\/actualites\/reecrire-lavenir\/#primaryimage","url":"https:\/\/www.one.org\/fr\/wp-content\/uploads\/sites\/4\/2021\/03\/EDU_2021_featured_1200x1200.jpg","contentUrl":"https:\/\/www.one.org\/fr\/wp-content\/uploads\/sites\/4\/2021\/03\/EDU_2021_featured_1200x1200.jpg","width":1200,"height":1200},{"@type":"BreadcrumbList","@id":"https:\/\/www.one.org\/fr\/actualites\/reecrire-lavenir\/#breadcrumb","itemListElement":[{"@type":"ListItem","position":1,"name":"Home","item":"https:\/\/www.one.org\/fr\/"},{"@type":"ListItem","position":2,"name":"Pour r\u00e9\u00e9crire l\u2019avenir de 70 millions d\u2019enfants, il faut agir"}]},{"@type":"WebSite","@id":"https:\/\/www.one.org\/fr\/#website","url":"https:\/\/www.one.org\/fr\/","name":"ONE.org","description":"Cr\u00e9er des opportunit\u00e9s \u00e9conomiques et am\u00e9liorer la sant\u00e9 en Afrique","potentialAction":[{"@type":"SearchAction","target":{"@type":"EntryPoint","urlTemplate":"https:\/\/www.one.org\/fr\/?s={search_term_string}"},"query-input":{"@type":"PropertyValueSpecification","valueRequired":true,"valueName":"search_term_string"}}],"inLanguage":"fr-FR"}]}},"distributor_meta":false,"distributor_terms":false,"distributor_media":false,"distributor_original_site_name":"ONE.org France","distributor_original_site_url":"https:\/\/www.one.org\/fr","push-errors":false,"_links":{"self":[{"href":"https:\/\/www.one.org\/fr\/wp-json\/wp\/v2\/posts\/162472","targetHints":{"allow":["GET"]}}],"collection":[{"href":"https:\/\/www.one.org\/fr\/wp-json\/wp\/v2\/posts"}],"about":[{"href":"https:\/\/www.one.org\/fr\/wp-json\/wp\/v2\/types\/post"}],"replies":[{"embeddable":true,"href":"https:\/\/www.one.org\/fr\/wp-json\/wp\/v2\/comments?post=162472"}],"version-history":[{"count":0,"href":"https:\/\/www.one.org\/fr\/wp-json\/wp\/v2\/posts\/162472\/revisions"}],"wp:featuredmedia":[{"embeddable":true,"href":"https:\/\/www.one.org\/fr\/wp-json\/wp\/v2\/media\/163129"}],"wp:attachment":[{"href":"https:\/\/www.one.org\/fr\/wp-json\/wp\/v2\/media?parent=162472"}],"wp:term":[{"taxonomy":"category","embeddable":true,"href":"https:\/\/www.one.org\/fr\/wp-json\/wp\/v2\/categories?post=162472"},{"taxonomy":"post_tag","embeddable":true,"href":"https:\/\/www.one.org\/fr\/wp-json\/wp\/v2\/tags?post=162472"},{"taxonomy":"topic","embeddable":true,"href":"https:\/\/www.one.org\/fr\/wp-json\/wp\/v2\/topic?post=162472"},{"taxonomy":"contributor","embeddable":true,"href":"https:\/\/www.one.org\/fr\/wp-json\/wp\/v2\/contributor?post=162472"},{"taxonomy":"one_content_audience","embeddable":true,"href":"https:\/\/www.one.org\/fr\/wp-json\/wp\/v2\/one_content_audience?post=162472"},{"taxonomy":"one_content_type","embeddable":true,"href":"https:\/\/www.one.org\/fr\/wp-json\/wp\/v2\/one_content_type?post=162472"},{"taxonomy":"one_content_tone","embeddable":true,"href":"https:\/\/www.one.org\/fr\/wp-json\/wp\/v2\/one_content_tone?post=162472"}],"curies":[{"name":"wp","href":"https:\/\/api.w.org\/{rel}","templated":true}]}}