{"id":162471,"date":"2021-03-17T15:15:26","date_gmt":"2021-03-17T15:15:26","guid":{"rendered":"https:\/\/www.one.org\/fr\/le-lancement-de-lespoir-nouvelle-promotion-de-jeunes-ambassadeur%c2%b7rice%c2%b7s\/"},"modified":"2023-11-06T16:48:28","modified_gmt":"2023-11-06T16:48:28","slug":"nouvelle-promotion-de-jeunes-ambassadeurs","status":"publish","type":"post","link":"https:\/\/www.one.org\/fr\/actualites\/nouvelle-promotion-de-jeunes-ambassadeurs\/","title":{"rendered":"Le lancement de l\u2019espoir : nouvelle promotion de jeunes Ambassadeur\u00b7rice\u00b7s"},"content":{"rendered":"<p><em>Du 28 f&eacute;vrier au 2 mars 2021, l&rsquo;&eacute;quipe ONE France a accueilli sa nouvelle promotion de 53 b&eacute;n&eacute;voles, mieux connu&middot;e&middot;s sous le nom des jeunes Ambassadeurs et Ambassadrices. Ils et elles reviennent sur ces trois journ&eacute;es de formation.<\/em><\/p>\n<p>Espoir.<\/p>\n<p>C&rsquo;est le mot qui a r&eacute;sonn&eacute; tout au long de ces journ&eacute;es de lancement.<\/p>\n<p>&Ecirc;tre aux c&ocirc;t&eacute;s de plus de 50 jeunes motiv&eacute;&middot;e&middot;s, mobilis&eacute;&middot;e&middot;s pour la solidarit&eacute; internationale, pr&ecirc;t&middot;e&middot;s &agrave; aller sonner &agrave; la porte des &eacute;lu&middot;e&middot;s pour les convaincre de prendre des mesures dans ce domaine nous donne espoir. Plus de 50 jeunes d&eacute;termin&eacute;&middot;e&middot;s &agrave; changer le monde et &agrave; agir.<\/p>\n<p>La jeunesse s&rsquo;exprime et la jeunesse s&rsquo;engage. La pand&eacute;mie ne l&rsquo;a pas arr&ecirc;t&eacute;e. Bien au contraire, elle l&rsquo;a confort&eacute;e dans l&rsquo;id&eacute;e qu&rsquo;elle se devait d&rsquo;agir pour construire ce monde d&rsquo;apr&egrave;s, plus juste et sans in&eacute;galit&eacute;s.<\/p>\n<blockquote><p><em>&ldquo;C&rsquo;est la deuxi&egrave;me ann&eacute;e que je m&rsquo;engage aupr&egrave;s de ONE. La crise du COVID-19 a n&eacute;cessit&eacute; une grande adaptation dans nos m&eacute;thodes d&rsquo;engagement l&rsquo;an dernier. Les journ&eacute;es de lancement ont &eacute;t&eacute; l&rsquo;occasion de revenir sur ces m&eacute;thodes fructueuses et sur les moyens de les adapter &agrave; nos campagnes actuelles. J&rsquo;en ai appris davantage sur nos objectifs de cette ann&eacute;e mais j&rsquo;ai surtout constat&eacute; une &eacute;volution entre cette ann&eacute;e et l&rsquo;an dernier, <strong>une &eacute;volution positive et concr&egrave;te permise par notre mobilisation<\/strong>&rdquo;, t&eacute;moigne Lilia.<\/em><\/p><\/blockquote>\n<p>En seulement trois apr&egrave;s-midi avec ONE, nous avons &eacute;norm&eacute;ment appris, ce qui n&rsquo;augure que du positif pour les prochains mois. Mais s&rsquo;il fallait ne retenir qu&rsquo;un seul message de ces journ&eacute;es, <strong>ce serait &agrave; quel point le monde d&rsquo;aujourd&rsquo;hui irait beaucoup mieux si nous &eacute;tions toutes et tous plus solidaires<\/strong>.<\/p>\n<p>La lutte contre la pauvret&eacute;, le combat contre les maladies &eacute;vitables, les causes d&eacute;fendues par ONE que nous avons toutes et tous &eacute;pous&eacute;es, nous concernent et nous imposent d&rsquo;y contribuer. Nous avons ainsi re&ccedil;u, durant cette formation, quelques cl&eacute;s pour mener &agrave; bien notre mission cette ann&eacute;e, notamment via la d&eacute;couverte de notions qui nous &eacute;taient, pour beaucoup, inconnues jusqu&rsquo;ici.<\/p>\n<h3><strong>Des formations sur de nombreux sujets<\/strong><\/h3>\n<p>Malgr&eacute; le contexte particulier qui nous a forc&eacute;&middot;e&middot;s &agrave; participer aux formations en ligne plut&ocirc;t qu&rsquo;en pr&eacute;sentiel, nous avons pu apprendre &agrave; nous conna&icirc;tre entre jeunes Ambassadeurs et Ambassadrices, et avec le reste de l&rsquo;&eacute;quipe ONE.<\/p>\n<p>Nous avons appris avant tout le fonctionnement de l&rsquo;ONG : c&rsquo;est une organisation apolitique, ind&eacute;pendante (car ne re&ccedil;oit pas de financements de la part d&rsquo;&Eacute;tats) et internationale. <strong>ONE cherche &agrave; mobiliser et &agrave; f&eacute;d&eacute;rer la voix des citoyens et des citoyennes.<\/strong> L&rsquo;organisation fait avant tout du plaidoyer pour questionner directement les &Eacute;tats sur l&rsquo;extr&ecirc;me pauvret&eacute;, l&rsquo;aide au d&eacute;veloppement et les th&eacute;matiques li&eacute;es comme la sant&eacute; et l&rsquo;&eacute;ducation.<\/p>\n<p>La crise sanitaire a provoqu&eacute; la d&eacute;scolarisation massive de plusieurs millions d&rsquo;enfants et tout particuli&egrave;rement des filles, pour lesquelles on estime &agrave; 20 millions le nombre de celles qui pourraient ne jamais retourner &agrave; l&rsquo;&eacute;cole.<\/p>\n<p>Par ailleurs, le constat d&rsquo;une absence totale d&rsquo;&eacute;quit&eacute; dans l&rsquo;acc&egrave;s aux doses de vaccins contre le COVID-19 pousse ONE &agrave; pr&ocirc;ner un partage &eacute;quitable de ces doses, ainsi que la suspension des r&egrave;gles traditionnelles li&eacute;es aux brevets pour les outils de lutte contre la pand&eacute;mie. Nous avons pu aussi &ecirc;tre form&eacute;&middot;e&middot;s sur l&rsquo;initiative ACT-A et sur la responsabilit&eacute; des laboratoires pharmaceutiques pour garantir un acc&egrave;s universel aux vaccins.<\/p>\n<p>Enfin, nous avons abord&eacute; l&rsquo;utilit&eacute; et l&rsquo;utilisation de l&rsquo;aide publique au d&eacute;veloppement (APD), outil essentiel pour juguler les in&eacute;galit&eacute;s encore pr&eacute;sentes dans le monde. Heureux hasard, le dernier jour de lancement co&iuml;ncidait avec le vote &agrave; l&rsquo;Assembl&eacute;e nationale de la loi de programmation relatif au d&eacute;veloppement solidaire et &agrave; la lutte contre les in&eacute;galit&eacute;s mondiales pour laquelle les jeunes Ambassadeurs et Ambassadrices plaident depuis des ann&eacute;es. Ce que nous demandions ? Une APD plus ambitieuse et plus efficace. Nous avons alors eu la joie de c&eacute;l&eacute;brer et de saluer le vote de cette loi &agrave; l&rsquo;unanimit&eacute;, aux c&ocirc;t&eacute;s du d&eacute;put&eacute; et rapporteur de la loi, Herv&eacute; Berville. Nous avons pu ainsi constater que les interlocuteurs de ONE sont connus des parlementaires et ont un vrai pouvoir d&rsquo;influence.<\/p>\n<blockquote><p><em>&ldquo;C&rsquo;&eacute;tait pour moi une premi&egrave;re de rencontrer un &eacute;lu. J&rsquo;ai donc appris les rouages d&rsquo;une entrevue fructueuse avec un &eacute;lu, qui sera s&ucirc;rement par la suite &agrave; l&rsquo;&eacute;coute de nos id&eacute;es&rdquo;, raconte Camille.<\/em><\/p><\/blockquote>\n<p>De mani&egrave;re plus concr&egrave;te, nous avons &eacute;galement beaucoup appris sur l&rsquo;utilit&eacute; de la communication digitale. En effet, Twitter est l&rsquo;outil le plus efficace pour interagir avec les personnalit&eacute;s politiques en les interpellant sur leurs choix et les cons&eacute;quences que ceux-ci peuvent avoir. Cela nous a donn&eacute; des id&eacute;es-cl&eacute;s pour nous servir de mani&egrave;re efficace de cet outil afin que notre message soit entendu le plus possible.<\/p>\n<h3><strong>La force du collectif<\/strong><\/h3>\n<blockquote><p><em>&ldquo;Ce que je retiens, c&rsquo;est la diversit&eacute; de nos profils et de nos parcours. Je pense qu&rsquo;ensemble, nous pouvons mener de tr&egrave;s belles actions cette ann&eacute;e ! Je retiens &eacute;galement la bonne ambiance et l&rsquo;accueil chaleureux qui nous a &eacute;t&eacute; r&eacute;serv&eacute; par l&rsquo;&eacute;quipe de ONE France&rdquo;, partage Mathilde.<\/em><\/p><\/blockquote>\n<p>Notre action est importante et apporte un r&eacute;el changement. Notre mobilisation a un v&eacute;ritable pouvoir, notamment &agrave; travers l&rsquo;usage des r&eacute;seaux sociaux dont la viralit&eacute; fortifie notre action. Lilia t&eacute;moigne de son &ldquo;impatience de passer &agrave; l&rsquo;action et cette m&ecirc;me motivation &agrave; chaque fois que je sais que la jeunesse contribue au changement du monde pour le rendre meilleur&rdquo;.<\/p>\n<p>Finalement, ce que l&rsquo;on retient avant tout, c&rsquo;est la force du collectif. L&rsquo;objectif de fixer le montant de l&rsquo;APD fran&ccedil;aise &agrave; 0,7% du revenu national brut d&rsquo;ici &agrave; 2025 est enfin inscrit dans une loi. <strong>Cette victoire a &eacute;t&eacute; possible gr&acirc;ce aux efforts collectifs de plaidoyer de l&rsquo;&eacute;quipe de ONE, des jeunes Ambassadeurs et Ambassadrices, et des autres ONG au cours des derni&egrave;res ann&eacute;es.<\/strong> Voir que ces combats aboutissent et se concr&eacute;tisent nous donne espoir. La France se donne enfin les moyens de tenir ses promesses, un espoir pour vivre dans monde dont nous r&ecirc;vons tant.<\/p>\n<h3><strong>Et maintenant&hellip;<\/strong><\/h3>\n<p>Nous allons essayer d&rsquo;&ecirc;tre aussi mobilis&eacute;&middot;e&middot;s que possible pour faire conna&icirc;tre ONE autour de nous : en parler sur les r&eacute;seaux sociaux, participer avec les autres jeunes Ambassadeurs et Ambassadrices &agrave; des travaux de groupe pour cr&eacute;er des vid&eacute;os, avoir des id&eacute;es nouvelles pour valoriser l&rsquo;ONG en cette p&eacute;riode de travail &agrave; distance, rencontrer des responsables politiques, tenter d&rsquo;&ecirc;tre pr&eacute;sent&middot;e&middot;s dans les m&eacute;dias&hellip;<\/p>\n<p>Nous allons sensibiliser les citoyens et citoyennes sur la solidarit&eacute; internationale. Chaque voix compte et la jeunesse s&rsquo;engage pour faire bouger les lignes. Nous voulons mieux qu&rsquo;un monde d&eacute;mesur&eacute;ment in&eacute;galitaire : nos initiatives peuvent peut-&ecirc;tre faire prendre conscience &agrave; beaucoup de l&rsquo;importance de la mobilisation citoyenne.<\/p>\n<blockquote><p><em>&ldquo;Cette ann&eacute;e, j&rsquo;envisage le d&eacute;veloppement de notre mouvement <strong><a href=\"https:\/\/instagram.com\/generationactiviste\/\">G&eacute;n&eacute;ration Activiste<\/a><\/strong>, cofond&eacute; avec les jeunes Ambassadeurs et Ambassadrices de la promotion pr&eacute;c&eacute;dente. Je souhaite consacrer une partie de mon engagement &agrave; la contribution de cette plateforme qui me tient &agrave; c&oelig;ur pour la faire conna&icirc;tre et cr&eacute;er un r&eacute;el mouvement autour de l&rsquo;&eacute;galit&eacute;, la solidarit&eacute; internationale et la justice sociale&rdquo;, explique Lilia.<\/em><\/p><\/blockquote>\n<p>Avec la pand&eacute;mie actuelle, un acc&egrave;s aux vaccins pour toutes et tous &agrave; travers le monde est une priorit&eacute;. La question des brevets se pose, non pas par charit&eacute; mais bien parce qu&rsquo;il s&rsquo;agit de justice et d&rsquo;&eacute;quit&eacute;. <strong>Nous ne serons pas en s&eacute;curit&eacute; tant que tout le monde ne sera pas en s&eacute;curit&eacute;<\/strong>. Au travers de notre engagement avec ONE, nous esp&eacute;rons pouvoir apporter un poids suppl&eacute;mentaire &agrave; cette question de justice sociale et sanitaire.<\/p>\n<p>Nous attendons aussi beaucoup de notre campagne sur l&rsquo;&eacute;ducation, notamment en vue du <a href=\"https:\/\/www.globalpartnership.org\/fr\">Partenariat mondial pour l&rsquo;&eacute;ducation<\/a>. L&rsquo;&eacute;ducation est un levier indispensable pour mettre fin &agrave; la pauvret&eacute;, en plus d&rsquo;&ecirc;tre un moyen de changer le monde.<\/p>\n<p>En tant que jeunes Ambassadeurs et Ambassadrices, conscient&middot;e&middot;s de l&rsquo;importance de ces sujets, <strong>nous sommes pr&ecirc;t&middot;e&middot;s &agrave; prendre nos responsabilit&eacute;s et &agrave; &oelig;uvrer pour ces combats cette ann&eacute;e<\/strong>.<\/p>\n<p><em>Ce billet de blog a &eacute;t&eacute; r&eacute;dig&eacute; par Ange, Camille B., Fanny, Fortuna, Lilia, Mathilde, Romane et Solune.<\/em><\/p>\n<div class=\"buffer\"><\/div>","protected":false},"excerpt":{"rendered":"<p>Du 28 f&eacute;vrier au 2 mars 2021, l&rsquo;&eacute;quipe ONE France a accueilli sa nouvelle promotion de 53 b&eacute;n&eacute;voles, mieux connu&middot;e&middot;s sous le nom des jeunes Ambassadeurs et Ambassadrices. Ils et elles reviennent sur ces trois journ&eacute;es de formation. Espoir. C&rsquo;est le mot qui a r&eacute;sonn&eacute; tout au long de ces journ&eacute;es de lancement. &Ecirc;tre aux [&hellip;]<\/p>\n","protected":false},"author":24,"featured_media":163131,"comment_status":"open","ping_status":"open","sticky":false,"template":"","format":"standard","meta":{"_acf_changed":false,"_relevanssi_hide_post":"","_relevanssi_hide_content":"","_relevanssi_pin_for_all":"","_relevanssi_pin_keywords":"","_relevanssi_unpin_keywords":"","_relevanssi_related_keywords":"","_relevanssi_related_include_ids":"","_relevanssi_related_exclude_ids":"","_relevanssi_related_no_append":"","_relevanssi_related_not_related":"","_relevanssi_related_posts":"164801,164384,164396,163756,163706,163644","_relevanssi_noindex_reason":"","footnotes":""},"categories":[34],"tags":[],"topic":[48,47],"contributor":[49],"one_content_audience":[],"one_content_type":[],"one_content_tone":[],"class_list":["post-162471","post","type-post","status-publish","format-standard","has-post-thumbnail","hentry","category-one","topic-jeunes-ambassadeurrices-de-one","topic-que-font-nos-membres","contributor-jeunes-ambassadeur-rice-s-de-one"],"acf":[],"yoast_head":"<!-- This site is optimized with the Yoast SEO Premium plugin v27.1 (Yoast SEO v27.1.1) - https:\/\/yoast.com\/product\/yoast-seo-premium-wordpress\/ -->\n<title>Le lancement de l\u2019espoir : nouvelle promotion de jeunes Ambassadeur\u00b7rice\u00b7s - ONE.org France<\/title>\n<meta name=\"description\" content=\"ONE France accueille sa nouvelle promotion de b\u00e9n\u00e9voles, les jeunes Ambassadeurs et Ambassadrices. Ils et elles reviennent sur leurs journ\u00e9es de formation.\" \/>\n<meta name=\"robots\" content=\"index, follow, max-snippet:-1, max-image-preview:large, max-video-preview:-1\" \/>\n<link rel=\"canonical\" href=\"https:\/\/www.one.org\/fr\/actualites\/nouvelle-promotion-de-jeunes-ambassadeurs\/\" \/>\n<meta property=\"og:locale\" content=\"fr_FR\" \/>\n<meta property=\"og:type\" content=\"article\" \/>\n<meta property=\"og:title\" content=\"Le lancement de l\u2019espoir : nouvelle promotion de jeunes Ambassadeur\u00b7rice\u00b7s\" \/>\n<meta property=\"og:description\" content=\"ONE France accueille sa nouvelle promotion de b\u00e9n\u00e9voles, les jeunes Ambassadeurs et Ambassadrices. Ils et elles reviennent sur leurs journ\u00e9es de formation.\" \/>\n<meta property=\"og:url\" content=\"https:\/\/www.one.org\/fr\/actualites\/nouvelle-promotion-de-jeunes-ambassadeurs\/\" \/>\n<meta property=\"og:site_name\" content=\"ONE.org France\" \/>\n<meta property=\"article:publisher\" content=\"https:\/\/www.facebook.com\/ONE.Fr\" \/>\n<meta property=\"article:published_time\" content=\"2021-03-17T15:15:26+00:00\" \/>\n<meta property=\"article:modified_time\" content=\"2023-11-06T16:48:28+00:00\" \/>\n<meta property=\"og:image\" content=\"https:\/\/www.one.org\/fr\/wp-content\/uploads\/sites\/4\/2021\/03\/28-fevrier-5-1.png\" \/>\n\t<meta property=\"og:image:width\" content=\"1758\" \/>\n\t<meta property=\"og:image:height\" content=\"984\" \/>\n\t<meta property=\"og:image:type\" content=\"image\/png\" \/>\n<meta name=\"author\" content=\"Dana Khalil\" \/>\n<meta name=\"twitter:card\" content=\"summary_large_image\" \/>\n<meta name=\"twitter:creator\" content=\"@one_fr\" \/>\n<meta name=\"twitter:site\" content=\"@one_fr\" \/>\n<meta name=\"twitter:label1\" content=\"Written by\" \/>\n\t<meta name=\"twitter:data1\" content=\"Dana Khalil\" \/>\n\t<meta name=\"twitter:label2\" content=\"Est. reading time\" \/>\n\t<meta name=\"twitter:data2\" content=\"5 minutes\" \/>\n<script type=\"application\/ld+json\" class=\"yoast-schema-graph\">{\"@context\":\"https:\/\/schema.org\",\"@graph\":[{\"@type\":\"Article\",\"@id\":\"https:\/\/www.one.org\/fr\/actualites\/nouvelle-promotion-de-jeunes-ambassadeurs\/#article\",\"isPartOf\":{\"@id\":\"https:\/\/www.one.org\/fr\/actualites\/nouvelle-promotion-de-jeunes-ambassadeurs\/\"},\"author\":{\"name\":\"Dana Khalil\",\"@id\":\"https:\/\/www.one.org\/fr\/#\/schema\/person\/cf1f30f9800f0592ec3d61940be82003\"},\"headline\":\"Le lancement de l\u2019espoir : nouvelle promotion de jeunes Ambassadeur\u00b7rice\u00b7s\",\"datePublished\":\"2021-03-17T15:15:26+00:00\",\"dateModified\":\"2023-11-06T16:48:28+00:00\",\"mainEntityOfPage\":{\"@id\":\"https:\/\/www.one.org\/fr\/actualites\/nouvelle-promotion-de-jeunes-ambassadeurs\/\"},\"wordCount\":1859,\"commentCount\":0,\"image\":{\"@id\":\"https:\/\/www.one.org\/fr\/actualites\/nouvelle-promotion-de-jeunes-ambassadeurs\/#primaryimage\"},\"thumbnailUrl\":\"https:\/\/www.one.org\/fr\/wp-content\/uploads\/sites\/4\/2021\/03\/28-fevrier-5-1.png\",\"articleSection\":[\"ONE\"],\"inLanguage\":\"fr-FR\",\"potentialAction\":[{\"@type\":\"CommentAction\",\"name\":\"Comment\",\"target\":[\"https:\/\/www.one.org\/fr\/actualites\/nouvelle-promotion-de-jeunes-ambassadeurs\/#respond\"]}]},{\"@type\":\"WebPage\",\"@id\":\"https:\/\/www.one.org\/fr\/actualites\/nouvelle-promotion-de-jeunes-ambassadeurs\/\",\"url\":\"https:\/\/www.one.org\/fr\/actualites\/nouvelle-promotion-de-jeunes-ambassadeurs\/\",\"name\":\"Le lancement de l\u2019espoir : nouvelle promotion de jeunes Ambassadeur\u00b7rice\u00b7s - ONE.org France\",\"isPartOf\":{\"@id\":\"https:\/\/www.one.org\/fr\/#website\"},\"primaryImageOfPage\":{\"@id\":\"https:\/\/www.one.org\/fr\/actualites\/nouvelle-promotion-de-jeunes-ambassadeurs\/#primaryimage\"},\"image\":{\"@id\":\"https:\/\/www.one.org\/fr\/actualites\/nouvelle-promotion-de-jeunes-ambassadeurs\/#primaryimage\"},\"thumbnailUrl\":\"https:\/\/www.one.org\/fr\/wp-content\/uploads\/sites\/4\/2021\/03\/28-fevrier-5-1.png\",\"datePublished\":\"2021-03-17T15:15:26+00:00\",\"dateModified\":\"2023-11-06T16:48:28+00:00\",\"author\":{\"@id\":\"https:\/\/www.one.org\/fr\/#\/schema\/person\/cf1f30f9800f0592ec3d61940be82003\"},\"description\":\"ONE France accueille sa nouvelle promotion de b\u00e9n\u00e9voles, les jeunes Ambassadeurs et Ambassadrices. Ils et elles reviennent sur leurs journ\u00e9es de formation.\",\"breadcrumb\":{\"@id\":\"https:\/\/www.one.org\/fr\/actualites\/nouvelle-promotion-de-jeunes-ambassadeurs\/#breadcrumb\"},\"inLanguage\":\"fr-FR\",\"potentialAction\":[{\"@type\":\"ReadAction\",\"target\":[\"https:\/\/www.one.org\/fr\/actualites\/nouvelle-promotion-de-jeunes-ambassadeurs\/\"]}]},{\"@type\":\"ImageObject\",\"inLanguage\":\"fr-FR\",\"@id\":\"https:\/\/www.one.org\/fr\/actualites\/nouvelle-promotion-de-jeunes-ambassadeurs\/#primaryimage\",\"url\":\"https:\/\/www.one.org\/fr\/wp-content\/uploads\/sites\/4\/2021\/03\/28-fevrier-5-1.png\",\"contentUrl\":\"https:\/\/www.one.org\/fr\/wp-content\/uploads\/sites\/4\/2021\/03\/28-fevrier-5-1.png\",\"width\":1758,\"height\":984},{\"@type\":\"BreadcrumbList\",\"@id\":\"https:\/\/www.one.org\/fr\/actualites\/nouvelle-promotion-de-jeunes-ambassadeurs\/#breadcrumb\",\"itemListElement\":[{\"@type\":\"ListItem\",\"position\":1,\"name\":\"Home\",\"item\":\"https:\/\/www.one.org\/fr\/\"},{\"@type\":\"ListItem\",\"position\":2,\"name\":\"Le lancement de l\u2019espoir : nouvelle promotion de jeunes Ambassadeur\u00b7rice\u00b7s\"}]},{\"@type\":\"WebSite\",\"@id\":\"https:\/\/www.one.org\/fr\/#website\",\"url\":\"https:\/\/www.one.org\/fr\/\",\"name\":\"ONE.org\",\"description\":\"Cr\u00e9er des opportunit\u00e9s \u00e9conomiques et am\u00e9liorer la sant\u00e9 en Afrique\",\"potentialAction\":[{\"@type\":\"SearchAction\",\"target\":{\"@type\":\"EntryPoint\",\"urlTemplate\":\"https:\/\/www.one.org\/fr\/?s={search_term_string}\"},\"query-input\":{\"@type\":\"PropertyValueSpecification\",\"valueRequired\":true,\"valueName\":\"search_term_string\"}}],\"inLanguage\":\"fr-FR\"},{\"@type\":\"Person\",\"@id\":\"https:\/\/www.one.org\/fr\/#\/schema\/person\/cf1f30f9800f0592ec3d61940be82003\",\"name\":\"Dana Khalil\",\"image\":{\"@type\":\"ImageObject\",\"inLanguage\":\"fr-FR\",\"@id\":\"https:\/\/www.one.org\/fr\/#\/schema\/person\/image\/\",\"url\":\"https:\/\/secure.gravatar.com\/avatar\/b0da536f00ccefadcc7aae4e64855977a5249adb1ac04162a69474e53a8d4c40?s=96&d=mm&r=g\",\"contentUrl\":\"https:\/\/secure.gravatar.com\/avatar\/b0da536f00ccefadcc7aae4e64855977a5249adb1ac04162a69474e53a8d4c40?s=96&d=mm&r=g\",\"caption\":\"Dana Khalil\"},\"url\":\"https:\/\/www.one.org\/fr\/actualites\/author\/danakhalil\/\"}]}<\/script>\n<!-- \/ Yoast SEO Premium plugin. -->","yoast_head_json":{"title":"Le lancement de l\u2019espoir : nouvelle promotion de jeunes Ambassadeur\u00b7rice\u00b7s - ONE.org France","description":"ONE France accueille sa nouvelle promotion de b\u00e9n\u00e9voles, les jeunes Ambassadeurs et Ambassadrices. Ils et elles reviennent sur leurs journ\u00e9es de formation.","robots":{"index":"index","follow":"follow","max-snippet":"max-snippet:-1","max-image-preview":"max-image-preview:large","max-video-preview":"max-video-preview:-1"},"canonical":"https:\/\/www.one.org\/fr\/actualites\/nouvelle-promotion-de-jeunes-ambassadeurs\/","og_locale":"fr_FR","og_type":"article","og_title":"Le lancement de l\u2019espoir : nouvelle promotion de jeunes Ambassadeur\u00b7rice\u00b7s","og_description":"ONE France accueille sa nouvelle promotion de b\u00e9n\u00e9voles, les jeunes Ambassadeurs et Ambassadrices. Ils et elles reviennent sur leurs journ\u00e9es de formation.","og_url":"https:\/\/www.one.org\/fr\/actualites\/nouvelle-promotion-de-jeunes-ambassadeurs\/","og_site_name":"ONE.org France","article_publisher":"https:\/\/www.facebook.com\/ONE.Fr","article_published_time":"2021-03-17T15:15:26+00:00","article_modified_time":"2023-11-06T16:48:28+00:00","og_image":[{"width":1758,"height":984,"url":"https:\/\/www.one.org\/fr\/wp-content\/uploads\/sites\/4\/2021\/03\/28-fevrier-5-1.png","type":"image\/png"}],"author":"Dana Khalil","twitter_card":"summary_large_image","twitter_creator":"@one_fr","twitter_site":"@one_fr","twitter_misc":{"Written by":"Dana Khalil","Est. reading time":"5 minutes"},"schema":{"@context":"https:\/\/schema.org","@graph":[{"@type":"Article","@id":"https:\/\/www.one.org\/fr\/actualites\/nouvelle-promotion-de-jeunes-ambassadeurs\/#article","isPartOf":{"@id":"https:\/\/www.one.org\/fr\/actualites\/nouvelle-promotion-de-jeunes-ambassadeurs\/"},"author":{"name":"Dana Khalil","@id":"https:\/\/www.one.org\/fr\/#\/schema\/person\/cf1f30f9800f0592ec3d61940be82003"},"headline":"Le lancement de l\u2019espoir : nouvelle promotion de jeunes Ambassadeur\u00b7rice\u00b7s","datePublished":"2021-03-17T15:15:26+00:00","dateModified":"2023-11-06T16:48:28+00:00","mainEntityOfPage":{"@id":"https:\/\/www.one.org\/fr\/actualites\/nouvelle-promotion-de-jeunes-ambassadeurs\/"},"wordCount":1859,"commentCount":0,"image":{"@id":"https:\/\/www.one.org\/fr\/actualites\/nouvelle-promotion-de-jeunes-ambassadeurs\/#primaryimage"},"thumbnailUrl":"https:\/\/www.one.org\/fr\/wp-content\/uploads\/sites\/4\/2021\/03\/28-fevrier-5-1.png","articleSection":["ONE"],"inLanguage":"fr-FR","potentialAction":[{"@type":"CommentAction","name":"Comment","target":["https:\/\/www.one.org\/fr\/actualites\/nouvelle-promotion-de-jeunes-ambassadeurs\/#respond"]}]},{"@type":"WebPage","@id":"https:\/\/www.one.org\/fr\/actualites\/nouvelle-promotion-de-jeunes-ambassadeurs\/","url":"https:\/\/www.one.org\/fr\/actualites\/nouvelle-promotion-de-jeunes-ambassadeurs\/","name":"Le lancement de l\u2019espoir : nouvelle promotion de jeunes Ambassadeur\u00b7rice\u00b7s - ONE.org France","isPartOf":{"@id":"https:\/\/www.one.org\/fr\/#website"},"primaryImageOfPage":{"@id":"https:\/\/www.one.org\/fr\/actualites\/nouvelle-promotion-de-jeunes-ambassadeurs\/#primaryimage"},"image":{"@id":"https:\/\/www.one.org\/fr\/actualites\/nouvelle-promotion-de-jeunes-ambassadeurs\/#primaryimage"},"thumbnailUrl":"https:\/\/www.one.org\/fr\/wp-content\/uploads\/sites\/4\/2021\/03\/28-fevrier-5-1.png","datePublished":"2021-03-17T15:15:26+00:00","dateModified":"2023-11-06T16:48:28+00:00","author":{"@id":"https:\/\/www.one.org\/fr\/#\/schema\/person\/cf1f30f9800f0592ec3d61940be82003"},"description":"ONE France accueille sa nouvelle promotion de b\u00e9n\u00e9voles, les jeunes Ambassadeurs et Ambassadrices. Ils et elles reviennent sur leurs journ\u00e9es de formation.","breadcrumb":{"@id":"https:\/\/www.one.org\/fr\/actualites\/nouvelle-promotion-de-jeunes-ambassadeurs\/#breadcrumb"},"inLanguage":"fr-FR","potentialAction":[{"@type":"ReadAction","target":["https:\/\/www.one.org\/fr\/actualites\/nouvelle-promotion-de-jeunes-ambassadeurs\/"]}]},{"@type":"ImageObject","inLanguage":"fr-FR","@id":"https:\/\/www.one.org\/fr\/actualites\/nouvelle-promotion-de-jeunes-ambassadeurs\/#primaryimage","url":"https:\/\/www.one.org\/fr\/wp-content\/uploads\/sites\/4\/2021\/03\/28-fevrier-5-1.png","contentUrl":"https:\/\/www.one.org\/fr\/wp-content\/uploads\/sites\/4\/2021\/03\/28-fevrier-5-1.png","width":1758,"height":984},{"@type":"BreadcrumbList","@id":"https:\/\/www.one.org\/fr\/actualites\/nouvelle-promotion-de-jeunes-ambassadeurs\/#breadcrumb","itemListElement":[{"@type":"ListItem","position":1,"name":"Home","item":"https:\/\/www.one.org\/fr\/"},{"@type":"ListItem","position":2,"name":"Le lancement de l\u2019espoir : nouvelle promotion de jeunes Ambassadeur\u00b7rice\u00b7s"}]},{"@type":"WebSite","@id":"https:\/\/www.one.org\/fr\/#website","url":"https:\/\/www.one.org\/fr\/","name":"ONE.org","description":"Cr\u00e9er des opportunit\u00e9s \u00e9conomiques et am\u00e9liorer la sant\u00e9 en Afrique","potentialAction":[{"@type":"SearchAction","target":{"@type":"EntryPoint","urlTemplate":"https:\/\/www.one.org\/fr\/?s={search_term_string}"},"query-input":{"@type":"PropertyValueSpecification","valueRequired":true,"valueName":"search_term_string"}}],"inLanguage":"fr-FR"},{"@type":"Person","@id":"https:\/\/www.one.org\/fr\/#\/schema\/person\/cf1f30f9800f0592ec3d61940be82003","name":"Dana Khalil","image":{"@type":"ImageObject","inLanguage":"fr-FR","@id":"https:\/\/www.one.org\/fr\/#\/schema\/person\/image\/","url":"https:\/\/secure.gravatar.com\/avatar\/b0da536f00ccefadcc7aae4e64855977a5249adb1ac04162a69474e53a8d4c40?s=96&d=mm&r=g","contentUrl":"https:\/\/secure.gravatar.com\/avatar\/b0da536f00ccefadcc7aae4e64855977a5249adb1ac04162a69474e53a8d4c40?s=96&d=mm&r=g","caption":"Dana Khalil"},"url":"https:\/\/www.one.org\/fr\/actualites\/author\/danakhalil\/"}]}},"distributor_meta":false,"distributor_terms":false,"distributor_media":false,"distributor_original_site_name":"ONE.org France","distributor_original_site_url":"https:\/\/www.one.org\/fr","push-errors":false,"_links":{"self":[{"href":"https:\/\/www.one.org\/fr\/wp-json\/wp\/v2\/posts\/162471","targetHints":{"allow":["GET"]}}],"collection":[{"href":"https:\/\/www.one.org\/fr\/wp-json\/wp\/v2\/posts"}],"about":[{"href":"https:\/\/www.one.org\/fr\/wp-json\/wp\/v2\/types\/post"}],"author":[{"embeddable":true,"href":"https:\/\/www.one.org\/fr\/wp-json\/wp\/v2\/users\/24"}],"replies":[{"embeddable":true,"href":"https:\/\/www.one.org\/fr\/wp-json\/wp\/v2\/comments?post=162471"}],"version-history":[{"count":0,"href":"https:\/\/www.one.org\/fr\/wp-json\/wp\/v2\/posts\/162471\/revisions"}],"wp:featuredmedia":[{"embeddable":true,"href":"https:\/\/www.one.org\/fr\/wp-json\/wp\/v2\/media\/163131"}],"wp:attachment":[{"href":"https:\/\/www.one.org\/fr\/wp-json\/wp\/v2\/media?parent=162471"}],"wp:term":[{"taxonomy":"category","embeddable":true,"href":"https:\/\/www.one.org\/fr\/wp-json\/wp\/v2\/categories?post=162471"},{"taxonomy":"post_tag","embeddable":true,"href":"https:\/\/www.one.org\/fr\/wp-json\/wp\/v2\/tags?post=162471"},{"taxonomy":"topic","embeddable":true,"href":"https:\/\/www.one.org\/fr\/wp-json\/wp\/v2\/topic?post=162471"},{"taxonomy":"contributor","embeddable":true,"href":"https:\/\/www.one.org\/fr\/wp-json\/wp\/v2\/contributor?post=162471"},{"taxonomy":"one_content_audience","embeddable":true,"href":"https:\/\/www.one.org\/fr\/wp-json\/wp\/v2\/one_content_audience?post=162471"},{"taxonomy":"one_content_type","embeddable":true,"href":"https:\/\/www.one.org\/fr\/wp-json\/wp\/v2\/one_content_type?post=162471"},{"taxonomy":"one_content_tone","embeddable":true,"href":"https:\/\/www.one.org\/fr\/wp-json\/wp\/v2\/one_content_tone?post=162471"}],"curies":[{"name":"wp","href":"https:\/\/api.w.org\/{rel}","templated":true}]}}