{"id":162468,"date":"2021-02-25T18:08:18","date_gmt":"2021-02-25T18:08:18","guid":{"rendered":"https:\/\/www.one.org\/fr\/la-france-reforme-son-aide-au-developpement-4-grandes-victoires-a-celebrer\/"},"modified":"2024-04-23T12:35:51","modified_gmt":"2024-04-23T12:35:51","slug":"la-france-reforme-son-aide-au-developpement-4-grandes-victoires-a-celebrer","status":"publish","type":"post","link":"https:\/\/www.one.org\/fr\/actualites\/la-france-reforme-son-aide-au-developpement-4-grandes-victoires-a-celebrer\/","title":{"rendered":"La France r\u00e9forme son aide au d\u00e9veloppement :  4 grandes victoires \u00e0 c\u00e9l\u00e9brer !"},"content":{"rendered":"<h3><b>Une loi essentielle pour l&rsquo;avenir de l&rsquo;aide au d&eacute;veloppement<\/b><\/h3>\n<p><span style=\"font-weight: 400\">La semaine derni&egrave;re, les d&eacute;put&eacute;<\/span><span style=\"font-weight: 400\">&middot;e&middot;s ont d&eacute;battu de l&rsquo;avenir de l&rsquo;aide publique au d&eacute;veloppement (APD) fran&ccedil;aise, c&rsquo;est-&agrave;-dire l&rsquo;aide qu&rsquo;elle verse aux pays en d&eacute;veloppement pour lutter contre de grands d&eacute;fis comme l&rsquo;extr&ecirc;me pauvret&eacute;, la famine, les in&eacute;galit&eacute;s femmes-hommes ou encore les cons&eacute;quences du d&eacute;r&egrave;glement climatique.&nbsp;<\/span><\/p>\n<p><span style=\"font-weight: 400\">C&rsquo;&eacute;tait en effet une promesse de campagne d&rsquo;Emmanuel Macron depuis 2017 : moderniser l&rsquo;APD fran&ccedil;aise dans la loi. Apr&egrave;s trois ans d&rsquo;attente et de reports successifs, elle a enfin pu &ecirc;tre discut&eacute;e &agrave; l&rsquo;Assembl&eacute;e nationale. L&rsquo;enjeu est immense : l&rsquo;APD est devenu un outil plus vital que jamais, &agrave; l&rsquo;heure o&ugrave; la pand&eacute;mie de COVID-19 a pu faire basculer <\/span><a href=\"https:\/\/www.banquemondiale.org\/fr\/news\/press-release\/2020\/10\/07\/covid-19-to-add-as-many-as-150-million-extreme-poor-by-2021\"><span style=\"font-weight: 400\">jusqu&rsquo;&agrave; 115 millions de personnes suppl&eacute;mentaires<\/span><\/a><span style=\"font-weight: 400\"> dans l&rsquo;extr&ecirc;me pauvret&eacute; rien qu&rsquo;en 2020, soit une augmentation de 17% en seulement une ann&eacute;e.&nbsp;<\/span><\/p>\n<p><span style=\"font-weight: 400\">Un mot d&rsquo;ordre d&eacute;sormais : faire plus et mieux ! Cette loi est une opportunit&eacute; unique de mieux piloter l&rsquo;aide fran&ccedil;aise en y inscrivant des cibles concr&egrave;tes. Quatre priorit&eacute;s s&rsquo;imposent pour une loi r&eacute;ussie : un d&eacute;bat de qualit&eacute;, qui se penche sur les moyens d&rsquo;am&eacute;liorer la quantit&eacute;, la qualit&eacute; et la transparence de notre aide. Quatre chantiers qui ont connu de vraies avanc&eacute;es durant ces deux derni&egrave;res semaines.&nbsp;<\/span><\/p>\n<h3><b>Un d&eacute;bat de qualit&eacute; qui a refus&eacute; toute conditionnalit&eacute;<\/b><\/h3>\n<p><span style=\"font-weight: 400\">Le risque planait sur le d&eacute;bat parlementaire : les tentations de se d&eacute;tourner de l&rsquo;objectif premier de l&rsquo;APD, c&rsquo;est-&agrave;-dire la r&eacute;duction de la pauvret&eacute; dans les pays en d&eacute;veloppement, afin de servir les int&eacute;r&ecirc;ts de la France &ndash; &eacute;conomiques, migratoires ou s&eacute;curitaires. Or le but de l&rsquo;aide doit rester l&rsquo;am&eacute;lioration des conditions de vie des populations des pays pauvres &ndash; un objectif qui b&eacute;n&eacute;ficie aussi &agrave; la population fran&ccedil;aise. On le voit de mani&egrave;re d&rsquo;autant plus aigu&euml; avec le d&eacute;r&egrave;glement climatique, ou plus r&eacute;cemment avec la pand&eacute;mie de COVID-19 : nous vivons dans un monde interd&eacute;pendant dans lequel le virus ne conna&icirc;t pas de fronti&egrave;res. Investir dans des syst&egrave;mes de sant&eacute; plus solides dans son propre pays et dans les pays plus vuln&eacute;rables participe au m&ecirc;me objectif : vivre dans un monde plus sain, plus juste et plus r&eacute;silient.<\/span><\/p>\n<p><span style=\"font-weight: 400\">Bien que ce sujet ait &eacute;t&eacute; mis sur la table des discussions par plusieurs groupes politiques &agrave; l&rsquo;Assembl&eacute;e, l&rsquo;immense majorit&eacute; des <\/span><span style=\"font-weight: 400\">d&eacute;put&eacute;<\/span><span style=\"font-weight: 400\">&middot;e&middot;s a fait front commun contre ces propositions, refusant toute porte ouverte vers un &ldquo;chantage &agrave; l&rsquo;APD&rdquo;. Le d&eacute;bat a ainsi pu se concentrer sur le c&oelig;ur du probl&egrave;me : la r&eacute;duction de la pauvret&eacute;, et comment y parvenir.&nbsp;<\/span><\/p>\n<h3><b>La promesse des 0,7% : enfin une date concr&egrave;te<\/b><\/h3>\n<p><span style=\"font-weight: 400\">C&rsquo;est une promesse historique des pays riches envers les pays pauvres : en 1970, des pays dits &ldquo;d&eacute;velopp&eacute;s&rdquo;, dont la France, s&rsquo;engageaient &agrave; allouer une petite part de leur richesse nationale &ndash; 0,7% de leur revenu national brut (RNB) &ndash; &agrave; leur aide au d&eacute;veloppement. Mais la France n&rsquo;a jamais tenu sa promesse, aujourd&rsquo;hui vieille de plus de cinquante ans. Nous suivions m&ecirc;me le chemin inverse : depuis plusieurs ann&eacute;es, l&rsquo;APD subissait des coupes et &eacute;tait en chute libre. Emmanuel Macron s&rsquo;&eacute;tait engag&eacute; &agrave; renverser la tendance, en atteignant un palier interm&eacute;diaire de 0,55% du RNB allou&eacute; &agrave; l&rsquo;APD pendant son quinquennat. Cet engagement est en passe d&rsquo;&ecirc;tre tenu, mais le mandat pr&eacute;sidentiel &eacute;tant presque termin&eacute;, il est essentiel d&rsquo;adopter une vision de plus long terme, et pr&eacute;voir au-del&agrave; de 2022.&nbsp;<\/span><\/p>\n<p><span style=\"font-weight: 400\">La loi &eacute;tait l&rsquo;occasion de fixer une date concr&egrave;te pour atteindre le fameux 0,7%, et ce n&rsquo;&eacute;tait pas gagn&eacute; d&rsquo;avance. Apr&egrave;s des d&eacute;bats mouvement&eacute;s, les <\/span><span style=\"font-weight: 400\">d&eacute;put&eacute;<\/span><span style=\"font-weight: 400\">&middot;e&middot;s ont inscrit dans la loi l&rsquo;obligation pour le Gouvernement de s&rsquo;efforcer &agrave; atteindre cet objectif en 2025. C&rsquo;est une v&eacute;ritable victoire de l&rsquo;Assembl&eacute;e et un grand pas en avant vers cet objectif historique. La France devient ainsi le 2&egrave;me pays, apr&egrave;s le Royaume-Uni, &agrave; inscrire cet objectif assorti d&rsquo;une &eacute;ch&eacute;ance dans une loi.<\/span><\/p>\n<p><img decoding=\"async\" loading=\"lazy\" class=\"aligncenter size-large wp-image-153970\" src=\"https:\/\/cdn.one.org\/fr\/wp-content\/uploads\/2021\/02\/25175804\/pasted-image-0-640x382.png\" alt=\"\" width=\"593\" height=\"354\"><\/p>\n<p>&nbsp;<\/p>\n<h3><b>Un nouveau jalon vers une diplomatie r&eacute;ellement f&eacute;ministe<\/b><\/h3>\n<p><span style=\"font-weight: 400\">Depuis 2019, la France annonce <\/span><a href=\"https:\/\/www.diplomatie.gouv.fr\/fr\/politique-etrangere-de-la-france\/droits-de-l-homme\/actualites-et-evenements-sur-le-theme-des-droits-de-l-homme\/actualites-2019-sur-le-theme-des-droits-de-l-homme\/article\/pour-une-diplomatie-feministe-tribune-conjointe-de-jean-yves-le-drian-et\"><span style=\"font-weight: 400\">porter une &ldquo;diplomatie f&eacute;ministe&rdquo;<\/span><\/a><span style=\"font-weight: 400\">. Ce concept est encore jeune et un peu flou, mais ce qui est certain, c&rsquo;est que de telles ambitions doivent s&rsquo;accompagner d&rsquo;une APD f&eacute;ministe. &Agrave; l&rsquo;heure o&ugrave; les femmes et les filles subissent encore de mani&egrave;re accrue les cons&eacute;quences de la pauvret&eacute;, un outil devient incontournable : l&rsquo;APD &ldquo;genre&rdquo;, soit une aide qui prend en compte les obstacles sp&eacute;cifiques auxquels elles font face et qui lutte concr&egrave;tement contre les in&eacute;galit&eacute;s femmes-hommes sur le terrain.<\/span><\/p>\n<p><span style=\"font-weight: 400\">Mais la France est &agrave; la tra&icirc;ne : elle fait partie des cinq derniers pays du Comit&eacute; d&rsquo;aide au d&eacute;veloppement de l&rsquo;OCDE en mati&egrave;re d&rsquo;APD genre, avec seulement 26% de son aide qui contribue &agrave; l&rsquo;&eacute;galit&eacute; femmes-hommes dans les projets mis en &oelig;uvre. C&rsquo;est loin derri&egrave;re les autres pays porteurs d&rsquo;une diplomatie f&eacute;ministe : la Su&egrave;de et le Canada par exemple ont quant &agrave; eux d&eacute;j&agrave; d&eacute;pass&eacute; les 85%.<\/span><\/p>\n<p><span style=\"font-weight: 400\">Apr&egrave;s un plaidoyer intense des ONG, les <\/span><span style=\"font-weight: 400\">d&eacute;put&eacute;<\/span><span style=\"font-weight: 400\">&middot;e&middot;s ont finalement vot&eacute; pour un double objectif : 75% de l&rsquo;aide fran&ccedil;aise contribuera &agrave; l&rsquo;&eacute;galit&eacute; femmes-hommes, et 20% en fera sa priorit&eacute;. Un objectif de 85% aurait &eacute;t&eacute; plus adapt&eacute;, mais c&rsquo;est d&eacute;j&agrave; une immense victoire pour les femmes et les filles. La France a enfin assorti ses ambitions de diplomatie f&eacute;ministe d&rsquo;un objectif concret, qu&rsquo;il s&rsquo;agit d&eacute;sormais d&rsquo;atteindre d&egrave;s que possible.&nbsp;<\/span><\/p>\n<p><img decoding=\"async\" loading=\"lazy\" class=\"aligncenter size-large wp-image-153913\" src=\"https:\/\/cdn.one.org\/fr\/wp-content\/uploads\/2021\/02\/16111039\/APD-genre-640x365.png\" alt=\"\" width=\"593\" height=\"339\"><\/p>\n<p>&nbsp;<\/p>\n<h3><b>Enfin plus de transparence&nbsp;<\/b><\/h3>\n<p><span style=\"font-weight: 400\">Un autre chantier o&ugrave; l&rsquo;Assembl&eacute;e nationale a pu faire la diff&eacute;rence : la transparence de l&rsquo;APD fran&ccedil;aise, qui manque depuis longtemps de lisibilit&eacute; et de clart&eacute;. La loi pr&eacute;voit d&rsquo;y rem&eacute;dier : chaque ann&eacute;e, le Gouvernement devra transmettre au Parlement un rapport sur l&rsquo;&eacute;volution de l&rsquo;APD. Les d&eacute;put&eacute;s ont voulu pr&eacute;ciser le contenu de ce rapport, qui devra indiquer combien d&rsquo;aide a &eacute;t&eacute; allou&eacute;e aux secteurs et aux pays prioritaires de la France, pour s&rsquo;assurer que ces priorit&eacute;s se concr&eacute;tisent dans les faits et que l&rsquo;aide va dans la bonne direction. Plus de transparence a &eacute;galement &eacute;t&eacute; obtenue &agrave; propos de la r&eacute;partition entre les pr&ecirc;ts et les dons de l&rsquo;aide, ainsi que sur les all&egrave;gements de dette futurs accord&eacute;s par le Gouvernement aux pays en d&eacute;veloppement.<\/span><\/p>\n<h3><b>La bataille n&rsquo;est pas finie&nbsp;<\/b><\/h3>\n<p><span style=\"font-weight: 400\">Ces victoires font ind&eacute;niablement progresser l&rsquo;aide fran&ccedil;aise pour qu&rsquo;elle soit plus ambitieuse, plus f&eacute;ministe et plus transparente. C&rsquo;est le r&eacute;sultat du travail de <\/span><span style=\"font-weight: 400\">d&eacute;put&eacute;<\/span><span style=\"font-weight: 400\">&middot;e&middot;s, mais aussi d&rsquo;une mobilisation in&eacute;dite de la soci&eacute;t&eacute; civile, des ONG de terrain et de plaidoyer, des activistes qui se battent depuis des ann&eacute;es pour renforcer la solidarit&eacute; internationale. <\/span><b>Chez ONE, nous menons campagne en ce sens depuis 2017 avec nos b&eacute;n&eacute;voles, les jeunes Ambassadeurs et Ambassadrices de ONE, dont l&rsquo;activisme a port&eacute; ses fruits.<\/b><span style=\"font-weight: 400\">&nbsp;&nbsp;&nbsp;<\/span><\/p>\n<p><span style=\"font-weight: 400\">La loi n&rsquo;a pas encore &eacute;t&eacute; adopt&eacute;e d&eacute;finitivement : il faut encore qu&rsquo;elle soit discut&eacute;e par le S&eacute;nat et &agrave; nouveau par l&rsquo;Assembl&eacute;e. Elle marque de vraies avanc&eacute;es pour l&rsquo;APD, mais qui pourrait encore gagner en efficacit&eacute;. Encore aujourd&rsquo;hui, l&rsquo;aide fran&ccedil;aise souffre d&rsquo;une forte dispersion en termes de secteurs et de pays vis&eacute;s. Seulement 25% de l&rsquo;APD va vers les services sociaux de base que sont la sant&eacute;, l&rsquo;&eacute;ducation, l&rsquo;eau, l&rsquo;assainissement et l&rsquo;hygi&egrave;ne et les syst&egrave;mes de protection sociale : un ciblage bien insuffisant quand on sait que l&rsquo;acc&egrave;s &agrave; ces services est un frein puissant pour r&eacute;duire la pauvret&eacute;, mais encore min&eacute; par des in&eacute;galit&eacute;s. M&ecirc;me constat pour le ciblage g&eacute;ographique de l&rsquo;aide : seulement 15% est affect&eacute;e vers les &ldquo;pays prioritaires&rdquo; de la France, 19 pays parmi les plus pauvres du monde qui sont cens&eacute;s concentrer les efforts de l&rsquo;aide &ndash; ce qui est loin d&rsquo;&ecirc;tre le cas pour le moment.&nbsp;<\/span><\/p>\n<p><span style=\"font-weight: 400\">La suite des discussions sera l&rsquo;occasion de porter ces cibles dans la loi et donner &agrave; la France les outils de solidarit&eacute; internationale pour &ecirc;tre &agrave; la hauteur des d&eacute;fis d&rsquo;aujourd&rsquo;hui.<\/span><\/p>\n<p><em>Photo : <a href=\"https:\/\/www2.assemblee-nationale.fr\/informations-pratiques\/assister-a-une-seance-publique\">Assembl&eacute;e nationale<\/a><\/em><\/p>\n<div class=\"buffer\"><\/div>","protected":false},"excerpt":{"rendered":"<p>Une loi essentielle pour l&rsquo;avenir de l&rsquo;aide au d&eacute;veloppement La semaine derni&egrave;re, les d&eacute;put&eacute;&middot;e&middot;s ont d&eacute;battu de l&rsquo;avenir de l&rsquo;aide publique au d&eacute;veloppement (APD) fran&ccedil;aise, c&rsquo;est-&agrave;-dire l&rsquo;aide qu&rsquo;elle verse aux pays en d&eacute;veloppement pour lutter contre de grands d&eacute;fis comme l&rsquo;extr&ecirc;me pauvret&eacute;, la famine, les in&eacute;galit&eacute;s femmes-hommes ou encore les cons&eacute;quences du d&eacute;r&egrave;glement climatique.&nbsp; C&rsquo;&eacute;tait [&hellip;]<\/p>\n","protected":false},"author":0,"featured_media":163137,"comment_status":"open","ping_status":"open","sticky":false,"template":"","format":"standard","meta":{"_acf_changed":false,"_relevanssi_hide_post":"","_relevanssi_hide_content":"","_relevanssi_pin_for_all":"","_relevanssi_pin_keywords":"","_relevanssi_unpin_keywords":"","_relevanssi_related_keywords":"","_relevanssi_related_include_ids":"","_relevanssi_related_exclude_ids":"","_relevanssi_related_no_append":"","_relevanssi_related_not_related":"","_relevanssi_related_posts":"","_relevanssi_noindex_reason":"","footnotes":""},"categories":[1],"tags":[],"topic":[41],"contributor":[59],"one_content_audience":[],"one_content_type":[],"one_content_tone":[],"class_list":["post-162468","post","type-post","status-publish","format-standard","has-post-thumbnail","hentry","category-uncategorized","topic-aide-au-developpement","contributor-mathilde-casper"],"acf":[],"yoast_head":"<!-- This site is optimized with the Yoast SEO Premium plugin v27.1 (Yoast SEO v27.1.1) - https:\/\/yoast.com\/product\/yoast-seo-premium-wordpress\/ -->\n<title>La France r\u00e9forme son aide au d\u00e9veloppement : 4 grandes victoires \u00e0 c\u00e9l\u00e9brer ! - ONE.org France<\/title>\n<meta name=\"description\" content=\"La semaine derni\u00e8re, les d\u00e9put\u00e9\u00b7e\u00b7s ont d\u00e9battu de l\u2019avenir de l\u2019aide publique au d\u00e9veloppement de la France. Retour sur les r\u00e9formes.\" \/>\n<meta name=\"robots\" content=\"index, follow, max-snippet:-1, max-image-preview:large, max-video-preview:-1\" \/>\n<link rel=\"canonical\" href=\"https:\/\/www.one.org\/fr\/actualites\/la-france-reforme-son-aide-au-developpement-4-grandes-victoires-a-celebrer\/\" \/>\n<meta property=\"og:locale\" content=\"fr_FR\" \/>\n<meta property=\"og:type\" content=\"article\" \/>\n<meta property=\"og:title\" content=\"La France r\u00e9forme son aide au d\u00e9veloppement : 4 grandes victoires \u00e0 c\u00e9l\u00e9brer !\" \/>\n<meta property=\"og:description\" content=\"La semaine derni\u00e8re, les d\u00e9put\u00e9\u00b7e\u00b7s ont d\u00e9battu de l\u2019avenir de l\u2019aide publique au d\u00e9veloppement de la France. Retour sur les r\u00e9formes.\" \/>\n<meta property=\"og:url\" content=\"https:\/\/www.one.org\/fr\/actualites\/la-france-reforme-son-aide-au-developpement-4-grandes-victoires-a-celebrer\/\" \/>\n<meta property=\"og:site_name\" content=\"ONE.org France\" \/>\n<meta property=\"article:publisher\" content=\"https:\/\/www.facebook.com\/ONE.Fr\" \/>\n<meta property=\"article:published_time\" content=\"2021-02-25T18:08:18+00:00\" \/>\n<meta property=\"article:modified_time\" content=\"2024-04-23T12:35:51+00:00\" \/>\n<meta property=\"og:image\" content=\"https:\/\/www.one.org\/fr\/wp-content\/uploads\/sites\/4\/2021\/02\/Development_Bill_2021_featured_1200x1200.png\" \/>\n\t<meta property=\"og:image:width\" content=\"1200\" \/>\n\t<meta property=\"og:image:height\" content=\"1200\" \/>\n\t<meta property=\"og:image:type\" content=\"image\/png\" \/>\n<meta name=\"twitter:card\" content=\"summary_large_image\" \/>\n<meta name=\"twitter:creator\" content=\"@one_fr\" \/>\n<meta name=\"twitter:site\" content=\"@one_fr\" \/>\n<meta name=\"twitter:label1\" content=\"Est. reading time\" \/>\n\t<meta name=\"twitter:data1\" content=\"9 minutes\" \/>\n<script type=\"application\/ld+json\" class=\"yoast-schema-graph\">{\"@context\":\"https:\/\/schema.org\",\"@graph\":[{\"@type\":\"Article\",\"@id\":\"https:\/\/www.one.org\/fr\/actualites\/la-france-reforme-son-aide-au-developpement-4-grandes-victoires-a-celebrer\/#article\",\"isPartOf\":{\"@id\":\"https:\/\/www.one.org\/fr\/actualites\/la-france-reforme-son-aide-au-developpement-4-grandes-victoires-a-celebrer\/\"},\"author\":{\"name\":\"\",\"@id\":\"\"},\"headline\":\"La France r\u00e9forme son aide au d\u00e9veloppement : 4 grandes victoires \u00e0 c\u00e9l\u00e9brer !\",\"datePublished\":\"2021-02-25T18:08:18+00:00\",\"dateModified\":\"2024-04-23T12:35:51+00:00\",\"mainEntityOfPage\":{\"@id\":\"https:\/\/www.one.org\/fr\/actualites\/la-france-reforme-son-aide-au-developpement-4-grandes-victoires-a-celebrer\/\"},\"wordCount\":1862,\"commentCount\":0,\"image\":{\"@id\":\"https:\/\/www.one.org\/fr\/actualites\/la-france-reforme-son-aide-au-developpement-4-grandes-victoires-a-celebrer\/#primaryimage\"},\"thumbnailUrl\":\"https:\/\/www.one.org\/fr\/wp-content\/uploads\/sites\/4\/2021\/02\/Development_Bill_2021_featured_1200x1200.png\",\"inLanguage\":\"fr-FR\",\"potentialAction\":[{\"@type\":\"CommentAction\",\"name\":\"Comment\",\"target\":[\"https:\/\/www.one.org\/fr\/actualites\/la-france-reforme-son-aide-au-developpement-4-grandes-victoires-a-celebrer\/#respond\"]}]},{\"@type\":\"WebPage\",\"@id\":\"https:\/\/www.one.org\/fr\/actualites\/la-france-reforme-son-aide-au-developpement-4-grandes-victoires-a-celebrer\/\",\"url\":\"https:\/\/www.one.org\/fr\/actualites\/la-france-reforme-son-aide-au-developpement-4-grandes-victoires-a-celebrer\/\",\"name\":\"La France r\u00e9forme son aide au d\u00e9veloppement : 4 grandes victoires \u00e0 c\u00e9l\u00e9brer ! - ONE.org France\",\"isPartOf\":{\"@id\":\"https:\/\/www.one.org\/fr\/#website\"},\"primaryImageOfPage\":{\"@id\":\"https:\/\/www.one.org\/fr\/actualites\/la-france-reforme-son-aide-au-developpement-4-grandes-victoires-a-celebrer\/#primaryimage\"},\"image\":{\"@id\":\"https:\/\/www.one.org\/fr\/actualites\/la-france-reforme-son-aide-au-developpement-4-grandes-victoires-a-celebrer\/#primaryimage\"},\"thumbnailUrl\":\"https:\/\/www.one.org\/fr\/wp-content\/uploads\/sites\/4\/2021\/02\/Development_Bill_2021_featured_1200x1200.png\",\"datePublished\":\"2021-02-25T18:08:18+00:00\",\"dateModified\":\"2024-04-23T12:35:51+00:00\",\"author\":{\"@id\":\"\"},\"description\":\"La semaine derni\u00e8re, les d\u00e9put\u00e9\u00b7e\u00b7s ont d\u00e9battu de l\u2019avenir de l\u2019aide publique au d\u00e9veloppement de la France. Retour sur les r\u00e9formes.\",\"breadcrumb\":{\"@id\":\"https:\/\/www.one.org\/fr\/actualites\/la-france-reforme-son-aide-au-developpement-4-grandes-victoires-a-celebrer\/#breadcrumb\"},\"inLanguage\":\"fr-FR\",\"potentialAction\":[{\"@type\":\"ReadAction\",\"target\":[\"https:\/\/www.one.org\/fr\/actualites\/la-france-reforme-son-aide-au-developpement-4-grandes-victoires-a-celebrer\/\"]}]},{\"@type\":\"ImageObject\",\"inLanguage\":\"fr-FR\",\"@id\":\"https:\/\/www.one.org\/fr\/actualites\/la-france-reforme-son-aide-au-developpement-4-grandes-victoires-a-celebrer\/#primaryimage\",\"url\":\"https:\/\/www.one.org\/fr\/wp-content\/uploads\/sites\/4\/2021\/02\/Development_Bill_2021_featured_1200x1200.png\",\"contentUrl\":\"https:\/\/www.one.org\/fr\/wp-content\/uploads\/sites\/4\/2021\/02\/Development_Bill_2021_featured_1200x1200.png\",\"width\":1200,\"height\":1200},{\"@type\":\"BreadcrumbList\",\"@id\":\"https:\/\/www.one.org\/fr\/actualites\/la-france-reforme-son-aide-au-developpement-4-grandes-victoires-a-celebrer\/#breadcrumb\",\"itemListElement\":[{\"@type\":\"ListItem\",\"position\":1,\"name\":\"Home\",\"item\":\"https:\/\/www.one.org\/fr\/\"},{\"@type\":\"ListItem\",\"position\":2,\"name\":\"La France r\u00e9forme son aide au d\u00e9veloppement : 4 grandes victoires \u00e0 c\u00e9l\u00e9brer !\"}]},{\"@type\":\"WebSite\",\"@id\":\"https:\/\/www.one.org\/fr\/#website\",\"url\":\"https:\/\/www.one.org\/fr\/\",\"name\":\"ONE.org\",\"description\":\"Cr\u00e9er des opportunit\u00e9s \u00e9conomiques et am\u00e9liorer la sant\u00e9 en Afrique\",\"potentialAction\":[{\"@type\":\"SearchAction\",\"target\":{\"@type\":\"EntryPoint\",\"urlTemplate\":\"https:\/\/www.one.org\/fr\/?s={search_term_string}\"},\"query-input\":{\"@type\":\"PropertyValueSpecification\",\"valueRequired\":true,\"valueName\":\"search_term_string\"}}],\"inLanguage\":\"fr-FR\"}]}<\/script>\n<!-- \/ Yoast SEO Premium plugin. -->","yoast_head_json":{"title":"La France r\u00e9forme son aide au d\u00e9veloppement : 4 grandes victoires \u00e0 c\u00e9l\u00e9brer ! - ONE.org France","description":"La semaine derni\u00e8re, les d\u00e9put\u00e9\u00b7e\u00b7s ont d\u00e9battu de l\u2019avenir de l\u2019aide publique au d\u00e9veloppement de la France. Retour sur les r\u00e9formes.","robots":{"index":"index","follow":"follow","max-snippet":"max-snippet:-1","max-image-preview":"max-image-preview:large","max-video-preview":"max-video-preview:-1"},"canonical":"https:\/\/www.one.org\/fr\/actualites\/la-france-reforme-son-aide-au-developpement-4-grandes-victoires-a-celebrer\/","og_locale":"fr_FR","og_type":"article","og_title":"La France r\u00e9forme son aide au d\u00e9veloppement : 4 grandes victoires \u00e0 c\u00e9l\u00e9brer !","og_description":"La semaine derni\u00e8re, les d\u00e9put\u00e9\u00b7e\u00b7s ont d\u00e9battu de l\u2019avenir de l\u2019aide publique au d\u00e9veloppement de la France. Retour sur les r\u00e9formes.","og_url":"https:\/\/www.one.org\/fr\/actualites\/la-france-reforme-son-aide-au-developpement-4-grandes-victoires-a-celebrer\/","og_site_name":"ONE.org France","article_publisher":"https:\/\/www.facebook.com\/ONE.Fr","article_published_time":"2021-02-25T18:08:18+00:00","article_modified_time":"2024-04-23T12:35:51+00:00","og_image":[{"width":1200,"height":1200,"url":"https:\/\/www.one.org\/fr\/wp-content\/uploads\/sites\/4\/2021\/02\/Development_Bill_2021_featured_1200x1200.png","type":"image\/png"}],"twitter_card":"summary_large_image","twitter_creator":"@one_fr","twitter_site":"@one_fr","twitter_misc":{"Est. reading time":"9 minutes"},"schema":{"@context":"https:\/\/schema.org","@graph":[{"@type":"Article","@id":"https:\/\/www.one.org\/fr\/actualites\/la-france-reforme-son-aide-au-developpement-4-grandes-victoires-a-celebrer\/#article","isPartOf":{"@id":"https:\/\/www.one.org\/fr\/actualites\/la-france-reforme-son-aide-au-developpement-4-grandes-victoires-a-celebrer\/"},"author":{"name":"","@id":""},"headline":"La France r\u00e9forme son aide au d\u00e9veloppement : 4 grandes victoires \u00e0 c\u00e9l\u00e9brer !","datePublished":"2021-02-25T18:08:18+00:00","dateModified":"2024-04-23T12:35:51+00:00","mainEntityOfPage":{"@id":"https:\/\/www.one.org\/fr\/actualites\/la-france-reforme-son-aide-au-developpement-4-grandes-victoires-a-celebrer\/"},"wordCount":1862,"commentCount":0,"image":{"@id":"https:\/\/www.one.org\/fr\/actualites\/la-france-reforme-son-aide-au-developpement-4-grandes-victoires-a-celebrer\/#primaryimage"},"thumbnailUrl":"https:\/\/www.one.org\/fr\/wp-content\/uploads\/sites\/4\/2021\/02\/Development_Bill_2021_featured_1200x1200.png","inLanguage":"fr-FR","potentialAction":[{"@type":"CommentAction","name":"Comment","target":["https:\/\/www.one.org\/fr\/actualites\/la-france-reforme-son-aide-au-developpement-4-grandes-victoires-a-celebrer\/#respond"]}]},{"@type":"WebPage","@id":"https:\/\/www.one.org\/fr\/actualites\/la-france-reforme-son-aide-au-developpement-4-grandes-victoires-a-celebrer\/","url":"https:\/\/www.one.org\/fr\/actualites\/la-france-reforme-son-aide-au-developpement-4-grandes-victoires-a-celebrer\/","name":"La France r\u00e9forme son aide au d\u00e9veloppement : 4 grandes victoires \u00e0 c\u00e9l\u00e9brer ! - ONE.org France","isPartOf":{"@id":"https:\/\/www.one.org\/fr\/#website"},"primaryImageOfPage":{"@id":"https:\/\/www.one.org\/fr\/actualites\/la-france-reforme-son-aide-au-developpement-4-grandes-victoires-a-celebrer\/#primaryimage"},"image":{"@id":"https:\/\/www.one.org\/fr\/actualites\/la-france-reforme-son-aide-au-developpement-4-grandes-victoires-a-celebrer\/#primaryimage"},"thumbnailUrl":"https:\/\/www.one.org\/fr\/wp-content\/uploads\/sites\/4\/2021\/02\/Development_Bill_2021_featured_1200x1200.png","datePublished":"2021-02-25T18:08:18+00:00","dateModified":"2024-04-23T12:35:51+00:00","author":{"@id":""},"description":"La semaine derni\u00e8re, les d\u00e9put\u00e9\u00b7e\u00b7s ont d\u00e9battu de l\u2019avenir de l\u2019aide publique au d\u00e9veloppement de la France. Retour sur les r\u00e9formes.","breadcrumb":{"@id":"https:\/\/www.one.org\/fr\/actualites\/la-france-reforme-son-aide-au-developpement-4-grandes-victoires-a-celebrer\/#breadcrumb"},"inLanguage":"fr-FR","potentialAction":[{"@type":"ReadAction","target":["https:\/\/www.one.org\/fr\/actualites\/la-france-reforme-son-aide-au-developpement-4-grandes-victoires-a-celebrer\/"]}]},{"@type":"ImageObject","inLanguage":"fr-FR","@id":"https:\/\/www.one.org\/fr\/actualites\/la-france-reforme-son-aide-au-developpement-4-grandes-victoires-a-celebrer\/#primaryimage","url":"https:\/\/www.one.org\/fr\/wp-content\/uploads\/sites\/4\/2021\/02\/Development_Bill_2021_featured_1200x1200.png","contentUrl":"https:\/\/www.one.org\/fr\/wp-content\/uploads\/sites\/4\/2021\/02\/Development_Bill_2021_featured_1200x1200.png","width":1200,"height":1200},{"@type":"BreadcrumbList","@id":"https:\/\/www.one.org\/fr\/actualites\/la-france-reforme-son-aide-au-developpement-4-grandes-victoires-a-celebrer\/#breadcrumb","itemListElement":[{"@type":"ListItem","position":1,"name":"Home","item":"https:\/\/www.one.org\/fr\/"},{"@type":"ListItem","position":2,"name":"La France r\u00e9forme son aide au d\u00e9veloppement : 4 grandes victoires \u00e0 c\u00e9l\u00e9brer !"}]},{"@type":"WebSite","@id":"https:\/\/www.one.org\/fr\/#website","url":"https:\/\/www.one.org\/fr\/","name":"ONE.org","description":"Cr\u00e9er des opportunit\u00e9s \u00e9conomiques et am\u00e9liorer la sant\u00e9 en Afrique","potentialAction":[{"@type":"SearchAction","target":{"@type":"EntryPoint","urlTemplate":"https:\/\/www.one.org\/fr\/?s={search_term_string}"},"query-input":{"@type":"PropertyValueSpecification","valueRequired":true,"valueName":"search_term_string"}}],"inLanguage":"fr-FR"}]}},"distributor_meta":false,"distributor_terms":false,"distributor_media":false,"distributor_original_site_name":"ONE.org France","distributor_original_site_url":"https:\/\/www.one.org\/fr","push-errors":false,"_links":{"self":[{"href":"https:\/\/www.one.org\/fr\/wp-json\/wp\/v2\/posts\/162468","targetHints":{"allow":["GET"]}}],"collection":[{"href":"https:\/\/www.one.org\/fr\/wp-json\/wp\/v2\/posts"}],"about":[{"href":"https:\/\/www.one.org\/fr\/wp-json\/wp\/v2\/types\/post"}],"replies":[{"embeddable":true,"href":"https:\/\/www.one.org\/fr\/wp-json\/wp\/v2\/comments?post=162468"}],"version-history":[{"count":0,"href":"https:\/\/www.one.org\/fr\/wp-json\/wp\/v2\/posts\/162468\/revisions"}],"wp:featuredmedia":[{"embeddable":true,"href":"https:\/\/www.one.org\/fr\/wp-json\/wp\/v2\/media\/163137"}],"wp:attachment":[{"href":"https:\/\/www.one.org\/fr\/wp-json\/wp\/v2\/media?parent=162468"}],"wp:term":[{"taxonomy":"category","embeddable":true,"href":"https:\/\/www.one.org\/fr\/wp-json\/wp\/v2\/categories?post=162468"},{"taxonomy":"post_tag","embeddable":true,"href":"https:\/\/www.one.org\/fr\/wp-json\/wp\/v2\/tags?post=162468"},{"taxonomy":"topic","embeddable":true,"href":"https:\/\/www.one.org\/fr\/wp-json\/wp\/v2\/topic?post=162468"},{"taxonomy":"contributor","embeddable":true,"href":"https:\/\/www.one.org\/fr\/wp-json\/wp\/v2\/contributor?post=162468"},{"taxonomy":"one_content_audience","embeddable":true,"href":"https:\/\/www.one.org\/fr\/wp-json\/wp\/v2\/one_content_audience?post=162468"},{"taxonomy":"one_content_type","embeddable":true,"href":"https:\/\/www.one.org\/fr\/wp-json\/wp\/v2\/one_content_type?post=162468"},{"taxonomy":"one_content_tone","embeddable":true,"href":"https:\/\/www.one.org\/fr\/wp-json\/wp\/v2\/one_content_tone?post=162468"}],"curies":[{"name":"wp","href":"https:\/\/api.w.org\/{rel}","templated":true}]}}