{"id":162467,"date":"2021-02-25T08:59:05","date_gmt":"2021-02-25T08:59:05","guid":{"rendered":"https:\/\/www.one.org\/fr\/rencontrez-lequipe-de-one-dana-khalil\/"},"modified":"2024-04-23T12:35:53","modified_gmt":"2024-04-23T12:35:53","slug":"rencontrez-lequipe-de-one-dana-khalil","status":"publish","type":"post","link":"https:\/\/www.one.org\/fr\/actualites\/rencontrez-lequipe-de-one-dana-khalil\/","title":{"rendered":"Rencontrez l\u2019\u00e9quipe de ONE : Dana Khalil"},"content":{"rendered":"<p>Chaque mois, retrouvez une interview exclusive d&rsquo;un membre de notre &eacute;quipe. Cela est l&rsquo;occasion pour nous de vous pr&eacute;senter celles et ceux qui oeuvrent au quotidien, dans les coulisses, pour d&eacute;fendre nos valeurs et faire avancer nos campagnes. Ce mois-ci, nous sommes ravis de vous pr&eacute;senter&nbsp;<strong>Dana Khalil, Assistante en campagnes au sein du bureau fran&ccedil;ais de ONE.<\/strong><\/p>\n<p><strong>Quand et comment as-tu rejoint ONE ?<\/strong><\/p>\n<p><span style=\"font-weight: 400\">J&rsquo;ai rejoint ONE en janvier 2020 en tant que stagiaire dans l&rsquo;&eacute;quipe campagnes de ONE France. &Agrave; la fin de mon stage, j&rsquo;ai officiellement rejoint l&rsquo;organisation en tant qu&rsquo;assistante en campagnes et mobilisation citoyenne.<\/span><\/p>\n<p><strong>Et aujourd&rsquo;hui, que fais-tu ? Quel est ton poste chez ONE ?<\/strong><\/p>\n<p><span style=\"font-weight: 400\">En tant qu&rsquo;assistante en campagnes et mobilisation citoyenne, j&rsquo;ai 3 missions principales :<\/span><\/p>\n<ul>\n<li style=\"font-weight: 400\"><span style=\"font-weight: 400\">Je travaille en &eacute;troite collaboration avec la charg&eacute;e de campagnes dans l&rsquo;&eacute;laboration et la mise en &oelig;uvre des campagnes de mobilisation citoyenne de ONE &agrave; l&rsquo;&eacute;chelle de la France.<\/span><\/li>\n<li style=\"font-weight: 400\"><span style=\"font-weight: 400\">J&rsquo;encadre et coordonne nos b&eacute;n&eacute;voles fran&ccedil;ais, mieux connu&middot;e&middot;s sous le nom des jeunes Ambassadeurs et Ambassadrices de ONE.<\/span><\/li>\n<li style=\"font-weight: 400\"><span style=\"font-weight: 400\">J&rsquo;anime les r&eacute;seaux sociaux de ONE France (Facebook et Twitter).<\/span><\/li>\n<\/ul>\n<p><strong>Que pr&eacute;f&egrave;res-tu chez ONE ?<\/strong><\/p>\n<p><span style=\"font-weight: 400\">Ce que je pr&eacute;f&egrave;re chez ONE, c&rsquo;est la bienveillance qui r&egrave;gne au sein de l&rsquo;organisation et entre les employ&eacute;s. Par notre mission, nous sommes toutes et tous profond&eacute;ment anim&eacute;&middot;e&middot;s par cette m&ecirc;me envie de faire bouger concr&egrave;tement les lignes et d&rsquo;avoir un r&eacute;el impact sur des sujets de justice sociale et d&rsquo;&eacute;galit&eacute;. Nous apprenons et nous nous soutenons les uns les autres. Finalement, on est comme une grande famille !<\/span><\/p>\n<p><strong>Quel est ton meilleur souvenir chez ONE ?<\/strong><\/p>\n<p><span style=\"font-weight: 400\">Mon meilleur souvenir date de mars 2020 lorsque nous avons organis&eacute; l&rsquo;&eacute;v&eacute;nement de lancement de la 7<\/span><span style=\"font-weight: 400\">&egrave;me<\/span><span style=\"font-weight: 400\"> &eacute;dition de notre programme de b&eacute;n&eacute;volat. Sans que nous le sachions, cet &eacute;v&eacute;nement aura &eacute;t&eacute; le dernier &eacute;v&eacute;nement organis&eacute; en pr&eacute;sentiel et la seule et unique fois o&ugrave; nous avons pu r&eacute;unir nos 50 jeunes Ambassadeurs et Ambassadrices. Pendant deux jours, nous avons pu les former et profiter de moments conviviaux ensemble !<\/span><\/p>\n<p><strong>Que pr&eacute;f&egrave;res-tu dans ton m&eacute;tier ?<\/strong><\/p>\n<p><span style=\"font-weight: 400\">Ce que je pr&eacute;f&egrave;re, c&rsquo;est bien &eacute;videmment tout le travail que nous r&eacute;alisons avec nos jeunes Ambassadeurs et Ambassadrices. C&rsquo;est vraiment inspirant de voir autant de jeunes s&rsquo;engager et s&rsquo;investir pleinement dans la lutte contre l&rsquo;extr&ecirc;me pauvret&eacute; &ndash; de quoi nous redonner de l&rsquo;optimisme et de l&rsquo;espoir en ces temps difficiles. Et justement, demain nous lan&ccedil;ons l&rsquo;&eacute;dition 2021 de notre programme ! M&ecirc;me si nous les verrons seulement &agrave; travers notre &eacute;cran, ce sera tout de m&ecirc;me un beau moment de partage avec nos b&eacute;n&eacute;voles.<\/span><\/p>\n<p><strong>Un message pour nos soutiens ?<\/strong><\/p>\n<p><span style=\"font-weight: 400\">Votre voix compte. Nos campagnes n&rsquo;ont d&rsquo;impact que gr&acirc;ce &agrave; votre mobilisation &agrave; nos c&ocirc;t&eacute;s. Il est parfois difficile de se sentir utile &agrave; son &eacute;chelle mais en signant une p&eacute;tition, en partageant un tweet, en envoyant un mail &agrave; vos &eacute;lu&middot;e&middot;s, vous avez plus d&rsquo;impact que vous ne le pensez. Alors merci &agrave; vous pour votre soutien, le monde a besoin de personnes comme vous ! C&rsquo;est en unissant nos forces que nous parviendrons &agrave; b&acirc;tir un monde plus juste et solidaire, pour toutes et tous.&nbsp;<\/span><\/p>\n<div class=\"buffer\"><\/div>","protected":false},"excerpt":{"rendered":"<p>Chaque mois, retrouvez une interview exclusive d&rsquo;un membre de notre &eacute;quipe. Cela est l&rsquo;occasion pour nous de vous pr&eacute;senter celles et ceux qui oeuvrent au quotidien, dans les coulisses, pour d&eacute;fendre nos valeurs et faire avancer nos campagnes. Ce mois-ci, nous sommes ravis de vous pr&eacute;senter&nbsp;Dana Khalil, Assistante en campagnes au sein du bureau fran&ccedil;ais [&hellip;]<\/p>\n","protected":false},"author":0,"featured_media":163139,"comment_status":"open","ping_status":"open","sticky":false,"template":"","format":"standard","meta":{"_acf_changed":false,"_relevanssi_hide_post":"","_relevanssi_hide_content":"","_relevanssi_pin_for_all":"","_relevanssi_pin_keywords":"","_relevanssi_unpin_keywords":"","_relevanssi_related_keywords":"","_relevanssi_related_include_ids":"","_relevanssi_related_exclude_ids":"","_relevanssi_related_no_append":"","_relevanssi_related_not_related":"","_relevanssi_related_posts":"","_relevanssi_noindex_reason":"","footnotes":""},"categories":[34],"tags":[],"topic":[47],"contributor":[33],"one_content_audience":[],"one_content_type":[],"one_content_tone":[],"class_list":["post-162467","post","type-post","status-publish","format-standard","has-post-thumbnail","hentry","category-one","topic-que-font-nos-membres","contributor-one-france"],"acf":[],"yoast_head":"<!-- This site is optimized with the Yoast SEO Premium plugin v27.1 (Yoast SEO v27.1.1) - https:\/\/yoast.com\/product\/yoast-seo-premium-wordpress\/ -->\n<title>Rencontrez l\u2019\u00e9quipe de ONE : Dana Khalil - ONE.org France<\/title>\n<meta name=\"description\" content=\"Ce mois-ci, retrouvez l&#039;interview de Dana Khalil, Assistante en campagnes au sein du bureau fran\u00e7ais de ONE.\" \/>\n<meta name=\"robots\" content=\"index, follow, max-snippet:-1, max-image-preview:large, max-video-preview:-1\" \/>\n<link rel=\"canonical\" href=\"https:\/\/www.one.org\/fr\/actualites\/rencontrez-lequipe-de-one-dana-khalil\/\" \/>\n<meta property=\"og:locale\" content=\"fr_FR\" \/>\n<meta property=\"og:type\" content=\"article\" \/>\n<meta property=\"og:title\" content=\"Rencontrez l\u2019\u00e9quipe de ONE : Dana Khalil\" \/>\n<meta property=\"og:description\" content=\"Ce mois-ci, retrouvez l&#039;interview de Dana Khalil, Assistante en campagnes au sein du bureau fran\u00e7ais de ONE.\" \/>\n<meta property=\"og:url\" content=\"https:\/\/www.one.org\/fr\/actualites\/rencontrez-lequipe-de-one-dana-khalil\/\" \/>\n<meta property=\"og:site_name\" content=\"ONE.org France\" \/>\n<meta property=\"article:publisher\" content=\"https:\/\/www.facebook.com\/ONE.Fr\" \/>\n<meta property=\"article:published_time\" content=\"2021-02-25T08:59:05+00:00\" \/>\n<meta property=\"article:modified_time\" content=\"2024-04-23T12:35:53+00:00\" \/>\n<meta property=\"og:image\" content=\"https:\/\/www.one.org\/fr\/wp-content\/uploads\/sites\/4\/2021\/02\/French_Newsletter_Header_1200x1200.jpg\" \/>\n\t<meta property=\"og:image:width\" content=\"1200\" \/>\n\t<meta property=\"og:image:height\" content=\"1200\" \/>\n\t<meta property=\"og:image:type\" content=\"image\/jpeg\" \/>\n<meta name=\"twitter:card\" content=\"summary_large_image\" \/>\n<meta name=\"twitter:creator\" content=\"@one_fr\" \/>\n<meta name=\"twitter:site\" content=\"@one_fr\" \/>\n<meta name=\"twitter:label1\" content=\"Est. reading time\" \/>\n\t<meta name=\"twitter:data1\" content=\"3 minutes\" \/>\n<script type=\"application\/ld+json\" class=\"yoast-schema-graph\">{\"@context\":\"https:\/\/schema.org\",\"@graph\":[{\"@type\":\"Article\",\"@id\":\"https:\/\/www.one.org\/fr\/actualites\/rencontrez-lequipe-de-one-dana-khalil\/#article\",\"isPartOf\":{\"@id\":\"https:\/\/www.one.org\/fr\/actualites\/rencontrez-lequipe-de-one-dana-khalil\/\"},\"author\":{\"name\":\"\",\"@id\":\"\"},\"headline\":\"Rencontrez l\u2019\u00e9quipe de ONE : Dana Khalil\",\"datePublished\":\"2021-02-25T08:59:05+00:00\",\"dateModified\":\"2024-04-23T12:35:53+00:00\",\"mainEntityOfPage\":{\"@id\":\"https:\/\/www.one.org\/fr\/actualites\/rencontrez-lequipe-de-one-dana-khalil\/\"},\"wordCount\":695,\"commentCount\":0,\"image\":{\"@id\":\"https:\/\/www.one.org\/fr\/actualites\/rencontrez-lequipe-de-one-dana-khalil\/#primaryimage\"},\"thumbnailUrl\":\"https:\/\/www.one.org\/fr\/wp-content\/uploads\/sites\/4\/2021\/02\/French_Newsletter_Header_1200x1200.jpg\",\"articleSection\":[\"ONE\"],\"inLanguage\":\"fr-FR\",\"potentialAction\":[{\"@type\":\"CommentAction\",\"name\":\"Comment\",\"target\":[\"https:\/\/www.one.org\/fr\/actualites\/rencontrez-lequipe-de-one-dana-khalil\/#respond\"]}]},{\"@type\":\"WebPage\",\"@id\":\"https:\/\/www.one.org\/fr\/actualites\/rencontrez-lequipe-de-one-dana-khalil\/\",\"url\":\"https:\/\/www.one.org\/fr\/actualites\/rencontrez-lequipe-de-one-dana-khalil\/\",\"name\":\"Rencontrez l\u2019\u00e9quipe de ONE : Dana Khalil - ONE.org France\",\"isPartOf\":{\"@id\":\"https:\/\/www.one.org\/fr\/#website\"},\"primaryImageOfPage\":{\"@id\":\"https:\/\/www.one.org\/fr\/actualites\/rencontrez-lequipe-de-one-dana-khalil\/#primaryimage\"},\"image\":{\"@id\":\"https:\/\/www.one.org\/fr\/actualites\/rencontrez-lequipe-de-one-dana-khalil\/#primaryimage\"},\"thumbnailUrl\":\"https:\/\/www.one.org\/fr\/wp-content\/uploads\/sites\/4\/2021\/02\/French_Newsletter_Header_1200x1200.jpg\",\"datePublished\":\"2021-02-25T08:59:05+00:00\",\"dateModified\":\"2024-04-23T12:35:53+00:00\",\"author\":{\"@id\":\"\"},\"description\":\"Ce mois-ci, retrouvez l'interview de Dana Khalil, Assistante en campagnes au sein du bureau fran\u00e7ais de ONE.\",\"breadcrumb\":{\"@id\":\"https:\/\/www.one.org\/fr\/actualites\/rencontrez-lequipe-de-one-dana-khalil\/#breadcrumb\"},\"inLanguage\":\"fr-FR\",\"potentialAction\":[{\"@type\":\"ReadAction\",\"target\":[\"https:\/\/www.one.org\/fr\/actualites\/rencontrez-lequipe-de-one-dana-khalil\/\"]}]},{\"@type\":\"ImageObject\",\"inLanguage\":\"fr-FR\",\"@id\":\"https:\/\/www.one.org\/fr\/actualites\/rencontrez-lequipe-de-one-dana-khalil\/#primaryimage\",\"url\":\"https:\/\/www.one.org\/fr\/wp-content\/uploads\/sites\/4\/2021\/02\/French_Newsletter_Header_1200x1200.jpg\",\"contentUrl\":\"https:\/\/www.one.org\/fr\/wp-content\/uploads\/sites\/4\/2021\/02\/French_Newsletter_Header_1200x1200.jpg\",\"width\":1200,\"height\":1200},{\"@type\":\"BreadcrumbList\",\"@id\":\"https:\/\/www.one.org\/fr\/actualites\/rencontrez-lequipe-de-one-dana-khalil\/#breadcrumb\",\"itemListElement\":[{\"@type\":\"ListItem\",\"position\":1,\"name\":\"Home\",\"item\":\"https:\/\/www.one.org\/fr\/\"},{\"@type\":\"ListItem\",\"position\":2,\"name\":\"Rencontrez l\u2019\u00e9quipe de ONE : Dana Khalil\"}]},{\"@type\":\"WebSite\",\"@id\":\"https:\/\/www.one.org\/fr\/#website\",\"url\":\"https:\/\/www.one.org\/fr\/\",\"name\":\"ONE.org\",\"description\":\"Cr\u00e9er des opportunit\u00e9s \u00e9conomiques et am\u00e9liorer la sant\u00e9 en Afrique\",\"potentialAction\":[{\"@type\":\"SearchAction\",\"target\":{\"@type\":\"EntryPoint\",\"urlTemplate\":\"https:\/\/www.one.org\/fr\/?s={search_term_string}\"},\"query-input\":{\"@type\":\"PropertyValueSpecification\",\"valueRequired\":true,\"valueName\":\"search_term_string\"}}],\"inLanguage\":\"fr-FR\"}]}<\/script>\n<!-- \/ Yoast SEO Premium plugin. -->","yoast_head_json":{"title":"Rencontrez l\u2019\u00e9quipe de ONE : Dana Khalil - ONE.org France","description":"Ce mois-ci, retrouvez l'interview de Dana Khalil, Assistante en campagnes au sein du bureau fran\u00e7ais de ONE.","robots":{"index":"index","follow":"follow","max-snippet":"max-snippet:-1","max-image-preview":"max-image-preview:large","max-video-preview":"max-video-preview:-1"},"canonical":"https:\/\/www.one.org\/fr\/actualites\/rencontrez-lequipe-de-one-dana-khalil\/","og_locale":"fr_FR","og_type":"article","og_title":"Rencontrez l\u2019\u00e9quipe de ONE : Dana Khalil","og_description":"Ce mois-ci, retrouvez l'interview de Dana Khalil, Assistante en campagnes au sein du bureau fran\u00e7ais de ONE.","og_url":"https:\/\/www.one.org\/fr\/actualites\/rencontrez-lequipe-de-one-dana-khalil\/","og_site_name":"ONE.org France","article_publisher":"https:\/\/www.facebook.com\/ONE.Fr","article_published_time":"2021-02-25T08:59:05+00:00","article_modified_time":"2024-04-23T12:35:53+00:00","og_image":[{"width":1200,"height":1200,"url":"https:\/\/www.one.org\/fr\/wp-content\/uploads\/sites\/4\/2021\/02\/French_Newsletter_Header_1200x1200.jpg","type":"image\/jpeg"}],"twitter_card":"summary_large_image","twitter_creator":"@one_fr","twitter_site":"@one_fr","twitter_misc":{"Est. reading time":"3 minutes"},"schema":{"@context":"https:\/\/schema.org","@graph":[{"@type":"Article","@id":"https:\/\/www.one.org\/fr\/actualites\/rencontrez-lequipe-de-one-dana-khalil\/#article","isPartOf":{"@id":"https:\/\/www.one.org\/fr\/actualites\/rencontrez-lequipe-de-one-dana-khalil\/"},"author":{"name":"","@id":""},"headline":"Rencontrez l\u2019\u00e9quipe de ONE : Dana Khalil","datePublished":"2021-02-25T08:59:05+00:00","dateModified":"2024-04-23T12:35:53+00:00","mainEntityOfPage":{"@id":"https:\/\/www.one.org\/fr\/actualites\/rencontrez-lequipe-de-one-dana-khalil\/"},"wordCount":695,"commentCount":0,"image":{"@id":"https:\/\/www.one.org\/fr\/actualites\/rencontrez-lequipe-de-one-dana-khalil\/#primaryimage"},"thumbnailUrl":"https:\/\/www.one.org\/fr\/wp-content\/uploads\/sites\/4\/2021\/02\/French_Newsletter_Header_1200x1200.jpg","articleSection":["ONE"],"inLanguage":"fr-FR","potentialAction":[{"@type":"CommentAction","name":"Comment","target":["https:\/\/www.one.org\/fr\/actualites\/rencontrez-lequipe-de-one-dana-khalil\/#respond"]}]},{"@type":"WebPage","@id":"https:\/\/www.one.org\/fr\/actualites\/rencontrez-lequipe-de-one-dana-khalil\/","url":"https:\/\/www.one.org\/fr\/actualites\/rencontrez-lequipe-de-one-dana-khalil\/","name":"Rencontrez l\u2019\u00e9quipe de ONE : Dana Khalil - ONE.org France","isPartOf":{"@id":"https:\/\/www.one.org\/fr\/#website"},"primaryImageOfPage":{"@id":"https:\/\/www.one.org\/fr\/actualites\/rencontrez-lequipe-de-one-dana-khalil\/#primaryimage"},"image":{"@id":"https:\/\/www.one.org\/fr\/actualites\/rencontrez-lequipe-de-one-dana-khalil\/#primaryimage"},"thumbnailUrl":"https:\/\/www.one.org\/fr\/wp-content\/uploads\/sites\/4\/2021\/02\/French_Newsletter_Header_1200x1200.jpg","datePublished":"2021-02-25T08:59:05+00:00","dateModified":"2024-04-23T12:35:53+00:00","author":{"@id":""},"description":"Ce mois-ci, retrouvez l'interview de Dana Khalil, Assistante en campagnes au sein du bureau fran\u00e7ais de ONE.","breadcrumb":{"@id":"https:\/\/www.one.org\/fr\/actualites\/rencontrez-lequipe-de-one-dana-khalil\/#breadcrumb"},"inLanguage":"fr-FR","potentialAction":[{"@type":"ReadAction","target":["https:\/\/www.one.org\/fr\/actualites\/rencontrez-lequipe-de-one-dana-khalil\/"]}]},{"@type":"ImageObject","inLanguage":"fr-FR","@id":"https:\/\/www.one.org\/fr\/actualites\/rencontrez-lequipe-de-one-dana-khalil\/#primaryimage","url":"https:\/\/www.one.org\/fr\/wp-content\/uploads\/sites\/4\/2021\/02\/French_Newsletter_Header_1200x1200.jpg","contentUrl":"https:\/\/www.one.org\/fr\/wp-content\/uploads\/sites\/4\/2021\/02\/French_Newsletter_Header_1200x1200.jpg","width":1200,"height":1200},{"@type":"BreadcrumbList","@id":"https:\/\/www.one.org\/fr\/actualites\/rencontrez-lequipe-de-one-dana-khalil\/#breadcrumb","itemListElement":[{"@type":"ListItem","position":1,"name":"Home","item":"https:\/\/www.one.org\/fr\/"},{"@type":"ListItem","position":2,"name":"Rencontrez l\u2019\u00e9quipe de ONE : Dana Khalil"}]},{"@type":"WebSite","@id":"https:\/\/www.one.org\/fr\/#website","url":"https:\/\/www.one.org\/fr\/","name":"ONE.org","description":"Cr\u00e9er des opportunit\u00e9s \u00e9conomiques et am\u00e9liorer la sant\u00e9 en Afrique","potentialAction":[{"@type":"SearchAction","target":{"@type":"EntryPoint","urlTemplate":"https:\/\/www.one.org\/fr\/?s={search_term_string}"},"query-input":{"@type":"PropertyValueSpecification","valueRequired":true,"valueName":"search_term_string"}}],"inLanguage":"fr-FR"}]}},"distributor_meta":false,"distributor_terms":false,"distributor_media":false,"distributor_original_site_name":"ONE.org France","distributor_original_site_url":"https:\/\/www.one.org\/fr","push-errors":false,"_links":{"self":[{"href":"https:\/\/www.one.org\/fr\/wp-json\/wp\/v2\/posts\/162467","targetHints":{"allow":["GET"]}}],"collection":[{"href":"https:\/\/www.one.org\/fr\/wp-json\/wp\/v2\/posts"}],"about":[{"href":"https:\/\/www.one.org\/fr\/wp-json\/wp\/v2\/types\/post"}],"replies":[{"embeddable":true,"href":"https:\/\/www.one.org\/fr\/wp-json\/wp\/v2\/comments?post=162467"}],"version-history":[{"count":0,"href":"https:\/\/www.one.org\/fr\/wp-json\/wp\/v2\/posts\/162467\/revisions"}],"wp:featuredmedia":[{"embeddable":true,"href":"https:\/\/www.one.org\/fr\/wp-json\/wp\/v2\/media\/163139"}],"wp:attachment":[{"href":"https:\/\/www.one.org\/fr\/wp-json\/wp\/v2\/media?parent=162467"}],"wp:term":[{"taxonomy":"category","embeddable":true,"href":"https:\/\/www.one.org\/fr\/wp-json\/wp\/v2\/categories?post=162467"},{"taxonomy":"post_tag","embeddable":true,"href":"https:\/\/www.one.org\/fr\/wp-json\/wp\/v2\/tags?post=162467"},{"taxonomy":"topic","embeddable":true,"href":"https:\/\/www.one.org\/fr\/wp-json\/wp\/v2\/topic?post=162467"},{"taxonomy":"contributor","embeddable":true,"href":"https:\/\/www.one.org\/fr\/wp-json\/wp\/v2\/contributor?post=162467"},{"taxonomy":"one_content_audience","embeddable":true,"href":"https:\/\/www.one.org\/fr\/wp-json\/wp\/v2\/one_content_audience?post=162467"},{"taxonomy":"one_content_type","embeddable":true,"href":"https:\/\/www.one.org\/fr\/wp-json\/wp\/v2\/one_content_type?post=162467"},{"taxonomy":"one_content_tone","embeddable":true,"href":"https:\/\/www.one.org\/fr\/wp-json\/wp\/v2\/one_content_tone?post=162467"}],"curies":[{"name":"wp","href":"https:\/\/api.w.org\/{rel}","templated":true}]}}