{"id":162465,"date":"2021-02-16T12:04:41","date_gmt":"2021-02-16T12:04:41","guid":{"rendered":"https:\/\/www.one.org\/fr\/les-4-promesses-non-tenues-demmanuel-macron-en-matiere-de-solidarite-internationale\/"},"modified":"2023-12-08T11:52:29","modified_gmt":"2023-12-08T11:52:29","slug":"4-promesses-solidarite-internationale-macron","status":"publish","type":"post","link":"https:\/\/www.one.org\/fr\/actualites\/4-promesses-solidarite-internationale-macron\/","title":{"rendered":"Les 4 promesses non tenues d&#8217;Emmanuel Macron en mati\u00e8re de solidarit\u00e9 internationale"},"content":{"rendered":"<p><span style=\"font-weight: 400\">Retour sur les discours engag\u00e9s des dirigeants, qui ne se r\u00e9v\u00e8lent pas toujours en accord avec leurs actions concr\u00e8tes. Ces promesses, d\u00e9j\u00e0 cruciales en 2017, devraient aujourd\u2019hui revenir au c\u0153ur de nos politiques face aux effets de la pand\u00e9mie et l\u2019explosion de la pauvret\u00e9 dans le monde : pour la premi\u00e8re fois depuis 1990, l\u2019extr\u00eame pauvret\u00e9 ne va pas reculer mais augmenter, et jusqu\u2019\u00e0 <\/span><a href=\"https:\/\/www.worldbank.org\/en\/news\/press-release\/2020\/10\/07\/covid-19-to-add-as-many-as-150-million-extreme-poor-by-2021\"><span style=\"font-weight: 400\">150 millions de personnes suppl\u00e9mentaires<\/span><\/a><span style=\"font-weight: 400\"> risquent de basculer dans l\u2019extr\u00eame pauvret\u00e9 en 2021.<\/span><\/p>\n<h3><b>1) Le vaccin contre le COVID-19 n\u2019est toujours pas un \u201cbien public mondial\u201d<\/b><\/h3>\n<p><b>La promesse <\/b><span style=\"font-weight: 400\">:\u00a0<\/span><span style=\"font-weight: 400\">Emmanuel Macron s\u2019est engag\u00e9 \u00e0 faire du vaccin contre le COVID-19 un bien public mondial, c\u2019est-\u00e0-dire un vaccin accessible \u00e0 toutes et tous quelque soit l\u2019origine ou le niveau de richesse. Le pr\u00e9sident a d\u00e9clar\u00e9 cette n\u00e9cessit\u00e9 de solidarit\u00e9 internationale dans la strat\u00e9gie vaccinale, dans plusieurs discours publics, ainsi que dans <\/span><a href=\"https:\/\/www.elysee.fr\/emmanuel-macron\/2020\/05\/03\/pour-une-mobilisation-mondiale-contre-le-virus\"><span style=\"font-weight: 400\">une tribune en mai 2020<\/span><\/a><span style=\"font-weight: 400\">, cosign\u00e9e par d\u2019autres dirigeants europ\u00e9ens comme la chanceli\u00e8re allemande Angela Merkel ou la pr\u00e9sidente de la Commission europ\u00e9enne Ursula von der Leyen, qui s\u2019engagent \u00e0 rendre le vaccin \u201cdisponible, accessible et abordable pour tous\u201d. Faire du vaccin un bien public mondial n\u00e9cessite d\u2019une part la mise en commun de ressources, notamment par le financement de l\u2019initiative ACT-A, dispositif in\u00e9dit lanc\u00e9 par l\u2019Organisation mondiale de la sant\u00e9 (OMS) et l\u2019Union europ\u00e9enne. Emmanuel Macron lui-m\u00eame s\u2019est engag\u00e9 \u00e0 y apporter un \u201csoutien plein et entier\u201d. D\u2019autre part, pour que ces vaccins et ces traitements soient largement accessibles, ils doivent pouvoir \u00eatre produits massivement et ne pas \u00eatre sujets aux obstacles cr\u00e9\u00e9s par la propri\u00e9t\u00e9 intellectuelle. Les dirigeants europ\u00e9ens se sont ainsi engag\u00e9s \u00e0 encourager \u201cla libre circulation des donn\u00e9es entre les partenaires et l\u2019octroi volontaire de licences en mati\u00e8re de propri\u00e9t\u00e9 intellectuelle\u201d.<\/span><\/p>\n<p><b>La r\u00e9alit\u00e9 :<\/b><span style=\"font-weight: 400\">\u00a0<\/span><span style=\"font-weight: 400\">Malgr\u00e9 les premi\u00e8res d\u00e9clarations rejetant le \u201dnationalisme vaccinal\u201d, les pays riches tendent \u00e0 s\u2019accaparer les stocks de vaccins disponibles et m\u00eame la sant\u00e9 mondiale ne se soustrait pas \u00e0 la loi du march\u00e9. L\u2019UE dispose aujourd\u2019hui de <\/span><a href=\"https:\/\/www.ouest-france.fr\/sante\/virus\/coronavirus\/covid-19-quels-pays-ont-commande-le-plus-de-vaccins-par-rapport-a-leur-nombre-d-habitants-7076686\"><span style=\"font-weight: 400\">3,5 fois<\/span><\/a><span style=\"font-weight: 400\"> le nombre de vaccins n\u00e9cessaires pour vacciner sa population, le Canada jusqu\u2019\u00e0 <\/span><a href=\"https:\/\/www.ouest-france.fr\/sante\/virus\/coronavirus\/covid-19-quels-pays-ont-commande-le-plus-de-vaccins-par-rapport-a-leur-nombre-d-habitants-7076686\"><span style=\"font-weight: 400\">9 fois<\/span><\/a><span style=\"font-weight: 400\">. <\/span><span style=\"font-weight: 400\">L\u2019accaparement des vaccins par certains pays riches ainsi que les accords bilat\u00e9raux pass\u00e9s avec des entreprises pharmaceutiques montrent une toute autre image que les annonces affich\u00e9es.\u00a0<\/span><\/p>\n<p><span style=\"font-weight: 400\">En mati\u00e8re de contribution financi\u00e8re, la France est loin de fournir un \u201csoutien plein et entier\u201d : elle ne finance ACT-A pour l\u2019instant qu\u2019\u00e0 hauteur de 125 millions d\u2019euros, alors que sa juste part reviendrait \u00e0 1 milliard d\u2019euros. La France a \u00e9galement le pouvoir d\u2019\u0153uvrer au niveau europ\u00e9en pour que la Commission europ\u00e9enne augmente \u00e9galement sa contribution financi\u00e8re. Combler le manque financier d\u2019ACT-A est une opportunit\u00e9 d\u00e9cisive pour l\u2019avenir, qui pourrait g\u00e9n\u00e9rer jusqu\u2019\u00e0 166 fois son investissement, plut\u00f4t qu\u2019en payer un prix lourd sur le long terme.<\/span><\/p>\n<p><span style=\"font-weight: 400\">Pour garantir l\u2019approvisionnement en vaccins d\u2019autres pays, l\u2019UE devrait \u00e9galement soutenir la proposition de d\u00e9rogation aux droits de propri\u00e9t\u00e9 intellectuelle (ADPIC) de l\u2019Inde et de l\u2019Afrique du Sud et veiller \u00e0 ce que les futurs accords d\u2019achat soient conformes aux directives de distribution \u00e9quitable de l\u2019OMS afin de garantir un approvisionnement ad\u00e9quat des autres pays. Autant de conditions pour que le vaccin devienne un v\u00e9ritable bien public mondial et non pas le privil\u00e8ge d\u2019une poign\u00e9e de pays riches.<\/span><\/p>\n<h3><strong>2) Un financement de l\u2019aide publique au d\u00e9veloppement (APD) en mati\u00e8re d\u2019\u00e9ducation, sant\u00e9 et pays prioritaires insuffisant au regard des besoins<\/strong><\/h3>\n<p><b>La promesse <\/b><span style=\"font-weight: 400\">: En ce moment m\u00eame, le Parlement vote une loi sur la politique de d\u00e9veloppement de la France, une promesse (tenue !) d\u2019Emmanuel Macron. Cette loi a notamment pour objectif \u201cl\u2019\u00e9radication de la pauvret\u00e9 dans toutes ses dimensions\u201d. Cette loi doit concr\u00e9tiser <\/span><span style=\"font-weight: 400\">les engagements pris par le gouvernement en 2018<\/span><span style=\"font-weight: 400\">, et notamment celui de financer en priorit\u00e9 la sant\u00e9, l\u2019\u00e9ducation et les pays les plus pauvres.<\/span><\/p>\n<p><b>La r\u00e9alit\u00e9 <\/b><span style=\"font-weight: 400\">: Pour lutter efficacement contre l\u2019extr\u00eame pauvret\u00e9, il est essentiel de cibler notre aide au d\u00e9veloppement vers les secteurs et les pays qui en ont le plus besoin sur le terrain. D\u2019une part, l\u2019aide devrait cibler les services sociaux de base que sont la sant\u00e9, l\u2019\u00e9ducation, l\u2019eau, l\u2019assainissement et l\u2019hygi\u00e8ne, et les syst\u00e8mes de protection sociale. Mais aujourd\u2019hui, seuls 25% de l\u2019aide fran\u00e7aise est dirig\u00e9e vers ces secteurs, seulement 3% va au secteur de l\u2019\u00e9ducation dans les pays pauvres, et seulement 6% \u00e0 la sant\u00e9 ! M\u00eame constat sur le plan g\u00e9ographique : il faudrait cibler davantage les pays les moins avanc\u00e9s (PMA) o\u00f9 se concentrent la majorit\u00e9 des populations vuln\u00e9rables. La France a \u00e9tabli une liste de 19 \u201cpays prioritaires\u201d, mais ces derniers ne re\u00e7oivent que 15% de son aide au total. Or pour l\u2019instant, la loi en passe d\u2019\u00eatre vot\u00e9e ne fixe aucune cible concr\u00e8te et ambitieuse pour les services sociaux et les pays pauvres \u2013 un manquement qui nuit \u00e0 son efficacit\u00e9.<\/span><\/p>\n<h3><strong>3) <\/strong><b>Une politique de d\u00e9veloppement f\u00e9ministe ? Du retard, mais en bonne voie !<\/b><\/h3>\n<p><b>La promesse <\/b><span style=\"font-weight: 400\">: Emmanuel Macron a fait de l\u2019\u00e9galit\u00e9 femmes-hommes la \u201cgrande cause\u201d de son quinquennat. Cette cause conna\u00eet aussi une retranscription sur la sc\u00e8ne internationale : depuis 2019, la France affiche une \u201cdiplomatie f\u00e9ministe\u201d, une \u201cdiplomatie concr\u00e8te qui ne se contente pas de discours\u201d <\/span><a href=\"https:\/\/www.diplomatie.gouv.fr\/fr\/politique-etrangere-de-la-france\/droits-de-l-homme\/actualites-et-evenements-sur-le-theme-des-droits-de-l-homme\/actualites-2019-sur-le-theme-des-droits-de-l-homme\/article\/pour-une-diplomatie-feministe-tribune-conjointe-de-jean-yves-le-drian-et\"><span style=\"font-weight: 400\">d\u2019apr\u00e8s les mots du ministre Jean-Yves Le Drian et de la secr\u00e9taire d\u2019Etat Marl\u00e8ne Schiappa<\/span><\/a><span style=\"font-weight: 400\">.\u00a0\u00a0<\/span><\/p>\n<p><b>La r\u00e9alit\u00e9 :<\/b><span style=\"font-weight: 400\"> Sur le plan de l\u2019aide au d\u00e9veloppement, le risque est justement que cette diplomatie f\u00e9ministe se contente de beaux discours. Seulement 26% de l\u2019aide fran\u00e7aise contribue aujourd\u2019hui \u00e0 l\u2019\u00e9galit\u00e9 femmes-hommes sur le terrain, loin derri\u00e8re les autres pays porteurs d\u2019une diplomatie f\u00e9ministe : le Canada et la Su\u00e8de ont d\u00e9j\u00e0 d\u00e9pass\u00e9 les 85% d\u2019aide \u201cgenr\u00e9e\u201d. Les d\u00e9put\u00e9s ont r\u00e9cemment vot\u00e9 pour l\u2019inscription d\u2019une cible concr\u00e8te de 75% d\u2019aide f\u00e9ministe \u00e0 atteindre d\u2019ici 2025 : c\u2019est une avanc\u00e9e consid\u00e9rable pour les femmes et les filles, et un horizon nouveau pour mettre en oeuvre une aide publique au d\u00e9veloppement f\u00e9ministe. Il faut aller plus loin, avec un objectif de 85% !<\/span><\/p>\n<p><img loading=\"lazy\" decoding=\"async\" class=\"aligncenter size-large wp-image-153913\" src=\"https:\/\/cdn.one.org\/fr\/wp-content\/uploads\/2021\/02\/16111039\/APD-genre-640x365.png\" alt=\"\" width=\"593\" height=\"339\" \/><\/p>\n<h3><strong>4) Encore trop d\u2019inaction face au changement climatique<\/strong><\/h3>\n<p><b>La promesse <\/b><span style=\"font-weight: 400\">:<\/span><span style=\"font-weight: 400\"> \u00ab <\/span><a href=\"https:\/\/www.nouvelobs.com\/presidentielle-2017\/20170507.OBS9070\/emmanuel-macron-5-points-de-son-programme-qui-demeurent-flous.html\"><span style=\"font-weight: 400\">Nous diviserons par deux en France le nombre de jours de pollution atmosph\u00e9rique.<\/span><\/a><span style=\"font-weight: 400\"> \u00bb<\/span><\/p>\n<p><b>La r\u00e9alit\u00e9 :<\/b><span style=\"font-weight: 400\"> Le r\u00e9chauffement climatique pourrait faire basculer, \u00e0 lui seul, <\/span><a href=\"https:\/\/www.banquemondiale.org\/fr\/topic\/poverty\/overview\"><span style=\"font-weight: 400\">130 millions de personnes dans l\u2019extr\u00eame pauvret\u00e9 d\u2019ici \u00e0 2030 avec comme r\u00e9gions les plus concern\u00e9es l\u2019Afrique subsaharienne et l\u2019Asie du Sud<\/span><\/a><span style=\"font-weight: 400\">. Dimanche 7 f\u00e9vrier, Emmanuel Macron s\u2019est f\u00e9licit\u00e9 sur les r\u00e9seaux sociaux et d\u00e9clare : <\/span><span style=\"font-weight: 400\">\u201cLa France a baiss\u00e9 ses \u00e9missions de gaz \u00e0 effet de serre en 2019 de -1,7 %. C\u2019est au-del\u00e0 de notre objectif !\u201d. Or, m\u00eame si la pollution atmosph\u00e9rique a bel et bien baiss\u00e9, cette promesse a \u00e9t\u00e9 r\u00e9duite et donc modifi\u00e9e courant 2020. La justice a d\u2019ailleurs condamn\u00e9 l\u2019\u00c9tat la semaine derni\u00e8re (<\/span><a href=\"https:\/\/www.youtube.com\/watch?v=WTLIYbsnEP8&amp;feature=emb_title\"><span style=\"font-weight: 400\">Affaire du Si\u00e8cle<\/span><\/a><span style=\"font-weight: 400\">) notamment pour le non-respect de ses engagements autour des \u00e9missions de gaz \u00e0 effet de serre, pour ne citer qu\u2019un exemple. La politique de d\u00e9veloppement est d\u2019ailleurs \u00e9troitement li\u00e9e \u00e0 la question de la justice climatique : les pays les plus pauvres sont parmi les premi\u00e8res victimes des d\u00e9r\u00e8glements climatiques alors qu\u2019ils en sont les moins responsables. Selon le <\/span><a href=\"https:\/\/www.oxfamfrance.org\/climat-et-energie\/combattre-les-inegalites-des-emissions-de-co2\/#:~:text=Selon%20le%20dernier%20rapport%20d,de%20ces%20seules%2025%20ann%C3%A9es.\"><span style=\"font-weight: 400\">dernier rapport d\u2019Oxfam<\/span><\/a><span style=\"font-weight: 400\">, les 1% les plus riches sont responsables de deux fois plus d\u2019\u00e9missions de gaz \u00e0 effet de serre que la moiti\u00e9 la plus pauvre de l\u2019humanit\u00e9.<\/span><\/p>\n<p><span style=\"font-weight: 400\">Demain sera vot\u00e9e la future loi sur le d\u00e9veloppement solidaire et la lutte contre les in\u00e9galit\u00e9s mondiales, occasion unique pour les d\u00e9put\u00e9\u00b7e\u00b7s de tout bord politique de renforcer l\u2019ambition du texte et ainsi permettre au gouvernement de tenir ses promesses ! Suivez les conclusions du d\u00e9bat en direct sur <\/span><a href=\"https:\/\/twitter.com\/ONE_Fr\"><span style=\"font-weight: 400\">notre compte twitter @ONE_Fr<\/span><\/a><span style=\"font-weight: 400\"> !<\/span><\/p>\n<p><em>Photo : <a href=\"https:\/\/www.francebleu.fr\/infos\/sante-sciences\/la-france-va-augmenter-sa-contribution-au-fonds-mondial-de-lutte-contre-le-sida-la-tuberculose-et-le-1570700767\">France Bleu<\/a><\/em><\/p>\n<div class=\"buffer\"><\/div>","protected":false},"excerpt":{"rendered":"<p>Retour sur les discours engag\u00e9s des dirigeants, qui ne se r\u00e9v\u00e8lent pas toujours en accord avec leurs actions concr\u00e8tes. Ces promesses, d\u00e9j\u00e0 cruciales en 2017, devraient aujourd\u2019hui revenir au c\u0153ur de nos politiques face aux effets de la pand\u00e9mie et l\u2019explosion de la pauvret\u00e9 dans le monde : pour la premi\u00e8re fois depuis 1990, l\u2019extr\u00eame [&hellip;]<\/p>\n","protected":false},"author":24,"featured_media":163143,"comment_status":"open","ping_status":"open","sticky":false,"template":"","format":"standard","meta":{"_acf_changed":false,"_relevanssi_hide_post":"","_relevanssi_hide_content":"","_relevanssi_pin_for_all":"","_relevanssi_pin_keywords":"","_relevanssi_unpin_keywords":"","_relevanssi_related_keywords":"","_relevanssi_related_include_ids":"","_relevanssi_related_exclude_ids":"","_relevanssi_related_no_append":"","_relevanssi_related_not_related":"","_relevanssi_related_posts":"164801,164384,164396,163756,163706,163644","_relevanssi_noindex_reason":"","footnotes":""},"categories":[34],"tags":[],"topic":[41,38],"contributor":[65,66],"one_content_audience":[],"one_content_type":[],"one_content_tone":[],"class_list":["post-162465","post","type-post","status-publish","format-standard","has-post-thumbnail","hentry","category-one","topic-aide-au-developpement","topic-sante","contributor-alice-solavaggione","contributor-mariana-roudaut"],"acf":[],"yoast_head":"<!-- This site is optimized with the Yoast SEO Premium plugin v27.1 (Yoast SEO v27.1.1) - https:\/\/yoast.com\/product\/yoast-seo-premium-wordpress\/ -->\n<title>Les 4 promesses non tenues d&#039;Emmanuel Macron en mati\u00e8re de solidarit\u00e9 internationale - ONE.org France<\/title>\n<meta name=\"description\" content=\"Face au COVID-19, l&#039;heure n&#039;est plus aux paroles mais aux actes. Emmanuel Macron doit tenir ses promesses en mati\u00e8re de solidarit\u00e9 internationale.\" \/>\n<meta name=\"robots\" content=\"index, follow, max-snippet:-1, max-image-preview:large, max-video-preview:-1\" \/>\n<link rel=\"canonical\" href=\"https:\/\/www.one.org\/fr\/actualites\/4-promesses-solidarite-internationale-macron\/\" \/>\n<meta property=\"og:locale\" content=\"fr_FR\" \/>\n<meta property=\"og:type\" content=\"article\" \/>\n<meta property=\"og:title\" content=\"Les 4 promesses non tenues d&#039;Emmanuel Macron en mati\u00e8re de solidarit\u00e9 internationale\" \/>\n<meta property=\"og:description\" content=\"Face au COVID-19, l&#039;heure n&#039;est plus aux paroles mais aux actes. Emmanuel Macron doit tenir ses promesses en mati\u00e8re de solidarit\u00e9 internationale.\" \/>\n<meta property=\"og:url\" content=\"https:\/\/www.one.org\/fr\/actualites\/4-promesses-solidarite-internationale-macron\/\" \/>\n<meta property=\"og:site_name\" content=\"ONE.org France\" \/>\n<meta property=\"article:publisher\" content=\"https:\/\/www.facebook.com\/ONE.Fr\" \/>\n<meta property=\"article:published_time\" content=\"2021-02-16T12:04:41+00:00\" \/>\n<meta property=\"article:modified_time\" content=\"2023-12-08T11:52:29+00:00\" \/>\n<meta property=\"og:image\" content=\"https:\/\/www.one.org\/fr\/wp-content\/uploads\/sites\/4\/2021\/02\/870x489_000_1la39g.jpg\" \/>\n\t<meta property=\"og:image:width\" content=\"870\" \/>\n\t<meta property=\"og:image:height\" content=\"489\" \/>\n\t<meta property=\"og:image:type\" content=\"image\/jpeg\" \/>\n<meta name=\"author\" content=\"Dana Khalil\" \/>\n<meta name=\"twitter:card\" content=\"summary_large_image\" \/>\n<meta name=\"twitter:creator\" content=\"@one_fr\" \/>\n<meta name=\"twitter:site\" content=\"@one_fr\" \/>\n<meta name=\"twitter:label1\" content=\"Written by\" \/>\n\t<meta name=\"twitter:data1\" content=\"Dana Khalil\" \/>\n\t<meta name=\"twitter:label2\" content=\"Est. reading time\" \/>\n\t<meta name=\"twitter:data2\" content=\"6 minutes\" \/>\n<script type=\"application\/ld+json\" class=\"yoast-schema-graph\">{\"@context\":\"https:\/\/schema.org\",\"@graph\":[{\"@type\":\"Article\",\"@id\":\"https:\/\/www.one.org\/fr\/actualites\/4-promesses-solidarite-internationale-macron\/#article\",\"isPartOf\":{\"@id\":\"https:\/\/www.one.org\/fr\/actualites\/4-promesses-solidarite-internationale-macron\/\"},\"author\":{\"name\":\"Dana Khalil\",\"@id\":\"https:\/\/www.one.org\/fr\/#\/schema\/person\/cf1f30f9800f0592ec3d61940be82003\"},\"headline\":\"Les 4 promesses non tenues d&#8217;Emmanuel Macron en mati\u00e8re de solidarit\u00e9 internationale\",\"datePublished\":\"2021-02-16T12:04:41+00:00\",\"dateModified\":\"2023-12-08T11:52:29+00:00\",\"mainEntityOfPage\":{\"@id\":\"https:\/\/www.one.org\/fr\/actualites\/4-promesses-solidarite-internationale-macron\/\"},\"wordCount\":1403,\"commentCount\":0,\"image\":{\"@id\":\"https:\/\/www.one.org\/fr\/actualites\/4-promesses-solidarite-internationale-macron\/#primaryimage\"},\"thumbnailUrl\":\"https:\/\/www.one.org\/fr\/wp-content\/uploads\/sites\/4\/2021\/02\/870x489_000_1la39g.jpg\",\"articleSection\":[\"ONE\"],\"inLanguage\":\"fr-FR\",\"potentialAction\":[{\"@type\":\"CommentAction\",\"name\":\"Comment\",\"target\":[\"https:\/\/www.one.org\/fr\/actualites\/4-promesses-solidarite-internationale-macron\/#respond\"]}]},{\"@type\":\"WebPage\",\"@id\":\"https:\/\/www.one.org\/fr\/actualites\/4-promesses-solidarite-internationale-macron\/\",\"url\":\"https:\/\/www.one.org\/fr\/actualites\/4-promesses-solidarite-internationale-macron\/\",\"name\":\"Les 4 promesses non tenues d'Emmanuel Macron en mati\u00e8re de solidarit\u00e9 internationale - ONE.org France\",\"isPartOf\":{\"@id\":\"https:\/\/www.one.org\/fr\/#website\"},\"primaryImageOfPage\":{\"@id\":\"https:\/\/www.one.org\/fr\/actualites\/4-promesses-solidarite-internationale-macron\/#primaryimage\"},\"image\":{\"@id\":\"https:\/\/www.one.org\/fr\/actualites\/4-promesses-solidarite-internationale-macron\/#primaryimage\"},\"thumbnailUrl\":\"https:\/\/www.one.org\/fr\/wp-content\/uploads\/sites\/4\/2021\/02\/870x489_000_1la39g.jpg\",\"datePublished\":\"2021-02-16T12:04:41+00:00\",\"dateModified\":\"2023-12-08T11:52:29+00:00\",\"author\":{\"@id\":\"https:\/\/www.one.org\/fr\/#\/schema\/person\/cf1f30f9800f0592ec3d61940be82003\"},\"description\":\"Face au COVID-19, l'heure n'est plus aux paroles mais aux actes. Emmanuel Macron doit tenir ses promesses en mati\u00e8re de solidarit\u00e9 internationale.\",\"breadcrumb\":{\"@id\":\"https:\/\/www.one.org\/fr\/actualites\/4-promesses-solidarite-internationale-macron\/#breadcrumb\"},\"inLanguage\":\"fr-FR\",\"potentialAction\":[{\"@type\":\"ReadAction\",\"target\":[\"https:\/\/www.one.org\/fr\/actualites\/4-promesses-solidarite-internationale-macron\/\"]}]},{\"@type\":\"ImageObject\",\"inLanguage\":\"fr-FR\",\"@id\":\"https:\/\/www.one.org\/fr\/actualites\/4-promesses-solidarite-internationale-macron\/#primaryimage\",\"url\":\"https:\/\/www.one.org\/fr\/wp-content\/uploads\/sites\/4\/2021\/02\/870x489_000_1la39g.jpg\",\"contentUrl\":\"https:\/\/www.one.org\/fr\/wp-content\/uploads\/sites\/4\/2021\/02\/870x489_000_1la39g.jpg\",\"width\":870,\"height\":489},{\"@type\":\"BreadcrumbList\",\"@id\":\"https:\/\/www.one.org\/fr\/actualites\/4-promesses-solidarite-internationale-macron\/#breadcrumb\",\"itemListElement\":[{\"@type\":\"ListItem\",\"position\":1,\"name\":\"Home\",\"item\":\"https:\/\/www.one.org\/fr\/\"},{\"@type\":\"ListItem\",\"position\":2,\"name\":\"Les 4 promesses non tenues d&#8217;Emmanuel Macron en mati\u00e8re de solidarit\u00e9 internationale\"}]},{\"@type\":\"WebSite\",\"@id\":\"https:\/\/www.one.org\/fr\/#website\",\"url\":\"https:\/\/www.one.org\/fr\/\",\"name\":\"ONE.org\",\"description\":\"Cr\u00e9er des opportunit\u00e9s \u00e9conomiques et am\u00e9liorer la sant\u00e9 en Afrique\",\"potentialAction\":[{\"@type\":\"SearchAction\",\"target\":{\"@type\":\"EntryPoint\",\"urlTemplate\":\"https:\/\/www.one.org\/fr\/?s={search_term_string}\"},\"query-input\":{\"@type\":\"PropertyValueSpecification\",\"valueRequired\":true,\"valueName\":\"search_term_string\"}}],\"inLanguage\":\"fr-FR\"},{\"@type\":\"Person\",\"@id\":\"https:\/\/www.one.org\/fr\/#\/schema\/person\/cf1f30f9800f0592ec3d61940be82003\",\"name\":\"Dana Khalil\",\"image\":{\"@type\":\"ImageObject\",\"inLanguage\":\"fr-FR\",\"@id\":\"https:\/\/www.one.org\/fr\/#\/schema\/person\/image\/\",\"url\":\"https:\/\/secure.gravatar.com\/avatar\/b0da536f00ccefadcc7aae4e64855977a5249adb1ac04162a69474e53a8d4c40?s=96&d=mm&r=g\",\"contentUrl\":\"https:\/\/secure.gravatar.com\/avatar\/b0da536f00ccefadcc7aae4e64855977a5249adb1ac04162a69474e53a8d4c40?s=96&d=mm&r=g\",\"caption\":\"Dana Khalil\"},\"url\":\"https:\/\/www.one.org\/fr\/actualites\/author\/danakhalil\/\"}]}<\/script>\n<!-- \/ Yoast SEO Premium plugin. -->","yoast_head_json":{"title":"Les 4 promesses non tenues d'Emmanuel Macron en mati\u00e8re de solidarit\u00e9 internationale - ONE.org France","description":"Face au COVID-19, l'heure n'est plus aux paroles mais aux actes. Emmanuel Macron doit tenir ses promesses en mati\u00e8re de solidarit\u00e9 internationale.","robots":{"index":"index","follow":"follow","max-snippet":"max-snippet:-1","max-image-preview":"max-image-preview:large","max-video-preview":"max-video-preview:-1"},"canonical":"https:\/\/www.one.org\/fr\/actualites\/4-promesses-solidarite-internationale-macron\/","og_locale":"fr_FR","og_type":"article","og_title":"Les 4 promesses non tenues d'Emmanuel Macron en mati\u00e8re de solidarit\u00e9 internationale","og_description":"Face au COVID-19, l'heure n'est plus aux paroles mais aux actes. Emmanuel Macron doit tenir ses promesses en mati\u00e8re de solidarit\u00e9 internationale.","og_url":"https:\/\/www.one.org\/fr\/actualites\/4-promesses-solidarite-internationale-macron\/","og_site_name":"ONE.org France","article_publisher":"https:\/\/www.facebook.com\/ONE.Fr","article_published_time":"2021-02-16T12:04:41+00:00","article_modified_time":"2023-12-08T11:52:29+00:00","og_image":[{"width":870,"height":489,"url":"https:\/\/www.one.org\/fr\/wp-content\/uploads\/sites\/4\/2021\/02\/870x489_000_1la39g.jpg","type":"image\/jpeg"}],"author":"Dana Khalil","twitter_card":"summary_large_image","twitter_creator":"@one_fr","twitter_site":"@one_fr","twitter_misc":{"Written by":"Dana Khalil","Est. reading time":"6 minutes"},"schema":{"@context":"https:\/\/schema.org","@graph":[{"@type":"Article","@id":"https:\/\/www.one.org\/fr\/actualites\/4-promesses-solidarite-internationale-macron\/#article","isPartOf":{"@id":"https:\/\/www.one.org\/fr\/actualites\/4-promesses-solidarite-internationale-macron\/"},"author":{"name":"Dana Khalil","@id":"https:\/\/www.one.org\/fr\/#\/schema\/person\/cf1f30f9800f0592ec3d61940be82003"},"headline":"Les 4 promesses non tenues d&#8217;Emmanuel Macron en mati\u00e8re de solidarit\u00e9 internationale","datePublished":"2021-02-16T12:04:41+00:00","dateModified":"2023-12-08T11:52:29+00:00","mainEntityOfPage":{"@id":"https:\/\/www.one.org\/fr\/actualites\/4-promesses-solidarite-internationale-macron\/"},"wordCount":1403,"commentCount":0,"image":{"@id":"https:\/\/www.one.org\/fr\/actualites\/4-promesses-solidarite-internationale-macron\/#primaryimage"},"thumbnailUrl":"https:\/\/www.one.org\/fr\/wp-content\/uploads\/sites\/4\/2021\/02\/870x489_000_1la39g.jpg","articleSection":["ONE"],"inLanguage":"fr-FR","potentialAction":[{"@type":"CommentAction","name":"Comment","target":["https:\/\/www.one.org\/fr\/actualites\/4-promesses-solidarite-internationale-macron\/#respond"]}]},{"@type":"WebPage","@id":"https:\/\/www.one.org\/fr\/actualites\/4-promesses-solidarite-internationale-macron\/","url":"https:\/\/www.one.org\/fr\/actualites\/4-promesses-solidarite-internationale-macron\/","name":"Les 4 promesses non tenues d'Emmanuel Macron en mati\u00e8re de solidarit\u00e9 internationale - ONE.org France","isPartOf":{"@id":"https:\/\/www.one.org\/fr\/#website"},"primaryImageOfPage":{"@id":"https:\/\/www.one.org\/fr\/actualites\/4-promesses-solidarite-internationale-macron\/#primaryimage"},"image":{"@id":"https:\/\/www.one.org\/fr\/actualites\/4-promesses-solidarite-internationale-macron\/#primaryimage"},"thumbnailUrl":"https:\/\/www.one.org\/fr\/wp-content\/uploads\/sites\/4\/2021\/02\/870x489_000_1la39g.jpg","datePublished":"2021-02-16T12:04:41+00:00","dateModified":"2023-12-08T11:52:29+00:00","author":{"@id":"https:\/\/www.one.org\/fr\/#\/schema\/person\/cf1f30f9800f0592ec3d61940be82003"},"description":"Face au COVID-19, l'heure n'est plus aux paroles mais aux actes. Emmanuel Macron doit tenir ses promesses en mati\u00e8re de solidarit\u00e9 internationale.","breadcrumb":{"@id":"https:\/\/www.one.org\/fr\/actualites\/4-promesses-solidarite-internationale-macron\/#breadcrumb"},"inLanguage":"fr-FR","potentialAction":[{"@type":"ReadAction","target":["https:\/\/www.one.org\/fr\/actualites\/4-promesses-solidarite-internationale-macron\/"]}]},{"@type":"ImageObject","inLanguage":"fr-FR","@id":"https:\/\/www.one.org\/fr\/actualites\/4-promesses-solidarite-internationale-macron\/#primaryimage","url":"https:\/\/www.one.org\/fr\/wp-content\/uploads\/sites\/4\/2021\/02\/870x489_000_1la39g.jpg","contentUrl":"https:\/\/www.one.org\/fr\/wp-content\/uploads\/sites\/4\/2021\/02\/870x489_000_1la39g.jpg","width":870,"height":489},{"@type":"BreadcrumbList","@id":"https:\/\/www.one.org\/fr\/actualites\/4-promesses-solidarite-internationale-macron\/#breadcrumb","itemListElement":[{"@type":"ListItem","position":1,"name":"Home","item":"https:\/\/www.one.org\/fr\/"},{"@type":"ListItem","position":2,"name":"Les 4 promesses non tenues d&#8217;Emmanuel Macron en mati\u00e8re de solidarit\u00e9 internationale"}]},{"@type":"WebSite","@id":"https:\/\/www.one.org\/fr\/#website","url":"https:\/\/www.one.org\/fr\/","name":"ONE.org","description":"Cr\u00e9er des opportunit\u00e9s \u00e9conomiques et am\u00e9liorer la sant\u00e9 en Afrique","potentialAction":[{"@type":"SearchAction","target":{"@type":"EntryPoint","urlTemplate":"https:\/\/www.one.org\/fr\/?s={search_term_string}"},"query-input":{"@type":"PropertyValueSpecification","valueRequired":true,"valueName":"search_term_string"}}],"inLanguage":"fr-FR"},{"@type":"Person","@id":"https:\/\/www.one.org\/fr\/#\/schema\/person\/cf1f30f9800f0592ec3d61940be82003","name":"Dana Khalil","image":{"@type":"ImageObject","inLanguage":"fr-FR","@id":"https:\/\/www.one.org\/fr\/#\/schema\/person\/image\/","url":"https:\/\/secure.gravatar.com\/avatar\/b0da536f00ccefadcc7aae4e64855977a5249adb1ac04162a69474e53a8d4c40?s=96&d=mm&r=g","contentUrl":"https:\/\/secure.gravatar.com\/avatar\/b0da536f00ccefadcc7aae4e64855977a5249adb1ac04162a69474e53a8d4c40?s=96&d=mm&r=g","caption":"Dana Khalil"},"url":"https:\/\/www.one.org\/fr\/actualites\/author\/danakhalil\/"}]}},"distributor_meta":false,"distributor_terms":false,"distributor_media":false,"distributor_original_site_name":"ONE.org France","distributor_original_site_url":"https:\/\/www.one.org\/fr","push-errors":false,"_links":{"self":[{"href":"https:\/\/www.one.org\/fr\/wp-json\/wp\/v2\/posts\/162465","targetHints":{"allow":["GET"]}}],"collection":[{"href":"https:\/\/www.one.org\/fr\/wp-json\/wp\/v2\/posts"}],"about":[{"href":"https:\/\/www.one.org\/fr\/wp-json\/wp\/v2\/types\/post"}],"author":[{"embeddable":true,"href":"https:\/\/www.one.org\/fr\/wp-json\/wp\/v2\/users\/24"}],"replies":[{"embeddable":true,"href":"https:\/\/www.one.org\/fr\/wp-json\/wp\/v2\/comments?post=162465"}],"version-history":[{"count":0,"href":"https:\/\/www.one.org\/fr\/wp-json\/wp\/v2\/posts\/162465\/revisions"}],"wp:featuredmedia":[{"embeddable":true,"href":"https:\/\/www.one.org\/fr\/wp-json\/wp\/v2\/media\/163143"}],"wp:attachment":[{"href":"https:\/\/www.one.org\/fr\/wp-json\/wp\/v2\/media?parent=162465"}],"wp:term":[{"taxonomy":"category","embeddable":true,"href":"https:\/\/www.one.org\/fr\/wp-json\/wp\/v2\/categories?post=162465"},{"taxonomy":"post_tag","embeddable":true,"href":"https:\/\/www.one.org\/fr\/wp-json\/wp\/v2\/tags?post=162465"},{"taxonomy":"topic","embeddable":true,"href":"https:\/\/www.one.org\/fr\/wp-json\/wp\/v2\/topic?post=162465"},{"taxonomy":"contributor","embeddable":true,"href":"https:\/\/www.one.org\/fr\/wp-json\/wp\/v2\/contributor?post=162465"},{"taxonomy":"one_content_audience","embeddable":true,"href":"https:\/\/www.one.org\/fr\/wp-json\/wp\/v2\/one_content_audience?post=162465"},{"taxonomy":"one_content_type","embeddable":true,"href":"https:\/\/www.one.org\/fr\/wp-json\/wp\/v2\/one_content_type?post=162465"},{"taxonomy":"one_content_tone","embeddable":true,"href":"https:\/\/www.one.org\/fr\/wp-json\/wp\/v2\/one_content_tone?post=162465"}],"curies":[{"name":"wp","href":"https:\/\/api.w.org\/{rel}","templated":true}]}}