{"id":162459,"date":"2020-12-22T14:19:17","date_gmt":"2020-12-22T14:19:17","guid":{"rendered":"https:\/\/www.one.org\/fr\/2020-retour-sur-une-annee-dactivisme-mondial\/"},"modified":"2023-12-08T13:54:38","modified_gmt":"2023-12-08T13:54:38","slug":"retrospective-2020-one","status":"publish","type":"post","link":"https:\/\/www.one.org\/fr\/actualites\/retrospective-2020-one\/","title":{"rendered":"2020 : retour sur une ann\u00e9e d\u2019activisme mondial"},"content":{"rendered":"<p>Cette ann\u00e9e, dans le contexte d\u2019une pand\u00e9mie mondiale, la lutte contre l\u2019extr\u00eame pauvret\u00e9 et les in\u00e9galit\u00e9s dans le monde est devenue plus difficile encore, mais plus importante que jamais.<\/p>\n<p>Nos incroyables et infatigables activistes se sont battus pour obtenir des accords ambitieux et \u00e9quitables sur la suspension de la dette pour les pays les plus pauvres, l\u2019acc\u00e8s aux vaccins, l\u2019aide au d\u00e9veloppement et plus encore. Partout dans le monde, des centaines de milliers d\u2019activistes ont sign\u00e9 des p\u00e9titions, r\u00e9pondu \u00e0 des questionnaires, envoy\u00e9 des tweets ou des emails aux d\u00e9cideurs politiques, assist\u00e9 \u00e0 des formations \u00e0 distance, partag\u00e9 des messages de solidarit\u00e9 ou dans\u00e9 sur notre hymne \u201cStand Together\u201d.<\/p>\n<p>Voici un petit aper\u00e7u de ce que ONE et ses activistes ont accompli en 2020\u2026 toujours dans le but de construire un monde meilleur\u00a0!<\/p>\n<h3><b>Vaccin\u00a0: en finir avec le COVID-19, partout<\/b><\/h3>\n<p>Nous avons d\u00e9marr\u00e9 l\u2019ann\u00e9e 2020 sans savoir que nous allions la terminer sur le m\u00eame th\u00e8me\u00a0: celui de l\u2019acc\u00e8s aux vaccins pour les personnes vivant dans les pays les plus vuln\u00e9rables. La pand\u00e9mie de COVID-19 a en effet frapp\u00e9 alors que <a href=\"https:\/\/www.one.org\/fr\/blog\/retrospective-actions-gavi-2020\/\">nous lancions notre campagne<\/a> pour interpeller les gouvernements et leur demander <a href=\"https:\/\/www.one.org\/fr\/blog\/one_campaign\/gavi-2020\/\">d\u2019augmenter leur contribution au financement de Gavi, l\u2019Alliance du vaccin<\/a>, une organisation qui permet \u00e0 des millions d\u2019enfants dans le monde de se faire vacciner contre des maladies \u00e9vitables et qui a aujourd\u2019hui un r\u00f4le cl\u00e9 dans la fourniture d\u2019un acc\u00e8s mondial aux vaccins et aux traitements contre le COVID-19.<\/p>\n<p>M\u00eame si nous nous r\u00e9jouissons des actualit\u00e9s r\u00e9centes concernant l\u2019efficacit\u00e9 de diff\u00e9rents vaccins contre le COVID-19, nous tenons \u00e0 rappeler une r\u00e9alit\u00e9 \u00e0 ne surtout pas ignorer\u00a0: cette pand\u00e9mie ne se terminera pas avec un vaccin \u2013 elle ne prendra fin que lorsque des vaccins s\u00fbrs et efficaces seront accessibles \u00e0 toutes et tous, partout dans le monde. C\u2019est pourquoi nous continuerons \u00e0 demander aux <a href=\"https:\/\/www.one.org\/fr\/blog\/acces-vaccin-les-laboratoires-pharmaceutiques-doivent-agir\/\">gouvernements et aux entreprises pharmaceutiques de redoubler d\u2019efforts<\/a> pour faire en sorte que les outils de lutte contre le virus soient disponibles partout dans le monde.<\/p>\n<p>Afin de nous assurer que ces dirigeants et acteurs mondiaux agissent dans ce sens, nous suivons de pr\u00e8s leurs d\u00e9cisions et actions dans le cadre de la pand\u00e9mie. Nous avons donc cr\u00e9\u00e9 un <a href=\"https:\/\/www.one.org\/fr\/test-dacces-au-vaccin\/\">Test d\u2019acc\u00e8s au vaccin<\/a> pour les \u00e9valuer et r\u00e9pondre \u00e0 une question cruciale\u00a0: les mesures prises par les dirigeants mondiaux nous rapprochent-elles ou nous \u00e9loignent-elles d\u2019un acc\u00e8s \u00e9quitable au futur vaccin contre le COVID-19, et donc d\u2019une issue \u00e9quitable \u00e0 cette pand\u00e9mie\u00a0? Consultez <a href=\"https:\/\/www.one.org\/fr\/blog\/test-acces-vaccin-covid-19-novembre\/\">les derniers r\u00e9sultats de ce Test juste ici<\/a> et suivez-nous pour d\u00e9couvrir les prochaines mises \u00e0 jour mensuelles en 2021.<\/p>\n<h3><b>Dette\u00a0: deux poids, deux mesures face \u00e0 la pand\u00e9mie\u00a0<\/b><\/h3>\n<p>Au fil de l\u2019\u00e9volution de la pand\u00e9mie de COVID-19, nous avons vite compris que les ressources financi\u00e8res d\u2019un pays d\u00e9termineraient la mani\u00e8re dont il pourrait y faire face. Alors que de nombreux pays riches ont eu les moyens d\u2019adopter des mesures radicales pour stabiliser leurs \u00e9conomies, les pays les plus pauvres devaient quant \u00e0 eux continuer \u00e0 rembourser leurs dettes aupr\u00e8s de pays \u00e0 revenu \u00e9lev\u00e9 et d\u2019institutions telles que la Banque mondiale. Pour en savoir plus, regardez notre <a href=\"https:\/\/www.youtube.com\/watch?v=mEMbPn-Atpk\">vid\u00e9o explicative inspir\u00e9e du jeu Monopoly<\/a>.<\/p>\n<p>Ensemble, nous nous sommes mobilis\u00e9s face \u00e0 cette injustice. Plus de 83 000 personnes ont sign\u00e9 notre p\u00e9tition et <a href=\"https:\/\/www.one.org\/fr\/blog\/casser-les-codes-suspension-dette\/\">ont agi \u00e0 nos c\u00f4t\u00e9s tout au long de l\u2019ann\u00e9e<\/a>. Les pays du G20 ont accept\u00e9 \u00e0 deux reprises de suspendre le remboursement des dettes des pays les plus vuln\u00e9rables, ce qui leur a permis de lib\u00e9rer environ 5,7 milliards de dollars. Bien que nous n\u2019ayons pas pu convaincre la Banque mondiale et les cr\u00e9anciers priv\u00e9s d\u2019agir dans ce sens, nous avons maintenu (et continuerons \u00e0 maintenir) une pression sans rel\u00e2che tout au long de l\u2019ann\u00e9e.<\/p>\n<h3><b>Aide publique au d\u00e9veloppement : un rendez-vous manqu\u00e9<\/b><\/h3>\n<p>Comme chaque ann\u00e9e, lorsque le budget fran\u00e7ais pour l\u2019ann\u00e9e suivante est examin\u00e9 par l\u2019Assembl\u00e9e nationale, nos \u00e9quipes agissent sans rel\u00e2che pour garantir que les d\u00e9put\u00e9s soutiennent et votent en faveur de mesures qui am\u00e9liorent l\u2019aide publique au d\u00e9veloppement (APD) fran\u00e7aise. Nos jeunes Ambassadeurs et Ambassadrices <a href=\"https:\/\/www.one.org\/fr\/blog\/plf-lobby-days-2020\/\">se sont mobilis\u00e9s en ligne<\/a> \u00e0 nos c\u00f4t\u00e9s dans le cadre des \u00ab Lobby Days \u00bb et sont all\u00e9s \u00e0 la rencontre de leurs d\u00e9put\u00e9s pour leur demander de d\u00e9fendre un budget fran\u00e7ais plus juste et solidaire.<\/p>\n<p>Malheureusement, l\u2019Assembl\u00e9e nationale n\u2019a pas \u00e9t\u00e9 \u00e0 la hauteur alors que les besoins en mati\u00e8re d\u2019APD n\u2019ont jamais \u00e9t\u00e9 aussi importants. Mais nous ne baissons pas les bras ! Dans quelques mois, nous suivrons le passage d\u2019une loi sur le d\u00e9veloppement international \u00e0 l\u2019Assembl\u00e9e. Ce sera l\u2019occasion de voter pour une aide fran\u00e7aise mieux cibl\u00e9e et plus efficace sur le terrain.<\/p>\n<p>Par ailleurs, nous nous sommes \u00e9galement associ\u00e9s \u00e0 Action contre la Faim, Action Sant\u00e9 Mondiale, Coalition Education, Coalition Eau, Oxfam, et Solidarit\u00e9 Sida sur le sujet et avons lanc\u00e9 la campagne \u201c<a href=\"https:\/\/www.one.org\/fr\/blog\/apd-services-sociaux\/\"><i>Aide au d\u00e9veloppement : et si on commen\u00e7ait par la base ?<\/i><\/a>\u201d. En 2018, l\u2019acc\u00e8s aux services les plus basiques \u2013 tels que la sant\u00e9, l\u2019\u00e9ducation, l\u2019eau, l\u2019assainissement et l\u2019hygi\u00e8ne ou encore les syst\u00e8mes de protection sociale \u2013 ont repr\u00e9sent\u00e9 moins de 20% de l\u2019APD fran\u00e7aise. Loin d\u2019\u00eatre suffisant, nos organisations rappellent \u00e0 la France ses responsabilit\u00e9s vis-\u00e0-vis des pays les plus pauvres et insistent sur l\u2019urgence de renforcer l\u2019impact social de son aide au d\u00e9veloppement.<\/p>\n<h3><b>Budget europ\u00e9en : une victoire\u00a0cruciale !<\/b><b>\u00a0<\/b><\/h3>\n<p>Deux ans et demi apr\u00e8s le d\u00e9but de <a href=\"https:\/\/www.one.org\/fr\/blog\/leurope-du-futur-se-decide-maintenant-notre-lettre-aux-dirigeant-e-s-europeen-ne-s\/\">notre campagne de longue haleine ONE Chance<\/a>, l\u2019heure est venue de la cl\u00f4turer. Apr\u00e8s d\u2019innombrables discussions et n\u00e9gociations entre le Parlement europ\u00e9en et les \u00c9tats membres, mais aussi deux propositions de la Commission europ\u00e9enne et une pand\u00e9mie mondiale qui est venue couronner le tout, nous pouvons le dire\u00a0: nous avons v\u00e9cu de v\u00e9ritables montagnes russes au fil de ces derni\u00e8res ann\u00e9es.<\/p>\n<p>Et malheureusement, la part du budget de l\u2019UE d\u00e9di\u00e9e \u00e0 l\u2019aide au d\u00e9veloppement pour les sept prochaines ann\u00e9es <a href=\"https:\/\/www.one.org\/fr\/blog\/budget-europeen-decryptage-et-analyse\/\">a fortement \u00e9t\u00e9 r\u00e9duite au regard de nos demandes initiales<\/a>. Mais nous n\u2019avons pas abandonn\u00e9 et, alors que les dirigeants europ\u00e9ens \u00e9taient parvenus en juillet dernier \u00e0 un accord d\u00e9cevant par rapport \u00e0 la proposition bien plus ambitieuse de la Commission europ\u00e9enne, nous avons plaid\u00e9 aupr\u00e8s du Parlement europ\u00e9en pour le convaincre de refuser cet accord et d\u2019appeler les dirigeants europ\u00e9ens \u00e0 augmenter l\u2019enveloppe annonc\u00e9e afin de garantir des investissements ad\u00e9quats dans les domaines de la sant\u00e9, l\u2019\u00e9ducation et l\u2019\u00e9galit\u00e9 des sexes dans les pays \u00e0 faible revenu.<\/p>\n<h3><b>COVID-19 : un impact sans commune mesure sur les femmes et les filles<\/b><\/h3>\n<p>Bien que les taux de mortalit\u00e9 li\u00e9s au COVID-19 montrent que la pand\u00e9mie affecte particuli\u00e8rement les hommes, <a href=\"https:\/\/www.one.org\/fr\/blog\/5-impacts-filles-covid-19\/\">les femmes et les filles restent les plus touch\u00e9es et les plus vuln\u00e9rables<\/a> socialement et \u00e9conomiquement, en comparaison avec leurs homologues masculins. Que l\u2019on regarde les impacts de la pand\u00e9mie <a href=\"https:\/\/www.one.org\/fr\/blog\/covid-19-impact-femmes\/\">sur le travail des femmes dans l\u2019\u00e9conomie informelle<\/a>, sur <a href=\"https:\/\/www.one.org\/fr\/blog\/covid-19-une-menace-pour-leducation-des-filles\/\">l\u2019acc\u00e8s \u00e0 l\u2019\u00e9ducation pour les filles<\/a> ou sur <a href=\"https:\/\/www.one.org\/fr\/blog\/comment-le-covid-19-menace-lacces-aux-soins-maternels-et-reproductifs\/\">l\u2019acc\u00e8s aux soins maternels et reproductifs<\/a>, le constat est toujours le m\u00eame\u00a0: les femmes \u00e0 travers le monde sont toujours les plus impact\u00e9es par le COVID-19.<\/p>\n<p>La crise engendr\u00e9e par la pand\u00e9mie a rendu les femmes invisibles et a consid\u00e9rablement aggrav\u00e9 leurs conditions de vie, notamment dans la sph\u00e8re priv\u00e9e, mettant ainsi en lumi\u00e8re l\u2019urgence de la lutte mondiale pour l\u2019\u00e9galit\u00e9 des sexes. <a href=\"https:\/\/www.one.org\/fr\/blog\/invisibilisation-femmes-covid-19-najat-vallaud-belkacem\/\">C\u2019est ce qu\u2019explique notre directrice Najat Vallaud-Belkacem<\/a>, ancienne ministre des Droits des femmes puis de l\u2019\u00c9ducation, dans son dernier livre <a href=\"http:\/\/www.gallimard.fr\/Catalogue\/GALLIMARD\/Tracts\/La-Societe-des-vulnerables\"><i>La soci\u00e9t\u00e9 des vuln\u00e9rables : le\u00e7ons f\u00e9ministes d\u2019une crise<\/i><\/a>, co-\u00e9crit avec la philosophe Sandra Laugier.<\/p>\n<h3><b>COVID-19\u00a0: tous unis face \u00e0 la pand\u00e9mie\u00a0<\/b><\/h3>\n<p>En ao\u00fbt, ONE s\u2019est associ\u00e9e \u00e0 certaines des plus grandes stars de la musique africaine pour lancer un nouvel hymne \u2013 <a href=\"https:\/\/youtu.be\/E7F4pcvNBZk\"><i>Stand Together<\/i><\/a> \u2013 et ainsi cr\u00e9er un mouvement de rassemblement g\u00e9n\u00e9ral contre le COVID-19. Ce projet a mis en sc\u00e8ne des artistes tels que 2Baba, Yemi Alade, Ben Pil ou encore Amanda Black et a \u00e9t\u00e9 lanc\u00e9 en partenariat avec la Fondation Nelson Mandela et MTV Base. Une comp\u00e9tition de danse a aussi \u00e9t\u00e9 organis\u00e9e\u00a0: <a href=\"https:\/\/twitter.com\/oneenafrique\/status\/1328392393406681095\">d\u00e9couvrez par vous-m\u00eame<\/a>\u00a0!<\/p>\n<p>Tout au long de l\u2019ann\u00e9e, nous avons \u00e9t\u00e9 impressionn\u00e9s par la solidarit\u00e9 manifest\u00e9e dans le monde entier, de tous ces actes de gentillesse et de toutes ces preuves d\u2019altruisme et de d\u00e9vouement, du soutien entre citoyens ainsi qu\u2019\u00e0 nos h\u00e9ros qui se trouvent en premi\u00e8re ligne. Au d\u00e9but de la pand\u00e9mie, nous vous avons demand\u00e9 de partager avec nous vos messages d\u2019espoir et de solidarit\u00e9, et vos r\u00e9ponses ont \u00e9t\u00e9 vraiment inspirantes. D\u00e9couvrez <a href=\"https:\/\/www.youtube.com\/watch?v=OeQA5Ro5Vsg&amp;list=PL6LFs_QnWsyuMPpuGNGYN_vJjfuvvGXBx\">notre s\u00e9rie de vid\u00e9os<\/a> qui met en lumi\u00e8re les actes des h\u00e9ros en premi\u00e8re ligne durant la pand\u00e9mie.<\/p>\n<h3><b>Manifeste : notre vision du monde de demain<\/b><\/h3>\n<p>Cette pand\u00e9mie a donn\u00e9 lieu \u00e0 des actes incroyables de gentillesse, de courage et de solidarit\u00e9 au sein des populations et a provoqu\u00e9 toutes sortes d\u2019espoirs pour repenser et r\u00e9inventer le \u201cmonde d\u2019apr\u00e8s\u201d. Cependant, du c\u00f4t\u00e9 des dirigeants et des gouvernements, la r\u00e9alit\u00e9 est tout autre : leur incapacit\u00e9 persistante \u00e0 s\u2019entendre et se mettre d\u2019accord sur une approche globale pour combattre le COVID-19 et garantir la construction d\u2019un monde plus juste et durable est impressionnante dans un tout autre sens.<\/p>\n<p>C\u2019est pourquoi nous nous sommes \u00e9galement pr\u00eat\u00e9s \u00e0 l\u2019exercice de la projection optimiste et avons <a href=\"https:\/\/www.one.org\/fr\/blog\/manifeste-de-one-monde-de-demain\/\">partag\u00e9 notre vision du monde de demain<\/a>. Un monde dans lequel ONE n\u2019existe plus car nos combats ont \u00e9t\u00e9 entendus, des solutions ont \u00e9t\u00e9 mises en \u0153uvre et les valeurs de solidarit\u00e9 et de justice sociale que nous d\u00e9fendons sont incarn\u00e9es dans les d\u00e9cisions politiques.<\/p>\n<h3><b>#PassTheMic : laissons la parole aux experts\u00a0<\/b><\/h3>\n<p>Depuis bient\u00f4t un an, le COVID-19 est omnipr\u00e9sent\u00a0: des cha\u00eenes d\u2019information aux r\u00e9seaux sociaux, en passant par nos conversations priv\u00e9es quotidiennes, nous sommes noy\u00e9s dans une masse d\u2019informations et il est difficile d\u2019y voir clair. C\u2019est pourquoi nous avons lanc\u00e9 l\u2019initiative <a href=\"https:\/\/www.youtube.com\/watch?v=px9DuAzRi60\">#PassTheMic<\/a> pour laisser directement la parole aux experts ainsi qu\u2019au personnel soignant, mobilis\u00e9 en premi\u00e8re ligne.<\/p>\n<p>Pendant plusieurs semaines, des c\u00e9l\u00e9brit\u00e9s ont laiss\u00e9 leurs r\u00e9seaux sociaux aux mains d\u2019experts en sant\u00e9 afin qu\u2019ils nous expliquent comment nous pouvons vaincre cette pand\u00e9mie, en s\u2019appuyant sur les faits, la science et les donn\u00e9es actuelles. En France, l\u2019actrice D\u00e9borah Fran\u00e7ois a laiss\u00e9 la parole \u00e0 <a href=\"https:\/\/www.one.org\/fr\/blog\/olivier-nay-pass-the-mic-covid19\/\">Olivier Nay<\/a> et le chanteur Cali a \u00e9chang\u00e9 avec <a href=\"https:\/\/www.one.org\/fr\/blog\/guillaume-grosso-pass-the-mic-covid19\/\">Guillaume Grosso<\/a>.<\/p>\n<p><b><i>Nos victoires sont les v\u00f4tres. Tous les progr\u00e8s accomplis cette ann\u00e9e n\u2019auraient pas \u00e9t\u00e9 possibles sans vous et les autres activistes de ONE. Alors de la part de nous tous chez ONE : un grand MERCI pour votre engagement \u00e0 nos c\u00f4t\u00e9s !<\/i><\/b><\/p>\n<div class=\"buffer\"><\/div>","protected":false},"excerpt":{"rendered":"<p>Cette ann\u00e9e, dans le contexte d\u2019une pand\u00e9mie mondiale, la lutte contre l\u2019extr\u00eame pauvret\u00e9 et les in\u00e9galit\u00e9s dans le monde est devenue plus difficile encore, mais plus importante que jamais. Nos incroyables et infatigables activistes se sont battus pour obtenir des accords ambitieux et \u00e9quitables sur la suspension de la dette pour les pays les plus [&hellip;]<\/p>\n","protected":false},"author":24,"featured_media":163157,"comment_status":"open","ping_status":"open","sticky":false,"template":"","format":"standard","meta":{"_acf_changed":false,"_relevanssi_hide_post":"","_relevanssi_hide_content":"","_relevanssi_pin_for_all":"","_relevanssi_pin_keywords":"","_relevanssi_unpin_keywords":"","_relevanssi_related_keywords":"","_relevanssi_related_include_ids":"","_relevanssi_related_exclude_ids":"","_relevanssi_related_no_append":"","_relevanssi_related_not_related":"","_relevanssi_related_posts":"164801,164384,164396,163756,163706,163644","_relevanssi_noindex_reason":"","footnotes":""},"categories":[34],"tags":[],"topic":[47],"contributor":[33],"one_content_audience":[],"one_content_type":[],"one_content_tone":[],"class_list":["post-162459","post","type-post","status-publish","format-standard","has-post-thumbnail","hentry","category-one","topic-que-font-nos-membres","contributor-one-france"],"acf":[],"yoast_head":"<!-- This site is optimized with the Yoast SEO Premium plugin v27.1 (Yoast SEO v27.1.1) - https:\/\/yoast.com\/product\/yoast-seo-premium-wordpress\/ -->\n<title>2020 : retour sur une ann\u00e9e d\u2019activisme mondial - ONE.org France<\/title>\n<meta name=\"description\" content=\"En 2020, la lutte contre l\u2019extr\u00eame pauvret\u00e9 et les in\u00e9galit\u00e9s dans le monde est devenue plus difficile encore, mais plus importante que jamais. Retour sur nos actions cette ann\u00e9e.\" \/>\n<meta name=\"robots\" content=\"index, follow, max-snippet:-1, max-image-preview:large, max-video-preview:-1\" \/>\n<link rel=\"canonical\" href=\"https:\/\/www.one.org\/fr\/actualites\/retrospective-2020-one\/\" \/>\n<meta property=\"og:locale\" content=\"fr_FR\" \/>\n<meta property=\"og:type\" content=\"article\" \/>\n<meta property=\"og:title\" content=\"2020 : retour sur une ann\u00e9e d\u2019activisme mondial\" \/>\n<meta property=\"og:description\" content=\"En 2020, la lutte contre l\u2019extr\u00eame pauvret\u00e9 et les in\u00e9galit\u00e9s dans le monde est devenue plus difficile encore, mais plus importante que jamais. Retour sur nos actions cette ann\u00e9e.\" \/>\n<meta property=\"og:url\" content=\"https:\/\/www.one.org\/fr\/actualites\/retrospective-2020-one\/\" \/>\n<meta property=\"og:site_name\" content=\"ONE.org France\" \/>\n<meta property=\"article:publisher\" content=\"https:\/\/www.facebook.com\/ONE.Fr\" \/>\n<meta property=\"article:published_time\" content=\"2020-12-22T14:19:17+00:00\" \/>\n<meta property=\"article:modified_time\" content=\"2023-12-08T13:54:38+00:00\" \/>\n<meta property=\"og:image\" content=\"https:\/\/www.one.org\/fr\/wp-content\/uploads\/sites\/4\/2020\/12\/ow_2020_featured_1200x1200_en-1024x1024-1.png\" \/>\n\t<meta property=\"og:image:width\" content=\"1024\" \/>\n\t<meta property=\"og:image:height\" content=\"1024\" \/>\n\t<meta property=\"og:image:type\" content=\"image\/png\" \/>\n<meta name=\"author\" content=\"Dana Khalil\" \/>\n<meta name=\"twitter:card\" content=\"summary_large_image\" \/>\n<meta name=\"twitter:creator\" content=\"@one_fr\" \/>\n<meta name=\"twitter:site\" content=\"@one_fr\" \/>\n<meta name=\"twitter:label1\" content=\"Written by\" \/>\n\t<meta name=\"twitter:data1\" content=\"Dana Khalil\" \/>\n\t<meta name=\"twitter:label2\" content=\"Est. reading time\" \/>\n\t<meta name=\"twitter:data2\" content=\"8 minutes\" \/>\n<script type=\"application\/ld+json\" class=\"yoast-schema-graph\">{\"@context\":\"https:\/\/schema.org\",\"@graph\":[{\"@type\":\"Article\",\"@id\":\"https:\/\/www.one.org\/fr\/actualites\/retrospective-2020-one\/#article\",\"isPartOf\":{\"@id\":\"https:\/\/www.one.org\/fr\/actualites\/retrospective-2020-one\/\"},\"author\":{\"name\":\"Dana Khalil\",\"@id\":\"https:\/\/www.one.org\/fr\/#\/schema\/person\/cf1f30f9800f0592ec3d61940be82003\"},\"headline\":\"2020 : retour sur une ann\u00e9e d\u2019activisme mondial\",\"datePublished\":\"2020-12-22T14:19:17+00:00\",\"dateModified\":\"2023-12-08T13:54:38+00:00\",\"mainEntityOfPage\":{\"@id\":\"https:\/\/www.one.org\/fr\/actualites\/retrospective-2020-one\/\"},\"wordCount\":1948,\"commentCount\":0,\"image\":{\"@id\":\"https:\/\/www.one.org\/fr\/actualites\/retrospective-2020-one\/#primaryimage\"},\"thumbnailUrl\":\"https:\/\/www.one.org\/fr\/wp-content\/uploads\/sites\/4\/2020\/12\/ow_2020_featured_1200x1200_en-1024x1024-1.png\",\"articleSection\":[\"ONE\"],\"inLanguage\":\"fr-FR\",\"potentialAction\":[{\"@type\":\"CommentAction\",\"name\":\"Comment\",\"target\":[\"https:\/\/www.one.org\/fr\/actualites\/retrospective-2020-one\/#respond\"]}]},{\"@type\":\"WebPage\",\"@id\":\"https:\/\/www.one.org\/fr\/actualites\/retrospective-2020-one\/\",\"url\":\"https:\/\/www.one.org\/fr\/actualites\/retrospective-2020-one\/\",\"name\":\"2020 : retour sur une ann\u00e9e d\u2019activisme mondial - ONE.org France\",\"isPartOf\":{\"@id\":\"https:\/\/www.one.org\/fr\/#website\"},\"primaryImageOfPage\":{\"@id\":\"https:\/\/www.one.org\/fr\/actualites\/retrospective-2020-one\/#primaryimage\"},\"image\":{\"@id\":\"https:\/\/www.one.org\/fr\/actualites\/retrospective-2020-one\/#primaryimage\"},\"thumbnailUrl\":\"https:\/\/www.one.org\/fr\/wp-content\/uploads\/sites\/4\/2020\/12\/ow_2020_featured_1200x1200_en-1024x1024-1.png\",\"datePublished\":\"2020-12-22T14:19:17+00:00\",\"dateModified\":\"2023-12-08T13:54:38+00:00\",\"author\":{\"@id\":\"https:\/\/www.one.org\/fr\/#\/schema\/person\/cf1f30f9800f0592ec3d61940be82003\"},\"description\":\"En 2020, la lutte contre l\u2019extr\u00eame pauvret\u00e9 et les in\u00e9galit\u00e9s dans le monde est devenue plus difficile encore, mais plus importante que jamais. Retour sur nos actions cette ann\u00e9e.\",\"breadcrumb\":{\"@id\":\"https:\/\/www.one.org\/fr\/actualites\/retrospective-2020-one\/#breadcrumb\"},\"inLanguage\":\"fr-FR\",\"potentialAction\":[{\"@type\":\"ReadAction\",\"target\":[\"https:\/\/www.one.org\/fr\/actualites\/retrospective-2020-one\/\"]}]},{\"@type\":\"ImageObject\",\"inLanguage\":\"fr-FR\",\"@id\":\"https:\/\/www.one.org\/fr\/actualites\/retrospective-2020-one\/#primaryimage\",\"url\":\"https:\/\/www.one.org\/fr\/wp-content\/uploads\/sites\/4\/2020\/12\/ow_2020_featured_1200x1200_en-1024x1024-1.png\",\"contentUrl\":\"https:\/\/www.one.org\/fr\/wp-content\/uploads\/sites\/4\/2020\/12\/ow_2020_featured_1200x1200_en-1024x1024-1.png\",\"width\":1024,\"height\":1024},{\"@type\":\"BreadcrumbList\",\"@id\":\"https:\/\/www.one.org\/fr\/actualites\/retrospective-2020-one\/#breadcrumb\",\"itemListElement\":[{\"@type\":\"ListItem\",\"position\":1,\"name\":\"Home\",\"item\":\"https:\/\/www.one.org\/fr\/\"},{\"@type\":\"ListItem\",\"position\":2,\"name\":\"2020 : retour sur une ann\u00e9e d\u2019activisme mondial\"}]},{\"@type\":\"WebSite\",\"@id\":\"https:\/\/www.one.org\/fr\/#website\",\"url\":\"https:\/\/www.one.org\/fr\/\",\"name\":\"ONE.org\",\"description\":\"Cr\u00e9er des opportunit\u00e9s \u00e9conomiques et am\u00e9liorer la sant\u00e9 en Afrique\",\"potentialAction\":[{\"@type\":\"SearchAction\",\"target\":{\"@type\":\"EntryPoint\",\"urlTemplate\":\"https:\/\/www.one.org\/fr\/?s={search_term_string}\"},\"query-input\":{\"@type\":\"PropertyValueSpecification\",\"valueRequired\":true,\"valueName\":\"search_term_string\"}}],\"inLanguage\":\"fr-FR\"},{\"@type\":\"Person\",\"@id\":\"https:\/\/www.one.org\/fr\/#\/schema\/person\/cf1f30f9800f0592ec3d61940be82003\",\"name\":\"Dana Khalil\",\"image\":{\"@type\":\"ImageObject\",\"inLanguage\":\"fr-FR\",\"@id\":\"https:\/\/www.one.org\/fr\/#\/schema\/person\/image\/\",\"url\":\"https:\/\/secure.gravatar.com\/avatar\/b0da536f00ccefadcc7aae4e64855977a5249adb1ac04162a69474e53a8d4c40?s=96&d=mm&r=g\",\"contentUrl\":\"https:\/\/secure.gravatar.com\/avatar\/b0da536f00ccefadcc7aae4e64855977a5249adb1ac04162a69474e53a8d4c40?s=96&d=mm&r=g\",\"caption\":\"Dana Khalil\"},\"url\":\"https:\/\/www.one.org\/fr\/actualites\/author\/danakhalil\/\"}]}<\/script>\n<!-- \/ Yoast SEO Premium plugin. -->","yoast_head_json":{"title":"2020 : retour sur une ann\u00e9e d\u2019activisme mondial - ONE.org France","description":"En 2020, la lutte contre l\u2019extr\u00eame pauvret\u00e9 et les in\u00e9galit\u00e9s dans le monde est devenue plus difficile encore, mais plus importante que jamais. Retour sur nos actions cette ann\u00e9e.","robots":{"index":"index","follow":"follow","max-snippet":"max-snippet:-1","max-image-preview":"max-image-preview:large","max-video-preview":"max-video-preview:-1"},"canonical":"https:\/\/www.one.org\/fr\/actualites\/retrospective-2020-one\/","og_locale":"fr_FR","og_type":"article","og_title":"2020 : retour sur une ann\u00e9e d\u2019activisme mondial","og_description":"En 2020, la lutte contre l\u2019extr\u00eame pauvret\u00e9 et les in\u00e9galit\u00e9s dans le monde est devenue plus difficile encore, mais plus importante que jamais. Retour sur nos actions cette ann\u00e9e.","og_url":"https:\/\/www.one.org\/fr\/actualites\/retrospective-2020-one\/","og_site_name":"ONE.org France","article_publisher":"https:\/\/www.facebook.com\/ONE.Fr","article_published_time":"2020-12-22T14:19:17+00:00","article_modified_time":"2023-12-08T13:54:38+00:00","og_image":[{"width":1024,"height":1024,"url":"https:\/\/www.one.org\/fr\/wp-content\/uploads\/sites\/4\/2020\/12\/ow_2020_featured_1200x1200_en-1024x1024-1.png","type":"image\/png"}],"author":"Dana Khalil","twitter_card":"summary_large_image","twitter_creator":"@one_fr","twitter_site":"@one_fr","twitter_misc":{"Written by":"Dana Khalil","Est. reading time":"8 minutes"},"schema":{"@context":"https:\/\/schema.org","@graph":[{"@type":"Article","@id":"https:\/\/www.one.org\/fr\/actualites\/retrospective-2020-one\/#article","isPartOf":{"@id":"https:\/\/www.one.org\/fr\/actualites\/retrospective-2020-one\/"},"author":{"name":"Dana Khalil","@id":"https:\/\/www.one.org\/fr\/#\/schema\/person\/cf1f30f9800f0592ec3d61940be82003"},"headline":"2020 : retour sur une ann\u00e9e d\u2019activisme mondial","datePublished":"2020-12-22T14:19:17+00:00","dateModified":"2023-12-08T13:54:38+00:00","mainEntityOfPage":{"@id":"https:\/\/www.one.org\/fr\/actualites\/retrospective-2020-one\/"},"wordCount":1948,"commentCount":0,"image":{"@id":"https:\/\/www.one.org\/fr\/actualites\/retrospective-2020-one\/#primaryimage"},"thumbnailUrl":"https:\/\/www.one.org\/fr\/wp-content\/uploads\/sites\/4\/2020\/12\/ow_2020_featured_1200x1200_en-1024x1024-1.png","articleSection":["ONE"],"inLanguage":"fr-FR","potentialAction":[{"@type":"CommentAction","name":"Comment","target":["https:\/\/www.one.org\/fr\/actualites\/retrospective-2020-one\/#respond"]}]},{"@type":"WebPage","@id":"https:\/\/www.one.org\/fr\/actualites\/retrospective-2020-one\/","url":"https:\/\/www.one.org\/fr\/actualites\/retrospective-2020-one\/","name":"2020 : retour sur une ann\u00e9e d\u2019activisme mondial - ONE.org France","isPartOf":{"@id":"https:\/\/www.one.org\/fr\/#website"},"primaryImageOfPage":{"@id":"https:\/\/www.one.org\/fr\/actualites\/retrospective-2020-one\/#primaryimage"},"image":{"@id":"https:\/\/www.one.org\/fr\/actualites\/retrospective-2020-one\/#primaryimage"},"thumbnailUrl":"https:\/\/www.one.org\/fr\/wp-content\/uploads\/sites\/4\/2020\/12\/ow_2020_featured_1200x1200_en-1024x1024-1.png","datePublished":"2020-12-22T14:19:17+00:00","dateModified":"2023-12-08T13:54:38+00:00","author":{"@id":"https:\/\/www.one.org\/fr\/#\/schema\/person\/cf1f30f9800f0592ec3d61940be82003"},"description":"En 2020, la lutte contre l\u2019extr\u00eame pauvret\u00e9 et les in\u00e9galit\u00e9s dans le monde est devenue plus difficile encore, mais plus importante que jamais. Retour sur nos actions cette ann\u00e9e.","breadcrumb":{"@id":"https:\/\/www.one.org\/fr\/actualites\/retrospective-2020-one\/#breadcrumb"},"inLanguage":"fr-FR","potentialAction":[{"@type":"ReadAction","target":["https:\/\/www.one.org\/fr\/actualites\/retrospective-2020-one\/"]}]},{"@type":"ImageObject","inLanguage":"fr-FR","@id":"https:\/\/www.one.org\/fr\/actualites\/retrospective-2020-one\/#primaryimage","url":"https:\/\/www.one.org\/fr\/wp-content\/uploads\/sites\/4\/2020\/12\/ow_2020_featured_1200x1200_en-1024x1024-1.png","contentUrl":"https:\/\/www.one.org\/fr\/wp-content\/uploads\/sites\/4\/2020\/12\/ow_2020_featured_1200x1200_en-1024x1024-1.png","width":1024,"height":1024},{"@type":"BreadcrumbList","@id":"https:\/\/www.one.org\/fr\/actualites\/retrospective-2020-one\/#breadcrumb","itemListElement":[{"@type":"ListItem","position":1,"name":"Home","item":"https:\/\/www.one.org\/fr\/"},{"@type":"ListItem","position":2,"name":"2020 : retour sur une ann\u00e9e d\u2019activisme mondial"}]},{"@type":"WebSite","@id":"https:\/\/www.one.org\/fr\/#website","url":"https:\/\/www.one.org\/fr\/","name":"ONE.org","description":"Cr\u00e9er des opportunit\u00e9s \u00e9conomiques et am\u00e9liorer la sant\u00e9 en Afrique","potentialAction":[{"@type":"SearchAction","target":{"@type":"EntryPoint","urlTemplate":"https:\/\/www.one.org\/fr\/?s={search_term_string}"},"query-input":{"@type":"PropertyValueSpecification","valueRequired":true,"valueName":"search_term_string"}}],"inLanguage":"fr-FR"},{"@type":"Person","@id":"https:\/\/www.one.org\/fr\/#\/schema\/person\/cf1f30f9800f0592ec3d61940be82003","name":"Dana Khalil","image":{"@type":"ImageObject","inLanguage":"fr-FR","@id":"https:\/\/www.one.org\/fr\/#\/schema\/person\/image\/","url":"https:\/\/secure.gravatar.com\/avatar\/b0da536f00ccefadcc7aae4e64855977a5249adb1ac04162a69474e53a8d4c40?s=96&d=mm&r=g","contentUrl":"https:\/\/secure.gravatar.com\/avatar\/b0da536f00ccefadcc7aae4e64855977a5249adb1ac04162a69474e53a8d4c40?s=96&d=mm&r=g","caption":"Dana Khalil"},"url":"https:\/\/www.one.org\/fr\/actualites\/author\/danakhalil\/"}]}},"distributor_meta":false,"distributor_terms":false,"distributor_media":false,"distributor_original_site_name":"ONE.org France","distributor_original_site_url":"https:\/\/www.one.org\/fr","push-errors":false,"_links":{"self":[{"href":"https:\/\/www.one.org\/fr\/wp-json\/wp\/v2\/posts\/162459","targetHints":{"allow":["GET"]}}],"collection":[{"href":"https:\/\/www.one.org\/fr\/wp-json\/wp\/v2\/posts"}],"about":[{"href":"https:\/\/www.one.org\/fr\/wp-json\/wp\/v2\/types\/post"}],"author":[{"embeddable":true,"href":"https:\/\/www.one.org\/fr\/wp-json\/wp\/v2\/users\/24"}],"replies":[{"embeddable":true,"href":"https:\/\/www.one.org\/fr\/wp-json\/wp\/v2\/comments?post=162459"}],"version-history":[{"count":0,"href":"https:\/\/www.one.org\/fr\/wp-json\/wp\/v2\/posts\/162459\/revisions"}],"wp:featuredmedia":[{"embeddable":true,"href":"https:\/\/www.one.org\/fr\/wp-json\/wp\/v2\/media\/163157"}],"wp:attachment":[{"href":"https:\/\/www.one.org\/fr\/wp-json\/wp\/v2\/media?parent=162459"}],"wp:term":[{"taxonomy":"category","embeddable":true,"href":"https:\/\/www.one.org\/fr\/wp-json\/wp\/v2\/categories?post=162459"},{"taxonomy":"post_tag","embeddable":true,"href":"https:\/\/www.one.org\/fr\/wp-json\/wp\/v2\/tags?post=162459"},{"taxonomy":"topic","embeddable":true,"href":"https:\/\/www.one.org\/fr\/wp-json\/wp\/v2\/topic?post=162459"},{"taxonomy":"contributor","embeddable":true,"href":"https:\/\/www.one.org\/fr\/wp-json\/wp\/v2\/contributor?post=162459"},{"taxonomy":"one_content_audience","embeddable":true,"href":"https:\/\/www.one.org\/fr\/wp-json\/wp\/v2\/one_content_audience?post=162459"},{"taxonomy":"one_content_type","embeddable":true,"href":"https:\/\/www.one.org\/fr\/wp-json\/wp\/v2\/one_content_type?post=162459"},{"taxonomy":"one_content_tone","embeddable":true,"href":"https:\/\/www.one.org\/fr\/wp-json\/wp\/v2\/one_content_tone?post=162459"}],"curies":[{"name":"wp","href":"https:\/\/api.w.org\/{rel}","templated":true}]}}