{"id":162457,"date":"2020-12-14T10:15:14","date_gmt":"2020-12-14T10:15:14","guid":{"rendered":"https:\/\/www.one.org\/fr\/solidarite-internationale-evolution-des-opinions-en-france-depuis-la-crise-sanitaire\/"},"modified":"2023-12-08T13:47:25","modified_gmt":"2023-12-08T13:47:25","slug":"opinions-france-solidarite-internationale","status":"publish","type":"post","link":"https:\/\/www.one.org\/fr\/actualites\/opinions-france-solidarite-internationale\/","title":{"rendered":"Solidarit\u00e9 internationale : \u00e9volution des opinions en France depuis la crise sanitaire"},"content":{"rendered":"<p>L\u2019association <a href=\"https:\/\/focus2030.org\/fr\">Focus 2030<\/a>, en partenariat avec le\u00a0<em>Development Engagement Lab, <\/em>a men\u00e9 plusieurs sondages de juillet \u00e0 octobre 2020 afin de savoir comment la pand\u00e9mie de COVID-19 a impact\u00e9 la population fran\u00e7aise et leur compr\u00e9hension du monde.<\/p>\n<p>Les r\u00e9sultats, analys\u00e9s par l\u2019UCL (University College de Londres), d\u00e9montrent une \u00e9volution positive\u00a0du regard des Fran\u00e7ais et Fran\u00e7aises sur la solidarit\u00e9 internationale. Cependant, la d\u00e9sinformation ou les <em>fake news<\/em>, ainsi que le poids des cons\u00e9quences nationales caus\u00e9es par la pand\u00e9mie, peuvent dans certains cas avoir un impact sur cette \u00e9volution.<\/p>\n<h3><strong>Comment la pand\u00e9mie de COVID-19 a-t-elle impact\u00e9 la perception qu\u2019ont les Fran\u00e7ais et les Fran\u00e7aises de la solidarit\u00e9 internationale ?<\/strong><\/h3>\n<p>Plus de deux tiers des Fran\u00e7ais et des Fran\u00e7aises (72%) pensent qu\u2019il est vrai que les cons\u00e9quences \u00e9conomiques de la pand\u00e9mie pourraient faire basculer 500 millions de personnes dans l\u2019extr\u00eame pauvret\u00e9 dans le monde. En effet, en octobre, la Banque mondiale a publi\u00e9\u00a0<a href=\"https:\/\/www.worldbank.org\/en\/news\/press-release\/2020\/10\/07\/covid-19-to-add-as-many-as-150-million-extreme-poor-by-2021\">un rapport<\/a> alertant sur le fait que 88 \u00e0 115 millions de personnes suppl\u00e9mentaires basculeront dans l\u2019extr\u00eame pauvret\u00e9 cette ann\u00e9e, et que le total pourrait atteindre 150 millions d\u2019ici 2021. La pand\u00e9mie \u00e9tant encore loin d\u2019\u00eatre \u00e9radiqu\u00e9e, ces chiffres sont susceptibles d\u2019augmenter dans les prochains mois.<\/p>\n<p>Pour la population fran\u00e7aise, les trois cons\u00e9quences les plus probables de la pand\u00e9mie sont les suivantes :<\/p>\n<ol>\n<li>L\u2019augmentation du nombre de personnes vivant sous le seuil de pauvret\u00e9 dans le monde (52%)<\/li>\n<li>La hausse de la consommation de produits locaux (51%)<\/li>\n<li>L\u2019augmentation du nombre de personnes souffrant de la faim dans le monde (42%)<\/li>\n<\/ol>\n<p><strong>Pour la premi\u00e8re fois depuis le d\u00e9but du si\u00e8cle, le nombre de personnes vivant dans la pauvret\u00e9 va augmenter cette ann\u00e9e en raison de la pand\u00e9mie.<\/strong> En ce qui concerne la faim dans le monde, m\u00eame avant la pand\u00e9mie, 821 millions de personnes \u00e9taient d\u00e9j\u00e0 expos\u00e9es \u00e0\u00a0<a href=\"https:\/\/reliefweb.int\/sites\/reliefweb.int\/files\/resources\/World%20Vision%20COVID-19%20FSL_09072020.pdf\">l\u2019ins\u00e9curit\u00e9 alimentaire<\/a>.\u00a0Les cons\u00e9quences de la crise sanitaire pourraient faire basculer 130 millions de personnes suppl\u00e9mentaires dans cette ins\u00e9curit\u00e9.<\/p>\n<p><img loading=\"lazy\" decoding=\"async\" class=\"aligncenter size-full wp-image-153737\" src=\"https:\/\/cdn.one.org\/fr\/wp-content\/uploads\/2020\/12\/14094615\/Focus-2030-1-640x467.png\" alt=\"\" width=\"814\" height=\"594\" \/><\/p>\n<p>48% des personnes interrog\u00e9es pensent que le COVID-19 a affect\u00e9 les pays riches et les pays pauvres de la m\u00eame mani\u00e8re. Parmi les 52% restants, 18% pensent que les pays riches ont \u00e9t\u00e9 les plus affect\u00e9s et, \u00e0 l\u2019inverse, 18% pensent que les pays pauvres ont \u00e9t\u00e9 les plus affect\u00e9s.<\/p>\n<p>Ces chiffres nous int\u00e9ressent particuli\u00e8rement car ils r\u00e9sultent d\u2019une id\u00e9e re\u00e7ue\u00a0: certes, les pays d\u2019Afrique ont, en g\u00e9n\u00e9ral, \u00e9t\u00e9 moins touch\u00e9s en termes de nombre de cas de COVID-19 par rapport \u00e0 des pays comme les \u00c9tats-Unis, la France, le Royaume-Uni ou l\u2019Italie. Cependant, les cons\u00e9quences sur le long terme seront bien plus importantes pour les pays \u00e0 faible revenu, qui\u00a0<a href=\"https:\/\/reliefweb.int\/sites\/reliefweb.int\/files\/resources\/Concern%20-%20Covid.Hunger.Extreme%20Poor.pdf\">n\u2019ont pas les m\u00eames ressources et infrastructures pour faire face \u00e0 cette crise<\/a>. Dans un sc\u00e9nario pessimiste, <strong>plus d\u2019une personne sur trois en Afrique vivra encore dans l\u2019extr\u00eame pauvret\u00e9 en 2030 d\u00fb \u00e0 <a href=\"https:\/\/www.un.org\/development\/desa\/dpad\/publication\/un-desa-policy-brief-86-the-long-term-impact-of-covid-19-on-poverty\/\">des syst\u00e8mes de sant\u00e9 et de protection sociale d\u00e9faillants, inaccessibles ou quasi-inexistants<\/a><\/strong>.<\/p>\n<p>Plus de la moiti\u00e9 des participants (59%) souhaitent plus de coop\u00e9ration internationale pour garantir que chaque personne dans le monde puisse acc\u00e9der \u00e0 un syst\u00e8me de sant\u00e9 similaire \u00e0 celui de la France. L\u2019Afrique, \u00e0 ce jour, se bat encore pour lutter contre des maladies oubli\u00e9es des pays d\u00e9velopp\u00e9s comme le paludisme,\u00a0<a href=\"https:\/\/www.who.int\/fr\/news\/item\/30-11-2020-who-calls-for-reinvigorated-action-to-fight-malaria\">qui fait encore des milliers de morts chaque ann\u00e9e<\/a>. L\u2019acc\u00e8s aux soins est toujours fortement limit\u00e9 en Afrique subsaharienne et le COVID-19 entrave l\u2019acc\u00e8s aux moyens de pr\u00e9vention contre cette maladie, ainsi que d\u2019autres (pour n\u2019en citer que certaines) : <a href=\"https:\/\/www.one.org\/fr\/blog\/lecons-tirees-sida-covid-19\/\">le sida<\/a>, la rougeole, le chol\u00e9ra et le diab\u00e8te.<\/p>\n<p>Cette pand\u00e9mie semble aussi avoir eu un impact sur la pr\u00e9occupation des citoyens et citoyennes envers les populations les plus vuln\u00e9rables dans le monde. On trouve dans cette enqu\u00eate que <strong>pr\u00e8s de la moiti\u00e9 des participants (48%) se sentent plus solidaires et soucieux des probl\u00e9matiques de solidarit\u00e9 internationale depuis le d\u00e9but de la pand\u00e9mie.<\/strong><\/p>\n<h3><strong>Qu\u2019en est-il des vaccins ?<\/strong><\/h3>\n<p>Le premier vaccin, <a href=\"https:\/\/www.pfizer.com\/news\/press-release\/press-release-detail\/pfizer-and-biontech-conclude-phase-3-study-covid-19-vaccine\">d\u00e9velopp\u00e9 par Pfizer\/BioNTech<\/a>, a \u00e9t\u00e9 d\u00e9ploy\u00e9 le 8 d\u00e9cembre sur la population au Royaume-Uni. 72% des Fran\u00e7ais et Fran\u00e7aises pensaient, il y a un mois de cela, que le pays qui d\u00e9velopperait le vaccin contre le COVID-19 en premier devrait partager ses connaissances et ses d\u00e9couvertes avec d\u2019autres pays le plus rapidement possible pour que le monde entier puisse en b\u00e9n\u00e9ficier. Pour l\u2019instant, il est compliqu\u00e9 de conna\u00eetre la suite des d\u00e9marches pour le vaccin Pfizer\/BioNTech, mais une chose est s\u00fbre : <strong>ces entreprises doivent partager leurs donn\u00e9es collect\u00e9es jusqu\u2019\u00e0 pr\u00e9sent et les partager avec les r\u00e9gulateurs du monde entier.<\/strong><\/p>\n<h3><strong>Comment la France peut-elle agir ?<\/strong><\/h3>\n<p>Parmi les initiatives que la France pourrait prendre pour soutenir les pays en d\u00e9veloppement les plus affect\u00e9s par la pand\u00e9mie de COVID-19, les plus sollicit\u00e9es par les participants et participantes sont les suivantes :<\/p>\n<ul>\n<li>75% sont en faveur de faire en sorte que les entreprises multinationales qui op\u00e8rent dans les pays les plus pauvres paient leurs imp\u00f4ts dans ces pays.<\/li>\n<li>56% sont en faveur de taxer davantage les march\u00e9s financiers pour financer l\u2019aide \u00e0 destination des pays les plus pauvres.<\/li>\n<li>45% sont en faveur d\u2019augmenter l\u2019aide au d\u00e9veloppement \u00e0 destination des pays les plus pauvres.<\/li>\n<li>41% sont en faveur de promouvoir l\u2019annulation de la dette des pays les plus pauvres.<\/li>\n<li>38% sont en faveur de r\u00e9duire les frais bancaires des transferts d\u2019argent effectu\u00e9s par les migrants \u00e0 destination de leur pays d\u2019origine pour soutenir leurs familles.<\/li>\n<\/ul>\n<p><img loading=\"lazy\" decoding=\"async\" class=\"aligncenter size-full wp-image-153738\" src=\"https:\/\/cdn.one.org\/fr\/wp-content\/uploads\/2020\/12\/14095237\/Focus-2030-2-640x411.png\" alt=\"\" width=\"986\" height=\"633\" \/><\/p>\n<p>Ces derniers mois, aux quatre coins du monde, nous \u00e9tions toutes et tous pr\u00e9occup\u00e9s par une seule et m\u00eame menace\u00a0: le virus du COVID-19. Mais, face \u00e0 cette maladie, nous n\u2019avons pas tous le m\u00eame acc\u00e8s aux soins, aux traitements et \u00e0 la mise en place de m\u00e9canismes de r\u00e9silience.<\/p>\n<p>Dans un monde d\u00e9j\u00e0 in\u00e9gal, la pand\u00e9mie de COVID-19 n\u2019a fait que renforcer ces in\u00e9galit\u00e9s contre lesquelles nous nous battons. Face \u00e0 ce constat, la population fran\u00e7aise semble soucieuse de mettre en \u0153uvre des solutions pour renforcer la solidarit\u00e9 internationale et mettre fin \u00e0 l\u2019extr\u00eame pauvret\u00e9 dans le monde. <strong>Aucun de nous ne sera en s\u00e9curit\u00e9 tant que nous ne le serons pas toutes et tous : cette situation exceptionnelle, qui touche chacun de nous, n\u00e9cessite une r\u00e9ponse mondiale du m\u00eame ordre.<\/strong><\/p>\n<div class=\"buffer\"><\/div>","protected":false},"excerpt":{"rendered":"<p>L\u2019association Focus 2030, en partenariat avec le\u00a0Development Engagement Lab, a men\u00e9 plusieurs sondages de juillet \u00e0 octobre 2020 afin de savoir comment la pand\u00e9mie de COVID-19 a impact\u00e9 la population fran\u00e7aise et leur compr\u00e9hension du monde. Les r\u00e9sultats, analys\u00e9s par l\u2019UCL (University College de Londres), d\u00e9montrent une \u00e9volution positive\u00a0du regard des Fran\u00e7ais et Fran\u00e7aises sur [&hellip;]<\/p>\n","protected":false},"author":24,"featured_media":163161,"comment_status":"open","ping_status":"open","sticky":false,"template":"","format":"standard","meta":{"_acf_changed":false,"_relevanssi_hide_post":"","_relevanssi_hide_content":"","_relevanssi_pin_for_all":"","_relevanssi_pin_keywords":"","_relevanssi_unpin_keywords":"","_relevanssi_related_keywords":"","_relevanssi_related_include_ids":"","_relevanssi_related_exclude_ids":"","_relevanssi_related_no_append":"","_relevanssi_related_not_related":"","_relevanssi_related_posts":"164801,164384,164396,163756,163706,163644","_relevanssi_noindex_reason":"","footnotes":""},"categories":[34],"tags":[],"topic":[41],"contributor":[66],"one_content_audience":[],"one_content_type":[],"one_content_tone":[],"class_list":["post-162457","post","type-post","status-publish","format-standard","has-post-thumbnail","hentry","category-one","topic-aide-au-developpement","contributor-mariana-roudaut"],"acf":[],"yoast_head":"<!-- This site is optimized with the Yoast SEO Premium plugin v27.1 (Yoast SEO v27.1.1) - https:\/\/yoast.com\/product\/yoast-seo-premium-wordpress\/ -->\n<title>Solidarit\u00e9 internationale : \u00e9volution des opinions en France depuis la crise sanitaire - ONE.org France<\/title>\n<meta name=\"description\" content=\"Quelle a \u00e9t\u00e9 la cons\u00e9quence de la crise de COVID-19 sur la perception qu&#039;ont les Fran\u00e7ais et Fran\u00e7aises de la solidarit\u00e9 internationale ?\" \/>\n<meta name=\"robots\" content=\"index, follow, max-snippet:-1, max-image-preview:large, max-video-preview:-1\" \/>\n<link rel=\"canonical\" href=\"https:\/\/www.one.org\/fr\/actualites\/opinions-france-solidarite-internationale\/\" \/>\n<meta property=\"og:locale\" content=\"fr_FR\" \/>\n<meta property=\"og:type\" content=\"article\" \/>\n<meta property=\"og:title\" content=\"Solidarit\u00e9 internationale : \u00e9volution des opinions en France depuis la crise sanitaire\" \/>\n<meta property=\"og:description\" content=\"Quelle a \u00e9t\u00e9 la cons\u00e9quence de la crise de COVID-19 sur la perception qu&#039;ont les Fran\u00e7ais et Fran\u00e7aises de la solidarit\u00e9 internationale ?\" \/>\n<meta property=\"og:url\" content=\"https:\/\/www.one.org\/fr\/actualites\/opinions-france-solidarite-internationale\/\" \/>\n<meta property=\"og:site_name\" content=\"ONE.org France\" \/>\n<meta property=\"article:publisher\" content=\"https:\/\/www.facebook.com\/ONE.Fr\" \/>\n<meta property=\"article:published_time\" content=\"2020-12-14T10:15:14+00:00\" \/>\n<meta property=\"article:modified_time\" content=\"2023-12-08T13:47:25+00:00\" \/>\n<meta property=\"og:image\" content=\"https:\/\/www.one.org\/fr\/wp-content\/uploads\/sites\/4\/2020\/12\/1-OW_2020_featured_1200x1200.png\" \/>\n\t<meta property=\"og:image:width\" content=\"1200\" \/>\n\t<meta property=\"og:image:height\" content=\"1200\" \/>\n\t<meta property=\"og:image:type\" content=\"image\/png\" \/>\n<meta name=\"author\" content=\"Dana Khalil\" \/>\n<meta name=\"twitter:card\" content=\"summary_large_image\" \/>\n<meta name=\"twitter:creator\" content=\"@one_fr\" \/>\n<meta name=\"twitter:site\" content=\"@one_fr\" \/>\n<meta name=\"twitter:label1\" content=\"Written by\" \/>\n\t<meta name=\"twitter:data1\" content=\"Dana Khalil\" \/>\n\t<meta name=\"twitter:label2\" content=\"Est. reading time\" \/>\n\t<meta name=\"twitter:data2\" content=\"5 minutes\" \/>\n<script type=\"application\/ld+json\" class=\"yoast-schema-graph\">{\"@context\":\"https:\/\/schema.org\",\"@graph\":[{\"@type\":\"Article\",\"@id\":\"https:\/\/www.one.org\/fr\/actualites\/opinions-france-solidarite-internationale\/#article\",\"isPartOf\":{\"@id\":\"https:\/\/www.one.org\/fr\/actualites\/opinions-france-solidarite-internationale\/\"},\"author\":{\"name\":\"Dana Khalil\",\"@id\":\"https:\/\/www.one.org\/fr\/#\/schema\/person\/cf1f30f9800f0592ec3d61940be82003\"},\"headline\":\"Solidarit\u00e9 internationale : \u00e9volution des opinions en France depuis la crise sanitaire\",\"datePublished\":\"2020-12-14T10:15:14+00:00\",\"dateModified\":\"2023-12-08T13:47:25+00:00\",\"mainEntityOfPage\":{\"@id\":\"https:\/\/www.one.org\/fr\/actualites\/opinions-france-solidarite-internationale\/\"},\"wordCount\":1130,\"commentCount\":0,\"image\":{\"@id\":\"https:\/\/www.one.org\/fr\/actualites\/opinions-france-solidarite-internationale\/#primaryimage\"},\"thumbnailUrl\":\"https:\/\/www.one.org\/fr\/wp-content\/uploads\/sites\/4\/2020\/12\/1-OW_2020_featured_1200x1200.png\",\"articleSection\":[\"ONE\"],\"inLanguage\":\"fr-FR\",\"potentialAction\":[{\"@type\":\"CommentAction\",\"name\":\"Comment\",\"target\":[\"https:\/\/www.one.org\/fr\/actualites\/opinions-france-solidarite-internationale\/#respond\"]}]},{\"@type\":\"WebPage\",\"@id\":\"https:\/\/www.one.org\/fr\/actualites\/opinions-france-solidarite-internationale\/\",\"url\":\"https:\/\/www.one.org\/fr\/actualites\/opinions-france-solidarite-internationale\/\",\"name\":\"Solidarit\u00e9 internationale : \u00e9volution des opinions en France depuis la crise sanitaire - ONE.org France\",\"isPartOf\":{\"@id\":\"https:\/\/www.one.org\/fr\/#website\"},\"primaryImageOfPage\":{\"@id\":\"https:\/\/www.one.org\/fr\/actualites\/opinions-france-solidarite-internationale\/#primaryimage\"},\"image\":{\"@id\":\"https:\/\/www.one.org\/fr\/actualites\/opinions-france-solidarite-internationale\/#primaryimage\"},\"thumbnailUrl\":\"https:\/\/www.one.org\/fr\/wp-content\/uploads\/sites\/4\/2020\/12\/1-OW_2020_featured_1200x1200.png\",\"datePublished\":\"2020-12-14T10:15:14+00:00\",\"dateModified\":\"2023-12-08T13:47:25+00:00\",\"author\":{\"@id\":\"https:\/\/www.one.org\/fr\/#\/schema\/person\/cf1f30f9800f0592ec3d61940be82003\"},\"description\":\"Quelle a \u00e9t\u00e9 la cons\u00e9quence de la crise de COVID-19 sur la perception qu'ont les Fran\u00e7ais et Fran\u00e7aises de la solidarit\u00e9 internationale ?\",\"breadcrumb\":{\"@id\":\"https:\/\/www.one.org\/fr\/actualites\/opinions-france-solidarite-internationale\/#breadcrumb\"},\"inLanguage\":\"fr-FR\",\"potentialAction\":[{\"@type\":\"ReadAction\",\"target\":[\"https:\/\/www.one.org\/fr\/actualites\/opinions-france-solidarite-internationale\/\"]}]},{\"@type\":\"ImageObject\",\"inLanguage\":\"fr-FR\",\"@id\":\"https:\/\/www.one.org\/fr\/actualites\/opinions-france-solidarite-internationale\/#primaryimage\",\"url\":\"https:\/\/www.one.org\/fr\/wp-content\/uploads\/sites\/4\/2020\/12\/1-OW_2020_featured_1200x1200.png\",\"contentUrl\":\"https:\/\/www.one.org\/fr\/wp-content\/uploads\/sites\/4\/2020\/12\/1-OW_2020_featured_1200x1200.png\",\"width\":1200,\"height\":1200},{\"@type\":\"BreadcrumbList\",\"@id\":\"https:\/\/www.one.org\/fr\/actualites\/opinions-france-solidarite-internationale\/#breadcrumb\",\"itemListElement\":[{\"@type\":\"ListItem\",\"position\":1,\"name\":\"Home\",\"item\":\"https:\/\/www.one.org\/fr\/\"},{\"@type\":\"ListItem\",\"position\":2,\"name\":\"Solidarit\u00e9 internationale : \u00e9volution des opinions en France depuis la crise sanitaire\"}]},{\"@type\":\"WebSite\",\"@id\":\"https:\/\/www.one.org\/fr\/#website\",\"url\":\"https:\/\/www.one.org\/fr\/\",\"name\":\"ONE.org\",\"description\":\"Cr\u00e9er des opportunit\u00e9s \u00e9conomiques et am\u00e9liorer la sant\u00e9 en Afrique\",\"potentialAction\":[{\"@type\":\"SearchAction\",\"target\":{\"@type\":\"EntryPoint\",\"urlTemplate\":\"https:\/\/www.one.org\/fr\/?s={search_term_string}\"},\"query-input\":{\"@type\":\"PropertyValueSpecification\",\"valueRequired\":true,\"valueName\":\"search_term_string\"}}],\"inLanguage\":\"fr-FR\"},{\"@type\":\"Person\",\"@id\":\"https:\/\/www.one.org\/fr\/#\/schema\/person\/cf1f30f9800f0592ec3d61940be82003\",\"name\":\"Dana Khalil\",\"image\":{\"@type\":\"ImageObject\",\"inLanguage\":\"fr-FR\",\"@id\":\"https:\/\/www.one.org\/fr\/#\/schema\/person\/image\/\",\"url\":\"https:\/\/secure.gravatar.com\/avatar\/b0da536f00ccefadcc7aae4e64855977a5249adb1ac04162a69474e53a8d4c40?s=96&d=mm&r=g\",\"contentUrl\":\"https:\/\/secure.gravatar.com\/avatar\/b0da536f00ccefadcc7aae4e64855977a5249adb1ac04162a69474e53a8d4c40?s=96&d=mm&r=g\",\"caption\":\"Dana Khalil\"},\"url\":\"https:\/\/www.one.org\/fr\/actualites\/author\/danakhalil\/\"}]}<\/script>\n<!-- \/ Yoast SEO Premium plugin. -->","yoast_head_json":{"title":"Solidarit\u00e9 internationale : \u00e9volution des opinions en France depuis la crise sanitaire - ONE.org France","description":"Quelle a \u00e9t\u00e9 la cons\u00e9quence de la crise de COVID-19 sur la perception qu'ont les Fran\u00e7ais et Fran\u00e7aises de la solidarit\u00e9 internationale ?","robots":{"index":"index","follow":"follow","max-snippet":"max-snippet:-1","max-image-preview":"max-image-preview:large","max-video-preview":"max-video-preview:-1"},"canonical":"https:\/\/www.one.org\/fr\/actualites\/opinions-france-solidarite-internationale\/","og_locale":"fr_FR","og_type":"article","og_title":"Solidarit\u00e9 internationale : \u00e9volution des opinions en France depuis la crise sanitaire","og_description":"Quelle a \u00e9t\u00e9 la cons\u00e9quence de la crise de COVID-19 sur la perception qu'ont les Fran\u00e7ais et Fran\u00e7aises de la solidarit\u00e9 internationale ?","og_url":"https:\/\/www.one.org\/fr\/actualites\/opinions-france-solidarite-internationale\/","og_site_name":"ONE.org France","article_publisher":"https:\/\/www.facebook.com\/ONE.Fr","article_published_time":"2020-12-14T10:15:14+00:00","article_modified_time":"2023-12-08T13:47:25+00:00","og_image":[{"width":1200,"height":1200,"url":"https:\/\/www.one.org\/fr\/wp-content\/uploads\/sites\/4\/2020\/12\/1-OW_2020_featured_1200x1200.png","type":"image\/png"}],"author":"Dana Khalil","twitter_card":"summary_large_image","twitter_creator":"@one_fr","twitter_site":"@one_fr","twitter_misc":{"Written by":"Dana Khalil","Est. reading time":"5 minutes"},"schema":{"@context":"https:\/\/schema.org","@graph":[{"@type":"Article","@id":"https:\/\/www.one.org\/fr\/actualites\/opinions-france-solidarite-internationale\/#article","isPartOf":{"@id":"https:\/\/www.one.org\/fr\/actualites\/opinions-france-solidarite-internationale\/"},"author":{"name":"Dana Khalil","@id":"https:\/\/www.one.org\/fr\/#\/schema\/person\/cf1f30f9800f0592ec3d61940be82003"},"headline":"Solidarit\u00e9 internationale : \u00e9volution des opinions en France depuis la crise sanitaire","datePublished":"2020-12-14T10:15:14+00:00","dateModified":"2023-12-08T13:47:25+00:00","mainEntityOfPage":{"@id":"https:\/\/www.one.org\/fr\/actualites\/opinions-france-solidarite-internationale\/"},"wordCount":1130,"commentCount":0,"image":{"@id":"https:\/\/www.one.org\/fr\/actualites\/opinions-france-solidarite-internationale\/#primaryimage"},"thumbnailUrl":"https:\/\/www.one.org\/fr\/wp-content\/uploads\/sites\/4\/2020\/12\/1-OW_2020_featured_1200x1200.png","articleSection":["ONE"],"inLanguage":"fr-FR","potentialAction":[{"@type":"CommentAction","name":"Comment","target":["https:\/\/www.one.org\/fr\/actualites\/opinions-france-solidarite-internationale\/#respond"]}]},{"@type":"WebPage","@id":"https:\/\/www.one.org\/fr\/actualites\/opinions-france-solidarite-internationale\/","url":"https:\/\/www.one.org\/fr\/actualites\/opinions-france-solidarite-internationale\/","name":"Solidarit\u00e9 internationale : \u00e9volution des opinions en France depuis la crise sanitaire - ONE.org France","isPartOf":{"@id":"https:\/\/www.one.org\/fr\/#website"},"primaryImageOfPage":{"@id":"https:\/\/www.one.org\/fr\/actualites\/opinions-france-solidarite-internationale\/#primaryimage"},"image":{"@id":"https:\/\/www.one.org\/fr\/actualites\/opinions-france-solidarite-internationale\/#primaryimage"},"thumbnailUrl":"https:\/\/www.one.org\/fr\/wp-content\/uploads\/sites\/4\/2020\/12\/1-OW_2020_featured_1200x1200.png","datePublished":"2020-12-14T10:15:14+00:00","dateModified":"2023-12-08T13:47:25+00:00","author":{"@id":"https:\/\/www.one.org\/fr\/#\/schema\/person\/cf1f30f9800f0592ec3d61940be82003"},"description":"Quelle a \u00e9t\u00e9 la cons\u00e9quence de la crise de COVID-19 sur la perception qu'ont les Fran\u00e7ais et Fran\u00e7aises de la solidarit\u00e9 internationale ?","breadcrumb":{"@id":"https:\/\/www.one.org\/fr\/actualites\/opinions-france-solidarite-internationale\/#breadcrumb"},"inLanguage":"fr-FR","potentialAction":[{"@type":"ReadAction","target":["https:\/\/www.one.org\/fr\/actualites\/opinions-france-solidarite-internationale\/"]}]},{"@type":"ImageObject","inLanguage":"fr-FR","@id":"https:\/\/www.one.org\/fr\/actualites\/opinions-france-solidarite-internationale\/#primaryimage","url":"https:\/\/www.one.org\/fr\/wp-content\/uploads\/sites\/4\/2020\/12\/1-OW_2020_featured_1200x1200.png","contentUrl":"https:\/\/www.one.org\/fr\/wp-content\/uploads\/sites\/4\/2020\/12\/1-OW_2020_featured_1200x1200.png","width":1200,"height":1200},{"@type":"BreadcrumbList","@id":"https:\/\/www.one.org\/fr\/actualites\/opinions-france-solidarite-internationale\/#breadcrumb","itemListElement":[{"@type":"ListItem","position":1,"name":"Home","item":"https:\/\/www.one.org\/fr\/"},{"@type":"ListItem","position":2,"name":"Solidarit\u00e9 internationale : \u00e9volution des opinions en France depuis la crise sanitaire"}]},{"@type":"WebSite","@id":"https:\/\/www.one.org\/fr\/#website","url":"https:\/\/www.one.org\/fr\/","name":"ONE.org","description":"Cr\u00e9er des opportunit\u00e9s \u00e9conomiques et am\u00e9liorer la sant\u00e9 en Afrique","potentialAction":[{"@type":"SearchAction","target":{"@type":"EntryPoint","urlTemplate":"https:\/\/www.one.org\/fr\/?s={search_term_string}"},"query-input":{"@type":"PropertyValueSpecification","valueRequired":true,"valueName":"search_term_string"}}],"inLanguage":"fr-FR"},{"@type":"Person","@id":"https:\/\/www.one.org\/fr\/#\/schema\/person\/cf1f30f9800f0592ec3d61940be82003","name":"Dana Khalil","image":{"@type":"ImageObject","inLanguage":"fr-FR","@id":"https:\/\/www.one.org\/fr\/#\/schema\/person\/image\/","url":"https:\/\/secure.gravatar.com\/avatar\/b0da536f00ccefadcc7aae4e64855977a5249adb1ac04162a69474e53a8d4c40?s=96&d=mm&r=g","contentUrl":"https:\/\/secure.gravatar.com\/avatar\/b0da536f00ccefadcc7aae4e64855977a5249adb1ac04162a69474e53a8d4c40?s=96&d=mm&r=g","caption":"Dana Khalil"},"url":"https:\/\/www.one.org\/fr\/actualites\/author\/danakhalil\/"}]}},"distributor_meta":false,"distributor_terms":false,"distributor_media":false,"distributor_original_site_name":"ONE.org France","distributor_original_site_url":"https:\/\/www.one.org\/fr","push-errors":false,"_links":{"self":[{"href":"https:\/\/www.one.org\/fr\/wp-json\/wp\/v2\/posts\/162457","targetHints":{"allow":["GET"]}}],"collection":[{"href":"https:\/\/www.one.org\/fr\/wp-json\/wp\/v2\/posts"}],"about":[{"href":"https:\/\/www.one.org\/fr\/wp-json\/wp\/v2\/types\/post"}],"author":[{"embeddable":true,"href":"https:\/\/www.one.org\/fr\/wp-json\/wp\/v2\/users\/24"}],"replies":[{"embeddable":true,"href":"https:\/\/www.one.org\/fr\/wp-json\/wp\/v2\/comments?post=162457"}],"version-history":[{"count":0,"href":"https:\/\/www.one.org\/fr\/wp-json\/wp\/v2\/posts\/162457\/revisions"}],"wp:featuredmedia":[{"embeddable":true,"href":"https:\/\/www.one.org\/fr\/wp-json\/wp\/v2\/media\/163161"}],"wp:attachment":[{"href":"https:\/\/www.one.org\/fr\/wp-json\/wp\/v2\/media?parent=162457"}],"wp:term":[{"taxonomy":"category","embeddable":true,"href":"https:\/\/www.one.org\/fr\/wp-json\/wp\/v2\/categories?post=162457"},{"taxonomy":"post_tag","embeddable":true,"href":"https:\/\/www.one.org\/fr\/wp-json\/wp\/v2\/tags?post=162457"},{"taxonomy":"topic","embeddable":true,"href":"https:\/\/www.one.org\/fr\/wp-json\/wp\/v2\/topic?post=162457"},{"taxonomy":"contributor","embeddable":true,"href":"https:\/\/www.one.org\/fr\/wp-json\/wp\/v2\/contributor?post=162457"},{"taxonomy":"one_content_audience","embeddable":true,"href":"https:\/\/www.one.org\/fr\/wp-json\/wp\/v2\/one_content_audience?post=162457"},{"taxonomy":"one_content_type","embeddable":true,"href":"https:\/\/www.one.org\/fr\/wp-json\/wp\/v2\/one_content_type?post=162457"},{"taxonomy":"one_content_tone","embeddable":true,"href":"https:\/\/www.one.org\/fr\/wp-json\/wp\/v2\/one_content_tone?post=162457"}],"curies":[{"name":"wp","href":"https:\/\/api.w.org\/{rel}","templated":true}]}}