{"id":162451,"date":"2020-11-20T07:58:59","date_gmt":"2020-11-20T07:58:59","guid":{"rendered":"https:\/\/www.one.org\/fr\/nos-jeunes-ambassadeur%c2%b7rice%c2%b7s-partagent-leurs-espoirs-pour-les-generations-futures\/"},"modified":"2024-04-23T12:36:02","modified_gmt":"2024-04-23T12:36:02","slug":"nos-jeunes-ambassadeur%c2%b7rice%c2%b7s-partagent-leurs-espoirs-pour-les-generations-futures","status":"publish","type":"post","link":"https:\/\/www.one.org\/fr\/actualites\/nos-jeunes-ambassadeur%c2%b7rice%c2%b7s-partagent-leurs-espoirs-pour-les-generations-futures\/","title":{"rendered":"Nos jeunes Ambassadeur\u00b7rice\u00b7s partagent leurs espoirs pour les g\u00e9n\u00e9rations futures\u00a0"},"content":{"rendered":"<p><span style=\"font-weight: 400\">Pr&eacute;parer les g&eacute;n&eacute;rations futures et investir d&egrave;s maintenant dans leur avenir est essentiel pour cr&eacute;er un avenir meilleur pour toutes et tous, quel que soit leur &acirc;ge, partout dans le monde.&nbsp;<\/span><\/p>\n<p><span style=\"font-weight: 400\">C&rsquo;est pr&eacute;cis&eacute;ment ce que fait la<\/span><a href=\"https:\/\/www.un.org\/fr\/observances\/world-childrens-day\"> <span style=\"font-weight: 400\">Journ&eacute;e mondiale de l&rsquo;enfance<\/span><\/a><span style=\"font-weight: 400\"> en promouvant les droits de l&rsquo;enfant. Depuis <\/span><a href=\"https:\/\/www.un.org\/fr\/observances\/world-childrens-day\"><span style=\"font-weight: 400\">1954<\/span><\/a><span style=\"font-weight: 400\">, le 20 novembre, <\/span><a href=\"https:\/\/www.un.org\/fr\/observances\/world-childrens-day\"><span style=\"font-weight: 400\">le monde se rassemble<\/span><\/a><span style=\"font-weight: 400\"> chaque ann&eacute;e &ldquo;afin de promouvoir le respect et les droits des enfants&rdquo;. La journ&eacute;e vise &agrave; garantir que les enfants du monde entier disposent des outils et des opportunit&eacute;s n&eacute;cessaires &agrave; la cr&eacute;ation d&rsquo;un avenir meilleur.<\/span><\/p>\n<p><span style=\"font-weight: 400\">Chez ONE, nous pensons qu&rsquo;il est indispensable que les enfants du monde entier en aient les moyens et puissent mener une vie remplie d&rsquo;opportunit&eacute;s. C&rsquo;est pourquoi, pour marquer la Journ&eacute;e mondiale de l&rsquo;enfance, nous avons demand&eacute; &agrave; nos jeunes Ambassadeurs et Ambassadrices de nous expliquer ce que cette journ&eacute;e signifie pour eux et ce qu&rsquo;ils esp&egrave;rent voir pour les g&eacute;n&eacute;rations futures.<\/span><\/p>\n<p><b>Oc&eacute;ane, 23 ans<\/b><\/p>\n<p><span style=\"font-weight: 400\">&laquo; La Journ&eacute;e mondiale de l&rsquo;enfance sert &agrave; nous rappeler que les enfants sont l&rsquo;avenir de notre monde et que le respect de leurs droits est essentiel pour assurer les bases d&rsquo;un monde plus &eacute;quitable.<\/span><\/p>\n<p><span style=\"font-weight: 400\">Le droit &agrave; l&rsquo;&eacute;ducation semble &eacute;vident dans les pays occidentaux mais il ne l&rsquo;est pas dans de nombreux pays. Le contexte sanitaire a d&rsquo;ailleurs renforc&eacute; les in&eacute;galit&eacute;s et a priv&eacute; de nombreux enfants de l&rsquo;acc&egrave;s aux &eacute;coles et aux enseignements. Le droit &agrave; l&rsquo;&eacute;ducation est l&rsquo;un des piliers d&rsquo;un monde plus juste et ce droit ne doit pas &ecirc;tre bafou&eacute;, quelle que soit la localisation de l&rsquo;enfant.<\/span><\/p>\n<p><span style=\"font-weight: 400\">De plus, de nombreux enfants vivent dans des situations ex&eacute;crables, avec des maltraitances et de l&rsquo;exploitation. Tout cela doit cesser. La protection des enfants est indispensable pour construire un avenir plus &eacute;galitaire et plus durable. &raquo;<\/span><\/p>\n<p><b><\/b><span style=\"font-weight: 400\">&nbsp;<\/span><b>Cha&iuml;ma, 17 ans<\/b><\/p>\n<p><span style=\"font-weight: 400\">&laquo; J&rsquo;ai d&eacute;couvert la Journ&eacute;e mondiale de l&rsquo;enfance lorsque j&rsquo;&eacute;tais en troisi&egrave;me lors d&rsquo;un &eacute;v&eacute;nement organis&eacute; par l&rsquo;UNICEF, le Fonds des Nations unies pour l&rsquo;enfance. Le th&egrave;me de l&rsquo;ann&eacute;e abordait les questions d&rsquo;entraide et l&rsquo;importance de l&rsquo;&eacute;ducation et de l&rsquo;acc&egrave;s aux savoirs critiques.&nbsp; C&rsquo;est une th&eacute;matique qui me tient &agrave; c&oelig;ur depuis lors. Je suis encore engag&eacute;e &agrave; l&rsquo;UNICEF et cette ann&eacute;e j&rsquo;ai pu retrouver ce m&ecirc;me esprit chez ONE. Cette notion selon laquelle le changement sera global, intersectionnel, ou ne sera pas. Ce changement passe par la n&eacute;cessit&eacute; d&rsquo;apporter &agrave; tous les enfants du monde les cl&eacute;s pour &ecirc;tre des vecteurs de changement. Et avant d&rsquo;&eacute;radiquer cette ignorance qui p&egrave;se sur les esprits des plus jeunes, il est n&eacute;cessaire avant tout de se pencher sur les probl&eacute;matiques cl&eacute;s : la lutte contre l&rsquo;extr&ecirc;me pauvret&eacute; et pour l&rsquo;acc&egrave;s &agrave; l&rsquo;&eacute;ducation. Lorsque je pense &agrave; la Journ&eacute;e mondiale de l&rsquo;enfance, je pense &agrave; tous ceux &agrave; qui on pourrait permettre d&rsquo;avoir un avenir meilleur afin de devenir des hommes et des femmes &eacute;clair&eacute;&middot;e&middot;s. &raquo;<\/span><\/p>\n<p><b><\/b><b>David, 22 ans<\/b><\/p>\n<p><span style=\"font-weight: 400\">&laquo; La Journ&eacute;e mondiale de l&rsquo;enfance, c&rsquo;est l&rsquo;occasion de se rappeler que de nombreux enfants n&rsquo;ont pas la chance que l&rsquo;on a, que j&rsquo;ai. Que de nombreux enfants dans des zones de conflit ou d&rsquo;extr&ecirc;me pauvret&eacute; se font voler la na&iuml;vet&eacute; de leur enfance par une pr&eacute;carit&eacute; et un risque permanents. C&rsquo;est aussi l&rsquo;occasion de se rappeler que des millions de filles ne peuvent pas aller &agrave; l&rsquo;&eacute;cole chaque jour. Alors, ce que je souhaite par-dessus tout pour les prochaines g&eacute;n&eacute;rations, c&rsquo;est que, peu importe qui l&rsquo;on est et d&rsquo;o&ugrave; l&rsquo;on vient, chaque enfant qui naisse dans ce monde ait les m&ecirc;mes chances de r&eacute;ussir et de s&rsquo;&eacute;manciper. &raquo;<\/span><\/p>\n<p><b><\/b><b>Sarah, 24 ans<\/b><\/p>\n<p><span style=\"font-weight: 400\">&laquo; La Journ&eacute;e mondiale de l&rsquo;enfance repr&eacute;sente pour moi deux occasions :<\/span><\/p>\n<ol>\n<li><span style=\"font-weight: 400\"> il s&rsquo;agit de <\/span><b>donner la parole aux enfants<\/b><span style=\"font-weight: 400\"> et<\/span><\/li>\n<li><span style=\"font-weight: 400\"> il s&rsquo;agit de <\/span><b>ne plus &eacute;tablir d&rsquo;agenda politique sans prendre en compte leurs besoins<\/b><span style=\"font-weight: 400\">.<\/span><\/li>\n<\/ol>\n<p><span style=\"font-weight: 400\">Nous le savons, les enfants dont les besoins sont pris en compte peuvent s&rsquo;&eacute;panouir individuellement et contribuer au changement dans nos soci&eacute;t&eacute;s et donc &agrave; une certaine prosp&eacute;rit&eacute; de leur environnement proche. Comment ? <\/span><b>En sachant faire preuve d&rsquo;une grande r&eacute;silience et en b&eacute;n&eacute;ficiant de nombreuses ressources, ils\/elles peuvent devenir une source d&rsquo;inspiration pour transformer le monde<\/b><span style=\"font-weight: 400\">. En cette journ&eacute;e de c&eacute;l&eacute;bration et de rappel, je pense qu&rsquo;il est n&eacute;cessaire de garder cette force que les enfants portent en eux\/elles et ne pas uniquement percevoir les enfants comme de petites personnes ou de futurs adultes. Leur vision pr&eacute;sente du monde et leurs ressources internes telles que la confiance et le leadership se consolident d&egrave;s aujourd&rsquo;hui et cela est pr&eacute;cieux.<\/span><\/p>\n<p><b>Aujourd&rsquo;hui, les besoins des enfants sont connus, reconnus comme le t&eacute;moignent les 30 ans de la Convention internationale des droits de l&rsquo;enfant (CIDE). Pourtant, ces besoins ne sont pas encore consid&eacute;r&eacute;s comme LA priorit&eacute; pour fa&ccedil;onner un monde durable<\/b><span style=\"font-weight: 400\">. Je pense par exemple aux mariages d&rsquo;enfants qui, en plus de la violence qu&rsquo;ils repr&eacute;sentent, ont des cons&eacute;quences catastrophiques sur le long terme pour la sant&eacute; et la vie des femmes, des familles et des soci&eacute;t&eacute;s dans leur ensemble. (Selon le Fonds des Nations unies pour la population, une fille sur cinq &agrave; travers le monde est mari&eacute;e ou en union avant l&rsquo;&acirc;ge de 18 ans. Dans les pays en voie de d&eacute;veloppement, les statistiques sont plus importantes encore &ndash; 40 % des jeunes filles sont mari&eacute;es avant l&rsquo;&acirc;ge de 18 ans et 12 % avant l&rsquo;&acirc;ge de 15 ans.)<\/span><\/p>\n<p><span style=\"font-weight: 400\">En version n&eacute;gative : continuer &agrave; bafouer les droits des enfants, c&rsquo;est condamner nos soci&eacute;t&eacute;s au spectre de la violence.<\/span><\/p>\n<p><span style=\"font-weight: 400\">En version positive : <\/span><b>renforcer les droits et le potentiel des enfants, c&rsquo;est permettre &agrave; nos soci&eacute;t&eacute;s de grandir, de prosp&eacute;rer et d&rsquo;inspirer les g&eacute;n&eacute;rations futures.<\/b><\/p>\n<p><b>&Agrave; l&rsquo;avenir, je souhaite que la parole des enfants soit toujours consid&eacute;r&eacute;e comme l&eacute;gitime et s&eacute;rieuse car elle est porteuse de sens<\/b><span style=\"font-weight: 400\">. &raquo;<\/span><\/p>\n<p><b><\/b><b>Tidjiane, 20 ans<\/b><\/p>\n<p><span style=\"font-weight: 400\">&laquo; La Journ&eacute;e mondiale de l&rsquo;enfance est pour moi l&rsquo;occasion de nous rem&eacute;morer la n&ocirc;tre, avec nostalgie, les bons comme les moins bons moments. La pers&eacute;v&eacute;rance et l&rsquo;insouciance des premiers pas, jusqu&rsquo;aux premiers bleus aux genoux. Chaque individu a le droit &agrave; une enfance digne, de vivre ces moments, sans en &ecirc;tre priv&eacute;. Il n&rsquo;est pas normal que de nos jours, d&rsquo;un pays &agrave; un autre, la pr&eacute;occupation principale d&rsquo;un enfant puisse &ecirc;tre de savoir s&rsquo;il va manger aujourd&rsquo;hui. Notre devoir commun est donc de bannir cela, non seulement d&egrave;s maintenant mais aussi pour les g&eacute;n&eacute;rations &agrave; venir. &raquo;<\/span><\/p>\n<p>&nbsp;<\/p>\n<div class=\"buffer\"><\/div>","protected":false},"excerpt":{"rendered":"<p>Pr&eacute;parer les g&eacute;n&eacute;rations futures et investir d&egrave;s maintenant dans leur avenir est essentiel pour cr&eacute;er un avenir meilleur pour toutes et tous, quel que soit leur &acirc;ge, partout dans le monde.&nbsp; C&rsquo;est pr&eacute;cis&eacute;ment ce que fait la Journ&eacute;e mondiale de l&rsquo;enfance en promouvant les droits de l&rsquo;enfant. Depuis 1954, le 20 novembre, le monde se [&hellip;]<\/p>\n","protected":false},"author":0,"featured_media":163173,"comment_status":"open","ping_status":"open","sticky":false,"template":"","format":"standard","meta":{"_acf_changed":false,"_relevanssi_hide_post":"","_relevanssi_hide_content":"","_relevanssi_pin_for_all":"","_relevanssi_pin_keywords":"","_relevanssi_unpin_keywords":"","_relevanssi_related_keywords":"","_relevanssi_related_include_ids":"","_relevanssi_related_exclude_ids":"","_relevanssi_related_no_append":"","_relevanssi_related_not_related":"","_relevanssi_related_posts":"","_relevanssi_noindex_reason":"","footnotes":""},"categories":[34],"tags":[],"topic":[48,47],"contributor":[49],"one_content_audience":[],"one_content_type":[],"one_content_tone":[],"class_list":["post-162451","post","type-post","status-publish","format-standard","has-post-thumbnail","hentry","category-one","topic-jeunes-ambassadeurrices-de-one","topic-que-font-nos-membres","contributor-jeunes-ambassadeur-rice-s-de-one"],"acf":[],"yoast_head":"<!-- This site is optimized with the Yoast SEO Premium plugin v27.1 (Yoast SEO v27.1.1) - https:\/\/yoast.com\/product\/yoast-seo-premium-wordpress\/ -->\n<title>Nos jeunes Ambassadeur\u00b7rice\u00b7s partagent leurs espoirs pour les g\u00e9n\u00e9rations futures\u00a0 - ONE.org France<\/title>\n<meta name=\"robots\" content=\"index, follow, max-snippet:-1, max-image-preview:large, max-video-preview:-1\" \/>\n<link rel=\"canonical\" href=\"https:\/\/www.one.org\/fr\/actualites\/nos-jeunes-ambassadeur\u00b7rice\u00b7s-partagent-leurs-espoirs-pour-les-generations-futures\/\" \/>\n<meta property=\"og:locale\" content=\"fr_FR\" \/>\n<meta property=\"og:type\" content=\"article\" \/>\n<meta property=\"og:title\" content=\"Nos jeunes Ambassadeur\u00b7rice\u00b7s partagent leurs espoirs pour les g\u00e9n\u00e9rations futures\u00a0\" \/>\n<meta property=\"og:description\" content=\"Pr&eacute;parer les g&eacute;n&eacute;rations futures et investir d&egrave;s maintenant dans leur avenir est essentiel pour cr&eacute;er un avenir meilleur pour toutes et tous, quel que soit leur &acirc;ge, partout dans le monde.&nbsp; C&rsquo;est pr&eacute;cis&eacute;ment ce que fait la Journ&eacute;e mondiale de l&rsquo;enfance en promouvant les droits de l&rsquo;enfant. Depuis 1954, le 20 novembre, le monde se [&hellip;]\" \/>\n<meta property=\"og:url\" content=\"https:\/\/www.one.org\/fr\/actualites\/nos-jeunes-ambassadeur\u00b7rice\u00b7s-partagent-leurs-espoirs-pour-les-generations-futures\/\" \/>\n<meta property=\"og:site_name\" content=\"ONE.org France\" \/>\n<meta property=\"article:publisher\" content=\"https:\/\/www.facebook.com\/ONE.Fr\" \/>\n<meta property=\"article:published_time\" content=\"2020-11-20T07:58:59+00:00\" \/>\n<meta property=\"article:modified_time\" content=\"2024-04-23T12:36:02+00:00\" \/>\n<meta property=\"og:image\" content=\"https:\/\/www.one.org\/fr\/wp-content\/uploads\/sites\/4\/2020\/11\/1200x1200_Kenya_Health_Worker_Video_Shoot.158.jpeg\" \/>\n\t<meta property=\"og:image:width\" content=\"2108\" \/>\n\t<meta property=\"og:image:height\" content=\"2108\" \/>\n\t<meta property=\"og:image:type\" content=\"image\/jpeg\" \/>\n<meta name=\"twitter:card\" content=\"summary_large_image\" \/>\n<meta name=\"twitter:creator\" content=\"@one_fr\" \/>\n<meta name=\"twitter:site\" content=\"@one_fr\" \/>\n<meta name=\"twitter:label1\" content=\"Est. reading time\" \/>\n\t<meta name=\"twitter:data1\" content=\"7 minutes\" \/>\n<script type=\"application\/ld+json\" class=\"yoast-schema-graph\">{\"@context\":\"https:\/\/schema.org\",\"@graph\":[{\"@type\":\"Article\",\"@id\":\"https:\/\/www.one.org\/fr\/actualites\/nos-jeunes-ambassadeur%c2%b7rice%c2%b7s-partagent-leurs-espoirs-pour-les-generations-futures\/#article\",\"isPartOf\":{\"@id\":\"https:\/\/www.one.org\/fr\/actualites\/nos-jeunes-ambassadeur%c2%b7rice%c2%b7s-partagent-leurs-espoirs-pour-les-generations-futures\/\"},\"author\":{\"name\":\"\",\"@id\":\"\"},\"headline\":\"Nos jeunes Ambassadeur\u00b7rice\u00b7s partagent leurs espoirs pour les g\u00e9n\u00e9rations futures\u00a0\",\"datePublished\":\"2020-11-20T07:58:59+00:00\",\"dateModified\":\"2024-04-23T12:36:02+00:00\",\"mainEntityOfPage\":{\"@id\":\"https:\/\/www.one.org\/fr\/actualites\/nos-jeunes-ambassadeur%c2%b7rice%c2%b7s-partagent-leurs-espoirs-pour-les-generations-futures\/\"},\"wordCount\":1471,\"commentCount\":0,\"image\":{\"@id\":\"https:\/\/www.one.org\/fr\/actualites\/nos-jeunes-ambassadeur%c2%b7rice%c2%b7s-partagent-leurs-espoirs-pour-les-generations-futures\/#primaryimage\"},\"thumbnailUrl\":\"https:\/\/www.one.org\/fr\/wp-content\/uploads\/sites\/4\/2020\/11\/1200x1200_Kenya_Health_Worker_Video_Shoot.158.jpeg\",\"articleSection\":[\"ONE\"],\"inLanguage\":\"fr-FR\",\"potentialAction\":[{\"@type\":\"CommentAction\",\"name\":\"Comment\",\"target\":[\"https:\/\/www.one.org\/fr\/actualites\/nos-jeunes-ambassadeur%c2%b7rice%c2%b7s-partagent-leurs-espoirs-pour-les-generations-futures\/#respond\"]}]},{\"@type\":\"WebPage\",\"@id\":\"https:\/\/www.one.org\/fr\/actualites\/nos-jeunes-ambassadeur%c2%b7rice%c2%b7s-partagent-leurs-espoirs-pour-les-generations-futures\/\",\"url\":\"https:\/\/www.one.org\/fr\/actualites\/nos-jeunes-ambassadeur%c2%b7rice%c2%b7s-partagent-leurs-espoirs-pour-les-generations-futures\/\",\"name\":\"Nos jeunes Ambassadeur\u00b7rice\u00b7s partagent leurs espoirs pour les g\u00e9n\u00e9rations futures\u00a0 - ONE.org France\",\"isPartOf\":{\"@id\":\"https:\/\/www.one.org\/fr\/#website\"},\"primaryImageOfPage\":{\"@id\":\"https:\/\/www.one.org\/fr\/actualites\/nos-jeunes-ambassadeur%c2%b7rice%c2%b7s-partagent-leurs-espoirs-pour-les-generations-futures\/#primaryimage\"},\"image\":{\"@id\":\"https:\/\/www.one.org\/fr\/actualites\/nos-jeunes-ambassadeur%c2%b7rice%c2%b7s-partagent-leurs-espoirs-pour-les-generations-futures\/#primaryimage\"},\"thumbnailUrl\":\"https:\/\/www.one.org\/fr\/wp-content\/uploads\/sites\/4\/2020\/11\/1200x1200_Kenya_Health_Worker_Video_Shoot.158.jpeg\",\"datePublished\":\"2020-11-20T07:58:59+00:00\",\"dateModified\":\"2024-04-23T12:36:02+00:00\",\"author\":{\"@id\":\"\"},\"breadcrumb\":{\"@id\":\"https:\/\/www.one.org\/fr\/actualites\/nos-jeunes-ambassadeur%c2%b7rice%c2%b7s-partagent-leurs-espoirs-pour-les-generations-futures\/#breadcrumb\"},\"inLanguage\":\"fr-FR\",\"potentialAction\":[{\"@type\":\"ReadAction\",\"target\":[\"https:\/\/www.one.org\/fr\/actualites\/nos-jeunes-ambassadeur%c2%b7rice%c2%b7s-partagent-leurs-espoirs-pour-les-generations-futures\/\"]}]},{\"@type\":\"ImageObject\",\"inLanguage\":\"fr-FR\",\"@id\":\"https:\/\/www.one.org\/fr\/actualites\/nos-jeunes-ambassadeur%c2%b7rice%c2%b7s-partagent-leurs-espoirs-pour-les-generations-futures\/#primaryimage\",\"url\":\"https:\/\/www.one.org\/fr\/wp-content\/uploads\/sites\/4\/2020\/11\/1200x1200_Kenya_Health_Worker_Video_Shoot.158.jpeg\",\"contentUrl\":\"https:\/\/www.one.org\/fr\/wp-content\/uploads\/sites\/4\/2020\/11\/1200x1200_Kenya_Health_Worker_Video_Shoot.158.jpeg\",\"width\":2108,\"height\":2108},{\"@type\":\"BreadcrumbList\",\"@id\":\"https:\/\/www.one.org\/fr\/actualites\/nos-jeunes-ambassadeur%c2%b7rice%c2%b7s-partagent-leurs-espoirs-pour-les-generations-futures\/#breadcrumb\",\"itemListElement\":[{\"@type\":\"ListItem\",\"position\":1,\"name\":\"Home\",\"item\":\"https:\/\/www.one.org\/fr\/\"},{\"@type\":\"ListItem\",\"position\":2,\"name\":\"Nos jeunes Ambassadeur\u00b7rice\u00b7s partagent leurs espoirs pour les g\u00e9n\u00e9rations futures\u00a0\"}]},{\"@type\":\"WebSite\",\"@id\":\"https:\/\/www.one.org\/fr\/#website\",\"url\":\"https:\/\/www.one.org\/fr\/\",\"name\":\"ONE.org\",\"description\":\"Cr\u00e9er des opportunit\u00e9s \u00e9conomiques et am\u00e9liorer la sant\u00e9 en Afrique\",\"potentialAction\":[{\"@type\":\"SearchAction\",\"target\":{\"@type\":\"EntryPoint\",\"urlTemplate\":\"https:\/\/www.one.org\/fr\/?s={search_term_string}\"},\"query-input\":{\"@type\":\"PropertyValueSpecification\",\"valueRequired\":true,\"valueName\":\"search_term_string\"}}],\"inLanguage\":\"fr-FR\"}]}<\/script>\n<!-- \/ Yoast SEO Premium plugin. -->","yoast_head_json":{"title":"Nos jeunes Ambassadeur\u00b7rice\u00b7s partagent leurs espoirs pour les g\u00e9n\u00e9rations futures\u00a0 - ONE.org France","robots":{"index":"index","follow":"follow","max-snippet":"max-snippet:-1","max-image-preview":"max-image-preview:large","max-video-preview":"max-video-preview:-1"},"canonical":"https:\/\/www.one.org\/fr\/actualites\/nos-jeunes-ambassadeur\u00b7rice\u00b7s-partagent-leurs-espoirs-pour-les-generations-futures\/","og_locale":"fr_FR","og_type":"article","og_title":"Nos jeunes Ambassadeur\u00b7rice\u00b7s partagent leurs espoirs pour les g\u00e9n\u00e9rations futures\u00a0","og_description":"Pr&eacute;parer les g&eacute;n&eacute;rations futures et investir d&egrave;s maintenant dans leur avenir est essentiel pour cr&eacute;er un avenir meilleur pour toutes et tous, quel que soit leur &acirc;ge, partout dans le monde.&nbsp; C&rsquo;est pr&eacute;cis&eacute;ment ce que fait la Journ&eacute;e mondiale de l&rsquo;enfance en promouvant les droits de l&rsquo;enfant. Depuis 1954, le 20 novembre, le monde se [&hellip;]","og_url":"https:\/\/www.one.org\/fr\/actualites\/nos-jeunes-ambassadeur\u00b7rice\u00b7s-partagent-leurs-espoirs-pour-les-generations-futures\/","og_site_name":"ONE.org France","article_publisher":"https:\/\/www.facebook.com\/ONE.Fr","article_published_time":"2020-11-20T07:58:59+00:00","article_modified_time":"2024-04-23T12:36:02+00:00","og_image":[{"width":2108,"height":2108,"url":"https:\/\/www.one.org\/fr\/wp-content\/uploads\/sites\/4\/2020\/11\/1200x1200_Kenya_Health_Worker_Video_Shoot.158.jpeg","type":"image\/jpeg"}],"twitter_card":"summary_large_image","twitter_creator":"@one_fr","twitter_site":"@one_fr","twitter_misc":{"Est. reading time":"7 minutes"},"schema":{"@context":"https:\/\/schema.org","@graph":[{"@type":"Article","@id":"https:\/\/www.one.org\/fr\/actualites\/nos-jeunes-ambassadeur%c2%b7rice%c2%b7s-partagent-leurs-espoirs-pour-les-generations-futures\/#article","isPartOf":{"@id":"https:\/\/www.one.org\/fr\/actualites\/nos-jeunes-ambassadeur%c2%b7rice%c2%b7s-partagent-leurs-espoirs-pour-les-generations-futures\/"},"author":{"name":"","@id":""},"headline":"Nos jeunes Ambassadeur\u00b7rice\u00b7s partagent leurs espoirs pour les g\u00e9n\u00e9rations futures\u00a0","datePublished":"2020-11-20T07:58:59+00:00","dateModified":"2024-04-23T12:36:02+00:00","mainEntityOfPage":{"@id":"https:\/\/www.one.org\/fr\/actualites\/nos-jeunes-ambassadeur%c2%b7rice%c2%b7s-partagent-leurs-espoirs-pour-les-generations-futures\/"},"wordCount":1471,"commentCount":0,"image":{"@id":"https:\/\/www.one.org\/fr\/actualites\/nos-jeunes-ambassadeur%c2%b7rice%c2%b7s-partagent-leurs-espoirs-pour-les-generations-futures\/#primaryimage"},"thumbnailUrl":"https:\/\/www.one.org\/fr\/wp-content\/uploads\/sites\/4\/2020\/11\/1200x1200_Kenya_Health_Worker_Video_Shoot.158.jpeg","articleSection":["ONE"],"inLanguage":"fr-FR","potentialAction":[{"@type":"CommentAction","name":"Comment","target":["https:\/\/www.one.org\/fr\/actualites\/nos-jeunes-ambassadeur%c2%b7rice%c2%b7s-partagent-leurs-espoirs-pour-les-generations-futures\/#respond"]}]},{"@type":"WebPage","@id":"https:\/\/www.one.org\/fr\/actualites\/nos-jeunes-ambassadeur%c2%b7rice%c2%b7s-partagent-leurs-espoirs-pour-les-generations-futures\/","url":"https:\/\/www.one.org\/fr\/actualites\/nos-jeunes-ambassadeur%c2%b7rice%c2%b7s-partagent-leurs-espoirs-pour-les-generations-futures\/","name":"Nos jeunes Ambassadeur\u00b7rice\u00b7s partagent leurs espoirs pour les g\u00e9n\u00e9rations futures\u00a0 - ONE.org France","isPartOf":{"@id":"https:\/\/www.one.org\/fr\/#website"},"primaryImageOfPage":{"@id":"https:\/\/www.one.org\/fr\/actualites\/nos-jeunes-ambassadeur%c2%b7rice%c2%b7s-partagent-leurs-espoirs-pour-les-generations-futures\/#primaryimage"},"image":{"@id":"https:\/\/www.one.org\/fr\/actualites\/nos-jeunes-ambassadeur%c2%b7rice%c2%b7s-partagent-leurs-espoirs-pour-les-generations-futures\/#primaryimage"},"thumbnailUrl":"https:\/\/www.one.org\/fr\/wp-content\/uploads\/sites\/4\/2020\/11\/1200x1200_Kenya_Health_Worker_Video_Shoot.158.jpeg","datePublished":"2020-11-20T07:58:59+00:00","dateModified":"2024-04-23T12:36:02+00:00","author":{"@id":""},"breadcrumb":{"@id":"https:\/\/www.one.org\/fr\/actualites\/nos-jeunes-ambassadeur%c2%b7rice%c2%b7s-partagent-leurs-espoirs-pour-les-generations-futures\/#breadcrumb"},"inLanguage":"fr-FR","potentialAction":[{"@type":"ReadAction","target":["https:\/\/www.one.org\/fr\/actualites\/nos-jeunes-ambassadeur%c2%b7rice%c2%b7s-partagent-leurs-espoirs-pour-les-generations-futures\/"]}]},{"@type":"ImageObject","inLanguage":"fr-FR","@id":"https:\/\/www.one.org\/fr\/actualites\/nos-jeunes-ambassadeur%c2%b7rice%c2%b7s-partagent-leurs-espoirs-pour-les-generations-futures\/#primaryimage","url":"https:\/\/www.one.org\/fr\/wp-content\/uploads\/sites\/4\/2020\/11\/1200x1200_Kenya_Health_Worker_Video_Shoot.158.jpeg","contentUrl":"https:\/\/www.one.org\/fr\/wp-content\/uploads\/sites\/4\/2020\/11\/1200x1200_Kenya_Health_Worker_Video_Shoot.158.jpeg","width":2108,"height":2108},{"@type":"BreadcrumbList","@id":"https:\/\/www.one.org\/fr\/actualites\/nos-jeunes-ambassadeur%c2%b7rice%c2%b7s-partagent-leurs-espoirs-pour-les-generations-futures\/#breadcrumb","itemListElement":[{"@type":"ListItem","position":1,"name":"Home","item":"https:\/\/www.one.org\/fr\/"},{"@type":"ListItem","position":2,"name":"Nos jeunes Ambassadeur\u00b7rice\u00b7s partagent leurs espoirs pour les g\u00e9n\u00e9rations futures\u00a0"}]},{"@type":"WebSite","@id":"https:\/\/www.one.org\/fr\/#website","url":"https:\/\/www.one.org\/fr\/","name":"ONE.org","description":"Cr\u00e9er des opportunit\u00e9s \u00e9conomiques et am\u00e9liorer la sant\u00e9 en Afrique","potentialAction":[{"@type":"SearchAction","target":{"@type":"EntryPoint","urlTemplate":"https:\/\/www.one.org\/fr\/?s={search_term_string}"},"query-input":{"@type":"PropertyValueSpecification","valueRequired":true,"valueName":"search_term_string"}}],"inLanguage":"fr-FR"}]}},"distributor_meta":false,"distributor_terms":false,"distributor_media":false,"distributor_original_site_name":"ONE.org France","distributor_original_site_url":"https:\/\/www.one.org\/fr","push-errors":false,"_links":{"self":[{"href":"https:\/\/www.one.org\/fr\/wp-json\/wp\/v2\/posts\/162451","targetHints":{"allow":["GET"]}}],"collection":[{"href":"https:\/\/www.one.org\/fr\/wp-json\/wp\/v2\/posts"}],"about":[{"href":"https:\/\/www.one.org\/fr\/wp-json\/wp\/v2\/types\/post"}],"replies":[{"embeddable":true,"href":"https:\/\/www.one.org\/fr\/wp-json\/wp\/v2\/comments?post=162451"}],"version-history":[{"count":0,"href":"https:\/\/www.one.org\/fr\/wp-json\/wp\/v2\/posts\/162451\/revisions"}],"wp:featuredmedia":[{"embeddable":true,"href":"https:\/\/www.one.org\/fr\/wp-json\/wp\/v2\/media\/163173"}],"wp:attachment":[{"href":"https:\/\/www.one.org\/fr\/wp-json\/wp\/v2\/media?parent=162451"}],"wp:term":[{"taxonomy":"category","embeddable":true,"href":"https:\/\/www.one.org\/fr\/wp-json\/wp\/v2\/categories?post=162451"},{"taxonomy":"post_tag","embeddable":true,"href":"https:\/\/www.one.org\/fr\/wp-json\/wp\/v2\/tags?post=162451"},{"taxonomy":"topic","embeddable":true,"href":"https:\/\/www.one.org\/fr\/wp-json\/wp\/v2\/topic?post=162451"},{"taxonomy":"contributor","embeddable":true,"href":"https:\/\/www.one.org\/fr\/wp-json\/wp\/v2\/contributor?post=162451"},{"taxonomy":"one_content_audience","embeddable":true,"href":"https:\/\/www.one.org\/fr\/wp-json\/wp\/v2\/one_content_audience?post=162451"},{"taxonomy":"one_content_type","embeddable":true,"href":"https:\/\/www.one.org\/fr\/wp-json\/wp\/v2\/one_content_type?post=162451"},{"taxonomy":"one_content_tone","embeddable":true,"href":"https:\/\/www.one.org\/fr\/wp-json\/wp\/v2\/one_content_tone?post=162451"}],"curies":[{"name":"wp","href":"https:\/\/api.w.org\/{rel}","templated":true}]}}