{"id":162449,"date":"2020-11-03T12:38:34","date_gmt":"2020-11-03T12:38:34","guid":{"rendered":"https:\/\/www.one.org\/fr\/linvisibilisation-des-femmes-durant-la-crise-du-covid-19\/"},"modified":"2023-09-11T21:54:20","modified_gmt":"2023-09-11T21:54:20","slug":"invisibilisation-femmes-covid-19-najat-vallaud-belkacem","status":"publish","type":"post","link":"https:\/\/www.one.org\/fr\/actualites\/invisibilisation-femmes-covid-19-najat-vallaud-belkacem\/","title":{"rendered":"L\u2019invisibilisation des femmes durant la crise du COVID-19"},"content":{"rendered":"<p>Comme c&rsquo;est le cas pour les domaines de <a href=\"https:\/\/www.one.org\/fr\/blog\/covid-19-une-menace-pour-leducation-des-filles\/\">l&rsquo;&eacute;ducation<\/a>, du <a href=\"https:\/\/www.one.org\/fr\/blog\/covid-19-impact-femmes\/\">travail<\/a>, des <a href=\"https:\/\/www.one.org\/fr\/blog\/comment-le-covid-19-menace-lacces-aux-soins-maternels-et-reproductifs\/\">soins de sant&eacute;<\/a> et bien d&rsquo;autres facteurs socio-&eacute;conomiques, le COVID-19 a &eacute;galement eu un impact disproportionn&eacute; sur les femmes et les filles par rapport &agrave; leurs homologues masculins. La pand&eacute;mie est une nouvelle illustration des obstacles qui subsistent &agrave; l&rsquo;&eacute;galit&eacute; des sexes. C&rsquo;est ce qu&rsquo;explique Najat Vallaud-Belkacem, ancienne ministre des Droits des femmes puis de l&rsquo;&Eacute;ducation et directrice de ONE France, dans son dernier livre <a href=\"http:\/\/www.gallimard.fr\/Catalogue\/GALLIMARD\/Tracts\/La-Societe-des-vulnerables\"><i>La soci&eacute;t&eacute; des vuln&eacute;rables : le&ccedil;ons f&eacute;ministes d&rsquo;une crise<\/i><\/a>, co-&eacute;crit avec la philosophe Sandra Laugier.<\/p>\n<p>Najat affirme que la pand&eacute;mie a rendu les femmes &ldquo;invisibles&rdquo; et a &ldquo;consid&eacute;rablement aggrav&eacute;&rdquo; leurs conditions de vie. En effet, le COVID-19 a mis en lumi&egrave;re l&rsquo;urgence de la lutte mondiale pour l&rsquo;&eacute;galit&eacute; des sexes.<\/p>\n<p>&ldquo;Si l&rsquo;on regarde &agrave; l&rsquo;&eacute;chelle mondiale, puisque je me suis efforc&eacute;e &agrave; faire ce travail-l&agrave;, on se rend compte que, partout dans le monde, les femmes ont connu une r&eacute;gression de leurs droits&rdquo;, explique Najat. &ldquo;Et malheureusement, c&rsquo;est encore davantage le cas dans les pays qui sont le plus &eacute;loign&eacute;s de l&rsquo;&eacute;quilibre et de l&rsquo;&eacute;galit&eacute; femmes-hommes&rdquo;.<\/p>\n<h3><b>L&rsquo;impact de la pand&eacute;mie sur le travail domestique<\/b><\/h3>\n<p>Le COVID-19 a impact&eacute; en premier lieu les femmes. Partout dans le monde, leurs droits ont &eacute;t&eacute; remis en question. Dans les pays les plus pauvres, la crise a &eacute;galement exacerb&eacute; les vuln&eacute;rabilit&eacute;s, &agrave; la fois en termes d&rsquo;acc&egrave;s &agrave; la nourriture, de s&eacute;curit&eacute;, mais aussi d&rsquo;&eacute;conomie.<\/p>\n<p>La pand&eacute;mie a r&eacute;v&eacute;l&eacute; une nouvelle dimension des in&eacute;galit&eacute;s entre les sexes. En effet, le COVID-19 a d&eacute;montr&eacute; le caract&egrave;re essentiel des travailleurs et travailleuses du <i>care <\/i>(c&rsquo;est-&agrave;-dire du soin, de mani&egrave;re tr&egrave;s g&eacute;n&eacute;rale) malgr&eacute; leur manque flagrant de reconnaissance au sein de la soci&eacute;t&eacute;. La crise sanitaire a soudainement r&eacute;v&eacute;l&eacute; aux yeux des citoyens que &ldquo;cette vaste, indispensable, mais invisible population des travailleurs du <i>care <\/i>est essentiellement compos&eacute;e de femmes&rdquo;.<\/p>\n<p>Avec la fermeture des &eacute;coles, le retour des enfants &agrave; la maison et la pression sur les syst&egrave;mes de sant&eacute;, les demandes de soins au sein du foyer ont augment&eacute; pendant la pand&eacute;mie. Et le fardeau incombe toujours principalement aux femmes, mais cela n&rsquo;a pas n&eacute;cessairement entra&icirc;n&eacute; une plus grande appr&eacute;ciation et reconnaissance du travail domestique, avertit Najat.<\/p>\n<p>&ldquo;Plut&ocirc;t que de consid&eacute;rer [les emplois li&eacute;s au <i>care<\/i>] comme de v&eacute;ritables professions, nous les consid&eacute;rons comme le prolongement naturel de la g&eacute;n&eacute;rosit&eacute; altruiste des femmes, l&rsquo;extension de leur instinct maternel, en gros, l&rsquo;extension du domaine domestique auquel elles sont associ&eacute;es&rdquo;, explique-t-elle, et c&rsquo;est pourquoi ces emplois sont si sous-estim&eacute;s dans nos soci&eacute;t&eacute;s.<\/p>\n<p>En effet, dans de nombreux pays, cette crise a mis en lumi&egrave;re le caract&egrave;re paradoxal de nos hi&eacute;rarchies sociales actuelles, dans lesquelles &ldquo;les citoyens les plus utiles&rdquo; &ndash; ceux qui prennent soin des autres et maintiennent la coh&eacute;sion de la soci&eacute;t&eacute; &ndash; sont &eacute;galement les moins reconnus. C&rsquo;est ce que Najat appelle un syst&egrave;me de &ldquo;valeurs invers&eacute;es&rdquo;, o&ugrave; toutes les t&acirc;ches li&eacute;es au soin sont consid&eacute;r&eacute;es comme une extension logique du domaine domestique, par cons&eacute;quent imm&eacute;diatement d&eacute;valoris&eacute;es&hellip; Parmi ces &ldquo;citoyens utiles&rdquo; se trouve une proportion consid&eacute;rable de femmes.<\/p>\n<p>Le s&eacute;isme sanitaire qui a accompagn&eacute; la pand&eacute;mie a prouv&eacute; &agrave; quel point ces travailleurs et travailleuses du <i>care<\/i> sont essentiels (caissi&egrave;res, infirmi&egrave;res, femmes de m&eacute;nage&hellip;), m&ecirc;me s&rsquo;ils ont &eacute;t&eacute; invisibilis&eacute;s pendant de nombreuses ann&eacute;es. Apr&egrave;s le pic de la pand&eacute;mie, selon Najat, beaucoup pensaient r&eacute;ellement que la soci&eacute;t&eacute; avait ouvert les yeux et qu&rsquo;elle &eacute;tait maintenant pr&ecirc;te &agrave; r&eacute;parer cette injustice en redonnant au <i>care <\/i>une place centrale dans notre ordre social.<\/p>\n<p>Malheureusement, cela n&rsquo;a pas &eacute;t&eacute; le cas. &ldquo;Cette pr&eacute;occupation a &eacute;t&eacute; absente des discussions politiques, invisibilisant ainsi le r&ocirc;le et les contributions des femmes &agrave; la vie sociale. Dans les m&eacute;dias, les femmes n&rsquo;ont &eacute;t&eacute; repr&eacute;sent&eacute;es qu&rsquo;en deuxi&egrave;me ou troisi&egrave;me ligne de la rh&eacute;torique de guerre utilis&eacute;e&rdquo;, explique Najat. &ldquo;La r&eacute;alit&eacute; des femmes a &eacute;t&eacute; une fois de plus subordonn&eacute;e aux priorit&eacute;s choisies par le discours politique&rdquo;.<\/p>\n<h3><b>Le paradoxe de l&rsquo;&eacute;galit&eacute;<\/b><\/h3>\n<p>Plus largement, l&rsquo;&eacute;galit&eacute; des sexes est, &eacute;videmment, toujours un combat en cours dans toutes les soci&eacute;t&eacute;s, explique Najat.<\/p>\n<p>&ldquo;D&rsquo;une mani&egrave;re g&eacute;n&eacute;rale, je crois que le discours f&eacute;ministe se heurte &agrave; deux choses&rdquo;, dit-elle. &ldquo;Premi&egrave;rement, le conservatisme des acteurs &eacute;tablis qui n&rsquo;ont aucun int&eacute;r&ecirc;t &agrave; accepter de l&acirc;cher une partie du pouvoir qu&rsquo;ils monopolisent, [et] deuxi&egrave;mement, il existe une forme d&rsquo;aveuglement face aux in&eacute;galit&eacute;s entre les sexes, y compris de la part des femmes dans nos soci&eacute;t&eacute;s, m&ecirc;me si elles ont &eacute;volu&eacute;&rdquo;.<\/p>\n<p>&ldquo;C&rsquo;est ce qu&rsquo;on appelle le paradoxe de l&rsquo;&eacute;galit&eacute; : les quelques victoires remport&eacute;es pour l&rsquo;&eacute;galit&eacute; des sexes, dans un pays comme la France, signifient qu&rsquo;un grand nombre de femmes ne r&eacute;alisent pas ce qui est en jeu et croient sinc&egrave;rement qu&rsquo;elles sont d&eacute;sormais trait&eacute;es &agrave; &eacute;galit&eacute; avec les hommes.&rdquo;<\/p>\n<p>Avant de rejoindre ONE, Najat a constat&eacute; ce paradoxe de l&rsquo;&eacute;galit&eacute; chez les jeunes filles lorsqu&rsquo;elle &eacute;tait ministre des Droits des femmes puis de l&rsquo;&Eacute;ducation nationale, de l&rsquo;Enseignement sup&eacute;rieur et de la Recherche. En travaillant avec des lyc&eacute;ennes, elle a appris qu&rsquo;elles &ldquo;trouvaient le discours f&eacute;ministe un peu d&eacute;mod&eacute; ou victimisant&rdquo;. Mais ce constat changeait une fois que ces jeunes filles entraient sur le march&eacute; du travail.<\/p>\n<p>&ldquo;Quatre ou cinq ans plus tard, lorsque nous reprenions la m&ecirc;me conversation avec elles&rdquo;, explique Najat, &ldquo;[quelques exp&eacute;riences dans le monde du travail] avaient suffi pour qu&rsquo;elles se rendent compte du caract&egrave;re insidieux des promotions qui ne sont jamais offertes, de la persistance des plafonds de verre et de la difficult&eacute; de jongler entre vie domestique et vie professionnelle&rdquo;.<\/p>\n<p>Najat affirme qu&rsquo;il y a &ldquo;un autre profil de femmes&rdquo; qui ne voient pas &ldquo;la r&eacute;alit&eacute;&rdquo; des in&eacute;galit&eacute;s entre les sexes et qui tombent donc dans ce paradoxe.<\/p>\n<p>&ldquo;[Ce sont] des femmes qui ont acquis une forte autonomie gr&acirc;ce &agrave; un m&eacute;tier bien r&eacute;mun&eacute;r&eacute;, qui les &eacute;loigne certes du foyer mais leur permet de d&eacute;l&eacute;guer &agrave; d&rsquo;autres, par le biais de r&eacute;tributions, la gestion de la vie domestique, des enfants, des parents &acirc;g&eacute;s, etc. Beaucoup de ces femmes se consid&egrave;rent comme l&rsquo;illustration d&rsquo;un progr&egrave;s en cours pour l&rsquo;&eacute;galit&eacute; des sexes puisqu&rsquo;elles ne s&rsquo;occupent plus de t&acirc;ches annexes&rdquo;, dit-elle.<\/p>\n<p>Mais il y a une ombre au tableau, poursuit Najat. Les femmes n&rsquo;ont pas atteint cette autonomie gr&acirc;ce au partage des charges domestiques avec les hommes. Au lieu de cela, ce sont g&eacute;n&eacute;ralement &ldquo;d&rsquo;autres femmes &ndash; plus pr&eacute;caires, g&eacute;n&eacute;ralement &eacute;trang&egrave;res et donc plus vuln&eacute;rables&rdquo; qui s&rsquo;occupent de ces t&acirc;ches.<\/p>\n<h3><b>Lever le voile de l&rsquo;ignorance&nbsp;<\/b><\/h3>\n<p>Malheureusement, les femmes ont &eacute;t&eacute; totalement oubli&eacute;es dans les r&eacute;ponses &eacute;conomiques et sociales &agrave; la crise, d&eacute;clare Najat. Tr&egrave;s peu de gouvernements ou d&rsquo;institutions internationales ont int&eacute;gr&eacute; une clause relative au genre dans l&rsquo;un de leurs plans de relance. M&ecirc;me le plan de 2 milliards de dollars de l&rsquo;ONU ne pr&eacute;voit aucune r&eacute;ponse prenant en compte l&rsquo;impact disproportionn&eacute; de la pand&eacute;mie sur les femmes.<\/p>\n<p>Dans un monde post-COVID, il est pourtant essentiel d&rsquo;inclure les femmes dans les processus de prise de d&eacute;cision.<\/p>\n<p>Dans son dernier livre <a href=\"http:\/\/www.gallimard.fr\/Catalogue\/GALLIMARD\/Tracts\/La-Societe-des-vulnerables\"><i>La soci&eacute;t&eacute; des vuln&eacute;rables : le&ccedil;ons f&eacute;ministes d&rsquo;une crise<\/i><\/a>, Najat s&rsquo;appuie sur la citation de Simone de Beauvoir : &ldquo;N&rsquo;oubliez jamais qu&rsquo;il suffira d&rsquo;une crise politique, &eacute;conomique ou religieuse pour que les droits des femmes soient remis en question&rdquo;. Triste analogie avec la situation actuelle ? Il y a toutefois des actions que les individus, les dirigeants et les gouvernements peuvent prendre pour contourner cela, continue Najat.<\/p>\n<p>&ldquo;Nous devrions lever tous les voiles d&rsquo;ignorance existants, tous ces angles morts qui nous emp&ecirc;chent de voir la r&eacute;alit&eacute; telle qu&rsquo;elle existe et telle que la crise que nous traversons la r&eacute;v&egrave;le profond&eacute;ment&rdquo;, explique Najat.<\/p>\n<p>&ldquo;Pour cela, nous avons besoin de chiffres, de donn&eacute;es, de statistiques, qui nous manquent encore trop. Pour cela, nous avons besoin de politiques volontaristes qui comprennent que ce sujet n&rsquo;est pas la derni&egrave;re roue du carrosse, mais au contraire celui qui fait vaciller nos soci&eacute;t&eacute;s&rdquo;, poursuit-elle. &ldquo;Les femmes sont les premi&egrave;res victimes de la crise du COVID-19 et leur situation doit &ecirc;tre prise en compte dans la r&eacute;flexion sur les politiques publiques &agrave; mettre en &oelig;uvre&rdquo;.<\/p>\n<p>Enfin, &ldquo;et si le combat f&eacute;ministe pour l&rsquo;&eacute;galit&eacute; &eacute;tait aussi celui pour une d&eacute;mocratie du <i>care<\/i>, c&rsquo;est-&agrave;-dire pour une soci&eacute;t&eacute; qui reconna&icirc;t enfin une valeur &eacute;conomique, politique et sociale au travail du soin, de relation et de service aux autres, et donc une valeur &agrave; la contribution de chacun plut&ocirc;t qu&rsquo;au pouvoir de quelques-uns ?&rdquo; &eacute;crit Najat.<\/p>\n<div class=\"buffer\"><\/div>","protected":false},"excerpt":{"rendered":"<p>Comme c&rsquo;est le cas pour les domaines de l&rsquo;&eacute;ducation, du travail, des soins de sant&eacute; et bien d&rsquo;autres facteurs socio-&eacute;conomiques, le COVID-19 a &eacute;galement eu un impact disproportionn&eacute; sur les femmes et les filles par rapport &agrave; leurs homologues masculins. La pand&eacute;mie est une nouvelle illustration des obstacles qui subsistent &agrave; l&rsquo;&eacute;galit&eacute; des sexes. C&rsquo;est [&hellip;]<\/p>\n","protected":false},"author":24,"featured_media":163177,"comment_status":"open","ping_status":"open","sticky":false,"template":"","format":"standard","meta":{"_acf_changed":false,"_relevanssi_hide_post":"","_relevanssi_hide_content":"","_relevanssi_pin_for_all":"","_relevanssi_pin_keywords":"","_relevanssi_unpin_keywords":"","_relevanssi_related_keywords":"","_relevanssi_related_include_ids":"","_relevanssi_related_exclude_ids":"","_relevanssi_related_no_append":"","_relevanssi_related_not_related":"","_relevanssi_related_posts":"","_relevanssi_noindex_reason":"","footnotes":""},"categories":[34],"tags":[],"topic":[36],"contributor":[45],"one_content_audience":[],"one_content_type":[],"one_content_tone":[],"class_list":["post-162449","post","type-post","status-publish","format-standard","has-post-thumbnail","hentry","category-one","topic-les-femmes-et-les-filles","contributor-najat-vallaud-belkacem"],"acf":[],"yoast_head":"<!-- This site is optimized with the Yoast SEO Premium plugin v27.1 (Yoast SEO v27.1.1) - https:\/\/yoast.com\/product\/yoast-seo-premium-wordpress\/ -->\n<title>L\u2019invisibilisation des femmes durant la crise du COVID-19 - ONE.org France<\/title>\n<meta name=\"description\" content=\"Najat Vallaud-Belkacem, ancienne ministre et directrice France de ONE, parle de l\u2019invisibilisation des femmes durant la crise du COVID-19.\" \/>\n<meta name=\"robots\" content=\"index, follow, max-snippet:-1, max-image-preview:large, max-video-preview:-1\" \/>\n<link rel=\"canonical\" href=\"https:\/\/www.one.org\/fr\/actualites\/invisibilisation-femmes-covid-19-najat-vallaud-belkacem\/\" \/>\n<meta property=\"og:locale\" content=\"fr_FR\" \/>\n<meta property=\"og:type\" content=\"article\" \/>\n<meta property=\"og:title\" content=\"L\u2019invisibilisation des femmes durant la crise du COVID-19\" \/>\n<meta property=\"og:description\" content=\"Najat Vallaud-Belkacem, ancienne ministre et directrice France de ONE, parle de l\u2019invisibilisation des femmes durant la crise du COVID-19.\" \/>\n<meta property=\"og:url\" content=\"https:\/\/www.one.org\/fr\/actualites\/invisibilisation-femmes-covid-19-najat-vallaud-belkacem\/\" \/>\n<meta property=\"og:site_name\" content=\"ONE.org France\" \/>\n<meta property=\"article:publisher\" content=\"https:\/\/www.facebook.com\/ONE.Fr\" \/>\n<meta property=\"article:published_time\" content=\"2020-11-03T12:38:34+00:00\" \/>\n<meta property=\"article:modified_time\" content=\"2023-09-11T21:54:20+00:00\" \/>\n<meta property=\"og:image\" content=\"https:\/\/www.one.org\/fr\/wp-content\/uploads\/sites\/4\/2020\/11\/IDG_2020_featured4_1200x1200-1.png\" \/>\n\t<meta property=\"og:image:width\" content=\"1200\" \/>\n\t<meta property=\"og:image:height\" content=\"1200\" \/>\n\t<meta property=\"og:image:type\" content=\"image\/png\" \/>\n<meta name=\"author\" content=\"Dana Khalil\" \/>\n<meta name=\"twitter:card\" content=\"summary_large_image\" \/>\n<meta name=\"twitter:creator\" content=\"@one_fr\" \/>\n<meta name=\"twitter:site\" content=\"@one_fr\" \/>\n<meta name=\"twitter:label1\" content=\"Written by\" \/>\n\t<meta name=\"twitter:data1\" content=\"Dana Khalil\" \/>\n\t<meta name=\"twitter:label2\" content=\"Est. reading time\" \/>\n\t<meta name=\"twitter:data2\" content=\"10 minutes\" \/>\n<script type=\"application\/ld+json\" class=\"yoast-schema-graph\">{\"@context\":\"https:\/\/schema.org\",\"@graph\":[{\"@type\":\"Article\",\"@id\":\"https:\/\/www.one.org\/fr\/actualites\/invisibilisation-femmes-covid-19-najat-vallaud-belkacem\/#article\",\"isPartOf\":{\"@id\":\"https:\/\/www.one.org\/fr\/actualites\/invisibilisation-femmes-covid-19-najat-vallaud-belkacem\/\"},\"author\":{\"name\":\"Dana Khalil\",\"@id\":\"https:\/\/www.one.org\/fr\/#\/schema\/person\/cf1f30f9800f0592ec3d61940be82003\"},\"headline\":\"L\u2019invisibilisation des femmes durant la crise du COVID-19\",\"datePublished\":\"2020-11-03T12:38:34+00:00\",\"dateModified\":\"2023-09-11T21:54:20+00:00\",\"mainEntityOfPage\":{\"@id\":\"https:\/\/www.one.org\/fr\/actualites\/invisibilisation-femmes-covid-19-najat-vallaud-belkacem\/\"},\"wordCount\":2031,\"commentCount\":0,\"image\":{\"@id\":\"https:\/\/www.one.org\/fr\/actualites\/invisibilisation-femmes-covid-19-najat-vallaud-belkacem\/#primaryimage\"},\"thumbnailUrl\":\"https:\/\/www.one.org\/fr\/wp-content\/uploads\/sites\/4\/2020\/11\/IDG_2020_featured4_1200x1200-1.png\",\"articleSection\":[\"ONE\"],\"inLanguage\":\"fr-FR\",\"potentialAction\":[{\"@type\":\"CommentAction\",\"name\":\"Comment\",\"target\":[\"https:\/\/www.one.org\/fr\/actualites\/invisibilisation-femmes-covid-19-najat-vallaud-belkacem\/#respond\"]}]},{\"@type\":\"WebPage\",\"@id\":\"https:\/\/www.one.org\/fr\/actualites\/invisibilisation-femmes-covid-19-najat-vallaud-belkacem\/\",\"url\":\"https:\/\/www.one.org\/fr\/actualites\/invisibilisation-femmes-covid-19-najat-vallaud-belkacem\/\",\"name\":\"L\u2019invisibilisation des femmes durant la crise du COVID-19 - ONE.org France\",\"isPartOf\":{\"@id\":\"https:\/\/www.one.org\/fr\/#website\"},\"primaryImageOfPage\":{\"@id\":\"https:\/\/www.one.org\/fr\/actualites\/invisibilisation-femmes-covid-19-najat-vallaud-belkacem\/#primaryimage\"},\"image\":{\"@id\":\"https:\/\/www.one.org\/fr\/actualites\/invisibilisation-femmes-covid-19-najat-vallaud-belkacem\/#primaryimage\"},\"thumbnailUrl\":\"https:\/\/www.one.org\/fr\/wp-content\/uploads\/sites\/4\/2020\/11\/IDG_2020_featured4_1200x1200-1.png\",\"datePublished\":\"2020-11-03T12:38:34+00:00\",\"dateModified\":\"2023-09-11T21:54:20+00:00\",\"author\":{\"@id\":\"https:\/\/www.one.org\/fr\/#\/schema\/person\/cf1f30f9800f0592ec3d61940be82003\"},\"description\":\"Najat Vallaud-Belkacem, ancienne ministre et directrice France de ONE, parle de l\u2019invisibilisation des femmes durant la crise du COVID-19.\",\"breadcrumb\":{\"@id\":\"https:\/\/www.one.org\/fr\/actualites\/invisibilisation-femmes-covid-19-najat-vallaud-belkacem\/#breadcrumb\"},\"inLanguage\":\"fr-FR\",\"potentialAction\":[{\"@type\":\"ReadAction\",\"target\":[\"https:\/\/www.one.org\/fr\/actualites\/invisibilisation-femmes-covid-19-najat-vallaud-belkacem\/\"]}]},{\"@type\":\"ImageObject\",\"inLanguage\":\"fr-FR\",\"@id\":\"https:\/\/www.one.org\/fr\/actualites\/invisibilisation-femmes-covid-19-najat-vallaud-belkacem\/#primaryimage\",\"url\":\"https:\/\/www.one.org\/fr\/wp-content\/uploads\/sites\/4\/2020\/11\/IDG_2020_featured4_1200x1200-1.png\",\"contentUrl\":\"https:\/\/www.one.org\/fr\/wp-content\/uploads\/sites\/4\/2020\/11\/IDG_2020_featured4_1200x1200-1.png\",\"width\":1200,\"height\":1200},{\"@type\":\"BreadcrumbList\",\"@id\":\"https:\/\/www.one.org\/fr\/actualites\/invisibilisation-femmes-covid-19-najat-vallaud-belkacem\/#breadcrumb\",\"itemListElement\":[{\"@type\":\"ListItem\",\"position\":1,\"name\":\"Home\",\"item\":\"https:\/\/www.one.org\/fr\/\"},{\"@type\":\"ListItem\",\"position\":2,\"name\":\"L\u2019invisibilisation des femmes durant la crise du COVID-19\"}]},{\"@type\":\"WebSite\",\"@id\":\"https:\/\/www.one.org\/fr\/#website\",\"url\":\"https:\/\/www.one.org\/fr\/\",\"name\":\"ONE.org\",\"description\":\"Cr\u00e9er des opportunit\u00e9s \u00e9conomiques et am\u00e9liorer la sant\u00e9 en Afrique\",\"potentialAction\":[{\"@type\":\"SearchAction\",\"target\":{\"@type\":\"EntryPoint\",\"urlTemplate\":\"https:\/\/www.one.org\/fr\/?s={search_term_string}\"},\"query-input\":{\"@type\":\"PropertyValueSpecification\",\"valueRequired\":true,\"valueName\":\"search_term_string\"}}],\"inLanguage\":\"fr-FR\"},{\"@type\":\"Person\",\"@id\":\"https:\/\/www.one.org\/fr\/#\/schema\/person\/cf1f30f9800f0592ec3d61940be82003\",\"name\":\"Dana Khalil\",\"image\":{\"@type\":\"ImageObject\",\"inLanguage\":\"fr-FR\",\"@id\":\"https:\/\/www.one.org\/fr\/#\/schema\/person\/image\/\",\"url\":\"https:\/\/secure.gravatar.com\/avatar\/b0da536f00ccefadcc7aae4e64855977a5249adb1ac04162a69474e53a8d4c40?s=96&d=mm&r=g\",\"contentUrl\":\"https:\/\/secure.gravatar.com\/avatar\/b0da536f00ccefadcc7aae4e64855977a5249adb1ac04162a69474e53a8d4c40?s=96&d=mm&r=g\",\"caption\":\"Dana Khalil\"},\"url\":\"https:\/\/www.one.org\/fr\/actualites\/author\/danakhalil\/\"}]}<\/script>\n<!-- \/ Yoast SEO Premium plugin. -->","yoast_head_json":{"title":"L\u2019invisibilisation des femmes durant la crise du COVID-19 - ONE.org France","description":"Najat Vallaud-Belkacem, ancienne ministre et directrice France de ONE, parle de l\u2019invisibilisation des femmes durant la crise du COVID-19.","robots":{"index":"index","follow":"follow","max-snippet":"max-snippet:-1","max-image-preview":"max-image-preview:large","max-video-preview":"max-video-preview:-1"},"canonical":"https:\/\/www.one.org\/fr\/actualites\/invisibilisation-femmes-covid-19-najat-vallaud-belkacem\/","og_locale":"fr_FR","og_type":"article","og_title":"L\u2019invisibilisation des femmes durant la crise du COVID-19","og_description":"Najat Vallaud-Belkacem, ancienne ministre et directrice France de ONE, parle de l\u2019invisibilisation des femmes durant la crise du COVID-19.","og_url":"https:\/\/www.one.org\/fr\/actualites\/invisibilisation-femmes-covid-19-najat-vallaud-belkacem\/","og_site_name":"ONE.org France","article_publisher":"https:\/\/www.facebook.com\/ONE.Fr","article_published_time":"2020-11-03T12:38:34+00:00","article_modified_time":"2023-09-11T21:54:20+00:00","og_image":[{"width":1200,"height":1200,"url":"https:\/\/www.one.org\/fr\/wp-content\/uploads\/sites\/4\/2020\/11\/IDG_2020_featured4_1200x1200-1.png","type":"image\/png"}],"author":"Dana Khalil","twitter_card":"summary_large_image","twitter_creator":"@one_fr","twitter_site":"@one_fr","twitter_misc":{"Written by":"Dana Khalil","Est. reading time":"10 minutes"},"schema":{"@context":"https:\/\/schema.org","@graph":[{"@type":"Article","@id":"https:\/\/www.one.org\/fr\/actualites\/invisibilisation-femmes-covid-19-najat-vallaud-belkacem\/#article","isPartOf":{"@id":"https:\/\/www.one.org\/fr\/actualites\/invisibilisation-femmes-covid-19-najat-vallaud-belkacem\/"},"author":{"name":"Dana Khalil","@id":"https:\/\/www.one.org\/fr\/#\/schema\/person\/cf1f30f9800f0592ec3d61940be82003"},"headline":"L\u2019invisibilisation des femmes durant la crise du COVID-19","datePublished":"2020-11-03T12:38:34+00:00","dateModified":"2023-09-11T21:54:20+00:00","mainEntityOfPage":{"@id":"https:\/\/www.one.org\/fr\/actualites\/invisibilisation-femmes-covid-19-najat-vallaud-belkacem\/"},"wordCount":2031,"commentCount":0,"image":{"@id":"https:\/\/www.one.org\/fr\/actualites\/invisibilisation-femmes-covid-19-najat-vallaud-belkacem\/#primaryimage"},"thumbnailUrl":"https:\/\/www.one.org\/fr\/wp-content\/uploads\/sites\/4\/2020\/11\/IDG_2020_featured4_1200x1200-1.png","articleSection":["ONE"],"inLanguage":"fr-FR","potentialAction":[{"@type":"CommentAction","name":"Comment","target":["https:\/\/www.one.org\/fr\/actualites\/invisibilisation-femmes-covid-19-najat-vallaud-belkacem\/#respond"]}]},{"@type":"WebPage","@id":"https:\/\/www.one.org\/fr\/actualites\/invisibilisation-femmes-covid-19-najat-vallaud-belkacem\/","url":"https:\/\/www.one.org\/fr\/actualites\/invisibilisation-femmes-covid-19-najat-vallaud-belkacem\/","name":"L\u2019invisibilisation des femmes durant la crise du COVID-19 - ONE.org France","isPartOf":{"@id":"https:\/\/www.one.org\/fr\/#website"},"primaryImageOfPage":{"@id":"https:\/\/www.one.org\/fr\/actualites\/invisibilisation-femmes-covid-19-najat-vallaud-belkacem\/#primaryimage"},"image":{"@id":"https:\/\/www.one.org\/fr\/actualites\/invisibilisation-femmes-covid-19-najat-vallaud-belkacem\/#primaryimage"},"thumbnailUrl":"https:\/\/www.one.org\/fr\/wp-content\/uploads\/sites\/4\/2020\/11\/IDG_2020_featured4_1200x1200-1.png","datePublished":"2020-11-03T12:38:34+00:00","dateModified":"2023-09-11T21:54:20+00:00","author":{"@id":"https:\/\/www.one.org\/fr\/#\/schema\/person\/cf1f30f9800f0592ec3d61940be82003"},"description":"Najat Vallaud-Belkacem, ancienne ministre et directrice France de ONE, parle de l\u2019invisibilisation des femmes durant la crise du COVID-19.","breadcrumb":{"@id":"https:\/\/www.one.org\/fr\/actualites\/invisibilisation-femmes-covid-19-najat-vallaud-belkacem\/#breadcrumb"},"inLanguage":"fr-FR","potentialAction":[{"@type":"ReadAction","target":["https:\/\/www.one.org\/fr\/actualites\/invisibilisation-femmes-covid-19-najat-vallaud-belkacem\/"]}]},{"@type":"ImageObject","inLanguage":"fr-FR","@id":"https:\/\/www.one.org\/fr\/actualites\/invisibilisation-femmes-covid-19-najat-vallaud-belkacem\/#primaryimage","url":"https:\/\/www.one.org\/fr\/wp-content\/uploads\/sites\/4\/2020\/11\/IDG_2020_featured4_1200x1200-1.png","contentUrl":"https:\/\/www.one.org\/fr\/wp-content\/uploads\/sites\/4\/2020\/11\/IDG_2020_featured4_1200x1200-1.png","width":1200,"height":1200},{"@type":"BreadcrumbList","@id":"https:\/\/www.one.org\/fr\/actualites\/invisibilisation-femmes-covid-19-najat-vallaud-belkacem\/#breadcrumb","itemListElement":[{"@type":"ListItem","position":1,"name":"Home","item":"https:\/\/www.one.org\/fr\/"},{"@type":"ListItem","position":2,"name":"L\u2019invisibilisation des femmes durant la crise du COVID-19"}]},{"@type":"WebSite","@id":"https:\/\/www.one.org\/fr\/#website","url":"https:\/\/www.one.org\/fr\/","name":"ONE.org","description":"Cr\u00e9er des opportunit\u00e9s \u00e9conomiques et am\u00e9liorer la sant\u00e9 en Afrique","potentialAction":[{"@type":"SearchAction","target":{"@type":"EntryPoint","urlTemplate":"https:\/\/www.one.org\/fr\/?s={search_term_string}"},"query-input":{"@type":"PropertyValueSpecification","valueRequired":true,"valueName":"search_term_string"}}],"inLanguage":"fr-FR"},{"@type":"Person","@id":"https:\/\/www.one.org\/fr\/#\/schema\/person\/cf1f30f9800f0592ec3d61940be82003","name":"Dana Khalil","image":{"@type":"ImageObject","inLanguage":"fr-FR","@id":"https:\/\/www.one.org\/fr\/#\/schema\/person\/image\/","url":"https:\/\/secure.gravatar.com\/avatar\/b0da536f00ccefadcc7aae4e64855977a5249adb1ac04162a69474e53a8d4c40?s=96&d=mm&r=g","contentUrl":"https:\/\/secure.gravatar.com\/avatar\/b0da536f00ccefadcc7aae4e64855977a5249adb1ac04162a69474e53a8d4c40?s=96&d=mm&r=g","caption":"Dana Khalil"},"url":"https:\/\/www.one.org\/fr\/actualites\/author\/danakhalil\/"}]}},"distributor_meta":false,"distributor_terms":false,"distributor_media":false,"distributor_original_site_name":"ONE.org France","distributor_original_site_url":"https:\/\/www.one.org\/fr","push-errors":false,"_links":{"self":[{"href":"https:\/\/www.one.org\/fr\/wp-json\/wp\/v2\/posts\/162449","targetHints":{"allow":["GET"]}}],"collection":[{"href":"https:\/\/www.one.org\/fr\/wp-json\/wp\/v2\/posts"}],"about":[{"href":"https:\/\/www.one.org\/fr\/wp-json\/wp\/v2\/types\/post"}],"author":[{"embeddable":true,"href":"https:\/\/www.one.org\/fr\/wp-json\/wp\/v2\/users\/24"}],"replies":[{"embeddable":true,"href":"https:\/\/www.one.org\/fr\/wp-json\/wp\/v2\/comments?post=162449"}],"version-history":[{"count":0,"href":"https:\/\/www.one.org\/fr\/wp-json\/wp\/v2\/posts\/162449\/revisions"}],"wp:featuredmedia":[{"embeddable":true,"href":"https:\/\/www.one.org\/fr\/wp-json\/wp\/v2\/media\/163177"}],"wp:attachment":[{"href":"https:\/\/www.one.org\/fr\/wp-json\/wp\/v2\/media?parent=162449"}],"wp:term":[{"taxonomy":"category","embeddable":true,"href":"https:\/\/www.one.org\/fr\/wp-json\/wp\/v2\/categories?post=162449"},{"taxonomy":"post_tag","embeddable":true,"href":"https:\/\/www.one.org\/fr\/wp-json\/wp\/v2\/tags?post=162449"},{"taxonomy":"topic","embeddable":true,"href":"https:\/\/www.one.org\/fr\/wp-json\/wp\/v2\/topic?post=162449"},{"taxonomy":"contributor","embeddable":true,"href":"https:\/\/www.one.org\/fr\/wp-json\/wp\/v2\/contributor?post=162449"},{"taxonomy":"one_content_audience","embeddable":true,"href":"https:\/\/www.one.org\/fr\/wp-json\/wp\/v2\/one_content_audience?post=162449"},{"taxonomy":"one_content_type","embeddable":true,"href":"https:\/\/www.one.org\/fr\/wp-json\/wp\/v2\/one_content_type?post=162449"},{"taxonomy":"one_content_tone","embeddable":true,"href":"https:\/\/www.one.org\/fr\/wp-json\/wp\/v2\/one_content_tone?post=162449"}],"curies":[{"name":"wp","href":"https:\/\/api.w.org\/{rel}","templated":true}]}}