{"id":162446,"date":"2020-10-28T15:48:25","date_gmt":"2020-10-28T15:48:25","guid":{"rendered":"https:\/\/www.one.org\/fr\/aide-au-developpement-les-responsabilites-de-la-france-vis-a-vis-des-pays-les-plus-pauvres\/"},"modified":"2023-11-06T16:26:43","modified_gmt":"2023-11-06T16:26:43","slug":"apd-services-sociaux","status":"publish","type":"post","link":"https:\/\/www.one.org\/fr\/actualites\/apd-services-sociaux\/","title":{"rendered":"Aide au d\u00e9veloppement : les responsabilit\u00e9s de la France vis-\u00e0-vis des pays les plus pauvres"},"content":{"rendered":"<h2><span data-sheets-value=\"{&quot;1&quot;:2,&quot;2&quot;:&quot; Aide au d&eacute;veloppement : l'urgence de d&eacute;velopper son impact social&quot;}\" data-sheets-userformat='{\"2\":829,\"3\":{\"1\":0},\"5\":{\"1\":[{\"1\":2,\"2\":0,\"5\":{\"1\":2,\"2\":0}},{\"1\":0,\"2\":0,\"3\":3},{\"1\":1,\"2\":0,\"4\":1}]},\"6\":{\"1\":[{\"1\":2,\"2\":0,\"5\":{\"1\":2,\"2\":0}},{\"1\":0,\"2\":0,\"3\":3},{\"1\":1,\"2\":0,\"4\":1}]},\"7\":{\"1\":[{\"1\":2,\"2\":0,\"5\":{\"1\":2,\"2\":0}},{\"1\":0,\"2\":0,\"3\":3},{\"1\":1,\"2\":0,\"4\":1}]},\"8\":{\"1\":[{\"1\":2,\"2\":0,\"5\":{\"1\":2,\"2\":0}},{\"1\":0,\"2\":0,\"3\":3},{\"1\":1,\"2\":0,\"4\":1}]},\"11\":4,\"12\":0}'> Aide au d&eacute;veloppement : l&rsquo;urgence de d&eacute;velopper son impact social<\/span><\/h2>\n<p>Dans un contexte de crise sanitaire sans pr&eacute;c&eacute;dent, Action contre la Faim, Action Sant&eacute; Mondiale, Coalition Education, Coalition Eau, Oxfam, Solidarit&eacute; Sida et ONE lancent la campagne &ldquo;<a href=\"http:\/\/www.coalition-education.fr\/depotWeb\/2020_10_12-Document-d-Appel-pour-renforcer-limpact-social-de-laide-franc%CC%A7aise-V9-BAT-pages-002-pdf.pdf\"><i>Aide au d&eacute;veloppement : et si on commen&ccedil;ait par la base ?<\/i><\/a>&rdquo;. Nos organisations rappellent &agrave; la France ses responsabilit&eacute;s vis-&agrave;-vis des pays les plus pauvres et insistent sur l&rsquo;urgence de<b> renforcer <\/b><b>l&rsquo;impact social de son aide au d&eacute;veloppement.<\/b><b>&nbsp;<\/b><\/p>\n<h2><span data-sheets-value=\"{&quot;1&quot;:2,&quot;2&quot;:&quot;Les investissements insuffisants dans l'aide au d&eacute;veloppement en Afrique subsaharienne&quot;}\" data-sheets-userformat='{\"2\":829,\"3\":{\"1\":0},\"5\":{\"1\":[{\"1\":2,\"2\":0,\"5\":{\"1\":2,\"2\":0}},{\"1\":0,\"2\":0,\"3\":3},{\"1\":1,\"2\":0,\"4\":1}]},\"6\":{\"1\":[{\"1\":2,\"2\":0,\"5\":{\"1\":2,\"2\":0}},{\"1\":0,\"2\":0,\"3\":3},{\"1\":1,\"2\":0,\"4\":1}]},\"7\":{\"1\":[{\"1\":2,\"2\":0,\"5\":{\"1\":2,\"2\":0}},{\"1\":0,\"2\":0,\"3\":3},{\"1\":1,\"2\":0,\"4\":1}]},\"8\":{\"1\":[{\"1\":2,\"2\":0,\"5\":{\"1\":2,\"2\":0}},{\"1\":0,\"2\":0,\"3\":3},{\"1\":1,\"2\":0,\"4\":1}]},\"11\":4,\"12\":0}'>Les investissements insuffisants dans l&rsquo;aide au d&eacute;veloppement en Afrique subsaharienne<\/span><\/h2>\n<p>La pand&eacute;mie du COVID-19 et ses cons&eacute;quences mettent &agrave; mal l&rsquo;acc&egrave;s aux services les plus basiques &ndash; tels que la sant&eacute;, l&rsquo;&eacute;ducation, l&rsquo;eau, l&rsquo;assainissement et l&rsquo;hygi&egrave;ne ou encore les syst&egrave;mes de protection sociale &ndash; partout dans le monde, mais les r&eacute;percussions sont d&rsquo;autant plus pr&eacute;occupantes dans les pays les plus pauvres, avec un creusement des in&eacute;galit&eacute;s alarmant. Ces services sociaux de base souffrent d&rsquo;un d&eacute;sinvestissement chronique des &Eacute;tats, mettant en p&eacute;ril la vie de millions de personnes, et notamment celle des populations les plus vuln&eacute;rables et minoris&eacute;es. L&rsquo;Afrique subsaharienne &ndash; qui compte des taux de pauvret&eacute; parmi les plus &eacute;lev&eacute;s du monde &ndash; est particuli&egrave;rement menac&eacute;e. Pourtant, les investissements de la France ne sont pas &agrave; la hauteur des besoins et de l&rsquo;urgence de la situation : en 2018, ces services repr&eacute;sentent <b>moins de 20% de l&rsquo;aide fran&ccedil;aise au d&eacute;veloppement.<\/b><\/p>\n<h2><span data-sheets-value='{\"1\":2,\"2\":\"La france doit renforcer son engagement financier aux services essentiels\"}' data-sheets-userformat='{\"2\":829,\"3\":{\"1\":0},\"5\":{\"1\":[{\"1\":2,\"2\":0,\"5\":{\"1\":2,\"2\":0}},{\"1\":0,\"2\":0,\"3\":3},{\"1\":1,\"2\":0,\"4\":1}]},\"6\":{\"1\":[{\"1\":2,\"2\":0,\"5\":{\"1\":2,\"2\":0}},{\"1\":0,\"2\":0,\"3\":3},{\"1\":1,\"2\":0,\"4\":1}]},\"7\":{\"1\":[{\"1\":2,\"2\":0,\"5\":{\"1\":2,\"2\":0}},{\"1\":0,\"2\":0,\"3\":3},{\"1\":1,\"2\":0,\"4\":1}]},\"8\":{\"1\":[{\"1\":2,\"2\":0,\"5\":{\"1\":2,\"2\":0}},{\"1\":0,\"2\":0,\"3\":3},{\"1\":1,\"2\":0,\"4\":1}]},\"11\":4,\"12\":0}'>La france doit renforcer son engagement financier aux services essentiels<\/span><\/h2>\n<p>Nos organisations demandent &agrave; la France de mener une politique de coop&eacute;ration au service de la r&eacute;alisation des droits fondamentaux de toutes et tous, et de l&rsquo;acc&egrave;s universel et &eacute;quitable &agrave; des services sociaux de base publics, abordables et de qualit&eacute;. Une condition essentielle &agrave; la r&eacute;duction de la pauvret&eacute; et des in&eacute;galit&eacute;s dans le monde, notamment de genre. C&rsquo;est pourquoi la France doit urgemment renforcer son engagement financier en faveur de ces services essentiels, en y consacrant a minima 50% de son <a href=\"https:\/\/www.one.org\/fr\/policy\/loi-francaise-sur-le-developpement-les-recommandations-de-one\/\">aide au d&eacute;veloppement<\/a> et en mettant la priorit&eacute; sur les dons et l&rsquo;appui au secteur public dans les pays les plus pauvres et la lutte contre toute forme de privatisation discriminante.<\/p>\n<p><a href=\"https:\/\/www.one.org\/fr\/blog\/plf-lobby-days-2020\/\">La nouvelle loi<\/a> de programmation relative &agrave; la solidarit&eacute; internationale et la lutte contre les in&eacute;galit&eacute;s mondiale attendue en Conseil des Ministres en novembre, le sommet <i>Finance in common<\/i> qui rassemblera &agrave; Paris l&rsquo;ensemble des 450 banques publiques de d&eacute;veloppement mais &eacute;galement les nouvelles strat&eacute;gies cadre de l&rsquo;Agence Fran&ccedil;aise de D&eacute;veloppement (Strat&eacute;gie 100% Lien Social et Cadre d&rsquo;objectifs et de moyens) sont autant d&rsquo;opportunit&eacute;s politiques de mettre les services sociaux de base au coeur des financements pour le d&eacute;veloppement.<\/p>\n<p>Ma&eacute; Kurkjian, responsable plaidoyer chez ONE France, d&eacute;clare : &laquo; Cette collaboration entre des ONG, oeuvrant sur des th&eacute;matiques aussi diff&eacute;rentes que la sant&eacute;, l&rsquo;acc&egrave;s &agrave; l&rsquo;&eacute;ducation, l&rsquo;eau et l&rsquo;assainissement ou encore la protection sociale et la nutrition, d&eacute;montre que l&rsquo;ensemble de ces th&eacute;matiques ont un point commun primordial. Il s&rsquo;agit pour nous de viser un m&ecirc;me but : assurer, pour chaque &ecirc;tre humain vivant sur cette plan&egrave;te, un socle solide de services de base pour permettre &agrave; toutes et tous de vivre dignement. &raquo;<\/p>\n<div class=\"buffer\"><\/div>","protected":false},"excerpt":{"rendered":"<p>Aide au d&eacute;veloppement : l&rsquo;urgence de d&eacute;velopper son impact social Dans un contexte de crise sanitaire sans pr&eacute;c&eacute;dent, Action contre la Faim, Action Sant&eacute; Mondiale, Coalition Education, Coalition Eau, Oxfam, Solidarit&eacute; Sida et ONE lancent la campagne &ldquo;Aide au d&eacute;veloppement : et si on commen&ccedil;ait par la base ?&rdquo;. Nos organisations rappellent &agrave; la France [&hellip;]<\/p>\n","protected":false},"author":24,"featured_media":163185,"comment_status":"open","ping_status":"open","sticky":false,"template":"","format":"standard","meta":{"_acf_changed":false,"_relevanssi_hide_post":"","_relevanssi_hide_content":"","_relevanssi_pin_for_all":"","_relevanssi_pin_keywords":"","_relevanssi_unpin_keywords":"","_relevanssi_related_keywords":"","_relevanssi_related_include_ids":"","_relevanssi_related_exclude_ids":"","_relevanssi_related_no_append":"","_relevanssi_related_not_related":"","_relevanssi_related_posts":"164801,164384,164396,163756,163706,163644","_relevanssi_noindex_reason":"","footnotes":""},"categories":[34],"tags":[],"topic":[41],"contributor":[64],"one_content_audience":[],"one_content_type":[],"one_content_tone":[],"class_list":["post-162446","post","type-post","status-publish","format-standard","has-post-thumbnail","hentry","category-one","topic-aide-au-developpement","contributor-collectif-dong"],"acf":[],"yoast_head":"<!-- This site is optimized with the Yoast SEO Premium plugin v27.1 (Yoast SEO v27.1.1) - https:\/\/yoast.com\/product\/yoast-seo-premium-wordpress\/ -->\n<title>Aide au d\u00e9veloppement : les responsabilit\u00e9s de la France vis-\u00e0-vis des pays les plus pauvres - ONE.org France<\/title>\n<meta name=\"description\" content=\"Pourquoi l&#039;aide au d\u00e9veloppement doit consacrer plus de ressources financi\u00e8res aux secteurs sociaux de base dans les pays les plus pauvres.\" \/>\n<meta name=\"robots\" content=\"index, follow, max-snippet:-1, max-image-preview:large, max-video-preview:-1\" \/>\n<link rel=\"canonical\" href=\"https:\/\/www.one.org\/fr\/actualites\/apd-services-sociaux\/\" \/>\n<meta property=\"og:locale\" content=\"fr_FR\" \/>\n<meta property=\"og:type\" content=\"article\" \/>\n<meta property=\"og:title\" content=\"Aide au d\u00e9veloppement : les responsabilit\u00e9s de la France vis-\u00e0-vis des pays les plus pauvres\" \/>\n<meta property=\"og:description\" content=\"Pourquoi l&#039;aide au d\u00e9veloppement doit consacrer plus de ressources financi\u00e8res aux secteurs sociaux de base dans les pays les plus pauvres.\" \/>\n<meta property=\"og:url\" content=\"https:\/\/www.one.org\/fr\/actualites\/apd-services-sociaux\/\" \/>\n<meta property=\"og:site_name\" content=\"ONE.org France\" \/>\n<meta property=\"article:publisher\" content=\"https:\/\/www.facebook.com\/ONE.Fr\" \/>\n<meta property=\"article:published_time\" content=\"2020-10-28T15:48:25+00:00\" \/>\n<meta property=\"article:modified_time\" content=\"2023-11-06T16:26:43+00:00\" \/>\n<meta property=\"og:image\" content=\"https:\/\/www.one.org\/fr\/wp-content\/uploads\/sites\/4\/2020\/10\/Campagne-inter-ONG-secteurs-sociaux-Carre.png\" \/>\n\t<meta property=\"og:image:width\" content=\"867\" \/>\n\t<meta property=\"og:image:height\" content=\"868\" \/>\n\t<meta property=\"og:image:type\" content=\"image\/png\" \/>\n<meta name=\"author\" content=\"Dana Khalil\" \/>\n<meta name=\"twitter:card\" content=\"summary_large_image\" \/>\n<meta name=\"twitter:creator\" content=\"@one_fr\" \/>\n<meta name=\"twitter:site\" content=\"@one_fr\" \/>\n<meta name=\"twitter:label1\" content=\"Written by\" \/>\n\t<meta name=\"twitter:data1\" content=\"Dana Khalil\" \/>\n\t<meta name=\"twitter:label2\" content=\"Est. reading time\" \/>\n\t<meta name=\"twitter:data2\" content=\"3 minutes\" \/>\n<script type=\"application\/ld+json\" class=\"yoast-schema-graph\">{\"@context\":\"https:\/\/schema.org\",\"@graph\":[{\"@type\":\"Article\",\"@id\":\"https:\/\/www.one.org\/fr\/actualites\/apd-services-sociaux\/#article\",\"isPartOf\":{\"@id\":\"https:\/\/www.one.org\/fr\/actualites\/apd-services-sociaux\/\"},\"author\":{\"name\":\"Dana Khalil\",\"@id\":\"https:\/\/www.one.org\/fr\/#\/schema\/person\/cf1f30f9800f0592ec3d61940be82003\"},\"headline\":\"Aide au d\u00e9veloppement : les responsabilit\u00e9s de la France vis-\u00e0-vis des pays les plus pauvres\",\"datePublished\":\"2020-10-28T15:48:25+00:00\",\"dateModified\":\"2023-11-06T16:26:43+00:00\",\"mainEntityOfPage\":{\"@id\":\"https:\/\/www.one.org\/fr\/actualites\/apd-services-sociaux\/\"},\"wordCount\":700,\"commentCount\":0,\"image\":{\"@id\":\"https:\/\/www.one.org\/fr\/actualites\/apd-services-sociaux\/#primaryimage\"},\"thumbnailUrl\":\"https:\/\/www.one.org\/fr\/wp-content\/uploads\/sites\/4\/2020\/10\/Campagne-inter-ONG-secteurs-sociaux-Carre.png\",\"articleSection\":[\"ONE\"],\"inLanguage\":\"fr-FR\",\"potentialAction\":[{\"@type\":\"CommentAction\",\"name\":\"Comment\",\"target\":[\"https:\/\/www.one.org\/fr\/actualites\/apd-services-sociaux\/#respond\"]}]},{\"@type\":\"WebPage\",\"@id\":\"https:\/\/www.one.org\/fr\/actualites\/apd-services-sociaux\/\",\"url\":\"https:\/\/www.one.org\/fr\/actualites\/apd-services-sociaux\/\",\"name\":\"Aide au d\u00e9veloppement : les responsabilit\u00e9s de la France vis-\u00e0-vis des pays les plus pauvres - ONE.org France\",\"isPartOf\":{\"@id\":\"https:\/\/www.one.org\/fr\/#website\"},\"primaryImageOfPage\":{\"@id\":\"https:\/\/www.one.org\/fr\/actualites\/apd-services-sociaux\/#primaryimage\"},\"image\":{\"@id\":\"https:\/\/www.one.org\/fr\/actualites\/apd-services-sociaux\/#primaryimage\"},\"thumbnailUrl\":\"https:\/\/www.one.org\/fr\/wp-content\/uploads\/sites\/4\/2020\/10\/Campagne-inter-ONG-secteurs-sociaux-Carre.png\",\"datePublished\":\"2020-10-28T15:48:25+00:00\",\"dateModified\":\"2023-11-06T16:26:43+00:00\",\"author\":{\"@id\":\"https:\/\/www.one.org\/fr\/#\/schema\/person\/cf1f30f9800f0592ec3d61940be82003\"},\"description\":\"Pourquoi l'aide au d\u00e9veloppement doit consacrer plus de ressources financi\u00e8res aux secteurs sociaux de base dans les pays les plus pauvres.\",\"breadcrumb\":{\"@id\":\"https:\/\/www.one.org\/fr\/actualites\/apd-services-sociaux\/#breadcrumb\"},\"inLanguage\":\"fr-FR\",\"potentialAction\":[{\"@type\":\"ReadAction\",\"target\":[\"https:\/\/www.one.org\/fr\/actualites\/apd-services-sociaux\/\"]}]},{\"@type\":\"ImageObject\",\"inLanguage\":\"fr-FR\",\"@id\":\"https:\/\/www.one.org\/fr\/actualites\/apd-services-sociaux\/#primaryimage\",\"url\":\"https:\/\/www.one.org\/fr\/wp-content\/uploads\/sites\/4\/2020\/10\/Campagne-inter-ONG-secteurs-sociaux-Carre.png\",\"contentUrl\":\"https:\/\/www.one.org\/fr\/wp-content\/uploads\/sites\/4\/2020\/10\/Campagne-inter-ONG-secteurs-sociaux-Carre.png\",\"width\":867,\"height\":868},{\"@type\":\"BreadcrumbList\",\"@id\":\"https:\/\/www.one.org\/fr\/actualites\/apd-services-sociaux\/#breadcrumb\",\"itemListElement\":[{\"@type\":\"ListItem\",\"position\":1,\"name\":\"Home\",\"item\":\"https:\/\/www.one.org\/fr\/\"},{\"@type\":\"ListItem\",\"position\":2,\"name\":\"Aide au d\u00e9veloppement : les responsabilit\u00e9s de la France vis-\u00e0-vis des pays les plus pauvres\"}]},{\"@type\":\"WebSite\",\"@id\":\"https:\/\/www.one.org\/fr\/#website\",\"url\":\"https:\/\/www.one.org\/fr\/\",\"name\":\"ONE.org\",\"description\":\"Cr\u00e9er des opportunit\u00e9s \u00e9conomiques et am\u00e9liorer la sant\u00e9 en Afrique\",\"potentialAction\":[{\"@type\":\"SearchAction\",\"target\":{\"@type\":\"EntryPoint\",\"urlTemplate\":\"https:\/\/www.one.org\/fr\/?s={search_term_string}\"},\"query-input\":{\"@type\":\"PropertyValueSpecification\",\"valueRequired\":true,\"valueName\":\"search_term_string\"}}],\"inLanguage\":\"fr-FR\"},{\"@type\":\"Person\",\"@id\":\"https:\/\/www.one.org\/fr\/#\/schema\/person\/cf1f30f9800f0592ec3d61940be82003\",\"name\":\"Dana Khalil\",\"image\":{\"@type\":\"ImageObject\",\"inLanguage\":\"fr-FR\",\"@id\":\"https:\/\/www.one.org\/fr\/#\/schema\/person\/image\/\",\"url\":\"https:\/\/secure.gravatar.com\/avatar\/b0da536f00ccefadcc7aae4e64855977a5249adb1ac04162a69474e53a8d4c40?s=96&d=mm&r=g\",\"contentUrl\":\"https:\/\/secure.gravatar.com\/avatar\/b0da536f00ccefadcc7aae4e64855977a5249adb1ac04162a69474e53a8d4c40?s=96&d=mm&r=g\",\"caption\":\"Dana Khalil\"},\"url\":\"https:\/\/www.one.org\/fr\/actualites\/author\/danakhalil\/\"}]}<\/script>\n<!-- \/ Yoast SEO Premium plugin. -->","yoast_head_json":{"title":"Aide au d\u00e9veloppement : les responsabilit\u00e9s de la France vis-\u00e0-vis des pays les plus pauvres - ONE.org France","description":"Pourquoi l'aide au d\u00e9veloppement doit consacrer plus de ressources financi\u00e8res aux secteurs sociaux de base dans les pays les plus pauvres.","robots":{"index":"index","follow":"follow","max-snippet":"max-snippet:-1","max-image-preview":"max-image-preview:large","max-video-preview":"max-video-preview:-1"},"canonical":"https:\/\/www.one.org\/fr\/actualites\/apd-services-sociaux\/","og_locale":"fr_FR","og_type":"article","og_title":"Aide au d\u00e9veloppement : les responsabilit\u00e9s de la France vis-\u00e0-vis des pays les plus pauvres","og_description":"Pourquoi l'aide au d\u00e9veloppement doit consacrer plus de ressources financi\u00e8res aux secteurs sociaux de base dans les pays les plus pauvres.","og_url":"https:\/\/www.one.org\/fr\/actualites\/apd-services-sociaux\/","og_site_name":"ONE.org France","article_publisher":"https:\/\/www.facebook.com\/ONE.Fr","article_published_time":"2020-10-28T15:48:25+00:00","article_modified_time":"2023-11-06T16:26:43+00:00","og_image":[{"width":867,"height":868,"url":"https:\/\/www.one.org\/fr\/wp-content\/uploads\/sites\/4\/2020\/10\/Campagne-inter-ONG-secteurs-sociaux-Carre.png","type":"image\/png"}],"author":"Dana Khalil","twitter_card":"summary_large_image","twitter_creator":"@one_fr","twitter_site":"@one_fr","twitter_misc":{"Written by":"Dana Khalil","Est. reading time":"3 minutes"},"schema":{"@context":"https:\/\/schema.org","@graph":[{"@type":"Article","@id":"https:\/\/www.one.org\/fr\/actualites\/apd-services-sociaux\/#article","isPartOf":{"@id":"https:\/\/www.one.org\/fr\/actualites\/apd-services-sociaux\/"},"author":{"name":"Dana Khalil","@id":"https:\/\/www.one.org\/fr\/#\/schema\/person\/cf1f30f9800f0592ec3d61940be82003"},"headline":"Aide au d\u00e9veloppement : les responsabilit\u00e9s de la France vis-\u00e0-vis des pays les plus pauvres","datePublished":"2020-10-28T15:48:25+00:00","dateModified":"2023-11-06T16:26:43+00:00","mainEntityOfPage":{"@id":"https:\/\/www.one.org\/fr\/actualites\/apd-services-sociaux\/"},"wordCount":700,"commentCount":0,"image":{"@id":"https:\/\/www.one.org\/fr\/actualites\/apd-services-sociaux\/#primaryimage"},"thumbnailUrl":"https:\/\/www.one.org\/fr\/wp-content\/uploads\/sites\/4\/2020\/10\/Campagne-inter-ONG-secteurs-sociaux-Carre.png","articleSection":["ONE"],"inLanguage":"fr-FR","potentialAction":[{"@type":"CommentAction","name":"Comment","target":["https:\/\/www.one.org\/fr\/actualites\/apd-services-sociaux\/#respond"]}]},{"@type":"WebPage","@id":"https:\/\/www.one.org\/fr\/actualites\/apd-services-sociaux\/","url":"https:\/\/www.one.org\/fr\/actualites\/apd-services-sociaux\/","name":"Aide au d\u00e9veloppement : les responsabilit\u00e9s de la France vis-\u00e0-vis des pays les plus pauvres - ONE.org France","isPartOf":{"@id":"https:\/\/www.one.org\/fr\/#website"},"primaryImageOfPage":{"@id":"https:\/\/www.one.org\/fr\/actualites\/apd-services-sociaux\/#primaryimage"},"image":{"@id":"https:\/\/www.one.org\/fr\/actualites\/apd-services-sociaux\/#primaryimage"},"thumbnailUrl":"https:\/\/www.one.org\/fr\/wp-content\/uploads\/sites\/4\/2020\/10\/Campagne-inter-ONG-secteurs-sociaux-Carre.png","datePublished":"2020-10-28T15:48:25+00:00","dateModified":"2023-11-06T16:26:43+00:00","author":{"@id":"https:\/\/www.one.org\/fr\/#\/schema\/person\/cf1f30f9800f0592ec3d61940be82003"},"description":"Pourquoi l'aide au d\u00e9veloppement doit consacrer plus de ressources financi\u00e8res aux secteurs sociaux de base dans les pays les plus pauvres.","breadcrumb":{"@id":"https:\/\/www.one.org\/fr\/actualites\/apd-services-sociaux\/#breadcrumb"},"inLanguage":"fr-FR","potentialAction":[{"@type":"ReadAction","target":["https:\/\/www.one.org\/fr\/actualites\/apd-services-sociaux\/"]}]},{"@type":"ImageObject","inLanguage":"fr-FR","@id":"https:\/\/www.one.org\/fr\/actualites\/apd-services-sociaux\/#primaryimage","url":"https:\/\/www.one.org\/fr\/wp-content\/uploads\/sites\/4\/2020\/10\/Campagne-inter-ONG-secteurs-sociaux-Carre.png","contentUrl":"https:\/\/www.one.org\/fr\/wp-content\/uploads\/sites\/4\/2020\/10\/Campagne-inter-ONG-secteurs-sociaux-Carre.png","width":867,"height":868},{"@type":"BreadcrumbList","@id":"https:\/\/www.one.org\/fr\/actualites\/apd-services-sociaux\/#breadcrumb","itemListElement":[{"@type":"ListItem","position":1,"name":"Home","item":"https:\/\/www.one.org\/fr\/"},{"@type":"ListItem","position":2,"name":"Aide au d\u00e9veloppement : les responsabilit\u00e9s de la France vis-\u00e0-vis des pays les plus pauvres"}]},{"@type":"WebSite","@id":"https:\/\/www.one.org\/fr\/#website","url":"https:\/\/www.one.org\/fr\/","name":"ONE.org","description":"Cr\u00e9er des opportunit\u00e9s \u00e9conomiques et am\u00e9liorer la sant\u00e9 en Afrique","potentialAction":[{"@type":"SearchAction","target":{"@type":"EntryPoint","urlTemplate":"https:\/\/www.one.org\/fr\/?s={search_term_string}"},"query-input":{"@type":"PropertyValueSpecification","valueRequired":true,"valueName":"search_term_string"}}],"inLanguage":"fr-FR"},{"@type":"Person","@id":"https:\/\/www.one.org\/fr\/#\/schema\/person\/cf1f30f9800f0592ec3d61940be82003","name":"Dana Khalil","image":{"@type":"ImageObject","inLanguage":"fr-FR","@id":"https:\/\/www.one.org\/fr\/#\/schema\/person\/image\/","url":"https:\/\/secure.gravatar.com\/avatar\/b0da536f00ccefadcc7aae4e64855977a5249adb1ac04162a69474e53a8d4c40?s=96&d=mm&r=g","contentUrl":"https:\/\/secure.gravatar.com\/avatar\/b0da536f00ccefadcc7aae4e64855977a5249adb1ac04162a69474e53a8d4c40?s=96&d=mm&r=g","caption":"Dana Khalil"},"url":"https:\/\/www.one.org\/fr\/actualites\/author\/danakhalil\/"}]}},"distributor_meta":false,"distributor_terms":false,"distributor_media":false,"distributor_original_site_name":"ONE.org France","distributor_original_site_url":"https:\/\/www.one.org\/fr","push-errors":false,"_links":{"self":[{"href":"https:\/\/www.one.org\/fr\/wp-json\/wp\/v2\/posts\/162446","targetHints":{"allow":["GET"]}}],"collection":[{"href":"https:\/\/www.one.org\/fr\/wp-json\/wp\/v2\/posts"}],"about":[{"href":"https:\/\/www.one.org\/fr\/wp-json\/wp\/v2\/types\/post"}],"author":[{"embeddable":true,"href":"https:\/\/www.one.org\/fr\/wp-json\/wp\/v2\/users\/24"}],"replies":[{"embeddable":true,"href":"https:\/\/www.one.org\/fr\/wp-json\/wp\/v2\/comments?post=162446"}],"version-history":[{"count":0,"href":"https:\/\/www.one.org\/fr\/wp-json\/wp\/v2\/posts\/162446\/revisions"}],"wp:featuredmedia":[{"embeddable":true,"href":"https:\/\/www.one.org\/fr\/wp-json\/wp\/v2\/media\/163185"}],"wp:attachment":[{"href":"https:\/\/www.one.org\/fr\/wp-json\/wp\/v2\/media?parent=162446"}],"wp:term":[{"taxonomy":"category","embeddable":true,"href":"https:\/\/www.one.org\/fr\/wp-json\/wp\/v2\/categories?post=162446"},{"taxonomy":"post_tag","embeddable":true,"href":"https:\/\/www.one.org\/fr\/wp-json\/wp\/v2\/tags?post=162446"},{"taxonomy":"topic","embeddable":true,"href":"https:\/\/www.one.org\/fr\/wp-json\/wp\/v2\/topic?post=162446"},{"taxonomy":"contributor","embeddable":true,"href":"https:\/\/www.one.org\/fr\/wp-json\/wp\/v2\/contributor?post=162446"},{"taxonomy":"one_content_audience","embeddable":true,"href":"https:\/\/www.one.org\/fr\/wp-json\/wp\/v2\/one_content_audience?post=162446"},{"taxonomy":"one_content_type","embeddable":true,"href":"https:\/\/www.one.org\/fr\/wp-json\/wp\/v2\/one_content_type?post=162446"},{"taxonomy":"one_content_tone","embeddable":true,"href":"https:\/\/www.one.org\/fr\/wp-json\/wp\/v2\/one_content_tone?post=162446"}],"curies":[{"name":"wp","href":"https:\/\/api.w.org\/{rel}","templated":true}]}}