{"id":162443,"date":"2020-10-21T09:52:13","date_gmt":"2020-10-21T09:52:13","guid":{"rendered":"https:\/\/www.one.org\/fr\/suspension-de-la-dette-osons-casser-les-codes\/"},"modified":"2023-12-08T12:41:43","modified_gmt":"2023-12-08T12:41:43","slug":"casser-les-codes-suspension-dette","status":"publish","type":"post","link":"https:\/\/www.one.org\/fr\/actualites\/casser-les-codes-suspension-dette\/","title":{"rendered":"Suspension de la dette : osons casser les codes"},"content":{"rendered":"<p>La semaine derni\u00e8re, <a href=\"https:\/\/www.one.org\/fr\/press\/dette-des-pays-les-plus-pauvres-le-g20-a-fait-un-pas-important-mais-ce-nest-pas-suffisant\/\">les ministres des Finances du G20<\/a> et les repr\u00e9sentants de la Banque centrale ont d\u00e9cid\u00e9 de prolonger l\u2019initiative de suspension du service de la dette jusque fin juin 2021, reconnaissant ainsi la n\u00e9cessit\u00e9 de faire des efforts suppl\u00e9mentaires pour aider les pays les plus vuln\u00e9rables du monde. Ils se sont aussi mis d\u2019accord sur une nouvelle initiative plus ambitieuse en mati\u00e8re d\u2019all\u00e8gement de la dette \u2013 notamment gr\u00e2ce \u00e0 la participation de cr\u00e9anciers du secteur priv\u00e9. La Banque mondiale a \u00e9galement annonc\u00e9 la possibilit\u00e9 d\u2019augmenter son aide d\u2019urgence dans le cadre du COVID-19 mais elle n\u2019envisage malheureusement <a href=\"https:\/\/www.one.org\/fr\/press\/reaction-de-one-a-lassemblee-annuelle-de-la-banque-mondiale-stop-a-cette-politique-de-deux-poids-deux-mesures\/\">pas de suspendre le remboursement des dettes<\/a> des pays les plus pauvres du monde.<\/p>\n<p>Dans le cadre de cette campagne, nous avons mis en lumi\u00e8re le choix impossible auquel certains pays sont confront\u00e9s : soit utiliser leurs ressources, d\u00e9j\u00e0 limit\u00e9es, afin de combattre la pand\u00e9mie, soit rembourser leurs dettes afin de pr\u00e9server leurs \u00e9conomies \u00e0 long terme. Certains pays ont os\u00e9 casser les codes afin de sauver leurs propres \u00e9conomies\u2026 Pourquoi ne semblent-ils pas pr\u00eats \u00e0 faire de m\u00eame pour les autres pays ?<\/p>\n<p>Retour sur les temps forts de cette campagne :<\/p>\n<h3><b>Des contenus \u00e0 partager en ligne<\/b><\/h3>\n<p>La question de la suspension de la dette est vitale, mais elle peut \u00eatre compliqu\u00e9e et technique. Il nous tenait donc \u00e0 c\u0153ur de l\u2019expliquer de mani\u00e8re simple et claire, alors nous nous sommes inspir\u00e9s du jeu Monopoly. Notre vid\u00e9o explicative a m\u00eame aid\u00e9 certain\u00b7e\u00b7s d\u2019entre nous chez ONE \u00e0 mieux comprendre les tenants et les aboutissants de cette campagne !<\/p>\n<p>Cette pand\u00e9mie montre encore une fois que, quand on parle d\u2019\u00e9conomie, c\u2019est souvent la politique du \u201cdeux poids, deux mesures\u201d qui s\u2019applique. Nous avons donc diffus\u00e9 via nos r\u00e9seaux sociaux <a href=\"https:\/\/www.instagram.com\/p\/CGQFFTZDSSh\/\">une s\u00e9rie d\u2019illustrations<\/a> qui met l\u2019accent sur un traitement \u00e0 g\u00e9om\u00e9trie variable en fonction des pays, ainsi que sur la n\u00e9cessit\u00e9 de suspendre les remboursements de dettes, car c\u2019est l\u2019un des meilleurs outils \u2013 et l\u2019un des plus rapides \u2013 pour lib\u00e9rer de l\u2019argent et des ressources.<\/p>\n<h3><b>Les visages de notre<\/b><b> campagne<\/b><\/h3>\n<p>Les activistes de ONE \u00e0 travers le monde sont au c\u0153ur de toutes nos actions. ONE, c\u2019est EUX. C\u2019est VOUS. C\u2019est NOUS. Nous ne pouvions pas parler de cette pand\u00e9mie, de ses cons\u00e9quences et de l\u2019importance de la suspension de la dette dans ce contexte, sans rassembler LEURS t\u00e9moignages.<\/p>\n<p><a href=\"https:\/\/www.one.org\/international\/blog\/one-global-activists-debt-suspension\/\"><img loading=\"lazy\" decoding=\"async\" class=\"aligncenter wp-image-153529\" src=\"https:\/\/cdn.one.org\/fr\/wp-content\/uploads\/2020\/10\/21092502\/Temoignages-dette-640x319.png\" alt=\"\" width=\"516\" height=\"257\" \/><\/a><\/p>\n<h3><b>Une mobilisation massive, aux 4 coins de l\u2019Europe<\/b><\/h3>\n<p>Chez ONE, on aime faire du bruit. Avant la pand\u00e9mie de COVID-19, nos \u00e9quipes et nos activistes avaient l\u2019habitude de se mobiliser aux quatre coins du globe pour organiser des \u00e9v\u00e9nements, coller des affiches dans la rue, rencontrer les d\u00e9cideurs politiques. Au vu des circonstances actuelles, nos possibilit\u00e9s \u00e9taient forc\u00e9ment limit\u00e9es. Mais il en faudrait plus pour nous arr\u00eater\u2026 Et nous avons r\u00e9ussi \u00e0 organiser quelques \u00e9v\u00e9nements sur le terrain (en respectant les gestes barri\u00e8res, bien s\u00fbr !), ainsi que des \u00e9v\u00e9nements en ligne.<\/p>\n<p>En France, nous nous sommes mobilis\u00e9s devant la tour Eiffel avec une \u00e9norme banderole adress\u00e9e \u00e0 la Banque mondiale : <b>\u201cVous avez le pouvoir de sauver des vies !\u201d<\/b>. Et Najat Vallaud-Belkacem, la directrice France de ONE, a envoy\u00e9 une lettre pour demander \u00e0 la Banque mondiale, ainsi qu\u2019aux cr\u00e9anciers priv\u00e9s et multilat\u00e9raux, de suspendre le remboursement de la dette des pays les plus vuln\u00e9rables jusqu\u2019\u00e0 la fin 2021.<\/p>\n<blockquote class=\"twitter-tweet\" data-width=\"550\" data-dnt=\"true\">\n<p dir=\"ltr\" lang=\"fr\">Demain a lieu l&#8217;assembl\u00e9e annuelle de la <a href=\"https:\/\/twitter.com\/Banquemondiale?ref_src=twsrc%5Etfw\">@Banquemondiale<\/a>. Alors qu&#8217;elle a la possibilit\u00e9 de suspendre la dette des pays les plus pauvres pour qu&#8217;ils puissent faire face \u00e0 la crise du <a href=\"https:\/\/twitter.com\/hashtag\/COVID19?src=hash&amp;ref_src=twsrc%5Etfw\">#COVID19<\/a>, elle n&#8217;a toujours pas agi. <a href=\"https:\/\/twitter.com\/DavidMalpassWBG?ref_src=twsrc%5Etfw\">@DavidMalpassWBG<\/a> vous avez le pouvoir de sauver des vies ! <a href=\"https:\/\/t.co\/eEleizPuoV\">pic.twitter.com\/eEleizPuoV<\/a><\/p>\n<p>\u2014 ONE France (@ONE_Fr) <a href=\"https:\/\/twitter.com\/ONE_Fr\/status\/1316325971398721537?ref_src=twsrc%5Etfw\">October 14, 2020<\/a><\/p><\/blockquote>\n<p><a href=\"https:\/\/twitter.com\/ONE_Fr\/status\/1315963065515552769\">https:\/\/twitter.com\/ONE_Fr\/status\/1315963065515552769<\/a><\/p>\n<p>Aux c\u00f4t\u00e9s d\u2019Oxfam et de erlassjahr.de (un r\u00e9seau d\u2019organisations allemand qui plaide pour la restructuration de la dette des pays les plus pauvres), notre \u00e9quipe allemande a remis une p\u00e9tition \u00e0 Wolfgang Schmidt \u2013 le secr\u00e9taire d\u2019\u00c9tat au minist\u00e8re des Finances (toujours dans le respect des gestes barri\u00e8res, cela va sans dire). Et notre ambassadeur Jan Josef Liefers est venu nous pr\u00eater main forte <a href=\"https:\/\/twitter.com\/JanJosefLiefers\/status\/1314454569460609029\">sur Twitter<\/a>.<\/p>\n<blockquote class=\"twitter-tweet\" data-width=\"550\" data-dnt=\"true\">\n<p dir=\"ltr\" lang=\"de\">Heute haben wir unsere Petition an <a href=\"https:\/\/twitter.com\/W_Schmidt_?ref_src=twsrc%5Etfw\">@W_Schmidt_<\/a> \u00fcbergeben. Unterst\u00fctzt von \u00fcber 820.000 Menschen weltweit, setzen wir uns mit <a href=\"https:\/\/twitter.com\/erlassjahr?ref_src=twsrc%5Etfw\">@erlassjahr<\/a>, <a href=\"https:\/\/twitter.com\/Oxfam_DE?ref_src=twsrc%5Etfw\">@Oxfam_DE<\/a> &amp; <a href=\"https:\/\/twitter.com\/JanJosefLiefers?ref_src=twsrc%5Etfw\">@JanJosefLiefers<\/a> f\u00fcr einen Schuldenstopp f\u00fcr die am st\u00e4rksten von Armut betroffenen L\u00e4nder ein. <a href=\"https:\/\/twitter.com\/BMF_Bund?ref_src=twsrc%5Etfw\">@BMF_Bund<\/a> <a href=\"https:\/\/t.co\/cmuSskSGdJ\">https:\/\/t.co\/cmuSskSGdJ<\/a> <a href=\"https:\/\/t.co\/FgDCfEWHN9\">pic.twitter.com\/FgDCfEWHN9<\/a><\/p>\n<p>\u2014 ONEDeutschland (@ONEDeutschland) <a href=\"https:\/\/twitter.com\/ONEDeutschland\/status\/1314527925392363521?ref_src=twsrc%5Etfw\">October 9, 2020<\/a><\/p><\/blockquote>\n<p>Au Royaume-Uni, nos supers activistes ont rencontr\u00e9 leurs repr\u00e9sentants afin de leur remettre une p\u00e9tition commune, sign\u00e9e par plus de 860 000 personnes !<\/p>\n<p><a href=\"https:\/\/twitter.com\/ONEintheUK\/status\/1316408593692983296\">https:\/\/twitter.com\/ONEintheUK\/status\/1316408593692983296<\/a><\/p>\n<p>Les activistes italiens ont eux aussi pris (virtuellement) <a href=\"https:\/\/twitter.com\/vittoria_anelli\/status\/1316338876982669312\">part \u00e0 la campagne<\/a> !<\/p>\n<blockquote class=\"twitter-tweet\" data-width=\"550\" data-dnt=\"true\">\n<p dir=\"ltr\" lang=\"it\">Grazie Ambasciatore <a href=\"https:\/\/twitter.com\/hashtag\/PietroBenassi?src=hash&amp;ref_src=twsrc%5Etfw\">#PietroBenassi<\/a> per il supporto dimostrato e per essersi impegnato ad agire per <a href=\"https:\/\/twitter.com\/hashtag\/ONEWorld?src=hash&amp;ref_src=twsrc%5Etfw\">#ONEWorld<\/a>. L\u2019Italia durante l&#8217;imminente Presidenza G20 pu\u00f2 e deve alimentare il cambiamento affinch\u00e9 nessuno venga lasciato indietro. <a href=\"https:\/\/t.co\/8mB4OEjl2f\">pic.twitter.com\/8mB4OEjl2f<\/a><\/p>\n<p>\u2014 Vittoria Anelli (@vittoria_anelli) <a href=\"https:\/\/twitter.com\/vittoria_anelli\/status\/1316318434096033792?ref_src=twsrc%5Etfw\">October 14, 2020<\/a><\/p><\/blockquote>\n<p>Et ce n\u2019est pas tout\u2026 Nos formidables activistes ont aussi tweet\u00e9 sans rel\u00e2che, pour faire pression sur <a href=\"https:\/\/twitter.com\/scotrun\/status\/1318143430489444352\">les ministres des Finances de leurs pays respectifs<\/a>. Ils ont \u00e9galement envoy\u00e9 des tweets directement adress\u00e9s \u00e0 la Banque mondiale et \u00e0 son Pr\u00e9sident, David Malpass, pour lui rappeler ses d\u00e9clarations prometteuses par le pass\u00e9 et lui demander de suspendre imm\u00e9diatement les remboursements de dettes.<\/p>\n<blockquote class=\"twitter-tweet\" data-width=\"550\" data-dnt=\"true\">\n<p dir=\"ltr\" lang=\"fr\">Cher <a href=\"https:\/\/twitter.com\/DavidMalpassWBG?ref_src=twsrc%5Etfw\">@DavidMalpassWBG<\/a>, nous appelons la <a href=\"https:\/\/twitter.com\/Banquemondiale?ref_src=twsrc%5Etfw\">@Banquemondiale<\/a> \u00e0 suspendre sans plus attendre le remboursement des dettes des pays les plus vuln\u00e9rables jusqu&#8217;\u00e0 la fin de 2021. Vous avez le pouvoir de sauver des vies ! <a href=\"https:\/\/twitter.com\/hashtag\/ONEWorld?src=hash&amp;ref_src=twsrc%5Etfw\">#ONEWorld<\/a> <a href=\"https:\/\/twitter.com\/ONE_Fr?ref_src=twsrc%5Etfw\">@ONE_Fr<\/a> <a href=\"https:\/\/t.co\/XLLWzfp7dc\">pic.twitter.com\/XLLWzfp7dc<\/a><\/p>\n<p>\u2014 Romane Mika (@romane_mika) <a href=\"https:\/\/twitter.com\/romane_mika\/status\/1316396205900005377?ref_src=twsrc%5Etfw\">October 14, 2020<\/a><\/p><\/blockquote>\n<blockquote class=\"twitter-tweet\" data-width=\"550\" data-dnt=\"true\">\n<p dir=\"ltr\" lang=\"en\">Great to talk with my constituent <a href=\"https:\/\/twitter.com\/joshuahinh?ref_src=twsrc%5Etfw\">@joshuahinh<\/a> from the <a href=\"https:\/\/twitter.com\/ONECampaign?ref_src=twsrc%5Etfw\">@ONECampaign<\/a> <a href=\"https:\/\/twitter.com\/ONEintheUK?ref_src=twsrc%5Etfw\">@ONEintheUK<\/a> on debt relief for developing countries. So important at this time not to forget the world\u2019s poorest. Good progress this week from <a href=\"https:\/\/twitter.com\/RishiSunak?ref_src=twsrc%5Etfw\">@RishiSunak<\/a> at G20 Finance Ministers meeting <a href=\"https:\/\/t.co\/BP9ZHLynaO\">https:\/\/t.co\/BP9ZHLynaO<\/a> <a href=\"https:\/\/t.co\/eeW04gs4Hf\">pic.twitter.com\/eeW04gs4Hf<\/a><\/p>\n<p>\u2014 Greg Hands (@GregHands) <a href=\"https:\/\/twitter.com\/GregHands\/status\/1317101197199876096?ref_src=twsrc%5Etfw\">October 16, 2020<\/a><\/p><\/blockquote>\n<h3><b>Et maintenant ? On ne va pas s\u2019arr\u00eater en si bon chemin !<\/b><\/h3>\n<p>L\u2019engagement du G20 concernant la suspension du remboursement des dettes jusqu\u2019en juin 2021 va permettre \u00e0 certains des pays les plus vuln\u00e9rables du monde de continuer \u00e0 lutter de mani\u00e8re ad\u00e9quate contre la pand\u00e9mie. Malheureusement, la Banque mondiale n\u2019a pas agi dans ce sens et, bien qu\u2019elle continue \u00e0 accorder des pr\u00eats, en refusant de suspendre le remboursement des dettes qui lui sont dues, elle accentue la pression financi\u00e8re subie par les pays les plus pauvres face \u00e0 la crise.<\/p>\n<p>Les engagements pris par le G20 d\u00e9montrent le pouvoir de la mobilisation citoyenne, mais ce n\u2019est qu\u2019un d\u00e9but. Nous devons continuer de maintenir la pression afin de convaincre la Banque mondiale et l\u2019ensemble des cr\u00e9anciers de renoncer au remboursement des dettes jusqu\u2019\u00e0 la fin 2021.<\/p>\n<p>Un immense MERCI \u00e0 toutes et tous pour votre aide pr\u00e9cieuse. Plus de 70 000 soutiens de ONE partout dans le monde ont <a href=\"https:\/\/act.one.org\/sign\/debt-relief-2020-fr\/\">sign\u00e9 notre p\u00e9tition<\/a>. Sans vous, nous n\u2019irions pas aussi loin. Et nous allons encore avoir besoin de vous ! Continuez de nous suivre pour en savoir plus sur les prochaines \u00e9tapes de cette campagne\u2026<\/p>\n<h3><a href=\"https:\/\/www.one.org\/fr\/agir\/rejoignez-notre-combat\/\"><strong>Continez le combat en rejoignant ONE !<\/strong><\/a><\/h3>\n<div class=\"buffer\"><\/div>","protected":false},"excerpt":{"rendered":"<p>La semaine derni\u00e8re, les ministres des Finances du G20 et les repr\u00e9sentants de la Banque centrale ont d\u00e9cid\u00e9 de prolonger l\u2019initiative de suspension du service de la dette jusque fin juin 2021, reconnaissant ainsi la n\u00e9cessit\u00e9 de faire des efforts suppl\u00e9mentaires pour aider les pays les plus vuln\u00e9rables du monde. Ils se sont aussi mis [&hellip;]<\/p>\n","protected":false},"author":24,"featured_media":163189,"comment_status":"open","ping_status":"open","sticky":false,"template":"","format":"standard","meta":{"_acf_changed":false,"_relevanssi_hide_post":"","_relevanssi_hide_content":"","_relevanssi_pin_for_all":"","_relevanssi_pin_keywords":"","_relevanssi_unpin_keywords":"","_relevanssi_related_keywords":"","_relevanssi_related_include_ids":"","_relevanssi_related_exclude_ids":"","_relevanssi_related_no_append":"","_relevanssi_related_not_related":"","_relevanssi_related_posts":"164801,164384,164396,163756,163706,163644","_relevanssi_noindex_reason":"","footnotes":""},"categories":[34],"tags":[],"topic":[63],"contributor":[44],"one_content_audience":[],"one_content_type":[],"one_content_tone":[],"class_list":["post-162443","post","type-post","status-publish","format-standard","has-post-thumbnail","hentry","category-one","topic-annulation-de-la-dette","contributor-one"],"acf":[],"yoast_head":"<!-- This site is optimized with the Yoast SEO Premium plugin v27.1 (Yoast SEO v27.1.1) - https:\/\/yoast.com\/product\/yoast-seo-premium-wordpress\/ -->\n<title>Suspension de la dette : osons casser les codes - ONE.org France<\/title>\n<meta name=\"description\" content=\"Victoire ! Le G20 a prolong\u00e9 la suspension de la dette des pays les plus pauvres. Malheureusement, la Banque mondiale n\u2019a pas agi dans ce sens.\" \/>\n<meta name=\"robots\" content=\"index, follow, max-snippet:-1, max-image-preview:large, max-video-preview:-1\" \/>\n<link rel=\"canonical\" href=\"https:\/\/www.one.org\/fr\/actualites\/casser-les-codes-suspension-dette\/\" \/>\n<meta property=\"og:locale\" content=\"fr_FR\" \/>\n<meta property=\"og:type\" content=\"article\" \/>\n<meta property=\"og:title\" content=\"Suspension de la dette : osons casser les codes\" \/>\n<meta property=\"og:description\" content=\"Victoire ! Le G20 a prolong\u00e9 la suspension de la dette des pays les plus pauvres. Malheureusement, la Banque mondiale n\u2019a pas agi dans ce sens.\" \/>\n<meta property=\"og:url\" content=\"https:\/\/www.one.org\/fr\/actualites\/casser-les-codes-suspension-dette\/\" \/>\n<meta property=\"og:site_name\" content=\"ONE.org France\" \/>\n<meta property=\"article:publisher\" content=\"https:\/\/www.facebook.com\/ONE.Fr\" \/>\n<meta property=\"article:published_time\" content=\"2020-10-21T09:52:13+00:00\" \/>\n<meta property=\"article:modified_time\" content=\"2023-12-08T12:41:43+00:00\" \/>\n<meta property=\"og:image\" content=\"https:\/\/www.one.org\/fr\/wp-content\/uploads\/sites\/4\/2020\/10\/DEBT_SERIES_2020_featured_1200x1200_en-1.png\" \/>\n\t<meta property=\"og:image:width\" content=\"1200\" \/>\n\t<meta property=\"og:image:height\" content=\"1200\" \/>\n\t<meta property=\"og:image:type\" content=\"image\/png\" \/>\n<meta name=\"author\" content=\"Dana Khalil\" \/>\n<meta name=\"twitter:card\" content=\"summary_large_image\" \/>\n<meta name=\"twitter:creator\" content=\"@one_fr\" \/>\n<meta name=\"twitter:site\" content=\"@one_fr\" \/>\n<meta name=\"twitter:label1\" content=\"Written by\" \/>\n\t<meta name=\"twitter:data1\" content=\"Dana Khalil\" \/>\n\t<meta name=\"twitter:label2\" content=\"Est. reading time\" \/>\n\t<meta name=\"twitter:data2\" content=\"5 minutes\" \/>\n<script type=\"application\/ld+json\" class=\"yoast-schema-graph\">{\"@context\":\"https:\/\/schema.org\",\"@graph\":[{\"@type\":\"Article\",\"@id\":\"https:\/\/www.one.org\/fr\/actualites\/casser-les-codes-suspension-dette\/#article\",\"isPartOf\":{\"@id\":\"https:\/\/www.one.org\/fr\/actualites\/casser-les-codes-suspension-dette\/\"},\"author\":{\"name\":\"Dana Khalil\",\"@id\":\"https:\/\/www.one.org\/fr\/#\/schema\/person\/cf1f30f9800f0592ec3d61940be82003\"},\"headline\":\"Suspension de la dette : osons casser les codes\",\"datePublished\":\"2020-10-21T09:52:13+00:00\",\"dateModified\":\"2023-12-08T12:41:43+00:00\",\"mainEntityOfPage\":{\"@id\":\"https:\/\/www.one.org\/fr\/actualites\/casser-les-codes-suspension-dette\/\"},\"wordCount\":1269,\"commentCount\":0,\"image\":{\"@id\":\"https:\/\/www.one.org\/fr\/actualites\/casser-les-codes-suspension-dette\/#primaryimage\"},\"thumbnailUrl\":\"https:\/\/www.one.org\/fr\/wp-content\/uploads\/sites\/4\/2020\/10\/DEBT_SERIES_2020_featured_1200x1200_en-1.png\",\"articleSection\":[\"ONE\"],\"inLanguage\":\"fr-FR\",\"potentialAction\":[{\"@type\":\"CommentAction\",\"name\":\"Comment\",\"target\":[\"https:\/\/www.one.org\/fr\/actualites\/casser-les-codes-suspension-dette\/#respond\"]}]},{\"@type\":\"WebPage\",\"@id\":\"https:\/\/www.one.org\/fr\/actualites\/casser-les-codes-suspension-dette\/\",\"url\":\"https:\/\/www.one.org\/fr\/actualites\/casser-les-codes-suspension-dette\/\",\"name\":\"Suspension de la dette : osons casser les codes - ONE.org France\",\"isPartOf\":{\"@id\":\"https:\/\/www.one.org\/fr\/#website\"},\"primaryImageOfPage\":{\"@id\":\"https:\/\/www.one.org\/fr\/actualites\/casser-les-codes-suspension-dette\/#primaryimage\"},\"image\":{\"@id\":\"https:\/\/www.one.org\/fr\/actualites\/casser-les-codes-suspension-dette\/#primaryimage\"},\"thumbnailUrl\":\"https:\/\/www.one.org\/fr\/wp-content\/uploads\/sites\/4\/2020\/10\/DEBT_SERIES_2020_featured_1200x1200_en-1.png\",\"datePublished\":\"2020-10-21T09:52:13+00:00\",\"dateModified\":\"2023-12-08T12:41:43+00:00\",\"author\":{\"@id\":\"https:\/\/www.one.org\/fr\/#\/schema\/person\/cf1f30f9800f0592ec3d61940be82003\"},\"description\":\"Victoire ! Le G20 a prolong\u00e9 la suspension de la dette des pays les plus pauvres. Malheureusement, la Banque mondiale n\u2019a pas agi dans ce sens.\",\"breadcrumb\":{\"@id\":\"https:\/\/www.one.org\/fr\/actualites\/casser-les-codes-suspension-dette\/#breadcrumb\"},\"inLanguage\":\"fr-FR\",\"potentialAction\":[{\"@type\":\"ReadAction\",\"target\":[\"https:\/\/www.one.org\/fr\/actualites\/casser-les-codes-suspension-dette\/\"]}]},{\"@type\":\"ImageObject\",\"inLanguage\":\"fr-FR\",\"@id\":\"https:\/\/www.one.org\/fr\/actualites\/casser-les-codes-suspension-dette\/#primaryimage\",\"url\":\"https:\/\/www.one.org\/fr\/wp-content\/uploads\/sites\/4\/2020\/10\/DEBT_SERIES_2020_featured_1200x1200_en-1.png\",\"contentUrl\":\"https:\/\/www.one.org\/fr\/wp-content\/uploads\/sites\/4\/2020\/10\/DEBT_SERIES_2020_featured_1200x1200_en-1.png\",\"width\":1200,\"height\":1200},{\"@type\":\"BreadcrumbList\",\"@id\":\"https:\/\/www.one.org\/fr\/actualites\/casser-les-codes-suspension-dette\/#breadcrumb\",\"itemListElement\":[{\"@type\":\"ListItem\",\"position\":1,\"name\":\"Home\",\"item\":\"https:\/\/www.one.org\/fr\/\"},{\"@type\":\"ListItem\",\"position\":2,\"name\":\"Suspension de la dette : osons casser les codes\"}]},{\"@type\":\"WebSite\",\"@id\":\"https:\/\/www.one.org\/fr\/#website\",\"url\":\"https:\/\/www.one.org\/fr\/\",\"name\":\"ONE.org\",\"description\":\"Cr\u00e9er des opportunit\u00e9s \u00e9conomiques et am\u00e9liorer la sant\u00e9 en Afrique\",\"potentialAction\":[{\"@type\":\"SearchAction\",\"target\":{\"@type\":\"EntryPoint\",\"urlTemplate\":\"https:\/\/www.one.org\/fr\/?s={search_term_string}\"},\"query-input\":{\"@type\":\"PropertyValueSpecification\",\"valueRequired\":true,\"valueName\":\"search_term_string\"}}],\"inLanguage\":\"fr-FR\"},{\"@type\":\"Person\",\"@id\":\"https:\/\/www.one.org\/fr\/#\/schema\/person\/cf1f30f9800f0592ec3d61940be82003\",\"name\":\"Dana Khalil\",\"image\":{\"@type\":\"ImageObject\",\"inLanguage\":\"fr-FR\",\"@id\":\"https:\/\/www.one.org\/fr\/#\/schema\/person\/image\/\",\"url\":\"https:\/\/secure.gravatar.com\/avatar\/b0da536f00ccefadcc7aae4e64855977a5249adb1ac04162a69474e53a8d4c40?s=96&d=mm&r=g\",\"contentUrl\":\"https:\/\/secure.gravatar.com\/avatar\/b0da536f00ccefadcc7aae4e64855977a5249adb1ac04162a69474e53a8d4c40?s=96&d=mm&r=g\",\"caption\":\"Dana Khalil\"},\"url\":\"https:\/\/www.one.org\/fr\/actualites\/author\/danakhalil\/\"}]}<\/script>\n<!-- \/ Yoast SEO Premium plugin. -->","yoast_head_json":{"title":"Suspension de la dette : osons casser les codes - ONE.org France","description":"Victoire ! Le G20 a prolong\u00e9 la suspension de la dette des pays les plus pauvres. Malheureusement, la Banque mondiale n\u2019a pas agi dans ce sens.","robots":{"index":"index","follow":"follow","max-snippet":"max-snippet:-1","max-image-preview":"max-image-preview:large","max-video-preview":"max-video-preview:-1"},"canonical":"https:\/\/www.one.org\/fr\/actualites\/casser-les-codes-suspension-dette\/","og_locale":"fr_FR","og_type":"article","og_title":"Suspension de la dette : osons casser les codes","og_description":"Victoire ! Le G20 a prolong\u00e9 la suspension de la dette des pays les plus pauvres. Malheureusement, la Banque mondiale n\u2019a pas agi dans ce sens.","og_url":"https:\/\/www.one.org\/fr\/actualites\/casser-les-codes-suspension-dette\/","og_site_name":"ONE.org France","article_publisher":"https:\/\/www.facebook.com\/ONE.Fr","article_published_time":"2020-10-21T09:52:13+00:00","article_modified_time":"2023-12-08T12:41:43+00:00","og_image":[{"width":1200,"height":1200,"url":"https:\/\/www.one.org\/fr\/wp-content\/uploads\/sites\/4\/2020\/10\/DEBT_SERIES_2020_featured_1200x1200_en-1.png","type":"image\/png"}],"author":"Dana Khalil","twitter_card":"summary_large_image","twitter_creator":"@one_fr","twitter_site":"@one_fr","twitter_misc":{"Written by":"Dana Khalil","Est. reading time":"5 minutes"},"schema":{"@context":"https:\/\/schema.org","@graph":[{"@type":"Article","@id":"https:\/\/www.one.org\/fr\/actualites\/casser-les-codes-suspension-dette\/#article","isPartOf":{"@id":"https:\/\/www.one.org\/fr\/actualites\/casser-les-codes-suspension-dette\/"},"author":{"name":"Dana Khalil","@id":"https:\/\/www.one.org\/fr\/#\/schema\/person\/cf1f30f9800f0592ec3d61940be82003"},"headline":"Suspension de la dette : osons casser les codes","datePublished":"2020-10-21T09:52:13+00:00","dateModified":"2023-12-08T12:41:43+00:00","mainEntityOfPage":{"@id":"https:\/\/www.one.org\/fr\/actualites\/casser-les-codes-suspension-dette\/"},"wordCount":1269,"commentCount":0,"image":{"@id":"https:\/\/www.one.org\/fr\/actualites\/casser-les-codes-suspension-dette\/#primaryimage"},"thumbnailUrl":"https:\/\/www.one.org\/fr\/wp-content\/uploads\/sites\/4\/2020\/10\/DEBT_SERIES_2020_featured_1200x1200_en-1.png","articleSection":["ONE"],"inLanguage":"fr-FR","potentialAction":[{"@type":"CommentAction","name":"Comment","target":["https:\/\/www.one.org\/fr\/actualites\/casser-les-codes-suspension-dette\/#respond"]}]},{"@type":"WebPage","@id":"https:\/\/www.one.org\/fr\/actualites\/casser-les-codes-suspension-dette\/","url":"https:\/\/www.one.org\/fr\/actualites\/casser-les-codes-suspension-dette\/","name":"Suspension de la dette : osons casser les codes - ONE.org France","isPartOf":{"@id":"https:\/\/www.one.org\/fr\/#website"},"primaryImageOfPage":{"@id":"https:\/\/www.one.org\/fr\/actualites\/casser-les-codes-suspension-dette\/#primaryimage"},"image":{"@id":"https:\/\/www.one.org\/fr\/actualites\/casser-les-codes-suspension-dette\/#primaryimage"},"thumbnailUrl":"https:\/\/www.one.org\/fr\/wp-content\/uploads\/sites\/4\/2020\/10\/DEBT_SERIES_2020_featured_1200x1200_en-1.png","datePublished":"2020-10-21T09:52:13+00:00","dateModified":"2023-12-08T12:41:43+00:00","author":{"@id":"https:\/\/www.one.org\/fr\/#\/schema\/person\/cf1f30f9800f0592ec3d61940be82003"},"description":"Victoire ! Le G20 a prolong\u00e9 la suspension de la dette des pays les plus pauvres. Malheureusement, la Banque mondiale n\u2019a pas agi dans ce sens.","breadcrumb":{"@id":"https:\/\/www.one.org\/fr\/actualites\/casser-les-codes-suspension-dette\/#breadcrumb"},"inLanguage":"fr-FR","potentialAction":[{"@type":"ReadAction","target":["https:\/\/www.one.org\/fr\/actualites\/casser-les-codes-suspension-dette\/"]}]},{"@type":"ImageObject","inLanguage":"fr-FR","@id":"https:\/\/www.one.org\/fr\/actualites\/casser-les-codes-suspension-dette\/#primaryimage","url":"https:\/\/www.one.org\/fr\/wp-content\/uploads\/sites\/4\/2020\/10\/DEBT_SERIES_2020_featured_1200x1200_en-1.png","contentUrl":"https:\/\/www.one.org\/fr\/wp-content\/uploads\/sites\/4\/2020\/10\/DEBT_SERIES_2020_featured_1200x1200_en-1.png","width":1200,"height":1200},{"@type":"BreadcrumbList","@id":"https:\/\/www.one.org\/fr\/actualites\/casser-les-codes-suspension-dette\/#breadcrumb","itemListElement":[{"@type":"ListItem","position":1,"name":"Home","item":"https:\/\/www.one.org\/fr\/"},{"@type":"ListItem","position":2,"name":"Suspension de la dette : osons casser les codes"}]},{"@type":"WebSite","@id":"https:\/\/www.one.org\/fr\/#website","url":"https:\/\/www.one.org\/fr\/","name":"ONE.org","description":"Cr\u00e9er des opportunit\u00e9s \u00e9conomiques et am\u00e9liorer la sant\u00e9 en Afrique","potentialAction":[{"@type":"SearchAction","target":{"@type":"EntryPoint","urlTemplate":"https:\/\/www.one.org\/fr\/?s={search_term_string}"},"query-input":{"@type":"PropertyValueSpecification","valueRequired":true,"valueName":"search_term_string"}}],"inLanguage":"fr-FR"},{"@type":"Person","@id":"https:\/\/www.one.org\/fr\/#\/schema\/person\/cf1f30f9800f0592ec3d61940be82003","name":"Dana Khalil","image":{"@type":"ImageObject","inLanguage":"fr-FR","@id":"https:\/\/www.one.org\/fr\/#\/schema\/person\/image\/","url":"https:\/\/secure.gravatar.com\/avatar\/b0da536f00ccefadcc7aae4e64855977a5249adb1ac04162a69474e53a8d4c40?s=96&d=mm&r=g","contentUrl":"https:\/\/secure.gravatar.com\/avatar\/b0da536f00ccefadcc7aae4e64855977a5249adb1ac04162a69474e53a8d4c40?s=96&d=mm&r=g","caption":"Dana Khalil"},"url":"https:\/\/www.one.org\/fr\/actualites\/author\/danakhalil\/"}]}},"distributor_meta":false,"distributor_terms":false,"distributor_media":false,"distributor_original_site_name":"ONE.org France","distributor_original_site_url":"https:\/\/www.one.org\/fr","push-errors":false,"_links":{"self":[{"href":"https:\/\/www.one.org\/fr\/wp-json\/wp\/v2\/posts\/162443","targetHints":{"allow":["GET"]}}],"collection":[{"href":"https:\/\/www.one.org\/fr\/wp-json\/wp\/v2\/posts"}],"about":[{"href":"https:\/\/www.one.org\/fr\/wp-json\/wp\/v2\/types\/post"}],"author":[{"embeddable":true,"href":"https:\/\/www.one.org\/fr\/wp-json\/wp\/v2\/users\/24"}],"replies":[{"embeddable":true,"href":"https:\/\/www.one.org\/fr\/wp-json\/wp\/v2\/comments?post=162443"}],"version-history":[{"count":0,"href":"https:\/\/www.one.org\/fr\/wp-json\/wp\/v2\/posts\/162443\/revisions"}],"wp:featuredmedia":[{"embeddable":true,"href":"https:\/\/www.one.org\/fr\/wp-json\/wp\/v2\/media\/163189"}],"wp:attachment":[{"href":"https:\/\/www.one.org\/fr\/wp-json\/wp\/v2\/media?parent=162443"}],"wp:term":[{"taxonomy":"category","embeddable":true,"href":"https:\/\/www.one.org\/fr\/wp-json\/wp\/v2\/categories?post=162443"},{"taxonomy":"post_tag","embeddable":true,"href":"https:\/\/www.one.org\/fr\/wp-json\/wp\/v2\/tags?post=162443"},{"taxonomy":"topic","embeddable":true,"href":"https:\/\/www.one.org\/fr\/wp-json\/wp\/v2\/topic?post=162443"},{"taxonomy":"contributor","embeddable":true,"href":"https:\/\/www.one.org\/fr\/wp-json\/wp\/v2\/contributor?post=162443"},{"taxonomy":"one_content_audience","embeddable":true,"href":"https:\/\/www.one.org\/fr\/wp-json\/wp\/v2\/one_content_audience?post=162443"},{"taxonomy":"one_content_type","embeddable":true,"href":"https:\/\/www.one.org\/fr\/wp-json\/wp\/v2\/one_content_type?post=162443"},{"taxonomy":"one_content_tone","embeddable":true,"href":"https:\/\/www.one.org\/fr\/wp-json\/wp\/v2\/one_content_tone?post=162443"}],"curies":[{"name":"wp","href":"https:\/\/api.w.org\/{rel}","templated":true}]}}