{"id":162442,"date":"2020-10-17T09:24:35","date_gmt":"2020-10-17T09:24:35","guid":{"rendered":"https:\/\/www.one.org\/fr\/5-consequences-du-covid-19-sur-la-pauvrete-dans-le-monde\/"},"modified":"2023-12-08T13:50:35","modified_gmt":"2023-12-08T13:50:35","slug":"pauvrete-mondiale-covid-19","status":"publish","type":"post","link":"https:\/\/www.one.org\/fr\/actualites\/pauvrete-mondiale-covid-19\/","title":{"rendered":"5 cons\u00e9quences du COVID-19 sur la pauvret\u00e9 dans le monde"},"content":{"rendered":"<p>La pand\u00e9mie de COVID-19 a engendr\u00e9 de nombreux nouveaux d\u00e9fis sociaux et \u00e9conomiques, et elle accentue ceux d\u00e9j\u00e0 existants. L\u2019un de ces d\u00e9fis est la pauvret\u00e9 mondiale. Aujourd\u2019hui, plus de <a href=\"https:\/\/worldpoverty.io\/\">700 millions<\/a> de personnes vivent dans l\u2019extr\u00eame pauvret\u00e9 dans le monde, <a href=\"https:\/\/www.worldbank.org\/en\/news\/feature\/2016\/06\/08\/ending-extreme-poverty\">c\u2019est-\u00e0-dire<\/a> avec moins de 1,90 dollar US par personne et par jour.<\/p>\n<p>D\u00e9sormais, en raison de la pand\u00e9mie, jusqu\u2019\u00e0 <a href=\"https:\/\/www.worldbank.org\/en\/news\/press-release\/2020\/10\/07\/covid-19-to-add-as-many-as-150-million-extreme-poor-by-2021\">115 millions de personnes<\/a> suppl\u00e9mentaires pourraient basculer dans la pauvret\u00e9 rien qu\u2019en 2020. Cela augmenterait consid\u00e9rablement les taux mondiaux.<\/p>\n<p>Alors que nous c\u00e9l\u00e9brons en ce 17 octobre la Journ\u00e9e internationale pour l\u2019\u00e9limination de la pauvret\u00e9, il est plus que jamais essentiel de comprendre les cons\u00e9quences graves du COVID-19 sur la pauvret\u00e9 mondiale si nous souhaitons continuer notre combat contre l\u2019\u00e9radication de l\u2019extr\u00eame pauvret\u00e9.<\/p>\n<p>D\u00e9couvrez les cinq fa\u00e7ons dont le COVID-19 menace d\u2019accentuer la pauvret\u00e9 dans le monde.<\/p>\n<h2><span data-sheets-value=\"{&quot;1&quot;:2,&quot;2&quot;:&quot;115 millions de personnes suppl\u00e9mentaires ont bascul\u00e9 dans la pauvret\u00e9 dans le monde&quot;}\" data-sheets-userformat=\"{&quot;2&quot;:957,&quot;3&quot;:{&quot;1&quot;:0},&quot;5&quot;:{&quot;1&quot;:[{&quot;1&quot;:2,&quot;2&quot;:0,&quot;5&quot;:{&quot;1&quot;:2,&quot;2&quot;:0}},{&quot;1&quot;:0,&quot;2&quot;:0,&quot;3&quot;:3},{&quot;1&quot;:1,&quot;2&quot;:0,&quot;4&quot;:1}]},&quot;6&quot;:{&quot;1&quot;:[{&quot;1&quot;:2,&quot;2&quot;:0,&quot;5&quot;:{&quot;1&quot;:2,&quot;2&quot;:0}},{&quot;1&quot;:0,&quot;2&quot;:0,&quot;3&quot;:3},{&quot;1&quot;:1,&quot;2&quot;:0,&quot;4&quot;:1}]},&quot;7&quot;:{&quot;1&quot;:[{&quot;1&quot;:2,&quot;2&quot;:0,&quot;5&quot;:{&quot;1&quot;:2,&quot;2&quot;:0}},{&quot;1&quot;:0,&quot;2&quot;:0,&quot;3&quot;:3},{&quot;1&quot;:1,&quot;2&quot;:0,&quot;4&quot;:1}]},&quot;8&quot;:{&quot;1&quot;:[{&quot;1&quot;:2,&quot;2&quot;:0,&quot;5&quot;:{&quot;1&quot;:2,&quot;2&quot;:0}},{&quot;1&quot;:0,&quot;2&quot;:0,&quot;3&quot;:3},{&quot;1&quot;:1,&quot;2&quot;:0,&quot;4&quot;:1}]},&quot;10&quot;:1,&quot;11&quot;:4,&quot;12&quot;:0}\">115 millions de personnes suppl\u00e9mentaires ont bascul\u00e9 dans la pauvret\u00e9 dans le monde<\/span><\/h2>\n<p>Entre 2008 et 2013, la pauvret\u00e9 dans le monde a diminu\u00e9 \u00e0 un rythme de \u201cpr\u00e8s de <a href=\"https:\/\/www.brookings.edu\/blog\/future-development\/2020\/05\/06\/turning-back-the-poverty-clock-how-will-covid-19-impact-the-worlds-poorest-people\/\">100 millions de personnes<\/a> par an\u201d. En 2015, seulement <a href=\"https:\/\/www.worldbank.org\/en\/news\/press-release\/2018\/09\/19\/decline-of-global-extreme-poverty-continues-but-has-slowed-world-bank\">10%<\/a> de la population mondiale vivait dans l\u2019extr\u00eame pauvret\u00e9.\u00a0Par la suite, les <a href=\"https:\/\/blogs.worldbank.org\/opendata\/updated-estimates-impact-covid-19-global-poverty-effect-new-data\">pourcentages ont continu\u00e9 de diminuer<\/a> chaque ann\u00e9e, jusqu\u2019\u00e0 atteindre <a href=\"https:\/\/blogs.worldbank.org\/opendata\/updated-estimates-impact-covid-19-global-poverty-effect-new-data\">8,4%<\/a> en 2019. Aujourd\u2019hui, avec la pand\u00e9mie, le taux de pauvret\u00e9 dans le monde pourrait atteindre <a href=\"https:\/\/blogs.worldbank.org\/opendata\/updated-estimates-impact-covid-19-global-poverty-effect-new-data\">8,9%<\/a> d\u2019ici 2021, alors qu\u2019il \u00e9tait de <a href=\"https:\/\/blogs.worldbank.org\/opendata\/updated-estimates-impact-covid-19-global-poverty-effect-new-data\">7,5%<\/a> avant la pand\u00e9mie.<\/p>\n<h2><span data-sheets-value=\"{&quot;1&quot;:2,&quot;2&quot;:&quot;Le COVID-19 provoquera la plus grande augmentation de l'extr\u00eame pauvret\u00e9 dans le monde de ce si\u00e8cle&quot;}\" data-sheets-userformat=\"{&quot;2&quot;:957,&quot;3&quot;:{&quot;1&quot;:0},&quot;5&quot;:{&quot;1&quot;:[{&quot;1&quot;:2,&quot;2&quot;:0,&quot;5&quot;:{&quot;1&quot;:2,&quot;2&quot;:0}},{&quot;1&quot;:0,&quot;2&quot;:0,&quot;3&quot;:3},{&quot;1&quot;:1,&quot;2&quot;:0,&quot;4&quot;:1}]},&quot;6&quot;:{&quot;1&quot;:[{&quot;1&quot;:2,&quot;2&quot;:0,&quot;5&quot;:{&quot;1&quot;:2,&quot;2&quot;:0}},{&quot;1&quot;:0,&quot;2&quot;:0,&quot;3&quot;:3},{&quot;1&quot;:1,&quot;2&quot;:0,&quot;4&quot;:1}]},&quot;7&quot;:{&quot;1&quot;:[{&quot;1&quot;:2,&quot;2&quot;:0,&quot;5&quot;:{&quot;1&quot;:2,&quot;2&quot;:0}},{&quot;1&quot;:0,&quot;2&quot;:0,&quot;3&quot;:3},{&quot;1&quot;:1,&quot;2&quot;:0,&quot;4&quot;:1}]},&quot;8&quot;:{&quot;1&quot;:[{&quot;1&quot;:2,&quot;2&quot;:0,&quot;5&quot;:{&quot;1&quot;:2,&quot;2&quot;:0}},{&quot;1&quot;:0,&quot;2&quot;:0,&quot;3&quot;:3},{&quot;1&quot;:1,&quot;2&quot;:0,&quot;4&quot;:1}]},&quot;10&quot;:1,&quot;11&quot;:4,&quot;12&quot;:0}\">Le COVID-19 provoquera la plus grande augmentation de l\u2019extr\u00eame pauvret\u00e9 dans le monde de ce si\u00e8cle<\/span><\/h2>\n<p>En raison du \u201c<a href=\"https:\/\/www.worldbank.org\/en\/topic\/poverty\/overview\">d\u00e9sastre \u00e9conomique<\/a> mondial\u201d provoqu\u00e9 par la pand\u00e9mie, le nombre de personnes vivant <a href=\"https:\/\/www.brookings.edu\/blog\/future-development\/2020\/05\/06\/turning-back-the-poverty-clock-how-will-covid-19-impact-the-worlds-poorest-people\/\">dans la pauvret\u00e9<\/a> va augmenter pour la premi\u00e8re fois depuis le d\u00e9but du si\u00e8cle. La seule autre fois o\u00f9 le monde a connu des niveaux de pauvret\u00e9 aussi extr\u00eames au cours des 30 derni\u00e8res ann\u00e9es fut lors de la <a href=\"https:\/\/blogs.worldbank.org\/opendata\/updated-estimates-impact-covid-19-global-poverty-effect-new-data\">crise financi\u00e8re asiatique de 1997-1998<\/a>, qui a accru la pauvret\u00e9 de <a href=\"https:\/\/blogs.worldbank.org\/opendata\/updated-estimates-impact-covid-19-global-poverty-effect-new-data\">1,3%<\/a>.<\/p>\n<h2><span data-sheets-value=\"{&quot;1&quot;:2,&quot;2&quot;:&quot;La pand\u00e9mie va creuser l'\u00e9cart entre les sexes en mati\u00e8re de pauvret\u00e9 dans le monde&quot;}\" data-sheets-userformat=\"{&quot;2&quot;:957,&quot;3&quot;:{&quot;1&quot;:0},&quot;5&quot;:{&quot;1&quot;:[{&quot;1&quot;:2,&quot;2&quot;:0,&quot;5&quot;:{&quot;1&quot;:2,&quot;2&quot;:0}},{&quot;1&quot;:0,&quot;2&quot;:0,&quot;3&quot;:3},{&quot;1&quot;:1,&quot;2&quot;:0,&quot;4&quot;:1}]},&quot;6&quot;:{&quot;1&quot;:[{&quot;1&quot;:2,&quot;2&quot;:0,&quot;5&quot;:{&quot;1&quot;:2,&quot;2&quot;:0}},{&quot;1&quot;:0,&quot;2&quot;:0,&quot;3&quot;:3},{&quot;1&quot;:1,&quot;2&quot;:0,&quot;4&quot;:1}]},&quot;7&quot;:{&quot;1&quot;:[{&quot;1&quot;:2,&quot;2&quot;:0,&quot;5&quot;:{&quot;1&quot;:2,&quot;2&quot;:0}},{&quot;1&quot;:0,&quot;2&quot;:0,&quot;3&quot;:3},{&quot;1&quot;:1,&quot;2&quot;:0,&quot;4&quot;:1}]},&quot;8&quot;:{&quot;1&quot;:[{&quot;1&quot;:2,&quot;2&quot;:0,&quot;5&quot;:{&quot;1&quot;:2,&quot;2&quot;:0}},{&quot;1&quot;:0,&quot;2&quot;:0,&quot;3&quot;:3},{&quot;1&quot;:1,&quot;2&quot;:0,&quot;4&quot;:1}]},&quot;10&quot;:1,&quot;11&quot;:4,&quot;12&quot;:0}\">La pand\u00e9mie va creuser l\u2019\u00e9cart entre les sexes en mati\u00e8re de pauvret\u00e9 dans le monde<\/span><\/h2>\n<p>Comme nous l\u2019avons constat\u00e9 avec <a href=\"https:\/\/www.one.org\/fr\/blog\/covid-19-une-menace-pour-leducation-des-filles\/\">l\u2019\u00e9ducation<\/a>, <a href=\"https:\/\/www.one.org\/international\/blog\/maternal-reproductive-care-womens-health-covid-19\/\">la sant\u00e9<\/a> et <a href=\"https:\/\/www.one.org\/fr\/blog\/covid-19-impact-femmes\/\">le travail<\/a>, la pand\u00e9mie devrait affecter les femmes pauvres de mani\u00e8re disproportionn\u00e9e par rapport aux hommes. Avant la pand\u00e9mie, dans le monde, les femmes \u00e9taient d\u00e9j\u00e0 <a href=\"https:\/\/www.globalcitizen.org\/en\/content\/women-extreme-poverty-un-report\/\">4%<\/a> plus susceptibles de vivre dans l\u2019extr\u00eame pauvret\u00e9 que les hommes.<\/p>\n<p>Le COVID-19 menace d\u00e9sormais d\u2019\u00e9largir cet \u00e9cart. Sur les 435 millions de femmes et de filles qui vont basculer dans la pauvret\u00e9 d\u2019ici 2021, <a href=\"https:\/\/www.unwomen.org\/en\/news\/stories\/2020\/8\/press-release-covid-19-will-widen-poverty-gap-between-women-and-men\">47 millions<\/a> y basculeront \u00e0 cause de la pand\u00e9mie.<\/p>\n<p>La pand\u00e9mie menace \u00e9galement d\u2019annuler les d\u00e9cennies de progr\u00e8s r\u00e9alis\u00e9s dans la lutte contre la pauvret\u00e9 des femmes. Entre 2019 et 2021, le taux de pauvret\u00e9 chez les femmes devait baisser de <a href=\"https:\/\/www.unwomen.org\/en\/news\/stories\/2020\/8\/press-release-covid-19-will-widen-poverty-gap-between-women-and-men\">2,7%<\/a> mais, \u00e0 cause du COVID-19, ce taux devrait finalement augmenter de <a href=\"https:\/\/www.unwomen.org\/en\/news\/stories\/2020\/8\/press-release-covid-19-will-widen-poverty-gap-between-women-and-men\">9,1%<\/a>. Par ailleurs, <a href=\"https:\/\/www.unwomen.org\/en\/news\/stories\/2020\/8\/press-release-covid-19-will-widen-poverty-gap-between-women-and-men\">59%<\/a> des femmes vivant dans la pauvret\u00e9 r\u00e9sident en Afrique subsaharienne. Alors que la pand\u00e9mie continue, \u201cla r\u00e9gion continuera \u00e0 accueillir <a href=\"https:\/\/www.unwomen.org\/en\/news\/stories\/2020\/8\/press-release-covid-19-will-widen-poverty-gap-between-women-and-men\">le plus grand nombre<\/a> de personnes en situation d\u2019extr\u00eame pauvret\u00e9\u201d.<\/p>\n<h2><span data-sheets-value=\"{&quot;1&quot;:2,&quot;2&quot;:&quot;Les populations urbaines basculeront dans l'extr\u00eame pauvret\u00e9&quot;}\" data-sheets-userformat=\"{&quot;2&quot;:701,&quot;3&quot;:{&quot;1&quot;:0},&quot;5&quot;:{&quot;1&quot;:[{&quot;1&quot;:2,&quot;2&quot;:0,&quot;5&quot;:{&quot;1&quot;:2,&quot;2&quot;:0}},{&quot;1&quot;:0,&quot;2&quot;:0,&quot;3&quot;:3},{&quot;1&quot;:1,&quot;2&quot;:0,&quot;4&quot;:1}]},&quot;6&quot;:{&quot;1&quot;:[{&quot;1&quot;:2,&quot;2&quot;:0,&quot;5&quot;:{&quot;1&quot;:2,&quot;2&quot;:0}},{&quot;1&quot;:0,&quot;2&quot;:0,&quot;3&quot;:3},{&quot;1&quot;:1,&quot;2&quot;:0,&quot;4&quot;:1}]},&quot;7&quot;:{&quot;1&quot;:[{&quot;1&quot;:2,&quot;2&quot;:0,&quot;5&quot;:{&quot;1&quot;:2,&quot;2&quot;:0}},{&quot;1&quot;:0,&quot;2&quot;:0,&quot;3&quot;:3},{&quot;1&quot;:1,&quot;2&quot;:0,&quot;4&quot;:1}]},&quot;8&quot;:{&quot;1&quot;:[{&quot;1&quot;:2,&quot;2&quot;:0,&quot;5&quot;:{&quot;1&quot;:2,&quot;2&quot;:0}},{&quot;1&quot;:0,&quot;2&quot;:0,&quot;3&quot;:3},{&quot;1&quot;:1,&quot;2&quot;:0,&quot;4&quot;:1}]},&quot;10&quot;:1,&quot;12&quot;:0}\">Les populations urbaines basculeront dans l\u2019extr\u00eame pauvret\u00e9<\/span><\/h2>\n<p>Avant la pand\u00e9mie, la pauvret\u00e9 touchait principalement les <a href=\"https:\/\/www.worldbank.org\/en\/news\/press-release\/2020\/10\/07\/covid-19-to-add-as-many-as-150-million-extreme-poor-by-2021\">populations rurales<\/a>. Avec le COVID-19, la pauvret\u00e9 dans le monde pourrait d\u00e9sormais atteindre les <a href=\"https:\/\/www.worldbank.org\/en\/news\/press-release\/2020\/10\/07\/covid-19-to-add-as-many-as-150-million-extreme-poor-by-2021\">zones urbaines<\/a>.<\/p>\n<p>Les citadins deviendront les <a href=\"https:\/\/blogs.worldbank.org\/developmenttalk\/new-poor-are-different-who-they-are-and-why-it-matters\">\u201cnouveaux pauvres\u201d<\/a> en raison des mesures sanitaires et de confinement qui ont paralys\u00e9 l\u2019activit\u00e9 \u00e9conomique. Ces mesures ont laiss\u00e9 du jour au lendemain de nombreux <a href=\"https:\/\/blogs.worldbank.org\/developmenttalk\/new-poor-are-different-who-they-are-and-why-it-matters\">citadins<\/a> sans revenus. En cons\u00e9quence, <a href=\"https:\/\/blogs.worldbank.org\/developmenttalk\/new-poor-are-different-who-they-are-and-why-it-matters\">30% de la population mondiale vivant d\u00e9sormais dans la pauvret\u00e9<\/a> sera issue des zones urbaines.<\/p>\n<h2><span data-sheets-value=\"{&quot;1&quot;:2,&quot;2&quot;:&quot;La faim due \u00e0 la pauvret\u00e9 va augmenter dans le monde entier&quot;}\" data-sheets-userformat=\"{&quot;2&quot;:701,&quot;3&quot;:{&quot;1&quot;:0},&quot;5&quot;:{&quot;1&quot;:[{&quot;1&quot;:2,&quot;2&quot;:0,&quot;5&quot;:{&quot;1&quot;:2,&quot;2&quot;:0}},{&quot;1&quot;:0,&quot;2&quot;:0,&quot;3&quot;:3},{&quot;1&quot;:1,&quot;2&quot;:0,&quot;4&quot;:1}]},&quot;6&quot;:{&quot;1&quot;:[{&quot;1&quot;:2,&quot;2&quot;:0,&quot;5&quot;:{&quot;1&quot;:2,&quot;2&quot;:0}},{&quot;1&quot;:0,&quot;2&quot;:0,&quot;3&quot;:3},{&quot;1&quot;:1,&quot;2&quot;:0,&quot;4&quot;:1}]},&quot;7&quot;:{&quot;1&quot;:[{&quot;1&quot;:2,&quot;2&quot;:0,&quot;5&quot;:{&quot;1&quot;:2,&quot;2&quot;:0}},{&quot;1&quot;:0,&quot;2&quot;:0,&quot;3&quot;:3},{&quot;1&quot;:1,&quot;2&quot;:0,&quot;4&quot;:1}]},&quot;8&quot;:{&quot;1&quot;:[{&quot;1&quot;:2,&quot;2&quot;:0,&quot;5&quot;:{&quot;1&quot;:2,&quot;2&quot;:0}},{&quot;1&quot;:0,&quot;2&quot;:0,&quot;3&quot;:3},{&quot;1&quot;:1,&quot;2&quot;:0,&quot;4&quot;:1}]},&quot;10&quot;:1,&quot;12&quot;:0}\">La faim due \u00e0 la pauvret\u00e9 va augmenter dans le monde entier<\/span><\/h2>\n<p>M\u00eame avant la pand\u00e9mie, la pauvret\u00e9 \u00e9tait un facteur consid\u00e9rable de <a href=\"https:\/\/reliefweb.int\/sites\/reliefweb.int\/files\/resources\/World%20Vision%20COVID-19%20FSL_09072020.pdf\">faim et de malnutrition<\/a>. 821 millions de personnes dans le monde \u00e9taient d\u00e9j\u00e0 expos\u00e9es \u00e0 <a href=\"https:\/\/reliefweb.int\/sites\/reliefweb.int\/files\/resources\/World%20Vision%20COVID-19%20FSL_09072020.pdf\">l\u2019ins\u00e9curit\u00e9 alimentaire<\/a>.<\/p>\n<p>Alors que la faim et la pauvret\u00e9 continuent d\u2019\u00eatre \u00e9troitement li\u00e9es, la pand\u00e9mie pourrait mettre <a href=\"https:\/\/reliefweb.int\/sites\/reliefweb.int\/files\/resources\/World%20Vision%20COVID-19%20FSL_09072020.pdf\">130 millions de personnes <\/a>suppl\u00e9mentaires en situation de crise alimentaire et <a href=\"https:\/\/reliefweb.int\/sites\/reliefweb.int\/files\/resources\/World%20Vision%20COVID-19%20FSL_09072020.pdf\">265 millions de personnes<\/a> pourraient \u201cavoir besoin d\u2019une aide vitale pour assurer leur s\u00e9curit\u00e9 alimentaire\u201d.<\/p>\n<h3><b>Plus de la moiti\u00e9 des personnes pauvres dans le monde proviendra des pays \u00e0 revenu interm\u00e9diaire\u00a0<\/b><\/h3>\n<p>Les pays \u00e0 revenu interm\u00e9diaire sont d\u00e9sormais menac\u00e9s de voir leurs populations basculer dans l\u2019extr\u00eame pauvret\u00e9. Alors que les pays ayant d\u00e9j\u00e0 des <a href=\"https:\/\/www.worldbank.org\/en\/news\/press-release\/2020\/10\/07\/covid-19-to-add-as-many-as-150-million-extreme-poor-by-2021\">taux \u00e9lev\u00e9s de pauvret\u00e9<\/a> risquent de voir ces niveaux augmenter \u00e0 cause du COVID-19, les pays \u00e0 revenu interm\u00e9diaire pourraient repr\u00e9senter <a href=\"https:\/\/www.worldbank.org\/en\/news\/press-release\/2020\/10\/07\/covid-19-to-add-as-many-as-150-million-extreme-poor-by-2021\">82%<\/a> des nouvelles populations basculant dans la pauvret\u00e9.<\/p>\n<p>Si les dirigeants mondiaux et les pays agissent d\u00e8s maintenant, ces impacts drastiques sur la pauvret\u00e9 dans le monde pourront \u00eatre att\u00e9nu\u00e9s. Aucun de nous n\u2019est en s\u00e9curit\u00e9 tant que nous ne le serons pas toutes et tous, et cela implique de garantir que tout le monde, partout, puisse mener une vie digne et pleine de possibilit\u00e9s sans souffrir de l\u2019extr\u00eame pauvret\u00e9.<\/p>\n<div class=\"buffer\"><\/div>","protected":false},"excerpt":{"rendered":"<p>La pand\u00e9mie de COVID-19 a engendr\u00e9 de nombreux nouveaux d\u00e9fis sociaux et \u00e9conomiques, et elle accentue ceux d\u00e9j\u00e0 existants. L\u2019un de ces d\u00e9fis est la pauvret\u00e9 mondiale. Aujourd\u2019hui, plus de 700 millions de personnes vivent dans l\u2019extr\u00eame pauvret\u00e9 dans le monde, c\u2019est-\u00e0-dire avec moins de 1,90 dollar US par personne et par jour. D\u00e9sormais, en [&hellip;]<\/p>\n","protected":false},"author":24,"featured_media":163191,"comment_status":"open","ping_status":"open","sticky":false,"template":"","format":"standard","meta":{"_acf_changed":false,"_relevanssi_hide_post":"","_relevanssi_hide_content":"","_relevanssi_pin_for_all":"","_relevanssi_pin_keywords":"","_relevanssi_unpin_keywords":"","_relevanssi_related_keywords":"","_relevanssi_related_include_ids":"","_relevanssi_related_exclude_ids":"","_relevanssi_related_no_append":"","_relevanssi_related_not_related":"","_relevanssi_related_posts":"164801,164384,164396,163756,163706,163644","_relevanssi_noindex_reason":"","footnotes":""},"categories":[34],"tags":[],"topic":[42],"contributor":[43,62],"one_content_audience":[],"one_content_type":[],"one_content_tone":[],"class_list":["post-162442","post","type-post","status-publish","format-standard","has-post-thumbnail","hentry","category-one","topic-covid-19","contributor-dana-khalil","contributor-marie-bellanger"],"acf":[],"yoast_head":"<!-- This site is optimized with the Yoast SEO Premium plugin v27.1 (Yoast SEO v27.1.1) - https:\/\/yoast.com\/product\/yoast-seo-premium-wordpress\/ -->\n<title>5 cons\u00e9quences du COVID-19 sur la pauvret\u00e9 dans le monde - ONE.org France<\/title>\n<meta name=\"description\" content=\"D\u00e9couvrez comment le COVID-19 menace d&#039;accentuer la pauvret\u00e9 dans le monde.\" \/>\n<meta name=\"robots\" content=\"index, follow, max-snippet:-1, max-image-preview:large, max-video-preview:-1\" \/>\n<link rel=\"canonical\" href=\"https:\/\/www.one.org\/fr\/actualites\/pauvrete-mondiale-covid-19\/\" \/>\n<meta property=\"og:locale\" content=\"fr_FR\" \/>\n<meta property=\"og:type\" content=\"article\" \/>\n<meta property=\"og:title\" content=\"5 cons\u00e9quences du COVID-19 sur la pauvret\u00e9 dans le monde\" \/>\n<meta property=\"og:description\" content=\"D\u00e9couvrez comment le COVID-19 menace d&#039;accentuer la pauvret\u00e9 dans le monde.\" \/>\n<meta property=\"og:url\" content=\"https:\/\/www.one.org\/fr\/actualites\/pauvrete-mondiale-covid-19\/\" \/>\n<meta property=\"og:site_name\" content=\"ONE.org France\" \/>\n<meta property=\"article:publisher\" content=\"https:\/\/www.facebook.com\/ONE.Fr\" \/>\n<meta property=\"article:published_time\" content=\"2020-10-17T09:24:35+00:00\" \/>\n<meta property=\"article:modified_time\" content=\"2023-12-08T13:50:35+00:00\" \/>\n<meta property=\"og:image\" content=\"https:\/\/www.one.org\/fr\/wp-content\/uploads\/sites\/4\/2020\/10\/International_EOP_feature_1200x1200-3.png\" \/>\n\t<meta property=\"og:image:width\" content=\"1081\" \/>\n\t<meta property=\"og:image:height\" content=\"1081\" \/>\n\t<meta property=\"og:image:type\" content=\"image\/png\" \/>\n<meta name=\"author\" content=\"Dana Khalil\" \/>\n<meta name=\"twitter:card\" content=\"summary_large_image\" \/>\n<meta name=\"twitter:creator\" content=\"@one_fr\" \/>\n<meta name=\"twitter:site\" content=\"@one_fr\" \/>\n<meta name=\"twitter:label1\" content=\"Written by\" \/>\n\t<meta name=\"twitter:data1\" content=\"Dana Khalil\" \/>\n\t<meta name=\"twitter:label2\" content=\"Est. reading time\" \/>\n\t<meta name=\"twitter:data2\" content=\"4 minutes\" \/>\n<script type=\"application\/ld+json\" class=\"yoast-schema-graph\">{\"@context\":\"https:\/\/schema.org\",\"@graph\":[{\"@type\":\"Article\",\"@id\":\"https:\/\/www.one.org\/fr\/actualites\/pauvrete-mondiale-covid-19\/#article\",\"isPartOf\":{\"@id\":\"https:\/\/www.one.org\/fr\/actualites\/pauvrete-mondiale-covid-19\/\"},\"author\":{\"name\":\"Dana Khalil\",\"@id\":\"https:\/\/www.one.org\/fr\/#\/schema\/person\/cf1f30f9800f0592ec3d61940be82003\"},\"headline\":\"5 cons\u00e9quences du COVID-19 sur la pauvret\u00e9 dans le monde\",\"datePublished\":\"2020-10-17T09:24:35+00:00\",\"dateModified\":\"2023-12-08T13:50:35+00:00\",\"mainEntityOfPage\":{\"@id\":\"https:\/\/www.one.org\/fr\/actualites\/pauvrete-mondiale-covid-19\/\"},\"wordCount\":851,\"commentCount\":0,\"image\":{\"@id\":\"https:\/\/www.one.org\/fr\/actualites\/pauvrete-mondiale-covid-19\/#primaryimage\"},\"thumbnailUrl\":\"https:\/\/www.one.org\/fr\/wp-content\/uploads\/sites\/4\/2020\/10\/International_EOP_feature_1200x1200-3.png\",\"articleSection\":[\"ONE\"],\"inLanguage\":\"fr-FR\",\"potentialAction\":[{\"@type\":\"CommentAction\",\"name\":\"Comment\",\"target\":[\"https:\/\/www.one.org\/fr\/actualites\/pauvrete-mondiale-covid-19\/#respond\"]}]},{\"@type\":\"WebPage\",\"@id\":\"https:\/\/www.one.org\/fr\/actualites\/pauvrete-mondiale-covid-19\/\",\"url\":\"https:\/\/www.one.org\/fr\/actualites\/pauvrete-mondiale-covid-19\/\",\"name\":\"5 cons\u00e9quences du COVID-19 sur la pauvret\u00e9 dans le monde - ONE.org France\",\"isPartOf\":{\"@id\":\"https:\/\/www.one.org\/fr\/#website\"},\"primaryImageOfPage\":{\"@id\":\"https:\/\/www.one.org\/fr\/actualites\/pauvrete-mondiale-covid-19\/#primaryimage\"},\"image\":{\"@id\":\"https:\/\/www.one.org\/fr\/actualites\/pauvrete-mondiale-covid-19\/#primaryimage\"},\"thumbnailUrl\":\"https:\/\/www.one.org\/fr\/wp-content\/uploads\/sites\/4\/2020\/10\/International_EOP_feature_1200x1200-3.png\",\"datePublished\":\"2020-10-17T09:24:35+00:00\",\"dateModified\":\"2023-12-08T13:50:35+00:00\",\"author\":{\"@id\":\"https:\/\/www.one.org\/fr\/#\/schema\/person\/cf1f30f9800f0592ec3d61940be82003\"},\"description\":\"D\u00e9couvrez comment le COVID-19 menace d'accentuer la pauvret\u00e9 dans le monde.\",\"breadcrumb\":{\"@id\":\"https:\/\/www.one.org\/fr\/actualites\/pauvrete-mondiale-covid-19\/#breadcrumb\"},\"inLanguage\":\"fr-FR\",\"potentialAction\":[{\"@type\":\"ReadAction\",\"target\":[\"https:\/\/www.one.org\/fr\/actualites\/pauvrete-mondiale-covid-19\/\"]}]},{\"@type\":\"ImageObject\",\"inLanguage\":\"fr-FR\",\"@id\":\"https:\/\/www.one.org\/fr\/actualites\/pauvrete-mondiale-covid-19\/#primaryimage\",\"url\":\"https:\/\/www.one.org\/fr\/wp-content\/uploads\/sites\/4\/2020\/10\/International_EOP_feature_1200x1200-3.png\",\"contentUrl\":\"https:\/\/www.one.org\/fr\/wp-content\/uploads\/sites\/4\/2020\/10\/International_EOP_feature_1200x1200-3.png\",\"width\":1081,\"height\":1081},{\"@type\":\"BreadcrumbList\",\"@id\":\"https:\/\/www.one.org\/fr\/actualites\/pauvrete-mondiale-covid-19\/#breadcrumb\",\"itemListElement\":[{\"@type\":\"ListItem\",\"position\":1,\"name\":\"Home\",\"item\":\"https:\/\/www.one.org\/fr\/\"},{\"@type\":\"ListItem\",\"position\":2,\"name\":\"5 cons\u00e9quences du COVID-19 sur la pauvret\u00e9 dans le monde\"}]},{\"@type\":\"WebSite\",\"@id\":\"https:\/\/www.one.org\/fr\/#website\",\"url\":\"https:\/\/www.one.org\/fr\/\",\"name\":\"ONE.org\",\"description\":\"Cr\u00e9er des opportunit\u00e9s \u00e9conomiques et am\u00e9liorer la sant\u00e9 en Afrique\",\"potentialAction\":[{\"@type\":\"SearchAction\",\"target\":{\"@type\":\"EntryPoint\",\"urlTemplate\":\"https:\/\/www.one.org\/fr\/?s={search_term_string}\"},\"query-input\":{\"@type\":\"PropertyValueSpecification\",\"valueRequired\":true,\"valueName\":\"search_term_string\"}}],\"inLanguage\":\"fr-FR\"},{\"@type\":\"Person\",\"@id\":\"https:\/\/www.one.org\/fr\/#\/schema\/person\/cf1f30f9800f0592ec3d61940be82003\",\"name\":\"Dana Khalil\",\"image\":{\"@type\":\"ImageObject\",\"inLanguage\":\"fr-FR\",\"@id\":\"https:\/\/www.one.org\/fr\/#\/schema\/person\/image\/\",\"url\":\"https:\/\/secure.gravatar.com\/avatar\/b0da536f00ccefadcc7aae4e64855977a5249adb1ac04162a69474e53a8d4c40?s=96&d=mm&r=g\",\"contentUrl\":\"https:\/\/secure.gravatar.com\/avatar\/b0da536f00ccefadcc7aae4e64855977a5249adb1ac04162a69474e53a8d4c40?s=96&d=mm&r=g\",\"caption\":\"Dana Khalil\"},\"url\":\"https:\/\/www.one.org\/fr\/actualites\/author\/danakhalil\/\"}]}<\/script>\n<!-- \/ Yoast SEO Premium plugin. -->","yoast_head_json":{"title":"5 cons\u00e9quences du COVID-19 sur la pauvret\u00e9 dans le monde - ONE.org France","description":"D\u00e9couvrez comment le COVID-19 menace d'accentuer la pauvret\u00e9 dans le monde.","robots":{"index":"index","follow":"follow","max-snippet":"max-snippet:-1","max-image-preview":"max-image-preview:large","max-video-preview":"max-video-preview:-1"},"canonical":"https:\/\/www.one.org\/fr\/actualites\/pauvrete-mondiale-covid-19\/","og_locale":"fr_FR","og_type":"article","og_title":"5 cons\u00e9quences du COVID-19 sur la pauvret\u00e9 dans le monde","og_description":"D\u00e9couvrez comment le COVID-19 menace d'accentuer la pauvret\u00e9 dans le monde.","og_url":"https:\/\/www.one.org\/fr\/actualites\/pauvrete-mondiale-covid-19\/","og_site_name":"ONE.org France","article_publisher":"https:\/\/www.facebook.com\/ONE.Fr","article_published_time":"2020-10-17T09:24:35+00:00","article_modified_time":"2023-12-08T13:50:35+00:00","og_image":[{"width":1081,"height":1081,"url":"https:\/\/www.one.org\/fr\/wp-content\/uploads\/sites\/4\/2020\/10\/International_EOP_feature_1200x1200-3.png","type":"image\/png"}],"author":"Dana Khalil","twitter_card":"summary_large_image","twitter_creator":"@one_fr","twitter_site":"@one_fr","twitter_misc":{"Written by":"Dana Khalil","Est. reading time":"4 minutes"},"schema":{"@context":"https:\/\/schema.org","@graph":[{"@type":"Article","@id":"https:\/\/www.one.org\/fr\/actualites\/pauvrete-mondiale-covid-19\/#article","isPartOf":{"@id":"https:\/\/www.one.org\/fr\/actualites\/pauvrete-mondiale-covid-19\/"},"author":{"name":"Dana Khalil","@id":"https:\/\/www.one.org\/fr\/#\/schema\/person\/cf1f30f9800f0592ec3d61940be82003"},"headline":"5 cons\u00e9quences du COVID-19 sur la pauvret\u00e9 dans le monde","datePublished":"2020-10-17T09:24:35+00:00","dateModified":"2023-12-08T13:50:35+00:00","mainEntityOfPage":{"@id":"https:\/\/www.one.org\/fr\/actualites\/pauvrete-mondiale-covid-19\/"},"wordCount":851,"commentCount":0,"image":{"@id":"https:\/\/www.one.org\/fr\/actualites\/pauvrete-mondiale-covid-19\/#primaryimage"},"thumbnailUrl":"https:\/\/www.one.org\/fr\/wp-content\/uploads\/sites\/4\/2020\/10\/International_EOP_feature_1200x1200-3.png","articleSection":["ONE"],"inLanguage":"fr-FR","potentialAction":[{"@type":"CommentAction","name":"Comment","target":["https:\/\/www.one.org\/fr\/actualites\/pauvrete-mondiale-covid-19\/#respond"]}]},{"@type":"WebPage","@id":"https:\/\/www.one.org\/fr\/actualites\/pauvrete-mondiale-covid-19\/","url":"https:\/\/www.one.org\/fr\/actualites\/pauvrete-mondiale-covid-19\/","name":"5 cons\u00e9quences du COVID-19 sur la pauvret\u00e9 dans le monde - ONE.org France","isPartOf":{"@id":"https:\/\/www.one.org\/fr\/#website"},"primaryImageOfPage":{"@id":"https:\/\/www.one.org\/fr\/actualites\/pauvrete-mondiale-covid-19\/#primaryimage"},"image":{"@id":"https:\/\/www.one.org\/fr\/actualites\/pauvrete-mondiale-covid-19\/#primaryimage"},"thumbnailUrl":"https:\/\/www.one.org\/fr\/wp-content\/uploads\/sites\/4\/2020\/10\/International_EOP_feature_1200x1200-3.png","datePublished":"2020-10-17T09:24:35+00:00","dateModified":"2023-12-08T13:50:35+00:00","author":{"@id":"https:\/\/www.one.org\/fr\/#\/schema\/person\/cf1f30f9800f0592ec3d61940be82003"},"description":"D\u00e9couvrez comment le COVID-19 menace d'accentuer la pauvret\u00e9 dans le monde.","breadcrumb":{"@id":"https:\/\/www.one.org\/fr\/actualites\/pauvrete-mondiale-covid-19\/#breadcrumb"},"inLanguage":"fr-FR","potentialAction":[{"@type":"ReadAction","target":["https:\/\/www.one.org\/fr\/actualites\/pauvrete-mondiale-covid-19\/"]}]},{"@type":"ImageObject","inLanguage":"fr-FR","@id":"https:\/\/www.one.org\/fr\/actualites\/pauvrete-mondiale-covid-19\/#primaryimage","url":"https:\/\/www.one.org\/fr\/wp-content\/uploads\/sites\/4\/2020\/10\/International_EOP_feature_1200x1200-3.png","contentUrl":"https:\/\/www.one.org\/fr\/wp-content\/uploads\/sites\/4\/2020\/10\/International_EOP_feature_1200x1200-3.png","width":1081,"height":1081},{"@type":"BreadcrumbList","@id":"https:\/\/www.one.org\/fr\/actualites\/pauvrete-mondiale-covid-19\/#breadcrumb","itemListElement":[{"@type":"ListItem","position":1,"name":"Home","item":"https:\/\/www.one.org\/fr\/"},{"@type":"ListItem","position":2,"name":"5 cons\u00e9quences du COVID-19 sur la pauvret\u00e9 dans le monde"}]},{"@type":"WebSite","@id":"https:\/\/www.one.org\/fr\/#website","url":"https:\/\/www.one.org\/fr\/","name":"ONE.org","description":"Cr\u00e9er des opportunit\u00e9s \u00e9conomiques et am\u00e9liorer la sant\u00e9 en Afrique","potentialAction":[{"@type":"SearchAction","target":{"@type":"EntryPoint","urlTemplate":"https:\/\/www.one.org\/fr\/?s={search_term_string}"},"query-input":{"@type":"PropertyValueSpecification","valueRequired":true,"valueName":"search_term_string"}}],"inLanguage":"fr-FR"},{"@type":"Person","@id":"https:\/\/www.one.org\/fr\/#\/schema\/person\/cf1f30f9800f0592ec3d61940be82003","name":"Dana Khalil","image":{"@type":"ImageObject","inLanguage":"fr-FR","@id":"https:\/\/www.one.org\/fr\/#\/schema\/person\/image\/","url":"https:\/\/secure.gravatar.com\/avatar\/b0da536f00ccefadcc7aae4e64855977a5249adb1ac04162a69474e53a8d4c40?s=96&d=mm&r=g","contentUrl":"https:\/\/secure.gravatar.com\/avatar\/b0da536f00ccefadcc7aae4e64855977a5249adb1ac04162a69474e53a8d4c40?s=96&d=mm&r=g","caption":"Dana Khalil"},"url":"https:\/\/www.one.org\/fr\/actualites\/author\/danakhalil\/"}]}},"distributor_meta":false,"distributor_terms":false,"distributor_media":false,"distributor_original_site_name":"ONE.org France","distributor_original_site_url":"https:\/\/www.one.org\/fr","push-errors":false,"_links":{"self":[{"href":"https:\/\/www.one.org\/fr\/wp-json\/wp\/v2\/posts\/162442","targetHints":{"allow":["GET"]}}],"collection":[{"href":"https:\/\/www.one.org\/fr\/wp-json\/wp\/v2\/posts"}],"about":[{"href":"https:\/\/www.one.org\/fr\/wp-json\/wp\/v2\/types\/post"}],"author":[{"embeddable":true,"href":"https:\/\/www.one.org\/fr\/wp-json\/wp\/v2\/users\/24"}],"replies":[{"embeddable":true,"href":"https:\/\/www.one.org\/fr\/wp-json\/wp\/v2\/comments?post=162442"}],"version-history":[{"count":0,"href":"https:\/\/www.one.org\/fr\/wp-json\/wp\/v2\/posts\/162442\/revisions"}],"wp:featuredmedia":[{"embeddable":true,"href":"https:\/\/www.one.org\/fr\/wp-json\/wp\/v2\/media\/163191"}],"wp:attachment":[{"href":"https:\/\/www.one.org\/fr\/wp-json\/wp\/v2\/media?parent=162442"}],"wp:term":[{"taxonomy":"category","embeddable":true,"href":"https:\/\/www.one.org\/fr\/wp-json\/wp\/v2\/categories?post=162442"},{"taxonomy":"post_tag","embeddable":true,"href":"https:\/\/www.one.org\/fr\/wp-json\/wp\/v2\/tags?post=162442"},{"taxonomy":"topic","embeddable":true,"href":"https:\/\/www.one.org\/fr\/wp-json\/wp\/v2\/topic?post=162442"},{"taxonomy":"contributor","embeddable":true,"href":"https:\/\/www.one.org\/fr\/wp-json\/wp\/v2\/contributor?post=162442"},{"taxonomy":"one_content_audience","embeddable":true,"href":"https:\/\/www.one.org\/fr\/wp-json\/wp\/v2\/one_content_audience?post=162442"},{"taxonomy":"one_content_type","embeddable":true,"href":"https:\/\/www.one.org\/fr\/wp-json\/wp\/v2\/one_content_type?post=162442"},{"taxonomy":"one_content_tone","embeddable":true,"href":"https:\/\/www.one.org\/fr\/wp-json\/wp\/v2\/one_content_tone?post=162442"}],"curies":[{"name":"wp","href":"https:\/\/api.w.org\/{rel}","templated":true}]}}