{"id":162440,"date":"2020-10-11T07:00:51","date_gmt":"2020-10-11T07:00:51","guid":{"rendered":"https:\/\/www.one.org\/fr\/journee-internationale-de-la-fille-5-impacts-du-covid-19-sur-les-filles\/"},"modified":"2023-09-11T22:03:54","modified_gmt":"2023-09-11T22:03:54","slug":"5-impacts-filles-covid-19","status":"publish","type":"post","link":"https:\/\/www.one.org\/fr\/actualites\/5-impacts-filles-covid-19\/","title":{"rendered":"Journ\u00e9e internationale de la fille : 5 impacts du COVID-19 sur les filles"},"content":{"rendered":"<p>La Journ&eacute;e internationale de la fille, qui a lieu le 11 octobre, est une <a href=\"https:\/\/www.un.org\/fr\/observances\/girl-child-day\">journ&eacute;e des Nations unies<\/a> qui vise &agrave; sensibiliser sur &laquo; les droits des filles et les obstacles particuliers auxquels elles se heurtent de par le monde &raquo;. L&rsquo;autonomisation des jeunes filles d&egrave;s leur plus jeune &acirc;ge peut leur donner le &laquo; potentiel de changer le monde &ndash; travailleuses de demain, m&egrave;res, entrepreneures, mentors, cheffes de famille et dirigeantes politiques &raquo;.<\/p>\n<p>Toutefois, comme nous l&rsquo;avons constat&eacute; lors de pr&eacute;c&eacute;dentes crises sanitaires, les cons&eacute;quences &eacute;conomiques et sociales du COVID-19 sur les jeunes filles et les femmes pourraient avoir des effets d&eacute;sastreux, et ce, sur le long terme. Il y a quelques mois, nous avons publi&eacute; une s&eacute;rie de billets de blog qui vise &agrave; analyser les diff&eacute;rents impacts du COVID-19 sur les femmes. Nous avons, par exemple, examin&eacute; les r&eacute;percussions de la pand&eacute;mie sur <a href=\"https:\/\/www.one.org\/fr\/blog\/covid-19-une-menace-pour-leducation-des-filles\/\">l&rsquo;&eacute;ducation des filles<\/a>, sur <a href=\"https:\/\/www.one.org\/fr\/blog\/covid-19-impact-femmes\/\">le travail des femmes<\/a> ou sur <a href=\"https:\/\/www.one.org\/fr\/blog\/comment-le-covid-19-menace-lacces-aux-soins-maternels-et-reproductifs\/\">leur acc&egrave;s aux soins maternels et reproductifs<\/a>. Aujourd&rsquo;hui, nous nous penchons plus particuli&egrave;rement sur l&rsquo;impact du COVID-19 sur les filles et les jeunes femmes. Voici cinq fa&ccedil;ons dont la pand&eacute;mie affecte les jeunes filles dans le monde entier.<\/p>\n<ol>\n<li>\n<h3><strong>Le COVID-19 est une menace pour l&rsquo;&eacute;ducation des filles<\/strong><\/h3>\n<\/li>\n<\/ol>\n<p>Avant m&ecirc;me le COVID-19, <a href=\"http:\/\/documents1.worldbank.org\/curated\/en\/395151571251399043\/pdf\/Ending-Learning-Poverty-What-Will-It-Take.pdf\">90% des enfants<\/a> des pays &agrave; faible revenu ne savaient pas lire et comprendre une histoire simple &agrave; l&rsquo;&acirc;ge de 10 ans. Puis, en avril 2020, la fermeture des &eacute;coles en raison de &agrave; la pand&eacute;mie a affect&eacute; <a href=\"https:\/\/fr.unesco.org\/covid19\/educationresponse\">91% des &eacute;l&egrave;ves inscrits<\/a> (gar&ccedil;ons et filles) dans le monde entier. Pour les filles, cependant, la fermeture des &eacute;coles pourrait avoir des effets bien plus graves &agrave; cause de facteurs divers, tels que <a href=\"https:\/\/www.brookings.edu\/blog\/education-plus-development\/2020\/08\/07\/taking-distance-learning-offline-lessons-learned-from-navigating-the-digital-divide-during-covid-19\/\">l&rsquo;inaccessibilit&eacute; aux outils d&rsquo;apprentissage &agrave; distance<\/a>, la <a href=\"https:\/\/downloads.ctfassets.net\/0oan5gk9rgbh\/6TMYLYAcUpjhQpXLDgmdIa\/3e1c12d8d827985ef2b4e815a3a6da1f\/COVID19_GirlsEducation_corrected_071420.pdf\">d&eacute;priorisation de l&rsquo;&eacute;ducation<\/a> et les <a href=\"https:\/\/reliefweb.int\/report\/world\/covid-19-aftershocks-access-denied-teenage-pregnancy-threatens-block-million-girls\">grossesses chez les adolescentes<\/a>.<\/p>\n<p>Lors des deux derni&egrave;res d&eacute;cennies, le nombre de filles non scolaris&eacute;es a chut&eacute; de <a href=\"https:\/\/www.brookings.edu\/blog\/education-plus-development\/2020\/05\/15\/5-actions-to-help-bring-the-most-marginalized-girls-back-to-school-after-covid-19\/\">79 millions dans le monde<\/a>. Le COVID-19 menace aujourd&rsquo;hui ces progr&egrave;s : <a href=\"https:\/\/www.malala.org\/newsroom\/archive\/malala-fund-releases-report-girls-education-covid-19\">20 millions de filles<\/a> dans les pays en d&eacute;veloppement pourraient ne jamais retourner &agrave; l&rsquo;&eacute;cole une fois la pand&eacute;mie termin&eacute;e et beaucoup d&rsquo;autres auront perdu des mois d&rsquo;apprentissage.<\/p>\n<ol start=\"2\">\n<li>\n<h3><b> Le poids du travail non r&eacute;mun&eacute;r&eacute; des filles<\/b><\/h3>\n<\/li>\n<\/ol>\n<p>Avant m&ecirc;me le COVID-19, les femmes et les filles effectuaient plus de travail non r&eacute;mun&eacute;r&eacute; que les hommes et les gar&ccedil;ons. Cela inclut aussi bien <a href=\"https:\/\/www.nytimes.com\/2020\/05\/20\/us\/women-economy-jobs-coronavirus-gender.html\">la garde d&rsquo;enfants et les soins familiaux que les t&acirc;ches domestiques<\/a>, comme le nettoyage et la cuisine. Bien que cela varie d&rsquo;un pays &agrave; l&rsquo;autre, les femmes et les filles d&eacute;dient en moyenne trois fois plus de temps au travail domestique que leurs homologues masculins.<\/p>\n<p>D&eacute;sormais, alors que les jeunes femmes et filles &laquo; <a href=\"https:\/\/plan-international.org\/emergencies\/covid-19-faqs-girls-women\">s&rsquo;occupent des<\/a> membres &acirc;g&eacute;s et malades de leur famille, ainsi que de leurs fr&egrave;res et s&oelig;urs qui ne sont pas scolaris&eacute;s &raquo;, la part de travail non r&eacute;mun&eacute;r&eacute; des filles a augment&eacute; et continuera sur cette trajectoire.<\/p>\n<ol start=\"3\">\n<li>\n<h3><b> Un risque accru de violence sexuelle et sexiste<\/b><\/h3>\n<\/li>\n<\/ol>\n<p>La pand&eacute;mie expose les jeunes femmes et filles &agrave; un risque accru de <a href=\"https:\/\/plan-international.org\/emergencies\/covid-19-faqs-girls-women#:~:text=Girls%2C%20especially%20those%20from%20marginalised,secondary%20impacts%20of%20the%20outbreak.&amp;text=Economic%20stress%20on%20families%20due,labour%20and%20gender%2Dbased%20violence.\">violence sexuelle et sexiste, de travail des enfants et d&rsquo;exploitation<\/a> en raison de l&rsquo;importante pression &eacute;conomique subie par les familles et des mesures de confinement. Les effets de l&rsquo;obligation de rester chez soi et des restrictions de mouvement contribuent largement &agrave; ce risque accru.<\/p>\n<p>De fait, si le confinement provoque une <a href=\"https:\/\/www.unfpa.org\/sites\/default\/files\/resource-pdf\/COVID-19_impact_brief_for_UNFPA_24_April_2020_1.pdf\">augmentation de 20%<\/a> de la violence, un confinement d&rsquo;un an pourrait entra&icirc;ner 61 millions de cas de violence conjugale.<\/p>\n<ol start=\"4\">\n<li>\n<h3><b> Le COVID-19 pourrait faire augmenter le nombre de mariages d&rsquo;enfants et de cas de mutilations g&eacute;nitales f&eacute;minines<\/b><\/h3>\n<\/li>\n<\/ol>\n<p>La pand&eacute;mie a gravement affect&eacute; les <a href=\"https:\/\/news.un.org\/en\/story\/2020\/04\/1062742\">programmes de pr&eacute;vention et les mesures<\/a> qui prot&egrave;gent les filles contre les mutilations g&eacute;nitales f&eacute;minines (MGF). En cons&eacute;quence, le COVID-19 pourrait entra&icirc;ner 2 millions de cas de MGF &eacute;vitables au cours des 10 prochaines ann&eacute;es.<\/p>\n<p>Bien plus, la pand&eacute;mie pourrait provoquer une flamb&eacute;e des mariages d&rsquo;enfants puisqu&rsquo;elle a &laquo; <a href=\"https:\/\/news.un.org\/en\/story\/2020\/04\/1062742\">perturb&eacute; les efforts visant &agrave; mettre fin &agrave; cette pratique <\/a>&raquo;<a href=\"https:\/\/news.un.org\/en\/story\/2020\/04\/1062742\">.<\/a> Le COVID-19 pourrait provoquer 13 millions de mariages d&rsquo;enfants suppl&eacute;mentaires au cours de la d&eacute;cennie.<\/p>\n<ol start=\"5\">\n<li>\n<h3><b> Le COVID-19 r&eacute;duit l&rsquo;acc&egrave;s aux soins contraceptifs<\/b><\/h3>\n<\/li>\n<\/ol>\n<p>Enfin, la pand&eacute;mie et les perturbations qu&rsquo;elle entra&icirc;ne vont avoir de graves r&eacute;percussions sur l&rsquo;acc&egrave;s des jeunes femmes et filles aux soins contraceptifs. Dans le monde, <a href=\"https:\/\/news.un.org\/en\/story\/2020\/04\/1062742\">450 millions de femmes<\/a> dans les pays &agrave; revenus moyen et faible utilisent des contraceptifs.<\/p>\n<p>Avant la pand&eacute;mie, d&eacute;j&agrave; <a href=\"https:\/\/www.who.int\/news-room\/fact-sheets\/detail\/adolescent-pregnancy\">10 millions<\/a> de grossesses non planifi&eacute;es par an touchaient les filles de 15 &agrave; 19 ans dans les pays en d&eacute;veloppement. D&eacute;sormais, en raison du COVID-19, la <a href=\"https:\/\/www.weforum.org\/agenda\/2020\/04\/covid-19-coronavirus-pandemic-hit-women-harder-than-men\/\">r&eacute;allocation des ressources<\/a> consacr&eacute;es normalement aux soins contraceptifs et g&eacute;n&eacute;siques, et les perturbations des soins de sant&eacute; pourraient entra&icirc;ner, au bout d&rsquo;un an de confinement, <a href=\"https:\/\/www.guttmacher.org\/journals\/ipsrh\/2020\/04\/estimates-potential-impact-covid-19-pandemic-sexual-and-reproductive-health\">15 millions<\/a> de grossesses non planifi&eacute;es suppl&eacute;mentaires ainsi que <a href=\"https:\/\/www.guttmacher.org\/journals\/ipsrh\/2020\/04\/estimates-potential-impact-covid-19-pandemic-sexual-and-reproductive-health\">49 millions de femmes<\/a> &laquo; ayant un besoin non satisfait en mati&egrave;re de contraceptifs modernes &raquo;. Si cette situation se prolonge, ces chiffres seront bien plus &eacute;lev&eacute;s.<\/p>\n<h3><b>Pourquoi faut-il sensibiliser &agrave; ce sujet ?<\/b><\/h3>\n<p>Rapporter les faits ne suffit pas : il faut &eacute;galement sensibiliser et attirer l&rsquo;attention sur les raisons pour lesquelles l&rsquo;autonomisation des filles dans le monde est la cl&eacute; pour changer les choses. En agissant aujourd&rsquo;hui, nous cr&eacute;ons des changements pour l&rsquo;avenir. Investir dans l&rsquo;autonomisation des jeunes filles du monde entier et leur donner les moyens d&rsquo;agir est un &eacute;l&eacute;ment essentiel pour y parvenir.<\/p>\n<div class=\"buffer\"><\/div>","protected":false},"excerpt":{"rendered":"<p>La Journ&eacute;e internationale de la fille, qui a lieu le 11 octobre, est une journ&eacute;e des Nations unies qui vise &agrave; sensibiliser sur &laquo; les droits des filles et les obstacles particuliers auxquels elles se heurtent de par le monde &raquo;. L&rsquo;autonomisation des jeunes filles d&egrave;s leur plus jeune &acirc;ge peut leur donner le &laquo; [&hellip;]<\/p>\n","protected":false},"author":24,"featured_media":163195,"comment_status":"open","ping_status":"open","sticky":false,"template":"","format":"standard","meta":{"_acf_changed":false,"_relevanssi_hide_post":"","_relevanssi_hide_content":"","_relevanssi_pin_for_all":"","_relevanssi_pin_keywords":"","_relevanssi_unpin_keywords":"","_relevanssi_related_keywords":"","_relevanssi_related_include_ids":"","_relevanssi_related_exclude_ids":"","_relevanssi_related_no_append":"","_relevanssi_related_not_related":"","_relevanssi_related_posts":"","_relevanssi_noindex_reason":"","footnotes":""},"categories":[34],"tags":[],"topic":[36],"contributor":[],"one_content_audience":[],"one_content_type":[],"one_content_tone":[],"class_list":["post-162440","post","type-post","status-publish","format-standard","has-post-thumbnail","hentry","category-one","topic-les-femmes-et-les-filles"],"acf":[],"yoast_head":"<!-- This site is optimized with the Yoast SEO Premium plugin v27.1 (Yoast SEO v27.1.1) - https:\/\/yoast.com\/product\/yoast-seo-premium-wordpress\/ -->\n<title>Journ\u00e9e internationale de la fille : 5 impacts du COVID-19 sur les filles - ONE.org France<\/title>\n<meta name=\"description\" content=\"\u00c0 l\u2019occasion de la Journ\u00e9e internationale de la fille, d\u00e9couvrez cinq impacts de la pand\u00e9mie de COVID-19 sur ces derni\u00e8res.\" \/>\n<meta name=\"robots\" content=\"index, follow, max-snippet:-1, max-image-preview:large, max-video-preview:-1\" \/>\n<link rel=\"canonical\" href=\"https:\/\/www.one.org\/fr\/actualites\/5-impacts-filles-covid-19\/\" \/>\n<meta property=\"og:locale\" content=\"fr_FR\" \/>\n<meta property=\"og:type\" content=\"article\" \/>\n<meta property=\"og:title\" content=\"Journ\u00e9e internationale de la fille : 5 impacts du COVID-19 sur les filles\" \/>\n<meta property=\"og:description\" content=\"\u00c0 l\u2019occasion de la Journ\u00e9e internationale de la fille, d\u00e9couvrez cinq impacts de la pand\u00e9mie de COVID-19 sur ces derni\u00e8res.\" \/>\n<meta property=\"og:url\" content=\"https:\/\/www.one.org\/fr\/actualites\/5-impacts-filles-covid-19\/\" \/>\n<meta property=\"og:site_name\" content=\"ONE.org France\" \/>\n<meta property=\"article:publisher\" content=\"https:\/\/www.facebook.com\/ONE.Fr\" \/>\n<meta property=\"article:published_time\" content=\"2020-10-11T07:00:51+00:00\" \/>\n<meta property=\"article:modified_time\" content=\"2023-09-11T22:03:54+00:00\" \/>\n<meta property=\"og:image\" content=\"https:\/\/www.one.org\/fr\/wp-content\/uploads\/sites\/4\/2020\/10\/IDG_2020_featured-main_1200x1200-1.png\" \/>\n\t<meta property=\"og:image:width\" content=\"1200\" \/>\n\t<meta property=\"og:image:height\" content=\"1200\" \/>\n\t<meta property=\"og:image:type\" content=\"image\/png\" \/>\n<meta name=\"author\" content=\"Dana Khalil\" \/>\n<meta name=\"twitter:card\" content=\"summary_large_image\" \/>\n<meta name=\"twitter:creator\" content=\"@one_fr\" \/>\n<meta name=\"twitter:site\" content=\"@one_fr\" \/>\n<meta name=\"twitter:label1\" content=\"Written by\" \/>\n\t<meta name=\"twitter:data1\" content=\"Dana Khalil\" \/>\n\t<meta name=\"twitter:label2\" content=\"Est. reading time\" \/>\n\t<meta name=\"twitter:data2\" content=\"6 minutes\" \/>\n<script type=\"application\/ld+json\" class=\"yoast-schema-graph\">{\"@context\":\"https:\/\/schema.org\",\"@graph\":[{\"@type\":\"Article\",\"@id\":\"https:\/\/www.one.org\/fr\/actualites\/5-impacts-filles-covid-19\/#article\",\"isPartOf\":{\"@id\":\"https:\/\/www.one.org\/fr\/actualites\/5-impacts-filles-covid-19\/\"},\"author\":{\"name\":\"Dana Khalil\",\"@id\":\"https:\/\/www.one.org\/fr\/#\/schema\/person\/cf1f30f9800f0592ec3d61940be82003\"},\"headline\":\"Journ\u00e9e internationale de la fille : 5 impacts du COVID-19 sur les filles\",\"datePublished\":\"2020-10-11T07:00:51+00:00\",\"dateModified\":\"2023-09-11T22:03:54+00:00\",\"mainEntityOfPage\":{\"@id\":\"https:\/\/www.one.org\/fr\/actualites\/5-impacts-filles-covid-19\/\"},\"wordCount\":1127,\"commentCount\":0,\"image\":{\"@id\":\"https:\/\/www.one.org\/fr\/actualites\/5-impacts-filles-covid-19\/#primaryimage\"},\"thumbnailUrl\":\"https:\/\/www.one.org\/fr\/wp-content\/uploads\/sites\/4\/2020\/10\/IDG_2020_featured-main_1200x1200-1.png\",\"articleSection\":[\"ONE\"],\"inLanguage\":\"fr-FR\",\"potentialAction\":[{\"@type\":\"CommentAction\",\"name\":\"Comment\",\"target\":[\"https:\/\/www.one.org\/fr\/actualites\/5-impacts-filles-covid-19\/#respond\"]}]},{\"@type\":\"WebPage\",\"@id\":\"https:\/\/www.one.org\/fr\/actualites\/5-impacts-filles-covid-19\/\",\"url\":\"https:\/\/www.one.org\/fr\/actualites\/5-impacts-filles-covid-19\/\",\"name\":\"Journ\u00e9e internationale de la fille : 5 impacts du COVID-19 sur les filles - ONE.org France\",\"isPartOf\":{\"@id\":\"https:\/\/www.one.org\/fr\/#website\"},\"primaryImageOfPage\":{\"@id\":\"https:\/\/www.one.org\/fr\/actualites\/5-impacts-filles-covid-19\/#primaryimage\"},\"image\":{\"@id\":\"https:\/\/www.one.org\/fr\/actualites\/5-impacts-filles-covid-19\/#primaryimage\"},\"thumbnailUrl\":\"https:\/\/www.one.org\/fr\/wp-content\/uploads\/sites\/4\/2020\/10\/IDG_2020_featured-main_1200x1200-1.png\",\"datePublished\":\"2020-10-11T07:00:51+00:00\",\"dateModified\":\"2023-09-11T22:03:54+00:00\",\"author\":{\"@id\":\"https:\/\/www.one.org\/fr\/#\/schema\/person\/cf1f30f9800f0592ec3d61940be82003\"},\"description\":\"\u00c0 l\u2019occasion de la Journ\u00e9e internationale de la fille, d\u00e9couvrez cinq impacts de la pand\u00e9mie de COVID-19 sur ces derni\u00e8res.\",\"breadcrumb\":{\"@id\":\"https:\/\/www.one.org\/fr\/actualites\/5-impacts-filles-covid-19\/#breadcrumb\"},\"inLanguage\":\"fr-FR\",\"potentialAction\":[{\"@type\":\"ReadAction\",\"target\":[\"https:\/\/www.one.org\/fr\/actualites\/5-impacts-filles-covid-19\/\"]}]},{\"@type\":\"ImageObject\",\"inLanguage\":\"fr-FR\",\"@id\":\"https:\/\/www.one.org\/fr\/actualites\/5-impacts-filles-covid-19\/#primaryimage\",\"url\":\"https:\/\/www.one.org\/fr\/wp-content\/uploads\/sites\/4\/2020\/10\/IDG_2020_featured-main_1200x1200-1.png\",\"contentUrl\":\"https:\/\/www.one.org\/fr\/wp-content\/uploads\/sites\/4\/2020\/10\/IDG_2020_featured-main_1200x1200-1.png\",\"width\":1200,\"height\":1200},{\"@type\":\"BreadcrumbList\",\"@id\":\"https:\/\/www.one.org\/fr\/actualites\/5-impacts-filles-covid-19\/#breadcrumb\",\"itemListElement\":[{\"@type\":\"ListItem\",\"position\":1,\"name\":\"Home\",\"item\":\"https:\/\/www.one.org\/fr\/\"},{\"@type\":\"ListItem\",\"position\":2,\"name\":\"Journ\u00e9e internationale de la fille : 5 impacts du COVID-19 sur les filles\"}]},{\"@type\":\"WebSite\",\"@id\":\"https:\/\/www.one.org\/fr\/#website\",\"url\":\"https:\/\/www.one.org\/fr\/\",\"name\":\"ONE.org\",\"description\":\"Cr\u00e9er des opportunit\u00e9s \u00e9conomiques et am\u00e9liorer la sant\u00e9 en Afrique\",\"potentialAction\":[{\"@type\":\"SearchAction\",\"target\":{\"@type\":\"EntryPoint\",\"urlTemplate\":\"https:\/\/www.one.org\/fr\/?s={search_term_string}\"},\"query-input\":{\"@type\":\"PropertyValueSpecification\",\"valueRequired\":true,\"valueName\":\"search_term_string\"}}],\"inLanguage\":\"fr-FR\"},{\"@type\":\"Person\",\"@id\":\"https:\/\/www.one.org\/fr\/#\/schema\/person\/cf1f30f9800f0592ec3d61940be82003\",\"name\":\"Dana Khalil\",\"image\":{\"@type\":\"ImageObject\",\"inLanguage\":\"fr-FR\",\"@id\":\"https:\/\/www.one.org\/fr\/#\/schema\/person\/image\/\",\"url\":\"https:\/\/secure.gravatar.com\/avatar\/b0da536f00ccefadcc7aae4e64855977a5249adb1ac04162a69474e53a8d4c40?s=96&d=mm&r=g\",\"contentUrl\":\"https:\/\/secure.gravatar.com\/avatar\/b0da536f00ccefadcc7aae4e64855977a5249adb1ac04162a69474e53a8d4c40?s=96&d=mm&r=g\",\"caption\":\"Dana Khalil\"},\"url\":\"https:\/\/www.one.org\/fr\/actualites\/author\/danakhalil\/\"}]}<\/script>\n<!-- \/ Yoast SEO Premium plugin. -->","yoast_head_json":{"title":"Journ\u00e9e internationale de la fille : 5 impacts du COVID-19 sur les filles - ONE.org France","description":"\u00c0 l\u2019occasion de la Journ\u00e9e internationale de la fille, d\u00e9couvrez cinq impacts de la pand\u00e9mie de COVID-19 sur ces derni\u00e8res.","robots":{"index":"index","follow":"follow","max-snippet":"max-snippet:-1","max-image-preview":"max-image-preview:large","max-video-preview":"max-video-preview:-1"},"canonical":"https:\/\/www.one.org\/fr\/actualites\/5-impacts-filles-covid-19\/","og_locale":"fr_FR","og_type":"article","og_title":"Journ\u00e9e internationale de la fille : 5 impacts du COVID-19 sur les filles","og_description":"\u00c0 l\u2019occasion de la Journ\u00e9e internationale de la fille, d\u00e9couvrez cinq impacts de la pand\u00e9mie de COVID-19 sur ces derni\u00e8res.","og_url":"https:\/\/www.one.org\/fr\/actualites\/5-impacts-filles-covid-19\/","og_site_name":"ONE.org France","article_publisher":"https:\/\/www.facebook.com\/ONE.Fr","article_published_time":"2020-10-11T07:00:51+00:00","article_modified_time":"2023-09-11T22:03:54+00:00","og_image":[{"width":1200,"height":1200,"url":"https:\/\/www.one.org\/fr\/wp-content\/uploads\/sites\/4\/2020\/10\/IDG_2020_featured-main_1200x1200-1.png","type":"image\/png"}],"author":"Dana Khalil","twitter_card":"summary_large_image","twitter_creator":"@one_fr","twitter_site":"@one_fr","twitter_misc":{"Written by":"Dana Khalil","Est. reading time":"6 minutes"},"schema":{"@context":"https:\/\/schema.org","@graph":[{"@type":"Article","@id":"https:\/\/www.one.org\/fr\/actualites\/5-impacts-filles-covid-19\/#article","isPartOf":{"@id":"https:\/\/www.one.org\/fr\/actualites\/5-impacts-filles-covid-19\/"},"author":{"name":"Dana Khalil","@id":"https:\/\/www.one.org\/fr\/#\/schema\/person\/cf1f30f9800f0592ec3d61940be82003"},"headline":"Journ\u00e9e internationale de la fille : 5 impacts du COVID-19 sur les filles","datePublished":"2020-10-11T07:00:51+00:00","dateModified":"2023-09-11T22:03:54+00:00","mainEntityOfPage":{"@id":"https:\/\/www.one.org\/fr\/actualites\/5-impacts-filles-covid-19\/"},"wordCount":1127,"commentCount":0,"image":{"@id":"https:\/\/www.one.org\/fr\/actualites\/5-impacts-filles-covid-19\/#primaryimage"},"thumbnailUrl":"https:\/\/www.one.org\/fr\/wp-content\/uploads\/sites\/4\/2020\/10\/IDG_2020_featured-main_1200x1200-1.png","articleSection":["ONE"],"inLanguage":"fr-FR","potentialAction":[{"@type":"CommentAction","name":"Comment","target":["https:\/\/www.one.org\/fr\/actualites\/5-impacts-filles-covid-19\/#respond"]}]},{"@type":"WebPage","@id":"https:\/\/www.one.org\/fr\/actualites\/5-impacts-filles-covid-19\/","url":"https:\/\/www.one.org\/fr\/actualites\/5-impacts-filles-covid-19\/","name":"Journ\u00e9e internationale de la fille : 5 impacts du COVID-19 sur les filles - ONE.org France","isPartOf":{"@id":"https:\/\/www.one.org\/fr\/#website"},"primaryImageOfPage":{"@id":"https:\/\/www.one.org\/fr\/actualites\/5-impacts-filles-covid-19\/#primaryimage"},"image":{"@id":"https:\/\/www.one.org\/fr\/actualites\/5-impacts-filles-covid-19\/#primaryimage"},"thumbnailUrl":"https:\/\/www.one.org\/fr\/wp-content\/uploads\/sites\/4\/2020\/10\/IDG_2020_featured-main_1200x1200-1.png","datePublished":"2020-10-11T07:00:51+00:00","dateModified":"2023-09-11T22:03:54+00:00","author":{"@id":"https:\/\/www.one.org\/fr\/#\/schema\/person\/cf1f30f9800f0592ec3d61940be82003"},"description":"\u00c0 l\u2019occasion de la Journ\u00e9e internationale de la fille, d\u00e9couvrez cinq impacts de la pand\u00e9mie de COVID-19 sur ces derni\u00e8res.","breadcrumb":{"@id":"https:\/\/www.one.org\/fr\/actualites\/5-impacts-filles-covid-19\/#breadcrumb"},"inLanguage":"fr-FR","potentialAction":[{"@type":"ReadAction","target":["https:\/\/www.one.org\/fr\/actualites\/5-impacts-filles-covid-19\/"]}]},{"@type":"ImageObject","inLanguage":"fr-FR","@id":"https:\/\/www.one.org\/fr\/actualites\/5-impacts-filles-covid-19\/#primaryimage","url":"https:\/\/www.one.org\/fr\/wp-content\/uploads\/sites\/4\/2020\/10\/IDG_2020_featured-main_1200x1200-1.png","contentUrl":"https:\/\/www.one.org\/fr\/wp-content\/uploads\/sites\/4\/2020\/10\/IDG_2020_featured-main_1200x1200-1.png","width":1200,"height":1200},{"@type":"BreadcrumbList","@id":"https:\/\/www.one.org\/fr\/actualites\/5-impacts-filles-covid-19\/#breadcrumb","itemListElement":[{"@type":"ListItem","position":1,"name":"Home","item":"https:\/\/www.one.org\/fr\/"},{"@type":"ListItem","position":2,"name":"Journ\u00e9e internationale de la fille : 5 impacts du COVID-19 sur les filles"}]},{"@type":"WebSite","@id":"https:\/\/www.one.org\/fr\/#website","url":"https:\/\/www.one.org\/fr\/","name":"ONE.org","description":"Cr\u00e9er des opportunit\u00e9s \u00e9conomiques et am\u00e9liorer la sant\u00e9 en Afrique","potentialAction":[{"@type":"SearchAction","target":{"@type":"EntryPoint","urlTemplate":"https:\/\/www.one.org\/fr\/?s={search_term_string}"},"query-input":{"@type":"PropertyValueSpecification","valueRequired":true,"valueName":"search_term_string"}}],"inLanguage":"fr-FR"},{"@type":"Person","@id":"https:\/\/www.one.org\/fr\/#\/schema\/person\/cf1f30f9800f0592ec3d61940be82003","name":"Dana Khalil","image":{"@type":"ImageObject","inLanguage":"fr-FR","@id":"https:\/\/www.one.org\/fr\/#\/schema\/person\/image\/","url":"https:\/\/secure.gravatar.com\/avatar\/b0da536f00ccefadcc7aae4e64855977a5249adb1ac04162a69474e53a8d4c40?s=96&d=mm&r=g","contentUrl":"https:\/\/secure.gravatar.com\/avatar\/b0da536f00ccefadcc7aae4e64855977a5249adb1ac04162a69474e53a8d4c40?s=96&d=mm&r=g","caption":"Dana Khalil"},"url":"https:\/\/www.one.org\/fr\/actualites\/author\/danakhalil\/"}]}},"distributor_meta":false,"distributor_terms":false,"distributor_media":false,"distributor_original_site_name":"ONE.org France","distributor_original_site_url":"https:\/\/www.one.org\/fr","push-errors":false,"_links":{"self":[{"href":"https:\/\/www.one.org\/fr\/wp-json\/wp\/v2\/posts\/162440","targetHints":{"allow":["GET"]}}],"collection":[{"href":"https:\/\/www.one.org\/fr\/wp-json\/wp\/v2\/posts"}],"about":[{"href":"https:\/\/www.one.org\/fr\/wp-json\/wp\/v2\/types\/post"}],"author":[{"embeddable":true,"href":"https:\/\/www.one.org\/fr\/wp-json\/wp\/v2\/users\/24"}],"replies":[{"embeddable":true,"href":"https:\/\/www.one.org\/fr\/wp-json\/wp\/v2\/comments?post=162440"}],"version-history":[{"count":0,"href":"https:\/\/www.one.org\/fr\/wp-json\/wp\/v2\/posts\/162440\/revisions"}],"wp:featuredmedia":[{"embeddable":true,"href":"https:\/\/www.one.org\/fr\/wp-json\/wp\/v2\/media\/163195"}],"wp:attachment":[{"href":"https:\/\/www.one.org\/fr\/wp-json\/wp\/v2\/media?parent=162440"}],"wp:term":[{"taxonomy":"category","embeddable":true,"href":"https:\/\/www.one.org\/fr\/wp-json\/wp\/v2\/categories?post=162440"},{"taxonomy":"post_tag","embeddable":true,"href":"https:\/\/www.one.org\/fr\/wp-json\/wp\/v2\/tags?post=162440"},{"taxonomy":"topic","embeddable":true,"href":"https:\/\/www.one.org\/fr\/wp-json\/wp\/v2\/topic?post=162440"},{"taxonomy":"contributor","embeddable":true,"href":"https:\/\/www.one.org\/fr\/wp-json\/wp\/v2\/contributor?post=162440"},{"taxonomy":"one_content_audience","embeddable":true,"href":"https:\/\/www.one.org\/fr\/wp-json\/wp\/v2\/one_content_audience?post=162440"},{"taxonomy":"one_content_type","embeddable":true,"href":"https:\/\/www.one.org\/fr\/wp-json\/wp\/v2\/one_content_type?post=162440"},{"taxonomy":"one_content_tone","embeddable":true,"href":"https:\/\/www.one.org\/fr\/wp-json\/wp\/v2\/one_content_tone?post=162440"}],"curies":[{"name":"wp","href":"https:\/\/api.w.org\/{rel}","templated":true}]}}