{"id":162433,"date":"2020-08-07T08:10:53","date_gmt":"2020-08-07T08:10:53","guid":{"rendered":"https:\/\/www.one.org\/fr\/worldmaskweek-portez-un-masque-sauvez-des-vies\/"},"modified":"2023-09-11T22:04:23","modified_gmt":"2023-09-11T22:04:23","slug":"world-mask-week","status":"publish","type":"post","link":"https:\/\/www.one.org\/fr\/actualites\/world-mask-week\/","title":{"rendered":"#WorldMaskWeek : Portez un masque, sauvez des vies !"},"content":{"rendered":"<p><span style=\"font-weight: 400\">Le port du masque en communaut&eacute; est une mesure essentielle pour arr&ecirc;ter la propagation du COVID-19, et la communaut&eacute; scientifique le confirme. Avec la distanciation sociale et le lavage r&eacute;gulier des mains, le port d&rsquo;un masque est l&rsquo;un des meilleurs outils de pr&eacute;vention dont nous disposons en attendant de trouver un vaccin ou des traitements viables.&nbsp;<\/span><\/p>\n<p><span style=\"font-weight: 400\">C&rsquo;est pourquoi nous participons &agrave; la #WorldMaskWeek, un mouvement mondial visant &agrave; encourager le plus grand nombre de personnes &agrave; porter un masque afin d&rsquo;enrayer la propagation du COVID-19.<\/span><\/p>\n<p><span style=\"font-weight: 400\">Nous savons maintenant que n&rsquo;importe quelle personne peut &ecirc;tre porteuse du virus et le propager, m&ecirc;me si elle ne pr&eacute;sente aucun sympt&ocirc;me. Le port d&rsquo;un masque emp&ecirc;che la propagation de ce virus et d&eacute;montre l&rsquo;attention que vous portez aux autres : votre masque me prot&egrave;ge et mon masque vous prot&egrave;ge.&nbsp;<\/span><\/p>\n<p><span style=\"font-weight: 400\">M&ecirc;me si certains pays all&egrave;gent les mesures de confinement et les restrictions, la pand&eacute;mie de COVID-19 n&rsquo;est cependant pas termin&eacute;e. En r&eacute;alit&eacute;, elle se propage toujours dans de nombreux pays. Toutefois, si nous faisons toutes et tous preuve de solidarit&eacute; &ndash; si nous portons de mani&egrave;re syst&eacute;matique et correcte un masque en public &ndash; nous pouvons ralentir la propagation du virus et sauver des vies.&nbsp;<\/span><\/p>\n<p><span style=\"font-weight: 400\">Une <\/span><a href=\"https:\/\/www.thelancet.com\/journals\/lancet\/article\/PIIS0140-6736(20)31142-9\/fulltext\"><span style=\"font-weight: 400\">analyse<\/span><\/a><span style=\"font-weight: 400\"> publi&eacute;e dans <\/span><i><span style=\"font-weight: 400\">The Lancet<\/span><\/i><span style=\"font-weight: 400\">, une revue hebdomadaire de m&eacute;decine g&eacute;n&eacute;rale, et financ&eacute;e par l&rsquo;Organisation mondiale de la sant&eacute; a examin&eacute; les donn&eacute;es de 172 &eacute;tudes r&eacute;alis&eacute;es dans 16 pays et sur six continents, et a constat&eacute; que le port d&rsquo;un masque facial pouvait entra&icirc;ner une forte r&eacute;duction du risque d&rsquo;infection.<\/span><\/p>\n<p><span style=\"font-weight: 400\">La communaut&eacute; mondiale de la sant&eacute; publique s&rsquo;appuie sur un nombre croissant de preuves pour trouver les meilleures mani&egrave;res de ralentir la propagation de COVID-19 et elle est notamment d&rsquo;accord sur ce point : le port d&rsquo;un masque ou d&rsquo;un couvre-visage lorsqu&rsquo;on est en public aide &agrave; prot&eacute;ger les communaut&eacute;s.&nbsp;<\/span><\/p>\n<p><span style=\"font-weight: 400\">C&rsquo;est pourquoi nous avons rejoint le <\/span><a href=\"https:\/\/pandemicactionnetwork.org\/\"><span style=\"font-weight: 400\">Pandemic Action Network<\/span><\/a><span style=\"font-weight: 400\">, un r&eacute;seau international d&rsquo;organisations d&eacute;termin&eacute;es &agrave; agir en faveur d&rsquo;un monde mieux pr&eacute;par&eacute; aux menaces sanitaires, pour soutenir la Semaine mondiale du masque (World Mask Week) du 7 au 14 ao&ucirc;t. Ce mouvement fait appel &agrave; chacun et chacune d&rsquo;entre nous afin de ralentir la propagation du virus et sauver des vies dans son quartier, sur son lieu de travail, &agrave; l&rsquo;&eacute;cole et, plus g&eacute;n&eacute;ralement, dans sa communaut&eacute;. Nous souhaitons &eacute;galement saluer toutes les personnes qui portent un masque et en inviter de nouvelles &agrave; rejoindre le mouvement.&nbsp;<\/span><\/p>\n<p><span style=\"font-weight: 400\">Nous devons veiller &agrave; ce que chaque personne connaisse et comprenne les avantages du port du masque et la n&eacute;cessit&eacute; d&rsquo;unir nos forces &ndash; en tant que gouvernements, dirigeants et individus &ndash; pour surmonter cette pand&eacute;mie. La Semaine mondiale du masque est le moment opportun d&rsquo;agir, tous ensemble.<\/span><\/p>\n<p><b>Tout au long de la semaine, prenez part au mouvement et suivez #WorldMaskWeek et #MaskingForAFriend sur les comptes <\/b><a href=\"https:\/\/www.facebook.com\/ONE.Fr\/\"><b>Facebook<\/b><\/a><b>, <\/b><a href=\"https:\/\/www.instagram.com\/one\/\"><b>Instagram<\/b><\/a><b> et <\/b><a href=\"https:\/\/twitter.com\/ONE_Fr\"><b>Twitter<\/b><\/a><b> de ONE.<\/b><\/p>\n<div class=\"buffer\"><\/div>","protected":false},"excerpt":{"rendered":"<p>Le port du masque en communaut&eacute; est une mesure essentielle pour arr&ecirc;ter la propagation du COVID-19, et la communaut&eacute; scientifique le confirme. Avec la distanciation sociale et le lavage r&eacute;gulier des mains, le port d&rsquo;un masque est l&rsquo;un des meilleurs outils de pr&eacute;vention dont nous disposons en attendant de trouver un vaccin ou des traitements [&hellip;]<\/p>\n","protected":false},"author":24,"featured_media":163209,"comment_status":"open","ping_status":"open","sticky":false,"template":"","format":"standard","meta":{"_acf_changed":false,"_relevanssi_hide_post":"","_relevanssi_hide_content":"","_relevanssi_pin_for_all":"","_relevanssi_pin_keywords":"","_relevanssi_unpin_keywords":"","_relevanssi_related_keywords":"","_relevanssi_related_include_ids":"","_relevanssi_related_exclude_ids":"","_relevanssi_related_no_append":"","_relevanssi_related_not_related":"","_relevanssi_related_posts":"","_relevanssi_noindex_reason":"","footnotes":""},"categories":[34],"tags":[],"topic":[42],"contributor":[43],"one_content_audience":[],"one_content_type":[],"one_content_tone":[],"class_list":["post-162433","post","type-post","status-publish","format-standard","has-post-thumbnail","hentry","category-one","topic-covid-19","contributor-dana-khalil"],"acf":[],"yoast_head":"<!-- This site is optimized with the Yoast SEO Premium plugin v27.1 (Yoast SEO v27.1.1) - https:\/\/yoast.com\/product\/yoast-seo-premium-wordpress\/ -->\n<title>#WorldMaskWeek : Portez un masque, sauvez des vies ! - ONE.org France<\/title>\n<meta name=\"description\" content=\"Du 7 au 14 ao\u00fbt, ONE participe \u00e0 l&#039;initiative #WorldMaskWeek pour sensibiliser le plus grand nombre de personnes au port du masque.\" \/>\n<meta name=\"robots\" content=\"index, follow, max-snippet:-1, max-image-preview:large, max-video-preview:-1\" \/>\n<link rel=\"canonical\" href=\"https:\/\/www.one.org\/fr\/actualites\/world-mask-week\/\" \/>\n<meta property=\"og:locale\" content=\"fr_FR\" \/>\n<meta property=\"og:type\" content=\"article\" \/>\n<meta property=\"og:title\" content=\"#WorldMaskWeek : Portez un masque, sauvez des vies !\" \/>\n<meta property=\"og:description\" content=\"Du 7 au 14 ao\u00fbt, ONE participe \u00e0 l&#039;initiative #WorldMaskWeek pour sensibiliser le plus grand nombre de personnes au port du masque.\" \/>\n<meta property=\"og:url\" content=\"https:\/\/www.one.org\/fr\/actualites\/world-mask-week\/\" \/>\n<meta property=\"og:site_name\" content=\"ONE.org France\" \/>\n<meta property=\"article:publisher\" content=\"https:\/\/www.facebook.com\/ONE.Fr\" \/>\n<meta property=\"article:published_time\" content=\"2020-08-07T08:10:53+00:00\" \/>\n<meta property=\"article:modified_time\" content=\"2023-09-11T22:04:23+00:00\" \/>\n<meta property=\"og:image\" content=\"https:\/\/cdn.one.org\/fr\/wp-content\/uploads\/2020\/08\/06134217\/WMW_2020_social_1200x628.png\" \/>\n<meta name=\"author\" content=\"Dana Khalil\" \/>\n<meta name=\"twitter:card\" content=\"summary_large_image\" \/>\n<meta name=\"twitter:title\" content=\"#WorldMaskWeek : Portez un masque, sauvez des vies !\" \/>\n<meta name=\"twitter:creator\" content=\"@one_fr\" \/>\n<meta name=\"twitter:site\" content=\"@one_fr\" \/>\n<meta name=\"twitter:label1\" content=\"Written by\" \/>\n\t<meta name=\"twitter:data1\" content=\"Dana Khalil\" \/>\n\t<meta name=\"twitter:label2\" content=\"Est. reading time\" \/>\n\t<meta name=\"twitter:data2\" content=\"3 minutes\" \/>\n<script type=\"application\/ld+json\" class=\"yoast-schema-graph\">{\"@context\":\"https:\/\/schema.org\",\"@graph\":[{\"@type\":\"Article\",\"@id\":\"https:\/\/www.one.org\/fr\/actualites\/world-mask-week\/#article\",\"isPartOf\":{\"@id\":\"https:\/\/www.one.org\/fr\/actualites\/world-mask-week\/\"},\"author\":{\"name\":\"Dana Khalil\",\"@id\":\"https:\/\/www.one.org\/fr\/#\/schema\/person\/cf1f30f9800f0592ec3d61940be82003\"},\"headline\":\"#WorldMaskWeek : Portez un masque, sauvez des vies !\",\"datePublished\":\"2020-08-07T08:10:53+00:00\",\"dateModified\":\"2023-09-11T22:04:23+00:00\",\"mainEntityOfPage\":{\"@id\":\"https:\/\/www.one.org\/fr\/actualites\/world-mask-week\/\"},\"wordCount\":617,\"commentCount\":0,\"image\":{\"@id\":\"https:\/\/www.one.org\/fr\/actualites\/world-mask-week\/#primaryimage\"},\"thumbnailUrl\":\"https:\/\/www.one.org\/fr\/wp-content\/uploads\/sites\/4\/2020\/08\/WMW_2020_featured_1200x1200.png\",\"articleSection\":[\"ONE\"],\"inLanguage\":\"fr-FR\",\"potentialAction\":[{\"@type\":\"CommentAction\",\"name\":\"Comment\",\"target\":[\"https:\/\/www.one.org\/fr\/actualites\/world-mask-week\/#respond\"]}]},{\"@type\":\"WebPage\",\"@id\":\"https:\/\/www.one.org\/fr\/actualites\/world-mask-week\/\",\"url\":\"https:\/\/www.one.org\/fr\/actualites\/world-mask-week\/\",\"name\":\"#WorldMaskWeek : Portez un masque, sauvez des vies ! - ONE.org France\",\"isPartOf\":{\"@id\":\"https:\/\/www.one.org\/fr\/#website\"},\"primaryImageOfPage\":{\"@id\":\"https:\/\/www.one.org\/fr\/actualites\/world-mask-week\/#primaryimage\"},\"image\":{\"@id\":\"https:\/\/www.one.org\/fr\/actualites\/world-mask-week\/#primaryimage\"},\"thumbnailUrl\":\"https:\/\/www.one.org\/fr\/wp-content\/uploads\/sites\/4\/2020\/08\/WMW_2020_featured_1200x1200.png\",\"datePublished\":\"2020-08-07T08:10:53+00:00\",\"dateModified\":\"2023-09-11T22:04:23+00:00\",\"author\":{\"@id\":\"https:\/\/www.one.org\/fr\/#\/schema\/person\/cf1f30f9800f0592ec3d61940be82003\"},\"description\":\"Du 7 au 14 ao\u00fbt, ONE participe \u00e0 l'initiative #WorldMaskWeek pour sensibiliser le plus grand nombre de personnes au port du masque.\",\"breadcrumb\":{\"@id\":\"https:\/\/www.one.org\/fr\/actualites\/world-mask-week\/#breadcrumb\"},\"inLanguage\":\"fr-FR\",\"potentialAction\":[{\"@type\":\"ReadAction\",\"target\":[\"https:\/\/www.one.org\/fr\/actualites\/world-mask-week\/\"]}]},{\"@type\":\"ImageObject\",\"inLanguage\":\"fr-FR\",\"@id\":\"https:\/\/www.one.org\/fr\/actualites\/world-mask-week\/#primaryimage\",\"url\":\"https:\/\/www.one.org\/fr\/wp-content\/uploads\/sites\/4\/2020\/08\/WMW_2020_featured_1200x1200.png\",\"contentUrl\":\"https:\/\/www.one.org\/fr\/wp-content\/uploads\/sites\/4\/2020\/08\/WMW_2020_featured_1200x1200.png\",\"width\":1200,\"height\":1200},{\"@type\":\"BreadcrumbList\",\"@id\":\"https:\/\/www.one.org\/fr\/actualites\/world-mask-week\/#breadcrumb\",\"itemListElement\":[{\"@type\":\"ListItem\",\"position\":1,\"name\":\"Home\",\"item\":\"https:\/\/www.one.org\/fr\/\"},{\"@type\":\"ListItem\",\"position\":2,\"name\":\"#WorldMaskWeek : Portez un masque, sauvez des vies !\"}]},{\"@type\":\"WebSite\",\"@id\":\"https:\/\/www.one.org\/fr\/#website\",\"url\":\"https:\/\/www.one.org\/fr\/\",\"name\":\"ONE.org\",\"description\":\"Cr\u00e9er des opportunit\u00e9s \u00e9conomiques et am\u00e9liorer la sant\u00e9 en Afrique\",\"potentialAction\":[{\"@type\":\"SearchAction\",\"target\":{\"@type\":\"EntryPoint\",\"urlTemplate\":\"https:\/\/www.one.org\/fr\/?s={search_term_string}\"},\"query-input\":{\"@type\":\"PropertyValueSpecification\",\"valueRequired\":true,\"valueName\":\"search_term_string\"}}],\"inLanguage\":\"fr-FR\"},{\"@type\":\"Person\",\"@id\":\"https:\/\/www.one.org\/fr\/#\/schema\/person\/cf1f30f9800f0592ec3d61940be82003\",\"name\":\"Dana Khalil\",\"image\":{\"@type\":\"ImageObject\",\"inLanguage\":\"fr-FR\",\"@id\":\"https:\/\/www.one.org\/fr\/#\/schema\/person\/image\/\",\"url\":\"https:\/\/secure.gravatar.com\/avatar\/b0da536f00ccefadcc7aae4e64855977a5249adb1ac04162a69474e53a8d4c40?s=96&d=mm&r=g\",\"contentUrl\":\"https:\/\/secure.gravatar.com\/avatar\/b0da536f00ccefadcc7aae4e64855977a5249adb1ac04162a69474e53a8d4c40?s=96&d=mm&r=g\",\"caption\":\"Dana Khalil\"},\"url\":\"https:\/\/www.one.org\/fr\/actualites\/author\/danakhalil\/\"}]}<\/script>\n<!-- \/ Yoast SEO Premium plugin. -->","yoast_head_json":{"title":"#WorldMaskWeek : Portez un masque, sauvez des vies ! - ONE.org France","description":"Du 7 au 14 ao\u00fbt, ONE participe \u00e0 l'initiative #WorldMaskWeek pour sensibiliser le plus grand nombre de personnes au port du masque.","robots":{"index":"index","follow":"follow","max-snippet":"max-snippet:-1","max-image-preview":"max-image-preview:large","max-video-preview":"max-video-preview:-1"},"canonical":"https:\/\/www.one.org\/fr\/actualites\/world-mask-week\/","og_locale":"fr_FR","og_type":"article","og_title":"#WorldMaskWeek : Portez un masque, sauvez des vies !","og_description":"Du 7 au 14 ao\u00fbt, ONE participe \u00e0 l&#039;initiative #WorldMaskWeek pour sensibiliser le plus grand nombre de personnes au port du masque.","og_url":"https:\/\/www.one.org\/fr\/actualites\/world-mask-week\/","og_site_name":"ONE.org France","article_publisher":"https:\/\/www.facebook.com\/ONE.Fr","article_published_time":"2020-08-07T08:10:53+00:00","article_modified_time":"2023-09-11T22:04:23+00:00","og_image":[{"url":"https:\/\/cdn.one.org\/fr\/wp-content\/uploads\/2020\/08\/06134217\/WMW_2020_social_1200x628.png","type":"","width":"","height":""}],"author":"Dana Khalil","twitter_card":"summary_large_image","twitter_title":"#WorldMaskWeek : Portez un masque, sauvez des vies !","twitter_creator":"@one_fr","twitter_site":"@one_fr","twitter_misc":{"Written by":"Dana Khalil","Est. reading time":"3 minutes"},"schema":{"@context":"https:\/\/schema.org","@graph":[{"@type":"Article","@id":"https:\/\/www.one.org\/fr\/actualites\/world-mask-week\/#article","isPartOf":{"@id":"https:\/\/www.one.org\/fr\/actualites\/world-mask-week\/"},"author":{"name":"Dana Khalil","@id":"https:\/\/www.one.org\/fr\/#\/schema\/person\/cf1f30f9800f0592ec3d61940be82003"},"headline":"#WorldMaskWeek : Portez un masque, sauvez des vies !","datePublished":"2020-08-07T08:10:53+00:00","dateModified":"2023-09-11T22:04:23+00:00","mainEntityOfPage":{"@id":"https:\/\/www.one.org\/fr\/actualites\/world-mask-week\/"},"wordCount":617,"commentCount":0,"image":{"@id":"https:\/\/www.one.org\/fr\/actualites\/world-mask-week\/#primaryimage"},"thumbnailUrl":"https:\/\/www.one.org\/fr\/wp-content\/uploads\/sites\/4\/2020\/08\/WMW_2020_featured_1200x1200.png","articleSection":["ONE"],"inLanguage":"fr-FR","potentialAction":[{"@type":"CommentAction","name":"Comment","target":["https:\/\/www.one.org\/fr\/actualites\/world-mask-week\/#respond"]}]},{"@type":"WebPage","@id":"https:\/\/www.one.org\/fr\/actualites\/world-mask-week\/","url":"https:\/\/www.one.org\/fr\/actualites\/world-mask-week\/","name":"#WorldMaskWeek : Portez un masque, sauvez des vies ! - ONE.org France","isPartOf":{"@id":"https:\/\/www.one.org\/fr\/#website"},"primaryImageOfPage":{"@id":"https:\/\/www.one.org\/fr\/actualites\/world-mask-week\/#primaryimage"},"image":{"@id":"https:\/\/www.one.org\/fr\/actualites\/world-mask-week\/#primaryimage"},"thumbnailUrl":"https:\/\/www.one.org\/fr\/wp-content\/uploads\/sites\/4\/2020\/08\/WMW_2020_featured_1200x1200.png","datePublished":"2020-08-07T08:10:53+00:00","dateModified":"2023-09-11T22:04:23+00:00","author":{"@id":"https:\/\/www.one.org\/fr\/#\/schema\/person\/cf1f30f9800f0592ec3d61940be82003"},"description":"Du 7 au 14 ao\u00fbt, ONE participe \u00e0 l'initiative #WorldMaskWeek pour sensibiliser le plus grand nombre de personnes au port du masque.","breadcrumb":{"@id":"https:\/\/www.one.org\/fr\/actualites\/world-mask-week\/#breadcrumb"},"inLanguage":"fr-FR","potentialAction":[{"@type":"ReadAction","target":["https:\/\/www.one.org\/fr\/actualites\/world-mask-week\/"]}]},{"@type":"ImageObject","inLanguage":"fr-FR","@id":"https:\/\/www.one.org\/fr\/actualites\/world-mask-week\/#primaryimage","url":"https:\/\/www.one.org\/fr\/wp-content\/uploads\/sites\/4\/2020\/08\/WMW_2020_featured_1200x1200.png","contentUrl":"https:\/\/www.one.org\/fr\/wp-content\/uploads\/sites\/4\/2020\/08\/WMW_2020_featured_1200x1200.png","width":1200,"height":1200},{"@type":"BreadcrumbList","@id":"https:\/\/www.one.org\/fr\/actualites\/world-mask-week\/#breadcrumb","itemListElement":[{"@type":"ListItem","position":1,"name":"Home","item":"https:\/\/www.one.org\/fr\/"},{"@type":"ListItem","position":2,"name":"#WorldMaskWeek : Portez un masque, sauvez des vies !"}]},{"@type":"WebSite","@id":"https:\/\/www.one.org\/fr\/#website","url":"https:\/\/www.one.org\/fr\/","name":"ONE.org","description":"Cr\u00e9er des opportunit\u00e9s \u00e9conomiques et am\u00e9liorer la sant\u00e9 en Afrique","potentialAction":[{"@type":"SearchAction","target":{"@type":"EntryPoint","urlTemplate":"https:\/\/www.one.org\/fr\/?s={search_term_string}"},"query-input":{"@type":"PropertyValueSpecification","valueRequired":true,"valueName":"search_term_string"}}],"inLanguage":"fr-FR"},{"@type":"Person","@id":"https:\/\/www.one.org\/fr\/#\/schema\/person\/cf1f30f9800f0592ec3d61940be82003","name":"Dana Khalil","image":{"@type":"ImageObject","inLanguage":"fr-FR","@id":"https:\/\/www.one.org\/fr\/#\/schema\/person\/image\/","url":"https:\/\/secure.gravatar.com\/avatar\/b0da536f00ccefadcc7aae4e64855977a5249adb1ac04162a69474e53a8d4c40?s=96&d=mm&r=g","contentUrl":"https:\/\/secure.gravatar.com\/avatar\/b0da536f00ccefadcc7aae4e64855977a5249adb1ac04162a69474e53a8d4c40?s=96&d=mm&r=g","caption":"Dana Khalil"},"url":"https:\/\/www.one.org\/fr\/actualites\/author\/danakhalil\/"}]}},"distributor_meta":false,"distributor_terms":false,"distributor_media":false,"distributor_original_site_name":"ONE.org France","distributor_original_site_url":"https:\/\/www.one.org\/fr","push-errors":false,"_links":{"self":[{"href":"https:\/\/www.one.org\/fr\/wp-json\/wp\/v2\/posts\/162433","targetHints":{"allow":["GET"]}}],"collection":[{"href":"https:\/\/www.one.org\/fr\/wp-json\/wp\/v2\/posts"}],"about":[{"href":"https:\/\/www.one.org\/fr\/wp-json\/wp\/v2\/types\/post"}],"author":[{"embeddable":true,"href":"https:\/\/www.one.org\/fr\/wp-json\/wp\/v2\/users\/24"}],"replies":[{"embeddable":true,"href":"https:\/\/www.one.org\/fr\/wp-json\/wp\/v2\/comments?post=162433"}],"version-history":[{"count":0,"href":"https:\/\/www.one.org\/fr\/wp-json\/wp\/v2\/posts\/162433\/revisions"}],"wp:featuredmedia":[{"embeddable":true,"href":"https:\/\/www.one.org\/fr\/wp-json\/wp\/v2\/media\/163209"}],"wp:attachment":[{"href":"https:\/\/www.one.org\/fr\/wp-json\/wp\/v2\/media?parent=162433"}],"wp:term":[{"taxonomy":"category","embeddable":true,"href":"https:\/\/www.one.org\/fr\/wp-json\/wp\/v2\/categories?post=162433"},{"taxonomy":"post_tag","embeddable":true,"href":"https:\/\/www.one.org\/fr\/wp-json\/wp\/v2\/tags?post=162433"},{"taxonomy":"topic","embeddable":true,"href":"https:\/\/www.one.org\/fr\/wp-json\/wp\/v2\/topic?post=162433"},{"taxonomy":"contributor","embeddable":true,"href":"https:\/\/www.one.org\/fr\/wp-json\/wp\/v2\/contributor?post=162433"},{"taxonomy":"one_content_audience","embeddable":true,"href":"https:\/\/www.one.org\/fr\/wp-json\/wp\/v2\/one_content_audience?post=162433"},{"taxonomy":"one_content_type","embeddable":true,"href":"https:\/\/www.one.org\/fr\/wp-json\/wp\/v2\/one_content_type?post=162433"},{"taxonomy":"one_content_tone","embeddable":true,"href":"https:\/\/www.one.org\/fr\/wp-json\/wp\/v2\/one_content_tone?post=162433"}],"curies":[{"name":"wp","href":"https:\/\/api.w.org\/{rel}","templated":true}]}}