{"id":162430,"date":"2020-06-30T10:49:14","date_gmt":"2020-06-30T10:49:14","guid":{"rendered":"https:\/\/www.one.org\/fr\/manifeste-de-one-pour-un-monde-plus-juste-et-egalitaire\/"},"modified":"2023-09-11T22:11:42","modified_gmt":"2023-09-11T22:11:42","slug":"manifeste-de-one-monde-de-demain","status":"publish","type":"post","link":"https:\/\/www.one.org\/fr\/actualites\/manifeste-de-one-monde-de-demain\/","title":{"rendered":"Manifeste de ONE pour un monde plus juste et \u00e9galitaire"},"content":{"rendered":"<h2 style=\"text-align: center\"><strong>&laquo; Dans le monde de demain, ONE n&rsquo;existe plus &raquo;<\/strong><\/h2>\n<p>Nous ne sommes pas encore d&eacute;barrass&eacute;s de la pand&eacute;mie du COVID-19, mais l&rsquo;heure est d&eacute;j&agrave; venue de penser &agrave; la construction du &laquo; monde d&rsquo;apr&egrave;s &raquo;. Beaucoup se sont d&eacute;j&agrave; pench&eacute;s sur la question, notamment sur l&rsquo;avenir et les enjeux nationaux de la France. Mais cette pand&eacute;mie nous a plus que jamais rappel&eacute; nos interd&eacute;pendances et le lien &eacute;troit entre le destin de la France et celui des autres pays.&nbsp; Parce que nous estimons que la politique internationale m&eacute;rite tout autant d&rsquo;&ecirc;tre repens&eacute;e en profondeur, ONE se pr&ecirc;te &agrave; l&rsquo;exercice de la projection optimiste pour apporter sa pierre &agrave; l&rsquo;&eacute;difice et partager sa vision du monde de demain.<\/p>\n<p><strong>Dans ce monde de demain, ONE n&rsquo;existe plus.<\/strong> Nos combats ont &eacute;t&eacute; entendus non seulement aupr&egrave;s des gouvernements et des leaders politiques, mais aussi par les institutions publiques et les acteurs du secteur priv&eacute;. Les solutions que nous portions ont &eacute;t&eacute; mises en &oelig;uvre. Les valeurs de solidarit&eacute; et de justice sociale que nous d&eacute;fendions sont port&eacute;es et incarn&eacute;es dans les d&eacute;cisions politiques. Nos combats sont devenus obsol&egrave;tes.<\/p>\n<p><strong><a href=\"https:\/\/s3.amazonaws.com\/one.org\/pdfs\/Manifeste-ONE-VF.pdf\">Cliquez ici pour parcourir notre Manifeste<\/a> et savoir comment nous y sommes arriv&eacute;s :<\/strong><\/p>\n<ol>\n<li>La solidarit&eacute; internationale et l&rsquo;aide au d&eacute;veloppement sont enfin &agrave; la hauteur des enjeux<\/li>\n<li>Le vaccin contre le COVID-19 est un bien public mondial<\/li>\n<li>L&rsquo;&eacute;galit&eacute; femmes-hommes est enfin une r&eacute;alit&eacute;<\/li>\n<li>L&rsquo;adaptation au changement climatique est d&eacute;sormais au c&oelig;ur de notre action internationale<\/li>\n<li>De nouvelles normes de transparence financi&egrave;re ont donn&eacute; un nouveau souffle au contr&ocirc;le citoyen et &agrave; la lutte contre les flux financiers illicites<\/li>\n<li>La justice fiscale est devenue un outil incontournable pour r&eacute;duire les in&eacute;galit&eacute;s<\/li>\n<\/ol>\n<blockquote class=\"twitter-tweet\" data-width=\"550\" data-dnt=\"true\">\n<p lang=\"fr\" dir=\"ltr\">Dans le monde de demain, nous n&rsquo;existons plus. Nos demandes ont &eacute;t&eacute; entendues et nos combats sont devenus obsol&egrave;tes. Parcourez notre manifeste pour d&eacute;couvrir comment nous pouvons arriver &agrave; un monde plus juste et &eacute;galitaire   : <a href=\"https:\/\/t.co\/w1vcjBphoK\">https:\/\/t.co\/w1vcjBphoK<\/a> <a href=\"https:\/\/t.co\/vrDRlKdIov\">pic.twitter.com\/vrDRlKdIov<\/a><\/p>\n<p>&mdash; ONE France (@ONE_Fr) <a href=\"https:\/\/twitter.com\/ONE_Fr\/status\/1277942460954574850?ref_src=twsrc%5Etfw\">June 30, 2020<\/a><\/p>\n<\/blockquote>\n<h3 style=\"text-align: center\"><strong>Bienvenue dans le monde de demain tel qu&rsquo;imagin&eacute; par ONE&nbsp;!<\/strong><\/h3>\n<div class=\"buffer\"><\/div>","protected":false},"excerpt":{"rendered":"<p>&laquo; Dans le monde de demain, ONE n&rsquo;existe plus &raquo; Nous ne sommes pas encore d&eacute;barrass&eacute;s de la pand&eacute;mie du COVID-19, mais l&rsquo;heure est d&eacute;j&agrave; venue de penser &agrave; la construction du &laquo; monde d&rsquo;apr&egrave;s &raquo;. Beaucoup se sont d&eacute;j&agrave; pench&eacute;s sur la question, notamment sur l&rsquo;avenir et les enjeux nationaux de la France. Mais [&hellip;]<\/p>\n","protected":false},"author":24,"featured_media":163215,"comment_status":"open","ping_status":"open","sticky":false,"template":"","format":"standard","meta":{"_acf_changed":false,"_relevanssi_hide_post":"","_relevanssi_hide_content":"","_relevanssi_pin_for_all":"","_relevanssi_pin_keywords":"","_relevanssi_unpin_keywords":"","_relevanssi_related_keywords":"","_relevanssi_related_include_ids":"","_relevanssi_related_exclude_ids":"","_relevanssi_related_no_append":"","_relevanssi_related_not_related":"","_relevanssi_related_posts":"","_relevanssi_noindex_reason":"","footnotes":""},"categories":[34],"tags":[],"topic":[],"contributor":[59],"one_content_audience":[],"one_content_type":[],"one_content_tone":[],"class_list":["post-162430","post","type-post","status-publish","format-standard","has-post-thumbnail","hentry","category-one","contributor-mathilde-casper"],"acf":[],"yoast_head":"<!-- This site is optimized with the Yoast SEO Premium plugin v27.1 (Yoast SEO v27.1.1) - https:\/\/yoast.com\/product\/yoast-seo-premium-wordpress\/ -->\n<title>Manifeste de ONE pour un monde plus juste et \u00e9galitaire - ONE.org France<\/title>\n<meta name=\"description\" content=\"La politique internationale m\u00e9rite d\u2019\u00eatre repens\u00e9e en profondeur suite au COVID-19. D\u00e9couvrez notre vision du monde de demain, plus juste et \u00e9galitaire.\" \/>\n<meta name=\"robots\" content=\"index, follow, max-snippet:-1, max-image-preview:large, max-video-preview:-1\" \/>\n<link rel=\"canonical\" href=\"https:\/\/www.one.org\/fr\/actualites\/manifeste-de-one-monde-de-demain\/\" \/>\n<meta property=\"og:locale\" content=\"fr_FR\" \/>\n<meta property=\"og:type\" content=\"article\" \/>\n<meta property=\"og:title\" content=\"Manifeste de ONE pour un monde plus juste et \u00e9galitaire\" \/>\n<meta property=\"og:description\" content=\"La politique internationale m\u00e9rite d\u2019\u00eatre repens\u00e9e en profondeur suite au COVID-19. D\u00e9couvrez notre vision du monde de demain, plus juste et \u00e9galitaire.\" \/>\n<meta property=\"og:url\" content=\"https:\/\/www.one.org\/fr\/actualites\/manifeste-de-one-monde-de-demain\/\" \/>\n<meta property=\"og:site_name\" content=\"ONE.org France\" \/>\n<meta property=\"article:publisher\" content=\"https:\/\/www.facebook.com\/ONE.Fr\" \/>\n<meta property=\"article:published_time\" content=\"2020-06-30T10:49:14+00:00\" \/>\n<meta property=\"article:modified_time\" content=\"2023-09-11T22:11:42+00:00\" \/>\n<meta property=\"og:image\" content=\"https:\/\/cdn.one.org\/fr\/wp-content\/uploads\/2020\/06\/24144656\/Manifeste-social.png\" \/>\n<meta name=\"author\" content=\"Dana Khalil\" \/>\n<meta name=\"twitter:card\" content=\"summary_large_image\" \/>\n<meta name=\"twitter:title\" content=\"Manifeste de ONE pour un monde plus juste et \u00e9galitaire\" \/>\n<meta name=\"twitter:creator\" content=\"@one_fr\" \/>\n<meta name=\"twitter:site\" content=\"@one_fr\" \/>\n<meta name=\"twitter:label1\" content=\"Written by\" \/>\n\t<meta name=\"twitter:data1\" content=\"Dana Khalil\" \/>\n\t<meta name=\"twitter:label2\" content=\"Est. reading time\" \/>\n\t<meta name=\"twitter:data2\" content=\"2 minutes\" \/>\n<script type=\"application\/ld+json\" class=\"yoast-schema-graph\">{\"@context\":\"https:\/\/schema.org\",\"@graph\":[{\"@type\":\"Article\",\"@id\":\"https:\/\/www.one.org\/fr\/actualites\/manifeste-de-one-monde-de-demain\/#article\",\"isPartOf\":{\"@id\":\"https:\/\/www.one.org\/fr\/actualites\/manifeste-de-one-monde-de-demain\/\"},\"author\":{\"name\":\"Dana Khalil\",\"@id\":\"https:\/\/www.one.org\/fr\/#\/schema\/person\/cf1f30f9800f0592ec3d61940be82003\"},\"headline\":\"Manifeste de ONE pour un monde plus juste et \u00e9galitaire\",\"datePublished\":\"2020-06-30T10:49:14+00:00\",\"dateModified\":\"2023-09-11T22:11:42+00:00\",\"mainEntityOfPage\":{\"@id\":\"https:\/\/www.one.org\/fr\/actualites\/manifeste-de-one-monde-de-demain\/\"},\"wordCount\":456,\"commentCount\":0,\"image\":{\"@id\":\"https:\/\/www.one.org\/fr\/actualites\/manifeste-de-one-monde-de-demain\/#primaryimage\"},\"thumbnailUrl\":\"https:\/\/www.one.org\/fr\/wp-content\/uploads\/sites\/4\/2020\/06\/Manifeste-square.png\",\"articleSection\":[\"ONE\"],\"inLanguage\":\"fr-FR\",\"potentialAction\":[{\"@type\":\"CommentAction\",\"name\":\"Comment\",\"target\":[\"https:\/\/www.one.org\/fr\/actualites\/manifeste-de-one-monde-de-demain\/#respond\"]}]},{\"@type\":\"WebPage\",\"@id\":\"https:\/\/www.one.org\/fr\/actualites\/manifeste-de-one-monde-de-demain\/\",\"url\":\"https:\/\/www.one.org\/fr\/actualites\/manifeste-de-one-monde-de-demain\/\",\"name\":\"Manifeste de ONE pour un monde plus juste et \u00e9galitaire - ONE.org France\",\"isPartOf\":{\"@id\":\"https:\/\/www.one.org\/fr\/#website\"},\"primaryImageOfPage\":{\"@id\":\"https:\/\/www.one.org\/fr\/actualites\/manifeste-de-one-monde-de-demain\/#primaryimage\"},\"image\":{\"@id\":\"https:\/\/www.one.org\/fr\/actualites\/manifeste-de-one-monde-de-demain\/#primaryimage\"},\"thumbnailUrl\":\"https:\/\/www.one.org\/fr\/wp-content\/uploads\/sites\/4\/2020\/06\/Manifeste-square.png\",\"datePublished\":\"2020-06-30T10:49:14+00:00\",\"dateModified\":\"2023-09-11T22:11:42+00:00\",\"author\":{\"@id\":\"https:\/\/www.one.org\/fr\/#\/schema\/person\/cf1f30f9800f0592ec3d61940be82003\"},\"description\":\"La politique internationale m\u00e9rite d\u2019\u00eatre repens\u00e9e en profondeur suite au COVID-19. D\u00e9couvrez notre vision du monde de demain, plus juste et \u00e9galitaire.\",\"breadcrumb\":{\"@id\":\"https:\/\/www.one.org\/fr\/actualites\/manifeste-de-one-monde-de-demain\/#breadcrumb\"},\"inLanguage\":\"fr-FR\",\"potentialAction\":[{\"@type\":\"ReadAction\",\"target\":[\"https:\/\/www.one.org\/fr\/actualites\/manifeste-de-one-monde-de-demain\/\"]}]},{\"@type\":\"ImageObject\",\"inLanguage\":\"fr-FR\",\"@id\":\"https:\/\/www.one.org\/fr\/actualites\/manifeste-de-one-monde-de-demain\/#primaryimage\",\"url\":\"https:\/\/www.one.org\/fr\/wp-content\/uploads\/sites\/4\/2020\/06\/Manifeste-square.png\",\"contentUrl\":\"https:\/\/www.one.org\/fr\/wp-content\/uploads\/sites\/4\/2020\/06\/Manifeste-square.png\",\"width\":382,\"height\":383},{\"@type\":\"BreadcrumbList\",\"@id\":\"https:\/\/www.one.org\/fr\/actualites\/manifeste-de-one-monde-de-demain\/#breadcrumb\",\"itemListElement\":[{\"@type\":\"ListItem\",\"position\":1,\"name\":\"Home\",\"item\":\"https:\/\/www.one.org\/fr\/\"},{\"@type\":\"ListItem\",\"position\":2,\"name\":\"Manifeste de ONE pour un monde plus juste et \u00e9galitaire\"}]},{\"@type\":\"WebSite\",\"@id\":\"https:\/\/www.one.org\/fr\/#website\",\"url\":\"https:\/\/www.one.org\/fr\/\",\"name\":\"ONE.org\",\"description\":\"Cr\u00e9er des opportunit\u00e9s \u00e9conomiques et am\u00e9liorer la sant\u00e9 en Afrique\",\"potentialAction\":[{\"@type\":\"SearchAction\",\"target\":{\"@type\":\"EntryPoint\",\"urlTemplate\":\"https:\/\/www.one.org\/fr\/?s={search_term_string}\"},\"query-input\":{\"@type\":\"PropertyValueSpecification\",\"valueRequired\":true,\"valueName\":\"search_term_string\"}}],\"inLanguage\":\"fr-FR\"},{\"@type\":\"Person\",\"@id\":\"https:\/\/www.one.org\/fr\/#\/schema\/person\/cf1f30f9800f0592ec3d61940be82003\",\"name\":\"Dana Khalil\",\"image\":{\"@type\":\"ImageObject\",\"inLanguage\":\"fr-FR\",\"@id\":\"https:\/\/www.one.org\/fr\/#\/schema\/person\/image\/\",\"url\":\"https:\/\/secure.gravatar.com\/avatar\/b0da536f00ccefadcc7aae4e64855977a5249adb1ac04162a69474e53a8d4c40?s=96&d=mm&r=g\",\"contentUrl\":\"https:\/\/secure.gravatar.com\/avatar\/b0da536f00ccefadcc7aae4e64855977a5249adb1ac04162a69474e53a8d4c40?s=96&d=mm&r=g\",\"caption\":\"Dana Khalil\"},\"url\":\"https:\/\/www.one.org\/fr\/actualites\/author\/danakhalil\/\"}]}<\/script>\n<!-- \/ Yoast SEO Premium plugin. -->","yoast_head_json":{"title":"Manifeste de ONE pour un monde plus juste et \u00e9galitaire - ONE.org France","description":"La politique internationale m\u00e9rite d\u2019\u00eatre repens\u00e9e en profondeur suite au COVID-19. D\u00e9couvrez notre vision du monde de demain, plus juste et \u00e9galitaire.","robots":{"index":"index","follow":"follow","max-snippet":"max-snippet:-1","max-image-preview":"max-image-preview:large","max-video-preview":"max-video-preview:-1"},"canonical":"https:\/\/www.one.org\/fr\/actualites\/manifeste-de-one-monde-de-demain\/","og_locale":"fr_FR","og_type":"article","og_title":"Manifeste de ONE pour un monde plus juste et \u00e9galitaire","og_description":"La politique internationale m\u00e9rite d\u2019\u00eatre repens\u00e9e en profondeur suite au COVID-19. D\u00e9couvrez notre vision du monde de demain, plus juste et \u00e9galitaire.","og_url":"https:\/\/www.one.org\/fr\/actualites\/manifeste-de-one-monde-de-demain\/","og_site_name":"ONE.org France","article_publisher":"https:\/\/www.facebook.com\/ONE.Fr","article_published_time":"2020-06-30T10:49:14+00:00","article_modified_time":"2023-09-11T22:11:42+00:00","og_image":[{"url":"https:\/\/cdn.one.org\/fr\/wp-content\/uploads\/2020\/06\/24144656\/Manifeste-social.png","type":"","width":"","height":""}],"author":"Dana Khalil","twitter_card":"summary_large_image","twitter_title":"Manifeste de ONE pour un monde plus juste et \u00e9galitaire","twitter_creator":"@one_fr","twitter_site":"@one_fr","twitter_misc":{"Written by":"Dana Khalil","Est. reading time":"2 minutes"},"schema":{"@context":"https:\/\/schema.org","@graph":[{"@type":"Article","@id":"https:\/\/www.one.org\/fr\/actualites\/manifeste-de-one-monde-de-demain\/#article","isPartOf":{"@id":"https:\/\/www.one.org\/fr\/actualites\/manifeste-de-one-monde-de-demain\/"},"author":{"name":"Dana Khalil","@id":"https:\/\/www.one.org\/fr\/#\/schema\/person\/cf1f30f9800f0592ec3d61940be82003"},"headline":"Manifeste de ONE pour un monde plus juste et \u00e9galitaire","datePublished":"2020-06-30T10:49:14+00:00","dateModified":"2023-09-11T22:11:42+00:00","mainEntityOfPage":{"@id":"https:\/\/www.one.org\/fr\/actualites\/manifeste-de-one-monde-de-demain\/"},"wordCount":456,"commentCount":0,"image":{"@id":"https:\/\/www.one.org\/fr\/actualites\/manifeste-de-one-monde-de-demain\/#primaryimage"},"thumbnailUrl":"https:\/\/www.one.org\/fr\/wp-content\/uploads\/sites\/4\/2020\/06\/Manifeste-square.png","articleSection":["ONE"],"inLanguage":"fr-FR","potentialAction":[{"@type":"CommentAction","name":"Comment","target":["https:\/\/www.one.org\/fr\/actualites\/manifeste-de-one-monde-de-demain\/#respond"]}]},{"@type":"WebPage","@id":"https:\/\/www.one.org\/fr\/actualites\/manifeste-de-one-monde-de-demain\/","url":"https:\/\/www.one.org\/fr\/actualites\/manifeste-de-one-monde-de-demain\/","name":"Manifeste de ONE pour un monde plus juste et \u00e9galitaire - ONE.org France","isPartOf":{"@id":"https:\/\/www.one.org\/fr\/#website"},"primaryImageOfPage":{"@id":"https:\/\/www.one.org\/fr\/actualites\/manifeste-de-one-monde-de-demain\/#primaryimage"},"image":{"@id":"https:\/\/www.one.org\/fr\/actualites\/manifeste-de-one-monde-de-demain\/#primaryimage"},"thumbnailUrl":"https:\/\/www.one.org\/fr\/wp-content\/uploads\/sites\/4\/2020\/06\/Manifeste-square.png","datePublished":"2020-06-30T10:49:14+00:00","dateModified":"2023-09-11T22:11:42+00:00","author":{"@id":"https:\/\/www.one.org\/fr\/#\/schema\/person\/cf1f30f9800f0592ec3d61940be82003"},"description":"La politique internationale m\u00e9rite d\u2019\u00eatre repens\u00e9e en profondeur suite au COVID-19. D\u00e9couvrez notre vision du monde de demain, plus juste et \u00e9galitaire.","breadcrumb":{"@id":"https:\/\/www.one.org\/fr\/actualites\/manifeste-de-one-monde-de-demain\/#breadcrumb"},"inLanguage":"fr-FR","potentialAction":[{"@type":"ReadAction","target":["https:\/\/www.one.org\/fr\/actualites\/manifeste-de-one-monde-de-demain\/"]}]},{"@type":"ImageObject","inLanguage":"fr-FR","@id":"https:\/\/www.one.org\/fr\/actualites\/manifeste-de-one-monde-de-demain\/#primaryimage","url":"https:\/\/www.one.org\/fr\/wp-content\/uploads\/sites\/4\/2020\/06\/Manifeste-square.png","contentUrl":"https:\/\/www.one.org\/fr\/wp-content\/uploads\/sites\/4\/2020\/06\/Manifeste-square.png","width":382,"height":383},{"@type":"BreadcrumbList","@id":"https:\/\/www.one.org\/fr\/actualites\/manifeste-de-one-monde-de-demain\/#breadcrumb","itemListElement":[{"@type":"ListItem","position":1,"name":"Home","item":"https:\/\/www.one.org\/fr\/"},{"@type":"ListItem","position":2,"name":"Manifeste de ONE pour un monde plus juste et \u00e9galitaire"}]},{"@type":"WebSite","@id":"https:\/\/www.one.org\/fr\/#website","url":"https:\/\/www.one.org\/fr\/","name":"ONE.org","description":"Cr\u00e9er des opportunit\u00e9s \u00e9conomiques et am\u00e9liorer la sant\u00e9 en Afrique","potentialAction":[{"@type":"SearchAction","target":{"@type":"EntryPoint","urlTemplate":"https:\/\/www.one.org\/fr\/?s={search_term_string}"},"query-input":{"@type":"PropertyValueSpecification","valueRequired":true,"valueName":"search_term_string"}}],"inLanguage":"fr-FR"},{"@type":"Person","@id":"https:\/\/www.one.org\/fr\/#\/schema\/person\/cf1f30f9800f0592ec3d61940be82003","name":"Dana Khalil","image":{"@type":"ImageObject","inLanguage":"fr-FR","@id":"https:\/\/www.one.org\/fr\/#\/schema\/person\/image\/","url":"https:\/\/secure.gravatar.com\/avatar\/b0da536f00ccefadcc7aae4e64855977a5249adb1ac04162a69474e53a8d4c40?s=96&d=mm&r=g","contentUrl":"https:\/\/secure.gravatar.com\/avatar\/b0da536f00ccefadcc7aae4e64855977a5249adb1ac04162a69474e53a8d4c40?s=96&d=mm&r=g","caption":"Dana Khalil"},"url":"https:\/\/www.one.org\/fr\/actualites\/author\/danakhalil\/"}]}},"distributor_meta":false,"distributor_terms":false,"distributor_media":false,"distributor_original_site_name":"ONE.org France","distributor_original_site_url":"https:\/\/www.one.org\/fr","push-errors":false,"_links":{"self":[{"href":"https:\/\/www.one.org\/fr\/wp-json\/wp\/v2\/posts\/162430","targetHints":{"allow":["GET"]}}],"collection":[{"href":"https:\/\/www.one.org\/fr\/wp-json\/wp\/v2\/posts"}],"about":[{"href":"https:\/\/www.one.org\/fr\/wp-json\/wp\/v2\/types\/post"}],"author":[{"embeddable":true,"href":"https:\/\/www.one.org\/fr\/wp-json\/wp\/v2\/users\/24"}],"replies":[{"embeddable":true,"href":"https:\/\/www.one.org\/fr\/wp-json\/wp\/v2\/comments?post=162430"}],"version-history":[{"count":0,"href":"https:\/\/www.one.org\/fr\/wp-json\/wp\/v2\/posts\/162430\/revisions"}],"wp:featuredmedia":[{"embeddable":true,"href":"https:\/\/www.one.org\/fr\/wp-json\/wp\/v2\/media\/163215"}],"wp:attachment":[{"href":"https:\/\/www.one.org\/fr\/wp-json\/wp\/v2\/media?parent=162430"}],"wp:term":[{"taxonomy":"category","embeddable":true,"href":"https:\/\/www.one.org\/fr\/wp-json\/wp\/v2\/categories?post=162430"},{"taxonomy":"post_tag","embeddable":true,"href":"https:\/\/www.one.org\/fr\/wp-json\/wp\/v2\/tags?post=162430"},{"taxonomy":"topic","embeddable":true,"href":"https:\/\/www.one.org\/fr\/wp-json\/wp\/v2\/topic?post=162430"},{"taxonomy":"contributor","embeddable":true,"href":"https:\/\/www.one.org\/fr\/wp-json\/wp\/v2\/contributor?post=162430"},{"taxonomy":"one_content_audience","embeddable":true,"href":"https:\/\/www.one.org\/fr\/wp-json\/wp\/v2\/one_content_audience?post=162430"},{"taxonomy":"one_content_type","embeddable":true,"href":"https:\/\/www.one.org\/fr\/wp-json\/wp\/v2\/one_content_type?post=162430"},{"taxonomy":"one_content_tone","embeddable":true,"href":"https:\/\/www.one.org\/fr\/wp-json\/wp\/v2\/one_content_tone?post=162430"}],"curies":[{"name":"wp","href":"https:\/\/api.w.org\/{rel}","templated":true}]}}